{"id":110218,"date":"2018-01-10T13:33:02","date_gmt":"2018-01-10T12:33:02","guid":{"rendered":"http:\/\/www.24gliwice.pl\/wiadomosci\/?p=110218"},"modified":"2018-01-10T13:33:02","modified_gmt":"2018-01-10T12:33:02","slug":"w-gliwickim-porcie-bedzie-ruch-plany-na-ten-rok-to-250-tys-ton-wegla-wzrost-o-100","status":"publish","type":"post","link":"https:\/\/www.24gliwice.pl\/wiadomosci\/w-gliwickim-porcie-bedzie-ruch-plany-na-ten-rok-to-250-tys-ton-wegla-wzrost-o-100\/","title":{"rendered":"W gliwickim porcie b\u0119dzie ruch. Plany na ten rok to 250 tys. ton w\u0119gla, wzrost o 100%!"},"content":{"rendered":"<div class=\"gliwi-a6-nad-leadem-artykulow gliwi-entity-placement\" id=\"gliwi-199585143\"><div class=\"gliwi-adlabel\"><span style=\"font-size: 9px\">REKLAMA<\/span><\/div><div id=\"gliwi-3582630947\" style=\"margin-bottom: 25px;margin-left: auto;margin-right: auto;text-align: center;\"><a data-no-instant=\"1\" href=\"https:\/\/dom100.eu\/\" rel=\"noopener\" class=\"a2t-link\" target=\"_blank\" aria-label=\"20260415 DOM100 D\"><img loading=\"lazy\" decoding=\"async\" src=\"https:\/\/www.24gliwice.pl\/wiadomosci\/wp-content\/uploads\/2026\/04\/20260415-DOM100-D.jpg\" alt=\"\"  srcset=\"https:\/\/www.24gliwice.pl\/wiadomosci\/wp-content\/uploads\/2026\/04\/20260415-DOM100-D.jpg 750w, https:\/\/www.24gliwice.pl\/wiadomosci\/wp-content\/uploads\/2026\/04\/20260415-DOM100-D-410x109.jpg 410w\" sizes=\"(max-width: 750px) 100vw, 750px\" class=\"no-lazyload\" width=\"750\" height=\"200\"  style=\"display: inline-block; max-width: 100%; height: auto;\" \/><\/a><\/div><\/div><h3>Transport drog\u0105 wodn\u0105 z portu na Kanale Gliwickim do Wroc\u0142awia zosta\u0142 wznowiony w <a href=\"http:\/\/www.24gliwice.pl\/wiadomosci\/w-piatek-ruszyl-testowy-tranzyt-opalu-po-kanale-gliwickim-do-wroclawia-doplynie-w-sobote\/\">lipcu ubieg\u0142ego roku<\/a>. Od tego czasu prze\u0142adowano tam 126,9 tys. ton mia\u0142u w\u0119glowego z kopalni So\u015bnica dla wroc\u0142awskiej elektrociep\u0142owni.<\/h3>\n<p>Dzi\u0119ki wsp\u00f3\u0142pracy \u015al\u0105skiego Centrum Logistyki S.A i OT Logistics, z portu do Wroc\u0142awia od lipca do ko\u0144ca roku wyp\u0142yn\u0119\u0142y a\u017c 293 barki, ka\u017cda o \u0142adowno\u015bci 500 ton.<\/p>\n<p>Do portu OT Logistics dowi\u00f3z\u0142 63 poci\u0105gi z 2434 wagonami kub\u0142owymi typu FAS, kt\u00f3rych roz\u0142adunek dokonywany jest poprzez przeniesienie kub\u0142a \u017curawiem portowym nad bark\u0119 i rozchylenie obu jego cz\u0119\u015bci.<\/p><div class=\"gliwi-a3-w-tresci-artykulow gliwi-entity-placement\" id=\"gliwi-640759960\"><div class=\"gliwi-adlabel\"><span style=\"font-size: 9px\">REKLAMA<\/span><\/div><div id=\"gliwi-1699297169\" style=\"margin-bottom: 30px;margin-left: auto;margin-right: auto;text-align: center;\"><a data-no-instant=\"1\" href=\"https:\/\/ogrodyandersa.pl\/\" rel=\"noopener\" class=\"a2t-link\" target=\"_blank\" aria-label=\"20260415 Ogrody Andersa KUP TERAZ D\"><img loading=\"lazy\" decoding=\"async\" src=\"https:\/\/www.24gliwice.pl\/wiadomosci\/wp-content\/uploads\/2026\/04\/20260415-Ogrody-Andersa-KUP-TERAZ-D.jpg\" alt=\"\"  srcset=\"https:\/\/www.24gliwice.pl\/wiadomosci\/wp-content\/uploads\/2026\/04\/20260415-Ogrody-Andersa-KUP-TERAZ-D.jpg 750w, https:\/\/www.24gliwice.pl\/wiadomosci\/wp-content\/uploads\/2026\/04\/20260415-Ogrody-Andersa-KUP-TERAZ-D-410x109.jpg 410w\" sizes=\"(max-width: 750px) 100vw, 750px\" class=\"no-lazyload\" width=\"750\" height=\"200\"  style=\"display: inline-block; max-width: 100%; height: auto;\" \/><\/a><\/div><\/div>\n<p>W 2018 r. planowany jest prze\u0142adunek oko\u0142o 250 tys. ton w\u0119gla, czyli niemal dwukrotnie wi\u0119cej.<\/p>\n<p><iframe loading=\"lazy\" width=\"810\" height=\"455\" src=\"https:\/\/www.youtube.com\/embed\/qZ3Tj0zOyv4\" frameborder=\"0\" allow=\"autoplay; encrypted-media\" allowfullscreen><\/iframe><\/p>\n<h4>Rusza przebudowa stacji kolejowej<\/h4>\n<p>Stacja towarowa Gliwice Port w \u0141ab\u0119dach to g\u0142\u00f3wny punkt obs\u0142uguj\u0105cy \u015al\u0105skie Centrum Logistyki i \u0142adunki transportowane drog\u0105 wodn\u0105 na Kanale Gliwickim. Po modernizacji stacja przyjmie d\u0142u\u017csze sk\u0142ady poci\u0105g\u00f3w.<\/p>\n<p>Stacj\u0119 Gliwice Port uruchomiono w 1939 roku wraz z zako\u0144czeniem budowy Kana\u0142u Gliwickiego. Po kilkudziesi\u0119ciu latach eksploatacji kolejowa sp\u00f3\u0142ka PKP PLK zadecydowa\u0142a o kompleksowej przebudowie tego miejsca i dostosowaniu go do wymog\u00f3w bezpiecze\u0144stwa.<\/p>\n[perfectpullquote align=&#8221;full&#8221; bordertop=&#8221;false&#8221; cite=&#8221;&#8221; link=&#8221;&#8221; color=&#8221;&#8221; class=&#8221;&#8221; size=&#8221;&#8221;]Dzi\u0119ki modernizacji tor\u00f3w mo\u017cliwe stanie si\u0119 tam przyjmowanie poci\u0105g\u00f3w o d\u0142ugo\u015bci nawet 800 metr\u00f3w, co znacz\u0105co usprawni przew\u00f3z \u0142adunk\u00f3w. [\/perfectpullquote]\n<p>Z kolei modernizacja przestarza\u0142ych urz\u0105dze\u0144 sterowania ruchem kolejowym (SRK) pozwoli podnie\u015b\u0107 przepustowo\u015b\u0107 w\u0119z\u0142a kolejowego.<\/p>\n<p>Warto\u015b\u0107 inwestycji realizowanej przez PKP PLK to 30 mln z\u0142. Prace maj\u0105 potrwa\u0107 maksymalnie do ko\u0144ca listopada, a w ich trakcie przewidziano zamkni\u0119cia torowe na liniach 167 i 675. W ramach zadania naprawiona ma by\u0107 te\u017c linia 711 mi\u0119dzy Maciejowem P\u00f3\u0142nocnym a Gliwicami.<\/p>\n<p>(\u017cms)\/UM Gliwice, <a href=\"http:\/\/SCL.com.pl\">SCL.com.pl<\/a><br \/>\nfot. arch. 24gliwice.pl<\/p>\n<div class=\"gliwi-a5-na-koncu-artykulow gliwi-entity-placement\" id=\"gliwi-2632398194\"><div class=\"gliwi-adlabel\"><span style=\"font-size: 9px\">REKLAMA<\/span><\/div><div id=\"gliwi-2356605439\" style=\"margin-left: auto;margin-right: auto;text-align: center;\"><a data-no-instant=\"1\" href=\"https:\/\/www.jasek.pl\/\" rel=\"noopener\" class=\"a2t-link\" target=\"_blank\" aria-label=\"20200401-jasek 600\"><img loading=\"lazy\" decoding=\"async\" src=\"https:\/\/www.24gliwice.pl\/wiadomosci\/wp-content\/uploads\/2020\/04\/20200401-jasek-600.jpg\" alt=\"\"  srcset=\"https:\/\/www.24gliwice.pl\/wiadomosci\/wp-content\/uploads\/2020\/04\/20200401-jasek-600.jpg 600w, https:\/\/www.24gliwice.pl\/wiadomosci\/wp-content\/uploads\/2020\/04\/20200401-jasek-600-410x109.jpg 410w\" sizes=\"(max-width: 600px) 100vw, 600px\" class=\"no-lazyload\" width=\"600\" height=\"160\"  style=\"display: inline-block; max-width: 100%; height: auto;\" \/><\/a><\/div><\/div>","protected":false},"excerpt":{"rendered":"<p>Transport drog\u0105 wodn\u0105 z portu na Kanale Gliwickim do Wroc\u0142awia zosta\u0142 wznowiony w lipcu ubieg\u0142ego roku. Od tego czasu prze\u0142adowano tam 126,9 tys. ton mia\u0142u w\u0119glowego z kopalni So\u015bnica dla wroc\u0142awskiej elektrociep\u0142owni. Dzi\u0119ki wsp\u00f3\u0142pracy \u015al\u0105skiego Centrum Logistyki S.A i OT Logistics, z portu do Wroc\u0142awia od lipca do ko\u0144ca roku wyp\u0142yn\u0119\u0142y a\u017c 293 barki, ka\u017cda [&hellip;]<\/p>\n","protected":false},"author":15,"featured_media":110223,"comment_status":"open","ping_status":"closed","sticky":false,"template":"","format":"standard","meta":{"_monsterinsights_skip_tracking":false,"_monsterinsights_sitenote_active":false,"_monsterinsights_sitenote_note":"","_monsterinsights_sitenote_category":0,"footnotes":"","_links_to":"","_links_to_target":""},"categories":[3,1],"tags":[11163,2437,8489,11162,8491,8599,882,9785,10212,8349,11164,8360,10069,1438],"class_list":["post-110218","post","type-post","status-publish","format-standard","has-post-thumbnail","hentry","category-gliwice","category-wszystko","tag-elektrocieplownia","tag-kanal-gliwicki","tag-kolej","tag-mial","tag-pociag","tag-port","tag-portowa","tag-scl","tag-stacja-kolejowa","tag-transport","tag-transport-droga-wodna","tag-wegiel","tag-zuraw","tag-labedy"],"yoast_head":"<!-- This site is optimized with the Yoast SEO plugin v27.5 - https:\/\/yoast.com\/product\/yoast-seo-wordpress\/ -->\n<title>W gliwickim porcie b\u0119dzie ruch. Plany na ten rok to 250 tys. ton w\u0119gla, wzrost o 100%! - 24GLIWICE - Portal Gliwice | codziennie nowe informacje<\/title>\n<meta name=\"robots\" content=\"index, follow, max-snippet:-1, max-image-preview:large, max-video-preview:-1\" \/>\n<link rel=\"canonical\" href=\"https:\/\/www.24gliwice.pl\/wiadomosci\/w-gliwickim-porcie-bedzie-ruch-plany-na-ten-rok-to-250-tys-ton-wegla-wzrost-o-100\/\" \/>\n<meta property=\"og:locale\" content=\"pl_PL\" \/>\n<meta property=\"og:type\" content=\"article\" \/>\n<meta property=\"og:title\" content=\"W gliwickim porcie b\u0119dzie ruch. Plany na ten rok to 250 tys. ton w\u0119gla, wzrost o 100%! - 24GLIWICE - Portal Gliwice | codziennie nowe informacje\" \/>\n<meta property=\"og:description\" content=\"Transport drog\u0105 wodn\u0105 z portu na Kanale Gliwickim do Wroc\u0142awia zosta\u0142 wznowiony w lipcu ubieg\u0142ego roku. Od tego czasu prze\u0142adowano tam 126,9 tys. ton mia\u0142u w\u0119glowego z kopalni So\u015bnica dla wroc\u0142awskiej elektrociep\u0142owni. Dzi\u0119ki wsp\u00f3\u0142pracy \u015al\u0105skiego Centrum Logistyki S.A i OT Logistics, z portu do Wroc\u0142awia od lipca do ko\u0144ca roku wyp\u0142yn\u0119\u0142y a\u017c 293 barki, ka\u017cda [&hellip;]\" \/>\n<meta property=\"og:url\" content=\"https:\/\/www.24gliwice.pl\/wiadomosci\/w-gliwickim-porcie-bedzie-ruch-plany-na-ten-rok-to-250-tys-ton-wegla-wzrost-o-100\/\" \/>\n<meta property=\"og:site_name\" content=\"24GLIWICE - Portal Gliwice | codziennie nowe informacje\" \/>\n<meta property=\"article:publisher\" content=\"https:\/\/www.facebook.com\/24gliwice\" \/>\n<meta property=\"article:published_time\" content=\"2018-01-10T12:33:02+00:00\" \/>\n<meta property=\"og:image\" content=\"https:\/\/www.24gliwice.pl\/wiadomosci\/wp-content\/uploads\/2018\/01\/port-Gliwice-e1515575837157.jpg\" \/>\n\t<meta property=\"og:image:width\" content=\"810\" \/>\n\t<meta property=\"og:image:height\" content=\"448\" \/>\n\t<meta property=\"og:image:type\" content=\"image\/jpeg\" \/>\n<meta name=\"author\" content=\"\u017baneta Mrozek-Siewierska\" \/>\n<meta name=\"twitter:card\" content=\"summary_large_image\" \/>\n<meta name=\"twitter:creator\" content=\"@24gliwice\" \/>\n<meta name=\"twitter:site\" content=\"@24gliwice\" \/>\n<meta name=\"twitter:label1\" content=\"Napisane przez\" \/>\n\t<meta name=\"twitter:data1\" content=\"\u017baneta Mrozek-Siewierska\" \/>\n\t<meta name=\"twitter:label2\" content=\"Szacowany czas czytania\" \/>\n\t<meta name=\"twitter:data2\" content=\"2 minuty\" \/>\n<script type=\"application\/ld+json\" class=\"yoast-schema-graph\">{\"@context\":\"https:\\\/\\\/schema.org\",\"@graph\":[{\"@type\":\"Article\",\"@id\":\"https:\\\/\\\/www.24gliwice.pl\\\/wiadomosci\\\/w-gliwickim-porcie-bedzie-ruch-plany-na-ten-rok-to-250-tys-ton-wegla-wzrost-o-100\\\/#article\",\"isPartOf\":{\"@id\":\"https:\\\/\\\/www.24gliwice.pl\\\/wiadomosci\\\/w-gliwickim-porcie-bedzie-ruch-plany-na-ten-rok-to-250-tys-ton-wegla-wzrost-o-100\\\/\"},\"author\":{\"name\":\"\u017baneta Mrozek-Siewierska\",\"@id\":\"https:\\\/\\\/www.24gliwice.pl\\\/wiadomosci\\\/#\\\/schema\\\/person\\\/e42c650edd7f2fa332be3811fb166b6e\"},\"headline\":\"W gliwickim porcie b\u0119dzie ruch. Plany na ten rok to 250 tys. ton w\u0119gla, wzrost o 100%!\",\"datePublished\":\"2018-01-10T12:33:02+00:00\",\"mainEntityOfPage\":{\"@id\":\"https:\\\/\\\/www.24gliwice.pl\\\/wiadomosci\\\/w-gliwickim-porcie-bedzie-ruch-plany-na-ten-rok-to-250-tys-ton-wegla-wzrost-o-100\\\/\"},\"wordCount\":334,\"commentCount\":0,\"publisher\":{\"@id\":\"https:\\\/\\\/www.24gliwice.pl\\\/wiadomosci\\\/#organization\"},\"image\":{\"@id\":\"https:\\\/\\\/www.24gliwice.pl\\\/wiadomosci\\\/w-gliwickim-porcie-bedzie-ruch-plany-na-ten-rok-to-250-tys-ton-wegla-wzrost-o-100\\\/#primaryimage\"},\"thumbnailUrl\":\"https:\\\/\\\/www.24gliwice.pl\\\/wiadomosci\\\/wp-content\\\/uploads\\\/2018\\\/01\\\/port-Gliwice-e1515575837157.jpg\",\"keywords\":[\"elektrociep\u0142ownia\",\"KANA\u0141 GLIWICKI\",\"KOLEJ\",\"mia\u0142\",\"POCI\u0104G\",\"port\",\"PORTOWA\",\"\u015aCL\",\"stacja kolejowa\",\"TRANSPORT\",\"transport drog\u0105 wodn\u0105\",\"w\u0119giel\",\"\u017curaw\",\"\u0141AB\u0118DY\"],\"articleSection\":[\"Gliwice\",\"Najnowsze wiadomo\u015bci\"],\"inLanguage\":\"pl-PL\",\"potentialAction\":[{\"@type\":\"CommentAction\",\"name\":\"Comment\",\"target\":[\"https:\\\/\\\/www.24gliwice.pl\\\/wiadomosci\\\/w-gliwickim-porcie-bedzie-ruch-plany-na-ten-rok-to-250-tys-ton-wegla-wzrost-o-100\\\/#respond\"]}]},{\"@type\":\"WebPage\",\"@id\":\"https:\\\/\\\/www.24gliwice.pl\\\/wiadomosci\\\/w-gliwickim-porcie-bedzie-ruch-plany-na-ten-rok-to-250-tys-ton-wegla-wzrost-o-100\\\/\",\"url\":\"https:\\\/\\\/www.24gliwice.pl\\\/wiadomosci\\\/w-gliwickim-porcie-bedzie-ruch-plany-na-ten-rok-to-250-tys-ton-wegla-wzrost-o-100\\\/\",\"name\":\"W gliwickim porcie b\u0119dzie ruch. Plany na ten rok to 250 tys. ton w\u0119gla, wzrost o 100%! - 24GLIWICE - Portal Gliwice | codziennie nowe informacje\",\"isPartOf\":{\"@id\":\"https:\\\/\\\/www.24gliwice.pl\\\/wiadomosci\\\/#website\"},\"primaryImageOfPage\":{\"@id\":\"https:\\\/\\\/www.24gliwice.pl\\\/wiadomosci\\\/w-gliwickim-porcie-bedzie-ruch-plany-na-ten-rok-to-250-tys-ton-wegla-wzrost-o-100\\\/#primaryimage\"},\"image\":{\"@id\":\"https:\\\/\\\/www.24gliwice.pl\\\/wiadomosci\\\/w-gliwickim-porcie-bedzie-ruch-plany-na-ten-rok-to-250-tys-ton-wegla-wzrost-o-100\\\/#primaryimage\"},\"thumbnailUrl\":\"https:\\\/\\\/www.24gliwice.pl\\\/wiadomosci\\\/wp-content\\\/uploads\\\/2018\\\/01\\\/port-Gliwice-e1515575837157.jpg\",\"datePublished\":\"2018-01-10T12:33:02+00:00\",\"breadcrumb\":{\"@id\":\"https:\\\/\\\/www.24gliwice.pl\\\/wiadomosci\\\/w-gliwickim-porcie-bedzie-ruch-plany-na-ten-rok-to-250-tys-ton-wegla-wzrost-o-100\\\/#breadcrumb\"},\"inLanguage\":\"pl-PL\",\"potentialAction\":[{\"@type\":\"ReadAction\",\"target\":[\"https:\\\/\\\/www.24gliwice.pl\\\/wiadomosci\\\/w-gliwickim-porcie-bedzie-ruch-plany-na-ten-rok-to-250-tys-ton-wegla-wzrost-o-100\\\/\"]}]},{\"@type\":\"ImageObject\",\"inLanguage\":\"pl-PL\",\"@id\":\"https:\\\/\\\/www.24gliwice.pl\\\/wiadomosci\\\/w-gliwickim-porcie-bedzie-ruch-plany-na-ten-rok-to-250-tys-ton-wegla-wzrost-o-100\\\/#primaryimage\",\"url\":\"https:\\\/\\\/www.24gliwice.pl\\\/wiadomosci\\\/wp-content\\\/uploads\\\/2018\\\/01\\\/port-Gliwice-e1515575837157.jpg\",\"contentUrl\":\"https:\\\/\\\/www.24gliwice.pl\\\/wiadomosci\\\/wp-content\\\/uploads\\\/2018\\\/01\\\/port-Gliwice-e1515575837157.jpg\",\"width\":810,\"height\":448},{\"@type\":\"BreadcrumbList\",\"@id\":\"https:\\\/\\\/www.24gliwice.pl\\\/wiadomosci\\\/w-gliwickim-porcie-bedzie-ruch-plany-na-ten-rok-to-250-tys-ton-wegla-wzrost-o-100\\\/#breadcrumb\",\"itemListElement\":[{\"@type\":\"ListItem\",\"position\":1,\"name\":\"Strona g\u0142\u00f3wna\",\"item\":\"https:\\\/\\\/www.24gliwice.pl\\\/wiadomosci\\\/\"},{\"@type\":\"ListItem\",\"position\":2,\"name\":\"W gliwickim porcie b\u0119dzie ruch. Plany na ten rok to 250 tys. ton w\u0119gla, wzrost o 100%!\"}]},{\"@type\":\"WebSite\",\"@id\":\"https:\\\/\\\/www.24gliwice.pl\\\/wiadomosci\\\/#website\",\"url\":\"https:\\\/\\\/www.24gliwice.pl\\\/wiadomosci\\\/\",\"name\":\"24GLIWICE - Portal Gliwice | codziennie nowe wiadomo\u015bci\",\"description\":\"Portal Miejski Gliwice\",\"publisher\":{\"@id\":\"https:\\\/\\\/www.24gliwice.pl\\\/wiadomosci\\\/#organization\"},\"potentialAction\":[{\"@type\":\"SearchAction\",\"target\":{\"@type\":\"EntryPoint\",\"urlTemplate\":\"https:\\\/\\\/www.24gliwice.pl\\\/wiadomosci\\\/?s={search_term_string}\"},\"query-input\":{\"@type\":\"PropertyValueSpecification\",\"valueRequired\":true,\"valueName\":\"search_term_string\"}}],\"inLanguage\":\"pl-PL\"},{\"@type\":\"Organization\",\"@id\":\"https:\\\/\\\/www.24gliwice.pl\\\/wiadomosci\\\/#organization\",\"name\":\"24gliwice\",\"url\":\"https:\\\/\\\/www.24gliwice.pl\\\/wiadomosci\\\/\",\"logo\":{\"@type\":\"ImageObject\",\"inLanguage\":\"pl-PL\",\"@id\":\"https:\\\/\\\/www.24gliwice.pl\\\/wiadomosci\\\/#\\\/schema\\\/logo\\\/image\\\/\",\"url\":\"https:\\\/\\\/www.24gliwice.pl\\\/wiadomosci\\\/wp-content\\\/uploads\\\/2024\\\/10\\\/24gliwice-logo-696.jpg\",\"contentUrl\":\"https:\\\/\\\/www.24gliwice.pl\\\/wiadomosci\\\/wp-content\\\/uploads\\\/2024\\\/10\\\/24gliwice-logo-696.jpg\",\"width\":696,\"height\":696,\"caption\":\"24gliwice\"},\"image\":{\"@id\":\"https:\\\/\\\/www.24gliwice.pl\\\/wiadomosci\\\/#\\\/schema\\\/logo\\\/image\\\/\"},\"sameAs\":[\"https:\\\/\\\/www.facebook.com\\\/24gliwice\",\"https:\\\/\\\/x.com\\\/24gliwice\",\"https:\\\/\\\/www.youtube.com\\\/@24gliwice\"]},{\"@type\":\"Person\",\"@id\":\"https:\\\/\\\/www.24gliwice.pl\\\/wiadomosci\\\/#\\\/schema\\\/person\\\/e42c650edd7f2fa332be3811fb166b6e\",\"name\":\"\u017baneta Mrozek-Siewierska\",\"image\":{\"@type\":\"ImageObject\",\"inLanguage\":\"pl-PL\",\"@id\":\"https:\\\/\\\/secure.gravatar.com\\\/avatar\\\/1881429e9c64597c77ad7aef2d0a19be69a3253e57534d16aa15bf3a4d34a0a3?s=96&d=mm&r=g\",\"url\":\"https:\\\/\\\/secure.gravatar.com\\\/avatar\\\/1881429e9c64597c77ad7aef2d0a19be69a3253e57534d16aa15bf3a4d34a0a3?s=96&d=mm&r=g\",\"contentUrl\":\"https:\\\/\\\/secure.gravatar.com\\\/avatar\\\/1881429e9c64597c77ad7aef2d0a19be69a3253e57534d16aa15bf3a4d34a0a3?s=96&d=mm&r=g\",\"caption\":\"\u017baneta Mrozek-Siewierska\"},\"url\":\"https:\\\/\\\/www.24gliwice.pl\\\/wiadomosci\\\/author\\\/zms\\\/\"}]}<\/script>\n<!-- \/ Yoast SEO plugin. -->","yoast_head_json":{"title":"W gliwickim porcie b\u0119dzie ruch. Plany na ten rok to 250 tys. ton w\u0119gla, wzrost o 100%! - 24GLIWICE - Portal Gliwice | codziennie nowe informacje","robots":{"index":"index","follow":"follow","max-snippet":"max-snippet:-1","max-image-preview":"max-image-preview:large","max-video-preview":"max-video-preview:-1"},"canonical":"https:\/\/www.24gliwice.pl\/wiadomosci\/w-gliwickim-porcie-bedzie-ruch-plany-na-ten-rok-to-250-tys-ton-wegla-wzrost-o-100\/","og_locale":"pl_PL","og_type":"article","og_title":"W gliwickim porcie b\u0119dzie ruch. Plany na ten rok to 250 tys. ton w\u0119gla, wzrost o 100%! - 24GLIWICE - Portal Gliwice | codziennie nowe informacje","og_description":"Transport drog\u0105 wodn\u0105 z portu na Kanale Gliwickim do Wroc\u0142awia zosta\u0142 wznowiony w lipcu ubieg\u0142ego roku. Od tego czasu prze\u0142adowano tam 126,9 tys. ton mia\u0142u w\u0119glowego z kopalni So\u015bnica dla wroc\u0142awskiej elektrociep\u0142owni. Dzi\u0119ki wsp\u00f3\u0142pracy \u015al\u0105skiego Centrum Logistyki S.A i OT Logistics, z portu do Wroc\u0142awia od lipca do ko\u0144ca roku wyp\u0142yn\u0119\u0142y a\u017c 293 barki, ka\u017cda [&hellip;]","og_url":"https:\/\/www.24gliwice.pl\/wiadomosci\/w-gliwickim-porcie-bedzie-ruch-plany-na-ten-rok-to-250-tys-ton-wegla-wzrost-o-100\/","og_site_name":"24GLIWICE - Portal Gliwice | codziennie nowe informacje","article_publisher":"https:\/\/www.facebook.com\/24gliwice","article_published_time":"2018-01-10T12:33:02+00:00","og_image":[{"width":810,"height":448,"url":"https:\/\/www.24gliwice.pl\/wiadomosci\/wp-content\/uploads\/2018\/01\/port-Gliwice-e1515575837157.jpg","type":"image\/jpeg"}],"author":"\u017baneta Mrozek-Siewierska","twitter_card":"summary_large_image","twitter_creator":"@24gliwice","twitter_site":"@24gliwice","twitter_misc":{"Napisane przez":"\u017baneta Mrozek-Siewierska","Szacowany czas czytania":"2 minuty"},"schema":{"@context":"https:\/\/schema.org","@graph":[{"@type":"Article","@id":"https:\/\/www.24gliwice.pl\/wiadomosci\/w-gliwickim-porcie-bedzie-ruch-plany-na-ten-rok-to-250-tys-ton-wegla-wzrost-o-100\/#article","isPartOf":{"@id":"https:\/\/www.24gliwice.pl\/wiadomosci\/w-gliwickim-porcie-bedzie-ruch-plany-na-ten-rok-to-250-tys-ton-wegla-wzrost-o-100\/"},"author":{"name":"\u017baneta Mrozek-Siewierska","@id":"https:\/\/www.24gliwice.pl\/wiadomosci\/#\/schema\/person\/e42c650edd7f2fa332be3811fb166b6e"},"headline":"W gliwickim porcie b\u0119dzie ruch. Plany na ten rok to 250 tys. ton w\u0119gla, wzrost o 100%!","datePublished":"2018-01-10T12:33:02+00:00","mainEntityOfPage":{"@id":"https:\/\/www.24gliwice.pl\/wiadomosci\/w-gliwickim-porcie-bedzie-ruch-plany-na-ten-rok-to-250-tys-ton-wegla-wzrost-o-100\/"},"wordCount":334,"commentCount":0,"publisher":{"@id":"https:\/\/www.24gliwice.pl\/wiadomosci\/#organization"},"image":{"@id":"https:\/\/www.24gliwice.pl\/wiadomosci\/w-gliwickim-porcie-bedzie-ruch-plany-na-ten-rok-to-250-tys-ton-wegla-wzrost-o-100\/#primaryimage"},"thumbnailUrl":"https:\/\/www.24gliwice.pl\/wiadomosci\/wp-content\/uploads\/2018\/01\/port-Gliwice-e1515575837157.jpg","keywords":["elektrociep\u0142ownia","KANA\u0141 GLIWICKI","KOLEJ","mia\u0142","POCI\u0104G","port","PORTOWA","\u015aCL","stacja kolejowa","TRANSPORT","transport drog\u0105 wodn\u0105","w\u0119giel","\u017curaw","\u0141AB\u0118DY"],"articleSection":["Gliwice","Najnowsze wiadomo\u015bci"],"inLanguage":"pl-PL","potentialAction":[{"@type":"CommentAction","name":"Comment","target":["https:\/\/www.24gliwice.pl\/wiadomosci\/w-gliwickim-porcie-bedzie-ruch-plany-na-ten-rok-to-250-tys-ton-wegla-wzrost-o-100\/#respond"]}]},{"@type":"WebPage","@id":"https:\/\/www.24gliwice.pl\/wiadomosci\/w-gliwickim-porcie-bedzie-ruch-plany-na-ten-rok-to-250-tys-ton-wegla-wzrost-o-100\/","url":"https:\/\/www.24gliwice.pl\/wiadomosci\/w-gliwickim-porcie-bedzie-ruch-plany-na-ten-rok-to-250-tys-ton-wegla-wzrost-o-100\/","name":"W gliwickim porcie b\u0119dzie ruch. Plany na ten rok to 250 tys. ton w\u0119gla, wzrost o 100%! - 24GLIWICE - Portal Gliwice | codziennie nowe informacje","isPartOf":{"@id":"https:\/\/www.24gliwice.pl\/wiadomosci\/#website"},"primaryImageOfPage":{"@id":"https:\/\/www.24gliwice.pl\/wiadomosci\/w-gliwickim-porcie-bedzie-ruch-plany-na-ten-rok-to-250-tys-ton-wegla-wzrost-o-100\/#primaryimage"},"image":{"@id":"https:\/\/www.24gliwice.pl\/wiadomosci\/w-gliwickim-porcie-bedzie-ruch-plany-na-ten-rok-to-250-tys-ton-wegla-wzrost-o-100\/#primaryimage"},"thumbnailUrl":"https:\/\/www.24gliwice.pl\/wiadomosci\/wp-content\/uploads\/2018\/01\/port-Gliwice-e1515575837157.jpg","datePublished":"2018-01-10T12:33:02+00:00","breadcrumb":{"@id":"https:\/\/www.24gliwice.pl\/wiadomosci\/w-gliwickim-porcie-bedzie-ruch-plany-na-ten-rok-to-250-tys-ton-wegla-wzrost-o-100\/#breadcrumb"},"inLanguage":"pl-PL","potentialAction":[{"@type":"ReadAction","target":["https:\/\/www.24gliwice.pl\/wiadomosci\/w-gliwickim-porcie-bedzie-ruch-plany-na-ten-rok-to-250-tys-ton-wegla-wzrost-o-100\/"]}]},{"@type":"ImageObject","inLanguage":"pl-PL","@id":"https:\/\/www.24gliwice.pl\/wiadomosci\/w-gliwickim-porcie-bedzie-ruch-plany-na-ten-rok-to-250-tys-ton-wegla-wzrost-o-100\/#primaryimage","url":"https:\/\/www.24gliwice.pl\/wiadomosci\/wp-content\/uploads\/2018\/01\/port-Gliwice-e1515575837157.jpg","contentUrl":"https:\/\/www.24gliwice.pl\/wiadomosci\/wp-content\/uploads\/2018\/01\/port-Gliwice-e1515575837157.jpg","width":810,"height":448},{"@type":"BreadcrumbList","@id":"https:\/\/www.24gliwice.pl\/wiadomosci\/w-gliwickim-porcie-bedzie-ruch-plany-na-ten-rok-to-250-tys-ton-wegla-wzrost-o-100\/#breadcrumb","itemListElement":[{"@type":"ListItem","position":1,"name":"Strona g\u0142\u00f3wna","item":"https:\/\/www.24gliwice.pl\/wiadomosci\/"},{"@type":"ListItem","position":2,"name":"W gliwickim porcie b\u0119dzie ruch. Plany na ten rok to 250 tys. ton w\u0119gla, wzrost o 100%!"}]},{"@type":"WebSite","@id":"https:\/\/www.24gliwice.pl\/wiadomosci\/#website","url":"https:\/\/www.24gliwice.pl\/wiadomosci\/","name":"24GLIWICE - Portal Gliwice | codziennie nowe wiadomo\u015bci","description":"Portal Miejski Gliwice","publisher":{"@id":"https:\/\/www.24gliwice.pl\/wiadomosci\/#organization"},"potentialAction":[{"@type":"SearchAction","target":{"@type":"EntryPoint","urlTemplate":"https:\/\/www.24gliwice.pl\/wiadomosci\/?s={search_term_string}"},"query-input":{"@type":"PropertyValueSpecification","valueRequired":true,"valueName":"search_term_string"}}],"inLanguage":"pl-PL"},{"@type":"Organization","@id":"https:\/\/www.24gliwice.pl\/wiadomosci\/#organization","name":"24gliwice","url":"https:\/\/www.24gliwice.pl\/wiadomosci\/","logo":{"@type":"ImageObject","inLanguage":"pl-PL","@id":"https:\/\/www.24gliwice.pl\/wiadomosci\/#\/schema\/logo\/image\/","url":"https:\/\/www.24gliwice.pl\/wiadomosci\/wp-content\/uploads\/2024\/10\/24gliwice-logo-696.jpg","contentUrl":"https:\/\/www.24gliwice.pl\/wiadomosci\/wp-content\/uploads\/2024\/10\/24gliwice-logo-696.jpg","width":696,"height":696,"caption":"24gliwice"},"image":{"@id":"https:\/\/www.24gliwice.pl\/wiadomosci\/#\/schema\/logo\/image\/"},"sameAs":["https:\/\/www.facebook.com\/24gliwice","https:\/\/x.com\/24gliwice","https:\/\/www.youtube.com\/@24gliwice"]},{"@type":"Person","@id":"https:\/\/www.24gliwice.pl\/wiadomosci\/#\/schema\/person\/e42c650edd7f2fa332be3811fb166b6e","name":"\u017baneta Mrozek-Siewierska","image":{"@type":"ImageObject","inLanguage":"pl-PL","@id":"https:\/\/secure.gravatar.com\/avatar\/1881429e9c64597c77ad7aef2d0a19be69a3253e57534d16aa15bf3a4d34a0a3?s=96&d=mm&r=g","url":"https:\/\/secure.gravatar.com\/avatar\/1881429e9c64597c77ad7aef2d0a19be69a3253e57534d16aa15bf3a4d34a0a3?s=96&d=mm&r=g","contentUrl":"https:\/\/secure.gravatar.com\/avatar\/1881429e9c64597c77ad7aef2d0a19be69a3253e57534d16aa15bf3a4d34a0a3?s=96&d=mm&r=g","caption":"\u017baneta Mrozek-Siewierska"},"url":"https:\/\/www.24gliwice.pl\/wiadomosci\/author\/zms\/"}]}},"_links":{"self":[{"href":"https:\/\/www.24gliwice.pl\/wiadomosci\/wp-json\/wp\/v2\/posts\/110218","targetHints":{"allow":["GET"]}}],"collection":[{"href":"https:\/\/www.24gliwice.pl\/wiadomosci\/wp-json\/wp\/v2\/posts"}],"about":[{"href":"https:\/\/www.24gliwice.pl\/wiadomosci\/wp-json\/wp\/v2\/types\/post"}],"author":[{"embeddable":true,"href":"https:\/\/www.24gliwice.pl\/wiadomosci\/wp-json\/wp\/v2\/users\/15"}],"replies":[{"embeddable":true,"href":"https:\/\/www.24gliwice.pl\/wiadomosci\/wp-json\/wp\/v2\/comments?post=110218"}],"version-history":[{"count":0,"href":"https:\/\/www.24gliwice.pl\/wiadomosci\/wp-json\/wp\/v2\/posts\/110218\/revisions"}],"wp:featuredmedia":[{"embeddable":true,"href":"https:\/\/www.24gliwice.pl\/wiadomosci\/wp-json\/wp\/v2\/media\/110223"}],"wp:attachment":[{"href":"https:\/\/www.24gliwice.pl\/wiadomosci\/wp-json\/wp\/v2\/media?parent=110218"}],"wp:term":[{"taxonomy":"category","embeddable":true,"href":"https:\/\/www.24gliwice.pl\/wiadomosci\/wp-json\/wp\/v2\/categories?post=110218"},{"taxonomy":"post_tag","embeddable":true,"href":"https:\/\/www.24gliwice.pl\/wiadomosci\/wp-json\/wp\/v2\/tags?post=110218"}],"curies":[{"name":"wp","href":"https:\/\/api.w.org\/{rel}","templated":true}]}}