{"id":110308,"date":"2018-01-11T14:25:02","date_gmt":"2018-01-11T13:25:02","guid":{"rendered":"http:\/\/www.24gliwice.pl\/wiadomosci\/?p=110308"},"modified":"2018-01-11T14:25:02","modified_gmt":"2018-01-11T13:25:02","slug":"kolejny-punkt-wymiany-ciepla-zorganizowal-mzuk-to-trzecie-takie-miejsce-w-gliwicach","status":"publish","type":"post","link":"https:\/\/www.24gliwice.pl\/wiadomosci\/kolejny-punkt-wymiany-ciepla-zorganizowal-mzuk-to-trzecie-takie-miejsce-w-gliwicach\/","title":{"rendered":"Kolejny punkt wymiany ciep\u0142a zorganizowa\u0142 MZUK. To trzecie takie miejsce w Gliwicach"},"content":{"rendered":"<div class=\"gliwi-a6-nad-leadem-artykulow gliwi-entity-placement\" id=\"gliwi-67910847\"><div class=\"gliwi-adlabel\"><span style=\"font-size: 9px\">REKLAMA<\/span><\/div><div id=\"gliwi-2884023629\" style=\"margin-bottom: 30px;margin-left: auto;margin-right: auto;text-align: center;\"><a data-no-instant=\"1\" href=\"https:\/\/przedszkole.halogen.org.pl\/\" rel=\"noopener\" class=\"a2t-link\" target=\"_blank\" aria-label=\"20260402-ANIMATOR-przedszkole_grafika_750x200\"><img loading=\"lazy\" decoding=\"async\" src=\"https:\/\/www.24gliwice.pl\/wiadomosci\/wp-content\/uploads\/2026\/04\/20260402-ANIMATOR-przedszkole_grafika_750x200.webp\" alt=\"\"  srcset=\"https:\/\/www.24gliwice.pl\/wiadomosci\/wp-content\/uploads\/2026\/04\/20260402-ANIMATOR-przedszkole_grafika_750x200.webp 750w, https:\/\/www.24gliwice.pl\/wiadomosci\/wp-content\/uploads\/2026\/04\/20260402-ANIMATOR-przedszkole_grafika_750x200-410x109.webp 410w\" sizes=\"(max-width: 750px) 100vw, 750px\" class=\"no-lazyload\" width=\"750\" height=\"200\"  style=\"display: inline-block; max-width: 100%; height: auto;\" \/><\/a><\/div><\/div><h3>W po\u0142owie pa\u017adziernika uruchomiony zosta\u0142<a href=\"http:\/\/www.24gliwice.pl\/wiadomosci\/na-osiedlu-zatorze-pojawi-sie-wieszak-do-wymiany-ciepla-stanie-obok-filii-biblioteki\/\" rel=\"noopener\" target=\"_blank\"> punkt wymiany ciep\u0142a na ulicy Sp\u00f3\u0142dzielczej.<\/a> Niedawno o takie stanowisko postara\u0142y si\u0119 \u0141ab\u0119dy, kt\u00f3re zlokalizowa\u0142y je przy CKS &#8220;\u0141ab\u0119d\u017a&#8221;.<\/h3>\n<p>Teraz Miejski Zarz\u0105d Us\u0142ug Komunalnych postanowi\u0142 si\u0119 w\u0142\u0105czy\u0107 do akcji i od poniedzia\u0142ku zorganizuje wieszak s\u0142u\u017c\u0105cy do dzielenia si\u0119 z innymi zb\u0119dn\u0105 odzie\u017c\u0105. Znajdzie si\u0119 on przy Izbie Wytrze\u017awie\u0144 przy ulicy Okopowej. <\/p>\n<blockquote><p>Z mod\u0105 bywa r\u00f3\u017cnie\u2026 ale moda na pomaganie nigdy nie przeminie. To co dla jednych jest ju\u017c niemodne, opatrzone czy przechodzone dla drugich mo\u017ce by\u0107 bardzo przydatne <\/p><\/blockquote>\n<p>&#8211; argumentuje <strong>Iwona Janik<\/strong>, rzeczniczka MZUK. <\/p><div class=\"gliwi-a3-w-tresci-artykulow gliwi-entity-placement\" id=\"gliwi-757520214\"><div class=\"gliwi-adlabel\"><span style=\"font-size: 9px\">REKLAMA<\/span><\/div><div id=\"gliwi-3426666546\" style=\"margin-bottom: 30px;margin-left: auto;margin-right: auto;text-align: center;\"><a data-no-instant=\"1\" href=\"https:\/\/zlobek.halogen.org.pl\/\" rel=\"noopener\" class=\"a2t-link\" target=\"_blank\" aria-label=\"animator-zlobek_750x200\"><img loading=\"lazy\" decoding=\"async\" src=\"https:\/\/www.24gliwice.pl\/wiadomosci\/wp-content\/uploads\/2026\/02\/animator-zlobek_750x200.webp\" alt=\"\"  srcset=\"https:\/\/www.24gliwice.pl\/wiadomosci\/wp-content\/uploads\/2026\/02\/animator-zlobek_750x200.webp 750w, https:\/\/www.24gliwice.pl\/wiadomosci\/wp-content\/uploads\/2026\/02\/animator-zlobek_750x200-410x109.webp 410w\" sizes=\"(max-width: 750px) 100vw, 750px\" class=\"no-lazyload\" width=\"750\" height=\"200\"  style=\"display: inline-block; max-width: 100%; height: auto;\" \/><\/a><\/div><\/div>\n<p>&#8211; Szczeg\u00f3lnie zim\u0105 pami\u0119tajmy o biedniejszych, kt\u00f3rych niejednokrotnie nie sta\u0107 na zakup nowych ubra\u0144. Z t\u0105 w\u0142a\u015bnie my\u015bl\u0105, powsta\u0142a akcja \u201eWymiana ciep\u0142a\u201d \u2013 Potrzebujesz? We\u017a sobie ubranie. Chcesz pom\u00f3c? Zostaw co\u015b na wieszaku &#8211; dodaje rzeczniczka. <\/p>\n<p>Osoby, kt\u00f3re b\u0119d\u0105 chcia\u0142y zostawi\u0107 zimow\u0105 kurtk\u0119, sweter czy polar b\u0119d\u0105 mog\u0142y zawiesi\u0107 ubranie na czekaj\u0105cym przy wej\u015bciu wieszaku. Ka\u017cdy, kto b\u0119dzie potrzebowa\u0142 ciep\u0142ej garderoby aby ochroni\u0107 si\u0119 przed zimnem, b\u0119dzie m\u00f3g\u0142 podej\u015b\u0107 i odnale\u017a\u0107 co\u015b dla siebie.<\/p>\n<p>Wszyscy zainteresowani zostawieniem nieu\u017cywanej odzie\u017cy, mog\u0105 j\u0105 przekaza\u0107 w punkcie przyj\u0119\u0107 Izby Wytrze\u017awie\u0144 lub od przysz\u0142ego tygodnia wiesza\u0107 ubrania bezpo\u015brednio na wieszaku przy wej\u015bciu do budynku.<\/p>\n<p>(\u017cms)\/MZUK Gliwice<\/p>\n<div id=\"attachment_110314\" style=\"width: 820px\" class=\"wp-caption alignnone\"><img loading=\"lazy\" decoding=\"async\" aria-describedby=\"caption-attachment-110314\" src=\"http:\/\/www.24gliwice.pl\/wiadomosci\/wp-content\/uploads\/2018\/01\/wymiana-ciep\u0142a.jpg\" alt=\"\" width=\"810\" height=\"456\" class=\"size-full wp-image-110314\" srcset=\"https:\/\/www.24gliwice.pl\/wiadomosci\/wp-content\/uploads\/2018\/01\/wymiana-ciep\u0142a.jpg 810w, https:\/\/www.24gliwice.pl\/wiadomosci\/wp-content\/uploads\/2018\/01\/wymiana-ciep\u0142a-410x232.jpg 410w, https:\/\/www.24gliwice.pl\/wiadomosci\/wp-content\/uploads\/2018\/01\/wymiana-ciep\u0142a-768x432.jpg 768w, https:\/\/www.24gliwice.pl\/wiadomosci\/wp-content\/uploads\/2018\/01\/wymiana-ciep\u0142a-808x455.jpg 808w\" sizes=\"auto, (max-width: 810px) 100vw, 810px\" \/><p id=\"caption-attachment-110314\" class=\"wp-caption-text\">Wieszak przy &#8220;\u0141ab\u0119dziu&#8221;\/fot. Rada Osiedla \u0141ab\u0119dy<\/p><\/div>\n<div class=\"gliwi-a5-na-koncu-artykulow gliwi-entity-placement\" id=\"gliwi-416699531\"><div class=\"gliwi-adlabel\"><span style=\"font-size: 9px\">REKLAMA<\/span><\/div><div id=\"gliwi-3546091878\" style=\"margin-left: auto;margin-right: auto;text-align: center;\"><a data-no-instant=\"1\" href=\"https:\/\/prezeroarenagliwice.pl\/\" rel=\"noopener\" class=\"a2t-link\" target=\"_blank\" aria-label=\"20260309-PREZERO-WIOSNA-D\"><img loading=\"lazy\" decoding=\"async\" src=\"https:\/\/www.24gliwice.pl\/wiadomosci\/wp-content\/uploads\/2026\/03\/20260309-PREZERO-WIOSNA-D.webp\" alt=\"\"  srcset=\"https:\/\/www.24gliwice.pl\/wiadomosci\/wp-content\/uploads\/2026\/03\/20260309-PREZERO-WIOSNA-D.webp 750w, https:\/\/www.24gliwice.pl\/wiadomosci\/wp-content\/uploads\/2026\/03\/20260309-PREZERO-WIOSNA-D-410x109.webp 410w\" sizes=\"(max-width: 750px) 100vw, 750px\" class=\"no-lazyload\" width=\"750\" height=\"200\"  style=\"display: inline-block; max-width: 100%; height: auto;\" \/><\/a><\/div><\/div>","protected":false},"excerpt":{"rendered":"<p>W po\u0142owie pa\u017adziernika uruchomiony zosta\u0142 punkt wymiany ciep\u0142a na ulicy Sp\u00f3\u0142dzielczej. Niedawno o takie stanowisko postara\u0142y si\u0119 \u0141ab\u0119dy, kt\u00f3re zlokalizowa\u0142y je przy CKS &#8220;\u0141ab\u0119d\u017a&#8221;. Teraz Miejski Zarz\u0105d Us\u0142ug Komunalnych postanowi\u0142 si\u0119 w\u0142\u0105czy\u0107 do akcji i od poniedzia\u0142ku zorganizuje wieszak s\u0142u\u017c\u0105cy do dzielenia si\u0119 z innymi zb\u0119dn\u0105 odzie\u017c\u0105. Znajdzie si\u0119 on przy Izbie Wytrze\u017awie\u0144 przy ulicy [&hellip;]<\/p>\n","protected":false},"author":15,"featured_media":110324,"comment_status":"open","ping_status":"closed","sticky":false,"template":"","format":"standard","meta":{"_monsterinsights_skip_tracking":false,"_monsterinsights_sitenote_active":false,"_monsterinsights_sitenote_note":"","_monsterinsights_sitenote_category":0,"footnotes":"","_links_to":"","_links_to_target":""},"categories":[3,1],"tags":[11186,239,257,11182,9506,8602,10658],"class_list":["post-110308","post","type-post","status-publish","format-standard","has-post-thumbnail","hentry","category-gliwice","category-wszystko","tag-cks-labedz","tag-izba-wytrzezwien","tag-mzuk","tag-odziez","tag-okopowa","tag-wymiana-ciepla","tag-labedz"],"yoast_head":"<!-- This site is optimized with the Yoast SEO plugin v27.5 - https:\/\/yoast.com\/product\/yoast-seo-wordpress\/ -->\n<title>Kolejny punkt wymiany ciep\u0142a zorganizowa\u0142 MZUK. To trzecie takie miejsce w Gliwicach - 24GLIWICE - Portal Gliwice | codziennie nowe informacje<\/title>\n<meta name=\"robots\" content=\"index, follow, max-snippet:-1, max-image-preview:large, max-video-preview:-1\" \/>\n<link rel=\"canonical\" href=\"https:\/\/www.24gliwice.pl\/wiadomosci\/kolejny-punkt-wymiany-ciepla-zorganizowal-mzuk-to-trzecie-takie-miejsce-w-gliwicach\/\" \/>\n<meta property=\"og:locale\" content=\"pl_PL\" \/>\n<meta property=\"og:type\" content=\"article\" \/>\n<meta property=\"og:title\" content=\"Kolejny punkt wymiany ciep\u0142a zorganizowa\u0142 MZUK. To trzecie takie miejsce w Gliwicach - 24GLIWICE - Portal Gliwice | codziennie nowe informacje\" \/>\n<meta property=\"og:description\" content=\"W po\u0142owie pa\u017adziernika uruchomiony zosta\u0142 punkt wymiany ciep\u0142a na ulicy Sp\u00f3\u0142dzielczej. Niedawno o takie stanowisko postara\u0142y si\u0119 \u0141ab\u0119dy, kt\u00f3re zlokalizowa\u0142y je przy CKS &#8220;\u0141ab\u0119d\u017a&#8221;. Teraz Miejski Zarz\u0105d Us\u0142ug Komunalnych postanowi\u0142 si\u0119 w\u0142\u0105czy\u0107 do akcji i od poniedzia\u0142ku zorganizuje wieszak s\u0142u\u017c\u0105cy do dzielenia si\u0119 z innymi zb\u0119dn\u0105 odzie\u017c\u0105. Znajdzie si\u0119 on przy Izbie Wytrze\u017awie\u0144 przy ulicy [&hellip;]\" \/>\n<meta property=\"og:url\" content=\"https:\/\/www.24gliwice.pl\/wiadomosci\/kolejny-punkt-wymiany-ciepla-zorganizowal-mzuk-to-trzecie-takie-miejsce-w-gliwicach\/\" \/>\n<meta property=\"og:site_name\" content=\"24GLIWICE - Portal Gliwice | codziennie nowe informacje\" \/>\n<meta property=\"article:publisher\" content=\"https:\/\/www.facebook.com\/24gliwice\" \/>\n<meta property=\"article:published_time\" content=\"2018-01-11T13:25:02+00:00\" \/>\n<meta property=\"og:image\" content=\"https:\/\/www.24gliwice.pl\/wiadomosci\/wp-content\/uploads\/2018\/01\/punkt-wymiany-ciepla.jpg\" \/>\n\t<meta property=\"og:image:width\" content=\"810\" \/>\n\t<meta property=\"og:image:height\" content=\"456\" \/>\n\t<meta property=\"og:image:type\" content=\"image\/jpeg\" \/>\n<meta name=\"author\" content=\"\u017baneta Mrozek-Siewierska\" \/>\n<meta name=\"twitter:card\" content=\"summary_large_image\" \/>\n<meta name=\"twitter:creator\" content=\"@24gliwice\" \/>\n<meta name=\"twitter:site\" content=\"@24gliwice\" \/>\n<meta name=\"twitter:label1\" content=\"Napisane przez\" \/>\n\t<meta name=\"twitter:data1\" content=\"\u017baneta Mrozek-Siewierska\" \/>\n\t<meta name=\"twitter:label2\" content=\"Szacowany czas czytania\" \/>\n\t<meta name=\"twitter:data2\" content=\"1 minuta\" \/>\n<script type=\"application\/ld+json\" class=\"yoast-schema-graph\">{\"@context\":\"https:\\\/\\\/schema.org\",\"@graph\":[{\"@type\":\"Article\",\"@id\":\"https:\\\/\\\/www.24gliwice.pl\\\/wiadomosci\\\/kolejny-punkt-wymiany-ciepla-zorganizowal-mzuk-to-trzecie-takie-miejsce-w-gliwicach\\\/#article\",\"isPartOf\":{\"@id\":\"https:\\\/\\\/www.24gliwice.pl\\\/wiadomosci\\\/kolejny-punkt-wymiany-ciepla-zorganizowal-mzuk-to-trzecie-takie-miejsce-w-gliwicach\\\/\"},\"author\":{\"name\":\"\u017baneta Mrozek-Siewierska\",\"@id\":\"https:\\\/\\\/www.24gliwice.pl\\\/wiadomosci\\\/#\\\/schema\\\/person\\\/e42c650edd7f2fa332be3811fb166b6e\"},\"headline\":\"Kolejny punkt wymiany ciep\u0142a zorganizowa\u0142 MZUK. To trzecie takie miejsce w Gliwicach\",\"datePublished\":\"2018-01-11T13:25:02+00:00\",\"mainEntityOfPage\":{\"@id\":\"https:\\\/\\\/www.24gliwice.pl\\\/wiadomosci\\\/kolejny-punkt-wymiany-ciepla-zorganizowal-mzuk-to-trzecie-takie-miejsce-w-gliwicach\\\/\"},\"wordCount\":266,\"commentCount\":0,\"publisher\":{\"@id\":\"https:\\\/\\\/www.24gliwice.pl\\\/wiadomosci\\\/#organization\"},\"image\":{\"@id\":\"https:\\\/\\\/www.24gliwice.pl\\\/wiadomosci\\\/kolejny-punkt-wymiany-ciepla-zorganizowal-mzuk-to-trzecie-takie-miejsce-w-gliwicach\\\/#primaryimage\"},\"thumbnailUrl\":\"https:\\\/\\\/www.24gliwice.pl\\\/wiadomosci\\\/wp-content\\\/uploads\\\/2018\\\/01\\\/punkt-wymiany-ciepla.jpg\",\"keywords\":[\"cks \u0142ab\u0119d\u017a\",\"izba wytrze\u017awie\u0144\",\"MZUK\",\"odzie\u017c\",\"okopowa\",\"wymiana ciep\u0142a\",\"\u0142ab\u0119d\u017a\"],\"articleSection\":[\"Gliwice\",\"Najnowsze wiadomo\u015bci\"],\"inLanguage\":\"pl-PL\",\"potentialAction\":[{\"@type\":\"CommentAction\",\"name\":\"Comment\",\"target\":[\"https:\\\/\\\/www.24gliwice.pl\\\/wiadomosci\\\/kolejny-punkt-wymiany-ciepla-zorganizowal-mzuk-to-trzecie-takie-miejsce-w-gliwicach\\\/#respond\"]}]},{\"@type\":\"WebPage\",\"@id\":\"https:\\\/\\\/www.24gliwice.pl\\\/wiadomosci\\\/kolejny-punkt-wymiany-ciepla-zorganizowal-mzuk-to-trzecie-takie-miejsce-w-gliwicach\\\/\",\"url\":\"https:\\\/\\\/www.24gliwice.pl\\\/wiadomosci\\\/kolejny-punkt-wymiany-ciepla-zorganizowal-mzuk-to-trzecie-takie-miejsce-w-gliwicach\\\/\",\"name\":\"Kolejny punkt wymiany ciep\u0142a zorganizowa\u0142 MZUK. To trzecie takie miejsce w Gliwicach - 24GLIWICE - Portal Gliwice | codziennie nowe informacje\",\"isPartOf\":{\"@id\":\"https:\\\/\\\/www.24gliwice.pl\\\/wiadomosci\\\/#website\"},\"primaryImageOfPage\":{\"@id\":\"https:\\\/\\\/www.24gliwice.pl\\\/wiadomosci\\\/kolejny-punkt-wymiany-ciepla-zorganizowal-mzuk-to-trzecie-takie-miejsce-w-gliwicach\\\/#primaryimage\"},\"image\":{\"@id\":\"https:\\\/\\\/www.24gliwice.pl\\\/wiadomosci\\\/kolejny-punkt-wymiany-ciepla-zorganizowal-mzuk-to-trzecie-takie-miejsce-w-gliwicach\\\/#primaryimage\"},\"thumbnailUrl\":\"https:\\\/\\\/www.24gliwice.pl\\\/wiadomosci\\\/wp-content\\\/uploads\\\/2018\\\/01\\\/punkt-wymiany-ciepla.jpg\",\"datePublished\":\"2018-01-11T13:25:02+00:00\",\"breadcrumb\":{\"@id\":\"https:\\\/\\\/www.24gliwice.pl\\\/wiadomosci\\\/kolejny-punkt-wymiany-ciepla-zorganizowal-mzuk-to-trzecie-takie-miejsce-w-gliwicach\\\/#breadcrumb\"},\"inLanguage\":\"pl-PL\",\"potentialAction\":[{\"@type\":\"ReadAction\",\"target\":[\"https:\\\/\\\/www.24gliwice.pl\\\/wiadomosci\\\/kolejny-punkt-wymiany-ciepla-zorganizowal-mzuk-to-trzecie-takie-miejsce-w-gliwicach\\\/\"]}]},{\"@type\":\"ImageObject\",\"inLanguage\":\"pl-PL\",\"@id\":\"https:\\\/\\\/www.24gliwice.pl\\\/wiadomosci\\\/kolejny-punkt-wymiany-ciepla-zorganizowal-mzuk-to-trzecie-takie-miejsce-w-gliwicach\\\/#primaryimage\",\"url\":\"https:\\\/\\\/www.24gliwice.pl\\\/wiadomosci\\\/wp-content\\\/uploads\\\/2018\\\/01\\\/punkt-wymiany-ciepla.jpg\",\"contentUrl\":\"https:\\\/\\\/www.24gliwice.pl\\\/wiadomosci\\\/wp-content\\\/uploads\\\/2018\\\/01\\\/punkt-wymiany-ciepla.jpg\",\"width\":810,\"height\":456},{\"@type\":\"BreadcrumbList\",\"@id\":\"https:\\\/\\\/www.24gliwice.pl\\\/wiadomosci\\\/kolejny-punkt-wymiany-ciepla-zorganizowal-mzuk-to-trzecie-takie-miejsce-w-gliwicach\\\/#breadcrumb\",\"itemListElement\":[{\"@type\":\"ListItem\",\"position\":1,\"name\":\"Strona g\u0142\u00f3wna\",\"item\":\"https:\\\/\\\/www.24gliwice.pl\\\/wiadomosci\\\/\"},{\"@type\":\"ListItem\",\"position\":2,\"name\":\"Kolejny punkt wymiany ciep\u0142a zorganizowa\u0142 MZUK. To trzecie takie miejsce w Gliwicach\"}]},{\"@type\":\"WebSite\",\"@id\":\"https:\\\/\\\/www.24gliwice.pl\\\/wiadomosci\\\/#website\",\"url\":\"https:\\\/\\\/www.24gliwice.pl\\\/wiadomosci\\\/\",\"name\":\"24GLIWICE - Portal Gliwice | codziennie nowe wiadomo\u015bci\",\"description\":\"Portal Miejski Gliwice\",\"publisher\":{\"@id\":\"https:\\\/\\\/www.24gliwice.pl\\\/wiadomosci\\\/#organization\"},\"potentialAction\":[{\"@type\":\"SearchAction\",\"target\":{\"@type\":\"EntryPoint\",\"urlTemplate\":\"https:\\\/\\\/www.24gliwice.pl\\\/wiadomosci\\\/?s={search_term_string}\"},\"query-input\":{\"@type\":\"PropertyValueSpecification\",\"valueRequired\":true,\"valueName\":\"search_term_string\"}}],\"inLanguage\":\"pl-PL\"},{\"@type\":\"Organization\",\"@id\":\"https:\\\/\\\/www.24gliwice.pl\\\/wiadomosci\\\/#organization\",\"name\":\"24gliwice\",\"url\":\"https:\\\/\\\/www.24gliwice.pl\\\/wiadomosci\\\/\",\"logo\":{\"@type\":\"ImageObject\",\"inLanguage\":\"pl-PL\",\"@id\":\"https:\\\/\\\/www.24gliwice.pl\\\/wiadomosci\\\/#\\\/schema\\\/logo\\\/image\\\/\",\"url\":\"https:\\\/\\\/www.24gliwice.pl\\\/wiadomosci\\\/wp-content\\\/uploads\\\/2024\\\/10\\\/24gliwice-logo-696.jpg\",\"contentUrl\":\"https:\\\/\\\/www.24gliwice.pl\\\/wiadomosci\\\/wp-content\\\/uploads\\\/2024\\\/10\\\/24gliwice-logo-696.jpg\",\"width\":696,\"height\":696,\"caption\":\"24gliwice\"},\"image\":{\"@id\":\"https:\\\/\\\/www.24gliwice.pl\\\/wiadomosci\\\/#\\\/schema\\\/logo\\\/image\\\/\"},\"sameAs\":[\"https:\\\/\\\/www.facebook.com\\\/24gliwice\",\"https:\\\/\\\/x.com\\\/24gliwice\",\"https:\\\/\\\/www.youtube.com\\\/@24gliwice\"]},{\"@type\":\"Person\",\"@id\":\"https:\\\/\\\/www.24gliwice.pl\\\/wiadomosci\\\/#\\\/schema\\\/person\\\/e42c650edd7f2fa332be3811fb166b6e\",\"name\":\"\u017baneta Mrozek-Siewierska\",\"image\":{\"@type\":\"ImageObject\",\"inLanguage\":\"pl-PL\",\"@id\":\"https:\\\/\\\/secure.gravatar.com\\\/avatar\\\/1881429e9c64597c77ad7aef2d0a19be69a3253e57534d16aa15bf3a4d34a0a3?s=96&d=mm&r=g\",\"url\":\"https:\\\/\\\/secure.gravatar.com\\\/avatar\\\/1881429e9c64597c77ad7aef2d0a19be69a3253e57534d16aa15bf3a4d34a0a3?s=96&d=mm&r=g\",\"contentUrl\":\"https:\\\/\\\/secure.gravatar.com\\\/avatar\\\/1881429e9c64597c77ad7aef2d0a19be69a3253e57534d16aa15bf3a4d34a0a3?s=96&d=mm&r=g\",\"caption\":\"\u017baneta Mrozek-Siewierska\"},\"url\":\"https:\\\/\\\/www.24gliwice.pl\\\/wiadomosci\\\/author\\\/zms\\\/\"}]}<\/script>\n<!-- \/ Yoast SEO plugin. -->","yoast_head_json":{"title":"Kolejny punkt wymiany ciep\u0142a zorganizowa\u0142 MZUK. To trzecie takie miejsce w Gliwicach - 24GLIWICE - Portal Gliwice | codziennie nowe informacje","robots":{"index":"index","follow":"follow","max-snippet":"max-snippet:-1","max-image-preview":"max-image-preview:large","max-video-preview":"max-video-preview:-1"},"canonical":"https:\/\/www.24gliwice.pl\/wiadomosci\/kolejny-punkt-wymiany-ciepla-zorganizowal-mzuk-to-trzecie-takie-miejsce-w-gliwicach\/","og_locale":"pl_PL","og_type":"article","og_title":"Kolejny punkt wymiany ciep\u0142a zorganizowa\u0142 MZUK. To trzecie takie miejsce w Gliwicach - 24GLIWICE - Portal Gliwice | codziennie nowe informacje","og_description":"W po\u0142owie pa\u017adziernika uruchomiony zosta\u0142 punkt wymiany ciep\u0142a na ulicy Sp\u00f3\u0142dzielczej. Niedawno o takie stanowisko postara\u0142y si\u0119 \u0141ab\u0119dy, kt\u00f3re zlokalizowa\u0142y je przy CKS &#8220;\u0141ab\u0119d\u017a&#8221;. Teraz Miejski Zarz\u0105d Us\u0142ug Komunalnych postanowi\u0142 si\u0119 w\u0142\u0105czy\u0107 do akcji i od poniedzia\u0142ku zorganizuje wieszak s\u0142u\u017c\u0105cy do dzielenia si\u0119 z innymi zb\u0119dn\u0105 odzie\u017c\u0105. Znajdzie si\u0119 on przy Izbie Wytrze\u017awie\u0144 przy ulicy [&hellip;]","og_url":"https:\/\/www.24gliwice.pl\/wiadomosci\/kolejny-punkt-wymiany-ciepla-zorganizowal-mzuk-to-trzecie-takie-miejsce-w-gliwicach\/","og_site_name":"24GLIWICE - Portal Gliwice | codziennie nowe informacje","article_publisher":"https:\/\/www.facebook.com\/24gliwice","article_published_time":"2018-01-11T13:25:02+00:00","og_image":[{"width":810,"height":456,"url":"https:\/\/www.24gliwice.pl\/wiadomosci\/wp-content\/uploads\/2018\/01\/punkt-wymiany-ciepla.jpg","type":"image\/jpeg"}],"author":"\u017baneta Mrozek-Siewierska","twitter_card":"summary_large_image","twitter_creator":"@24gliwice","twitter_site":"@24gliwice","twitter_misc":{"Napisane przez":"\u017baneta Mrozek-Siewierska","Szacowany czas czytania":"1 minuta"},"schema":{"@context":"https:\/\/schema.org","@graph":[{"@type":"Article","@id":"https:\/\/www.24gliwice.pl\/wiadomosci\/kolejny-punkt-wymiany-ciepla-zorganizowal-mzuk-to-trzecie-takie-miejsce-w-gliwicach\/#article","isPartOf":{"@id":"https:\/\/www.24gliwice.pl\/wiadomosci\/kolejny-punkt-wymiany-ciepla-zorganizowal-mzuk-to-trzecie-takie-miejsce-w-gliwicach\/"},"author":{"name":"\u017baneta Mrozek-Siewierska","@id":"https:\/\/www.24gliwice.pl\/wiadomosci\/#\/schema\/person\/e42c650edd7f2fa332be3811fb166b6e"},"headline":"Kolejny punkt wymiany ciep\u0142a zorganizowa\u0142 MZUK. To trzecie takie miejsce w Gliwicach","datePublished":"2018-01-11T13:25:02+00:00","mainEntityOfPage":{"@id":"https:\/\/www.24gliwice.pl\/wiadomosci\/kolejny-punkt-wymiany-ciepla-zorganizowal-mzuk-to-trzecie-takie-miejsce-w-gliwicach\/"},"wordCount":266,"commentCount":0,"publisher":{"@id":"https:\/\/www.24gliwice.pl\/wiadomosci\/#organization"},"image":{"@id":"https:\/\/www.24gliwice.pl\/wiadomosci\/kolejny-punkt-wymiany-ciepla-zorganizowal-mzuk-to-trzecie-takie-miejsce-w-gliwicach\/#primaryimage"},"thumbnailUrl":"https:\/\/www.24gliwice.pl\/wiadomosci\/wp-content\/uploads\/2018\/01\/punkt-wymiany-ciepla.jpg","keywords":["cks \u0142ab\u0119d\u017a","izba wytrze\u017awie\u0144","MZUK","odzie\u017c","okopowa","wymiana ciep\u0142a","\u0142ab\u0119d\u017a"],"articleSection":["Gliwice","Najnowsze wiadomo\u015bci"],"inLanguage":"pl-PL","potentialAction":[{"@type":"CommentAction","name":"Comment","target":["https:\/\/www.24gliwice.pl\/wiadomosci\/kolejny-punkt-wymiany-ciepla-zorganizowal-mzuk-to-trzecie-takie-miejsce-w-gliwicach\/#respond"]}]},{"@type":"WebPage","@id":"https:\/\/www.24gliwice.pl\/wiadomosci\/kolejny-punkt-wymiany-ciepla-zorganizowal-mzuk-to-trzecie-takie-miejsce-w-gliwicach\/","url":"https:\/\/www.24gliwice.pl\/wiadomosci\/kolejny-punkt-wymiany-ciepla-zorganizowal-mzuk-to-trzecie-takie-miejsce-w-gliwicach\/","name":"Kolejny punkt wymiany ciep\u0142a zorganizowa\u0142 MZUK. To trzecie takie miejsce w Gliwicach - 24GLIWICE - Portal Gliwice | codziennie nowe informacje","isPartOf":{"@id":"https:\/\/www.24gliwice.pl\/wiadomosci\/#website"},"primaryImageOfPage":{"@id":"https:\/\/www.24gliwice.pl\/wiadomosci\/kolejny-punkt-wymiany-ciepla-zorganizowal-mzuk-to-trzecie-takie-miejsce-w-gliwicach\/#primaryimage"},"image":{"@id":"https:\/\/www.24gliwice.pl\/wiadomosci\/kolejny-punkt-wymiany-ciepla-zorganizowal-mzuk-to-trzecie-takie-miejsce-w-gliwicach\/#primaryimage"},"thumbnailUrl":"https:\/\/www.24gliwice.pl\/wiadomosci\/wp-content\/uploads\/2018\/01\/punkt-wymiany-ciepla.jpg","datePublished":"2018-01-11T13:25:02+00:00","breadcrumb":{"@id":"https:\/\/www.24gliwice.pl\/wiadomosci\/kolejny-punkt-wymiany-ciepla-zorganizowal-mzuk-to-trzecie-takie-miejsce-w-gliwicach\/#breadcrumb"},"inLanguage":"pl-PL","potentialAction":[{"@type":"ReadAction","target":["https:\/\/www.24gliwice.pl\/wiadomosci\/kolejny-punkt-wymiany-ciepla-zorganizowal-mzuk-to-trzecie-takie-miejsce-w-gliwicach\/"]}]},{"@type":"ImageObject","inLanguage":"pl-PL","@id":"https:\/\/www.24gliwice.pl\/wiadomosci\/kolejny-punkt-wymiany-ciepla-zorganizowal-mzuk-to-trzecie-takie-miejsce-w-gliwicach\/#primaryimage","url":"https:\/\/www.24gliwice.pl\/wiadomosci\/wp-content\/uploads\/2018\/01\/punkt-wymiany-ciepla.jpg","contentUrl":"https:\/\/www.24gliwice.pl\/wiadomosci\/wp-content\/uploads\/2018\/01\/punkt-wymiany-ciepla.jpg","width":810,"height":456},{"@type":"BreadcrumbList","@id":"https:\/\/www.24gliwice.pl\/wiadomosci\/kolejny-punkt-wymiany-ciepla-zorganizowal-mzuk-to-trzecie-takie-miejsce-w-gliwicach\/#breadcrumb","itemListElement":[{"@type":"ListItem","position":1,"name":"Strona g\u0142\u00f3wna","item":"https:\/\/www.24gliwice.pl\/wiadomosci\/"},{"@type":"ListItem","position":2,"name":"Kolejny punkt wymiany ciep\u0142a zorganizowa\u0142 MZUK. To trzecie takie miejsce w Gliwicach"}]},{"@type":"WebSite","@id":"https:\/\/www.24gliwice.pl\/wiadomosci\/#website","url":"https:\/\/www.24gliwice.pl\/wiadomosci\/","name":"24GLIWICE - Portal Gliwice | codziennie nowe wiadomo\u015bci","description":"Portal Miejski Gliwice","publisher":{"@id":"https:\/\/www.24gliwice.pl\/wiadomosci\/#organization"},"potentialAction":[{"@type":"SearchAction","target":{"@type":"EntryPoint","urlTemplate":"https:\/\/www.24gliwice.pl\/wiadomosci\/?s={search_term_string}"},"query-input":{"@type":"PropertyValueSpecification","valueRequired":true,"valueName":"search_term_string"}}],"inLanguage":"pl-PL"},{"@type":"Organization","@id":"https:\/\/www.24gliwice.pl\/wiadomosci\/#organization","name":"24gliwice","url":"https:\/\/www.24gliwice.pl\/wiadomosci\/","logo":{"@type":"ImageObject","inLanguage":"pl-PL","@id":"https:\/\/www.24gliwice.pl\/wiadomosci\/#\/schema\/logo\/image\/","url":"https:\/\/www.24gliwice.pl\/wiadomosci\/wp-content\/uploads\/2024\/10\/24gliwice-logo-696.jpg","contentUrl":"https:\/\/www.24gliwice.pl\/wiadomosci\/wp-content\/uploads\/2024\/10\/24gliwice-logo-696.jpg","width":696,"height":696,"caption":"24gliwice"},"image":{"@id":"https:\/\/www.24gliwice.pl\/wiadomosci\/#\/schema\/logo\/image\/"},"sameAs":["https:\/\/www.facebook.com\/24gliwice","https:\/\/x.com\/24gliwice","https:\/\/www.youtube.com\/@24gliwice"]},{"@type":"Person","@id":"https:\/\/www.24gliwice.pl\/wiadomosci\/#\/schema\/person\/e42c650edd7f2fa332be3811fb166b6e","name":"\u017baneta Mrozek-Siewierska","image":{"@type":"ImageObject","inLanguage":"pl-PL","@id":"https:\/\/secure.gravatar.com\/avatar\/1881429e9c64597c77ad7aef2d0a19be69a3253e57534d16aa15bf3a4d34a0a3?s=96&d=mm&r=g","url":"https:\/\/secure.gravatar.com\/avatar\/1881429e9c64597c77ad7aef2d0a19be69a3253e57534d16aa15bf3a4d34a0a3?s=96&d=mm&r=g","contentUrl":"https:\/\/secure.gravatar.com\/avatar\/1881429e9c64597c77ad7aef2d0a19be69a3253e57534d16aa15bf3a4d34a0a3?s=96&d=mm&r=g","caption":"\u017baneta Mrozek-Siewierska"},"url":"https:\/\/www.24gliwice.pl\/wiadomosci\/author\/zms\/"}]}},"_links":{"self":[{"href":"https:\/\/www.24gliwice.pl\/wiadomosci\/wp-json\/wp\/v2\/posts\/110308","targetHints":{"allow":["GET"]}}],"collection":[{"href":"https:\/\/www.24gliwice.pl\/wiadomosci\/wp-json\/wp\/v2\/posts"}],"about":[{"href":"https:\/\/www.24gliwice.pl\/wiadomosci\/wp-json\/wp\/v2\/types\/post"}],"author":[{"embeddable":true,"href":"https:\/\/www.24gliwice.pl\/wiadomosci\/wp-json\/wp\/v2\/users\/15"}],"replies":[{"embeddable":true,"href":"https:\/\/www.24gliwice.pl\/wiadomosci\/wp-json\/wp\/v2\/comments?post=110308"}],"version-history":[{"count":0,"href":"https:\/\/www.24gliwice.pl\/wiadomosci\/wp-json\/wp\/v2\/posts\/110308\/revisions"}],"wp:featuredmedia":[{"embeddable":true,"href":"https:\/\/www.24gliwice.pl\/wiadomosci\/wp-json\/wp\/v2\/media\/110324"}],"wp:attachment":[{"href":"https:\/\/www.24gliwice.pl\/wiadomosci\/wp-json\/wp\/v2\/media?parent=110308"}],"wp:term":[{"taxonomy":"category","embeddable":true,"href":"https:\/\/www.24gliwice.pl\/wiadomosci\/wp-json\/wp\/v2\/categories?post=110308"},{"taxonomy":"post_tag","embeddable":true,"href":"https:\/\/www.24gliwice.pl\/wiadomosci\/wp-json\/wp\/v2\/tags?post=110308"}],"curies":[{"name":"wp","href":"https:\/\/api.w.org\/{rel}","templated":true}]}}