{"id":110466,"date":"2018-01-19T02:10:35","date_gmt":"2018-01-19T01:10:35","guid":{"rendered":"http:\/\/www.24gliwice.pl\/wiadomosci\/?p=110466"},"modified":"2018-01-19T02:23:00","modified_gmt":"2018-01-19T01:23:00","slug":"wandal-pozostanie-bezkarny-bo-przez-poltora-miesiaca-nikt-nie-sprawdzil-nagran-z-monitoringu","status":"publish","type":"post","link":"https:\/\/www.24gliwice.pl\/wiadomosci\/wandal-pozostanie-bezkarny-bo-przez-poltora-miesiaca-nikt-nie-sprawdzil-nagran-z-monitoringu\/","title":{"rendered":"Wandal pozostanie bezkarny, bo przez p\u00f3\u0142tora miesi\u0105ca nikt nie sprawdzi\u0142 nagra\u0144 z monitoringu"},"content":{"rendered":"<div class=\"gliwi-a6-nad-leadem-artykulow gliwi-entity-placement\" id=\"gliwi-1598260614\"><div class=\"gliwi-adlabel\"><span style=\"font-size: 9px\">REKLAMA<\/span><\/div><div id=\"gliwi-1433906529\" style=\"margin-bottom: 25px;margin-left: auto;margin-right: auto;text-align: center;\"><a data-no-instant=\"1\" href=\"https:\/\/dom100.eu\/\" rel=\"noopener\" class=\"a2t-link\" target=\"_blank\" aria-label=\"20260415 DOM100 D\"><img loading=\"lazy\" decoding=\"async\" src=\"https:\/\/www.24gliwice.pl\/wiadomosci\/wp-content\/uploads\/2026\/04\/20260415-DOM100-D.jpg\" alt=\"\"  srcset=\"https:\/\/www.24gliwice.pl\/wiadomosci\/wp-content\/uploads\/2026\/04\/20260415-DOM100-D.jpg 750w, https:\/\/www.24gliwice.pl\/wiadomosci\/wp-content\/uploads\/2026\/04\/20260415-DOM100-D-410x109.jpg 410w\" sizes=\"(max-width: 750px) 100vw, 750px\" class=\"no-lazyload\" width=\"750\" height=\"200\"  style=\"display: inline-block; max-width: 100%; height: auto;\" \/><\/a><\/div><\/div><h3>W grudniu informowali\u015bmy o dewastacji na tzw. &#8220;mostku mi\u0142o\u015bci&#8221; w ci\u0105gu ulicy Berbeckiego.<\/a> Kto\u015b pomaza\u0142 sprayem boczne murki. Opr\u00f3cz wulgarnych napis\u00f3w pojawi\u0142a si\u0119 te\u017c swastyka.<\/h3>\n<p> Po <a href=\"http:\/\/www.24gliwice.pl\/wiadomosci\/swastyka-i-wulgarne-bohomazy-pojawily-sie-na-mostku-milosci-pod-okiem-kamer\/\">opisaniu przez nas sprawy<\/a>, Zarz\u0105d Dr\u00f3g Miejskich zareagowa\u0142 b\u0142yskawicznie i ju\u017c na drugi dzie\u0144 usun\u0105\u0142 napisy. <\/p>\n<p>Wydawa\u0142o si\u0119 oczywistym, \u017ce ZDM, jako operator obiektu, powinien r\u00f3wnie\u017c zg\u0142osi\u0107 dewastacj\u0119 policji. W\u00f3wczas odpowiednie s\u0142u\u017cby zaj\u0119\u0142yby si\u0119 sprawdzeniem nagra\u0144 z monitoringu w celu ustalenia to\u017csamo\u015bci sprawcy. Tym bardziej, \u017ce kamery monitoringu znajduj\u0105 si\u0119 dos\u0142ownie na wyci\u0105gni\u0119cie r\u0119ki od mostku. <\/p><div class=\"gliwi-a3-w-tresci-artykulow gliwi-entity-placement\" id=\"gliwi-235807287\"><div class=\"gliwi-adlabel\"><span style=\"font-size: 9px\">REKLAMA<\/span><\/div><div id=\"gliwi-2072836893\" style=\"margin-bottom: 30px;margin-left: auto;margin-right: auto;text-align: center;\"><a data-no-instant=\"1\" href=\"https:\/\/ogrodyandersa.pl\/\" rel=\"noopener\" class=\"a2t-link\" target=\"_blank\" aria-label=\"20260415 Ogrody Andersa KUP TERAZ D\"><img loading=\"lazy\" decoding=\"async\" src=\"https:\/\/www.24gliwice.pl\/wiadomosci\/wp-content\/uploads\/2026\/04\/20260415-Ogrody-Andersa-KUP-TERAZ-D.jpg\" alt=\"\"  srcset=\"https:\/\/www.24gliwice.pl\/wiadomosci\/wp-content\/uploads\/2026\/04\/20260415-Ogrody-Andersa-KUP-TERAZ-D.jpg 750w, https:\/\/www.24gliwice.pl\/wiadomosci\/wp-content\/uploads\/2026\/04\/20260415-Ogrody-Andersa-KUP-TERAZ-D-410x109.jpg 410w\" sizes=\"(max-width: 750px) 100vw, 750px\" class=\"no-lazyload\" width=\"750\" height=\"200\"  style=\"display: inline-block; max-width: 100%; height: auto;\" \/><\/a><\/div><\/div>\n<p>Kilka dni temu zapytali\u015bmy czy zosta\u0142y podj\u0119te jakie\u015b kroki w celu identyfikacji sprawc\u00f3w.<br \/>\n&#8211; Sprawa jeszcze nie zosta\u0142a zg\u0142oszona &#8211; odpowiada <strong>Jadwiga Jagie\u0142\u0142o-Stiborska<\/strong>, rzeczniczka ZDM. <\/p>\n<p>Obraz z kamer przechowywany jest przez 30 dni na macierzach \u015aSM, p\u00f3\u017aniej nagrania te s\u0105 nadpisywane kolejnymi. Dewastacja mia\u0142a miejsce przed 7 grudnia, dlatego jest zbyt p\u00f3\u017ano, aby stara\u0107 si\u0119 ustali\u0107 sprawc\u0119 w oparciu o monitoring. <\/p>\n<p><img loading=\"lazy\" decoding=\"async\" src=\"http:\/\/www.24gliwice.pl\/wiadomosci\/wp-content\/uploads\/2017\/12\/1-24826046_10155964625154675_758793037_o.jpg\" alt=\"\" width=\"1140\" height=\"642\" class=\"aligncenter size-full wp-image-108869\" srcset=\"https:\/\/www.24gliwice.pl\/wiadomosci\/wp-content\/uploads\/2017\/12\/1-24826046_10155964625154675_758793037_o.jpg 1140w, https:\/\/www.24gliwice.pl\/wiadomosci\/wp-content\/uploads\/2017\/12\/1-24826046_10155964625154675_758793037_o-410x232.jpg 410w, https:\/\/www.24gliwice.pl\/wiadomosci\/wp-content\/uploads\/2017\/12\/1-24826046_10155964625154675_758793037_o-768x433.jpg 768w, https:\/\/www.24gliwice.pl\/wiadomosci\/wp-content\/uploads\/2017\/12\/1-24826046_10155964625154675_758793037_o-808x455.jpg 808w, https:\/\/www.24gliwice.pl\/wiadomosci\/wp-content\/uploads\/2017\/12\/1-24826046_10155964625154675_758793037_o-810x456.jpg 810w\" sizes=\"auto, (max-width: 1140px) 100vw, 1140px\" \/><\/p>\n<p>W ubieg\u0142ym roku \u015al\u0105ska Sie\u0107 Metropolitalna zako\u0144czy\u0142a prace zwi\u0105zane z <a href=\"http:\/\/www.24gliwice.pl\/wiadomosci\/w-gliwicach-bedzie-bezpieczniej-ma-w-tym-pomoc-ponad-100-nowych-kamer-monitoringu\/\" rel=\"noopener\" target=\"_blank\">rozwojem sieci monitoringu w Gliwicach.<\/a> Do systemu do\u0142\u0105czono ponad 100 nowych kamer, w rezultacie jest ich teraz na obszarze miasta 406. <\/p>\n<p>Szkoda, \u017ce mimo sporych mo\u017cliwo\u015bci technicznych, nikomu najwyra\u017aniej nie zale\u017cy na wyeliminowaniu lub przynajmniej ograniczeniu aktywno\u015bci pseudo grafficiarzy. Przy takiej oboj\u0119tno\u015bci urz\u0119dnik\u00f3w, wandale mog\u0105 czu\u0107 si\u0119 bezkarni.<\/p>\n<p>(\u017cms)<\/p>\n<div class=\"gliwi-a5-na-koncu-artykulow gliwi-entity-placement\" id=\"gliwi-1933414950\"><div class=\"gliwi-adlabel\"><span style=\"font-size: 9px\">REKLAMA<\/span><\/div><div id=\"gliwi-2091825646\" style=\"margin-left: auto;margin-right: auto;text-align: center;\"><a data-no-instant=\"1\" href=\"https:\/\/prezeroarenagliwice.pl\/\" rel=\"noopener\" class=\"a2t-link\" target=\"_blank\" aria-label=\"20260309-PREZERO-WIOSNA-D\"><img loading=\"lazy\" decoding=\"async\" src=\"https:\/\/www.24gliwice.pl\/wiadomosci\/wp-content\/uploads\/2026\/03\/20260309-PREZERO-WIOSNA-D.webp\" alt=\"\"  srcset=\"https:\/\/www.24gliwice.pl\/wiadomosci\/wp-content\/uploads\/2026\/03\/20260309-PREZERO-WIOSNA-D.webp 750w, https:\/\/www.24gliwice.pl\/wiadomosci\/wp-content\/uploads\/2026\/03\/20260309-PREZERO-WIOSNA-D-410x109.webp 410w\" sizes=\"(max-width: 750px) 100vw, 750px\" class=\"no-lazyload\" width=\"750\" height=\"200\"  style=\"display: inline-block; max-width: 100%; height: auto;\" \/><\/a><\/div><\/div>","protected":false},"excerpt":{"rendered":"<p>W grudniu informowali\u015bmy o dewastacji na tzw. &#8220;mostku mi\u0142o\u015bci&#8221; w ci\u0105gu ulicy Berbeckiego. Kto\u015b pomaza\u0142 sprayem boczne murki. Opr\u00f3cz wulgarnych napis\u00f3w pojawi\u0142a si\u0119 te\u017c swastyka. Po opisaniu przez nas sprawy, Zarz\u0105d Dr\u00f3g Miejskich zareagowa\u0142 b\u0142yskawicznie i ju\u017c na drugi dzie\u0144 usun\u0105\u0142 napisy. Wydawa\u0142o si\u0119 oczywistym, \u017ce ZDM, jako operator obiektu, powinien r\u00f3wnie\u017c zg\u0142osi\u0107 dewastacj\u0119 policji. [&hellip;]<\/p>\n","protected":false},"author":15,"featured_media":110862,"comment_status":"open","ping_status":"closed","sticky":false,"template":"","format":"standard","meta":{"_monsterinsights_skip_tracking":false,"_monsterinsights_sitenote_active":false,"_monsterinsights_sitenote_note":"","_monsterinsights_sitenote_category":0,"footnotes":"","_links_to":"","_links_to_target":""},"categories":[3,1,9],"tags":[9075,6574,10900,1233,10902,534,4413,214],"class_list":["post-110466","post","type-post","status-publish","format-standard","has-post-thumbnail","hentry","category-gliwice","category-wszystko","category-aktualnosci_lokalne","tag-akt-wandalizmu","tag-dewastacja","tag-dewastacja-elewacji","tag-graffiti","tag-mostek-milosci","tag-wandal","tag-wandalizm","tag-zdm"],"yoast_head":"<!-- This site is optimized with the Yoast SEO plugin v27.5 - https:\/\/yoast.com\/product\/yoast-seo-wordpress\/ -->\n<title>Wandal pozostanie bezkarny, bo przez p\u00f3\u0142tora miesi\u0105ca nikt nie sprawdzi\u0142 nagra\u0144 z monitoringu - 24GLIWICE - Portal Gliwice | codziennie nowe informacje<\/title>\n<meta name=\"robots\" content=\"index, follow, max-snippet:-1, max-image-preview:large, max-video-preview:-1\" \/>\n<link rel=\"canonical\" href=\"https:\/\/www.24gliwice.pl\/wiadomosci\/wandal-pozostanie-bezkarny-bo-przez-poltora-miesiaca-nikt-nie-sprawdzil-nagran-z-monitoringu\/\" \/>\n<meta property=\"og:locale\" content=\"pl_PL\" \/>\n<meta property=\"og:type\" content=\"article\" \/>\n<meta property=\"og:title\" content=\"Wandal pozostanie bezkarny, bo przez p\u00f3\u0142tora miesi\u0105ca nikt nie sprawdzi\u0142 nagra\u0144 z monitoringu - 24GLIWICE - Portal Gliwice | codziennie nowe informacje\" \/>\n<meta property=\"og:description\" content=\"W grudniu informowali\u015bmy o dewastacji na tzw. &#8220;mostku mi\u0142o\u015bci&#8221; w ci\u0105gu ulicy Berbeckiego. Kto\u015b pomaza\u0142 sprayem boczne murki. Opr\u00f3cz wulgarnych napis\u00f3w pojawi\u0142a si\u0119 te\u017c swastyka. Po opisaniu przez nas sprawy, Zarz\u0105d Dr\u00f3g Miejskich zareagowa\u0142 b\u0142yskawicznie i ju\u017c na drugi dzie\u0144 usun\u0105\u0142 napisy. Wydawa\u0142o si\u0119 oczywistym, \u017ce ZDM, jako operator obiektu, powinien r\u00f3wnie\u017c zg\u0142osi\u0107 dewastacj\u0119 policji. [&hellip;]\" \/>\n<meta property=\"og:url\" content=\"https:\/\/www.24gliwice.pl\/wiadomosci\/wandal-pozostanie-bezkarny-bo-przez-poltora-miesiaca-nikt-nie-sprawdzil-nagran-z-monitoringu\/\" \/>\n<meta property=\"og:site_name\" content=\"24GLIWICE - Portal Gliwice | codziennie nowe informacje\" \/>\n<meta property=\"article:publisher\" content=\"https:\/\/www.facebook.com\/24gliwice\" \/>\n<meta property=\"article:published_time\" content=\"2018-01-19T01:10:35+00:00\" \/>\n<meta property=\"article:modified_time\" content=\"2018-01-19T01:23:00+00:00\" \/>\n<meta property=\"og:image\" content=\"https:\/\/www.24gliwice.pl\/wiadomosci\/wp-content\/uploads\/2018\/01\/Screenshot_65.jpg\" \/>\n\t<meta property=\"og:image:width\" content=\"1021\" \/>\n\t<meta property=\"og:image:height\" content=\"586\" \/>\n\t<meta property=\"og:image:type\" content=\"image\/jpeg\" \/>\n<meta name=\"author\" content=\"\u017baneta Mrozek-Siewierska\" \/>\n<meta name=\"twitter:card\" content=\"summary_large_image\" \/>\n<meta name=\"twitter:creator\" content=\"@24gliwice\" \/>\n<meta name=\"twitter:site\" content=\"@24gliwice\" \/>\n<meta name=\"twitter:label1\" content=\"Napisane przez\" \/>\n\t<meta name=\"twitter:data1\" content=\"\u017baneta Mrozek-Siewierska\" \/>\n\t<meta name=\"twitter:label2\" content=\"Szacowany czas czytania\" \/>\n\t<meta name=\"twitter:data2\" content=\"1 minuta\" \/>\n<script type=\"application\/ld+json\" class=\"yoast-schema-graph\">{\"@context\":\"https:\\\/\\\/schema.org\",\"@graph\":[{\"@type\":\"Article\",\"@id\":\"https:\\\/\\\/www.24gliwice.pl\\\/wiadomosci\\\/wandal-pozostanie-bezkarny-bo-przez-poltora-miesiaca-nikt-nie-sprawdzil-nagran-z-monitoringu\\\/#article\",\"isPartOf\":{\"@id\":\"https:\\\/\\\/www.24gliwice.pl\\\/wiadomosci\\\/wandal-pozostanie-bezkarny-bo-przez-poltora-miesiaca-nikt-nie-sprawdzil-nagran-z-monitoringu\\\/\"},\"author\":{\"name\":\"\u017baneta Mrozek-Siewierska\",\"@id\":\"https:\\\/\\\/www.24gliwice.pl\\\/wiadomosci\\\/#\\\/schema\\\/person\\\/e42c650edd7f2fa332be3811fb166b6e\"},\"headline\":\"Wandal pozostanie bezkarny, bo przez p\u00f3\u0142tora miesi\u0105ca nikt nie sprawdzi\u0142 nagra\u0144 z monitoringu\",\"datePublished\":\"2018-01-19T01:10:35+00:00\",\"dateModified\":\"2018-01-19T01:23:00+00:00\",\"mainEntityOfPage\":{\"@id\":\"https:\\\/\\\/www.24gliwice.pl\\\/wiadomosci\\\/wandal-pozostanie-bezkarny-bo-przez-poltora-miesiaca-nikt-nie-sprawdzil-nagran-z-monitoringu\\\/\"},\"wordCount\":261,\"commentCount\":0,\"publisher\":{\"@id\":\"https:\\\/\\\/www.24gliwice.pl\\\/wiadomosci\\\/#organization\"},\"image\":{\"@id\":\"https:\\\/\\\/www.24gliwice.pl\\\/wiadomosci\\\/wandal-pozostanie-bezkarny-bo-przez-poltora-miesiaca-nikt-nie-sprawdzil-nagran-z-monitoringu\\\/#primaryimage\"},\"thumbnailUrl\":\"https:\\\/\\\/www.24gliwice.pl\\\/wiadomosci\\\/wp-content\\\/uploads\\\/2018\\\/01\\\/Screenshot_65.jpg\",\"keywords\":[\"akt wandalizmu\",\"DEWASTACJA\",\"dewastacja elewacji\",\"GRAFFITI\",\"mostek mi\u0142o\u015bci\",\"WANDAL\",\"WANDALIZM\",\"ZDM\"],\"articleSection\":[\"Gliwice\",\"Najnowsze wiadomo\u015bci\",\"Portal Gliwice - Wiadomo\u015bci lokalne\"],\"inLanguage\":\"pl-PL\",\"potentialAction\":[{\"@type\":\"CommentAction\",\"name\":\"Comment\",\"target\":[\"https:\\\/\\\/www.24gliwice.pl\\\/wiadomosci\\\/wandal-pozostanie-bezkarny-bo-przez-poltora-miesiaca-nikt-nie-sprawdzil-nagran-z-monitoringu\\\/#respond\"]}]},{\"@type\":\"WebPage\",\"@id\":\"https:\\\/\\\/www.24gliwice.pl\\\/wiadomosci\\\/wandal-pozostanie-bezkarny-bo-przez-poltora-miesiaca-nikt-nie-sprawdzil-nagran-z-monitoringu\\\/\",\"url\":\"https:\\\/\\\/www.24gliwice.pl\\\/wiadomosci\\\/wandal-pozostanie-bezkarny-bo-przez-poltora-miesiaca-nikt-nie-sprawdzil-nagran-z-monitoringu\\\/\",\"name\":\"Wandal pozostanie bezkarny, bo przez p\u00f3\u0142tora miesi\u0105ca nikt nie sprawdzi\u0142 nagra\u0144 z monitoringu - 24GLIWICE - Portal Gliwice | codziennie nowe informacje\",\"isPartOf\":{\"@id\":\"https:\\\/\\\/www.24gliwice.pl\\\/wiadomosci\\\/#website\"},\"primaryImageOfPage\":{\"@id\":\"https:\\\/\\\/www.24gliwice.pl\\\/wiadomosci\\\/wandal-pozostanie-bezkarny-bo-przez-poltora-miesiaca-nikt-nie-sprawdzil-nagran-z-monitoringu\\\/#primaryimage\"},\"image\":{\"@id\":\"https:\\\/\\\/www.24gliwice.pl\\\/wiadomosci\\\/wandal-pozostanie-bezkarny-bo-przez-poltora-miesiaca-nikt-nie-sprawdzil-nagran-z-monitoringu\\\/#primaryimage\"},\"thumbnailUrl\":\"https:\\\/\\\/www.24gliwice.pl\\\/wiadomosci\\\/wp-content\\\/uploads\\\/2018\\\/01\\\/Screenshot_65.jpg\",\"datePublished\":\"2018-01-19T01:10:35+00:00\",\"dateModified\":\"2018-01-19T01:23:00+00:00\",\"breadcrumb\":{\"@id\":\"https:\\\/\\\/www.24gliwice.pl\\\/wiadomosci\\\/wandal-pozostanie-bezkarny-bo-przez-poltora-miesiaca-nikt-nie-sprawdzil-nagran-z-monitoringu\\\/#breadcrumb\"},\"inLanguage\":\"pl-PL\",\"potentialAction\":[{\"@type\":\"ReadAction\",\"target\":[\"https:\\\/\\\/www.24gliwice.pl\\\/wiadomosci\\\/wandal-pozostanie-bezkarny-bo-przez-poltora-miesiaca-nikt-nie-sprawdzil-nagran-z-monitoringu\\\/\"]}]},{\"@type\":\"ImageObject\",\"inLanguage\":\"pl-PL\",\"@id\":\"https:\\\/\\\/www.24gliwice.pl\\\/wiadomosci\\\/wandal-pozostanie-bezkarny-bo-przez-poltora-miesiaca-nikt-nie-sprawdzil-nagran-z-monitoringu\\\/#primaryimage\",\"url\":\"https:\\\/\\\/www.24gliwice.pl\\\/wiadomosci\\\/wp-content\\\/uploads\\\/2018\\\/01\\\/Screenshot_65.jpg\",\"contentUrl\":\"https:\\\/\\\/www.24gliwice.pl\\\/wiadomosci\\\/wp-content\\\/uploads\\\/2018\\\/01\\\/Screenshot_65.jpg\",\"width\":1021,\"height\":586},{\"@type\":\"BreadcrumbList\",\"@id\":\"https:\\\/\\\/www.24gliwice.pl\\\/wiadomosci\\\/wandal-pozostanie-bezkarny-bo-przez-poltora-miesiaca-nikt-nie-sprawdzil-nagran-z-monitoringu\\\/#breadcrumb\",\"itemListElement\":[{\"@type\":\"ListItem\",\"position\":1,\"name\":\"Strona g\u0142\u00f3wna\",\"item\":\"https:\\\/\\\/www.24gliwice.pl\\\/wiadomosci\\\/\"},{\"@type\":\"ListItem\",\"position\":2,\"name\":\"Wandal pozostanie bezkarny, bo przez p\u00f3\u0142tora miesi\u0105ca nikt nie sprawdzi\u0142 nagra\u0144 z monitoringu\"}]},{\"@type\":\"WebSite\",\"@id\":\"https:\\\/\\\/www.24gliwice.pl\\\/wiadomosci\\\/#website\",\"url\":\"https:\\\/\\\/www.24gliwice.pl\\\/wiadomosci\\\/\",\"name\":\"24GLIWICE - Portal Gliwice | codziennie nowe wiadomo\u015bci\",\"description\":\"Portal Miejski Gliwice\",\"publisher\":{\"@id\":\"https:\\\/\\\/www.24gliwice.pl\\\/wiadomosci\\\/#organization\"},\"potentialAction\":[{\"@type\":\"SearchAction\",\"target\":{\"@type\":\"EntryPoint\",\"urlTemplate\":\"https:\\\/\\\/www.24gliwice.pl\\\/wiadomosci\\\/?s={search_term_string}\"},\"query-input\":{\"@type\":\"PropertyValueSpecification\",\"valueRequired\":true,\"valueName\":\"search_term_string\"}}],\"inLanguage\":\"pl-PL\"},{\"@type\":\"Organization\",\"@id\":\"https:\\\/\\\/www.24gliwice.pl\\\/wiadomosci\\\/#organization\",\"name\":\"24gliwice\",\"url\":\"https:\\\/\\\/www.24gliwice.pl\\\/wiadomosci\\\/\",\"logo\":{\"@type\":\"ImageObject\",\"inLanguage\":\"pl-PL\",\"@id\":\"https:\\\/\\\/www.24gliwice.pl\\\/wiadomosci\\\/#\\\/schema\\\/logo\\\/image\\\/\",\"url\":\"https:\\\/\\\/www.24gliwice.pl\\\/wiadomosci\\\/wp-content\\\/uploads\\\/2024\\\/10\\\/24gliwice-logo-696.jpg\",\"contentUrl\":\"https:\\\/\\\/www.24gliwice.pl\\\/wiadomosci\\\/wp-content\\\/uploads\\\/2024\\\/10\\\/24gliwice-logo-696.jpg\",\"width\":696,\"height\":696,\"caption\":\"24gliwice\"},\"image\":{\"@id\":\"https:\\\/\\\/www.24gliwice.pl\\\/wiadomosci\\\/#\\\/schema\\\/logo\\\/image\\\/\"},\"sameAs\":[\"https:\\\/\\\/www.facebook.com\\\/24gliwice\",\"https:\\\/\\\/x.com\\\/24gliwice\",\"https:\\\/\\\/www.youtube.com\\\/@24gliwice\"]},{\"@type\":\"Person\",\"@id\":\"https:\\\/\\\/www.24gliwice.pl\\\/wiadomosci\\\/#\\\/schema\\\/person\\\/e42c650edd7f2fa332be3811fb166b6e\",\"name\":\"\u017baneta Mrozek-Siewierska\",\"image\":{\"@type\":\"ImageObject\",\"inLanguage\":\"pl-PL\",\"@id\":\"https:\\\/\\\/secure.gravatar.com\\\/avatar\\\/1881429e9c64597c77ad7aef2d0a19be69a3253e57534d16aa15bf3a4d34a0a3?s=96&d=mm&r=g\",\"url\":\"https:\\\/\\\/secure.gravatar.com\\\/avatar\\\/1881429e9c64597c77ad7aef2d0a19be69a3253e57534d16aa15bf3a4d34a0a3?s=96&d=mm&r=g\",\"contentUrl\":\"https:\\\/\\\/secure.gravatar.com\\\/avatar\\\/1881429e9c64597c77ad7aef2d0a19be69a3253e57534d16aa15bf3a4d34a0a3?s=96&d=mm&r=g\",\"caption\":\"\u017baneta Mrozek-Siewierska\"},\"url\":\"https:\\\/\\\/www.24gliwice.pl\\\/wiadomosci\\\/author\\\/zms\\\/\"}]}<\/script>\n<!-- \/ Yoast SEO plugin. -->","yoast_head_json":{"title":"Wandal pozostanie bezkarny, bo przez p\u00f3\u0142tora miesi\u0105ca nikt nie sprawdzi\u0142 nagra\u0144 z monitoringu - 24GLIWICE - Portal Gliwice | codziennie nowe informacje","robots":{"index":"index","follow":"follow","max-snippet":"max-snippet:-1","max-image-preview":"max-image-preview:large","max-video-preview":"max-video-preview:-1"},"canonical":"https:\/\/www.24gliwice.pl\/wiadomosci\/wandal-pozostanie-bezkarny-bo-przez-poltora-miesiaca-nikt-nie-sprawdzil-nagran-z-monitoringu\/","og_locale":"pl_PL","og_type":"article","og_title":"Wandal pozostanie bezkarny, bo przez p\u00f3\u0142tora miesi\u0105ca nikt nie sprawdzi\u0142 nagra\u0144 z monitoringu - 24GLIWICE - Portal Gliwice | codziennie nowe informacje","og_description":"W grudniu informowali\u015bmy o dewastacji na tzw. &#8220;mostku mi\u0142o\u015bci&#8221; w ci\u0105gu ulicy Berbeckiego. Kto\u015b pomaza\u0142 sprayem boczne murki. Opr\u00f3cz wulgarnych napis\u00f3w pojawi\u0142a si\u0119 te\u017c swastyka. Po opisaniu przez nas sprawy, Zarz\u0105d Dr\u00f3g Miejskich zareagowa\u0142 b\u0142yskawicznie i ju\u017c na drugi dzie\u0144 usun\u0105\u0142 napisy. Wydawa\u0142o si\u0119 oczywistym, \u017ce ZDM, jako operator obiektu, powinien r\u00f3wnie\u017c zg\u0142osi\u0107 dewastacj\u0119 policji. [&hellip;]","og_url":"https:\/\/www.24gliwice.pl\/wiadomosci\/wandal-pozostanie-bezkarny-bo-przez-poltora-miesiaca-nikt-nie-sprawdzil-nagran-z-monitoringu\/","og_site_name":"24GLIWICE - Portal Gliwice | codziennie nowe informacje","article_publisher":"https:\/\/www.facebook.com\/24gliwice","article_published_time":"2018-01-19T01:10:35+00:00","article_modified_time":"2018-01-19T01:23:00+00:00","og_image":[{"width":1021,"height":586,"url":"https:\/\/www.24gliwice.pl\/wiadomosci\/wp-content\/uploads\/2018\/01\/Screenshot_65.jpg","type":"image\/jpeg"}],"author":"\u017baneta Mrozek-Siewierska","twitter_card":"summary_large_image","twitter_creator":"@24gliwice","twitter_site":"@24gliwice","twitter_misc":{"Napisane przez":"\u017baneta Mrozek-Siewierska","Szacowany czas czytania":"1 minuta"},"schema":{"@context":"https:\/\/schema.org","@graph":[{"@type":"Article","@id":"https:\/\/www.24gliwice.pl\/wiadomosci\/wandal-pozostanie-bezkarny-bo-przez-poltora-miesiaca-nikt-nie-sprawdzil-nagran-z-monitoringu\/#article","isPartOf":{"@id":"https:\/\/www.24gliwice.pl\/wiadomosci\/wandal-pozostanie-bezkarny-bo-przez-poltora-miesiaca-nikt-nie-sprawdzil-nagran-z-monitoringu\/"},"author":{"name":"\u017baneta Mrozek-Siewierska","@id":"https:\/\/www.24gliwice.pl\/wiadomosci\/#\/schema\/person\/e42c650edd7f2fa332be3811fb166b6e"},"headline":"Wandal pozostanie bezkarny, bo przez p\u00f3\u0142tora miesi\u0105ca nikt nie sprawdzi\u0142 nagra\u0144 z monitoringu","datePublished":"2018-01-19T01:10:35+00:00","dateModified":"2018-01-19T01:23:00+00:00","mainEntityOfPage":{"@id":"https:\/\/www.24gliwice.pl\/wiadomosci\/wandal-pozostanie-bezkarny-bo-przez-poltora-miesiaca-nikt-nie-sprawdzil-nagran-z-monitoringu\/"},"wordCount":261,"commentCount":0,"publisher":{"@id":"https:\/\/www.24gliwice.pl\/wiadomosci\/#organization"},"image":{"@id":"https:\/\/www.24gliwice.pl\/wiadomosci\/wandal-pozostanie-bezkarny-bo-przez-poltora-miesiaca-nikt-nie-sprawdzil-nagran-z-monitoringu\/#primaryimage"},"thumbnailUrl":"https:\/\/www.24gliwice.pl\/wiadomosci\/wp-content\/uploads\/2018\/01\/Screenshot_65.jpg","keywords":["akt wandalizmu","DEWASTACJA","dewastacja elewacji","GRAFFITI","mostek mi\u0142o\u015bci","WANDAL","WANDALIZM","ZDM"],"articleSection":["Gliwice","Najnowsze wiadomo\u015bci","Portal Gliwice - Wiadomo\u015bci lokalne"],"inLanguage":"pl-PL","potentialAction":[{"@type":"CommentAction","name":"Comment","target":["https:\/\/www.24gliwice.pl\/wiadomosci\/wandal-pozostanie-bezkarny-bo-przez-poltora-miesiaca-nikt-nie-sprawdzil-nagran-z-monitoringu\/#respond"]}]},{"@type":"WebPage","@id":"https:\/\/www.24gliwice.pl\/wiadomosci\/wandal-pozostanie-bezkarny-bo-przez-poltora-miesiaca-nikt-nie-sprawdzil-nagran-z-monitoringu\/","url":"https:\/\/www.24gliwice.pl\/wiadomosci\/wandal-pozostanie-bezkarny-bo-przez-poltora-miesiaca-nikt-nie-sprawdzil-nagran-z-monitoringu\/","name":"Wandal pozostanie bezkarny, bo przez p\u00f3\u0142tora miesi\u0105ca nikt nie sprawdzi\u0142 nagra\u0144 z monitoringu - 24GLIWICE - Portal Gliwice | codziennie nowe informacje","isPartOf":{"@id":"https:\/\/www.24gliwice.pl\/wiadomosci\/#website"},"primaryImageOfPage":{"@id":"https:\/\/www.24gliwice.pl\/wiadomosci\/wandal-pozostanie-bezkarny-bo-przez-poltora-miesiaca-nikt-nie-sprawdzil-nagran-z-monitoringu\/#primaryimage"},"image":{"@id":"https:\/\/www.24gliwice.pl\/wiadomosci\/wandal-pozostanie-bezkarny-bo-przez-poltora-miesiaca-nikt-nie-sprawdzil-nagran-z-monitoringu\/#primaryimage"},"thumbnailUrl":"https:\/\/www.24gliwice.pl\/wiadomosci\/wp-content\/uploads\/2018\/01\/Screenshot_65.jpg","datePublished":"2018-01-19T01:10:35+00:00","dateModified":"2018-01-19T01:23:00+00:00","breadcrumb":{"@id":"https:\/\/www.24gliwice.pl\/wiadomosci\/wandal-pozostanie-bezkarny-bo-przez-poltora-miesiaca-nikt-nie-sprawdzil-nagran-z-monitoringu\/#breadcrumb"},"inLanguage":"pl-PL","potentialAction":[{"@type":"ReadAction","target":["https:\/\/www.24gliwice.pl\/wiadomosci\/wandal-pozostanie-bezkarny-bo-przez-poltora-miesiaca-nikt-nie-sprawdzil-nagran-z-monitoringu\/"]}]},{"@type":"ImageObject","inLanguage":"pl-PL","@id":"https:\/\/www.24gliwice.pl\/wiadomosci\/wandal-pozostanie-bezkarny-bo-przez-poltora-miesiaca-nikt-nie-sprawdzil-nagran-z-monitoringu\/#primaryimage","url":"https:\/\/www.24gliwice.pl\/wiadomosci\/wp-content\/uploads\/2018\/01\/Screenshot_65.jpg","contentUrl":"https:\/\/www.24gliwice.pl\/wiadomosci\/wp-content\/uploads\/2018\/01\/Screenshot_65.jpg","width":1021,"height":586},{"@type":"BreadcrumbList","@id":"https:\/\/www.24gliwice.pl\/wiadomosci\/wandal-pozostanie-bezkarny-bo-przez-poltora-miesiaca-nikt-nie-sprawdzil-nagran-z-monitoringu\/#breadcrumb","itemListElement":[{"@type":"ListItem","position":1,"name":"Strona g\u0142\u00f3wna","item":"https:\/\/www.24gliwice.pl\/wiadomosci\/"},{"@type":"ListItem","position":2,"name":"Wandal pozostanie bezkarny, bo przez p\u00f3\u0142tora miesi\u0105ca nikt nie sprawdzi\u0142 nagra\u0144 z monitoringu"}]},{"@type":"WebSite","@id":"https:\/\/www.24gliwice.pl\/wiadomosci\/#website","url":"https:\/\/www.24gliwice.pl\/wiadomosci\/","name":"24GLIWICE - Portal Gliwice | codziennie nowe wiadomo\u015bci","description":"Portal Miejski Gliwice","publisher":{"@id":"https:\/\/www.24gliwice.pl\/wiadomosci\/#organization"},"potentialAction":[{"@type":"SearchAction","target":{"@type":"EntryPoint","urlTemplate":"https:\/\/www.24gliwice.pl\/wiadomosci\/?s={search_term_string}"},"query-input":{"@type":"PropertyValueSpecification","valueRequired":true,"valueName":"search_term_string"}}],"inLanguage":"pl-PL"},{"@type":"Organization","@id":"https:\/\/www.24gliwice.pl\/wiadomosci\/#organization","name":"24gliwice","url":"https:\/\/www.24gliwice.pl\/wiadomosci\/","logo":{"@type":"ImageObject","inLanguage":"pl-PL","@id":"https:\/\/www.24gliwice.pl\/wiadomosci\/#\/schema\/logo\/image\/","url":"https:\/\/www.24gliwice.pl\/wiadomosci\/wp-content\/uploads\/2024\/10\/24gliwice-logo-696.jpg","contentUrl":"https:\/\/www.24gliwice.pl\/wiadomosci\/wp-content\/uploads\/2024\/10\/24gliwice-logo-696.jpg","width":696,"height":696,"caption":"24gliwice"},"image":{"@id":"https:\/\/www.24gliwice.pl\/wiadomosci\/#\/schema\/logo\/image\/"},"sameAs":["https:\/\/www.facebook.com\/24gliwice","https:\/\/x.com\/24gliwice","https:\/\/www.youtube.com\/@24gliwice"]},{"@type":"Person","@id":"https:\/\/www.24gliwice.pl\/wiadomosci\/#\/schema\/person\/e42c650edd7f2fa332be3811fb166b6e","name":"\u017baneta Mrozek-Siewierska","image":{"@type":"ImageObject","inLanguage":"pl-PL","@id":"https:\/\/secure.gravatar.com\/avatar\/1881429e9c64597c77ad7aef2d0a19be69a3253e57534d16aa15bf3a4d34a0a3?s=96&d=mm&r=g","url":"https:\/\/secure.gravatar.com\/avatar\/1881429e9c64597c77ad7aef2d0a19be69a3253e57534d16aa15bf3a4d34a0a3?s=96&d=mm&r=g","contentUrl":"https:\/\/secure.gravatar.com\/avatar\/1881429e9c64597c77ad7aef2d0a19be69a3253e57534d16aa15bf3a4d34a0a3?s=96&d=mm&r=g","caption":"\u017baneta Mrozek-Siewierska"},"url":"https:\/\/www.24gliwice.pl\/wiadomosci\/author\/zms\/"}]}},"_links":{"self":[{"href":"https:\/\/www.24gliwice.pl\/wiadomosci\/wp-json\/wp\/v2\/posts\/110466","targetHints":{"allow":["GET"]}}],"collection":[{"href":"https:\/\/www.24gliwice.pl\/wiadomosci\/wp-json\/wp\/v2\/posts"}],"about":[{"href":"https:\/\/www.24gliwice.pl\/wiadomosci\/wp-json\/wp\/v2\/types\/post"}],"author":[{"embeddable":true,"href":"https:\/\/www.24gliwice.pl\/wiadomosci\/wp-json\/wp\/v2\/users\/15"}],"replies":[{"embeddable":true,"href":"https:\/\/www.24gliwice.pl\/wiadomosci\/wp-json\/wp\/v2\/comments?post=110466"}],"version-history":[{"count":0,"href":"https:\/\/www.24gliwice.pl\/wiadomosci\/wp-json\/wp\/v2\/posts\/110466\/revisions"}],"wp:featuredmedia":[{"embeddable":true,"href":"https:\/\/www.24gliwice.pl\/wiadomosci\/wp-json\/wp\/v2\/media\/110862"}],"wp:attachment":[{"href":"https:\/\/www.24gliwice.pl\/wiadomosci\/wp-json\/wp\/v2\/media?parent=110466"}],"wp:term":[{"taxonomy":"category","embeddable":true,"href":"https:\/\/www.24gliwice.pl\/wiadomosci\/wp-json\/wp\/v2\/categories?post=110466"},{"taxonomy":"post_tag","embeddable":true,"href":"https:\/\/www.24gliwice.pl\/wiadomosci\/wp-json\/wp\/v2\/tags?post=110466"}],"curies":[{"name":"wp","href":"https:\/\/api.w.org\/{rel}","templated":true}]}}