{"id":110467,"date":"2018-01-15T02:37:08","date_gmt":"2018-01-15T01:37:08","guid":{"rendered":"http:\/\/www.24gliwice.pl\/wiadomosci\/?p=110467"},"modified":"2018-01-15T02:37:08","modified_gmt":"2018-01-15T01:37:08","slug":"uwaga-na-nieuczciwych-sprzedawcow-wegla-eko-flot-i-eko-mul-wcale-nie-sa-eko","status":"publish","type":"post","link":"https:\/\/www.24gliwice.pl\/wiadomosci\/uwaga-na-nieuczciwych-sprzedawcow-wegla-eko-flot-i-eko-mul-wcale-nie-sa-eko\/","title":{"rendered":"Uwaga na nieuczciwych sprzedawc\u00f3w w\u0119gla. Eko-flot i eko-mu\u0142 wcale nie s\u0105 eko!"},"content":{"rendered":"<div class=\"gliwi-a6-nad-leadem-artykulow gliwi-entity-placement\" id=\"gliwi-2117142611\"><div class=\"gliwi-adlabel\"><span style=\"font-size: 9px\">REKLAMA<\/span><\/div><div id=\"gliwi-2338895518\" style=\"margin-bottom: 25px;margin-left: auto;margin-right: auto;text-align: center;\"><a data-no-instant=\"1\" href=\"https:\/\/dom100.eu\/\" rel=\"noopener\" class=\"a2t-link\" target=\"_blank\" aria-label=\"20260415 DOM100 D\"><img loading=\"lazy\" decoding=\"async\" src=\"https:\/\/www.24gliwice.pl\/wiadomosci\/wp-content\/uploads\/2026\/04\/20260415-DOM100-D.jpg\" alt=\"\"  srcset=\"https:\/\/www.24gliwice.pl\/wiadomosci\/wp-content\/uploads\/2026\/04\/20260415-DOM100-D.jpg 750w, https:\/\/www.24gliwice.pl\/wiadomosci\/wp-content\/uploads\/2026\/04\/20260415-DOM100-D-410x109.jpg 410w\" sizes=\"(max-width: 750px) 100vw, 750px\" class=\"no-lazyload\" width=\"750\" height=\"200\"  style=\"display: inline-block; max-width: 100%; height: auto;\" \/><\/a><\/div><\/div><h3>Urz\u0105d Marsza\u0142kowski apeluje, aby mieszka\u0144cy nie kupowali mu\u0142\u00f3w, flot\u00f3w, w\u0119gla brunatnego oraz innych paliw zakazanych do stosowania uchwa\u0142\u0105 antysmogow\u0105.<\/h3>\n<p>\u017baden mu\u0142 czy flotokoncentrat, niezale\u017cnie od ich nazw handlowych czy zastosowanych mieszanek, nie jest dopuszczony w wojew\u00f3dztwie \u015bl\u0105skim do u\u017cytkowania w piecach i kot\u0142ach. Zakaz ten obowi\u0105zuje od 1 wrze\u015bnia 2017 roku i wynika z tzw. uchwa\u0142y antysmogowej przyj\u0119tej przez Sejmik Wojew\u00f3dztwa.<\/p>\n[perfectpullquote align=&#8221;full&#8221; bordertop=&#8221;false&#8221; cite=&#8221;&#8221; link=&#8221;&#8221; color=&#8221;&#8221; class=&#8221;&#8221; size=&#8221;&#8221;]Problem zwi\u0105zany z realizacj\u0105 uchwa\u0142y antysmogowej polega jednak na tym, \u017ce na poziomie krajowym Ministerstwo Energii nie wprowadzi\u0142o zakazu handlu mu\u0142ami w\u0119glowymi. [\/perfectpullquote]\n<p>W wojew\u00f3dztwie \u015bl\u0105skim wyst\u0119puj\u0105 przypadki nieuczciwych praktyk handlowych wobec nabywc\u00f3w. Polegaj\u0105 one najcz\u0119\u015bciej na wprowadzaniu w b\u0142\u0105d poprzez stosowanie nazw handlowych, takich jak eko-mu\u0142, eko-flot oraz groszek z domieszkami mu\u0142u czy flotu, groszek czy brykiet z w\u0119gla brunatnego.<\/p><div class=\"gliwi-a3-w-tresci-artykulow gliwi-entity-placement\" id=\"gliwi-1574444462\"><div class=\"gliwi-adlabel\"><span style=\"font-size: 9px\">REKLAMA<\/span><\/div><div id=\"gliwi-3410665600\" style=\"margin-bottom: 30px;margin-left: auto;margin-right: auto;text-align: center;\"><a data-no-instant=\"1\" href=\"https:\/\/zlobek.halogen.org.pl\/\" rel=\"noopener\" class=\"a2t-link\" target=\"_blank\" aria-label=\"animator-zlobek_750x200\"><img loading=\"lazy\" decoding=\"async\" src=\"https:\/\/www.24gliwice.pl\/wiadomosci\/wp-content\/uploads\/2026\/02\/animator-zlobek_750x200.webp\" alt=\"\"  srcset=\"https:\/\/www.24gliwice.pl\/wiadomosci\/wp-content\/uploads\/2026\/02\/animator-zlobek_750x200.webp 750w, https:\/\/www.24gliwice.pl\/wiadomosci\/wp-content\/uploads\/2026\/02\/animator-zlobek_750x200-410x109.webp 410w\" sizes=\"(max-width: 750px) 100vw, 750px\" class=\"no-lazyload\" width=\"750\" height=\"200\"  style=\"display: inline-block; max-width: 100%; height: auto;\" \/><\/a><\/div><\/div>\n<p>Sankcje stosowane w przypadku naruszenia postanowie\u0144 uchwa\u0142y okre\u015blone zosta\u0142y w art. 334 Prawa ochrony \u015brodowiska, kt\u00f3ry stanowi, \u017ce \u201ekto nie przestrzega ogranicze\u0144, nakaz\u00f3w lub zakaz\u00f3w, okre\u015blonych w uchwale sejmiku wojew\u00f3dztwa przyj\u0119tej na podstawie art. 96, podlega karze grzywny\u201d.<\/p>\n<p>Zgodnie z art. 24 Kodeksu wykrocze\u0144 grzywna wynosi od 20 z\u0142 do 5000 z\u0142, przy czym w post\u0119powaniu mandatowym mo\u017cna na\u0142o\u017cy\u0107 grzywn\u0119 w wysoko\u015bci do 500 z\u0142, a je\u017celi czyn wyczerpuje znamiona wykrocze\u0144 okre\u015blonych w dw\u00f3ch lub wi\u0119cej przepisach ustawy 1000 z\u0142 (art. 96 Kodeksu post\u0119powania w sprawach o wykroczenia).<\/p>\n<p>Przed wej\u015bciem w \u017cycie uchwa\u0142y antysmogowej paliwa te by\u0142y og\u00f3lnodost\u0119pne i stosowane w wielu gospodarstwach domowych, a spora grupa mieszka\u0144c\u00f3w wojew\u00f3dztwa posiada jeszcze zapasy tego materia\u0142u. Wojew\u00f3dztwo \u015al\u0105skie poda\u0142o do publicznej wiadomo\u015bci<a href=\"https:\/\/powietrze.slaskie.pl\/content\/co-zrobic-z-zalegajacym-mulem--flotokoncentratem-weglowym\" rel=\"noopener\" target=\"_blank\"> list\u0119 podmiot\u00f3w<\/a>, kt\u00f3rym mo\u017cna przekaza\u0107 paliwa w celu ich dalszego zagospodarowania.<\/p>\n<p>\u0179r\u00f3d\u0142o: slaskie.pl<\/p>\n<div class=\"gliwi-a5-na-koncu-artykulow gliwi-entity-placement\" id=\"gliwi-2745599073\"><div class=\"gliwi-adlabel\"><span style=\"font-size: 9px\">REKLAMA<\/span><\/div><div id=\"gliwi-2687681064\" style=\"margin-left: auto;margin-right: auto;text-align: center;\"><a data-no-instant=\"1\" href=\"https:\/\/prezeroarenagliwice.pl\/\" rel=\"noopener\" class=\"a2t-link\" target=\"_blank\" aria-label=\"20260309-PREZERO-WIOSNA-D\"><img loading=\"lazy\" decoding=\"async\" src=\"https:\/\/www.24gliwice.pl\/wiadomosci\/wp-content\/uploads\/2026\/03\/20260309-PREZERO-WIOSNA-D.webp\" alt=\"\"  srcset=\"https:\/\/www.24gliwice.pl\/wiadomosci\/wp-content\/uploads\/2026\/03\/20260309-PREZERO-WIOSNA-D.webp 750w, https:\/\/www.24gliwice.pl\/wiadomosci\/wp-content\/uploads\/2026\/03\/20260309-PREZERO-WIOSNA-D-410x109.webp 410w\" sizes=\"(max-width: 750px) 100vw, 750px\" class=\"no-lazyload\" width=\"750\" height=\"200\"  style=\"display: inline-block; max-width: 100%; height: auto;\" \/><\/a><\/div><\/div>","protected":false},"excerpt":{"rendered":"<p>Urz\u0105d Marsza\u0142kowski apeluje, aby mieszka\u0144cy nie kupowali mu\u0142\u00f3w, flot\u00f3w, w\u0119gla brunatnego oraz innych paliw zakazanych do stosowania uchwa\u0142\u0105 antysmogow\u0105. \u017baden mu\u0142 czy flotokoncentrat, niezale\u017cnie od ich nazw handlowych czy zastosowanych mieszanek, nie jest dopuszczony w wojew\u00f3dztwie \u015bl\u0105skim do u\u017cytkowania w piecach i kot\u0142ach. Zakaz ten obowi\u0105zuje od 1 wrze\u015bnia 2017 roku i wynika z tzw. [&hellip;]<\/p>\n","protected":false},"author":15,"featured_media":108835,"comment_status":"open","ping_status":"closed","sticky":false,"template":"","format":"standard","meta":{"_monsterinsights_skip_tracking":false,"_monsterinsights_sitenote_active":false,"_monsterinsights_sitenote_note":"","_monsterinsights_sitenote_category":0,"footnotes":"","_links_to":"","_links_to_target":""},"categories":[3,1],"tags":[11162,11206,8361,11188,11208,8360],"class_list":["post-110467","post","type-post","status-publish","format-standard","has-post-thumbnail","hentry","category-gliwice","category-wszystko","tag-mial","tag-mul","tag-opal","tag-sklad-opalu","tag-uchwala-antysmogowa","tag-wegiel"],"yoast_head":"<!-- This site is optimized with the Yoast SEO plugin v27.5 - https:\/\/yoast.com\/product\/yoast-seo-wordpress\/ -->\n<title>Uwaga na nieuczciwych sprzedawc\u00f3w w\u0119gla. Eko-flot i eko-mu\u0142 wcale nie s\u0105 eko! - 24GLIWICE - Portal Gliwice | codziennie nowe informacje<\/title>\n<meta name=\"robots\" content=\"index, follow, max-snippet:-1, max-image-preview:large, max-video-preview:-1\" \/>\n<link rel=\"canonical\" href=\"https:\/\/www.24gliwice.pl\/wiadomosci\/uwaga-na-nieuczciwych-sprzedawcow-wegla-eko-flot-i-eko-mul-wcale-nie-sa-eko\/\" \/>\n<meta property=\"og:locale\" content=\"pl_PL\" \/>\n<meta property=\"og:type\" content=\"article\" \/>\n<meta property=\"og:title\" content=\"Uwaga na nieuczciwych sprzedawc\u00f3w w\u0119gla. Eko-flot i eko-mu\u0142 wcale nie s\u0105 eko! - 24GLIWICE - Portal Gliwice | codziennie nowe informacje\" \/>\n<meta property=\"og:description\" content=\"Urz\u0105d Marsza\u0142kowski apeluje, aby mieszka\u0144cy nie kupowali mu\u0142\u00f3w, flot\u00f3w, w\u0119gla brunatnego oraz innych paliw zakazanych do stosowania uchwa\u0142\u0105 antysmogow\u0105. \u017baden mu\u0142 czy flotokoncentrat, niezale\u017cnie od ich nazw handlowych czy zastosowanych mieszanek, nie jest dopuszczony w wojew\u00f3dztwie \u015bl\u0105skim do u\u017cytkowania w piecach i kot\u0142ach. Zakaz ten obowi\u0105zuje od 1 wrze\u015bnia 2017 roku i wynika z tzw. [&hellip;]\" \/>\n<meta property=\"og:url\" content=\"https:\/\/www.24gliwice.pl\/wiadomosci\/uwaga-na-nieuczciwych-sprzedawcow-wegla-eko-flot-i-eko-mul-wcale-nie-sa-eko\/\" \/>\n<meta property=\"og:site_name\" content=\"24GLIWICE - Portal Gliwice | codziennie nowe informacje\" \/>\n<meta property=\"article:publisher\" content=\"https:\/\/www.facebook.com\/24gliwice\" \/>\n<meta property=\"article:published_time\" content=\"2018-01-15T01:37:08+00:00\" \/>\n<meta property=\"og:image\" content=\"https:\/\/www.24gliwice.pl\/wiadomosci\/wp-content\/uploads\/2017\/12\/1-piec-001.jpg\" \/>\n\t<meta property=\"og:image:width\" content=\"805\" \/>\n\t<meta property=\"og:image:height\" content=\"454\" \/>\n\t<meta property=\"og:image:type\" content=\"image\/jpeg\" \/>\n<meta name=\"author\" content=\"\u017baneta Mrozek-Siewierska\" \/>\n<meta name=\"twitter:card\" content=\"summary_large_image\" \/>\n<meta name=\"twitter:creator\" content=\"@24gliwice\" \/>\n<meta name=\"twitter:site\" content=\"@24gliwice\" \/>\n<meta name=\"twitter:label1\" content=\"Napisane przez\" \/>\n\t<meta name=\"twitter:data1\" content=\"\u017baneta Mrozek-Siewierska\" \/>\n\t<meta name=\"twitter:label2\" content=\"Szacowany czas czytania\" \/>\n\t<meta name=\"twitter:data2\" content=\"2 minuty\" \/>\n<script type=\"application\/ld+json\" class=\"yoast-schema-graph\">{\"@context\":\"https:\\\/\\\/schema.org\",\"@graph\":[{\"@type\":\"Article\",\"@id\":\"https:\\\/\\\/www.24gliwice.pl\\\/wiadomosci\\\/uwaga-na-nieuczciwych-sprzedawcow-wegla-eko-flot-i-eko-mul-wcale-nie-sa-eko\\\/#article\",\"isPartOf\":{\"@id\":\"https:\\\/\\\/www.24gliwice.pl\\\/wiadomosci\\\/uwaga-na-nieuczciwych-sprzedawcow-wegla-eko-flot-i-eko-mul-wcale-nie-sa-eko\\\/\"},\"author\":{\"name\":\"\u017baneta Mrozek-Siewierska\",\"@id\":\"https:\\\/\\\/www.24gliwice.pl\\\/wiadomosci\\\/#\\\/schema\\\/person\\\/e42c650edd7f2fa332be3811fb166b6e\"},\"headline\":\"Uwaga na nieuczciwych sprzedawc\u00f3w w\u0119gla. Eko-flot i eko-mu\u0142 wcale nie s\u0105 eko!\",\"datePublished\":\"2018-01-15T01:37:08+00:00\",\"mainEntityOfPage\":{\"@id\":\"https:\\\/\\\/www.24gliwice.pl\\\/wiadomosci\\\/uwaga-na-nieuczciwych-sprzedawcow-wegla-eko-flot-i-eko-mul-wcale-nie-sa-eko\\\/\"},\"wordCount\":336,\"commentCount\":0,\"publisher\":{\"@id\":\"https:\\\/\\\/www.24gliwice.pl\\\/wiadomosci\\\/#organization\"},\"image\":{\"@id\":\"https:\\\/\\\/www.24gliwice.pl\\\/wiadomosci\\\/uwaga-na-nieuczciwych-sprzedawcow-wegla-eko-flot-i-eko-mul-wcale-nie-sa-eko\\\/#primaryimage\"},\"thumbnailUrl\":\"https:\\\/\\\/www.24gliwice.pl\\\/wiadomosci\\\/wp-content\\\/uploads\\\/2017\\\/12\\\/1-piec-001.jpg\",\"keywords\":[\"mia\u0142\",\"mu\u0142\",\"opa\u0142\",\"sk\u0142ad opa\u0142u\",\"uchwa\u0142a antysmogowa\",\"w\u0119giel\"],\"articleSection\":[\"Gliwice\",\"Najnowsze wiadomo\u015bci\"],\"inLanguage\":\"pl-PL\",\"potentialAction\":[{\"@type\":\"CommentAction\",\"name\":\"Comment\",\"target\":[\"https:\\\/\\\/www.24gliwice.pl\\\/wiadomosci\\\/uwaga-na-nieuczciwych-sprzedawcow-wegla-eko-flot-i-eko-mul-wcale-nie-sa-eko\\\/#respond\"]}]},{\"@type\":\"WebPage\",\"@id\":\"https:\\\/\\\/www.24gliwice.pl\\\/wiadomosci\\\/uwaga-na-nieuczciwych-sprzedawcow-wegla-eko-flot-i-eko-mul-wcale-nie-sa-eko\\\/\",\"url\":\"https:\\\/\\\/www.24gliwice.pl\\\/wiadomosci\\\/uwaga-na-nieuczciwych-sprzedawcow-wegla-eko-flot-i-eko-mul-wcale-nie-sa-eko\\\/\",\"name\":\"Uwaga na nieuczciwych sprzedawc\u00f3w w\u0119gla. Eko-flot i eko-mu\u0142 wcale nie s\u0105 eko! - 24GLIWICE - Portal Gliwice | codziennie nowe informacje\",\"isPartOf\":{\"@id\":\"https:\\\/\\\/www.24gliwice.pl\\\/wiadomosci\\\/#website\"},\"primaryImageOfPage\":{\"@id\":\"https:\\\/\\\/www.24gliwice.pl\\\/wiadomosci\\\/uwaga-na-nieuczciwych-sprzedawcow-wegla-eko-flot-i-eko-mul-wcale-nie-sa-eko\\\/#primaryimage\"},\"image\":{\"@id\":\"https:\\\/\\\/www.24gliwice.pl\\\/wiadomosci\\\/uwaga-na-nieuczciwych-sprzedawcow-wegla-eko-flot-i-eko-mul-wcale-nie-sa-eko\\\/#primaryimage\"},\"thumbnailUrl\":\"https:\\\/\\\/www.24gliwice.pl\\\/wiadomosci\\\/wp-content\\\/uploads\\\/2017\\\/12\\\/1-piec-001.jpg\",\"datePublished\":\"2018-01-15T01:37:08+00:00\",\"breadcrumb\":{\"@id\":\"https:\\\/\\\/www.24gliwice.pl\\\/wiadomosci\\\/uwaga-na-nieuczciwych-sprzedawcow-wegla-eko-flot-i-eko-mul-wcale-nie-sa-eko\\\/#breadcrumb\"},\"inLanguage\":\"pl-PL\",\"potentialAction\":[{\"@type\":\"ReadAction\",\"target\":[\"https:\\\/\\\/www.24gliwice.pl\\\/wiadomosci\\\/uwaga-na-nieuczciwych-sprzedawcow-wegla-eko-flot-i-eko-mul-wcale-nie-sa-eko\\\/\"]}]},{\"@type\":\"ImageObject\",\"inLanguage\":\"pl-PL\",\"@id\":\"https:\\\/\\\/www.24gliwice.pl\\\/wiadomosci\\\/uwaga-na-nieuczciwych-sprzedawcow-wegla-eko-flot-i-eko-mul-wcale-nie-sa-eko\\\/#primaryimage\",\"url\":\"https:\\\/\\\/www.24gliwice.pl\\\/wiadomosci\\\/wp-content\\\/uploads\\\/2017\\\/12\\\/1-piec-001.jpg\",\"contentUrl\":\"https:\\\/\\\/www.24gliwice.pl\\\/wiadomosci\\\/wp-content\\\/uploads\\\/2017\\\/12\\\/1-piec-001.jpg\",\"width\":805,\"height\":454},{\"@type\":\"BreadcrumbList\",\"@id\":\"https:\\\/\\\/www.24gliwice.pl\\\/wiadomosci\\\/uwaga-na-nieuczciwych-sprzedawcow-wegla-eko-flot-i-eko-mul-wcale-nie-sa-eko\\\/#breadcrumb\",\"itemListElement\":[{\"@type\":\"ListItem\",\"position\":1,\"name\":\"Strona g\u0142\u00f3wna\",\"item\":\"https:\\\/\\\/www.24gliwice.pl\\\/wiadomosci\\\/\"},{\"@type\":\"ListItem\",\"position\":2,\"name\":\"Uwaga na nieuczciwych sprzedawc\u00f3w w\u0119gla. Eko-flot i eko-mu\u0142 wcale nie s\u0105 eko!\"}]},{\"@type\":\"WebSite\",\"@id\":\"https:\\\/\\\/www.24gliwice.pl\\\/wiadomosci\\\/#website\",\"url\":\"https:\\\/\\\/www.24gliwice.pl\\\/wiadomosci\\\/\",\"name\":\"24GLIWICE - Portal Gliwice | codziennie nowe wiadomo\u015bci\",\"description\":\"Portal Miejski Gliwice\",\"publisher\":{\"@id\":\"https:\\\/\\\/www.24gliwice.pl\\\/wiadomosci\\\/#organization\"},\"potentialAction\":[{\"@type\":\"SearchAction\",\"target\":{\"@type\":\"EntryPoint\",\"urlTemplate\":\"https:\\\/\\\/www.24gliwice.pl\\\/wiadomosci\\\/?s={search_term_string}\"},\"query-input\":{\"@type\":\"PropertyValueSpecification\",\"valueRequired\":true,\"valueName\":\"search_term_string\"}}],\"inLanguage\":\"pl-PL\"},{\"@type\":\"Organization\",\"@id\":\"https:\\\/\\\/www.24gliwice.pl\\\/wiadomosci\\\/#organization\",\"name\":\"24gliwice\",\"url\":\"https:\\\/\\\/www.24gliwice.pl\\\/wiadomosci\\\/\",\"logo\":{\"@type\":\"ImageObject\",\"inLanguage\":\"pl-PL\",\"@id\":\"https:\\\/\\\/www.24gliwice.pl\\\/wiadomosci\\\/#\\\/schema\\\/logo\\\/image\\\/\",\"url\":\"https:\\\/\\\/www.24gliwice.pl\\\/wiadomosci\\\/wp-content\\\/uploads\\\/2024\\\/10\\\/24gliwice-logo-696.jpg\",\"contentUrl\":\"https:\\\/\\\/www.24gliwice.pl\\\/wiadomosci\\\/wp-content\\\/uploads\\\/2024\\\/10\\\/24gliwice-logo-696.jpg\",\"width\":696,\"height\":696,\"caption\":\"24gliwice\"},\"image\":{\"@id\":\"https:\\\/\\\/www.24gliwice.pl\\\/wiadomosci\\\/#\\\/schema\\\/logo\\\/image\\\/\"},\"sameAs\":[\"https:\\\/\\\/www.facebook.com\\\/24gliwice\",\"https:\\\/\\\/x.com\\\/24gliwice\",\"https:\\\/\\\/www.youtube.com\\\/@24gliwice\"]},{\"@type\":\"Person\",\"@id\":\"https:\\\/\\\/www.24gliwice.pl\\\/wiadomosci\\\/#\\\/schema\\\/person\\\/e42c650edd7f2fa332be3811fb166b6e\",\"name\":\"\u017baneta Mrozek-Siewierska\",\"image\":{\"@type\":\"ImageObject\",\"inLanguage\":\"pl-PL\",\"@id\":\"https:\\\/\\\/secure.gravatar.com\\\/avatar\\\/1881429e9c64597c77ad7aef2d0a19be69a3253e57534d16aa15bf3a4d34a0a3?s=96&d=mm&r=g\",\"url\":\"https:\\\/\\\/secure.gravatar.com\\\/avatar\\\/1881429e9c64597c77ad7aef2d0a19be69a3253e57534d16aa15bf3a4d34a0a3?s=96&d=mm&r=g\",\"contentUrl\":\"https:\\\/\\\/secure.gravatar.com\\\/avatar\\\/1881429e9c64597c77ad7aef2d0a19be69a3253e57534d16aa15bf3a4d34a0a3?s=96&d=mm&r=g\",\"caption\":\"\u017baneta Mrozek-Siewierska\"},\"url\":\"https:\\\/\\\/www.24gliwice.pl\\\/wiadomosci\\\/author\\\/zms\\\/\"}]}<\/script>\n<!-- \/ Yoast SEO plugin. -->","yoast_head_json":{"title":"Uwaga na nieuczciwych sprzedawc\u00f3w w\u0119gla. Eko-flot i eko-mu\u0142 wcale nie s\u0105 eko! - 24GLIWICE - Portal Gliwice | codziennie nowe informacje","robots":{"index":"index","follow":"follow","max-snippet":"max-snippet:-1","max-image-preview":"max-image-preview:large","max-video-preview":"max-video-preview:-1"},"canonical":"https:\/\/www.24gliwice.pl\/wiadomosci\/uwaga-na-nieuczciwych-sprzedawcow-wegla-eko-flot-i-eko-mul-wcale-nie-sa-eko\/","og_locale":"pl_PL","og_type":"article","og_title":"Uwaga na nieuczciwych sprzedawc\u00f3w w\u0119gla. Eko-flot i eko-mu\u0142 wcale nie s\u0105 eko! - 24GLIWICE - Portal Gliwice | codziennie nowe informacje","og_description":"Urz\u0105d Marsza\u0142kowski apeluje, aby mieszka\u0144cy nie kupowali mu\u0142\u00f3w, flot\u00f3w, w\u0119gla brunatnego oraz innych paliw zakazanych do stosowania uchwa\u0142\u0105 antysmogow\u0105. \u017baden mu\u0142 czy flotokoncentrat, niezale\u017cnie od ich nazw handlowych czy zastosowanych mieszanek, nie jest dopuszczony w wojew\u00f3dztwie \u015bl\u0105skim do u\u017cytkowania w piecach i kot\u0142ach. Zakaz ten obowi\u0105zuje od 1 wrze\u015bnia 2017 roku i wynika z tzw. [&hellip;]","og_url":"https:\/\/www.24gliwice.pl\/wiadomosci\/uwaga-na-nieuczciwych-sprzedawcow-wegla-eko-flot-i-eko-mul-wcale-nie-sa-eko\/","og_site_name":"24GLIWICE - Portal Gliwice | codziennie nowe informacje","article_publisher":"https:\/\/www.facebook.com\/24gliwice","article_published_time":"2018-01-15T01:37:08+00:00","og_image":[{"width":805,"height":454,"url":"https:\/\/www.24gliwice.pl\/wiadomosci\/wp-content\/uploads\/2017\/12\/1-piec-001.jpg","type":"image\/jpeg"}],"author":"\u017baneta Mrozek-Siewierska","twitter_card":"summary_large_image","twitter_creator":"@24gliwice","twitter_site":"@24gliwice","twitter_misc":{"Napisane przez":"\u017baneta Mrozek-Siewierska","Szacowany czas czytania":"2 minuty"},"schema":{"@context":"https:\/\/schema.org","@graph":[{"@type":"Article","@id":"https:\/\/www.24gliwice.pl\/wiadomosci\/uwaga-na-nieuczciwych-sprzedawcow-wegla-eko-flot-i-eko-mul-wcale-nie-sa-eko\/#article","isPartOf":{"@id":"https:\/\/www.24gliwice.pl\/wiadomosci\/uwaga-na-nieuczciwych-sprzedawcow-wegla-eko-flot-i-eko-mul-wcale-nie-sa-eko\/"},"author":{"name":"\u017baneta Mrozek-Siewierska","@id":"https:\/\/www.24gliwice.pl\/wiadomosci\/#\/schema\/person\/e42c650edd7f2fa332be3811fb166b6e"},"headline":"Uwaga na nieuczciwych sprzedawc\u00f3w w\u0119gla. Eko-flot i eko-mu\u0142 wcale nie s\u0105 eko!","datePublished":"2018-01-15T01:37:08+00:00","mainEntityOfPage":{"@id":"https:\/\/www.24gliwice.pl\/wiadomosci\/uwaga-na-nieuczciwych-sprzedawcow-wegla-eko-flot-i-eko-mul-wcale-nie-sa-eko\/"},"wordCount":336,"commentCount":0,"publisher":{"@id":"https:\/\/www.24gliwice.pl\/wiadomosci\/#organization"},"image":{"@id":"https:\/\/www.24gliwice.pl\/wiadomosci\/uwaga-na-nieuczciwych-sprzedawcow-wegla-eko-flot-i-eko-mul-wcale-nie-sa-eko\/#primaryimage"},"thumbnailUrl":"https:\/\/www.24gliwice.pl\/wiadomosci\/wp-content\/uploads\/2017\/12\/1-piec-001.jpg","keywords":["mia\u0142","mu\u0142","opa\u0142","sk\u0142ad opa\u0142u","uchwa\u0142a antysmogowa","w\u0119giel"],"articleSection":["Gliwice","Najnowsze wiadomo\u015bci"],"inLanguage":"pl-PL","potentialAction":[{"@type":"CommentAction","name":"Comment","target":["https:\/\/www.24gliwice.pl\/wiadomosci\/uwaga-na-nieuczciwych-sprzedawcow-wegla-eko-flot-i-eko-mul-wcale-nie-sa-eko\/#respond"]}]},{"@type":"WebPage","@id":"https:\/\/www.24gliwice.pl\/wiadomosci\/uwaga-na-nieuczciwych-sprzedawcow-wegla-eko-flot-i-eko-mul-wcale-nie-sa-eko\/","url":"https:\/\/www.24gliwice.pl\/wiadomosci\/uwaga-na-nieuczciwych-sprzedawcow-wegla-eko-flot-i-eko-mul-wcale-nie-sa-eko\/","name":"Uwaga na nieuczciwych sprzedawc\u00f3w w\u0119gla. Eko-flot i eko-mu\u0142 wcale nie s\u0105 eko! - 24GLIWICE - Portal Gliwice | codziennie nowe informacje","isPartOf":{"@id":"https:\/\/www.24gliwice.pl\/wiadomosci\/#website"},"primaryImageOfPage":{"@id":"https:\/\/www.24gliwice.pl\/wiadomosci\/uwaga-na-nieuczciwych-sprzedawcow-wegla-eko-flot-i-eko-mul-wcale-nie-sa-eko\/#primaryimage"},"image":{"@id":"https:\/\/www.24gliwice.pl\/wiadomosci\/uwaga-na-nieuczciwych-sprzedawcow-wegla-eko-flot-i-eko-mul-wcale-nie-sa-eko\/#primaryimage"},"thumbnailUrl":"https:\/\/www.24gliwice.pl\/wiadomosci\/wp-content\/uploads\/2017\/12\/1-piec-001.jpg","datePublished":"2018-01-15T01:37:08+00:00","breadcrumb":{"@id":"https:\/\/www.24gliwice.pl\/wiadomosci\/uwaga-na-nieuczciwych-sprzedawcow-wegla-eko-flot-i-eko-mul-wcale-nie-sa-eko\/#breadcrumb"},"inLanguage":"pl-PL","potentialAction":[{"@type":"ReadAction","target":["https:\/\/www.24gliwice.pl\/wiadomosci\/uwaga-na-nieuczciwych-sprzedawcow-wegla-eko-flot-i-eko-mul-wcale-nie-sa-eko\/"]}]},{"@type":"ImageObject","inLanguage":"pl-PL","@id":"https:\/\/www.24gliwice.pl\/wiadomosci\/uwaga-na-nieuczciwych-sprzedawcow-wegla-eko-flot-i-eko-mul-wcale-nie-sa-eko\/#primaryimage","url":"https:\/\/www.24gliwice.pl\/wiadomosci\/wp-content\/uploads\/2017\/12\/1-piec-001.jpg","contentUrl":"https:\/\/www.24gliwice.pl\/wiadomosci\/wp-content\/uploads\/2017\/12\/1-piec-001.jpg","width":805,"height":454},{"@type":"BreadcrumbList","@id":"https:\/\/www.24gliwice.pl\/wiadomosci\/uwaga-na-nieuczciwych-sprzedawcow-wegla-eko-flot-i-eko-mul-wcale-nie-sa-eko\/#breadcrumb","itemListElement":[{"@type":"ListItem","position":1,"name":"Strona g\u0142\u00f3wna","item":"https:\/\/www.24gliwice.pl\/wiadomosci\/"},{"@type":"ListItem","position":2,"name":"Uwaga na nieuczciwych sprzedawc\u00f3w w\u0119gla. Eko-flot i eko-mu\u0142 wcale nie s\u0105 eko!"}]},{"@type":"WebSite","@id":"https:\/\/www.24gliwice.pl\/wiadomosci\/#website","url":"https:\/\/www.24gliwice.pl\/wiadomosci\/","name":"24GLIWICE - Portal Gliwice | codziennie nowe wiadomo\u015bci","description":"Portal Miejski Gliwice","publisher":{"@id":"https:\/\/www.24gliwice.pl\/wiadomosci\/#organization"},"potentialAction":[{"@type":"SearchAction","target":{"@type":"EntryPoint","urlTemplate":"https:\/\/www.24gliwice.pl\/wiadomosci\/?s={search_term_string}"},"query-input":{"@type":"PropertyValueSpecification","valueRequired":true,"valueName":"search_term_string"}}],"inLanguage":"pl-PL"},{"@type":"Organization","@id":"https:\/\/www.24gliwice.pl\/wiadomosci\/#organization","name":"24gliwice","url":"https:\/\/www.24gliwice.pl\/wiadomosci\/","logo":{"@type":"ImageObject","inLanguage":"pl-PL","@id":"https:\/\/www.24gliwice.pl\/wiadomosci\/#\/schema\/logo\/image\/","url":"https:\/\/www.24gliwice.pl\/wiadomosci\/wp-content\/uploads\/2024\/10\/24gliwice-logo-696.jpg","contentUrl":"https:\/\/www.24gliwice.pl\/wiadomosci\/wp-content\/uploads\/2024\/10\/24gliwice-logo-696.jpg","width":696,"height":696,"caption":"24gliwice"},"image":{"@id":"https:\/\/www.24gliwice.pl\/wiadomosci\/#\/schema\/logo\/image\/"},"sameAs":["https:\/\/www.facebook.com\/24gliwice","https:\/\/x.com\/24gliwice","https:\/\/www.youtube.com\/@24gliwice"]},{"@type":"Person","@id":"https:\/\/www.24gliwice.pl\/wiadomosci\/#\/schema\/person\/e42c650edd7f2fa332be3811fb166b6e","name":"\u017baneta Mrozek-Siewierska","image":{"@type":"ImageObject","inLanguage":"pl-PL","@id":"https:\/\/secure.gravatar.com\/avatar\/1881429e9c64597c77ad7aef2d0a19be69a3253e57534d16aa15bf3a4d34a0a3?s=96&d=mm&r=g","url":"https:\/\/secure.gravatar.com\/avatar\/1881429e9c64597c77ad7aef2d0a19be69a3253e57534d16aa15bf3a4d34a0a3?s=96&d=mm&r=g","contentUrl":"https:\/\/secure.gravatar.com\/avatar\/1881429e9c64597c77ad7aef2d0a19be69a3253e57534d16aa15bf3a4d34a0a3?s=96&d=mm&r=g","caption":"\u017baneta Mrozek-Siewierska"},"url":"https:\/\/www.24gliwice.pl\/wiadomosci\/author\/zms\/"}]}},"_links":{"self":[{"href":"https:\/\/www.24gliwice.pl\/wiadomosci\/wp-json\/wp\/v2\/posts\/110467","targetHints":{"allow":["GET"]}}],"collection":[{"href":"https:\/\/www.24gliwice.pl\/wiadomosci\/wp-json\/wp\/v2\/posts"}],"about":[{"href":"https:\/\/www.24gliwice.pl\/wiadomosci\/wp-json\/wp\/v2\/types\/post"}],"author":[{"embeddable":true,"href":"https:\/\/www.24gliwice.pl\/wiadomosci\/wp-json\/wp\/v2\/users\/15"}],"replies":[{"embeddable":true,"href":"https:\/\/www.24gliwice.pl\/wiadomosci\/wp-json\/wp\/v2\/comments?post=110467"}],"version-history":[{"count":0,"href":"https:\/\/www.24gliwice.pl\/wiadomosci\/wp-json\/wp\/v2\/posts\/110467\/revisions"}],"wp:featuredmedia":[{"embeddable":true,"href":"https:\/\/www.24gliwice.pl\/wiadomosci\/wp-json\/wp\/v2\/media\/108835"}],"wp:attachment":[{"href":"https:\/\/www.24gliwice.pl\/wiadomosci\/wp-json\/wp\/v2\/media?parent=110467"}],"wp:term":[{"taxonomy":"category","embeddable":true,"href":"https:\/\/www.24gliwice.pl\/wiadomosci\/wp-json\/wp\/v2\/categories?post=110467"},{"taxonomy":"post_tag","embeddable":true,"href":"https:\/\/www.24gliwice.pl\/wiadomosci\/wp-json\/wp\/v2\/tags?post=110467"}],"curies":[{"name":"wp","href":"https:\/\/api.w.org\/{rel}","templated":true}]}}