{"id":110537,"date":"2018-01-16T12:35:13","date_gmt":"2018-01-16T11:35:13","guid":{"rendered":"http:\/\/www.24gliwice.pl\/wiadomosci\/?p=110537"},"modified":"2018-01-16T13:20:02","modified_gmt":"2018-01-16T12:20:02","slug":"likwidacja-trzeciej-zmiany-w-oplu-staje-sie-faktem-odprawy-do-14-krotnosci-pensji","status":"publish","type":"post","link":"https:\/\/www.24gliwice.pl\/wiadomosci\/likwidacja-trzeciej-zmiany-w-oplu-staje-sie-faktem-odprawy-do-14-krotnosci-pensji\/","title":{"rendered":"Likwidacja trzeciej zmiany w Oplu staje si\u0119 faktem. Odprawy do 14-krotno\u015bci pensji"},"content":{"rendered":"<div class=\"gliwi-a6-nad-leadem-artykulow gliwi-entity-placement\" id=\"gliwi-1616708551\"><div class=\"gliwi-adlabel\"><span style=\"font-size: 9px\">REKLAMA<\/span><\/div><div id=\"gliwi-457309430\" style=\"margin-bottom: 25px;margin-left: auto;margin-right: auto;text-align: center;\"><a data-no-instant=\"1\" href=\"https:\/\/dom100.eu\/\" rel=\"noopener\" class=\"a2t-link\" target=\"_blank\" aria-label=\"20260415 DOM100 D\"><img loading=\"lazy\" decoding=\"async\" src=\"https:\/\/www.24gliwice.pl\/wiadomosci\/wp-content\/uploads\/2026\/04\/20260415-DOM100-D.jpg\" alt=\"\"  srcset=\"https:\/\/www.24gliwice.pl\/wiadomosci\/wp-content\/uploads\/2026\/04\/20260415-DOM100-D.jpg 750w, https:\/\/www.24gliwice.pl\/wiadomosci\/wp-content\/uploads\/2026\/04\/20260415-DOM100-D-410x109.jpg 410w\" sizes=\"(max-width: 750px) 100vw, 750px\" class=\"no-lazyload\" width=\"750\" height=\"200\"  style=\"display: inline-block; max-width: 100%; height: auto;\" \/><\/a><\/div><\/div><h3>W gliwickiej fabryce Opla uruchomiony zosta\u0142 program dobrowolnych odej\u015b\u0107, kt\u00f3ry ma obj\u0105\u0107 190 pracownik\u00f3w. W lutym w zak\u0142adzie zostanie zlikwidowana trzecia zmiana.<\/h3>\n<p>&#8211; Pracownicy mog\u0105 do 19 stycznia sk\u0142ada\u0107 w dziale HR wnioski dotycz\u0105ce ch\u0119ci przyst\u0105pienia do programu dobrowolnych odej\u015b\u0107. Docelowo program ma obj\u0105\u0107 140 pracownik\u00f3w produkcyjnych oraz 50 pracownik\u00f3w nieprodukcyjnych \u2013 m\u00f3wi <strong>Mariusz Kr\u00f3l<\/strong>, przewodnicz\u0105cy Solidarno\u015bci w Opel Manufacturing Poland w Gliwicach.<\/p>\n<p>Regulamin PDO by\u0142 przedmiotem uzgodnie\u0144 pomi\u0119dzy pracodawc\u0105 i dzia\u0142aj\u0105cymi w firmie zwi\u0105zkami zawodowymi. Zgodnie z jego zapisami pracownikom, kt\u00f3rzy zdecyduj\u0105 si\u0119 dobrowolnie odej\u015b\u0107 z firmy, przys\u0142ugiwa\u0107 b\u0119dzie poza odpraw\u0105 wynikaj\u0105c\u0105 z Kodeksu pracy dodatkowa odprawa wynosz\u0105ca od po\u0142owy do czternastokrotno\u015bci miesi\u0119cznego wynagrodzenia w zale\u017cno\u015bci od sta\u017cu pracy oraz rekompensata za rozwi\u0105zanie umowy o prac\u0119 w maksymalnej wysoko\u015bci trzymiesi\u0119cznej pensji.<\/p><div class=\"gliwi-a3-w-tresci-artykulow gliwi-entity-placement\" id=\"gliwi-886846062\"><div class=\"gliwi-adlabel\"><span style=\"font-size: 9px\">REKLAMA<\/span><\/div><div id=\"gliwi-1646420574\" style=\"margin-bottom: 30px;margin-left: auto;margin-right: auto;text-align: center;\"><a data-no-instant=\"1\" href=\"https:\/\/ogrodyandersa.pl\/\" rel=\"noopener\" class=\"a2t-link\" target=\"_blank\" aria-label=\"20260415 Ogrody Andersa KUP TERAZ D\"><img loading=\"lazy\" decoding=\"async\" src=\"https:\/\/www.24gliwice.pl\/wiadomosci\/wp-content\/uploads\/2026\/04\/20260415-Ogrody-Andersa-KUP-TERAZ-D.jpg\" alt=\"\"  srcset=\"https:\/\/www.24gliwice.pl\/wiadomosci\/wp-content\/uploads\/2026\/04\/20260415-Ogrody-Andersa-KUP-TERAZ-D.jpg 750w, https:\/\/www.24gliwice.pl\/wiadomosci\/wp-content\/uploads\/2026\/04\/20260415-Ogrody-Andersa-KUP-TERAZ-D-410x109.jpg 410w\" sizes=\"(max-width: 750px) 100vw, 750px\" class=\"no-lazyload\" width=\"750\" height=\"200\"  style=\"display: inline-block; max-width: 100%; height: auto;\" \/><\/a><\/div><\/div>\n[perfectpullquote align=&#8221;full&#8221; bordertop=&#8221;false&#8221; cite=&#8221;&#8221; link=&#8221;&#8221; color=&#8221;&#8221; class=&#8221;&#8221; size=&#8221;&#8221;]Ponadto pracownicy, kt\u00f3rzy zg\u0142osili ch\u0119\u0107 odej\u015bcia z firmy w ramach PDO do 12 stycznia, otrzymaj\u0105 dodatkow\u0105 gratyfikacj\u0119 wynosz\u0105c\u0105 maksymalnie r\u00f3wnowarto\u015b\u0107 jednego miesi\u0119cznego wynagrodzenia.[\/perfectpullquote]\n<p>\u2013 Zasady PDO s\u0105 przyzwoite, zw\u0142aszcza dla pracownik\u00f3w z d\u0142u\u017cszym sta\u017cem, jednak dla zwi\u0105zku zawodowego redukcja zatrudnienia to zawsze niedobra wiadomo\u015b\u0107, nawet je\u017celi nie s\u0105 to przymusowe zwolnienia \u2013 podkre\u015bla przewodnicz\u0105cy.<\/p>\n<p>Program dobrowolnych odej\u015b\u0107 to nie pierwsza w ostatnich miesi\u0105cach redukcja liczby pracownik\u00f3w w gliwickim zak\u0142adzie. W ubieg\u0142ym roku po wakacyjnej przerwie zrezygnowano z pracownik\u00f3w zatrudnionych za po\u015brednictwem agencji pracy tymczasowej. Nie przed\u0142u\u017cono te\u017c um\u00f3w osobom zatrudnionym na czas okre\u015blony.<\/p>\n[perfectpullquote align=&#8221;full&#8221; bordertop=&#8221;false&#8221; cite=&#8221;&#8221; link=&#8221;&#8221; color=&#8221;&#8221; class=&#8221;&#8221; size=&#8221;&#8221;]W najbli\u017cszych miesi\u0105cach cz\u0119\u015b\u0107 pracownik\u00f3w polskiej fabryki ma by\u0107 r\u00f3wnie\u017c oddelegowana do pracy w innych europejskich zak\u0142adach koncernu. [\/perfectpullquote]\n<p>Od 5 lutego gliwicki zak\u0142ad b\u0119dzie pracowa\u0142 na dwie, a nie na trzy zmiany, jak by\u0142o dotychczas. \u2013 Sytuacja mo\u017ce zmieni\u0107 si\u0119 na lepsze, dopiero gdy otrzymamy do produkcji nowy model samochodu. To jednak nast\u0105pi najwcze\u015bniej w 2019 roku. Naszym zadaniem jest to, \u017ceby do tego czasu broni\u0107 miejsc pracy w naszym zak\u0142adzie \u2013 podkre\u015bla Kr\u00f3l.<\/p>\n<p>Fabryka w Gliwicach zatrudnia obecnie niespe\u0142na 4000 pracownik\u00f3w. W ubieg\u0142ym roku Opel zosta\u0142 przej\u0119ty przez francusk\u0105 grup\u0119 PSA, w\u0142a\u015bciciela marek Citroen i Peugeot. Nowy w\u0142a\u015bciciel zapowiedzia\u0142, utrzymanie produkcji we wszystkich europejskich zak\u0142adach Opla i zagwarantowa\u0142, \u017ce w najbli\u017cszym czasie nie przewiduje w nich przymusowych zwolnie\u0144 pracownik\u00f3w.<\/p>\n<p>(\u017cms)\/(\u0142k)<a href=\"http:\/\/www.solidarnosckatowice.pl\/pl-PL\/dobrowolne_odejscia_w_oplu.html\" rel=\"noopener\" target=\"_blank\">\u015al\u0105sko-D\u0105browska Solidarno\u015b\u0107<\/a><\/p>\n<div class=\"gliwi-a5-na-koncu-artykulow gliwi-entity-placement\" id=\"gliwi-585386910\"><div class=\"gliwi-adlabel\"><span style=\"font-size: 9px\">REKLAMA<\/span><\/div><div id=\"gliwi-1607978\" style=\"margin-left: auto;margin-right: auto;text-align: center;\"><a data-no-instant=\"1\" href=\"https:\/\/prezeroarenagliwice.pl\/\" rel=\"noopener\" class=\"a2t-link\" target=\"_blank\" aria-label=\"20260309-PREZERO-WIOSNA-D\"><img loading=\"lazy\" decoding=\"async\" src=\"https:\/\/www.24gliwice.pl\/wiadomosci\/wp-content\/uploads\/2026\/03\/20260309-PREZERO-WIOSNA-D.webp\" alt=\"\"  srcset=\"https:\/\/www.24gliwice.pl\/wiadomosci\/wp-content\/uploads\/2026\/03\/20260309-PREZERO-WIOSNA-D.webp 750w, https:\/\/www.24gliwice.pl\/wiadomosci\/wp-content\/uploads\/2026\/03\/20260309-PREZERO-WIOSNA-D-410x109.webp 410w\" sizes=\"(max-width: 750px) 100vw, 750px\" class=\"no-lazyload\" width=\"750\" height=\"200\"  style=\"display: inline-block; max-width: 100%; height: auto;\" \/><\/a><\/div><\/div>","protected":false},"excerpt":{"rendered":"<p>W gliwickiej fabryce Opla uruchomiony zosta\u0142 program dobrowolnych odej\u015b\u0107, kt\u00f3ry ma obj\u0105\u0107 190 pracownik\u00f3w. W lutym w zak\u0142adzie zostanie zlikwidowana trzecia zmiana. &#8211; Pracownicy mog\u0105 do 19 stycznia sk\u0142ada\u0107 w dziale HR wnioski dotycz\u0105ce ch\u0119ci przyst\u0105pienia do programu dobrowolnych odej\u015b\u0107. Docelowo program ma obj\u0105\u0107 140 pracownik\u00f3w produkcyjnych oraz 50 pracownik\u00f3w nieprodukcyjnych \u2013 m\u00f3wi Mariusz Kr\u00f3l, [&hellip;]<\/p>\n","protected":false},"author":15,"featured_media":110665,"comment_status":"open","ping_status":"closed","sticky":false,"template":"","format":"standard","meta":{"_monsterinsights_skip_tracking":false,"_monsterinsights_sitenote_active":false,"_monsterinsights_sitenote_note":"","_monsterinsights_sitenote_category":0,"footnotes":"","_links_to":"","_links_to_target":""},"categories":[3,1,9],"tags":[8512,11218,11217,8425,8860,11214,8781],"class_list":["post-110537","post","type-post","status-publish","format-standard","has-post-thumbnail","hentry","category-gliwice","category-wszystko","category-aktualnosci_lokalne","tag-bezrobocie","tag-bezrobotny","tag-likwidacja-trzeciej-zmiany","tag-opel","tag-psa","tag-redukcja-zatrudnienia","tag-zwolnienia"],"yoast_head":"<!-- This site is optimized with the Yoast SEO plugin v27.5 - https:\/\/yoast.com\/product\/yoast-seo-wordpress\/ -->\n<title>Likwidacja trzeciej zmiany w Oplu staje si\u0119 faktem. Odprawy do 14-krotno\u015bci pensji - 24GLIWICE - Portal Gliwice | codziennie nowe informacje<\/title>\n<meta name=\"robots\" content=\"index, follow, max-snippet:-1, max-image-preview:large, max-video-preview:-1\" \/>\n<link rel=\"canonical\" href=\"https:\/\/www.24gliwice.pl\/wiadomosci\/likwidacja-trzeciej-zmiany-w-oplu-staje-sie-faktem-odprawy-do-14-krotnosci-pensji\/\" \/>\n<meta property=\"og:locale\" content=\"pl_PL\" \/>\n<meta property=\"og:type\" content=\"article\" \/>\n<meta property=\"og:title\" content=\"Likwidacja trzeciej zmiany w Oplu staje si\u0119 faktem. Odprawy do 14-krotno\u015bci pensji - 24GLIWICE - Portal Gliwice | codziennie nowe informacje\" \/>\n<meta property=\"og:description\" content=\"W gliwickiej fabryce Opla uruchomiony zosta\u0142 program dobrowolnych odej\u015b\u0107, kt\u00f3ry ma obj\u0105\u0107 190 pracownik\u00f3w. W lutym w zak\u0142adzie zostanie zlikwidowana trzecia zmiana. &#8211; Pracownicy mog\u0105 do 19 stycznia sk\u0142ada\u0107 w dziale HR wnioski dotycz\u0105ce ch\u0119ci przyst\u0105pienia do programu dobrowolnych odej\u015b\u0107. Docelowo program ma obj\u0105\u0107 140 pracownik\u00f3w produkcyjnych oraz 50 pracownik\u00f3w nieprodukcyjnych \u2013 m\u00f3wi Mariusz Kr\u00f3l, [&hellip;]\" \/>\n<meta property=\"og:url\" content=\"https:\/\/www.24gliwice.pl\/wiadomosci\/likwidacja-trzeciej-zmiany-w-oplu-staje-sie-faktem-odprawy-do-14-krotnosci-pensji\/\" \/>\n<meta property=\"og:site_name\" content=\"24GLIWICE - Portal Gliwice | codziennie nowe informacje\" \/>\n<meta property=\"article:publisher\" content=\"https:\/\/www.facebook.com\/24gliwice\" \/>\n<meta property=\"article:published_time\" content=\"2018-01-16T11:35:13+00:00\" \/>\n<meta property=\"article:modified_time\" content=\"2018-01-16T12:20:02+00:00\" \/>\n<meta property=\"og:image\" content=\"https:\/\/www.24gliwice.pl\/wiadomosci\/wp-content\/uploads\/2018\/01\/opel.jpg\" \/>\n\t<meta property=\"og:image:width\" content=\"810\" \/>\n\t<meta property=\"og:image:height\" content=\"456\" \/>\n\t<meta property=\"og:image:type\" content=\"image\/jpeg\" \/>\n<meta name=\"author\" content=\"\u017baneta Mrozek-Siewierska\" \/>\n<meta name=\"twitter:card\" content=\"summary_large_image\" \/>\n<meta name=\"twitter:creator\" content=\"@24gliwice\" \/>\n<meta name=\"twitter:site\" content=\"@24gliwice\" \/>\n<meta name=\"twitter:label1\" content=\"Napisane przez\" \/>\n\t<meta name=\"twitter:data1\" content=\"\u017baneta Mrozek-Siewierska\" \/>\n\t<meta name=\"twitter:label2\" content=\"Szacowany czas czytania\" \/>\n\t<meta name=\"twitter:data2\" content=\"2 minuty\" \/>\n<script type=\"application\/ld+json\" class=\"yoast-schema-graph\">{\"@context\":\"https:\\\/\\\/schema.org\",\"@graph\":[{\"@type\":\"Article\",\"@id\":\"https:\\\/\\\/www.24gliwice.pl\\\/wiadomosci\\\/likwidacja-trzeciej-zmiany-w-oplu-staje-sie-faktem-odprawy-do-14-krotnosci-pensji\\\/#article\",\"isPartOf\":{\"@id\":\"https:\\\/\\\/www.24gliwice.pl\\\/wiadomosci\\\/likwidacja-trzeciej-zmiany-w-oplu-staje-sie-faktem-odprawy-do-14-krotnosci-pensji\\\/\"},\"author\":{\"name\":\"\u017baneta Mrozek-Siewierska\",\"@id\":\"https:\\\/\\\/www.24gliwice.pl\\\/wiadomosci\\\/#\\\/schema\\\/person\\\/e42c650edd7f2fa332be3811fb166b6e\"},\"headline\":\"Likwidacja trzeciej zmiany w Oplu staje si\u0119 faktem. Odprawy do 14-krotno\u015bci pensji\",\"datePublished\":\"2018-01-16T11:35:13+00:00\",\"dateModified\":\"2018-01-16T12:20:02+00:00\",\"mainEntityOfPage\":{\"@id\":\"https:\\\/\\\/www.24gliwice.pl\\\/wiadomosci\\\/likwidacja-trzeciej-zmiany-w-oplu-staje-sie-faktem-odprawy-do-14-krotnosci-pensji\\\/\"},\"wordCount\":444,\"commentCount\":0,\"publisher\":{\"@id\":\"https:\\\/\\\/www.24gliwice.pl\\\/wiadomosci\\\/#organization\"},\"image\":{\"@id\":\"https:\\\/\\\/www.24gliwice.pl\\\/wiadomosci\\\/likwidacja-trzeciej-zmiany-w-oplu-staje-sie-faktem-odprawy-do-14-krotnosci-pensji\\\/#primaryimage\"},\"thumbnailUrl\":\"https:\\\/\\\/www.24gliwice.pl\\\/wiadomosci\\\/wp-content\\\/uploads\\\/2018\\\/01\\\/opel.jpg\",\"keywords\":[\"bezrobocie\",\"bezrobotny\",\"likwidacja trzeciej zmiany\",\"OPEL\",\"psa\",\"redukcja zatrudnienia\",\"zwolnienia\"],\"articleSection\":[\"Gliwice\",\"Najnowsze wiadomo\u015bci\",\"Portal Gliwice - Wiadomo\u015bci lokalne\"],\"inLanguage\":\"pl-PL\",\"potentialAction\":[{\"@type\":\"CommentAction\",\"name\":\"Comment\",\"target\":[\"https:\\\/\\\/www.24gliwice.pl\\\/wiadomosci\\\/likwidacja-trzeciej-zmiany-w-oplu-staje-sie-faktem-odprawy-do-14-krotnosci-pensji\\\/#respond\"]}]},{\"@type\":\"WebPage\",\"@id\":\"https:\\\/\\\/www.24gliwice.pl\\\/wiadomosci\\\/likwidacja-trzeciej-zmiany-w-oplu-staje-sie-faktem-odprawy-do-14-krotnosci-pensji\\\/\",\"url\":\"https:\\\/\\\/www.24gliwice.pl\\\/wiadomosci\\\/likwidacja-trzeciej-zmiany-w-oplu-staje-sie-faktem-odprawy-do-14-krotnosci-pensji\\\/\",\"name\":\"Likwidacja trzeciej zmiany w Oplu staje si\u0119 faktem. Odprawy do 14-krotno\u015bci pensji - 24GLIWICE - Portal Gliwice | codziennie nowe informacje\",\"isPartOf\":{\"@id\":\"https:\\\/\\\/www.24gliwice.pl\\\/wiadomosci\\\/#website\"},\"primaryImageOfPage\":{\"@id\":\"https:\\\/\\\/www.24gliwice.pl\\\/wiadomosci\\\/likwidacja-trzeciej-zmiany-w-oplu-staje-sie-faktem-odprawy-do-14-krotnosci-pensji\\\/#primaryimage\"},\"image\":{\"@id\":\"https:\\\/\\\/www.24gliwice.pl\\\/wiadomosci\\\/likwidacja-trzeciej-zmiany-w-oplu-staje-sie-faktem-odprawy-do-14-krotnosci-pensji\\\/#primaryimage\"},\"thumbnailUrl\":\"https:\\\/\\\/www.24gliwice.pl\\\/wiadomosci\\\/wp-content\\\/uploads\\\/2018\\\/01\\\/opel.jpg\",\"datePublished\":\"2018-01-16T11:35:13+00:00\",\"dateModified\":\"2018-01-16T12:20:02+00:00\",\"breadcrumb\":{\"@id\":\"https:\\\/\\\/www.24gliwice.pl\\\/wiadomosci\\\/likwidacja-trzeciej-zmiany-w-oplu-staje-sie-faktem-odprawy-do-14-krotnosci-pensji\\\/#breadcrumb\"},\"inLanguage\":\"pl-PL\",\"potentialAction\":[{\"@type\":\"ReadAction\",\"target\":[\"https:\\\/\\\/www.24gliwice.pl\\\/wiadomosci\\\/likwidacja-trzeciej-zmiany-w-oplu-staje-sie-faktem-odprawy-do-14-krotnosci-pensji\\\/\"]}]},{\"@type\":\"ImageObject\",\"inLanguage\":\"pl-PL\",\"@id\":\"https:\\\/\\\/www.24gliwice.pl\\\/wiadomosci\\\/likwidacja-trzeciej-zmiany-w-oplu-staje-sie-faktem-odprawy-do-14-krotnosci-pensji\\\/#primaryimage\",\"url\":\"https:\\\/\\\/www.24gliwice.pl\\\/wiadomosci\\\/wp-content\\\/uploads\\\/2018\\\/01\\\/opel.jpg\",\"contentUrl\":\"https:\\\/\\\/www.24gliwice.pl\\\/wiadomosci\\\/wp-content\\\/uploads\\\/2018\\\/01\\\/opel.jpg\",\"width\":810,\"height\":456,\"caption\":\"fot. 24gliwice.pl\"},{\"@type\":\"BreadcrumbList\",\"@id\":\"https:\\\/\\\/www.24gliwice.pl\\\/wiadomosci\\\/likwidacja-trzeciej-zmiany-w-oplu-staje-sie-faktem-odprawy-do-14-krotnosci-pensji\\\/#breadcrumb\",\"itemListElement\":[{\"@type\":\"ListItem\",\"position\":1,\"name\":\"Strona g\u0142\u00f3wna\",\"item\":\"https:\\\/\\\/www.24gliwice.pl\\\/wiadomosci\\\/\"},{\"@type\":\"ListItem\",\"position\":2,\"name\":\"Likwidacja trzeciej zmiany w Oplu staje si\u0119 faktem. Odprawy do 14-krotno\u015bci pensji\"}]},{\"@type\":\"WebSite\",\"@id\":\"https:\\\/\\\/www.24gliwice.pl\\\/wiadomosci\\\/#website\",\"url\":\"https:\\\/\\\/www.24gliwice.pl\\\/wiadomosci\\\/\",\"name\":\"24GLIWICE - Portal Gliwice | codziennie nowe wiadomo\u015bci\",\"description\":\"Portal Miejski Gliwice\",\"publisher\":{\"@id\":\"https:\\\/\\\/www.24gliwice.pl\\\/wiadomosci\\\/#organization\"},\"potentialAction\":[{\"@type\":\"SearchAction\",\"target\":{\"@type\":\"EntryPoint\",\"urlTemplate\":\"https:\\\/\\\/www.24gliwice.pl\\\/wiadomosci\\\/?s={search_term_string}\"},\"query-input\":{\"@type\":\"PropertyValueSpecification\",\"valueRequired\":true,\"valueName\":\"search_term_string\"}}],\"inLanguage\":\"pl-PL\"},{\"@type\":\"Organization\",\"@id\":\"https:\\\/\\\/www.24gliwice.pl\\\/wiadomosci\\\/#organization\",\"name\":\"24gliwice\",\"url\":\"https:\\\/\\\/www.24gliwice.pl\\\/wiadomosci\\\/\",\"logo\":{\"@type\":\"ImageObject\",\"inLanguage\":\"pl-PL\",\"@id\":\"https:\\\/\\\/www.24gliwice.pl\\\/wiadomosci\\\/#\\\/schema\\\/logo\\\/image\\\/\",\"url\":\"https:\\\/\\\/www.24gliwice.pl\\\/wiadomosci\\\/wp-content\\\/uploads\\\/2024\\\/10\\\/24gliwice-logo-696.jpg\",\"contentUrl\":\"https:\\\/\\\/www.24gliwice.pl\\\/wiadomosci\\\/wp-content\\\/uploads\\\/2024\\\/10\\\/24gliwice-logo-696.jpg\",\"width\":696,\"height\":696,\"caption\":\"24gliwice\"},\"image\":{\"@id\":\"https:\\\/\\\/www.24gliwice.pl\\\/wiadomosci\\\/#\\\/schema\\\/logo\\\/image\\\/\"},\"sameAs\":[\"https:\\\/\\\/www.facebook.com\\\/24gliwice\",\"https:\\\/\\\/x.com\\\/24gliwice\",\"https:\\\/\\\/www.youtube.com\\\/@24gliwice\"]},{\"@type\":\"Person\",\"@id\":\"https:\\\/\\\/www.24gliwice.pl\\\/wiadomosci\\\/#\\\/schema\\\/person\\\/e42c650edd7f2fa332be3811fb166b6e\",\"name\":\"\u017baneta Mrozek-Siewierska\",\"image\":{\"@type\":\"ImageObject\",\"inLanguage\":\"pl-PL\",\"@id\":\"https:\\\/\\\/secure.gravatar.com\\\/avatar\\\/1881429e9c64597c77ad7aef2d0a19be69a3253e57534d16aa15bf3a4d34a0a3?s=96&d=mm&r=g\",\"url\":\"https:\\\/\\\/secure.gravatar.com\\\/avatar\\\/1881429e9c64597c77ad7aef2d0a19be69a3253e57534d16aa15bf3a4d34a0a3?s=96&d=mm&r=g\",\"contentUrl\":\"https:\\\/\\\/secure.gravatar.com\\\/avatar\\\/1881429e9c64597c77ad7aef2d0a19be69a3253e57534d16aa15bf3a4d34a0a3?s=96&d=mm&r=g\",\"caption\":\"\u017baneta Mrozek-Siewierska\"},\"url\":\"https:\\\/\\\/www.24gliwice.pl\\\/wiadomosci\\\/author\\\/zms\\\/\"}]}<\/script>\n<!-- \/ Yoast SEO plugin. -->","yoast_head_json":{"title":"Likwidacja trzeciej zmiany w Oplu staje si\u0119 faktem. Odprawy do 14-krotno\u015bci pensji - 24GLIWICE - Portal Gliwice | codziennie nowe informacje","robots":{"index":"index","follow":"follow","max-snippet":"max-snippet:-1","max-image-preview":"max-image-preview:large","max-video-preview":"max-video-preview:-1"},"canonical":"https:\/\/www.24gliwice.pl\/wiadomosci\/likwidacja-trzeciej-zmiany-w-oplu-staje-sie-faktem-odprawy-do-14-krotnosci-pensji\/","og_locale":"pl_PL","og_type":"article","og_title":"Likwidacja trzeciej zmiany w Oplu staje si\u0119 faktem. Odprawy do 14-krotno\u015bci pensji - 24GLIWICE - Portal Gliwice | codziennie nowe informacje","og_description":"W gliwickiej fabryce Opla uruchomiony zosta\u0142 program dobrowolnych odej\u015b\u0107, kt\u00f3ry ma obj\u0105\u0107 190 pracownik\u00f3w. W lutym w zak\u0142adzie zostanie zlikwidowana trzecia zmiana. &#8211; Pracownicy mog\u0105 do 19 stycznia sk\u0142ada\u0107 w dziale HR wnioski dotycz\u0105ce ch\u0119ci przyst\u0105pienia do programu dobrowolnych odej\u015b\u0107. Docelowo program ma obj\u0105\u0107 140 pracownik\u00f3w produkcyjnych oraz 50 pracownik\u00f3w nieprodukcyjnych \u2013 m\u00f3wi Mariusz Kr\u00f3l, [&hellip;]","og_url":"https:\/\/www.24gliwice.pl\/wiadomosci\/likwidacja-trzeciej-zmiany-w-oplu-staje-sie-faktem-odprawy-do-14-krotnosci-pensji\/","og_site_name":"24GLIWICE - Portal Gliwice | codziennie nowe informacje","article_publisher":"https:\/\/www.facebook.com\/24gliwice","article_published_time":"2018-01-16T11:35:13+00:00","article_modified_time":"2018-01-16T12:20:02+00:00","og_image":[{"width":810,"height":456,"url":"https:\/\/www.24gliwice.pl\/wiadomosci\/wp-content\/uploads\/2018\/01\/opel.jpg","type":"image\/jpeg"}],"author":"\u017baneta Mrozek-Siewierska","twitter_card":"summary_large_image","twitter_creator":"@24gliwice","twitter_site":"@24gliwice","twitter_misc":{"Napisane przez":"\u017baneta Mrozek-Siewierska","Szacowany czas czytania":"2 minuty"},"schema":{"@context":"https:\/\/schema.org","@graph":[{"@type":"Article","@id":"https:\/\/www.24gliwice.pl\/wiadomosci\/likwidacja-trzeciej-zmiany-w-oplu-staje-sie-faktem-odprawy-do-14-krotnosci-pensji\/#article","isPartOf":{"@id":"https:\/\/www.24gliwice.pl\/wiadomosci\/likwidacja-trzeciej-zmiany-w-oplu-staje-sie-faktem-odprawy-do-14-krotnosci-pensji\/"},"author":{"name":"\u017baneta Mrozek-Siewierska","@id":"https:\/\/www.24gliwice.pl\/wiadomosci\/#\/schema\/person\/e42c650edd7f2fa332be3811fb166b6e"},"headline":"Likwidacja trzeciej zmiany w Oplu staje si\u0119 faktem. Odprawy do 14-krotno\u015bci pensji","datePublished":"2018-01-16T11:35:13+00:00","dateModified":"2018-01-16T12:20:02+00:00","mainEntityOfPage":{"@id":"https:\/\/www.24gliwice.pl\/wiadomosci\/likwidacja-trzeciej-zmiany-w-oplu-staje-sie-faktem-odprawy-do-14-krotnosci-pensji\/"},"wordCount":444,"commentCount":0,"publisher":{"@id":"https:\/\/www.24gliwice.pl\/wiadomosci\/#organization"},"image":{"@id":"https:\/\/www.24gliwice.pl\/wiadomosci\/likwidacja-trzeciej-zmiany-w-oplu-staje-sie-faktem-odprawy-do-14-krotnosci-pensji\/#primaryimage"},"thumbnailUrl":"https:\/\/www.24gliwice.pl\/wiadomosci\/wp-content\/uploads\/2018\/01\/opel.jpg","keywords":["bezrobocie","bezrobotny","likwidacja trzeciej zmiany","OPEL","psa","redukcja zatrudnienia","zwolnienia"],"articleSection":["Gliwice","Najnowsze wiadomo\u015bci","Portal Gliwice - Wiadomo\u015bci lokalne"],"inLanguage":"pl-PL","potentialAction":[{"@type":"CommentAction","name":"Comment","target":["https:\/\/www.24gliwice.pl\/wiadomosci\/likwidacja-trzeciej-zmiany-w-oplu-staje-sie-faktem-odprawy-do-14-krotnosci-pensji\/#respond"]}]},{"@type":"WebPage","@id":"https:\/\/www.24gliwice.pl\/wiadomosci\/likwidacja-trzeciej-zmiany-w-oplu-staje-sie-faktem-odprawy-do-14-krotnosci-pensji\/","url":"https:\/\/www.24gliwice.pl\/wiadomosci\/likwidacja-trzeciej-zmiany-w-oplu-staje-sie-faktem-odprawy-do-14-krotnosci-pensji\/","name":"Likwidacja trzeciej zmiany w Oplu staje si\u0119 faktem. Odprawy do 14-krotno\u015bci pensji - 24GLIWICE - Portal Gliwice | codziennie nowe informacje","isPartOf":{"@id":"https:\/\/www.24gliwice.pl\/wiadomosci\/#website"},"primaryImageOfPage":{"@id":"https:\/\/www.24gliwice.pl\/wiadomosci\/likwidacja-trzeciej-zmiany-w-oplu-staje-sie-faktem-odprawy-do-14-krotnosci-pensji\/#primaryimage"},"image":{"@id":"https:\/\/www.24gliwice.pl\/wiadomosci\/likwidacja-trzeciej-zmiany-w-oplu-staje-sie-faktem-odprawy-do-14-krotnosci-pensji\/#primaryimage"},"thumbnailUrl":"https:\/\/www.24gliwice.pl\/wiadomosci\/wp-content\/uploads\/2018\/01\/opel.jpg","datePublished":"2018-01-16T11:35:13+00:00","dateModified":"2018-01-16T12:20:02+00:00","breadcrumb":{"@id":"https:\/\/www.24gliwice.pl\/wiadomosci\/likwidacja-trzeciej-zmiany-w-oplu-staje-sie-faktem-odprawy-do-14-krotnosci-pensji\/#breadcrumb"},"inLanguage":"pl-PL","potentialAction":[{"@type":"ReadAction","target":["https:\/\/www.24gliwice.pl\/wiadomosci\/likwidacja-trzeciej-zmiany-w-oplu-staje-sie-faktem-odprawy-do-14-krotnosci-pensji\/"]}]},{"@type":"ImageObject","inLanguage":"pl-PL","@id":"https:\/\/www.24gliwice.pl\/wiadomosci\/likwidacja-trzeciej-zmiany-w-oplu-staje-sie-faktem-odprawy-do-14-krotnosci-pensji\/#primaryimage","url":"https:\/\/www.24gliwice.pl\/wiadomosci\/wp-content\/uploads\/2018\/01\/opel.jpg","contentUrl":"https:\/\/www.24gliwice.pl\/wiadomosci\/wp-content\/uploads\/2018\/01\/opel.jpg","width":810,"height":456,"caption":"fot. 24gliwice.pl"},{"@type":"BreadcrumbList","@id":"https:\/\/www.24gliwice.pl\/wiadomosci\/likwidacja-trzeciej-zmiany-w-oplu-staje-sie-faktem-odprawy-do-14-krotnosci-pensji\/#breadcrumb","itemListElement":[{"@type":"ListItem","position":1,"name":"Strona g\u0142\u00f3wna","item":"https:\/\/www.24gliwice.pl\/wiadomosci\/"},{"@type":"ListItem","position":2,"name":"Likwidacja trzeciej zmiany w Oplu staje si\u0119 faktem. Odprawy do 14-krotno\u015bci pensji"}]},{"@type":"WebSite","@id":"https:\/\/www.24gliwice.pl\/wiadomosci\/#website","url":"https:\/\/www.24gliwice.pl\/wiadomosci\/","name":"24GLIWICE - Portal Gliwice | codziennie nowe wiadomo\u015bci","description":"Portal Miejski Gliwice","publisher":{"@id":"https:\/\/www.24gliwice.pl\/wiadomosci\/#organization"},"potentialAction":[{"@type":"SearchAction","target":{"@type":"EntryPoint","urlTemplate":"https:\/\/www.24gliwice.pl\/wiadomosci\/?s={search_term_string}"},"query-input":{"@type":"PropertyValueSpecification","valueRequired":true,"valueName":"search_term_string"}}],"inLanguage":"pl-PL"},{"@type":"Organization","@id":"https:\/\/www.24gliwice.pl\/wiadomosci\/#organization","name":"24gliwice","url":"https:\/\/www.24gliwice.pl\/wiadomosci\/","logo":{"@type":"ImageObject","inLanguage":"pl-PL","@id":"https:\/\/www.24gliwice.pl\/wiadomosci\/#\/schema\/logo\/image\/","url":"https:\/\/www.24gliwice.pl\/wiadomosci\/wp-content\/uploads\/2024\/10\/24gliwice-logo-696.jpg","contentUrl":"https:\/\/www.24gliwice.pl\/wiadomosci\/wp-content\/uploads\/2024\/10\/24gliwice-logo-696.jpg","width":696,"height":696,"caption":"24gliwice"},"image":{"@id":"https:\/\/www.24gliwice.pl\/wiadomosci\/#\/schema\/logo\/image\/"},"sameAs":["https:\/\/www.facebook.com\/24gliwice","https:\/\/x.com\/24gliwice","https:\/\/www.youtube.com\/@24gliwice"]},{"@type":"Person","@id":"https:\/\/www.24gliwice.pl\/wiadomosci\/#\/schema\/person\/e42c650edd7f2fa332be3811fb166b6e","name":"\u017baneta Mrozek-Siewierska","image":{"@type":"ImageObject","inLanguage":"pl-PL","@id":"https:\/\/secure.gravatar.com\/avatar\/1881429e9c64597c77ad7aef2d0a19be69a3253e57534d16aa15bf3a4d34a0a3?s=96&d=mm&r=g","url":"https:\/\/secure.gravatar.com\/avatar\/1881429e9c64597c77ad7aef2d0a19be69a3253e57534d16aa15bf3a4d34a0a3?s=96&d=mm&r=g","contentUrl":"https:\/\/secure.gravatar.com\/avatar\/1881429e9c64597c77ad7aef2d0a19be69a3253e57534d16aa15bf3a4d34a0a3?s=96&d=mm&r=g","caption":"\u017baneta Mrozek-Siewierska"},"url":"https:\/\/www.24gliwice.pl\/wiadomosci\/author\/zms\/"}]}},"_links":{"self":[{"href":"https:\/\/www.24gliwice.pl\/wiadomosci\/wp-json\/wp\/v2\/posts\/110537","targetHints":{"allow":["GET"]}}],"collection":[{"href":"https:\/\/www.24gliwice.pl\/wiadomosci\/wp-json\/wp\/v2\/posts"}],"about":[{"href":"https:\/\/www.24gliwice.pl\/wiadomosci\/wp-json\/wp\/v2\/types\/post"}],"author":[{"embeddable":true,"href":"https:\/\/www.24gliwice.pl\/wiadomosci\/wp-json\/wp\/v2\/users\/15"}],"replies":[{"embeddable":true,"href":"https:\/\/www.24gliwice.pl\/wiadomosci\/wp-json\/wp\/v2\/comments?post=110537"}],"version-history":[{"count":0,"href":"https:\/\/www.24gliwice.pl\/wiadomosci\/wp-json\/wp\/v2\/posts\/110537\/revisions"}],"wp:featuredmedia":[{"embeddable":true,"href":"https:\/\/www.24gliwice.pl\/wiadomosci\/wp-json\/wp\/v2\/media\/110665"}],"wp:attachment":[{"href":"https:\/\/www.24gliwice.pl\/wiadomosci\/wp-json\/wp\/v2\/media?parent=110537"}],"wp:term":[{"taxonomy":"category","embeddable":true,"href":"https:\/\/www.24gliwice.pl\/wiadomosci\/wp-json\/wp\/v2\/categories?post=110537"},{"taxonomy":"post_tag","embeddable":true,"href":"https:\/\/www.24gliwice.pl\/wiadomosci\/wp-json\/wp\/v2\/tags?post=110537"}],"curies":[{"name":"wp","href":"https:\/\/api.w.org\/{rel}","templated":true}]}}