{"id":110655,"date":"2018-01-17T02:08:03","date_gmt":"2018-01-17T01:08:03","guid":{"rendered":"http:\/\/www.24gliwice.pl\/wiadomosci\/?p=110655"},"modified":"2018-01-17T02:18:57","modified_gmt":"2018-01-17T01:18:57","slug":"kolejne-ulice-z-energooszczednym-oswietleniem-jednym-sie-podoba-dla-innych-jest-zbyt-ciemno","status":"publish","type":"post","link":"https:\/\/www.24gliwice.pl\/wiadomosci\/kolejne-ulice-z-energooszczednym-oswietleniem-jednym-sie-podoba-dla-innych-jest-zbyt-ciemno\/","title":{"rendered":"Kolejne ulice z energooszcz\u0119dnym o\u015bwietleniem. Jednym si\u0119 podoba, dla innych jest zbyt ciemno"},"content":{"rendered":"<div class=\"gliwi-a6-nad-leadem-artykulow gliwi-entity-placement\" id=\"gliwi-2585322248\"><div class=\"gliwi-adlabel\"><span style=\"font-size: 9px\">REKLAMA<\/span><\/div><div id=\"gliwi-3517179697\" style=\"margin-bottom: 25px;margin-left: auto;margin-right: auto;text-align: center;\"><a data-no-instant=\"1\" href=\"https:\/\/dom100.eu\/\" rel=\"noopener\" class=\"a2t-link\" target=\"_blank\" aria-label=\"20260415 DOM100 D\"><img loading=\"lazy\" decoding=\"async\" src=\"https:\/\/www.24gliwice.pl\/wiadomosci\/wp-content\/uploads\/2026\/04\/20260415-DOM100-D.jpg\" alt=\"\"  srcset=\"https:\/\/www.24gliwice.pl\/wiadomosci\/wp-content\/uploads\/2026\/04\/20260415-DOM100-D.jpg 750w, https:\/\/www.24gliwice.pl\/wiadomosci\/wp-content\/uploads\/2026\/04\/20260415-DOM100-D-410x109.jpg 410w\" sizes=\"(max-width: 750px) 100vw, 750px\" class=\"no-lazyload\" width=\"750\" height=\"200\"  style=\"display: inline-block; max-width: 100%; height: auto;\" \/><\/a><\/div><\/div><h3>Miasto wdra\u017ca kolejny etap tzw. Masterplanu dotycz\u0105cego o\u015bwietlenia. Nowe latarnie pojawi\u0105 si\u0119 na ulicach: Strzody i Wyszy\u0144skiego oraz na pl. Pi\u0142sudskiego. Spowoduje to du\u017ce oszcz\u0119dno\u015bci.<\/h3>\n<p>Masterplan O\u015bwietlenia Obszaru Miejskiego Miasta Gliwice ma na celu uporz\u0105dkowanie miejskiego o\u015bwietlenia i wykorzystanie w przestrzeni miejskiej energooszcz\u0119dnych, ledowych i sodowych \u017ar\u00f3de\u0142 \u015bwiat\u0142a. Zgodnie z przyj\u0119t\u0105 koncepcj\u0105, na obrze\u017cach miasta oraz wzd\u0142u\u017c g\u0142\u00f3wnych szlak\u00f3w komunikacyjnych latarnie powinny emitowa\u0107 jasne, zimne \u015bwiat\u0142o. W \u015bcis\u0142ym centrum o\u015bwietlenie ma by\u0107 cieplejsze, niemal pomara\u0144czowe.<\/p>\n<blockquote><p>\u2013 Masterplan to nie tylko estetyczne, ale te\u017c ekonomiczne rozwi\u0105zanie. Na ulicach, na kt\u00f3rych wymienimy oprawy sodowe na LED uzyskamy zmniejszenie koszt\u00f3w za energi\u0119 elektryczn\u0105 i konserwacj\u0119 o ponad 50 procent<\/p><\/blockquote>\n<p> \u2013 t\u0142umaczy <strong>Mariola Pendzia\u0142ek<\/strong>, naczelnik Wydzia\u0142u Przedsi\u0119wzi\u0119\u0107 Gospodarczych i Us\u0142ug Komunalnych dla Miejskiego Serwisu Informacyjnego.<\/p><div class=\"gliwi-a3-w-tresci-artykulow gliwi-entity-placement\" id=\"gliwi-3616707246\"><div class=\"gliwi-adlabel\"><span style=\"font-size: 9px\">REKLAMA<\/span><\/div><div id=\"gliwi-3222813104\" style=\"margin-bottom: 30px;margin-left: auto;margin-right: auto;text-align: center;\"><a data-no-instant=\"1\" href=\"https:\/\/ogrodyandersa.pl\/\" rel=\"noopener\" class=\"a2t-link\" target=\"_blank\" aria-label=\"20260415 Ogrody Andersa KUP TERAZ D\"><img loading=\"lazy\" decoding=\"async\" src=\"https:\/\/www.24gliwice.pl\/wiadomosci\/wp-content\/uploads\/2026\/04\/20260415-Ogrody-Andersa-KUP-TERAZ-D.jpg\" alt=\"\"  srcset=\"https:\/\/www.24gliwice.pl\/wiadomosci\/wp-content\/uploads\/2026\/04\/20260415-Ogrody-Andersa-KUP-TERAZ-D.jpg 750w, https:\/\/www.24gliwice.pl\/wiadomosci\/wp-content\/uploads\/2026\/04\/20260415-Ogrody-Andersa-KUP-TERAZ-D-410x109.jpg 410w\" sizes=\"(max-width: 750px) 100vw, 750px\" class=\"no-lazyload\" width=\"750\" height=\"200\"  style=\"display: inline-block; max-width: 100%; height: auto;\" \/><\/a><\/div><\/div>\n<p>Wymiana o\u015bwietlenia jest w Gliwicach realizowana ju\u017c od 5 lat. Teraz przyszed\u0142 czas na jej kolejny etap \u2013 modernizacj\u0119 na tzw. Osi Politechniki (ul. Strzody i Wyszy\u0144skiego oraz pl. Pi\u0142sudskiego).<\/p>\n[perfectpullquote align=&#8221;full&#8221; bordertop=&#8221;false&#8221; cite=&#8221;&#8221; link=&#8221;&#8221; color=&#8221;&#8221; class=&#8221;&#8221; size=&#8221;&#8221;]Ch\u0142odne \u015bwiat\u0142o pojawi si\u0119 na ul. Strzody jako przed\u0142u\u017cenie ul. Akademickiej, a ciep\u0142e emitowa\u0107 b\u0119d\u0105 latarnie na Wyszy\u0144skiego i pl. Pi\u0142sudskiego. [\/perfectpullquote]\n<p>W przetargu og\u0142oszonym przez magistrat wzi\u0119\u0142o udzia\u0142 sze\u015b\u0107 firm. Wykonawca ma by\u0107 wy\u0142oniony do po\u0142owy lutego, wtedy te\u017c poznamy harmonogram prac. Miasto zaplanowa\u0142o przeznaczy\u0107 na ten cel 217 tysi\u0119cy z\u0142otych. <\/p>\n<p>Tylko jedna ze z\u0142o\u017conych do przetargu ofert przekracza t\u0119 kwot\u0119, r\u00f3wnocze\u015bnie zapewniaj\u0105c najkr\u00f3tsz\u0105 gwarancj\u0119 na wykonane roboty. Najta\u0144sz\u0105 ofert\u0119 przedstawi\u0142a firma z Gliwic &#8211; Zak\u0142ad Projektowo-Wykonawczy Instalacji <strong>Marek Brodala<\/strong>. Oferent wyceni\u0142 to zam\u00f3wienie na prawie 154 tysi\u0105ce z\u0142otych. <\/p>\n<h4>Pierwsza by\u0142a Pszczy\u0144ska, potem Zwyci\u0119stwa<\/h4>\n<p>Prace zmierzaj\u0105ce do uporz\u0105dkowania miejskiego o\u015bwietlania rozpocz\u0119\u0142y si\u0119 w 2013 roku, gdy 165 nowoczesnych latarni zamontowano na ul. Pszczy\u0144skiej.<\/p>\n<p>W 2016 roku now\u0105 iluminacj\u0119 zyska\u0142a ul. Zwyci\u0119stwa, wzd\u0142u\u017c kt\u00f3rej stan\u0119\u0142o 57 latarni LED oraz 8 z sodowymi \u017ar\u00f3d\u0142ami \u015bwiat\u0142a. Modernizacja ta wzbudzi\u0142a sporo emocji. Dla jednych doda\u0142a najwa\u017cniejszej arterii miasta elegancji, ale wed\u0142ug innych, po remoncie na reprezentacyjnej ulicy jest po prostu ciemno.<\/p>\n[perfectpullquote align=&#8221;full&#8221; bordertop=&#8221;false&#8221; cite=&#8221;&#8221; link=&#8221;&#8221; color=&#8221;&#8221; class=&#8221;&#8221; size=&#8221;&#8221;]Urz\u0119dnicy t\u0142umaczyli, \u017ce inwestycja pozwoli\u0142a na ograniczenie efektu tzw. \u201eza\u015bmiecania \u015bwiat\u0142em\u201d. To zreszt\u0105, opr\u00f3cz oszcz\u0119dno\u015bci by\u0142 jeden z g\u0142\u00f3wnych cel\u00f3w przedsi\u0119wzi\u0119cia. [\/perfectpullquote]\n<p>W 2017 roku nowe o\u015bwietlenie pojawi\u0142o si\u0119 te\u017c na fragmencie ulicy Akademickiej, ul. Boles\u0142awa Krzywoustego, ul. Marii Curie-Sk\u0142odowskiej (na odcinku od Ronda Akademickiego do ul. Akademickiej), DT\u015a G2 trasa g\u0142\u00f3wna, ul. \u015aw. Barbary, Dolnych Wa\u0142\u00f3w, na rondzie Pa\u0144czyka przy ul. Kos\u00f3w.<\/p>\n<p>Oddano te\u017c do u\u017cytku mieszka\u0144c\u00f3w o\u015bwietlenie ul. Kujawskiej i ul. Panewnickiej, a pod koniec roku wymieniono oprawy o\u015bwietleniowe na ul. Wroc\u0142awskiej i Cz\u0119stochowskiej. W tym roku planowane jest oddanie do u\u017cytku o\u015bwietlenia w parku Chrobrego, kt\u00f3re niedawno zosta\u0142o zdewastowane, o <a href=\"http:\/\/www.24gliwice.pl\/wiadomosci\/wandale-dewastuja-urzadzenia-w-parku-chrobrego-podpalili-m-in-nowe-latarnie\/\" rel=\"noopener\" target=\"_blank\">czym informowali\u015bmy w artykule<\/a>.<\/p>\n<h4>Kt\u00f3re ulice nast\u0119pne?<\/h4>\n<p>W kolejnym etapie wdra\u017cania gliwickiego Masterplanu, po modernizacji o\u015bwietlenia na Osi Politechniki, nowoczesne latarnie pojawi\u0105 si\u0119 wzd\u0142u\u017c ulic: Kopalnianej, Bojkowskiej, Rybnickiej, Tarnog\u00f3rskiej i Dworcowej, a tak\u017ce na wybranych ulicach, gdzie zostanie wymienionych 1787 opraw o\u015bwietleniowych na nowe oprawy ze \u017ar\u00f3d\u0142ami LED. Ca\u0142y projekt poch\u0142onie \u0142\u0105cznie 14 mln z\u0142 \u2013 10 mln z kasy miasta oraz 4 mln ze \u015brodk\u00f3w Unii Europejskiej. Jego realizacja powinna si\u0119 zako\u0144czy\u0107 w 2019 roku.<\/p>\n<p>(\u017cms)<\/p>\n<div class=\"gliwi-a5-na-koncu-artykulow gliwi-entity-placement\" id=\"gliwi-936737494\"><div class=\"gliwi-adlabel\"><span style=\"font-size: 9px\">REKLAMA<\/span><\/div><div id=\"gliwi-339658580\" style=\"margin-left: auto;margin-right: auto;text-align: center;\"><a data-no-instant=\"1\" href=\"https:\/\/prezeroarenagliwice.pl\/\" rel=\"noopener\" class=\"a2t-link\" target=\"_blank\" aria-label=\"20260309-PREZERO-WIOSNA-D\"><img loading=\"lazy\" decoding=\"async\" src=\"https:\/\/www.24gliwice.pl\/wiadomosci\/wp-content\/uploads\/2026\/03\/20260309-PREZERO-WIOSNA-D.webp\" alt=\"\"  srcset=\"https:\/\/www.24gliwice.pl\/wiadomosci\/wp-content\/uploads\/2026\/03\/20260309-PREZERO-WIOSNA-D.webp 750w, https:\/\/www.24gliwice.pl\/wiadomosci\/wp-content\/uploads\/2026\/03\/20260309-PREZERO-WIOSNA-D-410x109.webp 410w\" sizes=\"(max-width: 750px) 100vw, 750px\" class=\"no-lazyload\" width=\"750\" height=\"200\"  style=\"display: inline-block; max-width: 100%; height: auto;\" \/><\/a><\/div><\/div>","protected":false},"excerpt":{"rendered":"<p>Miasto wdra\u017ca kolejny etap tzw. Masterplanu dotycz\u0105cego o\u015bwietlenia. Nowe latarnie pojawi\u0105 si\u0119 na ulicach: Strzody i Wyszy\u0144skiego oraz na pl. Pi\u0142sudskiego. Spowoduje to du\u017ce oszcz\u0119dno\u015bci. Masterplan O\u015bwietlenia Obszaru Miejskiego Miasta Gliwice ma na celu uporz\u0105dkowanie miejskiego o\u015bwietlenia i wykorzystanie w przestrzeni miejskiej energooszcz\u0119dnych, ledowych i sodowych \u017ar\u00f3de\u0142 \u015bwiat\u0142a. Zgodnie z przyj\u0119t\u0105 koncepcj\u0105, na obrze\u017cach miasta [&hellip;]<\/p>\n","protected":false},"author":15,"featured_media":110709,"comment_status":"open","ping_status":"closed","sticky":false,"template":"","format":"standard","meta":{"_monsterinsights_skip_tracking":false,"_monsterinsights_sitenote_active":false,"_monsterinsights_sitenote_note":"","_monsterinsights_sitenote_category":0,"footnotes":"","_links_to":"","_links_to_target":""},"categories":[3,1,9],"tags":[8035,5059,5058,4966,11246,11244,5137],"class_list":["post-110655","post","type-post","status-publish","format-standard","has-post-thumbnail","hentry","category-gliwice","category-wszystko","category-aktualnosci_lokalne","tag-lampy","tag-latarnie","tag-oswietlenie","tag-plac-pilsudskiego","tag-strzody","tag-swiatlo","tag-wyszynskiego"],"yoast_head":"<!-- This site is optimized with the Yoast SEO plugin v27.5 - https:\/\/yoast.com\/product\/yoast-seo-wordpress\/ -->\n<title>Kolejne ulice z energooszcz\u0119dnym o\u015bwietleniem. Jednym si\u0119 podoba, dla innych jest zbyt ciemno - 24GLIWICE - Portal Gliwice | codziennie nowe informacje<\/title>\n<meta name=\"robots\" content=\"index, follow, max-snippet:-1, max-image-preview:large, max-video-preview:-1\" \/>\n<link rel=\"canonical\" href=\"https:\/\/www.24gliwice.pl\/wiadomosci\/kolejne-ulice-z-energooszczednym-oswietleniem-jednym-sie-podoba-dla-innych-jest-zbyt-ciemno\/\" \/>\n<meta property=\"og:locale\" content=\"pl_PL\" \/>\n<meta property=\"og:type\" content=\"article\" \/>\n<meta property=\"og:title\" content=\"Kolejne ulice z energooszcz\u0119dnym o\u015bwietleniem. Jednym si\u0119 podoba, dla innych jest zbyt ciemno - 24GLIWICE - Portal Gliwice | codziennie nowe informacje\" \/>\n<meta property=\"og:description\" content=\"Miasto wdra\u017ca kolejny etap tzw. Masterplanu dotycz\u0105cego o\u015bwietlenia. Nowe latarnie pojawi\u0105 si\u0119 na ulicach: Strzody i Wyszy\u0144skiego oraz na pl. Pi\u0142sudskiego. Spowoduje to du\u017ce oszcz\u0119dno\u015bci. Masterplan O\u015bwietlenia Obszaru Miejskiego Miasta Gliwice ma na celu uporz\u0105dkowanie miejskiego o\u015bwietlenia i wykorzystanie w przestrzeni miejskiej energooszcz\u0119dnych, ledowych i sodowych \u017ar\u00f3de\u0142 \u015bwiat\u0142a. Zgodnie z przyj\u0119t\u0105 koncepcj\u0105, na obrze\u017cach miasta [&hellip;]\" \/>\n<meta property=\"og:url\" content=\"https:\/\/www.24gliwice.pl\/wiadomosci\/kolejne-ulice-z-energooszczednym-oswietleniem-jednym-sie-podoba-dla-innych-jest-zbyt-ciemno\/\" \/>\n<meta property=\"og:site_name\" content=\"24GLIWICE - Portal Gliwice | codziennie nowe informacje\" \/>\n<meta property=\"article:publisher\" content=\"https:\/\/www.facebook.com\/24gliwice\" \/>\n<meta property=\"article:published_time\" content=\"2018-01-17T01:08:03+00:00\" \/>\n<meta property=\"article:modified_time\" content=\"2018-01-17T01:18:57+00:00\" \/>\n<meta property=\"og:image\" content=\"https:\/\/www.24gliwice.pl\/wiadomosci\/wp-content\/uploads\/2018\/01\/1-zywciestwa-noc-lampy-001.jpg\" \/>\n\t<meta property=\"og:image:width\" content=\"810\" \/>\n\t<meta property=\"og:image:height\" content=\"456\" \/>\n\t<meta property=\"og:image:type\" content=\"image\/jpeg\" \/>\n<meta name=\"author\" content=\"\u017baneta Mrozek-Siewierska\" \/>\n<meta name=\"twitter:card\" content=\"summary_large_image\" \/>\n<meta name=\"twitter:creator\" content=\"@24gliwice\" \/>\n<meta name=\"twitter:site\" content=\"@24gliwice\" \/>\n<meta name=\"twitter:label1\" content=\"Napisane przez\" \/>\n\t<meta name=\"twitter:data1\" content=\"\u017baneta Mrozek-Siewierska\" \/>\n\t<meta name=\"twitter:label2\" content=\"Szacowany czas czytania\" \/>\n\t<meta name=\"twitter:data2\" content=\"3 minuty\" \/>\n<script type=\"application\/ld+json\" class=\"yoast-schema-graph\">{\"@context\":\"https:\\\/\\\/schema.org\",\"@graph\":[{\"@type\":\"Article\",\"@id\":\"https:\\\/\\\/www.24gliwice.pl\\\/wiadomosci\\\/kolejne-ulice-z-energooszczednym-oswietleniem-jednym-sie-podoba-dla-innych-jest-zbyt-ciemno\\\/#article\",\"isPartOf\":{\"@id\":\"https:\\\/\\\/www.24gliwice.pl\\\/wiadomosci\\\/kolejne-ulice-z-energooszczednym-oswietleniem-jednym-sie-podoba-dla-innych-jest-zbyt-ciemno\\\/\"},\"author\":{\"name\":\"\u017baneta Mrozek-Siewierska\",\"@id\":\"https:\\\/\\\/www.24gliwice.pl\\\/wiadomosci\\\/#\\\/schema\\\/person\\\/e42c650edd7f2fa332be3811fb166b6e\"},\"headline\":\"Kolejne ulice z energooszcz\u0119dnym o\u015bwietleniem. Jednym si\u0119 podoba, dla innych jest zbyt ciemno\",\"datePublished\":\"2018-01-17T01:08:03+00:00\",\"dateModified\":\"2018-01-17T01:18:57+00:00\",\"mainEntityOfPage\":{\"@id\":\"https:\\\/\\\/www.24gliwice.pl\\\/wiadomosci\\\/kolejne-ulice-z-energooszczednym-oswietleniem-jednym-sie-podoba-dla-innych-jest-zbyt-ciemno\\\/\"},\"wordCount\":632,\"commentCount\":0,\"publisher\":{\"@id\":\"https:\\\/\\\/www.24gliwice.pl\\\/wiadomosci\\\/#organization\"},\"image\":{\"@id\":\"https:\\\/\\\/www.24gliwice.pl\\\/wiadomosci\\\/kolejne-ulice-z-energooszczednym-oswietleniem-jednym-sie-podoba-dla-innych-jest-zbyt-ciemno\\\/#primaryimage\"},\"thumbnailUrl\":\"https:\\\/\\\/www.24gliwice.pl\\\/wiadomosci\\\/wp-content\\\/uploads\\\/2018\\\/01\\\/1-zywciestwa-noc-lampy-001.jpg\",\"keywords\":[\"lampy\",\"latarnie\",\"O\u015aWIETLENIE\",\"PLAC PI\u0141SUDSKIEGO\",\"strzody\",\"\u015bwiat\u0142o\",\"wyszy\u0144skiego\"],\"articleSection\":[\"Gliwice\",\"Najnowsze wiadomo\u015bci\",\"Portal Gliwice - Wiadomo\u015bci lokalne\"],\"inLanguage\":\"pl-PL\",\"potentialAction\":[{\"@type\":\"CommentAction\",\"name\":\"Comment\",\"target\":[\"https:\\\/\\\/www.24gliwice.pl\\\/wiadomosci\\\/kolejne-ulice-z-energooszczednym-oswietleniem-jednym-sie-podoba-dla-innych-jest-zbyt-ciemno\\\/#respond\"]}]},{\"@type\":\"WebPage\",\"@id\":\"https:\\\/\\\/www.24gliwice.pl\\\/wiadomosci\\\/kolejne-ulice-z-energooszczednym-oswietleniem-jednym-sie-podoba-dla-innych-jest-zbyt-ciemno\\\/\",\"url\":\"https:\\\/\\\/www.24gliwice.pl\\\/wiadomosci\\\/kolejne-ulice-z-energooszczednym-oswietleniem-jednym-sie-podoba-dla-innych-jest-zbyt-ciemno\\\/\",\"name\":\"Kolejne ulice z energooszcz\u0119dnym o\u015bwietleniem. Jednym si\u0119 podoba, dla innych jest zbyt ciemno - 24GLIWICE - Portal Gliwice | codziennie nowe informacje\",\"isPartOf\":{\"@id\":\"https:\\\/\\\/www.24gliwice.pl\\\/wiadomosci\\\/#website\"},\"primaryImageOfPage\":{\"@id\":\"https:\\\/\\\/www.24gliwice.pl\\\/wiadomosci\\\/kolejne-ulice-z-energooszczednym-oswietleniem-jednym-sie-podoba-dla-innych-jest-zbyt-ciemno\\\/#primaryimage\"},\"image\":{\"@id\":\"https:\\\/\\\/www.24gliwice.pl\\\/wiadomosci\\\/kolejne-ulice-z-energooszczednym-oswietleniem-jednym-sie-podoba-dla-innych-jest-zbyt-ciemno\\\/#primaryimage\"},\"thumbnailUrl\":\"https:\\\/\\\/www.24gliwice.pl\\\/wiadomosci\\\/wp-content\\\/uploads\\\/2018\\\/01\\\/1-zywciestwa-noc-lampy-001.jpg\",\"datePublished\":\"2018-01-17T01:08:03+00:00\",\"dateModified\":\"2018-01-17T01:18:57+00:00\",\"breadcrumb\":{\"@id\":\"https:\\\/\\\/www.24gliwice.pl\\\/wiadomosci\\\/kolejne-ulice-z-energooszczednym-oswietleniem-jednym-sie-podoba-dla-innych-jest-zbyt-ciemno\\\/#breadcrumb\"},\"inLanguage\":\"pl-PL\",\"potentialAction\":[{\"@type\":\"ReadAction\",\"target\":[\"https:\\\/\\\/www.24gliwice.pl\\\/wiadomosci\\\/kolejne-ulice-z-energooszczednym-oswietleniem-jednym-sie-podoba-dla-innych-jest-zbyt-ciemno\\\/\"]}]},{\"@type\":\"ImageObject\",\"inLanguage\":\"pl-PL\",\"@id\":\"https:\\\/\\\/www.24gliwice.pl\\\/wiadomosci\\\/kolejne-ulice-z-energooszczednym-oswietleniem-jednym-sie-podoba-dla-innych-jest-zbyt-ciemno\\\/#primaryimage\",\"url\":\"https:\\\/\\\/www.24gliwice.pl\\\/wiadomosci\\\/wp-content\\\/uploads\\\/2018\\\/01\\\/1-zywciestwa-noc-lampy-001.jpg\",\"contentUrl\":\"https:\\\/\\\/www.24gliwice.pl\\\/wiadomosci\\\/wp-content\\\/uploads\\\/2018\\\/01\\\/1-zywciestwa-noc-lampy-001.jpg\",\"width\":810,\"height\":456},{\"@type\":\"BreadcrumbList\",\"@id\":\"https:\\\/\\\/www.24gliwice.pl\\\/wiadomosci\\\/kolejne-ulice-z-energooszczednym-oswietleniem-jednym-sie-podoba-dla-innych-jest-zbyt-ciemno\\\/#breadcrumb\",\"itemListElement\":[{\"@type\":\"ListItem\",\"position\":1,\"name\":\"Strona g\u0142\u00f3wna\",\"item\":\"https:\\\/\\\/www.24gliwice.pl\\\/wiadomosci\\\/\"},{\"@type\":\"ListItem\",\"position\":2,\"name\":\"Kolejne ulice z energooszcz\u0119dnym o\u015bwietleniem. Jednym si\u0119 podoba, dla innych jest zbyt ciemno\"}]},{\"@type\":\"WebSite\",\"@id\":\"https:\\\/\\\/www.24gliwice.pl\\\/wiadomosci\\\/#website\",\"url\":\"https:\\\/\\\/www.24gliwice.pl\\\/wiadomosci\\\/\",\"name\":\"24GLIWICE - Portal Gliwice | codziennie nowe wiadomo\u015bci\",\"description\":\"Portal Miejski Gliwice\",\"publisher\":{\"@id\":\"https:\\\/\\\/www.24gliwice.pl\\\/wiadomosci\\\/#organization\"},\"potentialAction\":[{\"@type\":\"SearchAction\",\"target\":{\"@type\":\"EntryPoint\",\"urlTemplate\":\"https:\\\/\\\/www.24gliwice.pl\\\/wiadomosci\\\/?s={search_term_string}\"},\"query-input\":{\"@type\":\"PropertyValueSpecification\",\"valueRequired\":true,\"valueName\":\"search_term_string\"}}],\"inLanguage\":\"pl-PL\"},{\"@type\":\"Organization\",\"@id\":\"https:\\\/\\\/www.24gliwice.pl\\\/wiadomosci\\\/#organization\",\"name\":\"24gliwice\",\"url\":\"https:\\\/\\\/www.24gliwice.pl\\\/wiadomosci\\\/\",\"logo\":{\"@type\":\"ImageObject\",\"inLanguage\":\"pl-PL\",\"@id\":\"https:\\\/\\\/www.24gliwice.pl\\\/wiadomosci\\\/#\\\/schema\\\/logo\\\/image\\\/\",\"url\":\"https:\\\/\\\/www.24gliwice.pl\\\/wiadomosci\\\/wp-content\\\/uploads\\\/2024\\\/10\\\/24gliwice-logo-696.jpg\",\"contentUrl\":\"https:\\\/\\\/www.24gliwice.pl\\\/wiadomosci\\\/wp-content\\\/uploads\\\/2024\\\/10\\\/24gliwice-logo-696.jpg\",\"width\":696,\"height\":696,\"caption\":\"24gliwice\"},\"image\":{\"@id\":\"https:\\\/\\\/www.24gliwice.pl\\\/wiadomosci\\\/#\\\/schema\\\/logo\\\/image\\\/\"},\"sameAs\":[\"https:\\\/\\\/www.facebook.com\\\/24gliwice\",\"https:\\\/\\\/x.com\\\/24gliwice\",\"https:\\\/\\\/www.youtube.com\\\/@24gliwice\"]},{\"@type\":\"Person\",\"@id\":\"https:\\\/\\\/www.24gliwice.pl\\\/wiadomosci\\\/#\\\/schema\\\/person\\\/e42c650edd7f2fa332be3811fb166b6e\",\"name\":\"\u017baneta Mrozek-Siewierska\",\"image\":{\"@type\":\"ImageObject\",\"inLanguage\":\"pl-PL\",\"@id\":\"https:\\\/\\\/secure.gravatar.com\\\/avatar\\\/1881429e9c64597c77ad7aef2d0a19be69a3253e57534d16aa15bf3a4d34a0a3?s=96&d=mm&r=g\",\"url\":\"https:\\\/\\\/secure.gravatar.com\\\/avatar\\\/1881429e9c64597c77ad7aef2d0a19be69a3253e57534d16aa15bf3a4d34a0a3?s=96&d=mm&r=g\",\"contentUrl\":\"https:\\\/\\\/secure.gravatar.com\\\/avatar\\\/1881429e9c64597c77ad7aef2d0a19be69a3253e57534d16aa15bf3a4d34a0a3?s=96&d=mm&r=g\",\"caption\":\"\u017baneta Mrozek-Siewierska\"},\"url\":\"https:\\\/\\\/www.24gliwice.pl\\\/wiadomosci\\\/author\\\/zms\\\/\"}]}<\/script>\n<!-- \/ Yoast SEO plugin. -->","yoast_head_json":{"title":"Kolejne ulice z energooszcz\u0119dnym o\u015bwietleniem. Jednym si\u0119 podoba, dla innych jest zbyt ciemno - 24GLIWICE - Portal Gliwice | codziennie nowe informacje","robots":{"index":"index","follow":"follow","max-snippet":"max-snippet:-1","max-image-preview":"max-image-preview:large","max-video-preview":"max-video-preview:-1"},"canonical":"https:\/\/www.24gliwice.pl\/wiadomosci\/kolejne-ulice-z-energooszczednym-oswietleniem-jednym-sie-podoba-dla-innych-jest-zbyt-ciemno\/","og_locale":"pl_PL","og_type":"article","og_title":"Kolejne ulice z energooszcz\u0119dnym o\u015bwietleniem. Jednym si\u0119 podoba, dla innych jest zbyt ciemno - 24GLIWICE - Portal Gliwice | codziennie nowe informacje","og_description":"Miasto wdra\u017ca kolejny etap tzw. Masterplanu dotycz\u0105cego o\u015bwietlenia. Nowe latarnie pojawi\u0105 si\u0119 na ulicach: Strzody i Wyszy\u0144skiego oraz na pl. Pi\u0142sudskiego. Spowoduje to du\u017ce oszcz\u0119dno\u015bci. Masterplan O\u015bwietlenia Obszaru Miejskiego Miasta Gliwice ma na celu uporz\u0105dkowanie miejskiego o\u015bwietlenia i wykorzystanie w przestrzeni miejskiej energooszcz\u0119dnych, ledowych i sodowych \u017ar\u00f3de\u0142 \u015bwiat\u0142a. Zgodnie z przyj\u0119t\u0105 koncepcj\u0105, na obrze\u017cach miasta [&hellip;]","og_url":"https:\/\/www.24gliwice.pl\/wiadomosci\/kolejne-ulice-z-energooszczednym-oswietleniem-jednym-sie-podoba-dla-innych-jest-zbyt-ciemno\/","og_site_name":"24GLIWICE - Portal Gliwice | codziennie nowe informacje","article_publisher":"https:\/\/www.facebook.com\/24gliwice","article_published_time":"2018-01-17T01:08:03+00:00","article_modified_time":"2018-01-17T01:18:57+00:00","og_image":[{"width":810,"height":456,"url":"https:\/\/www.24gliwice.pl\/wiadomosci\/wp-content\/uploads\/2018\/01\/1-zywciestwa-noc-lampy-001.jpg","type":"image\/jpeg"}],"author":"\u017baneta Mrozek-Siewierska","twitter_card":"summary_large_image","twitter_creator":"@24gliwice","twitter_site":"@24gliwice","twitter_misc":{"Napisane przez":"\u017baneta Mrozek-Siewierska","Szacowany czas czytania":"3 minuty"},"schema":{"@context":"https:\/\/schema.org","@graph":[{"@type":"Article","@id":"https:\/\/www.24gliwice.pl\/wiadomosci\/kolejne-ulice-z-energooszczednym-oswietleniem-jednym-sie-podoba-dla-innych-jest-zbyt-ciemno\/#article","isPartOf":{"@id":"https:\/\/www.24gliwice.pl\/wiadomosci\/kolejne-ulice-z-energooszczednym-oswietleniem-jednym-sie-podoba-dla-innych-jest-zbyt-ciemno\/"},"author":{"name":"\u017baneta Mrozek-Siewierska","@id":"https:\/\/www.24gliwice.pl\/wiadomosci\/#\/schema\/person\/e42c650edd7f2fa332be3811fb166b6e"},"headline":"Kolejne ulice z energooszcz\u0119dnym o\u015bwietleniem. Jednym si\u0119 podoba, dla innych jest zbyt ciemno","datePublished":"2018-01-17T01:08:03+00:00","dateModified":"2018-01-17T01:18:57+00:00","mainEntityOfPage":{"@id":"https:\/\/www.24gliwice.pl\/wiadomosci\/kolejne-ulice-z-energooszczednym-oswietleniem-jednym-sie-podoba-dla-innych-jest-zbyt-ciemno\/"},"wordCount":632,"commentCount":0,"publisher":{"@id":"https:\/\/www.24gliwice.pl\/wiadomosci\/#organization"},"image":{"@id":"https:\/\/www.24gliwice.pl\/wiadomosci\/kolejne-ulice-z-energooszczednym-oswietleniem-jednym-sie-podoba-dla-innych-jest-zbyt-ciemno\/#primaryimage"},"thumbnailUrl":"https:\/\/www.24gliwice.pl\/wiadomosci\/wp-content\/uploads\/2018\/01\/1-zywciestwa-noc-lampy-001.jpg","keywords":["lampy","latarnie","O\u015aWIETLENIE","PLAC PI\u0141SUDSKIEGO","strzody","\u015bwiat\u0142o","wyszy\u0144skiego"],"articleSection":["Gliwice","Najnowsze wiadomo\u015bci","Portal Gliwice - Wiadomo\u015bci lokalne"],"inLanguage":"pl-PL","potentialAction":[{"@type":"CommentAction","name":"Comment","target":["https:\/\/www.24gliwice.pl\/wiadomosci\/kolejne-ulice-z-energooszczednym-oswietleniem-jednym-sie-podoba-dla-innych-jest-zbyt-ciemno\/#respond"]}]},{"@type":"WebPage","@id":"https:\/\/www.24gliwice.pl\/wiadomosci\/kolejne-ulice-z-energooszczednym-oswietleniem-jednym-sie-podoba-dla-innych-jest-zbyt-ciemno\/","url":"https:\/\/www.24gliwice.pl\/wiadomosci\/kolejne-ulice-z-energooszczednym-oswietleniem-jednym-sie-podoba-dla-innych-jest-zbyt-ciemno\/","name":"Kolejne ulice z energooszcz\u0119dnym o\u015bwietleniem. Jednym si\u0119 podoba, dla innych jest zbyt ciemno - 24GLIWICE - Portal Gliwice | codziennie nowe informacje","isPartOf":{"@id":"https:\/\/www.24gliwice.pl\/wiadomosci\/#website"},"primaryImageOfPage":{"@id":"https:\/\/www.24gliwice.pl\/wiadomosci\/kolejne-ulice-z-energooszczednym-oswietleniem-jednym-sie-podoba-dla-innych-jest-zbyt-ciemno\/#primaryimage"},"image":{"@id":"https:\/\/www.24gliwice.pl\/wiadomosci\/kolejne-ulice-z-energooszczednym-oswietleniem-jednym-sie-podoba-dla-innych-jest-zbyt-ciemno\/#primaryimage"},"thumbnailUrl":"https:\/\/www.24gliwice.pl\/wiadomosci\/wp-content\/uploads\/2018\/01\/1-zywciestwa-noc-lampy-001.jpg","datePublished":"2018-01-17T01:08:03+00:00","dateModified":"2018-01-17T01:18:57+00:00","breadcrumb":{"@id":"https:\/\/www.24gliwice.pl\/wiadomosci\/kolejne-ulice-z-energooszczednym-oswietleniem-jednym-sie-podoba-dla-innych-jest-zbyt-ciemno\/#breadcrumb"},"inLanguage":"pl-PL","potentialAction":[{"@type":"ReadAction","target":["https:\/\/www.24gliwice.pl\/wiadomosci\/kolejne-ulice-z-energooszczednym-oswietleniem-jednym-sie-podoba-dla-innych-jest-zbyt-ciemno\/"]}]},{"@type":"ImageObject","inLanguage":"pl-PL","@id":"https:\/\/www.24gliwice.pl\/wiadomosci\/kolejne-ulice-z-energooszczednym-oswietleniem-jednym-sie-podoba-dla-innych-jest-zbyt-ciemno\/#primaryimage","url":"https:\/\/www.24gliwice.pl\/wiadomosci\/wp-content\/uploads\/2018\/01\/1-zywciestwa-noc-lampy-001.jpg","contentUrl":"https:\/\/www.24gliwice.pl\/wiadomosci\/wp-content\/uploads\/2018\/01\/1-zywciestwa-noc-lampy-001.jpg","width":810,"height":456},{"@type":"BreadcrumbList","@id":"https:\/\/www.24gliwice.pl\/wiadomosci\/kolejne-ulice-z-energooszczednym-oswietleniem-jednym-sie-podoba-dla-innych-jest-zbyt-ciemno\/#breadcrumb","itemListElement":[{"@type":"ListItem","position":1,"name":"Strona g\u0142\u00f3wna","item":"https:\/\/www.24gliwice.pl\/wiadomosci\/"},{"@type":"ListItem","position":2,"name":"Kolejne ulice z energooszcz\u0119dnym o\u015bwietleniem. Jednym si\u0119 podoba, dla innych jest zbyt ciemno"}]},{"@type":"WebSite","@id":"https:\/\/www.24gliwice.pl\/wiadomosci\/#website","url":"https:\/\/www.24gliwice.pl\/wiadomosci\/","name":"24GLIWICE - Portal Gliwice | codziennie nowe wiadomo\u015bci","description":"Portal Miejski Gliwice","publisher":{"@id":"https:\/\/www.24gliwice.pl\/wiadomosci\/#organization"},"potentialAction":[{"@type":"SearchAction","target":{"@type":"EntryPoint","urlTemplate":"https:\/\/www.24gliwice.pl\/wiadomosci\/?s={search_term_string}"},"query-input":{"@type":"PropertyValueSpecification","valueRequired":true,"valueName":"search_term_string"}}],"inLanguage":"pl-PL"},{"@type":"Organization","@id":"https:\/\/www.24gliwice.pl\/wiadomosci\/#organization","name":"24gliwice","url":"https:\/\/www.24gliwice.pl\/wiadomosci\/","logo":{"@type":"ImageObject","inLanguage":"pl-PL","@id":"https:\/\/www.24gliwice.pl\/wiadomosci\/#\/schema\/logo\/image\/","url":"https:\/\/www.24gliwice.pl\/wiadomosci\/wp-content\/uploads\/2024\/10\/24gliwice-logo-696.jpg","contentUrl":"https:\/\/www.24gliwice.pl\/wiadomosci\/wp-content\/uploads\/2024\/10\/24gliwice-logo-696.jpg","width":696,"height":696,"caption":"24gliwice"},"image":{"@id":"https:\/\/www.24gliwice.pl\/wiadomosci\/#\/schema\/logo\/image\/"},"sameAs":["https:\/\/www.facebook.com\/24gliwice","https:\/\/x.com\/24gliwice","https:\/\/www.youtube.com\/@24gliwice"]},{"@type":"Person","@id":"https:\/\/www.24gliwice.pl\/wiadomosci\/#\/schema\/person\/e42c650edd7f2fa332be3811fb166b6e","name":"\u017baneta Mrozek-Siewierska","image":{"@type":"ImageObject","inLanguage":"pl-PL","@id":"https:\/\/secure.gravatar.com\/avatar\/1881429e9c64597c77ad7aef2d0a19be69a3253e57534d16aa15bf3a4d34a0a3?s=96&d=mm&r=g","url":"https:\/\/secure.gravatar.com\/avatar\/1881429e9c64597c77ad7aef2d0a19be69a3253e57534d16aa15bf3a4d34a0a3?s=96&d=mm&r=g","contentUrl":"https:\/\/secure.gravatar.com\/avatar\/1881429e9c64597c77ad7aef2d0a19be69a3253e57534d16aa15bf3a4d34a0a3?s=96&d=mm&r=g","caption":"\u017baneta Mrozek-Siewierska"},"url":"https:\/\/www.24gliwice.pl\/wiadomosci\/author\/zms\/"}]}},"_links":{"self":[{"href":"https:\/\/www.24gliwice.pl\/wiadomosci\/wp-json\/wp\/v2\/posts\/110655","targetHints":{"allow":["GET"]}}],"collection":[{"href":"https:\/\/www.24gliwice.pl\/wiadomosci\/wp-json\/wp\/v2\/posts"}],"about":[{"href":"https:\/\/www.24gliwice.pl\/wiadomosci\/wp-json\/wp\/v2\/types\/post"}],"author":[{"embeddable":true,"href":"https:\/\/www.24gliwice.pl\/wiadomosci\/wp-json\/wp\/v2\/users\/15"}],"replies":[{"embeddable":true,"href":"https:\/\/www.24gliwice.pl\/wiadomosci\/wp-json\/wp\/v2\/comments?post=110655"}],"version-history":[{"count":0,"href":"https:\/\/www.24gliwice.pl\/wiadomosci\/wp-json\/wp\/v2\/posts\/110655\/revisions"}],"wp:featuredmedia":[{"embeddable":true,"href":"https:\/\/www.24gliwice.pl\/wiadomosci\/wp-json\/wp\/v2\/media\/110709"}],"wp:attachment":[{"href":"https:\/\/www.24gliwice.pl\/wiadomosci\/wp-json\/wp\/v2\/media?parent=110655"}],"wp:term":[{"taxonomy":"category","embeddable":true,"href":"https:\/\/www.24gliwice.pl\/wiadomosci\/wp-json\/wp\/v2\/categories?post=110655"},{"taxonomy":"post_tag","embeddable":true,"href":"https:\/\/www.24gliwice.pl\/wiadomosci\/wp-json\/wp\/v2\/tags?post=110655"}],"curies":[{"name":"wp","href":"https:\/\/api.w.org\/{rel}","templated":true}]}}