{"id":110736,"date":"2018-01-18T00:05:38","date_gmt":"2018-01-17T23:05:38","guid":{"rendered":"http:\/\/www.24gliwice.pl\/wiadomosci\/?p=110736"},"modified":"2018-01-17T23:42:55","modified_gmt":"2018-01-17T22:42:55","slug":"stacje-ladowania-pojazdow-elektroniczne-tablice-informacyjne-rusza-inwestycja-za-30-mln-zl","status":"publish","type":"post","link":"https:\/\/www.24gliwice.pl\/wiadomosci\/stacje-ladowania-pojazdow-elektroniczne-tablice-informacyjne-rusza-inwestycja-za-30-mln-zl\/","title":{"rendered":"Stacje \u0142adowania pojazd\u00f3w, elektroniczne tablice informacyjne. Rusza inwestycja za 30 mln z\u0142"},"content":{"rendered":"<div class=\"gliwi-a6-nad-leadem-artykulow gliwi-entity-placement\" id=\"gliwi-2837346471\"><div class=\"gliwi-adlabel\"><span style=\"font-size: 9px\">REKLAMA<\/span><\/div><div id=\"gliwi-507563635\" style=\"margin-bottom: 25px;margin-left: auto;margin-right: auto;text-align: center;\"><a data-no-instant=\"1\" href=\"https:\/\/dom100.eu\/\" rel=\"noopener\" class=\"a2t-link\" target=\"_blank\" aria-label=\"20260415 DOM100 D\"><img loading=\"lazy\" decoding=\"async\" src=\"https:\/\/www.24gliwice.pl\/wiadomosci\/wp-content\/uploads\/2026\/04\/20260415-DOM100-D.jpg\" alt=\"\"  srcset=\"https:\/\/www.24gliwice.pl\/wiadomosci\/wp-content\/uploads\/2026\/04\/20260415-DOM100-D.jpg 750w, https:\/\/www.24gliwice.pl\/wiadomosci\/wp-content\/uploads\/2026\/04\/20260415-DOM100-D-410x109.jpg 410w\" sizes=\"(max-width: 750px) 100vw, 750px\" class=\"no-lazyload\" width=\"750\" height=\"200\"  style=\"display: inline-block; max-width: 100%; height: auto;\" \/><\/a><\/div><\/div><h3>Od 2013 roku w Gliwicach dzia\u0142a system zarz\u0105dzania ruchem, kt\u00f3ry niebawem zostanie rozbudowany. Inwestycja ma kosztowa\u0107 ok. 30 mln z\u0142, z czego 85% b\u0119dzie dofinansowane ze \u015brodk\u00f3w unijnych.<\/h3>\n<p>W ramach inwestycji w mie\u015bcie powstan\u0105 m.in. stacje \u0142adowania samochod\u00f3w elektrycznych oraz kolejne elektroniczne tablice informuj\u0105ce o aktualnej sytuacji na drogach.<\/p>\n<p>G\u0142\u00f3wn\u0105 innowacj\u0105 ITS-u b\u0119dzie nadanie oko\u0142o 160 autobusom komunikacji publicznej priorytetu przejazdu przez skrzy\u017cowania z sygnalizacj\u0105 \u015bwietln\u0105. Od trzech lat takie rozwi\u0105zanie dzia\u0142a w 18 autobusach linii A4.<\/p><div class=\"gliwi-a3-w-tresci-artykulow gliwi-entity-placement\" id=\"gliwi-62757252\"><div class=\"gliwi-adlabel\"><span style=\"font-size: 9px\">REKLAMA<\/span><\/div><div id=\"gliwi-2211550102\" style=\"margin-bottom: 30px;margin-left: auto;margin-right: auto;text-align: center;\"><a data-no-instant=\"1\" href=\"https:\/\/ogrodyandersa.pl\/\" rel=\"noopener\" class=\"a2t-link\" target=\"_blank\" aria-label=\"20260415 Ogrody Andersa KUP TERAZ D\"><img loading=\"lazy\" decoding=\"async\" src=\"https:\/\/www.24gliwice.pl\/wiadomosci\/wp-content\/uploads\/2026\/04\/20260415-Ogrody-Andersa-KUP-TERAZ-D.jpg\" alt=\"\"  srcset=\"https:\/\/www.24gliwice.pl\/wiadomosci\/wp-content\/uploads\/2026\/04\/20260415-Ogrody-Andersa-KUP-TERAZ-D.jpg 750w, https:\/\/www.24gliwice.pl\/wiadomosci\/wp-content\/uploads\/2026\/04\/20260415-Ogrody-Andersa-KUP-TERAZ-D-410x109.jpg 410w\" sizes=\"(max-width: 750px) 100vw, 750px\" class=\"no-lazyload\" width=\"750\" height=\"200\"  style=\"display: inline-block; max-width: 100%; height: auto;\" \/><\/a><\/div><\/div>\n<blockquote><p>Bazuj\u0105c na tych samych urz\u0105dzeniach, powstanie te\u017c system, kt\u00f3rego zadaniem b\u0119dzie nadawanie bezwzgl\u0119dnego priorytetu przejazdu przez skrzy\u017cowania pojazdom uprzywilejowanym (policji, pogotowiu, stra\u017cy po\u017carnej) <\/p><\/blockquote>\n<p>\u2013 m\u00f3wi <strong>Jadwiga Jagie\u0142\u0142o-Stiborska<\/strong>, rzecznik prasowy Zarz\u0105du Dr\u00f3g Miejskich w Gliwicach.<\/p>\n<p>&#8211; Dzi\u0119ki temu reakcja s\u0142u\u017cb ratowniczych na zdarzenia b\u0119dzie jeszcze szybsza i skuteczniejsza &#8211; podkre\u015bla Stiborska.<\/p>\n<p>W ramach modernizacji powstan\u0105 te\u017c kolejne tablice zmiennej tre\u015bci, dynamicznie informuj\u0105ce o aktualnej sytuacji drogowej, oraz punkty pomiaru ruchu dostarczaj\u0105ce danych na temat nat\u0119\u017ce\u0144 ruchu w mie\u015bcie. <\/p>\n<p>Uzupe\u0142nieniem informacji wy\u015bwietlanych na znakach b\u0119dzie serwis internetowy, w kt\u00f3rym oznaczone zostan\u0105 aktualne utrudnienia wyst\u0119puj\u0105ce na gliwickich drogach. Now\u0105 funkcj\u0105 w zakresie monitoringu ulic b\u0119dzie automatyzacja rozpoznawania zdarze\u0144 drogowych.<\/p>\n<h4>Stacja \u0142adowania pojazd\u00f3w przy Urz\u0119dzie Miejskim<\/h4>\n<p>Kolejn\u0105 innowacj\u0105 b\u0119dzie wprowadzenie systemu wagowej preselekcji pojazd\u00f3w. \u2013 Wszystkie samochody przeje\u017cd\u017caj\u0105ce przez punkty preselekcji zostan\u0105 zwa\u017cone, a szczeg\u00f3\u0142owe dane zapisane w systemie, kt\u00f3ry wska\u017ce pojazdy o przekroczonej masie dopuszczalnej. W planach jest r\u00f3wnie\u017c rozbudowa systemu identyfikacji wolnych miejsc parkingowych oraz budowa stacji do \u0142adowania samochod\u00f3w z nap\u0119dem elektrycznym  \u2013 wylicza Jadwiga Jagie\u0142\u0142o-Stiborska.<\/p>\n<blockquote><p>Dwie og\u00f3lnodost\u0119pne stacje b\u0119d\u0105 zlokalizowane przy Urz\u0119dzie Miejskim i siedzibie Zarz\u0105du Dr\u00f3g Miejskich<\/p><\/blockquote>\n<p>&#8211; dodaje rzeczniczka ZDM. <\/p>\n<p>Dotychczasowy koszt rozbudowy systemu detekcji i modernizacji wybranych sygnalizacji \u015bwietlnych zamyka si\u0119 w kwocie ok. 35,5 mln z\u0142. Wy\u0142oniony w ramach przetargu wykonawca (konsorcjum firm: PRUiM z Gliwic, Alto Computers M. Borowiak, R. Wr\u00f3bel z Zabrza oraz Zak\u0142ad In\u017cynierii Ruchu W. Sylwestrzak i Sp\u00f3\u0142ka z Bytomia) rozpoczyna ju\u017c realizacj\u0119 zadania. Ma dwa miesi\u0105ce na opracowanie projekt\u00f3w. <\/p>\n<p>Ca\u0142o\u015b\u0107 prac ma zamkn\u0105\u0107 si\u0119 w okresie 12 miesi\u0119cy. Jak deklaruje ZDM, nie spowoduj\u0105 one powa\u017cnych utrudnie\u0144 w ruchu.<\/p>\n<p>(\u017cms)\/UM Gliwice<\/p>\n<div class=\"gliwi-a5-na-koncu-artykulow gliwi-entity-placement\" id=\"gliwi-1673831032\"><div class=\"gliwi-adlabel\"><span style=\"font-size: 9px\">REKLAMA<\/span><\/div><div id=\"gliwi-1034978771\" style=\"margin-left: auto;margin-right: auto;text-align: center;\"><a data-no-instant=\"1\" href=\"https:\/\/prezeroarenagliwice.pl\/\" rel=\"noopener\" class=\"a2t-link\" target=\"_blank\" aria-label=\"20260309-PREZERO-WIOSNA-D\"><img loading=\"lazy\" decoding=\"async\" src=\"https:\/\/www.24gliwice.pl\/wiadomosci\/wp-content\/uploads\/2026\/03\/20260309-PREZERO-WIOSNA-D.webp\" alt=\"\"  srcset=\"https:\/\/www.24gliwice.pl\/wiadomosci\/wp-content\/uploads\/2026\/03\/20260309-PREZERO-WIOSNA-D.webp 750w, https:\/\/www.24gliwice.pl\/wiadomosci\/wp-content\/uploads\/2026\/03\/20260309-PREZERO-WIOSNA-D-410x109.webp 410w\" sizes=\"(max-width: 750px) 100vw, 750px\" class=\"no-lazyload\" width=\"750\" height=\"200\"  style=\"display: inline-block; max-width: 100%; height: auto;\" \/><\/a><\/div><\/div>","protected":false},"excerpt":{"rendered":"<p>Od 2013 roku w Gliwicach dzia\u0142a system zarz\u0105dzania ruchem, kt\u00f3ry niebawem zostanie rozbudowany. Inwestycja ma kosztowa\u0107 ok. 30 mln z\u0142, z czego 85% b\u0119dzie dofinansowane ze \u015brodk\u00f3w unijnych. W ramach inwestycji w mie\u015bcie powstan\u0105 m.in. stacje \u0142adowania samochod\u00f3w elektrycznych oraz kolejne elektroniczne tablice informuj\u0105ce o aktualnej sytuacji na drogach. G\u0142\u00f3wn\u0105 innowacj\u0105 ITS-u b\u0119dzie nadanie oko\u0142o [&hellip;]<\/p>\n","protected":false},"author":15,"featured_media":110749,"comment_status":"open","ping_status":"closed","sticky":false,"template":"","format":"standard","meta":{"_monsterinsights_skip_tracking":false,"_monsterinsights_sitenote_active":false,"_monsterinsights_sitenote_note":"","_monsterinsights_sitenote_category":0,"footnotes":"","_links_to":"","_links_to_target":""},"categories":[3,1,9],"tags":[1197,9465,11255,7496,369,11257,7812,4664,214],"class_list":["post-110736","post","type-post","status-publish","format-standard","has-post-thumbnail","hentry","category-gliwice","category-wszystko","category-aktualnosci_lokalne","tag-dts","tag-inteligentny-system-sterowania-ruchem","tag-its","tag-kamery","tag-pruim","tag-stacja-ladowania","tag-stiborska","tag-system-sterowania-ruchem","tag-zdm"],"yoast_head":"<!-- This site is optimized with the Yoast SEO plugin v27.5 - https:\/\/yoast.com\/product\/yoast-seo-wordpress\/ -->\n<title>Stacje \u0142adowania pojazd\u00f3w, elektroniczne tablice informacyjne. Rusza inwestycja za 30 mln z\u0142 - 24GLIWICE - Portal Gliwice | codziennie nowe informacje<\/title>\n<meta name=\"robots\" content=\"index, follow, max-snippet:-1, max-image-preview:large, max-video-preview:-1\" \/>\n<link rel=\"canonical\" href=\"https:\/\/www.24gliwice.pl\/wiadomosci\/stacje-ladowania-pojazdow-elektroniczne-tablice-informacyjne-rusza-inwestycja-za-30-mln-zl\/\" \/>\n<meta property=\"og:locale\" content=\"pl_PL\" \/>\n<meta property=\"og:type\" content=\"article\" \/>\n<meta property=\"og:title\" content=\"Stacje \u0142adowania pojazd\u00f3w, elektroniczne tablice informacyjne. Rusza inwestycja za 30 mln z\u0142 - 24GLIWICE - Portal Gliwice | codziennie nowe informacje\" \/>\n<meta property=\"og:description\" content=\"Od 2013 roku w Gliwicach dzia\u0142a system zarz\u0105dzania ruchem, kt\u00f3ry niebawem zostanie rozbudowany. Inwestycja ma kosztowa\u0107 ok. 30 mln z\u0142, z czego 85% b\u0119dzie dofinansowane ze \u015brodk\u00f3w unijnych. W ramach inwestycji w mie\u015bcie powstan\u0105 m.in. stacje \u0142adowania samochod\u00f3w elektrycznych oraz kolejne elektroniczne tablice informuj\u0105ce o aktualnej sytuacji na drogach. G\u0142\u00f3wn\u0105 innowacj\u0105 ITS-u b\u0119dzie nadanie oko\u0142o [&hellip;]\" \/>\n<meta property=\"og:url\" content=\"https:\/\/www.24gliwice.pl\/wiadomosci\/stacje-ladowania-pojazdow-elektroniczne-tablice-informacyjne-rusza-inwestycja-za-30-mln-zl\/\" \/>\n<meta property=\"og:site_name\" content=\"24GLIWICE - Portal Gliwice | codziennie nowe informacje\" \/>\n<meta property=\"article:publisher\" content=\"https:\/\/www.facebook.com\/24gliwice\" \/>\n<meta property=\"article:published_time\" content=\"2018-01-17T23:05:38+00:00\" \/>\n<meta property=\"og:image\" content=\"https:\/\/www.24gliwice.pl\/wiadomosci\/wp-content\/uploads\/2018\/01\/system-sterowania-ruchem.jpg\" \/>\n\t<meta property=\"og:image:width\" content=\"879\" \/>\n\t<meta property=\"og:image:height\" content=\"495\" \/>\n\t<meta property=\"og:image:type\" content=\"image\/jpeg\" \/>\n<meta name=\"author\" content=\"\u017baneta Mrozek-Siewierska\" \/>\n<meta name=\"twitter:card\" content=\"summary_large_image\" \/>\n<meta name=\"twitter:creator\" content=\"@24gliwice\" \/>\n<meta name=\"twitter:site\" content=\"@24gliwice\" \/>\n<meta name=\"twitter:label1\" content=\"Napisane przez\" \/>\n\t<meta name=\"twitter:data1\" content=\"\u017baneta Mrozek-Siewierska\" \/>\n\t<meta name=\"twitter:label2\" content=\"Szacowany czas czytania\" \/>\n\t<meta name=\"twitter:data2\" content=\"2 minuty\" \/>\n<script type=\"application\/ld+json\" class=\"yoast-schema-graph\">{\"@context\":\"https:\\\/\\\/schema.org\",\"@graph\":[{\"@type\":\"Article\",\"@id\":\"https:\\\/\\\/www.24gliwice.pl\\\/wiadomosci\\\/stacje-ladowania-pojazdow-elektroniczne-tablice-informacyjne-rusza-inwestycja-za-30-mln-zl\\\/#article\",\"isPartOf\":{\"@id\":\"https:\\\/\\\/www.24gliwice.pl\\\/wiadomosci\\\/stacje-ladowania-pojazdow-elektroniczne-tablice-informacyjne-rusza-inwestycja-za-30-mln-zl\\\/\"},\"author\":{\"name\":\"\u017baneta Mrozek-Siewierska\",\"@id\":\"https:\\\/\\\/www.24gliwice.pl\\\/wiadomosci\\\/#\\\/schema\\\/person\\\/e42c650edd7f2fa332be3811fb166b6e\"},\"headline\":\"Stacje \u0142adowania pojazd\u00f3w, elektroniczne tablice informacyjne. Rusza inwestycja za 30 mln z\u0142\",\"datePublished\":\"2018-01-17T23:05:38+00:00\",\"mainEntityOfPage\":{\"@id\":\"https:\\\/\\\/www.24gliwice.pl\\\/wiadomosci\\\/stacje-ladowania-pojazdow-elektroniczne-tablice-informacyjne-rusza-inwestycja-za-30-mln-zl\\\/\"},\"wordCount\":414,\"commentCount\":0,\"publisher\":{\"@id\":\"https:\\\/\\\/www.24gliwice.pl\\\/wiadomosci\\\/#organization\"},\"image\":{\"@id\":\"https:\\\/\\\/www.24gliwice.pl\\\/wiadomosci\\\/stacje-ladowania-pojazdow-elektroniczne-tablice-informacyjne-rusza-inwestycja-za-30-mln-zl\\\/#primaryimage\"},\"thumbnailUrl\":\"https:\\\/\\\/www.24gliwice.pl\\\/wiadomosci\\\/wp-content\\\/uploads\\\/2018\\\/01\\\/system-sterowania-ruchem.jpg\",\"keywords\":[\"DT\u015a\",\"inteligentny system sterowania ruchem\",\"its\",\"kamery\",\"PRUIM\",\"stacja \u0142adowania\",\"stiborska\",\"system sterowania ruchem\",\"ZDM\"],\"articleSection\":[\"Gliwice\",\"Najnowsze wiadomo\u015bci\",\"Portal Gliwice - Wiadomo\u015bci lokalne\"],\"inLanguage\":\"pl-PL\",\"potentialAction\":[{\"@type\":\"CommentAction\",\"name\":\"Comment\",\"target\":[\"https:\\\/\\\/www.24gliwice.pl\\\/wiadomosci\\\/stacje-ladowania-pojazdow-elektroniczne-tablice-informacyjne-rusza-inwestycja-za-30-mln-zl\\\/#respond\"]}]},{\"@type\":\"WebPage\",\"@id\":\"https:\\\/\\\/www.24gliwice.pl\\\/wiadomosci\\\/stacje-ladowania-pojazdow-elektroniczne-tablice-informacyjne-rusza-inwestycja-za-30-mln-zl\\\/\",\"url\":\"https:\\\/\\\/www.24gliwice.pl\\\/wiadomosci\\\/stacje-ladowania-pojazdow-elektroniczne-tablice-informacyjne-rusza-inwestycja-za-30-mln-zl\\\/\",\"name\":\"Stacje \u0142adowania pojazd\u00f3w, elektroniczne tablice informacyjne. Rusza inwestycja za 30 mln z\u0142 - 24GLIWICE - Portal Gliwice | codziennie nowe informacje\",\"isPartOf\":{\"@id\":\"https:\\\/\\\/www.24gliwice.pl\\\/wiadomosci\\\/#website\"},\"primaryImageOfPage\":{\"@id\":\"https:\\\/\\\/www.24gliwice.pl\\\/wiadomosci\\\/stacje-ladowania-pojazdow-elektroniczne-tablice-informacyjne-rusza-inwestycja-za-30-mln-zl\\\/#primaryimage\"},\"image\":{\"@id\":\"https:\\\/\\\/www.24gliwice.pl\\\/wiadomosci\\\/stacje-ladowania-pojazdow-elektroniczne-tablice-informacyjne-rusza-inwestycja-za-30-mln-zl\\\/#primaryimage\"},\"thumbnailUrl\":\"https:\\\/\\\/www.24gliwice.pl\\\/wiadomosci\\\/wp-content\\\/uploads\\\/2018\\\/01\\\/system-sterowania-ruchem.jpg\",\"datePublished\":\"2018-01-17T23:05:38+00:00\",\"breadcrumb\":{\"@id\":\"https:\\\/\\\/www.24gliwice.pl\\\/wiadomosci\\\/stacje-ladowania-pojazdow-elektroniczne-tablice-informacyjne-rusza-inwestycja-za-30-mln-zl\\\/#breadcrumb\"},\"inLanguage\":\"pl-PL\",\"potentialAction\":[{\"@type\":\"ReadAction\",\"target\":[\"https:\\\/\\\/www.24gliwice.pl\\\/wiadomosci\\\/stacje-ladowania-pojazdow-elektroniczne-tablice-informacyjne-rusza-inwestycja-za-30-mln-zl\\\/\"]}]},{\"@type\":\"ImageObject\",\"inLanguage\":\"pl-PL\",\"@id\":\"https:\\\/\\\/www.24gliwice.pl\\\/wiadomosci\\\/stacje-ladowania-pojazdow-elektroniczne-tablice-informacyjne-rusza-inwestycja-za-30-mln-zl\\\/#primaryimage\",\"url\":\"https:\\\/\\\/www.24gliwice.pl\\\/wiadomosci\\\/wp-content\\\/uploads\\\/2018\\\/01\\\/system-sterowania-ruchem.jpg\",\"contentUrl\":\"https:\\\/\\\/www.24gliwice.pl\\\/wiadomosci\\\/wp-content\\\/uploads\\\/2018\\\/01\\\/system-sterowania-ruchem.jpg\",\"width\":879,\"height\":495,\"caption\":\"fot. UM Gliwice\\\/I. Jasnowska\"},{\"@type\":\"BreadcrumbList\",\"@id\":\"https:\\\/\\\/www.24gliwice.pl\\\/wiadomosci\\\/stacje-ladowania-pojazdow-elektroniczne-tablice-informacyjne-rusza-inwestycja-za-30-mln-zl\\\/#breadcrumb\",\"itemListElement\":[{\"@type\":\"ListItem\",\"position\":1,\"name\":\"Strona g\u0142\u00f3wna\",\"item\":\"https:\\\/\\\/www.24gliwice.pl\\\/wiadomosci\\\/\"},{\"@type\":\"ListItem\",\"position\":2,\"name\":\"Stacje \u0142adowania pojazd\u00f3w, elektroniczne tablice informacyjne. Rusza inwestycja za 30 mln z\u0142\"}]},{\"@type\":\"WebSite\",\"@id\":\"https:\\\/\\\/www.24gliwice.pl\\\/wiadomosci\\\/#website\",\"url\":\"https:\\\/\\\/www.24gliwice.pl\\\/wiadomosci\\\/\",\"name\":\"24GLIWICE - Portal Gliwice | codziennie nowe wiadomo\u015bci\",\"description\":\"Portal Miejski Gliwice\",\"publisher\":{\"@id\":\"https:\\\/\\\/www.24gliwice.pl\\\/wiadomosci\\\/#organization\"},\"potentialAction\":[{\"@type\":\"SearchAction\",\"target\":{\"@type\":\"EntryPoint\",\"urlTemplate\":\"https:\\\/\\\/www.24gliwice.pl\\\/wiadomosci\\\/?s={search_term_string}\"},\"query-input\":{\"@type\":\"PropertyValueSpecification\",\"valueRequired\":true,\"valueName\":\"search_term_string\"}}],\"inLanguage\":\"pl-PL\"},{\"@type\":\"Organization\",\"@id\":\"https:\\\/\\\/www.24gliwice.pl\\\/wiadomosci\\\/#organization\",\"name\":\"24gliwice\",\"url\":\"https:\\\/\\\/www.24gliwice.pl\\\/wiadomosci\\\/\",\"logo\":{\"@type\":\"ImageObject\",\"inLanguage\":\"pl-PL\",\"@id\":\"https:\\\/\\\/www.24gliwice.pl\\\/wiadomosci\\\/#\\\/schema\\\/logo\\\/image\\\/\",\"url\":\"https:\\\/\\\/www.24gliwice.pl\\\/wiadomosci\\\/wp-content\\\/uploads\\\/2024\\\/10\\\/24gliwice-logo-696.jpg\",\"contentUrl\":\"https:\\\/\\\/www.24gliwice.pl\\\/wiadomosci\\\/wp-content\\\/uploads\\\/2024\\\/10\\\/24gliwice-logo-696.jpg\",\"width\":696,\"height\":696,\"caption\":\"24gliwice\"},\"image\":{\"@id\":\"https:\\\/\\\/www.24gliwice.pl\\\/wiadomosci\\\/#\\\/schema\\\/logo\\\/image\\\/\"},\"sameAs\":[\"https:\\\/\\\/www.facebook.com\\\/24gliwice\",\"https:\\\/\\\/x.com\\\/24gliwice\",\"https:\\\/\\\/www.youtube.com\\\/@24gliwice\"]},{\"@type\":\"Person\",\"@id\":\"https:\\\/\\\/www.24gliwice.pl\\\/wiadomosci\\\/#\\\/schema\\\/person\\\/e42c650edd7f2fa332be3811fb166b6e\",\"name\":\"\u017baneta Mrozek-Siewierska\",\"image\":{\"@type\":\"ImageObject\",\"inLanguage\":\"pl-PL\",\"@id\":\"https:\\\/\\\/secure.gravatar.com\\\/avatar\\\/1881429e9c64597c77ad7aef2d0a19be69a3253e57534d16aa15bf3a4d34a0a3?s=96&d=mm&r=g\",\"url\":\"https:\\\/\\\/secure.gravatar.com\\\/avatar\\\/1881429e9c64597c77ad7aef2d0a19be69a3253e57534d16aa15bf3a4d34a0a3?s=96&d=mm&r=g\",\"contentUrl\":\"https:\\\/\\\/secure.gravatar.com\\\/avatar\\\/1881429e9c64597c77ad7aef2d0a19be69a3253e57534d16aa15bf3a4d34a0a3?s=96&d=mm&r=g\",\"caption\":\"\u017baneta Mrozek-Siewierska\"},\"url\":\"https:\\\/\\\/www.24gliwice.pl\\\/wiadomosci\\\/author\\\/zms\\\/\"}]}<\/script>\n<!-- \/ Yoast SEO plugin. -->","yoast_head_json":{"title":"Stacje \u0142adowania pojazd\u00f3w, elektroniczne tablice informacyjne. Rusza inwestycja za 30 mln z\u0142 - 24GLIWICE - Portal Gliwice | codziennie nowe informacje","robots":{"index":"index","follow":"follow","max-snippet":"max-snippet:-1","max-image-preview":"max-image-preview:large","max-video-preview":"max-video-preview:-1"},"canonical":"https:\/\/www.24gliwice.pl\/wiadomosci\/stacje-ladowania-pojazdow-elektroniczne-tablice-informacyjne-rusza-inwestycja-za-30-mln-zl\/","og_locale":"pl_PL","og_type":"article","og_title":"Stacje \u0142adowania pojazd\u00f3w, elektroniczne tablice informacyjne. Rusza inwestycja za 30 mln z\u0142 - 24GLIWICE - Portal Gliwice | codziennie nowe informacje","og_description":"Od 2013 roku w Gliwicach dzia\u0142a system zarz\u0105dzania ruchem, kt\u00f3ry niebawem zostanie rozbudowany. Inwestycja ma kosztowa\u0107 ok. 30 mln z\u0142, z czego 85% b\u0119dzie dofinansowane ze \u015brodk\u00f3w unijnych. W ramach inwestycji w mie\u015bcie powstan\u0105 m.in. stacje \u0142adowania samochod\u00f3w elektrycznych oraz kolejne elektroniczne tablice informuj\u0105ce o aktualnej sytuacji na drogach. G\u0142\u00f3wn\u0105 innowacj\u0105 ITS-u b\u0119dzie nadanie oko\u0142o [&hellip;]","og_url":"https:\/\/www.24gliwice.pl\/wiadomosci\/stacje-ladowania-pojazdow-elektroniczne-tablice-informacyjne-rusza-inwestycja-za-30-mln-zl\/","og_site_name":"24GLIWICE - Portal Gliwice | codziennie nowe informacje","article_publisher":"https:\/\/www.facebook.com\/24gliwice","article_published_time":"2018-01-17T23:05:38+00:00","og_image":[{"width":879,"height":495,"url":"https:\/\/www.24gliwice.pl\/wiadomosci\/wp-content\/uploads\/2018\/01\/system-sterowania-ruchem.jpg","type":"image\/jpeg"}],"author":"\u017baneta Mrozek-Siewierska","twitter_card":"summary_large_image","twitter_creator":"@24gliwice","twitter_site":"@24gliwice","twitter_misc":{"Napisane przez":"\u017baneta Mrozek-Siewierska","Szacowany czas czytania":"2 minuty"},"schema":{"@context":"https:\/\/schema.org","@graph":[{"@type":"Article","@id":"https:\/\/www.24gliwice.pl\/wiadomosci\/stacje-ladowania-pojazdow-elektroniczne-tablice-informacyjne-rusza-inwestycja-za-30-mln-zl\/#article","isPartOf":{"@id":"https:\/\/www.24gliwice.pl\/wiadomosci\/stacje-ladowania-pojazdow-elektroniczne-tablice-informacyjne-rusza-inwestycja-za-30-mln-zl\/"},"author":{"name":"\u017baneta Mrozek-Siewierska","@id":"https:\/\/www.24gliwice.pl\/wiadomosci\/#\/schema\/person\/e42c650edd7f2fa332be3811fb166b6e"},"headline":"Stacje \u0142adowania pojazd\u00f3w, elektroniczne tablice informacyjne. Rusza inwestycja za 30 mln z\u0142","datePublished":"2018-01-17T23:05:38+00:00","mainEntityOfPage":{"@id":"https:\/\/www.24gliwice.pl\/wiadomosci\/stacje-ladowania-pojazdow-elektroniczne-tablice-informacyjne-rusza-inwestycja-za-30-mln-zl\/"},"wordCount":414,"commentCount":0,"publisher":{"@id":"https:\/\/www.24gliwice.pl\/wiadomosci\/#organization"},"image":{"@id":"https:\/\/www.24gliwice.pl\/wiadomosci\/stacje-ladowania-pojazdow-elektroniczne-tablice-informacyjne-rusza-inwestycja-za-30-mln-zl\/#primaryimage"},"thumbnailUrl":"https:\/\/www.24gliwice.pl\/wiadomosci\/wp-content\/uploads\/2018\/01\/system-sterowania-ruchem.jpg","keywords":["DT\u015a","inteligentny system sterowania ruchem","its","kamery","PRUIM","stacja \u0142adowania","stiborska","system sterowania ruchem","ZDM"],"articleSection":["Gliwice","Najnowsze wiadomo\u015bci","Portal Gliwice - Wiadomo\u015bci lokalne"],"inLanguage":"pl-PL","potentialAction":[{"@type":"CommentAction","name":"Comment","target":["https:\/\/www.24gliwice.pl\/wiadomosci\/stacje-ladowania-pojazdow-elektroniczne-tablice-informacyjne-rusza-inwestycja-za-30-mln-zl\/#respond"]}]},{"@type":"WebPage","@id":"https:\/\/www.24gliwice.pl\/wiadomosci\/stacje-ladowania-pojazdow-elektroniczne-tablice-informacyjne-rusza-inwestycja-za-30-mln-zl\/","url":"https:\/\/www.24gliwice.pl\/wiadomosci\/stacje-ladowania-pojazdow-elektroniczne-tablice-informacyjne-rusza-inwestycja-za-30-mln-zl\/","name":"Stacje \u0142adowania pojazd\u00f3w, elektroniczne tablice informacyjne. Rusza inwestycja za 30 mln z\u0142 - 24GLIWICE - Portal Gliwice | codziennie nowe informacje","isPartOf":{"@id":"https:\/\/www.24gliwice.pl\/wiadomosci\/#website"},"primaryImageOfPage":{"@id":"https:\/\/www.24gliwice.pl\/wiadomosci\/stacje-ladowania-pojazdow-elektroniczne-tablice-informacyjne-rusza-inwestycja-za-30-mln-zl\/#primaryimage"},"image":{"@id":"https:\/\/www.24gliwice.pl\/wiadomosci\/stacje-ladowania-pojazdow-elektroniczne-tablice-informacyjne-rusza-inwestycja-za-30-mln-zl\/#primaryimage"},"thumbnailUrl":"https:\/\/www.24gliwice.pl\/wiadomosci\/wp-content\/uploads\/2018\/01\/system-sterowania-ruchem.jpg","datePublished":"2018-01-17T23:05:38+00:00","breadcrumb":{"@id":"https:\/\/www.24gliwice.pl\/wiadomosci\/stacje-ladowania-pojazdow-elektroniczne-tablice-informacyjne-rusza-inwestycja-za-30-mln-zl\/#breadcrumb"},"inLanguage":"pl-PL","potentialAction":[{"@type":"ReadAction","target":["https:\/\/www.24gliwice.pl\/wiadomosci\/stacje-ladowania-pojazdow-elektroniczne-tablice-informacyjne-rusza-inwestycja-za-30-mln-zl\/"]}]},{"@type":"ImageObject","inLanguage":"pl-PL","@id":"https:\/\/www.24gliwice.pl\/wiadomosci\/stacje-ladowania-pojazdow-elektroniczne-tablice-informacyjne-rusza-inwestycja-za-30-mln-zl\/#primaryimage","url":"https:\/\/www.24gliwice.pl\/wiadomosci\/wp-content\/uploads\/2018\/01\/system-sterowania-ruchem.jpg","contentUrl":"https:\/\/www.24gliwice.pl\/wiadomosci\/wp-content\/uploads\/2018\/01\/system-sterowania-ruchem.jpg","width":879,"height":495,"caption":"fot. UM Gliwice\/I. Jasnowska"},{"@type":"BreadcrumbList","@id":"https:\/\/www.24gliwice.pl\/wiadomosci\/stacje-ladowania-pojazdow-elektroniczne-tablice-informacyjne-rusza-inwestycja-za-30-mln-zl\/#breadcrumb","itemListElement":[{"@type":"ListItem","position":1,"name":"Strona g\u0142\u00f3wna","item":"https:\/\/www.24gliwice.pl\/wiadomosci\/"},{"@type":"ListItem","position":2,"name":"Stacje \u0142adowania pojazd\u00f3w, elektroniczne tablice informacyjne. Rusza inwestycja za 30 mln z\u0142"}]},{"@type":"WebSite","@id":"https:\/\/www.24gliwice.pl\/wiadomosci\/#website","url":"https:\/\/www.24gliwice.pl\/wiadomosci\/","name":"24GLIWICE - Portal Gliwice | codziennie nowe wiadomo\u015bci","description":"Portal Miejski Gliwice","publisher":{"@id":"https:\/\/www.24gliwice.pl\/wiadomosci\/#organization"},"potentialAction":[{"@type":"SearchAction","target":{"@type":"EntryPoint","urlTemplate":"https:\/\/www.24gliwice.pl\/wiadomosci\/?s={search_term_string}"},"query-input":{"@type":"PropertyValueSpecification","valueRequired":true,"valueName":"search_term_string"}}],"inLanguage":"pl-PL"},{"@type":"Organization","@id":"https:\/\/www.24gliwice.pl\/wiadomosci\/#organization","name":"24gliwice","url":"https:\/\/www.24gliwice.pl\/wiadomosci\/","logo":{"@type":"ImageObject","inLanguage":"pl-PL","@id":"https:\/\/www.24gliwice.pl\/wiadomosci\/#\/schema\/logo\/image\/","url":"https:\/\/www.24gliwice.pl\/wiadomosci\/wp-content\/uploads\/2024\/10\/24gliwice-logo-696.jpg","contentUrl":"https:\/\/www.24gliwice.pl\/wiadomosci\/wp-content\/uploads\/2024\/10\/24gliwice-logo-696.jpg","width":696,"height":696,"caption":"24gliwice"},"image":{"@id":"https:\/\/www.24gliwice.pl\/wiadomosci\/#\/schema\/logo\/image\/"},"sameAs":["https:\/\/www.facebook.com\/24gliwice","https:\/\/x.com\/24gliwice","https:\/\/www.youtube.com\/@24gliwice"]},{"@type":"Person","@id":"https:\/\/www.24gliwice.pl\/wiadomosci\/#\/schema\/person\/e42c650edd7f2fa332be3811fb166b6e","name":"\u017baneta Mrozek-Siewierska","image":{"@type":"ImageObject","inLanguage":"pl-PL","@id":"https:\/\/secure.gravatar.com\/avatar\/1881429e9c64597c77ad7aef2d0a19be69a3253e57534d16aa15bf3a4d34a0a3?s=96&d=mm&r=g","url":"https:\/\/secure.gravatar.com\/avatar\/1881429e9c64597c77ad7aef2d0a19be69a3253e57534d16aa15bf3a4d34a0a3?s=96&d=mm&r=g","contentUrl":"https:\/\/secure.gravatar.com\/avatar\/1881429e9c64597c77ad7aef2d0a19be69a3253e57534d16aa15bf3a4d34a0a3?s=96&d=mm&r=g","caption":"\u017baneta Mrozek-Siewierska"},"url":"https:\/\/www.24gliwice.pl\/wiadomosci\/author\/zms\/"}]}},"_links":{"self":[{"href":"https:\/\/www.24gliwice.pl\/wiadomosci\/wp-json\/wp\/v2\/posts\/110736","targetHints":{"allow":["GET"]}}],"collection":[{"href":"https:\/\/www.24gliwice.pl\/wiadomosci\/wp-json\/wp\/v2\/posts"}],"about":[{"href":"https:\/\/www.24gliwice.pl\/wiadomosci\/wp-json\/wp\/v2\/types\/post"}],"author":[{"embeddable":true,"href":"https:\/\/www.24gliwice.pl\/wiadomosci\/wp-json\/wp\/v2\/users\/15"}],"replies":[{"embeddable":true,"href":"https:\/\/www.24gliwice.pl\/wiadomosci\/wp-json\/wp\/v2\/comments?post=110736"}],"version-history":[{"count":0,"href":"https:\/\/www.24gliwice.pl\/wiadomosci\/wp-json\/wp\/v2\/posts\/110736\/revisions"}],"wp:featuredmedia":[{"embeddable":true,"href":"https:\/\/www.24gliwice.pl\/wiadomosci\/wp-json\/wp\/v2\/media\/110749"}],"wp:attachment":[{"href":"https:\/\/www.24gliwice.pl\/wiadomosci\/wp-json\/wp\/v2\/media?parent=110736"}],"wp:term":[{"taxonomy":"category","embeddable":true,"href":"https:\/\/www.24gliwice.pl\/wiadomosci\/wp-json\/wp\/v2\/categories?post=110736"},{"taxonomy":"post_tag","embeddable":true,"href":"https:\/\/www.24gliwice.pl\/wiadomosci\/wp-json\/wp\/v2\/tags?post=110736"}],"curies":[{"name":"wp","href":"https:\/\/api.w.org\/{rel}","templated":true}]}}