{"id":110891,"date":"2018-01-22T02:59:25","date_gmt":"2018-01-22T01:59:25","guid":{"rendered":"http:\/\/www.24gliwice.pl\/wiadomosci\/?p=110891"},"modified":"2018-01-22T03:08:09","modified_gmt":"2018-01-22T02:08:09","slug":"tunel-jest-zamkniety-i-ponownego-otwarcia-nie-bedzie-wyburzenie-tez-na-razie-nie-jest-mozliwe","status":"publish","type":"post","link":"https:\/\/www.24gliwice.pl\/wiadomosci\/tunel-jest-zamkniety-i-ponownego-otwarcia-nie-bedzie-wyburzenie-tez-na-razie-nie-jest-mozliwe\/","title":{"rendered":"Tunel nie zostanie ju\u017c otwarty, ale wej\u015bcie zajmuje prawie ca\u0142y chodnik. Mo\u017ce je zburzy\u0107? &#8211; pyta Czytelnik"},"content":{"rendered":"<div class=\"gliwi-a6-nad-leadem-artykulow gliwi-entity-placement\" id=\"gliwi-4217356387\"><div class=\"gliwi-adlabel\"><span style=\"font-size: 9px\">REKLAMA<\/span><\/div><div id=\"gliwi-2067554478\" style=\"margin-bottom: 25px;margin-left: auto;margin-right: auto;text-align: center;\"><a data-no-instant=\"1\" href=\"https:\/\/dom100.eu\/\" rel=\"noopener\" class=\"a2t-link\" target=\"_blank\" aria-label=\"20260415 DOM100 D\"><img loading=\"lazy\" decoding=\"async\" src=\"https:\/\/www.24gliwice.pl\/wiadomosci\/wp-content\/uploads\/2026\/04\/20260415-DOM100-D.jpg\" alt=\"\"  srcset=\"https:\/\/www.24gliwice.pl\/wiadomosci\/wp-content\/uploads\/2026\/04\/20260415-DOM100-D.jpg 750w, https:\/\/www.24gliwice.pl\/wiadomosci\/wp-content\/uploads\/2026\/04\/20260415-DOM100-D-410x109.jpg 410w\" sizes=\"(max-width: 750px) 100vw, 750px\" class=\"no-lazyload\" width=\"750\" height=\"200\"  style=\"display: inline-block; max-width: 100%; height: auto;\" \/><\/a><\/div><\/div><h3>Przej\u015bcie podziemne \u0142\u0105cz\u0105ce ulic\u0119 Bohater\u00f3w Getta Warszawskiego z Toszeck\u0105 ostatecznie pozostanie zamkni\u0119te. PKP PLK nie planuje jego remontu i ponownego otwarcia. Niedawno pojawi\u0142 si\u0119 tam r\u00f3wnie\u017c znak zakazu dla pieszych korzystaj\u0105cych z bardzo w\u0105skiego chodnika.<\/h3>\n<p>&#8211; Z obu stron ustawiono znaki &#8220;zakaz ruchu pieszych&#8221;, a s\u0142u\u017cby miejskie urz\u0105dzaj\u0105 polowania na pieszych \u0142ami\u0105cych ten wspania\u0142omy\u015blny gest Zarz\u0105du Dr\u00f3g Miejskich prawdopodobnie w za\u0142o\u017ceniach maj\u0105cy chroni\u0107 pieszych przed potr\u0105ceniem &#8211; napisa\u0142 do nas <strong>Czytelnik<\/strong>.<\/p>\n<p>&#8211; Jestem jednym z takich &#8220;przest\u0119pc\u00f3w&#8221; na szcz\u0119\u015bcie tylko &#8220;pouczonym&#8221; przez stra\u017cnik\u00f3w miejskich. Mimo wszystko uwa\u017cam, \u017ce warto zap\u0142aci\u0107 mandat i mie\u0107 wi\u0119ksze szanse prze\u017cycia ni\u017c obchodzi\u0107 wiadukt dwukrotnie przechodz\u0105c przez dwa przej\u015bcia dla pieszych licz\u0105c na zatrzymanie si\u0119 p\u0119dz\u0105cych tamt\u0119dy pojazd\u00f3w &#8211; dodaje.<\/p><div class=\"gliwi-a3-w-tresci-artykulow gliwi-entity-placement\" id=\"gliwi-168739152\"><div class=\"gliwi-adlabel\"><span style=\"font-size: 9px\">REKLAMA<\/span><\/div><div id=\"gliwi-3933285585\" style=\"margin-bottom: 30px;margin-left: auto;margin-right: auto;text-align: center;\"><a data-no-instant=\"1\" href=\"https:\/\/ogrodyandersa.pl\/\" rel=\"noopener\" class=\"a2t-link\" target=\"_blank\" aria-label=\"20260415 Ogrody Andersa KUP TERAZ D\"><img loading=\"lazy\" decoding=\"async\" src=\"https:\/\/www.24gliwice.pl\/wiadomosci\/wp-content\/uploads\/2026\/04\/20260415-Ogrody-Andersa-KUP-TERAZ-D.jpg\" alt=\"\"  srcset=\"https:\/\/www.24gliwice.pl\/wiadomosci\/wp-content\/uploads\/2026\/04\/20260415-Ogrody-Andersa-KUP-TERAZ-D.jpg 750w, https:\/\/www.24gliwice.pl\/wiadomosci\/wp-content\/uploads\/2026\/04\/20260415-Ogrody-Andersa-KUP-TERAZ-D-410x109.jpg 410w\" sizes=\"(max-width: 750px) 100vw, 750px\" class=\"no-lazyload\" width=\"750\" height=\"200\"  style=\"display: inline-block; max-width: 100%; height: auto;\" \/><\/a><\/div><\/div>\n<p>ZDM ustawi\u0142 w tym miejscu kilka dni temu znaki zakazu ruchu pieszych. Drogowcy t\u0142umacz\u0105 to wzgl\u0119dami bezpiecze\u0144stwa &#8211; przechodzenie w\u0105skim fragmentem chodnika wzd\u0142u\u017c zej\u015bcia do tunelu obarczone jest ryzykiem potr\u0105cenia przez przeje\u017cd\u017caj\u0105ce samochody.<\/p>\n<blockquote><p>Skoro nie mo\u017cna wyremontowa\u0107 przej\u015bcia podziemnego przez tyle lat, dlaczego nie zostanie ono wyburzone i nie mo\u017cna normalnie przej\u015b\u0107 prostym chodnikiem <\/p><\/blockquote>\n<p>&#8211; zastanawia si\u0119 nasz Czytelnik.<\/p>\n<p>Okazuje si\u0119, \u017ce sprawa nie jest jednak wcale taka prosta. Tunel nie jest w\u0142asno\u015bci\u0105 miasta. Nale\u017cy on do sp\u00f3\u0142ki PKP PLK, kt\u00f3ra zajmuje si\u0119 infrastruktur\u0105 kolejow\u0105. Ta za\u015b odst\u0105pi\u0142a od zamiaru remontu przej\u015bcia podziemnego ze wzgl\u0119du na problemy z przebiegaj\u0105c\u0105 tam kanalizacj\u0105 miejsk\u0105.<\/p>\n<p>&#8211; Problem cyklicznego zalewania tego przej\u015bcia pod torami z powodu nieszczelno\u015bci miejskiej kanalizacji og\u00f3lnosp\u0142awnej, znajduj\u0105cej si\u0119 pod posadzk\u0105 obiektu oraz brak mo\u017cliwo\u015bci innego odprowadzenia wody z odwodnienia, uniemo\u017cliwi\u0142 zako\u0144czenie prac. Wykonana cz\u0119\u015bciowo iniekcja krystaliczna powierzchni ceglanych \u015bcian i stropu przej\u015bcia pod torami nie przynios\u0142a oczekiwanych rezultat\u00f3w &#8211; wyja\u015bnia <strong>Jacek Karniewski<\/strong> z Zespo\u0142u Prasowego PKP PLK S.A.<\/p>\n<blockquote><p>Bez likwidacji miejskiej kanalizacji og\u00f3lnosp\u0142awnej znajduj\u0105cej si\u0119 pod posadzk\u0105 przej\u015bcia, rewitalizacja tego obiektu nie mo\u017ce by\u0107 kontynuowana<\/p><\/blockquote>\n<p>&#8211; dodaje.<\/p>\n<p>Z powy\u017cszych wzgl\u0119d\u00f3w niemo\u017cliwe jest na razie tak\u017ce jego wyburzenie i zasypanie. Nieznane s\u0105 plany PWiK dotycz\u0105ce po\u0142o\u017conej tam infrastruktury. <\/p>\n<p><img loading=\"lazy\" decoding=\"async\" src=\"http:\/\/www.24gliwice.pl\/wiadomosci\/wp-content\/uploads\/2018\/01\/przej\u015bcie-podziemne-e1516371716340.jpg\" alt=\"\" width=\"810\" height=\"456\" class=\"alignnone size-full wp-image-110948\" \/><\/p>\n<h4>Centrum Przesiadkowe ma rozwi\u0105za\u0107 problem?<\/h4>\n<p>Jak t\u0142umaczy Karniewski, w zwi\u0105zku z planami wybudowania przez miasto w\u0119z\u0142a przesiadkowego w rejonie dworca kolejowego i zmian w po\u0142\u0105czeniach komunikacyjnych w obr\u0119bie centrum miasta, remont tego przej\u015bcia nie znajduje uzasadnienia. Po zako\u0144czeniu budowy Centrum Przesiadkowego w Gliwicach, tunel pod torami \u0142\u0105cz\u0105cy ulice &#8211; Toszeck\u0105 i Bohater\u00f3w Getta Warszawskiego utraci swoje znaczenie.<\/p>\n<p>Do tego czasu jednak gliwiczanie mieszkaj\u0105cy w p\u00f3\u0142nocnej cz\u0119\u015bci miasta musz\u0105 korzysta\u0107 z przej\u015bcia podziemnego na dworcu PKP lub przemieszcza\u0107 si\u0119 po wiadukcie, zmieniaj\u0105c stron\u0119 drogi przed doj\u015bciem do wy\u0142\u0105czonego z ruchu pieszego fragmentu w\u0105skiego chodnika. <\/p>\n<p>(\u017cms)<\/p>\n<div class=\"gliwi-a5-na-koncu-artykulow gliwi-entity-placement\" id=\"gliwi-3216039189\"><div class=\"gliwi-adlabel\"><span style=\"font-size: 9px\">REKLAMA<\/span><\/div><div id=\"gliwi-351402151\" style=\"margin-left: auto;margin-right: auto;text-align: center;\"><a data-no-instant=\"1\" href=\"https:\/\/prezeroarenagliwice.pl\/\" rel=\"noopener\" class=\"a2t-link\" target=\"_blank\" aria-label=\"20260309-PREZERO-WIOSNA-D\"><img loading=\"lazy\" decoding=\"async\" src=\"https:\/\/www.24gliwice.pl\/wiadomosci\/wp-content\/uploads\/2026\/03\/20260309-PREZERO-WIOSNA-D.webp\" alt=\"\"  srcset=\"https:\/\/www.24gliwice.pl\/wiadomosci\/wp-content\/uploads\/2026\/03\/20260309-PREZERO-WIOSNA-D.webp 750w, https:\/\/www.24gliwice.pl\/wiadomosci\/wp-content\/uploads\/2026\/03\/20260309-PREZERO-WIOSNA-D-410x109.webp 410w\" sizes=\"(max-width: 750px) 100vw, 750px\" class=\"no-lazyload\" width=\"750\" height=\"200\"  style=\"display: inline-block; max-width: 100%; height: auto;\" \/><\/a><\/div><\/div>","protected":false},"excerpt":{"rendered":"<p>Przej\u015bcie podziemne \u0142\u0105cz\u0105ce ulic\u0119 Bohater\u00f3w Getta Warszawskiego z Toszeck\u0105 ostatecznie pozostanie zamkni\u0119te. PKP PLK nie planuje jego remontu i ponownego otwarcia. Niedawno pojawi\u0142 si\u0119 tam r\u00f3wnie\u017c znak zakazu dla pieszych korzystaj\u0105cych z bardzo w\u0105skiego chodnika. &#8211; Z obu stron ustawiono znaki &#8220;zakaz ruchu pieszych&#8221;, a s\u0142u\u017cby miejskie urz\u0105dzaj\u0105 polowania na pieszych \u0142ami\u0105cych ten wspania\u0142omy\u015blny gest [&hellip;]<\/p>\n","protected":false},"author":15,"featured_media":110949,"comment_status":"open","ping_status":"closed","sticky":false,"template":"","format":"standard","meta":{"_monsterinsights_skip_tracking":false,"_monsterinsights_sitenote_active":false,"_monsterinsights_sitenote_note":"","_monsterinsights_sitenote_category":0,"footnotes":"","_links_to":"","_links_to_target":""},"categories":[3,1,9],"tags":[9942,9407,4540,9940,9941,9939,474,8366],"class_list":["post-110891","post","type-post","status-publish","format-standard","has-post-thumbnail","hentry","category-gliwice","category-wszystko","category-aktualnosci_lokalne","tag-bohaterow-getta-warszawskiego","tag-dworzec","tag-pkp","tag-pkp-plk","tag-plk","tag-przejscie-podziemne","tag-toszecka","tag-tunel"],"yoast_head":"<!-- This site is optimized with the Yoast SEO plugin v27.5 - https:\/\/yoast.com\/product\/yoast-seo-wordpress\/ -->\n<title>Tunel nie zostanie ju\u017c otwarty, ale wej\u015bcie zajmuje prawie ca\u0142y chodnik. Mo\u017ce je zburzy\u0107? - pyta Czytelnik - 24GLIWICE - Portal Gliwice | codziennie nowe informacje<\/title>\n<meta name=\"robots\" content=\"index, follow, max-snippet:-1, max-image-preview:large, max-video-preview:-1\" \/>\n<link rel=\"canonical\" href=\"https:\/\/www.24gliwice.pl\/wiadomosci\/tunel-jest-zamkniety-i-ponownego-otwarcia-nie-bedzie-wyburzenie-tez-na-razie-nie-jest-mozliwe\/\" \/>\n<meta property=\"og:locale\" content=\"pl_PL\" \/>\n<meta property=\"og:type\" content=\"article\" \/>\n<meta property=\"og:title\" content=\"Tunel nie zostanie ju\u017c otwarty, ale wej\u015bcie zajmuje prawie ca\u0142y chodnik. Mo\u017ce je zburzy\u0107? - pyta Czytelnik - 24GLIWICE - Portal Gliwice | codziennie nowe informacje\" \/>\n<meta property=\"og:description\" content=\"Przej\u015bcie podziemne \u0142\u0105cz\u0105ce ulic\u0119 Bohater\u00f3w Getta Warszawskiego z Toszeck\u0105 ostatecznie pozostanie zamkni\u0119te. PKP PLK nie planuje jego remontu i ponownego otwarcia. Niedawno pojawi\u0142 si\u0119 tam r\u00f3wnie\u017c znak zakazu dla pieszych korzystaj\u0105cych z bardzo w\u0105skiego chodnika. &#8211; Z obu stron ustawiono znaki &#8220;zakaz ruchu pieszych&#8221;, a s\u0142u\u017cby miejskie urz\u0105dzaj\u0105 polowania na pieszych \u0142ami\u0105cych ten wspania\u0142omy\u015blny gest [&hellip;]\" \/>\n<meta property=\"og:url\" content=\"https:\/\/www.24gliwice.pl\/wiadomosci\/tunel-jest-zamkniety-i-ponownego-otwarcia-nie-bedzie-wyburzenie-tez-na-razie-nie-jest-mozliwe\/\" \/>\n<meta property=\"og:site_name\" content=\"24GLIWICE - Portal Gliwice | codziennie nowe informacje\" \/>\n<meta property=\"article:publisher\" content=\"https:\/\/www.facebook.com\/24gliwice\" \/>\n<meta property=\"article:published_time\" content=\"2018-01-22T01:59:25+00:00\" \/>\n<meta property=\"article:modified_time\" content=\"2018-01-22T02:08:09+00:00\" \/>\n<meta property=\"og:image\" content=\"https:\/\/www.24gliwice.pl\/wiadomosci\/wp-content\/uploads\/2018\/01\/zakaz-przej\u015bcia-e1516371677215.jpg\" \/>\n\t<meta property=\"og:image:width\" content=\"810\" \/>\n\t<meta property=\"og:image:height\" content=\"456\" \/>\n\t<meta property=\"og:image:type\" content=\"image\/jpeg\" \/>\n<meta name=\"author\" content=\"\u017baneta Mrozek-Siewierska\" \/>\n<meta name=\"twitter:card\" content=\"summary_large_image\" \/>\n<meta name=\"twitter:creator\" content=\"@24gliwice\" \/>\n<meta name=\"twitter:site\" content=\"@24gliwice\" \/>\n<meta name=\"twitter:label1\" content=\"Napisane przez\" \/>\n\t<meta name=\"twitter:data1\" content=\"\u017baneta Mrozek-Siewierska\" \/>\n\t<meta name=\"twitter:label2\" content=\"Szacowany czas czytania\" \/>\n\t<meta name=\"twitter:data2\" content=\"3 minuty\" \/>\n<script type=\"application\/ld+json\" class=\"yoast-schema-graph\">{\"@context\":\"https:\\\/\\\/schema.org\",\"@graph\":[{\"@type\":\"Article\",\"@id\":\"https:\\\/\\\/www.24gliwice.pl\\\/wiadomosci\\\/tunel-jest-zamkniety-i-ponownego-otwarcia-nie-bedzie-wyburzenie-tez-na-razie-nie-jest-mozliwe\\\/#article\",\"isPartOf\":{\"@id\":\"https:\\\/\\\/www.24gliwice.pl\\\/wiadomosci\\\/tunel-jest-zamkniety-i-ponownego-otwarcia-nie-bedzie-wyburzenie-tez-na-razie-nie-jest-mozliwe\\\/\"},\"author\":{\"name\":\"\u017baneta Mrozek-Siewierska\",\"@id\":\"https:\\\/\\\/www.24gliwice.pl\\\/wiadomosci\\\/#\\\/schema\\\/person\\\/e42c650edd7f2fa332be3811fb166b6e\"},\"headline\":\"Tunel nie zostanie ju\u017c otwarty, ale wej\u015bcie zajmuje prawie ca\u0142y chodnik. Mo\u017ce je zburzy\u0107? &#8211; pyta Czytelnik\",\"datePublished\":\"2018-01-22T01:59:25+00:00\",\"dateModified\":\"2018-01-22T02:08:09+00:00\",\"mainEntityOfPage\":{\"@id\":\"https:\\\/\\\/www.24gliwice.pl\\\/wiadomosci\\\/tunel-jest-zamkniety-i-ponownego-otwarcia-nie-bedzie-wyburzenie-tez-na-razie-nie-jest-mozliwe\\\/\"},\"wordCount\":532,\"commentCount\":0,\"publisher\":{\"@id\":\"https:\\\/\\\/www.24gliwice.pl\\\/wiadomosci\\\/#organization\"},\"image\":{\"@id\":\"https:\\\/\\\/www.24gliwice.pl\\\/wiadomosci\\\/tunel-jest-zamkniety-i-ponownego-otwarcia-nie-bedzie-wyburzenie-tez-na-razie-nie-jest-mozliwe\\\/#primaryimage\"},\"thumbnailUrl\":\"https:\\\/\\\/www.24gliwice.pl\\\/wiadomosci\\\/wp-content\\\/uploads\\\/2018\\\/01\\\/zakaz-przej\u015bcia-e1516371677215.jpg\",\"keywords\":[\"bohater\u00f3w getta warszawskiego\",\"DWORZEC\",\"PKP\",\"pkp plk\",\"plk\",\"przej\u015bcie podziemne\",\"TOSZECKA\",\"tunel\"],\"articleSection\":[\"Gliwice\",\"Najnowsze wiadomo\u015bci\",\"Portal Gliwice - Wiadomo\u015bci lokalne\"],\"inLanguage\":\"pl-PL\",\"potentialAction\":[{\"@type\":\"CommentAction\",\"name\":\"Comment\",\"target\":[\"https:\\\/\\\/www.24gliwice.pl\\\/wiadomosci\\\/tunel-jest-zamkniety-i-ponownego-otwarcia-nie-bedzie-wyburzenie-tez-na-razie-nie-jest-mozliwe\\\/#respond\"]}]},{\"@type\":\"WebPage\",\"@id\":\"https:\\\/\\\/www.24gliwice.pl\\\/wiadomosci\\\/tunel-jest-zamkniety-i-ponownego-otwarcia-nie-bedzie-wyburzenie-tez-na-razie-nie-jest-mozliwe\\\/\",\"url\":\"https:\\\/\\\/www.24gliwice.pl\\\/wiadomosci\\\/tunel-jest-zamkniety-i-ponownego-otwarcia-nie-bedzie-wyburzenie-tez-na-razie-nie-jest-mozliwe\\\/\",\"name\":\"Tunel nie zostanie ju\u017c otwarty, ale wej\u015bcie zajmuje prawie ca\u0142y chodnik. Mo\u017ce je zburzy\u0107? - pyta Czytelnik - 24GLIWICE - Portal Gliwice | codziennie nowe informacje\",\"isPartOf\":{\"@id\":\"https:\\\/\\\/www.24gliwice.pl\\\/wiadomosci\\\/#website\"},\"primaryImageOfPage\":{\"@id\":\"https:\\\/\\\/www.24gliwice.pl\\\/wiadomosci\\\/tunel-jest-zamkniety-i-ponownego-otwarcia-nie-bedzie-wyburzenie-tez-na-razie-nie-jest-mozliwe\\\/#primaryimage\"},\"image\":{\"@id\":\"https:\\\/\\\/www.24gliwice.pl\\\/wiadomosci\\\/tunel-jest-zamkniety-i-ponownego-otwarcia-nie-bedzie-wyburzenie-tez-na-razie-nie-jest-mozliwe\\\/#primaryimage\"},\"thumbnailUrl\":\"https:\\\/\\\/www.24gliwice.pl\\\/wiadomosci\\\/wp-content\\\/uploads\\\/2018\\\/01\\\/zakaz-przej\u015bcia-e1516371677215.jpg\",\"datePublished\":\"2018-01-22T01:59:25+00:00\",\"dateModified\":\"2018-01-22T02:08:09+00:00\",\"breadcrumb\":{\"@id\":\"https:\\\/\\\/www.24gliwice.pl\\\/wiadomosci\\\/tunel-jest-zamkniety-i-ponownego-otwarcia-nie-bedzie-wyburzenie-tez-na-razie-nie-jest-mozliwe\\\/#breadcrumb\"},\"inLanguage\":\"pl-PL\",\"potentialAction\":[{\"@type\":\"ReadAction\",\"target\":[\"https:\\\/\\\/www.24gliwice.pl\\\/wiadomosci\\\/tunel-jest-zamkniety-i-ponownego-otwarcia-nie-bedzie-wyburzenie-tez-na-razie-nie-jest-mozliwe\\\/\"]}]},{\"@type\":\"ImageObject\",\"inLanguage\":\"pl-PL\",\"@id\":\"https:\\\/\\\/www.24gliwice.pl\\\/wiadomosci\\\/tunel-jest-zamkniety-i-ponownego-otwarcia-nie-bedzie-wyburzenie-tez-na-razie-nie-jest-mozliwe\\\/#primaryimage\",\"url\":\"https:\\\/\\\/www.24gliwice.pl\\\/wiadomosci\\\/wp-content\\\/uploads\\\/2018\\\/01\\\/zakaz-przej\u015bcia-e1516371677215.jpg\",\"contentUrl\":\"https:\\\/\\\/www.24gliwice.pl\\\/wiadomosci\\\/wp-content\\\/uploads\\\/2018\\\/01\\\/zakaz-przej\u015bcia-e1516371677215.jpg\",\"width\":810,\"height\":456},{\"@type\":\"BreadcrumbList\",\"@id\":\"https:\\\/\\\/www.24gliwice.pl\\\/wiadomosci\\\/tunel-jest-zamkniety-i-ponownego-otwarcia-nie-bedzie-wyburzenie-tez-na-razie-nie-jest-mozliwe\\\/#breadcrumb\",\"itemListElement\":[{\"@type\":\"ListItem\",\"position\":1,\"name\":\"Strona g\u0142\u00f3wna\",\"item\":\"https:\\\/\\\/www.24gliwice.pl\\\/wiadomosci\\\/\"},{\"@type\":\"ListItem\",\"position\":2,\"name\":\"Tunel nie zostanie ju\u017c otwarty, ale wej\u015bcie zajmuje prawie ca\u0142y chodnik. Mo\u017ce je zburzy\u0107? &#8211; pyta Czytelnik\"}]},{\"@type\":\"WebSite\",\"@id\":\"https:\\\/\\\/www.24gliwice.pl\\\/wiadomosci\\\/#website\",\"url\":\"https:\\\/\\\/www.24gliwice.pl\\\/wiadomosci\\\/\",\"name\":\"24GLIWICE - Portal Gliwice | codziennie nowe wiadomo\u015bci\",\"description\":\"Portal Miejski Gliwice\",\"publisher\":{\"@id\":\"https:\\\/\\\/www.24gliwice.pl\\\/wiadomosci\\\/#organization\"},\"potentialAction\":[{\"@type\":\"SearchAction\",\"target\":{\"@type\":\"EntryPoint\",\"urlTemplate\":\"https:\\\/\\\/www.24gliwice.pl\\\/wiadomosci\\\/?s={search_term_string}\"},\"query-input\":{\"@type\":\"PropertyValueSpecification\",\"valueRequired\":true,\"valueName\":\"search_term_string\"}}],\"inLanguage\":\"pl-PL\"},{\"@type\":\"Organization\",\"@id\":\"https:\\\/\\\/www.24gliwice.pl\\\/wiadomosci\\\/#organization\",\"name\":\"24gliwice\",\"url\":\"https:\\\/\\\/www.24gliwice.pl\\\/wiadomosci\\\/\",\"logo\":{\"@type\":\"ImageObject\",\"inLanguage\":\"pl-PL\",\"@id\":\"https:\\\/\\\/www.24gliwice.pl\\\/wiadomosci\\\/#\\\/schema\\\/logo\\\/image\\\/\",\"url\":\"https:\\\/\\\/www.24gliwice.pl\\\/wiadomosci\\\/wp-content\\\/uploads\\\/2024\\\/10\\\/24gliwice-logo-696.jpg\",\"contentUrl\":\"https:\\\/\\\/www.24gliwice.pl\\\/wiadomosci\\\/wp-content\\\/uploads\\\/2024\\\/10\\\/24gliwice-logo-696.jpg\",\"width\":696,\"height\":696,\"caption\":\"24gliwice\"},\"image\":{\"@id\":\"https:\\\/\\\/www.24gliwice.pl\\\/wiadomosci\\\/#\\\/schema\\\/logo\\\/image\\\/\"},\"sameAs\":[\"https:\\\/\\\/www.facebook.com\\\/24gliwice\",\"https:\\\/\\\/x.com\\\/24gliwice\",\"https:\\\/\\\/www.youtube.com\\\/@24gliwice\"]},{\"@type\":\"Person\",\"@id\":\"https:\\\/\\\/www.24gliwice.pl\\\/wiadomosci\\\/#\\\/schema\\\/person\\\/e42c650edd7f2fa332be3811fb166b6e\",\"name\":\"\u017baneta Mrozek-Siewierska\",\"image\":{\"@type\":\"ImageObject\",\"inLanguage\":\"pl-PL\",\"@id\":\"https:\\\/\\\/secure.gravatar.com\\\/avatar\\\/1881429e9c64597c77ad7aef2d0a19be69a3253e57534d16aa15bf3a4d34a0a3?s=96&d=mm&r=g\",\"url\":\"https:\\\/\\\/secure.gravatar.com\\\/avatar\\\/1881429e9c64597c77ad7aef2d0a19be69a3253e57534d16aa15bf3a4d34a0a3?s=96&d=mm&r=g\",\"contentUrl\":\"https:\\\/\\\/secure.gravatar.com\\\/avatar\\\/1881429e9c64597c77ad7aef2d0a19be69a3253e57534d16aa15bf3a4d34a0a3?s=96&d=mm&r=g\",\"caption\":\"\u017baneta Mrozek-Siewierska\"},\"url\":\"https:\\\/\\\/www.24gliwice.pl\\\/wiadomosci\\\/author\\\/zms\\\/\"}]}<\/script>\n<!-- \/ Yoast SEO plugin. -->","yoast_head_json":{"title":"Tunel nie zostanie ju\u017c otwarty, ale wej\u015bcie zajmuje prawie ca\u0142y chodnik. Mo\u017ce je zburzy\u0107? - pyta Czytelnik - 24GLIWICE - Portal Gliwice | codziennie nowe informacje","robots":{"index":"index","follow":"follow","max-snippet":"max-snippet:-1","max-image-preview":"max-image-preview:large","max-video-preview":"max-video-preview:-1"},"canonical":"https:\/\/www.24gliwice.pl\/wiadomosci\/tunel-jest-zamkniety-i-ponownego-otwarcia-nie-bedzie-wyburzenie-tez-na-razie-nie-jest-mozliwe\/","og_locale":"pl_PL","og_type":"article","og_title":"Tunel nie zostanie ju\u017c otwarty, ale wej\u015bcie zajmuje prawie ca\u0142y chodnik. Mo\u017ce je zburzy\u0107? - pyta Czytelnik - 24GLIWICE - Portal Gliwice | codziennie nowe informacje","og_description":"Przej\u015bcie podziemne \u0142\u0105cz\u0105ce ulic\u0119 Bohater\u00f3w Getta Warszawskiego z Toszeck\u0105 ostatecznie pozostanie zamkni\u0119te. PKP PLK nie planuje jego remontu i ponownego otwarcia. Niedawno pojawi\u0142 si\u0119 tam r\u00f3wnie\u017c znak zakazu dla pieszych korzystaj\u0105cych z bardzo w\u0105skiego chodnika. &#8211; Z obu stron ustawiono znaki &#8220;zakaz ruchu pieszych&#8221;, a s\u0142u\u017cby miejskie urz\u0105dzaj\u0105 polowania na pieszych \u0142ami\u0105cych ten wspania\u0142omy\u015blny gest [&hellip;]","og_url":"https:\/\/www.24gliwice.pl\/wiadomosci\/tunel-jest-zamkniety-i-ponownego-otwarcia-nie-bedzie-wyburzenie-tez-na-razie-nie-jest-mozliwe\/","og_site_name":"24GLIWICE - Portal Gliwice | codziennie nowe informacje","article_publisher":"https:\/\/www.facebook.com\/24gliwice","article_published_time":"2018-01-22T01:59:25+00:00","article_modified_time":"2018-01-22T02:08:09+00:00","og_image":[{"width":810,"height":456,"url":"https:\/\/www.24gliwice.pl\/wiadomosci\/wp-content\/uploads\/2018\/01\/zakaz-przej\u015bcia-e1516371677215.jpg","type":"image\/jpeg"}],"author":"\u017baneta Mrozek-Siewierska","twitter_card":"summary_large_image","twitter_creator":"@24gliwice","twitter_site":"@24gliwice","twitter_misc":{"Napisane przez":"\u017baneta Mrozek-Siewierska","Szacowany czas czytania":"3 minuty"},"schema":{"@context":"https:\/\/schema.org","@graph":[{"@type":"Article","@id":"https:\/\/www.24gliwice.pl\/wiadomosci\/tunel-jest-zamkniety-i-ponownego-otwarcia-nie-bedzie-wyburzenie-tez-na-razie-nie-jest-mozliwe\/#article","isPartOf":{"@id":"https:\/\/www.24gliwice.pl\/wiadomosci\/tunel-jest-zamkniety-i-ponownego-otwarcia-nie-bedzie-wyburzenie-tez-na-razie-nie-jest-mozliwe\/"},"author":{"name":"\u017baneta Mrozek-Siewierska","@id":"https:\/\/www.24gliwice.pl\/wiadomosci\/#\/schema\/person\/e42c650edd7f2fa332be3811fb166b6e"},"headline":"Tunel nie zostanie ju\u017c otwarty, ale wej\u015bcie zajmuje prawie ca\u0142y chodnik. Mo\u017ce je zburzy\u0107? &#8211; pyta Czytelnik","datePublished":"2018-01-22T01:59:25+00:00","dateModified":"2018-01-22T02:08:09+00:00","mainEntityOfPage":{"@id":"https:\/\/www.24gliwice.pl\/wiadomosci\/tunel-jest-zamkniety-i-ponownego-otwarcia-nie-bedzie-wyburzenie-tez-na-razie-nie-jest-mozliwe\/"},"wordCount":532,"commentCount":0,"publisher":{"@id":"https:\/\/www.24gliwice.pl\/wiadomosci\/#organization"},"image":{"@id":"https:\/\/www.24gliwice.pl\/wiadomosci\/tunel-jest-zamkniety-i-ponownego-otwarcia-nie-bedzie-wyburzenie-tez-na-razie-nie-jest-mozliwe\/#primaryimage"},"thumbnailUrl":"https:\/\/www.24gliwice.pl\/wiadomosci\/wp-content\/uploads\/2018\/01\/zakaz-przej\u015bcia-e1516371677215.jpg","keywords":["bohater\u00f3w getta warszawskiego","DWORZEC","PKP","pkp plk","plk","przej\u015bcie podziemne","TOSZECKA","tunel"],"articleSection":["Gliwice","Najnowsze wiadomo\u015bci","Portal Gliwice - Wiadomo\u015bci lokalne"],"inLanguage":"pl-PL","potentialAction":[{"@type":"CommentAction","name":"Comment","target":["https:\/\/www.24gliwice.pl\/wiadomosci\/tunel-jest-zamkniety-i-ponownego-otwarcia-nie-bedzie-wyburzenie-tez-na-razie-nie-jest-mozliwe\/#respond"]}]},{"@type":"WebPage","@id":"https:\/\/www.24gliwice.pl\/wiadomosci\/tunel-jest-zamkniety-i-ponownego-otwarcia-nie-bedzie-wyburzenie-tez-na-razie-nie-jest-mozliwe\/","url":"https:\/\/www.24gliwice.pl\/wiadomosci\/tunel-jest-zamkniety-i-ponownego-otwarcia-nie-bedzie-wyburzenie-tez-na-razie-nie-jest-mozliwe\/","name":"Tunel nie zostanie ju\u017c otwarty, ale wej\u015bcie zajmuje prawie ca\u0142y chodnik. Mo\u017ce je zburzy\u0107? - pyta Czytelnik - 24GLIWICE - Portal Gliwice | codziennie nowe informacje","isPartOf":{"@id":"https:\/\/www.24gliwice.pl\/wiadomosci\/#website"},"primaryImageOfPage":{"@id":"https:\/\/www.24gliwice.pl\/wiadomosci\/tunel-jest-zamkniety-i-ponownego-otwarcia-nie-bedzie-wyburzenie-tez-na-razie-nie-jest-mozliwe\/#primaryimage"},"image":{"@id":"https:\/\/www.24gliwice.pl\/wiadomosci\/tunel-jest-zamkniety-i-ponownego-otwarcia-nie-bedzie-wyburzenie-tez-na-razie-nie-jest-mozliwe\/#primaryimage"},"thumbnailUrl":"https:\/\/www.24gliwice.pl\/wiadomosci\/wp-content\/uploads\/2018\/01\/zakaz-przej\u015bcia-e1516371677215.jpg","datePublished":"2018-01-22T01:59:25+00:00","dateModified":"2018-01-22T02:08:09+00:00","breadcrumb":{"@id":"https:\/\/www.24gliwice.pl\/wiadomosci\/tunel-jest-zamkniety-i-ponownego-otwarcia-nie-bedzie-wyburzenie-tez-na-razie-nie-jest-mozliwe\/#breadcrumb"},"inLanguage":"pl-PL","potentialAction":[{"@type":"ReadAction","target":["https:\/\/www.24gliwice.pl\/wiadomosci\/tunel-jest-zamkniety-i-ponownego-otwarcia-nie-bedzie-wyburzenie-tez-na-razie-nie-jest-mozliwe\/"]}]},{"@type":"ImageObject","inLanguage":"pl-PL","@id":"https:\/\/www.24gliwice.pl\/wiadomosci\/tunel-jest-zamkniety-i-ponownego-otwarcia-nie-bedzie-wyburzenie-tez-na-razie-nie-jest-mozliwe\/#primaryimage","url":"https:\/\/www.24gliwice.pl\/wiadomosci\/wp-content\/uploads\/2018\/01\/zakaz-przej\u015bcia-e1516371677215.jpg","contentUrl":"https:\/\/www.24gliwice.pl\/wiadomosci\/wp-content\/uploads\/2018\/01\/zakaz-przej\u015bcia-e1516371677215.jpg","width":810,"height":456},{"@type":"BreadcrumbList","@id":"https:\/\/www.24gliwice.pl\/wiadomosci\/tunel-jest-zamkniety-i-ponownego-otwarcia-nie-bedzie-wyburzenie-tez-na-razie-nie-jest-mozliwe\/#breadcrumb","itemListElement":[{"@type":"ListItem","position":1,"name":"Strona g\u0142\u00f3wna","item":"https:\/\/www.24gliwice.pl\/wiadomosci\/"},{"@type":"ListItem","position":2,"name":"Tunel nie zostanie ju\u017c otwarty, ale wej\u015bcie zajmuje prawie ca\u0142y chodnik. Mo\u017ce je zburzy\u0107? &#8211; pyta Czytelnik"}]},{"@type":"WebSite","@id":"https:\/\/www.24gliwice.pl\/wiadomosci\/#website","url":"https:\/\/www.24gliwice.pl\/wiadomosci\/","name":"24GLIWICE - Portal Gliwice | codziennie nowe wiadomo\u015bci","description":"Portal Miejski Gliwice","publisher":{"@id":"https:\/\/www.24gliwice.pl\/wiadomosci\/#organization"},"potentialAction":[{"@type":"SearchAction","target":{"@type":"EntryPoint","urlTemplate":"https:\/\/www.24gliwice.pl\/wiadomosci\/?s={search_term_string}"},"query-input":{"@type":"PropertyValueSpecification","valueRequired":true,"valueName":"search_term_string"}}],"inLanguage":"pl-PL"},{"@type":"Organization","@id":"https:\/\/www.24gliwice.pl\/wiadomosci\/#organization","name":"24gliwice","url":"https:\/\/www.24gliwice.pl\/wiadomosci\/","logo":{"@type":"ImageObject","inLanguage":"pl-PL","@id":"https:\/\/www.24gliwice.pl\/wiadomosci\/#\/schema\/logo\/image\/","url":"https:\/\/www.24gliwice.pl\/wiadomosci\/wp-content\/uploads\/2024\/10\/24gliwice-logo-696.jpg","contentUrl":"https:\/\/www.24gliwice.pl\/wiadomosci\/wp-content\/uploads\/2024\/10\/24gliwice-logo-696.jpg","width":696,"height":696,"caption":"24gliwice"},"image":{"@id":"https:\/\/www.24gliwice.pl\/wiadomosci\/#\/schema\/logo\/image\/"},"sameAs":["https:\/\/www.facebook.com\/24gliwice","https:\/\/x.com\/24gliwice","https:\/\/www.youtube.com\/@24gliwice"]},{"@type":"Person","@id":"https:\/\/www.24gliwice.pl\/wiadomosci\/#\/schema\/person\/e42c650edd7f2fa332be3811fb166b6e","name":"\u017baneta Mrozek-Siewierska","image":{"@type":"ImageObject","inLanguage":"pl-PL","@id":"https:\/\/secure.gravatar.com\/avatar\/1881429e9c64597c77ad7aef2d0a19be69a3253e57534d16aa15bf3a4d34a0a3?s=96&d=mm&r=g","url":"https:\/\/secure.gravatar.com\/avatar\/1881429e9c64597c77ad7aef2d0a19be69a3253e57534d16aa15bf3a4d34a0a3?s=96&d=mm&r=g","contentUrl":"https:\/\/secure.gravatar.com\/avatar\/1881429e9c64597c77ad7aef2d0a19be69a3253e57534d16aa15bf3a4d34a0a3?s=96&d=mm&r=g","caption":"\u017baneta Mrozek-Siewierska"},"url":"https:\/\/www.24gliwice.pl\/wiadomosci\/author\/zms\/"}]}},"_links":{"self":[{"href":"https:\/\/www.24gliwice.pl\/wiadomosci\/wp-json\/wp\/v2\/posts\/110891","targetHints":{"allow":["GET"]}}],"collection":[{"href":"https:\/\/www.24gliwice.pl\/wiadomosci\/wp-json\/wp\/v2\/posts"}],"about":[{"href":"https:\/\/www.24gliwice.pl\/wiadomosci\/wp-json\/wp\/v2\/types\/post"}],"author":[{"embeddable":true,"href":"https:\/\/www.24gliwice.pl\/wiadomosci\/wp-json\/wp\/v2\/users\/15"}],"replies":[{"embeddable":true,"href":"https:\/\/www.24gliwice.pl\/wiadomosci\/wp-json\/wp\/v2\/comments?post=110891"}],"version-history":[{"count":0,"href":"https:\/\/www.24gliwice.pl\/wiadomosci\/wp-json\/wp\/v2\/posts\/110891\/revisions"}],"wp:featuredmedia":[{"embeddable":true,"href":"https:\/\/www.24gliwice.pl\/wiadomosci\/wp-json\/wp\/v2\/media\/110949"}],"wp:attachment":[{"href":"https:\/\/www.24gliwice.pl\/wiadomosci\/wp-json\/wp\/v2\/media?parent=110891"}],"wp:term":[{"taxonomy":"category","embeddable":true,"href":"https:\/\/www.24gliwice.pl\/wiadomosci\/wp-json\/wp\/v2\/categories?post=110891"},{"taxonomy":"post_tag","embeddable":true,"href":"https:\/\/www.24gliwice.pl\/wiadomosci\/wp-json\/wp\/v2\/tags?post=110891"}],"curies":[{"name":"wp","href":"https:\/\/api.w.org\/{rel}","templated":true}]}}