{"id":111174,"date":"2018-01-25T16:05:53","date_gmt":"2018-01-25T15:05:53","guid":{"rendered":"http:\/\/www.24gliwice.pl\/wiadomosci\/?p=111174"},"modified":"2018-01-25T16:05:53","modified_gmt":"2018-01-25T15:05:53","slug":"rondo-turbinowe-przy-bojkowskiej-ma-byc-gotowe-przed-wakacjami-wykonawca-jest-pruim","status":"publish","type":"post","link":"https:\/\/www.24gliwice.pl\/wiadomosci\/rondo-turbinowe-przy-bojkowskiej-ma-byc-gotowe-przed-wakacjami-wykonawca-jest-pruim\/","title":{"rendered":"Rondo turbinowe przy Bojkowskiej ma by\u0107 gotowe przed wakacjami. Wykonawc\u0105 jest PRUiM"},"content":{"rendered":"<div class=\"gliwi-a6-nad-leadem-artykulow gliwi-entity-placement\" id=\"gliwi-1860893965\"><div class=\"gliwi-adlabel\"><span style=\"font-size: 9px\">REKLAMA<\/span><\/div><div id=\"gliwi-4199660395\" style=\"margin-bottom: 30px;margin-left: auto;margin-right: auto;text-align: center;\"><a data-no-instant=\"1\" href=\"https:\/\/przedszkole.halogen.org.pl\/\" rel=\"noopener\" class=\"a2t-link\" target=\"_blank\" aria-label=\"20260402-ANIMATOR-przedszkole_grafika_750x200\"><img loading=\"lazy\" decoding=\"async\" src=\"https:\/\/www.24gliwice.pl\/wiadomosci\/wp-content\/uploads\/2026\/04\/20260402-ANIMATOR-przedszkole_grafika_750x200.webp\" alt=\"\"  srcset=\"https:\/\/www.24gliwice.pl\/wiadomosci\/wp-content\/uploads\/2026\/04\/20260402-ANIMATOR-przedszkole_grafika_750x200.webp 750w, https:\/\/www.24gliwice.pl\/wiadomosci\/wp-content\/uploads\/2026\/04\/20260402-ANIMATOR-przedszkole_grafika_750x200-410x109.webp 410w\" sizes=\"(max-width: 750px) 100vw, 750px\" class=\"no-lazyload\" width=\"750\" height=\"200\"  style=\"display: inline-block; max-width: 100%; height: auto;\" \/><\/a><\/div><\/div><h3>Prace przy budowie ronda turbinowego na ulicy Bojkowskiej ju\u017c si\u0119 rozpocz\u0119\u0142y. Powstaje ono za skrzy\u017cowaniem z ul. M. P\u0142a\u017cy\u0144skiego. Zgodnie z planem ma by\u0107 gotowe w II kwartale tego roku.<\/h3>\n<p>To pierwszy etap realizacji po\u0142udniowej obwodnicy miasta, kt\u00f3ra po\u0142\u0105czy w\u0119ze\u0142 autostradowy Gliwice So\u015bnica z ul. Rybnick\u0105, a w przysz\u0142o\u015bci b\u0119dzie styka\u0107 si\u0119 z obwodnic\u0105 zachodni\u0105.<\/p>\n<p>Budowa ronda przy ul. Bojkowskiej nie powoduje wi\u0119kszych utrudnie\u0144 w ruchu. Prace tocz\u0105 si\u0119 kilkana\u015bcie metr\u00f3w na zach\u00f3d od istniej\u0105cego skrzy\u017cowania. Zarys nowego rozwi\u0105zania drogowego jest ju\u017c widoczny.<\/p><div class=\"gliwi-a3-w-tresci-artykulow gliwi-entity-placement\" id=\"gliwi-1835695969\"><div class=\"gliwi-adlabel\"><span style=\"font-size: 9px\">REKLAMA<\/span><\/div><div id=\"gliwi-513417032\" style=\"margin-bottom: 30px;margin-left: auto;margin-right: auto;text-align: center;\"><a data-no-instant=\"1\" href=\"https:\/\/ogrodyandersa.pl\/\" rel=\"noopener\" class=\"a2t-link\" target=\"_blank\" aria-label=\"20260415 Ogrody Andersa KUP TERAZ D\"><img loading=\"lazy\" decoding=\"async\" src=\"https:\/\/www.24gliwice.pl\/wiadomosci\/wp-content\/uploads\/2026\/04\/20260415-Ogrody-Andersa-KUP-TERAZ-D.jpg\" alt=\"\"  srcset=\"https:\/\/www.24gliwice.pl\/wiadomosci\/wp-content\/uploads\/2026\/04\/20260415-Ogrody-Andersa-KUP-TERAZ-D.jpg 750w, https:\/\/www.24gliwice.pl\/wiadomosci\/wp-content\/uploads\/2026\/04\/20260415-Ogrody-Andersa-KUP-TERAZ-D-410x109.jpg 410w\" sizes=\"(max-width: 750px) 100vw, 750px\" class=\"no-lazyload\" width=\"750\" height=\"200\"  style=\"display: inline-block; max-width: 100%; height: auto;\" \/><\/a><\/div><\/div>\n<p>\u2013 W pierwszej kolejno\u015bci przebudowano tam sie\u0107 infrastruktury podziemnej i wybudowano nowe sieci, kanalizacj\u0119 oraz o\u015bwietlenie. Przewidziano r\u00f3wnie\u017c korekt\u0119 dotychczasowego przebiegu jezdni, ale bez zmiany lokalizacji chodnika i \u015bcie\u017cki rowerowej \u2013 przypomina Jadwiga Jagie\u0142\u0142o-Stiborska, rzecznik prasowy Zarz\u0105du Dr\u00f3g Miejskich w Gliwicach.<\/p>\n[perfectpullquote align=&#8221;full&#8221; bordertop=&#8221;false&#8221; cite=&#8221;&#8221; link=&#8221;&#8221; color=&#8221;&#8221; class=&#8221;&#8221; size=&#8221;&#8221;]Rondo ma mie\u0107 2 pasy, a korzystaj\u0105cy z niego kierowcy nie b\u0119d\u0105 mogli ich zmienia\u0107. Wyb\u00f3r odpowiedniego toru jazdy, jeszcze przed wjazdem na rondo, ma u\u0142atwia\u0107 przewidziane w projekcie oznakowanie poziome.[\/perfectpullquote]\n<p>&#8211; Zak\u0142adamy, \u017ce jazda na \u201eturbinie\u201d b\u0119dzie p\u0142ynna i bezpieczna \u2013 podkre\u015bla rzecznik prasowy ZDM-u.<\/p>\n<p>Inwestycja jest realizowana w ramach zadania pod nazw\u0105 \u201eBudowa po\u0142udniowej cz\u0119\u015bci obwodnicy miasta, przebudowa i rozbudowa uk\u0142adu drogowego pomi\u0119dzy ul. Bojkowsk\u0105 i Pszczy\u0144sk\u0105 w Gliwicach wraz z infrastruktur\u0105 towarzysz\u0105c\u0105. Etap I. Rozbudowa ul. Bojkowskiej i budowa fragmentu obwodnicy\u201d.<\/p>\n<p><img loading=\"lazy\" decoding=\"async\" src=\"http:\/\/www.24gliwice.pl\/wiadomosci\/wp-content\/uploads\/2018\/01\/1-DJI_0939.jpg\" alt=\"\" width=\"810\" height=\"455\" class=\"aligncenter size-full wp-image-111283\" srcset=\"https:\/\/www.24gliwice.pl\/wiadomosci\/wp-content\/uploads\/2018\/01\/1-DJI_0939.jpg 810w, https:\/\/www.24gliwice.pl\/wiadomosci\/wp-content\/uploads\/2018\/01\/1-DJI_0939-410x230.jpg 410w, https:\/\/www.24gliwice.pl\/wiadomosci\/wp-content\/uploads\/2018\/01\/1-DJI_0939-768x431.jpg 768w\" sizes=\"auto, (max-width: 810px) 100vw, 810px\" \/><\/p>\n<p>Zaplanowano w nim m.in. przebudow\u0119 400-metrowego fragmentu ul. Bojkowskiej, budow\u0119 nowej drogi (odcinek d\u0142ugo\u015bci 900 metr\u00f3w) \u0142\u0105cz\u0105cej ul. Bojkowsk\u0105 z ul. Okr\u0119\u017cn\u0105 po po\u0142udniowej stronie osadnik\u00f3w i przebudow\u0119 po\u0142udniowej cz\u0119\u015bci ul. Okr\u0119\u017cnej (odcinek 700 metr\u00f3w).<\/p>\n<p>Prace w ramach I etapu wykonuje wy\u0142onione w przetargu Przedsi\u0119biorstwo Remont\u00f3w Ulic i Most\u00f3w z Gliwic. Szacowany koszt budowy to ok. 6 mln z\u0142.<\/p>\n<p>(\u017cms)\/UM Gliwice<br \/>\nfot. <a href=\"http:\/\/www.mosquidron.pl\/\" rel=\"noopener\" target=\"_blank\">MOSQUIDRON<\/a><\/p>\n<div class=\"gliwi-a5-na-koncu-artykulow gliwi-entity-placement\" id=\"gliwi-3237901608\"><div class=\"gliwi-adlabel\"><span style=\"font-size: 9px\">REKLAMA<\/span><\/div><div id=\"gliwi-615042066\" style=\"margin-left: auto;margin-right: auto;text-align: center;\"><a data-no-instant=\"1\" href=\"https:\/\/www.jasek.pl\/\" rel=\"noopener\" class=\"a2t-link\" target=\"_blank\" aria-label=\"20200401-jasek 600\"><img loading=\"lazy\" decoding=\"async\" src=\"https:\/\/www.24gliwice.pl\/wiadomosci\/wp-content\/uploads\/2020\/04\/20200401-jasek-600.jpg\" alt=\"\"  srcset=\"https:\/\/www.24gliwice.pl\/wiadomosci\/wp-content\/uploads\/2020\/04\/20200401-jasek-600.jpg 600w, https:\/\/www.24gliwice.pl\/wiadomosci\/wp-content\/uploads\/2020\/04\/20200401-jasek-600-410x109.jpg 410w\" sizes=\"(max-width: 600px) 100vw, 600px\" class=\"no-lazyload\" width=\"600\" height=\"160\"  style=\"display: inline-block; max-width: 100%; height: auto;\" \/><\/a><\/div><\/div>","protected":false},"excerpt":{"rendered":"<p>Prace przy budowie ronda turbinowego na ulicy Bojkowskiej ju\u017c si\u0119 rozpocz\u0119\u0142y. Powstaje ono za skrzy\u017cowaniem z ul. M. P\u0142a\u017cy\u0144skiego. Zgodnie z planem ma by\u0107 gotowe w II kwartale tego roku. To pierwszy etap realizacji po\u0142udniowej obwodnicy miasta, kt\u00f3ra po\u0142\u0105czy w\u0119ze\u0142 autostradowy Gliwice So\u015bnica z ul. Rybnick\u0105, a w przysz\u0142o\u015bci b\u0119dzie styka\u0107 si\u0119 z obwodnic\u0105 zachodni\u0105. [&hellip;]<\/p>\n","protected":false},"author":15,"featured_media":111282,"comment_status":"open","ping_status":"closed","sticky":false,"template":"","format":"standard","meta":{"_monsterinsights_skip_tracking":false,"_monsterinsights_sitenote_active":false,"_monsterinsights_sitenote_note":"","_monsterinsights_sitenote_category":0,"footnotes":"","_links_to":"","_links_to_target":""},"categories":[3,1],"tags":[5611,11333,11332,10603],"class_list":["post-111174","post","type-post","status-publish","format-standard","has-post-thumbnail","hentry","category-gliwice","category-wszystko","tag-bojkowska","tag-poludniowa-obwodnica","tag-poludniowa-obwodnica-gliwic","tag-rondo-turbinowe"],"yoast_head":"<!-- This site is optimized with the Yoast SEO plugin v27.5 - https:\/\/yoast.com\/product\/yoast-seo-wordpress\/ -->\n<title>Rondo turbinowe przy Bojkowskiej ma by\u0107 gotowe przed wakacjami. Wykonawc\u0105 jest PRUiM - 24GLIWICE - Portal Gliwice | codziennie nowe informacje<\/title>\n<meta name=\"robots\" content=\"index, follow, max-snippet:-1, max-image-preview:large, max-video-preview:-1\" \/>\n<link rel=\"canonical\" href=\"https:\/\/www.24gliwice.pl\/wiadomosci\/rondo-turbinowe-przy-bojkowskiej-ma-byc-gotowe-przed-wakacjami-wykonawca-jest-pruim\/\" \/>\n<meta property=\"og:locale\" content=\"pl_PL\" \/>\n<meta property=\"og:type\" content=\"article\" \/>\n<meta property=\"og:title\" content=\"Rondo turbinowe przy Bojkowskiej ma by\u0107 gotowe przed wakacjami. Wykonawc\u0105 jest PRUiM - 24GLIWICE - Portal Gliwice | codziennie nowe informacje\" \/>\n<meta property=\"og:description\" content=\"Prace przy budowie ronda turbinowego na ulicy Bojkowskiej ju\u017c si\u0119 rozpocz\u0119\u0142y. Powstaje ono za skrzy\u017cowaniem z ul. M. P\u0142a\u017cy\u0144skiego. Zgodnie z planem ma by\u0107 gotowe w II kwartale tego roku. To pierwszy etap realizacji po\u0142udniowej obwodnicy miasta, kt\u00f3ra po\u0142\u0105czy w\u0119ze\u0142 autostradowy Gliwice So\u015bnica z ul. Rybnick\u0105, a w przysz\u0142o\u015bci b\u0119dzie styka\u0107 si\u0119 z obwodnic\u0105 zachodni\u0105. [&hellip;]\" \/>\n<meta property=\"og:url\" content=\"https:\/\/www.24gliwice.pl\/wiadomosci\/rondo-turbinowe-przy-bojkowskiej-ma-byc-gotowe-przed-wakacjami-wykonawca-jest-pruim\/\" \/>\n<meta property=\"og:site_name\" content=\"24GLIWICE - Portal Gliwice | codziennie nowe informacje\" \/>\n<meta property=\"article:publisher\" content=\"https:\/\/www.facebook.com\/24gliwice\" \/>\n<meta property=\"article:published_time\" content=\"2018-01-25T15:05:53+00:00\" \/>\n<meta property=\"og:image\" content=\"https:\/\/www.24gliwice.pl\/wiadomosci\/wp-content\/uploads\/2018\/01\/1-DJI_0941.jpg\" \/>\n\t<meta property=\"og:image:width\" content=\"810\" \/>\n\t<meta property=\"og:image:height\" content=\"457\" \/>\n\t<meta property=\"og:image:type\" content=\"image\/jpeg\" \/>\n<meta name=\"author\" content=\"\u017baneta Mrozek-Siewierska\" \/>\n<meta name=\"twitter:card\" content=\"summary_large_image\" \/>\n<meta name=\"twitter:creator\" content=\"@24gliwice\" \/>\n<meta name=\"twitter:site\" content=\"@24gliwice\" \/>\n<meta name=\"twitter:label1\" content=\"Napisane przez\" \/>\n\t<meta name=\"twitter:data1\" content=\"\u017baneta Mrozek-Siewierska\" \/>\n\t<meta name=\"twitter:label2\" content=\"Szacowany czas czytania\" \/>\n\t<meta name=\"twitter:data2\" content=\"2 minuty\" \/>\n<script type=\"application\/ld+json\" class=\"yoast-schema-graph\">{\"@context\":\"https:\\\/\\\/schema.org\",\"@graph\":[{\"@type\":\"Article\",\"@id\":\"https:\\\/\\\/www.24gliwice.pl\\\/wiadomosci\\\/rondo-turbinowe-przy-bojkowskiej-ma-byc-gotowe-przed-wakacjami-wykonawca-jest-pruim\\\/#article\",\"isPartOf\":{\"@id\":\"https:\\\/\\\/www.24gliwice.pl\\\/wiadomosci\\\/rondo-turbinowe-przy-bojkowskiej-ma-byc-gotowe-przed-wakacjami-wykonawca-jest-pruim\\\/\"},\"author\":{\"name\":\"\u017baneta Mrozek-Siewierska\",\"@id\":\"https:\\\/\\\/www.24gliwice.pl\\\/wiadomosci\\\/#\\\/schema\\\/person\\\/e42c650edd7f2fa332be3811fb166b6e\"},\"headline\":\"Rondo turbinowe przy Bojkowskiej ma by\u0107 gotowe przed wakacjami. Wykonawc\u0105 jest PRUiM\",\"datePublished\":\"2018-01-25T15:05:53+00:00\",\"mainEntityOfPage\":{\"@id\":\"https:\\\/\\\/www.24gliwice.pl\\\/wiadomosci\\\/rondo-turbinowe-przy-bojkowskiej-ma-byc-gotowe-przed-wakacjami-wykonawca-jest-pruim\\\/\"},\"wordCount\":345,\"commentCount\":0,\"publisher\":{\"@id\":\"https:\\\/\\\/www.24gliwice.pl\\\/wiadomosci\\\/#organization\"},\"image\":{\"@id\":\"https:\\\/\\\/www.24gliwice.pl\\\/wiadomosci\\\/rondo-turbinowe-przy-bojkowskiej-ma-byc-gotowe-przed-wakacjami-wykonawca-jest-pruim\\\/#primaryimage\"},\"thumbnailUrl\":\"https:\\\/\\\/www.24gliwice.pl\\\/wiadomosci\\\/wp-content\\\/uploads\\\/2018\\\/01\\\/1-DJI_0941.jpg\",\"keywords\":[\"BOJKOWSKA\",\"po\u0142udniowa obwodnica\",\"po\u0142udniowa obwodnica gliwic\",\"rondo turbinowe\"],\"articleSection\":[\"Gliwice\",\"Najnowsze wiadomo\u015bci\"],\"inLanguage\":\"pl-PL\",\"potentialAction\":[{\"@type\":\"CommentAction\",\"name\":\"Comment\",\"target\":[\"https:\\\/\\\/www.24gliwice.pl\\\/wiadomosci\\\/rondo-turbinowe-przy-bojkowskiej-ma-byc-gotowe-przed-wakacjami-wykonawca-jest-pruim\\\/#respond\"]}]},{\"@type\":\"WebPage\",\"@id\":\"https:\\\/\\\/www.24gliwice.pl\\\/wiadomosci\\\/rondo-turbinowe-przy-bojkowskiej-ma-byc-gotowe-przed-wakacjami-wykonawca-jest-pruim\\\/\",\"url\":\"https:\\\/\\\/www.24gliwice.pl\\\/wiadomosci\\\/rondo-turbinowe-przy-bojkowskiej-ma-byc-gotowe-przed-wakacjami-wykonawca-jest-pruim\\\/\",\"name\":\"Rondo turbinowe przy Bojkowskiej ma by\u0107 gotowe przed wakacjami. Wykonawc\u0105 jest PRUiM - 24GLIWICE - Portal Gliwice | codziennie nowe informacje\",\"isPartOf\":{\"@id\":\"https:\\\/\\\/www.24gliwice.pl\\\/wiadomosci\\\/#website\"},\"primaryImageOfPage\":{\"@id\":\"https:\\\/\\\/www.24gliwice.pl\\\/wiadomosci\\\/rondo-turbinowe-przy-bojkowskiej-ma-byc-gotowe-przed-wakacjami-wykonawca-jest-pruim\\\/#primaryimage\"},\"image\":{\"@id\":\"https:\\\/\\\/www.24gliwice.pl\\\/wiadomosci\\\/rondo-turbinowe-przy-bojkowskiej-ma-byc-gotowe-przed-wakacjami-wykonawca-jest-pruim\\\/#primaryimage\"},\"thumbnailUrl\":\"https:\\\/\\\/www.24gliwice.pl\\\/wiadomosci\\\/wp-content\\\/uploads\\\/2018\\\/01\\\/1-DJI_0941.jpg\",\"datePublished\":\"2018-01-25T15:05:53+00:00\",\"breadcrumb\":{\"@id\":\"https:\\\/\\\/www.24gliwice.pl\\\/wiadomosci\\\/rondo-turbinowe-przy-bojkowskiej-ma-byc-gotowe-przed-wakacjami-wykonawca-jest-pruim\\\/#breadcrumb\"},\"inLanguage\":\"pl-PL\",\"potentialAction\":[{\"@type\":\"ReadAction\",\"target\":[\"https:\\\/\\\/www.24gliwice.pl\\\/wiadomosci\\\/rondo-turbinowe-przy-bojkowskiej-ma-byc-gotowe-przed-wakacjami-wykonawca-jest-pruim\\\/\"]}]},{\"@type\":\"ImageObject\",\"inLanguage\":\"pl-PL\",\"@id\":\"https:\\\/\\\/www.24gliwice.pl\\\/wiadomosci\\\/rondo-turbinowe-przy-bojkowskiej-ma-byc-gotowe-przed-wakacjami-wykonawca-jest-pruim\\\/#primaryimage\",\"url\":\"https:\\\/\\\/www.24gliwice.pl\\\/wiadomosci\\\/wp-content\\\/uploads\\\/2018\\\/01\\\/1-DJI_0941.jpg\",\"contentUrl\":\"https:\\\/\\\/www.24gliwice.pl\\\/wiadomosci\\\/wp-content\\\/uploads\\\/2018\\\/01\\\/1-DJI_0941.jpg\",\"width\":810,\"height\":457},{\"@type\":\"BreadcrumbList\",\"@id\":\"https:\\\/\\\/www.24gliwice.pl\\\/wiadomosci\\\/rondo-turbinowe-przy-bojkowskiej-ma-byc-gotowe-przed-wakacjami-wykonawca-jest-pruim\\\/#breadcrumb\",\"itemListElement\":[{\"@type\":\"ListItem\",\"position\":1,\"name\":\"Strona g\u0142\u00f3wna\",\"item\":\"https:\\\/\\\/www.24gliwice.pl\\\/wiadomosci\\\/\"},{\"@type\":\"ListItem\",\"position\":2,\"name\":\"Rondo turbinowe przy Bojkowskiej ma by\u0107 gotowe przed wakacjami. Wykonawc\u0105 jest PRUiM\"}]},{\"@type\":\"WebSite\",\"@id\":\"https:\\\/\\\/www.24gliwice.pl\\\/wiadomosci\\\/#website\",\"url\":\"https:\\\/\\\/www.24gliwice.pl\\\/wiadomosci\\\/\",\"name\":\"24GLIWICE - Portal Gliwice | codziennie nowe wiadomo\u015bci\",\"description\":\"Portal Miejski Gliwice\",\"publisher\":{\"@id\":\"https:\\\/\\\/www.24gliwice.pl\\\/wiadomosci\\\/#organization\"},\"potentialAction\":[{\"@type\":\"SearchAction\",\"target\":{\"@type\":\"EntryPoint\",\"urlTemplate\":\"https:\\\/\\\/www.24gliwice.pl\\\/wiadomosci\\\/?s={search_term_string}\"},\"query-input\":{\"@type\":\"PropertyValueSpecification\",\"valueRequired\":true,\"valueName\":\"search_term_string\"}}],\"inLanguage\":\"pl-PL\"},{\"@type\":\"Organization\",\"@id\":\"https:\\\/\\\/www.24gliwice.pl\\\/wiadomosci\\\/#organization\",\"name\":\"24gliwice\",\"url\":\"https:\\\/\\\/www.24gliwice.pl\\\/wiadomosci\\\/\",\"logo\":{\"@type\":\"ImageObject\",\"inLanguage\":\"pl-PL\",\"@id\":\"https:\\\/\\\/www.24gliwice.pl\\\/wiadomosci\\\/#\\\/schema\\\/logo\\\/image\\\/\",\"url\":\"https:\\\/\\\/www.24gliwice.pl\\\/wiadomosci\\\/wp-content\\\/uploads\\\/2024\\\/10\\\/24gliwice-logo-696.jpg\",\"contentUrl\":\"https:\\\/\\\/www.24gliwice.pl\\\/wiadomosci\\\/wp-content\\\/uploads\\\/2024\\\/10\\\/24gliwice-logo-696.jpg\",\"width\":696,\"height\":696,\"caption\":\"24gliwice\"},\"image\":{\"@id\":\"https:\\\/\\\/www.24gliwice.pl\\\/wiadomosci\\\/#\\\/schema\\\/logo\\\/image\\\/\"},\"sameAs\":[\"https:\\\/\\\/www.facebook.com\\\/24gliwice\",\"https:\\\/\\\/x.com\\\/24gliwice\",\"https:\\\/\\\/www.youtube.com\\\/@24gliwice\"]},{\"@type\":\"Person\",\"@id\":\"https:\\\/\\\/www.24gliwice.pl\\\/wiadomosci\\\/#\\\/schema\\\/person\\\/e42c650edd7f2fa332be3811fb166b6e\",\"name\":\"\u017baneta Mrozek-Siewierska\",\"image\":{\"@type\":\"ImageObject\",\"inLanguage\":\"pl-PL\",\"@id\":\"https:\\\/\\\/secure.gravatar.com\\\/avatar\\\/1881429e9c64597c77ad7aef2d0a19be69a3253e57534d16aa15bf3a4d34a0a3?s=96&d=mm&r=g\",\"url\":\"https:\\\/\\\/secure.gravatar.com\\\/avatar\\\/1881429e9c64597c77ad7aef2d0a19be69a3253e57534d16aa15bf3a4d34a0a3?s=96&d=mm&r=g\",\"contentUrl\":\"https:\\\/\\\/secure.gravatar.com\\\/avatar\\\/1881429e9c64597c77ad7aef2d0a19be69a3253e57534d16aa15bf3a4d34a0a3?s=96&d=mm&r=g\",\"caption\":\"\u017baneta Mrozek-Siewierska\"},\"url\":\"https:\\\/\\\/www.24gliwice.pl\\\/wiadomosci\\\/author\\\/zms\\\/\"}]}<\/script>\n<!-- \/ Yoast SEO plugin. -->","yoast_head_json":{"title":"Rondo turbinowe przy Bojkowskiej ma by\u0107 gotowe przed wakacjami. Wykonawc\u0105 jest PRUiM - 24GLIWICE - Portal Gliwice | codziennie nowe informacje","robots":{"index":"index","follow":"follow","max-snippet":"max-snippet:-1","max-image-preview":"max-image-preview:large","max-video-preview":"max-video-preview:-1"},"canonical":"https:\/\/www.24gliwice.pl\/wiadomosci\/rondo-turbinowe-przy-bojkowskiej-ma-byc-gotowe-przed-wakacjami-wykonawca-jest-pruim\/","og_locale":"pl_PL","og_type":"article","og_title":"Rondo turbinowe przy Bojkowskiej ma by\u0107 gotowe przed wakacjami. Wykonawc\u0105 jest PRUiM - 24GLIWICE - Portal Gliwice | codziennie nowe informacje","og_description":"Prace przy budowie ronda turbinowego na ulicy Bojkowskiej ju\u017c si\u0119 rozpocz\u0119\u0142y. Powstaje ono za skrzy\u017cowaniem z ul. M. P\u0142a\u017cy\u0144skiego. Zgodnie z planem ma by\u0107 gotowe w II kwartale tego roku. To pierwszy etap realizacji po\u0142udniowej obwodnicy miasta, kt\u00f3ra po\u0142\u0105czy w\u0119ze\u0142 autostradowy Gliwice So\u015bnica z ul. Rybnick\u0105, a w przysz\u0142o\u015bci b\u0119dzie styka\u0107 si\u0119 z obwodnic\u0105 zachodni\u0105. [&hellip;]","og_url":"https:\/\/www.24gliwice.pl\/wiadomosci\/rondo-turbinowe-przy-bojkowskiej-ma-byc-gotowe-przed-wakacjami-wykonawca-jest-pruim\/","og_site_name":"24GLIWICE - Portal Gliwice | codziennie nowe informacje","article_publisher":"https:\/\/www.facebook.com\/24gliwice","article_published_time":"2018-01-25T15:05:53+00:00","og_image":[{"width":810,"height":457,"url":"https:\/\/www.24gliwice.pl\/wiadomosci\/wp-content\/uploads\/2018\/01\/1-DJI_0941.jpg","type":"image\/jpeg"}],"author":"\u017baneta Mrozek-Siewierska","twitter_card":"summary_large_image","twitter_creator":"@24gliwice","twitter_site":"@24gliwice","twitter_misc":{"Napisane przez":"\u017baneta Mrozek-Siewierska","Szacowany czas czytania":"2 minuty"},"schema":{"@context":"https:\/\/schema.org","@graph":[{"@type":"Article","@id":"https:\/\/www.24gliwice.pl\/wiadomosci\/rondo-turbinowe-przy-bojkowskiej-ma-byc-gotowe-przed-wakacjami-wykonawca-jest-pruim\/#article","isPartOf":{"@id":"https:\/\/www.24gliwice.pl\/wiadomosci\/rondo-turbinowe-przy-bojkowskiej-ma-byc-gotowe-przed-wakacjami-wykonawca-jest-pruim\/"},"author":{"name":"\u017baneta Mrozek-Siewierska","@id":"https:\/\/www.24gliwice.pl\/wiadomosci\/#\/schema\/person\/e42c650edd7f2fa332be3811fb166b6e"},"headline":"Rondo turbinowe przy Bojkowskiej ma by\u0107 gotowe przed wakacjami. Wykonawc\u0105 jest PRUiM","datePublished":"2018-01-25T15:05:53+00:00","mainEntityOfPage":{"@id":"https:\/\/www.24gliwice.pl\/wiadomosci\/rondo-turbinowe-przy-bojkowskiej-ma-byc-gotowe-przed-wakacjami-wykonawca-jest-pruim\/"},"wordCount":345,"commentCount":0,"publisher":{"@id":"https:\/\/www.24gliwice.pl\/wiadomosci\/#organization"},"image":{"@id":"https:\/\/www.24gliwice.pl\/wiadomosci\/rondo-turbinowe-przy-bojkowskiej-ma-byc-gotowe-przed-wakacjami-wykonawca-jest-pruim\/#primaryimage"},"thumbnailUrl":"https:\/\/www.24gliwice.pl\/wiadomosci\/wp-content\/uploads\/2018\/01\/1-DJI_0941.jpg","keywords":["BOJKOWSKA","po\u0142udniowa obwodnica","po\u0142udniowa obwodnica gliwic","rondo turbinowe"],"articleSection":["Gliwice","Najnowsze wiadomo\u015bci"],"inLanguage":"pl-PL","potentialAction":[{"@type":"CommentAction","name":"Comment","target":["https:\/\/www.24gliwice.pl\/wiadomosci\/rondo-turbinowe-przy-bojkowskiej-ma-byc-gotowe-przed-wakacjami-wykonawca-jest-pruim\/#respond"]}]},{"@type":"WebPage","@id":"https:\/\/www.24gliwice.pl\/wiadomosci\/rondo-turbinowe-przy-bojkowskiej-ma-byc-gotowe-przed-wakacjami-wykonawca-jest-pruim\/","url":"https:\/\/www.24gliwice.pl\/wiadomosci\/rondo-turbinowe-przy-bojkowskiej-ma-byc-gotowe-przed-wakacjami-wykonawca-jest-pruim\/","name":"Rondo turbinowe przy Bojkowskiej ma by\u0107 gotowe przed wakacjami. Wykonawc\u0105 jest PRUiM - 24GLIWICE - Portal Gliwice | codziennie nowe informacje","isPartOf":{"@id":"https:\/\/www.24gliwice.pl\/wiadomosci\/#website"},"primaryImageOfPage":{"@id":"https:\/\/www.24gliwice.pl\/wiadomosci\/rondo-turbinowe-przy-bojkowskiej-ma-byc-gotowe-przed-wakacjami-wykonawca-jest-pruim\/#primaryimage"},"image":{"@id":"https:\/\/www.24gliwice.pl\/wiadomosci\/rondo-turbinowe-przy-bojkowskiej-ma-byc-gotowe-przed-wakacjami-wykonawca-jest-pruim\/#primaryimage"},"thumbnailUrl":"https:\/\/www.24gliwice.pl\/wiadomosci\/wp-content\/uploads\/2018\/01\/1-DJI_0941.jpg","datePublished":"2018-01-25T15:05:53+00:00","breadcrumb":{"@id":"https:\/\/www.24gliwice.pl\/wiadomosci\/rondo-turbinowe-przy-bojkowskiej-ma-byc-gotowe-przed-wakacjami-wykonawca-jest-pruim\/#breadcrumb"},"inLanguage":"pl-PL","potentialAction":[{"@type":"ReadAction","target":["https:\/\/www.24gliwice.pl\/wiadomosci\/rondo-turbinowe-przy-bojkowskiej-ma-byc-gotowe-przed-wakacjami-wykonawca-jest-pruim\/"]}]},{"@type":"ImageObject","inLanguage":"pl-PL","@id":"https:\/\/www.24gliwice.pl\/wiadomosci\/rondo-turbinowe-przy-bojkowskiej-ma-byc-gotowe-przed-wakacjami-wykonawca-jest-pruim\/#primaryimage","url":"https:\/\/www.24gliwice.pl\/wiadomosci\/wp-content\/uploads\/2018\/01\/1-DJI_0941.jpg","contentUrl":"https:\/\/www.24gliwice.pl\/wiadomosci\/wp-content\/uploads\/2018\/01\/1-DJI_0941.jpg","width":810,"height":457},{"@type":"BreadcrumbList","@id":"https:\/\/www.24gliwice.pl\/wiadomosci\/rondo-turbinowe-przy-bojkowskiej-ma-byc-gotowe-przed-wakacjami-wykonawca-jest-pruim\/#breadcrumb","itemListElement":[{"@type":"ListItem","position":1,"name":"Strona g\u0142\u00f3wna","item":"https:\/\/www.24gliwice.pl\/wiadomosci\/"},{"@type":"ListItem","position":2,"name":"Rondo turbinowe przy Bojkowskiej ma by\u0107 gotowe przed wakacjami. Wykonawc\u0105 jest PRUiM"}]},{"@type":"WebSite","@id":"https:\/\/www.24gliwice.pl\/wiadomosci\/#website","url":"https:\/\/www.24gliwice.pl\/wiadomosci\/","name":"24GLIWICE - Portal Gliwice | codziennie nowe wiadomo\u015bci","description":"Portal Miejski Gliwice","publisher":{"@id":"https:\/\/www.24gliwice.pl\/wiadomosci\/#organization"},"potentialAction":[{"@type":"SearchAction","target":{"@type":"EntryPoint","urlTemplate":"https:\/\/www.24gliwice.pl\/wiadomosci\/?s={search_term_string}"},"query-input":{"@type":"PropertyValueSpecification","valueRequired":true,"valueName":"search_term_string"}}],"inLanguage":"pl-PL"},{"@type":"Organization","@id":"https:\/\/www.24gliwice.pl\/wiadomosci\/#organization","name":"24gliwice","url":"https:\/\/www.24gliwice.pl\/wiadomosci\/","logo":{"@type":"ImageObject","inLanguage":"pl-PL","@id":"https:\/\/www.24gliwice.pl\/wiadomosci\/#\/schema\/logo\/image\/","url":"https:\/\/www.24gliwice.pl\/wiadomosci\/wp-content\/uploads\/2024\/10\/24gliwice-logo-696.jpg","contentUrl":"https:\/\/www.24gliwice.pl\/wiadomosci\/wp-content\/uploads\/2024\/10\/24gliwice-logo-696.jpg","width":696,"height":696,"caption":"24gliwice"},"image":{"@id":"https:\/\/www.24gliwice.pl\/wiadomosci\/#\/schema\/logo\/image\/"},"sameAs":["https:\/\/www.facebook.com\/24gliwice","https:\/\/x.com\/24gliwice","https:\/\/www.youtube.com\/@24gliwice"]},{"@type":"Person","@id":"https:\/\/www.24gliwice.pl\/wiadomosci\/#\/schema\/person\/e42c650edd7f2fa332be3811fb166b6e","name":"\u017baneta Mrozek-Siewierska","image":{"@type":"ImageObject","inLanguage":"pl-PL","@id":"https:\/\/secure.gravatar.com\/avatar\/1881429e9c64597c77ad7aef2d0a19be69a3253e57534d16aa15bf3a4d34a0a3?s=96&d=mm&r=g","url":"https:\/\/secure.gravatar.com\/avatar\/1881429e9c64597c77ad7aef2d0a19be69a3253e57534d16aa15bf3a4d34a0a3?s=96&d=mm&r=g","contentUrl":"https:\/\/secure.gravatar.com\/avatar\/1881429e9c64597c77ad7aef2d0a19be69a3253e57534d16aa15bf3a4d34a0a3?s=96&d=mm&r=g","caption":"\u017baneta Mrozek-Siewierska"},"url":"https:\/\/www.24gliwice.pl\/wiadomosci\/author\/zms\/"}]}},"_links":{"self":[{"href":"https:\/\/www.24gliwice.pl\/wiadomosci\/wp-json\/wp\/v2\/posts\/111174","targetHints":{"allow":["GET"]}}],"collection":[{"href":"https:\/\/www.24gliwice.pl\/wiadomosci\/wp-json\/wp\/v2\/posts"}],"about":[{"href":"https:\/\/www.24gliwice.pl\/wiadomosci\/wp-json\/wp\/v2\/types\/post"}],"author":[{"embeddable":true,"href":"https:\/\/www.24gliwice.pl\/wiadomosci\/wp-json\/wp\/v2\/users\/15"}],"replies":[{"embeddable":true,"href":"https:\/\/www.24gliwice.pl\/wiadomosci\/wp-json\/wp\/v2\/comments?post=111174"}],"version-history":[{"count":0,"href":"https:\/\/www.24gliwice.pl\/wiadomosci\/wp-json\/wp\/v2\/posts\/111174\/revisions"}],"wp:featuredmedia":[{"embeddable":true,"href":"https:\/\/www.24gliwice.pl\/wiadomosci\/wp-json\/wp\/v2\/media\/111282"}],"wp:attachment":[{"href":"https:\/\/www.24gliwice.pl\/wiadomosci\/wp-json\/wp\/v2\/media?parent=111174"}],"wp:term":[{"taxonomy":"category","embeddable":true,"href":"https:\/\/www.24gliwice.pl\/wiadomosci\/wp-json\/wp\/v2\/categories?post=111174"},{"taxonomy":"post_tag","embeddable":true,"href":"https:\/\/www.24gliwice.pl\/wiadomosci\/wp-json\/wp\/v2\/tags?post=111174"}],"curies":[{"name":"wp","href":"https:\/\/api.w.org\/{rel}","templated":true}]}}