{"id":111224,"date":"2018-01-25T11:00:48","date_gmt":"2018-01-25T10:00:48","guid":{"rendered":"http:\/\/www.24gliwice.pl\/wiadomosci\/?p=111224"},"modified":"2024-08-20T02:00:55","modified_gmt":"2024-08-20T00:00:55","slug":"derbowy-mecz-z-gornikiem-zabrze-przy-okrzei-20-odbedzie-sie-3-marca-jest-harmonogram-kolejek","status":"publish","type":"post","link":"https:\/\/www.24gliwice.pl\/wiadomosci\/derbowy-mecz-z-gornikiem-zabrze-przy-okrzei-20-odbedzie-sie-3-marca-jest-harmonogram-kolejek\/","title":{"rendered":"Derbowy mecz z G\u00f3rnikiem Zabrze przy Okrzei 20 odb\u0119dzie si\u0119 3 marca. Jest harmonogram kolejek"},"content":{"rendered":"<div class=\"gliwi-a6-nad-leadem-artykulow gliwi-entity-placement\" id=\"gliwi-3531634042\"><div class=\"gliwi-adlabel\"><span style=\"font-size: 9px\">REKLAMA<\/span><\/div><div id=\"gliwi-406461218\" style=\"margin-bottom: 30px;margin-left: auto;margin-right: auto;text-align: center;\"><a data-no-instant=\"1\" href=\"https:\/\/przedszkole.halogen.org.pl\/\" rel=\"noopener\" class=\"a2t-link\" target=\"_blank\" aria-label=\"20260402-ANIMATOR-przedszkole_grafika_750x200\"><img loading=\"lazy\" decoding=\"async\" src=\"https:\/\/www.24gliwice.pl\/wiadomosci\/wp-content\/uploads\/2026\/04\/20260402-ANIMATOR-przedszkole_grafika_750x200.webp\" alt=\"\"  srcset=\"https:\/\/www.24gliwice.pl\/wiadomosci\/wp-content\/uploads\/2026\/04\/20260402-ANIMATOR-przedszkole_grafika_750x200.webp 750w, https:\/\/www.24gliwice.pl\/wiadomosci\/wp-content\/uploads\/2026\/04\/20260402-ANIMATOR-przedszkole_grafika_750x200-410x109.webp 410w\" sizes=\"(max-width: 750px) 100vw, 750px\" class=\"no-lazyload\" width=\"750\" height=\"200\"  style=\"display: inline-block; max-width: 100%; height: auto;\" \/><\/a><\/div><\/div><h3>12 lutego Piast Gliwice rozpocznie rund\u0119 wiosenn\u0105. W pierwszym spotkaniu przyjmie u siebie Jagielloni\u0119 Bia\u0142ystok, kt\u00f3ra jest obecnym wicemistrzem Polski.<\/h3>\n<p>W nast\u0119pnych kolejkach Niebiesko-Czerwoni zmierz\u0105 si\u0119 w Tr\u00f3jmie\u015bcie z pomorskimi klubami i stocz\u0105 u siebie pojedynek z &#8220;Bia\u0142\u0105 Gwiazd\u0105&#8221; oraz &#8220;Tr\u00f3jkolorowymi&#8221;.<\/p>\n<p>List\u0119 termin\u00f3w mecz\u00f3w zamyka spotkanie z G\u00f3rnikiem Zabrze, kt\u00f3re zar\u00f3wno w naszym mie\u015bcie, jak i w Zabrzu budzi ogromne emocje. Poprzednie derbowe spotkanie rozegrane przez Piasta na wyje\u017adzie zako\u0144czy\u0142o si\u0119 pora\u017ck\u0105 gliwiczan. <\/p><div class=\"gliwi-a3-w-tresci-artykulow gliwi-entity-placement\" id=\"gliwi-2288356545\"><div class=\"gliwi-adlabel\"><span style=\"font-size: 9px\">REKLAMA<\/span><\/div><div id=\"gliwi-2428535192\" style=\"margin-bottom: 30px;margin-left: auto;margin-right: auto;text-align: center;\"><a data-no-instant=\"1\" href=\"https:\/\/ogrodyandersa.pl\/\" rel=\"noopener\" class=\"a2t-link\" target=\"_blank\" aria-label=\"20260415 Ogrody Andersa KUP TERAZ D\"><img loading=\"lazy\" decoding=\"async\" src=\"https:\/\/www.24gliwice.pl\/wiadomosci\/wp-content\/uploads\/2026\/04\/20260415-Ogrody-Andersa-KUP-TERAZ-D.jpg\" alt=\"\"  srcset=\"https:\/\/www.24gliwice.pl\/wiadomosci\/wp-content\/uploads\/2026\/04\/20260415-Ogrody-Andersa-KUP-TERAZ-D.jpg 750w, https:\/\/www.24gliwice.pl\/wiadomosci\/wp-content\/uploads\/2026\/04\/20260415-Ogrody-Andersa-KUP-TERAZ-D-410x109.jpg 410w\" sizes=\"(max-width: 750px) 100vw, 750px\" class=\"no-lazyload\" width=\"750\" height=\"200\"  style=\"display: inline-block; max-width: 100%; height: auto;\" \/><\/a><\/div><\/div>\n<h4>Harmonogram mecz\u00f3w<\/h4>\n<p><strong>Piast Gliwice \u2013 Jagiellonia Bia\u0142ystok<\/strong><\/p>\n<p>12.02 (poniedzia\u0142ek) 18:00<\/p>\n<p><strong>Lechia Gda\u0144sk \u2013 Piast Gliwice<\/strong><\/p>\n<p>18.02 (niedziela) 15:30<\/p>\n<p><strong>Piast Gliwice \u2013 Wis\u0142a Krak\u00f3w<\/strong><\/p>\n<p>25.02 (niedziela) 15:30<\/p>\n<p><strong>Arka Gdynia \u2013 Piast Gliwice<\/strong><\/p>\n<p>28.02 (\u015broda) 20:30<\/p>\n<p><strong>Piast Gliwice \u2013 G\u00f3rnik Zabrze<\/strong><\/p>\n<p>03.03 (sobota) 20:30<\/p>\n<p>(\u017cms)\/<a href=\"http:\/\/piastgliwice.eu\" rel=\"noopener\" target=\"_blank\">piastgliwice.eu<\/a><br \/>\nfot. arch. Piast Gliwice<\/p>\n<div class=\"gliwi-a5-na-koncu-artykulow gliwi-entity-placement\" id=\"gliwi-2339884932\"><div class=\"gliwi-adlabel\"><span style=\"font-size: 9px\">REKLAMA<\/span><\/div><div id=\"gliwi-799857181\" style=\"margin-left: auto;margin-right: auto;text-align: center;\"><a data-no-instant=\"1\" href=\"https:\/\/prezeroarenagliwice.pl\/\" rel=\"noopener\" class=\"a2t-link\" target=\"_blank\" aria-label=\"20260309-PREZERO-WIOSNA-D\"><img loading=\"lazy\" decoding=\"async\" src=\"https:\/\/www.24gliwice.pl\/wiadomosci\/wp-content\/uploads\/2026\/03\/20260309-PREZERO-WIOSNA-D.webp\" alt=\"\"  srcset=\"https:\/\/www.24gliwice.pl\/wiadomosci\/wp-content\/uploads\/2026\/03\/20260309-PREZERO-WIOSNA-D.webp 750w, https:\/\/www.24gliwice.pl\/wiadomosci\/wp-content\/uploads\/2026\/03\/20260309-PREZERO-WIOSNA-D-410x109.webp 410w\" sizes=\"(max-width: 750px) 100vw, 750px\" class=\"no-lazyload\" width=\"750\" height=\"200\"  style=\"display: inline-block; max-width: 100%; height: auto;\" \/><\/a><\/div><\/div>","protected":false},"excerpt":{"rendered":"<p>12 lutego Piast Gliwice rozpocznie rund\u0119 wiosenn\u0105. W pierwszym spotkaniu przyjmie u siebie Jagielloni\u0119 Bia\u0142ystok, kt\u00f3ra jest obecnym wicemistrzem Polski. W nast\u0119pnych kolejkach Niebiesko-Czerwoni zmierz\u0105 si\u0119 w Tr\u00f3jmie\u015bcie z pomorskimi klubami i stocz\u0105 u siebie pojedynek z &#8220;Bia\u0142\u0105 Gwiazd\u0105&#8221; oraz &#8220;Tr\u00f3jkolorowymi&#8221;. List\u0119 termin\u00f3w mecz\u00f3w zamyka spotkanie z G\u00f3rnikiem Zabrze, kt\u00f3re zar\u00f3wno w naszym mie\u015bcie, jak [&hellip;]<\/p>\n","protected":false},"author":15,"featured_media":111227,"comment_status":"open","ping_status":"closed","sticky":false,"template":"","format":"standard","meta":{"_monsterinsights_skip_tracking":false,"_monsterinsights_sitenote_active":false,"_monsterinsights_sitenote_note":"","_monsterinsights_sitenote_category":0,"footnotes":"","_links_to":"","_links_to_target":""},"categories":[3,1,23842],"tags":[10090,10091,429,74,2426],"class_list":["post-111224","post","type-post","status-publish","format-standard","has-post-thumbnail","hentry","category-gliwice","category-wszystko","category-sport_gliwice","tag-derby","tag-derby-slaska","tag-gornik-zabrze","tag-piast-gliwice","tag-piast-gornik"],"yoast_head":"<!-- This site is optimized with the Yoast SEO plugin v27.5 - https:\/\/yoast.com\/product\/yoast-seo-wordpress\/ -->\n<title>Derbowy mecz z G\u00f3rnikiem Zabrze przy Okrzei 20 odb\u0119dzie si\u0119 3 marca. Jest harmonogram kolejek - 24GLIWICE - Portal Gliwice | codziennie nowe informacje<\/title>\n<meta name=\"robots\" content=\"index, follow, max-snippet:-1, max-image-preview:large, max-video-preview:-1\" \/>\n<link rel=\"canonical\" href=\"https:\/\/www.24gliwice.pl\/wiadomosci\/derbowy-mecz-z-gornikiem-zabrze-przy-okrzei-20-odbedzie-sie-3-marca-jest-harmonogram-kolejek\/\" \/>\n<meta property=\"og:locale\" content=\"pl_PL\" \/>\n<meta property=\"og:type\" content=\"article\" \/>\n<meta property=\"og:title\" content=\"Derbowy mecz z G\u00f3rnikiem Zabrze przy Okrzei 20 odb\u0119dzie si\u0119 3 marca. Jest harmonogram kolejek - 24GLIWICE - Portal Gliwice | codziennie nowe informacje\" \/>\n<meta property=\"og:description\" content=\"12 lutego Piast Gliwice rozpocznie rund\u0119 wiosenn\u0105. W pierwszym spotkaniu przyjmie u siebie Jagielloni\u0119 Bia\u0142ystok, kt\u00f3ra jest obecnym wicemistrzem Polski. W nast\u0119pnych kolejkach Niebiesko-Czerwoni zmierz\u0105 si\u0119 w Tr\u00f3jmie\u015bcie z pomorskimi klubami i stocz\u0105 u siebie pojedynek z &#8220;Bia\u0142\u0105 Gwiazd\u0105&#8221; oraz &#8220;Tr\u00f3jkolorowymi&#8221;. List\u0119 termin\u00f3w mecz\u00f3w zamyka spotkanie z G\u00f3rnikiem Zabrze, kt\u00f3re zar\u00f3wno w naszym mie\u015bcie, jak [&hellip;]\" \/>\n<meta property=\"og:url\" content=\"https:\/\/www.24gliwice.pl\/wiadomosci\/derbowy-mecz-z-gornikiem-zabrze-przy-okrzei-20-odbedzie-sie-3-marca-jest-harmonogram-kolejek\/\" \/>\n<meta property=\"og:site_name\" content=\"24GLIWICE - Portal Gliwice | codziennie nowe informacje\" \/>\n<meta property=\"article:publisher\" content=\"https:\/\/www.facebook.com\/24gliwice\" \/>\n<meta property=\"article:published_time\" content=\"2018-01-25T10:00:48+00:00\" \/>\n<meta property=\"article:modified_time\" content=\"2024-08-20T00:00:55+00:00\" \/>\n<meta property=\"og:image\" content=\"https:\/\/www.24gliwice.pl\/wiadomosci\/wp-content\/uploads\/2018\/01\/piast-g\u00f3rnik2.jpg\" \/>\n\t<meta property=\"og:image:width\" content=\"792\" \/>\n\t<meta property=\"og:image:height\" content=\"446\" \/>\n\t<meta property=\"og:image:type\" content=\"image\/jpeg\" \/>\n<meta name=\"author\" content=\"\u017baneta Mrozek-Siewierska\" \/>\n<meta name=\"twitter:card\" content=\"summary_large_image\" \/>\n<meta name=\"twitter:creator\" content=\"@24gliwice\" \/>\n<meta name=\"twitter:site\" content=\"@24gliwice\" \/>\n<meta name=\"twitter:label1\" content=\"Napisane przez\" \/>\n\t<meta name=\"twitter:data1\" content=\"\u017baneta Mrozek-Siewierska\" \/>\n\t<meta name=\"twitter:label2\" content=\"Szacowany czas czytania\" \/>\n\t<meta name=\"twitter:data2\" content=\"1 minuta\" \/>\n<script type=\"application\/ld+json\" class=\"yoast-schema-graph\">{\"@context\":\"https:\\\/\\\/schema.org\",\"@graph\":[{\"@type\":\"Article\",\"@id\":\"https:\\\/\\\/www.24gliwice.pl\\\/wiadomosci\\\/derbowy-mecz-z-gornikiem-zabrze-przy-okrzei-20-odbedzie-sie-3-marca-jest-harmonogram-kolejek\\\/#article\",\"isPartOf\":{\"@id\":\"https:\\\/\\\/www.24gliwice.pl\\\/wiadomosci\\\/derbowy-mecz-z-gornikiem-zabrze-przy-okrzei-20-odbedzie-sie-3-marca-jest-harmonogram-kolejek\\\/\"},\"author\":{\"name\":\"\u017baneta Mrozek-Siewierska\",\"@id\":\"https:\\\/\\\/www.24gliwice.pl\\\/wiadomosci\\\/#\\\/schema\\\/person\\\/e42c650edd7f2fa332be3811fb166b6e\"},\"headline\":\"Derbowy mecz z G\u00f3rnikiem Zabrze przy Okrzei 20 odb\u0119dzie si\u0119 3 marca. Jest harmonogram kolejek\",\"datePublished\":\"2018-01-25T10:00:48+00:00\",\"dateModified\":\"2024-08-20T00:00:55+00:00\",\"mainEntityOfPage\":{\"@id\":\"https:\\\/\\\/www.24gliwice.pl\\\/wiadomosci\\\/derbowy-mecz-z-gornikiem-zabrze-przy-okrzei-20-odbedzie-sie-3-marca-jest-harmonogram-kolejek\\\/\"},\"wordCount\":144,\"commentCount\":0,\"publisher\":{\"@id\":\"https:\\\/\\\/www.24gliwice.pl\\\/wiadomosci\\\/#organization\"},\"image\":{\"@id\":\"https:\\\/\\\/www.24gliwice.pl\\\/wiadomosci\\\/derbowy-mecz-z-gornikiem-zabrze-przy-okrzei-20-odbedzie-sie-3-marca-jest-harmonogram-kolejek\\\/#primaryimage\"},\"thumbnailUrl\":\"https:\\\/\\\/www.24gliwice.pl\\\/wiadomosci\\\/wp-content\\\/uploads\\\/2018\\\/01\\\/piast-g\u00f3rnik2.jpg\",\"keywords\":[\"DERBY\",\"DERBY \u015aL\u0104SKA\",\"G\u00d3RNIK ZABRZE\",\"PIAST GLIWICE\",\"PIAST G\u00d3RNIK\"],\"articleSection\":[\"Gliwice\",\"Najnowsze wiadomo\u015bci\",\"Sport\"],\"inLanguage\":\"pl-PL\",\"potentialAction\":[{\"@type\":\"CommentAction\",\"name\":\"Comment\",\"target\":[\"https:\\\/\\\/www.24gliwice.pl\\\/wiadomosci\\\/derbowy-mecz-z-gornikiem-zabrze-przy-okrzei-20-odbedzie-sie-3-marca-jest-harmonogram-kolejek\\\/#respond\"]}]},{\"@type\":\"WebPage\",\"@id\":\"https:\\\/\\\/www.24gliwice.pl\\\/wiadomosci\\\/derbowy-mecz-z-gornikiem-zabrze-przy-okrzei-20-odbedzie-sie-3-marca-jest-harmonogram-kolejek\\\/\",\"url\":\"https:\\\/\\\/www.24gliwice.pl\\\/wiadomosci\\\/derbowy-mecz-z-gornikiem-zabrze-przy-okrzei-20-odbedzie-sie-3-marca-jest-harmonogram-kolejek\\\/\",\"name\":\"Derbowy mecz z G\u00f3rnikiem Zabrze przy Okrzei 20 odb\u0119dzie si\u0119 3 marca. Jest harmonogram kolejek - 24GLIWICE - Portal Gliwice | codziennie nowe informacje\",\"isPartOf\":{\"@id\":\"https:\\\/\\\/www.24gliwice.pl\\\/wiadomosci\\\/#website\"},\"primaryImageOfPage\":{\"@id\":\"https:\\\/\\\/www.24gliwice.pl\\\/wiadomosci\\\/derbowy-mecz-z-gornikiem-zabrze-przy-okrzei-20-odbedzie-sie-3-marca-jest-harmonogram-kolejek\\\/#primaryimage\"},\"image\":{\"@id\":\"https:\\\/\\\/www.24gliwice.pl\\\/wiadomosci\\\/derbowy-mecz-z-gornikiem-zabrze-przy-okrzei-20-odbedzie-sie-3-marca-jest-harmonogram-kolejek\\\/#primaryimage\"},\"thumbnailUrl\":\"https:\\\/\\\/www.24gliwice.pl\\\/wiadomosci\\\/wp-content\\\/uploads\\\/2018\\\/01\\\/piast-g\u00f3rnik2.jpg\",\"datePublished\":\"2018-01-25T10:00:48+00:00\",\"dateModified\":\"2024-08-20T00:00:55+00:00\",\"breadcrumb\":{\"@id\":\"https:\\\/\\\/www.24gliwice.pl\\\/wiadomosci\\\/derbowy-mecz-z-gornikiem-zabrze-przy-okrzei-20-odbedzie-sie-3-marca-jest-harmonogram-kolejek\\\/#breadcrumb\"},\"inLanguage\":\"pl-PL\",\"potentialAction\":[{\"@type\":\"ReadAction\",\"target\":[\"https:\\\/\\\/www.24gliwice.pl\\\/wiadomosci\\\/derbowy-mecz-z-gornikiem-zabrze-przy-okrzei-20-odbedzie-sie-3-marca-jest-harmonogram-kolejek\\\/\"]}]},{\"@type\":\"ImageObject\",\"inLanguage\":\"pl-PL\",\"@id\":\"https:\\\/\\\/www.24gliwice.pl\\\/wiadomosci\\\/derbowy-mecz-z-gornikiem-zabrze-przy-okrzei-20-odbedzie-sie-3-marca-jest-harmonogram-kolejek\\\/#primaryimage\",\"url\":\"https:\\\/\\\/www.24gliwice.pl\\\/wiadomosci\\\/wp-content\\\/uploads\\\/2018\\\/01\\\/piast-g\u00f3rnik2.jpg\",\"contentUrl\":\"https:\\\/\\\/www.24gliwice.pl\\\/wiadomosci\\\/wp-content\\\/uploads\\\/2018\\\/01\\\/piast-g\u00f3rnik2.jpg\",\"width\":792,\"height\":446},{\"@type\":\"BreadcrumbList\",\"@id\":\"https:\\\/\\\/www.24gliwice.pl\\\/wiadomosci\\\/derbowy-mecz-z-gornikiem-zabrze-przy-okrzei-20-odbedzie-sie-3-marca-jest-harmonogram-kolejek\\\/#breadcrumb\",\"itemListElement\":[{\"@type\":\"ListItem\",\"position\":1,\"name\":\"Strona g\u0142\u00f3wna\",\"item\":\"https:\\\/\\\/www.24gliwice.pl\\\/wiadomosci\\\/\"},{\"@type\":\"ListItem\",\"position\":2,\"name\":\"Derbowy mecz z G\u00f3rnikiem Zabrze przy Okrzei 20 odb\u0119dzie si\u0119 3 marca. Jest harmonogram kolejek\"}]},{\"@type\":\"WebSite\",\"@id\":\"https:\\\/\\\/www.24gliwice.pl\\\/wiadomosci\\\/#website\",\"url\":\"https:\\\/\\\/www.24gliwice.pl\\\/wiadomosci\\\/\",\"name\":\"24GLIWICE - Portal Gliwice | codziennie nowe wiadomo\u015bci\",\"description\":\"Portal Miejski Gliwice\",\"publisher\":{\"@id\":\"https:\\\/\\\/www.24gliwice.pl\\\/wiadomosci\\\/#organization\"},\"potentialAction\":[{\"@type\":\"SearchAction\",\"target\":{\"@type\":\"EntryPoint\",\"urlTemplate\":\"https:\\\/\\\/www.24gliwice.pl\\\/wiadomosci\\\/?s={search_term_string}\"},\"query-input\":{\"@type\":\"PropertyValueSpecification\",\"valueRequired\":true,\"valueName\":\"search_term_string\"}}],\"inLanguage\":\"pl-PL\"},{\"@type\":\"Organization\",\"@id\":\"https:\\\/\\\/www.24gliwice.pl\\\/wiadomosci\\\/#organization\",\"name\":\"24gliwice\",\"url\":\"https:\\\/\\\/www.24gliwice.pl\\\/wiadomosci\\\/\",\"logo\":{\"@type\":\"ImageObject\",\"inLanguage\":\"pl-PL\",\"@id\":\"https:\\\/\\\/www.24gliwice.pl\\\/wiadomosci\\\/#\\\/schema\\\/logo\\\/image\\\/\",\"url\":\"https:\\\/\\\/www.24gliwice.pl\\\/wiadomosci\\\/wp-content\\\/uploads\\\/2024\\\/10\\\/24gliwice-logo-696.jpg\",\"contentUrl\":\"https:\\\/\\\/www.24gliwice.pl\\\/wiadomosci\\\/wp-content\\\/uploads\\\/2024\\\/10\\\/24gliwice-logo-696.jpg\",\"width\":696,\"height\":696,\"caption\":\"24gliwice\"},\"image\":{\"@id\":\"https:\\\/\\\/www.24gliwice.pl\\\/wiadomosci\\\/#\\\/schema\\\/logo\\\/image\\\/\"},\"sameAs\":[\"https:\\\/\\\/www.facebook.com\\\/24gliwice\",\"https:\\\/\\\/x.com\\\/24gliwice\",\"https:\\\/\\\/www.youtube.com\\\/@24gliwice\"]},{\"@type\":\"Person\",\"@id\":\"https:\\\/\\\/www.24gliwice.pl\\\/wiadomosci\\\/#\\\/schema\\\/person\\\/e42c650edd7f2fa332be3811fb166b6e\",\"name\":\"\u017baneta Mrozek-Siewierska\",\"image\":{\"@type\":\"ImageObject\",\"inLanguage\":\"pl-PL\",\"@id\":\"https:\\\/\\\/secure.gravatar.com\\\/avatar\\\/1881429e9c64597c77ad7aef2d0a19be69a3253e57534d16aa15bf3a4d34a0a3?s=96&d=mm&r=g\",\"url\":\"https:\\\/\\\/secure.gravatar.com\\\/avatar\\\/1881429e9c64597c77ad7aef2d0a19be69a3253e57534d16aa15bf3a4d34a0a3?s=96&d=mm&r=g\",\"contentUrl\":\"https:\\\/\\\/secure.gravatar.com\\\/avatar\\\/1881429e9c64597c77ad7aef2d0a19be69a3253e57534d16aa15bf3a4d34a0a3?s=96&d=mm&r=g\",\"caption\":\"\u017baneta Mrozek-Siewierska\"},\"url\":\"https:\\\/\\\/www.24gliwice.pl\\\/wiadomosci\\\/author\\\/zms\\\/\"}]}<\/script>\n<!-- \/ Yoast SEO plugin. -->","yoast_head_json":{"title":"Derbowy mecz z G\u00f3rnikiem Zabrze przy Okrzei 20 odb\u0119dzie si\u0119 3 marca. Jest harmonogram kolejek - 24GLIWICE - Portal Gliwice | codziennie nowe informacje","robots":{"index":"index","follow":"follow","max-snippet":"max-snippet:-1","max-image-preview":"max-image-preview:large","max-video-preview":"max-video-preview:-1"},"canonical":"https:\/\/www.24gliwice.pl\/wiadomosci\/derbowy-mecz-z-gornikiem-zabrze-przy-okrzei-20-odbedzie-sie-3-marca-jest-harmonogram-kolejek\/","og_locale":"pl_PL","og_type":"article","og_title":"Derbowy mecz z G\u00f3rnikiem Zabrze przy Okrzei 20 odb\u0119dzie si\u0119 3 marca. Jest harmonogram kolejek - 24GLIWICE - Portal Gliwice | codziennie nowe informacje","og_description":"12 lutego Piast Gliwice rozpocznie rund\u0119 wiosenn\u0105. W pierwszym spotkaniu przyjmie u siebie Jagielloni\u0119 Bia\u0142ystok, kt\u00f3ra jest obecnym wicemistrzem Polski. W nast\u0119pnych kolejkach Niebiesko-Czerwoni zmierz\u0105 si\u0119 w Tr\u00f3jmie\u015bcie z pomorskimi klubami i stocz\u0105 u siebie pojedynek z &#8220;Bia\u0142\u0105 Gwiazd\u0105&#8221; oraz &#8220;Tr\u00f3jkolorowymi&#8221;. List\u0119 termin\u00f3w mecz\u00f3w zamyka spotkanie z G\u00f3rnikiem Zabrze, kt\u00f3re zar\u00f3wno w naszym mie\u015bcie, jak [&hellip;]","og_url":"https:\/\/www.24gliwice.pl\/wiadomosci\/derbowy-mecz-z-gornikiem-zabrze-przy-okrzei-20-odbedzie-sie-3-marca-jest-harmonogram-kolejek\/","og_site_name":"24GLIWICE - Portal Gliwice | codziennie nowe informacje","article_publisher":"https:\/\/www.facebook.com\/24gliwice","article_published_time":"2018-01-25T10:00:48+00:00","article_modified_time":"2024-08-20T00:00:55+00:00","og_image":[{"width":792,"height":446,"url":"https:\/\/www.24gliwice.pl\/wiadomosci\/wp-content\/uploads\/2018\/01\/piast-g\u00f3rnik2.jpg","type":"image\/jpeg"}],"author":"\u017baneta Mrozek-Siewierska","twitter_card":"summary_large_image","twitter_creator":"@24gliwice","twitter_site":"@24gliwice","twitter_misc":{"Napisane przez":"\u017baneta Mrozek-Siewierska","Szacowany czas czytania":"1 minuta"},"schema":{"@context":"https:\/\/schema.org","@graph":[{"@type":"Article","@id":"https:\/\/www.24gliwice.pl\/wiadomosci\/derbowy-mecz-z-gornikiem-zabrze-przy-okrzei-20-odbedzie-sie-3-marca-jest-harmonogram-kolejek\/#article","isPartOf":{"@id":"https:\/\/www.24gliwice.pl\/wiadomosci\/derbowy-mecz-z-gornikiem-zabrze-przy-okrzei-20-odbedzie-sie-3-marca-jest-harmonogram-kolejek\/"},"author":{"name":"\u017baneta Mrozek-Siewierska","@id":"https:\/\/www.24gliwice.pl\/wiadomosci\/#\/schema\/person\/e42c650edd7f2fa332be3811fb166b6e"},"headline":"Derbowy mecz z G\u00f3rnikiem Zabrze przy Okrzei 20 odb\u0119dzie si\u0119 3 marca. Jest harmonogram kolejek","datePublished":"2018-01-25T10:00:48+00:00","dateModified":"2024-08-20T00:00:55+00:00","mainEntityOfPage":{"@id":"https:\/\/www.24gliwice.pl\/wiadomosci\/derbowy-mecz-z-gornikiem-zabrze-przy-okrzei-20-odbedzie-sie-3-marca-jest-harmonogram-kolejek\/"},"wordCount":144,"commentCount":0,"publisher":{"@id":"https:\/\/www.24gliwice.pl\/wiadomosci\/#organization"},"image":{"@id":"https:\/\/www.24gliwice.pl\/wiadomosci\/derbowy-mecz-z-gornikiem-zabrze-przy-okrzei-20-odbedzie-sie-3-marca-jest-harmonogram-kolejek\/#primaryimage"},"thumbnailUrl":"https:\/\/www.24gliwice.pl\/wiadomosci\/wp-content\/uploads\/2018\/01\/piast-g\u00f3rnik2.jpg","keywords":["DERBY","DERBY \u015aL\u0104SKA","G\u00d3RNIK ZABRZE","PIAST GLIWICE","PIAST G\u00d3RNIK"],"articleSection":["Gliwice","Najnowsze wiadomo\u015bci","Sport"],"inLanguage":"pl-PL","potentialAction":[{"@type":"CommentAction","name":"Comment","target":["https:\/\/www.24gliwice.pl\/wiadomosci\/derbowy-mecz-z-gornikiem-zabrze-przy-okrzei-20-odbedzie-sie-3-marca-jest-harmonogram-kolejek\/#respond"]}]},{"@type":"WebPage","@id":"https:\/\/www.24gliwice.pl\/wiadomosci\/derbowy-mecz-z-gornikiem-zabrze-przy-okrzei-20-odbedzie-sie-3-marca-jest-harmonogram-kolejek\/","url":"https:\/\/www.24gliwice.pl\/wiadomosci\/derbowy-mecz-z-gornikiem-zabrze-przy-okrzei-20-odbedzie-sie-3-marca-jest-harmonogram-kolejek\/","name":"Derbowy mecz z G\u00f3rnikiem Zabrze przy Okrzei 20 odb\u0119dzie si\u0119 3 marca. Jest harmonogram kolejek - 24GLIWICE - Portal Gliwice | codziennie nowe informacje","isPartOf":{"@id":"https:\/\/www.24gliwice.pl\/wiadomosci\/#website"},"primaryImageOfPage":{"@id":"https:\/\/www.24gliwice.pl\/wiadomosci\/derbowy-mecz-z-gornikiem-zabrze-przy-okrzei-20-odbedzie-sie-3-marca-jest-harmonogram-kolejek\/#primaryimage"},"image":{"@id":"https:\/\/www.24gliwice.pl\/wiadomosci\/derbowy-mecz-z-gornikiem-zabrze-przy-okrzei-20-odbedzie-sie-3-marca-jest-harmonogram-kolejek\/#primaryimage"},"thumbnailUrl":"https:\/\/www.24gliwice.pl\/wiadomosci\/wp-content\/uploads\/2018\/01\/piast-g\u00f3rnik2.jpg","datePublished":"2018-01-25T10:00:48+00:00","dateModified":"2024-08-20T00:00:55+00:00","breadcrumb":{"@id":"https:\/\/www.24gliwice.pl\/wiadomosci\/derbowy-mecz-z-gornikiem-zabrze-przy-okrzei-20-odbedzie-sie-3-marca-jest-harmonogram-kolejek\/#breadcrumb"},"inLanguage":"pl-PL","potentialAction":[{"@type":"ReadAction","target":["https:\/\/www.24gliwice.pl\/wiadomosci\/derbowy-mecz-z-gornikiem-zabrze-przy-okrzei-20-odbedzie-sie-3-marca-jest-harmonogram-kolejek\/"]}]},{"@type":"ImageObject","inLanguage":"pl-PL","@id":"https:\/\/www.24gliwice.pl\/wiadomosci\/derbowy-mecz-z-gornikiem-zabrze-przy-okrzei-20-odbedzie-sie-3-marca-jest-harmonogram-kolejek\/#primaryimage","url":"https:\/\/www.24gliwice.pl\/wiadomosci\/wp-content\/uploads\/2018\/01\/piast-g\u00f3rnik2.jpg","contentUrl":"https:\/\/www.24gliwice.pl\/wiadomosci\/wp-content\/uploads\/2018\/01\/piast-g\u00f3rnik2.jpg","width":792,"height":446},{"@type":"BreadcrumbList","@id":"https:\/\/www.24gliwice.pl\/wiadomosci\/derbowy-mecz-z-gornikiem-zabrze-przy-okrzei-20-odbedzie-sie-3-marca-jest-harmonogram-kolejek\/#breadcrumb","itemListElement":[{"@type":"ListItem","position":1,"name":"Strona g\u0142\u00f3wna","item":"https:\/\/www.24gliwice.pl\/wiadomosci\/"},{"@type":"ListItem","position":2,"name":"Derbowy mecz z G\u00f3rnikiem Zabrze przy Okrzei 20 odb\u0119dzie si\u0119 3 marca. Jest harmonogram kolejek"}]},{"@type":"WebSite","@id":"https:\/\/www.24gliwice.pl\/wiadomosci\/#website","url":"https:\/\/www.24gliwice.pl\/wiadomosci\/","name":"24GLIWICE - Portal Gliwice | codziennie nowe wiadomo\u015bci","description":"Portal Miejski Gliwice","publisher":{"@id":"https:\/\/www.24gliwice.pl\/wiadomosci\/#organization"},"potentialAction":[{"@type":"SearchAction","target":{"@type":"EntryPoint","urlTemplate":"https:\/\/www.24gliwice.pl\/wiadomosci\/?s={search_term_string}"},"query-input":{"@type":"PropertyValueSpecification","valueRequired":true,"valueName":"search_term_string"}}],"inLanguage":"pl-PL"},{"@type":"Organization","@id":"https:\/\/www.24gliwice.pl\/wiadomosci\/#organization","name":"24gliwice","url":"https:\/\/www.24gliwice.pl\/wiadomosci\/","logo":{"@type":"ImageObject","inLanguage":"pl-PL","@id":"https:\/\/www.24gliwice.pl\/wiadomosci\/#\/schema\/logo\/image\/","url":"https:\/\/www.24gliwice.pl\/wiadomosci\/wp-content\/uploads\/2024\/10\/24gliwice-logo-696.jpg","contentUrl":"https:\/\/www.24gliwice.pl\/wiadomosci\/wp-content\/uploads\/2024\/10\/24gliwice-logo-696.jpg","width":696,"height":696,"caption":"24gliwice"},"image":{"@id":"https:\/\/www.24gliwice.pl\/wiadomosci\/#\/schema\/logo\/image\/"},"sameAs":["https:\/\/www.facebook.com\/24gliwice","https:\/\/x.com\/24gliwice","https:\/\/www.youtube.com\/@24gliwice"]},{"@type":"Person","@id":"https:\/\/www.24gliwice.pl\/wiadomosci\/#\/schema\/person\/e42c650edd7f2fa332be3811fb166b6e","name":"\u017baneta Mrozek-Siewierska","image":{"@type":"ImageObject","inLanguage":"pl-PL","@id":"https:\/\/secure.gravatar.com\/avatar\/1881429e9c64597c77ad7aef2d0a19be69a3253e57534d16aa15bf3a4d34a0a3?s=96&d=mm&r=g","url":"https:\/\/secure.gravatar.com\/avatar\/1881429e9c64597c77ad7aef2d0a19be69a3253e57534d16aa15bf3a4d34a0a3?s=96&d=mm&r=g","contentUrl":"https:\/\/secure.gravatar.com\/avatar\/1881429e9c64597c77ad7aef2d0a19be69a3253e57534d16aa15bf3a4d34a0a3?s=96&d=mm&r=g","caption":"\u017baneta Mrozek-Siewierska"},"url":"https:\/\/www.24gliwice.pl\/wiadomosci\/author\/zms\/"}]}},"_links":{"self":[{"href":"https:\/\/www.24gliwice.pl\/wiadomosci\/wp-json\/wp\/v2\/posts\/111224","targetHints":{"allow":["GET"]}}],"collection":[{"href":"https:\/\/www.24gliwice.pl\/wiadomosci\/wp-json\/wp\/v2\/posts"}],"about":[{"href":"https:\/\/www.24gliwice.pl\/wiadomosci\/wp-json\/wp\/v2\/types\/post"}],"author":[{"embeddable":true,"href":"https:\/\/www.24gliwice.pl\/wiadomosci\/wp-json\/wp\/v2\/users\/15"}],"replies":[{"embeddable":true,"href":"https:\/\/www.24gliwice.pl\/wiadomosci\/wp-json\/wp\/v2\/comments?post=111224"}],"version-history":[{"count":0,"href":"https:\/\/www.24gliwice.pl\/wiadomosci\/wp-json\/wp\/v2\/posts\/111224\/revisions"}],"wp:featuredmedia":[{"embeddable":true,"href":"https:\/\/www.24gliwice.pl\/wiadomosci\/wp-json\/wp\/v2\/media\/111227"}],"wp:attachment":[{"href":"https:\/\/www.24gliwice.pl\/wiadomosci\/wp-json\/wp\/v2\/media?parent=111224"}],"wp:term":[{"taxonomy":"category","embeddable":true,"href":"https:\/\/www.24gliwice.pl\/wiadomosci\/wp-json\/wp\/v2\/categories?post=111224"},{"taxonomy":"post_tag","embeddable":true,"href":"https:\/\/www.24gliwice.pl\/wiadomosci\/wp-json\/wp\/v2\/tags?post=111224"}],"curies":[{"name":"wp","href":"https:\/\/api.w.org\/{rel}","templated":true}]}}