{"id":111574,"date":"2018-02-26T10:17:22","date_gmt":"2018-02-26T09:17:22","guid":{"rendered":"http:\/\/www.24gliwice.pl\/wiadomosci\/?p=111574"},"modified":"2018-02-26T02:29:41","modified_gmt":"2018-02-26T01:29:41","slug":"to-bedzie-wyjatkowa-przestrzen-biurowa-w-projekcie-przewidziano-az-200-roslin","status":"publish","type":"post","link":"https:\/\/www.24gliwice.pl\/wiadomosci\/to-bedzie-wyjatkowa-przestrzen-biurowa-w-projekcie-przewidziano-az-200-roslin\/","title":{"rendered":"To b\u0119dzie wyj\u0105tkowa przestrze\u0144 biurowa. W projekcie przewidziano a\u017c 200 ro\u015blin"},"content":{"rendered":"<div class=\"gliwi-a6-nad-leadem-artykulow gliwi-entity-placement\" id=\"gliwi-2703184932\"><div class=\"gliwi-adlabel\"><span style=\"font-size: 9px\">REKLAMA<\/span><\/div><div id=\"gliwi-1632842042\" style=\"margin-bottom: 25px;margin-left: auto;margin-right: auto;text-align: center;\"><a data-no-instant=\"1\" href=\"https:\/\/dom100.eu\/\" rel=\"noopener\" class=\"a2t-link\" target=\"_blank\" aria-label=\"20260415 DOM100 D\"><img loading=\"lazy\" decoding=\"async\" src=\"https:\/\/www.24gliwice.pl\/wiadomosci\/wp-content\/uploads\/2026\/04\/20260415-DOM100-D.jpg\" alt=\"\"  srcset=\"https:\/\/www.24gliwice.pl\/wiadomosci\/wp-content\/uploads\/2026\/04\/20260415-DOM100-D.jpg 750w, https:\/\/www.24gliwice.pl\/wiadomosci\/wp-content\/uploads\/2026\/04\/20260415-DOM100-D-410x109.jpg 410w\" sizes=\"(max-width: 750px) 100vw, 750px\" class=\"no-lazyload\" width=\"750\" height=\"200\"  style=\"display: inline-block; max-width: 100%; height: auto;\" \/><\/a><\/div><\/div><h3>Firma Zalewski Architecture Group opublikowa\u0142a kolejny raport z modernizacji budynku dawnej poczty. Tematem tej ods\u0142ony jest ro\u015blinno\u015b\u0107, jaka docelowo ma znale\u017a\u0107 si\u0119 w pomieszczeniach The Software House.<\/h3>\n<p>Powierzchnie biurowe zlokalizowane na pierwszym pi\u0119trze dawnej siedziby Poczty Polskiej s\u0105 wsp\u00f3\u0142czesn\u0105 odpowiedzi\u0105 na open space &#8211; przestrze\u0144 jest niby otwarta, ale podzielona ekologicznymi \u015bciankami ze sklejki na mniejsze aneksy, kt\u00f3re zapewniaj\u0105 skupienie i spok\u00f3j w pracy. Ekologiczny design jest tu wa\u017cnym czynnikiem. <\/p>\n<blockquote><p>Zgodnie z badaniami materia\u0142y, takie jak drewno i we\u0142na, dzia\u0142aj\u0105 jak bufor redukuj\u0105cy stres i maj\u0105 pozytywny wp\u0142yw na samopoczucie pracownik\u00f3w <\/p><\/blockquote>\n<p>&#8211; pisz\u0105 na stronie internetowej<strong> architekci <\/strong>z firmy Zalewski Architecture Group. <\/p><div class=\"gliwi-a3-w-tresci-artykulow gliwi-entity-placement\" id=\"gliwi-1554492899\"><div class=\"gliwi-adlabel\"><span style=\"font-size: 9px\">REKLAMA<\/span><\/div><div id=\"gliwi-3506749202\" style=\"margin-bottom: 30px;margin-left: auto;margin-right: auto;text-align: center;\"><a data-no-instant=\"1\" href=\"https:\/\/ogrodyandersa.pl\/\" rel=\"noopener\" class=\"a2t-link\" target=\"_blank\" aria-label=\"20260415 Ogrody Andersa KUP TERAZ D\"><img loading=\"lazy\" decoding=\"async\" src=\"https:\/\/www.24gliwice.pl\/wiadomosci\/wp-content\/uploads\/2026\/04\/20260415-Ogrody-Andersa-KUP-TERAZ-D.jpg\" alt=\"\"  srcset=\"https:\/\/www.24gliwice.pl\/wiadomosci\/wp-content\/uploads\/2026\/04\/20260415-Ogrody-Andersa-KUP-TERAZ-D.jpg 750w, https:\/\/www.24gliwice.pl\/wiadomosci\/wp-content\/uploads\/2026\/04\/20260415-Ogrody-Andersa-KUP-TERAZ-D-410x109.jpg 410w\" sizes=\"(max-width: 750px) 100vw, 750px\" class=\"no-lazyload\" width=\"750\" height=\"200\"  style=\"display: inline-block; max-width: 100%; height: auto;\" \/><\/a><\/div><\/div>\n<p><iframe loading=\"lazy\" width=\"810\" height=\"455\" src=\"https:\/\/www.youtube.com\/embed\/USwb0fys70o\" frameborder=\"0\" allow=\"autoplay; encrypted-media\" allowfullscreen><\/iframe><\/p>\n<p>Nie tylko meble s\u0105 ekologiczne. Motywem wiod\u0105cym jest \u017cywa ziele\u0144, kt\u00f3ra wyst\u0119puje tu na ka\u017cdym kroku. S\u0105 tu ro\u015bliny wkomponowane w rega\u0142y, pn\u0105ce si\u0119 po \u015bcianach, wisz\u0105ce na specjalnych podestach nad g\u0142owami. To celowy zabieg maj\u0105cy poprawi\u0107 nie tylko estetyk\u0119, ale tak\u017ce klimat wn\u0119trz. <\/p>\n<p>&#8211; Ro\u015bliny s\u0105 tu traktowane na r\u00f3wni z wentylacj\u0105 i klimatyzacj\u0105 &#8211; poprawiaj\u0105 wilgotno\u015b\u0107, reguluj\u0105 temperatur\u0119 i produkuj\u0105 tlen &#8211; podkre\u015blaj\u0105 architekci. <\/p>\n<p>wiz. Zalewski Architecture Group<\/p>\n<div class=\"gliwi-a5-na-koncu-artykulow gliwi-entity-placement\" id=\"gliwi-4259981697\"><div class=\"gliwi-adlabel\"><span style=\"font-size: 9px\">REKLAMA<\/span><\/div><div id=\"gliwi-4122862139\" style=\"margin-left: auto;margin-right: auto;text-align: center;\"><a data-no-instant=\"1\" href=\"https:\/\/www.jasek.pl\/\" rel=\"noopener\" class=\"a2t-link\" target=\"_blank\" aria-label=\"20200401-jasek 600\"><img loading=\"lazy\" decoding=\"async\" src=\"https:\/\/www.24gliwice.pl\/wiadomosci\/wp-content\/uploads\/2020\/04\/20200401-jasek-600.jpg\" alt=\"\"  srcset=\"https:\/\/www.24gliwice.pl\/wiadomosci\/wp-content\/uploads\/2020\/04\/20200401-jasek-600.jpg 600w, https:\/\/www.24gliwice.pl\/wiadomosci\/wp-content\/uploads\/2020\/04\/20200401-jasek-600-410x109.jpg 410w\" sizes=\"(max-width: 600px) 100vw, 600px\" class=\"no-lazyload\" width=\"600\" height=\"160\"  style=\"display: inline-block; max-width: 100%; height: auto;\" \/><\/a><\/div><\/div>","protected":false},"excerpt":{"rendered":"<p>Firma Zalewski Architecture Group opublikowa\u0142a kolejny raport z modernizacji budynku dawnej poczty. Tematem tej ods\u0142ony jest ro\u015blinno\u015b\u0107, jaka docelowo ma znale\u017a\u0107 si\u0119 w pomieszczeniach The Software House. Powierzchnie biurowe zlokalizowane na pierwszym pi\u0119trze dawnej siedziby Poczty Polskiej s\u0105 wsp\u00f3\u0142czesn\u0105 odpowiedzi\u0105 na open space &#8211; przestrze\u0144 jest niby otwarta, ale podzielona ekologicznymi \u015bciankami ze sklejki na [&hellip;]<\/p>\n","protected":false},"author":15,"featured_media":111601,"comment_status":"open","ping_status":"closed","sticky":false,"template":"","format":"standard","meta":{"_monsterinsights_skip_tracking":false,"_monsterinsights_sitenote_active":false,"_monsterinsights_sitenote_note":"","_monsterinsights_sitenote_category":0,"footnotes":"","_links_to":"","_links_to_target":""},"categories":[3,1],"tags":[8747,7552,10819,11088,10818],"class_list":["post-111574","post","type-post","status-publish","format-standard","has-post-thumbnail","hentry","category-gliwice","category-wszystko","tag-dolnych-walow","tag-poczta-polska","tag-the-software-house","tag-zalewski","tag-zalewski-architecture-group"],"yoast_head":"<!-- This site is optimized with the Yoast SEO plugin v27.5 - https:\/\/yoast.com\/product\/yoast-seo-wordpress\/ -->\n<title>To b\u0119dzie wyj\u0105tkowa przestrze\u0144 biurowa. W projekcie przewidziano a\u017c 200 ro\u015blin - 24GLIWICE - Portal Gliwice | codziennie nowe informacje<\/title>\n<meta name=\"robots\" content=\"index, follow, max-snippet:-1, max-image-preview:large, max-video-preview:-1\" \/>\n<link rel=\"canonical\" href=\"https:\/\/www.24gliwice.pl\/wiadomosci\/to-bedzie-wyjatkowa-przestrzen-biurowa-w-projekcie-przewidziano-az-200-roslin\/\" \/>\n<meta property=\"og:locale\" content=\"pl_PL\" \/>\n<meta property=\"og:type\" content=\"article\" \/>\n<meta property=\"og:title\" content=\"To b\u0119dzie wyj\u0105tkowa przestrze\u0144 biurowa. W projekcie przewidziano a\u017c 200 ro\u015blin - 24GLIWICE - Portal Gliwice | codziennie nowe informacje\" \/>\n<meta property=\"og:description\" content=\"Firma Zalewski Architecture Group opublikowa\u0142a kolejny raport z modernizacji budynku dawnej poczty. Tematem tej ods\u0142ony jest ro\u015blinno\u015b\u0107, jaka docelowo ma znale\u017a\u0107 si\u0119 w pomieszczeniach The Software House. Powierzchnie biurowe zlokalizowane na pierwszym pi\u0119trze dawnej siedziby Poczty Polskiej s\u0105 wsp\u00f3\u0142czesn\u0105 odpowiedzi\u0105 na open space &#8211; przestrze\u0144 jest niby otwarta, ale podzielona ekologicznymi \u015bciankami ze sklejki na [&hellip;]\" \/>\n<meta property=\"og:url\" content=\"https:\/\/www.24gliwice.pl\/wiadomosci\/to-bedzie-wyjatkowa-przestrzen-biurowa-w-projekcie-przewidziano-az-200-roslin\/\" \/>\n<meta property=\"og:site_name\" content=\"24GLIWICE - Portal Gliwice | codziennie nowe informacje\" \/>\n<meta property=\"article:publisher\" content=\"https:\/\/www.facebook.com\/24gliwice\" \/>\n<meta property=\"article:published_time\" content=\"2018-02-26T09:17:22+00:00\" \/>\n<meta property=\"og:image\" content=\"https:\/\/www.24gliwice.pl\/wiadomosci\/wp-content\/uploads\/2018\/01\/ziele\u0144-poczta.jpg\" \/>\n\t<meta property=\"og:image:width\" content=\"1000\" \/>\n\t<meta property=\"og:image:height\" content=\"562\" \/>\n\t<meta property=\"og:image:type\" content=\"image\/jpeg\" \/>\n<meta name=\"author\" content=\"\u017baneta Mrozek-Siewierska\" \/>\n<meta name=\"twitter:card\" content=\"summary_large_image\" \/>\n<meta name=\"twitter:creator\" content=\"@24gliwice\" \/>\n<meta name=\"twitter:site\" content=\"@24gliwice\" \/>\n<meta name=\"twitter:label1\" content=\"Napisane przez\" \/>\n\t<meta name=\"twitter:data1\" content=\"\u017baneta Mrozek-Siewierska\" \/>\n\t<meta name=\"twitter:label2\" content=\"Szacowany czas czytania\" \/>\n\t<meta name=\"twitter:data2\" content=\"1 minuta\" \/>\n<script type=\"application\/ld+json\" class=\"yoast-schema-graph\">{\"@context\":\"https:\\\/\\\/schema.org\",\"@graph\":[{\"@type\":\"Article\",\"@id\":\"https:\\\/\\\/www.24gliwice.pl\\\/wiadomosci\\\/to-bedzie-wyjatkowa-przestrzen-biurowa-w-projekcie-przewidziano-az-200-roslin\\\/#article\",\"isPartOf\":{\"@id\":\"https:\\\/\\\/www.24gliwice.pl\\\/wiadomosci\\\/to-bedzie-wyjatkowa-przestrzen-biurowa-w-projekcie-przewidziano-az-200-roslin\\\/\"},\"author\":{\"name\":\"\u017baneta Mrozek-Siewierska\",\"@id\":\"https:\\\/\\\/www.24gliwice.pl\\\/wiadomosci\\\/#\\\/schema\\\/person\\\/e42c650edd7f2fa332be3811fb166b6e\"},\"headline\":\"To b\u0119dzie wyj\u0105tkowa przestrze\u0144 biurowa. W projekcie przewidziano a\u017c 200 ro\u015blin\",\"datePublished\":\"2018-02-26T09:17:22+00:00\",\"mainEntityOfPage\":{\"@id\":\"https:\\\/\\\/www.24gliwice.pl\\\/wiadomosci\\\/to-bedzie-wyjatkowa-przestrzen-biurowa-w-projekcie-przewidziano-az-200-roslin\\\/\"},\"wordCount\":214,\"commentCount\":0,\"publisher\":{\"@id\":\"https:\\\/\\\/www.24gliwice.pl\\\/wiadomosci\\\/#organization\"},\"image\":{\"@id\":\"https:\\\/\\\/www.24gliwice.pl\\\/wiadomosci\\\/to-bedzie-wyjatkowa-przestrzen-biurowa-w-projekcie-przewidziano-az-200-roslin\\\/#primaryimage\"},\"thumbnailUrl\":\"https:\\\/\\\/www.24gliwice.pl\\\/wiadomosci\\\/wp-content\\\/uploads\\\/2018\\\/01\\\/ziele\u0144-poczta.jpg\",\"keywords\":[\"dolnych wa\u0142\u00f3w\",\"poczta polska\",\"the software house\",\"zalewski\",\"zalewski architecture group\"],\"articleSection\":[\"Gliwice\",\"Najnowsze wiadomo\u015bci\"],\"inLanguage\":\"pl-PL\",\"potentialAction\":[{\"@type\":\"CommentAction\",\"name\":\"Comment\",\"target\":[\"https:\\\/\\\/www.24gliwice.pl\\\/wiadomosci\\\/to-bedzie-wyjatkowa-przestrzen-biurowa-w-projekcie-przewidziano-az-200-roslin\\\/#respond\"]}]},{\"@type\":\"WebPage\",\"@id\":\"https:\\\/\\\/www.24gliwice.pl\\\/wiadomosci\\\/to-bedzie-wyjatkowa-przestrzen-biurowa-w-projekcie-przewidziano-az-200-roslin\\\/\",\"url\":\"https:\\\/\\\/www.24gliwice.pl\\\/wiadomosci\\\/to-bedzie-wyjatkowa-przestrzen-biurowa-w-projekcie-przewidziano-az-200-roslin\\\/\",\"name\":\"To b\u0119dzie wyj\u0105tkowa przestrze\u0144 biurowa. W projekcie przewidziano a\u017c 200 ro\u015blin - 24GLIWICE - Portal Gliwice | codziennie nowe informacje\",\"isPartOf\":{\"@id\":\"https:\\\/\\\/www.24gliwice.pl\\\/wiadomosci\\\/#website\"},\"primaryImageOfPage\":{\"@id\":\"https:\\\/\\\/www.24gliwice.pl\\\/wiadomosci\\\/to-bedzie-wyjatkowa-przestrzen-biurowa-w-projekcie-przewidziano-az-200-roslin\\\/#primaryimage\"},\"image\":{\"@id\":\"https:\\\/\\\/www.24gliwice.pl\\\/wiadomosci\\\/to-bedzie-wyjatkowa-przestrzen-biurowa-w-projekcie-przewidziano-az-200-roslin\\\/#primaryimage\"},\"thumbnailUrl\":\"https:\\\/\\\/www.24gliwice.pl\\\/wiadomosci\\\/wp-content\\\/uploads\\\/2018\\\/01\\\/ziele\u0144-poczta.jpg\",\"datePublished\":\"2018-02-26T09:17:22+00:00\",\"breadcrumb\":{\"@id\":\"https:\\\/\\\/www.24gliwice.pl\\\/wiadomosci\\\/to-bedzie-wyjatkowa-przestrzen-biurowa-w-projekcie-przewidziano-az-200-roslin\\\/#breadcrumb\"},\"inLanguage\":\"pl-PL\",\"potentialAction\":[{\"@type\":\"ReadAction\",\"target\":[\"https:\\\/\\\/www.24gliwice.pl\\\/wiadomosci\\\/to-bedzie-wyjatkowa-przestrzen-biurowa-w-projekcie-przewidziano-az-200-roslin\\\/\"]}]},{\"@type\":\"ImageObject\",\"inLanguage\":\"pl-PL\",\"@id\":\"https:\\\/\\\/www.24gliwice.pl\\\/wiadomosci\\\/to-bedzie-wyjatkowa-przestrzen-biurowa-w-projekcie-przewidziano-az-200-roslin\\\/#primaryimage\",\"url\":\"https:\\\/\\\/www.24gliwice.pl\\\/wiadomosci\\\/wp-content\\\/uploads\\\/2018\\\/01\\\/ziele\u0144-poczta.jpg\",\"contentUrl\":\"https:\\\/\\\/www.24gliwice.pl\\\/wiadomosci\\\/wp-content\\\/uploads\\\/2018\\\/01\\\/ziele\u0144-poczta.jpg\",\"width\":1000,\"height\":562},{\"@type\":\"BreadcrumbList\",\"@id\":\"https:\\\/\\\/www.24gliwice.pl\\\/wiadomosci\\\/to-bedzie-wyjatkowa-przestrzen-biurowa-w-projekcie-przewidziano-az-200-roslin\\\/#breadcrumb\",\"itemListElement\":[{\"@type\":\"ListItem\",\"position\":1,\"name\":\"Strona g\u0142\u00f3wna\",\"item\":\"https:\\\/\\\/www.24gliwice.pl\\\/wiadomosci\\\/\"},{\"@type\":\"ListItem\",\"position\":2,\"name\":\"To b\u0119dzie wyj\u0105tkowa przestrze\u0144 biurowa. W projekcie przewidziano a\u017c 200 ro\u015blin\"}]},{\"@type\":\"WebSite\",\"@id\":\"https:\\\/\\\/www.24gliwice.pl\\\/wiadomosci\\\/#website\",\"url\":\"https:\\\/\\\/www.24gliwice.pl\\\/wiadomosci\\\/\",\"name\":\"24GLIWICE - Portal Gliwice | codziennie nowe wiadomo\u015bci\",\"description\":\"Portal Miejski Gliwice\",\"publisher\":{\"@id\":\"https:\\\/\\\/www.24gliwice.pl\\\/wiadomosci\\\/#organization\"},\"potentialAction\":[{\"@type\":\"SearchAction\",\"target\":{\"@type\":\"EntryPoint\",\"urlTemplate\":\"https:\\\/\\\/www.24gliwice.pl\\\/wiadomosci\\\/?s={search_term_string}\"},\"query-input\":{\"@type\":\"PropertyValueSpecification\",\"valueRequired\":true,\"valueName\":\"search_term_string\"}}],\"inLanguage\":\"pl-PL\"},{\"@type\":\"Organization\",\"@id\":\"https:\\\/\\\/www.24gliwice.pl\\\/wiadomosci\\\/#organization\",\"name\":\"24gliwice\",\"url\":\"https:\\\/\\\/www.24gliwice.pl\\\/wiadomosci\\\/\",\"logo\":{\"@type\":\"ImageObject\",\"inLanguage\":\"pl-PL\",\"@id\":\"https:\\\/\\\/www.24gliwice.pl\\\/wiadomosci\\\/#\\\/schema\\\/logo\\\/image\\\/\",\"url\":\"https:\\\/\\\/www.24gliwice.pl\\\/wiadomosci\\\/wp-content\\\/uploads\\\/2024\\\/10\\\/24gliwice-logo-696.jpg\",\"contentUrl\":\"https:\\\/\\\/www.24gliwice.pl\\\/wiadomosci\\\/wp-content\\\/uploads\\\/2024\\\/10\\\/24gliwice-logo-696.jpg\",\"width\":696,\"height\":696,\"caption\":\"24gliwice\"},\"image\":{\"@id\":\"https:\\\/\\\/www.24gliwice.pl\\\/wiadomosci\\\/#\\\/schema\\\/logo\\\/image\\\/\"},\"sameAs\":[\"https:\\\/\\\/www.facebook.com\\\/24gliwice\",\"https:\\\/\\\/x.com\\\/24gliwice\",\"https:\\\/\\\/www.youtube.com\\\/@24gliwice\"]},{\"@type\":\"Person\",\"@id\":\"https:\\\/\\\/www.24gliwice.pl\\\/wiadomosci\\\/#\\\/schema\\\/person\\\/e42c650edd7f2fa332be3811fb166b6e\",\"name\":\"\u017baneta Mrozek-Siewierska\",\"image\":{\"@type\":\"ImageObject\",\"inLanguage\":\"pl-PL\",\"@id\":\"https:\\\/\\\/secure.gravatar.com\\\/avatar\\\/1881429e9c64597c77ad7aef2d0a19be69a3253e57534d16aa15bf3a4d34a0a3?s=96&d=mm&r=g\",\"url\":\"https:\\\/\\\/secure.gravatar.com\\\/avatar\\\/1881429e9c64597c77ad7aef2d0a19be69a3253e57534d16aa15bf3a4d34a0a3?s=96&d=mm&r=g\",\"contentUrl\":\"https:\\\/\\\/secure.gravatar.com\\\/avatar\\\/1881429e9c64597c77ad7aef2d0a19be69a3253e57534d16aa15bf3a4d34a0a3?s=96&d=mm&r=g\",\"caption\":\"\u017baneta Mrozek-Siewierska\"},\"url\":\"https:\\\/\\\/www.24gliwice.pl\\\/wiadomosci\\\/author\\\/zms\\\/\"}]}<\/script>\n<!-- \/ Yoast SEO plugin. -->","yoast_head_json":{"title":"To b\u0119dzie wyj\u0105tkowa przestrze\u0144 biurowa. W projekcie przewidziano a\u017c 200 ro\u015blin - 24GLIWICE - Portal Gliwice | codziennie nowe informacje","robots":{"index":"index","follow":"follow","max-snippet":"max-snippet:-1","max-image-preview":"max-image-preview:large","max-video-preview":"max-video-preview:-1"},"canonical":"https:\/\/www.24gliwice.pl\/wiadomosci\/to-bedzie-wyjatkowa-przestrzen-biurowa-w-projekcie-przewidziano-az-200-roslin\/","og_locale":"pl_PL","og_type":"article","og_title":"To b\u0119dzie wyj\u0105tkowa przestrze\u0144 biurowa. W projekcie przewidziano a\u017c 200 ro\u015blin - 24GLIWICE - Portal Gliwice | codziennie nowe informacje","og_description":"Firma Zalewski Architecture Group opublikowa\u0142a kolejny raport z modernizacji budynku dawnej poczty. Tematem tej ods\u0142ony jest ro\u015blinno\u015b\u0107, jaka docelowo ma znale\u017a\u0107 si\u0119 w pomieszczeniach The Software House. Powierzchnie biurowe zlokalizowane na pierwszym pi\u0119trze dawnej siedziby Poczty Polskiej s\u0105 wsp\u00f3\u0142czesn\u0105 odpowiedzi\u0105 na open space &#8211; przestrze\u0144 jest niby otwarta, ale podzielona ekologicznymi \u015bciankami ze sklejki na [&hellip;]","og_url":"https:\/\/www.24gliwice.pl\/wiadomosci\/to-bedzie-wyjatkowa-przestrzen-biurowa-w-projekcie-przewidziano-az-200-roslin\/","og_site_name":"24GLIWICE - Portal Gliwice | codziennie nowe informacje","article_publisher":"https:\/\/www.facebook.com\/24gliwice","article_published_time":"2018-02-26T09:17:22+00:00","og_image":[{"width":1000,"height":562,"url":"https:\/\/www.24gliwice.pl\/wiadomosci\/wp-content\/uploads\/2018\/01\/ziele\u0144-poczta.jpg","type":"image\/jpeg"}],"author":"\u017baneta Mrozek-Siewierska","twitter_card":"summary_large_image","twitter_creator":"@24gliwice","twitter_site":"@24gliwice","twitter_misc":{"Napisane przez":"\u017baneta Mrozek-Siewierska","Szacowany czas czytania":"1 minuta"},"schema":{"@context":"https:\/\/schema.org","@graph":[{"@type":"Article","@id":"https:\/\/www.24gliwice.pl\/wiadomosci\/to-bedzie-wyjatkowa-przestrzen-biurowa-w-projekcie-przewidziano-az-200-roslin\/#article","isPartOf":{"@id":"https:\/\/www.24gliwice.pl\/wiadomosci\/to-bedzie-wyjatkowa-przestrzen-biurowa-w-projekcie-przewidziano-az-200-roslin\/"},"author":{"name":"\u017baneta Mrozek-Siewierska","@id":"https:\/\/www.24gliwice.pl\/wiadomosci\/#\/schema\/person\/e42c650edd7f2fa332be3811fb166b6e"},"headline":"To b\u0119dzie wyj\u0105tkowa przestrze\u0144 biurowa. W projekcie przewidziano a\u017c 200 ro\u015blin","datePublished":"2018-02-26T09:17:22+00:00","mainEntityOfPage":{"@id":"https:\/\/www.24gliwice.pl\/wiadomosci\/to-bedzie-wyjatkowa-przestrzen-biurowa-w-projekcie-przewidziano-az-200-roslin\/"},"wordCount":214,"commentCount":0,"publisher":{"@id":"https:\/\/www.24gliwice.pl\/wiadomosci\/#organization"},"image":{"@id":"https:\/\/www.24gliwice.pl\/wiadomosci\/to-bedzie-wyjatkowa-przestrzen-biurowa-w-projekcie-przewidziano-az-200-roslin\/#primaryimage"},"thumbnailUrl":"https:\/\/www.24gliwice.pl\/wiadomosci\/wp-content\/uploads\/2018\/01\/ziele\u0144-poczta.jpg","keywords":["dolnych wa\u0142\u00f3w","poczta polska","the software house","zalewski","zalewski architecture group"],"articleSection":["Gliwice","Najnowsze wiadomo\u015bci"],"inLanguage":"pl-PL","potentialAction":[{"@type":"CommentAction","name":"Comment","target":["https:\/\/www.24gliwice.pl\/wiadomosci\/to-bedzie-wyjatkowa-przestrzen-biurowa-w-projekcie-przewidziano-az-200-roslin\/#respond"]}]},{"@type":"WebPage","@id":"https:\/\/www.24gliwice.pl\/wiadomosci\/to-bedzie-wyjatkowa-przestrzen-biurowa-w-projekcie-przewidziano-az-200-roslin\/","url":"https:\/\/www.24gliwice.pl\/wiadomosci\/to-bedzie-wyjatkowa-przestrzen-biurowa-w-projekcie-przewidziano-az-200-roslin\/","name":"To b\u0119dzie wyj\u0105tkowa przestrze\u0144 biurowa. W projekcie przewidziano a\u017c 200 ro\u015blin - 24GLIWICE - Portal Gliwice | codziennie nowe informacje","isPartOf":{"@id":"https:\/\/www.24gliwice.pl\/wiadomosci\/#website"},"primaryImageOfPage":{"@id":"https:\/\/www.24gliwice.pl\/wiadomosci\/to-bedzie-wyjatkowa-przestrzen-biurowa-w-projekcie-przewidziano-az-200-roslin\/#primaryimage"},"image":{"@id":"https:\/\/www.24gliwice.pl\/wiadomosci\/to-bedzie-wyjatkowa-przestrzen-biurowa-w-projekcie-przewidziano-az-200-roslin\/#primaryimage"},"thumbnailUrl":"https:\/\/www.24gliwice.pl\/wiadomosci\/wp-content\/uploads\/2018\/01\/ziele\u0144-poczta.jpg","datePublished":"2018-02-26T09:17:22+00:00","breadcrumb":{"@id":"https:\/\/www.24gliwice.pl\/wiadomosci\/to-bedzie-wyjatkowa-przestrzen-biurowa-w-projekcie-przewidziano-az-200-roslin\/#breadcrumb"},"inLanguage":"pl-PL","potentialAction":[{"@type":"ReadAction","target":["https:\/\/www.24gliwice.pl\/wiadomosci\/to-bedzie-wyjatkowa-przestrzen-biurowa-w-projekcie-przewidziano-az-200-roslin\/"]}]},{"@type":"ImageObject","inLanguage":"pl-PL","@id":"https:\/\/www.24gliwice.pl\/wiadomosci\/to-bedzie-wyjatkowa-przestrzen-biurowa-w-projekcie-przewidziano-az-200-roslin\/#primaryimage","url":"https:\/\/www.24gliwice.pl\/wiadomosci\/wp-content\/uploads\/2018\/01\/ziele\u0144-poczta.jpg","contentUrl":"https:\/\/www.24gliwice.pl\/wiadomosci\/wp-content\/uploads\/2018\/01\/ziele\u0144-poczta.jpg","width":1000,"height":562},{"@type":"BreadcrumbList","@id":"https:\/\/www.24gliwice.pl\/wiadomosci\/to-bedzie-wyjatkowa-przestrzen-biurowa-w-projekcie-przewidziano-az-200-roslin\/#breadcrumb","itemListElement":[{"@type":"ListItem","position":1,"name":"Strona g\u0142\u00f3wna","item":"https:\/\/www.24gliwice.pl\/wiadomosci\/"},{"@type":"ListItem","position":2,"name":"To b\u0119dzie wyj\u0105tkowa przestrze\u0144 biurowa. W projekcie przewidziano a\u017c 200 ro\u015blin"}]},{"@type":"WebSite","@id":"https:\/\/www.24gliwice.pl\/wiadomosci\/#website","url":"https:\/\/www.24gliwice.pl\/wiadomosci\/","name":"24GLIWICE - Portal Gliwice | codziennie nowe wiadomo\u015bci","description":"Portal Miejski Gliwice","publisher":{"@id":"https:\/\/www.24gliwice.pl\/wiadomosci\/#organization"},"potentialAction":[{"@type":"SearchAction","target":{"@type":"EntryPoint","urlTemplate":"https:\/\/www.24gliwice.pl\/wiadomosci\/?s={search_term_string}"},"query-input":{"@type":"PropertyValueSpecification","valueRequired":true,"valueName":"search_term_string"}}],"inLanguage":"pl-PL"},{"@type":"Organization","@id":"https:\/\/www.24gliwice.pl\/wiadomosci\/#organization","name":"24gliwice","url":"https:\/\/www.24gliwice.pl\/wiadomosci\/","logo":{"@type":"ImageObject","inLanguage":"pl-PL","@id":"https:\/\/www.24gliwice.pl\/wiadomosci\/#\/schema\/logo\/image\/","url":"https:\/\/www.24gliwice.pl\/wiadomosci\/wp-content\/uploads\/2024\/10\/24gliwice-logo-696.jpg","contentUrl":"https:\/\/www.24gliwice.pl\/wiadomosci\/wp-content\/uploads\/2024\/10\/24gliwice-logo-696.jpg","width":696,"height":696,"caption":"24gliwice"},"image":{"@id":"https:\/\/www.24gliwice.pl\/wiadomosci\/#\/schema\/logo\/image\/"},"sameAs":["https:\/\/www.facebook.com\/24gliwice","https:\/\/x.com\/24gliwice","https:\/\/www.youtube.com\/@24gliwice"]},{"@type":"Person","@id":"https:\/\/www.24gliwice.pl\/wiadomosci\/#\/schema\/person\/e42c650edd7f2fa332be3811fb166b6e","name":"\u017baneta Mrozek-Siewierska","image":{"@type":"ImageObject","inLanguage":"pl-PL","@id":"https:\/\/secure.gravatar.com\/avatar\/1881429e9c64597c77ad7aef2d0a19be69a3253e57534d16aa15bf3a4d34a0a3?s=96&d=mm&r=g","url":"https:\/\/secure.gravatar.com\/avatar\/1881429e9c64597c77ad7aef2d0a19be69a3253e57534d16aa15bf3a4d34a0a3?s=96&d=mm&r=g","contentUrl":"https:\/\/secure.gravatar.com\/avatar\/1881429e9c64597c77ad7aef2d0a19be69a3253e57534d16aa15bf3a4d34a0a3?s=96&d=mm&r=g","caption":"\u017baneta Mrozek-Siewierska"},"url":"https:\/\/www.24gliwice.pl\/wiadomosci\/author\/zms\/"}]}},"_links":{"self":[{"href":"https:\/\/www.24gliwice.pl\/wiadomosci\/wp-json\/wp\/v2\/posts\/111574","targetHints":{"allow":["GET"]}}],"collection":[{"href":"https:\/\/www.24gliwice.pl\/wiadomosci\/wp-json\/wp\/v2\/posts"}],"about":[{"href":"https:\/\/www.24gliwice.pl\/wiadomosci\/wp-json\/wp\/v2\/types\/post"}],"author":[{"embeddable":true,"href":"https:\/\/www.24gliwice.pl\/wiadomosci\/wp-json\/wp\/v2\/users\/15"}],"replies":[{"embeddable":true,"href":"https:\/\/www.24gliwice.pl\/wiadomosci\/wp-json\/wp\/v2\/comments?post=111574"}],"version-history":[{"count":0,"href":"https:\/\/www.24gliwice.pl\/wiadomosci\/wp-json\/wp\/v2\/posts\/111574\/revisions"}],"wp:featuredmedia":[{"embeddable":true,"href":"https:\/\/www.24gliwice.pl\/wiadomosci\/wp-json\/wp\/v2\/media\/111601"}],"wp:attachment":[{"href":"https:\/\/www.24gliwice.pl\/wiadomosci\/wp-json\/wp\/v2\/media?parent=111574"}],"wp:term":[{"taxonomy":"category","embeddable":true,"href":"https:\/\/www.24gliwice.pl\/wiadomosci\/wp-json\/wp\/v2\/categories?post=111574"},{"taxonomy":"post_tag","embeddable":true,"href":"https:\/\/www.24gliwice.pl\/wiadomosci\/wp-json\/wp\/v2\/tags?post=111574"}],"curies":[{"name":"wp","href":"https:\/\/api.w.org\/{rel}","templated":true}]}}