{"id":111587,"date":"2018-01-31T06:09:43","date_gmt":"2018-01-31T05:09:43","guid":{"rendered":"http:\/\/www.24gliwice.pl\/wiadomosci\/?p=111587"},"modified":"2018-01-30T22:15:24","modified_gmt":"2018-01-30T21:15:24","slug":"rosnie-zatrudnienie-osadzonych-w-gliwickim-areszcie-pracujac-moga-splacac-swoje-zobowiazania","status":"publish","type":"post","link":"https:\/\/www.24gliwice.pl\/wiadomosci\/rosnie-zatrudnienie-osadzonych-w-gliwickim-areszcie-pracujac-moga-splacac-swoje-zobowiazania\/","title":{"rendered":"Ro\u015bnie zatrudnienie osadzonych w gliwickim areszcie. Pracuj\u0105c mog\u0105 sp\u0142aca\u0107 swoje zobowi\u0105zania"},"content":{"rendered":"<div class=\"gliwi-a6-nad-leadem-artykulow gliwi-entity-placement\" id=\"gliwi-467316480\"><div class=\"gliwi-adlabel\"><span style=\"font-size: 9px\">REKLAMA<\/span><\/div><div id=\"gliwi-132038691\" style=\"margin-bottom: 30px;margin-left: auto;margin-right: auto;text-align: center;\"><a data-no-instant=\"1\" href=\"https:\/\/przedszkole.halogen.org.pl\/\" rel=\"noopener\" class=\"a2t-link\" target=\"_blank\" aria-label=\"20260402-ANIMATOR-przedszkole_grafika_750x200\"><img loading=\"lazy\" decoding=\"async\" src=\"https:\/\/www.24gliwice.pl\/wiadomosci\/wp-content\/uploads\/2026\/04\/20260402-ANIMATOR-przedszkole_grafika_750x200.webp\" alt=\"\"  srcset=\"https:\/\/www.24gliwice.pl\/wiadomosci\/wp-content\/uploads\/2026\/04\/20260402-ANIMATOR-przedszkole_grafika_750x200.webp 750w, https:\/\/www.24gliwice.pl\/wiadomosci\/wp-content\/uploads\/2026\/04\/20260402-ANIMATOR-przedszkole_grafika_750x200-410x109.webp 410w\" sizes=\"(max-width: 750px) 100vw, 750px\" class=\"no-lazyload\" width=\"750\" height=\"200\"  style=\"display: inline-block; max-width: 100%; height: auto;\" \/><\/a><\/div><\/div><h3>Areszt \u015aledczy w Gliwicach pr\u0119\u017cnie realizuje dzia\u0142ania zwi\u0105zane z og\u00f3lnopolskim programem \u201ePraca Dla Wi\u0119\u017ani\u00f3w\u201d. W samej gliwickiej jednostce codziennie do pracy kierowanych jest 135 skazanych.<\/h3>\n<p>Ilo\u015b\u0107 zatrudnianych osadzonych stale ro\u015bnie.<\/p>\n<p>Do pracy kierowane s\u0105 zar\u00f3wno osoby posiadaj\u0105ce uprawnienia i umiej\u0119tno\u015bci w okre\u015blonym zakresie, jak i te kt\u00f3re chc\u0105 je dopiero zdoby\u0107. W ramach aktywizacji zawodowej skazani maj\u0105 mo\u017cliwo\u015b\u0107 nauki zawodu, uko\u0144czenia kurs\u00f3w kwalifikacyjnych oraz zdobywania do\u015bwiadczenia zawodowego.<\/p><div class=\"gliwi-a3-w-tresci-artykulow gliwi-entity-placement\" id=\"gliwi-2797546935\"><div class=\"gliwi-adlabel\"><span style=\"font-size: 9px\">REKLAMA<\/span><\/div><div id=\"gliwi-138162511\" style=\"margin-bottom: 30px;margin-left: auto;margin-right: auto;text-align: center;\"><a data-no-instant=\"1\" href=\"https:\/\/zlobek.halogen.org.pl\/\" rel=\"noopener\" class=\"a2t-link\" target=\"_blank\" aria-label=\"animator-zlobek_750x200\"><img loading=\"lazy\" decoding=\"async\" src=\"https:\/\/www.24gliwice.pl\/wiadomosci\/wp-content\/uploads\/2026\/02\/animator-zlobek_750x200.webp\" alt=\"\"  srcset=\"https:\/\/www.24gliwice.pl\/wiadomosci\/wp-content\/uploads\/2026\/02\/animator-zlobek_750x200.webp 750w, https:\/\/www.24gliwice.pl\/wiadomosci\/wp-content\/uploads\/2026\/02\/animator-zlobek_750x200-410x109.webp 410w\" sizes=\"(max-width: 750px) 100vw, 750px\" class=\"no-lazyload\" width=\"750\" height=\"200\"  style=\"display: inline-block; max-width: 100%; height: auto;\" \/><\/a><\/div><\/div>\n[perfectpullquote align=&#8221;full&#8221; bordertop=&#8221;false&#8221; cite=&#8221;&#8221; link=&#8221;&#8221; color=&#8221;&#8221; class=&#8221;&#8221; size=&#8221;&#8221;]Po odpowiednim przygotowaniu i przeszkoleniu, zatrudniani s\u0105 oni zar\u00f3wno na terenie jednostki, jak i \u015bwiadcz\u0105 prac\u0119 na rzecz podmiot\u00f3w i kontrahent\u00f3w zewn\u0119trznych.[\/perfectpullquote]\n<p>Wi\u0119\u017aniowie pracuj\u0105c sp\u0142acaj\u0105 zobowi\u0105zania alimentacyjne i s\u0105dowe lub pomagaj\u0105 finansowo swoim rodzinom oraz bliskim. Dzi\u0119ki temu \u0142atwiej jest im po zako\u0144czeniu odbywania kary pozbawienia wolno\u015bci wr\u00f3ci\u0107 do spo\u0142ecze\u0144stwa.<\/p>\n<p>Gliwicka jednostka kieruje r\u00f3wnie\u017c skazanych do wykonywania prac spo\u0142ecznych na rzecz organizacji pozarz\u0105dowych i innych instytucji po\u017cytku publicznego. Co wa\u017cne, ten typ zatrudnienia przynosi wymierne korzy\u015bci nie tylko lokalnej spo\u0142eczno\u015bci.<\/p>\n[perfectpullquote align=&#8221;full&#8221; bordertop=&#8221;false&#8221; cite=&#8221;&#8221; link=&#8221;&#8221; color=&#8221;&#8221; class=&#8221;&#8221; size=&#8221;&#8221;]W opinii samych skazanych niezwykle wa\u017cnym aspektem resocjalizacyjnej funkcji ich pracy okazuje si\u0119 w\u0142a\u015bnie praca spo\u0142eczna na rzecz innych os\u00f3b lub instytucji. [\/perfectpullquote]\n<p>&#8220;Praca dla Wi\u0119\u017ani\u00f3w&#8221; to realizowany przez S\u0142u\u017cb\u0119 Wi\u0119zienn\u0105 program wspierania szeroko rozumianej readaptacji spo\u0142ecznej os\u00f3b przebywaj\u0105cych w zak\u0142adach karnych i aresztach \u015bledczych, a w szczeg\u00f3lno\u015bci ich aktywizacji zawodowej. Wi\u0119cej informacji na temat rz\u0105dowego programu &#8220;Praca Dla Wi\u0119\u017ani\u00f3w&#8221;, w tym informacje dotycz\u0105ce specyfiki zatrudniania os\u00f3b pozbawionych wolno\u015bci, dost\u0119pnych jest pod adresem <a href=\"http:\/\/www.sw.gov.pl\/dzial\/program-pracy-wiezniow\" target=\"_blank\" rel=\"noopener\">http:\/\/www.sw.gov.pl\/dzial\/program-pracy-wiezniow<\/a><\/p>\n<p>(\u017cms)\/SW(Natalia Szarapow)<\/p>\n<p>fot. Areszt \u015aledczy w Gliwicach<\/p>\n<div class=\"gliwi-a5-na-koncu-artykulow gliwi-entity-placement\" id=\"gliwi-3079690265\"><div class=\"gliwi-adlabel\"><span style=\"font-size: 9px\">REKLAMA<\/span><\/div><div id=\"gliwi-3673843333\" style=\"margin-left: auto;margin-right: auto;text-align: center;\"><a data-no-instant=\"1\" href=\"https:\/\/prezeroarenagliwice.pl\/\" rel=\"noopener\" class=\"a2t-link\" target=\"_blank\" aria-label=\"20260309-PREZERO-WIOSNA-D\"><img loading=\"lazy\" decoding=\"async\" src=\"https:\/\/www.24gliwice.pl\/wiadomosci\/wp-content\/uploads\/2026\/03\/20260309-PREZERO-WIOSNA-D.webp\" alt=\"\"  srcset=\"https:\/\/www.24gliwice.pl\/wiadomosci\/wp-content\/uploads\/2026\/03\/20260309-PREZERO-WIOSNA-D.webp 750w, https:\/\/www.24gliwice.pl\/wiadomosci\/wp-content\/uploads\/2026\/03\/20260309-PREZERO-WIOSNA-D-410x109.webp 410w\" sizes=\"(max-width: 750px) 100vw, 750px\" class=\"no-lazyload\" width=\"750\" height=\"200\"  style=\"display: inline-block; max-width: 100%; height: auto;\" \/><\/a><\/div><\/div>","protected":false},"excerpt":{"rendered":"<p>Areszt \u015aledczy w Gliwicach pr\u0119\u017cnie realizuje dzia\u0142ania zwi\u0105zane z og\u00f3lnopolskim programem \u201ePraca Dla Wi\u0119\u017ani\u00f3w\u201d. W samej gliwickiej jednostce codziennie do pracy kierowanych jest 135 skazanych. Ilo\u015b\u0107 zatrudnianych osadzonych stale ro\u015bnie. Do pracy kierowane s\u0105 zar\u00f3wno osoby posiadaj\u0105ce uprawnienia i umiej\u0119tno\u015bci w okre\u015blonym zakresie, jak i te kt\u00f3re chc\u0105 je dopiero zdoby\u0107. W ramach aktywizacji zawodowej [&hellip;]<\/p>\n","protected":false},"author":15,"featured_media":111594,"comment_status":"open","ping_status":"closed","sticky":false,"template":"","format":"standard","meta":{"_monsterinsights_skip_tracking":false,"_monsterinsights_sitenote_active":false,"_monsterinsights_sitenote_note":"","_monsterinsights_sitenote_category":0,"footnotes":"","_links_to":"","_links_to_target":""},"categories":[3,1],"tags":[8929,10391,8812,8928,4947],"class_list":["post-111587","post","type-post","status-publish","format-standard","has-post-thumbnail","hentry","category-gliwice","category-wszystko","tag-areszt-sledczy","tag-osadzony","tag-podejrzany","tag-wiezienie","tag-zaklad-karny"],"yoast_head":"<!-- This site is optimized with the Yoast SEO plugin v27.5 - https:\/\/yoast.com\/product\/yoast-seo-wordpress\/ -->\n<title>Ro\u015bnie zatrudnienie osadzonych w gliwickim areszcie. Pracuj\u0105c mog\u0105 sp\u0142aca\u0107 swoje zobowi\u0105zania - 24GLIWICE - Portal Gliwice | codziennie nowe informacje<\/title>\n<meta name=\"robots\" content=\"index, follow, max-snippet:-1, max-image-preview:large, max-video-preview:-1\" \/>\n<link rel=\"canonical\" href=\"https:\/\/www.24gliwice.pl\/wiadomosci\/rosnie-zatrudnienie-osadzonych-w-gliwickim-areszcie-pracujac-moga-splacac-swoje-zobowiazania\/\" \/>\n<meta property=\"og:locale\" content=\"pl_PL\" \/>\n<meta property=\"og:type\" content=\"article\" \/>\n<meta property=\"og:title\" content=\"Ro\u015bnie zatrudnienie osadzonych w gliwickim areszcie. Pracuj\u0105c mog\u0105 sp\u0142aca\u0107 swoje zobowi\u0105zania - 24GLIWICE - Portal Gliwice | codziennie nowe informacje\" \/>\n<meta property=\"og:description\" content=\"Areszt \u015aledczy w Gliwicach pr\u0119\u017cnie realizuje dzia\u0142ania zwi\u0105zane z og\u00f3lnopolskim programem \u201ePraca Dla Wi\u0119\u017ani\u00f3w\u201d. W samej gliwickiej jednostce codziennie do pracy kierowanych jest 135 skazanych. Ilo\u015b\u0107 zatrudnianych osadzonych stale ro\u015bnie. Do pracy kierowane s\u0105 zar\u00f3wno osoby posiadaj\u0105ce uprawnienia i umiej\u0119tno\u015bci w okre\u015blonym zakresie, jak i te kt\u00f3re chc\u0105 je dopiero zdoby\u0107. W ramach aktywizacji zawodowej [&hellip;]\" \/>\n<meta property=\"og:url\" content=\"https:\/\/www.24gliwice.pl\/wiadomosci\/rosnie-zatrudnienie-osadzonych-w-gliwickim-areszcie-pracujac-moga-splacac-swoje-zobowiazania\/\" \/>\n<meta property=\"og:site_name\" content=\"24GLIWICE - Portal Gliwice | codziennie nowe informacje\" \/>\n<meta property=\"article:publisher\" content=\"https:\/\/www.facebook.com\/24gliwice\" \/>\n<meta property=\"article:published_time\" content=\"2018-01-31T05:09:43+00:00\" \/>\n<meta property=\"og:image\" content=\"https:\/\/www.24gliwice.pl\/wiadomosci\/wp-content\/uploads\/2018\/01\/wi\u0119\u017aniowie-prca-e1517313875458.jpg\" \/>\n\t<meta property=\"og:image:width\" content=\"810\" \/>\n\t<meta property=\"og:image:height\" content=\"455\" \/>\n\t<meta property=\"og:image:type\" content=\"image\/jpeg\" \/>\n<meta name=\"author\" content=\"\u017baneta Mrozek-Siewierska\" \/>\n<meta name=\"twitter:card\" content=\"summary_large_image\" \/>\n<meta name=\"twitter:creator\" content=\"@24gliwice\" \/>\n<meta name=\"twitter:site\" content=\"@24gliwice\" \/>\n<meta name=\"twitter:label1\" content=\"Napisane przez\" \/>\n\t<meta name=\"twitter:data1\" content=\"\u017baneta Mrozek-Siewierska\" \/>\n\t<meta name=\"twitter:label2\" content=\"Szacowany czas czytania\" \/>\n\t<meta name=\"twitter:data2\" content=\"2 minuty\" \/>\n<script type=\"application\/ld+json\" class=\"yoast-schema-graph\">{\"@context\":\"https:\\\/\\\/schema.org\",\"@graph\":[{\"@type\":\"Article\",\"@id\":\"https:\\\/\\\/www.24gliwice.pl\\\/wiadomosci\\\/rosnie-zatrudnienie-osadzonych-w-gliwickim-areszcie-pracujac-moga-splacac-swoje-zobowiazania\\\/#article\",\"isPartOf\":{\"@id\":\"https:\\\/\\\/www.24gliwice.pl\\\/wiadomosci\\\/rosnie-zatrudnienie-osadzonych-w-gliwickim-areszcie-pracujac-moga-splacac-swoje-zobowiazania\\\/\"},\"author\":{\"name\":\"\u017baneta Mrozek-Siewierska\",\"@id\":\"https:\\\/\\\/www.24gliwice.pl\\\/wiadomosci\\\/#\\\/schema\\\/person\\\/e42c650edd7f2fa332be3811fb166b6e\"},\"headline\":\"Ro\u015bnie zatrudnienie osadzonych w gliwickim areszcie. Pracuj\u0105c mog\u0105 sp\u0142aca\u0107 swoje zobowi\u0105zania\",\"datePublished\":\"2018-01-31T05:09:43+00:00\",\"mainEntityOfPage\":{\"@id\":\"https:\\\/\\\/www.24gliwice.pl\\\/wiadomosci\\\/rosnie-zatrudnienie-osadzonych-w-gliwickim-areszcie-pracujac-moga-splacac-swoje-zobowiazania\\\/\"},\"wordCount\":335,\"commentCount\":0,\"publisher\":{\"@id\":\"https:\\\/\\\/www.24gliwice.pl\\\/wiadomosci\\\/#organization\"},\"image\":{\"@id\":\"https:\\\/\\\/www.24gliwice.pl\\\/wiadomosci\\\/rosnie-zatrudnienie-osadzonych-w-gliwickim-areszcie-pracujac-moga-splacac-swoje-zobowiazania\\\/#primaryimage\"},\"thumbnailUrl\":\"https:\\\/\\\/www.24gliwice.pl\\\/wiadomosci\\\/wp-content\\\/uploads\\\/2018\\\/01\\\/wi\u0119\u017aniowie-prca-e1517313875458.jpg\",\"keywords\":[\"ARESZT \u015aLEDCZY\",\"osadzony\",\"PODEJRZANY\",\"wi\u0119zienie\",\"zak\u0142ad karny\"],\"articleSection\":[\"Gliwice\",\"Najnowsze wiadomo\u015bci\"],\"inLanguage\":\"pl-PL\",\"potentialAction\":[{\"@type\":\"CommentAction\",\"name\":\"Comment\",\"target\":[\"https:\\\/\\\/www.24gliwice.pl\\\/wiadomosci\\\/rosnie-zatrudnienie-osadzonych-w-gliwickim-areszcie-pracujac-moga-splacac-swoje-zobowiazania\\\/#respond\"]}]},{\"@type\":\"WebPage\",\"@id\":\"https:\\\/\\\/www.24gliwice.pl\\\/wiadomosci\\\/rosnie-zatrudnienie-osadzonych-w-gliwickim-areszcie-pracujac-moga-splacac-swoje-zobowiazania\\\/\",\"url\":\"https:\\\/\\\/www.24gliwice.pl\\\/wiadomosci\\\/rosnie-zatrudnienie-osadzonych-w-gliwickim-areszcie-pracujac-moga-splacac-swoje-zobowiazania\\\/\",\"name\":\"Ro\u015bnie zatrudnienie osadzonych w gliwickim areszcie. Pracuj\u0105c mog\u0105 sp\u0142aca\u0107 swoje zobowi\u0105zania - 24GLIWICE - Portal Gliwice | codziennie nowe informacje\",\"isPartOf\":{\"@id\":\"https:\\\/\\\/www.24gliwice.pl\\\/wiadomosci\\\/#website\"},\"primaryImageOfPage\":{\"@id\":\"https:\\\/\\\/www.24gliwice.pl\\\/wiadomosci\\\/rosnie-zatrudnienie-osadzonych-w-gliwickim-areszcie-pracujac-moga-splacac-swoje-zobowiazania\\\/#primaryimage\"},\"image\":{\"@id\":\"https:\\\/\\\/www.24gliwice.pl\\\/wiadomosci\\\/rosnie-zatrudnienie-osadzonych-w-gliwickim-areszcie-pracujac-moga-splacac-swoje-zobowiazania\\\/#primaryimage\"},\"thumbnailUrl\":\"https:\\\/\\\/www.24gliwice.pl\\\/wiadomosci\\\/wp-content\\\/uploads\\\/2018\\\/01\\\/wi\u0119\u017aniowie-prca-e1517313875458.jpg\",\"datePublished\":\"2018-01-31T05:09:43+00:00\",\"breadcrumb\":{\"@id\":\"https:\\\/\\\/www.24gliwice.pl\\\/wiadomosci\\\/rosnie-zatrudnienie-osadzonych-w-gliwickim-areszcie-pracujac-moga-splacac-swoje-zobowiazania\\\/#breadcrumb\"},\"inLanguage\":\"pl-PL\",\"potentialAction\":[{\"@type\":\"ReadAction\",\"target\":[\"https:\\\/\\\/www.24gliwice.pl\\\/wiadomosci\\\/rosnie-zatrudnienie-osadzonych-w-gliwickim-areszcie-pracujac-moga-splacac-swoje-zobowiazania\\\/\"]}]},{\"@type\":\"ImageObject\",\"inLanguage\":\"pl-PL\",\"@id\":\"https:\\\/\\\/www.24gliwice.pl\\\/wiadomosci\\\/rosnie-zatrudnienie-osadzonych-w-gliwickim-areszcie-pracujac-moga-splacac-swoje-zobowiazania\\\/#primaryimage\",\"url\":\"https:\\\/\\\/www.24gliwice.pl\\\/wiadomosci\\\/wp-content\\\/uploads\\\/2018\\\/01\\\/wi\u0119\u017aniowie-prca-e1517313875458.jpg\",\"contentUrl\":\"https:\\\/\\\/www.24gliwice.pl\\\/wiadomosci\\\/wp-content\\\/uploads\\\/2018\\\/01\\\/wi\u0119\u017aniowie-prca-e1517313875458.jpg\",\"width\":810,\"height\":455},{\"@type\":\"BreadcrumbList\",\"@id\":\"https:\\\/\\\/www.24gliwice.pl\\\/wiadomosci\\\/rosnie-zatrudnienie-osadzonych-w-gliwickim-areszcie-pracujac-moga-splacac-swoje-zobowiazania\\\/#breadcrumb\",\"itemListElement\":[{\"@type\":\"ListItem\",\"position\":1,\"name\":\"Strona g\u0142\u00f3wna\",\"item\":\"https:\\\/\\\/www.24gliwice.pl\\\/wiadomosci\\\/\"},{\"@type\":\"ListItem\",\"position\":2,\"name\":\"Ro\u015bnie zatrudnienie osadzonych w gliwickim areszcie. Pracuj\u0105c mog\u0105 sp\u0142aca\u0107 swoje zobowi\u0105zania\"}]},{\"@type\":\"WebSite\",\"@id\":\"https:\\\/\\\/www.24gliwice.pl\\\/wiadomosci\\\/#website\",\"url\":\"https:\\\/\\\/www.24gliwice.pl\\\/wiadomosci\\\/\",\"name\":\"24GLIWICE - Portal Gliwice | codziennie nowe wiadomo\u015bci\",\"description\":\"Portal Miejski Gliwice\",\"publisher\":{\"@id\":\"https:\\\/\\\/www.24gliwice.pl\\\/wiadomosci\\\/#organization\"},\"potentialAction\":[{\"@type\":\"SearchAction\",\"target\":{\"@type\":\"EntryPoint\",\"urlTemplate\":\"https:\\\/\\\/www.24gliwice.pl\\\/wiadomosci\\\/?s={search_term_string}\"},\"query-input\":{\"@type\":\"PropertyValueSpecification\",\"valueRequired\":true,\"valueName\":\"search_term_string\"}}],\"inLanguage\":\"pl-PL\"},{\"@type\":\"Organization\",\"@id\":\"https:\\\/\\\/www.24gliwice.pl\\\/wiadomosci\\\/#organization\",\"name\":\"24gliwice\",\"url\":\"https:\\\/\\\/www.24gliwice.pl\\\/wiadomosci\\\/\",\"logo\":{\"@type\":\"ImageObject\",\"inLanguage\":\"pl-PL\",\"@id\":\"https:\\\/\\\/www.24gliwice.pl\\\/wiadomosci\\\/#\\\/schema\\\/logo\\\/image\\\/\",\"url\":\"https:\\\/\\\/www.24gliwice.pl\\\/wiadomosci\\\/wp-content\\\/uploads\\\/2024\\\/10\\\/24gliwice-logo-696.jpg\",\"contentUrl\":\"https:\\\/\\\/www.24gliwice.pl\\\/wiadomosci\\\/wp-content\\\/uploads\\\/2024\\\/10\\\/24gliwice-logo-696.jpg\",\"width\":696,\"height\":696,\"caption\":\"24gliwice\"},\"image\":{\"@id\":\"https:\\\/\\\/www.24gliwice.pl\\\/wiadomosci\\\/#\\\/schema\\\/logo\\\/image\\\/\"},\"sameAs\":[\"https:\\\/\\\/www.facebook.com\\\/24gliwice\",\"https:\\\/\\\/x.com\\\/24gliwice\",\"https:\\\/\\\/www.youtube.com\\\/@24gliwice\"]},{\"@type\":\"Person\",\"@id\":\"https:\\\/\\\/www.24gliwice.pl\\\/wiadomosci\\\/#\\\/schema\\\/person\\\/e42c650edd7f2fa332be3811fb166b6e\",\"name\":\"\u017baneta Mrozek-Siewierska\",\"image\":{\"@type\":\"ImageObject\",\"inLanguage\":\"pl-PL\",\"@id\":\"https:\\\/\\\/secure.gravatar.com\\\/avatar\\\/1881429e9c64597c77ad7aef2d0a19be69a3253e57534d16aa15bf3a4d34a0a3?s=96&d=mm&r=g\",\"url\":\"https:\\\/\\\/secure.gravatar.com\\\/avatar\\\/1881429e9c64597c77ad7aef2d0a19be69a3253e57534d16aa15bf3a4d34a0a3?s=96&d=mm&r=g\",\"contentUrl\":\"https:\\\/\\\/secure.gravatar.com\\\/avatar\\\/1881429e9c64597c77ad7aef2d0a19be69a3253e57534d16aa15bf3a4d34a0a3?s=96&d=mm&r=g\",\"caption\":\"\u017baneta Mrozek-Siewierska\"},\"url\":\"https:\\\/\\\/www.24gliwice.pl\\\/wiadomosci\\\/author\\\/zms\\\/\"}]}<\/script>\n<!-- \/ Yoast SEO plugin. -->","yoast_head_json":{"title":"Ro\u015bnie zatrudnienie osadzonych w gliwickim areszcie. Pracuj\u0105c mog\u0105 sp\u0142aca\u0107 swoje zobowi\u0105zania - 24GLIWICE - Portal Gliwice | codziennie nowe informacje","robots":{"index":"index","follow":"follow","max-snippet":"max-snippet:-1","max-image-preview":"max-image-preview:large","max-video-preview":"max-video-preview:-1"},"canonical":"https:\/\/www.24gliwice.pl\/wiadomosci\/rosnie-zatrudnienie-osadzonych-w-gliwickim-areszcie-pracujac-moga-splacac-swoje-zobowiazania\/","og_locale":"pl_PL","og_type":"article","og_title":"Ro\u015bnie zatrudnienie osadzonych w gliwickim areszcie. Pracuj\u0105c mog\u0105 sp\u0142aca\u0107 swoje zobowi\u0105zania - 24GLIWICE - Portal Gliwice | codziennie nowe informacje","og_description":"Areszt \u015aledczy w Gliwicach pr\u0119\u017cnie realizuje dzia\u0142ania zwi\u0105zane z og\u00f3lnopolskim programem \u201ePraca Dla Wi\u0119\u017ani\u00f3w\u201d. W samej gliwickiej jednostce codziennie do pracy kierowanych jest 135 skazanych. Ilo\u015b\u0107 zatrudnianych osadzonych stale ro\u015bnie. Do pracy kierowane s\u0105 zar\u00f3wno osoby posiadaj\u0105ce uprawnienia i umiej\u0119tno\u015bci w okre\u015blonym zakresie, jak i te kt\u00f3re chc\u0105 je dopiero zdoby\u0107. W ramach aktywizacji zawodowej [&hellip;]","og_url":"https:\/\/www.24gliwice.pl\/wiadomosci\/rosnie-zatrudnienie-osadzonych-w-gliwickim-areszcie-pracujac-moga-splacac-swoje-zobowiazania\/","og_site_name":"24GLIWICE - Portal Gliwice | codziennie nowe informacje","article_publisher":"https:\/\/www.facebook.com\/24gliwice","article_published_time":"2018-01-31T05:09:43+00:00","og_image":[{"width":810,"height":455,"url":"https:\/\/www.24gliwice.pl\/wiadomosci\/wp-content\/uploads\/2018\/01\/wi\u0119\u017aniowie-prca-e1517313875458.jpg","type":"image\/jpeg"}],"author":"\u017baneta Mrozek-Siewierska","twitter_card":"summary_large_image","twitter_creator":"@24gliwice","twitter_site":"@24gliwice","twitter_misc":{"Napisane przez":"\u017baneta Mrozek-Siewierska","Szacowany czas czytania":"2 minuty"},"schema":{"@context":"https:\/\/schema.org","@graph":[{"@type":"Article","@id":"https:\/\/www.24gliwice.pl\/wiadomosci\/rosnie-zatrudnienie-osadzonych-w-gliwickim-areszcie-pracujac-moga-splacac-swoje-zobowiazania\/#article","isPartOf":{"@id":"https:\/\/www.24gliwice.pl\/wiadomosci\/rosnie-zatrudnienie-osadzonych-w-gliwickim-areszcie-pracujac-moga-splacac-swoje-zobowiazania\/"},"author":{"name":"\u017baneta Mrozek-Siewierska","@id":"https:\/\/www.24gliwice.pl\/wiadomosci\/#\/schema\/person\/e42c650edd7f2fa332be3811fb166b6e"},"headline":"Ro\u015bnie zatrudnienie osadzonych w gliwickim areszcie. Pracuj\u0105c mog\u0105 sp\u0142aca\u0107 swoje zobowi\u0105zania","datePublished":"2018-01-31T05:09:43+00:00","mainEntityOfPage":{"@id":"https:\/\/www.24gliwice.pl\/wiadomosci\/rosnie-zatrudnienie-osadzonych-w-gliwickim-areszcie-pracujac-moga-splacac-swoje-zobowiazania\/"},"wordCount":335,"commentCount":0,"publisher":{"@id":"https:\/\/www.24gliwice.pl\/wiadomosci\/#organization"},"image":{"@id":"https:\/\/www.24gliwice.pl\/wiadomosci\/rosnie-zatrudnienie-osadzonych-w-gliwickim-areszcie-pracujac-moga-splacac-swoje-zobowiazania\/#primaryimage"},"thumbnailUrl":"https:\/\/www.24gliwice.pl\/wiadomosci\/wp-content\/uploads\/2018\/01\/wi\u0119\u017aniowie-prca-e1517313875458.jpg","keywords":["ARESZT \u015aLEDCZY","osadzony","PODEJRZANY","wi\u0119zienie","zak\u0142ad karny"],"articleSection":["Gliwice","Najnowsze wiadomo\u015bci"],"inLanguage":"pl-PL","potentialAction":[{"@type":"CommentAction","name":"Comment","target":["https:\/\/www.24gliwice.pl\/wiadomosci\/rosnie-zatrudnienie-osadzonych-w-gliwickim-areszcie-pracujac-moga-splacac-swoje-zobowiazania\/#respond"]}]},{"@type":"WebPage","@id":"https:\/\/www.24gliwice.pl\/wiadomosci\/rosnie-zatrudnienie-osadzonych-w-gliwickim-areszcie-pracujac-moga-splacac-swoje-zobowiazania\/","url":"https:\/\/www.24gliwice.pl\/wiadomosci\/rosnie-zatrudnienie-osadzonych-w-gliwickim-areszcie-pracujac-moga-splacac-swoje-zobowiazania\/","name":"Ro\u015bnie zatrudnienie osadzonych w gliwickim areszcie. Pracuj\u0105c mog\u0105 sp\u0142aca\u0107 swoje zobowi\u0105zania - 24GLIWICE - Portal Gliwice | codziennie nowe informacje","isPartOf":{"@id":"https:\/\/www.24gliwice.pl\/wiadomosci\/#website"},"primaryImageOfPage":{"@id":"https:\/\/www.24gliwice.pl\/wiadomosci\/rosnie-zatrudnienie-osadzonych-w-gliwickim-areszcie-pracujac-moga-splacac-swoje-zobowiazania\/#primaryimage"},"image":{"@id":"https:\/\/www.24gliwice.pl\/wiadomosci\/rosnie-zatrudnienie-osadzonych-w-gliwickim-areszcie-pracujac-moga-splacac-swoje-zobowiazania\/#primaryimage"},"thumbnailUrl":"https:\/\/www.24gliwice.pl\/wiadomosci\/wp-content\/uploads\/2018\/01\/wi\u0119\u017aniowie-prca-e1517313875458.jpg","datePublished":"2018-01-31T05:09:43+00:00","breadcrumb":{"@id":"https:\/\/www.24gliwice.pl\/wiadomosci\/rosnie-zatrudnienie-osadzonych-w-gliwickim-areszcie-pracujac-moga-splacac-swoje-zobowiazania\/#breadcrumb"},"inLanguage":"pl-PL","potentialAction":[{"@type":"ReadAction","target":["https:\/\/www.24gliwice.pl\/wiadomosci\/rosnie-zatrudnienie-osadzonych-w-gliwickim-areszcie-pracujac-moga-splacac-swoje-zobowiazania\/"]}]},{"@type":"ImageObject","inLanguage":"pl-PL","@id":"https:\/\/www.24gliwice.pl\/wiadomosci\/rosnie-zatrudnienie-osadzonych-w-gliwickim-areszcie-pracujac-moga-splacac-swoje-zobowiazania\/#primaryimage","url":"https:\/\/www.24gliwice.pl\/wiadomosci\/wp-content\/uploads\/2018\/01\/wi\u0119\u017aniowie-prca-e1517313875458.jpg","contentUrl":"https:\/\/www.24gliwice.pl\/wiadomosci\/wp-content\/uploads\/2018\/01\/wi\u0119\u017aniowie-prca-e1517313875458.jpg","width":810,"height":455},{"@type":"BreadcrumbList","@id":"https:\/\/www.24gliwice.pl\/wiadomosci\/rosnie-zatrudnienie-osadzonych-w-gliwickim-areszcie-pracujac-moga-splacac-swoje-zobowiazania\/#breadcrumb","itemListElement":[{"@type":"ListItem","position":1,"name":"Strona g\u0142\u00f3wna","item":"https:\/\/www.24gliwice.pl\/wiadomosci\/"},{"@type":"ListItem","position":2,"name":"Ro\u015bnie zatrudnienie osadzonych w gliwickim areszcie. Pracuj\u0105c mog\u0105 sp\u0142aca\u0107 swoje zobowi\u0105zania"}]},{"@type":"WebSite","@id":"https:\/\/www.24gliwice.pl\/wiadomosci\/#website","url":"https:\/\/www.24gliwice.pl\/wiadomosci\/","name":"24GLIWICE - Portal Gliwice | codziennie nowe wiadomo\u015bci","description":"Portal Miejski Gliwice","publisher":{"@id":"https:\/\/www.24gliwice.pl\/wiadomosci\/#organization"},"potentialAction":[{"@type":"SearchAction","target":{"@type":"EntryPoint","urlTemplate":"https:\/\/www.24gliwice.pl\/wiadomosci\/?s={search_term_string}"},"query-input":{"@type":"PropertyValueSpecification","valueRequired":true,"valueName":"search_term_string"}}],"inLanguage":"pl-PL"},{"@type":"Organization","@id":"https:\/\/www.24gliwice.pl\/wiadomosci\/#organization","name":"24gliwice","url":"https:\/\/www.24gliwice.pl\/wiadomosci\/","logo":{"@type":"ImageObject","inLanguage":"pl-PL","@id":"https:\/\/www.24gliwice.pl\/wiadomosci\/#\/schema\/logo\/image\/","url":"https:\/\/www.24gliwice.pl\/wiadomosci\/wp-content\/uploads\/2024\/10\/24gliwice-logo-696.jpg","contentUrl":"https:\/\/www.24gliwice.pl\/wiadomosci\/wp-content\/uploads\/2024\/10\/24gliwice-logo-696.jpg","width":696,"height":696,"caption":"24gliwice"},"image":{"@id":"https:\/\/www.24gliwice.pl\/wiadomosci\/#\/schema\/logo\/image\/"},"sameAs":["https:\/\/www.facebook.com\/24gliwice","https:\/\/x.com\/24gliwice","https:\/\/www.youtube.com\/@24gliwice"]},{"@type":"Person","@id":"https:\/\/www.24gliwice.pl\/wiadomosci\/#\/schema\/person\/e42c650edd7f2fa332be3811fb166b6e","name":"\u017baneta Mrozek-Siewierska","image":{"@type":"ImageObject","inLanguage":"pl-PL","@id":"https:\/\/secure.gravatar.com\/avatar\/1881429e9c64597c77ad7aef2d0a19be69a3253e57534d16aa15bf3a4d34a0a3?s=96&d=mm&r=g","url":"https:\/\/secure.gravatar.com\/avatar\/1881429e9c64597c77ad7aef2d0a19be69a3253e57534d16aa15bf3a4d34a0a3?s=96&d=mm&r=g","contentUrl":"https:\/\/secure.gravatar.com\/avatar\/1881429e9c64597c77ad7aef2d0a19be69a3253e57534d16aa15bf3a4d34a0a3?s=96&d=mm&r=g","caption":"\u017baneta Mrozek-Siewierska"},"url":"https:\/\/www.24gliwice.pl\/wiadomosci\/author\/zms\/"}]}},"_links":{"self":[{"href":"https:\/\/www.24gliwice.pl\/wiadomosci\/wp-json\/wp\/v2\/posts\/111587","targetHints":{"allow":["GET"]}}],"collection":[{"href":"https:\/\/www.24gliwice.pl\/wiadomosci\/wp-json\/wp\/v2\/posts"}],"about":[{"href":"https:\/\/www.24gliwice.pl\/wiadomosci\/wp-json\/wp\/v2\/types\/post"}],"author":[{"embeddable":true,"href":"https:\/\/www.24gliwice.pl\/wiadomosci\/wp-json\/wp\/v2\/users\/15"}],"replies":[{"embeddable":true,"href":"https:\/\/www.24gliwice.pl\/wiadomosci\/wp-json\/wp\/v2\/comments?post=111587"}],"version-history":[{"count":0,"href":"https:\/\/www.24gliwice.pl\/wiadomosci\/wp-json\/wp\/v2\/posts\/111587\/revisions"}],"wp:featuredmedia":[{"embeddable":true,"href":"https:\/\/www.24gliwice.pl\/wiadomosci\/wp-json\/wp\/v2\/media\/111594"}],"wp:attachment":[{"href":"https:\/\/www.24gliwice.pl\/wiadomosci\/wp-json\/wp\/v2\/media?parent=111587"}],"wp:term":[{"taxonomy":"category","embeddable":true,"href":"https:\/\/www.24gliwice.pl\/wiadomosci\/wp-json\/wp\/v2\/categories?post=111587"},{"taxonomy":"post_tag","embeddable":true,"href":"https:\/\/www.24gliwice.pl\/wiadomosci\/wp-json\/wp\/v2\/tags?post=111587"}],"curies":[{"name":"wp","href":"https:\/\/api.w.org\/{rel}","templated":true}]}}