{"id":111616,"date":"2018-01-30T18:43:25","date_gmt":"2018-01-30T17:43:25","guid":{"rendered":"http:\/\/www.24gliwice.pl\/wiadomosci\/?p=111616"},"modified":"2018-01-31T12:45:33","modified_gmt":"2018-01-31T11:45:33","slug":"marian-jarosz-nie-jest-juz-prezesem-szpitala-miejskiego-nr-4-rada-nadzorcza-przyjela-rezygnacje","status":"publish","type":"post","link":"https:\/\/www.24gliwice.pl\/wiadomosci\/marian-jarosz-nie-jest-juz-prezesem-szpitala-miejskiego-nr-4-rada-nadzorcza-przyjela-rezygnacje\/","title":{"rendered":"Zmiany w Szpitalu Miejskim nr 4. Marian Jarosz nie jest ju\u017c prezesem plac\u00f3wki"},"content":{"rendered":"<div class=\"gliwi-a6-nad-leadem-artykulow gliwi-entity-placement\" id=\"gliwi-1150270547\"><div class=\"gliwi-adlabel\"><span style=\"font-size: 9px\">REKLAMA<\/span><\/div><div id=\"gliwi-2214643343\" style=\"margin-bottom: 30px;margin-left: auto;margin-right: auto;text-align: center;\"><a data-no-instant=\"1\" href=\"https:\/\/przedszkole.halogen.org.pl\/\" rel=\"noopener\" class=\"a2t-link\" target=\"_blank\" aria-label=\"20260402-ANIMATOR-przedszkole_grafika_750x200\"><img loading=\"lazy\" decoding=\"async\" src=\"https:\/\/www.24gliwice.pl\/wiadomosci\/wp-content\/uploads\/2026\/04\/20260402-ANIMATOR-przedszkole_grafika_750x200.webp\" alt=\"\"  srcset=\"https:\/\/www.24gliwice.pl\/wiadomosci\/wp-content\/uploads\/2026\/04\/20260402-ANIMATOR-przedszkole_grafika_750x200.webp 750w, https:\/\/www.24gliwice.pl\/wiadomosci\/wp-content\/uploads\/2026\/04\/20260402-ANIMATOR-przedszkole_grafika_750x200-410x109.webp 410w\" sizes=\"(max-width: 750px) 100vw, 750px\" class=\"no-lazyload\" width=\"750\" height=\"200\"  style=\"display: inline-block; max-width: 100%; height: auto;\" \/><\/a><\/div><\/div><h3>Marian Jarosz, prezes Szpitala Miejskiego nr 4, we wtorek zrezygnowa\u0142 ze stanowiska.<\/h3>\n<p> &#8211; Prezes Jarosz w ostatnich miesi\u0105cach dwukrotnie sk\u0142ada\u0142 rezygnacj\u0119, ale do tej pory by\u0142a ona odrzucana przez rad\u0119 nadzorcz\u0105. Tym razem zosta\u0142a przyj\u0119ta &#8211; informuje <strong>Marek Jarz\u0119bowski<\/strong>, rzecznik prezydenta Gliwic (szpital jest miejsk\u0105 sp\u00f3\u0142k\u0105). <\/p>\n<p>&#8211; To jedyna, s\u0142uszna decyzja. Przykre jest tylko to, \u017ce tak d\u0142ugo na ten ruch musieli\u015bmy czeka\u0107. Ka\u017cdy kolejny miesi\u0105c pogarsza\u0142 sytuacj\u0119. Prezes Jarosz nie po raz pierwszy z\u0142o\u017cy\u0142 rezygnacj\u0119. Teraz zosta\u0142a przyj\u0119ta &#8211; w roku, w kt\u00f3rym czekaj\u0105 nas wybory. Przypadek? &#8211; nie s\u0105dz\u0119. Mam tylko nadziej\u0119, \u017ce na miejscu Pana Jarosza pojawi si\u0119 kto\u015b kompetentny &#8211; bo zadanie kt\u00f3re b\u0119dzie mia\u0142 do wykonania nie jest \u0142atwe &#8211; komentuje<strong> Beata Kaniowska<\/strong>, jedna ze wsp\u00f3\u0142organizatorek ubieg\u0142orocznego marszu w sprawie przywr\u00f3cenia oddzia\u0142u chirurgii dzieci\u0119cej. <\/p><div class=\"gliwi-a3-w-tresci-artykulow gliwi-entity-placement\" id=\"gliwi-2453506158\"><div class=\"gliwi-adlabel\"><span style=\"font-size: 9px\">REKLAMA<\/span><\/div><div id=\"gliwi-3460171064\" style=\"margin-bottom: 30px;margin-left: auto;margin-right: auto;text-align: center;\"><a data-no-instant=\"1\" href=\"https:\/\/ogrodyandersa.pl\/\" rel=\"noopener\" class=\"a2t-link\" target=\"_blank\" aria-label=\"20260415 Ogrody Andersa KUP TERAZ D\"><img loading=\"lazy\" decoding=\"async\" src=\"https:\/\/www.24gliwice.pl\/wiadomosci\/wp-content\/uploads\/2026\/04\/20260415-Ogrody-Andersa-KUP-TERAZ-D.jpg\" alt=\"\"  srcset=\"https:\/\/www.24gliwice.pl\/wiadomosci\/wp-content\/uploads\/2026\/04\/20260415-Ogrody-Andersa-KUP-TERAZ-D.jpg 750w, https:\/\/www.24gliwice.pl\/wiadomosci\/wp-content\/uploads\/2026\/04\/20260415-Ogrody-Andersa-KUP-TERAZ-D-410x109.jpg 410w\" sizes=\"(max-width: 750px) 100vw, 750px\" class=\"no-lazyload\" width=\"750\" height=\"200\"  style=\"display: inline-block; max-width: 100%; height: auto;\" \/><\/a><\/div><\/div>\n<p>O tym dlaczego za trzeci\u0105 pr\u00f3b\u0105 pozwolono prezesowi na odej\u015bcie, urz\u0119dnicy nie informuj\u0105. Wiadomo, \u017ce jeszcze w poniedzia\u0142ek Jarosz uczestniczy\u0142 w rozmowach z przedstawicielami zwi\u0105zku zawodowego w sprawie nowego regulaminu wynagradzania, a same negocjacje z lekarzami mia\u0142y przebiec w stosunkowo dobrej atmosferze. <\/p>\n<p>A o pozytywny klimat wok\u00f3\u0142 szpitalnej plac\u00f3wki w ostatnich miesi\u0105cach trudno. Urz\u0119dnicy wraz z prezydentem Zygmuntem Frankiewiczem podkre\u015blaj\u0105, \u017ce za z\u0142\u0105 kondycj\u0119 szpitala odpowiada NFZ. Fundusz, zdaniem Magistratu od lat dyskryminowa\u0142 finansowo Gliwice. Z tym stanowiskiem nie zgadza si\u0119 opozycja, na wniosek kt\u00f3rej, w lipcu ubieg\u0142ego roku zwo\u0142ano nadzwyczajn\u0105 sesj\u0119 Rady Miasta. Zreszt\u0105 w trakcie obrad pr\u00f3bowano odwo\u0142a\u0107 w\u0142a\u015bnie prezesa Jarosza. Ostatecznie decyzj\u0105 radnych KdGZF i PiS, projekt uchwa\u0142y przepad\u0142. Posiedzeniu w Ratuszowej sali przys\u0142uchiwa\u0142o si\u0119 oko\u0142o 50 mieszka\u0144c\u00f3w. Gliwiczanie zabrali g\u0142os tak\u017ce ju\u017c wcze\u015bniej, organizuj\u0105c pod koniec czerwca marsz dla chirurgii dzieci\u0119cej, w kt\u00f3rym wzi\u0119\u0142o udzia\u0142 oko\u0142o 100 os\u00f3b (dzia\u0142alno\u015b\u0107 oddzia\u0142u zosta\u0142a zawieszona).<\/p>\n<p>Jak informuj\u0105 lekarze, sytuacja w szpitalu nadal jest trudna, a plac\u00f3wce grozi zamkni\u0119cie kolejnych oddzia\u0142\u00f3w. Na razie nie wiadomo kto pokieruje sp\u00f3\u0142k\u0105 w miejsce Jarosza.<br \/>\n(msz,\u017cms)<\/p>\n<div class=\"gliwi-a5-na-koncu-artykulow gliwi-entity-placement\" id=\"gliwi-1448556491\"><div class=\"gliwi-adlabel\"><span style=\"font-size: 9px\">REKLAMA<\/span><\/div><div id=\"gliwi-1400460414\" style=\"margin-left: auto;margin-right: auto;text-align: center;\"><a data-no-instant=\"1\" href=\"https:\/\/prezeroarenagliwice.pl\/\" rel=\"noopener\" class=\"a2t-link\" target=\"_blank\" aria-label=\"20260309-PREZERO-WIOSNA-D\"><img loading=\"lazy\" decoding=\"async\" src=\"https:\/\/www.24gliwice.pl\/wiadomosci\/wp-content\/uploads\/2026\/03\/20260309-PREZERO-WIOSNA-D.webp\" alt=\"\"  srcset=\"https:\/\/www.24gliwice.pl\/wiadomosci\/wp-content\/uploads\/2026\/03\/20260309-PREZERO-WIOSNA-D.webp 750w, https:\/\/www.24gliwice.pl\/wiadomosci\/wp-content\/uploads\/2026\/03\/20260309-PREZERO-WIOSNA-D-410x109.webp 410w\" sizes=\"(max-width: 750px) 100vw, 750px\" class=\"no-lazyload\" width=\"750\" height=\"200\"  style=\"display: inline-block; max-width: 100%; height: auto;\" \/><\/a><\/div><\/div>","protected":false},"excerpt":{"rendered":"<p>Marian Jarosz, prezes Szpitala Miejskiego nr 4, we wtorek zrezygnowa\u0142 ze stanowiska. &#8211; Prezes Jarosz w ostatnich miesi\u0105cach dwukrotnie sk\u0142ada\u0142 rezygnacj\u0119, ale do tej pory by\u0142a ona odrzucana przez rad\u0119 nadzorcz\u0105. Tym razem zosta\u0142a przyj\u0119ta &#8211; informuje Marek Jarz\u0119bowski, rzecznik prezydenta Gliwic (szpital jest miejsk\u0105 sp\u00f3\u0142k\u0105). &#8211; To jedyna, s\u0142uszna decyzja. Przykre jest tylko to, [&hellip;]<\/p>\n","protected":false},"author":15,"featured_media":89179,"comment_status":"open","ping_status":"closed","sticky":false,"template":"","format":"standard","meta":{"_monsterinsights_skip_tracking":false,"_monsterinsights_sitenote_active":false,"_monsterinsights_sitenote_note":"","_monsterinsights_sitenote_category":0,"footnotes":"","_links_to":"","_links_to_target":""},"categories":[3,1,9],"tags":[7501,9725,7502,5000,7960],"class_list":["post-111616","post","type-post","status-publish","format-standard","has-post-thumbnail","hentry","category-gliwice","category-wszystko","category-aktualnosci_lokalne","tag-gcm","tag-jarosz","tag-marian-jarosz","tag-szpital","tag-szpital-miejski-nr-4"],"yoast_head":"<!-- This site is optimized with the Yoast SEO plugin v27.5 - https:\/\/yoast.com\/product\/yoast-seo-wordpress\/ -->\n<title>Zmiany w Szpitalu Miejskim nr 4. Marian Jarosz nie jest ju\u017c prezesem plac\u00f3wki - 24GLIWICE - Portal Gliwice | codziennie nowe informacje<\/title>\n<meta name=\"robots\" content=\"index, follow, max-snippet:-1, max-image-preview:large, max-video-preview:-1\" \/>\n<link rel=\"canonical\" href=\"https:\/\/www.24gliwice.pl\/wiadomosci\/marian-jarosz-nie-jest-juz-prezesem-szpitala-miejskiego-nr-4-rada-nadzorcza-przyjela-rezygnacje\/\" \/>\n<meta property=\"og:locale\" content=\"pl_PL\" \/>\n<meta property=\"og:type\" content=\"article\" \/>\n<meta property=\"og:title\" content=\"Zmiany w Szpitalu Miejskim nr 4. Marian Jarosz nie jest ju\u017c prezesem plac\u00f3wki - 24GLIWICE - Portal Gliwice | codziennie nowe informacje\" \/>\n<meta property=\"og:description\" content=\"Marian Jarosz, prezes Szpitala Miejskiego nr 4, we wtorek zrezygnowa\u0142 ze stanowiska. &#8211; Prezes Jarosz w ostatnich miesi\u0105cach dwukrotnie sk\u0142ada\u0142 rezygnacj\u0119, ale do tej pory by\u0142a ona odrzucana przez rad\u0119 nadzorcz\u0105. Tym razem zosta\u0142a przyj\u0119ta &#8211; informuje Marek Jarz\u0119bowski, rzecznik prezydenta Gliwic (szpital jest miejsk\u0105 sp\u00f3\u0142k\u0105). &#8211; To jedyna, s\u0142uszna decyzja. Przykre jest tylko to, [&hellip;]\" \/>\n<meta property=\"og:url\" content=\"https:\/\/www.24gliwice.pl\/wiadomosci\/marian-jarosz-nie-jest-juz-prezesem-szpitala-miejskiego-nr-4-rada-nadzorcza-przyjela-rezygnacje\/\" \/>\n<meta property=\"og:site_name\" content=\"24GLIWICE - Portal Gliwice | codziennie nowe informacje\" \/>\n<meta property=\"article:publisher\" content=\"https:\/\/www.facebook.com\/24gliwice\" \/>\n<meta property=\"article:published_time\" content=\"2018-01-30T17:43:25+00:00\" \/>\n<meta property=\"article:modified_time\" content=\"2018-01-31T11:45:33+00:00\" \/>\n<meta property=\"og:image\" content=\"https:\/\/www.24gliwice.pl\/wiadomosci\/wp-content\/uploads\/2016\/10\/szpital-miejski.jpg\" \/>\n\t<meta property=\"og:image:width\" content=\"810\" \/>\n\t<meta property=\"og:image:height\" content=\"488\" \/>\n\t<meta property=\"og:image:type\" content=\"image\/jpeg\" \/>\n<meta name=\"author\" content=\"\u017baneta Mrozek-Siewierska\" \/>\n<meta name=\"twitter:card\" content=\"summary_large_image\" \/>\n<meta name=\"twitter:creator\" content=\"@24gliwice\" \/>\n<meta name=\"twitter:site\" content=\"@24gliwice\" \/>\n<meta name=\"twitter:label1\" content=\"Napisane przez\" \/>\n\t<meta name=\"twitter:data1\" content=\"\u017baneta Mrozek-Siewierska\" \/>\n\t<meta name=\"twitter:label2\" content=\"Szacowany czas czytania\" \/>\n\t<meta name=\"twitter:data2\" content=\"2 minuty\" \/>\n<script type=\"application\/ld+json\" class=\"yoast-schema-graph\">{\"@context\":\"https:\\\/\\\/schema.org\",\"@graph\":[{\"@type\":\"Article\",\"@id\":\"https:\\\/\\\/www.24gliwice.pl\\\/wiadomosci\\\/marian-jarosz-nie-jest-juz-prezesem-szpitala-miejskiego-nr-4-rada-nadzorcza-przyjela-rezygnacje\\\/#article\",\"isPartOf\":{\"@id\":\"https:\\\/\\\/www.24gliwice.pl\\\/wiadomosci\\\/marian-jarosz-nie-jest-juz-prezesem-szpitala-miejskiego-nr-4-rada-nadzorcza-przyjela-rezygnacje\\\/\"},\"author\":{\"name\":\"\u017baneta Mrozek-Siewierska\",\"@id\":\"https:\\\/\\\/www.24gliwice.pl\\\/wiadomosci\\\/#\\\/schema\\\/person\\\/e42c650edd7f2fa332be3811fb166b6e\"},\"headline\":\"Zmiany w Szpitalu Miejskim nr 4. Marian Jarosz nie jest ju\u017c prezesem plac\u00f3wki\",\"datePublished\":\"2018-01-30T17:43:25+00:00\",\"dateModified\":\"2018-01-31T11:45:33+00:00\",\"mainEntityOfPage\":{\"@id\":\"https:\\\/\\\/www.24gliwice.pl\\\/wiadomosci\\\/marian-jarosz-nie-jest-juz-prezesem-szpitala-miejskiego-nr-4-rada-nadzorcza-przyjela-rezygnacje\\\/\"},\"wordCount\":376,\"commentCount\":0,\"publisher\":{\"@id\":\"https:\\\/\\\/www.24gliwice.pl\\\/wiadomosci\\\/#organization\"},\"image\":{\"@id\":\"https:\\\/\\\/www.24gliwice.pl\\\/wiadomosci\\\/marian-jarosz-nie-jest-juz-prezesem-szpitala-miejskiego-nr-4-rada-nadzorcza-przyjela-rezygnacje\\\/#primaryimage\"},\"thumbnailUrl\":\"https:\\\/\\\/www.24gliwice.pl\\\/wiadomosci\\\/wp-content\\\/uploads\\\/2016\\\/10\\\/szpital-miejski.jpg\",\"keywords\":[\"gcm\",\"jarosz\",\"marian jarosz\",\"SZPITAL\",\"SZPITAL MIEJSKI NR 4\"],\"articleSection\":[\"Gliwice\",\"Najnowsze wiadomo\u015bci\",\"Portal Gliwice - Wiadomo\u015bci lokalne\"],\"inLanguage\":\"pl-PL\",\"potentialAction\":[{\"@type\":\"CommentAction\",\"name\":\"Comment\",\"target\":[\"https:\\\/\\\/www.24gliwice.pl\\\/wiadomosci\\\/marian-jarosz-nie-jest-juz-prezesem-szpitala-miejskiego-nr-4-rada-nadzorcza-przyjela-rezygnacje\\\/#respond\"]}]},{\"@type\":\"WebPage\",\"@id\":\"https:\\\/\\\/www.24gliwice.pl\\\/wiadomosci\\\/marian-jarosz-nie-jest-juz-prezesem-szpitala-miejskiego-nr-4-rada-nadzorcza-przyjela-rezygnacje\\\/\",\"url\":\"https:\\\/\\\/www.24gliwice.pl\\\/wiadomosci\\\/marian-jarosz-nie-jest-juz-prezesem-szpitala-miejskiego-nr-4-rada-nadzorcza-przyjela-rezygnacje\\\/\",\"name\":\"Zmiany w Szpitalu Miejskim nr 4. Marian Jarosz nie jest ju\u017c prezesem plac\u00f3wki - 24GLIWICE - Portal Gliwice | codziennie nowe informacje\",\"isPartOf\":{\"@id\":\"https:\\\/\\\/www.24gliwice.pl\\\/wiadomosci\\\/#website\"},\"primaryImageOfPage\":{\"@id\":\"https:\\\/\\\/www.24gliwice.pl\\\/wiadomosci\\\/marian-jarosz-nie-jest-juz-prezesem-szpitala-miejskiego-nr-4-rada-nadzorcza-przyjela-rezygnacje\\\/#primaryimage\"},\"image\":{\"@id\":\"https:\\\/\\\/www.24gliwice.pl\\\/wiadomosci\\\/marian-jarosz-nie-jest-juz-prezesem-szpitala-miejskiego-nr-4-rada-nadzorcza-przyjela-rezygnacje\\\/#primaryimage\"},\"thumbnailUrl\":\"https:\\\/\\\/www.24gliwice.pl\\\/wiadomosci\\\/wp-content\\\/uploads\\\/2016\\\/10\\\/szpital-miejski.jpg\",\"datePublished\":\"2018-01-30T17:43:25+00:00\",\"dateModified\":\"2018-01-31T11:45:33+00:00\",\"breadcrumb\":{\"@id\":\"https:\\\/\\\/www.24gliwice.pl\\\/wiadomosci\\\/marian-jarosz-nie-jest-juz-prezesem-szpitala-miejskiego-nr-4-rada-nadzorcza-przyjela-rezygnacje\\\/#breadcrumb\"},\"inLanguage\":\"pl-PL\",\"potentialAction\":[{\"@type\":\"ReadAction\",\"target\":[\"https:\\\/\\\/www.24gliwice.pl\\\/wiadomosci\\\/marian-jarosz-nie-jest-juz-prezesem-szpitala-miejskiego-nr-4-rada-nadzorcza-przyjela-rezygnacje\\\/\"]}]},{\"@type\":\"ImageObject\",\"inLanguage\":\"pl-PL\",\"@id\":\"https:\\\/\\\/www.24gliwice.pl\\\/wiadomosci\\\/marian-jarosz-nie-jest-juz-prezesem-szpitala-miejskiego-nr-4-rada-nadzorcza-przyjela-rezygnacje\\\/#primaryimage\",\"url\":\"https:\\\/\\\/www.24gliwice.pl\\\/wiadomosci\\\/wp-content\\\/uploads\\\/2016\\\/10\\\/szpital-miejski.jpg\",\"contentUrl\":\"https:\\\/\\\/www.24gliwice.pl\\\/wiadomosci\\\/wp-content\\\/uploads\\\/2016\\\/10\\\/szpital-miejski.jpg\",\"width\":810,\"height\":488},{\"@type\":\"BreadcrumbList\",\"@id\":\"https:\\\/\\\/www.24gliwice.pl\\\/wiadomosci\\\/marian-jarosz-nie-jest-juz-prezesem-szpitala-miejskiego-nr-4-rada-nadzorcza-przyjela-rezygnacje\\\/#breadcrumb\",\"itemListElement\":[{\"@type\":\"ListItem\",\"position\":1,\"name\":\"Strona g\u0142\u00f3wna\",\"item\":\"https:\\\/\\\/www.24gliwice.pl\\\/wiadomosci\\\/\"},{\"@type\":\"ListItem\",\"position\":2,\"name\":\"Zmiany w Szpitalu Miejskim nr 4. Marian Jarosz nie jest ju\u017c prezesem plac\u00f3wki\"}]},{\"@type\":\"WebSite\",\"@id\":\"https:\\\/\\\/www.24gliwice.pl\\\/wiadomosci\\\/#website\",\"url\":\"https:\\\/\\\/www.24gliwice.pl\\\/wiadomosci\\\/\",\"name\":\"24GLIWICE - Portal Gliwice | codziennie nowe wiadomo\u015bci\",\"description\":\"Portal Miejski Gliwice\",\"publisher\":{\"@id\":\"https:\\\/\\\/www.24gliwice.pl\\\/wiadomosci\\\/#organization\"},\"potentialAction\":[{\"@type\":\"SearchAction\",\"target\":{\"@type\":\"EntryPoint\",\"urlTemplate\":\"https:\\\/\\\/www.24gliwice.pl\\\/wiadomosci\\\/?s={search_term_string}\"},\"query-input\":{\"@type\":\"PropertyValueSpecification\",\"valueRequired\":true,\"valueName\":\"search_term_string\"}}],\"inLanguage\":\"pl-PL\"},{\"@type\":\"Organization\",\"@id\":\"https:\\\/\\\/www.24gliwice.pl\\\/wiadomosci\\\/#organization\",\"name\":\"24gliwice\",\"url\":\"https:\\\/\\\/www.24gliwice.pl\\\/wiadomosci\\\/\",\"logo\":{\"@type\":\"ImageObject\",\"inLanguage\":\"pl-PL\",\"@id\":\"https:\\\/\\\/www.24gliwice.pl\\\/wiadomosci\\\/#\\\/schema\\\/logo\\\/image\\\/\",\"url\":\"https:\\\/\\\/www.24gliwice.pl\\\/wiadomosci\\\/wp-content\\\/uploads\\\/2024\\\/10\\\/24gliwice-logo-696.jpg\",\"contentUrl\":\"https:\\\/\\\/www.24gliwice.pl\\\/wiadomosci\\\/wp-content\\\/uploads\\\/2024\\\/10\\\/24gliwice-logo-696.jpg\",\"width\":696,\"height\":696,\"caption\":\"24gliwice\"},\"image\":{\"@id\":\"https:\\\/\\\/www.24gliwice.pl\\\/wiadomosci\\\/#\\\/schema\\\/logo\\\/image\\\/\"},\"sameAs\":[\"https:\\\/\\\/www.facebook.com\\\/24gliwice\",\"https:\\\/\\\/x.com\\\/24gliwice\",\"https:\\\/\\\/www.youtube.com\\\/@24gliwice\"]},{\"@type\":\"Person\",\"@id\":\"https:\\\/\\\/www.24gliwice.pl\\\/wiadomosci\\\/#\\\/schema\\\/person\\\/e42c650edd7f2fa332be3811fb166b6e\",\"name\":\"\u017baneta Mrozek-Siewierska\",\"image\":{\"@type\":\"ImageObject\",\"inLanguage\":\"pl-PL\",\"@id\":\"https:\\\/\\\/secure.gravatar.com\\\/avatar\\\/1881429e9c64597c77ad7aef2d0a19be69a3253e57534d16aa15bf3a4d34a0a3?s=96&d=mm&r=g\",\"url\":\"https:\\\/\\\/secure.gravatar.com\\\/avatar\\\/1881429e9c64597c77ad7aef2d0a19be69a3253e57534d16aa15bf3a4d34a0a3?s=96&d=mm&r=g\",\"contentUrl\":\"https:\\\/\\\/secure.gravatar.com\\\/avatar\\\/1881429e9c64597c77ad7aef2d0a19be69a3253e57534d16aa15bf3a4d34a0a3?s=96&d=mm&r=g\",\"caption\":\"\u017baneta Mrozek-Siewierska\"},\"url\":\"https:\\\/\\\/www.24gliwice.pl\\\/wiadomosci\\\/author\\\/zms\\\/\"}]}<\/script>\n<!-- \/ Yoast SEO plugin. -->","yoast_head_json":{"title":"Zmiany w Szpitalu Miejskim nr 4. Marian Jarosz nie jest ju\u017c prezesem plac\u00f3wki - 24GLIWICE - Portal Gliwice | codziennie nowe informacje","robots":{"index":"index","follow":"follow","max-snippet":"max-snippet:-1","max-image-preview":"max-image-preview:large","max-video-preview":"max-video-preview:-1"},"canonical":"https:\/\/www.24gliwice.pl\/wiadomosci\/marian-jarosz-nie-jest-juz-prezesem-szpitala-miejskiego-nr-4-rada-nadzorcza-przyjela-rezygnacje\/","og_locale":"pl_PL","og_type":"article","og_title":"Zmiany w Szpitalu Miejskim nr 4. Marian Jarosz nie jest ju\u017c prezesem plac\u00f3wki - 24GLIWICE - Portal Gliwice | codziennie nowe informacje","og_description":"Marian Jarosz, prezes Szpitala Miejskiego nr 4, we wtorek zrezygnowa\u0142 ze stanowiska. &#8211; Prezes Jarosz w ostatnich miesi\u0105cach dwukrotnie sk\u0142ada\u0142 rezygnacj\u0119, ale do tej pory by\u0142a ona odrzucana przez rad\u0119 nadzorcz\u0105. Tym razem zosta\u0142a przyj\u0119ta &#8211; informuje Marek Jarz\u0119bowski, rzecznik prezydenta Gliwic (szpital jest miejsk\u0105 sp\u00f3\u0142k\u0105). &#8211; To jedyna, s\u0142uszna decyzja. Przykre jest tylko to, [&hellip;]","og_url":"https:\/\/www.24gliwice.pl\/wiadomosci\/marian-jarosz-nie-jest-juz-prezesem-szpitala-miejskiego-nr-4-rada-nadzorcza-przyjela-rezygnacje\/","og_site_name":"24GLIWICE - Portal Gliwice | codziennie nowe informacje","article_publisher":"https:\/\/www.facebook.com\/24gliwice","article_published_time":"2018-01-30T17:43:25+00:00","article_modified_time":"2018-01-31T11:45:33+00:00","og_image":[{"width":810,"height":488,"url":"https:\/\/www.24gliwice.pl\/wiadomosci\/wp-content\/uploads\/2016\/10\/szpital-miejski.jpg","type":"image\/jpeg"}],"author":"\u017baneta Mrozek-Siewierska","twitter_card":"summary_large_image","twitter_creator":"@24gliwice","twitter_site":"@24gliwice","twitter_misc":{"Napisane przez":"\u017baneta Mrozek-Siewierska","Szacowany czas czytania":"2 minuty"},"schema":{"@context":"https:\/\/schema.org","@graph":[{"@type":"Article","@id":"https:\/\/www.24gliwice.pl\/wiadomosci\/marian-jarosz-nie-jest-juz-prezesem-szpitala-miejskiego-nr-4-rada-nadzorcza-przyjela-rezygnacje\/#article","isPartOf":{"@id":"https:\/\/www.24gliwice.pl\/wiadomosci\/marian-jarosz-nie-jest-juz-prezesem-szpitala-miejskiego-nr-4-rada-nadzorcza-przyjela-rezygnacje\/"},"author":{"name":"\u017baneta Mrozek-Siewierska","@id":"https:\/\/www.24gliwice.pl\/wiadomosci\/#\/schema\/person\/e42c650edd7f2fa332be3811fb166b6e"},"headline":"Zmiany w Szpitalu Miejskim nr 4. Marian Jarosz nie jest ju\u017c prezesem plac\u00f3wki","datePublished":"2018-01-30T17:43:25+00:00","dateModified":"2018-01-31T11:45:33+00:00","mainEntityOfPage":{"@id":"https:\/\/www.24gliwice.pl\/wiadomosci\/marian-jarosz-nie-jest-juz-prezesem-szpitala-miejskiego-nr-4-rada-nadzorcza-przyjela-rezygnacje\/"},"wordCount":376,"commentCount":0,"publisher":{"@id":"https:\/\/www.24gliwice.pl\/wiadomosci\/#organization"},"image":{"@id":"https:\/\/www.24gliwice.pl\/wiadomosci\/marian-jarosz-nie-jest-juz-prezesem-szpitala-miejskiego-nr-4-rada-nadzorcza-przyjela-rezygnacje\/#primaryimage"},"thumbnailUrl":"https:\/\/www.24gliwice.pl\/wiadomosci\/wp-content\/uploads\/2016\/10\/szpital-miejski.jpg","keywords":["gcm","jarosz","marian jarosz","SZPITAL","SZPITAL MIEJSKI NR 4"],"articleSection":["Gliwice","Najnowsze wiadomo\u015bci","Portal Gliwice - Wiadomo\u015bci lokalne"],"inLanguage":"pl-PL","potentialAction":[{"@type":"CommentAction","name":"Comment","target":["https:\/\/www.24gliwice.pl\/wiadomosci\/marian-jarosz-nie-jest-juz-prezesem-szpitala-miejskiego-nr-4-rada-nadzorcza-przyjela-rezygnacje\/#respond"]}]},{"@type":"WebPage","@id":"https:\/\/www.24gliwice.pl\/wiadomosci\/marian-jarosz-nie-jest-juz-prezesem-szpitala-miejskiego-nr-4-rada-nadzorcza-przyjela-rezygnacje\/","url":"https:\/\/www.24gliwice.pl\/wiadomosci\/marian-jarosz-nie-jest-juz-prezesem-szpitala-miejskiego-nr-4-rada-nadzorcza-przyjela-rezygnacje\/","name":"Zmiany w Szpitalu Miejskim nr 4. Marian Jarosz nie jest ju\u017c prezesem plac\u00f3wki - 24GLIWICE - Portal Gliwice | codziennie nowe informacje","isPartOf":{"@id":"https:\/\/www.24gliwice.pl\/wiadomosci\/#website"},"primaryImageOfPage":{"@id":"https:\/\/www.24gliwice.pl\/wiadomosci\/marian-jarosz-nie-jest-juz-prezesem-szpitala-miejskiego-nr-4-rada-nadzorcza-przyjela-rezygnacje\/#primaryimage"},"image":{"@id":"https:\/\/www.24gliwice.pl\/wiadomosci\/marian-jarosz-nie-jest-juz-prezesem-szpitala-miejskiego-nr-4-rada-nadzorcza-przyjela-rezygnacje\/#primaryimage"},"thumbnailUrl":"https:\/\/www.24gliwice.pl\/wiadomosci\/wp-content\/uploads\/2016\/10\/szpital-miejski.jpg","datePublished":"2018-01-30T17:43:25+00:00","dateModified":"2018-01-31T11:45:33+00:00","breadcrumb":{"@id":"https:\/\/www.24gliwice.pl\/wiadomosci\/marian-jarosz-nie-jest-juz-prezesem-szpitala-miejskiego-nr-4-rada-nadzorcza-przyjela-rezygnacje\/#breadcrumb"},"inLanguage":"pl-PL","potentialAction":[{"@type":"ReadAction","target":["https:\/\/www.24gliwice.pl\/wiadomosci\/marian-jarosz-nie-jest-juz-prezesem-szpitala-miejskiego-nr-4-rada-nadzorcza-przyjela-rezygnacje\/"]}]},{"@type":"ImageObject","inLanguage":"pl-PL","@id":"https:\/\/www.24gliwice.pl\/wiadomosci\/marian-jarosz-nie-jest-juz-prezesem-szpitala-miejskiego-nr-4-rada-nadzorcza-przyjela-rezygnacje\/#primaryimage","url":"https:\/\/www.24gliwice.pl\/wiadomosci\/wp-content\/uploads\/2016\/10\/szpital-miejski.jpg","contentUrl":"https:\/\/www.24gliwice.pl\/wiadomosci\/wp-content\/uploads\/2016\/10\/szpital-miejski.jpg","width":810,"height":488},{"@type":"BreadcrumbList","@id":"https:\/\/www.24gliwice.pl\/wiadomosci\/marian-jarosz-nie-jest-juz-prezesem-szpitala-miejskiego-nr-4-rada-nadzorcza-przyjela-rezygnacje\/#breadcrumb","itemListElement":[{"@type":"ListItem","position":1,"name":"Strona g\u0142\u00f3wna","item":"https:\/\/www.24gliwice.pl\/wiadomosci\/"},{"@type":"ListItem","position":2,"name":"Zmiany w Szpitalu Miejskim nr 4. Marian Jarosz nie jest ju\u017c prezesem plac\u00f3wki"}]},{"@type":"WebSite","@id":"https:\/\/www.24gliwice.pl\/wiadomosci\/#website","url":"https:\/\/www.24gliwice.pl\/wiadomosci\/","name":"24GLIWICE - Portal Gliwice | codziennie nowe wiadomo\u015bci","description":"Portal Miejski Gliwice","publisher":{"@id":"https:\/\/www.24gliwice.pl\/wiadomosci\/#organization"},"potentialAction":[{"@type":"SearchAction","target":{"@type":"EntryPoint","urlTemplate":"https:\/\/www.24gliwice.pl\/wiadomosci\/?s={search_term_string}"},"query-input":{"@type":"PropertyValueSpecification","valueRequired":true,"valueName":"search_term_string"}}],"inLanguage":"pl-PL"},{"@type":"Organization","@id":"https:\/\/www.24gliwice.pl\/wiadomosci\/#organization","name":"24gliwice","url":"https:\/\/www.24gliwice.pl\/wiadomosci\/","logo":{"@type":"ImageObject","inLanguage":"pl-PL","@id":"https:\/\/www.24gliwice.pl\/wiadomosci\/#\/schema\/logo\/image\/","url":"https:\/\/www.24gliwice.pl\/wiadomosci\/wp-content\/uploads\/2024\/10\/24gliwice-logo-696.jpg","contentUrl":"https:\/\/www.24gliwice.pl\/wiadomosci\/wp-content\/uploads\/2024\/10\/24gliwice-logo-696.jpg","width":696,"height":696,"caption":"24gliwice"},"image":{"@id":"https:\/\/www.24gliwice.pl\/wiadomosci\/#\/schema\/logo\/image\/"},"sameAs":["https:\/\/www.facebook.com\/24gliwice","https:\/\/x.com\/24gliwice","https:\/\/www.youtube.com\/@24gliwice"]},{"@type":"Person","@id":"https:\/\/www.24gliwice.pl\/wiadomosci\/#\/schema\/person\/e42c650edd7f2fa332be3811fb166b6e","name":"\u017baneta Mrozek-Siewierska","image":{"@type":"ImageObject","inLanguage":"pl-PL","@id":"https:\/\/secure.gravatar.com\/avatar\/1881429e9c64597c77ad7aef2d0a19be69a3253e57534d16aa15bf3a4d34a0a3?s=96&d=mm&r=g","url":"https:\/\/secure.gravatar.com\/avatar\/1881429e9c64597c77ad7aef2d0a19be69a3253e57534d16aa15bf3a4d34a0a3?s=96&d=mm&r=g","contentUrl":"https:\/\/secure.gravatar.com\/avatar\/1881429e9c64597c77ad7aef2d0a19be69a3253e57534d16aa15bf3a4d34a0a3?s=96&d=mm&r=g","caption":"\u017baneta Mrozek-Siewierska"},"url":"https:\/\/www.24gliwice.pl\/wiadomosci\/author\/zms\/"}]}},"_links":{"self":[{"href":"https:\/\/www.24gliwice.pl\/wiadomosci\/wp-json\/wp\/v2\/posts\/111616","targetHints":{"allow":["GET"]}}],"collection":[{"href":"https:\/\/www.24gliwice.pl\/wiadomosci\/wp-json\/wp\/v2\/posts"}],"about":[{"href":"https:\/\/www.24gliwice.pl\/wiadomosci\/wp-json\/wp\/v2\/types\/post"}],"author":[{"embeddable":true,"href":"https:\/\/www.24gliwice.pl\/wiadomosci\/wp-json\/wp\/v2\/users\/15"}],"replies":[{"embeddable":true,"href":"https:\/\/www.24gliwice.pl\/wiadomosci\/wp-json\/wp\/v2\/comments?post=111616"}],"version-history":[{"count":0,"href":"https:\/\/www.24gliwice.pl\/wiadomosci\/wp-json\/wp\/v2\/posts\/111616\/revisions"}],"wp:featuredmedia":[{"embeddable":true,"href":"https:\/\/www.24gliwice.pl\/wiadomosci\/wp-json\/wp\/v2\/media\/89179"}],"wp:attachment":[{"href":"https:\/\/www.24gliwice.pl\/wiadomosci\/wp-json\/wp\/v2\/media?parent=111616"}],"wp:term":[{"taxonomy":"category","embeddable":true,"href":"https:\/\/www.24gliwice.pl\/wiadomosci\/wp-json\/wp\/v2\/categories?post=111616"},{"taxonomy":"post_tag","embeddable":true,"href":"https:\/\/www.24gliwice.pl\/wiadomosci\/wp-json\/wp\/v2\/tags?post=111616"}],"curies":[{"name":"wp","href":"https:\/\/api.w.org\/{rel}","templated":true}]}}