{"id":111768,"date":"2018-02-04T03:13:39","date_gmt":"2018-02-04T02:13:39","guid":{"rendered":"http:\/\/www.24gliwice.pl\/wiadomosci\/?p=111768"},"modified":"2018-02-04T03:16:45","modified_gmt":"2018-02-04T02:16:45","slug":"gliwicka-marina-zmieni-lokalizacje-zaprezentowano-koncepcje-nowej-przystani-na-kanale-gliwickim","status":"publish","type":"post","link":"https:\/\/www.24gliwice.pl\/wiadomosci\/gliwicka-marina-zmieni-lokalizacje-zaprezentowano-koncepcje-nowej-przystani-na-kanale-gliwickim\/","title":{"rendered":"Gliwicka Marina zmieni lokalizacj\u0119. Zaprezentowano koncepcje nowej przystani na Kanale Gliwickim"},"content":{"rendered":"<div class=\"gliwi-a6-nad-leadem-artykulow gliwi-entity-placement\" id=\"gliwi-2688335888\"><div class=\"gliwi-adlabel\"><span style=\"font-size: 9px\">REKLAMA<\/span><\/div><div id=\"gliwi-4293459278\" style=\"margin-bottom: 30px;margin-left: auto;margin-right: auto;text-align: center;\"><a data-no-instant=\"1\" href=\"https:\/\/przedszkole.halogen.org.pl\/\" rel=\"noopener\" class=\"a2t-link\" target=\"_blank\" aria-label=\"20260402-ANIMATOR-przedszkole_grafika_750x200\"><img loading=\"lazy\" decoding=\"async\" src=\"https:\/\/www.24gliwice.pl\/wiadomosci\/wp-content\/uploads\/2026\/04\/20260402-ANIMATOR-przedszkole_grafika_750x200.webp\" alt=\"\"  srcset=\"https:\/\/www.24gliwice.pl\/wiadomosci\/wp-content\/uploads\/2026\/04\/20260402-ANIMATOR-przedszkole_grafika_750x200.webp 750w, https:\/\/www.24gliwice.pl\/wiadomosci\/wp-content\/uploads\/2026\/04\/20260402-ANIMATOR-przedszkole_grafika_750x200-410x109.webp 410w\" sizes=\"(max-width: 750px) 100vw, 750px\" class=\"no-lazyload\" width=\"750\" height=\"200\"  style=\"display: inline-block; max-width: 100%; height: auto;\" \/><\/a><\/div><\/div><p><iframe loading=\"lazy\" width=\"560\" height=\"315\" src=\"https:\/\/www.youtube.com\/embed\/hXoOlwrwm8E\" frameborder=\"0\" allow=\"autoplay; encrypted-media\" allowfullscreen><\/iframe><\/p>\n<h3>Przysta\u0144 motorowodna z Portu ma przeprowadzi\u0107 si\u0119 w inne miejsce, studenci Wydzia\u0142u Architektury Politechniki \u015al\u0105skiej opracowali studialne koncepcje zagospodarowania terenu nowej lokalizacji Mariny Gliwice.<\/h3>\n<p>Zaprojektowana siedziba mia\u0142aby mie\u015bci\u0107 si\u0119 w pobli\u017cu \u015aluzy &#8220;\u0141ab\u0119dy&#8221;, oko\u0142o 1 km na p\u00f3\u0142noc od Portu Gliwice. Propozycje opracowano w ramach zaj\u0119\u0107 z dw\u00f3ch przedmiot\u00f3w: projektowania urbanistycznego oraz projektowania architektonicznego.<\/p>\n[perfectpullquote align=&#8221;full&#8221; bordertop=&#8221;false&#8221; cite=&#8221;&#8221; link=&#8221;&#8221; color=&#8221;&#8221; class=&#8221;&#8221; size=&#8221;&#8221;]Projekty realizowane by\u0142y we wsp\u00f3\u0142pracy z Marin\u0105 Gliwice i konsultowane z jej wsp\u00f3\u0142w\u0142a\u015bcicielami, pa\u0144stwem <strong>Ew\u0105 i\u00a0Czes\u0142awem Sternal<\/strong>. [\/perfectpullquote]\n<p>Celem opracowania by\u0142o uzyskanie analizy mo\u017cliwo\u015bci usytuowania przystani motorowodnej nad Kana\u0142em Gliwickim poza obszarem dawnego Portu Gliwice, na obszarze pomi\u0119dzy Kana\u0142em Gliwickim a ul. Portow\u0105 z mo\u017cliwo\u015bci\u0105 zagospodarowania przyleg\u0142ego terenu z\u00a0przeznaczeniem na funkcje turystyki i rekreacji.<\/p><div class=\"gliwi-a3-w-tresci-artykulow gliwi-entity-placement\" id=\"gliwi-333263522\"><div class=\"gliwi-adlabel\"><span style=\"font-size: 9px\">REKLAMA<\/span><\/div><div id=\"gliwi-4251332266\" style=\"margin-bottom: 30px;margin-left: auto;margin-right: auto;text-align: center;\"><a data-no-instant=\"1\" href=\"https:\/\/ogrodyandersa.pl\/\" rel=\"noopener\" class=\"a2t-link\" target=\"_blank\" aria-label=\"20260415 Ogrody Andersa KUP TERAZ D\"><img loading=\"lazy\" decoding=\"async\" src=\"https:\/\/www.24gliwice.pl\/wiadomosci\/wp-content\/uploads\/2026\/04\/20260415-Ogrody-Andersa-KUP-TERAZ-D.jpg\" alt=\"\"  srcset=\"https:\/\/www.24gliwice.pl\/wiadomosci\/wp-content\/uploads\/2026\/04\/20260415-Ogrody-Andersa-KUP-TERAZ-D.jpg 750w, https:\/\/www.24gliwice.pl\/wiadomosci\/wp-content\/uploads\/2026\/04\/20260415-Ogrody-Andersa-KUP-TERAZ-D-410x109.jpg 410w\" sizes=\"(max-width: 750px) 100vw, 750px\" class=\"no-lazyload\" width=\"750\" height=\"200\"  style=\"display: inline-block; max-width: 100%; height: auto;\" \/><\/a><\/div><\/div>\n<p><img loading=\"lazy\" decoding=\"async\" src=\"http:\/\/www.24gliwice.pl\/wiadomosci\/wp-content\/uploads\/2018\/02\/1-004.jpg\" alt=\"\" width=\"1000\" height=\"266\" class=\"aligncenter size-full wp-image-111916\" srcset=\"https:\/\/www.24gliwice.pl\/wiadomosci\/wp-content\/uploads\/2018\/02\/1-004.jpg 1000w, https:\/\/www.24gliwice.pl\/wiadomosci\/wp-content\/uploads\/2018\/02\/1-004-410x109.jpg 410w, https:\/\/www.24gliwice.pl\/wiadomosci\/wp-content\/uploads\/2018\/02\/1-004-768x204.jpg 768w, https:\/\/www.24gliwice.pl\/wiadomosci\/wp-content\/uploads\/2018\/02\/1-004-810x215.jpg 810w\" sizes=\"auto, (max-width: 1000px) 100vw, 1000px\" \/><\/p>\n<p>&#8211; Pomys\u0142 wzi\u0105\u0142 si\u0119 z rozm\u00f3w z w\u0142a\u015bcicielami Mariny &#8211; wyja\u015bnia\u0142 dr hab. <strong>Micha\u0142 Stangel <\/strong>, prodziekan ds. nauki na Wydziale Architektury Politechniki \u015al\u0105skiej podczas prezentacji prac student\u00f3w. &#8211; Marina jest unikalnym miejscem w Gliwicach &#8211; m\u00f3wi\u0142. <\/p>\n<blockquote><p>Poniewa\u017c Marina ma si\u0119 faktycznie przenie\u015b\u0107 w now\u0105 lokalizacj\u0119, warto \u017ceby studenci si\u0119 przyjrzeli tej lokalizacji i zaproponowali takie wst\u0119pne koncepcje jak by mog\u0142a wygl\u0105da\u0107 nowa siedziba<\/p><\/blockquote>\n<p>&#8211; t\u0142umaczy\u0142 Stangel.<\/p>\n<p>&#8211; Problem lokalizacji naszej Mariny jest taki, \u017ce znajdujemy si\u0119 na terenie zak\u0142adu przemys\u0142owego, jakim jest \u015al\u0105skie Centrum Logistyki i ruch turystyczny, kt\u00f3ry generujemy jest w kolizji z prac\u0105 tego zak\u0142adu &#8211; m\u00f3wi\u0142a Ewa Sternal, w\u0142a\u015bcicielka Mariny. <\/p>\n<p>&#8211; Ma\u0142a przestrze\u0144, jak\u0105 tam dzier\u017cawimy te\u017c jest ograniczeniem, bo nie mo\u017cemy ju\u017c nic wi\u0119cej osi\u0105gn\u0105\u0107, ni\u017c to co osi\u0105gn\u0119li\u015bmy tam, st\u0105d zrodzi\u0142 si\u0119 pomys\u0142 przeniesienia, znalezienia jakiej\u015b nowej lokalizacji &#8211; doda\u0142a. <\/p>\n<p>W\u0142a\u015bciciele Mariny czekaj\u0105 aktualnie na podpisanie z miastem umowy dzier\u017cawy odpowiedniej dzia\u0142ki. Staraj\u0105 si\u0119 tak\u017ce pozyska\u0107 \u015brodki finansowe ze \u017ar\u00f3de\u0142 zewn\u0119trznych, kt\u00f3re pozwol\u0105 rozbudowa\u0107 przysta\u0144. Po przeprowadzce obiekt mia\u0142by mie\u015bci\u0107 si\u0119 przed \u015bluz\u0105 w \u0141ab\u0119dach, nieopodal stacji uzdatniania wody.  <\/p>\n<h4>Lista nagrodzonych<\/h4>\n<p>Na Wydziale Architektury Politechniki \u015al\u0105skiej odby\u0142a si\u0119 prezentacja prac nagrodzonych student\u00f3w. Na wiosn\u0119 planowana jest wystawa projekt\u00f3w w Marinie Gliwice &#8211; otwarta zostanie 28 kwietnia w ramach &#8220;Urodzin Mariny&#8221;.<\/p>\n<p>Rewitalizacja i rewaloryzacja urbanistyczna \u2013 modu\u0142 B<\/p>\n<p>Nagroda: <strong>Martyna Filip, Paulina Kurowska, Kamila Haja<\/strong>; prowadz\u0105cy dr hab.<strong> Micha\u0142 Stangel<\/strong>.<br \/>\n1. wyr\u00f3\u017cnienie: <strong>Eliza Chrapusta, Magdalena Wa\u0142ek, Natalia Sikora, Joanna Wo\u015b<\/strong>; prow. dr hab. <strong>Barbara Stankiewicz<\/strong><br \/>\n2. wyr\u00f3\u017cnienie: <strong>Katarzyna Mercik, Urszula Stolarska<\/strong>; prow. mgr<strong> Andrzej Kos<\/strong><\/p>\n<p><img loading=\"lazy\" decoding=\"async\" src=\"http:\/\/www.24gliwice.pl\/wiadomosci\/wp-content\/uploads\/2018\/02\/1-1nagroda-urbi.jpg\" alt=\"\" width=\"806\" height=\"1000\" class=\"aligncenter size-full wp-image-111913\" srcset=\"https:\/\/www.24gliwice.pl\/wiadomosci\/wp-content\/uploads\/2018\/02\/1-1nagroda-urbi.jpg 806w, https:\/\/www.24gliwice.pl\/wiadomosci\/wp-content\/uploads\/2018\/02\/1-1nagroda-urbi-187x232.jpg 187w, https:\/\/www.24gliwice.pl\/wiadomosci\/wp-content\/uploads\/2018\/02\/1-1nagroda-urbi-768x953.jpg 768w, https:\/\/www.24gliwice.pl\/wiadomosci\/wp-content\/uploads\/2018\/02\/1-1nagroda-urbi-367x455.jpg 367w\" sizes=\"auto, (max-width: 806px) 100vw, 806px\" \/><\/p>\n<p>Projektowanie Architektoniczne, Architektura Wielofunkcyjnych Zespo\u0142\u00f3w U\u017cyteczno\u015bci Publicznej<\/p>\n<p>Nagroda: <strong>El\u017cbieta Janerka<\/strong>, prow. dr hab. in\u017c. arch. <strong>Beata Pa\u0142ubicka Majerska<\/strong><br \/>\n1. wyr\u00f3\u017cnienie:<strong> Magdalena Wa\u0142ek i Natalia Sikora<\/strong>, prow. dr in\u017c. arch.<strong> Anna Kossak-Jagodzi\u0144ska<\/strong><br \/>\n2. wyr\u00f3\u017cnienie: <strong>Marcin Kryjak<\/strong>, prow. dr in\u017c. arch. <strong>Ma\u0142gorzata Balcer-Zgraja<\/strong><\/p>\n<p><img loading=\"lazy\" decoding=\"async\" src=\"http:\/\/www.24gliwice.pl\/wiadomosci\/wp-content\/uploads\/2018\/02\/1-1-nagr.jpg\" alt=\"\" width=\"1000\" height=\"836\" class=\"aligncenter size-full wp-image-111912\" srcset=\"https:\/\/www.24gliwice.pl\/wiadomosci\/wp-content\/uploads\/2018\/02\/1-1-nagr.jpg 1000w, https:\/\/www.24gliwice.pl\/wiadomosci\/wp-content\/uploads\/2018\/02\/1-1-nagr-278x232.jpg 278w, https:\/\/www.24gliwice.pl\/wiadomosci\/wp-content\/uploads\/2018\/02\/1-1-nagr-768x642.jpg 768w, https:\/\/www.24gliwice.pl\/wiadomosci\/wp-content\/uploads\/2018\/02\/1-1-nagr-544x455.jpg 544w, https:\/\/www.24gliwice.pl\/wiadomosci\/wp-content\/uploads\/2018\/02\/1-1-nagr-810x677.jpg 810w\" sizes=\"auto, (max-width: 1000px) 100vw, 1000px\" \/><\/p>\n<p><img loading=\"lazy\" decoding=\"async\" src=\"http:\/\/www.24gliwice.pl\/wiadomosci\/wp-content\/uploads\/2018\/02\/1-wyroznienie.jpg\" alt=\"\" width=\"1000\" height=\"759\" class=\"aligncenter size-full wp-image-111917\" srcset=\"https:\/\/www.24gliwice.pl\/wiadomosci\/wp-content\/uploads\/2018\/02\/1-wyroznienie.jpg 1000w, https:\/\/www.24gliwice.pl\/wiadomosci\/wp-content\/uploads\/2018\/02\/1-wyroznienie-306x232.jpg 306w, https:\/\/www.24gliwice.pl\/wiadomosci\/wp-content\/uploads\/2018\/02\/1-wyroznienie-768x583.jpg 768w, https:\/\/www.24gliwice.pl\/wiadomosci\/wp-content\/uploads\/2018\/02\/1-wyroznienie-599x455.jpg 599w, https:\/\/www.24gliwice.pl\/wiadomosci\/wp-content\/uploads\/2018\/02\/1-wyroznienie-810x615.jpg 810w\" sizes=\"auto, (max-width: 1000px) 100vw, 1000px\" \/><\/p>\n<div class=\"gliwi-a5-na-koncu-artykulow gliwi-entity-placement\" id=\"gliwi-33958851\"><div class=\"gliwi-adlabel\"><span style=\"font-size: 9px\">REKLAMA<\/span><\/div><div id=\"gliwi-1492350081\" style=\"margin-left: auto;margin-right: auto;text-align: center;\"><a data-no-instant=\"1\" href=\"https:\/\/prezeroarenagliwice.pl\/\" rel=\"noopener\" class=\"a2t-link\" target=\"_blank\" aria-label=\"20260309-PREZERO-WIOSNA-D\"><img loading=\"lazy\" decoding=\"async\" src=\"https:\/\/www.24gliwice.pl\/wiadomosci\/wp-content\/uploads\/2026\/03\/20260309-PREZERO-WIOSNA-D.webp\" alt=\"\"  srcset=\"https:\/\/www.24gliwice.pl\/wiadomosci\/wp-content\/uploads\/2026\/03\/20260309-PREZERO-WIOSNA-D.webp 750w, https:\/\/www.24gliwice.pl\/wiadomosci\/wp-content\/uploads\/2026\/03\/20260309-PREZERO-WIOSNA-D-410x109.webp 410w\" sizes=\"(max-width: 750px) 100vw, 750px\" class=\"no-lazyload\" width=\"750\" height=\"200\"  style=\"display: inline-block; max-width: 100%; height: auto;\" \/><\/a><\/div><\/div>","protected":false},"excerpt":{"rendered":"<p>Przysta\u0144 motorowodna z Portu ma przeprowadzi\u0107 si\u0119 w inne miejsce, studenci Wydzia\u0142u Architektury Politechniki \u015al\u0105skiej opracowali studialne koncepcje zagospodarowania terenu nowej lokalizacji Mariny Gliwice. Zaprojektowana siedziba mia\u0142aby mie\u015bci\u0107 si\u0119 w pobli\u017cu \u015aluzy &#8220;\u0141ab\u0119dy&#8221;, oko\u0142o 1 km na p\u00f3\u0142noc od Portu Gliwice. Propozycje opracowano w ramach zaj\u0119\u0107 z dw\u00f3ch przedmiot\u00f3w: projektowania urbanistycznego oraz projektowania architektonicznego. [perfectpullquote [&hellip;]<\/p>\n","protected":false},"author":15,"featured_media":111914,"comment_status":"open","ping_status":"closed","sticky":false,"template":"","format":"video","meta":{"_monsterinsights_skip_tracking":false,"_monsterinsights_sitenote_active":false,"_monsterinsights_sitenote_note":"","_monsterinsights_sitenote_category":0,"footnotes":"","_links_to":"","_links_to_target":""},"categories":[3,1,9,4],"tags":[2437,8693,5343,9711,2408,8696,6539,10206,411,10537],"class_list":["post-111768","post","type-post","status-publish","format-video","has-post-thumbnail","hentry","category-gliwice","category-wszystko","category-aktualnosci_lokalne","category-telewizja-gliwice","tag-kanal-gliwicki","tag-konkurs","tag-klodnica","tag-marina","tag-marina-gliwice","tag-nagrody","tag-port-gliwice","tag-projekt","tag-studenci","tag-wydzial-architektury","post_format-post-format-video"],"yoast_head":"<!-- This site is optimized with the Yoast SEO plugin v27.5 - https:\/\/yoast.com\/product\/yoast-seo-wordpress\/ -->\n<title>Gliwicka Marina zmieni lokalizacj\u0119. Zaprezentowano koncepcje nowej przystani na Kanale Gliwickim - 24GLIWICE - Portal Gliwice | codziennie nowe informacje<\/title>\n<meta name=\"robots\" content=\"index, follow, max-snippet:-1, max-image-preview:large, max-video-preview:-1\" \/>\n<link rel=\"canonical\" href=\"https:\/\/www.24gliwice.pl\/wiadomosci\/gliwicka-marina-zmieni-lokalizacje-zaprezentowano-koncepcje-nowej-przystani-na-kanale-gliwickim\/\" \/>\n<meta property=\"og:locale\" content=\"pl_PL\" \/>\n<meta property=\"og:type\" content=\"article\" \/>\n<meta property=\"og:title\" content=\"Gliwicka Marina zmieni lokalizacj\u0119. Zaprezentowano koncepcje nowej przystani na Kanale Gliwickim - 24GLIWICE - Portal Gliwice | codziennie nowe informacje\" \/>\n<meta property=\"og:description\" content=\"Przysta\u0144 motorowodna z Portu ma przeprowadzi\u0107 si\u0119 w inne miejsce, studenci Wydzia\u0142u Architektury Politechniki \u015al\u0105skiej opracowali studialne koncepcje zagospodarowania terenu nowej lokalizacji Mariny Gliwice. Zaprojektowana siedziba mia\u0142aby mie\u015bci\u0107 si\u0119 w pobli\u017cu \u015aluzy &#8220;\u0141ab\u0119dy&#8221;, oko\u0142o 1 km na p\u00f3\u0142noc od Portu Gliwice. Propozycje opracowano w ramach zaj\u0119\u0107 z dw\u00f3ch przedmiot\u00f3w: projektowania urbanistycznego oraz projektowania architektonicznego. [perfectpullquote [&hellip;]\" \/>\n<meta property=\"og:url\" content=\"https:\/\/www.24gliwice.pl\/wiadomosci\/gliwicka-marina-zmieni-lokalizacje-zaprezentowano-koncepcje-nowej-przystani-na-kanale-gliwickim\/\" \/>\n<meta property=\"og:site_name\" content=\"24GLIWICE - Portal Gliwice | codziennie nowe informacje\" \/>\n<meta property=\"article:publisher\" content=\"https:\/\/www.facebook.com\/24gliwice\" \/>\n<meta property=\"article:published_time\" content=\"2018-02-04T02:13:39+00:00\" \/>\n<meta property=\"article:modified_time\" content=\"2018-02-04T02:16:45+00:00\" \/>\n<meta property=\"og:image\" content=\"https:\/\/www.24gliwice.pl\/wiadomosci\/wp-content\/uploads\/2018\/02\/1-002.jpg\" \/>\n\t<meta property=\"og:image:width\" content=\"974\" \/>\n\t<meta property=\"og:image:height\" content=\"550\" \/>\n\t<meta property=\"og:image:type\" content=\"image\/jpeg\" \/>\n<meta name=\"author\" content=\"\u017baneta Mrozek-Siewierska\" \/>\n<meta name=\"twitter:card\" content=\"summary_large_image\" \/>\n<meta name=\"twitter:creator\" content=\"@24gliwice\" \/>\n<meta name=\"twitter:site\" content=\"@24gliwice\" \/>\n<meta name=\"twitter:label1\" content=\"Napisane przez\" \/>\n\t<meta name=\"twitter:data1\" content=\"\u017baneta Mrozek-Siewierska\" \/>\n\t<meta name=\"twitter:label2\" content=\"Szacowany czas czytania\" \/>\n\t<meta name=\"twitter:data2\" content=\"2 minuty\" \/>\n<script type=\"application\/ld+json\" class=\"yoast-schema-graph\">{\"@context\":\"https:\\\/\\\/schema.org\",\"@graph\":[{\"@type\":\"Article\",\"@id\":\"https:\\\/\\\/www.24gliwice.pl\\\/wiadomosci\\\/gliwicka-marina-zmieni-lokalizacje-zaprezentowano-koncepcje-nowej-przystani-na-kanale-gliwickim\\\/#article\",\"isPartOf\":{\"@id\":\"https:\\\/\\\/www.24gliwice.pl\\\/wiadomosci\\\/gliwicka-marina-zmieni-lokalizacje-zaprezentowano-koncepcje-nowej-przystani-na-kanale-gliwickim\\\/\"},\"author\":{\"name\":\"\u017baneta Mrozek-Siewierska\",\"@id\":\"https:\\\/\\\/www.24gliwice.pl\\\/wiadomosci\\\/#\\\/schema\\\/person\\\/e42c650edd7f2fa332be3811fb166b6e\"},\"headline\":\"Gliwicka Marina zmieni lokalizacj\u0119. Zaprezentowano koncepcje nowej przystani na Kanale Gliwickim\",\"datePublished\":\"2018-02-04T02:13:39+00:00\",\"dateModified\":\"2018-02-04T02:16:45+00:00\",\"mainEntityOfPage\":{\"@id\":\"https:\\\/\\\/www.24gliwice.pl\\\/wiadomosci\\\/gliwicka-marina-zmieni-lokalizacje-zaprezentowano-koncepcje-nowej-przystani-na-kanale-gliwickim\\\/\"},\"wordCount\":499,\"commentCount\":0,\"publisher\":{\"@id\":\"https:\\\/\\\/www.24gliwice.pl\\\/wiadomosci\\\/#organization\"},\"image\":{\"@id\":\"https:\\\/\\\/www.24gliwice.pl\\\/wiadomosci\\\/gliwicka-marina-zmieni-lokalizacje-zaprezentowano-koncepcje-nowej-przystani-na-kanale-gliwickim\\\/#primaryimage\"},\"thumbnailUrl\":\"https:\\\/\\\/www.24gliwice.pl\\\/wiadomosci\\\/wp-content\\\/uploads\\\/2018\\\/02\\\/1-002.jpg\",\"keywords\":[\"KANA\u0141 GLIWICKI\",\"KONKURS\",\"K\u0141ODNICA\",\"marina\",\"MARINA GLIWICE\",\"nagrody\",\"port gliwice\",\"projekt\",\"STUDENCI\",\"wydzia\u0142 architektury\"],\"articleSection\":[\"Gliwice\",\"Najnowsze wiadomo\u015bci\",\"Portal Gliwice - Wiadomo\u015bci lokalne\",\"Telewizja, materia\u0142y wideo\"],\"inLanguage\":\"pl-PL\",\"potentialAction\":[{\"@type\":\"CommentAction\",\"name\":\"Comment\",\"target\":[\"https:\\\/\\\/www.24gliwice.pl\\\/wiadomosci\\\/gliwicka-marina-zmieni-lokalizacje-zaprezentowano-koncepcje-nowej-przystani-na-kanale-gliwickim\\\/#respond\"]}]},{\"@type\":\"WebPage\",\"@id\":\"https:\\\/\\\/www.24gliwice.pl\\\/wiadomosci\\\/gliwicka-marina-zmieni-lokalizacje-zaprezentowano-koncepcje-nowej-przystani-na-kanale-gliwickim\\\/\",\"url\":\"https:\\\/\\\/www.24gliwice.pl\\\/wiadomosci\\\/gliwicka-marina-zmieni-lokalizacje-zaprezentowano-koncepcje-nowej-przystani-na-kanale-gliwickim\\\/\",\"name\":\"Gliwicka Marina zmieni lokalizacj\u0119. Zaprezentowano koncepcje nowej przystani na Kanale Gliwickim - 24GLIWICE - Portal Gliwice | codziennie nowe informacje\",\"isPartOf\":{\"@id\":\"https:\\\/\\\/www.24gliwice.pl\\\/wiadomosci\\\/#website\"},\"primaryImageOfPage\":{\"@id\":\"https:\\\/\\\/www.24gliwice.pl\\\/wiadomosci\\\/gliwicka-marina-zmieni-lokalizacje-zaprezentowano-koncepcje-nowej-przystani-na-kanale-gliwickim\\\/#primaryimage\"},\"image\":{\"@id\":\"https:\\\/\\\/www.24gliwice.pl\\\/wiadomosci\\\/gliwicka-marina-zmieni-lokalizacje-zaprezentowano-koncepcje-nowej-przystani-na-kanale-gliwickim\\\/#primaryimage\"},\"thumbnailUrl\":\"https:\\\/\\\/www.24gliwice.pl\\\/wiadomosci\\\/wp-content\\\/uploads\\\/2018\\\/02\\\/1-002.jpg\",\"datePublished\":\"2018-02-04T02:13:39+00:00\",\"dateModified\":\"2018-02-04T02:16:45+00:00\",\"breadcrumb\":{\"@id\":\"https:\\\/\\\/www.24gliwice.pl\\\/wiadomosci\\\/gliwicka-marina-zmieni-lokalizacje-zaprezentowano-koncepcje-nowej-przystani-na-kanale-gliwickim\\\/#breadcrumb\"},\"inLanguage\":\"pl-PL\",\"potentialAction\":[{\"@type\":\"ReadAction\",\"target\":[\"https:\\\/\\\/www.24gliwice.pl\\\/wiadomosci\\\/gliwicka-marina-zmieni-lokalizacje-zaprezentowano-koncepcje-nowej-przystani-na-kanale-gliwickim\\\/\"]}]},{\"@type\":\"ImageObject\",\"inLanguage\":\"pl-PL\",\"@id\":\"https:\\\/\\\/www.24gliwice.pl\\\/wiadomosci\\\/gliwicka-marina-zmieni-lokalizacje-zaprezentowano-koncepcje-nowej-przystani-na-kanale-gliwickim\\\/#primaryimage\",\"url\":\"https:\\\/\\\/www.24gliwice.pl\\\/wiadomosci\\\/wp-content\\\/uploads\\\/2018\\\/02\\\/1-002.jpg\",\"contentUrl\":\"https:\\\/\\\/www.24gliwice.pl\\\/wiadomosci\\\/wp-content\\\/uploads\\\/2018\\\/02\\\/1-002.jpg\",\"width\":974,\"height\":550},{\"@type\":\"BreadcrumbList\",\"@id\":\"https:\\\/\\\/www.24gliwice.pl\\\/wiadomosci\\\/gliwicka-marina-zmieni-lokalizacje-zaprezentowano-koncepcje-nowej-przystani-na-kanale-gliwickim\\\/#breadcrumb\",\"itemListElement\":[{\"@type\":\"ListItem\",\"position\":1,\"name\":\"Strona g\u0142\u00f3wna\",\"item\":\"https:\\\/\\\/www.24gliwice.pl\\\/wiadomosci\\\/\"},{\"@type\":\"ListItem\",\"position\":2,\"name\":\"Gliwicka Marina zmieni lokalizacj\u0119. Zaprezentowano koncepcje nowej przystani na Kanale Gliwickim\"}]},{\"@type\":\"WebSite\",\"@id\":\"https:\\\/\\\/www.24gliwice.pl\\\/wiadomosci\\\/#website\",\"url\":\"https:\\\/\\\/www.24gliwice.pl\\\/wiadomosci\\\/\",\"name\":\"24GLIWICE - Portal Gliwice | codziennie nowe wiadomo\u015bci\",\"description\":\"Portal Miejski Gliwice\",\"publisher\":{\"@id\":\"https:\\\/\\\/www.24gliwice.pl\\\/wiadomosci\\\/#organization\"},\"potentialAction\":[{\"@type\":\"SearchAction\",\"target\":{\"@type\":\"EntryPoint\",\"urlTemplate\":\"https:\\\/\\\/www.24gliwice.pl\\\/wiadomosci\\\/?s={search_term_string}\"},\"query-input\":{\"@type\":\"PropertyValueSpecification\",\"valueRequired\":true,\"valueName\":\"search_term_string\"}}],\"inLanguage\":\"pl-PL\"},{\"@type\":\"Organization\",\"@id\":\"https:\\\/\\\/www.24gliwice.pl\\\/wiadomosci\\\/#organization\",\"name\":\"24gliwice\",\"url\":\"https:\\\/\\\/www.24gliwice.pl\\\/wiadomosci\\\/\",\"logo\":{\"@type\":\"ImageObject\",\"inLanguage\":\"pl-PL\",\"@id\":\"https:\\\/\\\/www.24gliwice.pl\\\/wiadomosci\\\/#\\\/schema\\\/logo\\\/image\\\/\",\"url\":\"https:\\\/\\\/www.24gliwice.pl\\\/wiadomosci\\\/wp-content\\\/uploads\\\/2024\\\/10\\\/24gliwice-logo-696.jpg\",\"contentUrl\":\"https:\\\/\\\/www.24gliwice.pl\\\/wiadomosci\\\/wp-content\\\/uploads\\\/2024\\\/10\\\/24gliwice-logo-696.jpg\",\"width\":696,\"height\":696,\"caption\":\"24gliwice\"},\"image\":{\"@id\":\"https:\\\/\\\/www.24gliwice.pl\\\/wiadomosci\\\/#\\\/schema\\\/logo\\\/image\\\/\"},\"sameAs\":[\"https:\\\/\\\/www.facebook.com\\\/24gliwice\",\"https:\\\/\\\/x.com\\\/24gliwice\",\"https:\\\/\\\/www.youtube.com\\\/@24gliwice\"]},{\"@type\":\"Person\",\"@id\":\"https:\\\/\\\/www.24gliwice.pl\\\/wiadomosci\\\/#\\\/schema\\\/person\\\/e42c650edd7f2fa332be3811fb166b6e\",\"name\":\"\u017baneta Mrozek-Siewierska\",\"image\":{\"@type\":\"ImageObject\",\"inLanguage\":\"pl-PL\",\"@id\":\"https:\\\/\\\/secure.gravatar.com\\\/avatar\\\/1881429e9c64597c77ad7aef2d0a19be69a3253e57534d16aa15bf3a4d34a0a3?s=96&d=mm&r=g\",\"url\":\"https:\\\/\\\/secure.gravatar.com\\\/avatar\\\/1881429e9c64597c77ad7aef2d0a19be69a3253e57534d16aa15bf3a4d34a0a3?s=96&d=mm&r=g\",\"contentUrl\":\"https:\\\/\\\/secure.gravatar.com\\\/avatar\\\/1881429e9c64597c77ad7aef2d0a19be69a3253e57534d16aa15bf3a4d34a0a3?s=96&d=mm&r=g\",\"caption\":\"\u017baneta Mrozek-Siewierska\"},\"url\":\"https:\\\/\\\/www.24gliwice.pl\\\/wiadomosci\\\/author\\\/zms\\\/\"}]}<\/script>\n<!-- \/ Yoast SEO plugin. -->","yoast_head_json":{"title":"Gliwicka Marina zmieni lokalizacj\u0119. Zaprezentowano koncepcje nowej przystani na Kanale Gliwickim - 24GLIWICE - Portal Gliwice | codziennie nowe informacje","robots":{"index":"index","follow":"follow","max-snippet":"max-snippet:-1","max-image-preview":"max-image-preview:large","max-video-preview":"max-video-preview:-1"},"canonical":"https:\/\/www.24gliwice.pl\/wiadomosci\/gliwicka-marina-zmieni-lokalizacje-zaprezentowano-koncepcje-nowej-przystani-na-kanale-gliwickim\/","og_locale":"pl_PL","og_type":"article","og_title":"Gliwicka Marina zmieni lokalizacj\u0119. Zaprezentowano koncepcje nowej przystani na Kanale Gliwickim - 24GLIWICE - Portal Gliwice | codziennie nowe informacje","og_description":"Przysta\u0144 motorowodna z Portu ma przeprowadzi\u0107 si\u0119 w inne miejsce, studenci Wydzia\u0142u Architektury Politechniki \u015al\u0105skiej opracowali studialne koncepcje zagospodarowania terenu nowej lokalizacji Mariny Gliwice. Zaprojektowana siedziba mia\u0142aby mie\u015bci\u0107 si\u0119 w pobli\u017cu \u015aluzy &#8220;\u0141ab\u0119dy&#8221;, oko\u0142o 1 km na p\u00f3\u0142noc od Portu Gliwice. Propozycje opracowano w ramach zaj\u0119\u0107 z dw\u00f3ch przedmiot\u00f3w: projektowania urbanistycznego oraz projektowania architektonicznego. [perfectpullquote [&hellip;]","og_url":"https:\/\/www.24gliwice.pl\/wiadomosci\/gliwicka-marina-zmieni-lokalizacje-zaprezentowano-koncepcje-nowej-przystani-na-kanale-gliwickim\/","og_site_name":"24GLIWICE - Portal Gliwice | codziennie nowe informacje","article_publisher":"https:\/\/www.facebook.com\/24gliwice","article_published_time":"2018-02-04T02:13:39+00:00","article_modified_time":"2018-02-04T02:16:45+00:00","og_image":[{"width":974,"height":550,"url":"https:\/\/www.24gliwice.pl\/wiadomosci\/wp-content\/uploads\/2018\/02\/1-002.jpg","type":"image\/jpeg"}],"author":"\u017baneta Mrozek-Siewierska","twitter_card":"summary_large_image","twitter_creator":"@24gliwice","twitter_site":"@24gliwice","twitter_misc":{"Napisane przez":"\u017baneta Mrozek-Siewierska","Szacowany czas czytania":"2 minuty"},"schema":{"@context":"https:\/\/schema.org","@graph":[{"@type":"Article","@id":"https:\/\/www.24gliwice.pl\/wiadomosci\/gliwicka-marina-zmieni-lokalizacje-zaprezentowano-koncepcje-nowej-przystani-na-kanale-gliwickim\/#article","isPartOf":{"@id":"https:\/\/www.24gliwice.pl\/wiadomosci\/gliwicka-marina-zmieni-lokalizacje-zaprezentowano-koncepcje-nowej-przystani-na-kanale-gliwickim\/"},"author":{"name":"\u017baneta Mrozek-Siewierska","@id":"https:\/\/www.24gliwice.pl\/wiadomosci\/#\/schema\/person\/e42c650edd7f2fa332be3811fb166b6e"},"headline":"Gliwicka Marina zmieni lokalizacj\u0119. Zaprezentowano koncepcje nowej przystani na Kanale Gliwickim","datePublished":"2018-02-04T02:13:39+00:00","dateModified":"2018-02-04T02:16:45+00:00","mainEntityOfPage":{"@id":"https:\/\/www.24gliwice.pl\/wiadomosci\/gliwicka-marina-zmieni-lokalizacje-zaprezentowano-koncepcje-nowej-przystani-na-kanale-gliwickim\/"},"wordCount":499,"commentCount":0,"publisher":{"@id":"https:\/\/www.24gliwice.pl\/wiadomosci\/#organization"},"image":{"@id":"https:\/\/www.24gliwice.pl\/wiadomosci\/gliwicka-marina-zmieni-lokalizacje-zaprezentowano-koncepcje-nowej-przystani-na-kanale-gliwickim\/#primaryimage"},"thumbnailUrl":"https:\/\/www.24gliwice.pl\/wiadomosci\/wp-content\/uploads\/2018\/02\/1-002.jpg","keywords":["KANA\u0141 GLIWICKI","KONKURS","K\u0141ODNICA","marina","MARINA GLIWICE","nagrody","port gliwice","projekt","STUDENCI","wydzia\u0142 architektury"],"articleSection":["Gliwice","Najnowsze wiadomo\u015bci","Portal Gliwice - Wiadomo\u015bci lokalne","Telewizja, materia\u0142y wideo"],"inLanguage":"pl-PL","potentialAction":[{"@type":"CommentAction","name":"Comment","target":["https:\/\/www.24gliwice.pl\/wiadomosci\/gliwicka-marina-zmieni-lokalizacje-zaprezentowano-koncepcje-nowej-przystani-na-kanale-gliwickim\/#respond"]}]},{"@type":"WebPage","@id":"https:\/\/www.24gliwice.pl\/wiadomosci\/gliwicka-marina-zmieni-lokalizacje-zaprezentowano-koncepcje-nowej-przystani-na-kanale-gliwickim\/","url":"https:\/\/www.24gliwice.pl\/wiadomosci\/gliwicka-marina-zmieni-lokalizacje-zaprezentowano-koncepcje-nowej-przystani-na-kanale-gliwickim\/","name":"Gliwicka Marina zmieni lokalizacj\u0119. Zaprezentowano koncepcje nowej przystani na Kanale Gliwickim - 24GLIWICE - Portal Gliwice | codziennie nowe informacje","isPartOf":{"@id":"https:\/\/www.24gliwice.pl\/wiadomosci\/#website"},"primaryImageOfPage":{"@id":"https:\/\/www.24gliwice.pl\/wiadomosci\/gliwicka-marina-zmieni-lokalizacje-zaprezentowano-koncepcje-nowej-przystani-na-kanale-gliwickim\/#primaryimage"},"image":{"@id":"https:\/\/www.24gliwice.pl\/wiadomosci\/gliwicka-marina-zmieni-lokalizacje-zaprezentowano-koncepcje-nowej-przystani-na-kanale-gliwickim\/#primaryimage"},"thumbnailUrl":"https:\/\/www.24gliwice.pl\/wiadomosci\/wp-content\/uploads\/2018\/02\/1-002.jpg","datePublished":"2018-02-04T02:13:39+00:00","dateModified":"2018-02-04T02:16:45+00:00","breadcrumb":{"@id":"https:\/\/www.24gliwice.pl\/wiadomosci\/gliwicka-marina-zmieni-lokalizacje-zaprezentowano-koncepcje-nowej-przystani-na-kanale-gliwickim\/#breadcrumb"},"inLanguage":"pl-PL","potentialAction":[{"@type":"ReadAction","target":["https:\/\/www.24gliwice.pl\/wiadomosci\/gliwicka-marina-zmieni-lokalizacje-zaprezentowano-koncepcje-nowej-przystani-na-kanale-gliwickim\/"]}]},{"@type":"ImageObject","inLanguage":"pl-PL","@id":"https:\/\/www.24gliwice.pl\/wiadomosci\/gliwicka-marina-zmieni-lokalizacje-zaprezentowano-koncepcje-nowej-przystani-na-kanale-gliwickim\/#primaryimage","url":"https:\/\/www.24gliwice.pl\/wiadomosci\/wp-content\/uploads\/2018\/02\/1-002.jpg","contentUrl":"https:\/\/www.24gliwice.pl\/wiadomosci\/wp-content\/uploads\/2018\/02\/1-002.jpg","width":974,"height":550},{"@type":"BreadcrumbList","@id":"https:\/\/www.24gliwice.pl\/wiadomosci\/gliwicka-marina-zmieni-lokalizacje-zaprezentowano-koncepcje-nowej-przystani-na-kanale-gliwickim\/#breadcrumb","itemListElement":[{"@type":"ListItem","position":1,"name":"Strona g\u0142\u00f3wna","item":"https:\/\/www.24gliwice.pl\/wiadomosci\/"},{"@type":"ListItem","position":2,"name":"Gliwicka Marina zmieni lokalizacj\u0119. Zaprezentowano koncepcje nowej przystani na Kanale Gliwickim"}]},{"@type":"WebSite","@id":"https:\/\/www.24gliwice.pl\/wiadomosci\/#website","url":"https:\/\/www.24gliwice.pl\/wiadomosci\/","name":"24GLIWICE - Portal Gliwice | codziennie nowe wiadomo\u015bci","description":"Portal Miejski Gliwice","publisher":{"@id":"https:\/\/www.24gliwice.pl\/wiadomosci\/#organization"},"potentialAction":[{"@type":"SearchAction","target":{"@type":"EntryPoint","urlTemplate":"https:\/\/www.24gliwice.pl\/wiadomosci\/?s={search_term_string}"},"query-input":{"@type":"PropertyValueSpecification","valueRequired":true,"valueName":"search_term_string"}}],"inLanguage":"pl-PL"},{"@type":"Organization","@id":"https:\/\/www.24gliwice.pl\/wiadomosci\/#organization","name":"24gliwice","url":"https:\/\/www.24gliwice.pl\/wiadomosci\/","logo":{"@type":"ImageObject","inLanguage":"pl-PL","@id":"https:\/\/www.24gliwice.pl\/wiadomosci\/#\/schema\/logo\/image\/","url":"https:\/\/www.24gliwice.pl\/wiadomosci\/wp-content\/uploads\/2024\/10\/24gliwice-logo-696.jpg","contentUrl":"https:\/\/www.24gliwice.pl\/wiadomosci\/wp-content\/uploads\/2024\/10\/24gliwice-logo-696.jpg","width":696,"height":696,"caption":"24gliwice"},"image":{"@id":"https:\/\/www.24gliwice.pl\/wiadomosci\/#\/schema\/logo\/image\/"},"sameAs":["https:\/\/www.facebook.com\/24gliwice","https:\/\/x.com\/24gliwice","https:\/\/www.youtube.com\/@24gliwice"]},{"@type":"Person","@id":"https:\/\/www.24gliwice.pl\/wiadomosci\/#\/schema\/person\/e42c650edd7f2fa332be3811fb166b6e","name":"\u017baneta Mrozek-Siewierska","image":{"@type":"ImageObject","inLanguage":"pl-PL","@id":"https:\/\/secure.gravatar.com\/avatar\/1881429e9c64597c77ad7aef2d0a19be69a3253e57534d16aa15bf3a4d34a0a3?s=96&d=mm&r=g","url":"https:\/\/secure.gravatar.com\/avatar\/1881429e9c64597c77ad7aef2d0a19be69a3253e57534d16aa15bf3a4d34a0a3?s=96&d=mm&r=g","contentUrl":"https:\/\/secure.gravatar.com\/avatar\/1881429e9c64597c77ad7aef2d0a19be69a3253e57534d16aa15bf3a4d34a0a3?s=96&d=mm&r=g","caption":"\u017baneta Mrozek-Siewierska"},"url":"https:\/\/www.24gliwice.pl\/wiadomosci\/author\/zms\/"}]}},"_links":{"self":[{"href":"https:\/\/www.24gliwice.pl\/wiadomosci\/wp-json\/wp\/v2\/posts\/111768","targetHints":{"allow":["GET"]}}],"collection":[{"href":"https:\/\/www.24gliwice.pl\/wiadomosci\/wp-json\/wp\/v2\/posts"}],"about":[{"href":"https:\/\/www.24gliwice.pl\/wiadomosci\/wp-json\/wp\/v2\/types\/post"}],"author":[{"embeddable":true,"href":"https:\/\/www.24gliwice.pl\/wiadomosci\/wp-json\/wp\/v2\/users\/15"}],"replies":[{"embeddable":true,"href":"https:\/\/www.24gliwice.pl\/wiadomosci\/wp-json\/wp\/v2\/comments?post=111768"}],"version-history":[{"count":0,"href":"https:\/\/www.24gliwice.pl\/wiadomosci\/wp-json\/wp\/v2\/posts\/111768\/revisions"}],"wp:featuredmedia":[{"embeddable":true,"href":"https:\/\/www.24gliwice.pl\/wiadomosci\/wp-json\/wp\/v2\/media\/111914"}],"wp:attachment":[{"href":"https:\/\/www.24gliwice.pl\/wiadomosci\/wp-json\/wp\/v2\/media?parent=111768"}],"wp:term":[{"taxonomy":"category","embeddable":true,"href":"https:\/\/www.24gliwice.pl\/wiadomosci\/wp-json\/wp\/v2\/categories?post=111768"},{"taxonomy":"post_tag","embeddable":true,"href":"https:\/\/www.24gliwice.pl\/wiadomosci\/wp-json\/wp\/v2\/tags?post=111768"}],"curies":[{"name":"wp","href":"https:\/\/api.w.org\/{rel}","templated":true}]}}