{"id":111998,"date":"2018-02-06T12:13:07","date_gmt":"2018-02-06T11:13:07","guid":{"rendered":"http:\/\/www.24gliwice.pl\/wiadomosci\/?p=111998"},"modified":"2018-02-06T22:40:08","modified_gmt":"2018-02-06T21:40:08","slug":"mzuk-planuje-nowa-inwestycje-na-terenie-gieldy-samochodowej-bedzie-dzialac-7-dni-w-tygodniu","status":"publish","type":"post","link":"https:\/\/www.24gliwice.pl\/wiadomosci\/mzuk-planuje-nowa-inwestycje-na-terenie-gieldy-samochodowej-bedzie-dzialac-7-dni-w-tygodniu\/","title":{"rendered":"MZUK planuje now\u0105 inwestycj\u0119 na terenie gie\u0142dy samochodowej. B\u0119dzie dzia\u0142a\u0107 7 dni w tygodniu"},"content":{"rendered":"<div class=\"gliwi-a6-nad-leadem-artykulow gliwi-entity-placement\" id=\"gliwi-2852024316\"><div class=\"gliwi-adlabel\"><span style=\"font-size: 9px\">REKLAMA<\/span><\/div><div id=\"gliwi-3591032293\" style=\"margin-bottom: 30px;margin-left: auto;margin-right: auto;text-align: center;\"><a data-no-instant=\"1\" href=\"https:\/\/przedszkole.halogen.org.pl\/\" rel=\"noopener\" class=\"a2t-link\" target=\"_blank\" aria-label=\"20260402-ANIMATOR-przedszkole_grafika_750x200\"><img loading=\"lazy\" decoding=\"async\" src=\"https:\/\/www.24gliwice.pl\/wiadomosci\/wp-content\/uploads\/2026\/04\/20260402-ANIMATOR-przedszkole_grafika_750x200.webp\" alt=\"\"  srcset=\"https:\/\/www.24gliwice.pl\/wiadomosci\/wp-content\/uploads\/2026\/04\/20260402-ANIMATOR-przedszkole_grafika_750x200.webp 750w, https:\/\/www.24gliwice.pl\/wiadomosci\/wp-content\/uploads\/2026\/04\/20260402-ANIMATOR-przedszkole_grafika_750x200-410x109.webp 410w\" sizes=\"(max-width: 750px) 100vw, 750px\" class=\"no-lazyload\" width=\"750\" height=\"200\"  style=\"display: inline-block; max-width: 100%; height: auto;\" \/><\/a><\/div><\/div><h3>Na terenie Gie\u0142dy Samochodowej mo\u017ce powsta\u0107 Centrum Zakupu Pojazd\u00f3w. Obiekt zmieni si\u0119 zdecydowanie na korzy\u015b\u0107.<\/h3>\n<p>Wed\u0142ug plan\u00f3w Miejskiego Zarz\u0105du Us\u0142ug Komunalnych, zarz\u0105dcy terenu, centrum mia\u0142oby funkcjonowa\u0107 przez siedem dni w tygodniu, tradycyjna gie\u0142da pozosta\u0142aby jednak czynna w niedziele.<\/p>\n[perfectpullquote align=&#8221;full&#8221; bordertop=&#8221;false&#8221; cite=&#8221;&#8221; link=&#8221;&#8221; color=&#8221;&#8221; class=&#8221;&#8221; size=&#8221;&#8221;]Centrum Zakupu Pojazd\u00f3w mia\u0142yby tworzy\u0107 m.in. komisy, wypo\u017cyczalnie pojazd\u00f3w, maszyn, przyczep i us\u0142ugi motoryzacyjne oraz pawilony pod wynajem. [\/perfectpullquote]\n<p>Wed\u0142ug wst\u0119pnych za\u0142o\u017ce\u0144 mia\u0142oby ono powsta\u0107 na cz\u0119\u015bci dzia\u0142ek po\u0142o\u017conych wzd\u0142u\u017c ulic B\u0142onie, Kujawskiej i DT\u015a.<\/p><div class=\"gliwi-a3-w-tresci-artykulow gliwi-entity-placement\" id=\"gliwi-2931376852\"><div class=\"gliwi-adlabel\"><span style=\"font-size: 9px\">REKLAMA<\/span><\/div><div id=\"gliwi-3411515867\" style=\"margin-bottom: 30px;margin-left: auto;margin-right: auto;text-align: center;\"><a data-no-instant=\"1\" href=\"https:\/\/ogrodyandersa.pl\/\" rel=\"noopener\" class=\"a2t-link\" target=\"_blank\" aria-label=\"20260415 Ogrody Andersa KUP TERAZ D\"><img loading=\"lazy\" decoding=\"async\" src=\"https:\/\/www.24gliwice.pl\/wiadomosci\/wp-content\/uploads\/2026\/04\/20260415-Ogrody-Andersa-KUP-TERAZ-D.jpg\" alt=\"\"  srcset=\"https:\/\/www.24gliwice.pl\/wiadomosci\/wp-content\/uploads\/2026\/04\/20260415-Ogrody-Andersa-KUP-TERAZ-D.jpg 750w, https:\/\/www.24gliwice.pl\/wiadomosci\/wp-content\/uploads\/2026\/04\/20260415-Ogrody-Andersa-KUP-TERAZ-D-410x109.jpg 410w\" sizes=\"(max-width: 750px) 100vw, 750px\" class=\"no-lazyload\" width=\"750\" height=\"200\"  style=\"display: inline-block; max-width: 100%; height: auto;\" \/><\/a><\/div><\/div>\n<p>\u2013 Budowa Drogowej Trasy \u015arednicowej i modernizacja gie\u0142dy sprawi\u0142y, \u017ce handel w tym miejscu kwitnie. Na prze\u0142omie ostatnich lat na terenie gie\u0142dy powsta\u0142ej w latach 80. XX wieku przeprowadzono wiele inwestycji, kt\u00f3re znacznie poprawi\u0142y komfort zakup\u00f3w i sprzeda\u017cy. W tygodniu dzia\u0142aj\u0105 tam sklepy z cz\u0119\u015bciami samochodowymi i wyposa\u017ceniem dla warsztat\u00f3w oraz komisy oferuj\u0105ce w ci\u0105g\u0142ej sprzeda\u017cy kilkaset samochod\u00f3w, natomiast w ka\u017cdy poniedzia\u0142ek w hali znajduj\u0105cej si\u0119 tu\u017c przy budynku biura gie\u0142dy dzia\u0142a gie\u0142da akwarystyczno \u2013 zoologiczna. Gdy powstanie Centrum Zakupu Pojazd\u00f3w oferta b\u0119dzie jeszcze bardziej atrakcyjna \u2013 t\u0142umaczy <strong>Iwona Janik<\/strong>, rzecznik prasowy MZUK.<\/p>\n<p>MZUK czeka na oferty najemc\u00f3w.<\/p>\n<p>(\u017cms)\/UM(mf)<\/p>\n<div class=\"gliwi-a5-na-koncu-artykulow gliwi-entity-placement\" id=\"gliwi-1004414879\"><div class=\"gliwi-adlabel\"><span style=\"font-size: 9px\">REKLAMA<\/span><\/div><div id=\"gliwi-3135830105\" style=\"margin-left: auto;margin-right: auto;text-align: center;\"><a data-no-instant=\"1\" href=\"https:\/\/www.jasek.pl\/\" rel=\"noopener\" class=\"a2t-link\" target=\"_blank\" aria-label=\"20200401-jasek 600\"><img loading=\"lazy\" decoding=\"async\" src=\"https:\/\/www.24gliwice.pl\/wiadomosci\/wp-content\/uploads\/2020\/04\/20200401-jasek-600.jpg\" alt=\"\"  srcset=\"https:\/\/www.24gliwice.pl\/wiadomosci\/wp-content\/uploads\/2020\/04\/20200401-jasek-600.jpg 600w, https:\/\/www.24gliwice.pl\/wiadomosci\/wp-content\/uploads\/2020\/04\/20200401-jasek-600-410x109.jpg 410w\" sizes=\"(max-width: 600px) 100vw, 600px\" class=\"no-lazyload\" width=\"600\" height=\"160\"  style=\"display: inline-block; max-width: 100%; height: auto;\" \/><\/a><\/div><\/div>","protected":false},"excerpt":{"rendered":"<p>Na terenie Gie\u0142dy Samochodowej mo\u017ce powsta\u0107 Centrum Zakupu Pojazd\u00f3w. Obiekt zmieni si\u0119 zdecydowanie na korzy\u015b\u0107. Wed\u0142ug plan\u00f3w Miejskiego Zarz\u0105du Us\u0142ug Komunalnych, zarz\u0105dcy terenu, centrum mia\u0142oby funkcjonowa\u0107 przez siedem dni w tygodniu, tradycyjna gie\u0142da pozosta\u0142aby jednak czynna w niedziele. [perfectpullquote align=&#8221;full&#8221; bordertop=&#8221;false&#8221; cite=&#8221;&#8221; link=&#8221;&#8221; color=&#8221;&#8221; class=&#8221;&#8221; size=&#8221;&#8221;]Centrum Zakupu Pojazd\u00f3w mia\u0142yby tworzy\u0107 m.in. komisy, wypo\u017cyczalnie pojazd\u00f3w, maszyn, [&hellip;]<\/p>\n","protected":false},"author":15,"featured_media":104174,"comment_status":"open","ping_status":"closed","sticky":false,"template":"","format":"standard","meta":{"_monsterinsights_skip_tracking":false,"_monsterinsights_sitenote_active":false,"_monsterinsights_sitenote_note":"","_monsterinsights_sitenote_category":0,"footnotes":"","_links_to":"","_links_to_target":""},"categories":[3,1],"tags":[9983,1197,11463,10998,5745,9426,257,11462,9559],"class_list":["post-111998","post","type-post","status-publish","format-standard","has-post-thumbnail","hentry","category-gliwice","category-wszystko","tag-blonie","tag-dts","tag-gielda","tag-gielda-samochodowa","tag-inwestycje","tag-kujawska","tag-mzuk","tag-sklep-motoryzacyjny","tag-wypozyczalnia"],"yoast_head":"<!-- This site is optimized with the Yoast SEO plugin v27.5 - https:\/\/yoast.com\/product\/yoast-seo-wordpress\/ -->\n<title>MZUK planuje now\u0105 inwestycj\u0119 na terenie gie\u0142dy samochodowej. B\u0119dzie dzia\u0142a\u0107 7 dni w tygodniu - 24GLIWICE - Portal Gliwice | codziennie nowe informacje<\/title>\n<meta name=\"robots\" content=\"index, follow, max-snippet:-1, max-image-preview:large, max-video-preview:-1\" \/>\n<link rel=\"canonical\" href=\"https:\/\/www.24gliwice.pl\/wiadomosci\/mzuk-planuje-nowa-inwestycje-na-terenie-gieldy-samochodowej-bedzie-dzialac-7-dni-w-tygodniu\/\" \/>\n<meta property=\"og:locale\" content=\"pl_PL\" \/>\n<meta property=\"og:type\" content=\"article\" \/>\n<meta property=\"og:title\" content=\"MZUK planuje now\u0105 inwestycj\u0119 na terenie gie\u0142dy samochodowej. B\u0119dzie dzia\u0142a\u0107 7 dni w tygodniu - 24GLIWICE - Portal Gliwice | codziennie nowe informacje\" \/>\n<meta property=\"og:description\" content=\"Na terenie Gie\u0142dy Samochodowej mo\u017ce powsta\u0107 Centrum Zakupu Pojazd\u00f3w. Obiekt zmieni si\u0119 zdecydowanie na korzy\u015b\u0107. Wed\u0142ug plan\u00f3w Miejskiego Zarz\u0105du Us\u0142ug Komunalnych, zarz\u0105dcy terenu, centrum mia\u0142oby funkcjonowa\u0107 przez siedem dni w tygodniu, tradycyjna gie\u0142da pozosta\u0142aby jednak czynna w niedziele. [perfectpullquote align=&#8221;full&#8221; bordertop=&#8221;false&#8221; cite=&#8221;&#8221; link=&#8221;&#8221; color=&#8221;&#8221; class=&#8221;&#8221; size=&#8221;&#8221;]Centrum Zakupu Pojazd\u00f3w mia\u0142yby tworzy\u0107 m.in. komisy, wypo\u017cyczalnie pojazd\u00f3w, maszyn, [&hellip;]\" \/>\n<meta property=\"og:url\" content=\"https:\/\/www.24gliwice.pl\/wiadomosci\/mzuk-planuje-nowa-inwestycje-na-terenie-gieldy-samochodowej-bedzie-dzialac-7-dni-w-tygodniu\/\" \/>\n<meta property=\"og:site_name\" content=\"24GLIWICE - Portal Gliwice | codziennie nowe informacje\" \/>\n<meta property=\"article:publisher\" content=\"https:\/\/www.facebook.com\/24gliwice\" \/>\n<meta property=\"article:published_time\" content=\"2018-02-06T11:13:07+00:00\" \/>\n<meta property=\"article:modified_time\" content=\"2018-02-06T21:40:08+00:00\" \/>\n<meta property=\"og:image\" content=\"https:\/\/www.24gliwice.pl\/wiadomosci\/wp-content\/uploads\/2017\/09\/gie\u0142da.jpg\" \/>\n\t<meta property=\"og:image:width\" content=\"810\" \/>\n\t<meta property=\"og:image:height\" content=\"456\" \/>\n\t<meta property=\"og:image:type\" content=\"image\/jpeg\" \/>\n<meta name=\"author\" content=\"\u017baneta Mrozek-Siewierska\" \/>\n<meta name=\"twitter:card\" content=\"summary_large_image\" \/>\n<meta name=\"twitter:creator\" content=\"@24gliwice\" \/>\n<meta name=\"twitter:site\" content=\"@24gliwice\" \/>\n<meta name=\"twitter:label1\" content=\"Napisane przez\" \/>\n\t<meta name=\"twitter:data1\" content=\"\u017baneta Mrozek-Siewierska\" \/>\n\t<meta name=\"twitter:label2\" content=\"Szacowany czas czytania\" \/>\n\t<meta name=\"twitter:data2\" content=\"1 minuta\" \/>\n<script type=\"application\/ld+json\" class=\"yoast-schema-graph\">{\"@context\":\"https:\\\/\\\/schema.org\",\"@graph\":[{\"@type\":\"Article\",\"@id\":\"https:\\\/\\\/www.24gliwice.pl\\\/wiadomosci\\\/mzuk-planuje-nowa-inwestycje-na-terenie-gieldy-samochodowej-bedzie-dzialac-7-dni-w-tygodniu\\\/#article\",\"isPartOf\":{\"@id\":\"https:\\\/\\\/www.24gliwice.pl\\\/wiadomosci\\\/mzuk-planuje-nowa-inwestycje-na-terenie-gieldy-samochodowej-bedzie-dzialac-7-dni-w-tygodniu\\\/\"},\"author\":{\"name\":\"\u017baneta Mrozek-Siewierska\",\"@id\":\"https:\\\/\\\/www.24gliwice.pl\\\/wiadomosci\\\/#\\\/schema\\\/person\\\/e42c650edd7f2fa332be3811fb166b6e\"},\"headline\":\"MZUK planuje now\u0105 inwestycj\u0119 na terenie gie\u0142dy samochodowej. B\u0119dzie dzia\u0142a\u0107 7 dni w tygodniu\",\"datePublished\":\"2018-02-06T11:13:07+00:00\",\"dateModified\":\"2018-02-06T21:40:08+00:00\",\"mainEntityOfPage\":{\"@id\":\"https:\\\/\\\/www.24gliwice.pl\\\/wiadomosci\\\/mzuk-planuje-nowa-inwestycje-na-terenie-gieldy-samochodowej-bedzie-dzialac-7-dni-w-tygodniu\\\/\"},\"wordCount\":252,\"commentCount\":0,\"publisher\":{\"@id\":\"https:\\\/\\\/www.24gliwice.pl\\\/wiadomosci\\\/#organization\"},\"image\":{\"@id\":\"https:\\\/\\\/www.24gliwice.pl\\\/wiadomosci\\\/mzuk-planuje-nowa-inwestycje-na-terenie-gieldy-samochodowej-bedzie-dzialac-7-dni-w-tygodniu\\\/#primaryimage\"},\"thumbnailUrl\":\"https:\\\/\\\/www.24gliwice.pl\\\/wiadomosci\\\/wp-content\\\/uploads\\\/2017\\\/09\\\/gie\u0142da.jpg\",\"keywords\":[\"b\u0142onie\",\"DT\u015a\",\"gie\u0142da\",\"GIE\u0141DA SAMOCHODOWA\",\"INWESTYCJE\",\"KUJAWSKA\",\"MZUK\",\"sklep motoryzacyjny\",\"wypo\u017cyczalnia\"],\"articleSection\":[\"Gliwice\",\"Najnowsze wiadomo\u015bci\"],\"inLanguage\":\"pl-PL\",\"potentialAction\":[{\"@type\":\"CommentAction\",\"name\":\"Comment\",\"target\":[\"https:\\\/\\\/www.24gliwice.pl\\\/wiadomosci\\\/mzuk-planuje-nowa-inwestycje-na-terenie-gieldy-samochodowej-bedzie-dzialac-7-dni-w-tygodniu\\\/#respond\"]}]},{\"@type\":\"WebPage\",\"@id\":\"https:\\\/\\\/www.24gliwice.pl\\\/wiadomosci\\\/mzuk-planuje-nowa-inwestycje-na-terenie-gieldy-samochodowej-bedzie-dzialac-7-dni-w-tygodniu\\\/\",\"url\":\"https:\\\/\\\/www.24gliwice.pl\\\/wiadomosci\\\/mzuk-planuje-nowa-inwestycje-na-terenie-gieldy-samochodowej-bedzie-dzialac-7-dni-w-tygodniu\\\/\",\"name\":\"MZUK planuje now\u0105 inwestycj\u0119 na terenie gie\u0142dy samochodowej. B\u0119dzie dzia\u0142a\u0107 7 dni w tygodniu - 24GLIWICE - Portal Gliwice | codziennie nowe informacje\",\"isPartOf\":{\"@id\":\"https:\\\/\\\/www.24gliwice.pl\\\/wiadomosci\\\/#website\"},\"primaryImageOfPage\":{\"@id\":\"https:\\\/\\\/www.24gliwice.pl\\\/wiadomosci\\\/mzuk-planuje-nowa-inwestycje-na-terenie-gieldy-samochodowej-bedzie-dzialac-7-dni-w-tygodniu\\\/#primaryimage\"},\"image\":{\"@id\":\"https:\\\/\\\/www.24gliwice.pl\\\/wiadomosci\\\/mzuk-planuje-nowa-inwestycje-na-terenie-gieldy-samochodowej-bedzie-dzialac-7-dni-w-tygodniu\\\/#primaryimage\"},\"thumbnailUrl\":\"https:\\\/\\\/www.24gliwice.pl\\\/wiadomosci\\\/wp-content\\\/uploads\\\/2017\\\/09\\\/gie\u0142da.jpg\",\"datePublished\":\"2018-02-06T11:13:07+00:00\",\"dateModified\":\"2018-02-06T21:40:08+00:00\",\"breadcrumb\":{\"@id\":\"https:\\\/\\\/www.24gliwice.pl\\\/wiadomosci\\\/mzuk-planuje-nowa-inwestycje-na-terenie-gieldy-samochodowej-bedzie-dzialac-7-dni-w-tygodniu\\\/#breadcrumb\"},\"inLanguage\":\"pl-PL\",\"potentialAction\":[{\"@type\":\"ReadAction\",\"target\":[\"https:\\\/\\\/www.24gliwice.pl\\\/wiadomosci\\\/mzuk-planuje-nowa-inwestycje-na-terenie-gieldy-samochodowej-bedzie-dzialac-7-dni-w-tygodniu\\\/\"]}]},{\"@type\":\"ImageObject\",\"inLanguage\":\"pl-PL\",\"@id\":\"https:\\\/\\\/www.24gliwice.pl\\\/wiadomosci\\\/mzuk-planuje-nowa-inwestycje-na-terenie-gieldy-samochodowej-bedzie-dzialac-7-dni-w-tygodniu\\\/#primaryimage\",\"url\":\"https:\\\/\\\/www.24gliwice.pl\\\/wiadomosci\\\/wp-content\\\/uploads\\\/2017\\\/09\\\/gie\u0142da.jpg\",\"contentUrl\":\"https:\\\/\\\/www.24gliwice.pl\\\/wiadomosci\\\/wp-content\\\/uploads\\\/2017\\\/09\\\/gie\u0142da.jpg\",\"width\":810,\"height\":456},{\"@type\":\"BreadcrumbList\",\"@id\":\"https:\\\/\\\/www.24gliwice.pl\\\/wiadomosci\\\/mzuk-planuje-nowa-inwestycje-na-terenie-gieldy-samochodowej-bedzie-dzialac-7-dni-w-tygodniu\\\/#breadcrumb\",\"itemListElement\":[{\"@type\":\"ListItem\",\"position\":1,\"name\":\"Strona g\u0142\u00f3wna\",\"item\":\"https:\\\/\\\/www.24gliwice.pl\\\/wiadomosci\\\/\"},{\"@type\":\"ListItem\",\"position\":2,\"name\":\"MZUK planuje now\u0105 inwestycj\u0119 na terenie gie\u0142dy samochodowej. B\u0119dzie dzia\u0142a\u0107 7 dni w tygodniu\"}]},{\"@type\":\"WebSite\",\"@id\":\"https:\\\/\\\/www.24gliwice.pl\\\/wiadomosci\\\/#website\",\"url\":\"https:\\\/\\\/www.24gliwice.pl\\\/wiadomosci\\\/\",\"name\":\"24GLIWICE - Portal Gliwice | codziennie nowe wiadomo\u015bci\",\"description\":\"Portal Miejski Gliwice\",\"publisher\":{\"@id\":\"https:\\\/\\\/www.24gliwice.pl\\\/wiadomosci\\\/#organization\"},\"potentialAction\":[{\"@type\":\"SearchAction\",\"target\":{\"@type\":\"EntryPoint\",\"urlTemplate\":\"https:\\\/\\\/www.24gliwice.pl\\\/wiadomosci\\\/?s={search_term_string}\"},\"query-input\":{\"@type\":\"PropertyValueSpecification\",\"valueRequired\":true,\"valueName\":\"search_term_string\"}}],\"inLanguage\":\"pl-PL\"},{\"@type\":\"Organization\",\"@id\":\"https:\\\/\\\/www.24gliwice.pl\\\/wiadomosci\\\/#organization\",\"name\":\"24gliwice\",\"url\":\"https:\\\/\\\/www.24gliwice.pl\\\/wiadomosci\\\/\",\"logo\":{\"@type\":\"ImageObject\",\"inLanguage\":\"pl-PL\",\"@id\":\"https:\\\/\\\/www.24gliwice.pl\\\/wiadomosci\\\/#\\\/schema\\\/logo\\\/image\\\/\",\"url\":\"https:\\\/\\\/www.24gliwice.pl\\\/wiadomosci\\\/wp-content\\\/uploads\\\/2024\\\/10\\\/24gliwice-logo-696.jpg\",\"contentUrl\":\"https:\\\/\\\/www.24gliwice.pl\\\/wiadomosci\\\/wp-content\\\/uploads\\\/2024\\\/10\\\/24gliwice-logo-696.jpg\",\"width\":696,\"height\":696,\"caption\":\"24gliwice\"},\"image\":{\"@id\":\"https:\\\/\\\/www.24gliwice.pl\\\/wiadomosci\\\/#\\\/schema\\\/logo\\\/image\\\/\"},\"sameAs\":[\"https:\\\/\\\/www.facebook.com\\\/24gliwice\",\"https:\\\/\\\/x.com\\\/24gliwice\",\"https:\\\/\\\/www.youtube.com\\\/@24gliwice\"]},{\"@type\":\"Person\",\"@id\":\"https:\\\/\\\/www.24gliwice.pl\\\/wiadomosci\\\/#\\\/schema\\\/person\\\/e42c650edd7f2fa332be3811fb166b6e\",\"name\":\"\u017baneta Mrozek-Siewierska\",\"image\":{\"@type\":\"ImageObject\",\"inLanguage\":\"pl-PL\",\"@id\":\"https:\\\/\\\/secure.gravatar.com\\\/avatar\\\/1881429e9c64597c77ad7aef2d0a19be69a3253e57534d16aa15bf3a4d34a0a3?s=96&d=mm&r=g\",\"url\":\"https:\\\/\\\/secure.gravatar.com\\\/avatar\\\/1881429e9c64597c77ad7aef2d0a19be69a3253e57534d16aa15bf3a4d34a0a3?s=96&d=mm&r=g\",\"contentUrl\":\"https:\\\/\\\/secure.gravatar.com\\\/avatar\\\/1881429e9c64597c77ad7aef2d0a19be69a3253e57534d16aa15bf3a4d34a0a3?s=96&d=mm&r=g\",\"caption\":\"\u017baneta Mrozek-Siewierska\"},\"url\":\"https:\\\/\\\/www.24gliwice.pl\\\/wiadomosci\\\/author\\\/zms\\\/\"}]}<\/script>\n<!-- \/ Yoast SEO plugin. -->","yoast_head_json":{"title":"MZUK planuje now\u0105 inwestycj\u0119 na terenie gie\u0142dy samochodowej. B\u0119dzie dzia\u0142a\u0107 7 dni w tygodniu - 24GLIWICE - Portal Gliwice | codziennie nowe informacje","robots":{"index":"index","follow":"follow","max-snippet":"max-snippet:-1","max-image-preview":"max-image-preview:large","max-video-preview":"max-video-preview:-1"},"canonical":"https:\/\/www.24gliwice.pl\/wiadomosci\/mzuk-planuje-nowa-inwestycje-na-terenie-gieldy-samochodowej-bedzie-dzialac-7-dni-w-tygodniu\/","og_locale":"pl_PL","og_type":"article","og_title":"MZUK planuje now\u0105 inwestycj\u0119 na terenie gie\u0142dy samochodowej. B\u0119dzie dzia\u0142a\u0107 7 dni w tygodniu - 24GLIWICE - Portal Gliwice | codziennie nowe informacje","og_description":"Na terenie Gie\u0142dy Samochodowej mo\u017ce powsta\u0107 Centrum Zakupu Pojazd\u00f3w. Obiekt zmieni si\u0119 zdecydowanie na korzy\u015b\u0107. Wed\u0142ug plan\u00f3w Miejskiego Zarz\u0105du Us\u0142ug Komunalnych, zarz\u0105dcy terenu, centrum mia\u0142oby funkcjonowa\u0107 przez siedem dni w tygodniu, tradycyjna gie\u0142da pozosta\u0142aby jednak czynna w niedziele. [perfectpullquote align=&#8221;full&#8221; bordertop=&#8221;false&#8221; cite=&#8221;&#8221; link=&#8221;&#8221; color=&#8221;&#8221; class=&#8221;&#8221; size=&#8221;&#8221;]Centrum Zakupu Pojazd\u00f3w mia\u0142yby tworzy\u0107 m.in. komisy, wypo\u017cyczalnie pojazd\u00f3w, maszyn, [&hellip;]","og_url":"https:\/\/www.24gliwice.pl\/wiadomosci\/mzuk-planuje-nowa-inwestycje-na-terenie-gieldy-samochodowej-bedzie-dzialac-7-dni-w-tygodniu\/","og_site_name":"24GLIWICE - Portal Gliwice | codziennie nowe informacje","article_publisher":"https:\/\/www.facebook.com\/24gliwice","article_published_time":"2018-02-06T11:13:07+00:00","article_modified_time":"2018-02-06T21:40:08+00:00","og_image":[{"width":810,"height":456,"url":"https:\/\/www.24gliwice.pl\/wiadomosci\/wp-content\/uploads\/2017\/09\/gie\u0142da.jpg","type":"image\/jpeg"}],"author":"\u017baneta Mrozek-Siewierska","twitter_card":"summary_large_image","twitter_creator":"@24gliwice","twitter_site":"@24gliwice","twitter_misc":{"Napisane przez":"\u017baneta Mrozek-Siewierska","Szacowany czas czytania":"1 minuta"},"schema":{"@context":"https:\/\/schema.org","@graph":[{"@type":"Article","@id":"https:\/\/www.24gliwice.pl\/wiadomosci\/mzuk-planuje-nowa-inwestycje-na-terenie-gieldy-samochodowej-bedzie-dzialac-7-dni-w-tygodniu\/#article","isPartOf":{"@id":"https:\/\/www.24gliwice.pl\/wiadomosci\/mzuk-planuje-nowa-inwestycje-na-terenie-gieldy-samochodowej-bedzie-dzialac-7-dni-w-tygodniu\/"},"author":{"name":"\u017baneta Mrozek-Siewierska","@id":"https:\/\/www.24gliwice.pl\/wiadomosci\/#\/schema\/person\/e42c650edd7f2fa332be3811fb166b6e"},"headline":"MZUK planuje now\u0105 inwestycj\u0119 na terenie gie\u0142dy samochodowej. B\u0119dzie dzia\u0142a\u0107 7 dni w tygodniu","datePublished":"2018-02-06T11:13:07+00:00","dateModified":"2018-02-06T21:40:08+00:00","mainEntityOfPage":{"@id":"https:\/\/www.24gliwice.pl\/wiadomosci\/mzuk-planuje-nowa-inwestycje-na-terenie-gieldy-samochodowej-bedzie-dzialac-7-dni-w-tygodniu\/"},"wordCount":252,"commentCount":0,"publisher":{"@id":"https:\/\/www.24gliwice.pl\/wiadomosci\/#organization"},"image":{"@id":"https:\/\/www.24gliwice.pl\/wiadomosci\/mzuk-planuje-nowa-inwestycje-na-terenie-gieldy-samochodowej-bedzie-dzialac-7-dni-w-tygodniu\/#primaryimage"},"thumbnailUrl":"https:\/\/www.24gliwice.pl\/wiadomosci\/wp-content\/uploads\/2017\/09\/gie\u0142da.jpg","keywords":["b\u0142onie","DT\u015a","gie\u0142da","GIE\u0141DA SAMOCHODOWA","INWESTYCJE","KUJAWSKA","MZUK","sklep motoryzacyjny","wypo\u017cyczalnia"],"articleSection":["Gliwice","Najnowsze wiadomo\u015bci"],"inLanguage":"pl-PL","potentialAction":[{"@type":"CommentAction","name":"Comment","target":["https:\/\/www.24gliwice.pl\/wiadomosci\/mzuk-planuje-nowa-inwestycje-na-terenie-gieldy-samochodowej-bedzie-dzialac-7-dni-w-tygodniu\/#respond"]}]},{"@type":"WebPage","@id":"https:\/\/www.24gliwice.pl\/wiadomosci\/mzuk-planuje-nowa-inwestycje-na-terenie-gieldy-samochodowej-bedzie-dzialac-7-dni-w-tygodniu\/","url":"https:\/\/www.24gliwice.pl\/wiadomosci\/mzuk-planuje-nowa-inwestycje-na-terenie-gieldy-samochodowej-bedzie-dzialac-7-dni-w-tygodniu\/","name":"MZUK planuje now\u0105 inwestycj\u0119 na terenie gie\u0142dy samochodowej. B\u0119dzie dzia\u0142a\u0107 7 dni w tygodniu - 24GLIWICE - Portal Gliwice | codziennie nowe informacje","isPartOf":{"@id":"https:\/\/www.24gliwice.pl\/wiadomosci\/#website"},"primaryImageOfPage":{"@id":"https:\/\/www.24gliwice.pl\/wiadomosci\/mzuk-planuje-nowa-inwestycje-na-terenie-gieldy-samochodowej-bedzie-dzialac-7-dni-w-tygodniu\/#primaryimage"},"image":{"@id":"https:\/\/www.24gliwice.pl\/wiadomosci\/mzuk-planuje-nowa-inwestycje-na-terenie-gieldy-samochodowej-bedzie-dzialac-7-dni-w-tygodniu\/#primaryimage"},"thumbnailUrl":"https:\/\/www.24gliwice.pl\/wiadomosci\/wp-content\/uploads\/2017\/09\/gie\u0142da.jpg","datePublished":"2018-02-06T11:13:07+00:00","dateModified":"2018-02-06T21:40:08+00:00","breadcrumb":{"@id":"https:\/\/www.24gliwice.pl\/wiadomosci\/mzuk-planuje-nowa-inwestycje-na-terenie-gieldy-samochodowej-bedzie-dzialac-7-dni-w-tygodniu\/#breadcrumb"},"inLanguage":"pl-PL","potentialAction":[{"@type":"ReadAction","target":["https:\/\/www.24gliwice.pl\/wiadomosci\/mzuk-planuje-nowa-inwestycje-na-terenie-gieldy-samochodowej-bedzie-dzialac-7-dni-w-tygodniu\/"]}]},{"@type":"ImageObject","inLanguage":"pl-PL","@id":"https:\/\/www.24gliwice.pl\/wiadomosci\/mzuk-planuje-nowa-inwestycje-na-terenie-gieldy-samochodowej-bedzie-dzialac-7-dni-w-tygodniu\/#primaryimage","url":"https:\/\/www.24gliwice.pl\/wiadomosci\/wp-content\/uploads\/2017\/09\/gie\u0142da.jpg","contentUrl":"https:\/\/www.24gliwice.pl\/wiadomosci\/wp-content\/uploads\/2017\/09\/gie\u0142da.jpg","width":810,"height":456},{"@type":"BreadcrumbList","@id":"https:\/\/www.24gliwice.pl\/wiadomosci\/mzuk-planuje-nowa-inwestycje-na-terenie-gieldy-samochodowej-bedzie-dzialac-7-dni-w-tygodniu\/#breadcrumb","itemListElement":[{"@type":"ListItem","position":1,"name":"Strona g\u0142\u00f3wna","item":"https:\/\/www.24gliwice.pl\/wiadomosci\/"},{"@type":"ListItem","position":2,"name":"MZUK planuje now\u0105 inwestycj\u0119 na terenie gie\u0142dy samochodowej. B\u0119dzie dzia\u0142a\u0107 7 dni w tygodniu"}]},{"@type":"WebSite","@id":"https:\/\/www.24gliwice.pl\/wiadomosci\/#website","url":"https:\/\/www.24gliwice.pl\/wiadomosci\/","name":"24GLIWICE - Portal Gliwice | codziennie nowe wiadomo\u015bci","description":"Portal Miejski Gliwice","publisher":{"@id":"https:\/\/www.24gliwice.pl\/wiadomosci\/#organization"},"potentialAction":[{"@type":"SearchAction","target":{"@type":"EntryPoint","urlTemplate":"https:\/\/www.24gliwice.pl\/wiadomosci\/?s={search_term_string}"},"query-input":{"@type":"PropertyValueSpecification","valueRequired":true,"valueName":"search_term_string"}}],"inLanguage":"pl-PL"},{"@type":"Organization","@id":"https:\/\/www.24gliwice.pl\/wiadomosci\/#organization","name":"24gliwice","url":"https:\/\/www.24gliwice.pl\/wiadomosci\/","logo":{"@type":"ImageObject","inLanguage":"pl-PL","@id":"https:\/\/www.24gliwice.pl\/wiadomosci\/#\/schema\/logo\/image\/","url":"https:\/\/www.24gliwice.pl\/wiadomosci\/wp-content\/uploads\/2024\/10\/24gliwice-logo-696.jpg","contentUrl":"https:\/\/www.24gliwice.pl\/wiadomosci\/wp-content\/uploads\/2024\/10\/24gliwice-logo-696.jpg","width":696,"height":696,"caption":"24gliwice"},"image":{"@id":"https:\/\/www.24gliwice.pl\/wiadomosci\/#\/schema\/logo\/image\/"},"sameAs":["https:\/\/www.facebook.com\/24gliwice","https:\/\/x.com\/24gliwice","https:\/\/www.youtube.com\/@24gliwice"]},{"@type":"Person","@id":"https:\/\/www.24gliwice.pl\/wiadomosci\/#\/schema\/person\/e42c650edd7f2fa332be3811fb166b6e","name":"\u017baneta Mrozek-Siewierska","image":{"@type":"ImageObject","inLanguage":"pl-PL","@id":"https:\/\/secure.gravatar.com\/avatar\/1881429e9c64597c77ad7aef2d0a19be69a3253e57534d16aa15bf3a4d34a0a3?s=96&d=mm&r=g","url":"https:\/\/secure.gravatar.com\/avatar\/1881429e9c64597c77ad7aef2d0a19be69a3253e57534d16aa15bf3a4d34a0a3?s=96&d=mm&r=g","contentUrl":"https:\/\/secure.gravatar.com\/avatar\/1881429e9c64597c77ad7aef2d0a19be69a3253e57534d16aa15bf3a4d34a0a3?s=96&d=mm&r=g","caption":"\u017baneta Mrozek-Siewierska"},"url":"https:\/\/www.24gliwice.pl\/wiadomosci\/author\/zms\/"}]}},"_links":{"self":[{"href":"https:\/\/www.24gliwice.pl\/wiadomosci\/wp-json\/wp\/v2\/posts\/111998","targetHints":{"allow":["GET"]}}],"collection":[{"href":"https:\/\/www.24gliwice.pl\/wiadomosci\/wp-json\/wp\/v2\/posts"}],"about":[{"href":"https:\/\/www.24gliwice.pl\/wiadomosci\/wp-json\/wp\/v2\/types\/post"}],"author":[{"embeddable":true,"href":"https:\/\/www.24gliwice.pl\/wiadomosci\/wp-json\/wp\/v2\/users\/15"}],"replies":[{"embeddable":true,"href":"https:\/\/www.24gliwice.pl\/wiadomosci\/wp-json\/wp\/v2\/comments?post=111998"}],"version-history":[{"count":0,"href":"https:\/\/www.24gliwice.pl\/wiadomosci\/wp-json\/wp\/v2\/posts\/111998\/revisions"}],"wp:featuredmedia":[{"embeddable":true,"href":"https:\/\/www.24gliwice.pl\/wiadomosci\/wp-json\/wp\/v2\/media\/104174"}],"wp:attachment":[{"href":"https:\/\/www.24gliwice.pl\/wiadomosci\/wp-json\/wp\/v2\/media?parent=111998"}],"wp:term":[{"taxonomy":"category","embeddable":true,"href":"https:\/\/www.24gliwice.pl\/wiadomosci\/wp-json\/wp\/v2\/categories?post=111998"},{"taxonomy":"post_tag","embeddable":true,"href":"https:\/\/www.24gliwice.pl\/wiadomosci\/wp-json\/wp\/v2\/tags?post=111998"}],"curies":[{"name":"wp","href":"https:\/\/api.w.org\/{rel}","templated":true}]}}