{"id":112051,"date":"2018-02-07T13:27:26","date_gmt":"2018-02-07T12:27:26","guid":{"rendered":"http:\/\/www.24gliwice.pl\/wiadomosci\/?p=112051"},"modified":"2024-08-20T02:00:55","modified_gmt":"2024-08-20T00:00:55","slug":"z-niecierpliwoscia-czekamy-na-pierwszy-mecz-fornalik-przed-spotkaniem-z-jagiellonia-bialystok","status":"publish","type":"post","link":"https:\/\/www.24gliwice.pl\/wiadomosci\/z-niecierpliwoscia-czekamy-na-pierwszy-mecz-fornalik-przed-spotkaniem-z-jagiellonia-bialystok\/","title":{"rendered":"&#8220;Z niecierpliwo\u015bci\u0105 czekamy na pierwszy mecz&#8221;. Fornalik przed spotkaniem z Jagielloni\u0105 Bia\u0142ystok"},"content":{"rendered":"<div class=\"gliwi-a6-nad-leadem-artykulow gliwi-entity-placement\" id=\"gliwi-3799866264\"><div class=\"gliwi-adlabel\"><span style=\"font-size: 9px\">REKLAMA<\/span><\/div><div id=\"gliwi-266766268\" style=\"margin-bottom: 25px;margin-left: auto;margin-right: auto;text-align: center;\"><a data-no-instant=\"1\" href=\"https:\/\/dom100.eu\/\" rel=\"noopener\" class=\"a2t-link\" target=\"_blank\" aria-label=\"20260415 DOM100 D\"><img loading=\"lazy\" decoding=\"async\" src=\"https:\/\/www.24gliwice.pl\/wiadomosci\/wp-content\/uploads\/2026\/04\/20260415-DOM100-D.jpg\" alt=\"\"  srcset=\"https:\/\/www.24gliwice.pl\/wiadomosci\/wp-content\/uploads\/2026\/04\/20260415-DOM100-D.jpg 750w, https:\/\/www.24gliwice.pl\/wiadomosci\/wp-content\/uploads\/2026\/04\/20260415-DOM100-D-410x109.jpg 410w\" sizes=\"(max-width: 750px) 100vw, 750px\" class=\"no-lazyload\" width=\"750\" height=\"200\"  style=\"display: inline-block; max-width: 100%; height: auto;\" \/><\/a><\/div><\/div><h3>&#8220;Jestem zadowolony z przebiegu przygotowa\u0144 i z tego, co zawodnicy zaprezentowali na boisku oraz podczas sparing\u00f3w&#8221; &#8211; m\u00f3wi trener Waldemar Fornalik przed meczem z Jagielloni\u0105 Bia\u0142ystok.&#8221;<\/h3>\n<p>Biuro prasowe Piasta Gliwice opublikowa\u0142o wywiad ze szkoleniowcem pierwszej dru\u017cyny. <strong>Fornalik <\/strong> w miar\u0119\u00a0optymistycznie postrzega przygotowanie dru\u017cyny do nast\u0119pnych kolejek. Najbli\u017csze spotkanie odb\u0119dzie si\u0119 przy Okrzei 20 w poniedzia\u0142ek, 12 lutego, o godzinie 18:00.<\/p>\n<p><strong>Za dru\u017cyn\u0105 ostatni sparing i zwyci\u0119stwo 2-1&#8230; Pa\u0144skie refleksje na temat tego meczu?<\/strong><br \/>\n&#8211; Uwa\u017cam, \u017ce by\u0142 to po\u017cyteczny sprawdzian. W wielu momentach by\u0142o wida\u0107 naprawd\u0119 dobr\u0105 gr\u0119. Dobrze konstruowali\u015bmy akcje i kontrolowali\u015bmy tempo gry. Niestety ustrzegli\u015bmy si\u0119 straty bramki. Pad\u0142a ona po indywidualnym b\u0142\u0119dzie, no ale jednak&#8230; My mogli\u015bmy strzeli\u0107 ich wi\u0119cej, bo trafili\u015bmy w s\u0142upek, a przy jednej sytuacji kapitaln\u0105 interwencj\u0105 popisa\u0142 si\u0119 chi\u0144ski bramkarz. To by\u0142 pozytywny test, kt\u00f3ry dobrze rokuje na przysz\u0142o\u015b\u0107.<\/p><div class=\"gliwi-a3-w-tresci-artykulow gliwi-entity-placement\" id=\"gliwi-2064677400\"><div class=\"gliwi-adlabel\"><span style=\"font-size: 9px\">REKLAMA<\/span><\/div><div id=\"gliwi-676600314\" style=\"margin-bottom: 30px;margin-left: auto;margin-right: auto;text-align: center;\"><a data-no-instant=\"1\" href=\"https:\/\/zlobek.halogen.org.pl\/\" rel=\"noopener\" class=\"a2t-link\" target=\"_blank\" aria-label=\"animator-zlobek_750x200\"><img loading=\"lazy\" decoding=\"async\" src=\"https:\/\/www.24gliwice.pl\/wiadomosci\/wp-content\/uploads\/2026\/02\/animator-zlobek_750x200.webp\" alt=\"\"  srcset=\"https:\/\/www.24gliwice.pl\/wiadomosci\/wp-content\/uploads\/2026\/02\/animator-zlobek_750x200.webp 750w, https:\/\/www.24gliwice.pl\/wiadomosci\/wp-content\/uploads\/2026\/02\/animator-zlobek_750x200-410x109.webp 410w\" sizes=\"(max-width: 750px) 100vw, 750px\" class=\"no-lazyload\" width=\"750\" height=\"200\"  style=\"display: inline-block; max-width: 100%; height: auto;\" \/><\/a><\/div><\/div>\n<p><strong>W zimowym okresie przygotowawczym Piast rozegra\u0142 sze\u015b\u0107 sparing\u00f3w. W trzech z nich odni\u00f3s\u0142 zwyci\u0119stwa, a trzy zremisowa\u0142. Jak ocenia Pan te spotkania?<\/strong><br \/>\n&#8211; Wyniki nie zawsze s\u0105 najistotniejsze, ale na pewno one ciesz\u0105 i buduj\u0105 atmosfer\u0119. Wzrastaj\u0105 ch\u0119ci zawodnik\u00f3w do dalszej, jeszcze bardziej wyt\u0119\u017conej, pracy. Grali\u015bmy sparingi z mocnymi zespo\u0142ami, wi\u0119c cel zosta\u0142 osi\u0105gni\u0119ty, bo chcieli\u015bmy potrenowa\u0107 i konsolidowa\u0107 dru\u017cyn\u0119.<\/p>\n<p><strong>Jak oceni Pan ca\u0142y zimowy okres przygotowawczy? Wszystkie cele, kt\u00f3re by\u0142y postawione przed dru\u017cyn\u0105 zosta\u0142y zrealizowane?<\/strong><br \/>\n&#8211; W takich momentach trenerzy zawsze m\u00f3wi\u0105, \u017ce w stu procentach zrealizowa\u0142o si\u0119 plany z okresu przygotowawczego&#8230; Nie by\u0142o \u017cadnych zak\u0142\u00f3ce\u0144, problem\u00f3w\u2026 nie wypad\u0142a nam r\u00f3wnie\u017c \u017cadna jednostka treningowa i nie ma wi\u0119kszych problem\u00f3w zdrowotnych. Jestem zadowolony z przebiegu przygotowa\u0144 i z tego, co zawodnicy zaprezentowali na boisku oraz podczas sparing\u00f3w. Z niecierpliwo\u015bci\u0105 czekamy na pierwszy mecz.<\/p>\n<p><strong>W obecnym okienku transferowym do Piasta przysz\u0142o sze\u015bciu nowych zawodnik\u00f3w. Czy ci pi\u0142karze zd\u0105\u017cyli si\u0119 ju\u017c wkomponowa\u0107 do zespo\u0142u? Jak Pan ich ocenia?<\/strong><br \/>\n&#8211; Zawodnik, kt\u00f3ry potrafi gra\u0107 w pi\u0142k\u0119, to zawsze znajdzie wsp\u00f3lny j\u0119zyk z dru\u017cyn\u0105. Na pewno nie jest to ju\u017c okres zako\u0144czony. B\u0119dzie on trwa\u0142 jeszcze w trakcie ligi. Wida\u0107 jednak, \u017ce podczas sparing\u00f3w by\u0142o wida\u0107, \u017ce nowi pi\u0142karze potrafili si\u0119 zrozumie\u0107 z zespo\u0142em.<\/p>\n<p><strong>Zosta\u0142 tydzie\u0144 do ligowego meczu z Jagielloni\u0105 Bia\u0142ystok. W jakim nastroju zesp\u00f3\u0142 przyst\u0105pi do tego spotkania i nad czym jeszcze musi pracowa\u0107?<\/strong><br \/>\n&#8211; S\u0105 elementy nad kt\u00f3rymi chcemy popracowa\u0107, ale pozostaje kwestia czy b\u0119dziemy mieli ku temu warunki, bo nie wiadomo jaka aura przywita nas w Polsce. Przej\u015bcie z boisk trawiastych na nasze boiska jest szalenie istotne. Mamy nadziej\u0119, \u017ce ten proces b\u0119dzie p\u0142ynny i bezbolesny.<\/p>\n<p>(\u017cms)\/Biuro Prasowe GKS Piast SA<\/p>\n<div class=\"gliwi-a5-na-koncu-artykulow gliwi-entity-placement\" id=\"gliwi-3470743154\"><div class=\"gliwi-adlabel\"><span style=\"font-size: 9px\">REKLAMA<\/span><\/div><div id=\"gliwi-218256598\" style=\"margin-left: auto;margin-right: auto;text-align: center;\"><a data-no-instant=\"1\" href=\"https:\/\/prezeroarenagliwice.pl\/\" rel=\"noopener\" class=\"a2t-link\" target=\"_blank\" aria-label=\"20260309-PREZERO-WIOSNA-D\"><img loading=\"lazy\" decoding=\"async\" src=\"https:\/\/www.24gliwice.pl\/wiadomosci\/wp-content\/uploads\/2026\/03\/20260309-PREZERO-WIOSNA-D.webp\" alt=\"\"  srcset=\"https:\/\/www.24gliwice.pl\/wiadomosci\/wp-content\/uploads\/2026\/03\/20260309-PREZERO-WIOSNA-D.webp 750w, https:\/\/www.24gliwice.pl\/wiadomosci\/wp-content\/uploads\/2026\/03\/20260309-PREZERO-WIOSNA-D-410x109.webp 410w\" sizes=\"(max-width: 750px) 100vw, 750px\" class=\"no-lazyload\" width=\"750\" height=\"200\"  style=\"display: inline-block; max-width: 100%; height: auto;\" \/><\/a><\/div><\/div>","protected":false},"excerpt":{"rendered":"<p>&#8220;Jestem zadowolony z przebiegu przygotowa\u0144 i z tego, co zawodnicy zaprezentowali na boisku oraz podczas sparing\u00f3w&#8221; &#8211; m\u00f3wi trener Waldemar Fornalik przed meczem z Jagielloni\u0105 Bia\u0142ystok.&#8221; Biuro prasowe Piasta Gliwice opublikowa\u0142o wywiad ze szkoleniowcem pierwszej dru\u017cyny. Fornalik w miar\u0119\u00a0optymistycznie postrzega przygotowanie dru\u017cyny do nast\u0119pnych kolejek. Najbli\u017csze spotkanie odb\u0119dzie si\u0119 przy Okrzei 20 w poniedzia\u0142ek, 12 [&hellip;]<\/p>\n","protected":false},"author":15,"featured_media":112059,"comment_status":"open","ping_status":"closed","sticky":false,"template":"","format":"standard","meta":{"_monsterinsights_skip_tracking":false,"_monsterinsights_sitenote_active":false,"_monsterinsights_sitenote_note":"","_monsterinsights_sitenote_category":0,"footnotes":"","_links_to":"","_links_to_target":""},"categories":[3,1,23842],"tags":[2786,8033,644,11034,74,2611,9127,8735],"class_list":["post-112051","post","type-post","status-publish","format-standard","has-post-thumbnail","hentry","category-gliwice","category-wszystko","category-sport_gliwice","tag-ekstraklasa","tag-jagiellonia-bialystok","tag-kibice","tag-okrzei-20","tag-piast-gliwice","tag-pseudokibice","tag-tabela","tag-trener"],"yoast_head":"<!-- This site is optimized with the Yoast SEO plugin v27.5 - https:\/\/yoast.com\/product\/yoast-seo-wordpress\/ -->\n<title>&quot;Z niecierpliwo\u015bci\u0105 czekamy na pierwszy mecz&quot;. Fornalik przed spotkaniem z Jagielloni\u0105 Bia\u0142ystok - 24GLIWICE - Portal Gliwice | codziennie nowe informacje<\/title>\n<meta name=\"robots\" content=\"index, follow, max-snippet:-1, max-image-preview:large, max-video-preview:-1\" \/>\n<link rel=\"canonical\" href=\"https:\/\/www.24gliwice.pl\/wiadomosci\/z-niecierpliwoscia-czekamy-na-pierwszy-mecz-fornalik-przed-spotkaniem-z-jagiellonia-bialystok\/\" \/>\n<meta property=\"og:locale\" content=\"pl_PL\" \/>\n<meta property=\"og:type\" content=\"article\" \/>\n<meta property=\"og:title\" content=\"&quot;Z niecierpliwo\u015bci\u0105 czekamy na pierwszy mecz&quot;. Fornalik przed spotkaniem z Jagielloni\u0105 Bia\u0142ystok - 24GLIWICE - Portal Gliwice | codziennie nowe informacje\" \/>\n<meta property=\"og:description\" content=\"&#8220;Jestem zadowolony z przebiegu przygotowa\u0144 i z tego, co zawodnicy zaprezentowali na boisku oraz podczas sparing\u00f3w&#8221; &#8211; m\u00f3wi trener Waldemar Fornalik przed meczem z Jagielloni\u0105 Bia\u0142ystok.&#8221; Biuro prasowe Piasta Gliwice opublikowa\u0142o wywiad ze szkoleniowcem pierwszej dru\u017cyny. Fornalik w miar\u0119\u00a0optymistycznie postrzega przygotowanie dru\u017cyny do nast\u0119pnych kolejek. Najbli\u017csze spotkanie odb\u0119dzie si\u0119 przy Okrzei 20 w poniedzia\u0142ek, 12 [&hellip;]\" \/>\n<meta property=\"og:url\" content=\"https:\/\/www.24gliwice.pl\/wiadomosci\/z-niecierpliwoscia-czekamy-na-pierwszy-mecz-fornalik-przed-spotkaniem-z-jagiellonia-bialystok\/\" \/>\n<meta property=\"og:site_name\" content=\"24GLIWICE - Portal Gliwice | codziennie nowe informacje\" \/>\n<meta property=\"article:publisher\" content=\"https:\/\/www.facebook.com\/24gliwice\" \/>\n<meta property=\"article:published_time\" content=\"2018-02-07T12:27:26+00:00\" \/>\n<meta property=\"article:modified_time\" content=\"2024-08-20T00:00:55+00:00\" \/>\n<meta property=\"og:image\" content=\"https:\/\/www.24gliwice.pl\/wiadomosci\/wp-content\/uploads\/2018\/02\/fornalik.jpg\" \/>\n\t<meta property=\"og:image:width\" content=\"800\" \/>\n\t<meta property=\"og:image:height\" content=\"450\" \/>\n\t<meta property=\"og:image:type\" content=\"image\/jpeg\" \/>\n<meta name=\"author\" content=\"\u017baneta Mrozek-Siewierska\" \/>\n<meta name=\"twitter:card\" content=\"summary_large_image\" \/>\n<meta name=\"twitter:creator\" content=\"@24gliwice\" \/>\n<meta name=\"twitter:site\" content=\"@24gliwice\" \/>\n<meta name=\"twitter:label1\" content=\"Napisane przez\" \/>\n\t<meta name=\"twitter:data1\" content=\"\u017baneta Mrozek-Siewierska\" \/>\n\t<meta name=\"twitter:label2\" content=\"Szacowany czas czytania\" \/>\n\t<meta name=\"twitter:data2\" content=\"2 minuty\" \/>\n<script type=\"application\/ld+json\" class=\"yoast-schema-graph\">{\"@context\":\"https:\\\/\\\/schema.org\",\"@graph\":[{\"@type\":\"Article\",\"@id\":\"https:\\\/\\\/www.24gliwice.pl\\\/wiadomosci\\\/z-niecierpliwoscia-czekamy-na-pierwszy-mecz-fornalik-przed-spotkaniem-z-jagiellonia-bialystok\\\/#article\",\"isPartOf\":{\"@id\":\"https:\\\/\\\/www.24gliwice.pl\\\/wiadomosci\\\/z-niecierpliwoscia-czekamy-na-pierwszy-mecz-fornalik-przed-spotkaniem-z-jagiellonia-bialystok\\\/\"},\"author\":{\"name\":\"\u017baneta Mrozek-Siewierska\",\"@id\":\"https:\\\/\\\/www.24gliwice.pl\\\/wiadomosci\\\/#\\\/schema\\\/person\\\/e42c650edd7f2fa332be3811fb166b6e\"},\"headline\":\"&#8220;Z niecierpliwo\u015bci\u0105 czekamy na pierwszy mecz&#8221;. Fornalik przed spotkaniem z Jagielloni\u0105 Bia\u0142ystok\",\"datePublished\":\"2018-02-07T12:27:26+00:00\",\"dateModified\":\"2024-08-20T00:00:55+00:00\",\"mainEntityOfPage\":{\"@id\":\"https:\\\/\\\/www.24gliwice.pl\\\/wiadomosci\\\/z-niecierpliwoscia-czekamy-na-pierwszy-mecz-fornalik-przed-spotkaniem-z-jagiellonia-bialystok\\\/\"},\"wordCount\":500,\"commentCount\":0,\"publisher\":{\"@id\":\"https:\\\/\\\/www.24gliwice.pl\\\/wiadomosci\\\/#organization\"},\"image\":{\"@id\":\"https:\\\/\\\/www.24gliwice.pl\\\/wiadomosci\\\/z-niecierpliwoscia-czekamy-na-pierwszy-mecz-fornalik-przed-spotkaniem-z-jagiellonia-bialystok\\\/#primaryimage\"},\"thumbnailUrl\":\"https:\\\/\\\/www.24gliwice.pl\\\/wiadomosci\\\/wp-content\\\/uploads\\\/2018\\\/02\\\/fornalik.jpg\",\"keywords\":[\"EKSTRAKLASA\",\"jagiellonia bia\u0142ystok\",\"KIBICE\",\"okrzei 20\",\"PIAST GLIWICE\",\"PSEUDOKIBICE\",\"tabela\",\"trener\"],\"articleSection\":[\"Gliwice\",\"Najnowsze wiadomo\u015bci\",\"Sport\"],\"inLanguage\":\"pl-PL\",\"potentialAction\":[{\"@type\":\"CommentAction\",\"name\":\"Comment\",\"target\":[\"https:\\\/\\\/www.24gliwice.pl\\\/wiadomosci\\\/z-niecierpliwoscia-czekamy-na-pierwszy-mecz-fornalik-przed-spotkaniem-z-jagiellonia-bialystok\\\/#respond\"]}]},{\"@type\":\"WebPage\",\"@id\":\"https:\\\/\\\/www.24gliwice.pl\\\/wiadomosci\\\/z-niecierpliwoscia-czekamy-na-pierwszy-mecz-fornalik-przed-spotkaniem-z-jagiellonia-bialystok\\\/\",\"url\":\"https:\\\/\\\/www.24gliwice.pl\\\/wiadomosci\\\/z-niecierpliwoscia-czekamy-na-pierwszy-mecz-fornalik-przed-spotkaniem-z-jagiellonia-bialystok\\\/\",\"name\":\"\\\"Z niecierpliwo\u015bci\u0105 czekamy na pierwszy mecz\\\". Fornalik przed spotkaniem z Jagielloni\u0105 Bia\u0142ystok - 24GLIWICE - Portal Gliwice | codziennie nowe informacje\",\"isPartOf\":{\"@id\":\"https:\\\/\\\/www.24gliwice.pl\\\/wiadomosci\\\/#website\"},\"primaryImageOfPage\":{\"@id\":\"https:\\\/\\\/www.24gliwice.pl\\\/wiadomosci\\\/z-niecierpliwoscia-czekamy-na-pierwszy-mecz-fornalik-przed-spotkaniem-z-jagiellonia-bialystok\\\/#primaryimage\"},\"image\":{\"@id\":\"https:\\\/\\\/www.24gliwice.pl\\\/wiadomosci\\\/z-niecierpliwoscia-czekamy-na-pierwszy-mecz-fornalik-przed-spotkaniem-z-jagiellonia-bialystok\\\/#primaryimage\"},\"thumbnailUrl\":\"https:\\\/\\\/www.24gliwice.pl\\\/wiadomosci\\\/wp-content\\\/uploads\\\/2018\\\/02\\\/fornalik.jpg\",\"datePublished\":\"2018-02-07T12:27:26+00:00\",\"dateModified\":\"2024-08-20T00:00:55+00:00\",\"breadcrumb\":{\"@id\":\"https:\\\/\\\/www.24gliwice.pl\\\/wiadomosci\\\/z-niecierpliwoscia-czekamy-na-pierwszy-mecz-fornalik-przed-spotkaniem-z-jagiellonia-bialystok\\\/#breadcrumb\"},\"inLanguage\":\"pl-PL\",\"potentialAction\":[{\"@type\":\"ReadAction\",\"target\":[\"https:\\\/\\\/www.24gliwice.pl\\\/wiadomosci\\\/z-niecierpliwoscia-czekamy-na-pierwszy-mecz-fornalik-przed-spotkaniem-z-jagiellonia-bialystok\\\/\"]}]},{\"@type\":\"ImageObject\",\"inLanguage\":\"pl-PL\",\"@id\":\"https:\\\/\\\/www.24gliwice.pl\\\/wiadomosci\\\/z-niecierpliwoscia-czekamy-na-pierwszy-mecz-fornalik-przed-spotkaniem-z-jagiellonia-bialystok\\\/#primaryimage\",\"url\":\"https:\\\/\\\/www.24gliwice.pl\\\/wiadomosci\\\/wp-content\\\/uploads\\\/2018\\\/02\\\/fornalik.jpg\",\"contentUrl\":\"https:\\\/\\\/www.24gliwice.pl\\\/wiadomosci\\\/wp-content\\\/uploads\\\/2018\\\/02\\\/fornalik.jpg\",\"width\":800,\"height\":450},{\"@type\":\"BreadcrumbList\",\"@id\":\"https:\\\/\\\/www.24gliwice.pl\\\/wiadomosci\\\/z-niecierpliwoscia-czekamy-na-pierwszy-mecz-fornalik-przed-spotkaniem-z-jagiellonia-bialystok\\\/#breadcrumb\",\"itemListElement\":[{\"@type\":\"ListItem\",\"position\":1,\"name\":\"Strona g\u0142\u00f3wna\",\"item\":\"https:\\\/\\\/www.24gliwice.pl\\\/wiadomosci\\\/\"},{\"@type\":\"ListItem\",\"position\":2,\"name\":\"&#8222;Z niecierpliwo\u015bci\u0105 czekamy na pierwszy mecz&#8221;. Fornalik przed spotkaniem z Jagielloni\u0105 Bia\u0142ystok\"}]},{\"@type\":\"WebSite\",\"@id\":\"https:\\\/\\\/www.24gliwice.pl\\\/wiadomosci\\\/#website\",\"url\":\"https:\\\/\\\/www.24gliwice.pl\\\/wiadomosci\\\/\",\"name\":\"24GLIWICE - Portal Gliwice | codziennie nowe wiadomo\u015bci\",\"description\":\"Portal Miejski Gliwice\",\"publisher\":{\"@id\":\"https:\\\/\\\/www.24gliwice.pl\\\/wiadomosci\\\/#organization\"},\"potentialAction\":[{\"@type\":\"SearchAction\",\"target\":{\"@type\":\"EntryPoint\",\"urlTemplate\":\"https:\\\/\\\/www.24gliwice.pl\\\/wiadomosci\\\/?s={search_term_string}\"},\"query-input\":{\"@type\":\"PropertyValueSpecification\",\"valueRequired\":true,\"valueName\":\"search_term_string\"}}],\"inLanguage\":\"pl-PL\"},{\"@type\":\"Organization\",\"@id\":\"https:\\\/\\\/www.24gliwice.pl\\\/wiadomosci\\\/#organization\",\"name\":\"24gliwice\",\"url\":\"https:\\\/\\\/www.24gliwice.pl\\\/wiadomosci\\\/\",\"logo\":{\"@type\":\"ImageObject\",\"inLanguage\":\"pl-PL\",\"@id\":\"https:\\\/\\\/www.24gliwice.pl\\\/wiadomosci\\\/#\\\/schema\\\/logo\\\/image\\\/\",\"url\":\"https:\\\/\\\/www.24gliwice.pl\\\/wiadomosci\\\/wp-content\\\/uploads\\\/2024\\\/10\\\/24gliwice-logo-696.jpg\",\"contentUrl\":\"https:\\\/\\\/www.24gliwice.pl\\\/wiadomosci\\\/wp-content\\\/uploads\\\/2024\\\/10\\\/24gliwice-logo-696.jpg\",\"width\":696,\"height\":696,\"caption\":\"24gliwice\"},\"image\":{\"@id\":\"https:\\\/\\\/www.24gliwice.pl\\\/wiadomosci\\\/#\\\/schema\\\/logo\\\/image\\\/\"},\"sameAs\":[\"https:\\\/\\\/www.facebook.com\\\/24gliwice\",\"https:\\\/\\\/x.com\\\/24gliwice\",\"https:\\\/\\\/www.youtube.com\\\/@24gliwice\"]},{\"@type\":\"Person\",\"@id\":\"https:\\\/\\\/www.24gliwice.pl\\\/wiadomosci\\\/#\\\/schema\\\/person\\\/e42c650edd7f2fa332be3811fb166b6e\",\"name\":\"\u017baneta Mrozek-Siewierska\",\"image\":{\"@type\":\"ImageObject\",\"inLanguage\":\"pl-PL\",\"@id\":\"https:\\\/\\\/secure.gravatar.com\\\/avatar\\\/1881429e9c64597c77ad7aef2d0a19be69a3253e57534d16aa15bf3a4d34a0a3?s=96&d=mm&r=g\",\"url\":\"https:\\\/\\\/secure.gravatar.com\\\/avatar\\\/1881429e9c64597c77ad7aef2d0a19be69a3253e57534d16aa15bf3a4d34a0a3?s=96&d=mm&r=g\",\"contentUrl\":\"https:\\\/\\\/secure.gravatar.com\\\/avatar\\\/1881429e9c64597c77ad7aef2d0a19be69a3253e57534d16aa15bf3a4d34a0a3?s=96&d=mm&r=g\",\"caption\":\"\u017baneta Mrozek-Siewierska\"},\"url\":\"https:\\\/\\\/www.24gliwice.pl\\\/wiadomosci\\\/author\\\/zms\\\/\"}]}<\/script>\n<!-- \/ Yoast SEO plugin. -->","yoast_head_json":{"title":"\"Z niecierpliwo\u015bci\u0105 czekamy na pierwszy mecz\". Fornalik przed spotkaniem z Jagielloni\u0105 Bia\u0142ystok - 24GLIWICE - Portal Gliwice | codziennie nowe informacje","robots":{"index":"index","follow":"follow","max-snippet":"max-snippet:-1","max-image-preview":"max-image-preview:large","max-video-preview":"max-video-preview:-1"},"canonical":"https:\/\/www.24gliwice.pl\/wiadomosci\/z-niecierpliwoscia-czekamy-na-pierwszy-mecz-fornalik-przed-spotkaniem-z-jagiellonia-bialystok\/","og_locale":"pl_PL","og_type":"article","og_title":"\"Z niecierpliwo\u015bci\u0105 czekamy na pierwszy mecz\". Fornalik przed spotkaniem z Jagielloni\u0105 Bia\u0142ystok - 24GLIWICE - Portal Gliwice | codziennie nowe informacje","og_description":"&#8220;Jestem zadowolony z przebiegu przygotowa\u0144 i z tego, co zawodnicy zaprezentowali na boisku oraz podczas sparing\u00f3w&#8221; &#8211; m\u00f3wi trener Waldemar Fornalik przed meczem z Jagielloni\u0105 Bia\u0142ystok.&#8221; Biuro prasowe Piasta Gliwice opublikowa\u0142o wywiad ze szkoleniowcem pierwszej dru\u017cyny. Fornalik w miar\u0119\u00a0optymistycznie postrzega przygotowanie dru\u017cyny do nast\u0119pnych kolejek. Najbli\u017csze spotkanie odb\u0119dzie si\u0119 przy Okrzei 20 w poniedzia\u0142ek, 12 [&hellip;]","og_url":"https:\/\/www.24gliwice.pl\/wiadomosci\/z-niecierpliwoscia-czekamy-na-pierwszy-mecz-fornalik-przed-spotkaniem-z-jagiellonia-bialystok\/","og_site_name":"24GLIWICE - Portal Gliwice | codziennie nowe informacje","article_publisher":"https:\/\/www.facebook.com\/24gliwice","article_published_time":"2018-02-07T12:27:26+00:00","article_modified_time":"2024-08-20T00:00:55+00:00","og_image":[{"width":800,"height":450,"url":"https:\/\/www.24gliwice.pl\/wiadomosci\/wp-content\/uploads\/2018\/02\/fornalik.jpg","type":"image\/jpeg"}],"author":"\u017baneta Mrozek-Siewierska","twitter_card":"summary_large_image","twitter_creator":"@24gliwice","twitter_site":"@24gliwice","twitter_misc":{"Napisane przez":"\u017baneta Mrozek-Siewierska","Szacowany czas czytania":"2 minuty"},"schema":{"@context":"https:\/\/schema.org","@graph":[{"@type":"Article","@id":"https:\/\/www.24gliwice.pl\/wiadomosci\/z-niecierpliwoscia-czekamy-na-pierwszy-mecz-fornalik-przed-spotkaniem-z-jagiellonia-bialystok\/#article","isPartOf":{"@id":"https:\/\/www.24gliwice.pl\/wiadomosci\/z-niecierpliwoscia-czekamy-na-pierwszy-mecz-fornalik-przed-spotkaniem-z-jagiellonia-bialystok\/"},"author":{"name":"\u017baneta Mrozek-Siewierska","@id":"https:\/\/www.24gliwice.pl\/wiadomosci\/#\/schema\/person\/e42c650edd7f2fa332be3811fb166b6e"},"headline":"&#8220;Z niecierpliwo\u015bci\u0105 czekamy na pierwszy mecz&#8221;. Fornalik przed spotkaniem z Jagielloni\u0105 Bia\u0142ystok","datePublished":"2018-02-07T12:27:26+00:00","dateModified":"2024-08-20T00:00:55+00:00","mainEntityOfPage":{"@id":"https:\/\/www.24gliwice.pl\/wiadomosci\/z-niecierpliwoscia-czekamy-na-pierwszy-mecz-fornalik-przed-spotkaniem-z-jagiellonia-bialystok\/"},"wordCount":500,"commentCount":0,"publisher":{"@id":"https:\/\/www.24gliwice.pl\/wiadomosci\/#organization"},"image":{"@id":"https:\/\/www.24gliwice.pl\/wiadomosci\/z-niecierpliwoscia-czekamy-na-pierwszy-mecz-fornalik-przed-spotkaniem-z-jagiellonia-bialystok\/#primaryimage"},"thumbnailUrl":"https:\/\/www.24gliwice.pl\/wiadomosci\/wp-content\/uploads\/2018\/02\/fornalik.jpg","keywords":["EKSTRAKLASA","jagiellonia bia\u0142ystok","KIBICE","okrzei 20","PIAST GLIWICE","PSEUDOKIBICE","tabela","trener"],"articleSection":["Gliwice","Najnowsze wiadomo\u015bci","Sport"],"inLanguage":"pl-PL","potentialAction":[{"@type":"CommentAction","name":"Comment","target":["https:\/\/www.24gliwice.pl\/wiadomosci\/z-niecierpliwoscia-czekamy-na-pierwszy-mecz-fornalik-przed-spotkaniem-z-jagiellonia-bialystok\/#respond"]}]},{"@type":"WebPage","@id":"https:\/\/www.24gliwice.pl\/wiadomosci\/z-niecierpliwoscia-czekamy-na-pierwszy-mecz-fornalik-przed-spotkaniem-z-jagiellonia-bialystok\/","url":"https:\/\/www.24gliwice.pl\/wiadomosci\/z-niecierpliwoscia-czekamy-na-pierwszy-mecz-fornalik-przed-spotkaniem-z-jagiellonia-bialystok\/","name":"\"Z niecierpliwo\u015bci\u0105 czekamy na pierwszy mecz\". Fornalik przed spotkaniem z Jagielloni\u0105 Bia\u0142ystok - 24GLIWICE - Portal Gliwice | codziennie nowe informacje","isPartOf":{"@id":"https:\/\/www.24gliwice.pl\/wiadomosci\/#website"},"primaryImageOfPage":{"@id":"https:\/\/www.24gliwice.pl\/wiadomosci\/z-niecierpliwoscia-czekamy-na-pierwszy-mecz-fornalik-przed-spotkaniem-z-jagiellonia-bialystok\/#primaryimage"},"image":{"@id":"https:\/\/www.24gliwice.pl\/wiadomosci\/z-niecierpliwoscia-czekamy-na-pierwszy-mecz-fornalik-przed-spotkaniem-z-jagiellonia-bialystok\/#primaryimage"},"thumbnailUrl":"https:\/\/www.24gliwice.pl\/wiadomosci\/wp-content\/uploads\/2018\/02\/fornalik.jpg","datePublished":"2018-02-07T12:27:26+00:00","dateModified":"2024-08-20T00:00:55+00:00","breadcrumb":{"@id":"https:\/\/www.24gliwice.pl\/wiadomosci\/z-niecierpliwoscia-czekamy-na-pierwszy-mecz-fornalik-przed-spotkaniem-z-jagiellonia-bialystok\/#breadcrumb"},"inLanguage":"pl-PL","potentialAction":[{"@type":"ReadAction","target":["https:\/\/www.24gliwice.pl\/wiadomosci\/z-niecierpliwoscia-czekamy-na-pierwszy-mecz-fornalik-przed-spotkaniem-z-jagiellonia-bialystok\/"]}]},{"@type":"ImageObject","inLanguage":"pl-PL","@id":"https:\/\/www.24gliwice.pl\/wiadomosci\/z-niecierpliwoscia-czekamy-na-pierwszy-mecz-fornalik-przed-spotkaniem-z-jagiellonia-bialystok\/#primaryimage","url":"https:\/\/www.24gliwice.pl\/wiadomosci\/wp-content\/uploads\/2018\/02\/fornalik.jpg","contentUrl":"https:\/\/www.24gliwice.pl\/wiadomosci\/wp-content\/uploads\/2018\/02\/fornalik.jpg","width":800,"height":450},{"@type":"BreadcrumbList","@id":"https:\/\/www.24gliwice.pl\/wiadomosci\/z-niecierpliwoscia-czekamy-na-pierwszy-mecz-fornalik-przed-spotkaniem-z-jagiellonia-bialystok\/#breadcrumb","itemListElement":[{"@type":"ListItem","position":1,"name":"Strona g\u0142\u00f3wna","item":"https:\/\/www.24gliwice.pl\/wiadomosci\/"},{"@type":"ListItem","position":2,"name":"&#8222;Z niecierpliwo\u015bci\u0105 czekamy na pierwszy mecz&#8221;. Fornalik przed spotkaniem z Jagielloni\u0105 Bia\u0142ystok"}]},{"@type":"WebSite","@id":"https:\/\/www.24gliwice.pl\/wiadomosci\/#website","url":"https:\/\/www.24gliwice.pl\/wiadomosci\/","name":"24GLIWICE - Portal Gliwice | codziennie nowe wiadomo\u015bci","description":"Portal Miejski Gliwice","publisher":{"@id":"https:\/\/www.24gliwice.pl\/wiadomosci\/#organization"},"potentialAction":[{"@type":"SearchAction","target":{"@type":"EntryPoint","urlTemplate":"https:\/\/www.24gliwice.pl\/wiadomosci\/?s={search_term_string}"},"query-input":{"@type":"PropertyValueSpecification","valueRequired":true,"valueName":"search_term_string"}}],"inLanguage":"pl-PL"},{"@type":"Organization","@id":"https:\/\/www.24gliwice.pl\/wiadomosci\/#organization","name":"24gliwice","url":"https:\/\/www.24gliwice.pl\/wiadomosci\/","logo":{"@type":"ImageObject","inLanguage":"pl-PL","@id":"https:\/\/www.24gliwice.pl\/wiadomosci\/#\/schema\/logo\/image\/","url":"https:\/\/www.24gliwice.pl\/wiadomosci\/wp-content\/uploads\/2024\/10\/24gliwice-logo-696.jpg","contentUrl":"https:\/\/www.24gliwice.pl\/wiadomosci\/wp-content\/uploads\/2024\/10\/24gliwice-logo-696.jpg","width":696,"height":696,"caption":"24gliwice"},"image":{"@id":"https:\/\/www.24gliwice.pl\/wiadomosci\/#\/schema\/logo\/image\/"},"sameAs":["https:\/\/www.facebook.com\/24gliwice","https:\/\/x.com\/24gliwice","https:\/\/www.youtube.com\/@24gliwice"]},{"@type":"Person","@id":"https:\/\/www.24gliwice.pl\/wiadomosci\/#\/schema\/person\/e42c650edd7f2fa332be3811fb166b6e","name":"\u017baneta Mrozek-Siewierska","image":{"@type":"ImageObject","inLanguage":"pl-PL","@id":"https:\/\/secure.gravatar.com\/avatar\/1881429e9c64597c77ad7aef2d0a19be69a3253e57534d16aa15bf3a4d34a0a3?s=96&d=mm&r=g","url":"https:\/\/secure.gravatar.com\/avatar\/1881429e9c64597c77ad7aef2d0a19be69a3253e57534d16aa15bf3a4d34a0a3?s=96&d=mm&r=g","contentUrl":"https:\/\/secure.gravatar.com\/avatar\/1881429e9c64597c77ad7aef2d0a19be69a3253e57534d16aa15bf3a4d34a0a3?s=96&d=mm&r=g","caption":"\u017baneta Mrozek-Siewierska"},"url":"https:\/\/www.24gliwice.pl\/wiadomosci\/author\/zms\/"}]}},"_links":{"self":[{"href":"https:\/\/www.24gliwice.pl\/wiadomosci\/wp-json\/wp\/v2\/posts\/112051","targetHints":{"allow":["GET"]}}],"collection":[{"href":"https:\/\/www.24gliwice.pl\/wiadomosci\/wp-json\/wp\/v2\/posts"}],"about":[{"href":"https:\/\/www.24gliwice.pl\/wiadomosci\/wp-json\/wp\/v2\/types\/post"}],"author":[{"embeddable":true,"href":"https:\/\/www.24gliwice.pl\/wiadomosci\/wp-json\/wp\/v2\/users\/15"}],"replies":[{"embeddable":true,"href":"https:\/\/www.24gliwice.pl\/wiadomosci\/wp-json\/wp\/v2\/comments?post=112051"}],"version-history":[{"count":0,"href":"https:\/\/www.24gliwice.pl\/wiadomosci\/wp-json\/wp\/v2\/posts\/112051\/revisions"}],"wp:featuredmedia":[{"embeddable":true,"href":"https:\/\/www.24gliwice.pl\/wiadomosci\/wp-json\/wp\/v2\/media\/112059"}],"wp:attachment":[{"href":"https:\/\/www.24gliwice.pl\/wiadomosci\/wp-json\/wp\/v2\/media?parent=112051"}],"wp:term":[{"taxonomy":"category","embeddable":true,"href":"https:\/\/www.24gliwice.pl\/wiadomosci\/wp-json\/wp\/v2\/categories?post=112051"},{"taxonomy":"post_tag","embeddable":true,"href":"https:\/\/www.24gliwice.pl\/wiadomosci\/wp-json\/wp\/v2\/tags?post=112051"}],"curies":[{"name":"wp","href":"https:\/\/api.w.org\/{rel}","templated":true}]}}