{"id":112222,"date":"2018-02-09T13:30:11","date_gmt":"2018-02-09T12:30:11","guid":{"rendered":"http:\/\/www.24gliwice.pl\/wiadomosci\/?p=112222"},"modified":"2018-02-09T13:35:07","modified_gmt":"2018-02-09T12:35:07","slug":"centrum-onkologii-w-gliwicach-z-tomografem-spektralnym-najnowoczesniejszym-w-polsce","status":"publish","type":"post","link":"https:\/\/www.24gliwice.pl\/wiadomosci\/centrum-onkologii-w-gliwicach-z-tomografem-spektralnym-najnowoczesniejszym-w-polsce\/","title":{"rendered":"Centrum Onkologii w Gliwicach z tomografem spektralnym. Najnowocze\u015bniejszym w Polsce"},"content":{"rendered":"<div class=\"gliwi-a6-nad-leadem-artykulow gliwi-entity-placement\" id=\"gliwi-1455916505\"><div class=\"gliwi-adlabel\"><span style=\"font-size: 9px\">REKLAMA<\/span><\/div><div id=\"gliwi-2735128597\" style=\"margin-bottom: 30px;margin-left: auto;margin-right: auto;text-align: center;\"><a data-no-instant=\"1\" href=\"https:\/\/przedszkole.halogen.org.pl\/\" rel=\"noopener\" class=\"a2t-link\" target=\"_blank\" aria-label=\"20260402-ANIMATOR-przedszkole_grafika_750x200\"><img loading=\"lazy\" decoding=\"async\" src=\"https:\/\/www.24gliwice.pl\/wiadomosci\/wp-content\/uploads\/2026\/04\/20260402-ANIMATOR-przedszkole_grafika_750x200.webp\" alt=\"\"  srcset=\"https:\/\/www.24gliwice.pl\/wiadomosci\/wp-content\/uploads\/2026\/04\/20260402-ANIMATOR-przedszkole_grafika_750x200.webp 750w, https:\/\/www.24gliwice.pl\/wiadomosci\/wp-content\/uploads\/2026\/04\/20260402-ANIMATOR-przedszkole_grafika_750x200-410x109.webp 410w\" sizes=\"(max-width: 750px) 100vw, 750px\" class=\"no-lazyload\" width=\"750\" height=\"200\"  style=\"display: inline-block; max-width: 100%; height: auto;\" \/><\/a><\/div><\/div><h3>Pracownia Tomografii Komputerowej w Centrum Onkologii w Gliwicach zosta\u0142a wyposa\u017cona w\u00a0najnowszej generacji sprz\u0119t \u2013 tomograf spektralny\u00a0IQon\u00a0Spectral.<\/h3>\n<p>To\u00a0najnowocze\u015bniejsze tego typu rozwi\u0105zanie w\u00a0Polsce. Dzi\u0119ki unikalnym mo\u017cliwo\u015bciom klinicznym zapewnia lepsz\u0105 charakterystyk\u0119 i wizualizacj\u0119 tkanek, z kt\u00f3rych zbudowane s\u0105\u00a0struktury widoczne na obrazie.<\/p>\n[perfectpullquote align=&#8221;full&#8221; bordertop=&#8221;false&#8221; cite=&#8221;&#8221; link=&#8221;&#8221; color=&#8221;&#8221; class=&#8221;&#8221; size=&#8221;&#8221;]Opr\u00f3cz konwencjonalnego obrazu tomografii komputerowej, sprz\u0119t pozwala jednocze\u015bnie na uzyskanie danych spektralnych, takich jak wysoko i\u00a0niskoenergetyczne obrazy monochromatyczne, mapy jodowe, rozk\u0142ad struktur tkanek wed\u0142ug liczby atomowej czy wirtualne mapy bezkontrastowe.[\/perfectpullquote]\n<p>Dane te pozyskiwane s\u0105 automatycznie podczas standardowego badania. Umo\u017cliwia to\u00a0natychmiastowy dost\u0119p do poszerzonej diagnostyki, pozwalaj\u0105c oszcz\u0119dzi\u0107 czas potrzebny na postawienie skutecznej diagnozy. Tomograf zapewnia sta\u0142y dost\u0119p do\u00a0danych spektralnych, co, w przypadku konieczno\u015bci ich pozyskania, pozwala na\u00a0unikni\u0119cie przeprowadzenia ponownych bada\u0144, czyli generowania dodatkowej dawki promieniowania dla pacjenta.<\/p><div class=\"gliwi-a3-w-tresci-artykulow gliwi-entity-placement\" id=\"gliwi-359879754\"><div class=\"gliwi-adlabel\"><span style=\"font-size: 9px\">REKLAMA<\/span><\/div><div id=\"gliwi-3122855497\" style=\"margin-bottom: 30px;margin-left: auto;margin-right: auto;text-align: center;\"><a data-no-instant=\"1\" href=\"https:\/\/ogrodyandersa.pl\/\" rel=\"noopener\" class=\"a2t-link\" target=\"_blank\" aria-label=\"20260415 Ogrody Andersa KUP TERAZ D\"><img loading=\"lazy\" decoding=\"async\" src=\"https:\/\/www.24gliwice.pl\/wiadomosci\/wp-content\/uploads\/2026\/04\/20260415-Ogrody-Andersa-KUP-TERAZ-D.jpg\" alt=\"\"  srcset=\"https:\/\/www.24gliwice.pl\/wiadomosci\/wp-content\/uploads\/2026\/04\/20260415-Ogrody-Andersa-KUP-TERAZ-D.jpg 750w, https:\/\/www.24gliwice.pl\/wiadomosci\/wp-content\/uploads\/2026\/04\/20260415-Ogrody-Andersa-KUP-TERAZ-D-410x109.jpg 410w\" sizes=\"(max-width: 750px) 100vw, 750px\" class=\"no-lazyload\" width=\"750\" height=\"200\"  style=\"display: inline-block; max-width: 100%; height: auto;\" \/><\/a><\/div><\/div>\n<p>System spektralnej tomografii komputerowej daje mo\u017cliwo\u015bci lepszej analizy obraz\u00f3w TK i uzyskania dodatkowych informacji na temat tkanek prawid\u0142owych i patologicznych.<\/p>\n<blockquote><p>&#8211; Pewne procesy patologiczne, w tym nowotwory, mo\u017cemy zobaczy\u0107 \u0142atwiej, wi\u0119c jest mniejsze ryzyko, \u017ce te zmiany zostan\u0105 niezauwa\u017cone<\/p><\/blockquote>\n<p>\u2013 m\u00f3wi <strong>prof.\u00a0dr hab. n. med. Barbara Bobek-Billewicz<\/strong>,\u00a0Z-ca Dyrektora Oddzia\u0142u\u00a0ds. Lecznictwa Otwartego i Diagnostyki, Kierownik Zak\u0142adu Radiologii i\u00a0Diagnostyki Obrazowej Centrum Onkologii \u2013 Instytutu im. Marii Sk\u0142odowskiej- Curie Oddzia\u0142 w\u00a0Gliwicach.<br \/>\n&#8211; Dzi\u0119ki temu systemowi uzyskujemy wi\u0119cej informacji i\u00a0mamy nadziej\u0119, \u017ce prze\u0142o\u017c\u0105 si\u0119 one r\u00f3wnie\u017c na lepsze leczenie, nie tylko na diagnostyk\u0119.<\/p>\n<p>Dodatkowo system wyposa\u017cony jest w opracowany przez firm\u0119 Philips modelowy rekonstruktor iteracyjny IMR, kt\u00f3ry pozwala na uzyskanie obraz\u00f3w praktycznie pozbawionych szum\u00f3w, przy zachowaniu najlepszej rozdzielczo\u015bci niskokontrastowej. Wysoka rozdzielczo\u015b\u0107 niskokontrastowa ma szczeg\u00f3lne znaczenie dla obrazowania organ\u00f3w mi\u0105\u017cszowych, gdzie r\u00f3\u017cnice w g\u0119sto\u015bci tkanki zdrowej i zmian nowotworowych s\u0105 bardzo niewielkie.<\/p>\n<p>Technologia IMR pozwala r\u00f3wnie\u017c na znaczn\u0105 popraw\u0119 detekcji, a przez to osi\u0105gni\u0119cie warto\u015bci diagnostycznej dla takich obraz\u00f3w, a tak\u017ce redukcj\u0119 dawki promieniowania do 80 proc., co jest szczeg\u00f3lnie wa\u017cne w kwestii bezpiecze\u0144stwa pacjenta. Dzi\u0119ki tej nowoczesnej technologii urz\u0105dzenie doskonale sprawdza si\u0119 w ka\u017cdym typie pracowni, tak\u017ce onkologicznej.<\/p>\n<div class=\"gliwi-a5-na-koncu-artykulow gliwi-entity-placement\" id=\"gliwi-2994059912\"><div class=\"gliwi-adlabel\"><span style=\"font-size: 9px\">REKLAMA<\/span><\/div><div id=\"gliwi-316793956\" style=\"margin-left: auto;margin-right: auto;text-align: center;\"><a data-no-instant=\"1\" href=\"https:\/\/prezeroarenagliwice.pl\/\" rel=\"noopener\" class=\"a2t-link\" target=\"_blank\" aria-label=\"20260309-PREZERO-WIOSNA-D\"><img loading=\"lazy\" decoding=\"async\" src=\"https:\/\/www.24gliwice.pl\/wiadomosci\/wp-content\/uploads\/2026\/03\/20260309-PREZERO-WIOSNA-D.webp\" alt=\"\"  srcset=\"https:\/\/www.24gliwice.pl\/wiadomosci\/wp-content\/uploads\/2026\/03\/20260309-PREZERO-WIOSNA-D.webp 750w, https:\/\/www.24gliwice.pl\/wiadomosci\/wp-content\/uploads\/2026\/03\/20260309-PREZERO-WIOSNA-D-410x109.webp 410w\" sizes=\"(max-width: 750px) 100vw, 750px\" class=\"no-lazyload\" width=\"750\" height=\"200\"  style=\"display: inline-block; max-width: 100%; height: auto;\" \/><\/a><\/div><\/div>","protected":false},"excerpt":{"rendered":"<p>Pracownia Tomografii Komputerowej w Centrum Onkologii w Gliwicach zosta\u0142a wyposa\u017cona w\u00a0najnowszej generacji sprz\u0119t \u2013 tomograf spektralny\u00a0IQon\u00a0Spectral. To\u00a0najnowocze\u015bniejsze tego typu rozwi\u0105zanie w\u00a0Polsce. Dzi\u0119ki unikalnym mo\u017cliwo\u015bciom klinicznym zapewnia lepsz\u0105 charakterystyk\u0119 i wizualizacj\u0119 tkanek, z kt\u00f3rych zbudowane s\u0105\u00a0struktury widoczne na obrazie. [perfectpullquote align=&#8221;full&#8221; bordertop=&#8221;false&#8221; cite=&#8221;&#8221; link=&#8221;&#8221; color=&#8221;&#8221; class=&#8221;&#8221; size=&#8221;&#8221;]Opr\u00f3cz konwencjonalnego obrazu tomografii komputerowej, sprz\u0119t pozwala jednocze\u015bnie na uzyskanie [&hellip;]<\/p>\n","protected":false},"author":4,"featured_media":112227,"comment_status":"open","ping_status":"closed","sticky":false,"template":"","format":"standard","meta":{"_monsterinsights_skip_tracking":false,"_monsterinsights_sitenote_active":false,"_monsterinsights_sitenote_note":"","_monsterinsights_sitenote_category":0,"footnotes":"","_links_to":"","_links_to_target":""},"categories":[3,1],"tags":[7872,11505],"class_list":["post-112222","post","type-post","status-publish","format-standard","has-post-thumbnail","hentry","category-gliwice","category-wszystko","tag-centrum-onkologii","tag-tomograf"],"yoast_head":"<!-- This site is optimized with the Yoast SEO plugin v27.5 - https:\/\/yoast.com\/product\/yoast-seo-wordpress\/ -->\n<title>Centrum Onkologii w Gliwicach z tomografem spektralnym. Najnowocze\u015bniejszym w Polsce - 24GLIWICE - Portal Gliwice | codziennie nowe informacje<\/title>\n<meta name=\"robots\" content=\"index, follow, max-snippet:-1, max-image-preview:large, max-video-preview:-1\" \/>\n<link rel=\"canonical\" href=\"https:\/\/www.24gliwice.pl\/wiadomosci\/centrum-onkologii-w-gliwicach-z-tomografem-spektralnym-najnowoczesniejszym-w-polsce\/\" \/>\n<meta property=\"og:locale\" content=\"pl_PL\" \/>\n<meta property=\"og:type\" content=\"article\" \/>\n<meta property=\"og:title\" content=\"Centrum Onkologii w Gliwicach z tomografem spektralnym. Najnowocze\u015bniejszym w Polsce - 24GLIWICE - Portal Gliwice | codziennie nowe informacje\" \/>\n<meta property=\"og:description\" content=\"Pracownia Tomografii Komputerowej w Centrum Onkologii w Gliwicach zosta\u0142a wyposa\u017cona w\u00a0najnowszej generacji sprz\u0119t \u2013 tomograf spektralny\u00a0IQon\u00a0Spectral. To\u00a0najnowocze\u015bniejsze tego typu rozwi\u0105zanie w\u00a0Polsce. Dzi\u0119ki unikalnym mo\u017cliwo\u015bciom klinicznym zapewnia lepsz\u0105 charakterystyk\u0119 i wizualizacj\u0119 tkanek, z kt\u00f3rych zbudowane s\u0105\u00a0struktury widoczne na obrazie. [perfectpullquote align=&#8221;full&#8221; bordertop=&#8221;false&#8221; cite=&#8221;&#8221; link=&#8221;&#8221; color=&#8221;&#8221; class=&#8221;&#8221; size=&#8221;&#8221;]Opr\u00f3cz konwencjonalnego obrazu tomografii komputerowej, sprz\u0119t pozwala jednocze\u015bnie na uzyskanie [&hellip;]\" \/>\n<meta property=\"og:url\" content=\"https:\/\/www.24gliwice.pl\/wiadomosci\/centrum-onkologii-w-gliwicach-z-tomografem-spektralnym-najnowoczesniejszym-w-polsce\/\" \/>\n<meta property=\"og:site_name\" content=\"24GLIWICE - Portal Gliwice | codziennie nowe informacje\" \/>\n<meta property=\"article:publisher\" content=\"https:\/\/www.facebook.com\/24gliwice\" \/>\n<meta property=\"article:author\" content=\"https:\/\/www.facebook.com\/marcin.fabrykowski\" \/>\n<meta property=\"article:published_time\" content=\"2018-02-09T12:30:11+00:00\" \/>\n<meta property=\"article:modified_time\" content=\"2018-02-09T12:35:07+00:00\" \/>\n<meta property=\"og:image\" content=\"https:\/\/www.24gliwice.pl\/wiadomosci\/wp-content\/uploads\/2018\/02\/1-Tomograf-spektralny-w-Gliwicach_1.jpg\" \/>\n\t<meta property=\"og:image:width\" content=\"810\" \/>\n\t<meta property=\"og:image:height\" content=\"456\" \/>\n\t<meta property=\"og:image:type\" content=\"image\/jpeg\" \/>\n<meta name=\"author\" content=\"Marcin Fabrykowski\" \/>\n<meta name=\"twitter:card\" content=\"summary_large_image\" \/>\n<meta name=\"twitter:creator\" content=\"@24gliwice\" \/>\n<meta name=\"twitter:site\" content=\"@24gliwice\" \/>\n<meta name=\"twitter:label1\" content=\"Napisane przez\" \/>\n\t<meta name=\"twitter:data1\" content=\"Marcin Fabrykowski\" \/>\n\t<meta name=\"twitter:label2\" content=\"Szacowany czas czytania\" \/>\n\t<meta name=\"twitter:data2\" content=\"2 minuty\" \/>\n<script type=\"application\/ld+json\" class=\"yoast-schema-graph\">{\"@context\":\"https:\\\/\\\/schema.org\",\"@graph\":[{\"@type\":\"Article\",\"@id\":\"https:\\\/\\\/www.24gliwice.pl\\\/wiadomosci\\\/centrum-onkologii-w-gliwicach-z-tomografem-spektralnym-najnowoczesniejszym-w-polsce\\\/#article\",\"isPartOf\":{\"@id\":\"https:\\\/\\\/www.24gliwice.pl\\\/wiadomosci\\\/centrum-onkologii-w-gliwicach-z-tomografem-spektralnym-najnowoczesniejszym-w-polsce\\\/\"},\"author\":{\"name\":\"Marcin Fabrykowski\",\"@id\":\"https:\\\/\\\/www.24gliwice.pl\\\/wiadomosci\\\/#\\\/schema\\\/person\\\/cb5857e4a4d048c15984c1edcc8ef0c0\"},\"headline\":\"Centrum Onkologii w Gliwicach z tomografem spektralnym. Najnowocze\u015bniejszym w Polsce\",\"datePublished\":\"2018-02-09T12:30:11+00:00\",\"dateModified\":\"2018-02-09T12:35:07+00:00\",\"mainEntityOfPage\":{\"@id\":\"https:\\\/\\\/www.24gliwice.pl\\\/wiadomosci\\\/centrum-onkologii-w-gliwicach-z-tomografem-spektralnym-najnowoczesniejszym-w-polsce\\\/\"},\"wordCount\":393,\"commentCount\":0,\"publisher\":{\"@id\":\"https:\\\/\\\/www.24gliwice.pl\\\/wiadomosci\\\/#organization\"},\"image\":{\"@id\":\"https:\\\/\\\/www.24gliwice.pl\\\/wiadomosci\\\/centrum-onkologii-w-gliwicach-z-tomografem-spektralnym-najnowoczesniejszym-w-polsce\\\/#primaryimage\"},\"thumbnailUrl\":\"https:\\\/\\\/www.24gliwice.pl\\\/wiadomosci\\\/wp-content\\\/uploads\\\/2018\\\/02\\\/1-Tomograf-spektralny-w-Gliwicach_1.jpg\",\"keywords\":[\"centrum onkologii\",\"tomograf\"],\"articleSection\":[\"Gliwice\",\"Najnowsze wiadomo\u015bci\"],\"inLanguage\":\"pl-PL\",\"potentialAction\":[{\"@type\":\"CommentAction\",\"name\":\"Comment\",\"target\":[\"https:\\\/\\\/www.24gliwice.pl\\\/wiadomosci\\\/centrum-onkologii-w-gliwicach-z-tomografem-spektralnym-najnowoczesniejszym-w-polsce\\\/#respond\"]}]},{\"@type\":\"WebPage\",\"@id\":\"https:\\\/\\\/www.24gliwice.pl\\\/wiadomosci\\\/centrum-onkologii-w-gliwicach-z-tomografem-spektralnym-najnowoczesniejszym-w-polsce\\\/\",\"url\":\"https:\\\/\\\/www.24gliwice.pl\\\/wiadomosci\\\/centrum-onkologii-w-gliwicach-z-tomografem-spektralnym-najnowoczesniejszym-w-polsce\\\/\",\"name\":\"Centrum Onkologii w Gliwicach z tomografem spektralnym. Najnowocze\u015bniejszym w Polsce - 24GLIWICE - Portal Gliwice | codziennie nowe informacje\",\"isPartOf\":{\"@id\":\"https:\\\/\\\/www.24gliwice.pl\\\/wiadomosci\\\/#website\"},\"primaryImageOfPage\":{\"@id\":\"https:\\\/\\\/www.24gliwice.pl\\\/wiadomosci\\\/centrum-onkologii-w-gliwicach-z-tomografem-spektralnym-najnowoczesniejszym-w-polsce\\\/#primaryimage\"},\"image\":{\"@id\":\"https:\\\/\\\/www.24gliwice.pl\\\/wiadomosci\\\/centrum-onkologii-w-gliwicach-z-tomografem-spektralnym-najnowoczesniejszym-w-polsce\\\/#primaryimage\"},\"thumbnailUrl\":\"https:\\\/\\\/www.24gliwice.pl\\\/wiadomosci\\\/wp-content\\\/uploads\\\/2018\\\/02\\\/1-Tomograf-spektralny-w-Gliwicach_1.jpg\",\"datePublished\":\"2018-02-09T12:30:11+00:00\",\"dateModified\":\"2018-02-09T12:35:07+00:00\",\"breadcrumb\":{\"@id\":\"https:\\\/\\\/www.24gliwice.pl\\\/wiadomosci\\\/centrum-onkologii-w-gliwicach-z-tomografem-spektralnym-najnowoczesniejszym-w-polsce\\\/#breadcrumb\"},\"inLanguage\":\"pl-PL\",\"potentialAction\":[{\"@type\":\"ReadAction\",\"target\":[\"https:\\\/\\\/www.24gliwice.pl\\\/wiadomosci\\\/centrum-onkologii-w-gliwicach-z-tomografem-spektralnym-najnowoczesniejszym-w-polsce\\\/\"]}]},{\"@type\":\"ImageObject\",\"inLanguage\":\"pl-PL\",\"@id\":\"https:\\\/\\\/www.24gliwice.pl\\\/wiadomosci\\\/centrum-onkologii-w-gliwicach-z-tomografem-spektralnym-najnowoczesniejszym-w-polsce\\\/#primaryimage\",\"url\":\"https:\\\/\\\/www.24gliwice.pl\\\/wiadomosci\\\/wp-content\\\/uploads\\\/2018\\\/02\\\/1-Tomograf-spektralny-w-Gliwicach_1.jpg\",\"contentUrl\":\"https:\\\/\\\/www.24gliwice.pl\\\/wiadomosci\\\/wp-content\\\/uploads\\\/2018\\\/02\\\/1-Tomograf-spektralny-w-Gliwicach_1.jpg\",\"width\":810,\"height\":456},{\"@type\":\"BreadcrumbList\",\"@id\":\"https:\\\/\\\/www.24gliwice.pl\\\/wiadomosci\\\/centrum-onkologii-w-gliwicach-z-tomografem-spektralnym-najnowoczesniejszym-w-polsce\\\/#breadcrumb\",\"itemListElement\":[{\"@type\":\"ListItem\",\"position\":1,\"name\":\"Strona g\u0142\u00f3wna\",\"item\":\"https:\\\/\\\/www.24gliwice.pl\\\/wiadomosci\\\/\"},{\"@type\":\"ListItem\",\"position\":2,\"name\":\"Centrum Onkologii w Gliwicach z tomografem spektralnym. Najnowocze\u015bniejszym w Polsce\"}]},{\"@type\":\"WebSite\",\"@id\":\"https:\\\/\\\/www.24gliwice.pl\\\/wiadomosci\\\/#website\",\"url\":\"https:\\\/\\\/www.24gliwice.pl\\\/wiadomosci\\\/\",\"name\":\"24GLIWICE - Portal Gliwice | codziennie nowe wiadomo\u015bci\",\"description\":\"Portal Miejski Gliwice\",\"publisher\":{\"@id\":\"https:\\\/\\\/www.24gliwice.pl\\\/wiadomosci\\\/#organization\"},\"potentialAction\":[{\"@type\":\"SearchAction\",\"target\":{\"@type\":\"EntryPoint\",\"urlTemplate\":\"https:\\\/\\\/www.24gliwice.pl\\\/wiadomosci\\\/?s={search_term_string}\"},\"query-input\":{\"@type\":\"PropertyValueSpecification\",\"valueRequired\":true,\"valueName\":\"search_term_string\"}}],\"inLanguage\":\"pl-PL\"},{\"@type\":\"Organization\",\"@id\":\"https:\\\/\\\/www.24gliwice.pl\\\/wiadomosci\\\/#organization\",\"name\":\"24gliwice\",\"url\":\"https:\\\/\\\/www.24gliwice.pl\\\/wiadomosci\\\/\",\"logo\":{\"@type\":\"ImageObject\",\"inLanguage\":\"pl-PL\",\"@id\":\"https:\\\/\\\/www.24gliwice.pl\\\/wiadomosci\\\/#\\\/schema\\\/logo\\\/image\\\/\",\"url\":\"https:\\\/\\\/www.24gliwice.pl\\\/wiadomosci\\\/wp-content\\\/uploads\\\/2024\\\/10\\\/24gliwice-logo-696.jpg\",\"contentUrl\":\"https:\\\/\\\/www.24gliwice.pl\\\/wiadomosci\\\/wp-content\\\/uploads\\\/2024\\\/10\\\/24gliwice-logo-696.jpg\",\"width\":696,\"height\":696,\"caption\":\"24gliwice\"},\"image\":{\"@id\":\"https:\\\/\\\/www.24gliwice.pl\\\/wiadomosci\\\/#\\\/schema\\\/logo\\\/image\\\/\"},\"sameAs\":[\"https:\\\/\\\/www.facebook.com\\\/24gliwice\",\"https:\\\/\\\/x.com\\\/24gliwice\",\"https:\\\/\\\/www.youtube.com\\\/@24gliwice\"]},{\"@type\":\"Person\",\"@id\":\"https:\\\/\\\/www.24gliwice.pl\\\/wiadomosci\\\/#\\\/schema\\\/person\\\/cb5857e4a4d048c15984c1edcc8ef0c0\",\"name\":\"Marcin Fabrykowski\",\"image\":{\"@type\":\"ImageObject\",\"inLanguage\":\"pl-PL\",\"@id\":\"https:\\\/\\\/www.24gliwice.pl\\\/wiadomosci\\\/wp-content\\\/uploads\\\/2025\\\/11\\\/zdjecie-moje-marcin-300-96x96.jpg\",\"url\":\"https:\\\/\\\/www.24gliwice.pl\\\/wiadomosci\\\/wp-content\\\/uploads\\\/2025\\\/11\\\/zdjecie-moje-marcin-300-96x96.jpg\",\"contentUrl\":\"https:\\\/\\\/www.24gliwice.pl\\\/wiadomosci\\\/wp-content\\\/uploads\\\/2025\\\/11\\\/zdjecie-moje-marcin-300-96x96.jpg\",\"caption\":\"Marcin Fabrykowski\"},\"sameAs\":[\"http:\\\/\\\/24gliwice.pl\",\"https:\\\/\\\/www.facebook.com\\\/marcin.fabrykowski\"],\"url\":\"https:\\\/\\\/www.24gliwice.pl\\\/wiadomosci\\\/author\\\/marcin-fabrykowski\\\/\"}]}<\/script>\n<!-- \/ Yoast SEO plugin. -->","yoast_head_json":{"title":"Centrum Onkologii w Gliwicach z tomografem spektralnym. Najnowocze\u015bniejszym w Polsce - 24GLIWICE - Portal Gliwice | codziennie nowe informacje","robots":{"index":"index","follow":"follow","max-snippet":"max-snippet:-1","max-image-preview":"max-image-preview:large","max-video-preview":"max-video-preview:-1"},"canonical":"https:\/\/www.24gliwice.pl\/wiadomosci\/centrum-onkologii-w-gliwicach-z-tomografem-spektralnym-najnowoczesniejszym-w-polsce\/","og_locale":"pl_PL","og_type":"article","og_title":"Centrum Onkologii w Gliwicach z tomografem spektralnym. Najnowocze\u015bniejszym w Polsce - 24GLIWICE - Portal Gliwice | codziennie nowe informacje","og_description":"Pracownia Tomografii Komputerowej w Centrum Onkologii w Gliwicach zosta\u0142a wyposa\u017cona w\u00a0najnowszej generacji sprz\u0119t \u2013 tomograf spektralny\u00a0IQon\u00a0Spectral. To\u00a0najnowocze\u015bniejsze tego typu rozwi\u0105zanie w\u00a0Polsce. Dzi\u0119ki unikalnym mo\u017cliwo\u015bciom klinicznym zapewnia lepsz\u0105 charakterystyk\u0119 i wizualizacj\u0119 tkanek, z kt\u00f3rych zbudowane s\u0105\u00a0struktury widoczne na obrazie. [perfectpullquote align=&#8221;full&#8221; bordertop=&#8221;false&#8221; cite=&#8221;&#8221; link=&#8221;&#8221; color=&#8221;&#8221; class=&#8221;&#8221; size=&#8221;&#8221;]Opr\u00f3cz konwencjonalnego obrazu tomografii komputerowej, sprz\u0119t pozwala jednocze\u015bnie na uzyskanie [&hellip;]","og_url":"https:\/\/www.24gliwice.pl\/wiadomosci\/centrum-onkologii-w-gliwicach-z-tomografem-spektralnym-najnowoczesniejszym-w-polsce\/","og_site_name":"24GLIWICE - Portal Gliwice | codziennie nowe informacje","article_publisher":"https:\/\/www.facebook.com\/24gliwice","article_author":"https:\/\/www.facebook.com\/marcin.fabrykowski","article_published_time":"2018-02-09T12:30:11+00:00","article_modified_time":"2018-02-09T12:35:07+00:00","og_image":[{"width":810,"height":456,"url":"https:\/\/www.24gliwice.pl\/wiadomosci\/wp-content\/uploads\/2018\/02\/1-Tomograf-spektralny-w-Gliwicach_1.jpg","type":"image\/jpeg"}],"author":"Marcin Fabrykowski","twitter_card":"summary_large_image","twitter_creator":"@24gliwice","twitter_site":"@24gliwice","twitter_misc":{"Napisane przez":"Marcin Fabrykowski","Szacowany czas czytania":"2 minuty"},"schema":{"@context":"https:\/\/schema.org","@graph":[{"@type":"Article","@id":"https:\/\/www.24gliwice.pl\/wiadomosci\/centrum-onkologii-w-gliwicach-z-tomografem-spektralnym-najnowoczesniejszym-w-polsce\/#article","isPartOf":{"@id":"https:\/\/www.24gliwice.pl\/wiadomosci\/centrum-onkologii-w-gliwicach-z-tomografem-spektralnym-najnowoczesniejszym-w-polsce\/"},"author":{"name":"Marcin Fabrykowski","@id":"https:\/\/www.24gliwice.pl\/wiadomosci\/#\/schema\/person\/cb5857e4a4d048c15984c1edcc8ef0c0"},"headline":"Centrum Onkologii w Gliwicach z tomografem spektralnym. Najnowocze\u015bniejszym w Polsce","datePublished":"2018-02-09T12:30:11+00:00","dateModified":"2018-02-09T12:35:07+00:00","mainEntityOfPage":{"@id":"https:\/\/www.24gliwice.pl\/wiadomosci\/centrum-onkologii-w-gliwicach-z-tomografem-spektralnym-najnowoczesniejszym-w-polsce\/"},"wordCount":393,"commentCount":0,"publisher":{"@id":"https:\/\/www.24gliwice.pl\/wiadomosci\/#organization"},"image":{"@id":"https:\/\/www.24gliwice.pl\/wiadomosci\/centrum-onkologii-w-gliwicach-z-tomografem-spektralnym-najnowoczesniejszym-w-polsce\/#primaryimage"},"thumbnailUrl":"https:\/\/www.24gliwice.pl\/wiadomosci\/wp-content\/uploads\/2018\/02\/1-Tomograf-spektralny-w-Gliwicach_1.jpg","keywords":["centrum onkologii","tomograf"],"articleSection":["Gliwice","Najnowsze wiadomo\u015bci"],"inLanguage":"pl-PL","potentialAction":[{"@type":"CommentAction","name":"Comment","target":["https:\/\/www.24gliwice.pl\/wiadomosci\/centrum-onkologii-w-gliwicach-z-tomografem-spektralnym-najnowoczesniejszym-w-polsce\/#respond"]}]},{"@type":"WebPage","@id":"https:\/\/www.24gliwice.pl\/wiadomosci\/centrum-onkologii-w-gliwicach-z-tomografem-spektralnym-najnowoczesniejszym-w-polsce\/","url":"https:\/\/www.24gliwice.pl\/wiadomosci\/centrum-onkologii-w-gliwicach-z-tomografem-spektralnym-najnowoczesniejszym-w-polsce\/","name":"Centrum Onkologii w Gliwicach z tomografem spektralnym. Najnowocze\u015bniejszym w Polsce - 24GLIWICE - Portal Gliwice | codziennie nowe informacje","isPartOf":{"@id":"https:\/\/www.24gliwice.pl\/wiadomosci\/#website"},"primaryImageOfPage":{"@id":"https:\/\/www.24gliwice.pl\/wiadomosci\/centrum-onkologii-w-gliwicach-z-tomografem-spektralnym-najnowoczesniejszym-w-polsce\/#primaryimage"},"image":{"@id":"https:\/\/www.24gliwice.pl\/wiadomosci\/centrum-onkologii-w-gliwicach-z-tomografem-spektralnym-najnowoczesniejszym-w-polsce\/#primaryimage"},"thumbnailUrl":"https:\/\/www.24gliwice.pl\/wiadomosci\/wp-content\/uploads\/2018\/02\/1-Tomograf-spektralny-w-Gliwicach_1.jpg","datePublished":"2018-02-09T12:30:11+00:00","dateModified":"2018-02-09T12:35:07+00:00","breadcrumb":{"@id":"https:\/\/www.24gliwice.pl\/wiadomosci\/centrum-onkologii-w-gliwicach-z-tomografem-spektralnym-najnowoczesniejszym-w-polsce\/#breadcrumb"},"inLanguage":"pl-PL","potentialAction":[{"@type":"ReadAction","target":["https:\/\/www.24gliwice.pl\/wiadomosci\/centrum-onkologii-w-gliwicach-z-tomografem-spektralnym-najnowoczesniejszym-w-polsce\/"]}]},{"@type":"ImageObject","inLanguage":"pl-PL","@id":"https:\/\/www.24gliwice.pl\/wiadomosci\/centrum-onkologii-w-gliwicach-z-tomografem-spektralnym-najnowoczesniejszym-w-polsce\/#primaryimage","url":"https:\/\/www.24gliwice.pl\/wiadomosci\/wp-content\/uploads\/2018\/02\/1-Tomograf-spektralny-w-Gliwicach_1.jpg","contentUrl":"https:\/\/www.24gliwice.pl\/wiadomosci\/wp-content\/uploads\/2018\/02\/1-Tomograf-spektralny-w-Gliwicach_1.jpg","width":810,"height":456},{"@type":"BreadcrumbList","@id":"https:\/\/www.24gliwice.pl\/wiadomosci\/centrum-onkologii-w-gliwicach-z-tomografem-spektralnym-najnowoczesniejszym-w-polsce\/#breadcrumb","itemListElement":[{"@type":"ListItem","position":1,"name":"Strona g\u0142\u00f3wna","item":"https:\/\/www.24gliwice.pl\/wiadomosci\/"},{"@type":"ListItem","position":2,"name":"Centrum Onkologii w Gliwicach z tomografem spektralnym. Najnowocze\u015bniejszym w Polsce"}]},{"@type":"WebSite","@id":"https:\/\/www.24gliwice.pl\/wiadomosci\/#website","url":"https:\/\/www.24gliwice.pl\/wiadomosci\/","name":"24GLIWICE - Portal Gliwice | codziennie nowe wiadomo\u015bci","description":"Portal Miejski Gliwice","publisher":{"@id":"https:\/\/www.24gliwice.pl\/wiadomosci\/#organization"},"potentialAction":[{"@type":"SearchAction","target":{"@type":"EntryPoint","urlTemplate":"https:\/\/www.24gliwice.pl\/wiadomosci\/?s={search_term_string}"},"query-input":{"@type":"PropertyValueSpecification","valueRequired":true,"valueName":"search_term_string"}}],"inLanguage":"pl-PL"},{"@type":"Organization","@id":"https:\/\/www.24gliwice.pl\/wiadomosci\/#organization","name":"24gliwice","url":"https:\/\/www.24gliwice.pl\/wiadomosci\/","logo":{"@type":"ImageObject","inLanguage":"pl-PL","@id":"https:\/\/www.24gliwice.pl\/wiadomosci\/#\/schema\/logo\/image\/","url":"https:\/\/www.24gliwice.pl\/wiadomosci\/wp-content\/uploads\/2024\/10\/24gliwice-logo-696.jpg","contentUrl":"https:\/\/www.24gliwice.pl\/wiadomosci\/wp-content\/uploads\/2024\/10\/24gliwice-logo-696.jpg","width":696,"height":696,"caption":"24gliwice"},"image":{"@id":"https:\/\/www.24gliwice.pl\/wiadomosci\/#\/schema\/logo\/image\/"},"sameAs":["https:\/\/www.facebook.com\/24gliwice","https:\/\/x.com\/24gliwice","https:\/\/www.youtube.com\/@24gliwice"]},{"@type":"Person","@id":"https:\/\/www.24gliwice.pl\/wiadomosci\/#\/schema\/person\/cb5857e4a4d048c15984c1edcc8ef0c0","name":"Marcin Fabrykowski","image":{"@type":"ImageObject","inLanguage":"pl-PL","@id":"https:\/\/www.24gliwice.pl\/wiadomosci\/wp-content\/uploads\/2025\/11\/zdjecie-moje-marcin-300-96x96.jpg","url":"https:\/\/www.24gliwice.pl\/wiadomosci\/wp-content\/uploads\/2025\/11\/zdjecie-moje-marcin-300-96x96.jpg","contentUrl":"https:\/\/www.24gliwice.pl\/wiadomosci\/wp-content\/uploads\/2025\/11\/zdjecie-moje-marcin-300-96x96.jpg","caption":"Marcin Fabrykowski"},"sameAs":["http:\/\/24gliwice.pl","https:\/\/www.facebook.com\/marcin.fabrykowski"],"url":"https:\/\/www.24gliwice.pl\/wiadomosci\/author\/marcin-fabrykowski\/"}]}},"_links":{"self":[{"href":"https:\/\/www.24gliwice.pl\/wiadomosci\/wp-json\/wp\/v2\/posts\/112222","targetHints":{"allow":["GET"]}}],"collection":[{"href":"https:\/\/www.24gliwice.pl\/wiadomosci\/wp-json\/wp\/v2\/posts"}],"about":[{"href":"https:\/\/www.24gliwice.pl\/wiadomosci\/wp-json\/wp\/v2\/types\/post"}],"author":[{"embeddable":true,"href":"https:\/\/www.24gliwice.pl\/wiadomosci\/wp-json\/wp\/v2\/users\/4"}],"replies":[{"embeddable":true,"href":"https:\/\/www.24gliwice.pl\/wiadomosci\/wp-json\/wp\/v2\/comments?post=112222"}],"version-history":[{"count":0,"href":"https:\/\/www.24gliwice.pl\/wiadomosci\/wp-json\/wp\/v2\/posts\/112222\/revisions"}],"wp:featuredmedia":[{"embeddable":true,"href":"https:\/\/www.24gliwice.pl\/wiadomosci\/wp-json\/wp\/v2\/media\/112227"}],"wp:attachment":[{"href":"https:\/\/www.24gliwice.pl\/wiadomosci\/wp-json\/wp\/v2\/media?parent=112222"}],"wp:term":[{"taxonomy":"category","embeddable":true,"href":"https:\/\/www.24gliwice.pl\/wiadomosci\/wp-json\/wp\/v2\/categories?post=112222"},{"taxonomy":"post_tag","embeddable":true,"href":"https:\/\/www.24gliwice.pl\/wiadomosci\/wp-json\/wp\/v2\/tags?post=112222"}],"curies":[{"name":"wp","href":"https:\/\/api.w.org\/{rel}","templated":true}]}}