{"id":112324,"date":"2018-02-13T15:29:19","date_gmt":"2018-02-13T14:29:19","guid":{"rendered":"http:\/\/www.24gliwice.pl\/wiadomosci\/?p=112324"},"modified":"2018-02-13T15:29:19","modified_gmt":"2018-02-13T14:29:19","slug":"powstaje-akademickie-liceum-ogolnoksztalcace-to-nowa-oferta-politechniki-slaskiej","status":"publish","type":"post","link":"https:\/\/www.24gliwice.pl\/wiadomosci\/powstaje-akademickie-liceum-ogolnoksztalcace-to-nowa-oferta-politechniki-slaskiej\/","title":{"rendered":"Powstaje Akademickie Liceum Og\u00f3lnokszta\u0142c\u0105ce. To nowa oferta Politechniki \u015al\u0105skiej"},"content":{"rendered":"<div class=\"gliwi-a6-nad-leadem-artykulow gliwi-entity-placement\" id=\"gliwi-2026283025\"><div class=\"gliwi-adlabel\"><span style=\"font-size: 9px\">REKLAMA<\/span><\/div><div id=\"gliwi-3511972038\" style=\"margin-bottom: 25px;margin-left: auto;margin-right: auto;text-align: center;\"><a data-no-instant=\"1\" href=\"https:\/\/dom100.eu\/\" rel=\"noopener\" class=\"a2t-link\" target=\"_blank\" aria-label=\"20260415 DOM100 D\"><img loading=\"lazy\" decoding=\"async\" src=\"https:\/\/www.24gliwice.pl\/wiadomosci\/wp-content\/uploads\/2026\/04\/20260415-DOM100-D.jpg\" alt=\"\"  srcset=\"https:\/\/www.24gliwice.pl\/wiadomosci\/wp-content\/uploads\/2026\/04\/20260415-DOM100-D.jpg 750w, https:\/\/www.24gliwice.pl\/wiadomosci\/wp-content\/uploads\/2026\/04\/20260415-DOM100-D-410x109.jpg 410w\" sizes=\"(max-width: 750px) 100vw, 750px\" class=\"no-lazyload\" width=\"750\" height=\"200\"  style=\"display: inline-block; max-width: 100%; height: auto;\" \/><\/a><\/div><\/div><h3>Politechnika \u015al\u0105ska otwiera drzwi do \u015bwiata nauki dla m\u0142odzie\u017cy licealnej. Od wrze\u015bnia przy ul. Marcina Strzody 10 b\u0119dzie dzia\u0142a\u0107 publiczne Akademickie Liceum Og\u00f3lnokszta\u0142c\u0105ce prowadzone przez gliwick\u0105 uczelni\u0119.<\/h3>\n<p>W liceum akademickim pod patronatem Politechniki \u015al\u0105skiej zostan\u0105 utworzone dwa profile kszta\u0142cenia: politechniczny oraz architektoniczny. Limit przyj\u0119cia dla ka\u017cdego oddzia\u0142u wynosi 25 miejsc.<\/p>\n[perfectpullquote align=&#8221;full&#8221; bordertop=&#8221;false&#8221; cite=&#8221;&#8221; link=&#8221;&#8221; color=&#8221;&#8221; class=&#8221;&#8221; size=&#8221;&#8221;]Nauka w liceum b\u0119dzie oparta na programach autorskich, poszerzaj\u0105cych podstawy programowe z przedmiot\u00f3w \u015bcis\u0142ych oraz z j\u0119zyk\u00f3w obcych. [\/perfectpullquote]\n<p>Uzupe\u0142nieniem kszta\u0142cenia podstawowego b\u0119dzie oferta zaj\u0119\u0107 pozalekcyjnych, opartych na wsp\u00f3\u0142dzia\u0142aniu z ko\u0142ami naukowymi Politechniki \u015al\u0105skiej oraz instytucjami z otoczenia spo\u0142eczno-gospodarczego z rejonu \u015al\u0105ska.<\/p><div class=\"gliwi-a3-w-tresci-artykulow gliwi-entity-placement\" id=\"gliwi-888049828\"><div class=\"gliwi-adlabel\"><span style=\"font-size: 9px\">REKLAMA<\/span><\/div><div id=\"gliwi-3447053944\" style=\"margin-bottom: 30px;margin-left: auto;margin-right: auto;text-align: center;\"><a data-no-instant=\"1\" href=\"https:\/\/zlobek.halogen.org.pl\/\" rel=\"noopener\" class=\"a2t-link\" target=\"_blank\" aria-label=\"animator-zlobek_750x200\"><img loading=\"lazy\" decoding=\"async\" src=\"https:\/\/www.24gliwice.pl\/wiadomosci\/wp-content\/uploads\/2026\/02\/animator-zlobek_750x200.webp\" alt=\"\"  srcset=\"https:\/\/www.24gliwice.pl\/wiadomosci\/wp-content\/uploads\/2026\/02\/animator-zlobek_750x200.webp 750w, https:\/\/www.24gliwice.pl\/wiadomosci\/wp-content\/uploads\/2026\/02\/animator-zlobek_750x200-410x109.webp 410w\" sizes=\"(max-width: 750px) 100vw, 750px\" class=\"no-lazyload\" width=\"750\" height=\"200\"  style=\"display: inline-block; max-width: 100%; height: auto;\" \/><\/a><\/div><\/div>\n<p>&#8211; Celem Akademickiego Liceum Og\u00f3lnokszta\u0142c\u0105cego jest umo\u017cliwienie uczniom dokonania \u015bwiadomego wyboru dalszego kierunku kszta\u0142cenia poprzez zapewnienie im nauki na akademickim poziomie. Dzi\u0119ki temu mo\u017cliwe jest przygotowanie uczni\u00f3w do kontynuacji kszta\u0142cenia w szkole wy\u017cszej, w szczeg\u00f3lno\u015bci na kierunkach \u015bcis\u0142ych i technicznych. Co ciekawe, bliska wsp\u00f3\u0142praca z Politechnik\u0105 \u015al\u0105sk\u0105 umo\u017cliwi najlepszym uczniom lice\u00f3w akademickich fakultatywny udzia\u0142 w wybranych zaj\u0119ciach na studiach z mo\u017cliwo\u015bci\u0105 ich zaliczenia jeszcze przed rozpocz\u0119ciem nauki na uczelni \u2013 m\u00f3wi rektor Politechniki \u015al\u0105skiej <strong>prof. Arkadiusz M\u0119\u017cyk<\/strong>.<\/p>\n<p>Kadr\u0119 dydaktyczn\u0105 szko\u0142y, w przewa\u017caj\u0105cym stopniu b\u0119d\u0105 tworzy\u0107 pracownicy dydaktyczno-naukowi gliwickiej uczelni. Akademickie Liceum Og\u00f3lnokszta\u0142c\u0105ce pod patronatem Politechniki \u015al\u0105skiej powstanie r\u00f3wnie\u017c w Rybniku.<\/p>\n<p>Szczeg\u00f3\u0142owe zasady, regulamin i harmonogram rekrutacji zostan\u0105 opublikowane w kwietniu, na stronie <a href=\"http:\/\/www.alogliwice.polsl.pl\" rel=\"noopener\" target=\"_blank\">www.alogliwice.polsl.pl<\/a>.<\/p>\n<p>(\u017cms)\/UM Gliwice<\/p>\n<div class=\"gliwi-a5-na-koncu-artykulow gliwi-entity-placement\" id=\"gliwi-4097129023\"><div class=\"gliwi-adlabel\"><span style=\"font-size: 9px\">REKLAMA<\/span><\/div><div id=\"gliwi-1872994128\" style=\"margin-left: auto;margin-right: auto;text-align: center;\"><a data-no-instant=\"1\" href=\"https:\/\/www.jasek.pl\/\" rel=\"noopener\" class=\"a2t-link\" target=\"_blank\" aria-label=\"20200401-jasek 600\"><img loading=\"lazy\" decoding=\"async\" src=\"https:\/\/www.24gliwice.pl\/wiadomosci\/wp-content\/uploads\/2020\/04\/20200401-jasek-600.jpg\" alt=\"\"  srcset=\"https:\/\/www.24gliwice.pl\/wiadomosci\/wp-content\/uploads\/2020\/04\/20200401-jasek-600.jpg 600w, https:\/\/www.24gliwice.pl\/wiadomosci\/wp-content\/uploads\/2020\/04\/20200401-jasek-600-410x109.jpg 410w\" sizes=\"(max-width: 600px) 100vw, 600px\" class=\"no-lazyload\" width=\"600\" height=\"160\"  style=\"display: inline-block; max-width: 100%; height: auto;\" \/><\/a><\/div><\/div>","protected":false},"excerpt":{"rendered":"<p>Politechnika \u015al\u0105ska otwiera drzwi do \u015bwiata nauki dla m\u0142odzie\u017cy licealnej. Od wrze\u015bnia przy ul. Marcina Strzody 10 b\u0119dzie dzia\u0142a\u0107 publiczne Akademickie Liceum Og\u00f3lnokszta\u0142c\u0105ce prowadzone przez gliwick\u0105 uczelni\u0119. W liceum akademickim pod patronatem Politechniki \u015al\u0105skiej zostan\u0105 utworzone dwa profile kszta\u0142cenia: politechniczny oraz architektoniczny. Limit przyj\u0119cia dla ka\u017cdego oddzia\u0142u wynosi 25 miejsc. [perfectpullquote align=&#8221;full&#8221; bordertop=&#8221;false&#8221; cite=&#8221;&#8221; link=&#8221;&#8221; [&hellip;]<\/p>\n","protected":false},"author":15,"featured_media":74477,"comment_status":"open","ping_status":"closed","sticky":false,"template":"","format":"standard","meta":{"_monsterinsights_skip_tracking":false,"_monsterinsights_sitenote_active":false,"_monsterinsights_sitenote_note":"","_monsterinsights_sitenote_category":0,"footnotes":"","_links_to":"","_links_to_target":""},"categories":[3,1],"tags":[8421,8879,11514,219,5171,8880],"class_list":["post-112324","post","type-post","status-publish","format-standard","has-post-thumbnail","hentry","category-gliwice","category-wszystko","tag-gimnazjum","tag-liceum","tag-mezyk","tag-politechnika-slaska","tag-szkola","tag-szkola-podstawowa"],"yoast_head":"<!-- This site is optimized with the Yoast SEO plugin v27.5 - https:\/\/yoast.com\/product\/yoast-seo-wordpress\/ -->\n<title>Powstaje Akademickie Liceum Og\u00f3lnokszta\u0142c\u0105ce. To nowa oferta Politechniki \u015al\u0105skiej - 24GLIWICE - Portal Gliwice | codziennie nowe informacje<\/title>\n<meta name=\"robots\" content=\"index, follow, max-snippet:-1, max-image-preview:large, max-video-preview:-1\" \/>\n<link rel=\"canonical\" href=\"https:\/\/www.24gliwice.pl\/wiadomosci\/powstaje-akademickie-liceum-ogolnoksztalcace-to-nowa-oferta-politechniki-slaskiej\/\" \/>\n<meta property=\"og:locale\" content=\"pl_PL\" \/>\n<meta property=\"og:type\" content=\"article\" \/>\n<meta property=\"og:title\" content=\"Powstaje Akademickie Liceum Og\u00f3lnokszta\u0142c\u0105ce. To nowa oferta Politechniki \u015al\u0105skiej - 24GLIWICE - Portal Gliwice | codziennie nowe informacje\" \/>\n<meta property=\"og:description\" content=\"Politechnika \u015al\u0105ska otwiera drzwi do \u015bwiata nauki dla m\u0142odzie\u017cy licealnej. Od wrze\u015bnia przy ul. Marcina Strzody 10 b\u0119dzie dzia\u0142a\u0107 publiczne Akademickie Liceum Og\u00f3lnokszta\u0142c\u0105ce prowadzone przez gliwick\u0105 uczelni\u0119. W liceum akademickim pod patronatem Politechniki \u015al\u0105skiej zostan\u0105 utworzone dwa profile kszta\u0142cenia: politechniczny oraz architektoniczny. Limit przyj\u0119cia dla ka\u017cdego oddzia\u0142u wynosi 25 miejsc. [perfectpullquote align=&#8221;full&#8221; bordertop=&#8221;false&#8221; cite=&#8221;&#8221; link=&#8221;&#8221; [&hellip;]\" \/>\n<meta property=\"og:url\" content=\"https:\/\/www.24gliwice.pl\/wiadomosci\/powstaje-akademickie-liceum-ogolnoksztalcace-to-nowa-oferta-politechniki-slaskiej\/\" \/>\n<meta property=\"og:site_name\" content=\"24GLIWICE - Portal Gliwice | codziennie nowe informacje\" \/>\n<meta property=\"article:publisher\" content=\"https:\/\/www.facebook.com\/24gliwice\" \/>\n<meta property=\"article:published_time\" content=\"2018-02-13T14:29:19+00:00\" \/>\n<meta property=\"og:image\" content=\"https:\/\/www.24gliwice.pl\/wiadomosci\/wp-content\/uploads\/2015\/08\/Politechnika-\u015al\u0105ska-wydzia\u0142-Architektury.jpg\" \/>\n\t<meta property=\"og:image:width\" content=\"810\" \/>\n\t<meta property=\"og:image:height\" content=\"456\" \/>\n\t<meta property=\"og:image:type\" content=\"image\/jpeg\" \/>\n<meta name=\"author\" content=\"\u017baneta Mrozek-Siewierska\" \/>\n<meta name=\"twitter:card\" content=\"summary_large_image\" \/>\n<meta name=\"twitter:creator\" content=\"@24gliwice\" \/>\n<meta name=\"twitter:site\" content=\"@24gliwice\" \/>\n<meta name=\"twitter:label1\" content=\"Napisane przez\" \/>\n\t<meta name=\"twitter:data1\" content=\"\u017baneta Mrozek-Siewierska\" \/>\n\t<meta name=\"twitter:label2\" content=\"Szacowany czas czytania\" \/>\n\t<meta name=\"twitter:data2\" content=\"1 minuta\" \/>\n<script type=\"application\/ld+json\" class=\"yoast-schema-graph\">{\"@context\":\"https:\\\/\\\/schema.org\",\"@graph\":[{\"@type\":\"Article\",\"@id\":\"https:\\\/\\\/www.24gliwice.pl\\\/wiadomosci\\\/powstaje-akademickie-liceum-ogolnoksztalcace-to-nowa-oferta-politechniki-slaskiej\\\/#article\",\"isPartOf\":{\"@id\":\"https:\\\/\\\/www.24gliwice.pl\\\/wiadomosci\\\/powstaje-akademickie-liceum-ogolnoksztalcace-to-nowa-oferta-politechniki-slaskiej\\\/\"},\"author\":{\"name\":\"\u017baneta Mrozek-Siewierska\",\"@id\":\"https:\\\/\\\/www.24gliwice.pl\\\/wiadomosci\\\/#\\\/schema\\\/person\\\/e42c650edd7f2fa332be3811fb166b6e\"},\"headline\":\"Powstaje Akademickie Liceum Og\u00f3lnokszta\u0142c\u0105ce. To nowa oferta Politechniki \u015al\u0105skiej\",\"datePublished\":\"2018-02-13T14:29:19+00:00\",\"mainEntityOfPage\":{\"@id\":\"https:\\\/\\\/www.24gliwice.pl\\\/wiadomosci\\\/powstaje-akademickie-liceum-ogolnoksztalcace-to-nowa-oferta-politechniki-slaskiej\\\/\"},\"wordCount\":294,\"commentCount\":0,\"publisher\":{\"@id\":\"https:\\\/\\\/www.24gliwice.pl\\\/wiadomosci\\\/#organization\"},\"image\":{\"@id\":\"https:\\\/\\\/www.24gliwice.pl\\\/wiadomosci\\\/powstaje-akademickie-liceum-ogolnoksztalcace-to-nowa-oferta-politechniki-slaskiej\\\/#primaryimage\"},\"thumbnailUrl\":\"https:\\\/\\\/www.24gliwice.pl\\\/wiadomosci\\\/wp-content\\\/uploads\\\/2015\\\/08\\\/Politechnika-\u015al\u0105ska-wydzia\u0142-Architektury.jpg\",\"keywords\":[\"gimnazjum\",\"liceum\",\"m\u0119\u017cyk\",\"POLITECHNIKA \u015aL\u0104SKA\",\"SZKO\u0141A\",\"szko\u0142a podstawowa\"],\"articleSection\":[\"Gliwice\",\"Najnowsze wiadomo\u015bci\"],\"inLanguage\":\"pl-PL\",\"potentialAction\":[{\"@type\":\"CommentAction\",\"name\":\"Comment\",\"target\":[\"https:\\\/\\\/www.24gliwice.pl\\\/wiadomosci\\\/powstaje-akademickie-liceum-ogolnoksztalcace-to-nowa-oferta-politechniki-slaskiej\\\/#respond\"]}]},{\"@type\":\"WebPage\",\"@id\":\"https:\\\/\\\/www.24gliwice.pl\\\/wiadomosci\\\/powstaje-akademickie-liceum-ogolnoksztalcace-to-nowa-oferta-politechniki-slaskiej\\\/\",\"url\":\"https:\\\/\\\/www.24gliwice.pl\\\/wiadomosci\\\/powstaje-akademickie-liceum-ogolnoksztalcace-to-nowa-oferta-politechniki-slaskiej\\\/\",\"name\":\"Powstaje Akademickie Liceum Og\u00f3lnokszta\u0142c\u0105ce. To nowa oferta Politechniki \u015al\u0105skiej - 24GLIWICE - Portal Gliwice | codziennie nowe informacje\",\"isPartOf\":{\"@id\":\"https:\\\/\\\/www.24gliwice.pl\\\/wiadomosci\\\/#website\"},\"primaryImageOfPage\":{\"@id\":\"https:\\\/\\\/www.24gliwice.pl\\\/wiadomosci\\\/powstaje-akademickie-liceum-ogolnoksztalcace-to-nowa-oferta-politechniki-slaskiej\\\/#primaryimage\"},\"image\":{\"@id\":\"https:\\\/\\\/www.24gliwice.pl\\\/wiadomosci\\\/powstaje-akademickie-liceum-ogolnoksztalcace-to-nowa-oferta-politechniki-slaskiej\\\/#primaryimage\"},\"thumbnailUrl\":\"https:\\\/\\\/www.24gliwice.pl\\\/wiadomosci\\\/wp-content\\\/uploads\\\/2015\\\/08\\\/Politechnika-\u015al\u0105ska-wydzia\u0142-Architektury.jpg\",\"datePublished\":\"2018-02-13T14:29:19+00:00\",\"breadcrumb\":{\"@id\":\"https:\\\/\\\/www.24gliwice.pl\\\/wiadomosci\\\/powstaje-akademickie-liceum-ogolnoksztalcace-to-nowa-oferta-politechniki-slaskiej\\\/#breadcrumb\"},\"inLanguage\":\"pl-PL\",\"potentialAction\":[{\"@type\":\"ReadAction\",\"target\":[\"https:\\\/\\\/www.24gliwice.pl\\\/wiadomosci\\\/powstaje-akademickie-liceum-ogolnoksztalcace-to-nowa-oferta-politechniki-slaskiej\\\/\"]}]},{\"@type\":\"ImageObject\",\"inLanguage\":\"pl-PL\",\"@id\":\"https:\\\/\\\/www.24gliwice.pl\\\/wiadomosci\\\/powstaje-akademickie-liceum-ogolnoksztalcace-to-nowa-oferta-politechniki-slaskiej\\\/#primaryimage\",\"url\":\"https:\\\/\\\/www.24gliwice.pl\\\/wiadomosci\\\/wp-content\\\/uploads\\\/2015\\\/08\\\/Politechnika-\u015al\u0105ska-wydzia\u0142-Architektury.jpg\",\"contentUrl\":\"https:\\\/\\\/www.24gliwice.pl\\\/wiadomosci\\\/wp-content\\\/uploads\\\/2015\\\/08\\\/Politechnika-\u015al\u0105ska-wydzia\u0142-Architektury.jpg\",\"width\":810,\"height\":456},{\"@type\":\"BreadcrumbList\",\"@id\":\"https:\\\/\\\/www.24gliwice.pl\\\/wiadomosci\\\/powstaje-akademickie-liceum-ogolnoksztalcace-to-nowa-oferta-politechniki-slaskiej\\\/#breadcrumb\",\"itemListElement\":[{\"@type\":\"ListItem\",\"position\":1,\"name\":\"Strona g\u0142\u00f3wna\",\"item\":\"https:\\\/\\\/www.24gliwice.pl\\\/wiadomosci\\\/\"},{\"@type\":\"ListItem\",\"position\":2,\"name\":\"Powstaje Akademickie Liceum Og\u00f3lnokszta\u0142c\u0105ce. To nowa oferta Politechniki \u015al\u0105skiej\"}]},{\"@type\":\"WebSite\",\"@id\":\"https:\\\/\\\/www.24gliwice.pl\\\/wiadomosci\\\/#website\",\"url\":\"https:\\\/\\\/www.24gliwice.pl\\\/wiadomosci\\\/\",\"name\":\"24GLIWICE - Portal Gliwice | codziennie nowe wiadomo\u015bci\",\"description\":\"Portal Miejski Gliwice\",\"publisher\":{\"@id\":\"https:\\\/\\\/www.24gliwice.pl\\\/wiadomosci\\\/#organization\"},\"potentialAction\":[{\"@type\":\"SearchAction\",\"target\":{\"@type\":\"EntryPoint\",\"urlTemplate\":\"https:\\\/\\\/www.24gliwice.pl\\\/wiadomosci\\\/?s={search_term_string}\"},\"query-input\":{\"@type\":\"PropertyValueSpecification\",\"valueRequired\":true,\"valueName\":\"search_term_string\"}}],\"inLanguage\":\"pl-PL\"},{\"@type\":\"Organization\",\"@id\":\"https:\\\/\\\/www.24gliwice.pl\\\/wiadomosci\\\/#organization\",\"name\":\"24gliwice\",\"url\":\"https:\\\/\\\/www.24gliwice.pl\\\/wiadomosci\\\/\",\"logo\":{\"@type\":\"ImageObject\",\"inLanguage\":\"pl-PL\",\"@id\":\"https:\\\/\\\/www.24gliwice.pl\\\/wiadomosci\\\/#\\\/schema\\\/logo\\\/image\\\/\",\"url\":\"https:\\\/\\\/www.24gliwice.pl\\\/wiadomosci\\\/wp-content\\\/uploads\\\/2024\\\/10\\\/24gliwice-logo-696.jpg\",\"contentUrl\":\"https:\\\/\\\/www.24gliwice.pl\\\/wiadomosci\\\/wp-content\\\/uploads\\\/2024\\\/10\\\/24gliwice-logo-696.jpg\",\"width\":696,\"height\":696,\"caption\":\"24gliwice\"},\"image\":{\"@id\":\"https:\\\/\\\/www.24gliwice.pl\\\/wiadomosci\\\/#\\\/schema\\\/logo\\\/image\\\/\"},\"sameAs\":[\"https:\\\/\\\/www.facebook.com\\\/24gliwice\",\"https:\\\/\\\/x.com\\\/24gliwice\",\"https:\\\/\\\/www.youtube.com\\\/@24gliwice\"]},{\"@type\":\"Person\",\"@id\":\"https:\\\/\\\/www.24gliwice.pl\\\/wiadomosci\\\/#\\\/schema\\\/person\\\/e42c650edd7f2fa332be3811fb166b6e\",\"name\":\"\u017baneta Mrozek-Siewierska\",\"image\":{\"@type\":\"ImageObject\",\"inLanguage\":\"pl-PL\",\"@id\":\"https:\\\/\\\/secure.gravatar.com\\\/avatar\\\/1881429e9c64597c77ad7aef2d0a19be69a3253e57534d16aa15bf3a4d34a0a3?s=96&d=mm&r=g\",\"url\":\"https:\\\/\\\/secure.gravatar.com\\\/avatar\\\/1881429e9c64597c77ad7aef2d0a19be69a3253e57534d16aa15bf3a4d34a0a3?s=96&d=mm&r=g\",\"contentUrl\":\"https:\\\/\\\/secure.gravatar.com\\\/avatar\\\/1881429e9c64597c77ad7aef2d0a19be69a3253e57534d16aa15bf3a4d34a0a3?s=96&d=mm&r=g\",\"caption\":\"\u017baneta Mrozek-Siewierska\"},\"url\":\"https:\\\/\\\/www.24gliwice.pl\\\/wiadomosci\\\/author\\\/zms\\\/\"}]}<\/script>\n<!-- \/ Yoast SEO plugin. -->","yoast_head_json":{"title":"Powstaje Akademickie Liceum Og\u00f3lnokszta\u0142c\u0105ce. To nowa oferta Politechniki \u015al\u0105skiej - 24GLIWICE - Portal Gliwice | codziennie nowe informacje","robots":{"index":"index","follow":"follow","max-snippet":"max-snippet:-1","max-image-preview":"max-image-preview:large","max-video-preview":"max-video-preview:-1"},"canonical":"https:\/\/www.24gliwice.pl\/wiadomosci\/powstaje-akademickie-liceum-ogolnoksztalcace-to-nowa-oferta-politechniki-slaskiej\/","og_locale":"pl_PL","og_type":"article","og_title":"Powstaje Akademickie Liceum Og\u00f3lnokszta\u0142c\u0105ce. To nowa oferta Politechniki \u015al\u0105skiej - 24GLIWICE - Portal Gliwice | codziennie nowe informacje","og_description":"Politechnika \u015al\u0105ska otwiera drzwi do \u015bwiata nauki dla m\u0142odzie\u017cy licealnej. Od wrze\u015bnia przy ul. Marcina Strzody 10 b\u0119dzie dzia\u0142a\u0107 publiczne Akademickie Liceum Og\u00f3lnokszta\u0142c\u0105ce prowadzone przez gliwick\u0105 uczelni\u0119. W liceum akademickim pod patronatem Politechniki \u015al\u0105skiej zostan\u0105 utworzone dwa profile kszta\u0142cenia: politechniczny oraz architektoniczny. Limit przyj\u0119cia dla ka\u017cdego oddzia\u0142u wynosi 25 miejsc. [perfectpullquote align=&#8221;full&#8221; bordertop=&#8221;false&#8221; cite=&#8221;&#8221; link=&#8221;&#8221; [&hellip;]","og_url":"https:\/\/www.24gliwice.pl\/wiadomosci\/powstaje-akademickie-liceum-ogolnoksztalcace-to-nowa-oferta-politechniki-slaskiej\/","og_site_name":"24GLIWICE - Portal Gliwice | codziennie nowe informacje","article_publisher":"https:\/\/www.facebook.com\/24gliwice","article_published_time":"2018-02-13T14:29:19+00:00","og_image":[{"width":810,"height":456,"url":"https:\/\/www.24gliwice.pl\/wiadomosci\/wp-content\/uploads\/2015\/08\/Politechnika-\u015al\u0105ska-wydzia\u0142-Architektury.jpg","type":"image\/jpeg"}],"author":"\u017baneta Mrozek-Siewierska","twitter_card":"summary_large_image","twitter_creator":"@24gliwice","twitter_site":"@24gliwice","twitter_misc":{"Napisane przez":"\u017baneta Mrozek-Siewierska","Szacowany czas czytania":"1 minuta"},"schema":{"@context":"https:\/\/schema.org","@graph":[{"@type":"Article","@id":"https:\/\/www.24gliwice.pl\/wiadomosci\/powstaje-akademickie-liceum-ogolnoksztalcace-to-nowa-oferta-politechniki-slaskiej\/#article","isPartOf":{"@id":"https:\/\/www.24gliwice.pl\/wiadomosci\/powstaje-akademickie-liceum-ogolnoksztalcace-to-nowa-oferta-politechniki-slaskiej\/"},"author":{"name":"\u017baneta Mrozek-Siewierska","@id":"https:\/\/www.24gliwice.pl\/wiadomosci\/#\/schema\/person\/e42c650edd7f2fa332be3811fb166b6e"},"headline":"Powstaje Akademickie Liceum Og\u00f3lnokszta\u0142c\u0105ce. To nowa oferta Politechniki \u015al\u0105skiej","datePublished":"2018-02-13T14:29:19+00:00","mainEntityOfPage":{"@id":"https:\/\/www.24gliwice.pl\/wiadomosci\/powstaje-akademickie-liceum-ogolnoksztalcace-to-nowa-oferta-politechniki-slaskiej\/"},"wordCount":294,"commentCount":0,"publisher":{"@id":"https:\/\/www.24gliwice.pl\/wiadomosci\/#organization"},"image":{"@id":"https:\/\/www.24gliwice.pl\/wiadomosci\/powstaje-akademickie-liceum-ogolnoksztalcace-to-nowa-oferta-politechniki-slaskiej\/#primaryimage"},"thumbnailUrl":"https:\/\/www.24gliwice.pl\/wiadomosci\/wp-content\/uploads\/2015\/08\/Politechnika-\u015al\u0105ska-wydzia\u0142-Architektury.jpg","keywords":["gimnazjum","liceum","m\u0119\u017cyk","POLITECHNIKA \u015aL\u0104SKA","SZKO\u0141A","szko\u0142a podstawowa"],"articleSection":["Gliwice","Najnowsze wiadomo\u015bci"],"inLanguage":"pl-PL","potentialAction":[{"@type":"CommentAction","name":"Comment","target":["https:\/\/www.24gliwice.pl\/wiadomosci\/powstaje-akademickie-liceum-ogolnoksztalcace-to-nowa-oferta-politechniki-slaskiej\/#respond"]}]},{"@type":"WebPage","@id":"https:\/\/www.24gliwice.pl\/wiadomosci\/powstaje-akademickie-liceum-ogolnoksztalcace-to-nowa-oferta-politechniki-slaskiej\/","url":"https:\/\/www.24gliwice.pl\/wiadomosci\/powstaje-akademickie-liceum-ogolnoksztalcace-to-nowa-oferta-politechniki-slaskiej\/","name":"Powstaje Akademickie Liceum Og\u00f3lnokszta\u0142c\u0105ce. To nowa oferta Politechniki \u015al\u0105skiej - 24GLIWICE - Portal Gliwice | codziennie nowe informacje","isPartOf":{"@id":"https:\/\/www.24gliwice.pl\/wiadomosci\/#website"},"primaryImageOfPage":{"@id":"https:\/\/www.24gliwice.pl\/wiadomosci\/powstaje-akademickie-liceum-ogolnoksztalcace-to-nowa-oferta-politechniki-slaskiej\/#primaryimage"},"image":{"@id":"https:\/\/www.24gliwice.pl\/wiadomosci\/powstaje-akademickie-liceum-ogolnoksztalcace-to-nowa-oferta-politechniki-slaskiej\/#primaryimage"},"thumbnailUrl":"https:\/\/www.24gliwice.pl\/wiadomosci\/wp-content\/uploads\/2015\/08\/Politechnika-\u015al\u0105ska-wydzia\u0142-Architektury.jpg","datePublished":"2018-02-13T14:29:19+00:00","breadcrumb":{"@id":"https:\/\/www.24gliwice.pl\/wiadomosci\/powstaje-akademickie-liceum-ogolnoksztalcace-to-nowa-oferta-politechniki-slaskiej\/#breadcrumb"},"inLanguage":"pl-PL","potentialAction":[{"@type":"ReadAction","target":["https:\/\/www.24gliwice.pl\/wiadomosci\/powstaje-akademickie-liceum-ogolnoksztalcace-to-nowa-oferta-politechniki-slaskiej\/"]}]},{"@type":"ImageObject","inLanguage":"pl-PL","@id":"https:\/\/www.24gliwice.pl\/wiadomosci\/powstaje-akademickie-liceum-ogolnoksztalcace-to-nowa-oferta-politechniki-slaskiej\/#primaryimage","url":"https:\/\/www.24gliwice.pl\/wiadomosci\/wp-content\/uploads\/2015\/08\/Politechnika-\u015al\u0105ska-wydzia\u0142-Architektury.jpg","contentUrl":"https:\/\/www.24gliwice.pl\/wiadomosci\/wp-content\/uploads\/2015\/08\/Politechnika-\u015al\u0105ska-wydzia\u0142-Architektury.jpg","width":810,"height":456},{"@type":"BreadcrumbList","@id":"https:\/\/www.24gliwice.pl\/wiadomosci\/powstaje-akademickie-liceum-ogolnoksztalcace-to-nowa-oferta-politechniki-slaskiej\/#breadcrumb","itemListElement":[{"@type":"ListItem","position":1,"name":"Strona g\u0142\u00f3wna","item":"https:\/\/www.24gliwice.pl\/wiadomosci\/"},{"@type":"ListItem","position":2,"name":"Powstaje Akademickie Liceum Og\u00f3lnokszta\u0142c\u0105ce. To nowa oferta Politechniki \u015al\u0105skiej"}]},{"@type":"WebSite","@id":"https:\/\/www.24gliwice.pl\/wiadomosci\/#website","url":"https:\/\/www.24gliwice.pl\/wiadomosci\/","name":"24GLIWICE - Portal Gliwice | codziennie nowe wiadomo\u015bci","description":"Portal Miejski Gliwice","publisher":{"@id":"https:\/\/www.24gliwice.pl\/wiadomosci\/#organization"},"potentialAction":[{"@type":"SearchAction","target":{"@type":"EntryPoint","urlTemplate":"https:\/\/www.24gliwice.pl\/wiadomosci\/?s={search_term_string}"},"query-input":{"@type":"PropertyValueSpecification","valueRequired":true,"valueName":"search_term_string"}}],"inLanguage":"pl-PL"},{"@type":"Organization","@id":"https:\/\/www.24gliwice.pl\/wiadomosci\/#organization","name":"24gliwice","url":"https:\/\/www.24gliwice.pl\/wiadomosci\/","logo":{"@type":"ImageObject","inLanguage":"pl-PL","@id":"https:\/\/www.24gliwice.pl\/wiadomosci\/#\/schema\/logo\/image\/","url":"https:\/\/www.24gliwice.pl\/wiadomosci\/wp-content\/uploads\/2024\/10\/24gliwice-logo-696.jpg","contentUrl":"https:\/\/www.24gliwice.pl\/wiadomosci\/wp-content\/uploads\/2024\/10\/24gliwice-logo-696.jpg","width":696,"height":696,"caption":"24gliwice"},"image":{"@id":"https:\/\/www.24gliwice.pl\/wiadomosci\/#\/schema\/logo\/image\/"},"sameAs":["https:\/\/www.facebook.com\/24gliwice","https:\/\/x.com\/24gliwice","https:\/\/www.youtube.com\/@24gliwice"]},{"@type":"Person","@id":"https:\/\/www.24gliwice.pl\/wiadomosci\/#\/schema\/person\/e42c650edd7f2fa332be3811fb166b6e","name":"\u017baneta Mrozek-Siewierska","image":{"@type":"ImageObject","inLanguage":"pl-PL","@id":"https:\/\/secure.gravatar.com\/avatar\/1881429e9c64597c77ad7aef2d0a19be69a3253e57534d16aa15bf3a4d34a0a3?s=96&d=mm&r=g","url":"https:\/\/secure.gravatar.com\/avatar\/1881429e9c64597c77ad7aef2d0a19be69a3253e57534d16aa15bf3a4d34a0a3?s=96&d=mm&r=g","contentUrl":"https:\/\/secure.gravatar.com\/avatar\/1881429e9c64597c77ad7aef2d0a19be69a3253e57534d16aa15bf3a4d34a0a3?s=96&d=mm&r=g","caption":"\u017baneta Mrozek-Siewierska"},"url":"https:\/\/www.24gliwice.pl\/wiadomosci\/author\/zms\/"}]}},"_links":{"self":[{"href":"https:\/\/www.24gliwice.pl\/wiadomosci\/wp-json\/wp\/v2\/posts\/112324","targetHints":{"allow":["GET"]}}],"collection":[{"href":"https:\/\/www.24gliwice.pl\/wiadomosci\/wp-json\/wp\/v2\/posts"}],"about":[{"href":"https:\/\/www.24gliwice.pl\/wiadomosci\/wp-json\/wp\/v2\/types\/post"}],"author":[{"embeddable":true,"href":"https:\/\/www.24gliwice.pl\/wiadomosci\/wp-json\/wp\/v2\/users\/15"}],"replies":[{"embeddable":true,"href":"https:\/\/www.24gliwice.pl\/wiadomosci\/wp-json\/wp\/v2\/comments?post=112324"}],"version-history":[{"count":0,"href":"https:\/\/www.24gliwice.pl\/wiadomosci\/wp-json\/wp\/v2\/posts\/112324\/revisions"}],"wp:featuredmedia":[{"embeddable":true,"href":"https:\/\/www.24gliwice.pl\/wiadomosci\/wp-json\/wp\/v2\/media\/74477"}],"wp:attachment":[{"href":"https:\/\/www.24gliwice.pl\/wiadomosci\/wp-json\/wp\/v2\/media?parent=112324"}],"wp:term":[{"taxonomy":"category","embeddable":true,"href":"https:\/\/www.24gliwice.pl\/wiadomosci\/wp-json\/wp\/v2\/categories?post=112324"},{"taxonomy":"post_tag","embeddable":true,"href":"https:\/\/www.24gliwice.pl\/wiadomosci\/wp-json\/wp\/v2\/tags?post=112324"}],"curies":[{"name":"wp","href":"https:\/\/api.w.org\/{rel}","templated":true}]}}