{"id":112447,"date":"2018-02-21T01:13:35","date_gmt":"2018-02-21T00:13:35","guid":{"rendered":"http:\/\/www.24gliwice.pl\/wiadomosci\/?p=112447"},"modified":"2018-02-21T09:53:16","modified_gmt":"2018-02-21T08:53:16","slug":"handlowy-gigant-wybuduje-magazyn-w-gliwicach-amazon-powstanie-przy-ul-bojkowskiej","status":"publish","type":"post","link":"https:\/\/www.24gliwice.pl\/wiadomosci\/handlowy-gigant-wybuduje-magazyn-w-gliwicach-amazon-powstanie-przy-ul-bojkowskiej\/","title":{"rendered":"Handlowy gigant w Gliwicach. Magazyn Amazona powstanie przy ul. Bojkowskiej"},"content":{"rendered":"<div class=\"gliwi-a6-nad-leadem-artykulow gliwi-entity-placement\" id=\"gliwi-327784895\"><div class=\"gliwi-adlabel\"><span style=\"font-size: 9px\">REKLAMA<\/span><\/div><div id=\"gliwi-508458328\" style=\"margin-bottom: 30px;margin-left: auto;margin-right: auto;text-align: center;\"><a data-no-instant=\"1\" href=\"https:\/\/przedszkole.halogen.org.pl\/\" rel=\"noopener\" class=\"a2t-link\" target=\"_blank\" aria-label=\"20260402-ANIMATOR-przedszkole_grafika_750x200\"><img loading=\"lazy\" decoding=\"async\" src=\"https:\/\/www.24gliwice.pl\/wiadomosci\/wp-content\/uploads\/2026\/04\/20260402-ANIMATOR-przedszkole_grafika_750x200.webp\" alt=\"\"  srcset=\"https:\/\/www.24gliwice.pl\/wiadomosci\/wp-content\/uploads\/2026\/04\/20260402-ANIMATOR-przedszkole_grafika_750x200.webp 750w, https:\/\/www.24gliwice.pl\/wiadomosci\/wp-content\/uploads\/2026\/04\/20260402-ANIMATOR-przedszkole_grafika_750x200-410x109.webp 410w\" sizes=\"(max-width: 750px) 100vw, 750px\" class=\"no-lazyload\" width=\"750\" height=\"200\"  style=\"display: inline-block; max-width: 100%; height: auto;\" \/><\/a><\/div><\/div><h3>Ameryka\u0144ski koncern handlowy Amazon wybuduje w Gliwicach jeden ze swoich magazyn\u00f3w. Informacja podawana do tej pory w formie plotki, nadal nie uzyska\u0142a oficjalnego potwierdzenia, ale jak dowiedzieli\u015bmy si\u0119 w gliwickim Magistracie, sprawa jest ju\u017c &#8220;niemal\u017ce pewna&#8221;.<\/h3>\n<p>Nowy magazyn nie zostanie jednak wybudowany &#8211; jak dotychczas informowano &#8211; na terenie Specjalnej Strefy Ekonomicznej, ale przy ul. Bojkowskiej, w rejonie powstaj\u0105cego ronda turbinowego, u zbiegu kt\u00f3rego rozpoczyna\u0107 si\u0119 b\u0119dzie po\u0142udniowa obwodnica miasta.<\/p>\n[perfectpullquote align=&#8221;full&#8221; bordertop=&#8221;false&#8221; cite=&#8221;&#8221; link=&#8221;&#8221; color=&#8221;&#8221; class=&#8221;&#8221; size=&#8221;&#8221;]Wed\u0142ug informacji przekazywanych przez bran\u017cowe media, Amazon wynaj\u0105\u0142 w Gliwicach 146 tys. m2 powierzchni (w ramach inwestycji typu build-to-suit).[\/perfectpullquote]\n<p>Te dane mog\u0105 przybli\u017ca\u0107 szacunkow\u0105 skal\u0119 inwestycji ameryka\u0144skiej firmy. W Sosnowcu, gdzie nowy magazyn powsta\u0142 w ubieg\u0142ym roku, \u0142\u0105czna powierzchnia obiektu wynios\u0142a bowiem 135 tys. m2.<\/p><div class=\"gliwi-a3-w-tresci-artykulow gliwi-entity-placement\" id=\"gliwi-2230587205\"><div class=\"gliwi-adlabel\"><span style=\"font-size: 9px\">REKLAMA<\/span><\/div><div id=\"gliwi-475195427\" style=\"margin-bottom: 30px;margin-left: auto;margin-right: auto;text-align: center;\"><a data-no-instant=\"1\" href=\"https:\/\/zlobek.halogen.org.pl\/\" rel=\"noopener\" class=\"a2t-link\" target=\"_blank\" aria-label=\"animator-zlobek_750x200\"><img loading=\"lazy\" decoding=\"async\" src=\"https:\/\/www.24gliwice.pl\/wiadomosci\/wp-content\/uploads\/2026\/02\/animator-zlobek_750x200.webp\" alt=\"\"  srcset=\"https:\/\/www.24gliwice.pl\/wiadomosci\/wp-content\/uploads\/2026\/02\/animator-zlobek_750x200.webp 750w, https:\/\/www.24gliwice.pl\/wiadomosci\/wp-content\/uploads\/2026\/02\/animator-zlobek_750x200-410x109.webp 410w\" sizes=\"(max-width: 750px) 100vw, 750px\" class=\"no-lazyload\" width=\"750\" height=\"200\"  style=\"display: inline-block; max-width: 100%; height: auto;\" \/><\/a><\/div><\/div>\n<p><img loading=\"lazy\" decoding=\"async\" src=\"http:\/\/www.24gliwice.pl\/wiadomosci\/wp-content\/uploads\/2018\/01\/1-DJI_0939.jpg\" alt=\"\" width=\"810\" height=\"455\" class=\"aligncenter size-full wp-image-111283\" srcset=\"https:\/\/www.24gliwice.pl\/wiadomosci\/wp-content\/uploads\/2018\/01\/1-DJI_0939.jpg 810w, https:\/\/www.24gliwice.pl\/wiadomosci\/wp-content\/uploads\/2018\/01\/1-DJI_0939-410x230.jpg 410w, https:\/\/www.24gliwice.pl\/wiadomosci\/wp-content\/uploads\/2018\/01\/1-DJI_0939-768x431.jpg 768w\" sizes=\"auto, (max-width: 810px) 100vw, 810px\" \/>fot. <a href=\"http:\/\/www.mosquidron.pl\/\" rel=\"noopener\" target=\"_blank\">MOSQUIDRON<\/a><\/p>\n<p>Ile os\u00f3b i kto mo\u017ce liczy\u0107 na zatrudnienie w gliwickim obiekcie? W Sosnowcu przy okazji otwarcia nowego centrum, ameryka\u0144ski potentat przeprowadzi\u0142 jedn\u0105 z najwi\u0119kszych rekrutacji ostatnich lat w regonie, zatrudniaj\u0105c blisko 3 tysi\u0105ce os\u00f3b. W\u015br\u00f3d poszukiwanych kandydat\u00f3w byli m.in. kierownik operacyjny ds. kontroli jako\u015bci i stan\u00f3w magazynowych, starszy kierownik ds. operacyjnych, kupiec, asystent prezesa zarz\u0105du, analityk zarz\u0105du, specjalista ds. bezpiecze\u0144stwa, mened\u017cer ds. zdrowia i bezpiecze\u0144stwa. Pocz\u0105tkowe zarobki dla pracownik\u00f3w ni\u017cszego szczebla w Sosnowcu to oko\u0142o 15 z\u0142otych za godzin\u0119.<\/p>\n<p>Amazon uruchomi\u0142 do tej pory w Polsce centra logistyczne w Poznaniu, Wroc\u0142awiu i Ko\u0142baskowie pod Szczecinem, a tak\u017ce prowadzi Centrum Rozwoju Technologii w Gda\u0144sku i biuro Amazon Web Services w Warszawie. Zatrudnia w Polsce ponad 9 tys. os\u00f3b.<\/p>\n<p>Micha\u0142 Szewczyk<\/p>\n<div class=\"gliwi-a5-na-koncu-artykulow gliwi-entity-placement\" id=\"gliwi-1870089982\"><div class=\"gliwi-adlabel\"><span style=\"font-size: 9px\">REKLAMA<\/span><\/div><div id=\"gliwi-1545094255\" style=\"margin-left: auto;margin-right: auto;text-align: center;\"><a data-no-instant=\"1\" href=\"https:\/\/prezeroarenagliwice.pl\/\" rel=\"noopener\" class=\"a2t-link\" target=\"_blank\" aria-label=\"20260309-PREZERO-WIOSNA-D\"><img loading=\"lazy\" decoding=\"async\" src=\"https:\/\/www.24gliwice.pl\/wiadomosci\/wp-content\/uploads\/2026\/03\/20260309-PREZERO-WIOSNA-D.webp\" alt=\"\"  srcset=\"https:\/\/www.24gliwice.pl\/wiadomosci\/wp-content\/uploads\/2026\/03\/20260309-PREZERO-WIOSNA-D.webp 750w, https:\/\/www.24gliwice.pl\/wiadomosci\/wp-content\/uploads\/2026\/03\/20260309-PREZERO-WIOSNA-D-410x109.webp 410w\" sizes=\"(max-width: 750px) 100vw, 750px\" class=\"no-lazyload\" width=\"750\" height=\"200\"  style=\"display: inline-block; max-width: 100%; height: auto;\" \/><\/a><\/div><\/div>","protected":false},"excerpt":{"rendered":"<p>Ameryka\u0144ski koncern handlowy Amazon wybuduje w Gliwicach jeden ze swoich magazyn\u00f3w. Informacja podawana do tej pory w formie plotki, nadal nie uzyska\u0142a oficjalnego potwierdzenia, ale jak dowiedzieli\u015bmy si\u0119 w gliwickim Magistracie, sprawa jest ju\u017c &#8220;niemal\u017ce pewna&#8221;. Nowy magazyn nie zostanie jednak wybudowany &#8211; jak dotychczas informowano &#8211; na terenie Specjalnej Strefy Ekonomicznej, ale przy ul. [&hellip;]<\/p>\n","protected":false},"author":12,"featured_media":112716,"comment_status":"open","ping_status":"closed","sticky":false,"template":"","format":"standard","meta":{"_monsterinsights_skip_tracking":false,"_monsterinsights_sitenote_active":false,"_monsterinsights_sitenote_note":"","_monsterinsights_sitenote_category":0,"footnotes":"","_links_to":"","_links_to_target":""},"categories":[3,1,9],"tags":[],"class_list":["post-112447","post","type-post","status-publish","format-standard","has-post-thumbnail","hentry","category-gliwice","category-wszystko","category-aktualnosci_lokalne"],"yoast_head":"<!-- This site is optimized with the Yoast SEO plugin v27.5 - https:\/\/yoast.com\/product\/yoast-seo-wordpress\/ -->\n<title>Handlowy gigant w Gliwicach. Magazyn Amazona powstanie przy ul. Bojkowskiej - 24GLIWICE - Portal Gliwice | codziennie nowe informacje<\/title>\n<meta name=\"robots\" content=\"index, follow, max-snippet:-1, max-image-preview:large, max-video-preview:-1\" \/>\n<link rel=\"canonical\" href=\"https:\/\/www.24gliwice.pl\/wiadomosci\/handlowy-gigant-wybuduje-magazyn-w-gliwicach-amazon-powstanie-przy-ul-bojkowskiej\/\" \/>\n<meta property=\"og:locale\" content=\"pl_PL\" \/>\n<meta property=\"og:type\" content=\"article\" \/>\n<meta property=\"og:title\" content=\"Handlowy gigant w Gliwicach. Magazyn Amazona powstanie przy ul. Bojkowskiej - 24GLIWICE - Portal Gliwice | codziennie nowe informacje\" \/>\n<meta property=\"og:description\" content=\"Ameryka\u0144ski koncern handlowy Amazon wybuduje w Gliwicach jeden ze swoich magazyn\u00f3w. Informacja podawana do tej pory w formie plotki, nadal nie uzyska\u0142a oficjalnego potwierdzenia, ale jak dowiedzieli\u015bmy si\u0119 w gliwickim Magistracie, sprawa jest ju\u017c &#8220;niemal\u017ce pewna&#8221;. Nowy magazyn nie zostanie jednak wybudowany &#8211; jak dotychczas informowano &#8211; na terenie Specjalnej Strefy Ekonomicznej, ale przy ul. [&hellip;]\" \/>\n<meta property=\"og:url\" content=\"https:\/\/www.24gliwice.pl\/wiadomosci\/handlowy-gigant-wybuduje-magazyn-w-gliwicach-amazon-powstanie-przy-ul-bojkowskiej\/\" \/>\n<meta property=\"og:site_name\" content=\"24GLIWICE - Portal Gliwice | codziennie nowe informacje\" \/>\n<meta property=\"article:publisher\" content=\"https:\/\/www.facebook.com\/24gliwice\" \/>\n<meta property=\"article:published_time\" content=\"2018-02-21T00:13:35+00:00\" \/>\n<meta property=\"article:modified_time\" content=\"2018-02-21T08:53:16+00:00\" \/>\n<meta property=\"og:image\" content=\"https:\/\/www.24gliwice.pl\/wiadomosci\/wp-content\/uploads\/2018\/02\/pexels-photo-209251-001.jpg\" \/>\n\t<meta property=\"og:image:width\" content=\"1200\" \/>\n\t<meta property=\"og:image:height\" content=\"675\" \/>\n\t<meta property=\"og:image:type\" content=\"image\/jpeg\" \/>\n<meta name=\"author\" content=\"Micha\u0142 Szewczyk\" \/>\n<meta name=\"twitter:card\" content=\"summary_large_image\" \/>\n<meta name=\"twitter:creator\" content=\"@24gliwice\" \/>\n<meta name=\"twitter:site\" content=\"@24gliwice\" \/>\n<meta name=\"twitter:label1\" content=\"Napisane przez\" \/>\n\t<meta name=\"twitter:data1\" content=\"Micha\u0142 Szewczyk\" \/>\n\t<meta name=\"twitter:label2\" content=\"Szacowany czas czytania\" \/>\n\t<meta name=\"twitter:data2\" content=\"1 minuta\" \/>\n<script type=\"application\/ld+json\" class=\"yoast-schema-graph\">{\"@context\":\"https:\\\/\\\/schema.org\",\"@graph\":[{\"@type\":\"Article\",\"@id\":\"https:\\\/\\\/www.24gliwice.pl\\\/wiadomosci\\\/handlowy-gigant-wybuduje-magazyn-w-gliwicach-amazon-powstanie-przy-ul-bojkowskiej\\\/#article\",\"isPartOf\":{\"@id\":\"https:\\\/\\\/www.24gliwice.pl\\\/wiadomosci\\\/handlowy-gigant-wybuduje-magazyn-w-gliwicach-amazon-powstanie-przy-ul-bojkowskiej\\\/\"},\"author\":{\"name\":\"Micha\u0142 Szewczyk\",\"@id\":\"https:\\\/\\\/www.24gliwice.pl\\\/wiadomosci\\\/#\\\/schema\\\/person\\\/940e8f8a097e322de4f463f061ef8d45\"},\"headline\":\"Handlowy gigant w Gliwicach. Magazyn Amazona powstanie przy ul. Bojkowskiej\",\"datePublished\":\"2018-02-21T00:13:35+00:00\",\"dateModified\":\"2018-02-21T08:53:16+00:00\",\"mainEntityOfPage\":{\"@id\":\"https:\\\/\\\/www.24gliwice.pl\\\/wiadomosci\\\/handlowy-gigant-wybuduje-magazyn-w-gliwicach-amazon-powstanie-przy-ul-bojkowskiej\\\/\"},\"wordCount\":295,\"commentCount\":0,\"publisher\":{\"@id\":\"https:\\\/\\\/www.24gliwice.pl\\\/wiadomosci\\\/#organization\"},\"image\":{\"@id\":\"https:\\\/\\\/www.24gliwice.pl\\\/wiadomosci\\\/handlowy-gigant-wybuduje-magazyn-w-gliwicach-amazon-powstanie-przy-ul-bojkowskiej\\\/#primaryimage\"},\"thumbnailUrl\":\"https:\\\/\\\/www.24gliwice.pl\\\/wiadomosci\\\/wp-content\\\/uploads\\\/2018\\\/02\\\/pexels-photo-209251-001.jpg\",\"articleSection\":[\"Gliwice\",\"Najnowsze wiadomo\u015bci\",\"Portal Gliwice - Wiadomo\u015bci lokalne\"],\"inLanguage\":\"pl-PL\",\"potentialAction\":[{\"@type\":\"CommentAction\",\"name\":\"Comment\",\"target\":[\"https:\\\/\\\/www.24gliwice.pl\\\/wiadomosci\\\/handlowy-gigant-wybuduje-magazyn-w-gliwicach-amazon-powstanie-przy-ul-bojkowskiej\\\/#respond\"]}]},{\"@type\":\"WebPage\",\"@id\":\"https:\\\/\\\/www.24gliwice.pl\\\/wiadomosci\\\/handlowy-gigant-wybuduje-magazyn-w-gliwicach-amazon-powstanie-przy-ul-bojkowskiej\\\/\",\"url\":\"https:\\\/\\\/www.24gliwice.pl\\\/wiadomosci\\\/handlowy-gigant-wybuduje-magazyn-w-gliwicach-amazon-powstanie-przy-ul-bojkowskiej\\\/\",\"name\":\"Handlowy gigant w Gliwicach. Magazyn Amazona powstanie przy ul. Bojkowskiej - 24GLIWICE - Portal Gliwice | codziennie nowe informacje\",\"isPartOf\":{\"@id\":\"https:\\\/\\\/www.24gliwice.pl\\\/wiadomosci\\\/#website\"},\"primaryImageOfPage\":{\"@id\":\"https:\\\/\\\/www.24gliwice.pl\\\/wiadomosci\\\/handlowy-gigant-wybuduje-magazyn-w-gliwicach-amazon-powstanie-przy-ul-bojkowskiej\\\/#primaryimage\"},\"image\":{\"@id\":\"https:\\\/\\\/www.24gliwice.pl\\\/wiadomosci\\\/handlowy-gigant-wybuduje-magazyn-w-gliwicach-amazon-powstanie-przy-ul-bojkowskiej\\\/#primaryimage\"},\"thumbnailUrl\":\"https:\\\/\\\/www.24gliwice.pl\\\/wiadomosci\\\/wp-content\\\/uploads\\\/2018\\\/02\\\/pexels-photo-209251-001.jpg\",\"datePublished\":\"2018-02-21T00:13:35+00:00\",\"dateModified\":\"2018-02-21T08:53:16+00:00\",\"breadcrumb\":{\"@id\":\"https:\\\/\\\/www.24gliwice.pl\\\/wiadomosci\\\/handlowy-gigant-wybuduje-magazyn-w-gliwicach-amazon-powstanie-przy-ul-bojkowskiej\\\/#breadcrumb\"},\"inLanguage\":\"pl-PL\",\"potentialAction\":[{\"@type\":\"ReadAction\",\"target\":[\"https:\\\/\\\/www.24gliwice.pl\\\/wiadomosci\\\/handlowy-gigant-wybuduje-magazyn-w-gliwicach-amazon-powstanie-przy-ul-bojkowskiej\\\/\"]}]},{\"@type\":\"ImageObject\",\"inLanguage\":\"pl-PL\",\"@id\":\"https:\\\/\\\/www.24gliwice.pl\\\/wiadomosci\\\/handlowy-gigant-wybuduje-magazyn-w-gliwicach-amazon-powstanie-przy-ul-bojkowskiej\\\/#primaryimage\",\"url\":\"https:\\\/\\\/www.24gliwice.pl\\\/wiadomosci\\\/wp-content\\\/uploads\\\/2018\\\/02\\\/pexels-photo-209251-001.jpg\",\"contentUrl\":\"https:\\\/\\\/www.24gliwice.pl\\\/wiadomosci\\\/wp-content\\\/uploads\\\/2018\\\/02\\\/pexels-photo-209251-001.jpg\",\"width\":1200,\"height\":675},{\"@type\":\"BreadcrumbList\",\"@id\":\"https:\\\/\\\/www.24gliwice.pl\\\/wiadomosci\\\/handlowy-gigant-wybuduje-magazyn-w-gliwicach-amazon-powstanie-przy-ul-bojkowskiej\\\/#breadcrumb\",\"itemListElement\":[{\"@type\":\"ListItem\",\"position\":1,\"name\":\"Strona g\u0142\u00f3wna\",\"item\":\"https:\\\/\\\/www.24gliwice.pl\\\/wiadomosci\\\/\"},{\"@type\":\"ListItem\",\"position\":2,\"name\":\"Handlowy gigant w Gliwicach. Magazyn Amazona powstanie przy ul. Bojkowskiej\"}]},{\"@type\":\"WebSite\",\"@id\":\"https:\\\/\\\/www.24gliwice.pl\\\/wiadomosci\\\/#website\",\"url\":\"https:\\\/\\\/www.24gliwice.pl\\\/wiadomosci\\\/\",\"name\":\"24GLIWICE - Portal Gliwice | codziennie nowe wiadomo\u015bci\",\"description\":\"Portal Miejski Gliwice\",\"publisher\":{\"@id\":\"https:\\\/\\\/www.24gliwice.pl\\\/wiadomosci\\\/#organization\"},\"potentialAction\":[{\"@type\":\"SearchAction\",\"target\":{\"@type\":\"EntryPoint\",\"urlTemplate\":\"https:\\\/\\\/www.24gliwice.pl\\\/wiadomosci\\\/?s={search_term_string}\"},\"query-input\":{\"@type\":\"PropertyValueSpecification\",\"valueRequired\":true,\"valueName\":\"search_term_string\"}}],\"inLanguage\":\"pl-PL\"},{\"@type\":\"Organization\",\"@id\":\"https:\\\/\\\/www.24gliwice.pl\\\/wiadomosci\\\/#organization\",\"name\":\"24gliwice\",\"url\":\"https:\\\/\\\/www.24gliwice.pl\\\/wiadomosci\\\/\",\"logo\":{\"@type\":\"ImageObject\",\"inLanguage\":\"pl-PL\",\"@id\":\"https:\\\/\\\/www.24gliwice.pl\\\/wiadomosci\\\/#\\\/schema\\\/logo\\\/image\\\/\",\"url\":\"https:\\\/\\\/www.24gliwice.pl\\\/wiadomosci\\\/wp-content\\\/uploads\\\/2024\\\/10\\\/24gliwice-logo-696.jpg\",\"contentUrl\":\"https:\\\/\\\/www.24gliwice.pl\\\/wiadomosci\\\/wp-content\\\/uploads\\\/2024\\\/10\\\/24gliwice-logo-696.jpg\",\"width\":696,\"height\":696,\"caption\":\"24gliwice\"},\"image\":{\"@id\":\"https:\\\/\\\/www.24gliwice.pl\\\/wiadomosci\\\/#\\\/schema\\\/logo\\\/image\\\/\"},\"sameAs\":[\"https:\\\/\\\/www.facebook.com\\\/24gliwice\",\"https:\\\/\\\/x.com\\\/24gliwice\",\"https:\\\/\\\/www.youtube.com\\\/@24gliwice\"]},{\"@type\":\"Person\",\"@id\":\"https:\\\/\\\/www.24gliwice.pl\\\/wiadomosci\\\/#\\\/schema\\\/person\\\/940e8f8a097e322de4f463f061ef8d45\",\"name\":\"Micha\u0142 Szewczyk\",\"image\":{\"@type\":\"ImageObject\",\"inLanguage\":\"pl-PL\",\"@id\":\"https:\\\/\\\/secure.gravatar.com\\\/avatar\\\/771b8b6c74cd8d255e46392d605e01a86133900ef09b6ef3c8d451c9d92288cf?s=96&d=mm&r=g\",\"url\":\"https:\\\/\\\/secure.gravatar.com\\\/avatar\\\/771b8b6c74cd8d255e46392d605e01a86133900ef09b6ef3c8d451c9d92288cf?s=96&d=mm&r=g\",\"contentUrl\":\"https:\\\/\\\/secure.gravatar.com\\\/avatar\\\/771b8b6c74cd8d255e46392d605e01a86133900ef09b6ef3c8d451c9d92288cf?s=96&d=mm&r=g\",\"caption\":\"Micha\u0142 Szewczyk\"},\"sameAs\":[\"http:\\\/\\\/www.gazeta-miejska.pl\"],\"url\":\"https:\\\/\\\/www.24gliwice.pl\\\/wiadomosci\\\/author\\\/michal-szewczyk\\\/\"}]}<\/script>\n<!-- \/ Yoast SEO plugin. -->","yoast_head_json":{"title":"Handlowy gigant w Gliwicach. Magazyn Amazona powstanie przy ul. Bojkowskiej - 24GLIWICE - Portal Gliwice | codziennie nowe informacje","robots":{"index":"index","follow":"follow","max-snippet":"max-snippet:-1","max-image-preview":"max-image-preview:large","max-video-preview":"max-video-preview:-1"},"canonical":"https:\/\/www.24gliwice.pl\/wiadomosci\/handlowy-gigant-wybuduje-magazyn-w-gliwicach-amazon-powstanie-przy-ul-bojkowskiej\/","og_locale":"pl_PL","og_type":"article","og_title":"Handlowy gigant w Gliwicach. Magazyn Amazona powstanie przy ul. Bojkowskiej - 24GLIWICE - Portal Gliwice | codziennie nowe informacje","og_description":"Ameryka\u0144ski koncern handlowy Amazon wybuduje w Gliwicach jeden ze swoich magazyn\u00f3w. Informacja podawana do tej pory w formie plotki, nadal nie uzyska\u0142a oficjalnego potwierdzenia, ale jak dowiedzieli\u015bmy si\u0119 w gliwickim Magistracie, sprawa jest ju\u017c &#8220;niemal\u017ce pewna&#8221;. Nowy magazyn nie zostanie jednak wybudowany &#8211; jak dotychczas informowano &#8211; na terenie Specjalnej Strefy Ekonomicznej, ale przy ul. [&hellip;]","og_url":"https:\/\/www.24gliwice.pl\/wiadomosci\/handlowy-gigant-wybuduje-magazyn-w-gliwicach-amazon-powstanie-przy-ul-bojkowskiej\/","og_site_name":"24GLIWICE - Portal Gliwice | codziennie nowe informacje","article_publisher":"https:\/\/www.facebook.com\/24gliwice","article_published_time":"2018-02-21T00:13:35+00:00","article_modified_time":"2018-02-21T08:53:16+00:00","og_image":[{"width":1200,"height":675,"url":"https:\/\/www.24gliwice.pl\/wiadomosci\/wp-content\/uploads\/2018\/02\/pexels-photo-209251-001.jpg","type":"image\/jpeg"}],"author":"Micha\u0142 Szewczyk","twitter_card":"summary_large_image","twitter_creator":"@24gliwice","twitter_site":"@24gliwice","twitter_misc":{"Napisane przez":"Micha\u0142 Szewczyk","Szacowany czas czytania":"1 minuta"},"schema":{"@context":"https:\/\/schema.org","@graph":[{"@type":"Article","@id":"https:\/\/www.24gliwice.pl\/wiadomosci\/handlowy-gigant-wybuduje-magazyn-w-gliwicach-amazon-powstanie-przy-ul-bojkowskiej\/#article","isPartOf":{"@id":"https:\/\/www.24gliwice.pl\/wiadomosci\/handlowy-gigant-wybuduje-magazyn-w-gliwicach-amazon-powstanie-przy-ul-bojkowskiej\/"},"author":{"name":"Micha\u0142 Szewczyk","@id":"https:\/\/www.24gliwice.pl\/wiadomosci\/#\/schema\/person\/940e8f8a097e322de4f463f061ef8d45"},"headline":"Handlowy gigant w Gliwicach. Magazyn Amazona powstanie przy ul. Bojkowskiej","datePublished":"2018-02-21T00:13:35+00:00","dateModified":"2018-02-21T08:53:16+00:00","mainEntityOfPage":{"@id":"https:\/\/www.24gliwice.pl\/wiadomosci\/handlowy-gigant-wybuduje-magazyn-w-gliwicach-amazon-powstanie-przy-ul-bojkowskiej\/"},"wordCount":295,"commentCount":0,"publisher":{"@id":"https:\/\/www.24gliwice.pl\/wiadomosci\/#organization"},"image":{"@id":"https:\/\/www.24gliwice.pl\/wiadomosci\/handlowy-gigant-wybuduje-magazyn-w-gliwicach-amazon-powstanie-przy-ul-bojkowskiej\/#primaryimage"},"thumbnailUrl":"https:\/\/www.24gliwice.pl\/wiadomosci\/wp-content\/uploads\/2018\/02\/pexels-photo-209251-001.jpg","articleSection":["Gliwice","Najnowsze wiadomo\u015bci","Portal Gliwice - Wiadomo\u015bci lokalne"],"inLanguage":"pl-PL","potentialAction":[{"@type":"CommentAction","name":"Comment","target":["https:\/\/www.24gliwice.pl\/wiadomosci\/handlowy-gigant-wybuduje-magazyn-w-gliwicach-amazon-powstanie-przy-ul-bojkowskiej\/#respond"]}]},{"@type":"WebPage","@id":"https:\/\/www.24gliwice.pl\/wiadomosci\/handlowy-gigant-wybuduje-magazyn-w-gliwicach-amazon-powstanie-przy-ul-bojkowskiej\/","url":"https:\/\/www.24gliwice.pl\/wiadomosci\/handlowy-gigant-wybuduje-magazyn-w-gliwicach-amazon-powstanie-przy-ul-bojkowskiej\/","name":"Handlowy gigant w Gliwicach. Magazyn Amazona powstanie przy ul. Bojkowskiej - 24GLIWICE - Portal Gliwice | codziennie nowe informacje","isPartOf":{"@id":"https:\/\/www.24gliwice.pl\/wiadomosci\/#website"},"primaryImageOfPage":{"@id":"https:\/\/www.24gliwice.pl\/wiadomosci\/handlowy-gigant-wybuduje-magazyn-w-gliwicach-amazon-powstanie-przy-ul-bojkowskiej\/#primaryimage"},"image":{"@id":"https:\/\/www.24gliwice.pl\/wiadomosci\/handlowy-gigant-wybuduje-magazyn-w-gliwicach-amazon-powstanie-przy-ul-bojkowskiej\/#primaryimage"},"thumbnailUrl":"https:\/\/www.24gliwice.pl\/wiadomosci\/wp-content\/uploads\/2018\/02\/pexels-photo-209251-001.jpg","datePublished":"2018-02-21T00:13:35+00:00","dateModified":"2018-02-21T08:53:16+00:00","breadcrumb":{"@id":"https:\/\/www.24gliwice.pl\/wiadomosci\/handlowy-gigant-wybuduje-magazyn-w-gliwicach-amazon-powstanie-przy-ul-bojkowskiej\/#breadcrumb"},"inLanguage":"pl-PL","potentialAction":[{"@type":"ReadAction","target":["https:\/\/www.24gliwice.pl\/wiadomosci\/handlowy-gigant-wybuduje-magazyn-w-gliwicach-amazon-powstanie-przy-ul-bojkowskiej\/"]}]},{"@type":"ImageObject","inLanguage":"pl-PL","@id":"https:\/\/www.24gliwice.pl\/wiadomosci\/handlowy-gigant-wybuduje-magazyn-w-gliwicach-amazon-powstanie-przy-ul-bojkowskiej\/#primaryimage","url":"https:\/\/www.24gliwice.pl\/wiadomosci\/wp-content\/uploads\/2018\/02\/pexels-photo-209251-001.jpg","contentUrl":"https:\/\/www.24gliwice.pl\/wiadomosci\/wp-content\/uploads\/2018\/02\/pexels-photo-209251-001.jpg","width":1200,"height":675},{"@type":"BreadcrumbList","@id":"https:\/\/www.24gliwice.pl\/wiadomosci\/handlowy-gigant-wybuduje-magazyn-w-gliwicach-amazon-powstanie-przy-ul-bojkowskiej\/#breadcrumb","itemListElement":[{"@type":"ListItem","position":1,"name":"Strona g\u0142\u00f3wna","item":"https:\/\/www.24gliwice.pl\/wiadomosci\/"},{"@type":"ListItem","position":2,"name":"Handlowy gigant w Gliwicach. Magazyn Amazona powstanie przy ul. Bojkowskiej"}]},{"@type":"WebSite","@id":"https:\/\/www.24gliwice.pl\/wiadomosci\/#website","url":"https:\/\/www.24gliwice.pl\/wiadomosci\/","name":"24GLIWICE - Portal Gliwice | codziennie nowe wiadomo\u015bci","description":"Portal Miejski Gliwice","publisher":{"@id":"https:\/\/www.24gliwice.pl\/wiadomosci\/#organization"},"potentialAction":[{"@type":"SearchAction","target":{"@type":"EntryPoint","urlTemplate":"https:\/\/www.24gliwice.pl\/wiadomosci\/?s={search_term_string}"},"query-input":{"@type":"PropertyValueSpecification","valueRequired":true,"valueName":"search_term_string"}}],"inLanguage":"pl-PL"},{"@type":"Organization","@id":"https:\/\/www.24gliwice.pl\/wiadomosci\/#organization","name":"24gliwice","url":"https:\/\/www.24gliwice.pl\/wiadomosci\/","logo":{"@type":"ImageObject","inLanguage":"pl-PL","@id":"https:\/\/www.24gliwice.pl\/wiadomosci\/#\/schema\/logo\/image\/","url":"https:\/\/www.24gliwice.pl\/wiadomosci\/wp-content\/uploads\/2024\/10\/24gliwice-logo-696.jpg","contentUrl":"https:\/\/www.24gliwice.pl\/wiadomosci\/wp-content\/uploads\/2024\/10\/24gliwice-logo-696.jpg","width":696,"height":696,"caption":"24gliwice"},"image":{"@id":"https:\/\/www.24gliwice.pl\/wiadomosci\/#\/schema\/logo\/image\/"},"sameAs":["https:\/\/www.facebook.com\/24gliwice","https:\/\/x.com\/24gliwice","https:\/\/www.youtube.com\/@24gliwice"]},{"@type":"Person","@id":"https:\/\/www.24gliwice.pl\/wiadomosci\/#\/schema\/person\/940e8f8a097e322de4f463f061ef8d45","name":"Micha\u0142 Szewczyk","image":{"@type":"ImageObject","inLanguage":"pl-PL","@id":"https:\/\/secure.gravatar.com\/avatar\/771b8b6c74cd8d255e46392d605e01a86133900ef09b6ef3c8d451c9d92288cf?s=96&d=mm&r=g","url":"https:\/\/secure.gravatar.com\/avatar\/771b8b6c74cd8d255e46392d605e01a86133900ef09b6ef3c8d451c9d92288cf?s=96&d=mm&r=g","contentUrl":"https:\/\/secure.gravatar.com\/avatar\/771b8b6c74cd8d255e46392d605e01a86133900ef09b6ef3c8d451c9d92288cf?s=96&d=mm&r=g","caption":"Micha\u0142 Szewczyk"},"sameAs":["http:\/\/www.gazeta-miejska.pl"],"url":"https:\/\/www.24gliwice.pl\/wiadomosci\/author\/michal-szewczyk\/"}]}},"_links":{"self":[{"href":"https:\/\/www.24gliwice.pl\/wiadomosci\/wp-json\/wp\/v2\/posts\/112447","targetHints":{"allow":["GET"]}}],"collection":[{"href":"https:\/\/www.24gliwice.pl\/wiadomosci\/wp-json\/wp\/v2\/posts"}],"about":[{"href":"https:\/\/www.24gliwice.pl\/wiadomosci\/wp-json\/wp\/v2\/types\/post"}],"author":[{"embeddable":true,"href":"https:\/\/www.24gliwice.pl\/wiadomosci\/wp-json\/wp\/v2\/users\/12"}],"replies":[{"embeddable":true,"href":"https:\/\/www.24gliwice.pl\/wiadomosci\/wp-json\/wp\/v2\/comments?post=112447"}],"version-history":[{"count":0,"href":"https:\/\/www.24gliwice.pl\/wiadomosci\/wp-json\/wp\/v2\/posts\/112447\/revisions"}],"wp:featuredmedia":[{"embeddable":true,"href":"https:\/\/www.24gliwice.pl\/wiadomosci\/wp-json\/wp\/v2\/media\/112716"}],"wp:attachment":[{"href":"https:\/\/www.24gliwice.pl\/wiadomosci\/wp-json\/wp\/v2\/media?parent=112447"}],"wp:term":[{"taxonomy":"category","embeddable":true,"href":"https:\/\/www.24gliwice.pl\/wiadomosci\/wp-json\/wp\/v2\/categories?post=112447"},{"taxonomy":"post_tag","embeddable":true,"href":"https:\/\/www.24gliwice.pl\/wiadomosci\/wp-json\/wp\/v2\/tags?post=112447"}],"curies":[{"name":"wp","href":"https:\/\/api.w.org\/{rel}","templated":true}]}}