{"id":112487,"date":"2018-02-16T13:19:36","date_gmt":"2018-02-16T12:19:36","guid":{"rendered":"http:\/\/www.24gliwice.pl\/wiadomosci\/?p=112487"},"modified":"2018-02-16T13:19:36","modified_gmt":"2018-02-16T12:19:36","slug":"szafa-do-wymiany-ciepla-pojawila-sie-w-kolejnym-miejscu-na-terenie-miasta-to-juz-czwarty-punkt","status":"publish","type":"post","link":"https:\/\/www.24gliwice.pl\/wiadomosci\/szafa-do-wymiany-ciepla-pojawila-sie-w-kolejnym-miejscu-na-terenie-miasta-to-juz-czwarty-punkt\/","title":{"rendered":"Szafa do wymiany ciep\u0142a pojawi\u0142a si\u0119 w kolejnym miejscu na terenie miasta. To ju\u017c czwarty punkt"},"content":{"rendered":"<div class=\"gliwi-a6-nad-leadem-artykulow gliwi-entity-placement\" id=\"gliwi-576140535\"><div class=\"gliwi-adlabel\"><span style=\"font-size: 9px\">REKLAMA<\/span><\/div><div id=\"gliwi-3972629207\" style=\"margin-bottom: 30px;margin-left: auto;margin-right: auto;text-align: center;\"><a data-no-instant=\"1\" href=\"https:\/\/przedszkole.halogen.org.pl\/\" rel=\"noopener\" class=\"a2t-link\" target=\"_blank\" aria-label=\"20260402-ANIMATOR-przedszkole_grafika_750x200\"><img loading=\"lazy\" decoding=\"async\" src=\"https:\/\/www.24gliwice.pl\/wiadomosci\/wp-content\/uploads\/2026\/04\/20260402-ANIMATOR-przedszkole_grafika_750x200.webp\" alt=\"\"  srcset=\"https:\/\/www.24gliwice.pl\/wiadomosci\/wp-content\/uploads\/2026\/04\/20260402-ANIMATOR-przedszkole_grafika_750x200.webp 750w, https:\/\/www.24gliwice.pl\/wiadomosci\/wp-content\/uploads\/2026\/04\/20260402-ANIMATOR-przedszkole_grafika_750x200-410x109.webp 410w\" sizes=\"(max-width: 750px) 100vw, 750px\" class=\"no-lazyload\" width=\"750\" height=\"200\"  style=\"display: inline-block; max-width: 100%; height: auto;\" \/><\/a><\/div><\/div><h3>Pomys\u0142 do Polski przyw\u0119drowa\u0142 z Budapesztu, a jego idea jest bardzo prosta i szybko rozprzestrzeni\u0142a si\u0119 po ca\u0142ym kraju. Niepozorny wieszak sta\u0142 si\u0119 miejscem nietypowej wymiany \u2013 wymiany ciep\u0142a.<\/h3>\n<p>&#8211; Ciep\u0142em jest w tym przypadku zimowa kurtka czy p\u0142aszcz, gruby sweter i polar. R\u00f3wnie\u017c czapka, szalik i r\u0119kawiczki. Na takim wieszaku teraz ju\u017c te\u017c ka\u017cdy mieszkaniec Gliwic mo\u017ce zostawi\u0107 co\u015b, co przyda si\u0119 tym, kt\u00f3rzy marzn\u0105 &#8211; m\u00f3wi\u0105 <strong>Organizatorzy<\/strong> &#8211; <strong>Stowarzyszenie Przed Siebie<\/strong> oraz <strong>Stowarzyszenie Melina<\/strong>.<\/p>\n<p>Zima niebawem si\u0119 sko\u0144czy, nie oznacza to jednak, \u017ce sko\u0144czy\u0142y si\u0119 ch\u0142odne dni. Dlatego wystawienie wieszaka lub szafy do wymiany ciep\u0142a jest dobrym pomys\u0142em, z kt\u00f3rego teraz, jako czwarty podmiot w Gliwicach, skorzysta\u0142o Forum (ul. Lipowa 1).<\/p><div class=\"gliwi-a3-w-tresci-artykulow gliwi-entity-placement\" id=\"gliwi-490898683\"><div class=\"gliwi-adlabel\"><span style=\"font-size: 9px\">REKLAMA<\/span><\/div><div id=\"gliwi-2117389452\" style=\"margin-bottom: 30px;margin-left: auto;margin-right: auto;text-align: center;\"><a data-no-instant=\"1\" href=\"https:\/\/ogrodyandersa.pl\/\" rel=\"noopener\" class=\"a2t-link\" target=\"_blank\" aria-label=\"20260415 Ogrody Andersa KUP TERAZ D\"><img loading=\"lazy\" decoding=\"async\" src=\"https:\/\/www.24gliwice.pl\/wiadomosci\/wp-content\/uploads\/2026\/04\/20260415-Ogrody-Andersa-KUP-TERAZ-D.jpg\" alt=\"\"  srcset=\"https:\/\/www.24gliwice.pl\/wiadomosci\/wp-content\/uploads\/2026\/04\/20260415-Ogrody-Andersa-KUP-TERAZ-D.jpg 750w, https:\/\/www.24gliwice.pl\/wiadomosci\/wp-content\/uploads\/2026\/04\/20260415-Ogrody-Andersa-KUP-TERAZ-D-410x109.jpg 410w\" sizes=\"(max-width: 750px) 100vw, 750px\" class=\"no-lazyload\" width=\"750\" height=\"200\"  style=\"display: inline-block; max-width: 100%; height: auto;\" \/><\/a><\/div><\/div>\n<p>Pozosta\u0142e punkty, w kt\u00f3rych mo\u017cna zostawi\u0107, b\u0105d\u017a zabra\u0107 ciep\u0142\u0105 odzie\u017c znajduj\u0105 si\u0119: przy Izbie Wytrze\u017awie\u0144 (ul. Okopowa 6), przy filii nr 17 Biblioteki (ul. Sp\u00f3\u0142dzielcza 33a), Przy Centrum Kulturalno-Sportowym &#8220;\u0141ab\u0119d\u017a&#8221; (ul. Partyzant\u00f3w 25).<\/p>\n<p>(\u017cms)<\/p>\n<div class=\"gliwi-a5-na-koncu-artykulow gliwi-entity-placement\" id=\"gliwi-4286789023\"><div class=\"gliwi-adlabel\"><span style=\"font-size: 9px\">REKLAMA<\/span><\/div><div id=\"gliwi-4024245944\" style=\"margin-left: auto;margin-right: auto;text-align: center;\"><a data-no-instant=\"1\" href=\"https:\/\/prezeroarenagliwice.pl\/\" rel=\"noopener\" class=\"a2t-link\" target=\"_blank\" aria-label=\"20260309-PREZERO-WIOSNA-D\"><img loading=\"lazy\" decoding=\"async\" src=\"https:\/\/www.24gliwice.pl\/wiadomosci\/wp-content\/uploads\/2026\/03\/20260309-PREZERO-WIOSNA-D.webp\" alt=\"\"  srcset=\"https:\/\/www.24gliwice.pl\/wiadomosci\/wp-content\/uploads\/2026\/03\/20260309-PREZERO-WIOSNA-D.webp 750w, https:\/\/www.24gliwice.pl\/wiadomosci\/wp-content\/uploads\/2026\/03\/20260309-PREZERO-WIOSNA-D-410x109.webp 410w\" sizes=\"(max-width: 750px) 100vw, 750px\" class=\"no-lazyload\" width=\"750\" height=\"200\"  style=\"display: inline-block; max-width: 100%; height: auto;\" \/><\/a><\/div><\/div>","protected":false},"excerpt":{"rendered":"<p>Pomys\u0142 do Polski przyw\u0119drowa\u0142 z Budapesztu, a jego idea jest bardzo prosta i szybko rozprzestrzeni\u0142a si\u0119 po ca\u0142ym kraju. Niepozorny wieszak sta\u0142 si\u0119 miejscem nietypowej wymiany \u2013 wymiany ciep\u0142a. &#8211; Ciep\u0142em jest w tym przypadku zimowa kurtka czy p\u0142aszcz, gruby sweter i polar. R\u00f3wnie\u017c czapka, szalik i r\u0119kawiczki. Na takim wieszaku teraz ju\u017c te\u017c ka\u017cdy [&hellip;]<\/p>\n","protected":false},"author":15,"featured_media":112498,"comment_status":"open","ping_status":"closed","sticky":false,"template":"","format":"standard","meta":{"_monsterinsights_skip_tracking":false,"_monsterinsights_sitenote_active":false,"_monsterinsights_sitenote_note":"","_monsterinsights_sitenote_category":0,"footnotes":"","_links_to":"","_links_to_target":""},"categories":[3,1],"tags":[11186,2198,239,8602],"class_list":["post-112487","post","type-post","status-publish","format-standard","has-post-thumbnail","hentry","category-gliwice","category-wszystko","tag-cks-labedz","tag-forum","tag-izba-wytrzezwien","tag-wymiana-ciepla"],"yoast_head":"<!-- This site is optimized with the Yoast SEO plugin v27.5 - https:\/\/yoast.com\/product\/yoast-seo-wordpress\/ -->\n<title>Szafa do wymiany ciep\u0142a pojawi\u0142a si\u0119 w kolejnym miejscu na terenie miasta. To ju\u017c czwarty punkt - 24GLIWICE - Portal Gliwice | codziennie nowe informacje<\/title>\n<meta name=\"robots\" content=\"index, follow, max-snippet:-1, max-image-preview:large, max-video-preview:-1\" \/>\n<link rel=\"canonical\" href=\"https:\/\/www.24gliwice.pl\/wiadomosci\/szafa-do-wymiany-ciepla-pojawila-sie-w-kolejnym-miejscu-na-terenie-miasta-to-juz-czwarty-punkt\/\" \/>\n<meta property=\"og:locale\" content=\"pl_PL\" \/>\n<meta property=\"og:type\" content=\"article\" \/>\n<meta property=\"og:title\" content=\"Szafa do wymiany ciep\u0142a pojawi\u0142a si\u0119 w kolejnym miejscu na terenie miasta. To ju\u017c czwarty punkt - 24GLIWICE - Portal Gliwice | codziennie nowe informacje\" \/>\n<meta property=\"og:description\" content=\"Pomys\u0142 do Polski przyw\u0119drowa\u0142 z Budapesztu, a jego idea jest bardzo prosta i szybko rozprzestrzeni\u0142a si\u0119 po ca\u0142ym kraju. Niepozorny wieszak sta\u0142 si\u0119 miejscem nietypowej wymiany \u2013 wymiany ciep\u0142a. &#8211; Ciep\u0142em jest w tym przypadku zimowa kurtka czy p\u0142aszcz, gruby sweter i polar. R\u00f3wnie\u017c czapka, szalik i r\u0119kawiczki. Na takim wieszaku teraz ju\u017c te\u017c ka\u017cdy [&hellip;]\" \/>\n<meta property=\"og:url\" content=\"https:\/\/www.24gliwice.pl\/wiadomosci\/szafa-do-wymiany-ciepla-pojawila-sie-w-kolejnym-miejscu-na-terenie-miasta-to-juz-czwarty-punkt\/\" \/>\n<meta property=\"og:site_name\" content=\"24GLIWICE - Portal Gliwice | codziennie nowe informacje\" \/>\n<meta property=\"article:publisher\" content=\"https:\/\/www.facebook.com\/24gliwice\" \/>\n<meta property=\"article:published_time\" content=\"2018-02-16T12:19:36+00:00\" \/>\n<meta property=\"og:image\" content=\"https:\/\/www.24gliwice.pl\/wiadomosci\/wp-content\/uploads\/2018\/02\/szafa-do-wymiany-ciep\u0142a-e1518694016181.jpg\" \/>\n\t<meta property=\"og:image:width\" content=\"810\" \/>\n\t<meta property=\"og:image:height\" content=\"456\" \/>\n\t<meta property=\"og:image:type\" content=\"image\/jpeg\" \/>\n<meta name=\"author\" content=\"\u017baneta Mrozek-Siewierska\" \/>\n<meta name=\"twitter:card\" content=\"summary_large_image\" \/>\n<meta name=\"twitter:creator\" content=\"@24gliwice\" \/>\n<meta name=\"twitter:site\" content=\"@24gliwice\" \/>\n<meta name=\"twitter:label1\" content=\"Napisane przez\" \/>\n\t<meta name=\"twitter:data1\" content=\"\u017baneta Mrozek-Siewierska\" \/>\n\t<meta name=\"twitter:label2\" content=\"Szacowany czas czytania\" \/>\n\t<meta name=\"twitter:data2\" content=\"1 minuta\" \/>\n<script type=\"application\/ld+json\" class=\"yoast-schema-graph\">{\"@context\":\"https:\\\/\\\/schema.org\",\"@graph\":[{\"@type\":\"Article\",\"@id\":\"https:\\\/\\\/www.24gliwice.pl\\\/wiadomosci\\\/szafa-do-wymiany-ciepla-pojawila-sie-w-kolejnym-miejscu-na-terenie-miasta-to-juz-czwarty-punkt\\\/#article\",\"isPartOf\":{\"@id\":\"https:\\\/\\\/www.24gliwice.pl\\\/wiadomosci\\\/szafa-do-wymiany-ciepla-pojawila-sie-w-kolejnym-miejscu-na-terenie-miasta-to-juz-czwarty-punkt\\\/\"},\"author\":{\"name\":\"\u017baneta Mrozek-Siewierska\",\"@id\":\"https:\\\/\\\/www.24gliwice.pl\\\/wiadomosci\\\/#\\\/schema\\\/person\\\/e42c650edd7f2fa332be3811fb166b6e\"},\"headline\":\"Szafa do wymiany ciep\u0142a pojawi\u0142a si\u0119 w kolejnym miejscu na terenie miasta. To ju\u017c czwarty punkt\",\"datePublished\":\"2018-02-16T12:19:36+00:00\",\"mainEntityOfPage\":{\"@id\":\"https:\\\/\\\/www.24gliwice.pl\\\/wiadomosci\\\/szafa-do-wymiany-ciepla-pojawila-sie-w-kolejnym-miejscu-na-terenie-miasta-to-juz-czwarty-punkt\\\/\"},\"wordCount\":188,\"commentCount\":0,\"publisher\":{\"@id\":\"https:\\\/\\\/www.24gliwice.pl\\\/wiadomosci\\\/#organization\"},\"image\":{\"@id\":\"https:\\\/\\\/www.24gliwice.pl\\\/wiadomosci\\\/szafa-do-wymiany-ciepla-pojawila-sie-w-kolejnym-miejscu-na-terenie-miasta-to-juz-czwarty-punkt\\\/#primaryimage\"},\"thumbnailUrl\":\"https:\\\/\\\/www.24gliwice.pl\\\/wiadomosci\\\/wp-content\\\/uploads\\\/2018\\\/02\\\/szafa-do-wymiany-ciep\u0142a-e1518694016181.jpg\",\"keywords\":[\"cks \u0142ab\u0119d\u017a\",\"FORUM\",\"izba wytrze\u017awie\u0144\",\"wymiana ciep\u0142a\"],\"articleSection\":[\"Gliwice\",\"Najnowsze wiadomo\u015bci\"],\"inLanguage\":\"pl-PL\",\"potentialAction\":[{\"@type\":\"CommentAction\",\"name\":\"Comment\",\"target\":[\"https:\\\/\\\/www.24gliwice.pl\\\/wiadomosci\\\/szafa-do-wymiany-ciepla-pojawila-sie-w-kolejnym-miejscu-na-terenie-miasta-to-juz-czwarty-punkt\\\/#respond\"]}]},{\"@type\":\"WebPage\",\"@id\":\"https:\\\/\\\/www.24gliwice.pl\\\/wiadomosci\\\/szafa-do-wymiany-ciepla-pojawila-sie-w-kolejnym-miejscu-na-terenie-miasta-to-juz-czwarty-punkt\\\/\",\"url\":\"https:\\\/\\\/www.24gliwice.pl\\\/wiadomosci\\\/szafa-do-wymiany-ciepla-pojawila-sie-w-kolejnym-miejscu-na-terenie-miasta-to-juz-czwarty-punkt\\\/\",\"name\":\"Szafa do wymiany ciep\u0142a pojawi\u0142a si\u0119 w kolejnym miejscu na terenie miasta. To ju\u017c czwarty punkt - 24GLIWICE - Portal Gliwice | codziennie nowe informacje\",\"isPartOf\":{\"@id\":\"https:\\\/\\\/www.24gliwice.pl\\\/wiadomosci\\\/#website\"},\"primaryImageOfPage\":{\"@id\":\"https:\\\/\\\/www.24gliwice.pl\\\/wiadomosci\\\/szafa-do-wymiany-ciepla-pojawila-sie-w-kolejnym-miejscu-na-terenie-miasta-to-juz-czwarty-punkt\\\/#primaryimage\"},\"image\":{\"@id\":\"https:\\\/\\\/www.24gliwice.pl\\\/wiadomosci\\\/szafa-do-wymiany-ciepla-pojawila-sie-w-kolejnym-miejscu-na-terenie-miasta-to-juz-czwarty-punkt\\\/#primaryimage\"},\"thumbnailUrl\":\"https:\\\/\\\/www.24gliwice.pl\\\/wiadomosci\\\/wp-content\\\/uploads\\\/2018\\\/02\\\/szafa-do-wymiany-ciep\u0142a-e1518694016181.jpg\",\"datePublished\":\"2018-02-16T12:19:36+00:00\",\"breadcrumb\":{\"@id\":\"https:\\\/\\\/www.24gliwice.pl\\\/wiadomosci\\\/szafa-do-wymiany-ciepla-pojawila-sie-w-kolejnym-miejscu-na-terenie-miasta-to-juz-czwarty-punkt\\\/#breadcrumb\"},\"inLanguage\":\"pl-PL\",\"potentialAction\":[{\"@type\":\"ReadAction\",\"target\":[\"https:\\\/\\\/www.24gliwice.pl\\\/wiadomosci\\\/szafa-do-wymiany-ciepla-pojawila-sie-w-kolejnym-miejscu-na-terenie-miasta-to-juz-czwarty-punkt\\\/\"]}]},{\"@type\":\"ImageObject\",\"inLanguage\":\"pl-PL\",\"@id\":\"https:\\\/\\\/www.24gliwice.pl\\\/wiadomosci\\\/szafa-do-wymiany-ciepla-pojawila-sie-w-kolejnym-miejscu-na-terenie-miasta-to-juz-czwarty-punkt\\\/#primaryimage\",\"url\":\"https:\\\/\\\/www.24gliwice.pl\\\/wiadomosci\\\/wp-content\\\/uploads\\\/2018\\\/02\\\/szafa-do-wymiany-ciep\u0142a-e1518694016181.jpg\",\"contentUrl\":\"https:\\\/\\\/www.24gliwice.pl\\\/wiadomosci\\\/wp-content\\\/uploads\\\/2018\\\/02\\\/szafa-do-wymiany-ciep\u0142a-e1518694016181.jpg\",\"width\":810,\"height\":456,\"caption\":\"fot. Stowarzyszenie Przed Siebie\"},{\"@type\":\"BreadcrumbList\",\"@id\":\"https:\\\/\\\/www.24gliwice.pl\\\/wiadomosci\\\/szafa-do-wymiany-ciepla-pojawila-sie-w-kolejnym-miejscu-na-terenie-miasta-to-juz-czwarty-punkt\\\/#breadcrumb\",\"itemListElement\":[{\"@type\":\"ListItem\",\"position\":1,\"name\":\"Strona g\u0142\u00f3wna\",\"item\":\"https:\\\/\\\/www.24gliwice.pl\\\/wiadomosci\\\/\"},{\"@type\":\"ListItem\",\"position\":2,\"name\":\"Szafa do wymiany ciep\u0142a pojawi\u0142a si\u0119 w kolejnym miejscu na terenie miasta. To ju\u017c czwarty punkt\"}]},{\"@type\":\"WebSite\",\"@id\":\"https:\\\/\\\/www.24gliwice.pl\\\/wiadomosci\\\/#website\",\"url\":\"https:\\\/\\\/www.24gliwice.pl\\\/wiadomosci\\\/\",\"name\":\"24GLIWICE - Portal Gliwice | codziennie nowe wiadomo\u015bci\",\"description\":\"Portal Miejski Gliwice\",\"publisher\":{\"@id\":\"https:\\\/\\\/www.24gliwice.pl\\\/wiadomosci\\\/#organization\"},\"potentialAction\":[{\"@type\":\"SearchAction\",\"target\":{\"@type\":\"EntryPoint\",\"urlTemplate\":\"https:\\\/\\\/www.24gliwice.pl\\\/wiadomosci\\\/?s={search_term_string}\"},\"query-input\":{\"@type\":\"PropertyValueSpecification\",\"valueRequired\":true,\"valueName\":\"search_term_string\"}}],\"inLanguage\":\"pl-PL\"},{\"@type\":\"Organization\",\"@id\":\"https:\\\/\\\/www.24gliwice.pl\\\/wiadomosci\\\/#organization\",\"name\":\"24gliwice\",\"url\":\"https:\\\/\\\/www.24gliwice.pl\\\/wiadomosci\\\/\",\"logo\":{\"@type\":\"ImageObject\",\"inLanguage\":\"pl-PL\",\"@id\":\"https:\\\/\\\/www.24gliwice.pl\\\/wiadomosci\\\/#\\\/schema\\\/logo\\\/image\\\/\",\"url\":\"https:\\\/\\\/www.24gliwice.pl\\\/wiadomosci\\\/wp-content\\\/uploads\\\/2024\\\/10\\\/24gliwice-logo-696.jpg\",\"contentUrl\":\"https:\\\/\\\/www.24gliwice.pl\\\/wiadomosci\\\/wp-content\\\/uploads\\\/2024\\\/10\\\/24gliwice-logo-696.jpg\",\"width\":696,\"height\":696,\"caption\":\"24gliwice\"},\"image\":{\"@id\":\"https:\\\/\\\/www.24gliwice.pl\\\/wiadomosci\\\/#\\\/schema\\\/logo\\\/image\\\/\"},\"sameAs\":[\"https:\\\/\\\/www.facebook.com\\\/24gliwice\",\"https:\\\/\\\/x.com\\\/24gliwice\",\"https:\\\/\\\/www.youtube.com\\\/@24gliwice\"]},{\"@type\":\"Person\",\"@id\":\"https:\\\/\\\/www.24gliwice.pl\\\/wiadomosci\\\/#\\\/schema\\\/person\\\/e42c650edd7f2fa332be3811fb166b6e\",\"name\":\"\u017baneta Mrozek-Siewierska\",\"image\":{\"@type\":\"ImageObject\",\"inLanguage\":\"pl-PL\",\"@id\":\"https:\\\/\\\/secure.gravatar.com\\\/avatar\\\/1881429e9c64597c77ad7aef2d0a19be69a3253e57534d16aa15bf3a4d34a0a3?s=96&d=mm&r=g\",\"url\":\"https:\\\/\\\/secure.gravatar.com\\\/avatar\\\/1881429e9c64597c77ad7aef2d0a19be69a3253e57534d16aa15bf3a4d34a0a3?s=96&d=mm&r=g\",\"contentUrl\":\"https:\\\/\\\/secure.gravatar.com\\\/avatar\\\/1881429e9c64597c77ad7aef2d0a19be69a3253e57534d16aa15bf3a4d34a0a3?s=96&d=mm&r=g\",\"caption\":\"\u017baneta Mrozek-Siewierska\"},\"url\":\"https:\\\/\\\/www.24gliwice.pl\\\/wiadomosci\\\/author\\\/zms\\\/\"}]}<\/script>\n<!-- \/ Yoast SEO plugin. -->","yoast_head_json":{"title":"Szafa do wymiany ciep\u0142a pojawi\u0142a si\u0119 w kolejnym miejscu na terenie miasta. To ju\u017c czwarty punkt - 24GLIWICE - Portal Gliwice | codziennie nowe informacje","robots":{"index":"index","follow":"follow","max-snippet":"max-snippet:-1","max-image-preview":"max-image-preview:large","max-video-preview":"max-video-preview:-1"},"canonical":"https:\/\/www.24gliwice.pl\/wiadomosci\/szafa-do-wymiany-ciepla-pojawila-sie-w-kolejnym-miejscu-na-terenie-miasta-to-juz-czwarty-punkt\/","og_locale":"pl_PL","og_type":"article","og_title":"Szafa do wymiany ciep\u0142a pojawi\u0142a si\u0119 w kolejnym miejscu na terenie miasta. To ju\u017c czwarty punkt - 24GLIWICE - Portal Gliwice | codziennie nowe informacje","og_description":"Pomys\u0142 do Polski przyw\u0119drowa\u0142 z Budapesztu, a jego idea jest bardzo prosta i szybko rozprzestrzeni\u0142a si\u0119 po ca\u0142ym kraju. Niepozorny wieszak sta\u0142 si\u0119 miejscem nietypowej wymiany \u2013 wymiany ciep\u0142a. &#8211; Ciep\u0142em jest w tym przypadku zimowa kurtka czy p\u0142aszcz, gruby sweter i polar. R\u00f3wnie\u017c czapka, szalik i r\u0119kawiczki. Na takim wieszaku teraz ju\u017c te\u017c ka\u017cdy [&hellip;]","og_url":"https:\/\/www.24gliwice.pl\/wiadomosci\/szafa-do-wymiany-ciepla-pojawila-sie-w-kolejnym-miejscu-na-terenie-miasta-to-juz-czwarty-punkt\/","og_site_name":"24GLIWICE - Portal Gliwice | codziennie nowe informacje","article_publisher":"https:\/\/www.facebook.com\/24gliwice","article_published_time":"2018-02-16T12:19:36+00:00","og_image":[{"width":810,"height":456,"url":"https:\/\/www.24gliwice.pl\/wiadomosci\/wp-content\/uploads\/2018\/02\/szafa-do-wymiany-ciep\u0142a-e1518694016181.jpg","type":"image\/jpeg"}],"author":"\u017baneta Mrozek-Siewierska","twitter_card":"summary_large_image","twitter_creator":"@24gliwice","twitter_site":"@24gliwice","twitter_misc":{"Napisane przez":"\u017baneta Mrozek-Siewierska","Szacowany czas czytania":"1 minuta"},"schema":{"@context":"https:\/\/schema.org","@graph":[{"@type":"Article","@id":"https:\/\/www.24gliwice.pl\/wiadomosci\/szafa-do-wymiany-ciepla-pojawila-sie-w-kolejnym-miejscu-na-terenie-miasta-to-juz-czwarty-punkt\/#article","isPartOf":{"@id":"https:\/\/www.24gliwice.pl\/wiadomosci\/szafa-do-wymiany-ciepla-pojawila-sie-w-kolejnym-miejscu-na-terenie-miasta-to-juz-czwarty-punkt\/"},"author":{"name":"\u017baneta Mrozek-Siewierska","@id":"https:\/\/www.24gliwice.pl\/wiadomosci\/#\/schema\/person\/e42c650edd7f2fa332be3811fb166b6e"},"headline":"Szafa do wymiany ciep\u0142a pojawi\u0142a si\u0119 w kolejnym miejscu na terenie miasta. To ju\u017c czwarty punkt","datePublished":"2018-02-16T12:19:36+00:00","mainEntityOfPage":{"@id":"https:\/\/www.24gliwice.pl\/wiadomosci\/szafa-do-wymiany-ciepla-pojawila-sie-w-kolejnym-miejscu-na-terenie-miasta-to-juz-czwarty-punkt\/"},"wordCount":188,"commentCount":0,"publisher":{"@id":"https:\/\/www.24gliwice.pl\/wiadomosci\/#organization"},"image":{"@id":"https:\/\/www.24gliwice.pl\/wiadomosci\/szafa-do-wymiany-ciepla-pojawila-sie-w-kolejnym-miejscu-na-terenie-miasta-to-juz-czwarty-punkt\/#primaryimage"},"thumbnailUrl":"https:\/\/www.24gliwice.pl\/wiadomosci\/wp-content\/uploads\/2018\/02\/szafa-do-wymiany-ciep\u0142a-e1518694016181.jpg","keywords":["cks \u0142ab\u0119d\u017a","FORUM","izba wytrze\u017awie\u0144","wymiana ciep\u0142a"],"articleSection":["Gliwice","Najnowsze wiadomo\u015bci"],"inLanguage":"pl-PL","potentialAction":[{"@type":"CommentAction","name":"Comment","target":["https:\/\/www.24gliwice.pl\/wiadomosci\/szafa-do-wymiany-ciepla-pojawila-sie-w-kolejnym-miejscu-na-terenie-miasta-to-juz-czwarty-punkt\/#respond"]}]},{"@type":"WebPage","@id":"https:\/\/www.24gliwice.pl\/wiadomosci\/szafa-do-wymiany-ciepla-pojawila-sie-w-kolejnym-miejscu-na-terenie-miasta-to-juz-czwarty-punkt\/","url":"https:\/\/www.24gliwice.pl\/wiadomosci\/szafa-do-wymiany-ciepla-pojawila-sie-w-kolejnym-miejscu-na-terenie-miasta-to-juz-czwarty-punkt\/","name":"Szafa do wymiany ciep\u0142a pojawi\u0142a si\u0119 w kolejnym miejscu na terenie miasta. To ju\u017c czwarty punkt - 24GLIWICE - Portal Gliwice | codziennie nowe informacje","isPartOf":{"@id":"https:\/\/www.24gliwice.pl\/wiadomosci\/#website"},"primaryImageOfPage":{"@id":"https:\/\/www.24gliwice.pl\/wiadomosci\/szafa-do-wymiany-ciepla-pojawila-sie-w-kolejnym-miejscu-na-terenie-miasta-to-juz-czwarty-punkt\/#primaryimage"},"image":{"@id":"https:\/\/www.24gliwice.pl\/wiadomosci\/szafa-do-wymiany-ciepla-pojawila-sie-w-kolejnym-miejscu-na-terenie-miasta-to-juz-czwarty-punkt\/#primaryimage"},"thumbnailUrl":"https:\/\/www.24gliwice.pl\/wiadomosci\/wp-content\/uploads\/2018\/02\/szafa-do-wymiany-ciep\u0142a-e1518694016181.jpg","datePublished":"2018-02-16T12:19:36+00:00","breadcrumb":{"@id":"https:\/\/www.24gliwice.pl\/wiadomosci\/szafa-do-wymiany-ciepla-pojawila-sie-w-kolejnym-miejscu-na-terenie-miasta-to-juz-czwarty-punkt\/#breadcrumb"},"inLanguage":"pl-PL","potentialAction":[{"@type":"ReadAction","target":["https:\/\/www.24gliwice.pl\/wiadomosci\/szafa-do-wymiany-ciepla-pojawila-sie-w-kolejnym-miejscu-na-terenie-miasta-to-juz-czwarty-punkt\/"]}]},{"@type":"ImageObject","inLanguage":"pl-PL","@id":"https:\/\/www.24gliwice.pl\/wiadomosci\/szafa-do-wymiany-ciepla-pojawila-sie-w-kolejnym-miejscu-na-terenie-miasta-to-juz-czwarty-punkt\/#primaryimage","url":"https:\/\/www.24gliwice.pl\/wiadomosci\/wp-content\/uploads\/2018\/02\/szafa-do-wymiany-ciep\u0142a-e1518694016181.jpg","contentUrl":"https:\/\/www.24gliwice.pl\/wiadomosci\/wp-content\/uploads\/2018\/02\/szafa-do-wymiany-ciep\u0142a-e1518694016181.jpg","width":810,"height":456,"caption":"fot. Stowarzyszenie Przed Siebie"},{"@type":"BreadcrumbList","@id":"https:\/\/www.24gliwice.pl\/wiadomosci\/szafa-do-wymiany-ciepla-pojawila-sie-w-kolejnym-miejscu-na-terenie-miasta-to-juz-czwarty-punkt\/#breadcrumb","itemListElement":[{"@type":"ListItem","position":1,"name":"Strona g\u0142\u00f3wna","item":"https:\/\/www.24gliwice.pl\/wiadomosci\/"},{"@type":"ListItem","position":2,"name":"Szafa do wymiany ciep\u0142a pojawi\u0142a si\u0119 w kolejnym miejscu na terenie miasta. To ju\u017c czwarty punkt"}]},{"@type":"WebSite","@id":"https:\/\/www.24gliwice.pl\/wiadomosci\/#website","url":"https:\/\/www.24gliwice.pl\/wiadomosci\/","name":"24GLIWICE - Portal Gliwice | codziennie nowe wiadomo\u015bci","description":"Portal Miejski Gliwice","publisher":{"@id":"https:\/\/www.24gliwice.pl\/wiadomosci\/#organization"},"potentialAction":[{"@type":"SearchAction","target":{"@type":"EntryPoint","urlTemplate":"https:\/\/www.24gliwice.pl\/wiadomosci\/?s={search_term_string}"},"query-input":{"@type":"PropertyValueSpecification","valueRequired":true,"valueName":"search_term_string"}}],"inLanguage":"pl-PL"},{"@type":"Organization","@id":"https:\/\/www.24gliwice.pl\/wiadomosci\/#organization","name":"24gliwice","url":"https:\/\/www.24gliwice.pl\/wiadomosci\/","logo":{"@type":"ImageObject","inLanguage":"pl-PL","@id":"https:\/\/www.24gliwice.pl\/wiadomosci\/#\/schema\/logo\/image\/","url":"https:\/\/www.24gliwice.pl\/wiadomosci\/wp-content\/uploads\/2024\/10\/24gliwice-logo-696.jpg","contentUrl":"https:\/\/www.24gliwice.pl\/wiadomosci\/wp-content\/uploads\/2024\/10\/24gliwice-logo-696.jpg","width":696,"height":696,"caption":"24gliwice"},"image":{"@id":"https:\/\/www.24gliwice.pl\/wiadomosci\/#\/schema\/logo\/image\/"},"sameAs":["https:\/\/www.facebook.com\/24gliwice","https:\/\/x.com\/24gliwice","https:\/\/www.youtube.com\/@24gliwice"]},{"@type":"Person","@id":"https:\/\/www.24gliwice.pl\/wiadomosci\/#\/schema\/person\/e42c650edd7f2fa332be3811fb166b6e","name":"\u017baneta Mrozek-Siewierska","image":{"@type":"ImageObject","inLanguage":"pl-PL","@id":"https:\/\/secure.gravatar.com\/avatar\/1881429e9c64597c77ad7aef2d0a19be69a3253e57534d16aa15bf3a4d34a0a3?s=96&d=mm&r=g","url":"https:\/\/secure.gravatar.com\/avatar\/1881429e9c64597c77ad7aef2d0a19be69a3253e57534d16aa15bf3a4d34a0a3?s=96&d=mm&r=g","contentUrl":"https:\/\/secure.gravatar.com\/avatar\/1881429e9c64597c77ad7aef2d0a19be69a3253e57534d16aa15bf3a4d34a0a3?s=96&d=mm&r=g","caption":"\u017baneta Mrozek-Siewierska"},"url":"https:\/\/www.24gliwice.pl\/wiadomosci\/author\/zms\/"}]}},"_links":{"self":[{"href":"https:\/\/www.24gliwice.pl\/wiadomosci\/wp-json\/wp\/v2\/posts\/112487","targetHints":{"allow":["GET"]}}],"collection":[{"href":"https:\/\/www.24gliwice.pl\/wiadomosci\/wp-json\/wp\/v2\/posts"}],"about":[{"href":"https:\/\/www.24gliwice.pl\/wiadomosci\/wp-json\/wp\/v2\/types\/post"}],"author":[{"embeddable":true,"href":"https:\/\/www.24gliwice.pl\/wiadomosci\/wp-json\/wp\/v2\/users\/15"}],"replies":[{"embeddable":true,"href":"https:\/\/www.24gliwice.pl\/wiadomosci\/wp-json\/wp\/v2\/comments?post=112487"}],"version-history":[{"count":0,"href":"https:\/\/www.24gliwice.pl\/wiadomosci\/wp-json\/wp\/v2\/posts\/112487\/revisions"}],"wp:featuredmedia":[{"embeddable":true,"href":"https:\/\/www.24gliwice.pl\/wiadomosci\/wp-json\/wp\/v2\/media\/112498"}],"wp:attachment":[{"href":"https:\/\/www.24gliwice.pl\/wiadomosci\/wp-json\/wp\/v2\/media?parent=112487"}],"wp:term":[{"taxonomy":"category","embeddable":true,"href":"https:\/\/www.24gliwice.pl\/wiadomosci\/wp-json\/wp\/v2\/categories?post=112487"},{"taxonomy":"post_tag","embeddable":true,"href":"https:\/\/www.24gliwice.pl\/wiadomosci\/wp-json\/wp\/v2\/tags?post=112487"}],"curies":[{"name":"wp","href":"https:\/\/api.w.org\/{rel}","templated":true}]}}