{"id":112510,"date":"2018-02-15T12:50:49","date_gmt":"2018-02-15T11:50:49","guid":{"rendered":"http:\/\/www.24gliwice.pl\/wiadomosci\/?p=112510"},"modified":"2018-02-15T12:50:49","modified_gmt":"2018-02-15T11:50:49","slug":"wozek-lub-chodzik-bedzie-mozna-teraz-wypozyczyc-na-czas-wizyty-w-centrum-bardzo-praktyczne","status":"publish","type":"post","link":"https:\/\/www.24gliwice.pl\/wiadomosci\/wozek-lub-chodzik-bedzie-mozna-teraz-wypozyczyc-na-czas-wizyty-w-centrum-bardzo-praktyczne\/","title":{"rendered":"W\u00f3zek lub chodzik b\u0119dzie mo\u017cna teraz wypo\u017cyczy\u0107 na czas wizyty w centrum. &#8220;Bardzo praktyczne&#8221;"},"content":{"rendered":"<div class=\"gliwi-a6-nad-leadem-artykulow gliwi-entity-placement\" id=\"gliwi-573603137\"><div class=\"gliwi-adlabel\"><span style=\"font-size: 9px\">REKLAMA<\/span><\/div><div id=\"gliwi-2816529537\" style=\"margin-bottom: 25px;margin-left: auto;margin-right: auto;text-align: center;\"><a data-no-instant=\"1\" href=\"https:\/\/dom100.eu\/\" rel=\"noopener\" class=\"a2t-link\" target=\"_blank\" aria-label=\"20260415 DOM100 D\"><img loading=\"lazy\" decoding=\"async\" src=\"https:\/\/www.24gliwice.pl\/wiadomosci\/wp-content\/uploads\/2026\/04\/20260415-DOM100-D.jpg\" alt=\"\"  srcset=\"https:\/\/www.24gliwice.pl\/wiadomosci\/wp-content\/uploads\/2026\/04\/20260415-DOM100-D.jpg 750w, https:\/\/www.24gliwice.pl\/wiadomosci\/wp-content\/uploads\/2026\/04\/20260415-DOM100-D-410x109.jpg 410w\" sizes=\"(max-width: 750px) 100vw, 750px\" class=\"no-lazyload\" width=\"750\" height=\"200\"  style=\"display: inline-block; max-width: 100%; height: auto;\" \/><\/a><\/div><\/div><h3>Osoby niepe\u0142nosprawne i kontuzjowane, a tak\u017ce starsze &#8211; nie w pe\u0142ni sprawne ruchowo, bezp\u0142atnie wypo\u017cycz\u0105 w CH FORUM w\u00f3zek lub chodzik rehabilitacyjny.<\/h3>\n<p>\u2013 Nowa us\u0142uga to efekt naszych obserwacji, a tak\u017ce bliskiej wsp\u00f3\u0142pracy ze \u015brodowiskiem niepe\u0142nosprawnych. Zarazem kolejne udogodnienie, z kt\u00f3rego mog\u0105 skorzysta\u0107 nasi go\u015bcie \u2013 m\u00f3wi <strong>Grzegorz Filipczyk<\/strong>, dyrektor CH FORUM, z ramienia JLL. <\/p>\n<p>Dla os\u00f3b z ograniczeniami ruchowymi to bardzo praktyczne rozwi\u0105zanie. \u2013 Aby zrobi\u0107 u nas zakupy, p\u00f3j\u015b\u0107 do kina czy biblioteki, albo te\u017c w inny spos\u00f3b sp\u0119dzi\u0107 czas, nie musz\u0105 ju\u017c przyje\u017cd\u017ca\u0107 ze swoimi urz\u0105dzeniami umo\u017cliwiaj\u0105cymi lub poprawiaj\u0105cymi mobilno\u015b\u0107 w przestrzeni \u2013 podkre\u015bla Grzegorz Filipczyk.<\/p><div class=\"gliwi-a3-w-tresci-artykulow gliwi-entity-placement\" id=\"gliwi-3507482124\"><div class=\"gliwi-adlabel\"><span style=\"font-size: 9px\">REKLAMA<\/span><\/div><div id=\"gliwi-3081713337\" style=\"margin-bottom: 30px;margin-left: auto;margin-right: auto;text-align: center;\"><a data-no-instant=\"1\" href=\"https:\/\/zlobek.halogen.org.pl\/\" rel=\"noopener\" class=\"a2t-link\" target=\"_blank\" aria-label=\"animator-zlobek_750x200\"><img loading=\"lazy\" decoding=\"async\" src=\"https:\/\/www.24gliwice.pl\/wiadomosci\/wp-content\/uploads\/2026\/02\/animator-zlobek_750x200.webp\" alt=\"\"  srcset=\"https:\/\/www.24gliwice.pl\/wiadomosci\/wp-content\/uploads\/2026\/02\/animator-zlobek_750x200.webp 750w, https:\/\/www.24gliwice.pl\/wiadomosci\/wp-content\/uploads\/2026\/02\/animator-zlobek_750x200-410x109.webp 410w\" sizes=\"(max-width: 750px) 100vw, 750px\" class=\"no-lazyload\" width=\"750\" height=\"200\"  style=\"display: inline-block; max-width: 100%; height: auto;\" \/><\/a><\/div><\/div>\n<p>Aby wypo\u017cyczy\u0107 w\u00f3zek lub chodzik wystarczy dope\u0142ni\u0107 formalno\u015bci w punkcie informacyjnym. Na czas wypo\u017cyczenia pobierana jest tak\u017ce zwrotna kaucja (50 z\u0142).<\/p>\n<p>CH FORUM od lat na r\u00f3\u017cne sposoby wspiera osoby niepe\u0142nosprawne. W ramach d\u0142ugookresowej umowy na terenie obiektu praktyki odbywaj\u0105 uczniowie Zespo\u0142u Szk\u00f3\u0142 im. J. Korczaka. Na rzecz podopiecznych lub absolwent\u00f3w szko\u0142y prowadzone s\u0105 tak\u017ce kwesty, z kt\u00f3rych doch\u00f3d przeznaczany jest m.in. na  zakup sprz\u0119tu sportowego dla os\u00f3b z dysfunkcjami ruchowymi.<\/p>\n<div class=\"gliwi-a5-na-koncu-artykulow gliwi-entity-placement\" id=\"gliwi-998009209\"><div class=\"gliwi-adlabel\"><span style=\"font-size: 9px\">REKLAMA<\/span><\/div><div id=\"gliwi-2384388447\" style=\"margin-left: auto;margin-right: auto;text-align: center;\"><a data-no-instant=\"1\" href=\"https:\/\/www.jasek.pl\/\" rel=\"noopener\" class=\"a2t-link\" target=\"_blank\" aria-label=\"20200401-jasek 600\"><img loading=\"lazy\" decoding=\"async\" src=\"https:\/\/www.24gliwice.pl\/wiadomosci\/wp-content\/uploads\/2020\/04\/20200401-jasek-600.jpg\" alt=\"\"  srcset=\"https:\/\/www.24gliwice.pl\/wiadomosci\/wp-content\/uploads\/2020\/04\/20200401-jasek-600.jpg 600w, https:\/\/www.24gliwice.pl\/wiadomosci\/wp-content\/uploads\/2020\/04\/20200401-jasek-600-410x109.jpg 410w\" sizes=\"(max-width: 600px) 100vw, 600px\" class=\"no-lazyload\" width=\"600\" height=\"160\"  style=\"display: inline-block; max-width: 100%; height: auto;\" \/><\/a><\/div><\/div>","protected":false},"excerpt":{"rendered":"<p>Osoby niepe\u0142nosprawne i kontuzjowane, a tak\u017ce starsze &#8211; nie w pe\u0142ni sprawne ruchowo, bezp\u0142atnie wypo\u017cycz\u0105 w CH FORUM w\u00f3zek lub chodzik rehabilitacyjny. \u2013 Nowa us\u0142uga to efekt naszych obserwacji, a tak\u017ce bliskiej wsp\u00f3\u0142pracy ze \u015brodowiskiem niepe\u0142nosprawnych. Zarazem kolejne udogodnienie, z kt\u00f3rego mog\u0105 skorzysta\u0107 nasi go\u015bcie \u2013 m\u00f3wi Grzegorz Filipczyk, dyrektor CH FORUM, z ramienia JLL. [&hellip;]<\/p>\n","protected":false},"author":4,"featured_media":112514,"comment_status":"open","ping_status":"closed","sticky":false,"template":"","format":"standard","meta":{"_monsterinsights_skip_tracking":false,"_monsterinsights_sitenote_active":false,"_monsterinsights_sitenote_note":"","_monsterinsights_sitenote_category":0,"footnotes":"","_links_to":"","_links_to_target":""},"categories":[3,1],"tags":[8355],"class_list":["post-112510","post","type-post","status-publish","format-standard","has-post-thumbnail","hentry","category-gliwice","category-wszystko","tag-wozek"],"yoast_head":"<!-- This site is optimized with the Yoast SEO plugin v27.5 - https:\/\/yoast.com\/product\/yoast-seo-wordpress\/ -->\n<title>W\u00f3zek lub chodzik b\u0119dzie mo\u017cna teraz wypo\u017cyczy\u0107 na czas wizyty w centrum. &quot;Bardzo praktyczne&quot; - 24GLIWICE - Portal Gliwice | codziennie nowe informacje<\/title>\n<meta name=\"robots\" content=\"index, follow, max-snippet:-1, max-image-preview:large, max-video-preview:-1\" \/>\n<link rel=\"canonical\" href=\"https:\/\/www.24gliwice.pl\/wiadomosci\/wozek-lub-chodzik-bedzie-mozna-teraz-wypozyczyc-na-czas-wizyty-w-centrum-bardzo-praktyczne\/\" \/>\n<meta property=\"og:locale\" content=\"pl_PL\" \/>\n<meta property=\"og:type\" content=\"article\" \/>\n<meta property=\"og:title\" content=\"W\u00f3zek lub chodzik b\u0119dzie mo\u017cna teraz wypo\u017cyczy\u0107 na czas wizyty w centrum. &quot;Bardzo praktyczne&quot; - 24GLIWICE - Portal Gliwice | codziennie nowe informacje\" \/>\n<meta property=\"og:description\" content=\"Osoby niepe\u0142nosprawne i kontuzjowane, a tak\u017ce starsze &#8211; nie w pe\u0142ni sprawne ruchowo, bezp\u0142atnie wypo\u017cycz\u0105 w CH FORUM w\u00f3zek lub chodzik rehabilitacyjny. \u2013 Nowa us\u0142uga to efekt naszych obserwacji, a tak\u017ce bliskiej wsp\u00f3\u0142pracy ze \u015brodowiskiem niepe\u0142nosprawnych. Zarazem kolejne udogodnienie, z kt\u00f3rego mog\u0105 skorzysta\u0107 nasi go\u015bcie \u2013 m\u00f3wi Grzegorz Filipczyk, dyrektor CH FORUM, z ramienia JLL. [&hellip;]\" \/>\n<meta property=\"og:url\" content=\"https:\/\/www.24gliwice.pl\/wiadomosci\/wozek-lub-chodzik-bedzie-mozna-teraz-wypozyczyc-na-czas-wizyty-w-centrum-bardzo-praktyczne\/\" \/>\n<meta property=\"og:site_name\" content=\"24GLIWICE - Portal Gliwice | codziennie nowe informacje\" \/>\n<meta property=\"article:publisher\" content=\"https:\/\/www.facebook.com\/24gliwice\" \/>\n<meta property=\"article:author\" content=\"https:\/\/www.facebook.com\/marcin.fabrykowski\" \/>\n<meta property=\"article:published_time\" content=\"2018-02-15T11:50:49+00:00\" \/>\n<meta property=\"og:image\" content=\"https:\/\/www.24gliwice.pl\/wiadomosci\/wp-content\/uploads\/2018\/02\/Screenshot_20.jpg\" \/>\n\t<meta property=\"og:image:width\" content=\"860\" \/>\n\t<meta property=\"og:image:height\" content=\"470\" \/>\n\t<meta property=\"og:image:type\" content=\"image\/jpeg\" \/>\n<meta name=\"author\" content=\"Marcin Fabrykowski\" \/>\n<meta name=\"twitter:card\" content=\"summary_large_image\" \/>\n<meta name=\"twitter:creator\" content=\"@24gliwice\" \/>\n<meta name=\"twitter:site\" content=\"@24gliwice\" \/>\n<meta name=\"twitter:label1\" content=\"Napisane przez\" \/>\n\t<meta name=\"twitter:data1\" content=\"Marcin Fabrykowski\" \/>\n\t<meta name=\"twitter:label2\" content=\"Szacowany czas czytania\" \/>\n\t<meta name=\"twitter:data2\" content=\"1 minuta\" \/>\n<script type=\"application\/ld+json\" class=\"yoast-schema-graph\">{\"@context\":\"https:\\\/\\\/schema.org\",\"@graph\":[{\"@type\":\"Article\",\"@id\":\"https:\\\/\\\/www.24gliwice.pl\\\/wiadomosci\\\/wozek-lub-chodzik-bedzie-mozna-teraz-wypozyczyc-na-czas-wizyty-w-centrum-bardzo-praktyczne\\\/#article\",\"isPartOf\":{\"@id\":\"https:\\\/\\\/www.24gliwice.pl\\\/wiadomosci\\\/wozek-lub-chodzik-bedzie-mozna-teraz-wypozyczyc-na-czas-wizyty-w-centrum-bardzo-praktyczne\\\/\"},\"author\":{\"name\":\"Marcin Fabrykowski\",\"@id\":\"https:\\\/\\\/www.24gliwice.pl\\\/wiadomosci\\\/#\\\/schema\\\/person\\\/cb5857e4a4d048c15984c1edcc8ef0c0\"},\"headline\":\"W\u00f3zek lub chodzik b\u0119dzie mo\u017cna teraz wypo\u017cyczy\u0107 na czas wizyty w centrum. &#8220;Bardzo praktyczne&#8221;\",\"datePublished\":\"2018-02-15T11:50:49+00:00\",\"mainEntityOfPage\":{\"@id\":\"https:\\\/\\\/www.24gliwice.pl\\\/wiadomosci\\\/wozek-lub-chodzik-bedzie-mozna-teraz-wypozyczyc-na-czas-wizyty-w-centrum-bardzo-praktyczne\\\/\"},\"wordCount\":226,\"commentCount\":0,\"publisher\":{\"@id\":\"https:\\\/\\\/www.24gliwice.pl\\\/wiadomosci\\\/#organization\"},\"image\":{\"@id\":\"https:\\\/\\\/www.24gliwice.pl\\\/wiadomosci\\\/wozek-lub-chodzik-bedzie-mozna-teraz-wypozyczyc-na-czas-wizyty-w-centrum-bardzo-praktyczne\\\/#primaryimage\"},\"thumbnailUrl\":\"https:\\\/\\\/www.24gliwice.pl\\\/wiadomosci\\\/wp-content\\\/uploads\\\/2018\\\/02\\\/Screenshot_20.jpg\",\"keywords\":[\"w\u00f3zek\"],\"articleSection\":[\"Gliwice\",\"Najnowsze wiadomo\u015bci\"],\"inLanguage\":\"pl-PL\",\"potentialAction\":[{\"@type\":\"CommentAction\",\"name\":\"Comment\",\"target\":[\"https:\\\/\\\/www.24gliwice.pl\\\/wiadomosci\\\/wozek-lub-chodzik-bedzie-mozna-teraz-wypozyczyc-na-czas-wizyty-w-centrum-bardzo-praktyczne\\\/#respond\"]}]},{\"@type\":\"WebPage\",\"@id\":\"https:\\\/\\\/www.24gliwice.pl\\\/wiadomosci\\\/wozek-lub-chodzik-bedzie-mozna-teraz-wypozyczyc-na-czas-wizyty-w-centrum-bardzo-praktyczne\\\/\",\"url\":\"https:\\\/\\\/www.24gliwice.pl\\\/wiadomosci\\\/wozek-lub-chodzik-bedzie-mozna-teraz-wypozyczyc-na-czas-wizyty-w-centrum-bardzo-praktyczne\\\/\",\"name\":\"W\u00f3zek lub chodzik b\u0119dzie mo\u017cna teraz wypo\u017cyczy\u0107 na czas wizyty w centrum. \\\"Bardzo praktyczne\\\" - 24GLIWICE - Portal Gliwice | codziennie nowe informacje\",\"isPartOf\":{\"@id\":\"https:\\\/\\\/www.24gliwice.pl\\\/wiadomosci\\\/#website\"},\"primaryImageOfPage\":{\"@id\":\"https:\\\/\\\/www.24gliwice.pl\\\/wiadomosci\\\/wozek-lub-chodzik-bedzie-mozna-teraz-wypozyczyc-na-czas-wizyty-w-centrum-bardzo-praktyczne\\\/#primaryimage\"},\"image\":{\"@id\":\"https:\\\/\\\/www.24gliwice.pl\\\/wiadomosci\\\/wozek-lub-chodzik-bedzie-mozna-teraz-wypozyczyc-na-czas-wizyty-w-centrum-bardzo-praktyczne\\\/#primaryimage\"},\"thumbnailUrl\":\"https:\\\/\\\/www.24gliwice.pl\\\/wiadomosci\\\/wp-content\\\/uploads\\\/2018\\\/02\\\/Screenshot_20.jpg\",\"datePublished\":\"2018-02-15T11:50:49+00:00\",\"breadcrumb\":{\"@id\":\"https:\\\/\\\/www.24gliwice.pl\\\/wiadomosci\\\/wozek-lub-chodzik-bedzie-mozna-teraz-wypozyczyc-na-czas-wizyty-w-centrum-bardzo-praktyczne\\\/#breadcrumb\"},\"inLanguage\":\"pl-PL\",\"potentialAction\":[{\"@type\":\"ReadAction\",\"target\":[\"https:\\\/\\\/www.24gliwice.pl\\\/wiadomosci\\\/wozek-lub-chodzik-bedzie-mozna-teraz-wypozyczyc-na-czas-wizyty-w-centrum-bardzo-praktyczne\\\/\"]}]},{\"@type\":\"ImageObject\",\"inLanguage\":\"pl-PL\",\"@id\":\"https:\\\/\\\/www.24gliwice.pl\\\/wiadomosci\\\/wozek-lub-chodzik-bedzie-mozna-teraz-wypozyczyc-na-czas-wizyty-w-centrum-bardzo-praktyczne\\\/#primaryimage\",\"url\":\"https:\\\/\\\/www.24gliwice.pl\\\/wiadomosci\\\/wp-content\\\/uploads\\\/2018\\\/02\\\/Screenshot_20.jpg\",\"contentUrl\":\"https:\\\/\\\/www.24gliwice.pl\\\/wiadomosci\\\/wp-content\\\/uploads\\\/2018\\\/02\\\/Screenshot_20.jpg\",\"width\":860,\"height\":470},{\"@type\":\"BreadcrumbList\",\"@id\":\"https:\\\/\\\/www.24gliwice.pl\\\/wiadomosci\\\/wozek-lub-chodzik-bedzie-mozna-teraz-wypozyczyc-na-czas-wizyty-w-centrum-bardzo-praktyczne\\\/#breadcrumb\",\"itemListElement\":[{\"@type\":\"ListItem\",\"position\":1,\"name\":\"Strona g\u0142\u00f3wna\",\"item\":\"https:\\\/\\\/www.24gliwice.pl\\\/wiadomosci\\\/\"},{\"@type\":\"ListItem\",\"position\":2,\"name\":\"W\u00f3zek lub chodzik b\u0119dzie mo\u017cna teraz wypo\u017cyczy\u0107 na czas wizyty w centrum. &#8222;Bardzo praktyczne&#8221;\"}]},{\"@type\":\"WebSite\",\"@id\":\"https:\\\/\\\/www.24gliwice.pl\\\/wiadomosci\\\/#website\",\"url\":\"https:\\\/\\\/www.24gliwice.pl\\\/wiadomosci\\\/\",\"name\":\"24GLIWICE - Portal Gliwice | codziennie nowe wiadomo\u015bci\",\"description\":\"Portal Miejski Gliwice\",\"publisher\":{\"@id\":\"https:\\\/\\\/www.24gliwice.pl\\\/wiadomosci\\\/#organization\"},\"potentialAction\":[{\"@type\":\"SearchAction\",\"target\":{\"@type\":\"EntryPoint\",\"urlTemplate\":\"https:\\\/\\\/www.24gliwice.pl\\\/wiadomosci\\\/?s={search_term_string}\"},\"query-input\":{\"@type\":\"PropertyValueSpecification\",\"valueRequired\":true,\"valueName\":\"search_term_string\"}}],\"inLanguage\":\"pl-PL\"},{\"@type\":\"Organization\",\"@id\":\"https:\\\/\\\/www.24gliwice.pl\\\/wiadomosci\\\/#organization\",\"name\":\"24gliwice\",\"url\":\"https:\\\/\\\/www.24gliwice.pl\\\/wiadomosci\\\/\",\"logo\":{\"@type\":\"ImageObject\",\"inLanguage\":\"pl-PL\",\"@id\":\"https:\\\/\\\/www.24gliwice.pl\\\/wiadomosci\\\/#\\\/schema\\\/logo\\\/image\\\/\",\"url\":\"https:\\\/\\\/www.24gliwice.pl\\\/wiadomosci\\\/wp-content\\\/uploads\\\/2024\\\/10\\\/24gliwice-logo-696.jpg\",\"contentUrl\":\"https:\\\/\\\/www.24gliwice.pl\\\/wiadomosci\\\/wp-content\\\/uploads\\\/2024\\\/10\\\/24gliwice-logo-696.jpg\",\"width\":696,\"height\":696,\"caption\":\"24gliwice\"},\"image\":{\"@id\":\"https:\\\/\\\/www.24gliwice.pl\\\/wiadomosci\\\/#\\\/schema\\\/logo\\\/image\\\/\"},\"sameAs\":[\"https:\\\/\\\/www.facebook.com\\\/24gliwice\",\"https:\\\/\\\/x.com\\\/24gliwice\",\"https:\\\/\\\/www.youtube.com\\\/@24gliwice\"]},{\"@type\":\"Person\",\"@id\":\"https:\\\/\\\/www.24gliwice.pl\\\/wiadomosci\\\/#\\\/schema\\\/person\\\/cb5857e4a4d048c15984c1edcc8ef0c0\",\"name\":\"Marcin Fabrykowski\",\"image\":{\"@type\":\"ImageObject\",\"inLanguage\":\"pl-PL\",\"@id\":\"https:\\\/\\\/www.24gliwice.pl\\\/wiadomosci\\\/wp-content\\\/uploads\\\/2025\\\/11\\\/zdjecie-moje-marcin-300-96x96.jpg\",\"url\":\"https:\\\/\\\/www.24gliwice.pl\\\/wiadomosci\\\/wp-content\\\/uploads\\\/2025\\\/11\\\/zdjecie-moje-marcin-300-96x96.jpg\",\"contentUrl\":\"https:\\\/\\\/www.24gliwice.pl\\\/wiadomosci\\\/wp-content\\\/uploads\\\/2025\\\/11\\\/zdjecie-moje-marcin-300-96x96.jpg\",\"caption\":\"Marcin Fabrykowski\"},\"sameAs\":[\"http:\\\/\\\/24gliwice.pl\",\"https:\\\/\\\/www.facebook.com\\\/marcin.fabrykowski\"],\"url\":\"https:\\\/\\\/www.24gliwice.pl\\\/wiadomosci\\\/author\\\/marcin-fabrykowski\\\/\"}]}<\/script>\n<!-- \/ Yoast SEO plugin. -->","yoast_head_json":{"title":"W\u00f3zek lub chodzik b\u0119dzie mo\u017cna teraz wypo\u017cyczy\u0107 na czas wizyty w centrum. \"Bardzo praktyczne\" - 24GLIWICE - Portal Gliwice | codziennie nowe informacje","robots":{"index":"index","follow":"follow","max-snippet":"max-snippet:-1","max-image-preview":"max-image-preview:large","max-video-preview":"max-video-preview:-1"},"canonical":"https:\/\/www.24gliwice.pl\/wiadomosci\/wozek-lub-chodzik-bedzie-mozna-teraz-wypozyczyc-na-czas-wizyty-w-centrum-bardzo-praktyczne\/","og_locale":"pl_PL","og_type":"article","og_title":"W\u00f3zek lub chodzik b\u0119dzie mo\u017cna teraz wypo\u017cyczy\u0107 na czas wizyty w centrum. \"Bardzo praktyczne\" - 24GLIWICE - Portal Gliwice | codziennie nowe informacje","og_description":"Osoby niepe\u0142nosprawne i kontuzjowane, a tak\u017ce starsze &#8211; nie w pe\u0142ni sprawne ruchowo, bezp\u0142atnie wypo\u017cycz\u0105 w CH FORUM w\u00f3zek lub chodzik rehabilitacyjny. \u2013 Nowa us\u0142uga to efekt naszych obserwacji, a tak\u017ce bliskiej wsp\u00f3\u0142pracy ze \u015brodowiskiem niepe\u0142nosprawnych. Zarazem kolejne udogodnienie, z kt\u00f3rego mog\u0105 skorzysta\u0107 nasi go\u015bcie \u2013 m\u00f3wi Grzegorz Filipczyk, dyrektor CH FORUM, z ramienia JLL. [&hellip;]","og_url":"https:\/\/www.24gliwice.pl\/wiadomosci\/wozek-lub-chodzik-bedzie-mozna-teraz-wypozyczyc-na-czas-wizyty-w-centrum-bardzo-praktyczne\/","og_site_name":"24GLIWICE - Portal Gliwice | codziennie nowe informacje","article_publisher":"https:\/\/www.facebook.com\/24gliwice","article_author":"https:\/\/www.facebook.com\/marcin.fabrykowski","article_published_time":"2018-02-15T11:50:49+00:00","og_image":[{"width":860,"height":470,"url":"https:\/\/www.24gliwice.pl\/wiadomosci\/wp-content\/uploads\/2018\/02\/Screenshot_20.jpg","type":"image\/jpeg"}],"author":"Marcin Fabrykowski","twitter_card":"summary_large_image","twitter_creator":"@24gliwice","twitter_site":"@24gliwice","twitter_misc":{"Napisane przez":"Marcin Fabrykowski","Szacowany czas czytania":"1 minuta"},"schema":{"@context":"https:\/\/schema.org","@graph":[{"@type":"Article","@id":"https:\/\/www.24gliwice.pl\/wiadomosci\/wozek-lub-chodzik-bedzie-mozna-teraz-wypozyczyc-na-czas-wizyty-w-centrum-bardzo-praktyczne\/#article","isPartOf":{"@id":"https:\/\/www.24gliwice.pl\/wiadomosci\/wozek-lub-chodzik-bedzie-mozna-teraz-wypozyczyc-na-czas-wizyty-w-centrum-bardzo-praktyczne\/"},"author":{"name":"Marcin Fabrykowski","@id":"https:\/\/www.24gliwice.pl\/wiadomosci\/#\/schema\/person\/cb5857e4a4d048c15984c1edcc8ef0c0"},"headline":"W\u00f3zek lub chodzik b\u0119dzie mo\u017cna teraz wypo\u017cyczy\u0107 na czas wizyty w centrum. &#8220;Bardzo praktyczne&#8221;","datePublished":"2018-02-15T11:50:49+00:00","mainEntityOfPage":{"@id":"https:\/\/www.24gliwice.pl\/wiadomosci\/wozek-lub-chodzik-bedzie-mozna-teraz-wypozyczyc-na-czas-wizyty-w-centrum-bardzo-praktyczne\/"},"wordCount":226,"commentCount":0,"publisher":{"@id":"https:\/\/www.24gliwice.pl\/wiadomosci\/#organization"},"image":{"@id":"https:\/\/www.24gliwice.pl\/wiadomosci\/wozek-lub-chodzik-bedzie-mozna-teraz-wypozyczyc-na-czas-wizyty-w-centrum-bardzo-praktyczne\/#primaryimage"},"thumbnailUrl":"https:\/\/www.24gliwice.pl\/wiadomosci\/wp-content\/uploads\/2018\/02\/Screenshot_20.jpg","keywords":["w\u00f3zek"],"articleSection":["Gliwice","Najnowsze wiadomo\u015bci"],"inLanguage":"pl-PL","potentialAction":[{"@type":"CommentAction","name":"Comment","target":["https:\/\/www.24gliwice.pl\/wiadomosci\/wozek-lub-chodzik-bedzie-mozna-teraz-wypozyczyc-na-czas-wizyty-w-centrum-bardzo-praktyczne\/#respond"]}]},{"@type":"WebPage","@id":"https:\/\/www.24gliwice.pl\/wiadomosci\/wozek-lub-chodzik-bedzie-mozna-teraz-wypozyczyc-na-czas-wizyty-w-centrum-bardzo-praktyczne\/","url":"https:\/\/www.24gliwice.pl\/wiadomosci\/wozek-lub-chodzik-bedzie-mozna-teraz-wypozyczyc-na-czas-wizyty-w-centrum-bardzo-praktyczne\/","name":"W\u00f3zek lub chodzik b\u0119dzie mo\u017cna teraz wypo\u017cyczy\u0107 na czas wizyty w centrum. \"Bardzo praktyczne\" - 24GLIWICE - Portal Gliwice | codziennie nowe informacje","isPartOf":{"@id":"https:\/\/www.24gliwice.pl\/wiadomosci\/#website"},"primaryImageOfPage":{"@id":"https:\/\/www.24gliwice.pl\/wiadomosci\/wozek-lub-chodzik-bedzie-mozna-teraz-wypozyczyc-na-czas-wizyty-w-centrum-bardzo-praktyczne\/#primaryimage"},"image":{"@id":"https:\/\/www.24gliwice.pl\/wiadomosci\/wozek-lub-chodzik-bedzie-mozna-teraz-wypozyczyc-na-czas-wizyty-w-centrum-bardzo-praktyczne\/#primaryimage"},"thumbnailUrl":"https:\/\/www.24gliwice.pl\/wiadomosci\/wp-content\/uploads\/2018\/02\/Screenshot_20.jpg","datePublished":"2018-02-15T11:50:49+00:00","breadcrumb":{"@id":"https:\/\/www.24gliwice.pl\/wiadomosci\/wozek-lub-chodzik-bedzie-mozna-teraz-wypozyczyc-na-czas-wizyty-w-centrum-bardzo-praktyczne\/#breadcrumb"},"inLanguage":"pl-PL","potentialAction":[{"@type":"ReadAction","target":["https:\/\/www.24gliwice.pl\/wiadomosci\/wozek-lub-chodzik-bedzie-mozna-teraz-wypozyczyc-na-czas-wizyty-w-centrum-bardzo-praktyczne\/"]}]},{"@type":"ImageObject","inLanguage":"pl-PL","@id":"https:\/\/www.24gliwice.pl\/wiadomosci\/wozek-lub-chodzik-bedzie-mozna-teraz-wypozyczyc-na-czas-wizyty-w-centrum-bardzo-praktyczne\/#primaryimage","url":"https:\/\/www.24gliwice.pl\/wiadomosci\/wp-content\/uploads\/2018\/02\/Screenshot_20.jpg","contentUrl":"https:\/\/www.24gliwice.pl\/wiadomosci\/wp-content\/uploads\/2018\/02\/Screenshot_20.jpg","width":860,"height":470},{"@type":"BreadcrumbList","@id":"https:\/\/www.24gliwice.pl\/wiadomosci\/wozek-lub-chodzik-bedzie-mozna-teraz-wypozyczyc-na-czas-wizyty-w-centrum-bardzo-praktyczne\/#breadcrumb","itemListElement":[{"@type":"ListItem","position":1,"name":"Strona g\u0142\u00f3wna","item":"https:\/\/www.24gliwice.pl\/wiadomosci\/"},{"@type":"ListItem","position":2,"name":"W\u00f3zek lub chodzik b\u0119dzie mo\u017cna teraz wypo\u017cyczy\u0107 na czas wizyty w centrum. &#8222;Bardzo praktyczne&#8221;"}]},{"@type":"WebSite","@id":"https:\/\/www.24gliwice.pl\/wiadomosci\/#website","url":"https:\/\/www.24gliwice.pl\/wiadomosci\/","name":"24GLIWICE - Portal Gliwice | codziennie nowe wiadomo\u015bci","description":"Portal Miejski Gliwice","publisher":{"@id":"https:\/\/www.24gliwice.pl\/wiadomosci\/#organization"},"potentialAction":[{"@type":"SearchAction","target":{"@type":"EntryPoint","urlTemplate":"https:\/\/www.24gliwice.pl\/wiadomosci\/?s={search_term_string}"},"query-input":{"@type":"PropertyValueSpecification","valueRequired":true,"valueName":"search_term_string"}}],"inLanguage":"pl-PL"},{"@type":"Organization","@id":"https:\/\/www.24gliwice.pl\/wiadomosci\/#organization","name":"24gliwice","url":"https:\/\/www.24gliwice.pl\/wiadomosci\/","logo":{"@type":"ImageObject","inLanguage":"pl-PL","@id":"https:\/\/www.24gliwice.pl\/wiadomosci\/#\/schema\/logo\/image\/","url":"https:\/\/www.24gliwice.pl\/wiadomosci\/wp-content\/uploads\/2024\/10\/24gliwice-logo-696.jpg","contentUrl":"https:\/\/www.24gliwice.pl\/wiadomosci\/wp-content\/uploads\/2024\/10\/24gliwice-logo-696.jpg","width":696,"height":696,"caption":"24gliwice"},"image":{"@id":"https:\/\/www.24gliwice.pl\/wiadomosci\/#\/schema\/logo\/image\/"},"sameAs":["https:\/\/www.facebook.com\/24gliwice","https:\/\/x.com\/24gliwice","https:\/\/www.youtube.com\/@24gliwice"]},{"@type":"Person","@id":"https:\/\/www.24gliwice.pl\/wiadomosci\/#\/schema\/person\/cb5857e4a4d048c15984c1edcc8ef0c0","name":"Marcin Fabrykowski","image":{"@type":"ImageObject","inLanguage":"pl-PL","@id":"https:\/\/www.24gliwice.pl\/wiadomosci\/wp-content\/uploads\/2025\/11\/zdjecie-moje-marcin-300-96x96.jpg","url":"https:\/\/www.24gliwice.pl\/wiadomosci\/wp-content\/uploads\/2025\/11\/zdjecie-moje-marcin-300-96x96.jpg","contentUrl":"https:\/\/www.24gliwice.pl\/wiadomosci\/wp-content\/uploads\/2025\/11\/zdjecie-moje-marcin-300-96x96.jpg","caption":"Marcin Fabrykowski"},"sameAs":["http:\/\/24gliwice.pl","https:\/\/www.facebook.com\/marcin.fabrykowski"],"url":"https:\/\/www.24gliwice.pl\/wiadomosci\/author\/marcin-fabrykowski\/"}]}},"_links":{"self":[{"href":"https:\/\/www.24gliwice.pl\/wiadomosci\/wp-json\/wp\/v2\/posts\/112510","targetHints":{"allow":["GET"]}}],"collection":[{"href":"https:\/\/www.24gliwice.pl\/wiadomosci\/wp-json\/wp\/v2\/posts"}],"about":[{"href":"https:\/\/www.24gliwice.pl\/wiadomosci\/wp-json\/wp\/v2\/types\/post"}],"author":[{"embeddable":true,"href":"https:\/\/www.24gliwice.pl\/wiadomosci\/wp-json\/wp\/v2\/users\/4"}],"replies":[{"embeddable":true,"href":"https:\/\/www.24gliwice.pl\/wiadomosci\/wp-json\/wp\/v2\/comments?post=112510"}],"version-history":[{"count":0,"href":"https:\/\/www.24gliwice.pl\/wiadomosci\/wp-json\/wp\/v2\/posts\/112510\/revisions"}],"wp:featuredmedia":[{"embeddable":true,"href":"https:\/\/www.24gliwice.pl\/wiadomosci\/wp-json\/wp\/v2\/media\/112514"}],"wp:attachment":[{"href":"https:\/\/www.24gliwice.pl\/wiadomosci\/wp-json\/wp\/v2\/media?parent=112510"}],"wp:term":[{"taxonomy":"category","embeddable":true,"href":"https:\/\/www.24gliwice.pl\/wiadomosci\/wp-json\/wp\/v2\/categories?post=112510"},{"taxonomy":"post_tag","embeddable":true,"href":"https:\/\/www.24gliwice.pl\/wiadomosci\/wp-json\/wp\/v2\/tags?post=112510"}],"curies":[{"name":"wp","href":"https:\/\/api.w.org\/{rel}","templated":true}]}}