{"id":112772,"date":"2018-02-20T14:36:57","date_gmt":"2018-02-20T13:36:57","guid":{"rendered":"http:\/\/www.24gliwice.pl\/wiadomosci\/?p=112772"},"modified":"2018-02-20T14:36:57","modified_gmt":"2018-02-20T13:36:57","slug":"wybrane-niedziele-beda-wolne-od-handlu-ale-to-centrum-handlowe-i-tak-zostanie-otwarte","status":"publish","type":"post","link":"https:\/\/www.24gliwice.pl\/wiadomosci\/wybrane-niedziele-beda-wolne-od-handlu-ale-to-centrum-handlowe-i-tak-zostanie-otwarte\/","title":{"rendered":"Wybrane niedziele b\u0119d\u0105 wolne od handlu, ale to centrum handlowe i tak zostanie otwarte"},"content":{"rendered":"<div class=\"gliwi-a6-nad-leadem-artykulow gliwi-entity-placement\" id=\"gliwi-3427309316\"><div class=\"gliwi-adlabel\"><span style=\"font-size: 9px\">REKLAMA<\/span><\/div><div id=\"gliwi-1309406477\" style=\"margin-bottom: 25px;margin-left: auto;margin-right: auto;text-align: center;\"><a data-no-instant=\"1\" href=\"https:\/\/dom100.eu\/\" rel=\"noopener\" class=\"a2t-link\" target=\"_blank\" aria-label=\"20260415 DOM100 D\"><img loading=\"lazy\" decoding=\"async\" src=\"https:\/\/www.24gliwice.pl\/wiadomosci\/wp-content\/uploads\/2026\/04\/20260415-DOM100-D.jpg\" alt=\"\"  srcset=\"https:\/\/www.24gliwice.pl\/wiadomosci\/wp-content\/uploads\/2026\/04\/20260415-DOM100-D.jpg 750w, https:\/\/www.24gliwice.pl\/wiadomosci\/wp-content\/uploads\/2026\/04\/20260415-DOM100-D-410x109.jpg 410w\" sizes=\"(max-width: 750px) 100vw, 750px\" class=\"no-lazyload\" width=\"750\" height=\"200\"  style=\"display: inline-block; max-width: 100%; height: auto;\" \/><\/a><\/div><\/div><h3>Od marca obowi\u0105zywa\u0107 b\u0119dzie zakaz handlu w<a href=\"http:\/\/www.24gliwice.pl\/wiadomosci\/sprawdz-ten-terminarz-jesli-robisz-zakupy-w-niedziele-ograniczenia-w-handlu-juz-niebawem\/\" target=\"_blank\" rel=\"noopener\"> wybrane niedziele miesi\u0105ca.<\/a> W odpowiedzi na wprowadzone przepisy centra handlowe przygotowuj\u0105 si\u0119 do dzia\u0142ania w nowych warunkach.<\/h3>\n<p>W dni \u015bwi\u0105t religijnych i pa\u0144stwowych, a tak\u017ce w niekt\u00f3re niedziele, nie mo\u017cna b\u0119dzie prowadzi\u0107 stacjonarnej sprzeda\u017cy. To jednak nie oznacza, \u017ce centra handlowe b\u0119d\u0105 nieczynne. Otworz\u0105 si\u0119 zw\u0142aszcza te, w kt\u00f3rych opr\u00f3cz handlu obecne s\u0105 inne funkcje, w tym us\u0142ugi i rozrywka.<\/p>\n[perfectpullquote align=&#8221;full&#8221; bordertop=&#8221;false&#8221; cite=&#8221;&#8221; link=&#8221;&#8221; color=&#8221;&#8221; class=&#8221;&#8221; size=&#8221;&#8221;]Tak jest m.in. w gliwickim Forum, gdzie dzia\u0142a m.in. 13-salowe kino Cinema City. B\u0119dzie ono czynne bez wzgl\u0119du na nowe przepisy. [\/perfectpullquote]\n<p>To samo dotyczy salonu rzeczywisto\u015bci wirtualnej ZENonVR, a tak\u017ce strefy wsp\u00f3lnej pracy, zwanej coworkingiem.\u00a0W niedziele wolne od handlu otworz\u0105 si\u0119 tak\u017ce niekt\u00f3re kawiarnie i restauracje, w tym m.in.\u00a0KFC, McDonald\u2019s i Mount Blanc.<\/p><div class=\"gliwi-a3-w-tresci-artykulow gliwi-entity-placement\" id=\"gliwi-2573732711\"><div class=\"gliwi-adlabel\"><span style=\"font-size: 9px\">REKLAMA<\/span><\/div><div id=\"gliwi-1828348476\" style=\"margin-bottom: 30px;margin-left: auto;margin-right: auto;text-align: center;\"><a data-no-instant=\"1\" href=\"https:\/\/zlobek.halogen.org.pl\/\" rel=\"noopener\" class=\"a2t-link\" target=\"_blank\" aria-label=\"animator-zlobek_750x200\"><img loading=\"lazy\" decoding=\"async\" src=\"https:\/\/www.24gliwice.pl\/wiadomosci\/wp-content\/uploads\/2026\/02\/animator-zlobek_750x200.webp\" alt=\"\"  srcset=\"https:\/\/www.24gliwice.pl\/wiadomosci\/wp-content\/uploads\/2026\/02\/animator-zlobek_750x200.webp 750w, https:\/\/www.24gliwice.pl\/wiadomosci\/wp-content\/uploads\/2026\/02\/animator-zlobek_750x200-410x109.webp 410w\" sizes=\"(max-width: 750px) 100vw, 750px\" class=\"no-lazyload\" width=\"750\" height=\"200\"  style=\"display: inline-block; max-width: 100%; height: auto;\" \/><\/a><\/div><\/div>\n<p>Nowe zasady sk\u0142oni\u0142y hipermarket Carrefour do wyd\u0142u\u017cenia godzin pracy, aby umo\u017cliwi\u0107 klientom wi\u0119ksz\u0105\u00a0dost\u0119pno\u015b\u0107 sklepu. Od 1 marca Carrefour w CH Forum od poniedzia\u0142ku do czwartku b\u0119dzie czynny od\u00a0godz. <strong>7:00 do 22:00<\/strong>, a w pi\u0105tki i soboty od godz. <strong>7:00 do 23:00<\/strong>. W niedziele handlowe nic si\u0119 nie zmieni &#8211;\u00a0hipermarket czynny b\u0119dzie od godz. <strong>9:00 do 21:00<\/strong>.<\/p>\n<p>(\u017cms)<\/p>\n<p>Fot. K. Krzemi\u0144ski\/Forum<\/p>\n<div class=\"gliwi-a5-na-koncu-artykulow gliwi-entity-placement\" id=\"gliwi-4072030097\"><div class=\"gliwi-adlabel\"><span style=\"font-size: 9px\">REKLAMA<\/span><\/div><div id=\"gliwi-2814519882\" style=\"margin-left: auto;margin-right: auto;text-align: center;\"><a data-no-instant=\"1\" href=\"https:\/\/www.jasek.pl\/\" rel=\"noopener\" class=\"a2t-link\" target=\"_blank\" aria-label=\"20200401-jasek 600\"><img loading=\"lazy\" decoding=\"async\" src=\"https:\/\/www.24gliwice.pl\/wiadomosci\/wp-content\/uploads\/2020\/04\/20200401-jasek-600.jpg\" alt=\"\"  srcset=\"https:\/\/www.24gliwice.pl\/wiadomosci\/wp-content\/uploads\/2020\/04\/20200401-jasek-600.jpg 600w, https:\/\/www.24gliwice.pl\/wiadomosci\/wp-content\/uploads\/2020\/04\/20200401-jasek-600-410x109.jpg 410w\" sizes=\"(max-width: 600px) 100vw, 600px\" class=\"no-lazyload\" width=\"600\" height=\"160\"  style=\"display: inline-block; max-width: 100%; height: auto;\" \/><\/a><\/div><\/div>","protected":false},"excerpt":{"rendered":"<p>Od marca obowi\u0105zywa\u0107 b\u0119dzie zakaz handlu w wybrane niedziele miesi\u0105ca. W odpowiedzi na wprowadzone przepisy centra handlowe przygotowuj\u0105 si\u0119 do dzia\u0142ania w nowych warunkach. W dni \u015bwi\u0105t religijnych i pa\u0144stwowych, a tak\u017ce w niekt\u00f3re niedziele, nie mo\u017cna b\u0119dzie prowadzi\u0107 stacjonarnej sprzeda\u017cy. To jednak nie oznacza, \u017ce centra handlowe b\u0119d\u0105 nieczynne. Otworz\u0105 si\u0119 zw\u0142aszcza te, w [&hellip;]<\/p>\n","protected":false},"author":15,"featured_media":112776,"comment_status":"open","ping_status":"closed","sticky":false,"template":"","format":"standard","meta":{"_monsterinsights_skip_tracking":false,"_monsterinsights_sitenote_active":false,"_monsterinsights_sitenote_note":"","_monsterinsights_sitenote_category":0,"footnotes":"","_links_to":"","_links_to_target":""},"categories":[3,1],"tags":[3160,3885,11598,9480,7493],"class_list":["post-112772","post","type-post","status-publish","format-standard","has-post-thumbnail","hentry","category-gliwice","category-wszystko","tag-centrum-handlowe","tag-ch-forum","tag-niedziela","tag-zakaz-handlu","tag-zakaz-handlu-w-niedziele"],"yoast_head":"<!-- This site is optimized with the Yoast SEO plugin v27.5 - https:\/\/yoast.com\/product\/yoast-seo-wordpress\/ -->\n<title>Wybrane niedziele b\u0119d\u0105 wolne od handlu, ale to centrum handlowe i tak zostanie otwarte - 24GLIWICE - Portal Gliwice | codziennie nowe informacje<\/title>\n<meta name=\"robots\" content=\"index, follow, max-snippet:-1, max-image-preview:large, max-video-preview:-1\" \/>\n<link rel=\"canonical\" href=\"https:\/\/www.24gliwice.pl\/wiadomosci\/wybrane-niedziele-beda-wolne-od-handlu-ale-to-centrum-handlowe-i-tak-zostanie-otwarte\/\" \/>\n<meta property=\"og:locale\" content=\"pl_PL\" \/>\n<meta property=\"og:type\" content=\"article\" \/>\n<meta property=\"og:title\" content=\"Wybrane niedziele b\u0119d\u0105 wolne od handlu, ale to centrum handlowe i tak zostanie otwarte - 24GLIWICE - Portal Gliwice | codziennie nowe informacje\" \/>\n<meta property=\"og:description\" content=\"Od marca obowi\u0105zywa\u0107 b\u0119dzie zakaz handlu w wybrane niedziele miesi\u0105ca. W odpowiedzi na wprowadzone przepisy centra handlowe przygotowuj\u0105 si\u0119 do dzia\u0142ania w nowych warunkach. W dni \u015bwi\u0105t religijnych i pa\u0144stwowych, a tak\u017ce w niekt\u00f3re niedziele, nie mo\u017cna b\u0119dzie prowadzi\u0107 stacjonarnej sprzeda\u017cy. To jednak nie oznacza, \u017ce centra handlowe b\u0119d\u0105 nieczynne. Otworz\u0105 si\u0119 zw\u0142aszcza te, w [&hellip;]\" \/>\n<meta property=\"og:url\" content=\"https:\/\/www.24gliwice.pl\/wiadomosci\/wybrane-niedziele-beda-wolne-od-handlu-ale-to-centrum-handlowe-i-tak-zostanie-otwarte\/\" \/>\n<meta property=\"og:site_name\" content=\"24GLIWICE - Portal Gliwice | codziennie nowe informacje\" \/>\n<meta property=\"article:publisher\" content=\"https:\/\/www.facebook.com\/24gliwice\" \/>\n<meta property=\"article:published_time\" content=\"2018-02-20T13:36:57+00:00\" \/>\n<meta property=\"og:image\" content=\"https:\/\/www.24gliwice.pl\/wiadomosci\/wp-content\/uploads\/2018\/02\/KKrzeminski_fORUM-e1519131944378.jpg\" \/>\n\t<meta property=\"og:image:width\" content=\"810\" \/>\n\t<meta property=\"og:image:height\" content=\"456\" \/>\n\t<meta property=\"og:image:type\" content=\"image\/jpeg\" \/>\n<meta name=\"author\" content=\"\u017baneta Mrozek-Siewierska\" \/>\n<meta name=\"twitter:card\" content=\"summary_large_image\" \/>\n<meta name=\"twitter:creator\" content=\"@24gliwice\" \/>\n<meta name=\"twitter:site\" content=\"@24gliwice\" \/>\n<meta name=\"twitter:label1\" content=\"Napisane przez\" \/>\n\t<meta name=\"twitter:data1\" content=\"\u017baneta Mrozek-Siewierska\" \/>\n\t<meta name=\"twitter:label2\" content=\"Szacowany czas czytania\" \/>\n\t<meta name=\"twitter:data2\" content=\"1 minuta\" \/>\n<script type=\"application\/ld+json\" class=\"yoast-schema-graph\">{\"@context\":\"https:\\\/\\\/schema.org\",\"@graph\":[{\"@type\":\"Article\",\"@id\":\"https:\\\/\\\/www.24gliwice.pl\\\/wiadomosci\\\/wybrane-niedziele-beda-wolne-od-handlu-ale-to-centrum-handlowe-i-tak-zostanie-otwarte\\\/#article\",\"isPartOf\":{\"@id\":\"https:\\\/\\\/www.24gliwice.pl\\\/wiadomosci\\\/wybrane-niedziele-beda-wolne-od-handlu-ale-to-centrum-handlowe-i-tak-zostanie-otwarte\\\/\"},\"author\":{\"name\":\"\u017baneta Mrozek-Siewierska\",\"@id\":\"https:\\\/\\\/www.24gliwice.pl\\\/wiadomosci\\\/#\\\/schema\\\/person\\\/e42c650edd7f2fa332be3811fb166b6e\"},\"headline\":\"Wybrane niedziele b\u0119d\u0105 wolne od handlu, ale to centrum handlowe i tak zostanie otwarte\",\"datePublished\":\"2018-02-20T13:36:57+00:00\",\"mainEntityOfPage\":{\"@id\":\"https:\\\/\\\/www.24gliwice.pl\\\/wiadomosci\\\/wybrane-niedziele-beda-wolne-od-handlu-ale-to-centrum-handlowe-i-tak-zostanie-otwarte\\\/\"},\"wordCount\":245,\"commentCount\":0,\"publisher\":{\"@id\":\"https:\\\/\\\/www.24gliwice.pl\\\/wiadomosci\\\/#organization\"},\"image\":{\"@id\":\"https:\\\/\\\/www.24gliwice.pl\\\/wiadomosci\\\/wybrane-niedziele-beda-wolne-od-handlu-ale-to-centrum-handlowe-i-tak-zostanie-otwarte\\\/#primaryimage\"},\"thumbnailUrl\":\"https:\\\/\\\/www.24gliwice.pl\\\/wiadomosci\\\/wp-content\\\/uploads\\\/2018\\\/02\\\/KKrzeminski_fORUM-e1519131944378.jpg\",\"keywords\":[\"CENTRUM HANDLOWE\",\"CH FORUM\",\"niedziela\",\"zakaz handlu\",\"zakaz handlu w niedziel\u0119\"],\"articleSection\":[\"Gliwice\",\"Najnowsze wiadomo\u015bci\"],\"inLanguage\":\"pl-PL\",\"potentialAction\":[{\"@type\":\"CommentAction\",\"name\":\"Comment\",\"target\":[\"https:\\\/\\\/www.24gliwice.pl\\\/wiadomosci\\\/wybrane-niedziele-beda-wolne-od-handlu-ale-to-centrum-handlowe-i-tak-zostanie-otwarte\\\/#respond\"]}]},{\"@type\":\"WebPage\",\"@id\":\"https:\\\/\\\/www.24gliwice.pl\\\/wiadomosci\\\/wybrane-niedziele-beda-wolne-od-handlu-ale-to-centrum-handlowe-i-tak-zostanie-otwarte\\\/\",\"url\":\"https:\\\/\\\/www.24gliwice.pl\\\/wiadomosci\\\/wybrane-niedziele-beda-wolne-od-handlu-ale-to-centrum-handlowe-i-tak-zostanie-otwarte\\\/\",\"name\":\"Wybrane niedziele b\u0119d\u0105 wolne od handlu, ale to centrum handlowe i tak zostanie otwarte - 24GLIWICE - Portal Gliwice | codziennie nowe informacje\",\"isPartOf\":{\"@id\":\"https:\\\/\\\/www.24gliwice.pl\\\/wiadomosci\\\/#website\"},\"primaryImageOfPage\":{\"@id\":\"https:\\\/\\\/www.24gliwice.pl\\\/wiadomosci\\\/wybrane-niedziele-beda-wolne-od-handlu-ale-to-centrum-handlowe-i-tak-zostanie-otwarte\\\/#primaryimage\"},\"image\":{\"@id\":\"https:\\\/\\\/www.24gliwice.pl\\\/wiadomosci\\\/wybrane-niedziele-beda-wolne-od-handlu-ale-to-centrum-handlowe-i-tak-zostanie-otwarte\\\/#primaryimage\"},\"thumbnailUrl\":\"https:\\\/\\\/www.24gliwice.pl\\\/wiadomosci\\\/wp-content\\\/uploads\\\/2018\\\/02\\\/KKrzeminski_fORUM-e1519131944378.jpg\",\"datePublished\":\"2018-02-20T13:36:57+00:00\",\"breadcrumb\":{\"@id\":\"https:\\\/\\\/www.24gliwice.pl\\\/wiadomosci\\\/wybrane-niedziele-beda-wolne-od-handlu-ale-to-centrum-handlowe-i-tak-zostanie-otwarte\\\/#breadcrumb\"},\"inLanguage\":\"pl-PL\",\"potentialAction\":[{\"@type\":\"ReadAction\",\"target\":[\"https:\\\/\\\/www.24gliwice.pl\\\/wiadomosci\\\/wybrane-niedziele-beda-wolne-od-handlu-ale-to-centrum-handlowe-i-tak-zostanie-otwarte\\\/\"]}]},{\"@type\":\"ImageObject\",\"inLanguage\":\"pl-PL\",\"@id\":\"https:\\\/\\\/www.24gliwice.pl\\\/wiadomosci\\\/wybrane-niedziele-beda-wolne-od-handlu-ale-to-centrum-handlowe-i-tak-zostanie-otwarte\\\/#primaryimage\",\"url\":\"https:\\\/\\\/www.24gliwice.pl\\\/wiadomosci\\\/wp-content\\\/uploads\\\/2018\\\/02\\\/KKrzeminski_fORUM-e1519131944378.jpg\",\"contentUrl\":\"https:\\\/\\\/www.24gliwice.pl\\\/wiadomosci\\\/wp-content\\\/uploads\\\/2018\\\/02\\\/KKrzeminski_fORUM-e1519131944378.jpg\",\"width\":810,\"height\":456,\"caption\":\"fot. K. Krzemi\u0144ski\"},{\"@type\":\"BreadcrumbList\",\"@id\":\"https:\\\/\\\/www.24gliwice.pl\\\/wiadomosci\\\/wybrane-niedziele-beda-wolne-od-handlu-ale-to-centrum-handlowe-i-tak-zostanie-otwarte\\\/#breadcrumb\",\"itemListElement\":[{\"@type\":\"ListItem\",\"position\":1,\"name\":\"Strona g\u0142\u00f3wna\",\"item\":\"https:\\\/\\\/www.24gliwice.pl\\\/wiadomosci\\\/\"},{\"@type\":\"ListItem\",\"position\":2,\"name\":\"Wybrane niedziele b\u0119d\u0105 wolne od handlu, ale to centrum handlowe i tak zostanie otwarte\"}]},{\"@type\":\"WebSite\",\"@id\":\"https:\\\/\\\/www.24gliwice.pl\\\/wiadomosci\\\/#website\",\"url\":\"https:\\\/\\\/www.24gliwice.pl\\\/wiadomosci\\\/\",\"name\":\"24GLIWICE - Portal Gliwice | codziennie nowe wiadomo\u015bci\",\"description\":\"Portal Miejski Gliwice\",\"publisher\":{\"@id\":\"https:\\\/\\\/www.24gliwice.pl\\\/wiadomosci\\\/#organization\"},\"potentialAction\":[{\"@type\":\"SearchAction\",\"target\":{\"@type\":\"EntryPoint\",\"urlTemplate\":\"https:\\\/\\\/www.24gliwice.pl\\\/wiadomosci\\\/?s={search_term_string}\"},\"query-input\":{\"@type\":\"PropertyValueSpecification\",\"valueRequired\":true,\"valueName\":\"search_term_string\"}}],\"inLanguage\":\"pl-PL\"},{\"@type\":\"Organization\",\"@id\":\"https:\\\/\\\/www.24gliwice.pl\\\/wiadomosci\\\/#organization\",\"name\":\"24gliwice\",\"url\":\"https:\\\/\\\/www.24gliwice.pl\\\/wiadomosci\\\/\",\"logo\":{\"@type\":\"ImageObject\",\"inLanguage\":\"pl-PL\",\"@id\":\"https:\\\/\\\/www.24gliwice.pl\\\/wiadomosci\\\/#\\\/schema\\\/logo\\\/image\\\/\",\"url\":\"https:\\\/\\\/www.24gliwice.pl\\\/wiadomosci\\\/wp-content\\\/uploads\\\/2024\\\/10\\\/24gliwice-logo-696.jpg\",\"contentUrl\":\"https:\\\/\\\/www.24gliwice.pl\\\/wiadomosci\\\/wp-content\\\/uploads\\\/2024\\\/10\\\/24gliwice-logo-696.jpg\",\"width\":696,\"height\":696,\"caption\":\"24gliwice\"},\"image\":{\"@id\":\"https:\\\/\\\/www.24gliwice.pl\\\/wiadomosci\\\/#\\\/schema\\\/logo\\\/image\\\/\"},\"sameAs\":[\"https:\\\/\\\/www.facebook.com\\\/24gliwice\",\"https:\\\/\\\/x.com\\\/24gliwice\",\"https:\\\/\\\/www.youtube.com\\\/@24gliwice\"]},{\"@type\":\"Person\",\"@id\":\"https:\\\/\\\/www.24gliwice.pl\\\/wiadomosci\\\/#\\\/schema\\\/person\\\/e42c650edd7f2fa332be3811fb166b6e\",\"name\":\"\u017baneta Mrozek-Siewierska\",\"image\":{\"@type\":\"ImageObject\",\"inLanguage\":\"pl-PL\",\"@id\":\"https:\\\/\\\/secure.gravatar.com\\\/avatar\\\/1881429e9c64597c77ad7aef2d0a19be69a3253e57534d16aa15bf3a4d34a0a3?s=96&d=mm&r=g\",\"url\":\"https:\\\/\\\/secure.gravatar.com\\\/avatar\\\/1881429e9c64597c77ad7aef2d0a19be69a3253e57534d16aa15bf3a4d34a0a3?s=96&d=mm&r=g\",\"contentUrl\":\"https:\\\/\\\/secure.gravatar.com\\\/avatar\\\/1881429e9c64597c77ad7aef2d0a19be69a3253e57534d16aa15bf3a4d34a0a3?s=96&d=mm&r=g\",\"caption\":\"\u017baneta Mrozek-Siewierska\"},\"url\":\"https:\\\/\\\/www.24gliwice.pl\\\/wiadomosci\\\/author\\\/zms\\\/\"}]}<\/script>\n<!-- \/ Yoast SEO plugin. -->","yoast_head_json":{"title":"Wybrane niedziele b\u0119d\u0105 wolne od handlu, ale to centrum handlowe i tak zostanie otwarte - 24GLIWICE - Portal Gliwice | codziennie nowe informacje","robots":{"index":"index","follow":"follow","max-snippet":"max-snippet:-1","max-image-preview":"max-image-preview:large","max-video-preview":"max-video-preview:-1"},"canonical":"https:\/\/www.24gliwice.pl\/wiadomosci\/wybrane-niedziele-beda-wolne-od-handlu-ale-to-centrum-handlowe-i-tak-zostanie-otwarte\/","og_locale":"pl_PL","og_type":"article","og_title":"Wybrane niedziele b\u0119d\u0105 wolne od handlu, ale to centrum handlowe i tak zostanie otwarte - 24GLIWICE - Portal Gliwice | codziennie nowe informacje","og_description":"Od marca obowi\u0105zywa\u0107 b\u0119dzie zakaz handlu w wybrane niedziele miesi\u0105ca. W odpowiedzi na wprowadzone przepisy centra handlowe przygotowuj\u0105 si\u0119 do dzia\u0142ania w nowych warunkach. W dni \u015bwi\u0105t religijnych i pa\u0144stwowych, a tak\u017ce w niekt\u00f3re niedziele, nie mo\u017cna b\u0119dzie prowadzi\u0107 stacjonarnej sprzeda\u017cy. To jednak nie oznacza, \u017ce centra handlowe b\u0119d\u0105 nieczynne. Otworz\u0105 si\u0119 zw\u0142aszcza te, w [&hellip;]","og_url":"https:\/\/www.24gliwice.pl\/wiadomosci\/wybrane-niedziele-beda-wolne-od-handlu-ale-to-centrum-handlowe-i-tak-zostanie-otwarte\/","og_site_name":"24GLIWICE - Portal Gliwice | codziennie nowe informacje","article_publisher":"https:\/\/www.facebook.com\/24gliwice","article_published_time":"2018-02-20T13:36:57+00:00","og_image":[{"width":810,"height":456,"url":"https:\/\/www.24gliwice.pl\/wiadomosci\/wp-content\/uploads\/2018\/02\/KKrzeminski_fORUM-e1519131944378.jpg","type":"image\/jpeg"}],"author":"\u017baneta Mrozek-Siewierska","twitter_card":"summary_large_image","twitter_creator":"@24gliwice","twitter_site":"@24gliwice","twitter_misc":{"Napisane przez":"\u017baneta Mrozek-Siewierska","Szacowany czas czytania":"1 minuta"},"schema":{"@context":"https:\/\/schema.org","@graph":[{"@type":"Article","@id":"https:\/\/www.24gliwice.pl\/wiadomosci\/wybrane-niedziele-beda-wolne-od-handlu-ale-to-centrum-handlowe-i-tak-zostanie-otwarte\/#article","isPartOf":{"@id":"https:\/\/www.24gliwice.pl\/wiadomosci\/wybrane-niedziele-beda-wolne-od-handlu-ale-to-centrum-handlowe-i-tak-zostanie-otwarte\/"},"author":{"name":"\u017baneta Mrozek-Siewierska","@id":"https:\/\/www.24gliwice.pl\/wiadomosci\/#\/schema\/person\/e42c650edd7f2fa332be3811fb166b6e"},"headline":"Wybrane niedziele b\u0119d\u0105 wolne od handlu, ale to centrum handlowe i tak zostanie otwarte","datePublished":"2018-02-20T13:36:57+00:00","mainEntityOfPage":{"@id":"https:\/\/www.24gliwice.pl\/wiadomosci\/wybrane-niedziele-beda-wolne-od-handlu-ale-to-centrum-handlowe-i-tak-zostanie-otwarte\/"},"wordCount":245,"commentCount":0,"publisher":{"@id":"https:\/\/www.24gliwice.pl\/wiadomosci\/#organization"},"image":{"@id":"https:\/\/www.24gliwice.pl\/wiadomosci\/wybrane-niedziele-beda-wolne-od-handlu-ale-to-centrum-handlowe-i-tak-zostanie-otwarte\/#primaryimage"},"thumbnailUrl":"https:\/\/www.24gliwice.pl\/wiadomosci\/wp-content\/uploads\/2018\/02\/KKrzeminski_fORUM-e1519131944378.jpg","keywords":["CENTRUM HANDLOWE","CH FORUM","niedziela","zakaz handlu","zakaz handlu w niedziel\u0119"],"articleSection":["Gliwice","Najnowsze wiadomo\u015bci"],"inLanguage":"pl-PL","potentialAction":[{"@type":"CommentAction","name":"Comment","target":["https:\/\/www.24gliwice.pl\/wiadomosci\/wybrane-niedziele-beda-wolne-od-handlu-ale-to-centrum-handlowe-i-tak-zostanie-otwarte\/#respond"]}]},{"@type":"WebPage","@id":"https:\/\/www.24gliwice.pl\/wiadomosci\/wybrane-niedziele-beda-wolne-od-handlu-ale-to-centrum-handlowe-i-tak-zostanie-otwarte\/","url":"https:\/\/www.24gliwice.pl\/wiadomosci\/wybrane-niedziele-beda-wolne-od-handlu-ale-to-centrum-handlowe-i-tak-zostanie-otwarte\/","name":"Wybrane niedziele b\u0119d\u0105 wolne od handlu, ale to centrum handlowe i tak zostanie otwarte - 24GLIWICE - Portal Gliwice | codziennie nowe informacje","isPartOf":{"@id":"https:\/\/www.24gliwice.pl\/wiadomosci\/#website"},"primaryImageOfPage":{"@id":"https:\/\/www.24gliwice.pl\/wiadomosci\/wybrane-niedziele-beda-wolne-od-handlu-ale-to-centrum-handlowe-i-tak-zostanie-otwarte\/#primaryimage"},"image":{"@id":"https:\/\/www.24gliwice.pl\/wiadomosci\/wybrane-niedziele-beda-wolne-od-handlu-ale-to-centrum-handlowe-i-tak-zostanie-otwarte\/#primaryimage"},"thumbnailUrl":"https:\/\/www.24gliwice.pl\/wiadomosci\/wp-content\/uploads\/2018\/02\/KKrzeminski_fORUM-e1519131944378.jpg","datePublished":"2018-02-20T13:36:57+00:00","breadcrumb":{"@id":"https:\/\/www.24gliwice.pl\/wiadomosci\/wybrane-niedziele-beda-wolne-od-handlu-ale-to-centrum-handlowe-i-tak-zostanie-otwarte\/#breadcrumb"},"inLanguage":"pl-PL","potentialAction":[{"@type":"ReadAction","target":["https:\/\/www.24gliwice.pl\/wiadomosci\/wybrane-niedziele-beda-wolne-od-handlu-ale-to-centrum-handlowe-i-tak-zostanie-otwarte\/"]}]},{"@type":"ImageObject","inLanguage":"pl-PL","@id":"https:\/\/www.24gliwice.pl\/wiadomosci\/wybrane-niedziele-beda-wolne-od-handlu-ale-to-centrum-handlowe-i-tak-zostanie-otwarte\/#primaryimage","url":"https:\/\/www.24gliwice.pl\/wiadomosci\/wp-content\/uploads\/2018\/02\/KKrzeminski_fORUM-e1519131944378.jpg","contentUrl":"https:\/\/www.24gliwice.pl\/wiadomosci\/wp-content\/uploads\/2018\/02\/KKrzeminski_fORUM-e1519131944378.jpg","width":810,"height":456,"caption":"fot. K. Krzemi\u0144ski"},{"@type":"BreadcrumbList","@id":"https:\/\/www.24gliwice.pl\/wiadomosci\/wybrane-niedziele-beda-wolne-od-handlu-ale-to-centrum-handlowe-i-tak-zostanie-otwarte\/#breadcrumb","itemListElement":[{"@type":"ListItem","position":1,"name":"Strona g\u0142\u00f3wna","item":"https:\/\/www.24gliwice.pl\/wiadomosci\/"},{"@type":"ListItem","position":2,"name":"Wybrane niedziele b\u0119d\u0105 wolne od handlu, ale to centrum handlowe i tak zostanie otwarte"}]},{"@type":"WebSite","@id":"https:\/\/www.24gliwice.pl\/wiadomosci\/#website","url":"https:\/\/www.24gliwice.pl\/wiadomosci\/","name":"24GLIWICE - Portal Gliwice | codziennie nowe wiadomo\u015bci","description":"Portal Miejski Gliwice","publisher":{"@id":"https:\/\/www.24gliwice.pl\/wiadomosci\/#organization"},"potentialAction":[{"@type":"SearchAction","target":{"@type":"EntryPoint","urlTemplate":"https:\/\/www.24gliwice.pl\/wiadomosci\/?s={search_term_string}"},"query-input":{"@type":"PropertyValueSpecification","valueRequired":true,"valueName":"search_term_string"}}],"inLanguage":"pl-PL"},{"@type":"Organization","@id":"https:\/\/www.24gliwice.pl\/wiadomosci\/#organization","name":"24gliwice","url":"https:\/\/www.24gliwice.pl\/wiadomosci\/","logo":{"@type":"ImageObject","inLanguage":"pl-PL","@id":"https:\/\/www.24gliwice.pl\/wiadomosci\/#\/schema\/logo\/image\/","url":"https:\/\/www.24gliwice.pl\/wiadomosci\/wp-content\/uploads\/2024\/10\/24gliwice-logo-696.jpg","contentUrl":"https:\/\/www.24gliwice.pl\/wiadomosci\/wp-content\/uploads\/2024\/10\/24gliwice-logo-696.jpg","width":696,"height":696,"caption":"24gliwice"},"image":{"@id":"https:\/\/www.24gliwice.pl\/wiadomosci\/#\/schema\/logo\/image\/"},"sameAs":["https:\/\/www.facebook.com\/24gliwice","https:\/\/x.com\/24gliwice","https:\/\/www.youtube.com\/@24gliwice"]},{"@type":"Person","@id":"https:\/\/www.24gliwice.pl\/wiadomosci\/#\/schema\/person\/e42c650edd7f2fa332be3811fb166b6e","name":"\u017baneta Mrozek-Siewierska","image":{"@type":"ImageObject","inLanguage":"pl-PL","@id":"https:\/\/secure.gravatar.com\/avatar\/1881429e9c64597c77ad7aef2d0a19be69a3253e57534d16aa15bf3a4d34a0a3?s=96&d=mm&r=g","url":"https:\/\/secure.gravatar.com\/avatar\/1881429e9c64597c77ad7aef2d0a19be69a3253e57534d16aa15bf3a4d34a0a3?s=96&d=mm&r=g","contentUrl":"https:\/\/secure.gravatar.com\/avatar\/1881429e9c64597c77ad7aef2d0a19be69a3253e57534d16aa15bf3a4d34a0a3?s=96&d=mm&r=g","caption":"\u017baneta Mrozek-Siewierska"},"url":"https:\/\/www.24gliwice.pl\/wiadomosci\/author\/zms\/"}]}},"_links":{"self":[{"href":"https:\/\/www.24gliwice.pl\/wiadomosci\/wp-json\/wp\/v2\/posts\/112772","targetHints":{"allow":["GET"]}}],"collection":[{"href":"https:\/\/www.24gliwice.pl\/wiadomosci\/wp-json\/wp\/v2\/posts"}],"about":[{"href":"https:\/\/www.24gliwice.pl\/wiadomosci\/wp-json\/wp\/v2\/types\/post"}],"author":[{"embeddable":true,"href":"https:\/\/www.24gliwice.pl\/wiadomosci\/wp-json\/wp\/v2\/users\/15"}],"replies":[{"embeddable":true,"href":"https:\/\/www.24gliwice.pl\/wiadomosci\/wp-json\/wp\/v2\/comments?post=112772"}],"version-history":[{"count":0,"href":"https:\/\/www.24gliwice.pl\/wiadomosci\/wp-json\/wp\/v2\/posts\/112772\/revisions"}],"wp:featuredmedia":[{"embeddable":true,"href":"https:\/\/www.24gliwice.pl\/wiadomosci\/wp-json\/wp\/v2\/media\/112776"}],"wp:attachment":[{"href":"https:\/\/www.24gliwice.pl\/wiadomosci\/wp-json\/wp\/v2\/media?parent=112772"}],"wp:term":[{"taxonomy":"category","embeddable":true,"href":"https:\/\/www.24gliwice.pl\/wiadomosci\/wp-json\/wp\/v2\/categories?post=112772"},{"taxonomy":"post_tag","embeddable":true,"href":"https:\/\/www.24gliwice.pl\/wiadomosci\/wp-json\/wp\/v2\/tags?post=112772"}],"curies":[{"name":"wp","href":"https:\/\/api.w.org\/{rel}","templated":true}]}}