{"id":112965,"date":"2018-02-24T02:21:26","date_gmt":"2018-02-24T01:21:26","guid":{"rendered":"http:\/\/www.24gliwice.pl\/wiadomosci\/?p=112965"},"modified":"2022-11-10T03:09:08","modified_gmt":"2022-11-10T02:09:08","slug":"nowe-nazwy-ulic-dlaczego-wlasnie-takie-wybory-komisarz-wojewoda-slaski-w-studiu-24gliwice","status":"publish","type":"post","link":"https:\/\/www.24gliwice.pl\/wiadomosci\/nowe-nazwy-ulic-dlaczego-wlasnie-takie-wybory-komisarz-wojewoda-slaski-w-studiu-24gliwice\/","title":{"rendered":"Jaros\u0142aw Wieczorek, wojewoda \u015bl\u0105ski. Nowe nazwy ulic, dlaczego w\u0142a\u015bnie takie? Wybory, komisarz&#8230;"},"content":{"rendered":"<div class=\"gliwi-a6-nad-leadem-artykulow gliwi-entity-placement\" id=\"gliwi-1130055048\"><div class=\"gliwi-adlabel\"><span style=\"font-size: 9px\">REKLAMA<\/span><\/div><div id=\"gliwi-4231198630\" style=\"margin-bottom: 30px;margin-left: auto;margin-right: auto;text-align: center;\"><a data-no-instant=\"1\" href=\"https:\/\/przedszkole.halogen.org.pl\/\" rel=\"noopener\" class=\"a2t-link\" target=\"_blank\" aria-label=\"20260402-ANIMATOR-przedszkole_grafika_750x200\"><img loading=\"lazy\" decoding=\"async\" src=\"https:\/\/www.24gliwice.pl\/wiadomosci\/wp-content\/uploads\/2026\/04\/20260402-ANIMATOR-przedszkole_grafika_750x200.webp\" alt=\"\"  srcset=\"https:\/\/www.24gliwice.pl\/wiadomosci\/wp-content\/uploads\/2026\/04\/20260402-ANIMATOR-przedszkole_grafika_750x200.webp 750w, https:\/\/www.24gliwice.pl\/wiadomosci\/wp-content\/uploads\/2026\/04\/20260402-ANIMATOR-przedszkole_grafika_750x200-410x109.webp 410w\" sizes=\"(max-width: 750px) 100vw, 750px\" class=\"no-lazyload\" width=\"750\" height=\"200\"  style=\"display: inline-block; max-width: 100%; height: auto;\" \/><\/a><\/div><\/div><p><iframe loading=\"lazy\" width=\"560\" height=\"315\" src=\"https:\/\/www.youtube.com\/embed\/3FXGgE7hzY8\" frameborder=\"0\" allow=\"autoplay; encrypted-media\" allowfullscreen><\/iframe><\/p>\n<h3>W programie &#8220;Go\u015b\u0107 Dnia&#8221; rozmawiamy z wojewod\u0105 \u015bl\u0105skim, Jaros\u0142awem Wieczorkiem. Zapytali\u015bmy m.in. o dekomunizacj\u0119 nazw ulic, o kontrowersje wok\u00f3\u0142 mianowania komisarza w So\u015bnicowicach oraz o zbli\u017caj\u0105ce si\u0119 wybory prezydenckie w Gliwicach.<\/h3>\n<p><strong>O konsultowaniu nowych nazw ulic.<\/strong><br \/>\n&#8211; Samorz\u0105d przez 12 miesi\u0119cy mia\u0142 prawo, \u017ceby dokona\u0107 zmian nazw ulic wedle w\u0142asnego uznania, mog\u0105c przeprowadza\u0107 konsultacje na gigantyczn\u0105 skal\u0119. Wojewoda jest organem, kt\u00f3ry musia\u0142 to wykona\u0107 w spos\u00f3b zast\u0119pczy, w bardzo kr\u00f3tkim czasie, po uzyskaniu opinii IPN w obszarze ca\u0142ego wojew\u00f3dztwa. <\/p>\n<p><strong>O zmianie nazwy ul. Tadeusza Gruszczy\u0144skiego.<\/strong><br \/>\n&#8211; Jest uprawdopodobnione, \u017ce si\u0119 tutaj wiele nie zmieni. Czekam jeszcze przede wszystkim na wyja\u015bnienie okoliczno\u015bci \u015bmierci (Tadeusza Gruszczy\u0144skiego &#8211; red.), bo tutaj nie ma jednoznacznej informacji historycznej. <\/p><div class=\"gliwi-a3-w-tresci-artykulow gliwi-entity-placement\" id=\"gliwi-110617119\"><div class=\"gliwi-adlabel\"><span style=\"font-size: 9px\">REKLAMA<\/span><\/div><div id=\"gliwi-578746538\" style=\"margin-bottom: 30px;margin-left: auto;margin-right: auto;text-align: center;\"><a data-no-instant=\"1\" href=\"https:\/\/zlobek.halogen.org.pl\/\" rel=\"noopener\" class=\"a2t-link\" target=\"_blank\" aria-label=\"animator-zlobek_750x200\"><img loading=\"lazy\" decoding=\"async\" src=\"https:\/\/www.24gliwice.pl\/wiadomosci\/wp-content\/uploads\/2026\/02\/animator-zlobek_750x200.webp\" alt=\"\"  srcset=\"https:\/\/www.24gliwice.pl\/wiadomosci\/wp-content\/uploads\/2026\/02\/animator-zlobek_750x200.webp 750w, https:\/\/www.24gliwice.pl\/wiadomosci\/wp-content\/uploads\/2026\/02\/animator-zlobek_750x200-410x109.webp 410w\" sizes=\"(max-width: 750px) 100vw, 750px\" class=\"no-lazyload\" width=\"750\" height=\"200\"  style=\"display: inline-block; max-width: 100%; height: auto;\" \/><\/a><\/div><\/div>\n<p><strong>O wyborze nowej nazwy ulicy Wieczorka.<\/strong><br \/>\n&#8211; Ojciec Jan Siemi\u0144ski to wybitna osobowo\u015b\u0107, kt\u00f3ra odcisn\u0119\u0142a najwi\u0119ksze pi\u0119tno w tym rejonie. To by\u0142 cz\u0142owiek absolutnie zas\u0142u\u017cony, nie tylko w pos\u0142udze kap\u0142a\u0144skiej, ale te\u017c w walce z re\u017cimem. <\/p>\n<p><strong>O uhonorowaniu wybitnych gliwiczan, m.in. Oscara Troplowitza i Karla Schabika.<\/strong><br \/>\n&#8211; To niewykluczone, ale jak poka\u017c\u0119 wszystkie propozycje, kt\u00f3re sp\u0142ywaj\u0105, to takich nie ma od mieszka\u0144c\u00f3w. (&#8230;) Na dzisiaj mog\u0119 powiedzie\u0107, \u017ce prawie 100 procent nazw to jest wy\u0142\u0105cznie wola mieszka\u0144c\u00f3w Gliwic wyra\u017cana w formie pisemnej zg\u0142aszanej do wojewody.<\/p>\n<p><em>Rozmow\u0119 prowadzi\u0142: Micha\u0142 Szewczyk<\/em><\/p>\n<div class=\"gliwi-a5-na-koncu-artykulow gliwi-entity-placement\" id=\"gliwi-4047693479\"><div class=\"gliwi-adlabel\"><span style=\"font-size: 9px\">REKLAMA<\/span><\/div><div id=\"gliwi-3505057892\" style=\"margin-left: auto;margin-right: auto;text-align: center;\"><a data-no-instant=\"1\" href=\"https:\/\/www.jasek.pl\/\" rel=\"noopener\" class=\"a2t-link\" target=\"_blank\" aria-label=\"20200401-jasek 600\"><img loading=\"lazy\" decoding=\"async\" src=\"https:\/\/www.24gliwice.pl\/wiadomosci\/wp-content\/uploads\/2020\/04\/20200401-jasek-600.jpg\" alt=\"\"  srcset=\"https:\/\/www.24gliwice.pl\/wiadomosci\/wp-content\/uploads\/2020\/04\/20200401-jasek-600.jpg 600w, https:\/\/www.24gliwice.pl\/wiadomosci\/wp-content\/uploads\/2020\/04\/20200401-jasek-600-410x109.jpg 410w\" sizes=\"(max-width: 600px) 100vw, 600px\" class=\"no-lazyload\" width=\"600\" height=\"160\"  style=\"display: inline-block; max-width: 100%; height: auto;\" \/><\/a><\/div><\/div>","protected":false},"excerpt":{"rendered":"<p>W programie &#8220;Go\u015b\u0107 Dnia&#8221; rozmawiamy z wojewod\u0105 \u015bl\u0105skim, Jaros\u0142awem Wieczorkiem. Zapytali\u015bmy m.in. o dekomunizacj\u0119 nazw ulic, o kontrowersje wok\u00f3\u0142 mianowania komisarza w So\u015bnicowicach oraz o zbli\u017caj\u0105ce si\u0119 wybory prezydenckie w Gliwicach. O konsultowaniu nowych nazw ulic. &#8211; Samorz\u0105d przez 12 miesi\u0119cy mia\u0142 prawo, \u017ceby dokona\u0107 zmian nazw ulic wedle w\u0142asnego uznania, mog\u0105c przeprowadza\u0107 konsultacje na [&hellip;]<\/p>\n","protected":false},"author":4,"featured_media":112975,"comment_status":"open","ping_status":"closed","sticky":false,"template":"","format":"video","meta":{"_monsterinsights_skip_tracking":false,"_monsterinsights_sitenote_active":false,"_monsterinsights_sitenote_note":"","_monsterinsights_sitenote_category":0,"footnotes":"","_links_to":"","_links_to_target":""},"categories":[3,83,1,9,7144,8,4],"tags":[688,11630],"class_list":["post-112965","post","type-post","status-publish","format-video","has-post-thumbnail","hentry","category-gliwice","category-gosc_dnia","category-wszystko","category-aktualnosci_lokalne","category-publicystyka_tv","category-samorzad_polityka","category-telewizja-gliwice","tag-jaroslaw-wieczorek","tag-wojewoda-slaski","post_format-post-format-video"],"yoast_head":"<!-- This site is optimized with the Yoast SEO plugin v27.5 - https:\/\/yoast.com\/product\/yoast-seo-wordpress\/ -->\n<title>Jaros\u0142aw Wieczorek, wojewoda \u015bl\u0105ski. Nowe nazwy ulic, dlaczego w\u0142a\u015bnie takie? Wybory, komisarz... - 24GLIWICE - Portal Gliwice | codziennie nowe informacje<\/title>\n<meta name=\"robots\" content=\"index, follow, max-snippet:-1, max-image-preview:large, max-video-preview:-1\" \/>\n<link rel=\"canonical\" href=\"https:\/\/www.24gliwice.pl\/wiadomosci\/nowe-nazwy-ulic-dlaczego-wlasnie-takie-wybory-komisarz-wojewoda-slaski-w-studiu-24gliwice\/\" \/>\n<meta property=\"og:locale\" content=\"pl_PL\" \/>\n<meta property=\"og:type\" content=\"article\" \/>\n<meta property=\"og:title\" content=\"Jaros\u0142aw Wieczorek, wojewoda \u015bl\u0105ski. Nowe nazwy ulic, dlaczego w\u0142a\u015bnie takie? Wybory, komisarz... - 24GLIWICE - Portal Gliwice | codziennie nowe informacje\" \/>\n<meta property=\"og:description\" content=\"W programie &#8220;Go\u015b\u0107 Dnia&#8221; rozmawiamy z wojewod\u0105 \u015bl\u0105skim, Jaros\u0142awem Wieczorkiem. Zapytali\u015bmy m.in. o dekomunizacj\u0119 nazw ulic, o kontrowersje wok\u00f3\u0142 mianowania komisarza w So\u015bnicowicach oraz o zbli\u017caj\u0105ce si\u0119 wybory prezydenckie w Gliwicach. O konsultowaniu nowych nazw ulic. &#8211; Samorz\u0105d przez 12 miesi\u0119cy mia\u0142 prawo, \u017ceby dokona\u0107 zmian nazw ulic wedle w\u0142asnego uznania, mog\u0105c przeprowadza\u0107 konsultacje na [&hellip;]\" \/>\n<meta property=\"og:url\" content=\"https:\/\/www.24gliwice.pl\/wiadomosci\/nowe-nazwy-ulic-dlaczego-wlasnie-takie-wybory-komisarz-wojewoda-slaski-w-studiu-24gliwice\/\" \/>\n<meta property=\"og:site_name\" content=\"24GLIWICE - Portal Gliwice | codziennie nowe informacje\" \/>\n<meta property=\"article:publisher\" content=\"https:\/\/www.facebook.com\/24gliwice\" \/>\n<meta property=\"article:author\" content=\"https:\/\/www.facebook.com\/marcin.fabrykowski\" \/>\n<meta property=\"article:published_time\" content=\"2018-02-24T01:21:26+00:00\" \/>\n<meta property=\"article:modified_time\" content=\"2022-11-10T02:09:08+00:00\" \/>\n<meta property=\"og:image\" content=\"https:\/\/www.24gliwice.pl\/wiadomosci\/wp-content\/uploads\/2018\/02\/1-wieczorek-szewczyk-gosc-dnia.jpg\" \/>\n\t<meta property=\"og:image:width\" content=\"810\" \/>\n\t<meta property=\"og:image:height\" content=\"456\" \/>\n\t<meta property=\"og:image:type\" content=\"image\/jpeg\" \/>\n<meta name=\"author\" content=\"Marcin Fabrykowski\" \/>\n<meta name=\"twitter:card\" content=\"summary_large_image\" \/>\n<meta name=\"twitter:creator\" content=\"@24gliwice\" \/>\n<meta name=\"twitter:site\" content=\"@24gliwice\" \/>\n<meta name=\"twitter:label1\" content=\"Napisane przez\" \/>\n\t<meta name=\"twitter:data1\" content=\"Marcin Fabrykowski\" \/>\n\t<meta name=\"twitter:label2\" content=\"Szacowany czas czytania\" \/>\n\t<meta name=\"twitter:data2\" content=\"1 minuta\" \/>\n<script type=\"application\/ld+json\" class=\"yoast-schema-graph\">{\"@context\":\"https:\\\/\\\/schema.org\",\"@graph\":[{\"@type\":\"Article\",\"@id\":\"https:\\\/\\\/www.24gliwice.pl\\\/wiadomosci\\\/nowe-nazwy-ulic-dlaczego-wlasnie-takie-wybory-komisarz-wojewoda-slaski-w-studiu-24gliwice\\\/#article\",\"isPartOf\":{\"@id\":\"https:\\\/\\\/www.24gliwice.pl\\\/wiadomosci\\\/nowe-nazwy-ulic-dlaczego-wlasnie-takie-wybory-komisarz-wojewoda-slaski-w-studiu-24gliwice\\\/\"},\"author\":{\"name\":\"Marcin Fabrykowski\",\"@id\":\"https:\\\/\\\/www.24gliwice.pl\\\/wiadomosci\\\/#\\\/schema\\\/person\\\/cb5857e4a4d048c15984c1edcc8ef0c0\"},\"headline\":\"Jaros\u0142aw Wieczorek, wojewoda \u015bl\u0105ski. Nowe nazwy ulic, dlaczego w\u0142a\u015bnie takie? Wybory, komisarz&#8230;\",\"datePublished\":\"2018-02-24T01:21:26+00:00\",\"dateModified\":\"2022-11-10T02:09:08+00:00\",\"mainEntityOfPage\":{\"@id\":\"https:\\\/\\\/www.24gliwice.pl\\\/wiadomosci\\\/nowe-nazwy-ulic-dlaczego-wlasnie-takie-wybory-komisarz-wojewoda-slaski-w-studiu-24gliwice\\\/\"},\"wordCount\":258,\"commentCount\":0,\"publisher\":{\"@id\":\"https:\\\/\\\/www.24gliwice.pl\\\/wiadomosci\\\/#organization\"},\"image\":{\"@id\":\"https:\\\/\\\/www.24gliwice.pl\\\/wiadomosci\\\/nowe-nazwy-ulic-dlaczego-wlasnie-takie-wybory-komisarz-wojewoda-slaski-w-studiu-24gliwice\\\/#primaryimage\"},\"thumbnailUrl\":\"https:\\\/\\\/www.24gliwice.pl\\\/wiadomosci\\\/wp-content\\\/uploads\\\/2018\\\/02\\\/1-wieczorek-szewczyk-gosc-dnia.jpg\",\"keywords\":[\"JAROS\u0141AW WIECZOREK\",\"wojewoda \u015bl\u0105ski\"],\"articleSection\":[\"Gliwice\",\"Go\u015b\u0107 Dnia\",\"Najnowsze wiadomo\u015bci\",\"Portal Gliwice - Wiadomo\u015bci lokalne\",\"Publicystyka\",\"Samorz\u0105d, polityka\",\"Telewizja, materia\u0142y wideo\"],\"inLanguage\":\"pl-PL\",\"potentialAction\":[{\"@type\":\"CommentAction\",\"name\":\"Comment\",\"target\":[\"https:\\\/\\\/www.24gliwice.pl\\\/wiadomosci\\\/nowe-nazwy-ulic-dlaczego-wlasnie-takie-wybory-komisarz-wojewoda-slaski-w-studiu-24gliwice\\\/#respond\"]}]},{\"@type\":\"WebPage\",\"@id\":\"https:\\\/\\\/www.24gliwice.pl\\\/wiadomosci\\\/nowe-nazwy-ulic-dlaczego-wlasnie-takie-wybory-komisarz-wojewoda-slaski-w-studiu-24gliwice\\\/\",\"url\":\"https:\\\/\\\/www.24gliwice.pl\\\/wiadomosci\\\/nowe-nazwy-ulic-dlaczego-wlasnie-takie-wybory-komisarz-wojewoda-slaski-w-studiu-24gliwice\\\/\",\"name\":\"Jaros\u0142aw Wieczorek, wojewoda \u015bl\u0105ski. Nowe nazwy ulic, dlaczego w\u0142a\u015bnie takie? Wybory, komisarz... - 24GLIWICE - Portal Gliwice | codziennie nowe informacje\",\"isPartOf\":{\"@id\":\"https:\\\/\\\/www.24gliwice.pl\\\/wiadomosci\\\/#website\"},\"primaryImageOfPage\":{\"@id\":\"https:\\\/\\\/www.24gliwice.pl\\\/wiadomosci\\\/nowe-nazwy-ulic-dlaczego-wlasnie-takie-wybory-komisarz-wojewoda-slaski-w-studiu-24gliwice\\\/#primaryimage\"},\"image\":{\"@id\":\"https:\\\/\\\/www.24gliwice.pl\\\/wiadomosci\\\/nowe-nazwy-ulic-dlaczego-wlasnie-takie-wybory-komisarz-wojewoda-slaski-w-studiu-24gliwice\\\/#primaryimage\"},\"thumbnailUrl\":\"https:\\\/\\\/www.24gliwice.pl\\\/wiadomosci\\\/wp-content\\\/uploads\\\/2018\\\/02\\\/1-wieczorek-szewczyk-gosc-dnia.jpg\",\"datePublished\":\"2018-02-24T01:21:26+00:00\",\"dateModified\":\"2022-11-10T02:09:08+00:00\",\"breadcrumb\":{\"@id\":\"https:\\\/\\\/www.24gliwice.pl\\\/wiadomosci\\\/nowe-nazwy-ulic-dlaczego-wlasnie-takie-wybory-komisarz-wojewoda-slaski-w-studiu-24gliwice\\\/#breadcrumb\"},\"inLanguage\":\"pl-PL\",\"potentialAction\":[{\"@type\":\"ReadAction\",\"target\":[\"https:\\\/\\\/www.24gliwice.pl\\\/wiadomosci\\\/nowe-nazwy-ulic-dlaczego-wlasnie-takie-wybory-komisarz-wojewoda-slaski-w-studiu-24gliwice\\\/\"]}]},{\"@type\":\"ImageObject\",\"inLanguage\":\"pl-PL\",\"@id\":\"https:\\\/\\\/www.24gliwice.pl\\\/wiadomosci\\\/nowe-nazwy-ulic-dlaczego-wlasnie-takie-wybory-komisarz-wojewoda-slaski-w-studiu-24gliwice\\\/#primaryimage\",\"url\":\"https:\\\/\\\/www.24gliwice.pl\\\/wiadomosci\\\/wp-content\\\/uploads\\\/2018\\\/02\\\/1-wieczorek-szewczyk-gosc-dnia.jpg\",\"contentUrl\":\"https:\\\/\\\/www.24gliwice.pl\\\/wiadomosci\\\/wp-content\\\/uploads\\\/2018\\\/02\\\/1-wieczorek-szewczyk-gosc-dnia.jpg\",\"width\":810,\"height\":456},{\"@type\":\"BreadcrumbList\",\"@id\":\"https:\\\/\\\/www.24gliwice.pl\\\/wiadomosci\\\/nowe-nazwy-ulic-dlaczego-wlasnie-takie-wybory-komisarz-wojewoda-slaski-w-studiu-24gliwice\\\/#breadcrumb\",\"itemListElement\":[{\"@type\":\"ListItem\",\"position\":1,\"name\":\"Strona g\u0142\u00f3wna\",\"item\":\"https:\\\/\\\/www.24gliwice.pl\\\/wiadomosci\\\/\"},{\"@type\":\"ListItem\",\"position\":2,\"name\":\"Jaros\u0142aw Wieczorek, wojewoda \u015bl\u0105ski. Nowe nazwy ulic, dlaczego w\u0142a\u015bnie takie? Wybory, komisarz&#8230;\"}]},{\"@type\":\"WebSite\",\"@id\":\"https:\\\/\\\/www.24gliwice.pl\\\/wiadomosci\\\/#website\",\"url\":\"https:\\\/\\\/www.24gliwice.pl\\\/wiadomosci\\\/\",\"name\":\"24GLIWICE - Portal Gliwice | codziennie nowe wiadomo\u015bci\",\"description\":\"Portal Miejski Gliwice\",\"publisher\":{\"@id\":\"https:\\\/\\\/www.24gliwice.pl\\\/wiadomosci\\\/#organization\"},\"potentialAction\":[{\"@type\":\"SearchAction\",\"target\":{\"@type\":\"EntryPoint\",\"urlTemplate\":\"https:\\\/\\\/www.24gliwice.pl\\\/wiadomosci\\\/?s={search_term_string}\"},\"query-input\":{\"@type\":\"PropertyValueSpecification\",\"valueRequired\":true,\"valueName\":\"search_term_string\"}}],\"inLanguage\":\"pl-PL\"},{\"@type\":\"Organization\",\"@id\":\"https:\\\/\\\/www.24gliwice.pl\\\/wiadomosci\\\/#organization\",\"name\":\"24gliwice\",\"url\":\"https:\\\/\\\/www.24gliwice.pl\\\/wiadomosci\\\/\",\"logo\":{\"@type\":\"ImageObject\",\"inLanguage\":\"pl-PL\",\"@id\":\"https:\\\/\\\/www.24gliwice.pl\\\/wiadomosci\\\/#\\\/schema\\\/logo\\\/image\\\/\",\"url\":\"https:\\\/\\\/www.24gliwice.pl\\\/wiadomosci\\\/wp-content\\\/uploads\\\/2024\\\/10\\\/24gliwice-logo-696.jpg\",\"contentUrl\":\"https:\\\/\\\/www.24gliwice.pl\\\/wiadomosci\\\/wp-content\\\/uploads\\\/2024\\\/10\\\/24gliwice-logo-696.jpg\",\"width\":696,\"height\":696,\"caption\":\"24gliwice\"},\"image\":{\"@id\":\"https:\\\/\\\/www.24gliwice.pl\\\/wiadomosci\\\/#\\\/schema\\\/logo\\\/image\\\/\"},\"sameAs\":[\"https:\\\/\\\/www.facebook.com\\\/24gliwice\",\"https:\\\/\\\/x.com\\\/24gliwice\",\"https:\\\/\\\/www.youtube.com\\\/@24gliwice\"]},{\"@type\":\"Person\",\"@id\":\"https:\\\/\\\/www.24gliwice.pl\\\/wiadomosci\\\/#\\\/schema\\\/person\\\/cb5857e4a4d048c15984c1edcc8ef0c0\",\"name\":\"Marcin Fabrykowski\",\"image\":{\"@type\":\"ImageObject\",\"inLanguage\":\"pl-PL\",\"@id\":\"https:\\\/\\\/www.24gliwice.pl\\\/wiadomosci\\\/wp-content\\\/uploads\\\/2025\\\/11\\\/zdjecie-moje-marcin-300-96x96.jpg\",\"url\":\"https:\\\/\\\/www.24gliwice.pl\\\/wiadomosci\\\/wp-content\\\/uploads\\\/2025\\\/11\\\/zdjecie-moje-marcin-300-96x96.jpg\",\"contentUrl\":\"https:\\\/\\\/www.24gliwice.pl\\\/wiadomosci\\\/wp-content\\\/uploads\\\/2025\\\/11\\\/zdjecie-moje-marcin-300-96x96.jpg\",\"caption\":\"Marcin Fabrykowski\"},\"sameAs\":[\"http:\\\/\\\/24gliwice.pl\",\"https:\\\/\\\/www.facebook.com\\\/marcin.fabrykowski\"],\"url\":\"https:\\\/\\\/www.24gliwice.pl\\\/wiadomosci\\\/author\\\/marcin-fabrykowski\\\/\"}]}<\/script>\n<!-- \/ Yoast SEO plugin. -->","yoast_head_json":{"title":"Jaros\u0142aw Wieczorek, wojewoda \u015bl\u0105ski. Nowe nazwy ulic, dlaczego w\u0142a\u015bnie takie? Wybory, komisarz... - 24GLIWICE - Portal Gliwice | codziennie nowe informacje","robots":{"index":"index","follow":"follow","max-snippet":"max-snippet:-1","max-image-preview":"max-image-preview:large","max-video-preview":"max-video-preview:-1"},"canonical":"https:\/\/www.24gliwice.pl\/wiadomosci\/nowe-nazwy-ulic-dlaczego-wlasnie-takie-wybory-komisarz-wojewoda-slaski-w-studiu-24gliwice\/","og_locale":"pl_PL","og_type":"article","og_title":"Jaros\u0142aw Wieczorek, wojewoda \u015bl\u0105ski. Nowe nazwy ulic, dlaczego w\u0142a\u015bnie takie? Wybory, komisarz... - 24GLIWICE - Portal Gliwice | codziennie nowe informacje","og_description":"W programie &#8220;Go\u015b\u0107 Dnia&#8221; rozmawiamy z wojewod\u0105 \u015bl\u0105skim, Jaros\u0142awem Wieczorkiem. Zapytali\u015bmy m.in. o dekomunizacj\u0119 nazw ulic, o kontrowersje wok\u00f3\u0142 mianowania komisarza w So\u015bnicowicach oraz o zbli\u017caj\u0105ce si\u0119 wybory prezydenckie w Gliwicach. O konsultowaniu nowych nazw ulic. &#8211; Samorz\u0105d przez 12 miesi\u0119cy mia\u0142 prawo, \u017ceby dokona\u0107 zmian nazw ulic wedle w\u0142asnego uznania, mog\u0105c przeprowadza\u0107 konsultacje na [&hellip;]","og_url":"https:\/\/www.24gliwice.pl\/wiadomosci\/nowe-nazwy-ulic-dlaczego-wlasnie-takie-wybory-komisarz-wojewoda-slaski-w-studiu-24gliwice\/","og_site_name":"24GLIWICE - Portal Gliwice | codziennie nowe informacje","article_publisher":"https:\/\/www.facebook.com\/24gliwice","article_author":"https:\/\/www.facebook.com\/marcin.fabrykowski","article_published_time":"2018-02-24T01:21:26+00:00","article_modified_time":"2022-11-10T02:09:08+00:00","og_image":[{"width":810,"height":456,"url":"https:\/\/www.24gliwice.pl\/wiadomosci\/wp-content\/uploads\/2018\/02\/1-wieczorek-szewczyk-gosc-dnia.jpg","type":"image\/jpeg"}],"author":"Marcin Fabrykowski","twitter_card":"summary_large_image","twitter_creator":"@24gliwice","twitter_site":"@24gliwice","twitter_misc":{"Napisane przez":"Marcin Fabrykowski","Szacowany czas czytania":"1 minuta"},"schema":{"@context":"https:\/\/schema.org","@graph":[{"@type":"Article","@id":"https:\/\/www.24gliwice.pl\/wiadomosci\/nowe-nazwy-ulic-dlaczego-wlasnie-takie-wybory-komisarz-wojewoda-slaski-w-studiu-24gliwice\/#article","isPartOf":{"@id":"https:\/\/www.24gliwice.pl\/wiadomosci\/nowe-nazwy-ulic-dlaczego-wlasnie-takie-wybory-komisarz-wojewoda-slaski-w-studiu-24gliwice\/"},"author":{"name":"Marcin Fabrykowski","@id":"https:\/\/www.24gliwice.pl\/wiadomosci\/#\/schema\/person\/cb5857e4a4d048c15984c1edcc8ef0c0"},"headline":"Jaros\u0142aw Wieczorek, wojewoda \u015bl\u0105ski. Nowe nazwy ulic, dlaczego w\u0142a\u015bnie takie? Wybory, komisarz&#8230;","datePublished":"2018-02-24T01:21:26+00:00","dateModified":"2022-11-10T02:09:08+00:00","mainEntityOfPage":{"@id":"https:\/\/www.24gliwice.pl\/wiadomosci\/nowe-nazwy-ulic-dlaczego-wlasnie-takie-wybory-komisarz-wojewoda-slaski-w-studiu-24gliwice\/"},"wordCount":258,"commentCount":0,"publisher":{"@id":"https:\/\/www.24gliwice.pl\/wiadomosci\/#organization"},"image":{"@id":"https:\/\/www.24gliwice.pl\/wiadomosci\/nowe-nazwy-ulic-dlaczego-wlasnie-takie-wybory-komisarz-wojewoda-slaski-w-studiu-24gliwice\/#primaryimage"},"thumbnailUrl":"https:\/\/www.24gliwice.pl\/wiadomosci\/wp-content\/uploads\/2018\/02\/1-wieczorek-szewczyk-gosc-dnia.jpg","keywords":["JAROS\u0141AW WIECZOREK","wojewoda \u015bl\u0105ski"],"articleSection":["Gliwice","Go\u015b\u0107 Dnia","Najnowsze wiadomo\u015bci","Portal Gliwice - Wiadomo\u015bci lokalne","Publicystyka","Samorz\u0105d, polityka","Telewizja, materia\u0142y wideo"],"inLanguage":"pl-PL","potentialAction":[{"@type":"CommentAction","name":"Comment","target":["https:\/\/www.24gliwice.pl\/wiadomosci\/nowe-nazwy-ulic-dlaczego-wlasnie-takie-wybory-komisarz-wojewoda-slaski-w-studiu-24gliwice\/#respond"]}]},{"@type":"WebPage","@id":"https:\/\/www.24gliwice.pl\/wiadomosci\/nowe-nazwy-ulic-dlaczego-wlasnie-takie-wybory-komisarz-wojewoda-slaski-w-studiu-24gliwice\/","url":"https:\/\/www.24gliwice.pl\/wiadomosci\/nowe-nazwy-ulic-dlaczego-wlasnie-takie-wybory-komisarz-wojewoda-slaski-w-studiu-24gliwice\/","name":"Jaros\u0142aw Wieczorek, wojewoda \u015bl\u0105ski. Nowe nazwy ulic, dlaczego w\u0142a\u015bnie takie? Wybory, komisarz... - 24GLIWICE - Portal Gliwice | codziennie nowe informacje","isPartOf":{"@id":"https:\/\/www.24gliwice.pl\/wiadomosci\/#website"},"primaryImageOfPage":{"@id":"https:\/\/www.24gliwice.pl\/wiadomosci\/nowe-nazwy-ulic-dlaczego-wlasnie-takie-wybory-komisarz-wojewoda-slaski-w-studiu-24gliwice\/#primaryimage"},"image":{"@id":"https:\/\/www.24gliwice.pl\/wiadomosci\/nowe-nazwy-ulic-dlaczego-wlasnie-takie-wybory-komisarz-wojewoda-slaski-w-studiu-24gliwice\/#primaryimage"},"thumbnailUrl":"https:\/\/www.24gliwice.pl\/wiadomosci\/wp-content\/uploads\/2018\/02\/1-wieczorek-szewczyk-gosc-dnia.jpg","datePublished":"2018-02-24T01:21:26+00:00","dateModified":"2022-11-10T02:09:08+00:00","breadcrumb":{"@id":"https:\/\/www.24gliwice.pl\/wiadomosci\/nowe-nazwy-ulic-dlaczego-wlasnie-takie-wybory-komisarz-wojewoda-slaski-w-studiu-24gliwice\/#breadcrumb"},"inLanguage":"pl-PL","potentialAction":[{"@type":"ReadAction","target":["https:\/\/www.24gliwice.pl\/wiadomosci\/nowe-nazwy-ulic-dlaczego-wlasnie-takie-wybory-komisarz-wojewoda-slaski-w-studiu-24gliwice\/"]}]},{"@type":"ImageObject","inLanguage":"pl-PL","@id":"https:\/\/www.24gliwice.pl\/wiadomosci\/nowe-nazwy-ulic-dlaczego-wlasnie-takie-wybory-komisarz-wojewoda-slaski-w-studiu-24gliwice\/#primaryimage","url":"https:\/\/www.24gliwice.pl\/wiadomosci\/wp-content\/uploads\/2018\/02\/1-wieczorek-szewczyk-gosc-dnia.jpg","contentUrl":"https:\/\/www.24gliwice.pl\/wiadomosci\/wp-content\/uploads\/2018\/02\/1-wieczorek-szewczyk-gosc-dnia.jpg","width":810,"height":456},{"@type":"BreadcrumbList","@id":"https:\/\/www.24gliwice.pl\/wiadomosci\/nowe-nazwy-ulic-dlaczego-wlasnie-takie-wybory-komisarz-wojewoda-slaski-w-studiu-24gliwice\/#breadcrumb","itemListElement":[{"@type":"ListItem","position":1,"name":"Strona g\u0142\u00f3wna","item":"https:\/\/www.24gliwice.pl\/wiadomosci\/"},{"@type":"ListItem","position":2,"name":"Jaros\u0142aw Wieczorek, wojewoda \u015bl\u0105ski. Nowe nazwy ulic, dlaczego w\u0142a\u015bnie takie? Wybory, komisarz&#8230;"}]},{"@type":"WebSite","@id":"https:\/\/www.24gliwice.pl\/wiadomosci\/#website","url":"https:\/\/www.24gliwice.pl\/wiadomosci\/","name":"24GLIWICE - Portal Gliwice | codziennie nowe wiadomo\u015bci","description":"Portal Miejski Gliwice","publisher":{"@id":"https:\/\/www.24gliwice.pl\/wiadomosci\/#organization"},"potentialAction":[{"@type":"SearchAction","target":{"@type":"EntryPoint","urlTemplate":"https:\/\/www.24gliwice.pl\/wiadomosci\/?s={search_term_string}"},"query-input":{"@type":"PropertyValueSpecification","valueRequired":true,"valueName":"search_term_string"}}],"inLanguage":"pl-PL"},{"@type":"Organization","@id":"https:\/\/www.24gliwice.pl\/wiadomosci\/#organization","name":"24gliwice","url":"https:\/\/www.24gliwice.pl\/wiadomosci\/","logo":{"@type":"ImageObject","inLanguage":"pl-PL","@id":"https:\/\/www.24gliwice.pl\/wiadomosci\/#\/schema\/logo\/image\/","url":"https:\/\/www.24gliwice.pl\/wiadomosci\/wp-content\/uploads\/2024\/10\/24gliwice-logo-696.jpg","contentUrl":"https:\/\/www.24gliwice.pl\/wiadomosci\/wp-content\/uploads\/2024\/10\/24gliwice-logo-696.jpg","width":696,"height":696,"caption":"24gliwice"},"image":{"@id":"https:\/\/www.24gliwice.pl\/wiadomosci\/#\/schema\/logo\/image\/"},"sameAs":["https:\/\/www.facebook.com\/24gliwice","https:\/\/x.com\/24gliwice","https:\/\/www.youtube.com\/@24gliwice"]},{"@type":"Person","@id":"https:\/\/www.24gliwice.pl\/wiadomosci\/#\/schema\/person\/cb5857e4a4d048c15984c1edcc8ef0c0","name":"Marcin Fabrykowski","image":{"@type":"ImageObject","inLanguage":"pl-PL","@id":"https:\/\/www.24gliwice.pl\/wiadomosci\/wp-content\/uploads\/2025\/11\/zdjecie-moje-marcin-300-96x96.jpg","url":"https:\/\/www.24gliwice.pl\/wiadomosci\/wp-content\/uploads\/2025\/11\/zdjecie-moje-marcin-300-96x96.jpg","contentUrl":"https:\/\/www.24gliwice.pl\/wiadomosci\/wp-content\/uploads\/2025\/11\/zdjecie-moje-marcin-300-96x96.jpg","caption":"Marcin Fabrykowski"},"sameAs":["http:\/\/24gliwice.pl","https:\/\/www.facebook.com\/marcin.fabrykowski"],"url":"https:\/\/www.24gliwice.pl\/wiadomosci\/author\/marcin-fabrykowski\/"}]}},"_links":{"self":[{"href":"https:\/\/www.24gliwice.pl\/wiadomosci\/wp-json\/wp\/v2\/posts\/112965","targetHints":{"allow":["GET"]}}],"collection":[{"href":"https:\/\/www.24gliwice.pl\/wiadomosci\/wp-json\/wp\/v2\/posts"}],"about":[{"href":"https:\/\/www.24gliwice.pl\/wiadomosci\/wp-json\/wp\/v2\/types\/post"}],"author":[{"embeddable":true,"href":"https:\/\/www.24gliwice.pl\/wiadomosci\/wp-json\/wp\/v2\/users\/4"}],"replies":[{"embeddable":true,"href":"https:\/\/www.24gliwice.pl\/wiadomosci\/wp-json\/wp\/v2\/comments?post=112965"}],"version-history":[{"count":0,"href":"https:\/\/www.24gliwice.pl\/wiadomosci\/wp-json\/wp\/v2\/posts\/112965\/revisions"}],"wp:featuredmedia":[{"embeddable":true,"href":"https:\/\/www.24gliwice.pl\/wiadomosci\/wp-json\/wp\/v2\/media\/112975"}],"wp:attachment":[{"href":"https:\/\/www.24gliwice.pl\/wiadomosci\/wp-json\/wp\/v2\/media?parent=112965"}],"wp:term":[{"taxonomy":"category","embeddable":true,"href":"https:\/\/www.24gliwice.pl\/wiadomosci\/wp-json\/wp\/v2\/categories?post=112965"},{"taxonomy":"post_tag","embeddable":true,"href":"https:\/\/www.24gliwice.pl\/wiadomosci\/wp-json\/wp\/v2\/tags?post=112965"}],"curies":[{"name":"wp","href":"https:\/\/api.w.org\/{rel}","templated":true}]}}