{"id":112980,"date":"2018-02-25T17:38:17","date_gmt":"2018-02-25T16:38:17","guid":{"rendered":"http:\/\/www.24gliwice.pl\/wiadomosci\/?p=112980"},"modified":"2024-08-20T02:00:51","modified_gmt":"2024-08-20T00:00:51","slug":"bezbramkowy-remis-przy-okrzei-piast-gliwice-wisla-krakow-00","status":"publish","type":"post","link":"https:\/\/www.24gliwice.pl\/wiadomosci\/bezbramkowy-remis-przy-okrzei-piast-gliwice-wisla-krakow-00\/","title":{"rendered":"Bezbramkowy remis przy Okrzei. Piast Gliwice &#8211; Wis\u0142a Krak\u00f3w 0:0"},"content":{"rendered":"<div class=\"gliwi-a6-nad-leadem-artykulow gliwi-entity-placement\" id=\"gliwi-785991533\"><div class=\"gliwi-adlabel\"><span style=\"font-size: 9px\">REKLAMA<\/span><\/div><div id=\"gliwi-2332691832\" style=\"margin-bottom: 30px;margin-left: auto;margin-right: auto;text-align: center;\"><a data-no-instant=\"1\" href=\"https:\/\/przedszkole.halogen.org.pl\/\" rel=\"noopener\" class=\"a2t-link\" target=\"_blank\" aria-label=\"20260402-ANIMATOR-przedszkole_grafika_750x200\"><img loading=\"lazy\" decoding=\"async\" src=\"https:\/\/www.24gliwice.pl\/wiadomosci\/wp-content\/uploads\/2026\/04\/20260402-ANIMATOR-przedszkole_grafika_750x200.webp\" alt=\"\"  srcset=\"https:\/\/www.24gliwice.pl\/wiadomosci\/wp-content\/uploads\/2026\/04\/20260402-ANIMATOR-przedszkole_grafika_750x200.webp 750w, https:\/\/www.24gliwice.pl\/wiadomosci\/wp-content\/uploads\/2026\/04\/20260402-ANIMATOR-przedszkole_grafika_750x200-410x109.webp 410w\" sizes=\"(max-width: 750px) 100vw, 750px\" class=\"no-lazyload\" width=\"750\" height=\"200\"  style=\"display: inline-block; max-width: 100%; height: auto;\" \/><\/a><\/div><\/div><h3>W niedzielnym spotkaniu 24. kolejki Lotto Ekstraklasy Piast Gliwice zremisowa\u0142 przed w\u0142asn\u0105 publiczno\u015bci\u0105 z Wis\u0142\u0105 Krak\u00f3w 0-0.<\/h3>\n<p>Mecz prowadzony by\u0142 w wolnym tempie. Gra toczy\u0142a si\u0119 g\u0142\u00f3wnie w \u015brodkowej strefie boiska. D\u0142u\u017cej przy pi\u0142ce utrzymywali si\u0119 go\u015bcie, ale pierwsi gro\u017aniej zaatakowali Niebiesko-Czerwoni. W 23. minucie strzela\u0142 Tomasz Jod\u0142owiec, ale jego uderzenie obroni\u0142 Micha\u0142 Buchalik. Chwil\u0119 p\u00f3\u017aniej w dobrych sytuacjach znale\u017ali si\u0119 Karol Angielski i Mateusz Szczepaniak, ale oni r\u00f3wnie\u017c nie potrafili zaskoczy\u0107 bramkarza Wis\u0142y.<\/p>\n<p>Na pocz\u0105tku drugiej po\u0142owy bliski zdobycia bramki by\u0142 Jesus Imaz, ale Jakub Czerwi\u0144ski popisa\u0142 si\u0119 skuteczn\u0105 interwencj\u0105 w defensywie i wybi\u0142 pi\u0142k\u0119 zmierzaj\u0105c\u0105 do siatki. W 63. minucie Piast m\u00f3g\u0142 wyj\u015b\u0107 na prowadzenie, jednak Szczepaniak przestrzeli\u0142.<\/p><div class=\"gliwi-a3-w-tresci-artykulow gliwi-entity-placement\" id=\"gliwi-664871943\"><div class=\"gliwi-adlabel\"><span style=\"font-size: 9px\">REKLAMA<\/span><\/div><div id=\"gliwi-3494082137\" style=\"margin-bottom: 30px;margin-left: auto;margin-right: auto;text-align: center;\"><a data-no-instant=\"1\" href=\"https:\/\/zlobek.halogen.org.pl\/\" rel=\"noopener\" class=\"a2t-link\" target=\"_blank\" aria-label=\"animator-zlobek_750x200\"><img loading=\"lazy\" decoding=\"async\" src=\"https:\/\/www.24gliwice.pl\/wiadomosci\/wp-content\/uploads\/2026\/02\/animator-zlobek_750x200.webp\" alt=\"\"  srcset=\"https:\/\/www.24gliwice.pl\/wiadomosci\/wp-content\/uploads\/2026\/02\/animator-zlobek_750x200.webp 750w, https:\/\/www.24gliwice.pl\/wiadomosci\/wp-content\/uploads\/2026\/02\/animator-zlobek_750x200-410x109.webp 410w\" sizes=\"(max-width: 750px) 100vw, 750px\" class=\"no-lazyload\" width=\"750\" height=\"200\"  style=\"display: inline-block; max-width: 100%; height: auto;\" \/><\/a><\/div><\/div>\n<p>W 74. minucie Uros Korun mocno uderzy\u0142 z powietrza, ale Buchalik zdo\u0142a\u0142 wybi\u0107 pi\u0142k\u0119. W ko\u0144c\u00f3wce okazj\u0119 mia\u0142 r\u00f3wnie\u017c Tom Hateley, jednak bramkarz Wis\u0142y nie da\u0142 si\u0119 pokona\u0107.<\/p>\n<p>Spotkanie zosta\u0142o rozegrane na Stadionie Miejskim w Gliwicach, na trybunach pojawi\u0142o si\u0119 3396 widz\u00f3w.<\/p>\n<h4>Piast Gliwice &#8211; Wis\u0142a Krak\u00f3w 0-0<\/h4>\n<p>Biuro Prasowe<br \/>\nGKS Piast SA <\/p>\n<div class=\"gliwi-a5-na-koncu-artykulow gliwi-entity-placement\" id=\"gliwi-2910830997\"><div class=\"gliwi-adlabel\"><span style=\"font-size: 9px\">REKLAMA<\/span><\/div><div id=\"gliwi-2427943839\" style=\"margin-left: auto;margin-right: auto;text-align: center;\"><a data-no-instant=\"1\" href=\"https:\/\/prezeroarenagliwice.pl\/\" rel=\"noopener\" class=\"a2t-link\" target=\"_blank\" aria-label=\"20260309-PREZERO-WIOSNA-D\"><img loading=\"lazy\" decoding=\"async\" src=\"https:\/\/www.24gliwice.pl\/wiadomosci\/wp-content\/uploads\/2026\/03\/20260309-PREZERO-WIOSNA-D.webp\" alt=\"\"  srcset=\"https:\/\/www.24gliwice.pl\/wiadomosci\/wp-content\/uploads\/2026\/03\/20260309-PREZERO-WIOSNA-D.webp 750w, https:\/\/www.24gliwice.pl\/wiadomosci\/wp-content\/uploads\/2026\/03\/20260309-PREZERO-WIOSNA-D-410x109.webp 410w\" sizes=\"(max-width: 750px) 100vw, 750px\" class=\"no-lazyload\" width=\"750\" height=\"200\"  style=\"display: inline-block; max-width: 100%; height: auto;\" \/><\/a><\/div><\/div>","protected":false},"excerpt":{"rendered":"<p>W niedzielnym spotkaniu 24. kolejki Lotto Ekstraklasy Piast Gliwice zremisowa\u0142 przed w\u0142asn\u0105 publiczno\u015bci\u0105 z Wis\u0142\u0105 Krak\u00f3w 0-0. Mecz prowadzony by\u0142 w wolnym tempie. Gra toczy\u0142a si\u0119 g\u0142\u00f3wnie w \u015brodkowej strefie boiska. D\u0142u\u017cej przy pi\u0142ce utrzymywali si\u0119 go\u015bcie, ale pierwsi gro\u017aniej zaatakowali Niebiesko-Czerwoni. W 23. minucie strzela\u0142 Tomasz Jod\u0142owiec, ale jego uderzenie obroni\u0142 Micha\u0142 Buchalik. Chwil\u0119 [&hellip;]<\/p>\n","protected":false},"author":4,"featured_media":112982,"comment_status":"open","ping_status":"closed","sticky":false,"template":"","format":"standard","meta":{"_monsterinsights_skip_tracking":false,"_monsterinsights_sitenote_active":false,"_monsterinsights_sitenote_note":"","_monsterinsights_sitenote_category":0,"footnotes":"","_links_to":"","_links_to_target":""},"categories":[3,1,23842],"tags":[2786,8186,74,8742],"class_list":["post-112980","post","type-post","status-publish","format-standard","has-post-thumbnail","hentry","category-gliwice","category-wszystko","category-sport_gliwice","tag-ekstraklasa","tag-mecz","tag-piast-gliwice","tag-wisla-krakow"],"yoast_head":"<!-- This site is optimized with the Yoast SEO plugin v27.5 - https:\/\/yoast.com\/product\/yoast-seo-wordpress\/ -->\n<title>Bezbramkowy remis przy Okrzei. Piast Gliwice - Wis\u0142a Krak\u00f3w 0:0 - 24GLIWICE - Portal Gliwice | codziennie nowe informacje<\/title>\n<meta name=\"robots\" content=\"index, follow, max-snippet:-1, max-image-preview:large, max-video-preview:-1\" \/>\n<link rel=\"canonical\" href=\"https:\/\/www.24gliwice.pl\/wiadomosci\/bezbramkowy-remis-przy-okrzei-piast-gliwice-wisla-krakow-00\/\" \/>\n<meta property=\"og:locale\" content=\"pl_PL\" \/>\n<meta property=\"og:type\" content=\"article\" \/>\n<meta property=\"og:title\" content=\"Bezbramkowy remis przy Okrzei. Piast Gliwice - Wis\u0142a Krak\u00f3w 0:0 - 24GLIWICE - Portal Gliwice | codziennie nowe informacje\" \/>\n<meta property=\"og:description\" content=\"W niedzielnym spotkaniu 24. kolejki Lotto Ekstraklasy Piast Gliwice zremisowa\u0142 przed w\u0142asn\u0105 publiczno\u015bci\u0105 z Wis\u0142\u0105 Krak\u00f3w 0-0. Mecz prowadzony by\u0142 w wolnym tempie. Gra toczy\u0142a si\u0119 g\u0142\u00f3wnie w \u015brodkowej strefie boiska. D\u0142u\u017cej przy pi\u0142ce utrzymywali si\u0119 go\u015bcie, ale pierwsi gro\u017aniej zaatakowali Niebiesko-Czerwoni. W 23. minucie strzela\u0142 Tomasz Jod\u0142owiec, ale jego uderzenie obroni\u0142 Micha\u0142 Buchalik. Chwil\u0119 [&hellip;]\" \/>\n<meta property=\"og:url\" content=\"https:\/\/www.24gliwice.pl\/wiadomosci\/bezbramkowy-remis-przy-okrzei-piast-gliwice-wisla-krakow-00\/\" \/>\n<meta property=\"og:site_name\" content=\"24GLIWICE - Portal Gliwice | codziennie nowe informacje\" \/>\n<meta property=\"article:publisher\" content=\"https:\/\/www.facebook.com\/24gliwice\" \/>\n<meta property=\"article:author\" content=\"https:\/\/www.facebook.com\/marcin.fabrykowski\" \/>\n<meta property=\"article:published_time\" content=\"2018-02-25T16:38:17+00:00\" \/>\n<meta property=\"article:modified_time\" content=\"2024-08-20T00:00:51+00:00\" \/>\n<meta property=\"og:image\" content=\"https:\/\/www.24gliwice.pl\/wiadomosci\/wp-content\/uploads\/2018\/02\/1-piast-gliwice-wis\u0142a-krak\u00f3w.jpg\" \/>\n\t<meta property=\"og:image:width\" content=\"810\" \/>\n\t<meta property=\"og:image:height\" content=\"498\" \/>\n\t<meta property=\"og:image:type\" content=\"image\/jpeg\" \/>\n<meta name=\"author\" content=\"Marcin Fabrykowski\" \/>\n<meta name=\"twitter:card\" content=\"summary_large_image\" \/>\n<meta name=\"twitter:creator\" content=\"@24gliwice\" \/>\n<meta name=\"twitter:site\" content=\"@24gliwice\" \/>\n<meta name=\"twitter:label1\" content=\"Napisane przez\" \/>\n\t<meta name=\"twitter:data1\" content=\"Marcin Fabrykowski\" \/>\n\t<meta name=\"twitter:label2\" content=\"Szacowany czas czytania\" \/>\n\t<meta name=\"twitter:data2\" content=\"1 minuta\" \/>\n<script type=\"application\/ld+json\" class=\"yoast-schema-graph\">{\"@context\":\"https:\\\/\\\/schema.org\",\"@graph\":[{\"@type\":\"Article\",\"@id\":\"https:\\\/\\\/www.24gliwice.pl\\\/wiadomosci\\\/bezbramkowy-remis-przy-okrzei-piast-gliwice-wisla-krakow-00\\\/#article\",\"isPartOf\":{\"@id\":\"https:\\\/\\\/www.24gliwice.pl\\\/wiadomosci\\\/bezbramkowy-remis-przy-okrzei-piast-gliwice-wisla-krakow-00\\\/\"},\"author\":{\"name\":\"Marcin Fabrykowski\",\"@id\":\"https:\\\/\\\/www.24gliwice.pl\\\/wiadomosci\\\/#\\\/schema\\\/person\\\/cb5857e4a4d048c15984c1edcc8ef0c0\"},\"headline\":\"Bezbramkowy remis przy Okrzei. Piast Gliwice &#8211; Wis\u0142a Krak\u00f3w 0:0\",\"datePublished\":\"2018-02-25T16:38:17+00:00\",\"dateModified\":\"2024-08-20T00:00:51+00:00\",\"mainEntityOfPage\":{\"@id\":\"https:\\\/\\\/www.24gliwice.pl\\\/wiadomosci\\\/bezbramkowy-remis-przy-okrzei-piast-gliwice-wisla-krakow-00\\\/\"},\"wordCount\":201,\"commentCount\":0,\"publisher\":{\"@id\":\"https:\\\/\\\/www.24gliwice.pl\\\/wiadomosci\\\/#organization\"},\"image\":{\"@id\":\"https:\\\/\\\/www.24gliwice.pl\\\/wiadomosci\\\/bezbramkowy-remis-przy-okrzei-piast-gliwice-wisla-krakow-00\\\/#primaryimage\"},\"thumbnailUrl\":\"https:\\\/\\\/www.24gliwice.pl\\\/wiadomosci\\\/wp-content\\\/uploads\\\/2018\\\/02\\\/1-piast-gliwice-wis\u0142a-krak\u00f3w.jpg\",\"keywords\":[\"EKSTRAKLASA\",\"MECZ\",\"PIAST GLIWICE\",\"wis\u0142a krak\u00f3w\"],\"articleSection\":[\"Gliwice\",\"Najnowsze wiadomo\u015bci\",\"Sport\"],\"inLanguage\":\"pl-PL\",\"potentialAction\":[{\"@type\":\"CommentAction\",\"name\":\"Comment\",\"target\":[\"https:\\\/\\\/www.24gliwice.pl\\\/wiadomosci\\\/bezbramkowy-remis-przy-okrzei-piast-gliwice-wisla-krakow-00\\\/#respond\"]}]},{\"@type\":\"WebPage\",\"@id\":\"https:\\\/\\\/www.24gliwice.pl\\\/wiadomosci\\\/bezbramkowy-remis-przy-okrzei-piast-gliwice-wisla-krakow-00\\\/\",\"url\":\"https:\\\/\\\/www.24gliwice.pl\\\/wiadomosci\\\/bezbramkowy-remis-przy-okrzei-piast-gliwice-wisla-krakow-00\\\/\",\"name\":\"Bezbramkowy remis przy Okrzei. Piast Gliwice - Wis\u0142a Krak\u00f3w 0:0 - 24GLIWICE - Portal Gliwice | codziennie nowe informacje\",\"isPartOf\":{\"@id\":\"https:\\\/\\\/www.24gliwice.pl\\\/wiadomosci\\\/#website\"},\"primaryImageOfPage\":{\"@id\":\"https:\\\/\\\/www.24gliwice.pl\\\/wiadomosci\\\/bezbramkowy-remis-przy-okrzei-piast-gliwice-wisla-krakow-00\\\/#primaryimage\"},\"image\":{\"@id\":\"https:\\\/\\\/www.24gliwice.pl\\\/wiadomosci\\\/bezbramkowy-remis-przy-okrzei-piast-gliwice-wisla-krakow-00\\\/#primaryimage\"},\"thumbnailUrl\":\"https:\\\/\\\/www.24gliwice.pl\\\/wiadomosci\\\/wp-content\\\/uploads\\\/2018\\\/02\\\/1-piast-gliwice-wis\u0142a-krak\u00f3w.jpg\",\"datePublished\":\"2018-02-25T16:38:17+00:00\",\"dateModified\":\"2024-08-20T00:00:51+00:00\",\"breadcrumb\":{\"@id\":\"https:\\\/\\\/www.24gliwice.pl\\\/wiadomosci\\\/bezbramkowy-remis-przy-okrzei-piast-gliwice-wisla-krakow-00\\\/#breadcrumb\"},\"inLanguage\":\"pl-PL\",\"potentialAction\":[{\"@type\":\"ReadAction\",\"target\":[\"https:\\\/\\\/www.24gliwice.pl\\\/wiadomosci\\\/bezbramkowy-remis-przy-okrzei-piast-gliwice-wisla-krakow-00\\\/\"]}]},{\"@type\":\"ImageObject\",\"inLanguage\":\"pl-PL\",\"@id\":\"https:\\\/\\\/www.24gliwice.pl\\\/wiadomosci\\\/bezbramkowy-remis-przy-okrzei-piast-gliwice-wisla-krakow-00\\\/#primaryimage\",\"url\":\"https:\\\/\\\/www.24gliwice.pl\\\/wiadomosci\\\/wp-content\\\/uploads\\\/2018\\\/02\\\/1-piast-gliwice-wis\u0142a-krak\u00f3w.jpg\",\"contentUrl\":\"https:\\\/\\\/www.24gliwice.pl\\\/wiadomosci\\\/wp-content\\\/uploads\\\/2018\\\/02\\\/1-piast-gliwice-wis\u0142a-krak\u00f3w.jpg\",\"width\":810,\"height\":498},{\"@type\":\"BreadcrumbList\",\"@id\":\"https:\\\/\\\/www.24gliwice.pl\\\/wiadomosci\\\/bezbramkowy-remis-przy-okrzei-piast-gliwice-wisla-krakow-00\\\/#breadcrumb\",\"itemListElement\":[{\"@type\":\"ListItem\",\"position\":1,\"name\":\"Strona g\u0142\u00f3wna\",\"item\":\"https:\\\/\\\/www.24gliwice.pl\\\/wiadomosci\\\/\"},{\"@type\":\"ListItem\",\"position\":2,\"name\":\"Bezbramkowy remis przy Okrzei. Piast Gliwice &#8211; Wis\u0142a Krak\u00f3w 0:0\"}]},{\"@type\":\"WebSite\",\"@id\":\"https:\\\/\\\/www.24gliwice.pl\\\/wiadomosci\\\/#website\",\"url\":\"https:\\\/\\\/www.24gliwice.pl\\\/wiadomosci\\\/\",\"name\":\"24GLIWICE - Portal Gliwice | codziennie nowe wiadomo\u015bci\",\"description\":\"Portal Miejski Gliwice\",\"publisher\":{\"@id\":\"https:\\\/\\\/www.24gliwice.pl\\\/wiadomosci\\\/#organization\"},\"potentialAction\":[{\"@type\":\"SearchAction\",\"target\":{\"@type\":\"EntryPoint\",\"urlTemplate\":\"https:\\\/\\\/www.24gliwice.pl\\\/wiadomosci\\\/?s={search_term_string}\"},\"query-input\":{\"@type\":\"PropertyValueSpecification\",\"valueRequired\":true,\"valueName\":\"search_term_string\"}}],\"inLanguage\":\"pl-PL\"},{\"@type\":\"Organization\",\"@id\":\"https:\\\/\\\/www.24gliwice.pl\\\/wiadomosci\\\/#organization\",\"name\":\"24gliwice\",\"url\":\"https:\\\/\\\/www.24gliwice.pl\\\/wiadomosci\\\/\",\"logo\":{\"@type\":\"ImageObject\",\"inLanguage\":\"pl-PL\",\"@id\":\"https:\\\/\\\/www.24gliwice.pl\\\/wiadomosci\\\/#\\\/schema\\\/logo\\\/image\\\/\",\"url\":\"https:\\\/\\\/www.24gliwice.pl\\\/wiadomosci\\\/wp-content\\\/uploads\\\/2024\\\/10\\\/24gliwice-logo-696.jpg\",\"contentUrl\":\"https:\\\/\\\/www.24gliwice.pl\\\/wiadomosci\\\/wp-content\\\/uploads\\\/2024\\\/10\\\/24gliwice-logo-696.jpg\",\"width\":696,\"height\":696,\"caption\":\"24gliwice\"},\"image\":{\"@id\":\"https:\\\/\\\/www.24gliwice.pl\\\/wiadomosci\\\/#\\\/schema\\\/logo\\\/image\\\/\"},\"sameAs\":[\"https:\\\/\\\/www.facebook.com\\\/24gliwice\",\"https:\\\/\\\/x.com\\\/24gliwice\",\"https:\\\/\\\/www.youtube.com\\\/@24gliwice\"]},{\"@type\":\"Person\",\"@id\":\"https:\\\/\\\/www.24gliwice.pl\\\/wiadomosci\\\/#\\\/schema\\\/person\\\/cb5857e4a4d048c15984c1edcc8ef0c0\",\"name\":\"Marcin Fabrykowski\",\"image\":{\"@type\":\"ImageObject\",\"inLanguage\":\"pl-PL\",\"@id\":\"https:\\\/\\\/www.24gliwice.pl\\\/wiadomosci\\\/wp-content\\\/uploads\\\/2025\\\/11\\\/zdjecie-moje-marcin-300-96x96.jpg\",\"url\":\"https:\\\/\\\/www.24gliwice.pl\\\/wiadomosci\\\/wp-content\\\/uploads\\\/2025\\\/11\\\/zdjecie-moje-marcin-300-96x96.jpg\",\"contentUrl\":\"https:\\\/\\\/www.24gliwice.pl\\\/wiadomosci\\\/wp-content\\\/uploads\\\/2025\\\/11\\\/zdjecie-moje-marcin-300-96x96.jpg\",\"caption\":\"Marcin Fabrykowski\"},\"sameAs\":[\"http:\\\/\\\/24gliwice.pl\",\"https:\\\/\\\/www.facebook.com\\\/marcin.fabrykowski\"],\"url\":\"https:\\\/\\\/www.24gliwice.pl\\\/wiadomosci\\\/author\\\/marcin-fabrykowski\\\/\"}]}<\/script>\n<!-- \/ Yoast SEO plugin. -->","yoast_head_json":{"title":"Bezbramkowy remis przy Okrzei. Piast Gliwice - Wis\u0142a Krak\u00f3w 0:0 - 24GLIWICE - Portal Gliwice | codziennie nowe informacje","robots":{"index":"index","follow":"follow","max-snippet":"max-snippet:-1","max-image-preview":"max-image-preview:large","max-video-preview":"max-video-preview:-1"},"canonical":"https:\/\/www.24gliwice.pl\/wiadomosci\/bezbramkowy-remis-przy-okrzei-piast-gliwice-wisla-krakow-00\/","og_locale":"pl_PL","og_type":"article","og_title":"Bezbramkowy remis przy Okrzei. Piast Gliwice - Wis\u0142a Krak\u00f3w 0:0 - 24GLIWICE - Portal Gliwice | codziennie nowe informacje","og_description":"W niedzielnym spotkaniu 24. kolejki Lotto Ekstraklasy Piast Gliwice zremisowa\u0142 przed w\u0142asn\u0105 publiczno\u015bci\u0105 z Wis\u0142\u0105 Krak\u00f3w 0-0. Mecz prowadzony by\u0142 w wolnym tempie. Gra toczy\u0142a si\u0119 g\u0142\u00f3wnie w \u015brodkowej strefie boiska. D\u0142u\u017cej przy pi\u0142ce utrzymywali si\u0119 go\u015bcie, ale pierwsi gro\u017aniej zaatakowali Niebiesko-Czerwoni. W 23. minucie strzela\u0142 Tomasz Jod\u0142owiec, ale jego uderzenie obroni\u0142 Micha\u0142 Buchalik. Chwil\u0119 [&hellip;]","og_url":"https:\/\/www.24gliwice.pl\/wiadomosci\/bezbramkowy-remis-przy-okrzei-piast-gliwice-wisla-krakow-00\/","og_site_name":"24GLIWICE - Portal Gliwice | codziennie nowe informacje","article_publisher":"https:\/\/www.facebook.com\/24gliwice","article_author":"https:\/\/www.facebook.com\/marcin.fabrykowski","article_published_time":"2018-02-25T16:38:17+00:00","article_modified_time":"2024-08-20T00:00:51+00:00","og_image":[{"width":810,"height":498,"url":"https:\/\/www.24gliwice.pl\/wiadomosci\/wp-content\/uploads\/2018\/02\/1-piast-gliwice-wis\u0142a-krak\u00f3w.jpg","type":"image\/jpeg"}],"author":"Marcin Fabrykowski","twitter_card":"summary_large_image","twitter_creator":"@24gliwice","twitter_site":"@24gliwice","twitter_misc":{"Napisane przez":"Marcin Fabrykowski","Szacowany czas czytania":"1 minuta"},"schema":{"@context":"https:\/\/schema.org","@graph":[{"@type":"Article","@id":"https:\/\/www.24gliwice.pl\/wiadomosci\/bezbramkowy-remis-przy-okrzei-piast-gliwice-wisla-krakow-00\/#article","isPartOf":{"@id":"https:\/\/www.24gliwice.pl\/wiadomosci\/bezbramkowy-remis-przy-okrzei-piast-gliwice-wisla-krakow-00\/"},"author":{"name":"Marcin Fabrykowski","@id":"https:\/\/www.24gliwice.pl\/wiadomosci\/#\/schema\/person\/cb5857e4a4d048c15984c1edcc8ef0c0"},"headline":"Bezbramkowy remis przy Okrzei. Piast Gliwice &#8211; Wis\u0142a Krak\u00f3w 0:0","datePublished":"2018-02-25T16:38:17+00:00","dateModified":"2024-08-20T00:00:51+00:00","mainEntityOfPage":{"@id":"https:\/\/www.24gliwice.pl\/wiadomosci\/bezbramkowy-remis-przy-okrzei-piast-gliwice-wisla-krakow-00\/"},"wordCount":201,"commentCount":0,"publisher":{"@id":"https:\/\/www.24gliwice.pl\/wiadomosci\/#organization"},"image":{"@id":"https:\/\/www.24gliwice.pl\/wiadomosci\/bezbramkowy-remis-przy-okrzei-piast-gliwice-wisla-krakow-00\/#primaryimage"},"thumbnailUrl":"https:\/\/www.24gliwice.pl\/wiadomosci\/wp-content\/uploads\/2018\/02\/1-piast-gliwice-wis\u0142a-krak\u00f3w.jpg","keywords":["EKSTRAKLASA","MECZ","PIAST GLIWICE","wis\u0142a krak\u00f3w"],"articleSection":["Gliwice","Najnowsze wiadomo\u015bci","Sport"],"inLanguage":"pl-PL","potentialAction":[{"@type":"CommentAction","name":"Comment","target":["https:\/\/www.24gliwice.pl\/wiadomosci\/bezbramkowy-remis-przy-okrzei-piast-gliwice-wisla-krakow-00\/#respond"]}]},{"@type":"WebPage","@id":"https:\/\/www.24gliwice.pl\/wiadomosci\/bezbramkowy-remis-przy-okrzei-piast-gliwice-wisla-krakow-00\/","url":"https:\/\/www.24gliwice.pl\/wiadomosci\/bezbramkowy-remis-przy-okrzei-piast-gliwice-wisla-krakow-00\/","name":"Bezbramkowy remis przy Okrzei. Piast Gliwice - Wis\u0142a Krak\u00f3w 0:0 - 24GLIWICE - Portal Gliwice | codziennie nowe informacje","isPartOf":{"@id":"https:\/\/www.24gliwice.pl\/wiadomosci\/#website"},"primaryImageOfPage":{"@id":"https:\/\/www.24gliwice.pl\/wiadomosci\/bezbramkowy-remis-przy-okrzei-piast-gliwice-wisla-krakow-00\/#primaryimage"},"image":{"@id":"https:\/\/www.24gliwice.pl\/wiadomosci\/bezbramkowy-remis-przy-okrzei-piast-gliwice-wisla-krakow-00\/#primaryimage"},"thumbnailUrl":"https:\/\/www.24gliwice.pl\/wiadomosci\/wp-content\/uploads\/2018\/02\/1-piast-gliwice-wis\u0142a-krak\u00f3w.jpg","datePublished":"2018-02-25T16:38:17+00:00","dateModified":"2024-08-20T00:00:51+00:00","breadcrumb":{"@id":"https:\/\/www.24gliwice.pl\/wiadomosci\/bezbramkowy-remis-przy-okrzei-piast-gliwice-wisla-krakow-00\/#breadcrumb"},"inLanguage":"pl-PL","potentialAction":[{"@type":"ReadAction","target":["https:\/\/www.24gliwice.pl\/wiadomosci\/bezbramkowy-remis-przy-okrzei-piast-gliwice-wisla-krakow-00\/"]}]},{"@type":"ImageObject","inLanguage":"pl-PL","@id":"https:\/\/www.24gliwice.pl\/wiadomosci\/bezbramkowy-remis-przy-okrzei-piast-gliwice-wisla-krakow-00\/#primaryimage","url":"https:\/\/www.24gliwice.pl\/wiadomosci\/wp-content\/uploads\/2018\/02\/1-piast-gliwice-wis\u0142a-krak\u00f3w.jpg","contentUrl":"https:\/\/www.24gliwice.pl\/wiadomosci\/wp-content\/uploads\/2018\/02\/1-piast-gliwice-wis\u0142a-krak\u00f3w.jpg","width":810,"height":498},{"@type":"BreadcrumbList","@id":"https:\/\/www.24gliwice.pl\/wiadomosci\/bezbramkowy-remis-przy-okrzei-piast-gliwice-wisla-krakow-00\/#breadcrumb","itemListElement":[{"@type":"ListItem","position":1,"name":"Strona g\u0142\u00f3wna","item":"https:\/\/www.24gliwice.pl\/wiadomosci\/"},{"@type":"ListItem","position":2,"name":"Bezbramkowy remis przy Okrzei. Piast Gliwice &#8211; Wis\u0142a Krak\u00f3w 0:0"}]},{"@type":"WebSite","@id":"https:\/\/www.24gliwice.pl\/wiadomosci\/#website","url":"https:\/\/www.24gliwice.pl\/wiadomosci\/","name":"24GLIWICE - Portal Gliwice | codziennie nowe wiadomo\u015bci","description":"Portal Miejski Gliwice","publisher":{"@id":"https:\/\/www.24gliwice.pl\/wiadomosci\/#organization"},"potentialAction":[{"@type":"SearchAction","target":{"@type":"EntryPoint","urlTemplate":"https:\/\/www.24gliwice.pl\/wiadomosci\/?s={search_term_string}"},"query-input":{"@type":"PropertyValueSpecification","valueRequired":true,"valueName":"search_term_string"}}],"inLanguage":"pl-PL"},{"@type":"Organization","@id":"https:\/\/www.24gliwice.pl\/wiadomosci\/#organization","name":"24gliwice","url":"https:\/\/www.24gliwice.pl\/wiadomosci\/","logo":{"@type":"ImageObject","inLanguage":"pl-PL","@id":"https:\/\/www.24gliwice.pl\/wiadomosci\/#\/schema\/logo\/image\/","url":"https:\/\/www.24gliwice.pl\/wiadomosci\/wp-content\/uploads\/2024\/10\/24gliwice-logo-696.jpg","contentUrl":"https:\/\/www.24gliwice.pl\/wiadomosci\/wp-content\/uploads\/2024\/10\/24gliwice-logo-696.jpg","width":696,"height":696,"caption":"24gliwice"},"image":{"@id":"https:\/\/www.24gliwice.pl\/wiadomosci\/#\/schema\/logo\/image\/"},"sameAs":["https:\/\/www.facebook.com\/24gliwice","https:\/\/x.com\/24gliwice","https:\/\/www.youtube.com\/@24gliwice"]},{"@type":"Person","@id":"https:\/\/www.24gliwice.pl\/wiadomosci\/#\/schema\/person\/cb5857e4a4d048c15984c1edcc8ef0c0","name":"Marcin Fabrykowski","image":{"@type":"ImageObject","inLanguage":"pl-PL","@id":"https:\/\/www.24gliwice.pl\/wiadomosci\/wp-content\/uploads\/2025\/11\/zdjecie-moje-marcin-300-96x96.jpg","url":"https:\/\/www.24gliwice.pl\/wiadomosci\/wp-content\/uploads\/2025\/11\/zdjecie-moje-marcin-300-96x96.jpg","contentUrl":"https:\/\/www.24gliwice.pl\/wiadomosci\/wp-content\/uploads\/2025\/11\/zdjecie-moje-marcin-300-96x96.jpg","caption":"Marcin Fabrykowski"},"sameAs":["http:\/\/24gliwice.pl","https:\/\/www.facebook.com\/marcin.fabrykowski"],"url":"https:\/\/www.24gliwice.pl\/wiadomosci\/author\/marcin-fabrykowski\/"}]}},"_links":{"self":[{"href":"https:\/\/www.24gliwice.pl\/wiadomosci\/wp-json\/wp\/v2\/posts\/112980","targetHints":{"allow":["GET"]}}],"collection":[{"href":"https:\/\/www.24gliwice.pl\/wiadomosci\/wp-json\/wp\/v2\/posts"}],"about":[{"href":"https:\/\/www.24gliwice.pl\/wiadomosci\/wp-json\/wp\/v2\/types\/post"}],"author":[{"embeddable":true,"href":"https:\/\/www.24gliwice.pl\/wiadomosci\/wp-json\/wp\/v2\/users\/4"}],"replies":[{"embeddable":true,"href":"https:\/\/www.24gliwice.pl\/wiadomosci\/wp-json\/wp\/v2\/comments?post=112980"}],"version-history":[{"count":0,"href":"https:\/\/www.24gliwice.pl\/wiadomosci\/wp-json\/wp\/v2\/posts\/112980\/revisions"}],"wp:featuredmedia":[{"embeddable":true,"href":"https:\/\/www.24gliwice.pl\/wiadomosci\/wp-json\/wp\/v2\/media\/112982"}],"wp:attachment":[{"href":"https:\/\/www.24gliwice.pl\/wiadomosci\/wp-json\/wp\/v2\/media?parent=112980"}],"wp:term":[{"taxonomy":"category","embeddable":true,"href":"https:\/\/www.24gliwice.pl\/wiadomosci\/wp-json\/wp\/v2\/categories?post=112980"},{"taxonomy":"post_tag","embeddable":true,"href":"https:\/\/www.24gliwice.pl\/wiadomosci\/wp-json\/wp\/v2\/tags?post=112980"}],"curies":[{"name":"wp","href":"https:\/\/api.w.org\/{rel}","templated":true}]}}