{"id":112997,"date":"2018-02-27T02:36:28","date_gmt":"2018-02-27T01:36:28","guid":{"rendered":"http:\/\/www.24gliwice.pl\/wiadomosci\/?p=112997"},"modified":"2018-02-27T02:36:28","modified_gmt":"2018-02-27T01:36:28","slug":"koleje-slaskie-z-propozycja-na-niedziele-z-zakazem-handlu-rodzice-moga-podrozowac-za-darmo","status":"publish","type":"post","link":"https:\/\/www.24gliwice.pl\/wiadomosci\/koleje-slaskie-z-propozycja-na-niedziele-z-zakazem-handlu-rodzice-moga-podrozowac-za-darmo\/","title":{"rendered":"Koleje \u015al\u0105skie z propozycj\u0105 na niedziel\u0119 z zakazem handlu. Rodzice mog\u0105 podr\u00f3\u017cowa\u0107 za darmo"},"content":{"rendered":"<div class=\"gliwi-a6-nad-leadem-artykulow gliwi-entity-placement\" id=\"gliwi-2344536085\"><div class=\"gliwi-adlabel\"><span style=\"font-size: 9px\">REKLAMA<\/span><\/div><div id=\"gliwi-3587553154\" style=\"margin-bottom: 25px;margin-left: auto;margin-right: auto;text-align: center;\"><a data-no-instant=\"1\" href=\"https:\/\/dom100.eu\/\" rel=\"noopener\" class=\"a2t-link\" target=\"_blank\" aria-label=\"20260415 DOM100 D\"><img loading=\"lazy\" decoding=\"async\" src=\"https:\/\/www.24gliwice.pl\/wiadomosci\/wp-content\/uploads\/2026\/04\/20260415-DOM100-D.jpg\" alt=\"\"  srcset=\"https:\/\/www.24gliwice.pl\/wiadomosci\/wp-content\/uploads\/2026\/04\/20260415-DOM100-D.jpg 750w, https:\/\/www.24gliwice.pl\/wiadomosci\/wp-content\/uploads\/2026\/04\/20260415-DOM100-D-410x109.jpg 410w\" sizes=\"(max-width: 750px) 100vw, 750px\" class=\"no-lazyload\" width=\"750\" height=\"200\"  style=\"display: inline-block; max-width: 100%; height: auto;\" \/><\/a><\/div><\/div><h3>Wraz z nadej\u015bciem wiosny Koleje \u015al\u0105skie zach\u0119caj\u0105 do aktywnego sp\u0119dzania wolnego czasu. W ramach akcji \u201eRodzinne Niedziele\u201d przewo\u017anik oferuje bezp\u0142atne przejazdy dla rodzic\u00f3w w ka\u017cd\u0105 pierwsz\u0105 niedziel\u0119 miesi\u0105ca woln\u0105 od handlu.<\/h3>\n<p>Promocja skierowana do rodzin rozpocznie si\u0119 w marcu \u2013 wraz z wej\u015bciem w \u017cycie ustawy o niehandlowych niedzielach. Pierwsza okazja, by skorzysta\u0107 z oferty nadarzy si\u0119 zatem 11 marca, a nast\u0119pnie: 1 kwietnia, 13 maja, 10 czerwca, 8 lipca, 12 sierpnia, 9 wrze\u015bnia, 14 pa\u017adziernika, 11 listopada oraz 9 grudnia.<\/p>\n[perfectpullquote align=&#8221;full&#8221; bordertop=&#8221;false&#8221; cite=&#8221;&#8221; link=&#8221;&#8221; color=&#8221;&#8221; class=&#8221;&#8221; size=&#8221;&#8221;]Z bezp\u0142atnych przejazd\u00f3w b\u0119d\u0105 mogli korzysta\u0107 rodzice lub opiekunowie podr\u00f3\u017cuj\u0105cy z dzie\u0107mi do 16. roku \u017cycia. Bilet musi posiada\u0107 jedynie podopieczny \u2013 rodzic lub dw\u00f3jka rodzic\u00f3w podr\u00f3\u017cuj\u0105 ca\u0142kowicie za darmo. [\/perfectpullquote]\n<p>\u201eRodzinne Niedziele\u201d to kolejna inicjatywa Kolei \u015al\u0105skich godna pochwalenia. Sp\u00f3\u0142ka konsekwentnie promuje wojew\u00f3dztwo \u015bl\u0105skie dowo\u017c\u0105c pasa\u017cer\u00f3w do najatrakcyjniejszych jego zak\u0105tk\u00f3w. Zaproszenie ca\u0142ych rodzin raz w miesi\u0105cu do darmowych przejazd\u00f3w z pewno\u015bci\u0105 si\u0119 w t\u0119 strategi\u0119 wpisuje \u2013 m\u00f3wi Wojciech Sa\u0142uga, marsza\u0142ek wojew\u00f3dztwa \u015bl\u0105skiego.<\/p><div class=\"gliwi-a3-w-tresci-artykulow gliwi-entity-placement\" id=\"gliwi-3682531780\"><div class=\"gliwi-adlabel\"><span style=\"font-size: 9px\">REKLAMA<\/span><\/div><div id=\"gliwi-474947158\" style=\"margin-bottom: 30px;margin-left: auto;margin-right: auto;text-align: center;\"><a data-no-instant=\"1\" href=\"https:\/\/zlobek.halogen.org.pl\/\" rel=\"noopener\" class=\"a2t-link\" target=\"_blank\" aria-label=\"animator-zlobek_750x200\"><img loading=\"lazy\" decoding=\"async\" src=\"https:\/\/www.24gliwice.pl\/wiadomosci\/wp-content\/uploads\/2026\/02\/animator-zlobek_750x200.webp\" alt=\"\"  srcset=\"https:\/\/www.24gliwice.pl\/wiadomosci\/wp-content\/uploads\/2026\/02\/animator-zlobek_750x200.webp 750w, https:\/\/www.24gliwice.pl\/wiadomosci\/wp-content\/uploads\/2026\/02\/animator-zlobek_750x200-410x109.webp 410w\" sizes=\"(max-width: 750px) 100vw, 750px\" class=\"no-lazyload\" width=\"750\" height=\"200\"  style=\"display: inline-block; max-width: 100%; height: auto;\" \/><\/a><\/div><\/div>\n<p>Promocja b\u0119dzie obejmowa\u0107 wszystkie po\u0142\u0105czenia Kolei \u015al\u0105skich z wyj\u0105tkiem odcinka transgranicznego Cha\u0142upki \u2013 Bohumin, poci\u0105g\u00f3w Ornak na odcinku \u017bywiec \u2013 Zakopane oraz poci\u0105g\u00f3w specjalnych. Mo\u017cliwo\u015bci na ciekawe wycieczki kolejowe jest zatem bez liku \u2013 mo\u017cna si\u0119 zdecydowa\u0107 na wypraw\u0119 w g\u00f3ry (np. do Wis\u0142y albo \u017bywca), pozwiedza\u0107 Cieszyn czy wybra\u0107 si\u0119 na rowerow\u0105 podr\u00f3\u017c Le\u015bn\u0105 Rajz\u0105.<\/p>\n<p>&#8211; Chcemy, by rok 2018 up\u0142ywa\u0142 w Kolejach \u015al\u0105skich pod znakiem zdrowia i ekologii. St\u0105d te\u017c nasza propozycja do rodzic\u00f3w, by niedziele wolne od handlu po\u015bwi\u0119ci\u0107 na aktywny wypoczynek i wybra\u0107 si\u0119 z dzie\u0107mi na wycieczk\u0119 \u2013 t\u0142umaczy <strong>Wojciech Dinges<\/strong>, prezes Zarz\u0105du Kolei \u015al\u0105skich. \u2013 Jest to pierwsza z kilku propozycji, jakie przygotowujemy w ramach naszego Eko Roku. Mamy nadziej\u0119, \u017ce akcja zach\u0119ci nie tylko do rodzinnych wypad\u00f3w poci\u0105giem, ale r\u00f3wnie\u017c sprawi, \u017ce najm\u0142odsze pokolenia poznaj\u0105 i polubi\u0105 transport kolejowy \u2013 dodaje.<\/p>\n<p>\u201eRodzinne Niedziele\u201d to kolejna propozycja Kolei \u015al\u0105skich skierowana do rodzin. Na sta\u0142e w ofercie \u015bl\u0105skiego przewo\u017anika znajduje si\u0119 m.in. oferta dla posiadaczy Karty Du\u017cej Rodziny oraz Bilet Rodzinny, kt\u00f3ry daje 30% ulgi osobom podr\u00f3\u017cuj\u0105cym z dzie\u0107mi.<\/p>\n<p>(\u017cms)\/Koleje \u015al\u0105skie<\/p>\n<div class=\"gliwi-a5-na-koncu-artykulow gliwi-entity-placement\" id=\"gliwi-853289936\"><div class=\"gliwi-adlabel\"><span style=\"font-size: 9px\">REKLAMA<\/span><\/div><div id=\"gliwi-4126710813\" style=\"margin-left: auto;margin-right: auto;text-align: center;\"><a data-no-instant=\"1\" href=\"https:\/\/www.jasek.pl\/\" rel=\"noopener\" class=\"a2t-link\" target=\"_blank\" aria-label=\"20200401-jasek 600\"><img loading=\"lazy\" decoding=\"async\" src=\"https:\/\/www.24gliwice.pl\/wiadomosci\/wp-content\/uploads\/2020\/04\/20200401-jasek-600.jpg\" alt=\"\"  srcset=\"https:\/\/www.24gliwice.pl\/wiadomosci\/wp-content\/uploads\/2020\/04\/20200401-jasek-600.jpg 600w, https:\/\/www.24gliwice.pl\/wiadomosci\/wp-content\/uploads\/2020\/04\/20200401-jasek-600-410x109.jpg 410w\" sizes=\"(max-width: 600px) 100vw, 600px\" class=\"no-lazyload\" width=\"600\" height=\"160\"  style=\"display: inline-block; max-width: 100%; height: auto;\" \/><\/a><\/div><\/div>","protected":false},"excerpt":{"rendered":"<p>Wraz z nadej\u015bciem wiosny Koleje \u015al\u0105skie zach\u0119caj\u0105 do aktywnego sp\u0119dzania wolnego czasu. W ramach akcji \u201eRodzinne Niedziele\u201d przewo\u017anik oferuje bezp\u0142atne przejazdy dla rodzic\u00f3w w ka\u017cd\u0105 pierwsz\u0105 niedziel\u0119 miesi\u0105ca woln\u0105 od handlu. Promocja skierowana do rodzin rozpocznie si\u0119 w marcu \u2013 wraz z wej\u015bciem w \u017cycie ustawy o niehandlowych niedzielach. Pierwsza okazja, by skorzysta\u0107 z oferty [&hellip;]<\/p>\n","protected":false},"author":15,"featured_media":93861,"comment_status":"open","ping_status":"closed","sticky":false,"template":"","format":"standard","meta":{"_monsterinsights_skip_tracking":false,"_monsterinsights_sitenote_active":false,"_monsterinsights_sitenote_note":"","_monsterinsights_sitenote_category":0,"footnotes":"","_links_to":"","_links_to_target":""},"categories":[1],"tags":[11219,4687,11019],"class_list":["post-112997","post","type-post","status-publish","format-standard","has-post-thumbnail","hentry","category-wszystko","tag-bezplatne-przejazdy","tag-koleje-slaskie","tag-ulga"],"yoast_head":"<!-- This site is optimized with the Yoast SEO plugin v27.5 - https:\/\/yoast.com\/product\/yoast-seo-wordpress\/ -->\n<title>Koleje \u015al\u0105skie z propozycj\u0105 na niedziel\u0119 z zakazem handlu. Rodzice mog\u0105 podr\u00f3\u017cowa\u0107 za darmo - 24GLIWICE - Portal Gliwice | codziennie nowe informacje<\/title>\n<meta name=\"robots\" content=\"index, follow, max-snippet:-1, max-image-preview:large, max-video-preview:-1\" \/>\n<link rel=\"canonical\" href=\"https:\/\/www.24gliwice.pl\/wiadomosci\/koleje-slaskie-z-propozycja-na-niedziele-z-zakazem-handlu-rodzice-moga-podrozowac-za-darmo\/\" \/>\n<meta property=\"og:locale\" content=\"pl_PL\" \/>\n<meta property=\"og:type\" content=\"article\" \/>\n<meta property=\"og:title\" content=\"Koleje \u015al\u0105skie z propozycj\u0105 na niedziel\u0119 z zakazem handlu. Rodzice mog\u0105 podr\u00f3\u017cowa\u0107 za darmo - 24GLIWICE - Portal Gliwice | codziennie nowe informacje\" \/>\n<meta property=\"og:description\" content=\"Wraz z nadej\u015bciem wiosny Koleje \u015al\u0105skie zach\u0119caj\u0105 do aktywnego sp\u0119dzania wolnego czasu. W ramach akcji \u201eRodzinne Niedziele\u201d przewo\u017anik oferuje bezp\u0142atne przejazdy dla rodzic\u00f3w w ka\u017cd\u0105 pierwsz\u0105 niedziel\u0119 miesi\u0105ca woln\u0105 od handlu. Promocja skierowana do rodzin rozpocznie si\u0119 w marcu \u2013 wraz z wej\u015bciem w \u017cycie ustawy o niehandlowych niedzielach. Pierwsza okazja, by skorzysta\u0107 z oferty [&hellip;]\" \/>\n<meta property=\"og:url\" content=\"https:\/\/www.24gliwice.pl\/wiadomosci\/koleje-slaskie-z-propozycja-na-niedziele-z-zakazem-handlu-rodzice-moga-podrozowac-za-darmo\/\" \/>\n<meta property=\"og:site_name\" content=\"24GLIWICE - Portal Gliwice | codziennie nowe informacje\" \/>\n<meta property=\"article:publisher\" content=\"https:\/\/www.facebook.com\/24gliwice\" \/>\n<meta property=\"article:published_time\" content=\"2018-02-27T01:36:28+00:00\" \/>\n<meta property=\"og:image\" content=\"https:\/\/www.24gliwice.pl\/wiadomosci\/wp-content\/uploads\/2017\/02\/koleje-slaskie-e1511442955267.jpg\" \/>\n\t<meta property=\"og:image:width\" content=\"810\" \/>\n\t<meta property=\"og:image:height\" content=\"414\" \/>\n\t<meta property=\"og:image:type\" content=\"image\/jpeg\" \/>\n<meta name=\"author\" content=\"\u017baneta Mrozek-Siewierska\" \/>\n<meta name=\"twitter:card\" content=\"summary_large_image\" \/>\n<meta name=\"twitter:creator\" content=\"@24gliwice\" \/>\n<meta name=\"twitter:site\" content=\"@24gliwice\" \/>\n<meta name=\"twitter:label1\" content=\"Napisane przez\" \/>\n\t<meta name=\"twitter:data1\" content=\"\u017baneta Mrozek-Siewierska\" \/>\n\t<meta name=\"twitter:label2\" content=\"Szacowany czas czytania\" \/>\n\t<meta name=\"twitter:data2\" content=\"2 minuty\" \/>\n<script type=\"application\/ld+json\" class=\"yoast-schema-graph\">{\"@context\":\"https:\\\/\\\/schema.org\",\"@graph\":[{\"@type\":\"Article\",\"@id\":\"https:\\\/\\\/www.24gliwice.pl\\\/wiadomosci\\\/koleje-slaskie-z-propozycja-na-niedziele-z-zakazem-handlu-rodzice-moga-podrozowac-za-darmo\\\/#article\",\"isPartOf\":{\"@id\":\"https:\\\/\\\/www.24gliwice.pl\\\/wiadomosci\\\/koleje-slaskie-z-propozycja-na-niedziele-z-zakazem-handlu-rodzice-moga-podrozowac-za-darmo\\\/\"},\"author\":{\"name\":\"\u017baneta Mrozek-Siewierska\",\"@id\":\"https:\\\/\\\/www.24gliwice.pl\\\/wiadomosci\\\/#\\\/schema\\\/person\\\/e42c650edd7f2fa332be3811fb166b6e\"},\"headline\":\"Koleje \u015al\u0105skie z propozycj\u0105 na niedziel\u0119 z zakazem handlu. Rodzice mog\u0105 podr\u00f3\u017cowa\u0107 za darmo\",\"datePublished\":\"2018-02-27T01:36:28+00:00\",\"mainEntityOfPage\":{\"@id\":\"https:\\\/\\\/www.24gliwice.pl\\\/wiadomosci\\\/koleje-slaskie-z-propozycja-na-niedziele-z-zakazem-handlu-rodzice-moga-podrozowac-za-darmo\\\/\"},\"wordCount\":418,\"commentCount\":0,\"publisher\":{\"@id\":\"https:\\\/\\\/www.24gliwice.pl\\\/wiadomosci\\\/#organization\"},\"image\":{\"@id\":\"https:\\\/\\\/www.24gliwice.pl\\\/wiadomosci\\\/koleje-slaskie-z-propozycja-na-niedziele-z-zakazem-handlu-rodzice-moga-podrozowac-za-darmo\\\/#primaryimage\"},\"thumbnailUrl\":\"https:\\\/\\\/www.24gliwice.pl\\\/wiadomosci\\\/wp-content\\\/uploads\\\/2017\\\/02\\\/koleje-slaskie-e1511442955267.jpg\",\"keywords\":[\"bezp\u0142atne przejazdy\",\"KOLEJE \u015aL\u0104SKIE\",\"ulga\"],\"articleSection\":[\"Najnowsze wiadomo\u015bci\"],\"inLanguage\":\"pl-PL\",\"potentialAction\":[{\"@type\":\"CommentAction\",\"name\":\"Comment\",\"target\":[\"https:\\\/\\\/www.24gliwice.pl\\\/wiadomosci\\\/koleje-slaskie-z-propozycja-na-niedziele-z-zakazem-handlu-rodzice-moga-podrozowac-za-darmo\\\/#respond\"]}]},{\"@type\":\"WebPage\",\"@id\":\"https:\\\/\\\/www.24gliwice.pl\\\/wiadomosci\\\/koleje-slaskie-z-propozycja-na-niedziele-z-zakazem-handlu-rodzice-moga-podrozowac-za-darmo\\\/\",\"url\":\"https:\\\/\\\/www.24gliwice.pl\\\/wiadomosci\\\/koleje-slaskie-z-propozycja-na-niedziele-z-zakazem-handlu-rodzice-moga-podrozowac-za-darmo\\\/\",\"name\":\"Koleje \u015al\u0105skie z propozycj\u0105 na niedziel\u0119 z zakazem handlu. Rodzice mog\u0105 podr\u00f3\u017cowa\u0107 za darmo - 24GLIWICE - Portal Gliwice | codziennie nowe informacje\",\"isPartOf\":{\"@id\":\"https:\\\/\\\/www.24gliwice.pl\\\/wiadomosci\\\/#website\"},\"primaryImageOfPage\":{\"@id\":\"https:\\\/\\\/www.24gliwice.pl\\\/wiadomosci\\\/koleje-slaskie-z-propozycja-na-niedziele-z-zakazem-handlu-rodzice-moga-podrozowac-za-darmo\\\/#primaryimage\"},\"image\":{\"@id\":\"https:\\\/\\\/www.24gliwice.pl\\\/wiadomosci\\\/koleje-slaskie-z-propozycja-na-niedziele-z-zakazem-handlu-rodzice-moga-podrozowac-za-darmo\\\/#primaryimage\"},\"thumbnailUrl\":\"https:\\\/\\\/www.24gliwice.pl\\\/wiadomosci\\\/wp-content\\\/uploads\\\/2017\\\/02\\\/koleje-slaskie-e1511442955267.jpg\",\"datePublished\":\"2018-02-27T01:36:28+00:00\",\"breadcrumb\":{\"@id\":\"https:\\\/\\\/www.24gliwice.pl\\\/wiadomosci\\\/koleje-slaskie-z-propozycja-na-niedziele-z-zakazem-handlu-rodzice-moga-podrozowac-za-darmo\\\/#breadcrumb\"},\"inLanguage\":\"pl-PL\",\"potentialAction\":[{\"@type\":\"ReadAction\",\"target\":[\"https:\\\/\\\/www.24gliwice.pl\\\/wiadomosci\\\/koleje-slaskie-z-propozycja-na-niedziele-z-zakazem-handlu-rodzice-moga-podrozowac-za-darmo\\\/\"]}]},{\"@type\":\"ImageObject\",\"inLanguage\":\"pl-PL\",\"@id\":\"https:\\\/\\\/www.24gliwice.pl\\\/wiadomosci\\\/koleje-slaskie-z-propozycja-na-niedziele-z-zakazem-handlu-rodzice-moga-podrozowac-za-darmo\\\/#primaryimage\",\"url\":\"https:\\\/\\\/www.24gliwice.pl\\\/wiadomosci\\\/wp-content\\\/uploads\\\/2017\\\/02\\\/koleje-slaskie-e1511442955267.jpg\",\"contentUrl\":\"https:\\\/\\\/www.24gliwice.pl\\\/wiadomosci\\\/wp-content\\\/uploads\\\/2017\\\/02\\\/koleje-slaskie-e1511442955267.jpg\",\"width\":810,\"height\":414,\"caption\":\"fot. Koleje \u015al\u0105skie\"},{\"@type\":\"BreadcrumbList\",\"@id\":\"https:\\\/\\\/www.24gliwice.pl\\\/wiadomosci\\\/koleje-slaskie-z-propozycja-na-niedziele-z-zakazem-handlu-rodzice-moga-podrozowac-za-darmo\\\/#breadcrumb\",\"itemListElement\":[{\"@type\":\"ListItem\",\"position\":1,\"name\":\"Strona g\u0142\u00f3wna\",\"item\":\"https:\\\/\\\/www.24gliwice.pl\\\/wiadomosci\\\/\"},{\"@type\":\"ListItem\",\"position\":2,\"name\":\"Koleje \u015al\u0105skie z propozycj\u0105 na niedziel\u0119 z zakazem handlu. Rodzice mog\u0105 podr\u00f3\u017cowa\u0107 za darmo\"}]},{\"@type\":\"WebSite\",\"@id\":\"https:\\\/\\\/www.24gliwice.pl\\\/wiadomosci\\\/#website\",\"url\":\"https:\\\/\\\/www.24gliwice.pl\\\/wiadomosci\\\/\",\"name\":\"24GLIWICE - Portal Gliwice | codziennie nowe wiadomo\u015bci\",\"description\":\"Portal Miejski Gliwice\",\"publisher\":{\"@id\":\"https:\\\/\\\/www.24gliwice.pl\\\/wiadomosci\\\/#organization\"},\"potentialAction\":[{\"@type\":\"SearchAction\",\"target\":{\"@type\":\"EntryPoint\",\"urlTemplate\":\"https:\\\/\\\/www.24gliwice.pl\\\/wiadomosci\\\/?s={search_term_string}\"},\"query-input\":{\"@type\":\"PropertyValueSpecification\",\"valueRequired\":true,\"valueName\":\"search_term_string\"}}],\"inLanguage\":\"pl-PL\"},{\"@type\":\"Organization\",\"@id\":\"https:\\\/\\\/www.24gliwice.pl\\\/wiadomosci\\\/#organization\",\"name\":\"24gliwice\",\"url\":\"https:\\\/\\\/www.24gliwice.pl\\\/wiadomosci\\\/\",\"logo\":{\"@type\":\"ImageObject\",\"inLanguage\":\"pl-PL\",\"@id\":\"https:\\\/\\\/www.24gliwice.pl\\\/wiadomosci\\\/#\\\/schema\\\/logo\\\/image\\\/\",\"url\":\"https:\\\/\\\/www.24gliwice.pl\\\/wiadomosci\\\/wp-content\\\/uploads\\\/2024\\\/10\\\/24gliwice-logo-696.jpg\",\"contentUrl\":\"https:\\\/\\\/www.24gliwice.pl\\\/wiadomosci\\\/wp-content\\\/uploads\\\/2024\\\/10\\\/24gliwice-logo-696.jpg\",\"width\":696,\"height\":696,\"caption\":\"24gliwice\"},\"image\":{\"@id\":\"https:\\\/\\\/www.24gliwice.pl\\\/wiadomosci\\\/#\\\/schema\\\/logo\\\/image\\\/\"},\"sameAs\":[\"https:\\\/\\\/www.facebook.com\\\/24gliwice\",\"https:\\\/\\\/x.com\\\/24gliwice\",\"https:\\\/\\\/www.youtube.com\\\/@24gliwice\"]},{\"@type\":\"Person\",\"@id\":\"https:\\\/\\\/www.24gliwice.pl\\\/wiadomosci\\\/#\\\/schema\\\/person\\\/e42c650edd7f2fa332be3811fb166b6e\",\"name\":\"\u017baneta Mrozek-Siewierska\",\"image\":{\"@type\":\"ImageObject\",\"inLanguage\":\"pl-PL\",\"@id\":\"https:\\\/\\\/secure.gravatar.com\\\/avatar\\\/1881429e9c64597c77ad7aef2d0a19be69a3253e57534d16aa15bf3a4d34a0a3?s=96&d=mm&r=g\",\"url\":\"https:\\\/\\\/secure.gravatar.com\\\/avatar\\\/1881429e9c64597c77ad7aef2d0a19be69a3253e57534d16aa15bf3a4d34a0a3?s=96&d=mm&r=g\",\"contentUrl\":\"https:\\\/\\\/secure.gravatar.com\\\/avatar\\\/1881429e9c64597c77ad7aef2d0a19be69a3253e57534d16aa15bf3a4d34a0a3?s=96&d=mm&r=g\",\"caption\":\"\u017baneta Mrozek-Siewierska\"},\"url\":\"https:\\\/\\\/www.24gliwice.pl\\\/wiadomosci\\\/author\\\/zms\\\/\"}]}<\/script>\n<!-- \/ Yoast SEO plugin. -->","yoast_head_json":{"title":"Koleje \u015al\u0105skie z propozycj\u0105 na niedziel\u0119 z zakazem handlu. Rodzice mog\u0105 podr\u00f3\u017cowa\u0107 za darmo - 24GLIWICE - Portal Gliwice | codziennie nowe informacje","robots":{"index":"index","follow":"follow","max-snippet":"max-snippet:-1","max-image-preview":"max-image-preview:large","max-video-preview":"max-video-preview:-1"},"canonical":"https:\/\/www.24gliwice.pl\/wiadomosci\/koleje-slaskie-z-propozycja-na-niedziele-z-zakazem-handlu-rodzice-moga-podrozowac-za-darmo\/","og_locale":"pl_PL","og_type":"article","og_title":"Koleje \u015al\u0105skie z propozycj\u0105 na niedziel\u0119 z zakazem handlu. Rodzice mog\u0105 podr\u00f3\u017cowa\u0107 za darmo - 24GLIWICE - Portal Gliwice | codziennie nowe informacje","og_description":"Wraz z nadej\u015bciem wiosny Koleje \u015al\u0105skie zach\u0119caj\u0105 do aktywnego sp\u0119dzania wolnego czasu. W ramach akcji \u201eRodzinne Niedziele\u201d przewo\u017anik oferuje bezp\u0142atne przejazdy dla rodzic\u00f3w w ka\u017cd\u0105 pierwsz\u0105 niedziel\u0119 miesi\u0105ca woln\u0105 od handlu. Promocja skierowana do rodzin rozpocznie si\u0119 w marcu \u2013 wraz z wej\u015bciem w \u017cycie ustawy o niehandlowych niedzielach. Pierwsza okazja, by skorzysta\u0107 z oferty [&hellip;]","og_url":"https:\/\/www.24gliwice.pl\/wiadomosci\/koleje-slaskie-z-propozycja-na-niedziele-z-zakazem-handlu-rodzice-moga-podrozowac-za-darmo\/","og_site_name":"24GLIWICE - Portal Gliwice | codziennie nowe informacje","article_publisher":"https:\/\/www.facebook.com\/24gliwice","article_published_time":"2018-02-27T01:36:28+00:00","og_image":[{"width":810,"height":414,"url":"https:\/\/www.24gliwice.pl\/wiadomosci\/wp-content\/uploads\/2017\/02\/koleje-slaskie-e1511442955267.jpg","type":"image\/jpeg"}],"author":"\u017baneta Mrozek-Siewierska","twitter_card":"summary_large_image","twitter_creator":"@24gliwice","twitter_site":"@24gliwice","twitter_misc":{"Napisane przez":"\u017baneta Mrozek-Siewierska","Szacowany czas czytania":"2 minuty"},"schema":{"@context":"https:\/\/schema.org","@graph":[{"@type":"Article","@id":"https:\/\/www.24gliwice.pl\/wiadomosci\/koleje-slaskie-z-propozycja-na-niedziele-z-zakazem-handlu-rodzice-moga-podrozowac-za-darmo\/#article","isPartOf":{"@id":"https:\/\/www.24gliwice.pl\/wiadomosci\/koleje-slaskie-z-propozycja-na-niedziele-z-zakazem-handlu-rodzice-moga-podrozowac-za-darmo\/"},"author":{"name":"\u017baneta Mrozek-Siewierska","@id":"https:\/\/www.24gliwice.pl\/wiadomosci\/#\/schema\/person\/e42c650edd7f2fa332be3811fb166b6e"},"headline":"Koleje \u015al\u0105skie z propozycj\u0105 na niedziel\u0119 z zakazem handlu. Rodzice mog\u0105 podr\u00f3\u017cowa\u0107 za darmo","datePublished":"2018-02-27T01:36:28+00:00","mainEntityOfPage":{"@id":"https:\/\/www.24gliwice.pl\/wiadomosci\/koleje-slaskie-z-propozycja-na-niedziele-z-zakazem-handlu-rodzice-moga-podrozowac-za-darmo\/"},"wordCount":418,"commentCount":0,"publisher":{"@id":"https:\/\/www.24gliwice.pl\/wiadomosci\/#organization"},"image":{"@id":"https:\/\/www.24gliwice.pl\/wiadomosci\/koleje-slaskie-z-propozycja-na-niedziele-z-zakazem-handlu-rodzice-moga-podrozowac-za-darmo\/#primaryimage"},"thumbnailUrl":"https:\/\/www.24gliwice.pl\/wiadomosci\/wp-content\/uploads\/2017\/02\/koleje-slaskie-e1511442955267.jpg","keywords":["bezp\u0142atne przejazdy","KOLEJE \u015aL\u0104SKIE","ulga"],"articleSection":["Najnowsze wiadomo\u015bci"],"inLanguage":"pl-PL","potentialAction":[{"@type":"CommentAction","name":"Comment","target":["https:\/\/www.24gliwice.pl\/wiadomosci\/koleje-slaskie-z-propozycja-na-niedziele-z-zakazem-handlu-rodzice-moga-podrozowac-za-darmo\/#respond"]}]},{"@type":"WebPage","@id":"https:\/\/www.24gliwice.pl\/wiadomosci\/koleje-slaskie-z-propozycja-na-niedziele-z-zakazem-handlu-rodzice-moga-podrozowac-za-darmo\/","url":"https:\/\/www.24gliwice.pl\/wiadomosci\/koleje-slaskie-z-propozycja-na-niedziele-z-zakazem-handlu-rodzice-moga-podrozowac-za-darmo\/","name":"Koleje \u015al\u0105skie z propozycj\u0105 na niedziel\u0119 z zakazem handlu. Rodzice mog\u0105 podr\u00f3\u017cowa\u0107 za darmo - 24GLIWICE - Portal Gliwice | codziennie nowe informacje","isPartOf":{"@id":"https:\/\/www.24gliwice.pl\/wiadomosci\/#website"},"primaryImageOfPage":{"@id":"https:\/\/www.24gliwice.pl\/wiadomosci\/koleje-slaskie-z-propozycja-na-niedziele-z-zakazem-handlu-rodzice-moga-podrozowac-za-darmo\/#primaryimage"},"image":{"@id":"https:\/\/www.24gliwice.pl\/wiadomosci\/koleje-slaskie-z-propozycja-na-niedziele-z-zakazem-handlu-rodzice-moga-podrozowac-za-darmo\/#primaryimage"},"thumbnailUrl":"https:\/\/www.24gliwice.pl\/wiadomosci\/wp-content\/uploads\/2017\/02\/koleje-slaskie-e1511442955267.jpg","datePublished":"2018-02-27T01:36:28+00:00","breadcrumb":{"@id":"https:\/\/www.24gliwice.pl\/wiadomosci\/koleje-slaskie-z-propozycja-na-niedziele-z-zakazem-handlu-rodzice-moga-podrozowac-za-darmo\/#breadcrumb"},"inLanguage":"pl-PL","potentialAction":[{"@type":"ReadAction","target":["https:\/\/www.24gliwice.pl\/wiadomosci\/koleje-slaskie-z-propozycja-na-niedziele-z-zakazem-handlu-rodzice-moga-podrozowac-za-darmo\/"]}]},{"@type":"ImageObject","inLanguage":"pl-PL","@id":"https:\/\/www.24gliwice.pl\/wiadomosci\/koleje-slaskie-z-propozycja-na-niedziele-z-zakazem-handlu-rodzice-moga-podrozowac-za-darmo\/#primaryimage","url":"https:\/\/www.24gliwice.pl\/wiadomosci\/wp-content\/uploads\/2017\/02\/koleje-slaskie-e1511442955267.jpg","contentUrl":"https:\/\/www.24gliwice.pl\/wiadomosci\/wp-content\/uploads\/2017\/02\/koleje-slaskie-e1511442955267.jpg","width":810,"height":414,"caption":"fot. Koleje \u015al\u0105skie"},{"@type":"BreadcrumbList","@id":"https:\/\/www.24gliwice.pl\/wiadomosci\/koleje-slaskie-z-propozycja-na-niedziele-z-zakazem-handlu-rodzice-moga-podrozowac-za-darmo\/#breadcrumb","itemListElement":[{"@type":"ListItem","position":1,"name":"Strona g\u0142\u00f3wna","item":"https:\/\/www.24gliwice.pl\/wiadomosci\/"},{"@type":"ListItem","position":2,"name":"Koleje \u015al\u0105skie z propozycj\u0105 na niedziel\u0119 z zakazem handlu. Rodzice mog\u0105 podr\u00f3\u017cowa\u0107 za darmo"}]},{"@type":"WebSite","@id":"https:\/\/www.24gliwice.pl\/wiadomosci\/#website","url":"https:\/\/www.24gliwice.pl\/wiadomosci\/","name":"24GLIWICE - Portal Gliwice | codziennie nowe wiadomo\u015bci","description":"Portal Miejski Gliwice","publisher":{"@id":"https:\/\/www.24gliwice.pl\/wiadomosci\/#organization"},"potentialAction":[{"@type":"SearchAction","target":{"@type":"EntryPoint","urlTemplate":"https:\/\/www.24gliwice.pl\/wiadomosci\/?s={search_term_string}"},"query-input":{"@type":"PropertyValueSpecification","valueRequired":true,"valueName":"search_term_string"}}],"inLanguage":"pl-PL"},{"@type":"Organization","@id":"https:\/\/www.24gliwice.pl\/wiadomosci\/#organization","name":"24gliwice","url":"https:\/\/www.24gliwice.pl\/wiadomosci\/","logo":{"@type":"ImageObject","inLanguage":"pl-PL","@id":"https:\/\/www.24gliwice.pl\/wiadomosci\/#\/schema\/logo\/image\/","url":"https:\/\/www.24gliwice.pl\/wiadomosci\/wp-content\/uploads\/2024\/10\/24gliwice-logo-696.jpg","contentUrl":"https:\/\/www.24gliwice.pl\/wiadomosci\/wp-content\/uploads\/2024\/10\/24gliwice-logo-696.jpg","width":696,"height":696,"caption":"24gliwice"},"image":{"@id":"https:\/\/www.24gliwice.pl\/wiadomosci\/#\/schema\/logo\/image\/"},"sameAs":["https:\/\/www.facebook.com\/24gliwice","https:\/\/x.com\/24gliwice","https:\/\/www.youtube.com\/@24gliwice"]},{"@type":"Person","@id":"https:\/\/www.24gliwice.pl\/wiadomosci\/#\/schema\/person\/e42c650edd7f2fa332be3811fb166b6e","name":"\u017baneta Mrozek-Siewierska","image":{"@type":"ImageObject","inLanguage":"pl-PL","@id":"https:\/\/secure.gravatar.com\/avatar\/1881429e9c64597c77ad7aef2d0a19be69a3253e57534d16aa15bf3a4d34a0a3?s=96&d=mm&r=g","url":"https:\/\/secure.gravatar.com\/avatar\/1881429e9c64597c77ad7aef2d0a19be69a3253e57534d16aa15bf3a4d34a0a3?s=96&d=mm&r=g","contentUrl":"https:\/\/secure.gravatar.com\/avatar\/1881429e9c64597c77ad7aef2d0a19be69a3253e57534d16aa15bf3a4d34a0a3?s=96&d=mm&r=g","caption":"\u017baneta Mrozek-Siewierska"},"url":"https:\/\/www.24gliwice.pl\/wiadomosci\/author\/zms\/"}]}},"_links":{"self":[{"href":"https:\/\/www.24gliwice.pl\/wiadomosci\/wp-json\/wp\/v2\/posts\/112997","targetHints":{"allow":["GET"]}}],"collection":[{"href":"https:\/\/www.24gliwice.pl\/wiadomosci\/wp-json\/wp\/v2\/posts"}],"about":[{"href":"https:\/\/www.24gliwice.pl\/wiadomosci\/wp-json\/wp\/v2\/types\/post"}],"author":[{"embeddable":true,"href":"https:\/\/www.24gliwice.pl\/wiadomosci\/wp-json\/wp\/v2\/users\/15"}],"replies":[{"embeddable":true,"href":"https:\/\/www.24gliwice.pl\/wiadomosci\/wp-json\/wp\/v2\/comments?post=112997"}],"version-history":[{"count":0,"href":"https:\/\/www.24gliwice.pl\/wiadomosci\/wp-json\/wp\/v2\/posts\/112997\/revisions"}],"wp:featuredmedia":[{"embeddable":true,"href":"https:\/\/www.24gliwice.pl\/wiadomosci\/wp-json\/wp\/v2\/media\/93861"}],"wp:attachment":[{"href":"https:\/\/www.24gliwice.pl\/wiadomosci\/wp-json\/wp\/v2\/media?parent=112997"}],"wp:term":[{"taxonomy":"category","embeddable":true,"href":"https:\/\/www.24gliwice.pl\/wiadomosci\/wp-json\/wp\/v2\/categories?post=112997"},{"taxonomy":"post_tag","embeddable":true,"href":"https:\/\/www.24gliwice.pl\/wiadomosci\/wp-json\/wp\/v2\/tags?post=112997"}],"curies":[{"name":"wp","href":"https:\/\/api.w.org\/{rel}","templated":true}]}}