{"id":113017,"date":"2018-02-27T02:30:35","date_gmt":"2018-02-27T01:30:35","guid":{"rendered":"http:\/\/www.24gliwice.pl\/wiadomosci\/?p=113017"},"modified":"2018-02-27T02:33:50","modified_gmt":"2018-02-27T01:33:50","slug":"utrudnienia-na-srednicowce-rozpoczna-sie-w-nocy-z-wtorku-na-srode-prace-potrwaja-do-konca-lipca","status":"publish","type":"post","link":"https:\/\/www.24gliwice.pl\/wiadomosci\/utrudnienia-na-srednicowce-rozpoczna-sie-w-nocy-z-wtorku-na-srode-prace-potrwaja-do-konca-lipca\/","title":{"rendered":"Utrudnienia na &#8220;\u015brednic\u00f3wce&#8221; rozpoczn\u0105 si\u0119 w nocy z wtorku na \u015brod\u0119. Prace potrwaj\u0105 do ko\u0144ca lipca"},"content":{"rendered":"<div class=\"gliwi-a6-nad-leadem-artykulow gliwi-entity-placement\" id=\"gliwi-756937453\"><div class=\"gliwi-adlabel\"><span style=\"font-size: 9px\">REKLAMA<\/span><\/div><div id=\"gliwi-1045977677\" style=\"margin-bottom: 25px;margin-left: auto;margin-right: auto;text-align: center;\"><a data-no-instant=\"1\" href=\"https:\/\/dom100.eu\/\" rel=\"noopener\" class=\"a2t-link\" target=\"_blank\" aria-label=\"20260415 DOM100 D\"><img loading=\"lazy\" decoding=\"async\" src=\"https:\/\/www.24gliwice.pl\/wiadomosci\/wp-content\/uploads\/2026\/04\/20260415-DOM100-D.jpg\" alt=\"\"  srcset=\"https:\/\/www.24gliwice.pl\/wiadomosci\/wp-content\/uploads\/2026\/04\/20260415-DOM100-D.jpg 750w, https:\/\/www.24gliwice.pl\/wiadomosci\/wp-content\/uploads\/2026\/04\/20260415-DOM100-D-410x109.jpg 410w\" sizes=\"(max-width: 750px) 100vw, 750px\" class=\"no-lazyload\" width=\"750\" height=\"200\"  style=\"display: inline-block; max-width: 100%; height: auto;\" \/><\/a><\/div><\/div><h3>Temat remont\u00f3w jezdni na <a href=\"http:\/\/www.24gliwice.pl\/wiadomosci\/cztery-miesiace-utrudnien-na-dts-to-nie-koniec-kierowcy-pofaluja-jeszcze-do-2020-roku\/\" target=\"_blank\" rel=\"noopener\">zabrza\u0144skim odcinku DT\u015a powraca cyklicznie<\/a> i b\u0119dzie si\u0119 tak dzia\u0142o a\u017c do 2020 roku, kiedy ma zosta\u0107 wykonana warstwa \u015bcieralna umo\u017cliwiaj\u0105ca ostateczne zniwelowanie odkszta\u0142ce\u0144 nawierzchni.<\/h3>\n<p>Miejski Zarz\u0105d Dr\u00f3g i Infrastruktury Informatycznej w Zabrzu informuje, \u017ce w nocy z 27 na 28 lutego nast\u0105pi\u0105 zmiany w organizacji ruchu na zabrza\u0144skim (oraz cz\u0119\u015bciowo gliwickim) odcinku Drogowej Trasy \u015arednicowej, wy\u0142\u0105czaj\u0105ce z ruchu jezdni\u0119 w kierunku Katowic (na ca\u0142ej szeroko\u015bci i d\u0142ugo\u015bci) z ograniczeniem funkcjonalno\u015bci na rondzie Roosevelta (brak mo\u017cliwo\u015bci wjazdu w kierunku Katowic). Zak\u0142adany okres realizacji to oko\u0142o 3 miesi\u0105ce.<\/p>\n[perfectpullquote align=&#8221;full&#8221; bordertop=&#8221;false&#8221; cite=&#8221;&#8221; link=&#8221;&#8221; color=&#8221;&#8221; class=&#8221;&#8221; size=&#8221;&#8221;]Po zako\u0144czeniu tej cz\u0119\u015bci prac nast\u0105pi rozpocz\u0119cie analogicznych rob\u00f3t na drugiej jezdni (w kierunku Gliwic). Planowany termin zako\u0144czenia to prze\u0142om lipca i sierpnia 2018 roku. [\/perfectpullquote]\n<p>Powy\u017csze zmiany spowodowane s\u0105 przyst\u0105pieniem wykonawcy \u2013 EUROVIA Polska SA do remontu nawierzchni i infrastruktury towarzysz\u0105cej, w ramach udzielonej gwarancji. R\u00f3wnocze\u015bnie firma rozpoczyna prace w rejonie pochylni dla pieszych. Wy\u0142\u0105czona dla ruchu pieszego b\u0119dzie tak\u017ce k\u0142adka nad torami PKP.<\/p><div class=\"gliwi-a3-w-tresci-artykulow gliwi-entity-placement\" id=\"gliwi-1052676883\"><div class=\"gliwi-adlabel\"><span style=\"font-size: 9px\">REKLAMA<\/span><\/div><div id=\"gliwi-1593841464\" style=\"margin-bottom: 30px;margin-left: auto;margin-right: auto;text-align: center;\"><a data-no-instant=\"1\" href=\"https:\/\/ogrodyandersa.pl\/\" rel=\"noopener\" class=\"a2t-link\" target=\"_blank\" aria-label=\"20260415 Ogrody Andersa KUP TERAZ D\"><img loading=\"lazy\" decoding=\"async\" src=\"https:\/\/www.24gliwice.pl\/wiadomosci\/wp-content\/uploads\/2026\/04\/20260415-Ogrody-Andersa-KUP-TERAZ-D.jpg\" alt=\"\"  srcset=\"https:\/\/www.24gliwice.pl\/wiadomosci\/wp-content\/uploads\/2026\/04\/20260415-Ogrody-Andersa-KUP-TERAZ-D.jpg 750w, https:\/\/www.24gliwice.pl\/wiadomosci\/wp-content\/uploads\/2026\/04\/20260415-Ogrody-Andersa-KUP-TERAZ-D-410x109.jpg 410w\" sizes=\"(max-width: 750px) 100vw, 750px\" class=\"no-lazyload\" width=\"750\" height=\"200\"  style=\"display: inline-block; max-width: 100%; height: auto;\" \/><\/a><\/div><\/div>\n<p style=\"padding-left: 60px;\">Przypomnijmy, tak szeroki zakres prac to pr\u00f3ba rozwi\u0105zania problemu faluj\u0105cej jezdni, jaki pojawi\u0142 si\u0119 na zabrza\u0144skich odcinkach niespe\u0142na rok po ich otwarciu w 2014 roku. Po przeprowadzeniu szczeg\u00f3\u0142owych ekspertyz okaza\u0142o si\u0119, \u017ce winny jest materia\u0142 wykorzystany podczas budowy drogi, konkretnie warstwa, stanowi\u0105ca mieszank\u0119 odpad\u00f3w pochodz\u0105cych z g\u00f3rnictwa w\u0119gla kamiennego i popio\u0142u fluidalnego. Poniewa\u017c materia\u0142 ci\u0105gle pracowa\u0142, wykonawca drogi \u2013 firma Eurovia Polska S.A. nie by\u0142a w stanie wcze\u015bniej podj\u0105\u0107 si\u0119 naprawy. Spraw\u0119 opiniowali m.in. eksperci z krakowskiej AGH i Politechniki \u015al\u0105skiej w Gliwicach.<\/p>\n<p>(\u017cms\/mf)\/mzdii.zabrze.pl<\/p>\n<div class=\"gliwi-a5-na-koncu-artykulow gliwi-entity-placement\" id=\"gliwi-4086915327\"><div class=\"gliwi-adlabel\"><span style=\"font-size: 9px\">REKLAMA<\/span><\/div><div id=\"gliwi-2320131962\" style=\"margin-left: auto;margin-right: auto;text-align: center;\"><a data-no-instant=\"1\" href=\"https:\/\/www.jasek.pl\/\" rel=\"noopener\" class=\"a2t-link\" target=\"_blank\" aria-label=\"20200401-jasek 600\"><img loading=\"lazy\" decoding=\"async\" src=\"https:\/\/www.24gliwice.pl\/wiadomosci\/wp-content\/uploads\/2020\/04\/20200401-jasek-600.jpg\" alt=\"\"  srcset=\"https:\/\/www.24gliwice.pl\/wiadomosci\/wp-content\/uploads\/2020\/04\/20200401-jasek-600.jpg 600w, https:\/\/www.24gliwice.pl\/wiadomosci\/wp-content\/uploads\/2020\/04\/20200401-jasek-600-410x109.jpg 410w\" sizes=\"(max-width: 600px) 100vw, 600px\" class=\"no-lazyload\" width=\"600\" height=\"160\"  style=\"display: inline-block; max-width: 100%; height: auto;\" \/><\/a><\/div><\/div>","protected":false},"excerpt":{"rendered":"<p>Temat remont\u00f3w jezdni na zabrza\u0144skim odcinku DT\u015a powraca cyklicznie i b\u0119dzie si\u0119 tak dzia\u0142o a\u017c do 2020 roku, kiedy ma zosta\u0107 wykonana warstwa \u015bcieralna umo\u017cliwiaj\u0105ca ostateczne zniwelowanie odkszta\u0142ce\u0144 nawierzchni. Miejski Zarz\u0105d Dr\u00f3g i Infrastruktury Informatycznej w Zabrzu informuje, \u017ce w nocy z 27 na 28 lutego nast\u0105pi\u0105 zmiany w organizacji ruchu na zabrza\u0144skim (oraz cz\u0119\u015bciowo [&hellip;]<\/p>\n","protected":false},"author":15,"featured_media":113043,"comment_status":"open","ping_status":"closed","sticky":false,"template":"","format":"standard","meta":{"_monsterinsights_skip_tracking":false,"_monsterinsights_sitenote_active":false,"_monsterinsights_sitenote_note":"","_monsterinsights_sitenote_category":0,"footnotes":"","_links_to":"","_links_to_target":""},"categories":[3,1,9],"tags":[1197,978,8688,9683,8577,1602,8578,9436],"class_list":["post-113017","post","type-post","status-publish","format-standard","has-post-thumbnail","hentry","category-gliwice","category-wszystko","category-aktualnosci_lokalne","tag-dts","tag-objazd","tag-prace-drogowe","tag-remont-nawierzchni","tag-roboty-drogowe","tag-srednicowka","tag-utrudnienia","tag-zmiana-organizacji-ruchu"],"yoast_head":"<!-- This site is optimized with the Yoast SEO plugin v27.5 - https:\/\/yoast.com\/product\/yoast-seo-wordpress\/ -->\n<title>Utrudnienia na &quot;\u015brednic\u00f3wce&quot; rozpoczn\u0105 si\u0119 w nocy z wtorku na \u015brod\u0119. Prace potrwaj\u0105 do ko\u0144ca lipca - 24GLIWICE - Portal Gliwice | codziennie nowe informacje<\/title>\n<meta name=\"robots\" content=\"index, follow, max-snippet:-1, max-image-preview:large, max-video-preview:-1\" \/>\n<link rel=\"canonical\" href=\"https:\/\/www.24gliwice.pl\/wiadomosci\/utrudnienia-na-srednicowce-rozpoczna-sie-w-nocy-z-wtorku-na-srode-prace-potrwaja-do-konca-lipca\/\" \/>\n<meta property=\"og:locale\" content=\"pl_PL\" \/>\n<meta property=\"og:type\" content=\"article\" \/>\n<meta property=\"og:title\" content=\"Utrudnienia na &quot;\u015brednic\u00f3wce&quot; rozpoczn\u0105 si\u0119 w nocy z wtorku na \u015brod\u0119. Prace potrwaj\u0105 do ko\u0144ca lipca - 24GLIWICE - Portal Gliwice | codziennie nowe informacje\" \/>\n<meta property=\"og:description\" content=\"Temat remont\u00f3w jezdni na zabrza\u0144skim odcinku DT\u015a powraca cyklicznie i b\u0119dzie si\u0119 tak dzia\u0142o a\u017c do 2020 roku, kiedy ma zosta\u0107 wykonana warstwa \u015bcieralna umo\u017cliwiaj\u0105ca ostateczne zniwelowanie odkszta\u0142ce\u0144 nawierzchni. Miejski Zarz\u0105d Dr\u00f3g i Infrastruktury Informatycznej w Zabrzu informuje, \u017ce w nocy z 27 na 28 lutego nast\u0105pi\u0105 zmiany w organizacji ruchu na zabrza\u0144skim (oraz cz\u0119\u015bciowo [&hellip;]\" \/>\n<meta property=\"og:url\" content=\"https:\/\/www.24gliwice.pl\/wiadomosci\/utrudnienia-na-srednicowce-rozpoczna-sie-w-nocy-z-wtorku-na-srode-prace-potrwaja-do-konca-lipca\/\" \/>\n<meta property=\"og:site_name\" content=\"24GLIWICE - Portal Gliwice | codziennie nowe informacje\" \/>\n<meta property=\"article:publisher\" content=\"https:\/\/www.facebook.com\/24gliwice\" \/>\n<meta property=\"article:published_time\" content=\"2018-02-27T01:30:35+00:00\" \/>\n<meta property=\"article:modified_time\" content=\"2018-02-27T01:33:50+00:00\" \/>\n<meta property=\"og:image\" content=\"https:\/\/www.24gliwice.pl\/wiadomosci\/wp-content\/uploads\/2018\/02\/1-dt\u015b-zabrze-2.jpg\" \/>\n\t<meta property=\"og:image:width\" content=\"810\" \/>\n\t<meta property=\"og:image:height\" content=\"454\" \/>\n\t<meta property=\"og:image:type\" content=\"image\/jpeg\" \/>\n<meta name=\"author\" content=\"\u017baneta Mrozek-Siewierska\" \/>\n<meta name=\"twitter:card\" content=\"summary_large_image\" \/>\n<meta name=\"twitter:creator\" content=\"@24gliwice\" \/>\n<meta name=\"twitter:site\" content=\"@24gliwice\" \/>\n<meta name=\"twitter:label1\" content=\"Napisane przez\" \/>\n\t<meta name=\"twitter:data1\" content=\"\u017baneta Mrozek-Siewierska\" \/>\n\t<meta name=\"twitter:label2\" content=\"Szacowany czas czytania\" \/>\n\t<meta name=\"twitter:data2\" content=\"2 minuty\" \/>\n<script type=\"application\/ld+json\" class=\"yoast-schema-graph\">{\"@context\":\"https:\\\/\\\/schema.org\",\"@graph\":[{\"@type\":\"Article\",\"@id\":\"https:\\\/\\\/www.24gliwice.pl\\\/wiadomosci\\\/utrudnienia-na-srednicowce-rozpoczna-sie-w-nocy-z-wtorku-na-srode-prace-potrwaja-do-konca-lipca\\\/#article\",\"isPartOf\":{\"@id\":\"https:\\\/\\\/www.24gliwice.pl\\\/wiadomosci\\\/utrudnienia-na-srednicowce-rozpoczna-sie-w-nocy-z-wtorku-na-srode-prace-potrwaja-do-konca-lipca\\\/\"},\"author\":{\"name\":\"\u017baneta Mrozek-Siewierska\",\"@id\":\"https:\\\/\\\/www.24gliwice.pl\\\/wiadomosci\\\/#\\\/schema\\\/person\\\/e42c650edd7f2fa332be3811fb166b6e\"},\"headline\":\"Utrudnienia na &#8220;\u015brednic\u00f3wce&#8221; rozpoczn\u0105 si\u0119 w nocy z wtorku na \u015brod\u0119. Prace potrwaj\u0105 do ko\u0144ca lipca\",\"datePublished\":\"2018-02-27T01:30:35+00:00\",\"dateModified\":\"2018-02-27T01:33:50+00:00\",\"mainEntityOfPage\":{\"@id\":\"https:\\\/\\\/www.24gliwice.pl\\\/wiadomosci\\\/utrudnienia-na-srednicowce-rozpoczna-sie-w-nocy-z-wtorku-na-srode-prace-potrwaja-do-konca-lipca\\\/\"},\"wordCount\":323,\"commentCount\":0,\"publisher\":{\"@id\":\"https:\\\/\\\/www.24gliwice.pl\\\/wiadomosci\\\/#organization\"},\"image\":{\"@id\":\"https:\\\/\\\/www.24gliwice.pl\\\/wiadomosci\\\/utrudnienia-na-srednicowce-rozpoczna-sie-w-nocy-z-wtorku-na-srode-prace-potrwaja-do-konca-lipca\\\/#primaryimage\"},\"thumbnailUrl\":\"https:\\\/\\\/www.24gliwice.pl\\\/wiadomosci\\\/wp-content\\\/uploads\\\/2018\\\/02\\\/1-dt\u015b-zabrze-2.jpg\",\"keywords\":[\"DT\u015a\",\"OBJAZD\",\"prace drogowe\",\"remont nawierzchni\",\"ROBOTY DROGOWE\",\"\u015aREDNIC\u00d3WKA\",\"UTRUDNIENIA\",\"ZMIANA ORGANIZACJI RUCHU\"],\"articleSection\":[\"Gliwice\",\"Najnowsze wiadomo\u015bci\",\"Portal Gliwice - Wiadomo\u015bci lokalne\"],\"inLanguage\":\"pl-PL\",\"potentialAction\":[{\"@type\":\"CommentAction\",\"name\":\"Comment\",\"target\":[\"https:\\\/\\\/www.24gliwice.pl\\\/wiadomosci\\\/utrudnienia-na-srednicowce-rozpoczna-sie-w-nocy-z-wtorku-na-srode-prace-potrwaja-do-konca-lipca\\\/#respond\"]}]},{\"@type\":\"WebPage\",\"@id\":\"https:\\\/\\\/www.24gliwice.pl\\\/wiadomosci\\\/utrudnienia-na-srednicowce-rozpoczna-sie-w-nocy-z-wtorku-na-srode-prace-potrwaja-do-konca-lipca\\\/\",\"url\":\"https:\\\/\\\/www.24gliwice.pl\\\/wiadomosci\\\/utrudnienia-na-srednicowce-rozpoczna-sie-w-nocy-z-wtorku-na-srode-prace-potrwaja-do-konca-lipca\\\/\",\"name\":\"Utrudnienia na \\\"\u015brednic\u00f3wce\\\" rozpoczn\u0105 si\u0119 w nocy z wtorku na \u015brod\u0119. Prace potrwaj\u0105 do ko\u0144ca lipca - 24GLIWICE - Portal Gliwice | codziennie nowe informacje\",\"isPartOf\":{\"@id\":\"https:\\\/\\\/www.24gliwice.pl\\\/wiadomosci\\\/#website\"},\"primaryImageOfPage\":{\"@id\":\"https:\\\/\\\/www.24gliwice.pl\\\/wiadomosci\\\/utrudnienia-na-srednicowce-rozpoczna-sie-w-nocy-z-wtorku-na-srode-prace-potrwaja-do-konca-lipca\\\/#primaryimage\"},\"image\":{\"@id\":\"https:\\\/\\\/www.24gliwice.pl\\\/wiadomosci\\\/utrudnienia-na-srednicowce-rozpoczna-sie-w-nocy-z-wtorku-na-srode-prace-potrwaja-do-konca-lipca\\\/#primaryimage\"},\"thumbnailUrl\":\"https:\\\/\\\/www.24gliwice.pl\\\/wiadomosci\\\/wp-content\\\/uploads\\\/2018\\\/02\\\/1-dt\u015b-zabrze-2.jpg\",\"datePublished\":\"2018-02-27T01:30:35+00:00\",\"dateModified\":\"2018-02-27T01:33:50+00:00\",\"breadcrumb\":{\"@id\":\"https:\\\/\\\/www.24gliwice.pl\\\/wiadomosci\\\/utrudnienia-na-srednicowce-rozpoczna-sie-w-nocy-z-wtorku-na-srode-prace-potrwaja-do-konca-lipca\\\/#breadcrumb\"},\"inLanguage\":\"pl-PL\",\"potentialAction\":[{\"@type\":\"ReadAction\",\"target\":[\"https:\\\/\\\/www.24gliwice.pl\\\/wiadomosci\\\/utrudnienia-na-srednicowce-rozpoczna-sie-w-nocy-z-wtorku-na-srode-prace-potrwaja-do-konca-lipca\\\/\"]}]},{\"@type\":\"ImageObject\",\"inLanguage\":\"pl-PL\",\"@id\":\"https:\\\/\\\/www.24gliwice.pl\\\/wiadomosci\\\/utrudnienia-na-srednicowce-rozpoczna-sie-w-nocy-z-wtorku-na-srode-prace-potrwaja-do-konca-lipca\\\/#primaryimage\",\"url\":\"https:\\\/\\\/www.24gliwice.pl\\\/wiadomosci\\\/wp-content\\\/uploads\\\/2018\\\/02\\\/1-dt\u015b-zabrze-2.jpg\",\"contentUrl\":\"https:\\\/\\\/www.24gliwice.pl\\\/wiadomosci\\\/wp-content\\\/uploads\\\/2018\\\/02\\\/1-dt\u015b-zabrze-2.jpg\",\"width\":810,\"height\":454},{\"@type\":\"BreadcrumbList\",\"@id\":\"https:\\\/\\\/www.24gliwice.pl\\\/wiadomosci\\\/utrudnienia-na-srednicowce-rozpoczna-sie-w-nocy-z-wtorku-na-srode-prace-potrwaja-do-konca-lipca\\\/#breadcrumb\",\"itemListElement\":[{\"@type\":\"ListItem\",\"position\":1,\"name\":\"Strona g\u0142\u00f3wna\",\"item\":\"https:\\\/\\\/www.24gliwice.pl\\\/wiadomosci\\\/\"},{\"@type\":\"ListItem\",\"position\":2,\"name\":\"Utrudnienia na &#8222;\u015brednic\u00f3wce&#8221; rozpoczn\u0105 si\u0119 w nocy z wtorku na \u015brod\u0119. Prace potrwaj\u0105 do ko\u0144ca lipca\"}]},{\"@type\":\"WebSite\",\"@id\":\"https:\\\/\\\/www.24gliwice.pl\\\/wiadomosci\\\/#website\",\"url\":\"https:\\\/\\\/www.24gliwice.pl\\\/wiadomosci\\\/\",\"name\":\"24GLIWICE - Portal Gliwice | codziennie nowe wiadomo\u015bci\",\"description\":\"Portal Miejski Gliwice\",\"publisher\":{\"@id\":\"https:\\\/\\\/www.24gliwice.pl\\\/wiadomosci\\\/#organization\"},\"potentialAction\":[{\"@type\":\"SearchAction\",\"target\":{\"@type\":\"EntryPoint\",\"urlTemplate\":\"https:\\\/\\\/www.24gliwice.pl\\\/wiadomosci\\\/?s={search_term_string}\"},\"query-input\":{\"@type\":\"PropertyValueSpecification\",\"valueRequired\":true,\"valueName\":\"search_term_string\"}}],\"inLanguage\":\"pl-PL\"},{\"@type\":\"Organization\",\"@id\":\"https:\\\/\\\/www.24gliwice.pl\\\/wiadomosci\\\/#organization\",\"name\":\"24gliwice\",\"url\":\"https:\\\/\\\/www.24gliwice.pl\\\/wiadomosci\\\/\",\"logo\":{\"@type\":\"ImageObject\",\"inLanguage\":\"pl-PL\",\"@id\":\"https:\\\/\\\/www.24gliwice.pl\\\/wiadomosci\\\/#\\\/schema\\\/logo\\\/image\\\/\",\"url\":\"https:\\\/\\\/www.24gliwice.pl\\\/wiadomosci\\\/wp-content\\\/uploads\\\/2024\\\/10\\\/24gliwice-logo-696.jpg\",\"contentUrl\":\"https:\\\/\\\/www.24gliwice.pl\\\/wiadomosci\\\/wp-content\\\/uploads\\\/2024\\\/10\\\/24gliwice-logo-696.jpg\",\"width\":696,\"height\":696,\"caption\":\"24gliwice\"},\"image\":{\"@id\":\"https:\\\/\\\/www.24gliwice.pl\\\/wiadomosci\\\/#\\\/schema\\\/logo\\\/image\\\/\"},\"sameAs\":[\"https:\\\/\\\/www.facebook.com\\\/24gliwice\",\"https:\\\/\\\/x.com\\\/24gliwice\",\"https:\\\/\\\/www.youtube.com\\\/@24gliwice\"]},{\"@type\":\"Person\",\"@id\":\"https:\\\/\\\/www.24gliwice.pl\\\/wiadomosci\\\/#\\\/schema\\\/person\\\/e42c650edd7f2fa332be3811fb166b6e\",\"name\":\"\u017baneta Mrozek-Siewierska\",\"image\":{\"@type\":\"ImageObject\",\"inLanguage\":\"pl-PL\",\"@id\":\"https:\\\/\\\/secure.gravatar.com\\\/avatar\\\/1881429e9c64597c77ad7aef2d0a19be69a3253e57534d16aa15bf3a4d34a0a3?s=96&d=mm&r=g\",\"url\":\"https:\\\/\\\/secure.gravatar.com\\\/avatar\\\/1881429e9c64597c77ad7aef2d0a19be69a3253e57534d16aa15bf3a4d34a0a3?s=96&d=mm&r=g\",\"contentUrl\":\"https:\\\/\\\/secure.gravatar.com\\\/avatar\\\/1881429e9c64597c77ad7aef2d0a19be69a3253e57534d16aa15bf3a4d34a0a3?s=96&d=mm&r=g\",\"caption\":\"\u017baneta Mrozek-Siewierska\"},\"url\":\"https:\\\/\\\/www.24gliwice.pl\\\/wiadomosci\\\/author\\\/zms\\\/\"}]}<\/script>\n<!-- \/ Yoast SEO plugin. -->","yoast_head_json":{"title":"Utrudnienia na \"\u015brednic\u00f3wce\" rozpoczn\u0105 si\u0119 w nocy z wtorku na \u015brod\u0119. Prace potrwaj\u0105 do ko\u0144ca lipca - 24GLIWICE - Portal Gliwice | codziennie nowe informacje","robots":{"index":"index","follow":"follow","max-snippet":"max-snippet:-1","max-image-preview":"max-image-preview:large","max-video-preview":"max-video-preview:-1"},"canonical":"https:\/\/www.24gliwice.pl\/wiadomosci\/utrudnienia-na-srednicowce-rozpoczna-sie-w-nocy-z-wtorku-na-srode-prace-potrwaja-do-konca-lipca\/","og_locale":"pl_PL","og_type":"article","og_title":"Utrudnienia na \"\u015brednic\u00f3wce\" rozpoczn\u0105 si\u0119 w nocy z wtorku na \u015brod\u0119. Prace potrwaj\u0105 do ko\u0144ca lipca - 24GLIWICE - Portal Gliwice | codziennie nowe informacje","og_description":"Temat remont\u00f3w jezdni na zabrza\u0144skim odcinku DT\u015a powraca cyklicznie i b\u0119dzie si\u0119 tak dzia\u0142o a\u017c do 2020 roku, kiedy ma zosta\u0107 wykonana warstwa \u015bcieralna umo\u017cliwiaj\u0105ca ostateczne zniwelowanie odkszta\u0142ce\u0144 nawierzchni. Miejski Zarz\u0105d Dr\u00f3g i Infrastruktury Informatycznej w Zabrzu informuje, \u017ce w nocy z 27 na 28 lutego nast\u0105pi\u0105 zmiany w organizacji ruchu na zabrza\u0144skim (oraz cz\u0119\u015bciowo [&hellip;]","og_url":"https:\/\/www.24gliwice.pl\/wiadomosci\/utrudnienia-na-srednicowce-rozpoczna-sie-w-nocy-z-wtorku-na-srode-prace-potrwaja-do-konca-lipca\/","og_site_name":"24GLIWICE - Portal Gliwice | codziennie nowe informacje","article_publisher":"https:\/\/www.facebook.com\/24gliwice","article_published_time":"2018-02-27T01:30:35+00:00","article_modified_time":"2018-02-27T01:33:50+00:00","og_image":[{"width":810,"height":454,"url":"https:\/\/www.24gliwice.pl\/wiadomosci\/wp-content\/uploads\/2018\/02\/1-dt\u015b-zabrze-2.jpg","type":"image\/jpeg"}],"author":"\u017baneta Mrozek-Siewierska","twitter_card":"summary_large_image","twitter_creator":"@24gliwice","twitter_site":"@24gliwice","twitter_misc":{"Napisane przez":"\u017baneta Mrozek-Siewierska","Szacowany czas czytania":"2 minuty"},"schema":{"@context":"https:\/\/schema.org","@graph":[{"@type":"Article","@id":"https:\/\/www.24gliwice.pl\/wiadomosci\/utrudnienia-na-srednicowce-rozpoczna-sie-w-nocy-z-wtorku-na-srode-prace-potrwaja-do-konca-lipca\/#article","isPartOf":{"@id":"https:\/\/www.24gliwice.pl\/wiadomosci\/utrudnienia-na-srednicowce-rozpoczna-sie-w-nocy-z-wtorku-na-srode-prace-potrwaja-do-konca-lipca\/"},"author":{"name":"\u017baneta Mrozek-Siewierska","@id":"https:\/\/www.24gliwice.pl\/wiadomosci\/#\/schema\/person\/e42c650edd7f2fa332be3811fb166b6e"},"headline":"Utrudnienia na &#8220;\u015brednic\u00f3wce&#8221; rozpoczn\u0105 si\u0119 w nocy z wtorku na \u015brod\u0119. Prace potrwaj\u0105 do ko\u0144ca lipca","datePublished":"2018-02-27T01:30:35+00:00","dateModified":"2018-02-27T01:33:50+00:00","mainEntityOfPage":{"@id":"https:\/\/www.24gliwice.pl\/wiadomosci\/utrudnienia-na-srednicowce-rozpoczna-sie-w-nocy-z-wtorku-na-srode-prace-potrwaja-do-konca-lipca\/"},"wordCount":323,"commentCount":0,"publisher":{"@id":"https:\/\/www.24gliwice.pl\/wiadomosci\/#organization"},"image":{"@id":"https:\/\/www.24gliwice.pl\/wiadomosci\/utrudnienia-na-srednicowce-rozpoczna-sie-w-nocy-z-wtorku-na-srode-prace-potrwaja-do-konca-lipca\/#primaryimage"},"thumbnailUrl":"https:\/\/www.24gliwice.pl\/wiadomosci\/wp-content\/uploads\/2018\/02\/1-dt\u015b-zabrze-2.jpg","keywords":["DT\u015a","OBJAZD","prace drogowe","remont nawierzchni","ROBOTY DROGOWE","\u015aREDNIC\u00d3WKA","UTRUDNIENIA","ZMIANA ORGANIZACJI RUCHU"],"articleSection":["Gliwice","Najnowsze wiadomo\u015bci","Portal Gliwice - Wiadomo\u015bci lokalne"],"inLanguage":"pl-PL","potentialAction":[{"@type":"CommentAction","name":"Comment","target":["https:\/\/www.24gliwice.pl\/wiadomosci\/utrudnienia-na-srednicowce-rozpoczna-sie-w-nocy-z-wtorku-na-srode-prace-potrwaja-do-konca-lipca\/#respond"]}]},{"@type":"WebPage","@id":"https:\/\/www.24gliwice.pl\/wiadomosci\/utrudnienia-na-srednicowce-rozpoczna-sie-w-nocy-z-wtorku-na-srode-prace-potrwaja-do-konca-lipca\/","url":"https:\/\/www.24gliwice.pl\/wiadomosci\/utrudnienia-na-srednicowce-rozpoczna-sie-w-nocy-z-wtorku-na-srode-prace-potrwaja-do-konca-lipca\/","name":"Utrudnienia na \"\u015brednic\u00f3wce\" rozpoczn\u0105 si\u0119 w nocy z wtorku na \u015brod\u0119. Prace potrwaj\u0105 do ko\u0144ca lipca - 24GLIWICE - Portal Gliwice | codziennie nowe informacje","isPartOf":{"@id":"https:\/\/www.24gliwice.pl\/wiadomosci\/#website"},"primaryImageOfPage":{"@id":"https:\/\/www.24gliwice.pl\/wiadomosci\/utrudnienia-na-srednicowce-rozpoczna-sie-w-nocy-z-wtorku-na-srode-prace-potrwaja-do-konca-lipca\/#primaryimage"},"image":{"@id":"https:\/\/www.24gliwice.pl\/wiadomosci\/utrudnienia-na-srednicowce-rozpoczna-sie-w-nocy-z-wtorku-na-srode-prace-potrwaja-do-konca-lipca\/#primaryimage"},"thumbnailUrl":"https:\/\/www.24gliwice.pl\/wiadomosci\/wp-content\/uploads\/2018\/02\/1-dt\u015b-zabrze-2.jpg","datePublished":"2018-02-27T01:30:35+00:00","dateModified":"2018-02-27T01:33:50+00:00","breadcrumb":{"@id":"https:\/\/www.24gliwice.pl\/wiadomosci\/utrudnienia-na-srednicowce-rozpoczna-sie-w-nocy-z-wtorku-na-srode-prace-potrwaja-do-konca-lipca\/#breadcrumb"},"inLanguage":"pl-PL","potentialAction":[{"@type":"ReadAction","target":["https:\/\/www.24gliwice.pl\/wiadomosci\/utrudnienia-na-srednicowce-rozpoczna-sie-w-nocy-z-wtorku-na-srode-prace-potrwaja-do-konca-lipca\/"]}]},{"@type":"ImageObject","inLanguage":"pl-PL","@id":"https:\/\/www.24gliwice.pl\/wiadomosci\/utrudnienia-na-srednicowce-rozpoczna-sie-w-nocy-z-wtorku-na-srode-prace-potrwaja-do-konca-lipca\/#primaryimage","url":"https:\/\/www.24gliwice.pl\/wiadomosci\/wp-content\/uploads\/2018\/02\/1-dt\u015b-zabrze-2.jpg","contentUrl":"https:\/\/www.24gliwice.pl\/wiadomosci\/wp-content\/uploads\/2018\/02\/1-dt\u015b-zabrze-2.jpg","width":810,"height":454},{"@type":"BreadcrumbList","@id":"https:\/\/www.24gliwice.pl\/wiadomosci\/utrudnienia-na-srednicowce-rozpoczna-sie-w-nocy-z-wtorku-na-srode-prace-potrwaja-do-konca-lipca\/#breadcrumb","itemListElement":[{"@type":"ListItem","position":1,"name":"Strona g\u0142\u00f3wna","item":"https:\/\/www.24gliwice.pl\/wiadomosci\/"},{"@type":"ListItem","position":2,"name":"Utrudnienia na &#8222;\u015brednic\u00f3wce&#8221; rozpoczn\u0105 si\u0119 w nocy z wtorku na \u015brod\u0119. Prace potrwaj\u0105 do ko\u0144ca lipca"}]},{"@type":"WebSite","@id":"https:\/\/www.24gliwice.pl\/wiadomosci\/#website","url":"https:\/\/www.24gliwice.pl\/wiadomosci\/","name":"24GLIWICE - Portal Gliwice | codziennie nowe wiadomo\u015bci","description":"Portal Miejski Gliwice","publisher":{"@id":"https:\/\/www.24gliwice.pl\/wiadomosci\/#organization"},"potentialAction":[{"@type":"SearchAction","target":{"@type":"EntryPoint","urlTemplate":"https:\/\/www.24gliwice.pl\/wiadomosci\/?s={search_term_string}"},"query-input":{"@type":"PropertyValueSpecification","valueRequired":true,"valueName":"search_term_string"}}],"inLanguage":"pl-PL"},{"@type":"Organization","@id":"https:\/\/www.24gliwice.pl\/wiadomosci\/#organization","name":"24gliwice","url":"https:\/\/www.24gliwice.pl\/wiadomosci\/","logo":{"@type":"ImageObject","inLanguage":"pl-PL","@id":"https:\/\/www.24gliwice.pl\/wiadomosci\/#\/schema\/logo\/image\/","url":"https:\/\/www.24gliwice.pl\/wiadomosci\/wp-content\/uploads\/2024\/10\/24gliwice-logo-696.jpg","contentUrl":"https:\/\/www.24gliwice.pl\/wiadomosci\/wp-content\/uploads\/2024\/10\/24gliwice-logo-696.jpg","width":696,"height":696,"caption":"24gliwice"},"image":{"@id":"https:\/\/www.24gliwice.pl\/wiadomosci\/#\/schema\/logo\/image\/"},"sameAs":["https:\/\/www.facebook.com\/24gliwice","https:\/\/x.com\/24gliwice","https:\/\/www.youtube.com\/@24gliwice"]},{"@type":"Person","@id":"https:\/\/www.24gliwice.pl\/wiadomosci\/#\/schema\/person\/e42c650edd7f2fa332be3811fb166b6e","name":"\u017baneta Mrozek-Siewierska","image":{"@type":"ImageObject","inLanguage":"pl-PL","@id":"https:\/\/secure.gravatar.com\/avatar\/1881429e9c64597c77ad7aef2d0a19be69a3253e57534d16aa15bf3a4d34a0a3?s=96&d=mm&r=g","url":"https:\/\/secure.gravatar.com\/avatar\/1881429e9c64597c77ad7aef2d0a19be69a3253e57534d16aa15bf3a4d34a0a3?s=96&d=mm&r=g","contentUrl":"https:\/\/secure.gravatar.com\/avatar\/1881429e9c64597c77ad7aef2d0a19be69a3253e57534d16aa15bf3a4d34a0a3?s=96&d=mm&r=g","caption":"\u017baneta Mrozek-Siewierska"},"url":"https:\/\/www.24gliwice.pl\/wiadomosci\/author\/zms\/"}]}},"_links":{"self":[{"href":"https:\/\/www.24gliwice.pl\/wiadomosci\/wp-json\/wp\/v2\/posts\/113017","targetHints":{"allow":["GET"]}}],"collection":[{"href":"https:\/\/www.24gliwice.pl\/wiadomosci\/wp-json\/wp\/v2\/posts"}],"about":[{"href":"https:\/\/www.24gliwice.pl\/wiadomosci\/wp-json\/wp\/v2\/types\/post"}],"author":[{"embeddable":true,"href":"https:\/\/www.24gliwice.pl\/wiadomosci\/wp-json\/wp\/v2\/users\/15"}],"replies":[{"embeddable":true,"href":"https:\/\/www.24gliwice.pl\/wiadomosci\/wp-json\/wp\/v2\/comments?post=113017"}],"version-history":[{"count":0,"href":"https:\/\/www.24gliwice.pl\/wiadomosci\/wp-json\/wp\/v2\/posts\/113017\/revisions"}],"wp:featuredmedia":[{"embeddable":true,"href":"https:\/\/www.24gliwice.pl\/wiadomosci\/wp-json\/wp\/v2\/media\/113043"}],"wp:attachment":[{"href":"https:\/\/www.24gliwice.pl\/wiadomosci\/wp-json\/wp\/v2\/media?parent=113017"}],"wp:term":[{"taxonomy":"category","embeddable":true,"href":"https:\/\/www.24gliwice.pl\/wiadomosci\/wp-json\/wp\/v2\/categories?post=113017"},{"taxonomy":"post_tag","embeddable":true,"href":"https:\/\/www.24gliwice.pl\/wiadomosci\/wp-json\/wp\/v2\/tags?post=113017"}],"curies":[{"name":"wp","href":"https:\/\/api.w.org\/{rel}","templated":true}]}}