{"id":113068,"date":"2018-02-27T15:09:02","date_gmt":"2018-02-27T14:09:02","guid":{"rendered":"http:\/\/www.24gliwice.pl\/wiadomosci\/?p=113068"},"modified":"2018-02-27T15:09:02","modified_gmt":"2018-02-27T14:09:02","slug":"w-czwartek-startuje-drugi-sezon-gliwickiego-roweru-miejskiego-bedzie-dzialal-od-polnocy","status":"publish","type":"post","link":"https:\/\/www.24gliwice.pl\/wiadomosci\/w-czwartek-startuje-drugi-sezon-gliwickiego-roweru-miejskiego-bedzie-dzialal-od-polnocy\/","title":{"rendered":"W czwartek startuje drugi sezon Gliwickiego Roweru Miejskiego. B\u0119dzie dzia\u0142a\u0142 od p\u00f3\u0142nocy"},"content":{"rendered":"<div class=\"gliwi-a6-nad-leadem-artykulow gliwi-entity-placement\" id=\"gliwi-2981745378\"><div class=\"gliwi-adlabel\"><span style=\"font-size: 9px\">REKLAMA<\/span><\/div><div id=\"gliwi-62664584\" style=\"margin-bottom: 30px;margin-left: auto;margin-right: auto;text-align: center;\"><a data-no-instant=\"1\" href=\"https:\/\/przedszkole.halogen.org.pl\/\" rel=\"noopener\" class=\"a2t-link\" target=\"_blank\" aria-label=\"20260402-ANIMATOR-przedszkole_grafika_750x200\"><img loading=\"lazy\" decoding=\"async\" src=\"https:\/\/www.24gliwice.pl\/wiadomosci\/wp-content\/uploads\/2026\/04\/20260402-ANIMATOR-przedszkole_grafika_750x200.webp\" alt=\"\"  srcset=\"https:\/\/www.24gliwice.pl\/wiadomosci\/wp-content\/uploads\/2026\/04\/20260402-ANIMATOR-przedszkole_grafika_750x200.webp 750w, https:\/\/www.24gliwice.pl\/wiadomosci\/wp-content\/uploads\/2026\/04\/20260402-ANIMATOR-przedszkole_grafika_750x200-410x109.webp 410w\" sizes=\"(max-width: 750px) 100vw, 750px\" class=\"no-lazyload\" width=\"750\" height=\"200\"  style=\"display: inline-block; max-width: 100%; height: auto;\" \/><\/a><\/div><\/div><h3>\u00a01 marca, po zimowej przerwie zostanie uruchomiony Gliwicki Rower Miejski. B\u0119dzie to inauguracja sezonu rower\u00f3w publicznych na \u015al\u0105sku.<\/h3>\n<p>Rowery na dziesi\u0119ciu stacjach pojawi\u0105 si\u0119 ju\u017c wcze\u015bniej. Punktualnie o p\u00f3\u0142nocy w nocy ze \u015brody na czwartek system zostanie uruchomiony i b\u0119dzie mo\u017cna wypo\u017cycza\u0107 pojazdy.<\/p>\n<blockquote><p>Zaczynamy, jak w ubieg\u0142ym sezonie, od 10 stacji i 100 rower\u00f3w. Ju\u017c wkr\u00f3tce dzi\u0119ki decyzji miasta system b\u0119dzie jednak rozbudowany i to a\u017c o 50% \u2013 do 15 stacji i 150 rower\u00f3w\u201d<\/p><\/blockquote>\n<p>\u2013 m\u00f3wi <strong>Tomasz Wojtkiewicz<\/strong>, prezes Nextbike Polska, operatora Gliwickiego Roweru Miejskiego.<\/p><div class=\"gliwi-a3-w-tresci-artykulow gliwi-entity-placement\" id=\"gliwi-1757875867\"><div class=\"gliwi-adlabel\"><span style=\"font-size: 9px\">REKLAMA<\/span><\/div><div id=\"gliwi-3898184418\" style=\"margin-bottom: 30px;margin-left: auto;margin-right: auto;text-align: center;\"><a data-no-instant=\"1\" href=\"https:\/\/zlobek.halogen.org.pl\/\" rel=\"noopener\" class=\"a2t-link\" target=\"_blank\" aria-label=\"animator-zlobek_750x200\"><img loading=\"lazy\" decoding=\"async\" src=\"https:\/\/www.24gliwice.pl\/wiadomosci\/wp-content\/uploads\/2026\/02\/animator-zlobek_750x200.webp\" alt=\"\"  srcset=\"https:\/\/www.24gliwice.pl\/wiadomosci\/wp-content\/uploads\/2026\/02\/animator-zlobek_750x200.webp 750w, https:\/\/www.24gliwice.pl\/wiadomosci\/wp-content\/uploads\/2026\/02\/animator-zlobek_750x200-410x109.webp 410w\" sizes=\"(max-width: 750px) 100vw, 750px\" class=\"no-lazyload\" width=\"750\" height=\"200\"  style=\"display: inline-block; max-width: 100%; height: auto;\" \/><\/a><\/div><\/div>\n<p>Podczas przerwy w sezonie rowery przesz\u0142y szczeg\u00f3\u0142owy przegl\u0105d, dokonano w nich te\u017c niezb\u0119dnych napraw. Ka\u017cdy jedno\u015blad mia\u0142 za sob\u0105 \u015brednio kilkaset wypo\u017cycze\u0144. &#8211; Mieszka\u0144cy Gliwic i osoby, kt\u00f3re do miasta przyje\u017cd\u017caj\u0105 do pracy lub na uczelni\u0119, przekonali si\u0119 do tej formy transportu. To sukces Gliwic i Nextbike Polska \u2013 komentuje Wojtkiewicz. &#8211; Wraz z rozwojem Gliwickiego Roweru Miejskiego i system\u00f3w Nextbike na \u015al\u0105sku i w Zag\u0142\u0119biu, popularno\u015b\u0107 komunikacji rowerowej w Metropolii b\u0119dzie nadal ros\u0142a &#8211; dodaje.<\/p>\n<p><img loading=\"lazy\" decoding=\"async\" class=\"alignnone size-full wp-image-113070\" src=\"http:\/\/www.24gliwice.pl\/wiadomosci\/wp-content\/uploads\/2018\/02\/rower-miejski1-e1519736043864.jpg\" alt=\"\" width=\"810\" height=\"456\" \/><\/p>\n<p>W tym sezonie z system\u00f3w Nextbike Polska b\u0119dzie mo\u017cna r\u00f3wnie\u017c korzysta\u0107 m.in. w Sosnowcu i w Cz\u0119stochowie. Aby uzyska\u0107 dost\u0119p do wszystkich system\u00f3w Nextbike wystarczy posiada\u0107 jedno konto, co oznacza, \u017ce rowerem publicznym mo\u017cna w jednym mie\u015bcie dojecha\u0107 na dworzec lub do innego w\u0119z\u0142a komunikacyjnego, przesi\u0105\u015b\u0107 si\u0119 np. do poci\u0105gu, i w kolejnym mie\u015bcie ponownie wypo\u017cyczy\u0107 rower, by dojecha\u0107 do miejsca docelowego.<\/p>\n[perfectpullquote align=&#8221;full&#8221; bordertop=&#8221;false&#8221; cite=&#8221;&#8221; link=&#8221;&#8221; color=&#8221;&#8221; class=&#8221;&#8221; size=&#8221;&#8221;]Wszystko na tych samych zasadach, za pomoc\u0105 jednej aplikacji i zazwyczaj zupe\u0142nie za darmo. [\/perfectpullquote]\n<p>Rowery miejskie podnosz\u0105 tym samym jako\u015b\u0107 komunikacji publicznej w metropoliach, wp\u0142ywaj\u0105 na wzrost udzia\u0142u ruchu rowerowego, a co za tym idzie zmniejszenie ruchu samochodowego i zwi\u0105zanych z nim zanieczyszcze\u0144.<\/p>\n<div class=\"gliwi-a5-na-koncu-artykulow gliwi-entity-placement\" id=\"gliwi-418149507\"><div class=\"gliwi-adlabel\"><span style=\"font-size: 9px\">REKLAMA<\/span><\/div><div id=\"gliwi-905660176\" style=\"margin-left: auto;margin-right: auto;text-align: center;\"><a data-no-instant=\"1\" href=\"https:\/\/www.jasek.pl\/\" rel=\"noopener\" class=\"a2t-link\" target=\"_blank\" aria-label=\"20200401-jasek 600\"><img loading=\"lazy\" decoding=\"async\" src=\"https:\/\/www.24gliwice.pl\/wiadomosci\/wp-content\/uploads\/2020\/04\/20200401-jasek-600.jpg\" alt=\"\"  srcset=\"https:\/\/www.24gliwice.pl\/wiadomosci\/wp-content\/uploads\/2020\/04\/20200401-jasek-600.jpg 600w, https:\/\/www.24gliwice.pl\/wiadomosci\/wp-content\/uploads\/2020\/04\/20200401-jasek-600-410x109.jpg 410w\" sizes=\"(max-width: 600px) 100vw, 600px\" class=\"no-lazyload\" width=\"600\" height=\"160\"  style=\"display: inline-block; max-width: 100%; height: auto;\" \/><\/a><\/div><\/div>","protected":false},"excerpt":{"rendered":"<p>\u00a01 marca, po zimowej przerwie zostanie uruchomiony Gliwicki Rower Miejski. B\u0119dzie to inauguracja sezonu rower\u00f3w publicznych na \u015al\u0105sku. Rowery na dziesi\u0119ciu stacjach pojawi\u0105 si\u0119 ju\u017c wcze\u015bniej. Punktualnie o p\u00f3\u0142nocy w nocy ze \u015brody na czwartek system zostanie uruchomiony i b\u0119dzie mo\u017cna wypo\u017cycza\u0107 pojazdy. Zaczynamy, jak w ubieg\u0142ym sezonie, od 10 stacji i 100 rower\u00f3w. Ju\u017c [&hellip;]<\/p>\n","protected":false},"author":15,"featured_media":113071,"comment_status":"open","ping_status":"closed","sticky":false,"template":"","format":"standard","meta":{"_monsterinsights_skip_tracking":false,"_monsterinsights_sitenote_active":false,"_monsterinsights_sitenote_note":"","_monsterinsights_sitenote_category":0,"footnotes":"","_links_to":"","_links_to_target":""},"categories":[3,1],"tags":[8790,8787,3496,8546,11648,11647,8547],"class_list":["post-113068","post","type-post","status-publish","format-standard","has-post-thumbnail","hentry","category-gliwice","category-wszystko","tag-gliwicki-rower-miejski","tag-grm","tag-miejska-wypozyczalnia-rowerow-gliwice","tag-nextbike","tag-stacje","tag-stacje-roweru-miejskiego","tag-wypozyczalnia-rowerow"],"yoast_head":"<!-- This site is optimized with the Yoast SEO plugin v27.5 - https:\/\/yoast.com\/product\/yoast-seo-wordpress\/ -->\n<title>W czwartek startuje drugi sezon Gliwickiego Roweru Miejskiego. B\u0119dzie dzia\u0142a\u0142 od p\u00f3\u0142nocy - 24GLIWICE - Portal Gliwice | codziennie nowe informacje<\/title>\n<meta name=\"robots\" content=\"index, follow, max-snippet:-1, max-image-preview:large, max-video-preview:-1\" \/>\n<link rel=\"canonical\" href=\"https:\/\/www.24gliwice.pl\/wiadomosci\/w-czwartek-startuje-drugi-sezon-gliwickiego-roweru-miejskiego-bedzie-dzialal-od-polnocy\/\" \/>\n<meta property=\"og:locale\" content=\"pl_PL\" \/>\n<meta property=\"og:type\" content=\"article\" \/>\n<meta property=\"og:title\" content=\"W czwartek startuje drugi sezon Gliwickiego Roweru Miejskiego. B\u0119dzie dzia\u0142a\u0142 od p\u00f3\u0142nocy - 24GLIWICE - Portal Gliwice | codziennie nowe informacje\" \/>\n<meta property=\"og:description\" content=\"\u00a01 marca, po zimowej przerwie zostanie uruchomiony Gliwicki Rower Miejski. B\u0119dzie to inauguracja sezonu rower\u00f3w publicznych na \u015al\u0105sku. Rowery na dziesi\u0119ciu stacjach pojawi\u0105 si\u0119 ju\u017c wcze\u015bniej. Punktualnie o p\u00f3\u0142nocy w nocy ze \u015brody na czwartek system zostanie uruchomiony i b\u0119dzie mo\u017cna wypo\u017cycza\u0107 pojazdy. Zaczynamy, jak w ubieg\u0142ym sezonie, od 10 stacji i 100 rower\u00f3w. Ju\u017c [&hellip;]\" \/>\n<meta property=\"og:url\" content=\"https:\/\/www.24gliwice.pl\/wiadomosci\/w-czwartek-startuje-drugi-sezon-gliwickiego-roweru-miejskiego-bedzie-dzialal-od-polnocy\/\" \/>\n<meta property=\"og:site_name\" content=\"24GLIWICE - Portal Gliwice | codziennie nowe informacje\" \/>\n<meta property=\"article:publisher\" content=\"https:\/\/www.facebook.com\/24gliwice\" \/>\n<meta property=\"article:published_time\" content=\"2018-02-27T14:09:02+00:00\" \/>\n<meta property=\"og:image\" content=\"https:\/\/www.24gliwice.pl\/wiadomosci\/wp-content\/uploads\/2018\/02\/rower-miejski2-e1519736016219.jpg\" \/>\n\t<meta property=\"og:image:width\" content=\"810\" \/>\n\t<meta property=\"og:image:height\" content=\"456\" \/>\n\t<meta property=\"og:image:type\" content=\"image\/jpeg\" \/>\n<meta name=\"author\" content=\"\u017baneta Mrozek-Siewierska\" \/>\n<meta name=\"twitter:card\" content=\"summary_large_image\" \/>\n<meta name=\"twitter:creator\" content=\"@24gliwice\" \/>\n<meta name=\"twitter:site\" content=\"@24gliwice\" \/>\n<meta name=\"twitter:label1\" content=\"Napisane przez\" \/>\n\t<meta name=\"twitter:data1\" content=\"\u017baneta Mrozek-Siewierska\" \/>\n\t<meta name=\"twitter:label2\" content=\"Szacowany czas czytania\" \/>\n\t<meta name=\"twitter:data2\" content=\"2 minuty\" \/>\n<script type=\"application\/ld+json\" class=\"yoast-schema-graph\">{\"@context\":\"https:\\\/\\\/schema.org\",\"@graph\":[{\"@type\":\"Article\",\"@id\":\"https:\\\/\\\/www.24gliwice.pl\\\/wiadomosci\\\/w-czwartek-startuje-drugi-sezon-gliwickiego-roweru-miejskiego-bedzie-dzialal-od-polnocy\\\/#article\",\"isPartOf\":{\"@id\":\"https:\\\/\\\/www.24gliwice.pl\\\/wiadomosci\\\/w-czwartek-startuje-drugi-sezon-gliwickiego-roweru-miejskiego-bedzie-dzialal-od-polnocy\\\/\"},\"author\":{\"name\":\"\u017baneta Mrozek-Siewierska\",\"@id\":\"https:\\\/\\\/www.24gliwice.pl\\\/wiadomosci\\\/#\\\/schema\\\/person\\\/e42c650edd7f2fa332be3811fb166b6e\"},\"headline\":\"W czwartek startuje drugi sezon Gliwickiego Roweru Miejskiego. B\u0119dzie dzia\u0142a\u0142 od p\u00f3\u0142nocy\",\"datePublished\":\"2018-02-27T14:09:02+00:00\",\"mainEntityOfPage\":{\"@id\":\"https:\\\/\\\/www.24gliwice.pl\\\/wiadomosci\\\/w-czwartek-startuje-drugi-sezon-gliwickiego-roweru-miejskiego-bedzie-dzialal-od-polnocy\\\/\"},\"wordCount\":335,\"commentCount\":0,\"publisher\":{\"@id\":\"https:\\\/\\\/www.24gliwice.pl\\\/wiadomosci\\\/#organization\"},\"image\":{\"@id\":\"https:\\\/\\\/www.24gliwice.pl\\\/wiadomosci\\\/w-czwartek-startuje-drugi-sezon-gliwickiego-roweru-miejskiego-bedzie-dzialal-od-polnocy\\\/#primaryimage\"},\"thumbnailUrl\":\"https:\\\/\\\/www.24gliwice.pl\\\/wiadomosci\\\/wp-content\\\/uploads\\\/2018\\\/02\\\/rower-miejski2-e1519736016219.jpg\",\"keywords\":[\"GLIWICKI ROWER MIEJSKI\",\"GRM\",\"miejska wypo\u017cyczalnia rower\u00f3w gliwice\",\"NEXTBIKE\",\"stacje\",\"stacje roweru miejskiego\",\"wypo\u017cyczalnia rower\u00f3w\"],\"articleSection\":[\"Gliwice\",\"Najnowsze wiadomo\u015bci\"],\"inLanguage\":\"pl-PL\",\"potentialAction\":[{\"@type\":\"CommentAction\",\"name\":\"Comment\",\"target\":[\"https:\\\/\\\/www.24gliwice.pl\\\/wiadomosci\\\/w-czwartek-startuje-drugi-sezon-gliwickiego-roweru-miejskiego-bedzie-dzialal-od-polnocy\\\/#respond\"]}]},{\"@type\":\"WebPage\",\"@id\":\"https:\\\/\\\/www.24gliwice.pl\\\/wiadomosci\\\/w-czwartek-startuje-drugi-sezon-gliwickiego-roweru-miejskiego-bedzie-dzialal-od-polnocy\\\/\",\"url\":\"https:\\\/\\\/www.24gliwice.pl\\\/wiadomosci\\\/w-czwartek-startuje-drugi-sezon-gliwickiego-roweru-miejskiego-bedzie-dzialal-od-polnocy\\\/\",\"name\":\"W czwartek startuje drugi sezon Gliwickiego Roweru Miejskiego. B\u0119dzie dzia\u0142a\u0142 od p\u00f3\u0142nocy - 24GLIWICE - Portal Gliwice | codziennie nowe informacje\",\"isPartOf\":{\"@id\":\"https:\\\/\\\/www.24gliwice.pl\\\/wiadomosci\\\/#website\"},\"primaryImageOfPage\":{\"@id\":\"https:\\\/\\\/www.24gliwice.pl\\\/wiadomosci\\\/w-czwartek-startuje-drugi-sezon-gliwickiego-roweru-miejskiego-bedzie-dzialal-od-polnocy\\\/#primaryimage\"},\"image\":{\"@id\":\"https:\\\/\\\/www.24gliwice.pl\\\/wiadomosci\\\/w-czwartek-startuje-drugi-sezon-gliwickiego-roweru-miejskiego-bedzie-dzialal-od-polnocy\\\/#primaryimage\"},\"thumbnailUrl\":\"https:\\\/\\\/www.24gliwice.pl\\\/wiadomosci\\\/wp-content\\\/uploads\\\/2018\\\/02\\\/rower-miejski2-e1519736016219.jpg\",\"datePublished\":\"2018-02-27T14:09:02+00:00\",\"breadcrumb\":{\"@id\":\"https:\\\/\\\/www.24gliwice.pl\\\/wiadomosci\\\/w-czwartek-startuje-drugi-sezon-gliwickiego-roweru-miejskiego-bedzie-dzialal-od-polnocy\\\/#breadcrumb\"},\"inLanguage\":\"pl-PL\",\"potentialAction\":[{\"@type\":\"ReadAction\",\"target\":[\"https:\\\/\\\/www.24gliwice.pl\\\/wiadomosci\\\/w-czwartek-startuje-drugi-sezon-gliwickiego-roweru-miejskiego-bedzie-dzialal-od-polnocy\\\/\"]}]},{\"@type\":\"ImageObject\",\"inLanguage\":\"pl-PL\",\"@id\":\"https:\\\/\\\/www.24gliwice.pl\\\/wiadomosci\\\/w-czwartek-startuje-drugi-sezon-gliwickiego-roweru-miejskiego-bedzie-dzialal-od-polnocy\\\/#primaryimage\",\"url\":\"https:\\\/\\\/www.24gliwice.pl\\\/wiadomosci\\\/wp-content\\\/uploads\\\/2018\\\/02\\\/rower-miejski2-e1519736016219.jpg\",\"contentUrl\":\"https:\\\/\\\/www.24gliwice.pl\\\/wiadomosci\\\/wp-content\\\/uploads\\\/2018\\\/02\\\/rower-miejski2-e1519736016219.jpg\",\"width\":810,\"height\":456},{\"@type\":\"BreadcrumbList\",\"@id\":\"https:\\\/\\\/www.24gliwice.pl\\\/wiadomosci\\\/w-czwartek-startuje-drugi-sezon-gliwickiego-roweru-miejskiego-bedzie-dzialal-od-polnocy\\\/#breadcrumb\",\"itemListElement\":[{\"@type\":\"ListItem\",\"position\":1,\"name\":\"Strona g\u0142\u00f3wna\",\"item\":\"https:\\\/\\\/www.24gliwice.pl\\\/wiadomosci\\\/\"},{\"@type\":\"ListItem\",\"position\":2,\"name\":\"W czwartek startuje drugi sezon Gliwickiego Roweru Miejskiego. B\u0119dzie dzia\u0142a\u0142 od p\u00f3\u0142nocy\"}]},{\"@type\":\"WebSite\",\"@id\":\"https:\\\/\\\/www.24gliwice.pl\\\/wiadomosci\\\/#website\",\"url\":\"https:\\\/\\\/www.24gliwice.pl\\\/wiadomosci\\\/\",\"name\":\"24GLIWICE - Portal Gliwice | codziennie nowe wiadomo\u015bci\",\"description\":\"Portal Miejski Gliwice\",\"publisher\":{\"@id\":\"https:\\\/\\\/www.24gliwice.pl\\\/wiadomosci\\\/#organization\"},\"potentialAction\":[{\"@type\":\"SearchAction\",\"target\":{\"@type\":\"EntryPoint\",\"urlTemplate\":\"https:\\\/\\\/www.24gliwice.pl\\\/wiadomosci\\\/?s={search_term_string}\"},\"query-input\":{\"@type\":\"PropertyValueSpecification\",\"valueRequired\":true,\"valueName\":\"search_term_string\"}}],\"inLanguage\":\"pl-PL\"},{\"@type\":\"Organization\",\"@id\":\"https:\\\/\\\/www.24gliwice.pl\\\/wiadomosci\\\/#organization\",\"name\":\"24gliwice\",\"url\":\"https:\\\/\\\/www.24gliwice.pl\\\/wiadomosci\\\/\",\"logo\":{\"@type\":\"ImageObject\",\"inLanguage\":\"pl-PL\",\"@id\":\"https:\\\/\\\/www.24gliwice.pl\\\/wiadomosci\\\/#\\\/schema\\\/logo\\\/image\\\/\",\"url\":\"https:\\\/\\\/www.24gliwice.pl\\\/wiadomosci\\\/wp-content\\\/uploads\\\/2024\\\/10\\\/24gliwice-logo-696.jpg\",\"contentUrl\":\"https:\\\/\\\/www.24gliwice.pl\\\/wiadomosci\\\/wp-content\\\/uploads\\\/2024\\\/10\\\/24gliwice-logo-696.jpg\",\"width\":696,\"height\":696,\"caption\":\"24gliwice\"},\"image\":{\"@id\":\"https:\\\/\\\/www.24gliwice.pl\\\/wiadomosci\\\/#\\\/schema\\\/logo\\\/image\\\/\"},\"sameAs\":[\"https:\\\/\\\/www.facebook.com\\\/24gliwice\",\"https:\\\/\\\/x.com\\\/24gliwice\",\"https:\\\/\\\/www.youtube.com\\\/@24gliwice\"]},{\"@type\":\"Person\",\"@id\":\"https:\\\/\\\/www.24gliwice.pl\\\/wiadomosci\\\/#\\\/schema\\\/person\\\/e42c650edd7f2fa332be3811fb166b6e\",\"name\":\"\u017baneta Mrozek-Siewierska\",\"image\":{\"@type\":\"ImageObject\",\"inLanguage\":\"pl-PL\",\"@id\":\"https:\\\/\\\/secure.gravatar.com\\\/avatar\\\/1881429e9c64597c77ad7aef2d0a19be69a3253e57534d16aa15bf3a4d34a0a3?s=96&d=mm&r=g\",\"url\":\"https:\\\/\\\/secure.gravatar.com\\\/avatar\\\/1881429e9c64597c77ad7aef2d0a19be69a3253e57534d16aa15bf3a4d34a0a3?s=96&d=mm&r=g\",\"contentUrl\":\"https:\\\/\\\/secure.gravatar.com\\\/avatar\\\/1881429e9c64597c77ad7aef2d0a19be69a3253e57534d16aa15bf3a4d34a0a3?s=96&d=mm&r=g\",\"caption\":\"\u017baneta Mrozek-Siewierska\"},\"url\":\"https:\\\/\\\/www.24gliwice.pl\\\/wiadomosci\\\/author\\\/zms\\\/\"}]}<\/script>\n<!-- \/ Yoast SEO plugin. -->","yoast_head_json":{"title":"W czwartek startuje drugi sezon Gliwickiego Roweru Miejskiego. B\u0119dzie dzia\u0142a\u0142 od p\u00f3\u0142nocy - 24GLIWICE - Portal Gliwice | codziennie nowe informacje","robots":{"index":"index","follow":"follow","max-snippet":"max-snippet:-1","max-image-preview":"max-image-preview:large","max-video-preview":"max-video-preview:-1"},"canonical":"https:\/\/www.24gliwice.pl\/wiadomosci\/w-czwartek-startuje-drugi-sezon-gliwickiego-roweru-miejskiego-bedzie-dzialal-od-polnocy\/","og_locale":"pl_PL","og_type":"article","og_title":"W czwartek startuje drugi sezon Gliwickiego Roweru Miejskiego. B\u0119dzie dzia\u0142a\u0142 od p\u00f3\u0142nocy - 24GLIWICE - Portal Gliwice | codziennie nowe informacje","og_description":"\u00a01 marca, po zimowej przerwie zostanie uruchomiony Gliwicki Rower Miejski. B\u0119dzie to inauguracja sezonu rower\u00f3w publicznych na \u015al\u0105sku. Rowery na dziesi\u0119ciu stacjach pojawi\u0105 si\u0119 ju\u017c wcze\u015bniej. Punktualnie o p\u00f3\u0142nocy w nocy ze \u015brody na czwartek system zostanie uruchomiony i b\u0119dzie mo\u017cna wypo\u017cycza\u0107 pojazdy. Zaczynamy, jak w ubieg\u0142ym sezonie, od 10 stacji i 100 rower\u00f3w. Ju\u017c [&hellip;]","og_url":"https:\/\/www.24gliwice.pl\/wiadomosci\/w-czwartek-startuje-drugi-sezon-gliwickiego-roweru-miejskiego-bedzie-dzialal-od-polnocy\/","og_site_name":"24GLIWICE - Portal Gliwice | codziennie nowe informacje","article_publisher":"https:\/\/www.facebook.com\/24gliwice","article_published_time":"2018-02-27T14:09:02+00:00","og_image":[{"width":810,"height":456,"url":"https:\/\/www.24gliwice.pl\/wiadomosci\/wp-content\/uploads\/2018\/02\/rower-miejski2-e1519736016219.jpg","type":"image\/jpeg"}],"author":"\u017baneta Mrozek-Siewierska","twitter_card":"summary_large_image","twitter_creator":"@24gliwice","twitter_site":"@24gliwice","twitter_misc":{"Napisane przez":"\u017baneta Mrozek-Siewierska","Szacowany czas czytania":"2 minuty"},"schema":{"@context":"https:\/\/schema.org","@graph":[{"@type":"Article","@id":"https:\/\/www.24gliwice.pl\/wiadomosci\/w-czwartek-startuje-drugi-sezon-gliwickiego-roweru-miejskiego-bedzie-dzialal-od-polnocy\/#article","isPartOf":{"@id":"https:\/\/www.24gliwice.pl\/wiadomosci\/w-czwartek-startuje-drugi-sezon-gliwickiego-roweru-miejskiego-bedzie-dzialal-od-polnocy\/"},"author":{"name":"\u017baneta Mrozek-Siewierska","@id":"https:\/\/www.24gliwice.pl\/wiadomosci\/#\/schema\/person\/e42c650edd7f2fa332be3811fb166b6e"},"headline":"W czwartek startuje drugi sezon Gliwickiego Roweru Miejskiego. B\u0119dzie dzia\u0142a\u0142 od p\u00f3\u0142nocy","datePublished":"2018-02-27T14:09:02+00:00","mainEntityOfPage":{"@id":"https:\/\/www.24gliwice.pl\/wiadomosci\/w-czwartek-startuje-drugi-sezon-gliwickiego-roweru-miejskiego-bedzie-dzialal-od-polnocy\/"},"wordCount":335,"commentCount":0,"publisher":{"@id":"https:\/\/www.24gliwice.pl\/wiadomosci\/#organization"},"image":{"@id":"https:\/\/www.24gliwice.pl\/wiadomosci\/w-czwartek-startuje-drugi-sezon-gliwickiego-roweru-miejskiego-bedzie-dzialal-od-polnocy\/#primaryimage"},"thumbnailUrl":"https:\/\/www.24gliwice.pl\/wiadomosci\/wp-content\/uploads\/2018\/02\/rower-miejski2-e1519736016219.jpg","keywords":["GLIWICKI ROWER MIEJSKI","GRM","miejska wypo\u017cyczalnia rower\u00f3w gliwice","NEXTBIKE","stacje","stacje roweru miejskiego","wypo\u017cyczalnia rower\u00f3w"],"articleSection":["Gliwice","Najnowsze wiadomo\u015bci"],"inLanguage":"pl-PL","potentialAction":[{"@type":"CommentAction","name":"Comment","target":["https:\/\/www.24gliwice.pl\/wiadomosci\/w-czwartek-startuje-drugi-sezon-gliwickiego-roweru-miejskiego-bedzie-dzialal-od-polnocy\/#respond"]}]},{"@type":"WebPage","@id":"https:\/\/www.24gliwice.pl\/wiadomosci\/w-czwartek-startuje-drugi-sezon-gliwickiego-roweru-miejskiego-bedzie-dzialal-od-polnocy\/","url":"https:\/\/www.24gliwice.pl\/wiadomosci\/w-czwartek-startuje-drugi-sezon-gliwickiego-roweru-miejskiego-bedzie-dzialal-od-polnocy\/","name":"W czwartek startuje drugi sezon Gliwickiego Roweru Miejskiego. B\u0119dzie dzia\u0142a\u0142 od p\u00f3\u0142nocy - 24GLIWICE - Portal Gliwice | codziennie nowe informacje","isPartOf":{"@id":"https:\/\/www.24gliwice.pl\/wiadomosci\/#website"},"primaryImageOfPage":{"@id":"https:\/\/www.24gliwice.pl\/wiadomosci\/w-czwartek-startuje-drugi-sezon-gliwickiego-roweru-miejskiego-bedzie-dzialal-od-polnocy\/#primaryimage"},"image":{"@id":"https:\/\/www.24gliwice.pl\/wiadomosci\/w-czwartek-startuje-drugi-sezon-gliwickiego-roweru-miejskiego-bedzie-dzialal-od-polnocy\/#primaryimage"},"thumbnailUrl":"https:\/\/www.24gliwice.pl\/wiadomosci\/wp-content\/uploads\/2018\/02\/rower-miejski2-e1519736016219.jpg","datePublished":"2018-02-27T14:09:02+00:00","breadcrumb":{"@id":"https:\/\/www.24gliwice.pl\/wiadomosci\/w-czwartek-startuje-drugi-sezon-gliwickiego-roweru-miejskiego-bedzie-dzialal-od-polnocy\/#breadcrumb"},"inLanguage":"pl-PL","potentialAction":[{"@type":"ReadAction","target":["https:\/\/www.24gliwice.pl\/wiadomosci\/w-czwartek-startuje-drugi-sezon-gliwickiego-roweru-miejskiego-bedzie-dzialal-od-polnocy\/"]}]},{"@type":"ImageObject","inLanguage":"pl-PL","@id":"https:\/\/www.24gliwice.pl\/wiadomosci\/w-czwartek-startuje-drugi-sezon-gliwickiego-roweru-miejskiego-bedzie-dzialal-od-polnocy\/#primaryimage","url":"https:\/\/www.24gliwice.pl\/wiadomosci\/wp-content\/uploads\/2018\/02\/rower-miejski2-e1519736016219.jpg","contentUrl":"https:\/\/www.24gliwice.pl\/wiadomosci\/wp-content\/uploads\/2018\/02\/rower-miejski2-e1519736016219.jpg","width":810,"height":456},{"@type":"BreadcrumbList","@id":"https:\/\/www.24gliwice.pl\/wiadomosci\/w-czwartek-startuje-drugi-sezon-gliwickiego-roweru-miejskiego-bedzie-dzialal-od-polnocy\/#breadcrumb","itemListElement":[{"@type":"ListItem","position":1,"name":"Strona g\u0142\u00f3wna","item":"https:\/\/www.24gliwice.pl\/wiadomosci\/"},{"@type":"ListItem","position":2,"name":"W czwartek startuje drugi sezon Gliwickiego Roweru Miejskiego. B\u0119dzie dzia\u0142a\u0142 od p\u00f3\u0142nocy"}]},{"@type":"WebSite","@id":"https:\/\/www.24gliwice.pl\/wiadomosci\/#website","url":"https:\/\/www.24gliwice.pl\/wiadomosci\/","name":"24GLIWICE - Portal Gliwice | codziennie nowe wiadomo\u015bci","description":"Portal Miejski Gliwice","publisher":{"@id":"https:\/\/www.24gliwice.pl\/wiadomosci\/#organization"},"potentialAction":[{"@type":"SearchAction","target":{"@type":"EntryPoint","urlTemplate":"https:\/\/www.24gliwice.pl\/wiadomosci\/?s={search_term_string}"},"query-input":{"@type":"PropertyValueSpecification","valueRequired":true,"valueName":"search_term_string"}}],"inLanguage":"pl-PL"},{"@type":"Organization","@id":"https:\/\/www.24gliwice.pl\/wiadomosci\/#organization","name":"24gliwice","url":"https:\/\/www.24gliwice.pl\/wiadomosci\/","logo":{"@type":"ImageObject","inLanguage":"pl-PL","@id":"https:\/\/www.24gliwice.pl\/wiadomosci\/#\/schema\/logo\/image\/","url":"https:\/\/www.24gliwice.pl\/wiadomosci\/wp-content\/uploads\/2024\/10\/24gliwice-logo-696.jpg","contentUrl":"https:\/\/www.24gliwice.pl\/wiadomosci\/wp-content\/uploads\/2024\/10\/24gliwice-logo-696.jpg","width":696,"height":696,"caption":"24gliwice"},"image":{"@id":"https:\/\/www.24gliwice.pl\/wiadomosci\/#\/schema\/logo\/image\/"},"sameAs":["https:\/\/www.facebook.com\/24gliwice","https:\/\/x.com\/24gliwice","https:\/\/www.youtube.com\/@24gliwice"]},{"@type":"Person","@id":"https:\/\/www.24gliwice.pl\/wiadomosci\/#\/schema\/person\/e42c650edd7f2fa332be3811fb166b6e","name":"\u017baneta Mrozek-Siewierska","image":{"@type":"ImageObject","inLanguage":"pl-PL","@id":"https:\/\/secure.gravatar.com\/avatar\/1881429e9c64597c77ad7aef2d0a19be69a3253e57534d16aa15bf3a4d34a0a3?s=96&d=mm&r=g","url":"https:\/\/secure.gravatar.com\/avatar\/1881429e9c64597c77ad7aef2d0a19be69a3253e57534d16aa15bf3a4d34a0a3?s=96&d=mm&r=g","contentUrl":"https:\/\/secure.gravatar.com\/avatar\/1881429e9c64597c77ad7aef2d0a19be69a3253e57534d16aa15bf3a4d34a0a3?s=96&d=mm&r=g","caption":"\u017baneta Mrozek-Siewierska"},"url":"https:\/\/www.24gliwice.pl\/wiadomosci\/author\/zms\/"}]}},"_links":{"self":[{"href":"https:\/\/www.24gliwice.pl\/wiadomosci\/wp-json\/wp\/v2\/posts\/113068","targetHints":{"allow":["GET"]}}],"collection":[{"href":"https:\/\/www.24gliwice.pl\/wiadomosci\/wp-json\/wp\/v2\/posts"}],"about":[{"href":"https:\/\/www.24gliwice.pl\/wiadomosci\/wp-json\/wp\/v2\/types\/post"}],"author":[{"embeddable":true,"href":"https:\/\/www.24gliwice.pl\/wiadomosci\/wp-json\/wp\/v2\/users\/15"}],"replies":[{"embeddable":true,"href":"https:\/\/www.24gliwice.pl\/wiadomosci\/wp-json\/wp\/v2\/comments?post=113068"}],"version-history":[{"count":0,"href":"https:\/\/www.24gliwice.pl\/wiadomosci\/wp-json\/wp\/v2\/posts\/113068\/revisions"}],"wp:featuredmedia":[{"embeddable":true,"href":"https:\/\/www.24gliwice.pl\/wiadomosci\/wp-json\/wp\/v2\/media\/113071"}],"wp:attachment":[{"href":"https:\/\/www.24gliwice.pl\/wiadomosci\/wp-json\/wp\/v2\/media?parent=113068"}],"wp:term":[{"taxonomy":"category","embeddable":true,"href":"https:\/\/www.24gliwice.pl\/wiadomosci\/wp-json\/wp\/v2\/categories?post=113068"},{"taxonomy":"post_tag","embeddable":true,"href":"https:\/\/www.24gliwice.pl\/wiadomosci\/wp-json\/wp\/v2\/tags?post=113068"}],"curies":[{"name":"wp","href":"https:\/\/api.w.org\/{rel}","templated":true}]}}