{"id":113081,"date":"2018-03-09T14:15:20","date_gmt":"2018-03-09T13:15:20","guid":{"rendered":"http:\/\/www.24gliwice.pl\/wiadomosci\/?p=113081"},"modified":"2018-03-21T10:12:55","modified_gmt":"2018-03-21T09:12:55","slug":"jeden-z-najbardziej-znanych-hoteli-w-gliwicach-obchodzi-swoje-15-lecie","status":"publish","type":"post","link":"https:\/\/www.24gliwice.pl\/wiadomosci\/jeden-z-najbardziej-znanych-hoteli-w-gliwicach-obchodzi-swoje-15-lecie\/","title":{"rendered":"Jeden z najbardziej znanych hoteli w Gliwicach obchodzi swoje 15\u2013lecie"},"content":{"rendered":"<div class=\"gliwi-a6-nad-leadem-artykulow gliwi-entity-placement\" id=\"gliwi-3808425823\"><div class=\"gliwi-adlabel\"><span style=\"font-size: 9px\">REKLAMA<\/span><\/div><div id=\"gliwi-3699689683\" style=\"margin-bottom: 25px;margin-left: auto;margin-right: auto;text-align: center;\"><a data-no-instant=\"1\" href=\"https:\/\/dom100.eu\/\" rel=\"noopener\" class=\"a2t-link\" target=\"_blank\" aria-label=\"20260415 DOM100 D\"><img loading=\"lazy\" decoding=\"async\" src=\"https:\/\/www.24gliwice.pl\/wiadomosci\/wp-content\/uploads\/2026\/04\/20260415-DOM100-D.jpg\" alt=\"\"  srcset=\"https:\/\/www.24gliwice.pl\/wiadomosci\/wp-content\/uploads\/2026\/04\/20260415-DOM100-D.jpg 750w, https:\/\/www.24gliwice.pl\/wiadomosci\/wp-content\/uploads\/2026\/04\/20260415-DOM100-D-410x109.jpg 410w\" sizes=\"(max-width: 750px) 100vw, 750px\" class=\"no-lazyload\" width=\"750\" height=\"200\"  style=\"display: inline-block; max-width: 100%; height: auto;\" \/><\/a><\/div><\/div><h3>Qubus Hotel Gliwice od 15 lat cieszy si\u0119 du\u017cym zainteresowaniem  go\u015bci biznesowych i indywidualnych. Od pocz\u0105tku istnienia odwiedzi\u0142o go ju\u017c 310\u00a0660 go\u015bci. To tak jakby w obiekcie nocowali niemal wszyscy mieszka\u0144cy Bia\u0142egostoku. Zarezerwowano w nim te\u017c w sumie 278\u00a0929 pokoi. <\/h3>\n<p><a href=\"https:\/\/www.qubushotel.com\/pl\/hotele\/gliwice\/10\/\">Qubus Hotel Gliwice<\/a> to jeden z 12 obiekt\u00f3w sieci Qubus Hotel. Cz\u0119sto wybieraj\u0105 go znane osobisto\u015bci. Go\u015bcili w nim m.in. Lech Wa\u0142\u0119sa, Stanis\u0142aw Soyka, Olivier Janiak, Joanna Horody\u0144ska czy Gosia Baczy\u0144ska.  <\/p>\n<div id=\"attachment_113087\" style=\"width: 810px\" class=\"wp-caption aligncenter\"><img loading=\"lazy\" decoding=\"async\" aria-describedby=\"caption-attachment-113087\" src=\"https:\/\/www.24gliwice.pl\/wiadomosci\/wp-content\/uploads\/2018\/02\/1-Qubus-Hotel-Gliwice.jpg\" alt=\"\" width=\"800\" height=\"602\" class=\"size-full wp-image-113087\" srcset=\"https:\/\/www.24gliwice.pl\/wiadomosci\/wp-content\/uploads\/2018\/02\/1-Qubus-Hotel-Gliwice.jpg 800w, https:\/\/www.24gliwice.pl\/wiadomosci\/wp-content\/uploads\/2018\/02\/1-Qubus-Hotel-Gliwice-308x232.jpg 308w, https:\/\/www.24gliwice.pl\/wiadomosci\/wp-content\/uploads\/2018\/02\/1-Qubus-Hotel-Gliwice-768x578.jpg 768w, https:\/\/www.24gliwice.pl\/wiadomosci\/wp-content\/uploads\/2018\/02\/1-Qubus-Hotel-Gliwice-605x455.jpg 605w\" sizes=\"auto, (max-width: 800px) 100vw, 800px\" \/><p id=\"caption-attachment-113087\" class=\"wp-caption-text\">Qubus Hotel Gliwice<\/p><\/div>\n<p>3 gwiazdkowy hotel zlokalizowany jest w centrum miasta. <strong>Swoim go\u015bciom oferuje 143 miejsca noclegowe w 89 pokojach.<\/strong> Du\u017cym zainteresowaniem mieszka\u0144c\u00f3w Gliwic i os\u00f3b odwiedzaj\u0105cych obiekt cieszy si\u0119 tak\u017ce restauracja. Doceniane przez go\u015bci s\u0105 \u015bniadania, podczas kt\u00f3rych serwowanych jest  ponad 100 produkt\u00f3w. Ich popularno\u015bci dowodzi fakt, \u017ce  przez 15 lat z oferty \u015bniadaniowej skorzysta\u0142o 308\u00a0031 os\u00f3b. Tak\u0105 ilo\u015bci\u0105 mo\u017cna by obdarowa\u0107 wszystkich mieszka\u0144c\u00f3w Katowic. <\/p><div class=\"gliwi-a3-w-tresci-artykulow gliwi-entity-placement\" id=\"gliwi-8275189\"><div class=\"gliwi-adlabel\"><span style=\"font-size: 9px\">REKLAMA<\/span><\/div><div id=\"gliwi-547621856\" style=\"margin-bottom: 30px;margin-left: auto;margin-right: auto;text-align: center;\"><a data-no-instant=\"1\" href=\"https:\/\/ogrodyandersa.pl\/\" rel=\"noopener\" class=\"a2t-link\" target=\"_blank\" aria-label=\"20260415 Ogrody Andersa KUP TERAZ D\"><img loading=\"lazy\" decoding=\"async\" src=\"https:\/\/www.24gliwice.pl\/wiadomosci\/wp-content\/uploads\/2026\/04\/20260415-Ogrody-Andersa-KUP-TERAZ-D.jpg\" alt=\"\"  srcset=\"https:\/\/www.24gliwice.pl\/wiadomosci\/wp-content\/uploads\/2026\/04\/20260415-Ogrody-Andersa-KUP-TERAZ-D.jpg 750w, https:\/\/www.24gliwice.pl\/wiadomosci\/wp-content\/uploads\/2026\/04\/20260415-Ogrody-Andersa-KUP-TERAZ-D-410x109.jpg 410w\" sizes=\"(max-width: 750px) 100vw, 750px\" class=\"no-lazyload\" width=\"750\" height=\"200\"  style=\"display: inline-block; max-width: 100%; height: auto;\" \/><\/a><\/div><\/div>\n<blockquote><p>&#8211; W ci\u0105gu 15 lat Qubus Hotel Gliwice sta\u0142 si\u0119 jednym z najch\u0119tniej wybieranych obiekt\u00f3w noclegowych w mie\u015bcie<\/p><\/blockquote>\n<p> \u2013 m\u00f3wi <strong>Aleksandra Niemczyk<\/strong>, Dyrektor Qubus Hotel Gliwice.<br \/>\n&#8211; Ponad 20-letnie, sieciowe do\u015bwiadczenie zaowocowa\u0142o opracowaniem najlepszych standard\u00f3w obs\u0142ugi, dzi\u0119ki kt\u00f3rym mo\u017cemy oferowa\u0107 najwy\u017csz\u0105 jako\u015b\u0107 us\u0142ug. <strong>Go\u015bcie indywidualni i biznesowi chwal\u0105 \u015bwietn\u0105 lokalizacj\u0119 naszego obiektu.<\/strong> Posiadamy r\u00f3wnie\u017c 2 kompleksowo wyposa\u017cone sale konferencyjne. Mamy te\u017c du\u017ce do\u015bwiadczenie w obszarze organizowania event\u00f3w, bowiem przez 15 lat zorganizowali\u015bmy w sumie ponad 4 500 konferencji i szkole\u0144. Prowadzimy tak\u017ce aktywn\u0105 komunikacj\u0119 z naszymi go\u015b\u0107mi, a ich opinie maj\u0105 realny wp\u0142yw na podejmowane przez nas dzia\u0142ania. Na rynku \u015bl\u0105skim jeste\u015bmy cenionym i nagradzanym pracodawc\u0105. W hotelu zatrudniamy 30 os\u00f3b gwarantuj\u0105c im stabiln\u0105 i bezpieczn\u0105 prac\u0119 w oparciu o umow\u0119 o prac\u0119 \u2013 dodaje Aleksandra Niemczyk.<\/p>\n<div id=\"attachment_113089\" style=\"width: 810px\" class=\"wp-caption aligncenter\"><img loading=\"lazy\" decoding=\"async\" aria-describedby=\"caption-attachment-113089\" src=\"https:\/\/www.24gliwice.pl\/wiadomosci\/wp-content\/uploads\/2018\/02\/1-Restauracja-Qubus-Hotel-Gliwice.jpg\" alt=\"\" width=\"800\" height=\"533\" class=\"size-full wp-image-113089\" srcset=\"https:\/\/www.24gliwice.pl\/wiadomosci\/wp-content\/uploads\/2018\/02\/1-Restauracja-Qubus-Hotel-Gliwice.jpg 800w, https:\/\/www.24gliwice.pl\/wiadomosci\/wp-content\/uploads\/2018\/02\/1-Restauracja-Qubus-Hotel-Gliwice-348x232.jpg 348w, https:\/\/www.24gliwice.pl\/wiadomosci\/wp-content\/uploads\/2018\/02\/1-Restauracja-Qubus-Hotel-Gliwice-768x512.jpg 768w, https:\/\/www.24gliwice.pl\/wiadomosci\/wp-content\/uploads\/2018\/02\/1-Restauracja-Qubus-Hotel-Gliwice-683x455.jpg 683w\" sizes=\"auto, (max-width: 800px) 100vw, 800px\" \/><p id=\"caption-attachment-113089\" class=\"wp-caption-text\">Restauracja Qubus Hotel Gliwice<\/p><\/div>\n<h4>Ciekawostki:<\/h4>\n<p>Od pocz\u0105tku istnienia w restauracji hotelowej sprzedano ponad <strong> 130 000 da\u0144<\/strong>. Przez ten czas go\u015bcie wypili te\u017c <strong>25 tys. litr\u00f3w kawy<\/strong>. Zjedli r\u00f3wnie\u017c ponad <strong>9 ton bekonu<\/strong> (tyle wa\u017cy np. 750 sztabek z\u0142ota) i 6 ton sera. Kucharze przygotowali ponad <strong>311 tys. jajek<\/strong> o \u0142\u0105cznej wadze 18 ton, to tyle ile wa\u017c\u0105 razem 2 s\u0142onie afryka\u0144skie.  <\/p>\n<div id=\"attachment_113086\" style=\"width: 810px\" class=\"wp-caption aligncenter\"><img loading=\"lazy\" decoding=\"async\" aria-describedby=\"caption-attachment-113086\" src=\"https:\/\/www.24gliwice.pl\/wiadomosci\/wp-content\/uploads\/2018\/02\/1-Przyj\u0119cia-w-Qubus-Hotel-Gliwice.jpg\" alt=\"\" width=\"800\" height=\"533\" class=\"size-full wp-image-113086\" srcset=\"https:\/\/www.24gliwice.pl\/wiadomosci\/wp-content\/uploads\/2018\/02\/1-Przyj\u0119cia-w-Qubus-Hotel-Gliwice.jpg 800w, https:\/\/www.24gliwice.pl\/wiadomosci\/wp-content\/uploads\/2018\/02\/1-Przyj\u0119cia-w-Qubus-Hotel-Gliwice-348x232.jpg 348w, https:\/\/www.24gliwice.pl\/wiadomosci\/wp-content\/uploads\/2018\/02\/1-Przyj\u0119cia-w-Qubus-Hotel-Gliwice-768x512.jpg 768w, https:\/\/www.24gliwice.pl\/wiadomosci\/wp-content\/uploads\/2018\/02\/1-Przyj\u0119cia-w-Qubus-Hotel-Gliwice-683x455.jpg 683w\" sizes=\"auto, (max-width: 800px) 100vw, 800px\" \/><p id=\"caption-attachment-113086\" class=\"wp-caption-text\">Przyj\u0119cia w Qubus Hotel Gliwice<\/p><\/div>\n<div class=\"gliwi-a5-na-koncu-artykulow gliwi-entity-placement\" id=\"gliwi-2467422214\"><div class=\"gliwi-adlabel\"><span style=\"font-size: 9px\">REKLAMA<\/span><\/div><div id=\"gliwi-1741121899\" style=\"margin-left: auto;margin-right: auto;text-align: center;\"><a data-no-instant=\"1\" href=\"https:\/\/prezeroarenagliwice.pl\/\" rel=\"noopener\" class=\"a2t-link\" target=\"_blank\" aria-label=\"20260309-PREZERO-WIOSNA-D\"><img loading=\"lazy\" decoding=\"async\" src=\"https:\/\/www.24gliwice.pl\/wiadomosci\/wp-content\/uploads\/2026\/03\/20260309-PREZERO-WIOSNA-D.webp\" alt=\"\"  srcset=\"https:\/\/www.24gliwice.pl\/wiadomosci\/wp-content\/uploads\/2026\/03\/20260309-PREZERO-WIOSNA-D.webp 750w, https:\/\/www.24gliwice.pl\/wiadomosci\/wp-content\/uploads\/2026\/03\/20260309-PREZERO-WIOSNA-D-410x109.webp 410w\" sizes=\"(max-width: 750px) 100vw, 750px\" class=\"no-lazyload\" width=\"750\" height=\"200\"  style=\"display: inline-block; max-width: 100%; height: auto;\" \/><\/a><\/div><\/div>","protected":false},"excerpt":{"rendered":"<p>Qubus Hotel Gliwice od 15 lat cieszy si\u0119 du\u017cym zainteresowaniem go\u015bci biznesowych i indywidualnych. Od pocz\u0105tku istnienia odwiedzi\u0142o go ju\u017c 310\u00a0660 go\u015bci. To tak jakby w obiekcie nocowali niemal wszyscy mieszka\u0144cy Bia\u0142egostoku. Zarezerwowano w nim te\u017c w sumie 278\u00a0929 pokoi. Qubus Hotel Gliwice to jeden z 12 obiekt\u00f3w sieci Qubus Hotel. Cz\u0119sto wybieraj\u0105 go znane [&hellip;]<\/p>\n","protected":false},"author":4,"featured_media":113723,"comment_status":"closed","ping_status":"closed","sticky":false,"template":"","format":"standard","meta":{"_monsterinsights_skip_tracking":false,"_monsterinsights_sitenote_active":false,"_monsterinsights_sitenote_note":"","_monsterinsights_sitenote_category":0,"footnotes":"","_links_to":"","_links_to_target":""},"categories":[3,1,1129],"tags":[10469,8481],"class_list":["post-113081","post","type-post","status-publish","format-standard","has-post-thumbnail","hentry","category-gliwice","category-wszystko","category-polecamy","tag-hotel","tag-qubus"],"yoast_head":"<!-- This site is optimized with the Yoast SEO plugin v27.5 - https:\/\/yoast.com\/product\/yoast-seo-wordpress\/ -->\n<title>Jeden z najbardziej znanych hoteli w Gliwicach obchodzi swoje 15\u2013lecie - 24GLIWICE - Portal Gliwice | codziennie nowe informacje<\/title>\n<meta name=\"robots\" content=\"index, follow, max-snippet:-1, max-image-preview:large, max-video-preview:-1\" \/>\n<link rel=\"canonical\" href=\"https:\/\/www.24gliwice.pl\/wiadomosci\/jeden-z-najbardziej-znanych-hoteli-w-gliwicach-obchodzi-swoje-15-lecie\/\" \/>\n<meta property=\"og:locale\" content=\"pl_PL\" \/>\n<meta property=\"og:type\" content=\"article\" \/>\n<meta property=\"og:title\" content=\"Jeden z najbardziej znanych hoteli w Gliwicach obchodzi swoje 15\u2013lecie - 24GLIWICE - Portal Gliwice | codziennie nowe informacje\" \/>\n<meta property=\"og:description\" content=\"Qubus Hotel Gliwice od 15 lat cieszy si\u0119 du\u017cym zainteresowaniem go\u015bci biznesowych i indywidualnych. Od pocz\u0105tku istnienia odwiedzi\u0142o go ju\u017c 310\u00a0660 go\u015bci. To tak jakby w obiekcie nocowali niemal wszyscy mieszka\u0144cy Bia\u0142egostoku. Zarezerwowano w nim te\u017c w sumie 278\u00a0929 pokoi. Qubus Hotel Gliwice to jeden z 12 obiekt\u00f3w sieci Qubus Hotel. Cz\u0119sto wybieraj\u0105 go znane [&hellip;]\" \/>\n<meta property=\"og:url\" content=\"https:\/\/www.24gliwice.pl\/wiadomosci\/jeden-z-najbardziej-znanych-hoteli-w-gliwicach-obchodzi-swoje-15-lecie\/\" \/>\n<meta property=\"og:site_name\" content=\"24GLIWICE - Portal Gliwice | codziennie nowe informacje\" \/>\n<meta property=\"article:publisher\" content=\"https:\/\/www.facebook.com\/24gliwice\" \/>\n<meta property=\"article:author\" content=\"https:\/\/www.facebook.com\/marcin.fabrykowski\" \/>\n<meta property=\"article:published_time\" content=\"2018-03-09T13:15:20+00:00\" \/>\n<meta property=\"article:modified_time\" content=\"2018-03-21T09:12:55+00:00\" \/>\n<meta property=\"og:image\" content=\"https:\/\/www.24gliwice.pl\/wiadomosci\/wp-content\/uploads\/2016\/02\/qubus-hotel-gliwice.jpg\" \/>\n\t<meta property=\"og:image:width\" content=\"1186\" \/>\n\t<meta property=\"og:image:height\" content=\"640\" \/>\n\t<meta property=\"og:image:type\" content=\"image\/jpeg\" \/>\n<meta name=\"author\" content=\"Marcin Fabrykowski\" \/>\n<meta name=\"twitter:card\" content=\"summary_large_image\" \/>\n<meta name=\"twitter:creator\" content=\"@24gliwice\" \/>\n<meta name=\"twitter:site\" content=\"@24gliwice\" \/>\n<meta name=\"twitter:label1\" content=\"Napisane przez\" \/>\n\t<meta name=\"twitter:data1\" content=\"Marcin Fabrykowski\" \/>\n\t<meta name=\"twitter:label2\" content=\"Szacowany czas czytania\" \/>\n\t<meta name=\"twitter:data2\" content=\"2 minuty\" \/>\n<script type=\"application\/ld+json\" class=\"yoast-schema-graph\">{\"@context\":\"https:\\\/\\\/schema.org\",\"@graph\":[{\"@type\":\"Article\",\"@id\":\"https:\\\/\\\/www.24gliwice.pl\\\/wiadomosci\\\/jeden-z-najbardziej-znanych-hoteli-w-gliwicach-obchodzi-swoje-15-lecie\\\/#article\",\"isPartOf\":{\"@id\":\"https:\\\/\\\/www.24gliwice.pl\\\/wiadomosci\\\/jeden-z-najbardziej-znanych-hoteli-w-gliwicach-obchodzi-swoje-15-lecie\\\/\"},\"author\":{\"name\":\"Marcin Fabrykowski\",\"@id\":\"https:\\\/\\\/www.24gliwice.pl\\\/wiadomosci\\\/#\\\/schema\\\/person\\\/cb5857e4a4d048c15984c1edcc8ef0c0\"},\"headline\":\"Jeden z najbardziej znanych hoteli w Gliwicach obchodzi swoje 15\u2013lecie\",\"datePublished\":\"2018-03-09T13:15:20+00:00\",\"dateModified\":\"2018-03-21T09:12:55+00:00\",\"mainEntityOfPage\":{\"@id\":\"https:\\\/\\\/www.24gliwice.pl\\\/wiadomosci\\\/jeden-z-najbardziej-znanych-hoteli-w-gliwicach-obchodzi-swoje-15-lecie\\\/\"},\"wordCount\":405,\"publisher\":{\"@id\":\"https:\\\/\\\/www.24gliwice.pl\\\/wiadomosci\\\/#organization\"},\"image\":{\"@id\":\"https:\\\/\\\/www.24gliwice.pl\\\/wiadomosci\\\/jeden-z-najbardziej-znanych-hoteli-w-gliwicach-obchodzi-swoje-15-lecie\\\/#primaryimage\"},\"thumbnailUrl\":\"https:\\\/\\\/www.24gliwice.pl\\\/wiadomosci\\\/wp-content\\\/uploads\\\/2016\\\/02\\\/qubus-hotel-gliwice.jpg\",\"keywords\":[\"hotel\",\"qubus\"],\"articleSection\":[\"Gliwice\",\"Najnowsze wiadomo\u015bci\",\"Polecamy\"],\"inLanguage\":\"pl-PL\"},{\"@type\":\"WebPage\",\"@id\":\"https:\\\/\\\/www.24gliwice.pl\\\/wiadomosci\\\/jeden-z-najbardziej-znanych-hoteli-w-gliwicach-obchodzi-swoje-15-lecie\\\/\",\"url\":\"https:\\\/\\\/www.24gliwice.pl\\\/wiadomosci\\\/jeden-z-najbardziej-znanych-hoteli-w-gliwicach-obchodzi-swoje-15-lecie\\\/\",\"name\":\"Jeden z najbardziej znanych hoteli w Gliwicach obchodzi swoje 15\u2013lecie - 24GLIWICE - Portal Gliwice | codziennie nowe informacje\",\"isPartOf\":{\"@id\":\"https:\\\/\\\/www.24gliwice.pl\\\/wiadomosci\\\/#website\"},\"primaryImageOfPage\":{\"@id\":\"https:\\\/\\\/www.24gliwice.pl\\\/wiadomosci\\\/jeden-z-najbardziej-znanych-hoteli-w-gliwicach-obchodzi-swoje-15-lecie\\\/#primaryimage\"},\"image\":{\"@id\":\"https:\\\/\\\/www.24gliwice.pl\\\/wiadomosci\\\/jeden-z-najbardziej-znanych-hoteli-w-gliwicach-obchodzi-swoje-15-lecie\\\/#primaryimage\"},\"thumbnailUrl\":\"https:\\\/\\\/www.24gliwice.pl\\\/wiadomosci\\\/wp-content\\\/uploads\\\/2016\\\/02\\\/qubus-hotel-gliwice.jpg\",\"datePublished\":\"2018-03-09T13:15:20+00:00\",\"dateModified\":\"2018-03-21T09:12:55+00:00\",\"breadcrumb\":{\"@id\":\"https:\\\/\\\/www.24gliwice.pl\\\/wiadomosci\\\/jeden-z-najbardziej-znanych-hoteli-w-gliwicach-obchodzi-swoje-15-lecie\\\/#breadcrumb\"},\"inLanguage\":\"pl-PL\",\"potentialAction\":[{\"@type\":\"ReadAction\",\"target\":[\"https:\\\/\\\/www.24gliwice.pl\\\/wiadomosci\\\/jeden-z-najbardziej-znanych-hoteli-w-gliwicach-obchodzi-swoje-15-lecie\\\/\"]}]},{\"@type\":\"ImageObject\",\"inLanguage\":\"pl-PL\",\"@id\":\"https:\\\/\\\/www.24gliwice.pl\\\/wiadomosci\\\/jeden-z-najbardziej-znanych-hoteli-w-gliwicach-obchodzi-swoje-15-lecie\\\/#primaryimage\",\"url\":\"https:\\\/\\\/www.24gliwice.pl\\\/wiadomosci\\\/wp-content\\\/uploads\\\/2016\\\/02\\\/qubus-hotel-gliwice.jpg\",\"contentUrl\":\"https:\\\/\\\/www.24gliwice.pl\\\/wiadomosci\\\/wp-content\\\/uploads\\\/2016\\\/02\\\/qubus-hotel-gliwice.jpg\",\"width\":1186,\"height\":640,\"caption\":\"Recepcja Qubus Hotel Gliwice\"},{\"@type\":\"BreadcrumbList\",\"@id\":\"https:\\\/\\\/www.24gliwice.pl\\\/wiadomosci\\\/jeden-z-najbardziej-znanych-hoteli-w-gliwicach-obchodzi-swoje-15-lecie\\\/#breadcrumb\",\"itemListElement\":[{\"@type\":\"ListItem\",\"position\":1,\"name\":\"Strona g\u0142\u00f3wna\",\"item\":\"https:\\\/\\\/www.24gliwice.pl\\\/wiadomosci\\\/\"},{\"@type\":\"ListItem\",\"position\":2,\"name\":\"Jeden z najbardziej znanych hoteli w Gliwicach obchodzi swoje 15\u2013lecie\"}]},{\"@type\":\"WebSite\",\"@id\":\"https:\\\/\\\/www.24gliwice.pl\\\/wiadomosci\\\/#website\",\"url\":\"https:\\\/\\\/www.24gliwice.pl\\\/wiadomosci\\\/\",\"name\":\"24GLIWICE - Portal Gliwice | codziennie nowe wiadomo\u015bci\",\"description\":\"Portal Miejski Gliwice\",\"publisher\":{\"@id\":\"https:\\\/\\\/www.24gliwice.pl\\\/wiadomosci\\\/#organization\"},\"potentialAction\":[{\"@type\":\"SearchAction\",\"target\":{\"@type\":\"EntryPoint\",\"urlTemplate\":\"https:\\\/\\\/www.24gliwice.pl\\\/wiadomosci\\\/?s={search_term_string}\"},\"query-input\":{\"@type\":\"PropertyValueSpecification\",\"valueRequired\":true,\"valueName\":\"search_term_string\"}}],\"inLanguage\":\"pl-PL\"},{\"@type\":\"Organization\",\"@id\":\"https:\\\/\\\/www.24gliwice.pl\\\/wiadomosci\\\/#organization\",\"name\":\"24gliwice\",\"url\":\"https:\\\/\\\/www.24gliwice.pl\\\/wiadomosci\\\/\",\"logo\":{\"@type\":\"ImageObject\",\"inLanguage\":\"pl-PL\",\"@id\":\"https:\\\/\\\/www.24gliwice.pl\\\/wiadomosci\\\/#\\\/schema\\\/logo\\\/image\\\/\",\"url\":\"https:\\\/\\\/www.24gliwice.pl\\\/wiadomosci\\\/wp-content\\\/uploads\\\/2024\\\/10\\\/24gliwice-logo-696.jpg\",\"contentUrl\":\"https:\\\/\\\/www.24gliwice.pl\\\/wiadomosci\\\/wp-content\\\/uploads\\\/2024\\\/10\\\/24gliwice-logo-696.jpg\",\"width\":696,\"height\":696,\"caption\":\"24gliwice\"},\"image\":{\"@id\":\"https:\\\/\\\/www.24gliwice.pl\\\/wiadomosci\\\/#\\\/schema\\\/logo\\\/image\\\/\"},\"sameAs\":[\"https:\\\/\\\/www.facebook.com\\\/24gliwice\",\"https:\\\/\\\/x.com\\\/24gliwice\",\"https:\\\/\\\/www.youtube.com\\\/@24gliwice\"]},{\"@type\":\"Person\",\"@id\":\"https:\\\/\\\/www.24gliwice.pl\\\/wiadomosci\\\/#\\\/schema\\\/person\\\/cb5857e4a4d048c15984c1edcc8ef0c0\",\"name\":\"Marcin Fabrykowski\",\"image\":{\"@type\":\"ImageObject\",\"inLanguage\":\"pl-PL\",\"@id\":\"https:\\\/\\\/www.24gliwice.pl\\\/wiadomosci\\\/wp-content\\\/uploads\\\/2025\\\/11\\\/zdjecie-moje-marcin-300-96x96.jpg\",\"url\":\"https:\\\/\\\/www.24gliwice.pl\\\/wiadomosci\\\/wp-content\\\/uploads\\\/2025\\\/11\\\/zdjecie-moje-marcin-300-96x96.jpg\",\"contentUrl\":\"https:\\\/\\\/www.24gliwice.pl\\\/wiadomosci\\\/wp-content\\\/uploads\\\/2025\\\/11\\\/zdjecie-moje-marcin-300-96x96.jpg\",\"caption\":\"Marcin Fabrykowski\"},\"sameAs\":[\"http:\\\/\\\/24gliwice.pl\",\"https:\\\/\\\/www.facebook.com\\\/marcin.fabrykowski\"],\"url\":\"https:\\\/\\\/www.24gliwice.pl\\\/wiadomosci\\\/author\\\/marcin-fabrykowski\\\/\"}]}<\/script>\n<!-- \/ Yoast SEO plugin. -->","yoast_head_json":{"title":"Jeden z najbardziej znanych hoteli w Gliwicach obchodzi swoje 15\u2013lecie - 24GLIWICE - Portal Gliwice | codziennie nowe informacje","robots":{"index":"index","follow":"follow","max-snippet":"max-snippet:-1","max-image-preview":"max-image-preview:large","max-video-preview":"max-video-preview:-1"},"canonical":"https:\/\/www.24gliwice.pl\/wiadomosci\/jeden-z-najbardziej-znanych-hoteli-w-gliwicach-obchodzi-swoje-15-lecie\/","og_locale":"pl_PL","og_type":"article","og_title":"Jeden z najbardziej znanych hoteli w Gliwicach obchodzi swoje 15\u2013lecie - 24GLIWICE - Portal Gliwice | codziennie nowe informacje","og_description":"Qubus Hotel Gliwice od 15 lat cieszy si\u0119 du\u017cym zainteresowaniem go\u015bci biznesowych i indywidualnych. Od pocz\u0105tku istnienia odwiedzi\u0142o go ju\u017c 310\u00a0660 go\u015bci. To tak jakby w obiekcie nocowali niemal wszyscy mieszka\u0144cy Bia\u0142egostoku. Zarezerwowano w nim te\u017c w sumie 278\u00a0929 pokoi. Qubus Hotel Gliwice to jeden z 12 obiekt\u00f3w sieci Qubus Hotel. Cz\u0119sto wybieraj\u0105 go znane [&hellip;]","og_url":"https:\/\/www.24gliwice.pl\/wiadomosci\/jeden-z-najbardziej-znanych-hoteli-w-gliwicach-obchodzi-swoje-15-lecie\/","og_site_name":"24GLIWICE - Portal Gliwice | codziennie nowe informacje","article_publisher":"https:\/\/www.facebook.com\/24gliwice","article_author":"https:\/\/www.facebook.com\/marcin.fabrykowski","article_published_time":"2018-03-09T13:15:20+00:00","article_modified_time":"2018-03-21T09:12:55+00:00","og_image":[{"width":1186,"height":640,"url":"https:\/\/www.24gliwice.pl\/wiadomosci\/wp-content\/uploads\/2016\/02\/qubus-hotel-gliwice.jpg","type":"image\/jpeg"}],"author":"Marcin Fabrykowski","twitter_card":"summary_large_image","twitter_creator":"@24gliwice","twitter_site":"@24gliwice","twitter_misc":{"Napisane przez":"Marcin Fabrykowski","Szacowany czas czytania":"2 minuty"},"schema":{"@context":"https:\/\/schema.org","@graph":[{"@type":"Article","@id":"https:\/\/www.24gliwice.pl\/wiadomosci\/jeden-z-najbardziej-znanych-hoteli-w-gliwicach-obchodzi-swoje-15-lecie\/#article","isPartOf":{"@id":"https:\/\/www.24gliwice.pl\/wiadomosci\/jeden-z-najbardziej-znanych-hoteli-w-gliwicach-obchodzi-swoje-15-lecie\/"},"author":{"name":"Marcin Fabrykowski","@id":"https:\/\/www.24gliwice.pl\/wiadomosci\/#\/schema\/person\/cb5857e4a4d048c15984c1edcc8ef0c0"},"headline":"Jeden z najbardziej znanych hoteli w Gliwicach obchodzi swoje 15\u2013lecie","datePublished":"2018-03-09T13:15:20+00:00","dateModified":"2018-03-21T09:12:55+00:00","mainEntityOfPage":{"@id":"https:\/\/www.24gliwice.pl\/wiadomosci\/jeden-z-najbardziej-znanych-hoteli-w-gliwicach-obchodzi-swoje-15-lecie\/"},"wordCount":405,"publisher":{"@id":"https:\/\/www.24gliwice.pl\/wiadomosci\/#organization"},"image":{"@id":"https:\/\/www.24gliwice.pl\/wiadomosci\/jeden-z-najbardziej-znanych-hoteli-w-gliwicach-obchodzi-swoje-15-lecie\/#primaryimage"},"thumbnailUrl":"https:\/\/www.24gliwice.pl\/wiadomosci\/wp-content\/uploads\/2016\/02\/qubus-hotel-gliwice.jpg","keywords":["hotel","qubus"],"articleSection":["Gliwice","Najnowsze wiadomo\u015bci","Polecamy"],"inLanguage":"pl-PL"},{"@type":"WebPage","@id":"https:\/\/www.24gliwice.pl\/wiadomosci\/jeden-z-najbardziej-znanych-hoteli-w-gliwicach-obchodzi-swoje-15-lecie\/","url":"https:\/\/www.24gliwice.pl\/wiadomosci\/jeden-z-najbardziej-znanych-hoteli-w-gliwicach-obchodzi-swoje-15-lecie\/","name":"Jeden z najbardziej znanych hoteli w Gliwicach obchodzi swoje 15\u2013lecie - 24GLIWICE - Portal Gliwice | codziennie nowe informacje","isPartOf":{"@id":"https:\/\/www.24gliwice.pl\/wiadomosci\/#website"},"primaryImageOfPage":{"@id":"https:\/\/www.24gliwice.pl\/wiadomosci\/jeden-z-najbardziej-znanych-hoteli-w-gliwicach-obchodzi-swoje-15-lecie\/#primaryimage"},"image":{"@id":"https:\/\/www.24gliwice.pl\/wiadomosci\/jeden-z-najbardziej-znanych-hoteli-w-gliwicach-obchodzi-swoje-15-lecie\/#primaryimage"},"thumbnailUrl":"https:\/\/www.24gliwice.pl\/wiadomosci\/wp-content\/uploads\/2016\/02\/qubus-hotel-gliwice.jpg","datePublished":"2018-03-09T13:15:20+00:00","dateModified":"2018-03-21T09:12:55+00:00","breadcrumb":{"@id":"https:\/\/www.24gliwice.pl\/wiadomosci\/jeden-z-najbardziej-znanych-hoteli-w-gliwicach-obchodzi-swoje-15-lecie\/#breadcrumb"},"inLanguage":"pl-PL","potentialAction":[{"@type":"ReadAction","target":["https:\/\/www.24gliwice.pl\/wiadomosci\/jeden-z-najbardziej-znanych-hoteli-w-gliwicach-obchodzi-swoje-15-lecie\/"]}]},{"@type":"ImageObject","inLanguage":"pl-PL","@id":"https:\/\/www.24gliwice.pl\/wiadomosci\/jeden-z-najbardziej-znanych-hoteli-w-gliwicach-obchodzi-swoje-15-lecie\/#primaryimage","url":"https:\/\/www.24gliwice.pl\/wiadomosci\/wp-content\/uploads\/2016\/02\/qubus-hotel-gliwice.jpg","contentUrl":"https:\/\/www.24gliwice.pl\/wiadomosci\/wp-content\/uploads\/2016\/02\/qubus-hotel-gliwice.jpg","width":1186,"height":640,"caption":"Recepcja Qubus Hotel Gliwice"},{"@type":"BreadcrumbList","@id":"https:\/\/www.24gliwice.pl\/wiadomosci\/jeden-z-najbardziej-znanych-hoteli-w-gliwicach-obchodzi-swoje-15-lecie\/#breadcrumb","itemListElement":[{"@type":"ListItem","position":1,"name":"Strona g\u0142\u00f3wna","item":"https:\/\/www.24gliwice.pl\/wiadomosci\/"},{"@type":"ListItem","position":2,"name":"Jeden z najbardziej znanych hoteli w Gliwicach obchodzi swoje 15\u2013lecie"}]},{"@type":"WebSite","@id":"https:\/\/www.24gliwice.pl\/wiadomosci\/#website","url":"https:\/\/www.24gliwice.pl\/wiadomosci\/","name":"24GLIWICE - Portal Gliwice | codziennie nowe wiadomo\u015bci","description":"Portal Miejski Gliwice","publisher":{"@id":"https:\/\/www.24gliwice.pl\/wiadomosci\/#organization"},"potentialAction":[{"@type":"SearchAction","target":{"@type":"EntryPoint","urlTemplate":"https:\/\/www.24gliwice.pl\/wiadomosci\/?s={search_term_string}"},"query-input":{"@type":"PropertyValueSpecification","valueRequired":true,"valueName":"search_term_string"}}],"inLanguage":"pl-PL"},{"@type":"Organization","@id":"https:\/\/www.24gliwice.pl\/wiadomosci\/#organization","name":"24gliwice","url":"https:\/\/www.24gliwice.pl\/wiadomosci\/","logo":{"@type":"ImageObject","inLanguage":"pl-PL","@id":"https:\/\/www.24gliwice.pl\/wiadomosci\/#\/schema\/logo\/image\/","url":"https:\/\/www.24gliwice.pl\/wiadomosci\/wp-content\/uploads\/2024\/10\/24gliwice-logo-696.jpg","contentUrl":"https:\/\/www.24gliwice.pl\/wiadomosci\/wp-content\/uploads\/2024\/10\/24gliwice-logo-696.jpg","width":696,"height":696,"caption":"24gliwice"},"image":{"@id":"https:\/\/www.24gliwice.pl\/wiadomosci\/#\/schema\/logo\/image\/"},"sameAs":["https:\/\/www.facebook.com\/24gliwice","https:\/\/x.com\/24gliwice","https:\/\/www.youtube.com\/@24gliwice"]},{"@type":"Person","@id":"https:\/\/www.24gliwice.pl\/wiadomosci\/#\/schema\/person\/cb5857e4a4d048c15984c1edcc8ef0c0","name":"Marcin Fabrykowski","image":{"@type":"ImageObject","inLanguage":"pl-PL","@id":"https:\/\/www.24gliwice.pl\/wiadomosci\/wp-content\/uploads\/2025\/11\/zdjecie-moje-marcin-300-96x96.jpg","url":"https:\/\/www.24gliwice.pl\/wiadomosci\/wp-content\/uploads\/2025\/11\/zdjecie-moje-marcin-300-96x96.jpg","contentUrl":"https:\/\/www.24gliwice.pl\/wiadomosci\/wp-content\/uploads\/2025\/11\/zdjecie-moje-marcin-300-96x96.jpg","caption":"Marcin Fabrykowski"},"sameAs":["http:\/\/24gliwice.pl","https:\/\/www.facebook.com\/marcin.fabrykowski"],"url":"https:\/\/www.24gliwice.pl\/wiadomosci\/author\/marcin-fabrykowski\/"}]}},"_links":{"self":[{"href":"https:\/\/www.24gliwice.pl\/wiadomosci\/wp-json\/wp\/v2\/posts\/113081","targetHints":{"allow":["GET"]}}],"collection":[{"href":"https:\/\/www.24gliwice.pl\/wiadomosci\/wp-json\/wp\/v2\/posts"}],"about":[{"href":"https:\/\/www.24gliwice.pl\/wiadomosci\/wp-json\/wp\/v2\/types\/post"}],"author":[{"embeddable":true,"href":"https:\/\/www.24gliwice.pl\/wiadomosci\/wp-json\/wp\/v2\/users\/4"}],"replies":[{"embeddable":true,"href":"https:\/\/www.24gliwice.pl\/wiadomosci\/wp-json\/wp\/v2\/comments?post=113081"}],"version-history":[{"count":0,"href":"https:\/\/www.24gliwice.pl\/wiadomosci\/wp-json\/wp\/v2\/posts\/113081\/revisions"}],"wp:featuredmedia":[{"embeddable":true,"href":"https:\/\/www.24gliwice.pl\/wiadomosci\/wp-json\/wp\/v2\/media\/113723"}],"wp:attachment":[{"href":"https:\/\/www.24gliwice.pl\/wiadomosci\/wp-json\/wp\/v2\/media?parent=113081"}],"wp:term":[{"taxonomy":"category","embeddable":true,"href":"https:\/\/www.24gliwice.pl\/wiadomosci\/wp-json\/wp\/v2\/categories?post=113081"},{"taxonomy":"post_tag","embeddable":true,"href":"https:\/\/www.24gliwice.pl\/wiadomosci\/wp-json\/wp\/v2\/tags?post=113081"}],"curies":[{"name":"wp","href":"https:\/\/api.w.org\/{rel}","templated":true}]}}