{"id":113125,"date":"2018-03-02T01:05:59","date_gmt":"2018-03-02T00:05:59","guid":{"rendered":"http:\/\/www.24gliwice.pl\/wiadomosci\/?p=113125"},"modified":"2018-03-15T01:33:21","modified_gmt":"2018-03-15T00:33:21","slug":"na-modernizacje-parku-chrobrego-wydamy-mniej-o-13-mln-zlotych-to-efekt-dwuletnich-staran","status":"publish","type":"post","link":"https:\/\/www.24gliwice.pl\/wiadomosci\/na-modernizacje-parku-chrobrego-wydamy-mniej-o-13-mln-zlotych-to-efekt-dwuletnich-staran\/","title":{"rendered":"Na modernizacj\u0119 Parku Chrobrego wydamy mniej o 1,3 mln z\u0142otych. To efekt dwuletnich stara\u0144"},"content":{"rendered":"<div class=\"gliwi-a6-nad-leadem-artykulow gliwi-entity-placement\" id=\"gliwi-2787163669\"><div class=\"gliwi-adlabel\"><span style=\"font-size: 9px\">REKLAMA<\/span><\/div><div id=\"gliwi-3092669824\" style=\"margin-bottom: 25px;margin-left: auto;margin-right: auto;text-align: center;\"><a data-no-instant=\"1\" href=\"https:\/\/dom100.eu\/\" rel=\"noopener\" class=\"a2t-link\" target=\"_blank\" aria-label=\"20260415 DOM100 D\"><img loading=\"lazy\" decoding=\"async\" src=\"https:\/\/www.24gliwice.pl\/wiadomosci\/wp-content\/uploads\/2026\/04\/20260415-DOM100-D.jpg\" alt=\"\"  srcset=\"https:\/\/www.24gliwice.pl\/wiadomosci\/wp-content\/uploads\/2026\/04\/20260415-DOM100-D.jpg 750w, https:\/\/www.24gliwice.pl\/wiadomosci\/wp-content\/uploads\/2026\/04\/20260415-DOM100-D-410x109.jpg 410w\" sizes=\"(max-width: 750px) 100vw, 750px\" class=\"no-lazyload\" width=\"750\" height=\"200\"  style=\"display: inline-block; max-width: 100%; height: auto;\" \/><\/a><\/div><\/div><h3>Park Chrobrego przechodzi metamorfoz\u0119. Jej ca\u0142kowity koszt to 7,8 mln z\u0142. Z bud\u017cetu miasta na ten cel zostanie wydane oko\u0142o 6,5 mln z\u0142, a ponad 1,3 mln z\u0142 uda\u0142o si\u0119 pozyska\u0107 ze \u015brodk\u00f3w unijnych.<\/h3>\n<p>W 2016 roku miasto wyst\u0105pi\u0142o z wnioskiem o dofinansowanie unijne prac modernizacyjnych w Parku Chrobrego. Dwuletnie starania przynios\u0142y efekt. Oznacza to, \u017ce Gliwice ze swojego portfela wydaj\u0105 na ten projekt mniej.<\/p>\n<p>Po zako\u0144czeniu prac Park Chrobrego, obok Areny Gliwice i miasteczka akademickiego ma sta\u0107 si\u0119 kolejn\u0105 wizyt\u00f3wk\u0105 miasta.<\/p><div class=\"gliwi-a3-w-tresci-artykulow gliwi-entity-placement\" id=\"gliwi-1289707305\"><div class=\"gliwi-adlabel\"><span style=\"font-size: 9px\">REKLAMA<\/span><\/div><div id=\"gliwi-3527409286\" style=\"margin-bottom: 30px;margin-left: auto;margin-right: auto;text-align: center;\"><a data-no-instant=\"1\" href=\"https:\/\/ogrodyandersa.pl\/\" rel=\"noopener\" class=\"a2t-link\" target=\"_blank\" aria-label=\"20260415 Ogrody Andersa KUP TERAZ D\"><img loading=\"lazy\" decoding=\"async\" src=\"https:\/\/www.24gliwice.pl\/wiadomosci\/wp-content\/uploads\/2026\/04\/20260415-Ogrody-Andersa-KUP-TERAZ-D.jpg\" alt=\"\"  srcset=\"https:\/\/www.24gliwice.pl\/wiadomosci\/wp-content\/uploads\/2026\/04\/20260415-Ogrody-Andersa-KUP-TERAZ-D.jpg 750w, https:\/\/www.24gliwice.pl\/wiadomosci\/wp-content\/uploads\/2026\/04\/20260415-Ogrody-Andersa-KUP-TERAZ-D-410x109.jpg 410w\" sizes=\"(max-width: 750px) 100vw, 750px\" class=\"no-lazyload\" width=\"750\" height=\"200\"  style=\"display: inline-block; max-width: 100%; height: auto;\" \/><\/a><\/div><\/div>\n<blockquote><p>Z atrakcji, kt\u00f3re tam zaplanowano, ch\u0119tnie skorzystaj\u0105 zar\u00f3wno spacerowicze odbywaj\u0105cy weekendowe rodzinne przechadzki, jak i uczestnicy wydarze\u0144 w nowoczesnej hali widowiskowo-sportowej przy ul. Akademickiej<\/p><\/blockquote>\n<p>&#8211; podaje <strong>Miejski Serwis Informacyjny<\/strong>.<\/p>\n<p>W \u201eChrobrym\u201d pojawi si\u0119 podniebna deskorolka, nowy plac zabaw, jedna z wi\u0119kszych w mie\u015bcie si\u0142owni pod chmurk\u0105, boisko do gry w bule i disc golfa, ogromne linarium, \u201erodeo\u201d i \u015bcie\u017cka zdrowia. Odnowione zostan\u0105 alejki, pojawi si\u0119 nowe, ekologiczne o\u015bwietlenie i mn\u00f3stwo zieleni \u2013 nowe trawniki, drzewa, krzewy, byliny, trawy ozdobne i ro\u015bliny cebulowe.<\/p>\n<div id='gallery-1' class='vce-gallery gallery galleryid-113125 gallery-columns-3 gallery-size-vce-lay-b'><div class=\"vce-gallery-big\"><div class=\"big-gallery-item item-0\" >\n\t\t\t<div class='gallery-icon'>\n\t\t\t\t<a href='https:\/\/www.24gliwice.pl\/wiadomosci\/wp-content\/uploads\/2018\/01\/urz\u0105dzenia-park-chrobrego-4.jpg'><img loading=\"lazy\" decoding=\"async\" width=\"810\" height=\"456\" src=\"https:\/\/www.24gliwice.pl\/wiadomosci\/wp-content\/uploads\/2018\/01\/urz\u0105dzenia-park-chrobrego-4-810x456.jpg\" class=\"attachment-vce-lay-a size-vce-lay-a\" alt=\"\" srcset=\"https:\/\/www.24gliwice.pl\/wiadomosci\/wp-content\/uploads\/2018\/01\/urz\u0105dzenia-park-chrobrego-4-810x456.jpg 810w, https:\/\/www.24gliwice.pl\/wiadomosci\/wp-content\/uploads\/2018\/01\/urz\u0105dzenia-park-chrobrego-4-410x232.jpg 410w, https:\/\/www.24gliwice.pl\/wiadomosci\/wp-content\/uploads\/2018\/01\/urz\u0105dzenia-park-chrobrego-4-768x432.jpg 768w, https:\/\/www.24gliwice.pl\/wiadomosci\/wp-content\/uploads\/2018\/01\/urz\u0105dzenia-park-chrobrego-4-1140x641.jpg 1140w, https:\/\/www.24gliwice.pl\/wiadomosci\/wp-content\/uploads\/2018\/01\/urz\u0105dzenia-park-chrobrego-4.jpg 1200w\" sizes=\"auto, (max-width: 810px) 100vw, 810px\" \/><\/a>\n\t\t\t<\/div><\/div><div class=\"big-gallery-item item-1\" style=\"display:none;\">\n\t\t\t<div class='gallery-icon'>\n\t\t\t\t<a href='https:\/\/www.24gliwice.pl\/wiadomosci\/wp-content\/uploads\/2018\/03\/1-park-chrobrego-3-001.jpg'><img loading=\"lazy\" decoding=\"async\" width=\"810\" height=\"456\" src=\"https:\/\/www.24gliwice.pl\/wiadomosci\/wp-content\/uploads\/2018\/03\/1-park-chrobrego-3-001-810x456.jpg\" class=\"attachment-vce-lay-a size-vce-lay-a\" alt=\"\" srcset=\"https:\/\/www.24gliwice.pl\/wiadomosci\/wp-content\/uploads\/2018\/03\/1-park-chrobrego-3-001-810x456.jpg 810w, https:\/\/www.24gliwice.pl\/wiadomosci\/wp-content\/uploads\/2018\/03\/1-park-chrobrego-3-001-410x232.jpg 410w, https:\/\/www.24gliwice.pl\/wiadomosci\/wp-content\/uploads\/2018\/03\/1-park-chrobrego-3-001-768x432.jpg 768w, https:\/\/www.24gliwice.pl\/wiadomosci\/wp-content\/uploads\/2018\/03\/1-park-chrobrego-3-001-1140x641.jpg 1140w, https:\/\/www.24gliwice.pl\/wiadomosci\/wp-content\/uploads\/2018\/03\/1-park-chrobrego-3-001.jpg 1200w\" sizes=\"auto, (max-width: 810px) 100vw, 810px\" \/><\/a>\n\t\t\t<\/div><\/div><div class=\"big-gallery-item item-2\" style=\"display:none;\">\n\t\t\t<div class='gallery-icon'>\n\t\t\t\t<a href='https:\/\/www.24gliwice.pl\/wiadomosci\/wp-content\/uploads\/2018\/03\/1-park-chrobrego-1-001.jpg'><img loading=\"lazy\" decoding=\"async\" width=\"810\" height=\"456\" src=\"https:\/\/www.24gliwice.pl\/wiadomosci\/wp-content\/uploads\/2018\/03\/1-park-chrobrego-1-001-810x456.jpg\" class=\"attachment-vce-lay-a size-vce-lay-a\" alt=\"\" srcset=\"https:\/\/www.24gliwice.pl\/wiadomosci\/wp-content\/uploads\/2018\/03\/1-park-chrobrego-1-001-810x456.jpg 810w, https:\/\/www.24gliwice.pl\/wiadomosci\/wp-content\/uploads\/2018\/03\/1-park-chrobrego-1-001-410x232.jpg 410w, https:\/\/www.24gliwice.pl\/wiadomosci\/wp-content\/uploads\/2018\/03\/1-park-chrobrego-1-001-768x432.jpg 768w, https:\/\/www.24gliwice.pl\/wiadomosci\/wp-content\/uploads\/2018\/03\/1-park-chrobrego-1-001-1140x641.jpg 1140w, https:\/\/www.24gliwice.pl\/wiadomosci\/wp-content\/uploads\/2018\/03\/1-park-chrobrego-1-001.jpg 1200w\" sizes=\"auto, (max-width: 810px) 100vw, 810px\" \/><\/a>\n\t\t\t<\/div><\/div><\/div><div class=\"vce-gallery-slider\" data-columns=\"3\"><figure class='gallery-item' data-item='0'>\n\t\t\t<div class='gallery-icon landscape'>\n\t\t\t\t<a href='https:\/\/www.24gliwice.pl\/wiadomosci\/wp-content\/uploads\/2018\/01\/urz\u0105dzenia-park-chrobrego-4.jpg'><img loading=\"lazy\" decoding=\"async\" width=\"375\" height=\"195\" src=\"https:\/\/www.24gliwice.pl\/wiadomosci\/wp-content\/uploads\/2018\/01\/urz\u0105dzenia-park-chrobrego-4-375x195.jpg\" class=\"attachment-vce-lay-b size-vce-lay-b\" alt=\"\" \/><\/a>\n\t\t\t<\/div><\/figure><figure class='gallery-item' data-item='1'>\n\t\t\t<div class='gallery-icon landscape'>\n\t\t\t\t<a href='https:\/\/www.24gliwice.pl\/wiadomosci\/wp-content\/uploads\/2018\/03\/1-park-chrobrego-3-001.jpg'><img loading=\"lazy\" decoding=\"async\" width=\"375\" height=\"195\" src=\"https:\/\/www.24gliwice.pl\/wiadomosci\/wp-content\/uploads\/2018\/03\/1-park-chrobrego-3-001-375x195.jpg\" class=\"attachment-vce-lay-b size-vce-lay-b\" alt=\"\" \/><\/a>\n\t\t\t<\/div><\/figure><figure class='gallery-item' data-item='2'>\n\t\t\t<div class='gallery-icon landscape'>\n\t\t\t\t<a href='https:\/\/www.24gliwice.pl\/wiadomosci\/wp-content\/uploads\/2018\/03\/1-park-chrobrego-1-001.jpg'><img loading=\"lazy\" decoding=\"async\" width=\"375\" height=\"195\" src=\"https:\/\/www.24gliwice.pl\/wiadomosci\/wp-content\/uploads\/2018\/03\/1-park-chrobrego-1-001-375x195.jpg\" class=\"attachment-vce-lay-b size-vce-lay-b\" alt=\"\" \/><\/a>\n\t\t\t<\/div><\/figure><\/div><\/div>\n\n[perfectpullquote align=&#8221;full&#8221; bordertop=&#8221;false&#8221; cite=&#8221;&#8221; link=&#8221;&#8221; color=&#8221;&#8221; class=&#8221;&#8221; size=&#8221;&#8221;]Jak zapewnia MSI, park ju\u017c w drugiej po\u0142owie roku stanie si\u0119 atrakcyjnym miejscem relaksu i aktywnego wypoczynku. [\/perfectpullquote]\n<p>Inwestycj\u0119 w Parku Chrobrego realizuje Miejski Zarz\u0105d Us\u0142ug Komunalnych. Autorami projektu s\u0105 gliwickie biuro Visio Architects and Consultants oraz gliwicka Pracownia 44STO specjalizuj\u0105ca si\u0119 w projektowaniu m.in. zieleni.<\/p>\n<p>(\u017cms)\/UM(mf)<br \/>\nfot. 24gliwice.pl<\/p>\n<div class=\"gliwi-a5-na-koncu-artykulow gliwi-entity-placement\" id=\"gliwi-1819379887\"><div class=\"gliwi-adlabel\"><span style=\"font-size: 9px\">REKLAMA<\/span><\/div><div id=\"gliwi-173763223\" style=\"margin-left: auto;margin-right: auto;text-align: center;\"><a data-no-instant=\"1\" href=\"https:\/\/prezeroarenagliwice.pl\/\" rel=\"noopener\" class=\"a2t-link\" target=\"_blank\" aria-label=\"20260309-PREZERO-WIOSNA-D\"><img loading=\"lazy\" decoding=\"async\" src=\"https:\/\/www.24gliwice.pl\/wiadomosci\/wp-content\/uploads\/2026\/03\/20260309-PREZERO-WIOSNA-D.webp\" alt=\"\"  srcset=\"https:\/\/www.24gliwice.pl\/wiadomosci\/wp-content\/uploads\/2026\/03\/20260309-PREZERO-WIOSNA-D.webp 750w, https:\/\/www.24gliwice.pl\/wiadomosci\/wp-content\/uploads\/2026\/03\/20260309-PREZERO-WIOSNA-D-410x109.webp 410w\" sizes=\"(max-width: 750px) 100vw, 750px\" class=\"no-lazyload\" width=\"750\" height=\"200\"  style=\"display: inline-block; max-width: 100%; height: auto;\" \/><\/a><\/div><\/div>","protected":false},"excerpt":{"rendered":"<p>Park Chrobrego przechodzi metamorfoz\u0119. Jej ca\u0142kowity koszt to 7,8 mln z\u0142. Z bud\u017cetu miasta na ten cel zostanie wydane oko\u0142o 6,5 mln z\u0142, a ponad 1,3 mln z\u0142 uda\u0142o si\u0119 pozyska\u0107 ze \u015brodk\u00f3w unijnych. W 2016 roku miasto wyst\u0105pi\u0142o z wnioskiem o dofinansowanie unijne prac modernizacyjnych w Parku Chrobrego. Dwuletnie starania przynios\u0142y efekt. Oznacza to, [&hellip;]<\/p>\n","protected":false},"author":15,"featured_media":113231,"comment_status":"open","ping_status":"closed","sticky":false,"template":"","format":"standard","meta":{"_monsterinsights_skip_tracking":false,"_monsterinsights_sitenote_active":false,"_monsterinsights_sitenote_note":"","_monsterinsights_sitenote_category":0,"footnotes":"","_links_to":"","_links_to_target":""},"categories":[3,1,9],"tags":[5739,8329,10608,9557,10387,8767,8770],"class_list":["post-113125","post","type-post","status-publish","format-standard","has-post-thumbnail","hentry","category-gliwice","category-wszystko","category-aktualnosci_lokalne","tag-dofinansowanie","tag-inwestycja","tag-linarium","tag-metamorfoza","tag-modernizacja","tag-park-chrobrego","tag-plac-zabaw"],"yoast_head":"<!-- This site is optimized with the Yoast SEO plugin v27.5 - https:\/\/yoast.com\/product\/yoast-seo-wordpress\/ -->\n<title>Na modernizacj\u0119 Parku Chrobrego wydamy mniej o 1,3 mln z\u0142otych. To efekt dwuletnich stara\u0144 - 24GLIWICE - Portal Gliwice | codziennie nowe informacje<\/title>\n<meta name=\"robots\" content=\"index, follow, max-snippet:-1, max-image-preview:large, max-video-preview:-1\" \/>\n<link rel=\"canonical\" href=\"https:\/\/www.24gliwice.pl\/wiadomosci\/na-modernizacje-parku-chrobrego-wydamy-mniej-o-13-mln-zlotych-to-efekt-dwuletnich-staran\/\" \/>\n<meta property=\"og:locale\" content=\"pl_PL\" \/>\n<meta property=\"og:type\" content=\"article\" \/>\n<meta property=\"og:title\" content=\"Na modernizacj\u0119 Parku Chrobrego wydamy mniej o 1,3 mln z\u0142otych. To efekt dwuletnich stara\u0144 - 24GLIWICE - Portal Gliwice | codziennie nowe informacje\" \/>\n<meta property=\"og:description\" content=\"Park Chrobrego przechodzi metamorfoz\u0119. Jej ca\u0142kowity koszt to 7,8 mln z\u0142. Z bud\u017cetu miasta na ten cel zostanie wydane oko\u0142o 6,5 mln z\u0142, a ponad 1,3 mln z\u0142 uda\u0142o si\u0119 pozyska\u0107 ze \u015brodk\u00f3w unijnych. W 2016 roku miasto wyst\u0105pi\u0142o z wnioskiem o dofinansowanie unijne prac modernizacyjnych w Parku Chrobrego. Dwuletnie starania przynios\u0142y efekt. Oznacza to, [&hellip;]\" \/>\n<meta property=\"og:url\" content=\"https:\/\/www.24gliwice.pl\/wiadomosci\/na-modernizacje-parku-chrobrego-wydamy-mniej-o-13-mln-zlotych-to-efekt-dwuletnich-staran\/\" \/>\n<meta property=\"og:site_name\" content=\"24GLIWICE - Portal Gliwice | codziennie nowe informacje\" \/>\n<meta property=\"article:publisher\" content=\"https:\/\/www.facebook.com\/24gliwice\" \/>\n<meta property=\"article:published_time\" content=\"2018-03-02T00:05:59+00:00\" \/>\n<meta property=\"article:modified_time\" content=\"2018-03-15T00:33:21+00:00\" \/>\n<meta property=\"og:image\" content=\"https:\/\/www.24gliwice.pl\/wiadomosci\/wp-content\/uploads\/2018\/03\/1-park-chrobrego-5.jpg\" \/>\n\t<meta property=\"og:image:width\" content=\"810\" \/>\n\t<meta property=\"og:image:height\" content=\"456\" \/>\n\t<meta property=\"og:image:type\" content=\"image\/jpeg\" \/>\n<meta name=\"author\" content=\"\u017baneta Mrozek-Siewierska\" \/>\n<meta name=\"twitter:card\" content=\"summary_large_image\" \/>\n<meta name=\"twitter:creator\" content=\"@24gliwice\" \/>\n<meta name=\"twitter:site\" content=\"@24gliwice\" \/>\n<meta name=\"twitter:label1\" content=\"Napisane przez\" \/>\n\t<meta name=\"twitter:data1\" content=\"\u017baneta Mrozek-Siewierska\" \/>\n\t<meta name=\"twitter:label2\" content=\"Szacowany czas czytania\" \/>\n\t<meta name=\"twitter:data2\" content=\"1 minuta\" \/>\n<script type=\"application\/ld+json\" class=\"yoast-schema-graph\">{\"@context\":\"https:\\\/\\\/schema.org\",\"@graph\":[{\"@type\":\"Article\",\"@id\":\"https:\\\/\\\/www.24gliwice.pl\\\/wiadomosci\\\/na-modernizacje-parku-chrobrego-wydamy-mniej-o-13-mln-zlotych-to-efekt-dwuletnich-staran\\\/#article\",\"isPartOf\":{\"@id\":\"https:\\\/\\\/www.24gliwice.pl\\\/wiadomosci\\\/na-modernizacje-parku-chrobrego-wydamy-mniej-o-13-mln-zlotych-to-efekt-dwuletnich-staran\\\/\"},\"author\":{\"name\":\"\u017baneta Mrozek-Siewierska\",\"@id\":\"https:\\\/\\\/www.24gliwice.pl\\\/wiadomosci\\\/#\\\/schema\\\/person\\\/e42c650edd7f2fa332be3811fb166b6e\"},\"headline\":\"Na modernizacj\u0119 Parku Chrobrego wydamy mniej o 1,3 mln z\u0142otych. To efekt dwuletnich stara\u0144\",\"datePublished\":\"2018-03-02T00:05:59+00:00\",\"dateModified\":\"2018-03-15T00:33:21+00:00\",\"mainEntityOfPage\":{\"@id\":\"https:\\\/\\\/www.24gliwice.pl\\\/wiadomosci\\\/na-modernizacje-parku-chrobrego-wydamy-mniej-o-13-mln-zlotych-to-efekt-dwuletnich-staran\\\/\"},\"wordCount\":263,\"commentCount\":0,\"publisher\":{\"@id\":\"https:\\\/\\\/www.24gliwice.pl\\\/wiadomosci\\\/#organization\"},\"image\":{\"@id\":\"https:\\\/\\\/www.24gliwice.pl\\\/wiadomosci\\\/na-modernizacje-parku-chrobrego-wydamy-mniej-o-13-mln-zlotych-to-efekt-dwuletnich-staran\\\/#primaryimage\"},\"thumbnailUrl\":\"https:\\\/\\\/www.24gliwice.pl\\\/wiadomosci\\\/wp-content\\\/uploads\\\/2018\\\/03\\\/1-park-chrobrego-5.jpg\",\"keywords\":[\"DOFINANSOWANIE\",\"INWESTYCJA\",\"linarium\",\"metamorfoza\",\"MODERNIZACJA\",\"PARK CHROBREGO\",\"plac zabaw\"],\"articleSection\":[\"Gliwice\",\"Najnowsze wiadomo\u015bci\",\"Portal Gliwice - Wiadomo\u015bci lokalne\"],\"inLanguage\":\"pl-PL\",\"potentialAction\":[{\"@type\":\"CommentAction\",\"name\":\"Comment\",\"target\":[\"https:\\\/\\\/www.24gliwice.pl\\\/wiadomosci\\\/na-modernizacje-parku-chrobrego-wydamy-mniej-o-13-mln-zlotych-to-efekt-dwuletnich-staran\\\/#respond\"]}]},{\"@type\":\"WebPage\",\"@id\":\"https:\\\/\\\/www.24gliwice.pl\\\/wiadomosci\\\/na-modernizacje-parku-chrobrego-wydamy-mniej-o-13-mln-zlotych-to-efekt-dwuletnich-staran\\\/\",\"url\":\"https:\\\/\\\/www.24gliwice.pl\\\/wiadomosci\\\/na-modernizacje-parku-chrobrego-wydamy-mniej-o-13-mln-zlotych-to-efekt-dwuletnich-staran\\\/\",\"name\":\"Na modernizacj\u0119 Parku Chrobrego wydamy mniej o 1,3 mln z\u0142otych. To efekt dwuletnich stara\u0144 - 24GLIWICE - Portal Gliwice | codziennie nowe informacje\",\"isPartOf\":{\"@id\":\"https:\\\/\\\/www.24gliwice.pl\\\/wiadomosci\\\/#website\"},\"primaryImageOfPage\":{\"@id\":\"https:\\\/\\\/www.24gliwice.pl\\\/wiadomosci\\\/na-modernizacje-parku-chrobrego-wydamy-mniej-o-13-mln-zlotych-to-efekt-dwuletnich-staran\\\/#primaryimage\"},\"image\":{\"@id\":\"https:\\\/\\\/www.24gliwice.pl\\\/wiadomosci\\\/na-modernizacje-parku-chrobrego-wydamy-mniej-o-13-mln-zlotych-to-efekt-dwuletnich-staran\\\/#primaryimage\"},\"thumbnailUrl\":\"https:\\\/\\\/www.24gliwice.pl\\\/wiadomosci\\\/wp-content\\\/uploads\\\/2018\\\/03\\\/1-park-chrobrego-5.jpg\",\"datePublished\":\"2018-03-02T00:05:59+00:00\",\"dateModified\":\"2018-03-15T00:33:21+00:00\",\"breadcrumb\":{\"@id\":\"https:\\\/\\\/www.24gliwice.pl\\\/wiadomosci\\\/na-modernizacje-parku-chrobrego-wydamy-mniej-o-13-mln-zlotych-to-efekt-dwuletnich-staran\\\/#breadcrumb\"},\"inLanguage\":\"pl-PL\",\"potentialAction\":[{\"@type\":\"ReadAction\",\"target\":[\"https:\\\/\\\/www.24gliwice.pl\\\/wiadomosci\\\/na-modernizacje-parku-chrobrego-wydamy-mniej-o-13-mln-zlotych-to-efekt-dwuletnich-staran\\\/\"]}]},{\"@type\":\"ImageObject\",\"inLanguage\":\"pl-PL\",\"@id\":\"https:\\\/\\\/www.24gliwice.pl\\\/wiadomosci\\\/na-modernizacje-parku-chrobrego-wydamy-mniej-o-13-mln-zlotych-to-efekt-dwuletnich-staran\\\/#primaryimage\",\"url\":\"https:\\\/\\\/www.24gliwice.pl\\\/wiadomosci\\\/wp-content\\\/uploads\\\/2018\\\/03\\\/1-park-chrobrego-5.jpg\",\"contentUrl\":\"https:\\\/\\\/www.24gliwice.pl\\\/wiadomosci\\\/wp-content\\\/uploads\\\/2018\\\/03\\\/1-park-chrobrego-5.jpg\",\"width\":810,\"height\":456},{\"@type\":\"BreadcrumbList\",\"@id\":\"https:\\\/\\\/www.24gliwice.pl\\\/wiadomosci\\\/na-modernizacje-parku-chrobrego-wydamy-mniej-o-13-mln-zlotych-to-efekt-dwuletnich-staran\\\/#breadcrumb\",\"itemListElement\":[{\"@type\":\"ListItem\",\"position\":1,\"name\":\"Strona g\u0142\u00f3wna\",\"item\":\"https:\\\/\\\/www.24gliwice.pl\\\/wiadomosci\\\/\"},{\"@type\":\"ListItem\",\"position\":2,\"name\":\"Na modernizacj\u0119 Parku Chrobrego wydamy mniej o 1,3 mln z\u0142otych. To efekt dwuletnich stara\u0144\"}]},{\"@type\":\"WebSite\",\"@id\":\"https:\\\/\\\/www.24gliwice.pl\\\/wiadomosci\\\/#website\",\"url\":\"https:\\\/\\\/www.24gliwice.pl\\\/wiadomosci\\\/\",\"name\":\"24GLIWICE - Portal Gliwice | codziennie nowe wiadomo\u015bci\",\"description\":\"Portal Miejski Gliwice\",\"publisher\":{\"@id\":\"https:\\\/\\\/www.24gliwice.pl\\\/wiadomosci\\\/#organization\"},\"potentialAction\":[{\"@type\":\"SearchAction\",\"target\":{\"@type\":\"EntryPoint\",\"urlTemplate\":\"https:\\\/\\\/www.24gliwice.pl\\\/wiadomosci\\\/?s={search_term_string}\"},\"query-input\":{\"@type\":\"PropertyValueSpecification\",\"valueRequired\":true,\"valueName\":\"search_term_string\"}}],\"inLanguage\":\"pl-PL\"},{\"@type\":\"Organization\",\"@id\":\"https:\\\/\\\/www.24gliwice.pl\\\/wiadomosci\\\/#organization\",\"name\":\"24gliwice\",\"url\":\"https:\\\/\\\/www.24gliwice.pl\\\/wiadomosci\\\/\",\"logo\":{\"@type\":\"ImageObject\",\"inLanguage\":\"pl-PL\",\"@id\":\"https:\\\/\\\/www.24gliwice.pl\\\/wiadomosci\\\/#\\\/schema\\\/logo\\\/image\\\/\",\"url\":\"https:\\\/\\\/www.24gliwice.pl\\\/wiadomosci\\\/wp-content\\\/uploads\\\/2024\\\/10\\\/24gliwice-logo-696.jpg\",\"contentUrl\":\"https:\\\/\\\/www.24gliwice.pl\\\/wiadomosci\\\/wp-content\\\/uploads\\\/2024\\\/10\\\/24gliwice-logo-696.jpg\",\"width\":696,\"height\":696,\"caption\":\"24gliwice\"},\"image\":{\"@id\":\"https:\\\/\\\/www.24gliwice.pl\\\/wiadomosci\\\/#\\\/schema\\\/logo\\\/image\\\/\"},\"sameAs\":[\"https:\\\/\\\/www.facebook.com\\\/24gliwice\",\"https:\\\/\\\/x.com\\\/24gliwice\",\"https:\\\/\\\/www.youtube.com\\\/@24gliwice\"]},{\"@type\":\"Person\",\"@id\":\"https:\\\/\\\/www.24gliwice.pl\\\/wiadomosci\\\/#\\\/schema\\\/person\\\/e42c650edd7f2fa332be3811fb166b6e\",\"name\":\"\u017baneta Mrozek-Siewierska\",\"image\":{\"@type\":\"ImageObject\",\"inLanguage\":\"pl-PL\",\"@id\":\"https:\\\/\\\/secure.gravatar.com\\\/avatar\\\/1881429e9c64597c77ad7aef2d0a19be69a3253e57534d16aa15bf3a4d34a0a3?s=96&d=mm&r=g\",\"url\":\"https:\\\/\\\/secure.gravatar.com\\\/avatar\\\/1881429e9c64597c77ad7aef2d0a19be69a3253e57534d16aa15bf3a4d34a0a3?s=96&d=mm&r=g\",\"contentUrl\":\"https:\\\/\\\/secure.gravatar.com\\\/avatar\\\/1881429e9c64597c77ad7aef2d0a19be69a3253e57534d16aa15bf3a4d34a0a3?s=96&d=mm&r=g\",\"caption\":\"\u017baneta Mrozek-Siewierska\"},\"url\":\"https:\\\/\\\/www.24gliwice.pl\\\/wiadomosci\\\/author\\\/zms\\\/\"}]}<\/script>\n<!-- \/ Yoast SEO plugin. -->","yoast_head_json":{"title":"Na modernizacj\u0119 Parku Chrobrego wydamy mniej o 1,3 mln z\u0142otych. To efekt dwuletnich stara\u0144 - 24GLIWICE - Portal Gliwice | codziennie nowe informacje","robots":{"index":"index","follow":"follow","max-snippet":"max-snippet:-1","max-image-preview":"max-image-preview:large","max-video-preview":"max-video-preview:-1"},"canonical":"https:\/\/www.24gliwice.pl\/wiadomosci\/na-modernizacje-parku-chrobrego-wydamy-mniej-o-13-mln-zlotych-to-efekt-dwuletnich-staran\/","og_locale":"pl_PL","og_type":"article","og_title":"Na modernizacj\u0119 Parku Chrobrego wydamy mniej o 1,3 mln z\u0142otych. To efekt dwuletnich stara\u0144 - 24GLIWICE - Portal Gliwice | codziennie nowe informacje","og_description":"Park Chrobrego przechodzi metamorfoz\u0119. Jej ca\u0142kowity koszt to 7,8 mln z\u0142. Z bud\u017cetu miasta na ten cel zostanie wydane oko\u0142o 6,5 mln z\u0142, a ponad 1,3 mln z\u0142 uda\u0142o si\u0119 pozyska\u0107 ze \u015brodk\u00f3w unijnych. W 2016 roku miasto wyst\u0105pi\u0142o z wnioskiem o dofinansowanie unijne prac modernizacyjnych w Parku Chrobrego. Dwuletnie starania przynios\u0142y efekt. Oznacza to, [&hellip;]","og_url":"https:\/\/www.24gliwice.pl\/wiadomosci\/na-modernizacje-parku-chrobrego-wydamy-mniej-o-13-mln-zlotych-to-efekt-dwuletnich-staran\/","og_site_name":"24GLIWICE - Portal Gliwice | codziennie nowe informacje","article_publisher":"https:\/\/www.facebook.com\/24gliwice","article_published_time":"2018-03-02T00:05:59+00:00","article_modified_time":"2018-03-15T00:33:21+00:00","og_image":[{"width":810,"height":456,"url":"https:\/\/www.24gliwice.pl\/wiadomosci\/wp-content\/uploads\/2018\/03\/1-park-chrobrego-5.jpg","type":"image\/jpeg"}],"author":"\u017baneta Mrozek-Siewierska","twitter_card":"summary_large_image","twitter_creator":"@24gliwice","twitter_site":"@24gliwice","twitter_misc":{"Napisane przez":"\u017baneta Mrozek-Siewierska","Szacowany czas czytania":"1 minuta"},"schema":{"@context":"https:\/\/schema.org","@graph":[{"@type":"Article","@id":"https:\/\/www.24gliwice.pl\/wiadomosci\/na-modernizacje-parku-chrobrego-wydamy-mniej-o-13-mln-zlotych-to-efekt-dwuletnich-staran\/#article","isPartOf":{"@id":"https:\/\/www.24gliwice.pl\/wiadomosci\/na-modernizacje-parku-chrobrego-wydamy-mniej-o-13-mln-zlotych-to-efekt-dwuletnich-staran\/"},"author":{"name":"\u017baneta Mrozek-Siewierska","@id":"https:\/\/www.24gliwice.pl\/wiadomosci\/#\/schema\/person\/e42c650edd7f2fa332be3811fb166b6e"},"headline":"Na modernizacj\u0119 Parku Chrobrego wydamy mniej o 1,3 mln z\u0142otych. To efekt dwuletnich stara\u0144","datePublished":"2018-03-02T00:05:59+00:00","dateModified":"2018-03-15T00:33:21+00:00","mainEntityOfPage":{"@id":"https:\/\/www.24gliwice.pl\/wiadomosci\/na-modernizacje-parku-chrobrego-wydamy-mniej-o-13-mln-zlotych-to-efekt-dwuletnich-staran\/"},"wordCount":263,"commentCount":0,"publisher":{"@id":"https:\/\/www.24gliwice.pl\/wiadomosci\/#organization"},"image":{"@id":"https:\/\/www.24gliwice.pl\/wiadomosci\/na-modernizacje-parku-chrobrego-wydamy-mniej-o-13-mln-zlotych-to-efekt-dwuletnich-staran\/#primaryimage"},"thumbnailUrl":"https:\/\/www.24gliwice.pl\/wiadomosci\/wp-content\/uploads\/2018\/03\/1-park-chrobrego-5.jpg","keywords":["DOFINANSOWANIE","INWESTYCJA","linarium","metamorfoza","MODERNIZACJA","PARK CHROBREGO","plac zabaw"],"articleSection":["Gliwice","Najnowsze wiadomo\u015bci","Portal Gliwice - Wiadomo\u015bci lokalne"],"inLanguage":"pl-PL","potentialAction":[{"@type":"CommentAction","name":"Comment","target":["https:\/\/www.24gliwice.pl\/wiadomosci\/na-modernizacje-parku-chrobrego-wydamy-mniej-o-13-mln-zlotych-to-efekt-dwuletnich-staran\/#respond"]}]},{"@type":"WebPage","@id":"https:\/\/www.24gliwice.pl\/wiadomosci\/na-modernizacje-parku-chrobrego-wydamy-mniej-o-13-mln-zlotych-to-efekt-dwuletnich-staran\/","url":"https:\/\/www.24gliwice.pl\/wiadomosci\/na-modernizacje-parku-chrobrego-wydamy-mniej-o-13-mln-zlotych-to-efekt-dwuletnich-staran\/","name":"Na modernizacj\u0119 Parku Chrobrego wydamy mniej o 1,3 mln z\u0142otych. To efekt dwuletnich stara\u0144 - 24GLIWICE - Portal Gliwice | codziennie nowe informacje","isPartOf":{"@id":"https:\/\/www.24gliwice.pl\/wiadomosci\/#website"},"primaryImageOfPage":{"@id":"https:\/\/www.24gliwice.pl\/wiadomosci\/na-modernizacje-parku-chrobrego-wydamy-mniej-o-13-mln-zlotych-to-efekt-dwuletnich-staran\/#primaryimage"},"image":{"@id":"https:\/\/www.24gliwice.pl\/wiadomosci\/na-modernizacje-parku-chrobrego-wydamy-mniej-o-13-mln-zlotych-to-efekt-dwuletnich-staran\/#primaryimage"},"thumbnailUrl":"https:\/\/www.24gliwice.pl\/wiadomosci\/wp-content\/uploads\/2018\/03\/1-park-chrobrego-5.jpg","datePublished":"2018-03-02T00:05:59+00:00","dateModified":"2018-03-15T00:33:21+00:00","breadcrumb":{"@id":"https:\/\/www.24gliwice.pl\/wiadomosci\/na-modernizacje-parku-chrobrego-wydamy-mniej-o-13-mln-zlotych-to-efekt-dwuletnich-staran\/#breadcrumb"},"inLanguage":"pl-PL","potentialAction":[{"@type":"ReadAction","target":["https:\/\/www.24gliwice.pl\/wiadomosci\/na-modernizacje-parku-chrobrego-wydamy-mniej-o-13-mln-zlotych-to-efekt-dwuletnich-staran\/"]}]},{"@type":"ImageObject","inLanguage":"pl-PL","@id":"https:\/\/www.24gliwice.pl\/wiadomosci\/na-modernizacje-parku-chrobrego-wydamy-mniej-o-13-mln-zlotych-to-efekt-dwuletnich-staran\/#primaryimage","url":"https:\/\/www.24gliwice.pl\/wiadomosci\/wp-content\/uploads\/2018\/03\/1-park-chrobrego-5.jpg","contentUrl":"https:\/\/www.24gliwice.pl\/wiadomosci\/wp-content\/uploads\/2018\/03\/1-park-chrobrego-5.jpg","width":810,"height":456},{"@type":"BreadcrumbList","@id":"https:\/\/www.24gliwice.pl\/wiadomosci\/na-modernizacje-parku-chrobrego-wydamy-mniej-o-13-mln-zlotych-to-efekt-dwuletnich-staran\/#breadcrumb","itemListElement":[{"@type":"ListItem","position":1,"name":"Strona g\u0142\u00f3wna","item":"https:\/\/www.24gliwice.pl\/wiadomosci\/"},{"@type":"ListItem","position":2,"name":"Na modernizacj\u0119 Parku Chrobrego wydamy mniej o 1,3 mln z\u0142otych. To efekt dwuletnich stara\u0144"}]},{"@type":"WebSite","@id":"https:\/\/www.24gliwice.pl\/wiadomosci\/#website","url":"https:\/\/www.24gliwice.pl\/wiadomosci\/","name":"24GLIWICE - Portal Gliwice | codziennie nowe wiadomo\u015bci","description":"Portal Miejski Gliwice","publisher":{"@id":"https:\/\/www.24gliwice.pl\/wiadomosci\/#organization"},"potentialAction":[{"@type":"SearchAction","target":{"@type":"EntryPoint","urlTemplate":"https:\/\/www.24gliwice.pl\/wiadomosci\/?s={search_term_string}"},"query-input":{"@type":"PropertyValueSpecification","valueRequired":true,"valueName":"search_term_string"}}],"inLanguage":"pl-PL"},{"@type":"Organization","@id":"https:\/\/www.24gliwice.pl\/wiadomosci\/#organization","name":"24gliwice","url":"https:\/\/www.24gliwice.pl\/wiadomosci\/","logo":{"@type":"ImageObject","inLanguage":"pl-PL","@id":"https:\/\/www.24gliwice.pl\/wiadomosci\/#\/schema\/logo\/image\/","url":"https:\/\/www.24gliwice.pl\/wiadomosci\/wp-content\/uploads\/2024\/10\/24gliwice-logo-696.jpg","contentUrl":"https:\/\/www.24gliwice.pl\/wiadomosci\/wp-content\/uploads\/2024\/10\/24gliwice-logo-696.jpg","width":696,"height":696,"caption":"24gliwice"},"image":{"@id":"https:\/\/www.24gliwice.pl\/wiadomosci\/#\/schema\/logo\/image\/"},"sameAs":["https:\/\/www.facebook.com\/24gliwice","https:\/\/x.com\/24gliwice","https:\/\/www.youtube.com\/@24gliwice"]},{"@type":"Person","@id":"https:\/\/www.24gliwice.pl\/wiadomosci\/#\/schema\/person\/e42c650edd7f2fa332be3811fb166b6e","name":"\u017baneta Mrozek-Siewierska","image":{"@type":"ImageObject","inLanguage":"pl-PL","@id":"https:\/\/secure.gravatar.com\/avatar\/1881429e9c64597c77ad7aef2d0a19be69a3253e57534d16aa15bf3a4d34a0a3?s=96&d=mm&r=g","url":"https:\/\/secure.gravatar.com\/avatar\/1881429e9c64597c77ad7aef2d0a19be69a3253e57534d16aa15bf3a4d34a0a3?s=96&d=mm&r=g","contentUrl":"https:\/\/secure.gravatar.com\/avatar\/1881429e9c64597c77ad7aef2d0a19be69a3253e57534d16aa15bf3a4d34a0a3?s=96&d=mm&r=g","caption":"\u017baneta Mrozek-Siewierska"},"url":"https:\/\/www.24gliwice.pl\/wiadomosci\/author\/zms\/"}]}},"_links":{"self":[{"href":"https:\/\/www.24gliwice.pl\/wiadomosci\/wp-json\/wp\/v2\/posts\/113125","targetHints":{"allow":["GET"]}}],"collection":[{"href":"https:\/\/www.24gliwice.pl\/wiadomosci\/wp-json\/wp\/v2\/posts"}],"about":[{"href":"https:\/\/www.24gliwice.pl\/wiadomosci\/wp-json\/wp\/v2\/types\/post"}],"author":[{"embeddable":true,"href":"https:\/\/www.24gliwice.pl\/wiadomosci\/wp-json\/wp\/v2\/users\/15"}],"replies":[{"embeddable":true,"href":"https:\/\/www.24gliwice.pl\/wiadomosci\/wp-json\/wp\/v2\/comments?post=113125"}],"version-history":[{"count":0,"href":"https:\/\/www.24gliwice.pl\/wiadomosci\/wp-json\/wp\/v2\/posts\/113125\/revisions"}],"wp:featuredmedia":[{"embeddable":true,"href":"https:\/\/www.24gliwice.pl\/wiadomosci\/wp-json\/wp\/v2\/media\/113231"}],"wp:attachment":[{"href":"https:\/\/www.24gliwice.pl\/wiadomosci\/wp-json\/wp\/v2\/media?parent=113125"}],"wp:term":[{"taxonomy":"category","embeddable":true,"href":"https:\/\/www.24gliwice.pl\/wiadomosci\/wp-json\/wp\/v2\/categories?post=113125"},{"taxonomy":"post_tag","embeddable":true,"href":"https:\/\/www.24gliwice.pl\/wiadomosci\/wp-json\/wp\/v2\/tags?post=113125"}],"curies":[{"name":"wp","href":"https:\/\/api.w.org\/{rel}","templated":true}]}}