{"id":113160,"date":"2018-03-01T10:23:49","date_gmt":"2018-03-01T09:23:49","guid":{"rendered":"http:\/\/www.24gliwice.pl\/wiadomosci\/?p=113160"},"modified":"2018-03-01T10:23:49","modified_gmt":"2018-03-01T09:23:49","slug":"przeksztalcanie-ulicy-sieminskiego-w-woonerf-juz-w-polowie-marca-zmiana-organizacji-ruchu","status":"publish","type":"post","link":"https:\/\/www.24gliwice.pl\/wiadomosci\/przeksztalcanie-ulicy-sieminskiego-w-woonerf-juz-w-polowie-marca-zmiana-organizacji-ruchu\/","title":{"rendered":"Przekszta\u0142canie ulicy Siemi\u0144skiego w woonerf ju\u017c w po\u0142owie marca. Zmiana organizacji ruchu"},"content":{"rendered":"<div class=\"gliwi-a6-nad-leadem-artykulow gliwi-entity-placement\" id=\"gliwi-1081819373\"><div class=\"gliwi-adlabel\"><span style=\"font-size: 9px\">REKLAMA<\/span><\/div><div id=\"gliwi-3908277039\" style=\"margin-bottom: 25px;margin-left: auto;margin-right: auto;text-align: center;\"><a data-no-instant=\"1\" href=\"https:\/\/dom100.eu\/\" rel=\"noopener\" class=\"a2t-link\" target=\"_blank\" aria-label=\"20260415 DOM100 D\"><img loading=\"lazy\" decoding=\"async\" src=\"https:\/\/www.24gliwice.pl\/wiadomosci\/wp-content\/uploads\/2026\/04\/20260415-DOM100-D.jpg\" alt=\"\"  srcset=\"https:\/\/www.24gliwice.pl\/wiadomosci\/wp-content\/uploads\/2026\/04\/20260415-DOM100-D.jpg 750w, https:\/\/www.24gliwice.pl\/wiadomosci\/wp-content\/uploads\/2026\/04\/20260415-DOM100-D-410x109.jpg 410w\" sizes=\"(max-width: 750px) 100vw, 750px\" class=\"no-lazyload\" width=\"750\" height=\"200\"  style=\"display: inline-block; max-width: 100%; height: auto;\" \/><\/a><\/div><\/div><h3>Prace zwi\u0105zane z tworzeniem strefy uspokojonego ruchu na dawnej ul. Wieczorka maj\u0105 potrwa\u0107 zaledwie kilka dni. W tym czasie dojazd do posesji b\u0119dzie mo\u017cliwy, ale zmieni si\u0119 organizacja ruchu. Ulica ma sta\u0107 si\u0119 pierwszym w mie\u015bcie woonerfem \u2013 czyli miejskim podw\u00f3rcem.<\/h3>\n<p>Jak zapewnia magistrat, nowej ods\u0142ony ulicy mo\u017cna si\u0119 spodziewa\u0107 w pierwszy dzie\u0144 wiosny, 21 marca.<\/p>\n<p>Pierwszy na \u015al\u0105sku i na chwil\u0119 obecn\u0105 jedyny w regionie woonerf wyciszy ruch uliczny i stanie si\u0119 przestrzeni\u0105 sprzyjaj\u0105c\u0105 wypoczynkowi. Samochody b\u0119d\u0105 mog\u0142y porusza\u0107 si\u0119 z pr\u0119dko\u015bci\u0105 ograniczon\u0105 do 20 km\/h, a pierwsze\u0144stwo zawsze b\u0119d\u0105 mieli piesi. Pocz\u0105tek i koniec 250 metrowego woonerfu b\u0119d\u0105 zaznacza\u0107 du\u017ce donice z zieleni\u0105. Na ca\u0142ej d\u0142ugo\u015bci ulicy pojawi\u0105 si\u0119 donice z drzewami (g\u0142\u00f3wnie klonami) oraz niska ziele\u0144.<\/p><div class=\"gliwi-a3-w-tresci-artykulow gliwi-entity-placement\" id=\"gliwi-3904584754\"><div class=\"gliwi-adlabel\"><span style=\"font-size: 9px\">REKLAMA<\/span><\/div><div id=\"gliwi-2260540375\" style=\"margin-bottom: 30px;margin-left: auto;margin-right: auto;text-align: center;\"><a data-no-instant=\"1\" href=\"https:\/\/ogrodyandersa.pl\/\" rel=\"noopener\" class=\"a2t-link\" target=\"_blank\" aria-label=\"20260415 Ogrody Andersa KUP TERAZ D\"><img loading=\"lazy\" decoding=\"async\" src=\"https:\/\/www.24gliwice.pl\/wiadomosci\/wp-content\/uploads\/2026\/04\/20260415-Ogrody-Andersa-KUP-TERAZ-D.jpg\" alt=\"\"  srcset=\"https:\/\/www.24gliwice.pl\/wiadomosci\/wp-content\/uploads\/2026\/04\/20260415-Ogrody-Andersa-KUP-TERAZ-D.jpg 750w, https:\/\/www.24gliwice.pl\/wiadomosci\/wp-content\/uploads\/2026\/04\/20260415-Ogrody-Andersa-KUP-TERAZ-D-410x109.jpg 410w\" sizes=\"(max-width: 750px) 100vw, 750px\" class=\"no-lazyload\" width=\"750\" height=\"200\"  style=\"display: inline-block; max-width: 100%; height: auto;\" \/><\/a><\/div><\/div>\n[perfectpullquote align=&#8221;full&#8221; bordertop=&#8221;false&#8221; cite=&#8221;&#8221; link=&#8221;&#8221; color=&#8221;&#8221; class=&#8221;&#8221; size=&#8221;&#8221;]W kilku miejscach powstan\u0105 specjalne podesty z siedziskami, kt\u00f3re \u2013 usytuowane wyspowo \u2013 poszerz\u0105 stref\u0119 chodnik\u00f3w. Stworz\u0105 miejsce wypoczynku i relaksu. [\/perfectpullquote]\n<p>Na 10 parkletach (miejscowych poszerzeniach przestrzeni dla pieszych, przyp. red.) ustawionych na chodnikach i jezdni stan\u0105 \u0142awki, pojedyncze siedziska oraz donice z zieleni\u0105. Pojawi\u0105 si\u0119 te\u017c rowerowe stojaki oraz miejsca parkingowe, na kt\u00f3rych b\u0119dzie mo\u017cna czasowo si\u0119 zatrzyma\u0107.<\/p>\n<p>\u2013 Mi\u0119dzy 12 a 16 marca na ul. Wieczorka (obecnie Siemi\u0144skiego -red.) rozpocznie si\u0119 instalacja wysp i parklet\u00f3w. Podczas monta\u017cu zapewniony b\u0119dzie dojazd do posesji, ale b\u0119dzie obowi\u0105zywa\u0142 objazd dla autobus\u00f3w. Zako\u0144czenie ca\u0142o\u015bci prac planowane jest w drugiej po\u0142owie marca \u2013 m\u00f3wi <strong>Anna Gilner<\/strong>, dyrektor Zarz\u0105du Dr\u00f3g Miejskich w Gliwicach.<\/p>\n<p>Dla kierowc\u00f3w zamkni\u0119cie ulicy oznacza objazdy. Warto uzbroi\u0107 si\u0119 w cierpliwo\u015b\u0107, poniewa\u017c ulica Wieczorka po zmianach b\u0119dzie si\u0119 prezentowa\u0142a jeszcze pi\u0119kniej i stanie si\u0119 przestrzeni\u0105 przyjazn\u0105 przechodniom, turystom i rowerzystom. Woonerf b\u0119dzie kosztowa\u0142 miasto oko\u0142o 500 tys. z\u0142. Projekt przebudowy przygotowa\u0142a firma Projarch <strong>Damian Ka\u0142donek<\/strong>.<\/p>\n<p><img loading=\"lazy\" decoding=\"async\" src=\"http:\/\/www.24gliwice.pl\/wiadomosci\/wp-content\/uploads\/2017\/11\/1-woonerf-7.jpg\" alt=\"\" width=\"810\" height=\"456\" class=\"alignnone size-full wp-image-107810\" srcset=\"https:\/\/www.24gliwice.pl\/wiadomosci\/wp-content\/uploads\/2017\/11\/1-woonerf-7.jpg 810w, https:\/\/www.24gliwice.pl\/wiadomosci\/wp-content\/uploads\/2017\/11\/1-woonerf-7-410x232.jpg 410w, https:\/\/www.24gliwice.pl\/wiadomosci\/wp-content\/uploads\/2017\/11\/1-woonerf-7-768x432.jpg 768w, https:\/\/www.24gliwice.pl\/wiadomosci\/wp-content\/uploads\/2017\/11\/1-woonerf-7-808x455.jpg 808w\" sizes=\"auto, (max-width: 810px) 100vw, 810px\" \/><\/p>\n<h4>Nast\u0119pna b\u0119dzie Zwyci\u0119stwa<\/h4>\n<p>Firma Projarch Damian Ka\u0142donek wykona r\u00f3wnie\u017c projekt przebudowy i zagospodarowania ulicy Zwyci\u0119stwa. Umowa mi\u0119dzy gliwick\u0105 firm\u0105 a Zarz\u0105dem Dr\u00f3g Miejskich zosta\u0142a ju\u017c zawarta. Do 26 maja pracownia ma przygotowa\u0107 6 wariant\u00f3w koncepcji przebudowy uk\u0142adu komunikacyjnego i zagospodarowania przestrzeni reprezentacyjnej ulicy Gliwic.<\/p>\n<p>Obecnie trwaj\u0105 konsultacje z r\u00f3\u017cnymi grupami spo\u0142ecznymi, maj\u0105ce pom\u00f3c w stworzeniu przestrzeni jak najbardziej przyjaznej wszystkim uczestnikom ruchu, z uwzgl\u0119dnieniem potrzeb os\u00f3b niepe\u0142nosprawnych. Wed\u0142ug plan\u00f3w ul. Zwyci\u0119stwa (na odcinku od ul. Dolnych Wa\u0142\u00f3w do Dubois), podobnie jak Siemi\u0144skiego ma by\u0107 ulic\u0105 przyjazn\u0105 dla wszystkich uczestnik\u00f3w ruchu. <\/p>\n<p>(\u017cms)\/UM(mf)<br \/>\nwiz. Projarch Damian Ka\u0142donek<\/p>\n<div class=\"gliwi-a5-na-koncu-artykulow gliwi-entity-placement\" id=\"gliwi-1041901268\"><div class=\"gliwi-adlabel\"><span style=\"font-size: 9px\">REKLAMA<\/span><\/div><div id=\"gliwi-793314046\" style=\"margin-left: auto;margin-right: auto;text-align: center;\"><a data-no-instant=\"1\" href=\"https:\/\/prezeroarenagliwice.pl\/\" rel=\"noopener\" class=\"a2t-link\" target=\"_blank\" aria-label=\"20260309-PREZERO-WIOSNA-D\"><img loading=\"lazy\" decoding=\"async\" src=\"https:\/\/www.24gliwice.pl\/wiadomosci\/wp-content\/uploads\/2026\/03\/20260309-PREZERO-WIOSNA-D.webp\" alt=\"\"  srcset=\"https:\/\/www.24gliwice.pl\/wiadomosci\/wp-content\/uploads\/2026\/03\/20260309-PREZERO-WIOSNA-D.webp 750w, https:\/\/www.24gliwice.pl\/wiadomosci\/wp-content\/uploads\/2026\/03\/20260309-PREZERO-WIOSNA-D-410x109.webp 410w\" sizes=\"(max-width: 750px) 100vw, 750px\" class=\"no-lazyload\" width=\"750\" height=\"200\"  style=\"display: inline-block; max-width: 100%; height: auto;\" \/><\/a><\/div><\/div>","protected":false},"excerpt":{"rendered":"<p>Prace zwi\u0105zane z tworzeniem strefy uspokojonego ruchu na dawnej ul. Wieczorka maj\u0105 potrwa\u0107 zaledwie kilka dni. W tym czasie dojazd do posesji b\u0119dzie mo\u017cliwy, ale zmieni si\u0119 organizacja ruchu. Ulica ma sta\u0107 si\u0119 pierwszym w mie\u015bcie woonerfem \u2013 czyli miejskim podw\u00f3rcem. Jak zapewnia magistrat, nowej ods\u0142ony ulicy mo\u017cna si\u0119 spodziewa\u0107 w pierwszy dzie\u0144 wiosny, 21 [&hellip;]<\/p>\n","protected":false},"author":15,"featured_media":113168,"comment_status":"open","ping_status":"closed","sticky":false,"template":"","format":"standard","meta":{"_monsterinsights_skip_tracking":false,"_monsterinsights_sitenote_active":false,"_monsterinsights_sitenote_note":"","_monsterinsights_sitenote_category":0,"footnotes":"","_links_to":"","_links_to_target":""},"categories":[3,1,9],"tags":[10964,10185,4967,10693,282],"class_list":["post-113160","post","type-post","status-publish","format-standard","has-post-thumbnail","hentry","category-gliwice","category-wszystko","category-aktualnosci_lokalne","tag-damian-kaldonek","tag-projarch","tag-wieczorka","tag-woonerf","tag-zwyciestwa"],"yoast_head":"<!-- This site is optimized with the Yoast SEO plugin v27.5 - https:\/\/yoast.com\/product\/yoast-seo-wordpress\/ -->\n<title>Przekszta\u0142canie ulicy Siemi\u0144skiego w woonerf ju\u017c w po\u0142owie marca. Zmiana organizacji ruchu - 24GLIWICE - Portal Gliwice | codziennie nowe informacje<\/title>\n<meta name=\"robots\" content=\"index, follow, max-snippet:-1, max-image-preview:large, max-video-preview:-1\" \/>\n<link rel=\"canonical\" href=\"https:\/\/www.24gliwice.pl\/wiadomosci\/przeksztalcanie-ulicy-sieminskiego-w-woonerf-juz-w-polowie-marca-zmiana-organizacji-ruchu\/\" \/>\n<meta property=\"og:locale\" content=\"pl_PL\" \/>\n<meta property=\"og:type\" content=\"article\" \/>\n<meta property=\"og:title\" content=\"Przekszta\u0142canie ulicy Siemi\u0144skiego w woonerf ju\u017c w po\u0142owie marca. Zmiana organizacji ruchu - 24GLIWICE - Portal Gliwice | codziennie nowe informacje\" \/>\n<meta property=\"og:description\" content=\"Prace zwi\u0105zane z tworzeniem strefy uspokojonego ruchu na dawnej ul. Wieczorka maj\u0105 potrwa\u0107 zaledwie kilka dni. W tym czasie dojazd do posesji b\u0119dzie mo\u017cliwy, ale zmieni si\u0119 organizacja ruchu. Ulica ma sta\u0107 si\u0119 pierwszym w mie\u015bcie woonerfem \u2013 czyli miejskim podw\u00f3rcem. Jak zapewnia magistrat, nowej ods\u0142ony ulicy mo\u017cna si\u0119 spodziewa\u0107 w pierwszy dzie\u0144 wiosny, 21 [&hellip;]\" \/>\n<meta property=\"og:url\" content=\"https:\/\/www.24gliwice.pl\/wiadomosci\/przeksztalcanie-ulicy-sieminskiego-w-woonerf-juz-w-polowie-marca-zmiana-organizacji-ruchu\/\" \/>\n<meta property=\"og:site_name\" content=\"24GLIWICE - Portal Gliwice | codziennie nowe informacje\" \/>\n<meta property=\"article:publisher\" content=\"https:\/\/www.facebook.com\/24gliwice\" \/>\n<meta property=\"article:published_time\" content=\"2018-03-01T09:23:49+00:00\" \/>\n<meta property=\"og:image\" content=\"https:\/\/www.24gliwice.pl\/wiadomosci\/wp-content\/uploads\/2018\/03\/wieczorka-e1519894741474.jpg\" \/>\n\t<meta property=\"og:image:width\" content=\"810\" \/>\n\t<meta property=\"og:image:height\" content=\"456\" \/>\n\t<meta property=\"og:image:type\" content=\"image\/jpeg\" \/>\n<meta name=\"author\" content=\"\u017baneta Mrozek-Siewierska\" \/>\n<meta name=\"twitter:card\" content=\"summary_large_image\" \/>\n<meta name=\"twitter:creator\" content=\"@24gliwice\" \/>\n<meta name=\"twitter:site\" content=\"@24gliwice\" \/>\n<meta name=\"twitter:label1\" content=\"Napisane przez\" \/>\n\t<meta name=\"twitter:data1\" content=\"\u017baneta Mrozek-Siewierska\" \/>\n\t<meta name=\"twitter:label2\" content=\"Szacowany czas czytania\" \/>\n\t<meta name=\"twitter:data2\" content=\"2 minuty\" \/>\n<script type=\"application\/ld+json\" class=\"yoast-schema-graph\">{\"@context\":\"https:\\\/\\\/schema.org\",\"@graph\":[{\"@type\":\"Article\",\"@id\":\"https:\\\/\\\/www.24gliwice.pl\\\/wiadomosci\\\/przeksztalcanie-ulicy-sieminskiego-w-woonerf-juz-w-polowie-marca-zmiana-organizacji-ruchu\\\/#article\",\"isPartOf\":{\"@id\":\"https:\\\/\\\/www.24gliwice.pl\\\/wiadomosci\\\/przeksztalcanie-ulicy-sieminskiego-w-woonerf-juz-w-polowie-marca-zmiana-organizacji-ruchu\\\/\"},\"author\":{\"name\":\"\u017baneta Mrozek-Siewierska\",\"@id\":\"https:\\\/\\\/www.24gliwice.pl\\\/wiadomosci\\\/#\\\/schema\\\/person\\\/e42c650edd7f2fa332be3811fb166b6e\"},\"headline\":\"Przekszta\u0142canie ulicy Siemi\u0144skiego w woonerf ju\u017c w po\u0142owie marca. Zmiana organizacji ruchu\",\"datePublished\":\"2018-03-01T09:23:49+00:00\",\"mainEntityOfPage\":{\"@id\":\"https:\\\/\\\/www.24gliwice.pl\\\/wiadomosci\\\/przeksztalcanie-ulicy-sieminskiego-w-woonerf-juz-w-polowie-marca-zmiana-organizacji-ruchu\\\/\"},\"wordCount\":460,\"commentCount\":0,\"publisher\":{\"@id\":\"https:\\\/\\\/www.24gliwice.pl\\\/wiadomosci\\\/#organization\"},\"image\":{\"@id\":\"https:\\\/\\\/www.24gliwice.pl\\\/wiadomosci\\\/przeksztalcanie-ulicy-sieminskiego-w-woonerf-juz-w-polowie-marca-zmiana-organizacji-ruchu\\\/#primaryimage\"},\"thumbnailUrl\":\"https:\\\/\\\/www.24gliwice.pl\\\/wiadomosci\\\/wp-content\\\/uploads\\\/2018\\\/03\\\/wieczorka-e1519894741474.jpg\",\"keywords\":[\"damian ka\u0142donek\",\"projarch\",\"WIECZORKA\",\"WOONERF\",\"ZWYCI\u0118STWA\"],\"articleSection\":[\"Gliwice\",\"Najnowsze wiadomo\u015bci\",\"Portal Gliwice - Wiadomo\u015bci lokalne\"],\"inLanguage\":\"pl-PL\",\"potentialAction\":[{\"@type\":\"CommentAction\",\"name\":\"Comment\",\"target\":[\"https:\\\/\\\/www.24gliwice.pl\\\/wiadomosci\\\/przeksztalcanie-ulicy-sieminskiego-w-woonerf-juz-w-polowie-marca-zmiana-organizacji-ruchu\\\/#respond\"]}]},{\"@type\":\"WebPage\",\"@id\":\"https:\\\/\\\/www.24gliwice.pl\\\/wiadomosci\\\/przeksztalcanie-ulicy-sieminskiego-w-woonerf-juz-w-polowie-marca-zmiana-organizacji-ruchu\\\/\",\"url\":\"https:\\\/\\\/www.24gliwice.pl\\\/wiadomosci\\\/przeksztalcanie-ulicy-sieminskiego-w-woonerf-juz-w-polowie-marca-zmiana-organizacji-ruchu\\\/\",\"name\":\"Przekszta\u0142canie ulicy Siemi\u0144skiego w woonerf ju\u017c w po\u0142owie marca. Zmiana organizacji ruchu - 24GLIWICE - Portal Gliwice | codziennie nowe informacje\",\"isPartOf\":{\"@id\":\"https:\\\/\\\/www.24gliwice.pl\\\/wiadomosci\\\/#website\"},\"primaryImageOfPage\":{\"@id\":\"https:\\\/\\\/www.24gliwice.pl\\\/wiadomosci\\\/przeksztalcanie-ulicy-sieminskiego-w-woonerf-juz-w-polowie-marca-zmiana-organizacji-ruchu\\\/#primaryimage\"},\"image\":{\"@id\":\"https:\\\/\\\/www.24gliwice.pl\\\/wiadomosci\\\/przeksztalcanie-ulicy-sieminskiego-w-woonerf-juz-w-polowie-marca-zmiana-organizacji-ruchu\\\/#primaryimage\"},\"thumbnailUrl\":\"https:\\\/\\\/www.24gliwice.pl\\\/wiadomosci\\\/wp-content\\\/uploads\\\/2018\\\/03\\\/wieczorka-e1519894741474.jpg\",\"datePublished\":\"2018-03-01T09:23:49+00:00\",\"breadcrumb\":{\"@id\":\"https:\\\/\\\/www.24gliwice.pl\\\/wiadomosci\\\/przeksztalcanie-ulicy-sieminskiego-w-woonerf-juz-w-polowie-marca-zmiana-organizacji-ruchu\\\/#breadcrumb\"},\"inLanguage\":\"pl-PL\",\"potentialAction\":[{\"@type\":\"ReadAction\",\"target\":[\"https:\\\/\\\/www.24gliwice.pl\\\/wiadomosci\\\/przeksztalcanie-ulicy-sieminskiego-w-woonerf-juz-w-polowie-marca-zmiana-organizacji-ruchu\\\/\"]}]},{\"@type\":\"ImageObject\",\"inLanguage\":\"pl-PL\",\"@id\":\"https:\\\/\\\/www.24gliwice.pl\\\/wiadomosci\\\/przeksztalcanie-ulicy-sieminskiego-w-woonerf-juz-w-polowie-marca-zmiana-organizacji-ruchu\\\/#primaryimage\",\"url\":\"https:\\\/\\\/www.24gliwice.pl\\\/wiadomosci\\\/wp-content\\\/uploads\\\/2018\\\/03\\\/wieczorka-e1519894741474.jpg\",\"contentUrl\":\"https:\\\/\\\/www.24gliwice.pl\\\/wiadomosci\\\/wp-content\\\/uploads\\\/2018\\\/03\\\/wieczorka-e1519894741474.jpg\",\"width\":810,\"height\":456,\"caption\":\"fot. archiwum 24gliwice.pl\"},{\"@type\":\"BreadcrumbList\",\"@id\":\"https:\\\/\\\/www.24gliwice.pl\\\/wiadomosci\\\/przeksztalcanie-ulicy-sieminskiego-w-woonerf-juz-w-polowie-marca-zmiana-organizacji-ruchu\\\/#breadcrumb\",\"itemListElement\":[{\"@type\":\"ListItem\",\"position\":1,\"name\":\"Strona g\u0142\u00f3wna\",\"item\":\"https:\\\/\\\/www.24gliwice.pl\\\/wiadomosci\\\/\"},{\"@type\":\"ListItem\",\"position\":2,\"name\":\"Przekszta\u0142canie ulicy Siemi\u0144skiego w woonerf ju\u017c w po\u0142owie marca. Zmiana organizacji ruchu\"}]},{\"@type\":\"WebSite\",\"@id\":\"https:\\\/\\\/www.24gliwice.pl\\\/wiadomosci\\\/#website\",\"url\":\"https:\\\/\\\/www.24gliwice.pl\\\/wiadomosci\\\/\",\"name\":\"24GLIWICE - Portal Gliwice | codziennie nowe wiadomo\u015bci\",\"description\":\"Portal Miejski Gliwice\",\"publisher\":{\"@id\":\"https:\\\/\\\/www.24gliwice.pl\\\/wiadomosci\\\/#organization\"},\"potentialAction\":[{\"@type\":\"SearchAction\",\"target\":{\"@type\":\"EntryPoint\",\"urlTemplate\":\"https:\\\/\\\/www.24gliwice.pl\\\/wiadomosci\\\/?s={search_term_string}\"},\"query-input\":{\"@type\":\"PropertyValueSpecification\",\"valueRequired\":true,\"valueName\":\"search_term_string\"}}],\"inLanguage\":\"pl-PL\"},{\"@type\":\"Organization\",\"@id\":\"https:\\\/\\\/www.24gliwice.pl\\\/wiadomosci\\\/#organization\",\"name\":\"24gliwice\",\"url\":\"https:\\\/\\\/www.24gliwice.pl\\\/wiadomosci\\\/\",\"logo\":{\"@type\":\"ImageObject\",\"inLanguage\":\"pl-PL\",\"@id\":\"https:\\\/\\\/www.24gliwice.pl\\\/wiadomosci\\\/#\\\/schema\\\/logo\\\/image\\\/\",\"url\":\"https:\\\/\\\/www.24gliwice.pl\\\/wiadomosci\\\/wp-content\\\/uploads\\\/2024\\\/10\\\/24gliwice-logo-696.jpg\",\"contentUrl\":\"https:\\\/\\\/www.24gliwice.pl\\\/wiadomosci\\\/wp-content\\\/uploads\\\/2024\\\/10\\\/24gliwice-logo-696.jpg\",\"width\":696,\"height\":696,\"caption\":\"24gliwice\"},\"image\":{\"@id\":\"https:\\\/\\\/www.24gliwice.pl\\\/wiadomosci\\\/#\\\/schema\\\/logo\\\/image\\\/\"},\"sameAs\":[\"https:\\\/\\\/www.facebook.com\\\/24gliwice\",\"https:\\\/\\\/x.com\\\/24gliwice\",\"https:\\\/\\\/www.youtube.com\\\/@24gliwice\"]},{\"@type\":\"Person\",\"@id\":\"https:\\\/\\\/www.24gliwice.pl\\\/wiadomosci\\\/#\\\/schema\\\/person\\\/e42c650edd7f2fa332be3811fb166b6e\",\"name\":\"\u017baneta Mrozek-Siewierska\",\"image\":{\"@type\":\"ImageObject\",\"inLanguage\":\"pl-PL\",\"@id\":\"https:\\\/\\\/secure.gravatar.com\\\/avatar\\\/1881429e9c64597c77ad7aef2d0a19be69a3253e57534d16aa15bf3a4d34a0a3?s=96&d=mm&r=g\",\"url\":\"https:\\\/\\\/secure.gravatar.com\\\/avatar\\\/1881429e9c64597c77ad7aef2d0a19be69a3253e57534d16aa15bf3a4d34a0a3?s=96&d=mm&r=g\",\"contentUrl\":\"https:\\\/\\\/secure.gravatar.com\\\/avatar\\\/1881429e9c64597c77ad7aef2d0a19be69a3253e57534d16aa15bf3a4d34a0a3?s=96&d=mm&r=g\",\"caption\":\"\u017baneta Mrozek-Siewierska\"},\"url\":\"https:\\\/\\\/www.24gliwice.pl\\\/wiadomosci\\\/author\\\/zms\\\/\"}]}<\/script>\n<!-- \/ Yoast SEO plugin. -->","yoast_head_json":{"title":"Przekszta\u0142canie ulicy Siemi\u0144skiego w woonerf ju\u017c w po\u0142owie marca. Zmiana organizacji ruchu - 24GLIWICE - Portal Gliwice | codziennie nowe informacje","robots":{"index":"index","follow":"follow","max-snippet":"max-snippet:-1","max-image-preview":"max-image-preview:large","max-video-preview":"max-video-preview:-1"},"canonical":"https:\/\/www.24gliwice.pl\/wiadomosci\/przeksztalcanie-ulicy-sieminskiego-w-woonerf-juz-w-polowie-marca-zmiana-organizacji-ruchu\/","og_locale":"pl_PL","og_type":"article","og_title":"Przekszta\u0142canie ulicy Siemi\u0144skiego w woonerf ju\u017c w po\u0142owie marca. Zmiana organizacji ruchu - 24GLIWICE - Portal Gliwice | codziennie nowe informacje","og_description":"Prace zwi\u0105zane z tworzeniem strefy uspokojonego ruchu na dawnej ul. Wieczorka maj\u0105 potrwa\u0107 zaledwie kilka dni. W tym czasie dojazd do posesji b\u0119dzie mo\u017cliwy, ale zmieni si\u0119 organizacja ruchu. Ulica ma sta\u0107 si\u0119 pierwszym w mie\u015bcie woonerfem \u2013 czyli miejskim podw\u00f3rcem. Jak zapewnia magistrat, nowej ods\u0142ony ulicy mo\u017cna si\u0119 spodziewa\u0107 w pierwszy dzie\u0144 wiosny, 21 [&hellip;]","og_url":"https:\/\/www.24gliwice.pl\/wiadomosci\/przeksztalcanie-ulicy-sieminskiego-w-woonerf-juz-w-polowie-marca-zmiana-organizacji-ruchu\/","og_site_name":"24GLIWICE - Portal Gliwice | codziennie nowe informacje","article_publisher":"https:\/\/www.facebook.com\/24gliwice","article_published_time":"2018-03-01T09:23:49+00:00","og_image":[{"width":810,"height":456,"url":"https:\/\/www.24gliwice.pl\/wiadomosci\/wp-content\/uploads\/2018\/03\/wieczorka-e1519894741474.jpg","type":"image\/jpeg"}],"author":"\u017baneta Mrozek-Siewierska","twitter_card":"summary_large_image","twitter_creator":"@24gliwice","twitter_site":"@24gliwice","twitter_misc":{"Napisane przez":"\u017baneta Mrozek-Siewierska","Szacowany czas czytania":"2 minuty"},"schema":{"@context":"https:\/\/schema.org","@graph":[{"@type":"Article","@id":"https:\/\/www.24gliwice.pl\/wiadomosci\/przeksztalcanie-ulicy-sieminskiego-w-woonerf-juz-w-polowie-marca-zmiana-organizacji-ruchu\/#article","isPartOf":{"@id":"https:\/\/www.24gliwice.pl\/wiadomosci\/przeksztalcanie-ulicy-sieminskiego-w-woonerf-juz-w-polowie-marca-zmiana-organizacji-ruchu\/"},"author":{"name":"\u017baneta Mrozek-Siewierska","@id":"https:\/\/www.24gliwice.pl\/wiadomosci\/#\/schema\/person\/e42c650edd7f2fa332be3811fb166b6e"},"headline":"Przekszta\u0142canie ulicy Siemi\u0144skiego w woonerf ju\u017c w po\u0142owie marca. Zmiana organizacji ruchu","datePublished":"2018-03-01T09:23:49+00:00","mainEntityOfPage":{"@id":"https:\/\/www.24gliwice.pl\/wiadomosci\/przeksztalcanie-ulicy-sieminskiego-w-woonerf-juz-w-polowie-marca-zmiana-organizacji-ruchu\/"},"wordCount":460,"commentCount":0,"publisher":{"@id":"https:\/\/www.24gliwice.pl\/wiadomosci\/#organization"},"image":{"@id":"https:\/\/www.24gliwice.pl\/wiadomosci\/przeksztalcanie-ulicy-sieminskiego-w-woonerf-juz-w-polowie-marca-zmiana-organizacji-ruchu\/#primaryimage"},"thumbnailUrl":"https:\/\/www.24gliwice.pl\/wiadomosci\/wp-content\/uploads\/2018\/03\/wieczorka-e1519894741474.jpg","keywords":["damian ka\u0142donek","projarch","WIECZORKA","WOONERF","ZWYCI\u0118STWA"],"articleSection":["Gliwice","Najnowsze wiadomo\u015bci","Portal Gliwice - Wiadomo\u015bci lokalne"],"inLanguage":"pl-PL","potentialAction":[{"@type":"CommentAction","name":"Comment","target":["https:\/\/www.24gliwice.pl\/wiadomosci\/przeksztalcanie-ulicy-sieminskiego-w-woonerf-juz-w-polowie-marca-zmiana-organizacji-ruchu\/#respond"]}]},{"@type":"WebPage","@id":"https:\/\/www.24gliwice.pl\/wiadomosci\/przeksztalcanie-ulicy-sieminskiego-w-woonerf-juz-w-polowie-marca-zmiana-organizacji-ruchu\/","url":"https:\/\/www.24gliwice.pl\/wiadomosci\/przeksztalcanie-ulicy-sieminskiego-w-woonerf-juz-w-polowie-marca-zmiana-organizacji-ruchu\/","name":"Przekszta\u0142canie ulicy Siemi\u0144skiego w woonerf ju\u017c w po\u0142owie marca. Zmiana organizacji ruchu - 24GLIWICE - Portal Gliwice | codziennie nowe informacje","isPartOf":{"@id":"https:\/\/www.24gliwice.pl\/wiadomosci\/#website"},"primaryImageOfPage":{"@id":"https:\/\/www.24gliwice.pl\/wiadomosci\/przeksztalcanie-ulicy-sieminskiego-w-woonerf-juz-w-polowie-marca-zmiana-organizacji-ruchu\/#primaryimage"},"image":{"@id":"https:\/\/www.24gliwice.pl\/wiadomosci\/przeksztalcanie-ulicy-sieminskiego-w-woonerf-juz-w-polowie-marca-zmiana-organizacji-ruchu\/#primaryimage"},"thumbnailUrl":"https:\/\/www.24gliwice.pl\/wiadomosci\/wp-content\/uploads\/2018\/03\/wieczorka-e1519894741474.jpg","datePublished":"2018-03-01T09:23:49+00:00","breadcrumb":{"@id":"https:\/\/www.24gliwice.pl\/wiadomosci\/przeksztalcanie-ulicy-sieminskiego-w-woonerf-juz-w-polowie-marca-zmiana-organizacji-ruchu\/#breadcrumb"},"inLanguage":"pl-PL","potentialAction":[{"@type":"ReadAction","target":["https:\/\/www.24gliwice.pl\/wiadomosci\/przeksztalcanie-ulicy-sieminskiego-w-woonerf-juz-w-polowie-marca-zmiana-organizacji-ruchu\/"]}]},{"@type":"ImageObject","inLanguage":"pl-PL","@id":"https:\/\/www.24gliwice.pl\/wiadomosci\/przeksztalcanie-ulicy-sieminskiego-w-woonerf-juz-w-polowie-marca-zmiana-organizacji-ruchu\/#primaryimage","url":"https:\/\/www.24gliwice.pl\/wiadomosci\/wp-content\/uploads\/2018\/03\/wieczorka-e1519894741474.jpg","contentUrl":"https:\/\/www.24gliwice.pl\/wiadomosci\/wp-content\/uploads\/2018\/03\/wieczorka-e1519894741474.jpg","width":810,"height":456,"caption":"fot. archiwum 24gliwice.pl"},{"@type":"BreadcrumbList","@id":"https:\/\/www.24gliwice.pl\/wiadomosci\/przeksztalcanie-ulicy-sieminskiego-w-woonerf-juz-w-polowie-marca-zmiana-organizacji-ruchu\/#breadcrumb","itemListElement":[{"@type":"ListItem","position":1,"name":"Strona g\u0142\u00f3wna","item":"https:\/\/www.24gliwice.pl\/wiadomosci\/"},{"@type":"ListItem","position":2,"name":"Przekszta\u0142canie ulicy Siemi\u0144skiego w woonerf ju\u017c w po\u0142owie marca. Zmiana organizacji ruchu"}]},{"@type":"WebSite","@id":"https:\/\/www.24gliwice.pl\/wiadomosci\/#website","url":"https:\/\/www.24gliwice.pl\/wiadomosci\/","name":"24GLIWICE - Portal Gliwice | codziennie nowe wiadomo\u015bci","description":"Portal Miejski Gliwice","publisher":{"@id":"https:\/\/www.24gliwice.pl\/wiadomosci\/#organization"},"potentialAction":[{"@type":"SearchAction","target":{"@type":"EntryPoint","urlTemplate":"https:\/\/www.24gliwice.pl\/wiadomosci\/?s={search_term_string}"},"query-input":{"@type":"PropertyValueSpecification","valueRequired":true,"valueName":"search_term_string"}}],"inLanguage":"pl-PL"},{"@type":"Organization","@id":"https:\/\/www.24gliwice.pl\/wiadomosci\/#organization","name":"24gliwice","url":"https:\/\/www.24gliwice.pl\/wiadomosci\/","logo":{"@type":"ImageObject","inLanguage":"pl-PL","@id":"https:\/\/www.24gliwice.pl\/wiadomosci\/#\/schema\/logo\/image\/","url":"https:\/\/www.24gliwice.pl\/wiadomosci\/wp-content\/uploads\/2024\/10\/24gliwice-logo-696.jpg","contentUrl":"https:\/\/www.24gliwice.pl\/wiadomosci\/wp-content\/uploads\/2024\/10\/24gliwice-logo-696.jpg","width":696,"height":696,"caption":"24gliwice"},"image":{"@id":"https:\/\/www.24gliwice.pl\/wiadomosci\/#\/schema\/logo\/image\/"},"sameAs":["https:\/\/www.facebook.com\/24gliwice","https:\/\/x.com\/24gliwice","https:\/\/www.youtube.com\/@24gliwice"]},{"@type":"Person","@id":"https:\/\/www.24gliwice.pl\/wiadomosci\/#\/schema\/person\/e42c650edd7f2fa332be3811fb166b6e","name":"\u017baneta Mrozek-Siewierska","image":{"@type":"ImageObject","inLanguage":"pl-PL","@id":"https:\/\/secure.gravatar.com\/avatar\/1881429e9c64597c77ad7aef2d0a19be69a3253e57534d16aa15bf3a4d34a0a3?s=96&d=mm&r=g","url":"https:\/\/secure.gravatar.com\/avatar\/1881429e9c64597c77ad7aef2d0a19be69a3253e57534d16aa15bf3a4d34a0a3?s=96&d=mm&r=g","contentUrl":"https:\/\/secure.gravatar.com\/avatar\/1881429e9c64597c77ad7aef2d0a19be69a3253e57534d16aa15bf3a4d34a0a3?s=96&d=mm&r=g","caption":"\u017baneta Mrozek-Siewierska"},"url":"https:\/\/www.24gliwice.pl\/wiadomosci\/author\/zms\/"}]}},"_links":{"self":[{"href":"https:\/\/www.24gliwice.pl\/wiadomosci\/wp-json\/wp\/v2\/posts\/113160","targetHints":{"allow":["GET"]}}],"collection":[{"href":"https:\/\/www.24gliwice.pl\/wiadomosci\/wp-json\/wp\/v2\/posts"}],"about":[{"href":"https:\/\/www.24gliwice.pl\/wiadomosci\/wp-json\/wp\/v2\/types\/post"}],"author":[{"embeddable":true,"href":"https:\/\/www.24gliwice.pl\/wiadomosci\/wp-json\/wp\/v2\/users\/15"}],"replies":[{"embeddable":true,"href":"https:\/\/www.24gliwice.pl\/wiadomosci\/wp-json\/wp\/v2\/comments?post=113160"}],"version-history":[{"count":0,"href":"https:\/\/www.24gliwice.pl\/wiadomosci\/wp-json\/wp\/v2\/posts\/113160\/revisions"}],"wp:featuredmedia":[{"embeddable":true,"href":"https:\/\/www.24gliwice.pl\/wiadomosci\/wp-json\/wp\/v2\/media\/113168"}],"wp:attachment":[{"href":"https:\/\/www.24gliwice.pl\/wiadomosci\/wp-json\/wp\/v2\/media?parent=113160"}],"wp:term":[{"taxonomy":"category","embeddable":true,"href":"https:\/\/www.24gliwice.pl\/wiadomosci\/wp-json\/wp\/v2\/categories?post=113160"},{"taxonomy":"post_tag","embeddable":true,"href":"https:\/\/www.24gliwice.pl\/wiadomosci\/wp-json\/wp\/v2\/tags?post=113160"}],"curies":[{"name":"wp","href":"https:\/\/api.w.org\/{rel}","templated":true}]}}