{"id":113237,"date":"2018-03-03T10:32:40","date_gmt":"2018-03-03T09:32:40","guid":{"rendered":"http:\/\/www.24gliwice.pl\/wiadomosci\/?p=113237"},"modified":"2018-03-03T10:32:40","modified_gmt":"2018-03-03T09:32:40","slug":"fabryka-opla-mialaby-zostac-znacjonalizowana-zwiazkowcy-pisza-do-premiera-morawieckiego","status":"publish","type":"post","link":"https:\/\/www.24gliwice.pl\/wiadomosci\/fabryka-opla-mialaby-zostac-znacjonalizowana-zwiazkowcy-pisza-do-premiera-morawieckiego\/","title":{"rendered":"Fabryka Opla mia\u0142aby zosta\u0107 znacjonalizowana? Zwi\u0105zkowcy pisz\u0105 do premiera Morawieckiego"},"content":{"rendered":"<div class=\"gliwi-a6-nad-leadem-artykulow gliwi-entity-placement\" id=\"gliwi-3731233518\"><div class=\"gliwi-adlabel\"><span style=\"font-size: 9px\">REKLAMA<\/span><\/div><div id=\"gliwi-49135789\" style=\"margin-bottom: 30px;margin-left: auto;margin-right: auto;text-align: center;\"><a data-no-instant=\"1\" href=\"https:\/\/przedszkole.halogen.org.pl\/\" rel=\"noopener\" class=\"a2t-link\" target=\"_blank\" aria-label=\"20260402-ANIMATOR-przedszkole_grafika_750x200\"><img loading=\"lazy\" decoding=\"async\" src=\"https:\/\/www.24gliwice.pl\/wiadomosci\/wp-content\/uploads\/2026\/04\/20260402-ANIMATOR-przedszkole_grafika_750x200.webp\" alt=\"\"  srcset=\"https:\/\/www.24gliwice.pl\/wiadomosci\/wp-content\/uploads\/2026\/04\/20260402-ANIMATOR-przedszkole_grafika_750x200.webp 750w, https:\/\/www.24gliwice.pl\/wiadomosci\/wp-content\/uploads\/2026\/04\/20260402-ANIMATOR-przedszkole_grafika_750x200-410x109.webp 410w\" sizes=\"(max-width: 750px) 100vw, 750px\" class=\"no-lazyload\" width=\"750\" height=\"200\"  style=\"display: inline-block; max-width: 100%; height: auto;\" \/><\/a><\/div><\/div><h3>Dzia\u0142acze &#8220;Sierpnia 80&#8221; oraz Zesp\u00f3\u0142 ds. Przemys\u0142u Motoryzacyjnego prosz\u0105 premiera o spotkanie. Powodem jest niepewna przysz\u0142o\u015b\u0107 fabryk Opla w Gliwicach oraz Fiata w Tychach i Bielsku-Bia\u0142ej.<\/h3>\n<p>Na pocz\u0105tku roku pojawi\u0142a si\u0119 informacja o tym, i\u017c w gliwickiej fabryce Opla wygaszana jest trzecia zmiana. Oko\u0142o 140 os\u00f3b z dzia\u0142u produkcji i 50 z dzia\u0142u nieprodukcyjnego mia\u0142o mo\u017cliwo\u015b\u0107 przyst\u0105pienia do programu dobrowolnych odej\u015b\u0107.<a href=\"http:\/\/www.24gliwice.pl\/wiadomosci\/likwidacja-trzeciej-zmiany-w-oplu-staje-sie-faktem-odprawy-do-14-krotnosci-pensji\/\" target=\"_blank\" rel=\"noopener\"> Odprawy wynosi\u0142y do 14-krotno\u015bci pensji<\/a>.<\/p>\n<p>Teraz Komisja Krajowa Wolnego Zwi\u0105zku Zawodowego &#8220;Sierpie\u0144 80&#8221; wyrazi\u0142a zaniepokojenie sytuacj\u0105 w bran\u017cy motoryzacyjnej w Polsce. Jak twierdzi, zak\u0142ady produkcyjne w Gliwicach i Tychach s\u0105 zagro\u017cone likwidacj\u0105 lub, w najlepszym wypadku, redukcj\u0105 do poziomu ma\u0142ych monta\u017cowni.<\/p><div class=\"gliwi-a3-w-tresci-artykulow gliwi-entity-placement\" id=\"gliwi-4291661915\"><div class=\"gliwi-adlabel\"><span style=\"font-size: 9px\">REKLAMA<\/span><\/div><div id=\"gliwi-1969690135\" style=\"margin-bottom: 30px;margin-left: auto;margin-right: auto;text-align: center;\"><a data-no-instant=\"1\" href=\"https:\/\/ogrodyandersa.pl\/\" rel=\"noopener\" class=\"a2t-link\" target=\"_blank\" aria-label=\"20260415 Ogrody Andersa KUP TERAZ D\"><img loading=\"lazy\" decoding=\"async\" src=\"https:\/\/www.24gliwice.pl\/wiadomosci\/wp-content\/uploads\/2026\/04\/20260415-Ogrody-Andersa-KUP-TERAZ-D.jpg\" alt=\"\"  srcset=\"https:\/\/www.24gliwice.pl\/wiadomosci\/wp-content\/uploads\/2026\/04\/20260415-Ogrody-Andersa-KUP-TERAZ-D.jpg 750w, https:\/\/www.24gliwice.pl\/wiadomosci\/wp-content\/uploads\/2026\/04\/20260415-Ogrody-Andersa-KUP-TERAZ-D-410x109.jpg 410w\" sizes=\"(max-width: 750px) 100vw, 750px\" class=\"no-lazyload\" width=\"750\" height=\"200\"  style=\"display: inline-block; max-width: 100%; height: auto;\" \/><\/a><\/div><\/div>\n<blockquote><p>Oba te zak\u0142ady maj\u0105 potencja\u0142 produkcji oko\u0142o 1 miliona sztuk nowych samochod\u00f3w rocznie. Obecnie jednak produkuj\u0105 niewiele powy\u017cej po\u0142owy swojego potencja\u0142u<\/p><\/blockquote>\n<p>&#8211; pisze <strong>Bogus\u0142aw Zi\u0119tek<\/strong>, Przewodnicz\u0105cy WZZ &#8220;Sierpie\u0144 80&#8243; w li\u015bcie do Morawieckiego.<\/p>\n<p>Jak twierdzi Zi\u0119tek, Opel Manufacturing Poland, maj\u0105cy zak\u0142ady w Gliwicach i Tychach, po przej\u0119ciu przez francuski koncern PSA, sta\u0142 si\u0119 ofiar\u0105 polityki protekcjonizmu nowego w\u0142a\u015bciciela. Traktowany jest po macoszemu, przez co gliwicka fabryka likwiduje kolejne zmiany, zmniejsza produkcj\u0119 i zatrudnienie.<\/p>\n<p>Przewodnicz\u0105cy wspomina tak\u017ce o z\u0142ej sytuacji Fiata w Tychach i Bielsku-Bia\u0142ej. Cyklicznie jest tam zmniejszana moc produkcyjna, kt\u00f3ra obecnie ma wynosi\u0107 50%.<\/p>\n<p>&#8211; Przemys\u0142 motoryzacyjny w znacz\u0105cy spos\u00f3b wp\u0142ywa na ca\u0142\u0105 gospodark\u0119. (&#8230;) Jako Polska nie mo\u017cemy sobie pozwoli\u0107 na pozbycie si\u0119 tak wa\u017cnych zak\u0142ad\u00f3w, ich likwidacj\u0119 b\u0105d\u017a miniaturyzowanie, gdy\u017c dramatycznie wp\u0142ynie to nie tylko na gospodark\u0119, pracownik\u00f3w, ale i na kooperant\u00f3w i inne bran\u017ce dostarczaj\u0105ce komponent\u00f3w do produkcji samochod\u00f3w &#8211; kontynuuje Zi\u0119tek<\/p>\n[perfectpullquote align=&#8221;full&#8221; bordertop=&#8221;false&#8221; cite=&#8221;&#8221; link=&#8221;&#8221; color=&#8221;&#8221; class=&#8221;&#8221; size=&#8221;&#8221;]Zwi\u0105zkowcy proponuj\u0105 rozwi\u0105zanie na wypadek, gdyby spe\u0142ni\u0142y si\u0119 ich przewidywania odno\u015bnie zak\u0142ad\u00f3w w Tychach i Gliwicach. Je\u017celi b\u0119d\u0105 likwidowane mog\u0142yby zosta\u0107 znacjonalizowane.[\/perfectpullquote]\n<p>Wskazuj\u0105 te\u017c, aby plan ratowania polskiego przemys\u0142u motoryzacyjnego znalaz\u0142 miejsce w og\u0142oszonym przez premiera Programie Elektromobilno\u015bci. &#8211; W\u00f3wczas Plan Elektromobilno\u015bci mo\u017cna by by\u0142o oprze\u0107 w\u0142a\u015bnie na dotychczasowych fabrykach Opla i Fiata, b\u0119d\u0105cych w stanie produkowa\u0107 rocznie 1 milion samochod\u00f3w nowej generacji &#8211; podsuwa Zi\u0119tek.<\/p>\n<p>Jak informowa\u0142 w kwietniu 2017 roku serwis <a href=\"https:\/\/www.money.pl\/gospodarka\/wiadomosci\/artykul\/opel-fabryka-w-tychach-zatrudnienie,198,0,2293190.html\" target=\"_blank\" rel=\"noopener\">money.pl<\/a>, Ministerstwo Rozwoju zapewnia\u0142o w odpowiedzi na interpelacj\u0119 poselsk\u0105, \u017ce do 2019 roku nie b\u0119dzie zmian w zatrudnieniu w polskich fabrykach Opla.<\/p>\n<p>Ca\u0142o\u015b\u0107 listu WZZ &#8220;Sierpie\u0144 80&#8221; mo\u017cna przeczyta\u0107 tutaj. <a href=\"http:\/\/www.24gliwice.pl\/wiadomosci\/wp-content\/uploads\/2018\/03\/WZZ_premierMorawiecki_moto2018.pdf\">List WZZ &#8220;Sierpie\u0144 80&#8221; do premiera Morawieckiego<\/a><\/p>\n<p>(\u017cms)<\/p>\n<div class=\"gliwi-a5-na-koncu-artykulow gliwi-entity-placement\" id=\"gliwi-3499117786\"><div class=\"gliwi-adlabel\"><span style=\"font-size: 9px\">REKLAMA<\/span><\/div><div id=\"gliwi-3133594502\" style=\"margin-left: auto;margin-right: auto;text-align: center;\"><a data-no-instant=\"1\" href=\"https:\/\/www.jasek.pl\/\" rel=\"noopener\" class=\"a2t-link\" target=\"_blank\" aria-label=\"20200401-jasek 600\"><img loading=\"lazy\" decoding=\"async\" src=\"https:\/\/www.24gliwice.pl\/wiadomosci\/wp-content\/uploads\/2020\/04\/20200401-jasek-600.jpg\" alt=\"\"  srcset=\"https:\/\/www.24gliwice.pl\/wiadomosci\/wp-content\/uploads\/2020\/04\/20200401-jasek-600.jpg 600w, https:\/\/www.24gliwice.pl\/wiadomosci\/wp-content\/uploads\/2020\/04\/20200401-jasek-600-410x109.jpg 410w\" sizes=\"(max-width: 600px) 100vw, 600px\" class=\"no-lazyload\" width=\"600\" height=\"160\"  style=\"display: inline-block; max-width: 100%; height: auto;\" \/><\/a><\/div><\/div>","protected":false},"excerpt":{"rendered":"<p>Dzia\u0142acze &#8220;Sierpnia 80&#8221; oraz Zesp\u00f3\u0142 ds. Przemys\u0142u Motoryzacyjnego prosz\u0105 premiera o spotkanie. Powodem jest niepewna przysz\u0142o\u015b\u0107 fabryk Opla w Gliwicach oraz Fiata w Tychach i Bielsku-Bia\u0142ej. Na pocz\u0105tku roku pojawi\u0142a si\u0119 informacja o tym, i\u017c w gliwickiej fabryce Opla wygaszana jest trzecia zmiana. Oko\u0142o 140 os\u00f3b z dzia\u0142u produkcji i 50 z dzia\u0142u nieprodukcyjnego mia\u0142o [&hellip;]<\/p>\n","protected":false},"author":15,"featured_media":110665,"comment_status":"open","ping_status":"closed","sticky":false,"template":"","format":"standard","meta":{"_monsterinsights_skip_tracking":false,"_monsterinsights_sitenote_active":false,"_monsterinsights_sitenote_note":"","_monsterinsights_sitenote_category":0,"footnotes":"","_links_to":"","_links_to_target":""},"categories":[3,1,9],"tags":[8512,9350,10304,11678,8425,11676,11214,11679,8836,11674,8835,11675,8781],"class_list":["post-113237","post","type-post","status-publish","format-standard","has-post-thumbnail","hentry","category-gliwice","category-wszystko","category-aktualnosci_lokalne","tag-bezrobocie","tag-fabryka","tag-likwidacja","tag-morawiecki","tag-opel","tag-premier","tag-redukcja-zatrudnienia","tag-rzad","tag-sierpien-80","tag-zaklad-produkcyjny","tag-zwiazki-zawodowe","tag-zwiazkowcy","tag-zwolnienia"],"yoast_head":"<!-- This site is optimized with the Yoast SEO plugin v27.5 - https:\/\/yoast.com\/product\/yoast-seo-wordpress\/ -->\n<title>Fabryka Opla mia\u0142aby zosta\u0107 znacjonalizowana? Zwi\u0105zkowcy pisz\u0105 do premiera Morawieckiego - 24GLIWICE - Portal Gliwice | codziennie nowe informacje<\/title>\n<meta name=\"robots\" content=\"index, follow, max-snippet:-1, max-image-preview:large, max-video-preview:-1\" \/>\n<link rel=\"canonical\" href=\"https:\/\/www.24gliwice.pl\/wiadomosci\/fabryka-opla-mialaby-zostac-znacjonalizowana-zwiazkowcy-pisza-do-premiera-morawieckiego\/\" \/>\n<meta property=\"og:locale\" content=\"pl_PL\" \/>\n<meta property=\"og:type\" content=\"article\" \/>\n<meta property=\"og:title\" content=\"Fabryka Opla mia\u0142aby zosta\u0107 znacjonalizowana? Zwi\u0105zkowcy pisz\u0105 do premiera Morawieckiego - 24GLIWICE - Portal Gliwice | codziennie nowe informacje\" \/>\n<meta property=\"og:description\" content=\"Dzia\u0142acze &#8220;Sierpnia 80&#8221; oraz Zesp\u00f3\u0142 ds. Przemys\u0142u Motoryzacyjnego prosz\u0105 premiera o spotkanie. Powodem jest niepewna przysz\u0142o\u015b\u0107 fabryk Opla w Gliwicach oraz Fiata w Tychach i Bielsku-Bia\u0142ej. Na pocz\u0105tku roku pojawi\u0142a si\u0119 informacja o tym, i\u017c w gliwickiej fabryce Opla wygaszana jest trzecia zmiana. Oko\u0142o 140 os\u00f3b z dzia\u0142u produkcji i 50 z dzia\u0142u nieprodukcyjnego mia\u0142o [&hellip;]\" \/>\n<meta property=\"og:url\" content=\"https:\/\/www.24gliwice.pl\/wiadomosci\/fabryka-opla-mialaby-zostac-znacjonalizowana-zwiazkowcy-pisza-do-premiera-morawieckiego\/\" \/>\n<meta property=\"og:site_name\" content=\"24GLIWICE - Portal Gliwice | codziennie nowe informacje\" \/>\n<meta property=\"article:publisher\" content=\"https:\/\/www.facebook.com\/24gliwice\" \/>\n<meta property=\"article:published_time\" content=\"2018-03-03T09:32:40+00:00\" \/>\n<meta property=\"og:image\" content=\"https:\/\/www.24gliwice.pl\/wiadomosci\/wp-content\/uploads\/2018\/01\/opel.jpg\" \/>\n\t<meta property=\"og:image:width\" content=\"810\" \/>\n\t<meta property=\"og:image:height\" content=\"456\" \/>\n\t<meta property=\"og:image:type\" content=\"image\/jpeg\" \/>\n<meta name=\"author\" content=\"\u017baneta Mrozek-Siewierska\" \/>\n<meta name=\"twitter:card\" content=\"summary_large_image\" \/>\n<meta name=\"twitter:creator\" content=\"@24gliwice\" \/>\n<meta name=\"twitter:site\" content=\"@24gliwice\" \/>\n<meta name=\"twitter:label1\" content=\"Napisane przez\" \/>\n\t<meta name=\"twitter:data1\" content=\"\u017baneta Mrozek-Siewierska\" \/>\n\t<meta name=\"twitter:label2\" content=\"Szacowany czas czytania\" \/>\n\t<meta name=\"twitter:data2\" content=\"2 minuty\" \/>\n<script type=\"application\/ld+json\" class=\"yoast-schema-graph\">{\"@context\":\"https:\\\/\\\/schema.org\",\"@graph\":[{\"@type\":\"Article\",\"@id\":\"https:\\\/\\\/www.24gliwice.pl\\\/wiadomosci\\\/fabryka-opla-mialaby-zostac-znacjonalizowana-zwiazkowcy-pisza-do-premiera-morawieckiego\\\/#article\",\"isPartOf\":{\"@id\":\"https:\\\/\\\/www.24gliwice.pl\\\/wiadomosci\\\/fabryka-opla-mialaby-zostac-znacjonalizowana-zwiazkowcy-pisza-do-premiera-morawieckiego\\\/\"},\"author\":{\"name\":\"\u017baneta Mrozek-Siewierska\",\"@id\":\"https:\\\/\\\/www.24gliwice.pl\\\/wiadomosci\\\/#\\\/schema\\\/person\\\/e42c650edd7f2fa332be3811fb166b6e\"},\"headline\":\"Fabryka Opla mia\u0142aby zosta\u0107 znacjonalizowana? Zwi\u0105zkowcy pisz\u0105 do premiera Morawieckiego\",\"datePublished\":\"2018-03-03T09:32:40+00:00\",\"mainEntityOfPage\":{\"@id\":\"https:\\\/\\\/www.24gliwice.pl\\\/wiadomosci\\\/fabryka-opla-mialaby-zostac-znacjonalizowana-zwiazkowcy-pisza-do-premiera-morawieckiego\\\/\"},\"wordCount\":456,\"commentCount\":0,\"publisher\":{\"@id\":\"https:\\\/\\\/www.24gliwice.pl\\\/wiadomosci\\\/#organization\"},\"image\":{\"@id\":\"https:\\\/\\\/www.24gliwice.pl\\\/wiadomosci\\\/fabryka-opla-mialaby-zostac-znacjonalizowana-zwiazkowcy-pisza-do-premiera-morawieckiego\\\/#primaryimage\"},\"thumbnailUrl\":\"https:\\\/\\\/www.24gliwice.pl\\\/wiadomosci\\\/wp-content\\\/uploads\\\/2018\\\/01\\\/opel.jpg\",\"keywords\":[\"bezrobocie\",\"fabryka\",\"likwidacja\",\"morawiecki\",\"OPEL\",\"premier\",\"redukcja zatrudnienia\",\"rz\u0105d\",\"Sierpie\u0144 80\",\"zak\u0142ad produkcyjny\",\"zwi\u0105zki zawodowe\",\"zwi\u0105zkowcy\",\"zwolnienia\"],\"articleSection\":[\"Gliwice\",\"Najnowsze wiadomo\u015bci\",\"Portal Gliwice - Wiadomo\u015bci lokalne\"],\"inLanguage\":\"pl-PL\",\"potentialAction\":[{\"@type\":\"CommentAction\",\"name\":\"Comment\",\"target\":[\"https:\\\/\\\/www.24gliwice.pl\\\/wiadomosci\\\/fabryka-opla-mialaby-zostac-znacjonalizowana-zwiazkowcy-pisza-do-premiera-morawieckiego\\\/#respond\"]}]},{\"@type\":\"WebPage\",\"@id\":\"https:\\\/\\\/www.24gliwice.pl\\\/wiadomosci\\\/fabryka-opla-mialaby-zostac-znacjonalizowana-zwiazkowcy-pisza-do-premiera-morawieckiego\\\/\",\"url\":\"https:\\\/\\\/www.24gliwice.pl\\\/wiadomosci\\\/fabryka-opla-mialaby-zostac-znacjonalizowana-zwiazkowcy-pisza-do-premiera-morawieckiego\\\/\",\"name\":\"Fabryka Opla mia\u0142aby zosta\u0107 znacjonalizowana? Zwi\u0105zkowcy pisz\u0105 do premiera Morawieckiego - 24GLIWICE - Portal Gliwice | codziennie nowe informacje\",\"isPartOf\":{\"@id\":\"https:\\\/\\\/www.24gliwice.pl\\\/wiadomosci\\\/#website\"},\"primaryImageOfPage\":{\"@id\":\"https:\\\/\\\/www.24gliwice.pl\\\/wiadomosci\\\/fabryka-opla-mialaby-zostac-znacjonalizowana-zwiazkowcy-pisza-do-premiera-morawieckiego\\\/#primaryimage\"},\"image\":{\"@id\":\"https:\\\/\\\/www.24gliwice.pl\\\/wiadomosci\\\/fabryka-opla-mialaby-zostac-znacjonalizowana-zwiazkowcy-pisza-do-premiera-morawieckiego\\\/#primaryimage\"},\"thumbnailUrl\":\"https:\\\/\\\/www.24gliwice.pl\\\/wiadomosci\\\/wp-content\\\/uploads\\\/2018\\\/01\\\/opel.jpg\",\"datePublished\":\"2018-03-03T09:32:40+00:00\",\"breadcrumb\":{\"@id\":\"https:\\\/\\\/www.24gliwice.pl\\\/wiadomosci\\\/fabryka-opla-mialaby-zostac-znacjonalizowana-zwiazkowcy-pisza-do-premiera-morawieckiego\\\/#breadcrumb\"},\"inLanguage\":\"pl-PL\",\"potentialAction\":[{\"@type\":\"ReadAction\",\"target\":[\"https:\\\/\\\/www.24gliwice.pl\\\/wiadomosci\\\/fabryka-opla-mialaby-zostac-znacjonalizowana-zwiazkowcy-pisza-do-premiera-morawieckiego\\\/\"]}]},{\"@type\":\"ImageObject\",\"inLanguage\":\"pl-PL\",\"@id\":\"https:\\\/\\\/www.24gliwice.pl\\\/wiadomosci\\\/fabryka-opla-mialaby-zostac-znacjonalizowana-zwiazkowcy-pisza-do-premiera-morawieckiego\\\/#primaryimage\",\"url\":\"https:\\\/\\\/www.24gliwice.pl\\\/wiadomosci\\\/wp-content\\\/uploads\\\/2018\\\/01\\\/opel.jpg\",\"contentUrl\":\"https:\\\/\\\/www.24gliwice.pl\\\/wiadomosci\\\/wp-content\\\/uploads\\\/2018\\\/01\\\/opel.jpg\",\"width\":810,\"height\":456,\"caption\":\"fot. 24gliwice.pl\"},{\"@type\":\"BreadcrumbList\",\"@id\":\"https:\\\/\\\/www.24gliwice.pl\\\/wiadomosci\\\/fabryka-opla-mialaby-zostac-znacjonalizowana-zwiazkowcy-pisza-do-premiera-morawieckiego\\\/#breadcrumb\",\"itemListElement\":[{\"@type\":\"ListItem\",\"position\":1,\"name\":\"Strona g\u0142\u00f3wna\",\"item\":\"https:\\\/\\\/www.24gliwice.pl\\\/wiadomosci\\\/\"},{\"@type\":\"ListItem\",\"position\":2,\"name\":\"Fabryka Opla mia\u0142aby zosta\u0107 znacjonalizowana? Zwi\u0105zkowcy pisz\u0105 do premiera Morawieckiego\"}]},{\"@type\":\"WebSite\",\"@id\":\"https:\\\/\\\/www.24gliwice.pl\\\/wiadomosci\\\/#website\",\"url\":\"https:\\\/\\\/www.24gliwice.pl\\\/wiadomosci\\\/\",\"name\":\"24GLIWICE - Portal Gliwice | codziennie nowe wiadomo\u015bci\",\"description\":\"Portal Miejski Gliwice\",\"publisher\":{\"@id\":\"https:\\\/\\\/www.24gliwice.pl\\\/wiadomosci\\\/#organization\"},\"potentialAction\":[{\"@type\":\"SearchAction\",\"target\":{\"@type\":\"EntryPoint\",\"urlTemplate\":\"https:\\\/\\\/www.24gliwice.pl\\\/wiadomosci\\\/?s={search_term_string}\"},\"query-input\":{\"@type\":\"PropertyValueSpecification\",\"valueRequired\":true,\"valueName\":\"search_term_string\"}}],\"inLanguage\":\"pl-PL\"},{\"@type\":\"Organization\",\"@id\":\"https:\\\/\\\/www.24gliwice.pl\\\/wiadomosci\\\/#organization\",\"name\":\"24gliwice\",\"url\":\"https:\\\/\\\/www.24gliwice.pl\\\/wiadomosci\\\/\",\"logo\":{\"@type\":\"ImageObject\",\"inLanguage\":\"pl-PL\",\"@id\":\"https:\\\/\\\/www.24gliwice.pl\\\/wiadomosci\\\/#\\\/schema\\\/logo\\\/image\\\/\",\"url\":\"https:\\\/\\\/www.24gliwice.pl\\\/wiadomosci\\\/wp-content\\\/uploads\\\/2024\\\/10\\\/24gliwice-logo-696.jpg\",\"contentUrl\":\"https:\\\/\\\/www.24gliwice.pl\\\/wiadomosci\\\/wp-content\\\/uploads\\\/2024\\\/10\\\/24gliwice-logo-696.jpg\",\"width\":696,\"height\":696,\"caption\":\"24gliwice\"},\"image\":{\"@id\":\"https:\\\/\\\/www.24gliwice.pl\\\/wiadomosci\\\/#\\\/schema\\\/logo\\\/image\\\/\"},\"sameAs\":[\"https:\\\/\\\/www.facebook.com\\\/24gliwice\",\"https:\\\/\\\/x.com\\\/24gliwice\",\"https:\\\/\\\/www.youtube.com\\\/@24gliwice\"]},{\"@type\":\"Person\",\"@id\":\"https:\\\/\\\/www.24gliwice.pl\\\/wiadomosci\\\/#\\\/schema\\\/person\\\/e42c650edd7f2fa332be3811fb166b6e\",\"name\":\"\u017baneta Mrozek-Siewierska\",\"image\":{\"@type\":\"ImageObject\",\"inLanguage\":\"pl-PL\",\"@id\":\"https:\\\/\\\/secure.gravatar.com\\\/avatar\\\/1881429e9c64597c77ad7aef2d0a19be69a3253e57534d16aa15bf3a4d34a0a3?s=96&d=mm&r=g\",\"url\":\"https:\\\/\\\/secure.gravatar.com\\\/avatar\\\/1881429e9c64597c77ad7aef2d0a19be69a3253e57534d16aa15bf3a4d34a0a3?s=96&d=mm&r=g\",\"contentUrl\":\"https:\\\/\\\/secure.gravatar.com\\\/avatar\\\/1881429e9c64597c77ad7aef2d0a19be69a3253e57534d16aa15bf3a4d34a0a3?s=96&d=mm&r=g\",\"caption\":\"\u017baneta Mrozek-Siewierska\"},\"url\":\"https:\\\/\\\/www.24gliwice.pl\\\/wiadomosci\\\/author\\\/zms\\\/\"}]}<\/script>\n<!-- \/ Yoast SEO plugin. -->","yoast_head_json":{"title":"Fabryka Opla mia\u0142aby zosta\u0107 znacjonalizowana? Zwi\u0105zkowcy pisz\u0105 do premiera Morawieckiego - 24GLIWICE - Portal Gliwice | codziennie nowe informacje","robots":{"index":"index","follow":"follow","max-snippet":"max-snippet:-1","max-image-preview":"max-image-preview:large","max-video-preview":"max-video-preview:-1"},"canonical":"https:\/\/www.24gliwice.pl\/wiadomosci\/fabryka-opla-mialaby-zostac-znacjonalizowana-zwiazkowcy-pisza-do-premiera-morawieckiego\/","og_locale":"pl_PL","og_type":"article","og_title":"Fabryka Opla mia\u0142aby zosta\u0107 znacjonalizowana? Zwi\u0105zkowcy pisz\u0105 do premiera Morawieckiego - 24GLIWICE - Portal Gliwice | codziennie nowe informacje","og_description":"Dzia\u0142acze &#8220;Sierpnia 80&#8221; oraz Zesp\u00f3\u0142 ds. Przemys\u0142u Motoryzacyjnego prosz\u0105 premiera o spotkanie. Powodem jest niepewna przysz\u0142o\u015b\u0107 fabryk Opla w Gliwicach oraz Fiata w Tychach i Bielsku-Bia\u0142ej. Na pocz\u0105tku roku pojawi\u0142a si\u0119 informacja o tym, i\u017c w gliwickiej fabryce Opla wygaszana jest trzecia zmiana. Oko\u0142o 140 os\u00f3b z dzia\u0142u produkcji i 50 z dzia\u0142u nieprodukcyjnego mia\u0142o [&hellip;]","og_url":"https:\/\/www.24gliwice.pl\/wiadomosci\/fabryka-opla-mialaby-zostac-znacjonalizowana-zwiazkowcy-pisza-do-premiera-morawieckiego\/","og_site_name":"24GLIWICE - Portal Gliwice | codziennie nowe informacje","article_publisher":"https:\/\/www.facebook.com\/24gliwice","article_published_time":"2018-03-03T09:32:40+00:00","og_image":[{"width":810,"height":456,"url":"https:\/\/www.24gliwice.pl\/wiadomosci\/wp-content\/uploads\/2018\/01\/opel.jpg","type":"image\/jpeg"}],"author":"\u017baneta Mrozek-Siewierska","twitter_card":"summary_large_image","twitter_creator":"@24gliwice","twitter_site":"@24gliwice","twitter_misc":{"Napisane przez":"\u017baneta Mrozek-Siewierska","Szacowany czas czytania":"2 minuty"},"schema":{"@context":"https:\/\/schema.org","@graph":[{"@type":"Article","@id":"https:\/\/www.24gliwice.pl\/wiadomosci\/fabryka-opla-mialaby-zostac-znacjonalizowana-zwiazkowcy-pisza-do-premiera-morawieckiego\/#article","isPartOf":{"@id":"https:\/\/www.24gliwice.pl\/wiadomosci\/fabryka-opla-mialaby-zostac-znacjonalizowana-zwiazkowcy-pisza-do-premiera-morawieckiego\/"},"author":{"name":"\u017baneta Mrozek-Siewierska","@id":"https:\/\/www.24gliwice.pl\/wiadomosci\/#\/schema\/person\/e42c650edd7f2fa332be3811fb166b6e"},"headline":"Fabryka Opla mia\u0142aby zosta\u0107 znacjonalizowana? Zwi\u0105zkowcy pisz\u0105 do premiera Morawieckiego","datePublished":"2018-03-03T09:32:40+00:00","mainEntityOfPage":{"@id":"https:\/\/www.24gliwice.pl\/wiadomosci\/fabryka-opla-mialaby-zostac-znacjonalizowana-zwiazkowcy-pisza-do-premiera-morawieckiego\/"},"wordCount":456,"commentCount":0,"publisher":{"@id":"https:\/\/www.24gliwice.pl\/wiadomosci\/#organization"},"image":{"@id":"https:\/\/www.24gliwice.pl\/wiadomosci\/fabryka-opla-mialaby-zostac-znacjonalizowana-zwiazkowcy-pisza-do-premiera-morawieckiego\/#primaryimage"},"thumbnailUrl":"https:\/\/www.24gliwice.pl\/wiadomosci\/wp-content\/uploads\/2018\/01\/opel.jpg","keywords":["bezrobocie","fabryka","likwidacja","morawiecki","OPEL","premier","redukcja zatrudnienia","rz\u0105d","Sierpie\u0144 80","zak\u0142ad produkcyjny","zwi\u0105zki zawodowe","zwi\u0105zkowcy","zwolnienia"],"articleSection":["Gliwice","Najnowsze wiadomo\u015bci","Portal Gliwice - Wiadomo\u015bci lokalne"],"inLanguage":"pl-PL","potentialAction":[{"@type":"CommentAction","name":"Comment","target":["https:\/\/www.24gliwice.pl\/wiadomosci\/fabryka-opla-mialaby-zostac-znacjonalizowana-zwiazkowcy-pisza-do-premiera-morawieckiego\/#respond"]}]},{"@type":"WebPage","@id":"https:\/\/www.24gliwice.pl\/wiadomosci\/fabryka-opla-mialaby-zostac-znacjonalizowana-zwiazkowcy-pisza-do-premiera-morawieckiego\/","url":"https:\/\/www.24gliwice.pl\/wiadomosci\/fabryka-opla-mialaby-zostac-znacjonalizowana-zwiazkowcy-pisza-do-premiera-morawieckiego\/","name":"Fabryka Opla mia\u0142aby zosta\u0107 znacjonalizowana? Zwi\u0105zkowcy pisz\u0105 do premiera Morawieckiego - 24GLIWICE - Portal Gliwice | codziennie nowe informacje","isPartOf":{"@id":"https:\/\/www.24gliwice.pl\/wiadomosci\/#website"},"primaryImageOfPage":{"@id":"https:\/\/www.24gliwice.pl\/wiadomosci\/fabryka-opla-mialaby-zostac-znacjonalizowana-zwiazkowcy-pisza-do-premiera-morawieckiego\/#primaryimage"},"image":{"@id":"https:\/\/www.24gliwice.pl\/wiadomosci\/fabryka-opla-mialaby-zostac-znacjonalizowana-zwiazkowcy-pisza-do-premiera-morawieckiego\/#primaryimage"},"thumbnailUrl":"https:\/\/www.24gliwice.pl\/wiadomosci\/wp-content\/uploads\/2018\/01\/opel.jpg","datePublished":"2018-03-03T09:32:40+00:00","breadcrumb":{"@id":"https:\/\/www.24gliwice.pl\/wiadomosci\/fabryka-opla-mialaby-zostac-znacjonalizowana-zwiazkowcy-pisza-do-premiera-morawieckiego\/#breadcrumb"},"inLanguage":"pl-PL","potentialAction":[{"@type":"ReadAction","target":["https:\/\/www.24gliwice.pl\/wiadomosci\/fabryka-opla-mialaby-zostac-znacjonalizowana-zwiazkowcy-pisza-do-premiera-morawieckiego\/"]}]},{"@type":"ImageObject","inLanguage":"pl-PL","@id":"https:\/\/www.24gliwice.pl\/wiadomosci\/fabryka-opla-mialaby-zostac-znacjonalizowana-zwiazkowcy-pisza-do-premiera-morawieckiego\/#primaryimage","url":"https:\/\/www.24gliwice.pl\/wiadomosci\/wp-content\/uploads\/2018\/01\/opel.jpg","contentUrl":"https:\/\/www.24gliwice.pl\/wiadomosci\/wp-content\/uploads\/2018\/01\/opel.jpg","width":810,"height":456,"caption":"fot. 24gliwice.pl"},{"@type":"BreadcrumbList","@id":"https:\/\/www.24gliwice.pl\/wiadomosci\/fabryka-opla-mialaby-zostac-znacjonalizowana-zwiazkowcy-pisza-do-premiera-morawieckiego\/#breadcrumb","itemListElement":[{"@type":"ListItem","position":1,"name":"Strona g\u0142\u00f3wna","item":"https:\/\/www.24gliwice.pl\/wiadomosci\/"},{"@type":"ListItem","position":2,"name":"Fabryka Opla mia\u0142aby zosta\u0107 znacjonalizowana? Zwi\u0105zkowcy pisz\u0105 do premiera Morawieckiego"}]},{"@type":"WebSite","@id":"https:\/\/www.24gliwice.pl\/wiadomosci\/#website","url":"https:\/\/www.24gliwice.pl\/wiadomosci\/","name":"24GLIWICE - Portal Gliwice | codziennie nowe wiadomo\u015bci","description":"Portal Miejski Gliwice","publisher":{"@id":"https:\/\/www.24gliwice.pl\/wiadomosci\/#organization"},"potentialAction":[{"@type":"SearchAction","target":{"@type":"EntryPoint","urlTemplate":"https:\/\/www.24gliwice.pl\/wiadomosci\/?s={search_term_string}"},"query-input":{"@type":"PropertyValueSpecification","valueRequired":true,"valueName":"search_term_string"}}],"inLanguage":"pl-PL"},{"@type":"Organization","@id":"https:\/\/www.24gliwice.pl\/wiadomosci\/#organization","name":"24gliwice","url":"https:\/\/www.24gliwice.pl\/wiadomosci\/","logo":{"@type":"ImageObject","inLanguage":"pl-PL","@id":"https:\/\/www.24gliwice.pl\/wiadomosci\/#\/schema\/logo\/image\/","url":"https:\/\/www.24gliwice.pl\/wiadomosci\/wp-content\/uploads\/2024\/10\/24gliwice-logo-696.jpg","contentUrl":"https:\/\/www.24gliwice.pl\/wiadomosci\/wp-content\/uploads\/2024\/10\/24gliwice-logo-696.jpg","width":696,"height":696,"caption":"24gliwice"},"image":{"@id":"https:\/\/www.24gliwice.pl\/wiadomosci\/#\/schema\/logo\/image\/"},"sameAs":["https:\/\/www.facebook.com\/24gliwice","https:\/\/x.com\/24gliwice","https:\/\/www.youtube.com\/@24gliwice"]},{"@type":"Person","@id":"https:\/\/www.24gliwice.pl\/wiadomosci\/#\/schema\/person\/e42c650edd7f2fa332be3811fb166b6e","name":"\u017baneta Mrozek-Siewierska","image":{"@type":"ImageObject","inLanguage":"pl-PL","@id":"https:\/\/secure.gravatar.com\/avatar\/1881429e9c64597c77ad7aef2d0a19be69a3253e57534d16aa15bf3a4d34a0a3?s=96&d=mm&r=g","url":"https:\/\/secure.gravatar.com\/avatar\/1881429e9c64597c77ad7aef2d0a19be69a3253e57534d16aa15bf3a4d34a0a3?s=96&d=mm&r=g","contentUrl":"https:\/\/secure.gravatar.com\/avatar\/1881429e9c64597c77ad7aef2d0a19be69a3253e57534d16aa15bf3a4d34a0a3?s=96&d=mm&r=g","caption":"\u017baneta Mrozek-Siewierska"},"url":"https:\/\/www.24gliwice.pl\/wiadomosci\/author\/zms\/"}]}},"_links":{"self":[{"href":"https:\/\/www.24gliwice.pl\/wiadomosci\/wp-json\/wp\/v2\/posts\/113237","targetHints":{"allow":["GET"]}}],"collection":[{"href":"https:\/\/www.24gliwice.pl\/wiadomosci\/wp-json\/wp\/v2\/posts"}],"about":[{"href":"https:\/\/www.24gliwice.pl\/wiadomosci\/wp-json\/wp\/v2\/types\/post"}],"author":[{"embeddable":true,"href":"https:\/\/www.24gliwice.pl\/wiadomosci\/wp-json\/wp\/v2\/users\/15"}],"replies":[{"embeddable":true,"href":"https:\/\/www.24gliwice.pl\/wiadomosci\/wp-json\/wp\/v2\/comments?post=113237"}],"version-history":[{"count":0,"href":"https:\/\/www.24gliwice.pl\/wiadomosci\/wp-json\/wp\/v2\/posts\/113237\/revisions"}],"wp:featuredmedia":[{"embeddable":true,"href":"https:\/\/www.24gliwice.pl\/wiadomosci\/wp-json\/wp\/v2\/media\/110665"}],"wp:attachment":[{"href":"https:\/\/www.24gliwice.pl\/wiadomosci\/wp-json\/wp\/v2\/media?parent=113237"}],"wp:term":[{"taxonomy":"category","embeddable":true,"href":"https:\/\/www.24gliwice.pl\/wiadomosci\/wp-json\/wp\/v2\/categories?post=113237"},{"taxonomy":"post_tag","embeddable":true,"href":"https:\/\/www.24gliwice.pl\/wiadomosci\/wp-json\/wp\/v2\/tags?post=113237"}],"curies":[{"name":"wp","href":"https:\/\/api.w.org\/{rel}","templated":true}]}}