{"id":113266,"date":"2018-03-02T14:13:52","date_gmt":"2018-03-02T13:13:52","guid":{"rendered":"http:\/\/www.24gliwice.pl\/wiadomosci\/?p=113266"},"modified":"2018-03-02T14:13:52","modified_gmt":"2018-03-02T13:13:52","slug":"dobra-wiadomosc-dla-pacjentow-do-szpitala-wielospecjalistycznego-przy-ul-kosciuszki-wraca-okulistyka","status":"publish","type":"post","link":"https:\/\/www.24gliwice.pl\/wiadomosci\/dobra-wiadomosc-dla-pacjentow-do-szpitala-wielospecjalistycznego-przy-ul-kosciuszki-wraca-okulistyka\/","title":{"rendered":"Dobra wiadomo\u015b\u0107 dla pacjent\u00f3w. Do Szpitala Wielospecjalistycznego przy ul. Ko\u015bciuszki wraca okulistyka"},"content":{"rendered":"<div class=\"gliwi-a6-nad-leadem-artykulow gliwi-entity-placement\" id=\"gliwi-523970924\"><div class=\"gliwi-adlabel\"><span style=\"font-size: 9px\">REKLAMA<\/span><\/div><div id=\"gliwi-1798500491\" style=\"margin-bottom: 30px;margin-left: auto;margin-right: auto;text-align: center;\"><a data-no-instant=\"1\" href=\"https:\/\/przedszkole.halogen.org.pl\/\" rel=\"noopener\" class=\"a2t-link\" target=\"_blank\" aria-label=\"20260402-ANIMATOR-przedszkole_grafika_750x200\"><img loading=\"lazy\" decoding=\"async\" src=\"https:\/\/www.24gliwice.pl\/wiadomosci\/wp-content\/uploads\/2026\/04\/20260402-ANIMATOR-przedszkole_grafika_750x200.webp\" alt=\"\"  srcset=\"https:\/\/www.24gliwice.pl\/wiadomosci\/wp-content\/uploads\/2026\/04\/20260402-ANIMATOR-przedszkole_grafika_750x200.webp 750w, https:\/\/www.24gliwice.pl\/wiadomosci\/wp-content\/uploads\/2026\/04\/20260402-ANIMATOR-przedszkole_grafika_750x200-410x109.webp 410w\" sizes=\"(max-width: 750px) 100vw, 750px\" class=\"no-lazyload\" width=\"750\" height=\"200\"  style=\"display: inline-block; max-width: 100%; height: auto;\" \/><\/a><\/div><\/div><h3>28 lutego NFZ rozstrzygn\u0105\u0142 konkurs na leczenie szpitalne w zakresie okulistyki chirurgii jednego dnia \u2013 Szpital Wielospecjalistyczny w Gliwicach otrzyma\u0142 kontrakt na okulistyk\u0119.<\/h3>\n<p>Oddzia\u0142 b\u0119dzie przyjmowa\u0142 pacjent\u00f3w od 1 kwietnia.<\/p>\n<p>\u2013 Byli\u015bmy \u015bwiadomi, \u017ce prowadzone post\u0119powanie konkursowe, przy tak ogromnej konkurencji, b\u0119dzie bardzo trudne. W oczekiwaniu na og\u0142oszenie post\u0119powania konkursowego podj\u0119li\u015bmy wiele dzia\u0142a\u0144 zmierzaj\u0105cych do w\u0142a\u015bciwego przygotowania \u2013 m\u00f3wi <strong>Beata Sadownik<\/strong>, prezes Szpitala Wielospecjalistycznego w Gliwicach.<\/p><div class=\"gliwi-a3-w-tresci-artykulow gliwi-entity-placement\" id=\"gliwi-2505247934\"><div class=\"gliwi-adlabel\"><span style=\"font-size: 9px\">REKLAMA<\/span><\/div><div id=\"gliwi-1705123384\" style=\"margin-bottom: 30px;margin-left: auto;margin-right: auto;text-align: center;\"><a data-no-instant=\"1\" href=\"https:\/\/zlobek.halogen.org.pl\/\" rel=\"noopener\" class=\"a2t-link\" target=\"_blank\" aria-label=\"animator-zlobek_750x200\"><img loading=\"lazy\" decoding=\"async\" src=\"https:\/\/www.24gliwice.pl\/wiadomosci\/wp-content\/uploads\/2026\/02\/animator-zlobek_750x200.webp\" alt=\"\"  srcset=\"https:\/\/www.24gliwice.pl\/wiadomosci\/wp-content\/uploads\/2026\/02\/animator-zlobek_750x200.webp 750w, https:\/\/www.24gliwice.pl\/wiadomosci\/wp-content\/uploads\/2026\/02\/animator-zlobek_750x200-410x109.webp 410w\" sizes=\"(max-width: 750px) 100vw, 750px\" class=\"no-lazyload\" width=\"750\" height=\"200\"  style=\"display: inline-block; max-width: 100%; height: auto;\" \/><\/a><\/div><\/div>\n[perfectpullquote align=&#8221;full&#8221; bordertop=&#8221;false&#8221; cite=&#8221;&#8221; link=&#8221;&#8221; color=&#8221;&#8221; class=&#8221;&#8221; size=&#8221;&#8221;]Oddzia\u0142 okulistyki zosta\u0142 przebudowany i doposa\u017cony w niezb\u0119dny sprz\u0119t medyczny. [\/perfectpullquote]\n<p>Blok operacyjny powi\u0119kszy\u0142 si\u0119 o nowoczesn\u0105 sal\u0119 operacyjn\u0105 z wentylacj\u0105 i klimatyzacj\u0105. Zarz\u0105dowi szpitala uda\u0142o si\u0119 skompletowa\u0107 zesp\u00f3\u0142 lekarski i piel\u0119gniarski. Dzi\u0119ki temu szpital wygra\u0142 konkurs i b\u0119dzie m\u00f3g\u0142 \u015bwiadczy\u0107 us\u0142ugi okulistyczne w ramach NFZ.<\/p>\n<p>\u2013 Jeste\u015bmy bardzo zadowoleni z tej decyzji. To dobra wiadomo\u015b\u0107 szczeg\u00f3lnie dla mieszka\u0144c\u00f3w Gliwic i powiatu, kt\u00f3rzy nie b\u0119d\u0105 ju\u017c musieli korzysta\u0107 z us\u0142ug okulistycznych na zasadach komercyjnych, czeka\u0107 na operacj\u0119 za\u0107my w d\u0142ugich kolejkach czy szuka\u0107 pomocy poza granicami miasta, a nawet kraju \u2013 podkre\u015bla Beata Sadownik.<\/p>\n<p>Przypomnijmy &#8211; kontrakt na \u015bwiadczenia okulistyczne gliwicki Szpital Wielospecjalistyczny utraci\u0142 w 2012 r. By\u0142 to efekt przeprowadzonego przez NFZ konkursu na nowych zasadach, kt\u00f3re zak\u0142ada\u0142y przeprowadzenie go dla ca\u0142ego subregionu centralnego wojew\u00f3dztwa \u015bl\u0105skiego, a nie \u2013 jak dotychczas \u2013 z podzia\u0142em na miasta na prawach powiatu i powiaty.<\/p>\n[perfectpullquote align=&#8221;full&#8221; bordertop=&#8221;false&#8221; cite=&#8221;&#8221; link=&#8221;&#8221; color=&#8221;&#8221; class=&#8221;&#8221; size=&#8221;&#8221;]Mimo, i\u017c oddzia\u0142 okulistyki w Szpitalu Wielospecjalistycznym nie posiada\u0142 kontraktu z NFZ, nie zosta\u0142 zlikwidowany, funkcjonowa\u0142 w ograniczonym zakresie realizuj\u0105c tylko zabiegi komercyjne. [\/perfectpullquote]\n<p>Brak kontraktu okulistycznego w Szpitalu Wielospecjalistycznym odbi\u0142 si\u0119 na pacjentach z Gliwic i powiatu. W mie\u015bcie pozosta\u0142 tylko jeden oddzia\u0142 tego typu, w \u00f3wczesnym 106 Szpitalu Wojskowym. Odebranie kontraktu jednemu szpitalowi nie spowodowa\u0142o niestety zwi\u0119kszenia finansowania drugiego szpitala, a nawet zosta\u0142o ono zmniejszone.<\/p>\n<p>Zarz\u0105d Szpitala Wielospecjalistycznego podj\u0105\u0142 walk\u0119 o przywr\u00f3cenie kontraktu dla okulistyki, a starania te wspar\u0142 r\u00f3wnie\u017c samorz\u0105d, apeluj\u0105c w tej sprawie do Narodowego Funduszu Zdrowia, premiera rz\u0105du oraz ministra zdrowia.<\/p>\n<p>Protesty przedstawicieli samorz\u0105du i szpitali przez lata nie odnosi\u0142y skutku. Wyd\u0142u\u017caj\u0105ce si\u0119 kolejki w praktyce uniemo\u017cliwi\u0142y cz\u0119\u015bci pacjent\u00f3w uzyskanie \u015bwiadczenia obj\u0119tego ubezpieczeniem zdrowotnym, a cz\u0119\u015b\u0107 os\u00f3b zmusi\u0142a do wyjazdu za granic\u0119 w celu wykonania niezb\u0119dnych zabieg\u00f3w.<\/p>\n<p>(\u017cms)\/UM(mf)<\/p>\n<div class=\"gliwi-a5-na-koncu-artykulow gliwi-entity-placement\" id=\"gliwi-3098421207\"><div class=\"gliwi-adlabel\"><span style=\"font-size: 9px\">REKLAMA<\/span><\/div><div id=\"gliwi-3475251467\" style=\"margin-left: auto;margin-right: auto;text-align: center;\"><a data-no-instant=\"1\" href=\"https:\/\/prezeroarenagliwice.pl\/\" rel=\"noopener\" class=\"a2t-link\" target=\"_blank\" aria-label=\"20260309-PREZERO-WIOSNA-D\"><img loading=\"lazy\" decoding=\"async\" src=\"https:\/\/www.24gliwice.pl\/wiadomosci\/wp-content\/uploads\/2026\/03\/20260309-PREZERO-WIOSNA-D.webp\" alt=\"\"  srcset=\"https:\/\/www.24gliwice.pl\/wiadomosci\/wp-content\/uploads\/2026\/03\/20260309-PREZERO-WIOSNA-D.webp 750w, https:\/\/www.24gliwice.pl\/wiadomosci\/wp-content\/uploads\/2026\/03\/20260309-PREZERO-WIOSNA-D-410x109.webp 410w\" sizes=\"(max-width: 750px) 100vw, 750px\" class=\"no-lazyload\" width=\"750\" height=\"200\"  style=\"display: inline-block; max-width: 100%; height: auto;\" \/><\/a><\/div><\/div>","protected":false},"excerpt":{"rendered":"<p>28 lutego NFZ rozstrzygn\u0105\u0142 konkurs na leczenie szpitalne w zakresie okulistyki chirurgii jednego dnia \u2013 Szpital Wielospecjalistyczny w Gliwicach otrzyma\u0142 kontrakt na okulistyk\u0119. Oddzia\u0142 b\u0119dzie przyjmowa\u0142 pacjent\u00f3w od 1 kwietnia. \u2013 Byli\u015bmy \u015bwiadomi, \u017ce prowadzone post\u0119powanie konkursowe, przy tak ogromnej konkurencji, b\u0119dzie bardzo trudne. W oczekiwaniu na og\u0142oszenie post\u0119powania konkursowego podj\u0119li\u015bmy wiele dzia\u0142a\u0144 zmierzaj\u0105cych do [&hellip;]<\/p>\n","protected":false},"author":15,"featured_media":113271,"comment_status":"open","ping_status":"closed","sticky":false,"template":"","format":"standard","meta":{"_monsterinsights_skip_tracking":false,"_monsterinsights_sitenote_active":false,"_monsterinsights_sitenote_note":"","_monsterinsights_sitenote_category":0,"footnotes":"","_links_to":"","_links_to_target":""},"categories":[3,1],"tags":[7501,11686,11687,5000,9335,8475],"class_list":["post-113266","post","type-post","status-publish","format-standard","has-post-thumbnail","hentry","category-gliwice","category-wszystko","tag-gcm","tag-okulista","tag-okulistyka","tag-szpital","tag-szpital-miejski","tag-szpital-wielospecjalistyczny"],"yoast_head":"<!-- This site is optimized with the Yoast SEO plugin v27.5 - https:\/\/yoast.com\/product\/yoast-seo-wordpress\/ -->\n<title>Dobra wiadomo\u015b\u0107 dla pacjent\u00f3w. Do Szpitala Wielospecjalistycznego przy ul. Ko\u015bciuszki wraca okulistyka - 24GLIWICE - Portal Gliwice | codziennie nowe informacje<\/title>\n<meta name=\"robots\" content=\"index, follow, max-snippet:-1, max-image-preview:large, max-video-preview:-1\" \/>\n<link rel=\"canonical\" href=\"https:\/\/www.24gliwice.pl\/wiadomosci\/dobra-wiadomosc-dla-pacjentow-do-szpitala-wielospecjalistycznego-przy-ul-kosciuszki-wraca-okulistyka\/\" \/>\n<meta property=\"og:locale\" content=\"pl_PL\" \/>\n<meta property=\"og:type\" content=\"article\" \/>\n<meta property=\"og:title\" content=\"Dobra wiadomo\u015b\u0107 dla pacjent\u00f3w. Do Szpitala Wielospecjalistycznego przy ul. Ko\u015bciuszki wraca okulistyka - 24GLIWICE - Portal Gliwice | codziennie nowe informacje\" \/>\n<meta property=\"og:description\" content=\"28 lutego NFZ rozstrzygn\u0105\u0142 konkurs na leczenie szpitalne w zakresie okulistyki chirurgii jednego dnia \u2013 Szpital Wielospecjalistyczny w Gliwicach otrzyma\u0142 kontrakt na okulistyk\u0119. Oddzia\u0142 b\u0119dzie przyjmowa\u0142 pacjent\u00f3w od 1 kwietnia. \u2013 Byli\u015bmy \u015bwiadomi, \u017ce prowadzone post\u0119powanie konkursowe, przy tak ogromnej konkurencji, b\u0119dzie bardzo trudne. W oczekiwaniu na og\u0142oszenie post\u0119powania konkursowego podj\u0119li\u015bmy wiele dzia\u0142a\u0144 zmierzaj\u0105cych do [&hellip;]\" \/>\n<meta property=\"og:url\" content=\"https:\/\/www.24gliwice.pl\/wiadomosci\/dobra-wiadomosc-dla-pacjentow-do-szpitala-wielospecjalistycznego-przy-ul-kosciuszki-wraca-okulistyka\/\" \/>\n<meta property=\"og:site_name\" content=\"24GLIWICE - Portal Gliwice | codziennie nowe informacje\" \/>\n<meta property=\"article:publisher\" content=\"https:\/\/www.facebook.com\/24gliwice\" \/>\n<meta property=\"article:published_time\" content=\"2018-03-02T13:13:52+00:00\" \/>\n<meta property=\"og:image\" content=\"https:\/\/www.24gliwice.pl\/wiadomosci\/wp-content\/uploads\/2018\/03\/okulistyka.jpg\" \/>\n\t<meta property=\"og:image:width\" content=\"880\" \/>\n\t<meta property=\"og:image:height\" content=\"495\" \/>\n\t<meta property=\"og:image:type\" content=\"image\/jpeg\" \/>\n<meta name=\"author\" content=\"\u017baneta Mrozek-Siewierska\" \/>\n<meta name=\"twitter:card\" content=\"summary_large_image\" \/>\n<meta name=\"twitter:creator\" content=\"@24gliwice\" \/>\n<meta name=\"twitter:site\" content=\"@24gliwice\" \/>\n<meta name=\"twitter:label1\" content=\"Napisane przez\" \/>\n\t<meta name=\"twitter:data1\" content=\"\u017baneta Mrozek-Siewierska\" \/>\n\t<meta name=\"twitter:label2\" content=\"Szacowany czas czytania\" \/>\n\t<meta name=\"twitter:data2\" content=\"2 minuty\" \/>\n<script type=\"application\/ld+json\" class=\"yoast-schema-graph\">{\"@context\":\"https:\\\/\\\/schema.org\",\"@graph\":[{\"@type\":\"Article\",\"@id\":\"https:\\\/\\\/www.24gliwice.pl\\\/wiadomosci\\\/dobra-wiadomosc-dla-pacjentow-do-szpitala-wielospecjalistycznego-przy-ul-kosciuszki-wraca-okulistyka\\\/#article\",\"isPartOf\":{\"@id\":\"https:\\\/\\\/www.24gliwice.pl\\\/wiadomosci\\\/dobra-wiadomosc-dla-pacjentow-do-szpitala-wielospecjalistycznego-przy-ul-kosciuszki-wraca-okulistyka\\\/\"},\"author\":{\"name\":\"\u017baneta Mrozek-Siewierska\",\"@id\":\"https:\\\/\\\/www.24gliwice.pl\\\/wiadomosci\\\/#\\\/schema\\\/person\\\/e42c650edd7f2fa332be3811fb166b6e\"},\"headline\":\"Dobra wiadomo\u015b\u0107 dla pacjent\u00f3w. Do Szpitala Wielospecjalistycznego przy ul. Ko\u015bciuszki wraca okulistyka\",\"datePublished\":\"2018-03-02T13:13:52+00:00\",\"mainEntityOfPage\":{\"@id\":\"https:\\\/\\\/www.24gliwice.pl\\\/wiadomosci\\\/dobra-wiadomosc-dla-pacjentow-do-szpitala-wielospecjalistycznego-przy-ul-kosciuszki-wraca-okulistyka\\\/\"},\"wordCount\":433,\"commentCount\":0,\"publisher\":{\"@id\":\"https:\\\/\\\/www.24gliwice.pl\\\/wiadomosci\\\/#organization\"},\"image\":{\"@id\":\"https:\\\/\\\/www.24gliwice.pl\\\/wiadomosci\\\/dobra-wiadomosc-dla-pacjentow-do-szpitala-wielospecjalistycznego-przy-ul-kosciuszki-wraca-okulistyka\\\/#primaryimage\"},\"thumbnailUrl\":\"https:\\\/\\\/www.24gliwice.pl\\\/wiadomosci\\\/wp-content\\\/uploads\\\/2018\\\/03\\\/okulistyka.jpg\",\"keywords\":[\"gcm\",\"okulista\",\"okulistyka\",\"SZPITAL\",\"SZPITAL MIEJSKI\",\"szpital wielospecjalistyczny\"],\"articleSection\":[\"Gliwice\",\"Najnowsze wiadomo\u015bci\"],\"inLanguage\":\"pl-PL\",\"potentialAction\":[{\"@type\":\"CommentAction\",\"name\":\"Comment\",\"target\":[\"https:\\\/\\\/www.24gliwice.pl\\\/wiadomosci\\\/dobra-wiadomosc-dla-pacjentow-do-szpitala-wielospecjalistycznego-przy-ul-kosciuszki-wraca-okulistyka\\\/#respond\"]}]},{\"@type\":\"WebPage\",\"@id\":\"https:\\\/\\\/www.24gliwice.pl\\\/wiadomosci\\\/dobra-wiadomosc-dla-pacjentow-do-szpitala-wielospecjalistycznego-przy-ul-kosciuszki-wraca-okulistyka\\\/\",\"url\":\"https:\\\/\\\/www.24gliwice.pl\\\/wiadomosci\\\/dobra-wiadomosc-dla-pacjentow-do-szpitala-wielospecjalistycznego-przy-ul-kosciuszki-wraca-okulistyka\\\/\",\"name\":\"Dobra wiadomo\u015b\u0107 dla pacjent\u00f3w. Do Szpitala Wielospecjalistycznego przy ul. Ko\u015bciuszki wraca okulistyka - 24GLIWICE - Portal Gliwice | codziennie nowe informacje\",\"isPartOf\":{\"@id\":\"https:\\\/\\\/www.24gliwice.pl\\\/wiadomosci\\\/#website\"},\"primaryImageOfPage\":{\"@id\":\"https:\\\/\\\/www.24gliwice.pl\\\/wiadomosci\\\/dobra-wiadomosc-dla-pacjentow-do-szpitala-wielospecjalistycznego-przy-ul-kosciuszki-wraca-okulistyka\\\/#primaryimage\"},\"image\":{\"@id\":\"https:\\\/\\\/www.24gliwice.pl\\\/wiadomosci\\\/dobra-wiadomosc-dla-pacjentow-do-szpitala-wielospecjalistycznego-przy-ul-kosciuszki-wraca-okulistyka\\\/#primaryimage\"},\"thumbnailUrl\":\"https:\\\/\\\/www.24gliwice.pl\\\/wiadomosci\\\/wp-content\\\/uploads\\\/2018\\\/03\\\/okulistyka.jpg\",\"datePublished\":\"2018-03-02T13:13:52+00:00\",\"breadcrumb\":{\"@id\":\"https:\\\/\\\/www.24gliwice.pl\\\/wiadomosci\\\/dobra-wiadomosc-dla-pacjentow-do-szpitala-wielospecjalistycznego-przy-ul-kosciuszki-wraca-okulistyka\\\/#breadcrumb\"},\"inLanguage\":\"pl-PL\",\"potentialAction\":[{\"@type\":\"ReadAction\",\"target\":[\"https:\\\/\\\/www.24gliwice.pl\\\/wiadomosci\\\/dobra-wiadomosc-dla-pacjentow-do-szpitala-wielospecjalistycznego-przy-ul-kosciuszki-wraca-okulistyka\\\/\"]}]},{\"@type\":\"ImageObject\",\"inLanguage\":\"pl-PL\",\"@id\":\"https:\\\/\\\/www.24gliwice.pl\\\/wiadomosci\\\/dobra-wiadomosc-dla-pacjentow-do-szpitala-wielospecjalistycznego-przy-ul-kosciuszki-wraca-okulistyka\\\/#primaryimage\",\"url\":\"https:\\\/\\\/www.24gliwice.pl\\\/wiadomosci\\\/wp-content\\\/uploads\\\/2018\\\/03\\\/okulistyka.jpg\",\"contentUrl\":\"https:\\\/\\\/www.24gliwice.pl\\\/wiadomosci\\\/wp-content\\\/uploads\\\/2018\\\/03\\\/okulistyka.jpg\",\"width\":880,\"height\":495,\"caption\":\"Fot. S.Zaremba\\\/UM Gliwice\"},{\"@type\":\"BreadcrumbList\",\"@id\":\"https:\\\/\\\/www.24gliwice.pl\\\/wiadomosci\\\/dobra-wiadomosc-dla-pacjentow-do-szpitala-wielospecjalistycznego-przy-ul-kosciuszki-wraca-okulistyka\\\/#breadcrumb\",\"itemListElement\":[{\"@type\":\"ListItem\",\"position\":1,\"name\":\"Strona g\u0142\u00f3wna\",\"item\":\"https:\\\/\\\/www.24gliwice.pl\\\/wiadomosci\\\/\"},{\"@type\":\"ListItem\",\"position\":2,\"name\":\"Dobra wiadomo\u015b\u0107 dla pacjent\u00f3w. Do Szpitala Wielospecjalistycznego przy ul. Ko\u015bciuszki wraca okulistyka\"}]},{\"@type\":\"WebSite\",\"@id\":\"https:\\\/\\\/www.24gliwice.pl\\\/wiadomosci\\\/#website\",\"url\":\"https:\\\/\\\/www.24gliwice.pl\\\/wiadomosci\\\/\",\"name\":\"24GLIWICE - Portal Gliwice | codziennie nowe wiadomo\u015bci\",\"description\":\"Portal Miejski Gliwice\",\"publisher\":{\"@id\":\"https:\\\/\\\/www.24gliwice.pl\\\/wiadomosci\\\/#organization\"},\"potentialAction\":[{\"@type\":\"SearchAction\",\"target\":{\"@type\":\"EntryPoint\",\"urlTemplate\":\"https:\\\/\\\/www.24gliwice.pl\\\/wiadomosci\\\/?s={search_term_string}\"},\"query-input\":{\"@type\":\"PropertyValueSpecification\",\"valueRequired\":true,\"valueName\":\"search_term_string\"}}],\"inLanguage\":\"pl-PL\"},{\"@type\":\"Organization\",\"@id\":\"https:\\\/\\\/www.24gliwice.pl\\\/wiadomosci\\\/#organization\",\"name\":\"24gliwice\",\"url\":\"https:\\\/\\\/www.24gliwice.pl\\\/wiadomosci\\\/\",\"logo\":{\"@type\":\"ImageObject\",\"inLanguage\":\"pl-PL\",\"@id\":\"https:\\\/\\\/www.24gliwice.pl\\\/wiadomosci\\\/#\\\/schema\\\/logo\\\/image\\\/\",\"url\":\"https:\\\/\\\/www.24gliwice.pl\\\/wiadomosci\\\/wp-content\\\/uploads\\\/2024\\\/10\\\/24gliwice-logo-696.jpg\",\"contentUrl\":\"https:\\\/\\\/www.24gliwice.pl\\\/wiadomosci\\\/wp-content\\\/uploads\\\/2024\\\/10\\\/24gliwice-logo-696.jpg\",\"width\":696,\"height\":696,\"caption\":\"24gliwice\"},\"image\":{\"@id\":\"https:\\\/\\\/www.24gliwice.pl\\\/wiadomosci\\\/#\\\/schema\\\/logo\\\/image\\\/\"},\"sameAs\":[\"https:\\\/\\\/www.facebook.com\\\/24gliwice\",\"https:\\\/\\\/x.com\\\/24gliwice\",\"https:\\\/\\\/www.youtube.com\\\/@24gliwice\"]},{\"@type\":\"Person\",\"@id\":\"https:\\\/\\\/www.24gliwice.pl\\\/wiadomosci\\\/#\\\/schema\\\/person\\\/e42c650edd7f2fa332be3811fb166b6e\",\"name\":\"\u017baneta Mrozek-Siewierska\",\"image\":{\"@type\":\"ImageObject\",\"inLanguage\":\"pl-PL\",\"@id\":\"https:\\\/\\\/secure.gravatar.com\\\/avatar\\\/1881429e9c64597c77ad7aef2d0a19be69a3253e57534d16aa15bf3a4d34a0a3?s=96&d=mm&r=g\",\"url\":\"https:\\\/\\\/secure.gravatar.com\\\/avatar\\\/1881429e9c64597c77ad7aef2d0a19be69a3253e57534d16aa15bf3a4d34a0a3?s=96&d=mm&r=g\",\"contentUrl\":\"https:\\\/\\\/secure.gravatar.com\\\/avatar\\\/1881429e9c64597c77ad7aef2d0a19be69a3253e57534d16aa15bf3a4d34a0a3?s=96&d=mm&r=g\",\"caption\":\"\u017baneta Mrozek-Siewierska\"},\"url\":\"https:\\\/\\\/www.24gliwice.pl\\\/wiadomosci\\\/author\\\/zms\\\/\"}]}<\/script>\n<!-- \/ Yoast SEO plugin. -->","yoast_head_json":{"title":"Dobra wiadomo\u015b\u0107 dla pacjent\u00f3w. Do Szpitala Wielospecjalistycznego przy ul. Ko\u015bciuszki wraca okulistyka - 24GLIWICE - Portal Gliwice | codziennie nowe informacje","robots":{"index":"index","follow":"follow","max-snippet":"max-snippet:-1","max-image-preview":"max-image-preview:large","max-video-preview":"max-video-preview:-1"},"canonical":"https:\/\/www.24gliwice.pl\/wiadomosci\/dobra-wiadomosc-dla-pacjentow-do-szpitala-wielospecjalistycznego-przy-ul-kosciuszki-wraca-okulistyka\/","og_locale":"pl_PL","og_type":"article","og_title":"Dobra wiadomo\u015b\u0107 dla pacjent\u00f3w. Do Szpitala Wielospecjalistycznego przy ul. Ko\u015bciuszki wraca okulistyka - 24GLIWICE - Portal Gliwice | codziennie nowe informacje","og_description":"28 lutego NFZ rozstrzygn\u0105\u0142 konkurs na leczenie szpitalne w zakresie okulistyki chirurgii jednego dnia \u2013 Szpital Wielospecjalistyczny w Gliwicach otrzyma\u0142 kontrakt na okulistyk\u0119. Oddzia\u0142 b\u0119dzie przyjmowa\u0142 pacjent\u00f3w od 1 kwietnia. \u2013 Byli\u015bmy \u015bwiadomi, \u017ce prowadzone post\u0119powanie konkursowe, przy tak ogromnej konkurencji, b\u0119dzie bardzo trudne. W oczekiwaniu na og\u0142oszenie post\u0119powania konkursowego podj\u0119li\u015bmy wiele dzia\u0142a\u0144 zmierzaj\u0105cych do [&hellip;]","og_url":"https:\/\/www.24gliwice.pl\/wiadomosci\/dobra-wiadomosc-dla-pacjentow-do-szpitala-wielospecjalistycznego-przy-ul-kosciuszki-wraca-okulistyka\/","og_site_name":"24GLIWICE - Portal Gliwice | codziennie nowe informacje","article_publisher":"https:\/\/www.facebook.com\/24gliwice","article_published_time":"2018-03-02T13:13:52+00:00","og_image":[{"width":880,"height":495,"url":"https:\/\/www.24gliwice.pl\/wiadomosci\/wp-content\/uploads\/2018\/03\/okulistyka.jpg","type":"image\/jpeg"}],"author":"\u017baneta Mrozek-Siewierska","twitter_card":"summary_large_image","twitter_creator":"@24gliwice","twitter_site":"@24gliwice","twitter_misc":{"Napisane przez":"\u017baneta Mrozek-Siewierska","Szacowany czas czytania":"2 minuty"},"schema":{"@context":"https:\/\/schema.org","@graph":[{"@type":"Article","@id":"https:\/\/www.24gliwice.pl\/wiadomosci\/dobra-wiadomosc-dla-pacjentow-do-szpitala-wielospecjalistycznego-przy-ul-kosciuszki-wraca-okulistyka\/#article","isPartOf":{"@id":"https:\/\/www.24gliwice.pl\/wiadomosci\/dobra-wiadomosc-dla-pacjentow-do-szpitala-wielospecjalistycznego-przy-ul-kosciuszki-wraca-okulistyka\/"},"author":{"name":"\u017baneta Mrozek-Siewierska","@id":"https:\/\/www.24gliwice.pl\/wiadomosci\/#\/schema\/person\/e42c650edd7f2fa332be3811fb166b6e"},"headline":"Dobra wiadomo\u015b\u0107 dla pacjent\u00f3w. Do Szpitala Wielospecjalistycznego przy ul. Ko\u015bciuszki wraca okulistyka","datePublished":"2018-03-02T13:13:52+00:00","mainEntityOfPage":{"@id":"https:\/\/www.24gliwice.pl\/wiadomosci\/dobra-wiadomosc-dla-pacjentow-do-szpitala-wielospecjalistycznego-przy-ul-kosciuszki-wraca-okulistyka\/"},"wordCount":433,"commentCount":0,"publisher":{"@id":"https:\/\/www.24gliwice.pl\/wiadomosci\/#organization"},"image":{"@id":"https:\/\/www.24gliwice.pl\/wiadomosci\/dobra-wiadomosc-dla-pacjentow-do-szpitala-wielospecjalistycznego-przy-ul-kosciuszki-wraca-okulistyka\/#primaryimage"},"thumbnailUrl":"https:\/\/www.24gliwice.pl\/wiadomosci\/wp-content\/uploads\/2018\/03\/okulistyka.jpg","keywords":["gcm","okulista","okulistyka","SZPITAL","SZPITAL MIEJSKI","szpital wielospecjalistyczny"],"articleSection":["Gliwice","Najnowsze wiadomo\u015bci"],"inLanguage":"pl-PL","potentialAction":[{"@type":"CommentAction","name":"Comment","target":["https:\/\/www.24gliwice.pl\/wiadomosci\/dobra-wiadomosc-dla-pacjentow-do-szpitala-wielospecjalistycznego-przy-ul-kosciuszki-wraca-okulistyka\/#respond"]}]},{"@type":"WebPage","@id":"https:\/\/www.24gliwice.pl\/wiadomosci\/dobra-wiadomosc-dla-pacjentow-do-szpitala-wielospecjalistycznego-przy-ul-kosciuszki-wraca-okulistyka\/","url":"https:\/\/www.24gliwice.pl\/wiadomosci\/dobra-wiadomosc-dla-pacjentow-do-szpitala-wielospecjalistycznego-przy-ul-kosciuszki-wraca-okulistyka\/","name":"Dobra wiadomo\u015b\u0107 dla pacjent\u00f3w. Do Szpitala Wielospecjalistycznego przy ul. Ko\u015bciuszki wraca okulistyka - 24GLIWICE - Portal Gliwice | codziennie nowe informacje","isPartOf":{"@id":"https:\/\/www.24gliwice.pl\/wiadomosci\/#website"},"primaryImageOfPage":{"@id":"https:\/\/www.24gliwice.pl\/wiadomosci\/dobra-wiadomosc-dla-pacjentow-do-szpitala-wielospecjalistycznego-przy-ul-kosciuszki-wraca-okulistyka\/#primaryimage"},"image":{"@id":"https:\/\/www.24gliwice.pl\/wiadomosci\/dobra-wiadomosc-dla-pacjentow-do-szpitala-wielospecjalistycznego-przy-ul-kosciuszki-wraca-okulistyka\/#primaryimage"},"thumbnailUrl":"https:\/\/www.24gliwice.pl\/wiadomosci\/wp-content\/uploads\/2018\/03\/okulistyka.jpg","datePublished":"2018-03-02T13:13:52+00:00","breadcrumb":{"@id":"https:\/\/www.24gliwice.pl\/wiadomosci\/dobra-wiadomosc-dla-pacjentow-do-szpitala-wielospecjalistycznego-przy-ul-kosciuszki-wraca-okulistyka\/#breadcrumb"},"inLanguage":"pl-PL","potentialAction":[{"@type":"ReadAction","target":["https:\/\/www.24gliwice.pl\/wiadomosci\/dobra-wiadomosc-dla-pacjentow-do-szpitala-wielospecjalistycznego-przy-ul-kosciuszki-wraca-okulistyka\/"]}]},{"@type":"ImageObject","inLanguage":"pl-PL","@id":"https:\/\/www.24gliwice.pl\/wiadomosci\/dobra-wiadomosc-dla-pacjentow-do-szpitala-wielospecjalistycznego-przy-ul-kosciuszki-wraca-okulistyka\/#primaryimage","url":"https:\/\/www.24gliwice.pl\/wiadomosci\/wp-content\/uploads\/2018\/03\/okulistyka.jpg","contentUrl":"https:\/\/www.24gliwice.pl\/wiadomosci\/wp-content\/uploads\/2018\/03\/okulistyka.jpg","width":880,"height":495,"caption":"Fot. S.Zaremba\/UM Gliwice"},{"@type":"BreadcrumbList","@id":"https:\/\/www.24gliwice.pl\/wiadomosci\/dobra-wiadomosc-dla-pacjentow-do-szpitala-wielospecjalistycznego-przy-ul-kosciuszki-wraca-okulistyka\/#breadcrumb","itemListElement":[{"@type":"ListItem","position":1,"name":"Strona g\u0142\u00f3wna","item":"https:\/\/www.24gliwice.pl\/wiadomosci\/"},{"@type":"ListItem","position":2,"name":"Dobra wiadomo\u015b\u0107 dla pacjent\u00f3w. Do Szpitala Wielospecjalistycznego przy ul. Ko\u015bciuszki wraca okulistyka"}]},{"@type":"WebSite","@id":"https:\/\/www.24gliwice.pl\/wiadomosci\/#website","url":"https:\/\/www.24gliwice.pl\/wiadomosci\/","name":"24GLIWICE - Portal Gliwice | codziennie nowe wiadomo\u015bci","description":"Portal Miejski Gliwice","publisher":{"@id":"https:\/\/www.24gliwice.pl\/wiadomosci\/#organization"},"potentialAction":[{"@type":"SearchAction","target":{"@type":"EntryPoint","urlTemplate":"https:\/\/www.24gliwice.pl\/wiadomosci\/?s={search_term_string}"},"query-input":{"@type":"PropertyValueSpecification","valueRequired":true,"valueName":"search_term_string"}}],"inLanguage":"pl-PL"},{"@type":"Organization","@id":"https:\/\/www.24gliwice.pl\/wiadomosci\/#organization","name":"24gliwice","url":"https:\/\/www.24gliwice.pl\/wiadomosci\/","logo":{"@type":"ImageObject","inLanguage":"pl-PL","@id":"https:\/\/www.24gliwice.pl\/wiadomosci\/#\/schema\/logo\/image\/","url":"https:\/\/www.24gliwice.pl\/wiadomosci\/wp-content\/uploads\/2024\/10\/24gliwice-logo-696.jpg","contentUrl":"https:\/\/www.24gliwice.pl\/wiadomosci\/wp-content\/uploads\/2024\/10\/24gliwice-logo-696.jpg","width":696,"height":696,"caption":"24gliwice"},"image":{"@id":"https:\/\/www.24gliwice.pl\/wiadomosci\/#\/schema\/logo\/image\/"},"sameAs":["https:\/\/www.facebook.com\/24gliwice","https:\/\/x.com\/24gliwice","https:\/\/www.youtube.com\/@24gliwice"]},{"@type":"Person","@id":"https:\/\/www.24gliwice.pl\/wiadomosci\/#\/schema\/person\/e42c650edd7f2fa332be3811fb166b6e","name":"\u017baneta Mrozek-Siewierska","image":{"@type":"ImageObject","inLanguage":"pl-PL","@id":"https:\/\/secure.gravatar.com\/avatar\/1881429e9c64597c77ad7aef2d0a19be69a3253e57534d16aa15bf3a4d34a0a3?s=96&d=mm&r=g","url":"https:\/\/secure.gravatar.com\/avatar\/1881429e9c64597c77ad7aef2d0a19be69a3253e57534d16aa15bf3a4d34a0a3?s=96&d=mm&r=g","contentUrl":"https:\/\/secure.gravatar.com\/avatar\/1881429e9c64597c77ad7aef2d0a19be69a3253e57534d16aa15bf3a4d34a0a3?s=96&d=mm&r=g","caption":"\u017baneta Mrozek-Siewierska"},"url":"https:\/\/www.24gliwice.pl\/wiadomosci\/author\/zms\/"}]}},"_links":{"self":[{"href":"https:\/\/www.24gliwice.pl\/wiadomosci\/wp-json\/wp\/v2\/posts\/113266","targetHints":{"allow":["GET"]}}],"collection":[{"href":"https:\/\/www.24gliwice.pl\/wiadomosci\/wp-json\/wp\/v2\/posts"}],"about":[{"href":"https:\/\/www.24gliwice.pl\/wiadomosci\/wp-json\/wp\/v2\/types\/post"}],"author":[{"embeddable":true,"href":"https:\/\/www.24gliwice.pl\/wiadomosci\/wp-json\/wp\/v2\/users\/15"}],"replies":[{"embeddable":true,"href":"https:\/\/www.24gliwice.pl\/wiadomosci\/wp-json\/wp\/v2\/comments?post=113266"}],"version-history":[{"count":0,"href":"https:\/\/www.24gliwice.pl\/wiadomosci\/wp-json\/wp\/v2\/posts\/113266\/revisions"}],"wp:featuredmedia":[{"embeddable":true,"href":"https:\/\/www.24gliwice.pl\/wiadomosci\/wp-json\/wp\/v2\/media\/113271"}],"wp:attachment":[{"href":"https:\/\/www.24gliwice.pl\/wiadomosci\/wp-json\/wp\/v2\/media?parent=113266"}],"wp:term":[{"taxonomy":"category","embeddable":true,"href":"https:\/\/www.24gliwice.pl\/wiadomosci\/wp-json\/wp\/v2\/categories?post=113266"},{"taxonomy":"post_tag","embeddable":true,"href":"https:\/\/www.24gliwice.pl\/wiadomosci\/wp-json\/wp\/v2\/tags?post=113266"}],"curies":[{"name":"wp","href":"https:\/\/api.w.org\/{rel}","templated":true}]}}