{"id":113365,"date":"2018-03-05T14:28:25","date_gmt":"2018-03-05T13:28:25","guid":{"rendered":"https:\/\/www.24gliwice.pl\/wiadomosci\/?p=113365"},"modified":"2018-03-05T14:29:13","modified_gmt":"2018-03-05T13:29:13","slug":"koniec-zimowej-wyprawy-na-k2-gliwiczanin-janusz-golab-wraca-z-ekipa-do-domu","status":"publish","type":"post","link":"https:\/\/www.24gliwice.pl\/wiadomosci\/koniec-zimowej-wyprawy-na-k2-gliwiczanin-janusz-golab-wraca-z-ekipa-do-domu\/","title":{"rendered":"Koniec zimowej wyprawy na K2. Gliwiczanin, Janusz Go\u0142\u0105b wraca z ekip\u0105 do domu"},"content":{"rendered":"<div class=\"gliwi-a6-nad-leadem-artykulow gliwi-entity-placement\" id=\"gliwi-2061739877\"><div class=\"gliwi-adlabel\"><span style=\"font-size: 9px\">REKLAMA<\/span><\/div><div id=\"gliwi-559760799\" style=\"margin-bottom: 30px;margin-left: auto;margin-right: auto;text-align: center;\"><a data-no-instant=\"1\" href=\"https:\/\/przedszkole.halogen.org.pl\/\" rel=\"noopener\" class=\"a2t-link\" target=\"_blank\" aria-label=\"20260402-ANIMATOR-przedszkole_grafika_750x200\"><img loading=\"lazy\" decoding=\"async\" src=\"https:\/\/www.24gliwice.pl\/wiadomosci\/wp-content\/uploads\/2026\/04\/20260402-ANIMATOR-przedszkole_grafika_750x200.webp\" alt=\"\"  srcset=\"https:\/\/www.24gliwice.pl\/wiadomosci\/wp-content\/uploads\/2026\/04\/20260402-ANIMATOR-przedszkole_grafika_750x200.webp 750w, https:\/\/www.24gliwice.pl\/wiadomosci\/wp-content\/uploads\/2026\/04\/20260402-ANIMATOR-przedszkole_grafika_750x200-410x109.webp 410w\" sizes=\"(max-width: 750px) 100vw, 750px\" class=\"no-lazyload\" width=\"750\" height=\"200\"  style=\"display: inline-block; max-width: 100%; height: auto;\" \/><\/a><\/div><\/div><h3>Na stronie Polski Himalaizm Zimowy 2016-2020 im. Artura Hajzera w serwisie Facebook pojawi\u0142 si\u0119 komunikat o zako\u0144czeniu <a href=\"https:\/\/www.24gliwice.pl\/wiadomosci\/polacy-chca-jako-pierwsi-zdobyc-zima-k2-gliwiczanin-kierownikiem-sportowym-wyprawy\/\" target=\"_blank\" rel=\"noopener\">akcji g\u00f3rskiej na K2.<\/a> W tym roku Polacy nie zdob\u0119d\u0105 zim\u0105 tej g\u00f3ry.<\/h3>\n<p>To mia\u0142o by\u0107 pierwsze na \u015bwiecie zimowe zdobycie najwy\u017cszego szczytu Karakorum, drugiej najwy\u017cszej g\u00f3ry na ziemi. W akcji bierze udzia\u0142 gliwiczanin, <strong>Janusz Go\u0142\u0105b<\/strong>, kt\u00f3ry jest kierownikiem sportowym wyprawy.<\/p>\n[perfectpullquote align=&#8221;full&#8221; bordertop=&#8221;false&#8221; cite=&#8221;&#8221; link=&#8221;&#8221; color=&#8221;&#8221; class=&#8221;&#8221; size=&#8221;&#8221;]<strong>Adam Bielecki<\/strong>, kt\u00f3ry tak\u017ce uczestniczy w ekspedycji, oraz Go\u0142\u0105b w poniedzia\u0142ek rano wyruszyli na rekonesans, kt\u00f3ry mia\u0142 da\u0107 odpowied\u017a na pytanie o dalsze powodzenie przedsi\u0119wzi\u0119cia. Niestety, podj\u0119to decyzj\u0119 o jego zako\u0144czeniu. [\/perfectpullquote]\n<p><iframe loading=\"lazy\" src=\"https:\/\/www.facebook.com\/plugins\/post.php?href=https%3A%2F%2Fwww.facebook.com%2Fpermalink.php%3Fstory_fbid%3D1806278882750874%26id%3D161618080550304&#038;width=500\" width=\"810\" height=\"455\" style=\"border:none;overflow:hidden\" scrolling=\"no\" frameborder=\"0\" allowTransparency=\"true\"><\/iframe><\/p>\n<p><strong>Krzysztof Wielicki<\/strong>, kierownik wyprawy uzasadnia wyb\u00f3r. &#8211; W oparciu o g\u0142\u0119bok\u0105 analiz\u0119 sytuacji w porozumieniu z zespo\u0142em zdecydowa\u0142em dzi\u015b o zako\u0144czeniu akcji g\u00f3rskiej na K2. Wp\u0142yw na decyzj\u0119 o zako\u0144czeniu akcji mia\u0142y nast\u0119puj\u0105ce czynniki: Wynik rekonesansu zespo\u0142u <strong>Adam Bielecki<\/strong> i Janusz Go\u0142\u0105b w dniu dzisiejszym. Okaza\u0142o si\u0119, \u017ce na drodze do C1 wszystkie liny s\u0105 zasypane, namiot w bazie wysuni\u0119tej jest uszkodzony, istnieje r\u00f3wnie\u017c du\u017ce prawdopodobie\u0144stwo zniszczenia oboz\u00f3w C1,C2 oraz C3. Prognoza pogody, kt\u00f3ra potwierdza tylko 1 kr\u00f3tkie okno pogodowe oko\u0142o 11 marca, brak mo\u017cliwo\u015bci zaaklimatyzowania min. 1-go zespo\u0142u na wysoko\u015bci 7200 m, kt\u00f3ry by zd\u0105\u017cy\u0142 po powrocie do bazy na podj\u0119cie pr\u00f3by ataku szczytowego w dniu 11 marca &#8211; pisze na stronie Polski Himalaizm Zimowy 2016-2020 im. Artura Hajzera.<\/p><div class=\"gliwi-a3-w-tresci-artykulow gliwi-entity-placement\" id=\"gliwi-1575747359\"><div class=\"gliwi-adlabel\"><span style=\"font-size: 9px\">REKLAMA<\/span><\/div><div id=\"gliwi-1829219692\" style=\"margin-bottom: 30px;margin-left: auto;margin-right: auto;text-align: center;\"><a data-no-instant=\"1\" href=\"https:\/\/zlobek.halogen.org.pl\/\" rel=\"noopener\" class=\"a2t-link\" target=\"_blank\" aria-label=\"animator-zlobek_750x200\"><img loading=\"lazy\" decoding=\"async\" src=\"https:\/\/www.24gliwice.pl\/wiadomosci\/wp-content\/uploads\/2026\/02\/animator-zlobek_750x200.webp\" alt=\"\"  srcset=\"https:\/\/www.24gliwice.pl\/wiadomosci\/wp-content\/uploads\/2026\/02\/animator-zlobek_750x200.webp 750w, https:\/\/www.24gliwice.pl\/wiadomosci\/wp-content\/uploads\/2026\/02\/animator-zlobek_750x200-410x109.webp 410w\" sizes=\"(max-width: 750px) 100vw, 750px\" class=\"no-lazyload\" width=\"750\" height=\"200\"  style=\"display: inline-block; max-width: 100%; height: auto;\" \/><\/a><\/div><\/div>\n[perfectpullquote align=&#8221;full&#8221; bordertop=&#8221;false&#8221; cite=&#8221;&#8221; link=&#8221;&#8221; color=&#8221;&#8221; class=&#8221;&#8221; size=&#8221;&#8221;]Kolejnym problemem na jaki wskazuje Wielicki jest zagro\u017cenie lawinowe w g\u00f3rnych partiach drogi. &#8211; W ostatnich 8 dniach zanotowali\u015bmy \u0142\u0105cznie ponad 80 cm opad\u00f3w \u015bniegu &#8211; informuje kierownik.[\/perfectpullquote]\n<p>Wielicki powo\u0142uje si\u0119 tak\u017ce na ostrze\u017cenie z Portalu Ventusky o du\u017cych opadach \u015bniegu na wysoko\u015bci 7600 m oraz z\u0142e prognozy na okres po 11 marca. &#8211; Priorytetem wyprawy jest bezpiecze\u0144stwo uczestnik\u00f3w &#8211; podkre\u015bla kierownik wyprawy.<\/p>\n<p>(\u017cms)<\/p>\n<p>fot.\u00a0<a href=\"https:\/\/www.facebook.com\/JanuszGolabAlpinist\/\" target=\"_blank\" rel=\"noopener\">Janusz Go\u0142\u0105b \u2013 8a Team<\/a><\/p>\n<div class=\"gliwi-a5-na-koncu-artykulow gliwi-entity-placement\" id=\"gliwi-2903795969\"><div class=\"gliwi-adlabel\"><span style=\"font-size: 9px\">REKLAMA<\/span><\/div><div id=\"gliwi-14040039\" style=\"margin-left: auto;margin-right: auto;text-align: center;\"><a data-no-instant=\"1\" href=\"https:\/\/www.jasek.pl\/\" rel=\"noopener\" class=\"a2t-link\" target=\"_blank\" aria-label=\"20200401-jasek 600\"><img loading=\"lazy\" decoding=\"async\" src=\"https:\/\/www.24gliwice.pl\/wiadomosci\/wp-content\/uploads\/2020\/04\/20200401-jasek-600.jpg\" alt=\"\"  srcset=\"https:\/\/www.24gliwice.pl\/wiadomosci\/wp-content\/uploads\/2020\/04\/20200401-jasek-600.jpg 600w, https:\/\/www.24gliwice.pl\/wiadomosci\/wp-content\/uploads\/2020\/04\/20200401-jasek-600-410x109.jpg 410w\" sizes=\"(max-width: 600px) 100vw, 600px\" class=\"no-lazyload\" width=\"600\" height=\"160\"  style=\"display: inline-block; max-width: 100%; height: auto;\" \/><\/a><\/div><\/div>","protected":false},"excerpt":{"rendered":"<p>Na stronie Polski Himalaizm Zimowy 2016-2020 im. Artura Hajzera w serwisie Facebook pojawi\u0142 si\u0119 komunikat o zako\u0144czeniu akcji g\u00f3rskiej na K2. W tym roku Polacy nie zdob\u0119d\u0105 zim\u0105 tej g\u00f3ry. To mia\u0142o by\u0107 pierwsze na \u015bwiecie zimowe zdobycie najwy\u017cszego szczytu Karakorum, drugiej najwy\u017cszej g\u00f3ry na ziemi. W akcji bierze udzia\u0142 gliwiczanin, Janusz Go\u0142\u0105b, kt\u00f3ry jest [&hellip;]<\/p>\n","protected":false},"author":15,"featured_media":109778,"comment_status":"open","ping_status":"closed","sticky":false,"template":"","format":"standard","meta":{"_monsterinsights_skip_tracking":false,"_monsterinsights_sitenote_active":false,"_monsterinsights_sitenote_note":"","_monsterinsights_sitenote_category":0,"footnotes":"","_links_to":"","_links_to_target":""},"categories":[3,1],"tags":[5511,11456],"class_list":["post-113365","post","type-post","status-publish","format-standard","has-post-thumbnail","hentry","category-gliwice","category-wszystko","tag-k2","tag-wyprawa-na-k2"],"yoast_head":"<!-- This site is optimized with the Yoast SEO plugin v27.5 - https:\/\/yoast.com\/product\/yoast-seo-wordpress\/ -->\n<title>Koniec zimowej wyprawy na K2. Gliwiczanin, Janusz Go\u0142\u0105b wraca z ekip\u0105 do domu - 24GLIWICE - Portal Gliwice | codziennie nowe informacje<\/title>\n<meta name=\"robots\" content=\"index, follow, max-snippet:-1, max-image-preview:large, max-video-preview:-1\" \/>\n<link rel=\"canonical\" href=\"https:\/\/www.24gliwice.pl\/wiadomosci\/koniec-zimowej-wyprawy-na-k2-gliwiczanin-janusz-golab-wraca-z-ekipa-do-domu\/\" \/>\n<meta property=\"og:locale\" content=\"pl_PL\" \/>\n<meta property=\"og:type\" content=\"article\" \/>\n<meta property=\"og:title\" content=\"Koniec zimowej wyprawy na K2. Gliwiczanin, Janusz Go\u0142\u0105b wraca z ekip\u0105 do domu - 24GLIWICE - Portal Gliwice | codziennie nowe informacje\" \/>\n<meta property=\"og:description\" content=\"Na stronie Polski Himalaizm Zimowy 2016-2020 im. Artura Hajzera w serwisie Facebook pojawi\u0142 si\u0119 komunikat o zako\u0144czeniu akcji g\u00f3rskiej na K2. W tym roku Polacy nie zdob\u0119d\u0105 zim\u0105 tej g\u00f3ry. To mia\u0142o by\u0107 pierwsze na \u015bwiecie zimowe zdobycie najwy\u017cszego szczytu Karakorum, drugiej najwy\u017cszej g\u00f3ry na ziemi. W akcji bierze udzia\u0142 gliwiczanin, Janusz Go\u0142\u0105b, kt\u00f3ry jest [&hellip;]\" \/>\n<meta property=\"og:url\" content=\"https:\/\/www.24gliwice.pl\/wiadomosci\/koniec-zimowej-wyprawy-na-k2-gliwiczanin-janusz-golab-wraca-z-ekipa-do-domu\/\" \/>\n<meta property=\"og:site_name\" content=\"24GLIWICE - Portal Gliwice | codziennie nowe informacje\" \/>\n<meta property=\"article:publisher\" content=\"https:\/\/www.facebook.com\/24gliwice\" \/>\n<meta property=\"article:published_time\" content=\"2018-03-05T13:28:25+00:00\" \/>\n<meta property=\"article:modified_time\" content=\"2018-03-05T13:29:13+00:00\" \/>\n<meta property=\"og:image\" content=\"https:\/\/www.24gliwice.pl\/wiadomosci\/wp-content\/uploads\/2017\/12\/go\u0142\u0105b.jpg\" \/>\n\t<meta property=\"og:image:width\" content=\"960\" \/>\n\t<meta property=\"og:image:height\" content=\"556\" \/>\n\t<meta property=\"og:image:type\" content=\"image\/jpeg\" \/>\n<meta name=\"author\" content=\"\u017baneta Mrozek-Siewierska\" \/>\n<meta name=\"twitter:card\" content=\"summary_large_image\" \/>\n<meta name=\"twitter:creator\" content=\"@24gliwice\" \/>\n<meta name=\"twitter:site\" content=\"@24gliwice\" \/>\n<meta name=\"twitter:label1\" content=\"Napisane przez\" \/>\n\t<meta name=\"twitter:data1\" content=\"\u017baneta Mrozek-Siewierska\" \/>\n\t<meta name=\"twitter:label2\" content=\"Szacowany czas czytania\" \/>\n\t<meta name=\"twitter:data2\" content=\"2 minuty\" \/>\n<script type=\"application\/ld+json\" class=\"yoast-schema-graph\">{\"@context\":\"https:\\\/\\\/schema.org\",\"@graph\":[{\"@type\":\"Article\",\"@id\":\"https:\\\/\\\/www.24gliwice.pl\\\/wiadomosci\\\/koniec-zimowej-wyprawy-na-k2-gliwiczanin-janusz-golab-wraca-z-ekipa-do-domu\\\/#article\",\"isPartOf\":{\"@id\":\"https:\\\/\\\/www.24gliwice.pl\\\/wiadomosci\\\/koniec-zimowej-wyprawy-na-k2-gliwiczanin-janusz-golab-wraca-z-ekipa-do-domu\\\/\"},\"author\":{\"name\":\"\u017baneta Mrozek-Siewierska\",\"@id\":\"https:\\\/\\\/www.24gliwice.pl\\\/wiadomosci\\\/#\\\/schema\\\/person\\\/e42c650edd7f2fa332be3811fb166b6e\"},\"headline\":\"Koniec zimowej wyprawy na K2. Gliwiczanin, Janusz Go\u0142\u0105b wraca z ekip\u0105 do domu\",\"datePublished\":\"2018-03-05T13:28:25+00:00\",\"dateModified\":\"2018-03-05T13:29:13+00:00\",\"mainEntityOfPage\":{\"@id\":\"https:\\\/\\\/www.24gliwice.pl\\\/wiadomosci\\\/koniec-zimowej-wyprawy-na-k2-gliwiczanin-janusz-golab-wraca-z-ekipa-do-domu\\\/\"},\"wordCount\":370,\"commentCount\":0,\"publisher\":{\"@id\":\"https:\\\/\\\/www.24gliwice.pl\\\/wiadomosci\\\/#organization\"},\"image\":{\"@id\":\"https:\\\/\\\/www.24gliwice.pl\\\/wiadomosci\\\/koniec-zimowej-wyprawy-na-k2-gliwiczanin-janusz-golab-wraca-z-ekipa-do-domu\\\/#primaryimage\"},\"thumbnailUrl\":\"https:\\\/\\\/www.24gliwice.pl\\\/wiadomosci\\\/wp-content\\\/uploads\\\/2017\\\/12\\\/go\u0142\u0105b.jpg\",\"keywords\":[\"k2\",\"wyprawa na k2\"],\"articleSection\":[\"Gliwice\",\"Najnowsze wiadomo\u015bci\"],\"inLanguage\":\"pl-PL\",\"potentialAction\":[{\"@type\":\"CommentAction\",\"name\":\"Comment\",\"target\":[\"https:\\\/\\\/www.24gliwice.pl\\\/wiadomosci\\\/koniec-zimowej-wyprawy-na-k2-gliwiczanin-janusz-golab-wraca-z-ekipa-do-domu\\\/#respond\"]}]},{\"@type\":\"WebPage\",\"@id\":\"https:\\\/\\\/www.24gliwice.pl\\\/wiadomosci\\\/koniec-zimowej-wyprawy-na-k2-gliwiczanin-janusz-golab-wraca-z-ekipa-do-domu\\\/\",\"url\":\"https:\\\/\\\/www.24gliwice.pl\\\/wiadomosci\\\/koniec-zimowej-wyprawy-na-k2-gliwiczanin-janusz-golab-wraca-z-ekipa-do-domu\\\/\",\"name\":\"Koniec zimowej wyprawy na K2. Gliwiczanin, Janusz Go\u0142\u0105b wraca z ekip\u0105 do domu - 24GLIWICE - Portal Gliwice | codziennie nowe informacje\",\"isPartOf\":{\"@id\":\"https:\\\/\\\/www.24gliwice.pl\\\/wiadomosci\\\/#website\"},\"primaryImageOfPage\":{\"@id\":\"https:\\\/\\\/www.24gliwice.pl\\\/wiadomosci\\\/koniec-zimowej-wyprawy-na-k2-gliwiczanin-janusz-golab-wraca-z-ekipa-do-domu\\\/#primaryimage\"},\"image\":{\"@id\":\"https:\\\/\\\/www.24gliwice.pl\\\/wiadomosci\\\/koniec-zimowej-wyprawy-na-k2-gliwiczanin-janusz-golab-wraca-z-ekipa-do-domu\\\/#primaryimage\"},\"thumbnailUrl\":\"https:\\\/\\\/www.24gliwice.pl\\\/wiadomosci\\\/wp-content\\\/uploads\\\/2017\\\/12\\\/go\u0142\u0105b.jpg\",\"datePublished\":\"2018-03-05T13:28:25+00:00\",\"dateModified\":\"2018-03-05T13:29:13+00:00\",\"breadcrumb\":{\"@id\":\"https:\\\/\\\/www.24gliwice.pl\\\/wiadomosci\\\/koniec-zimowej-wyprawy-na-k2-gliwiczanin-janusz-golab-wraca-z-ekipa-do-domu\\\/#breadcrumb\"},\"inLanguage\":\"pl-PL\",\"potentialAction\":[{\"@type\":\"ReadAction\",\"target\":[\"https:\\\/\\\/www.24gliwice.pl\\\/wiadomosci\\\/koniec-zimowej-wyprawy-na-k2-gliwiczanin-janusz-golab-wraca-z-ekipa-do-domu\\\/\"]}]},{\"@type\":\"ImageObject\",\"inLanguage\":\"pl-PL\",\"@id\":\"https:\\\/\\\/www.24gliwice.pl\\\/wiadomosci\\\/koniec-zimowej-wyprawy-na-k2-gliwiczanin-janusz-golab-wraca-z-ekipa-do-domu\\\/#primaryimage\",\"url\":\"https:\\\/\\\/www.24gliwice.pl\\\/wiadomosci\\\/wp-content\\\/uploads\\\/2017\\\/12\\\/go\u0142\u0105b.jpg\",\"contentUrl\":\"https:\\\/\\\/www.24gliwice.pl\\\/wiadomosci\\\/wp-content\\\/uploads\\\/2017\\\/12\\\/go\u0142\u0105b.jpg\",\"width\":960,\"height\":556},{\"@type\":\"BreadcrumbList\",\"@id\":\"https:\\\/\\\/www.24gliwice.pl\\\/wiadomosci\\\/koniec-zimowej-wyprawy-na-k2-gliwiczanin-janusz-golab-wraca-z-ekipa-do-domu\\\/#breadcrumb\",\"itemListElement\":[{\"@type\":\"ListItem\",\"position\":1,\"name\":\"Strona g\u0142\u00f3wna\",\"item\":\"https:\\\/\\\/www.24gliwice.pl\\\/wiadomosci\\\/\"},{\"@type\":\"ListItem\",\"position\":2,\"name\":\"Koniec zimowej wyprawy na K2. Gliwiczanin, Janusz Go\u0142\u0105b wraca z ekip\u0105 do domu\"}]},{\"@type\":\"WebSite\",\"@id\":\"https:\\\/\\\/www.24gliwice.pl\\\/wiadomosci\\\/#website\",\"url\":\"https:\\\/\\\/www.24gliwice.pl\\\/wiadomosci\\\/\",\"name\":\"24GLIWICE - Portal Gliwice | codziennie nowe wiadomo\u015bci\",\"description\":\"Portal Miejski Gliwice\",\"publisher\":{\"@id\":\"https:\\\/\\\/www.24gliwice.pl\\\/wiadomosci\\\/#organization\"},\"potentialAction\":[{\"@type\":\"SearchAction\",\"target\":{\"@type\":\"EntryPoint\",\"urlTemplate\":\"https:\\\/\\\/www.24gliwice.pl\\\/wiadomosci\\\/?s={search_term_string}\"},\"query-input\":{\"@type\":\"PropertyValueSpecification\",\"valueRequired\":true,\"valueName\":\"search_term_string\"}}],\"inLanguage\":\"pl-PL\"},{\"@type\":\"Organization\",\"@id\":\"https:\\\/\\\/www.24gliwice.pl\\\/wiadomosci\\\/#organization\",\"name\":\"24gliwice\",\"url\":\"https:\\\/\\\/www.24gliwice.pl\\\/wiadomosci\\\/\",\"logo\":{\"@type\":\"ImageObject\",\"inLanguage\":\"pl-PL\",\"@id\":\"https:\\\/\\\/www.24gliwice.pl\\\/wiadomosci\\\/#\\\/schema\\\/logo\\\/image\\\/\",\"url\":\"https:\\\/\\\/www.24gliwice.pl\\\/wiadomosci\\\/wp-content\\\/uploads\\\/2024\\\/10\\\/24gliwice-logo-696.jpg\",\"contentUrl\":\"https:\\\/\\\/www.24gliwice.pl\\\/wiadomosci\\\/wp-content\\\/uploads\\\/2024\\\/10\\\/24gliwice-logo-696.jpg\",\"width\":696,\"height\":696,\"caption\":\"24gliwice\"},\"image\":{\"@id\":\"https:\\\/\\\/www.24gliwice.pl\\\/wiadomosci\\\/#\\\/schema\\\/logo\\\/image\\\/\"},\"sameAs\":[\"https:\\\/\\\/www.facebook.com\\\/24gliwice\",\"https:\\\/\\\/x.com\\\/24gliwice\",\"https:\\\/\\\/www.youtube.com\\\/@24gliwice\"]},{\"@type\":\"Person\",\"@id\":\"https:\\\/\\\/www.24gliwice.pl\\\/wiadomosci\\\/#\\\/schema\\\/person\\\/e42c650edd7f2fa332be3811fb166b6e\",\"name\":\"\u017baneta Mrozek-Siewierska\",\"image\":{\"@type\":\"ImageObject\",\"inLanguage\":\"pl-PL\",\"@id\":\"https:\\\/\\\/secure.gravatar.com\\\/avatar\\\/1881429e9c64597c77ad7aef2d0a19be69a3253e57534d16aa15bf3a4d34a0a3?s=96&d=mm&r=g\",\"url\":\"https:\\\/\\\/secure.gravatar.com\\\/avatar\\\/1881429e9c64597c77ad7aef2d0a19be69a3253e57534d16aa15bf3a4d34a0a3?s=96&d=mm&r=g\",\"contentUrl\":\"https:\\\/\\\/secure.gravatar.com\\\/avatar\\\/1881429e9c64597c77ad7aef2d0a19be69a3253e57534d16aa15bf3a4d34a0a3?s=96&d=mm&r=g\",\"caption\":\"\u017baneta Mrozek-Siewierska\"},\"url\":\"https:\\\/\\\/www.24gliwice.pl\\\/wiadomosci\\\/author\\\/zms\\\/\"}]}<\/script>\n<!-- \/ Yoast SEO plugin. -->","yoast_head_json":{"title":"Koniec zimowej wyprawy na K2. Gliwiczanin, Janusz Go\u0142\u0105b wraca z ekip\u0105 do domu - 24GLIWICE - Portal Gliwice | codziennie nowe informacje","robots":{"index":"index","follow":"follow","max-snippet":"max-snippet:-1","max-image-preview":"max-image-preview:large","max-video-preview":"max-video-preview:-1"},"canonical":"https:\/\/www.24gliwice.pl\/wiadomosci\/koniec-zimowej-wyprawy-na-k2-gliwiczanin-janusz-golab-wraca-z-ekipa-do-domu\/","og_locale":"pl_PL","og_type":"article","og_title":"Koniec zimowej wyprawy na K2. Gliwiczanin, Janusz Go\u0142\u0105b wraca z ekip\u0105 do domu - 24GLIWICE - Portal Gliwice | codziennie nowe informacje","og_description":"Na stronie Polski Himalaizm Zimowy 2016-2020 im. Artura Hajzera w serwisie Facebook pojawi\u0142 si\u0119 komunikat o zako\u0144czeniu akcji g\u00f3rskiej na K2. W tym roku Polacy nie zdob\u0119d\u0105 zim\u0105 tej g\u00f3ry. To mia\u0142o by\u0107 pierwsze na \u015bwiecie zimowe zdobycie najwy\u017cszego szczytu Karakorum, drugiej najwy\u017cszej g\u00f3ry na ziemi. W akcji bierze udzia\u0142 gliwiczanin, Janusz Go\u0142\u0105b, kt\u00f3ry jest [&hellip;]","og_url":"https:\/\/www.24gliwice.pl\/wiadomosci\/koniec-zimowej-wyprawy-na-k2-gliwiczanin-janusz-golab-wraca-z-ekipa-do-domu\/","og_site_name":"24GLIWICE - Portal Gliwice | codziennie nowe informacje","article_publisher":"https:\/\/www.facebook.com\/24gliwice","article_published_time":"2018-03-05T13:28:25+00:00","article_modified_time":"2018-03-05T13:29:13+00:00","og_image":[{"width":960,"height":556,"url":"https:\/\/www.24gliwice.pl\/wiadomosci\/wp-content\/uploads\/2017\/12\/go\u0142\u0105b.jpg","type":"image\/jpeg"}],"author":"\u017baneta Mrozek-Siewierska","twitter_card":"summary_large_image","twitter_creator":"@24gliwice","twitter_site":"@24gliwice","twitter_misc":{"Napisane przez":"\u017baneta Mrozek-Siewierska","Szacowany czas czytania":"2 minuty"},"schema":{"@context":"https:\/\/schema.org","@graph":[{"@type":"Article","@id":"https:\/\/www.24gliwice.pl\/wiadomosci\/koniec-zimowej-wyprawy-na-k2-gliwiczanin-janusz-golab-wraca-z-ekipa-do-domu\/#article","isPartOf":{"@id":"https:\/\/www.24gliwice.pl\/wiadomosci\/koniec-zimowej-wyprawy-na-k2-gliwiczanin-janusz-golab-wraca-z-ekipa-do-domu\/"},"author":{"name":"\u017baneta Mrozek-Siewierska","@id":"https:\/\/www.24gliwice.pl\/wiadomosci\/#\/schema\/person\/e42c650edd7f2fa332be3811fb166b6e"},"headline":"Koniec zimowej wyprawy na K2. Gliwiczanin, Janusz Go\u0142\u0105b wraca z ekip\u0105 do domu","datePublished":"2018-03-05T13:28:25+00:00","dateModified":"2018-03-05T13:29:13+00:00","mainEntityOfPage":{"@id":"https:\/\/www.24gliwice.pl\/wiadomosci\/koniec-zimowej-wyprawy-na-k2-gliwiczanin-janusz-golab-wraca-z-ekipa-do-domu\/"},"wordCount":370,"commentCount":0,"publisher":{"@id":"https:\/\/www.24gliwice.pl\/wiadomosci\/#organization"},"image":{"@id":"https:\/\/www.24gliwice.pl\/wiadomosci\/koniec-zimowej-wyprawy-na-k2-gliwiczanin-janusz-golab-wraca-z-ekipa-do-domu\/#primaryimage"},"thumbnailUrl":"https:\/\/www.24gliwice.pl\/wiadomosci\/wp-content\/uploads\/2017\/12\/go\u0142\u0105b.jpg","keywords":["k2","wyprawa na k2"],"articleSection":["Gliwice","Najnowsze wiadomo\u015bci"],"inLanguage":"pl-PL","potentialAction":[{"@type":"CommentAction","name":"Comment","target":["https:\/\/www.24gliwice.pl\/wiadomosci\/koniec-zimowej-wyprawy-na-k2-gliwiczanin-janusz-golab-wraca-z-ekipa-do-domu\/#respond"]}]},{"@type":"WebPage","@id":"https:\/\/www.24gliwice.pl\/wiadomosci\/koniec-zimowej-wyprawy-na-k2-gliwiczanin-janusz-golab-wraca-z-ekipa-do-domu\/","url":"https:\/\/www.24gliwice.pl\/wiadomosci\/koniec-zimowej-wyprawy-na-k2-gliwiczanin-janusz-golab-wraca-z-ekipa-do-domu\/","name":"Koniec zimowej wyprawy na K2. Gliwiczanin, Janusz Go\u0142\u0105b wraca z ekip\u0105 do domu - 24GLIWICE - Portal Gliwice | codziennie nowe informacje","isPartOf":{"@id":"https:\/\/www.24gliwice.pl\/wiadomosci\/#website"},"primaryImageOfPage":{"@id":"https:\/\/www.24gliwice.pl\/wiadomosci\/koniec-zimowej-wyprawy-na-k2-gliwiczanin-janusz-golab-wraca-z-ekipa-do-domu\/#primaryimage"},"image":{"@id":"https:\/\/www.24gliwice.pl\/wiadomosci\/koniec-zimowej-wyprawy-na-k2-gliwiczanin-janusz-golab-wraca-z-ekipa-do-domu\/#primaryimage"},"thumbnailUrl":"https:\/\/www.24gliwice.pl\/wiadomosci\/wp-content\/uploads\/2017\/12\/go\u0142\u0105b.jpg","datePublished":"2018-03-05T13:28:25+00:00","dateModified":"2018-03-05T13:29:13+00:00","breadcrumb":{"@id":"https:\/\/www.24gliwice.pl\/wiadomosci\/koniec-zimowej-wyprawy-na-k2-gliwiczanin-janusz-golab-wraca-z-ekipa-do-domu\/#breadcrumb"},"inLanguage":"pl-PL","potentialAction":[{"@type":"ReadAction","target":["https:\/\/www.24gliwice.pl\/wiadomosci\/koniec-zimowej-wyprawy-na-k2-gliwiczanin-janusz-golab-wraca-z-ekipa-do-domu\/"]}]},{"@type":"ImageObject","inLanguage":"pl-PL","@id":"https:\/\/www.24gliwice.pl\/wiadomosci\/koniec-zimowej-wyprawy-na-k2-gliwiczanin-janusz-golab-wraca-z-ekipa-do-domu\/#primaryimage","url":"https:\/\/www.24gliwice.pl\/wiadomosci\/wp-content\/uploads\/2017\/12\/go\u0142\u0105b.jpg","contentUrl":"https:\/\/www.24gliwice.pl\/wiadomosci\/wp-content\/uploads\/2017\/12\/go\u0142\u0105b.jpg","width":960,"height":556},{"@type":"BreadcrumbList","@id":"https:\/\/www.24gliwice.pl\/wiadomosci\/koniec-zimowej-wyprawy-na-k2-gliwiczanin-janusz-golab-wraca-z-ekipa-do-domu\/#breadcrumb","itemListElement":[{"@type":"ListItem","position":1,"name":"Strona g\u0142\u00f3wna","item":"https:\/\/www.24gliwice.pl\/wiadomosci\/"},{"@type":"ListItem","position":2,"name":"Koniec zimowej wyprawy na K2. Gliwiczanin, Janusz Go\u0142\u0105b wraca z ekip\u0105 do domu"}]},{"@type":"WebSite","@id":"https:\/\/www.24gliwice.pl\/wiadomosci\/#website","url":"https:\/\/www.24gliwice.pl\/wiadomosci\/","name":"24GLIWICE - Portal Gliwice | codziennie nowe wiadomo\u015bci","description":"Portal Miejski Gliwice","publisher":{"@id":"https:\/\/www.24gliwice.pl\/wiadomosci\/#organization"},"potentialAction":[{"@type":"SearchAction","target":{"@type":"EntryPoint","urlTemplate":"https:\/\/www.24gliwice.pl\/wiadomosci\/?s={search_term_string}"},"query-input":{"@type":"PropertyValueSpecification","valueRequired":true,"valueName":"search_term_string"}}],"inLanguage":"pl-PL"},{"@type":"Organization","@id":"https:\/\/www.24gliwice.pl\/wiadomosci\/#organization","name":"24gliwice","url":"https:\/\/www.24gliwice.pl\/wiadomosci\/","logo":{"@type":"ImageObject","inLanguage":"pl-PL","@id":"https:\/\/www.24gliwice.pl\/wiadomosci\/#\/schema\/logo\/image\/","url":"https:\/\/www.24gliwice.pl\/wiadomosci\/wp-content\/uploads\/2024\/10\/24gliwice-logo-696.jpg","contentUrl":"https:\/\/www.24gliwice.pl\/wiadomosci\/wp-content\/uploads\/2024\/10\/24gliwice-logo-696.jpg","width":696,"height":696,"caption":"24gliwice"},"image":{"@id":"https:\/\/www.24gliwice.pl\/wiadomosci\/#\/schema\/logo\/image\/"},"sameAs":["https:\/\/www.facebook.com\/24gliwice","https:\/\/x.com\/24gliwice","https:\/\/www.youtube.com\/@24gliwice"]},{"@type":"Person","@id":"https:\/\/www.24gliwice.pl\/wiadomosci\/#\/schema\/person\/e42c650edd7f2fa332be3811fb166b6e","name":"\u017baneta Mrozek-Siewierska","image":{"@type":"ImageObject","inLanguage":"pl-PL","@id":"https:\/\/secure.gravatar.com\/avatar\/1881429e9c64597c77ad7aef2d0a19be69a3253e57534d16aa15bf3a4d34a0a3?s=96&d=mm&r=g","url":"https:\/\/secure.gravatar.com\/avatar\/1881429e9c64597c77ad7aef2d0a19be69a3253e57534d16aa15bf3a4d34a0a3?s=96&d=mm&r=g","contentUrl":"https:\/\/secure.gravatar.com\/avatar\/1881429e9c64597c77ad7aef2d0a19be69a3253e57534d16aa15bf3a4d34a0a3?s=96&d=mm&r=g","caption":"\u017baneta Mrozek-Siewierska"},"url":"https:\/\/www.24gliwice.pl\/wiadomosci\/author\/zms\/"}]}},"_links":{"self":[{"href":"https:\/\/www.24gliwice.pl\/wiadomosci\/wp-json\/wp\/v2\/posts\/113365","targetHints":{"allow":["GET"]}}],"collection":[{"href":"https:\/\/www.24gliwice.pl\/wiadomosci\/wp-json\/wp\/v2\/posts"}],"about":[{"href":"https:\/\/www.24gliwice.pl\/wiadomosci\/wp-json\/wp\/v2\/types\/post"}],"author":[{"embeddable":true,"href":"https:\/\/www.24gliwice.pl\/wiadomosci\/wp-json\/wp\/v2\/users\/15"}],"replies":[{"embeddable":true,"href":"https:\/\/www.24gliwice.pl\/wiadomosci\/wp-json\/wp\/v2\/comments?post=113365"}],"version-history":[{"count":0,"href":"https:\/\/www.24gliwice.pl\/wiadomosci\/wp-json\/wp\/v2\/posts\/113365\/revisions"}],"wp:featuredmedia":[{"embeddable":true,"href":"https:\/\/www.24gliwice.pl\/wiadomosci\/wp-json\/wp\/v2\/media\/109778"}],"wp:attachment":[{"href":"https:\/\/www.24gliwice.pl\/wiadomosci\/wp-json\/wp\/v2\/media?parent=113365"}],"wp:term":[{"taxonomy":"category","embeddable":true,"href":"https:\/\/www.24gliwice.pl\/wiadomosci\/wp-json\/wp\/v2\/categories?post=113365"},{"taxonomy":"post_tag","embeddable":true,"href":"https:\/\/www.24gliwice.pl\/wiadomosci\/wp-json\/wp\/v2\/tags?post=113365"}],"curies":[{"name":"wp","href":"https:\/\/api.w.org\/{rel}","templated":true}]}}