{"id":113378,"date":"2018-03-05T14:09:42","date_gmt":"2018-03-05T13:09:42","guid":{"rendered":"https:\/\/www.24gliwice.pl\/wiadomosci\/?p=113378"},"modified":"2024-08-20T02:00:15","modified_gmt":"2024-08-20T00:00:15","slug":"sektory-o-p-r-s-beda-zamkniete-dla-publicznosci-do-konca-sezonu-28-osob-z-zakazem-wstepu-na-stadion","status":"publish","type":"post","link":"https:\/\/www.24gliwice.pl\/wiadomosci\/sektory-o-p-r-s-beda-zamkniete-dla-publicznosci-do-konca-sezonu-28-osob-z-zakazem-wstepu-na-stadion\/","title":{"rendered":"Sektory O, P, R, S b\u0119d\u0105 zamkni\u0119te dla publiczno\u015bci do ko\u0144ca sezonu. 28 os\u00f3b z zakazem wst\u0119pu na stadion"},"content":{"rendered":"<div class=\"gliwi-a6-nad-leadem-artykulow gliwi-entity-placement\" id=\"gliwi-3759881976\"><div class=\"gliwi-adlabel\"><span style=\"font-size: 9px\">REKLAMA<\/span><\/div><div id=\"gliwi-2817974636\" style=\"margin-bottom: 30px;margin-left: auto;margin-right: auto;text-align: center;\"><a data-no-instant=\"1\" href=\"https:\/\/przedszkole.halogen.org.pl\/\" rel=\"noopener\" class=\"a2t-link\" target=\"_blank\" aria-label=\"20260402-ANIMATOR-przedszkole_grafika_750x200\"><img loading=\"lazy\" decoding=\"async\" src=\"https:\/\/www.24gliwice.pl\/wiadomosci\/wp-content\/uploads\/2026\/04\/20260402-ANIMATOR-przedszkole_grafika_750x200.webp\" alt=\"\"  srcset=\"https:\/\/www.24gliwice.pl\/wiadomosci\/wp-content\/uploads\/2026\/04\/20260402-ANIMATOR-przedszkole_grafika_750x200.webp 750w, https:\/\/www.24gliwice.pl\/wiadomosci\/wp-content\/uploads\/2026\/04\/20260402-ANIMATOR-przedszkole_grafika_750x200-410x109.webp 410w\" sizes=\"(max-width: 750px) 100vw, 750px\" class=\"no-lazyload\" width=\"750\" height=\"200\"  style=\"display: inline-block; max-width: 100%; height: auto;\" \/><\/a><\/div><\/div><h3>Piast Gliwice wyda\u0142 o\u015bwiadczenie, w kt\u00f3rym zapowiada podj\u0119cie krok\u00f3w prawnych wobec sprawc\u00f3w sobotniego wybryku. Trwa ustalanie ich to\u017csamo\u015bci.<\/h3>\n<p>Sztab ludzi pracowa\u0142 intensywnie ju\u017c od zako\u0144czenia meczu a\u017c do godzin porannych w niedziel\u0119 oraz przez ca\u0142\u0105 niedziel\u0119. Efektem wyt\u0119\u017conej pracy jest identyfikacja do tej pory prawie 70 os\u00f3b, kt\u00f3re dopu\u015bci\u0142y si\u0119 naruszenia przepis\u00f3w Ustawy o bezpiecze\u0144stwie imprez masowych. Znane s\u0105 te\u017c personalia 28 os\u00f3b, na kt\u00f3re zostan\u0105 na\u0142o\u017cone klubowe zakazy wst\u0119pu na imprezy masowe o maksymalnej d\u0142ugo\u015bci, wynikaj\u0105cej z ustawy.<\/p>\n<p>Opr\u00f3cz tego rozpoznana zosta\u0142a cz\u0119\u015b\u0107 os\u00f3b, kt\u00f3ra dopu\u015bci\u0142a si\u0119 zniszczenia mienia na stadionie.<\/p><div class=\"gliwi-a3-w-tresci-artykulow gliwi-entity-placement\" id=\"gliwi-3275294802\"><div class=\"gliwi-adlabel\"><span style=\"font-size: 9px\">REKLAMA<\/span><\/div><div id=\"gliwi-2315150608\" style=\"margin-bottom: 30px;margin-left: auto;margin-right: auto;text-align: center;\"><a data-no-instant=\"1\" href=\"https:\/\/ogrodyandersa.pl\/\" rel=\"noopener\" class=\"a2t-link\" target=\"_blank\" aria-label=\"20260415 Ogrody Andersa KUP TERAZ D\"><img loading=\"lazy\" decoding=\"async\" src=\"https:\/\/www.24gliwice.pl\/wiadomosci\/wp-content\/uploads\/2026\/04\/20260415-Ogrody-Andersa-KUP-TERAZ-D.jpg\" alt=\"\"  srcset=\"https:\/\/www.24gliwice.pl\/wiadomosci\/wp-content\/uploads\/2026\/04\/20260415-Ogrody-Andersa-KUP-TERAZ-D.jpg 750w, https:\/\/www.24gliwice.pl\/wiadomosci\/wp-content\/uploads\/2026\/04\/20260415-Ogrody-Andersa-KUP-TERAZ-D-410x109.jpg 410w\" sizes=\"(max-width: 750px) 100vw, 750px\" class=\"no-lazyload\" width=\"750\" height=\"200\"  style=\"display: inline-block; max-width: 100%; height: auto;\" \/><\/a><\/div><\/div>\n[perfectpullquote align=&#8221;full&#8221; bordertop=&#8221;false&#8221; cite=&#8221;&#8221; link=&#8221;&#8221; color=&#8221;&#8221; class=&#8221;&#8221; size=&#8221;&#8221;]Klub z\u0142o\u017cy\u0142 w tej sprawie zaraz po zako\u0144czeniu zawod\u00f3w stosowne zawiadomienie o przest\u0119pstwie, kt\u00f3re jest \u015bcigane na wniosek pokrzywdzonego. [\/perfectpullquote]\n<p>Te osoby zostan\u0105 poci\u0105gni\u0119te do odpowiedzialno\u015bci karnej, w\u0142\u0105cznie z pozwami o naprawienie szk\u00f3d. <\/p>\n<p>Decyzj\u0105 Klubu, do ko\u0144ca obecnego sezonu zamkni\u0119te dla widowni zostan\u0105 sektory O, P, R, S (za bramk\u0105). Ponadto, wszystkie osoby, kt\u00f3re podczas sobotniego meczu zajmowa\u0142y miejsca w sektorach P i R (za wyj\u0105tkiem posiadaczy karnet\u00f3w, kt\u00f3rych tego dnia nie by\u0142o na imprezie masowej), nie b\u0119d\u0105 mog\u0142y zakupi\u0107 biletu i wej\u015b\u0107 na Stadion Miejski w Gliwicach do ko\u0144ca sezonu zasadniczego. Z kolei wobec klubu z Zabrza zastosowany b\u0119dzie zakaz przyjazdu zorganizowanej grupy przez trzy kolejne spotkania ligowe.<\/p>\n<p>(\u017cms)\/Biuro Prasowe GKS Piast SA<\/p>\n<p>fot. A. Witwicki<\/p>\n<div class=\"gliwi-a5-na-koncu-artykulow gliwi-entity-placement\" id=\"gliwi-1559579901\"><div class=\"gliwi-adlabel\"><span style=\"font-size: 9px\">REKLAMA<\/span><\/div><div id=\"gliwi-2250237577\" style=\"margin-left: auto;margin-right: auto;text-align: center;\"><a data-no-instant=\"1\" href=\"https:\/\/prezeroarenagliwice.pl\/\" rel=\"noopener\" class=\"a2t-link\" target=\"_blank\" aria-label=\"20260309-PREZERO-WIOSNA-D\"><img loading=\"lazy\" decoding=\"async\" src=\"https:\/\/www.24gliwice.pl\/wiadomosci\/wp-content\/uploads\/2026\/03\/20260309-PREZERO-WIOSNA-D.webp\" alt=\"\"  srcset=\"https:\/\/www.24gliwice.pl\/wiadomosci\/wp-content\/uploads\/2026\/03\/20260309-PREZERO-WIOSNA-D.webp 750w, https:\/\/www.24gliwice.pl\/wiadomosci\/wp-content\/uploads\/2026\/03\/20260309-PREZERO-WIOSNA-D-410x109.webp 410w\" sizes=\"(max-width: 750px) 100vw, 750px\" class=\"no-lazyload\" width=\"750\" height=\"200\"  style=\"display: inline-block; max-width: 100%; height: auto;\" \/><\/a><\/div><\/div>","protected":false},"excerpt":{"rendered":"<p>Piast Gliwice wyda\u0142 o\u015bwiadczenie, w kt\u00f3rym zapowiada podj\u0119cie krok\u00f3w prawnych wobec sprawc\u00f3w sobotniego wybryku. Trwa ustalanie ich to\u017csamo\u015bci. Sztab ludzi pracowa\u0142 intensywnie ju\u017c od zako\u0144czenia meczu a\u017c do godzin porannych w niedziel\u0119 oraz przez ca\u0142\u0105 niedziel\u0119. Efektem wyt\u0119\u017conej pracy jest identyfikacja do tej pory prawie 70 os\u00f3b, kt\u00f3re dopu\u015bci\u0142y si\u0119 naruszenia przepis\u00f3w Ustawy o bezpiecze\u0144stwie [&hellip;]<\/p>\n","protected":false},"author":15,"featured_media":113382,"comment_status":"open","ping_status":"closed","sticky":false,"template":"","format":"standard","meta":{"_monsterinsights_skip_tracking":false,"_monsterinsights_sitenote_active":false,"_monsterinsights_sitenote_note":"","_monsterinsights_sitenote_category":0,"footnotes":"","_links_to":"","_links_to_target":""},"categories":[3,1,23842],"tags":[10090,644,5429,8186,8754,2426,2611,118],"class_list":["post-113378","post","type-post","status-publish","format-standard","has-post-thumbnail","hentry","category-gliwice","category-wszystko","category-sport_gliwice","tag-derby","tag-kibice","tag-kibole","tag-mecz","tag-okrzei","tag-piast-gornik","tag-pseudokibice","tag-stadion-miejski"],"yoast_head":"<!-- This site is optimized with the Yoast SEO plugin v27.5 - https:\/\/yoast.com\/product\/yoast-seo-wordpress\/ -->\n<title>Sektory O, P, R, S b\u0119d\u0105 zamkni\u0119te dla publiczno\u015bci do ko\u0144ca sezonu. 28 os\u00f3b z zakazem wst\u0119pu na stadion - 24GLIWICE - Portal Gliwice | codziennie nowe informacje<\/title>\n<meta name=\"robots\" content=\"index, follow, max-snippet:-1, max-image-preview:large, max-video-preview:-1\" \/>\n<link rel=\"canonical\" href=\"https:\/\/www.24gliwice.pl\/wiadomosci\/sektory-o-p-r-s-beda-zamkniete-dla-publicznosci-do-konca-sezonu-28-osob-z-zakazem-wstepu-na-stadion\/\" \/>\n<meta property=\"og:locale\" content=\"pl_PL\" \/>\n<meta property=\"og:type\" content=\"article\" \/>\n<meta property=\"og:title\" content=\"Sektory O, P, R, S b\u0119d\u0105 zamkni\u0119te dla publiczno\u015bci do ko\u0144ca sezonu. 28 os\u00f3b z zakazem wst\u0119pu na stadion - 24GLIWICE - Portal Gliwice | codziennie nowe informacje\" \/>\n<meta property=\"og:description\" content=\"Piast Gliwice wyda\u0142 o\u015bwiadczenie, w kt\u00f3rym zapowiada podj\u0119cie krok\u00f3w prawnych wobec sprawc\u00f3w sobotniego wybryku. Trwa ustalanie ich to\u017csamo\u015bci. Sztab ludzi pracowa\u0142 intensywnie ju\u017c od zako\u0144czenia meczu a\u017c do godzin porannych w niedziel\u0119 oraz przez ca\u0142\u0105 niedziel\u0119. Efektem wyt\u0119\u017conej pracy jest identyfikacja do tej pory prawie 70 os\u00f3b, kt\u00f3re dopu\u015bci\u0142y si\u0119 naruszenia przepis\u00f3w Ustawy o bezpiecze\u0144stwie [&hellip;]\" \/>\n<meta property=\"og:url\" content=\"https:\/\/www.24gliwice.pl\/wiadomosci\/sektory-o-p-r-s-beda-zamkniete-dla-publicznosci-do-konca-sezonu-28-osob-z-zakazem-wstepu-na-stadion\/\" \/>\n<meta property=\"og:site_name\" content=\"24GLIWICE - Portal Gliwice | codziennie nowe informacje\" \/>\n<meta property=\"article:publisher\" content=\"https:\/\/www.facebook.com\/24gliwice\" \/>\n<meta property=\"article:published_time\" content=\"2018-03-05T13:09:42+00:00\" \/>\n<meta property=\"article:modified_time\" content=\"2024-08-20T00:00:15+00:00\" \/>\n<meta property=\"og:image\" content=\"https:\/\/www.24gliwice.pl\/wiadomosci\/wp-content\/uploads\/2018\/03\/piast-g\u00f3rnik-derby-a-witwicki-e1520253219339.jpg\" \/>\n\t<meta property=\"og:image:width\" content=\"810\" \/>\n\t<meta property=\"og:image:height\" content=\"456\" \/>\n\t<meta property=\"og:image:type\" content=\"image\/jpeg\" \/>\n<meta name=\"author\" content=\"\u017baneta Mrozek-Siewierska\" \/>\n<meta name=\"twitter:card\" content=\"summary_large_image\" \/>\n<meta name=\"twitter:creator\" content=\"@24gliwice\" \/>\n<meta name=\"twitter:site\" content=\"@24gliwice\" \/>\n<meta name=\"twitter:label1\" content=\"Napisane przez\" \/>\n\t<meta name=\"twitter:data1\" content=\"\u017baneta Mrozek-Siewierska\" \/>\n\t<meta name=\"twitter:label2\" content=\"Szacowany czas czytania\" \/>\n\t<meta name=\"twitter:data2\" content=\"1 minuta\" \/>\n<script type=\"application\/ld+json\" class=\"yoast-schema-graph\">{\"@context\":\"https:\\\/\\\/schema.org\",\"@graph\":[{\"@type\":\"Article\",\"@id\":\"https:\\\/\\\/www.24gliwice.pl\\\/wiadomosci\\\/sektory-o-p-r-s-beda-zamkniete-dla-publicznosci-do-konca-sezonu-28-osob-z-zakazem-wstepu-na-stadion\\\/#article\",\"isPartOf\":{\"@id\":\"https:\\\/\\\/www.24gliwice.pl\\\/wiadomosci\\\/sektory-o-p-r-s-beda-zamkniete-dla-publicznosci-do-konca-sezonu-28-osob-z-zakazem-wstepu-na-stadion\\\/\"},\"author\":{\"name\":\"\u017baneta Mrozek-Siewierska\",\"@id\":\"https:\\\/\\\/www.24gliwice.pl\\\/wiadomosci\\\/#\\\/schema\\\/person\\\/e42c650edd7f2fa332be3811fb166b6e\"},\"headline\":\"Sektory O, P, R, S b\u0119d\u0105 zamkni\u0119te dla publiczno\u015bci do ko\u0144ca sezonu. 28 os\u00f3b z zakazem wst\u0119pu na stadion\",\"datePublished\":\"2018-03-05T13:09:42+00:00\",\"dateModified\":\"2024-08-20T00:00:15+00:00\",\"mainEntityOfPage\":{\"@id\":\"https:\\\/\\\/www.24gliwice.pl\\\/wiadomosci\\\/sektory-o-p-r-s-beda-zamkniete-dla-publicznosci-do-konca-sezonu-28-osob-z-zakazem-wstepu-na-stadion\\\/\"},\"wordCount\":294,\"commentCount\":0,\"publisher\":{\"@id\":\"https:\\\/\\\/www.24gliwice.pl\\\/wiadomosci\\\/#organization\"},\"image\":{\"@id\":\"https:\\\/\\\/www.24gliwice.pl\\\/wiadomosci\\\/sektory-o-p-r-s-beda-zamkniete-dla-publicznosci-do-konca-sezonu-28-osob-z-zakazem-wstepu-na-stadion\\\/#primaryimage\"},\"thumbnailUrl\":\"https:\\\/\\\/www.24gliwice.pl\\\/wiadomosci\\\/wp-content\\\/uploads\\\/2018\\\/03\\\/piast-g\u00f3rnik-derby-a-witwicki-e1520253219339.jpg\",\"keywords\":[\"DERBY\",\"KIBICE\",\"KIBOLE\",\"MECZ\",\"OKRZEI\",\"PIAST G\u00d3RNIK\",\"PSEUDOKIBICE\",\"STADION MIEJSKI\"],\"articleSection\":[\"Gliwice\",\"Najnowsze wiadomo\u015bci\",\"Sport\"],\"inLanguage\":\"pl-PL\",\"potentialAction\":[{\"@type\":\"CommentAction\",\"name\":\"Comment\",\"target\":[\"https:\\\/\\\/www.24gliwice.pl\\\/wiadomosci\\\/sektory-o-p-r-s-beda-zamkniete-dla-publicznosci-do-konca-sezonu-28-osob-z-zakazem-wstepu-na-stadion\\\/#respond\"]}]},{\"@type\":\"WebPage\",\"@id\":\"https:\\\/\\\/www.24gliwice.pl\\\/wiadomosci\\\/sektory-o-p-r-s-beda-zamkniete-dla-publicznosci-do-konca-sezonu-28-osob-z-zakazem-wstepu-na-stadion\\\/\",\"url\":\"https:\\\/\\\/www.24gliwice.pl\\\/wiadomosci\\\/sektory-o-p-r-s-beda-zamkniete-dla-publicznosci-do-konca-sezonu-28-osob-z-zakazem-wstepu-na-stadion\\\/\",\"name\":\"Sektory O, P, R, S b\u0119d\u0105 zamkni\u0119te dla publiczno\u015bci do ko\u0144ca sezonu. 28 os\u00f3b z zakazem wst\u0119pu na stadion - 24GLIWICE - Portal Gliwice | codziennie nowe informacje\",\"isPartOf\":{\"@id\":\"https:\\\/\\\/www.24gliwice.pl\\\/wiadomosci\\\/#website\"},\"primaryImageOfPage\":{\"@id\":\"https:\\\/\\\/www.24gliwice.pl\\\/wiadomosci\\\/sektory-o-p-r-s-beda-zamkniete-dla-publicznosci-do-konca-sezonu-28-osob-z-zakazem-wstepu-na-stadion\\\/#primaryimage\"},\"image\":{\"@id\":\"https:\\\/\\\/www.24gliwice.pl\\\/wiadomosci\\\/sektory-o-p-r-s-beda-zamkniete-dla-publicznosci-do-konca-sezonu-28-osob-z-zakazem-wstepu-na-stadion\\\/#primaryimage\"},\"thumbnailUrl\":\"https:\\\/\\\/www.24gliwice.pl\\\/wiadomosci\\\/wp-content\\\/uploads\\\/2018\\\/03\\\/piast-g\u00f3rnik-derby-a-witwicki-e1520253219339.jpg\",\"datePublished\":\"2018-03-05T13:09:42+00:00\",\"dateModified\":\"2024-08-20T00:00:15+00:00\",\"breadcrumb\":{\"@id\":\"https:\\\/\\\/www.24gliwice.pl\\\/wiadomosci\\\/sektory-o-p-r-s-beda-zamkniete-dla-publicznosci-do-konca-sezonu-28-osob-z-zakazem-wstepu-na-stadion\\\/#breadcrumb\"},\"inLanguage\":\"pl-PL\",\"potentialAction\":[{\"@type\":\"ReadAction\",\"target\":[\"https:\\\/\\\/www.24gliwice.pl\\\/wiadomosci\\\/sektory-o-p-r-s-beda-zamkniete-dla-publicznosci-do-konca-sezonu-28-osob-z-zakazem-wstepu-na-stadion\\\/\"]}]},{\"@type\":\"ImageObject\",\"inLanguage\":\"pl-PL\",\"@id\":\"https:\\\/\\\/www.24gliwice.pl\\\/wiadomosci\\\/sektory-o-p-r-s-beda-zamkniete-dla-publicznosci-do-konca-sezonu-28-osob-z-zakazem-wstepu-na-stadion\\\/#primaryimage\",\"url\":\"https:\\\/\\\/www.24gliwice.pl\\\/wiadomosci\\\/wp-content\\\/uploads\\\/2018\\\/03\\\/piast-g\u00f3rnik-derby-a-witwicki-e1520253219339.jpg\",\"contentUrl\":\"https:\\\/\\\/www.24gliwice.pl\\\/wiadomosci\\\/wp-content\\\/uploads\\\/2018\\\/03\\\/piast-g\u00f3rnik-derby-a-witwicki-e1520253219339.jpg\",\"width\":810,\"height\":456,\"caption\":\"fot. Antoni Witwicki\"},{\"@type\":\"BreadcrumbList\",\"@id\":\"https:\\\/\\\/www.24gliwice.pl\\\/wiadomosci\\\/sektory-o-p-r-s-beda-zamkniete-dla-publicznosci-do-konca-sezonu-28-osob-z-zakazem-wstepu-na-stadion\\\/#breadcrumb\",\"itemListElement\":[{\"@type\":\"ListItem\",\"position\":1,\"name\":\"Strona g\u0142\u00f3wna\",\"item\":\"https:\\\/\\\/www.24gliwice.pl\\\/wiadomosci\\\/\"},{\"@type\":\"ListItem\",\"position\":2,\"name\":\"Sektory O, P, R, S b\u0119d\u0105 zamkni\u0119te dla publiczno\u015bci do ko\u0144ca sezonu. 28 os\u00f3b z zakazem wst\u0119pu na stadion\"}]},{\"@type\":\"WebSite\",\"@id\":\"https:\\\/\\\/www.24gliwice.pl\\\/wiadomosci\\\/#website\",\"url\":\"https:\\\/\\\/www.24gliwice.pl\\\/wiadomosci\\\/\",\"name\":\"24GLIWICE - Portal Gliwice | codziennie nowe wiadomo\u015bci\",\"description\":\"Portal Miejski Gliwice\",\"publisher\":{\"@id\":\"https:\\\/\\\/www.24gliwice.pl\\\/wiadomosci\\\/#organization\"},\"potentialAction\":[{\"@type\":\"SearchAction\",\"target\":{\"@type\":\"EntryPoint\",\"urlTemplate\":\"https:\\\/\\\/www.24gliwice.pl\\\/wiadomosci\\\/?s={search_term_string}\"},\"query-input\":{\"@type\":\"PropertyValueSpecification\",\"valueRequired\":true,\"valueName\":\"search_term_string\"}}],\"inLanguage\":\"pl-PL\"},{\"@type\":\"Organization\",\"@id\":\"https:\\\/\\\/www.24gliwice.pl\\\/wiadomosci\\\/#organization\",\"name\":\"24gliwice\",\"url\":\"https:\\\/\\\/www.24gliwice.pl\\\/wiadomosci\\\/\",\"logo\":{\"@type\":\"ImageObject\",\"inLanguage\":\"pl-PL\",\"@id\":\"https:\\\/\\\/www.24gliwice.pl\\\/wiadomosci\\\/#\\\/schema\\\/logo\\\/image\\\/\",\"url\":\"https:\\\/\\\/www.24gliwice.pl\\\/wiadomosci\\\/wp-content\\\/uploads\\\/2024\\\/10\\\/24gliwice-logo-696.jpg\",\"contentUrl\":\"https:\\\/\\\/www.24gliwice.pl\\\/wiadomosci\\\/wp-content\\\/uploads\\\/2024\\\/10\\\/24gliwice-logo-696.jpg\",\"width\":696,\"height\":696,\"caption\":\"24gliwice\"},\"image\":{\"@id\":\"https:\\\/\\\/www.24gliwice.pl\\\/wiadomosci\\\/#\\\/schema\\\/logo\\\/image\\\/\"},\"sameAs\":[\"https:\\\/\\\/www.facebook.com\\\/24gliwice\",\"https:\\\/\\\/x.com\\\/24gliwice\",\"https:\\\/\\\/www.youtube.com\\\/@24gliwice\"]},{\"@type\":\"Person\",\"@id\":\"https:\\\/\\\/www.24gliwice.pl\\\/wiadomosci\\\/#\\\/schema\\\/person\\\/e42c650edd7f2fa332be3811fb166b6e\",\"name\":\"\u017baneta Mrozek-Siewierska\",\"image\":{\"@type\":\"ImageObject\",\"inLanguage\":\"pl-PL\",\"@id\":\"https:\\\/\\\/secure.gravatar.com\\\/avatar\\\/1881429e9c64597c77ad7aef2d0a19be69a3253e57534d16aa15bf3a4d34a0a3?s=96&d=mm&r=g\",\"url\":\"https:\\\/\\\/secure.gravatar.com\\\/avatar\\\/1881429e9c64597c77ad7aef2d0a19be69a3253e57534d16aa15bf3a4d34a0a3?s=96&d=mm&r=g\",\"contentUrl\":\"https:\\\/\\\/secure.gravatar.com\\\/avatar\\\/1881429e9c64597c77ad7aef2d0a19be69a3253e57534d16aa15bf3a4d34a0a3?s=96&d=mm&r=g\",\"caption\":\"\u017baneta Mrozek-Siewierska\"},\"url\":\"https:\\\/\\\/www.24gliwice.pl\\\/wiadomosci\\\/author\\\/zms\\\/\"}]}<\/script>\n<!-- \/ Yoast SEO plugin. -->","yoast_head_json":{"title":"Sektory O, P, R, S b\u0119d\u0105 zamkni\u0119te dla publiczno\u015bci do ko\u0144ca sezonu. 28 os\u00f3b z zakazem wst\u0119pu na stadion - 24GLIWICE - Portal Gliwice | codziennie nowe informacje","robots":{"index":"index","follow":"follow","max-snippet":"max-snippet:-1","max-image-preview":"max-image-preview:large","max-video-preview":"max-video-preview:-1"},"canonical":"https:\/\/www.24gliwice.pl\/wiadomosci\/sektory-o-p-r-s-beda-zamkniete-dla-publicznosci-do-konca-sezonu-28-osob-z-zakazem-wstepu-na-stadion\/","og_locale":"pl_PL","og_type":"article","og_title":"Sektory O, P, R, S b\u0119d\u0105 zamkni\u0119te dla publiczno\u015bci do ko\u0144ca sezonu. 28 os\u00f3b z zakazem wst\u0119pu na stadion - 24GLIWICE - Portal Gliwice | codziennie nowe informacje","og_description":"Piast Gliwice wyda\u0142 o\u015bwiadczenie, w kt\u00f3rym zapowiada podj\u0119cie krok\u00f3w prawnych wobec sprawc\u00f3w sobotniego wybryku. Trwa ustalanie ich to\u017csamo\u015bci. Sztab ludzi pracowa\u0142 intensywnie ju\u017c od zako\u0144czenia meczu a\u017c do godzin porannych w niedziel\u0119 oraz przez ca\u0142\u0105 niedziel\u0119. Efektem wyt\u0119\u017conej pracy jest identyfikacja do tej pory prawie 70 os\u00f3b, kt\u00f3re dopu\u015bci\u0142y si\u0119 naruszenia przepis\u00f3w Ustawy o bezpiecze\u0144stwie [&hellip;]","og_url":"https:\/\/www.24gliwice.pl\/wiadomosci\/sektory-o-p-r-s-beda-zamkniete-dla-publicznosci-do-konca-sezonu-28-osob-z-zakazem-wstepu-na-stadion\/","og_site_name":"24GLIWICE - Portal Gliwice | codziennie nowe informacje","article_publisher":"https:\/\/www.facebook.com\/24gliwice","article_published_time":"2018-03-05T13:09:42+00:00","article_modified_time":"2024-08-20T00:00:15+00:00","og_image":[{"width":810,"height":456,"url":"https:\/\/www.24gliwice.pl\/wiadomosci\/wp-content\/uploads\/2018\/03\/piast-g\u00f3rnik-derby-a-witwicki-e1520253219339.jpg","type":"image\/jpeg"}],"author":"\u017baneta Mrozek-Siewierska","twitter_card":"summary_large_image","twitter_creator":"@24gliwice","twitter_site":"@24gliwice","twitter_misc":{"Napisane przez":"\u017baneta Mrozek-Siewierska","Szacowany czas czytania":"1 minuta"},"schema":{"@context":"https:\/\/schema.org","@graph":[{"@type":"Article","@id":"https:\/\/www.24gliwice.pl\/wiadomosci\/sektory-o-p-r-s-beda-zamkniete-dla-publicznosci-do-konca-sezonu-28-osob-z-zakazem-wstepu-na-stadion\/#article","isPartOf":{"@id":"https:\/\/www.24gliwice.pl\/wiadomosci\/sektory-o-p-r-s-beda-zamkniete-dla-publicznosci-do-konca-sezonu-28-osob-z-zakazem-wstepu-na-stadion\/"},"author":{"name":"\u017baneta Mrozek-Siewierska","@id":"https:\/\/www.24gliwice.pl\/wiadomosci\/#\/schema\/person\/e42c650edd7f2fa332be3811fb166b6e"},"headline":"Sektory O, P, R, S b\u0119d\u0105 zamkni\u0119te dla publiczno\u015bci do ko\u0144ca sezonu. 28 os\u00f3b z zakazem wst\u0119pu na stadion","datePublished":"2018-03-05T13:09:42+00:00","dateModified":"2024-08-20T00:00:15+00:00","mainEntityOfPage":{"@id":"https:\/\/www.24gliwice.pl\/wiadomosci\/sektory-o-p-r-s-beda-zamkniete-dla-publicznosci-do-konca-sezonu-28-osob-z-zakazem-wstepu-na-stadion\/"},"wordCount":294,"commentCount":0,"publisher":{"@id":"https:\/\/www.24gliwice.pl\/wiadomosci\/#organization"},"image":{"@id":"https:\/\/www.24gliwice.pl\/wiadomosci\/sektory-o-p-r-s-beda-zamkniete-dla-publicznosci-do-konca-sezonu-28-osob-z-zakazem-wstepu-na-stadion\/#primaryimage"},"thumbnailUrl":"https:\/\/www.24gliwice.pl\/wiadomosci\/wp-content\/uploads\/2018\/03\/piast-g\u00f3rnik-derby-a-witwicki-e1520253219339.jpg","keywords":["DERBY","KIBICE","KIBOLE","MECZ","OKRZEI","PIAST G\u00d3RNIK","PSEUDOKIBICE","STADION MIEJSKI"],"articleSection":["Gliwice","Najnowsze wiadomo\u015bci","Sport"],"inLanguage":"pl-PL","potentialAction":[{"@type":"CommentAction","name":"Comment","target":["https:\/\/www.24gliwice.pl\/wiadomosci\/sektory-o-p-r-s-beda-zamkniete-dla-publicznosci-do-konca-sezonu-28-osob-z-zakazem-wstepu-na-stadion\/#respond"]}]},{"@type":"WebPage","@id":"https:\/\/www.24gliwice.pl\/wiadomosci\/sektory-o-p-r-s-beda-zamkniete-dla-publicznosci-do-konca-sezonu-28-osob-z-zakazem-wstepu-na-stadion\/","url":"https:\/\/www.24gliwice.pl\/wiadomosci\/sektory-o-p-r-s-beda-zamkniete-dla-publicznosci-do-konca-sezonu-28-osob-z-zakazem-wstepu-na-stadion\/","name":"Sektory O, P, R, S b\u0119d\u0105 zamkni\u0119te dla publiczno\u015bci do ko\u0144ca sezonu. 28 os\u00f3b z zakazem wst\u0119pu na stadion - 24GLIWICE - Portal Gliwice | codziennie nowe informacje","isPartOf":{"@id":"https:\/\/www.24gliwice.pl\/wiadomosci\/#website"},"primaryImageOfPage":{"@id":"https:\/\/www.24gliwice.pl\/wiadomosci\/sektory-o-p-r-s-beda-zamkniete-dla-publicznosci-do-konca-sezonu-28-osob-z-zakazem-wstepu-na-stadion\/#primaryimage"},"image":{"@id":"https:\/\/www.24gliwice.pl\/wiadomosci\/sektory-o-p-r-s-beda-zamkniete-dla-publicznosci-do-konca-sezonu-28-osob-z-zakazem-wstepu-na-stadion\/#primaryimage"},"thumbnailUrl":"https:\/\/www.24gliwice.pl\/wiadomosci\/wp-content\/uploads\/2018\/03\/piast-g\u00f3rnik-derby-a-witwicki-e1520253219339.jpg","datePublished":"2018-03-05T13:09:42+00:00","dateModified":"2024-08-20T00:00:15+00:00","breadcrumb":{"@id":"https:\/\/www.24gliwice.pl\/wiadomosci\/sektory-o-p-r-s-beda-zamkniete-dla-publicznosci-do-konca-sezonu-28-osob-z-zakazem-wstepu-na-stadion\/#breadcrumb"},"inLanguage":"pl-PL","potentialAction":[{"@type":"ReadAction","target":["https:\/\/www.24gliwice.pl\/wiadomosci\/sektory-o-p-r-s-beda-zamkniete-dla-publicznosci-do-konca-sezonu-28-osob-z-zakazem-wstepu-na-stadion\/"]}]},{"@type":"ImageObject","inLanguage":"pl-PL","@id":"https:\/\/www.24gliwice.pl\/wiadomosci\/sektory-o-p-r-s-beda-zamkniete-dla-publicznosci-do-konca-sezonu-28-osob-z-zakazem-wstepu-na-stadion\/#primaryimage","url":"https:\/\/www.24gliwice.pl\/wiadomosci\/wp-content\/uploads\/2018\/03\/piast-g\u00f3rnik-derby-a-witwicki-e1520253219339.jpg","contentUrl":"https:\/\/www.24gliwice.pl\/wiadomosci\/wp-content\/uploads\/2018\/03\/piast-g\u00f3rnik-derby-a-witwicki-e1520253219339.jpg","width":810,"height":456,"caption":"fot. Antoni Witwicki"},{"@type":"BreadcrumbList","@id":"https:\/\/www.24gliwice.pl\/wiadomosci\/sektory-o-p-r-s-beda-zamkniete-dla-publicznosci-do-konca-sezonu-28-osob-z-zakazem-wstepu-na-stadion\/#breadcrumb","itemListElement":[{"@type":"ListItem","position":1,"name":"Strona g\u0142\u00f3wna","item":"https:\/\/www.24gliwice.pl\/wiadomosci\/"},{"@type":"ListItem","position":2,"name":"Sektory O, P, R, S b\u0119d\u0105 zamkni\u0119te dla publiczno\u015bci do ko\u0144ca sezonu. 28 os\u00f3b z zakazem wst\u0119pu na stadion"}]},{"@type":"WebSite","@id":"https:\/\/www.24gliwice.pl\/wiadomosci\/#website","url":"https:\/\/www.24gliwice.pl\/wiadomosci\/","name":"24GLIWICE - Portal Gliwice | codziennie nowe wiadomo\u015bci","description":"Portal Miejski Gliwice","publisher":{"@id":"https:\/\/www.24gliwice.pl\/wiadomosci\/#organization"},"potentialAction":[{"@type":"SearchAction","target":{"@type":"EntryPoint","urlTemplate":"https:\/\/www.24gliwice.pl\/wiadomosci\/?s={search_term_string}"},"query-input":{"@type":"PropertyValueSpecification","valueRequired":true,"valueName":"search_term_string"}}],"inLanguage":"pl-PL"},{"@type":"Organization","@id":"https:\/\/www.24gliwice.pl\/wiadomosci\/#organization","name":"24gliwice","url":"https:\/\/www.24gliwice.pl\/wiadomosci\/","logo":{"@type":"ImageObject","inLanguage":"pl-PL","@id":"https:\/\/www.24gliwice.pl\/wiadomosci\/#\/schema\/logo\/image\/","url":"https:\/\/www.24gliwice.pl\/wiadomosci\/wp-content\/uploads\/2024\/10\/24gliwice-logo-696.jpg","contentUrl":"https:\/\/www.24gliwice.pl\/wiadomosci\/wp-content\/uploads\/2024\/10\/24gliwice-logo-696.jpg","width":696,"height":696,"caption":"24gliwice"},"image":{"@id":"https:\/\/www.24gliwice.pl\/wiadomosci\/#\/schema\/logo\/image\/"},"sameAs":["https:\/\/www.facebook.com\/24gliwice","https:\/\/x.com\/24gliwice","https:\/\/www.youtube.com\/@24gliwice"]},{"@type":"Person","@id":"https:\/\/www.24gliwice.pl\/wiadomosci\/#\/schema\/person\/e42c650edd7f2fa332be3811fb166b6e","name":"\u017baneta Mrozek-Siewierska","image":{"@type":"ImageObject","inLanguage":"pl-PL","@id":"https:\/\/secure.gravatar.com\/avatar\/1881429e9c64597c77ad7aef2d0a19be69a3253e57534d16aa15bf3a4d34a0a3?s=96&d=mm&r=g","url":"https:\/\/secure.gravatar.com\/avatar\/1881429e9c64597c77ad7aef2d0a19be69a3253e57534d16aa15bf3a4d34a0a3?s=96&d=mm&r=g","contentUrl":"https:\/\/secure.gravatar.com\/avatar\/1881429e9c64597c77ad7aef2d0a19be69a3253e57534d16aa15bf3a4d34a0a3?s=96&d=mm&r=g","caption":"\u017baneta Mrozek-Siewierska"},"url":"https:\/\/www.24gliwice.pl\/wiadomosci\/author\/zms\/"}]}},"_links":{"self":[{"href":"https:\/\/www.24gliwice.pl\/wiadomosci\/wp-json\/wp\/v2\/posts\/113378","targetHints":{"allow":["GET"]}}],"collection":[{"href":"https:\/\/www.24gliwice.pl\/wiadomosci\/wp-json\/wp\/v2\/posts"}],"about":[{"href":"https:\/\/www.24gliwice.pl\/wiadomosci\/wp-json\/wp\/v2\/types\/post"}],"author":[{"embeddable":true,"href":"https:\/\/www.24gliwice.pl\/wiadomosci\/wp-json\/wp\/v2\/users\/15"}],"replies":[{"embeddable":true,"href":"https:\/\/www.24gliwice.pl\/wiadomosci\/wp-json\/wp\/v2\/comments?post=113378"}],"version-history":[{"count":0,"href":"https:\/\/www.24gliwice.pl\/wiadomosci\/wp-json\/wp\/v2\/posts\/113378\/revisions"}],"wp:featuredmedia":[{"embeddable":true,"href":"https:\/\/www.24gliwice.pl\/wiadomosci\/wp-json\/wp\/v2\/media\/113382"}],"wp:attachment":[{"href":"https:\/\/www.24gliwice.pl\/wiadomosci\/wp-json\/wp\/v2\/media?parent=113378"}],"wp:term":[{"taxonomy":"category","embeddable":true,"href":"https:\/\/www.24gliwice.pl\/wiadomosci\/wp-json\/wp\/v2\/categories?post=113378"},{"taxonomy":"post_tag","embeddable":true,"href":"https:\/\/www.24gliwice.pl\/wiadomosci\/wp-json\/wp\/v2\/tags?post=113378"}],"curies":[{"name":"wp","href":"https:\/\/api.w.org\/{rel}","templated":true}]}}