{"id":113492,"date":"2018-03-07T11:49:41","date_gmt":"2018-03-07T10:49:41","guid":{"rendered":"https:\/\/www.24gliwice.pl\/wiadomosci\/?p=113492"},"modified":"2018-03-07T11:53:35","modified_gmt":"2018-03-07T10:53:35","slug":"od-poniedzialku-ruszaja-prace-na-sieminskiego-czesc-przystankow-wylaczona-z-obslugi-objazdy","status":"publish","type":"post","link":"https:\/\/www.24gliwice.pl\/wiadomosci\/od-poniedzialku-ruszaja-prace-na-sieminskiego-czesc-przystankow-wylaczona-z-obslugi-objazdy\/","title":{"rendered":"Od poniedzia\u0142ku ruszaj\u0105 prace na Siemi\u0144skiego. Cz\u0119\u015b\u0107 przystank\u00f3w wy\u0142\u0105czona z obs\u0142ugi, objazdy"},"content":{"rendered":"<div class=\"gliwi-a6-nad-leadem-artykulow gliwi-entity-placement\" id=\"gliwi-3970302495\"><div class=\"gliwi-adlabel\"><span style=\"font-size: 9px\">REKLAMA<\/span><\/div><div id=\"gliwi-2247679579\" style=\"margin-bottom: 25px;margin-left: auto;margin-right: auto;text-align: center;\"><a data-no-instant=\"1\" href=\"https:\/\/dom100.eu\/\" rel=\"noopener\" class=\"a2t-link\" target=\"_blank\" aria-label=\"20260415 DOM100 D\"><img loading=\"lazy\" decoding=\"async\" src=\"https:\/\/www.24gliwice.pl\/wiadomosci\/wp-content\/uploads\/2026\/04\/20260415-DOM100-D.jpg\" alt=\"\"  srcset=\"https:\/\/www.24gliwice.pl\/wiadomosci\/wp-content\/uploads\/2026\/04\/20260415-DOM100-D.jpg 750w, https:\/\/www.24gliwice.pl\/wiadomosci\/wp-content\/uploads\/2026\/04\/20260415-DOM100-D-410x109.jpg 410w\" sizes=\"(max-width: 750px) 100vw, 750px\" class=\"no-lazyload\" width=\"750\" height=\"200\"  style=\"display: inline-block; max-width: 100%; height: auto;\" \/><\/a><\/div><\/div><h3>12 marca od godziny 7:00 rano planowane jest rozpocz\u0119cie rob\u00f3t zwi\u0105zanych z budow\u0105 element\u00f3w ma\u0142ej architektury przy ul. Siemi\u0144skiego (dawnej Wieczorka).<\/h3>\n<p> Ulica ma sta\u0107 si\u0119 pierwszym w mie\u015bcie tzw. woonerfem \u2013 czyli miejskim podw\u00f3rcem. Nowej ods\u0142ony mo\u017cna si\u0119 spodziewa\u0107 w pierwszy dzie\u0144 wiosny, 21 marca.<\/p>\n<p>Prace b\u0119d\u0105 prowadzone na odcinku od skrzy\u017cowania z ulicami Kozielsk\u0105, Jasnog\u00f3rsk\u0105 i Daszy\u0144skiego do skrzy\u017cowania z ulic\u0105 Korfantego. Wprowadzona zostanie tymczasowa organizacja ruchu. Zmianie ulegnie r\u00f3wnie\u017c trasa linii autobusowej A4.<\/p><div class=\"gliwi-a3-w-tresci-artykulow gliwi-entity-placement\" id=\"gliwi-2137324950\"><div class=\"gliwi-adlabel\"><span style=\"font-size: 9px\">REKLAMA<\/span><\/div><div id=\"gliwi-3553940734\" style=\"margin-bottom: 30px;margin-left: auto;margin-right: auto;text-align: center;\"><a data-no-instant=\"1\" href=\"https:\/\/zlobek.halogen.org.pl\/\" rel=\"noopener\" class=\"a2t-link\" target=\"_blank\" aria-label=\"animator-zlobek_750x200\"><img loading=\"lazy\" decoding=\"async\" src=\"https:\/\/www.24gliwice.pl\/wiadomosci\/wp-content\/uploads\/2026\/02\/animator-zlobek_750x200.webp\" alt=\"\"  srcset=\"https:\/\/www.24gliwice.pl\/wiadomosci\/wp-content\/uploads\/2026\/02\/animator-zlobek_750x200.webp 750w, https:\/\/www.24gliwice.pl\/wiadomosci\/wp-content\/uploads\/2026\/02\/animator-zlobek_750x200-410x109.webp 410w\" sizes=\"(max-width: 750px) 100vw, 750px\" class=\"no-lazyload\" width=\"750\" height=\"200\"  style=\"display: inline-block; max-width: 100%; height: auto;\" \/><\/a><\/div><\/div>\n<blockquote><p>Prosimy o zwracanie uwagi na oznakowanie tymczasowe <\/p><\/blockquote>\n<p>\u2013 apeluje wykonawca rob\u00f3t, Przedsi\u0119biorstwo Remont\u00f3w Ulic i Most\u00f3w w Gliwicach. Jednocze\u015bnie PRUiM informuje, \u017ce:<\/p>\n<p>&#8211; objazd od skrzy\u017cowania z ulicami Kozielsk\u0105, Jasnog\u00f3rsk\u0105 i Daszy\u0144skiego do ul. G\u00f3rnych Wa\u0142\u00f3w poprowadzony zostanie ulicami Sobieskiego, Ko\u015bciuszki i Zygmunta Starego;<br \/>\n&#8211; objazd od skrzy\u017cowania z ulicami Kozielsk\u0105, Jasnog\u00f3rsk\u0105 i Daszy\u0144skiego do ul. Dolnych Wa\u0142\u00f3w b\u0119dzie wi\u00f3d\u0142 ulicami Jasnogorsk\u0105 i M\u0142y\u0144sk\u0105;<br \/>\n&#8211; objazd od ul. Korfantego do skrzy\u017cowania z ulicami Kozielsk\u0105, Jasnog\u00f3rsk\u0105 i Daszy\u0144skiego poprowadzony zostanie ulicami Korfantego, Ko\u015bciuszki i Sobieskiego.<\/p>\n<h4>Jak zmieni si\u0119 trasa linii A4?<\/h4>\n<p>Jak poinformowa\u0142 KZK GOP, autobusy zd\u0105\u017caj\u0105ce w kierunku Teatru, po obs\u0142udze przystanku \u201eGliwice Plac Piast\u00f3w\u201d, b\u0119d\u0105 jecha\u0142y ulicami: Zwyci\u0119stwa, Wyszy\u0144skiego (obs\u0142uga przystanku \u201eGliwice Plac Pi\u0142sudskiego\u201d), Powsta\u0144c\u00f3w Warszawy, Jasnog\u00f3rsk\u0105 i Daszy\u0144skiego (obs\u0142uga tymczasowego stanowiska przystanku \u201eGliwice Jasnog\u00f3rska\u201d przy ul. Daszy\u0144skiego 4).<\/p>\n[perfectpullquote align=&#8221;full&#8221; bordertop=&#8221;false&#8221; cite=&#8221;&#8221; link=&#8221;&#8221; color=&#8221;&#8221; class=&#8221;&#8221; size=&#8221;&#8221;]Na rozk\u0142adow\u0105 tras\u0119 autobusy A4 w\u0142\u0105cz\u0105 si\u0119 na przystanku \u201eGliwice Ko\u015bciuszki\u201d. [\/perfectpullquote]\n<p>Autobusy A4 zd\u0105\u017caj\u0105ce w kierunku placu Piast\u00f3w, po obs\u0142udze przystanku \u201eGliwice Jasnog\u00f3rska\u201d, pojad\u0105 ulicami: Daszy\u0144skiego, Jasnog\u00f3rsk\u0105, Powsta\u0144c\u00f3w Warszawy, Wyszy\u0144skiego (obs\u0142uga przystanku \u201eGliwice Plac Pi\u0142sudskiego\u201d), Dworcow\u0105, Dolnych Wa\u0142\u00f3w i Zwyci\u0119stwa \u2013 a\u017c do w\u0142\u0105czenia si\u0119 na rozk\u0142adow\u0105 tras\u0119 na przystanku \u201eGliwice Zwyci\u0119stwa\u201d.<\/p>\n<p><strong>UWAGA!<\/strong> Z obs\u0142ugi wy\u0142\u0105czone zostan\u0105 stanowiska przystank\u00f3w <strong>\u201eGliwice Zwyci\u0119stwa\u201d<\/strong>, <strong>\u201eGliwice Muzeum\u201d<\/strong> i <strong>\u201eGliwice Park Mickiewicza\u201d<\/strong> w kierunku Teatru oraz stanowisko przystanku <strong>\u201eGliwice Park Mickiewicza\u201d<\/strong> w kierunku placu Piast\u00f3w.<\/p>\n<p>(\u017cms)\/MSI<\/p>\n<div class=\"gliwi-a5-na-koncu-artykulow gliwi-entity-placement\" id=\"gliwi-1198022183\"><div class=\"gliwi-adlabel\"><span style=\"font-size: 9px\">REKLAMA<\/span><\/div><div id=\"gliwi-577697305\" style=\"margin-left: auto;margin-right: auto;text-align: center;\"><a data-no-instant=\"1\" href=\"https:\/\/www.jasek.pl\/\" rel=\"noopener\" class=\"a2t-link\" target=\"_blank\" aria-label=\"20200401-jasek 600\"><img loading=\"lazy\" decoding=\"async\" src=\"https:\/\/www.24gliwice.pl\/wiadomosci\/wp-content\/uploads\/2020\/04\/20200401-jasek-600.jpg\" alt=\"\"  srcset=\"https:\/\/www.24gliwice.pl\/wiadomosci\/wp-content\/uploads\/2020\/04\/20200401-jasek-600.jpg 600w, https:\/\/www.24gliwice.pl\/wiadomosci\/wp-content\/uploads\/2020\/04\/20200401-jasek-600-410x109.jpg 410w\" sizes=\"(max-width: 600px) 100vw, 600px\" class=\"no-lazyload\" width=\"600\" height=\"160\"  style=\"display: inline-block; max-width: 100%; height: auto;\" \/><\/a><\/div><\/div>","protected":false},"excerpt":{"rendered":"<p>12 marca od godziny 7:00 rano planowane jest rozpocz\u0119cie rob\u00f3t zwi\u0105zanych z budow\u0105 element\u00f3w ma\u0142ej architektury przy ul. Siemi\u0144skiego (dawnej Wieczorka). Ulica ma sta\u0107 si\u0119 pierwszym w mie\u015bcie tzw. woonerfem \u2013 czyli miejskim podw\u00f3rcem. Nowej ods\u0142ony mo\u017cna si\u0119 spodziewa\u0107 w pierwszy dzie\u0144 wiosny, 21 marca. Prace b\u0119d\u0105 prowadzone na odcinku od skrzy\u017cowania z ulicami Kozielsk\u0105, [&hellip;]<\/p>\n","protected":false},"author":15,"featured_media":113504,"comment_status":"open","ping_status":"closed","sticky":false,"template":"","format":"standard","meta":{"_monsterinsights_skip_tracking":false,"_monsterinsights_sitenote_active":false,"_monsterinsights_sitenote_note":"","_monsterinsights_sitenote_category":0,"footnotes":"","_links_to":"","_links_to_target":""},"categories":[3,1,9],"tags":[988,369,11590,4967,10693,9436],"class_list":["post-113492","post","type-post","status-publish","format-standard","has-post-thumbnail","hentry","category-gliwice","category-wszystko","category-aktualnosci_lokalne","tag-objazdy","tag-pruim","tag-sieminskiego","tag-wieczorka","tag-woonerf","tag-zmiana-organizacji-ruchu"],"yoast_head":"<!-- This site is optimized with the Yoast SEO plugin v27.5 - https:\/\/yoast.com\/product\/yoast-seo-wordpress\/ -->\n<title>Od poniedzia\u0142ku ruszaj\u0105 prace na Siemi\u0144skiego. Cz\u0119\u015b\u0107 przystank\u00f3w wy\u0142\u0105czona z obs\u0142ugi, objazdy - 24GLIWICE - Portal Gliwice | codziennie nowe informacje<\/title>\n<meta name=\"robots\" content=\"index, follow, max-snippet:-1, max-image-preview:large, max-video-preview:-1\" \/>\n<link rel=\"canonical\" href=\"https:\/\/www.24gliwice.pl\/wiadomosci\/od-poniedzialku-ruszaja-prace-na-sieminskiego-czesc-przystankow-wylaczona-z-obslugi-objazdy\/\" \/>\n<meta property=\"og:locale\" content=\"pl_PL\" \/>\n<meta property=\"og:type\" content=\"article\" \/>\n<meta property=\"og:title\" content=\"Od poniedzia\u0142ku ruszaj\u0105 prace na Siemi\u0144skiego. Cz\u0119\u015b\u0107 przystank\u00f3w wy\u0142\u0105czona z obs\u0142ugi, objazdy - 24GLIWICE - Portal Gliwice | codziennie nowe informacje\" \/>\n<meta property=\"og:description\" content=\"12 marca od godziny 7:00 rano planowane jest rozpocz\u0119cie rob\u00f3t zwi\u0105zanych z budow\u0105 element\u00f3w ma\u0142ej architektury przy ul. Siemi\u0144skiego (dawnej Wieczorka). Ulica ma sta\u0107 si\u0119 pierwszym w mie\u015bcie tzw. woonerfem \u2013 czyli miejskim podw\u00f3rcem. Nowej ods\u0142ony mo\u017cna si\u0119 spodziewa\u0107 w pierwszy dzie\u0144 wiosny, 21 marca. Prace b\u0119d\u0105 prowadzone na odcinku od skrzy\u017cowania z ulicami Kozielsk\u0105, [&hellip;]\" \/>\n<meta property=\"og:url\" content=\"https:\/\/www.24gliwice.pl\/wiadomosci\/od-poniedzialku-ruszaja-prace-na-sieminskiego-czesc-przystankow-wylaczona-z-obslugi-objazdy\/\" \/>\n<meta property=\"og:site_name\" content=\"24GLIWICE - Portal Gliwice | codziennie nowe informacje\" \/>\n<meta property=\"article:publisher\" content=\"https:\/\/www.facebook.com\/24gliwice\" \/>\n<meta property=\"article:published_time\" content=\"2018-03-07T10:49:41+00:00\" \/>\n<meta property=\"article:modified_time\" content=\"2018-03-07T10:53:35+00:00\" \/>\n<meta property=\"og:image\" content=\"https:\/\/www.24gliwice.pl\/wiadomosci\/wp-content\/uploads\/2018\/03\/daszy\u0144skiego-2-e1520419496880.jpg\" \/>\n\t<meta property=\"og:image:width\" content=\"810\" \/>\n\t<meta property=\"og:image:height\" content=\"456\" \/>\n\t<meta property=\"og:image:type\" content=\"image\/jpeg\" \/>\n<meta name=\"author\" content=\"\u017baneta Mrozek-Siewierska\" \/>\n<meta name=\"twitter:card\" content=\"summary_large_image\" \/>\n<meta name=\"twitter:creator\" content=\"@24gliwice\" \/>\n<meta name=\"twitter:site\" content=\"@24gliwice\" \/>\n<meta name=\"twitter:label1\" content=\"Napisane przez\" \/>\n\t<meta name=\"twitter:data1\" content=\"\u017baneta Mrozek-Siewierska\" \/>\n\t<meta name=\"twitter:label2\" content=\"Szacowany czas czytania\" \/>\n\t<meta name=\"twitter:data2\" content=\"2 minuty\" \/>\n<script type=\"application\/ld+json\" class=\"yoast-schema-graph\">{\"@context\":\"https:\\\/\\\/schema.org\",\"@graph\":[{\"@type\":\"Article\",\"@id\":\"https:\\\/\\\/www.24gliwice.pl\\\/wiadomosci\\\/od-poniedzialku-ruszaja-prace-na-sieminskiego-czesc-przystankow-wylaczona-z-obslugi-objazdy\\\/#article\",\"isPartOf\":{\"@id\":\"https:\\\/\\\/www.24gliwice.pl\\\/wiadomosci\\\/od-poniedzialku-ruszaja-prace-na-sieminskiego-czesc-przystankow-wylaczona-z-obslugi-objazdy\\\/\"},\"author\":{\"name\":\"\u017baneta Mrozek-Siewierska\",\"@id\":\"https:\\\/\\\/www.24gliwice.pl\\\/wiadomosci\\\/#\\\/schema\\\/person\\\/e42c650edd7f2fa332be3811fb166b6e\"},\"headline\":\"Od poniedzia\u0142ku ruszaj\u0105 prace na Siemi\u0144skiego. Cz\u0119\u015b\u0107 przystank\u00f3w wy\u0142\u0105czona z obs\u0142ugi, objazdy\",\"datePublished\":\"2018-03-07T10:49:41+00:00\",\"dateModified\":\"2018-03-07T10:53:35+00:00\",\"mainEntityOfPage\":{\"@id\":\"https:\\\/\\\/www.24gliwice.pl\\\/wiadomosci\\\/od-poniedzialku-ruszaja-prace-na-sieminskiego-czesc-przystankow-wylaczona-z-obslugi-objazdy\\\/\"},\"wordCount\":389,\"commentCount\":0,\"publisher\":{\"@id\":\"https:\\\/\\\/www.24gliwice.pl\\\/wiadomosci\\\/#organization\"},\"image\":{\"@id\":\"https:\\\/\\\/www.24gliwice.pl\\\/wiadomosci\\\/od-poniedzialku-ruszaja-prace-na-sieminskiego-czesc-przystankow-wylaczona-z-obslugi-objazdy\\\/#primaryimage\"},\"thumbnailUrl\":\"https:\\\/\\\/www.24gliwice.pl\\\/wiadomosci\\\/wp-content\\\/uploads\\\/2018\\\/03\\\/daszy\u0144skiego-2-e1520419496880.jpg\",\"keywords\":[\"objazdy\",\"PRUIM\",\"SIEMI\u0143SKIEGO\",\"WIECZORKA\",\"WOONERF\",\"ZMIANA ORGANIZACJI RUCHU\"],\"articleSection\":[\"Gliwice\",\"Najnowsze wiadomo\u015bci\",\"Portal Gliwice - Wiadomo\u015bci lokalne\"],\"inLanguage\":\"pl-PL\",\"potentialAction\":[{\"@type\":\"CommentAction\",\"name\":\"Comment\",\"target\":[\"https:\\\/\\\/www.24gliwice.pl\\\/wiadomosci\\\/od-poniedzialku-ruszaja-prace-na-sieminskiego-czesc-przystankow-wylaczona-z-obslugi-objazdy\\\/#respond\"]}]},{\"@type\":\"WebPage\",\"@id\":\"https:\\\/\\\/www.24gliwice.pl\\\/wiadomosci\\\/od-poniedzialku-ruszaja-prace-na-sieminskiego-czesc-przystankow-wylaczona-z-obslugi-objazdy\\\/\",\"url\":\"https:\\\/\\\/www.24gliwice.pl\\\/wiadomosci\\\/od-poniedzialku-ruszaja-prace-na-sieminskiego-czesc-przystankow-wylaczona-z-obslugi-objazdy\\\/\",\"name\":\"Od poniedzia\u0142ku ruszaj\u0105 prace na Siemi\u0144skiego. Cz\u0119\u015b\u0107 przystank\u00f3w wy\u0142\u0105czona z obs\u0142ugi, objazdy - 24GLIWICE - Portal Gliwice | codziennie nowe informacje\",\"isPartOf\":{\"@id\":\"https:\\\/\\\/www.24gliwice.pl\\\/wiadomosci\\\/#website\"},\"primaryImageOfPage\":{\"@id\":\"https:\\\/\\\/www.24gliwice.pl\\\/wiadomosci\\\/od-poniedzialku-ruszaja-prace-na-sieminskiego-czesc-przystankow-wylaczona-z-obslugi-objazdy\\\/#primaryimage\"},\"image\":{\"@id\":\"https:\\\/\\\/www.24gliwice.pl\\\/wiadomosci\\\/od-poniedzialku-ruszaja-prace-na-sieminskiego-czesc-przystankow-wylaczona-z-obslugi-objazdy\\\/#primaryimage\"},\"thumbnailUrl\":\"https:\\\/\\\/www.24gliwice.pl\\\/wiadomosci\\\/wp-content\\\/uploads\\\/2018\\\/03\\\/daszy\u0144skiego-2-e1520419496880.jpg\",\"datePublished\":\"2018-03-07T10:49:41+00:00\",\"dateModified\":\"2018-03-07T10:53:35+00:00\",\"breadcrumb\":{\"@id\":\"https:\\\/\\\/www.24gliwice.pl\\\/wiadomosci\\\/od-poniedzialku-ruszaja-prace-na-sieminskiego-czesc-przystankow-wylaczona-z-obslugi-objazdy\\\/#breadcrumb\"},\"inLanguage\":\"pl-PL\",\"potentialAction\":[{\"@type\":\"ReadAction\",\"target\":[\"https:\\\/\\\/www.24gliwice.pl\\\/wiadomosci\\\/od-poniedzialku-ruszaja-prace-na-sieminskiego-czesc-przystankow-wylaczona-z-obslugi-objazdy\\\/\"]}]},{\"@type\":\"ImageObject\",\"inLanguage\":\"pl-PL\",\"@id\":\"https:\\\/\\\/www.24gliwice.pl\\\/wiadomosci\\\/od-poniedzialku-ruszaja-prace-na-sieminskiego-czesc-przystankow-wylaczona-z-obslugi-objazdy\\\/#primaryimage\",\"url\":\"https:\\\/\\\/www.24gliwice.pl\\\/wiadomosci\\\/wp-content\\\/uploads\\\/2018\\\/03\\\/daszy\u0144skiego-2-e1520419496880.jpg\",\"contentUrl\":\"https:\\\/\\\/www.24gliwice.pl\\\/wiadomosci\\\/wp-content\\\/uploads\\\/2018\\\/03\\\/daszy\u0144skiego-2-e1520419496880.jpg\",\"width\":810,\"height\":456},{\"@type\":\"BreadcrumbList\",\"@id\":\"https:\\\/\\\/www.24gliwice.pl\\\/wiadomosci\\\/od-poniedzialku-ruszaja-prace-na-sieminskiego-czesc-przystankow-wylaczona-z-obslugi-objazdy\\\/#breadcrumb\",\"itemListElement\":[{\"@type\":\"ListItem\",\"position\":1,\"name\":\"Strona g\u0142\u00f3wna\",\"item\":\"https:\\\/\\\/www.24gliwice.pl\\\/wiadomosci\\\/\"},{\"@type\":\"ListItem\",\"position\":2,\"name\":\"Od poniedzia\u0142ku ruszaj\u0105 prace na Siemi\u0144skiego. Cz\u0119\u015b\u0107 przystank\u00f3w wy\u0142\u0105czona z obs\u0142ugi, objazdy\"}]},{\"@type\":\"WebSite\",\"@id\":\"https:\\\/\\\/www.24gliwice.pl\\\/wiadomosci\\\/#website\",\"url\":\"https:\\\/\\\/www.24gliwice.pl\\\/wiadomosci\\\/\",\"name\":\"24GLIWICE - Portal Gliwice | codziennie nowe wiadomo\u015bci\",\"description\":\"Portal Miejski Gliwice\",\"publisher\":{\"@id\":\"https:\\\/\\\/www.24gliwice.pl\\\/wiadomosci\\\/#organization\"},\"potentialAction\":[{\"@type\":\"SearchAction\",\"target\":{\"@type\":\"EntryPoint\",\"urlTemplate\":\"https:\\\/\\\/www.24gliwice.pl\\\/wiadomosci\\\/?s={search_term_string}\"},\"query-input\":{\"@type\":\"PropertyValueSpecification\",\"valueRequired\":true,\"valueName\":\"search_term_string\"}}],\"inLanguage\":\"pl-PL\"},{\"@type\":\"Organization\",\"@id\":\"https:\\\/\\\/www.24gliwice.pl\\\/wiadomosci\\\/#organization\",\"name\":\"24gliwice\",\"url\":\"https:\\\/\\\/www.24gliwice.pl\\\/wiadomosci\\\/\",\"logo\":{\"@type\":\"ImageObject\",\"inLanguage\":\"pl-PL\",\"@id\":\"https:\\\/\\\/www.24gliwice.pl\\\/wiadomosci\\\/#\\\/schema\\\/logo\\\/image\\\/\",\"url\":\"https:\\\/\\\/www.24gliwice.pl\\\/wiadomosci\\\/wp-content\\\/uploads\\\/2024\\\/10\\\/24gliwice-logo-696.jpg\",\"contentUrl\":\"https:\\\/\\\/www.24gliwice.pl\\\/wiadomosci\\\/wp-content\\\/uploads\\\/2024\\\/10\\\/24gliwice-logo-696.jpg\",\"width\":696,\"height\":696,\"caption\":\"24gliwice\"},\"image\":{\"@id\":\"https:\\\/\\\/www.24gliwice.pl\\\/wiadomosci\\\/#\\\/schema\\\/logo\\\/image\\\/\"},\"sameAs\":[\"https:\\\/\\\/www.facebook.com\\\/24gliwice\",\"https:\\\/\\\/x.com\\\/24gliwice\",\"https:\\\/\\\/www.youtube.com\\\/@24gliwice\"]},{\"@type\":\"Person\",\"@id\":\"https:\\\/\\\/www.24gliwice.pl\\\/wiadomosci\\\/#\\\/schema\\\/person\\\/e42c650edd7f2fa332be3811fb166b6e\",\"name\":\"\u017baneta Mrozek-Siewierska\",\"image\":{\"@type\":\"ImageObject\",\"inLanguage\":\"pl-PL\",\"@id\":\"https:\\\/\\\/secure.gravatar.com\\\/avatar\\\/1881429e9c64597c77ad7aef2d0a19be69a3253e57534d16aa15bf3a4d34a0a3?s=96&d=mm&r=g\",\"url\":\"https:\\\/\\\/secure.gravatar.com\\\/avatar\\\/1881429e9c64597c77ad7aef2d0a19be69a3253e57534d16aa15bf3a4d34a0a3?s=96&d=mm&r=g\",\"contentUrl\":\"https:\\\/\\\/secure.gravatar.com\\\/avatar\\\/1881429e9c64597c77ad7aef2d0a19be69a3253e57534d16aa15bf3a4d34a0a3?s=96&d=mm&r=g\",\"caption\":\"\u017baneta Mrozek-Siewierska\"},\"url\":\"https:\\\/\\\/www.24gliwice.pl\\\/wiadomosci\\\/author\\\/zms\\\/\"}]}<\/script>\n<!-- \/ Yoast SEO plugin. -->","yoast_head_json":{"title":"Od poniedzia\u0142ku ruszaj\u0105 prace na Siemi\u0144skiego. Cz\u0119\u015b\u0107 przystank\u00f3w wy\u0142\u0105czona z obs\u0142ugi, objazdy - 24GLIWICE - Portal Gliwice | codziennie nowe informacje","robots":{"index":"index","follow":"follow","max-snippet":"max-snippet:-1","max-image-preview":"max-image-preview:large","max-video-preview":"max-video-preview:-1"},"canonical":"https:\/\/www.24gliwice.pl\/wiadomosci\/od-poniedzialku-ruszaja-prace-na-sieminskiego-czesc-przystankow-wylaczona-z-obslugi-objazdy\/","og_locale":"pl_PL","og_type":"article","og_title":"Od poniedzia\u0142ku ruszaj\u0105 prace na Siemi\u0144skiego. Cz\u0119\u015b\u0107 przystank\u00f3w wy\u0142\u0105czona z obs\u0142ugi, objazdy - 24GLIWICE - Portal Gliwice | codziennie nowe informacje","og_description":"12 marca od godziny 7:00 rano planowane jest rozpocz\u0119cie rob\u00f3t zwi\u0105zanych z budow\u0105 element\u00f3w ma\u0142ej architektury przy ul. Siemi\u0144skiego (dawnej Wieczorka). Ulica ma sta\u0107 si\u0119 pierwszym w mie\u015bcie tzw. woonerfem \u2013 czyli miejskim podw\u00f3rcem. Nowej ods\u0142ony mo\u017cna si\u0119 spodziewa\u0107 w pierwszy dzie\u0144 wiosny, 21 marca. Prace b\u0119d\u0105 prowadzone na odcinku od skrzy\u017cowania z ulicami Kozielsk\u0105, [&hellip;]","og_url":"https:\/\/www.24gliwice.pl\/wiadomosci\/od-poniedzialku-ruszaja-prace-na-sieminskiego-czesc-przystankow-wylaczona-z-obslugi-objazdy\/","og_site_name":"24GLIWICE - Portal Gliwice | codziennie nowe informacje","article_publisher":"https:\/\/www.facebook.com\/24gliwice","article_published_time":"2018-03-07T10:49:41+00:00","article_modified_time":"2018-03-07T10:53:35+00:00","og_image":[{"width":810,"height":456,"url":"https:\/\/www.24gliwice.pl\/wiadomosci\/wp-content\/uploads\/2018\/03\/daszy\u0144skiego-2-e1520419496880.jpg","type":"image\/jpeg"}],"author":"\u017baneta Mrozek-Siewierska","twitter_card":"summary_large_image","twitter_creator":"@24gliwice","twitter_site":"@24gliwice","twitter_misc":{"Napisane przez":"\u017baneta Mrozek-Siewierska","Szacowany czas czytania":"2 minuty"},"schema":{"@context":"https:\/\/schema.org","@graph":[{"@type":"Article","@id":"https:\/\/www.24gliwice.pl\/wiadomosci\/od-poniedzialku-ruszaja-prace-na-sieminskiego-czesc-przystankow-wylaczona-z-obslugi-objazdy\/#article","isPartOf":{"@id":"https:\/\/www.24gliwice.pl\/wiadomosci\/od-poniedzialku-ruszaja-prace-na-sieminskiego-czesc-przystankow-wylaczona-z-obslugi-objazdy\/"},"author":{"name":"\u017baneta Mrozek-Siewierska","@id":"https:\/\/www.24gliwice.pl\/wiadomosci\/#\/schema\/person\/e42c650edd7f2fa332be3811fb166b6e"},"headline":"Od poniedzia\u0142ku ruszaj\u0105 prace na Siemi\u0144skiego. Cz\u0119\u015b\u0107 przystank\u00f3w wy\u0142\u0105czona z obs\u0142ugi, objazdy","datePublished":"2018-03-07T10:49:41+00:00","dateModified":"2018-03-07T10:53:35+00:00","mainEntityOfPage":{"@id":"https:\/\/www.24gliwice.pl\/wiadomosci\/od-poniedzialku-ruszaja-prace-na-sieminskiego-czesc-przystankow-wylaczona-z-obslugi-objazdy\/"},"wordCount":389,"commentCount":0,"publisher":{"@id":"https:\/\/www.24gliwice.pl\/wiadomosci\/#organization"},"image":{"@id":"https:\/\/www.24gliwice.pl\/wiadomosci\/od-poniedzialku-ruszaja-prace-na-sieminskiego-czesc-przystankow-wylaczona-z-obslugi-objazdy\/#primaryimage"},"thumbnailUrl":"https:\/\/www.24gliwice.pl\/wiadomosci\/wp-content\/uploads\/2018\/03\/daszy\u0144skiego-2-e1520419496880.jpg","keywords":["objazdy","PRUIM","SIEMI\u0143SKIEGO","WIECZORKA","WOONERF","ZMIANA ORGANIZACJI RUCHU"],"articleSection":["Gliwice","Najnowsze wiadomo\u015bci","Portal Gliwice - Wiadomo\u015bci lokalne"],"inLanguage":"pl-PL","potentialAction":[{"@type":"CommentAction","name":"Comment","target":["https:\/\/www.24gliwice.pl\/wiadomosci\/od-poniedzialku-ruszaja-prace-na-sieminskiego-czesc-przystankow-wylaczona-z-obslugi-objazdy\/#respond"]}]},{"@type":"WebPage","@id":"https:\/\/www.24gliwice.pl\/wiadomosci\/od-poniedzialku-ruszaja-prace-na-sieminskiego-czesc-przystankow-wylaczona-z-obslugi-objazdy\/","url":"https:\/\/www.24gliwice.pl\/wiadomosci\/od-poniedzialku-ruszaja-prace-na-sieminskiego-czesc-przystankow-wylaczona-z-obslugi-objazdy\/","name":"Od poniedzia\u0142ku ruszaj\u0105 prace na Siemi\u0144skiego. Cz\u0119\u015b\u0107 przystank\u00f3w wy\u0142\u0105czona z obs\u0142ugi, objazdy - 24GLIWICE - Portal Gliwice | codziennie nowe informacje","isPartOf":{"@id":"https:\/\/www.24gliwice.pl\/wiadomosci\/#website"},"primaryImageOfPage":{"@id":"https:\/\/www.24gliwice.pl\/wiadomosci\/od-poniedzialku-ruszaja-prace-na-sieminskiego-czesc-przystankow-wylaczona-z-obslugi-objazdy\/#primaryimage"},"image":{"@id":"https:\/\/www.24gliwice.pl\/wiadomosci\/od-poniedzialku-ruszaja-prace-na-sieminskiego-czesc-przystankow-wylaczona-z-obslugi-objazdy\/#primaryimage"},"thumbnailUrl":"https:\/\/www.24gliwice.pl\/wiadomosci\/wp-content\/uploads\/2018\/03\/daszy\u0144skiego-2-e1520419496880.jpg","datePublished":"2018-03-07T10:49:41+00:00","dateModified":"2018-03-07T10:53:35+00:00","breadcrumb":{"@id":"https:\/\/www.24gliwice.pl\/wiadomosci\/od-poniedzialku-ruszaja-prace-na-sieminskiego-czesc-przystankow-wylaczona-z-obslugi-objazdy\/#breadcrumb"},"inLanguage":"pl-PL","potentialAction":[{"@type":"ReadAction","target":["https:\/\/www.24gliwice.pl\/wiadomosci\/od-poniedzialku-ruszaja-prace-na-sieminskiego-czesc-przystankow-wylaczona-z-obslugi-objazdy\/"]}]},{"@type":"ImageObject","inLanguage":"pl-PL","@id":"https:\/\/www.24gliwice.pl\/wiadomosci\/od-poniedzialku-ruszaja-prace-na-sieminskiego-czesc-przystankow-wylaczona-z-obslugi-objazdy\/#primaryimage","url":"https:\/\/www.24gliwice.pl\/wiadomosci\/wp-content\/uploads\/2018\/03\/daszy\u0144skiego-2-e1520419496880.jpg","contentUrl":"https:\/\/www.24gliwice.pl\/wiadomosci\/wp-content\/uploads\/2018\/03\/daszy\u0144skiego-2-e1520419496880.jpg","width":810,"height":456},{"@type":"BreadcrumbList","@id":"https:\/\/www.24gliwice.pl\/wiadomosci\/od-poniedzialku-ruszaja-prace-na-sieminskiego-czesc-przystankow-wylaczona-z-obslugi-objazdy\/#breadcrumb","itemListElement":[{"@type":"ListItem","position":1,"name":"Strona g\u0142\u00f3wna","item":"https:\/\/www.24gliwice.pl\/wiadomosci\/"},{"@type":"ListItem","position":2,"name":"Od poniedzia\u0142ku ruszaj\u0105 prace na Siemi\u0144skiego. Cz\u0119\u015b\u0107 przystank\u00f3w wy\u0142\u0105czona z obs\u0142ugi, objazdy"}]},{"@type":"WebSite","@id":"https:\/\/www.24gliwice.pl\/wiadomosci\/#website","url":"https:\/\/www.24gliwice.pl\/wiadomosci\/","name":"24GLIWICE - Portal Gliwice | codziennie nowe wiadomo\u015bci","description":"Portal Miejski Gliwice","publisher":{"@id":"https:\/\/www.24gliwice.pl\/wiadomosci\/#organization"},"potentialAction":[{"@type":"SearchAction","target":{"@type":"EntryPoint","urlTemplate":"https:\/\/www.24gliwice.pl\/wiadomosci\/?s={search_term_string}"},"query-input":{"@type":"PropertyValueSpecification","valueRequired":true,"valueName":"search_term_string"}}],"inLanguage":"pl-PL"},{"@type":"Organization","@id":"https:\/\/www.24gliwice.pl\/wiadomosci\/#organization","name":"24gliwice","url":"https:\/\/www.24gliwice.pl\/wiadomosci\/","logo":{"@type":"ImageObject","inLanguage":"pl-PL","@id":"https:\/\/www.24gliwice.pl\/wiadomosci\/#\/schema\/logo\/image\/","url":"https:\/\/www.24gliwice.pl\/wiadomosci\/wp-content\/uploads\/2024\/10\/24gliwice-logo-696.jpg","contentUrl":"https:\/\/www.24gliwice.pl\/wiadomosci\/wp-content\/uploads\/2024\/10\/24gliwice-logo-696.jpg","width":696,"height":696,"caption":"24gliwice"},"image":{"@id":"https:\/\/www.24gliwice.pl\/wiadomosci\/#\/schema\/logo\/image\/"},"sameAs":["https:\/\/www.facebook.com\/24gliwice","https:\/\/x.com\/24gliwice","https:\/\/www.youtube.com\/@24gliwice"]},{"@type":"Person","@id":"https:\/\/www.24gliwice.pl\/wiadomosci\/#\/schema\/person\/e42c650edd7f2fa332be3811fb166b6e","name":"\u017baneta Mrozek-Siewierska","image":{"@type":"ImageObject","inLanguage":"pl-PL","@id":"https:\/\/secure.gravatar.com\/avatar\/1881429e9c64597c77ad7aef2d0a19be69a3253e57534d16aa15bf3a4d34a0a3?s=96&d=mm&r=g","url":"https:\/\/secure.gravatar.com\/avatar\/1881429e9c64597c77ad7aef2d0a19be69a3253e57534d16aa15bf3a4d34a0a3?s=96&d=mm&r=g","contentUrl":"https:\/\/secure.gravatar.com\/avatar\/1881429e9c64597c77ad7aef2d0a19be69a3253e57534d16aa15bf3a4d34a0a3?s=96&d=mm&r=g","caption":"\u017baneta Mrozek-Siewierska"},"url":"https:\/\/www.24gliwice.pl\/wiadomosci\/author\/zms\/"}]}},"_links":{"self":[{"href":"https:\/\/www.24gliwice.pl\/wiadomosci\/wp-json\/wp\/v2\/posts\/113492","targetHints":{"allow":["GET"]}}],"collection":[{"href":"https:\/\/www.24gliwice.pl\/wiadomosci\/wp-json\/wp\/v2\/posts"}],"about":[{"href":"https:\/\/www.24gliwice.pl\/wiadomosci\/wp-json\/wp\/v2\/types\/post"}],"author":[{"embeddable":true,"href":"https:\/\/www.24gliwice.pl\/wiadomosci\/wp-json\/wp\/v2\/users\/15"}],"replies":[{"embeddable":true,"href":"https:\/\/www.24gliwice.pl\/wiadomosci\/wp-json\/wp\/v2\/comments?post=113492"}],"version-history":[{"count":0,"href":"https:\/\/www.24gliwice.pl\/wiadomosci\/wp-json\/wp\/v2\/posts\/113492\/revisions"}],"wp:featuredmedia":[{"embeddable":true,"href":"https:\/\/www.24gliwice.pl\/wiadomosci\/wp-json\/wp\/v2\/media\/113504"}],"wp:attachment":[{"href":"https:\/\/www.24gliwice.pl\/wiadomosci\/wp-json\/wp\/v2\/media?parent=113492"}],"wp:term":[{"taxonomy":"category","embeddable":true,"href":"https:\/\/www.24gliwice.pl\/wiadomosci\/wp-json\/wp\/v2\/categories?post=113492"},{"taxonomy":"post_tag","embeddable":true,"href":"https:\/\/www.24gliwice.pl\/wiadomosci\/wp-json\/wp\/v2\/tags?post=113492"}],"curies":[{"name":"wp","href":"https:\/\/api.w.org\/{rel}","templated":true}]}}