{"id":113671,"date":"2018-03-13T02:20:39","date_gmt":"2018-03-13T01:20:39","guid":{"rendered":"https:\/\/www.24gliwice.pl\/wiadomosci\/?p=113671"},"modified":"2018-03-13T02:20:39","modified_gmt":"2018-03-13T01:20:39","slug":"rusza-kolejny-sezon-zbiorek-elektrosmieci-sprawdz-gdzie-i-kiedy-bedziesz-mogl-je-oddac","status":"publish","type":"post","link":"https:\/\/www.24gliwice.pl\/wiadomosci\/rusza-kolejny-sezon-zbiorek-elektrosmieci-sprawdz-gdzie-i-kiedy-bedziesz-mogl-je-oddac\/","title":{"rendered":"Rusza kolejny sezon zbi\u00f3rek elektro\u015bmieci. Sprawd\u017a gdzie i kiedy b\u0119dziesz m\u00f3g\u0142 je odda\u0107"},"content":{"rendered":"<div class=\"gliwi-a6-nad-leadem-artykulow gliwi-entity-placement\" id=\"gliwi-3368525906\"><div class=\"gliwi-adlabel\"><span style=\"font-size: 9px\">REKLAMA<\/span><\/div><div id=\"gliwi-4141191556\" style=\"margin-bottom: 25px;margin-left: auto;margin-right: auto;text-align: center;\"><a data-no-instant=\"1\" href=\"https:\/\/dom100.eu\/\" rel=\"noopener\" class=\"a2t-link\" target=\"_blank\" aria-label=\"20260415 DOM100 D\"><img loading=\"lazy\" decoding=\"async\" src=\"https:\/\/www.24gliwice.pl\/wiadomosci\/wp-content\/uploads\/2026\/04\/20260415-DOM100-D.jpg\" alt=\"\"  srcset=\"https:\/\/www.24gliwice.pl\/wiadomosci\/wp-content\/uploads\/2026\/04\/20260415-DOM100-D.jpg 750w, https:\/\/www.24gliwice.pl\/wiadomosci\/wp-content\/uploads\/2026\/04\/20260415-DOM100-D-410x109.jpg 410w\" sizes=\"(max-width: 750px) 100vw, 750px\" class=\"no-lazyload\" width=\"750\" height=\"200\"  style=\"display: inline-block; max-width: 100%; height: auto;\" \/><\/a><\/div><\/div><h3>Stare, zepsute urz\u0105dzenia elektroniczne, pralki, telewizory, urz\u0105dzenia elektroniczne, komputery, telefony, baterie i niedzia\u0142aj\u0105cy sprz\u0119t o\u015bwietleniowy b\u0119dzie mo\u017cna odda\u0107 w 24 punktach miasta. Zbi\u00f3rki potrwaj\u0105 od po\u0142owy marca do ko\u0144ca pa\u017adziernika.<\/h3>\n<p>Elektro\u015bmieci to odpady niebezpieczne, kt\u00f3rych kategorycznie nie nale\u017cy wrzuca\u0107 do pojemnik\u00f3w na odpady komunalne. Szkodliwe substancje, takie jak rt\u0119\u0107, freon czy kadm, mog\u0105 wydosta\u0107 si\u0119 na zewn\u0105trz i przenikn\u0105\u0107 do gleby i w\u00f3d gruntowych, stwarzaj\u0105c zagro\u017cenie.<\/p>\n<p>Aby tego unikn\u0105\u0107, przez ca\u0142y rok elektro\u015bmieci mo\u017cna oddawa\u0107 w Punkcie Selektywnej Zbi\u00f3rki Odpad\u00f3w Komunalnych przy ul. Rybnickiej (od poniedzia\u0142ku do pi\u0105tku mi\u0119dzy godz. 7.00 a 17.00 oraz w soboty mi\u0119dzy godz. 7.00 a 13.00) lub, od wiosny do jesieni, w oznakowanych samochodach, kt\u00f3re w wyznaczone soboty parkuj\u0105 na kt\u00f3rym\u015b z gliwickich osiedli.<\/p><div class=\"gliwi-a3-w-tresci-artykulow gliwi-entity-placement\" id=\"gliwi-595539851\"><div class=\"gliwi-adlabel\"><span style=\"font-size: 9px\">REKLAMA<\/span><\/div><div id=\"gliwi-2338571838\" style=\"margin-bottom: 30px;margin-left: auto;margin-right: auto;text-align: center;\"><a data-no-instant=\"1\" href=\"https:\/\/zlobek.halogen.org.pl\/\" rel=\"noopener\" class=\"a2t-link\" target=\"_blank\" aria-label=\"animator-zlobek_750x200\"><img loading=\"lazy\" decoding=\"async\" src=\"https:\/\/www.24gliwice.pl\/wiadomosci\/wp-content\/uploads\/2026\/02\/animator-zlobek_750x200.webp\" alt=\"\"  srcset=\"https:\/\/www.24gliwice.pl\/wiadomosci\/wp-content\/uploads\/2026\/02\/animator-zlobek_750x200.webp 750w, https:\/\/www.24gliwice.pl\/wiadomosci\/wp-content\/uploads\/2026\/02\/animator-zlobek_750x200-410x109.webp 410w\" sizes=\"(max-width: 750px) 100vw, 750px\" class=\"no-lazyload\" width=\"750\" height=\"200\"  style=\"display: inline-block; max-width: 100%; height: auto;\" \/><\/a><\/div><\/div>\n[perfectpullquote align=&#8221;full&#8221; bordertop=&#8221;false&#8221; cite=&#8221;&#8221; link=&#8221;&#8221; color=&#8221;&#8221; class=&#8221;&#8221; size=&#8221;&#8221;]Zebrane odpady s\u0105 ponownie przetwarzane, a cz\u0119\u015b\u0107 surowc\u00f3w odzyskiwana. Ze \u015brodk\u00f3w, kt\u00f3re samorz\u0105d pozyskuje sprzedaj\u0105c odpady, kupowany jest sprz\u0119t sportowy dla gliwickich szk\u00f3\u0142 i przedszkoli. [\/perfectpullquote]\n<p>Najbli\u017csza zbi\u00f3rka elektro\u015bmieci odb\u0119dzie si\u0119 w So\u015bnicy 17 marca w godz. od 10.00 do 13.00. Kolejne, w tych samych godzinach, zgodnie z harmonogramem poni\u017cej.<\/p>\n<p>17 marca &#8211; So\u015bnica, ul. Przedwio\u015bnie (przy szkole)<br \/>\n24 marca &#8211; \u0141ab\u0119dy, ul. Literat\u00f3w (przy placu zabaw)<br \/>\n7 kwietnia &#8211; Ostropa, ul. Daszy\u0144skiego (plac przy ko\u015bciele)<br \/>\n14 kwietnia &#8211; os. Kopernika, ul. Kopernika (przy pawilonie handlowym)<br \/>\n21 kwietnia &#8211; os. Wojska Polskiego, ul. Ordona (dawn. Armii Ludowej, parking samochodowy)<br \/>\n28 kwietnia &#8211; \u015ar\u00f3dmie\u015bcie, pl. Pi\u0142sudskiego (parking samochodowy)<br \/>\n12 maja &#8211; Bojk\u00f3w, ul. Rolnik\u00f3w (przy ko\u015bciele)<br \/>\n19 maja &#8211; Brzezinka, ul. Zamojska (przy ko\u015bciele)<br \/>\n26 maja &#8211; Sikornik, ul. Pliszki (parking przy ko\u015bciele)<br \/>\n9 czerwca &#8211; So\u015bnica,  ul. Korczoka (przy ko\u015bciele)<br \/>\n16 czerwca &#8211; os. Wary\u0144skiego, ul. \u017babi\u0144skiego (parking)<br \/>\n23 czerwca &#8211; Szobiszowice, ul. Bernardy\u0144ska (parking przy ko\u015bciele)<br \/>\n30 czerwca &#8211; Stare \u0141ab\u0119dy, ul. Staromiejska (parking przy szkole)<br \/>\n7 lipca &#8211; os. Obro\u0144c\u00f3w Pokoju, ul. Paderewskiego (parking samochodowy)<br \/>\n18 sierpnia &#8211; \u015ar\u00f3dmie\u015bcie, ul. Ziemowita (parking przy katedrze)<br \/>\n25 sierpnia &#8211; W\u00f3jtowa Wie\u015b, ul. G\u0142owackiego (przy ko\u015bciele)<br \/>\n1 wrze\u015bnia &#8211; \u017berniki, ul. \u017bernicka (przy ko\u015bciele)<br \/>\n8 wrze\u015bnia &#8211; os. Kopernika, parking przy sanktuarium<br \/>\n15 wrze\u015bnia &#8211; \u0141ab\u0119dy, ul. Radosna (parking przy ko\u015bciele)<br \/>\n22 wrze\u015bnia &#8211; Ligota Zabrska, ul. Pocztowa (przy szkole)<br \/>\n29 wrze\u015bnia &#8211; Trynek, ul. M\u0142odych Patriot\u00f3w (parking przy wje\u017adzie z ul. \u017bwirki i Wigury)<br \/>\n6 pa\u017adziernika &#8211; Czechowice, ul. Nad \u0141\u0105kami (skrzy\u017cowanie z ul. Toszeck\u0105)<br \/>\n13 pa\u017adziernika &#8211; Szobiszowice, przy Radiostacji<br \/>\n20 pa\u017adziernika &#8211; Zatorze, ul. Okrzei (parking GCE)<\/p>\n<p>(\u017cms)\/UM(mf)<\/p>\n<div class=\"gliwi-a5-na-koncu-artykulow gliwi-entity-placement\" id=\"gliwi-133677642\"><div class=\"gliwi-adlabel\"><span style=\"font-size: 9px\">REKLAMA<\/span><\/div><div id=\"gliwi-3594062480\" style=\"margin-left: auto;margin-right: auto;text-align: center;\"><a data-no-instant=\"1\" href=\"https:\/\/prezeroarenagliwice.pl\/\" rel=\"noopener\" class=\"a2t-link\" target=\"_blank\" aria-label=\"20260309-PREZERO-WIOSNA-D\"><img loading=\"lazy\" decoding=\"async\" src=\"https:\/\/www.24gliwice.pl\/wiadomosci\/wp-content\/uploads\/2026\/03\/20260309-PREZERO-WIOSNA-D.webp\" alt=\"\"  srcset=\"https:\/\/www.24gliwice.pl\/wiadomosci\/wp-content\/uploads\/2026\/03\/20260309-PREZERO-WIOSNA-D.webp 750w, https:\/\/www.24gliwice.pl\/wiadomosci\/wp-content\/uploads\/2026\/03\/20260309-PREZERO-WIOSNA-D-410x109.webp 410w\" sizes=\"(max-width: 750px) 100vw, 750px\" class=\"no-lazyload\" width=\"750\" height=\"200\"  style=\"display: inline-block; max-width: 100%; height: auto;\" \/><\/a><\/div><\/div>","protected":false},"excerpt":{"rendered":"<p>Stare, zepsute urz\u0105dzenia elektroniczne, pralki, telewizory, urz\u0105dzenia elektroniczne, komputery, telefony, baterie i niedzia\u0142aj\u0105cy sprz\u0119t o\u015bwietleniowy b\u0119dzie mo\u017cna odda\u0107 w 24 punktach miasta. Zbi\u00f3rki potrwaj\u0105 od po\u0142owy marca do ko\u0144ca pa\u017adziernika. Elektro\u015bmieci to odpady niebezpieczne, kt\u00f3rych kategorycznie nie nale\u017cy wrzuca\u0107 do pojemnik\u00f3w na odpady komunalne. Szkodliwe substancje, takie jak rt\u0119\u0107, freon czy kadm, mog\u0105 wydosta\u0107 si\u0119 [&hellip;]<\/p>\n","protected":false},"author":15,"featured_media":113674,"comment_status":"open","ping_status":"closed","sticky":false,"template":"","format":"standard","meta":{"_monsterinsights_skip_tracking":false,"_monsterinsights_sitenote_active":false,"_monsterinsights_sitenote_note":"","_monsterinsights_sitenote_category":0,"footnotes":"","_links_to":"","_links_to_target":""},"categories":[3,1],"tags":[11759,2580,11760,2582],"class_list":["post-113671","post","type-post","status-publish","format-standard","has-post-thumbnail","hentry","category-gliwice","category-wszystko","tag-ekologia","tag-elektrosmieci","tag-harmonogram","tag-zbiorka-elektrosmieci"],"yoast_head":"<!-- This site is optimized with the Yoast SEO plugin v27.5 - https:\/\/yoast.com\/product\/yoast-seo-wordpress\/ -->\n<title>Rusza kolejny sezon zbi\u00f3rek elektro\u015bmieci. Sprawd\u017a gdzie i kiedy b\u0119dziesz m\u00f3g\u0142 je odda\u0107 - 24GLIWICE - Portal Gliwice | codziennie nowe informacje<\/title>\n<meta name=\"robots\" content=\"index, follow, max-snippet:-1, max-image-preview:large, max-video-preview:-1\" \/>\n<link rel=\"canonical\" href=\"https:\/\/www.24gliwice.pl\/wiadomosci\/rusza-kolejny-sezon-zbiorek-elektrosmieci-sprawdz-gdzie-i-kiedy-bedziesz-mogl-je-oddac\/\" \/>\n<meta property=\"og:locale\" content=\"pl_PL\" \/>\n<meta property=\"og:type\" content=\"article\" \/>\n<meta property=\"og:title\" content=\"Rusza kolejny sezon zbi\u00f3rek elektro\u015bmieci. Sprawd\u017a gdzie i kiedy b\u0119dziesz m\u00f3g\u0142 je odda\u0107 - 24GLIWICE - Portal Gliwice | codziennie nowe informacje\" \/>\n<meta property=\"og:description\" content=\"Stare, zepsute urz\u0105dzenia elektroniczne, pralki, telewizory, urz\u0105dzenia elektroniczne, komputery, telefony, baterie i niedzia\u0142aj\u0105cy sprz\u0119t o\u015bwietleniowy b\u0119dzie mo\u017cna odda\u0107 w 24 punktach miasta. Zbi\u00f3rki potrwaj\u0105 od po\u0142owy marca do ko\u0144ca pa\u017adziernika. Elektro\u015bmieci to odpady niebezpieczne, kt\u00f3rych kategorycznie nie nale\u017cy wrzuca\u0107 do pojemnik\u00f3w na odpady komunalne. Szkodliwe substancje, takie jak rt\u0119\u0107, freon czy kadm, mog\u0105 wydosta\u0107 si\u0119 [&hellip;]\" \/>\n<meta property=\"og:url\" content=\"https:\/\/www.24gliwice.pl\/wiadomosci\/rusza-kolejny-sezon-zbiorek-elektrosmieci-sprawdz-gdzie-i-kiedy-bedziesz-mogl-je-oddac\/\" \/>\n<meta property=\"og:site_name\" content=\"24GLIWICE - Portal Gliwice | codziennie nowe informacje\" \/>\n<meta property=\"article:publisher\" content=\"https:\/\/www.facebook.com\/24gliwice\" \/>\n<meta property=\"article:published_time\" content=\"2018-03-13T01:20:39+00:00\" \/>\n<meta property=\"og:image\" content=\"https:\/\/www.24gliwice.pl\/wiadomosci\/wp-content\/uploads\/2018\/03\/zbi\u00f3rka-elektro\u015bmieci-e1520591915608.jpg\" \/>\n\t<meta property=\"og:image:width\" content=\"810\" \/>\n\t<meta property=\"og:image:height\" content=\"456\" \/>\n\t<meta property=\"og:image:type\" content=\"image\/jpeg\" \/>\n<meta name=\"author\" content=\"\u017baneta Mrozek-Siewierska\" \/>\n<meta name=\"twitter:card\" content=\"summary_large_image\" \/>\n<meta name=\"twitter:creator\" content=\"@24gliwice\" \/>\n<meta name=\"twitter:site\" content=\"@24gliwice\" \/>\n<meta name=\"twitter:label1\" content=\"Napisane przez\" \/>\n\t<meta name=\"twitter:data1\" content=\"\u017baneta Mrozek-Siewierska\" \/>\n\t<meta name=\"twitter:label2\" content=\"Szacowany czas czytania\" \/>\n\t<meta name=\"twitter:data2\" content=\"2 minuty\" \/>\n<script type=\"application\/ld+json\" class=\"yoast-schema-graph\">{\"@context\":\"https:\\\/\\\/schema.org\",\"@graph\":[{\"@type\":\"Article\",\"@id\":\"https:\\\/\\\/www.24gliwice.pl\\\/wiadomosci\\\/rusza-kolejny-sezon-zbiorek-elektrosmieci-sprawdz-gdzie-i-kiedy-bedziesz-mogl-je-oddac\\\/#article\",\"isPartOf\":{\"@id\":\"https:\\\/\\\/www.24gliwice.pl\\\/wiadomosci\\\/rusza-kolejny-sezon-zbiorek-elektrosmieci-sprawdz-gdzie-i-kiedy-bedziesz-mogl-je-oddac\\\/\"},\"author\":{\"name\":\"\u017baneta Mrozek-Siewierska\",\"@id\":\"https:\\\/\\\/www.24gliwice.pl\\\/wiadomosci\\\/#\\\/schema\\\/person\\\/e42c650edd7f2fa332be3811fb166b6e\"},\"headline\":\"Rusza kolejny sezon zbi\u00f3rek elektro\u015bmieci. Sprawd\u017a gdzie i kiedy b\u0119dziesz m\u00f3g\u0142 je odda\u0107\",\"datePublished\":\"2018-03-13T01:20:39+00:00\",\"mainEntityOfPage\":{\"@id\":\"https:\\\/\\\/www.24gliwice.pl\\\/wiadomosci\\\/rusza-kolejny-sezon-zbiorek-elektrosmieci-sprawdz-gdzie-i-kiedy-bedziesz-mogl-je-oddac\\\/\"},\"wordCount\":472,\"commentCount\":0,\"publisher\":{\"@id\":\"https:\\\/\\\/www.24gliwice.pl\\\/wiadomosci\\\/#organization\"},\"image\":{\"@id\":\"https:\\\/\\\/www.24gliwice.pl\\\/wiadomosci\\\/rusza-kolejny-sezon-zbiorek-elektrosmieci-sprawdz-gdzie-i-kiedy-bedziesz-mogl-je-oddac\\\/#primaryimage\"},\"thumbnailUrl\":\"https:\\\/\\\/www.24gliwice.pl\\\/wiadomosci\\\/wp-content\\\/uploads\\\/2018\\\/03\\\/zbi\u00f3rka-elektro\u015bmieci-e1520591915608.jpg\",\"keywords\":[\"ekologia\",\"ELEKTRO\u015aMIECI\",\"harmonogram\",\"ZBI\u00d3RKA ELEKTRO\u015aMIECI\"],\"articleSection\":[\"Gliwice\",\"Najnowsze wiadomo\u015bci\"],\"inLanguage\":\"pl-PL\",\"potentialAction\":[{\"@type\":\"CommentAction\",\"name\":\"Comment\",\"target\":[\"https:\\\/\\\/www.24gliwice.pl\\\/wiadomosci\\\/rusza-kolejny-sezon-zbiorek-elektrosmieci-sprawdz-gdzie-i-kiedy-bedziesz-mogl-je-oddac\\\/#respond\"]}]},{\"@type\":\"WebPage\",\"@id\":\"https:\\\/\\\/www.24gliwice.pl\\\/wiadomosci\\\/rusza-kolejny-sezon-zbiorek-elektrosmieci-sprawdz-gdzie-i-kiedy-bedziesz-mogl-je-oddac\\\/\",\"url\":\"https:\\\/\\\/www.24gliwice.pl\\\/wiadomosci\\\/rusza-kolejny-sezon-zbiorek-elektrosmieci-sprawdz-gdzie-i-kiedy-bedziesz-mogl-je-oddac\\\/\",\"name\":\"Rusza kolejny sezon zbi\u00f3rek elektro\u015bmieci. Sprawd\u017a gdzie i kiedy b\u0119dziesz m\u00f3g\u0142 je odda\u0107 - 24GLIWICE - Portal Gliwice | codziennie nowe informacje\",\"isPartOf\":{\"@id\":\"https:\\\/\\\/www.24gliwice.pl\\\/wiadomosci\\\/#website\"},\"primaryImageOfPage\":{\"@id\":\"https:\\\/\\\/www.24gliwice.pl\\\/wiadomosci\\\/rusza-kolejny-sezon-zbiorek-elektrosmieci-sprawdz-gdzie-i-kiedy-bedziesz-mogl-je-oddac\\\/#primaryimage\"},\"image\":{\"@id\":\"https:\\\/\\\/www.24gliwice.pl\\\/wiadomosci\\\/rusza-kolejny-sezon-zbiorek-elektrosmieci-sprawdz-gdzie-i-kiedy-bedziesz-mogl-je-oddac\\\/#primaryimage\"},\"thumbnailUrl\":\"https:\\\/\\\/www.24gliwice.pl\\\/wiadomosci\\\/wp-content\\\/uploads\\\/2018\\\/03\\\/zbi\u00f3rka-elektro\u015bmieci-e1520591915608.jpg\",\"datePublished\":\"2018-03-13T01:20:39+00:00\",\"breadcrumb\":{\"@id\":\"https:\\\/\\\/www.24gliwice.pl\\\/wiadomosci\\\/rusza-kolejny-sezon-zbiorek-elektrosmieci-sprawdz-gdzie-i-kiedy-bedziesz-mogl-je-oddac\\\/#breadcrumb\"},\"inLanguage\":\"pl-PL\",\"potentialAction\":[{\"@type\":\"ReadAction\",\"target\":[\"https:\\\/\\\/www.24gliwice.pl\\\/wiadomosci\\\/rusza-kolejny-sezon-zbiorek-elektrosmieci-sprawdz-gdzie-i-kiedy-bedziesz-mogl-je-oddac\\\/\"]}]},{\"@type\":\"ImageObject\",\"inLanguage\":\"pl-PL\",\"@id\":\"https:\\\/\\\/www.24gliwice.pl\\\/wiadomosci\\\/rusza-kolejny-sezon-zbiorek-elektrosmieci-sprawdz-gdzie-i-kiedy-bedziesz-mogl-je-oddac\\\/#primaryimage\",\"url\":\"https:\\\/\\\/www.24gliwice.pl\\\/wiadomosci\\\/wp-content\\\/uploads\\\/2018\\\/03\\\/zbi\u00f3rka-elektro\u015bmieci-e1520591915608.jpg\",\"contentUrl\":\"https:\\\/\\\/www.24gliwice.pl\\\/wiadomosci\\\/wp-content\\\/uploads\\\/2018\\\/03\\\/zbi\u00f3rka-elektro\u015bmieci-e1520591915608.jpg\",\"width\":810,\"height\":456,\"caption\":\"fot. UM Gliwice\"},{\"@type\":\"BreadcrumbList\",\"@id\":\"https:\\\/\\\/www.24gliwice.pl\\\/wiadomosci\\\/rusza-kolejny-sezon-zbiorek-elektrosmieci-sprawdz-gdzie-i-kiedy-bedziesz-mogl-je-oddac\\\/#breadcrumb\",\"itemListElement\":[{\"@type\":\"ListItem\",\"position\":1,\"name\":\"Strona g\u0142\u00f3wna\",\"item\":\"https:\\\/\\\/www.24gliwice.pl\\\/wiadomosci\\\/\"},{\"@type\":\"ListItem\",\"position\":2,\"name\":\"Rusza kolejny sezon zbi\u00f3rek elektro\u015bmieci. Sprawd\u017a gdzie i kiedy b\u0119dziesz m\u00f3g\u0142 je odda\u0107\"}]},{\"@type\":\"WebSite\",\"@id\":\"https:\\\/\\\/www.24gliwice.pl\\\/wiadomosci\\\/#website\",\"url\":\"https:\\\/\\\/www.24gliwice.pl\\\/wiadomosci\\\/\",\"name\":\"24GLIWICE - Portal Gliwice | codziennie nowe wiadomo\u015bci\",\"description\":\"Portal Miejski Gliwice\",\"publisher\":{\"@id\":\"https:\\\/\\\/www.24gliwice.pl\\\/wiadomosci\\\/#organization\"},\"potentialAction\":[{\"@type\":\"SearchAction\",\"target\":{\"@type\":\"EntryPoint\",\"urlTemplate\":\"https:\\\/\\\/www.24gliwice.pl\\\/wiadomosci\\\/?s={search_term_string}\"},\"query-input\":{\"@type\":\"PropertyValueSpecification\",\"valueRequired\":true,\"valueName\":\"search_term_string\"}}],\"inLanguage\":\"pl-PL\"},{\"@type\":\"Organization\",\"@id\":\"https:\\\/\\\/www.24gliwice.pl\\\/wiadomosci\\\/#organization\",\"name\":\"24gliwice\",\"url\":\"https:\\\/\\\/www.24gliwice.pl\\\/wiadomosci\\\/\",\"logo\":{\"@type\":\"ImageObject\",\"inLanguage\":\"pl-PL\",\"@id\":\"https:\\\/\\\/www.24gliwice.pl\\\/wiadomosci\\\/#\\\/schema\\\/logo\\\/image\\\/\",\"url\":\"https:\\\/\\\/www.24gliwice.pl\\\/wiadomosci\\\/wp-content\\\/uploads\\\/2024\\\/10\\\/24gliwice-logo-696.jpg\",\"contentUrl\":\"https:\\\/\\\/www.24gliwice.pl\\\/wiadomosci\\\/wp-content\\\/uploads\\\/2024\\\/10\\\/24gliwice-logo-696.jpg\",\"width\":696,\"height\":696,\"caption\":\"24gliwice\"},\"image\":{\"@id\":\"https:\\\/\\\/www.24gliwice.pl\\\/wiadomosci\\\/#\\\/schema\\\/logo\\\/image\\\/\"},\"sameAs\":[\"https:\\\/\\\/www.facebook.com\\\/24gliwice\",\"https:\\\/\\\/x.com\\\/24gliwice\",\"https:\\\/\\\/www.youtube.com\\\/@24gliwice\"]},{\"@type\":\"Person\",\"@id\":\"https:\\\/\\\/www.24gliwice.pl\\\/wiadomosci\\\/#\\\/schema\\\/person\\\/e42c650edd7f2fa332be3811fb166b6e\",\"name\":\"\u017baneta Mrozek-Siewierska\",\"image\":{\"@type\":\"ImageObject\",\"inLanguage\":\"pl-PL\",\"@id\":\"https:\\\/\\\/secure.gravatar.com\\\/avatar\\\/1881429e9c64597c77ad7aef2d0a19be69a3253e57534d16aa15bf3a4d34a0a3?s=96&d=mm&r=g\",\"url\":\"https:\\\/\\\/secure.gravatar.com\\\/avatar\\\/1881429e9c64597c77ad7aef2d0a19be69a3253e57534d16aa15bf3a4d34a0a3?s=96&d=mm&r=g\",\"contentUrl\":\"https:\\\/\\\/secure.gravatar.com\\\/avatar\\\/1881429e9c64597c77ad7aef2d0a19be69a3253e57534d16aa15bf3a4d34a0a3?s=96&d=mm&r=g\",\"caption\":\"\u017baneta Mrozek-Siewierska\"},\"url\":\"https:\\\/\\\/www.24gliwice.pl\\\/wiadomosci\\\/author\\\/zms\\\/\"}]}<\/script>\n<!-- \/ Yoast SEO plugin. -->","yoast_head_json":{"title":"Rusza kolejny sezon zbi\u00f3rek elektro\u015bmieci. Sprawd\u017a gdzie i kiedy b\u0119dziesz m\u00f3g\u0142 je odda\u0107 - 24GLIWICE - Portal Gliwice | codziennie nowe informacje","robots":{"index":"index","follow":"follow","max-snippet":"max-snippet:-1","max-image-preview":"max-image-preview:large","max-video-preview":"max-video-preview:-1"},"canonical":"https:\/\/www.24gliwice.pl\/wiadomosci\/rusza-kolejny-sezon-zbiorek-elektrosmieci-sprawdz-gdzie-i-kiedy-bedziesz-mogl-je-oddac\/","og_locale":"pl_PL","og_type":"article","og_title":"Rusza kolejny sezon zbi\u00f3rek elektro\u015bmieci. Sprawd\u017a gdzie i kiedy b\u0119dziesz m\u00f3g\u0142 je odda\u0107 - 24GLIWICE - Portal Gliwice | codziennie nowe informacje","og_description":"Stare, zepsute urz\u0105dzenia elektroniczne, pralki, telewizory, urz\u0105dzenia elektroniczne, komputery, telefony, baterie i niedzia\u0142aj\u0105cy sprz\u0119t o\u015bwietleniowy b\u0119dzie mo\u017cna odda\u0107 w 24 punktach miasta. Zbi\u00f3rki potrwaj\u0105 od po\u0142owy marca do ko\u0144ca pa\u017adziernika. Elektro\u015bmieci to odpady niebezpieczne, kt\u00f3rych kategorycznie nie nale\u017cy wrzuca\u0107 do pojemnik\u00f3w na odpady komunalne. Szkodliwe substancje, takie jak rt\u0119\u0107, freon czy kadm, mog\u0105 wydosta\u0107 si\u0119 [&hellip;]","og_url":"https:\/\/www.24gliwice.pl\/wiadomosci\/rusza-kolejny-sezon-zbiorek-elektrosmieci-sprawdz-gdzie-i-kiedy-bedziesz-mogl-je-oddac\/","og_site_name":"24GLIWICE - Portal Gliwice | codziennie nowe informacje","article_publisher":"https:\/\/www.facebook.com\/24gliwice","article_published_time":"2018-03-13T01:20:39+00:00","og_image":[{"width":810,"height":456,"url":"https:\/\/www.24gliwice.pl\/wiadomosci\/wp-content\/uploads\/2018\/03\/zbi\u00f3rka-elektro\u015bmieci-e1520591915608.jpg","type":"image\/jpeg"}],"author":"\u017baneta Mrozek-Siewierska","twitter_card":"summary_large_image","twitter_creator":"@24gliwice","twitter_site":"@24gliwice","twitter_misc":{"Napisane przez":"\u017baneta Mrozek-Siewierska","Szacowany czas czytania":"2 minuty"},"schema":{"@context":"https:\/\/schema.org","@graph":[{"@type":"Article","@id":"https:\/\/www.24gliwice.pl\/wiadomosci\/rusza-kolejny-sezon-zbiorek-elektrosmieci-sprawdz-gdzie-i-kiedy-bedziesz-mogl-je-oddac\/#article","isPartOf":{"@id":"https:\/\/www.24gliwice.pl\/wiadomosci\/rusza-kolejny-sezon-zbiorek-elektrosmieci-sprawdz-gdzie-i-kiedy-bedziesz-mogl-je-oddac\/"},"author":{"name":"\u017baneta Mrozek-Siewierska","@id":"https:\/\/www.24gliwice.pl\/wiadomosci\/#\/schema\/person\/e42c650edd7f2fa332be3811fb166b6e"},"headline":"Rusza kolejny sezon zbi\u00f3rek elektro\u015bmieci. Sprawd\u017a gdzie i kiedy b\u0119dziesz m\u00f3g\u0142 je odda\u0107","datePublished":"2018-03-13T01:20:39+00:00","mainEntityOfPage":{"@id":"https:\/\/www.24gliwice.pl\/wiadomosci\/rusza-kolejny-sezon-zbiorek-elektrosmieci-sprawdz-gdzie-i-kiedy-bedziesz-mogl-je-oddac\/"},"wordCount":472,"commentCount":0,"publisher":{"@id":"https:\/\/www.24gliwice.pl\/wiadomosci\/#organization"},"image":{"@id":"https:\/\/www.24gliwice.pl\/wiadomosci\/rusza-kolejny-sezon-zbiorek-elektrosmieci-sprawdz-gdzie-i-kiedy-bedziesz-mogl-je-oddac\/#primaryimage"},"thumbnailUrl":"https:\/\/www.24gliwice.pl\/wiadomosci\/wp-content\/uploads\/2018\/03\/zbi\u00f3rka-elektro\u015bmieci-e1520591915608.jpg","keywords":["ekologia","ELEKTRO\u015aMIECI","harmonogram","ZBI\u00d3RKA ELEKTRO\u015aMIECI"],"articleSection":["Gliwice","Najnowsze wiadomo\u015bci"],"inLanguage":"pl-PL","potentialAction":[{"@type":"CommentAction","name":"Comment","target":["https:\/\/www.24gliwice.pl\/wiadomosci\/rusza-kolejny-sezon-zbiorek-elektrosmieci-sprawdz-gdzie-i-kiedy-bedziesz-mogl-je-oddac\/#respond"]}]},{"@type":"WebPage","@id":"https:\/\/www.24gliwice.pl\/wiadomosci\/rusza-kolejny-sezon-zbiorek-elektrosmieci-sprawdz-gdzie-i-kiedy-bedziesz-mogl-je-oddac\/","url":"https:\/\/www.24gliwice.pl\/wiadomosci\/rusza-kolejny-sezon-zbiorek-elektrosmieci-sprawdz-gdzie-i-kiedy-bedziesz-mogl-je-oddac\/","name":"Rusza kolejny sezon zbi\u00f3rek elektro\u015bmieci. Sprawd\u017a gdzie i kiedy b\u0119dziesz m\u00f3g\u0142 je odda\u0107 - 24GLIWICE - Portal Gliwice | codziennie nowe informacje","isPartOf":{"@id":"https:\/\/www.24gliwice.pl\/wiadomosci\/#website"},"primaryImageOfPage":{"@id":"https:\/\/www.24gliwice.pl\/wiadomosci\/rusza-kolejny-sezon-zbiorek-elektrosmieci-sprawdz-gdzie-i-kiedy-bedziesz-mogl-je-oddac\/#primaryimage"},"image":{"@id":"https:\/\/www.24gliwice.pl\/wiadomosci\/rusza-kolejny-sezon-zbiorek-elektrosmieci-sprawdz-gdzie-i-kiedy-bedziesz-mogl-je-oddac\/#primaryimage"},"thumbnailUrl":"https:\/\/www.24gliwice.pl\/wiadomosci\/wp-content\/uploads\/2018\/03\/zbi\u00f3rka-elektro\u015bmieci-e1520591915608.jpg","datePublished":"2018-03-13T01:20:39+00:00","breadcrumb":{"@id":"https:\/\/www.24gliwice.pl\/wiadomosci\/rusza-kolejny-sezon-zbiorek-elektrosmieci-sprawdz-gdzie-i-kiedy-bedziesz-mogl-je-oddac\/#breadcrumb"},"inLanguage":"pl-PL","potentialAction":[{"@type":"ReadAction","target":["https:\/\/www.24gliwice.pl\/wiadomosci\/rusza-kolejny-sezon-zbiorek-elektrosmieci-sprawdz-gdzie-i-kiedy-bedziesz-mogl-je-oddac\/"]}]},{"@type":"ImageObject","inLanguage":"pl-PL","@id":"https:\/\/www.24gliwice.pl\/wiadomosci\/rusza-kolejny-sezon-zbiorek-elektrosmieci-sprawdz-gdzie-i-kiedy-bedziesz-mogl-je-oddac\/#primaryimage","url":"https:\/\/www.24gliwice.pl\/wiadomosci\/wp-content\/uploads\/2018\/03\/zbi\u00f3rka-elektro\u015bmieci-e1520591915608.jpg","contentUrl":"https:\/\/www.24gliwice.pl\/wiadomosci\/wp-content\/uploads\/2018\/03\/zbi\u00f3rka-elektro\u015bmieci-e1520591915608.jpg","width":810,"height":456,"caption":"fot. UM Gliwice"},{"@type":"BreadcrumbList","@id":"https:\/\/www.24gliwice.pl\/wiadomosci\/rusza-kolejny-sezon-zbiorek-elektrosmieci-sprawdz-gdzie-i-kiedy-bedziesz-mogl-je-oddac\/#breadcrumb","itemListElement":[{"@type":"ListItem","position":1,"name":"Strona g\u0142\u00f3wna","item":"https:\/\/www.24gliwice.pl\/wiadomosci\/"},{"@type":"ListItem","position":2,"name":"Rusza kolejny sezon zbi\u00f3rek elektro\u015bmieci. Sprawd\u017a gdzie i kiedy b\u0119dziesz m\u00f3g\u0142 je odda\u0107"}]},{"@type":"WebSite","@id":"https:\/\/www.24gliwice.pl\/wiadomosci\/#website","url":"https:\/\/www.24gliwice.pl\/wiadomosci\/","name":"24GLIWICE - Portal Gliwice | codziennie nowe wiadomo\u015bci","description":"Portal Miejski Gliwice","publisher":{"@id":"https:\/\/www.24gliwice.pl\/wiadomosci\/#organization"},"potentialAction":[{"@type":"SearchAction","target":{"@type":"EntryPoint","urlTemplate":"https:\/\/www.24gliwice.pl\/wiadomosci\/?s={search_term_string}"},"query-input":{"@type":"PropertyValueSpecification","valueRequired":true,"valueName":"search_term_string"}}],"inLanguage":"pl-PL"},{"@type":"Organization","@id":"https:\/\/www.24gliwice.pl\/wiadomosci\/#organization","name":"24gliwice","url":"https:\/\/www.24gliwice.pl\/wiadomosci\/","logo":{"@type":"ImageObject","inLanguage":"pl-PL","@id":"https:\/\/www.24gliwice.pl\/wiadomosci\/#\/schema\/logo\/image\/","url":"https:\/\/www.24gliwice.pl\/wiadomosci\/wp-content\/uploads\/2024\/10\/24gliwice-logo-696.jpg","contentUrl":"https:\/\/www.24gliwice.pl\/wiadomosci\/wp-content\/uploads\/2024\/10\/24gliwice-logo-696.jpg","width":696,"height":696,"caption":"24gliwice"},"image":{"@id":"https:\/\/www.24gliwice.pl\/wiadomosci\/#\/schema\/logo\/image\/"},"sameAs":["https:\/\/www.facebook.com\/24gliwice","https:\/\/x.com\/24gliwice","https:\/\/www.youtube.com\/@24gliwice"]},{"@type":"Person","@id":"https:\/\/www.24gliwice.pl\/wiadomosci\/#\/schema\/person\/e42c650edd7f2fa332be3811fb166b6e","name":"\u017baneta Mrozek-Siewierska","image":{"@type":"ImageObject","inLanguage":"pl-PL","@id":"https:\/\/secure.gravatar.com\/avatar\/1881429e9c64597c77ad7aef2d0a19be69a3253e57534d16aa15bf3a4d34a0a3?s=96&d=mm&r=g","url":"https:\/\/secure.gravatar.com\/avatar\/1881429e9c64597c77ad7aef2d0a19be69a3253e57534d16aa15bf3a4d34a0a3?s=96&d=mm&r=g","contentUrl":"https:\/\/secure.gravatar.com\/avatar\/1881429e9c64597c77ad7aef2d0a19be69a3253e57534d16aa15bf3a4d34a0a3?s=96&d=mm&r=g","caption":"\u017baneta Mrozek-Siewierska"},"url":"https:\/\/www.24gliwice.pl\/wiadomosci\/author\/zms\/"}]}},"_links":{"self":[{"href":"https:\/\/www.24gliwice.pl\/wiadomosci\/wp-json\/wp\/v2\/posts\/113671","targetHints":{"allow":["GET"]}}],"collection":[{"href":"https:\/\/www.24gliwice.pl\/wiadomosci\/wp-json\/wp\/v2\/posts"}],"about":[{"href":"https:\/\/www.24gliwice.pl\/wiadomosci\/wp-json\/wp\/v2\/types\/post"}],"author":[{"embeddable":true,"href":"https:\/\/www.24gliwice.pl\/wiadomosci\/wp-json\/wp\/v2\/users\/15"}],"replies":[{"embeddable":true,"href":"https:\/\/www.24gliwice.pl\/wiadomosci\/wp-json\/wp\/v2\/comments?post=113671"}],"version-history":[{"count":0,"href":"https:\/\/www.24gliwice.pl\/wiadomosci\/wp-json\/wp\/v2\/posts\/113671\/revisions"}],"wp:featuredmedia":[{"embeddable":true,"href":"https:\/\/www.24gliwice.pl\/wiadomosci\/wp-json\/wp\/v2\/media\/113674"}],"wp:attachment":[{"href":"https:\/\/www.24gliwice.pl\/wiadomosci\/wp-json\/wp\/v2\/media?parent=113671"}],"wp:term":[{"taxonomy":"category","embeddable":true,"href":"https:\/\/www.24gliwice.pl\/wiadomosci\/wp-json\/wp\/v2\/categories?post=113671"},{"taxonomy":"post_tag","embeddable":true,"href":"https:\/\/www.24gliwice.pl\/wiadomosci\/wp-json\/wp\/v2\/tags?post=113671"}],"curies":[{"name":"wp","href":"https:\/\/api.w.org\/{rel}","templated":true}]}}