{"id":113721,"date":"2018-03-10T01:47:15","date_gmt":"2018-03-10T00:47:15","guid":{"rendered":"https:\/\/www.24gliwice.pl\/wiadomosci\/?p=113721"},"modified":"2018-03-14T20:20:14","modified_gmt":"2018-03-14T19:20:14","slug":"nie-wszystkie-galerie-i-sklepy-beda-zamkniete-w-niedziele-sprawdzcie-gdzie-mozna-sie-wybrac","status":"publish","type":"post","link":"https:\/\/www.24gliwice.pl\/wiadomosci\/nie-wszystkie-galerie-i-sklepy-beda-zamkniete-w-niedziele-sprawdzcie-gdzie-mozna-sie-wybrac\/","title":{"rendered":"Nie wszystkie galerie i sklepy b\u0119d\u0105 zamkni\u0119te w niedziel\u0119. Sprawd\u017acie, gdzie mo\u017cna si\u0119 wybra\u0107"},"content":{"rendered":"<div class=\"gliwi-a6-nad-leadem-artykulow gliwi-entity-placement\" id=\"gliwi-3848055733\"><div class=\"gliwi-adlabel\"><span style=\"font-size: 9px\">REKLAMA<\/span><\/div><div id=\"gliwi-738436937\" style=\"margin-bottom: 25px;margin-left: auto;margin-right: auto;text-align: center;\"><a data-no-instant=\"1\" href=\"https:\/\/dom100.eu\/\" rel=\"noopener\" class=\"a2t-link\" target=\"_blank\" aria-label=\"20260415 DOM100 D\"><img loading=\"lazy\" decoding=\"async\" src=\"https:\/\/www.24gliwice.pl\/wiadomosci\/wp-content\/uploads\/2026\/04\/20260415-DOM100-D.jpg\" alt=\"\"  srcset=\"https:\/\/www.24gliwice.pl\/wiadomosci\/wp-content\/uploads\/2026\/04\/20260415-DOM100-D.jpg 750w, https:\/\/www.24gliwice.pl\/wiadomosci\/wp-content\/uploads\/2026\/04\/20260415-DOM100-D-410x109.jpg 410w\" sizes=\"(max-width: 750px) 100vw, 750px\" class=\"no-lazyload\" width=\"750\" height=\"200\"  style=\"display: inline-block; max-width: 100%; height: auto;\" \/><\/a><\/div><\/div><h3>Przed nami pierwsza niedziela z zakazem handlu. 11 marca wi\u0119kszo\u015b\u0107 sklep\u00f3w b\u0119dzie zamkni\u0119ta, zakaz nie dotyczy m.in. tych punkt\u00f3w gdzie za lad\u0105 stanie w\u0142a\u015bciciel. W przypadku wi\u0119kszych sklep\u00f3w sieciowych jest to oczywi\u015bcie niemo\u017cliwe.<\/h3>\n<p>Handel b\u0119dzie dopuszczalny na stacjach benzynowych oraz dworcach kolejowych. R\u00f3wnie\u017c w internecie b\u0119dzie mo\u017cna w niedziel\u0119 zrobi\u0107 zakupy. Z zakazu wy\u0142\u0105czono tak\u017ce m.in. piekarnie, cukiernie i lodziarnie oraz z sklepy dewocjonaliami.<\/p>\n<p>Okazuje si\u0119, \u017ce cz\u0119\u015b\u0107 galerii handlowych w Gliwicach, gdzie dost\u0119pne s\u0105 np. lokale gastronomiczne, b\u0119dzie otwarta. [perfectpullquote align=&#8221;full&#8221; bordertop=&#8221;false&#8221; cite=&#8221;&#8221; link=&#8221;&#8221; color=&#8221;&#8221; class=&#8221;&#8221; size=&#8221;&#8221;]Pozostaje pytanie, czy uda im si\u0119 przyci\u0105gn\u0105\u0107 wystarczaj\u0105co du\u017co klient\u00f3w, w sytuacji, gdy g\u0142\u00f3wny magnes, czyli wi\u0119ksze sklepy b\u0119d\u0105 nieczynne?[\/perfectpullquote]\n<h4>Gdzie mo\u017cna si\u0119 wybra\u0107 w niedziel\u0119<\/h4>\n<p>W <strong>centrum handlowym Forum<\/strong> bez wzgl\u0119du na nowe przepisy, czynne b\u0119dzie kino Cinema City. To samo dotyczy salonu rzeczywisto\u015bci wirtualnej ZENonVR, a tak\u017ce strefy wsp\u00f3lnej pracy, zwanej coworkingiem. W niedziele wolne od handlu otworz\u0105 si\u0119 tak\u017ce niekt\u00f3re kawiarnie i restauracje, w tym m.in. KFC, McDonald\u2019s i Mount Blanc.<\/p><div class=\"gliwi-a3-w-tresci-artykulow gliwi-entity-placement\" id=\"gliwi-4024269747\"><div class=\"gliwi-adlabel\"><span style=\"font-size: 9px\">REKLAMA<\/span><\/div><div id=\"gliwi-4229078182\" style=\"margin-bottom: 30px;margin-left: auto;margin-right: auto;text-align: center;\"><a data-no-instant=\"1\" href=\"https:\/\/zlobek.halogen.org.pl\/\" rel=\"noopener\" class=\"a2t-link\" target=\"_blank\" aria-label=\"animator-zlobek_750x200\"><img loading=\"lazy\" decoding=\"async\" src=\"https:\/\/www.24gliwice.pl\/wiadomosci\/wp-content\/uploads\/2026\/02\/animator-zlobek_750x200.webp\" alt=\"\"  srcset=\"https:\/\/www.24gliwice.pl\/wiadomosci\/wp-content\/uploads\/2026\/02\/animator-zlobek_750x200.webp 750w, https:\/\/www.24gliwice.pl\/wiadomosci\/wp-content\/uploads\/2026\/02\/animator-zlobek_750x200-410x109.webp 410w\" sizes=\"(max-width: 750px) 100vw, 750px\" class=\"no-lazyload\" width=\"750\" height=\"200\"  style=\"display: inline-block; max-width: 100%; height: auto;\" \/><\/a><\/div><\/div>\n<p><img loading=\"lazy\" decoding=\"async\" class=\"alignnone size-full wp-image-113727\" src=\"https:\/\/www.24gliwice.pl\/wiadomosci\/wp-content\/uploads\/2018\/03\/godziny-otwarcia-Forum.jpg\" alt=\"\" width=\"779\" height=\"779\" srcset=\"https:\/\/www.24gliwice.pl\/wiadomosci\/wp-content\/uploads\/2018\/03\/godziny-otwarcia-Forum.jpg 779w, https:\/\/www.24gliwice.pl\/wiadomosci\/wp-content\/uploads\/2018\/03\/godziny-otwarcia-Forum-90x90.jpg 90w, https:\/\/www.24gliwice.pl\/wiadomosci\/wp-content\/uploads\/2018\/03\/godziny-otwarcia-Forum-232x232.jpg 232w, https:\/\/www.24gliwice.pl\/wiadomosci\/wp-content\/uploads\/2018\/03\/godziny-otwarcia-Forum-768x768.jpg 768w, https:\/\/www.24gliwice.pl\/wiadomosci\/wp-content\/uploads\/2018\/03\/godziny-otwarcia-Forum-455x455.jpg 455w\" sizes=\"auto, (max-width: 779px) 100vw, 779px\" \/><\/p>\n<p>R\u00f3wnie\u017c <strong>centrum handlowe Arena<\/strong> nie zamknie si\u0119 na klient\u00f3w w zwi\u0105zku z nowymi przepisami. Otwarta na pewno b\u0119dzie m.in. kawiarnia Grycan i bar ThaiExpress.<\/p>\n<p><strong>W Europie Centralnej <\/strong>czynne b\u0119dzie Kolejkowo, House of Air i McDrive.<\/p>\n<p>Drzwi otworz\u0105 tak\u017ce wybrane sklepy sieci \u017babka, kt\u00f3re dzia\u0142aj\u0105 na zasadach franczyzy. <\/p>\n<h4>Co b\u0119dzie nieczynne<\/h4>\n<p>Ju\u017c wiadomo, \u017ce zamkni\u0119te b\u0119dzie Tesco Ekstra (\u0142\u0105cznie z pasa\u017cem handlowym). Nieczynne b\u0119d\u0105 sklepy Lidl, Biedronka, E.Leclerc i Aldi. Przy centrum handlowym Auchan otwarta zostanie tylko stacja paliw.<\/p>\n<p><img loading=\"lazy\" decoding=\"async\" class=\"alignnone wp-image-111713\" src=\"http:\/\/www.24gliwice.pl\/wiadomosci\/wp-content\/uploads\/2018\/01\/dni-wolne-od-handlu.jpg\" alt=\"\" width=\"1108\" height=\"1108\" srcset=\"https:\/\/www.24gliwice.pl\/wiadomosci\/wp-content\/uploads\/2018\/01\/dni-wolne-od-handlu.jpg 801w, https:\/\/www.24gliwice.pl\/wiadomosci\/wp-content\/uploads\/2018\/01\/dni-wolne-od-handlu-90x90.jpg 90w, https:\/\/www.24gliwice.pl\/wiadomosci\/wp-content\/uploads\/2018\/01\/dni-wolne-od-handlu-232x232.jpg 232w, https:\/\/www.24gliwice.pl\/wiadomosci\/wp-content\/uploads\/2018\/01\/dni-wolne-od-handlu-768x768.jpg 768w, https:\/\/www.24gliwice.pl\/wiadomosci\/wp-content\/uploads\/2018\/01\/dni-wolne-od-handlu-455x455.jpg 455w\" sizes=\"auto, (max-width: 1108px) 100vw, 1108px\" \/><\/p>\n<div class=\"gliwi-a5-na-koncu-artykulow gliwi-entity-placement\" id=\"gliwi-2785030899\"><div class=\"gliwi-adlabel\"><span style=\"font-size: 9px\">REKLAMA<\/span><\/div><div id=\"gliwi-174737628\" style=\"margin-left: auto;margin-right: auto;text-align: center;\"><a data-no-instant=\"1\" href=\"https:\/\/prezeroarenagliwice.pl\/\" rel=\"noopener\" class=\"a2t-link\" target=\"_blank\" aria-label=\"20260309-PREZERO-WIOSNA-D\"><img loading=\"lazy\" decoding=\"async\" src=\"https:\/\/www.24gliwice.pl\/wiadomosci\/wp-content\/uploads\/2026\/03\/20260309-PREZERO-WIOSNA-D.webp\" alt=\"\"  srcset=\"https:\/\/www.24gliwice.pl\/wiadomosci\/wp-content\/uploads\/2026\/03\/20260309-PREZERO-WIOSNA-D.webp 750w, https:\/\/www.24gliwice.pl\/wiadomosci\/wp-content\/uploads\/2026\/03\/20260309-PREZERO-WIOSNA-D-410x109.webp 410w\" sizes=\"(max-width: 750px) 100vw, 750px\" class=\"no-lazyload\" width=\"750\" height=\"200\"  style=\"display: inline-block; max-width: 100%; height: auto;\" \/><\/a><\/div><\/div>","protected":false},"excerpt":{"rendered":"<p>Przed nami pierwsza niedziela z zakazem handlu. 11 marca wi\u0119kszo\u015b\u0107 sklep\u00f3w b\u0119dzie zamkni\u0119ta, zakaz nie dotyczy m.in. tych punkt\u00f3w gdzie za lad\u0105 stanie w\u0142a\u015bciciel. W przypadku wi\u0119kszych sklep\u00f3w sieciowych jest to oczywi\u015bcie niemo\u017cliwe. Handel b\u0119dzie dopuszczalny na stacjach benzynowych oraz dworcach kolejowych. R\u00f3wnie\u017c w internecie b\u0119dzie mo\u017cna w niedziel\u0119 zrobi\u0107 zakupy. Z zakazu wy\u0142\u0105czono tak\u017ce [&hellip;]<\/p>\n","protected":false},"author":15,"featured_media":113732,"comment_status":"open","ping_status":"closed","sticky":false,"template":"","format":"standard","meta":{"_monsterinsights_skip_tracking":false,"_monsterinsights_sitenote_active":false,"_monsterinsights_sitenote_note":"","_monsterinsights_sitenote_category":0,"footnotes":"","_links_to":"","_links_to_target":""},"categories":[3,1],"tags":[3160,272,10771,11772,9156,9158,9480,7493],"class_list":["post-113721","post","type-post","status-publish","format-standard","has-post-thumbnail","hentry","category-gliwice","category-wszystko","tag-centrum-handlowe","tag-galeria","tag-galeria-handlowa","tag-handlowe-niedziele","tag-markety","tag-sklepy","tag-zakaz-handlu","tag-zakaz-handlu-w-niedziele"],"yoast_head":"<!-- This site is optimized with the Yoast SEO plugin v27.5 - https:\/\/yoast.com\/product\/yoast-seo-wordpress\/ -->\n<title>Nie wszystkie galerie i sklepy b\u0119d\u0105 zamkni\u0119te w niedziel\u0119. Sprawd\u017acie, gdzie mo\u017cna si\u0119 wybra\u0107 - 24GLIWICE - Portal Gliwice | codziennie nowe informacje<\/title>\n<meta name=\"robots\" content=\"index, follow, max-snippet:-1, max-image-preview:large, max-video-preview:-1\" \/>\n<link rel=\"canonical\" href=\"https:\/\/www.24gliwice.pl\/wiadomosci\/nie-wszystkie-galerie-i-sklepy-beda-zamkniete-w-niedziele-sprawdzcie-gdzie-mozna-sie-wybrac\/\" \/>\n<meta property=\"og:locale\" content=\"pl_PL\" \/>\n<meta property=\"og:type\" content=\"article\" \/>\n<meta property=\"og:title\" content=\"Nie wszystkie galerie i sklepy b\u0119d\u0105 zamkni\u0119te w niedziel\u0119. Sprawd\u017acie, gdzie mo\u017cna si\u0119 wybra\u0107 - 24GLIWICE - Portal Gliwice | codziennie nowe informacje\" \/>\n<meta property=\"og:description\" content=\"Przed nami pierwsza niedziela z zakazem handlu. 11 marca wi\u0119kszo\u015b\u0107 sklep\u00f3w b\u0119dzie zamkni\u0119ta, zakaz nie dotyczy m.in. tych punkt\u00f3w gdzie za lad\u0105 stanie w\u0142a\u015bciciel. W przypadku wi\u0119kszych sklep\u00f3w sieciowych jest to oczywi\u015bcie niemo\u017cliwe. Handel b\u0119dzie dopuszczalny na stacjach benzynowych oraz dworcach kolejowych. R\u00f3wnie\u017c w internecie b\u0119dzie mo\u017cna w niedziel\u0119 zrobi\u0107 zakupy. Z zakazu wy\u0142\u0105czono tak\u017ce [&hellip;]\" \/>\n<meta property=\"og:url\" content=\"https:\/\/www.24gliwice.pl\/wiadomosci\/nie-wszystkie-galerie-i-sklepy-beda-zamkniete-w-niedziele-sprawdzcie-gdzie-mozna-sie-wybrac\/\" \/>\n<meta property=\"og:site_name\" content=\"24GLIWICE - Portal Gliwice | codziennie nowe informacje\" \/>\n<meta property=\"article:publisher\" content=\"https:\/\/www.facebook.com\/24gliwice\" \/>\n<meta property=\"article:published_time\" content=\"2018-03-10T00:47:15+00:00\" \/>\n<meta property=\"article:modified_time\" content=\"2018-03-14T19:20:14+00:00\" \/>\n<meta property=\"og:image\" content=\"https:\/\/www.24gliwice.pl\/wiadomosci\/wp-content\/uploads\/2018\/03\/forum3-e1520601653698.jpg\" \/>\n\t<meta property=\"og:image:width\" content=\"810\" \/>\n\t<meta property=\"og:image:height\" content=\"456\" \/>\n\t<meta property=\"og:image:type\" content=\"image\/jpeg\" \/>\n<meta name=\"author\" content=\"\u017baneta Mrozek-Siewierska\" \/>\n<meta name=\"twitter:card\" content=\"summary_large_image\" \/>\n<meta name=\"twitter:creator\" content=\"@24gliwice\" \/>\n<meta name=\"twitter:site\" content=\"@24gliwice\" \/>\n<meta name=\"twitter:label1\" content=\"Napisane przez\" \/>\n\t<meta name=\"twitter:data1\" content=\"\u017baneta Mrozek-Siewierska\" \/>\n\t<meta name=\"twitter:label2\" content=\"Szacowany czas czytania\" \/>\n\t<meta name=\"twitter:data2\" content=\"1 minuta\" \/>\n<script type=\"application\/ld+json\" class=\"yoast-schema-graph\">{\"@context\":\"https:\\\/\\\/schema.org\",\"@graph\":[{\"@type\":\"Article\",\"@id\":\"https:\\\/\\\/www.24gliwice.pl\\\/wiadomosci\\\/nie-wszystkie-galerie-i-sklepy-beda-zamkniete-w-niedziele-sprawdzcie-gdzie-mozna-sie-wybrac\\\/#article\",\"isPartOf\":{\"@id\":\"https:\\\/\\\/www.24gliwice.pl\\\/wiadomosci\\\/nie-wszystkie-galerie-i-sklepy-beda-zamkniete-w-niedziele-sprawdzcie-gdzie-mozna-sie-wybrac\\\/\"},\"author\":{\"name\":\"\u017baneta Mrozek-Siewierska\",\"@id\":\"https:\\\/\\\/www.24gliwice.pl\\\/wiadomosci\\\/#\\\/schema\\\/person\\\/e42c650edd7f2fa332be3811fb166b6e\"},\"headline\":\"Nie wszystkie galerie i sklepy b\u0119d\u0105 zamkni\u0119te w niedziel\u0119. Sprawd\u017acie, gdzie mo\u017cna si\u0119 wybra\u0107\",\"datePublished\":\"2018-03-10T00:47:15+00:00\",\"dateModified\":\"2018-03-14T19:20:14+00:00\",\"mainEntityOfPage\":{\"@id\":\"https:\\\/\\\/www.24gliwice.pl\\\/wiadomosci\\\/nie-wszystkie-galerie-i-sklepy-beda-zamkniete-w-niedziele-sprawdzcie-gdzie-mozna-sie-wybrac\\\/\"},\"wordCount\":313,\"commentCount\":0,\"publisher\":{\"@id\":\"https:\\\/\\\/www.24gliwice.pl\\\/wiadomosci\\\/#organization\"},\"image\":{\"@id\":\"https:\\\/\\\/www.24gliwice.pl\\\/wiadomosci\\\/nie-wszystkie-galerie-i-sklepy-beda-zamkniete-w-niedziele-sprawdzcie-gdzie-mozna-sie-wybrac\\\/#primaryimage\"},\"thumbnailUrl\":\"https:\\\/\\\/www.24gliwice.pl\\\/wiadomosci\\\/wp-content\\\/uploads\\\/2018\\\/03\\\/forum3-e1520601653698.jpg\",\"keywords\":[\"CENTRUM HANDLOWE\",\"galeria\",\"galeria handlowa\",\"handlowe niedziele\",\"markety\",\"sklepy\",\"zakaz handlu\",\"zakaz handlu w niedziel\u0119\"],\"articleSection\":[\"Gliwice\",\"Najnowsze wiadomo\u015bci\"],\"inLanguage\":\"pl-PL\",\"potentialAction\":[{\"@type\":\"CommentAction\",\"name\":\"Comment\",\"target\":[\"https:\\\/\\\/www.24gliwice.pl\\\/wiadomosci\\\/nie-wszystkie-galerie-i-sklepy-beda-zamkniete-w-niedziele-sprawdzcie-gdzie-mozna-sie-wybrac\\\/#respond\"]}]},{\"@type\":\"WebPage\",\"@id\":\"https:\\\/\\\/www.24gliwice.pl\\\/wiadomosci\\\/nie-wszystkie-galerie-i-sklepy-beda-zamkniete-w-niedziele-sprawdzcie-gdzie-mozna-sie-wybrac\\\/\",\"url\":\"https:\\\/\\\/www.24gliwice.pl\\\/wiadomosci\\\/nie-wszystkie-galerie-i-sklepy-beda-zamkniete-w-niedziele-sprawdzcie-gdzie-mozna-sie-wybrac\\\/\",\"name\":\"Nie wszystkie galerie i sklepy b\u0119d\u0105 zamkni\u0119te w niedziel\u0119. Sprawd\u017acie, gdzie mo\u017cna si\u0119 wybra\u0107 - 24GLIWICE - Portal Gliwice | codziennie nowe informacje\",\"isPartOf\":{\"@id\":\"https:\\\/\\\/www.24gliwice.pl\\\/wiadomosci\\\/#website\"},\"primaryImageOfPage\":{\"@id\":\"https:\\\/\\\/www.24gliwice.pl\\\/wiadomosci\\\/nie-wszystkie-galerie-i-sklepy-beda-zamkniete-w-niedziele-sprawdzcie-gdzie-mozna-sie-wybrac\\\/#primaryimage\"},\"image\":{\"@id\":\"https:\\\/\\\/www.24gliwice.pl\\\/wiadomosci\\\/nie-wszystkie-galerie-i-sklepy-beda-zamkniete-w-niedziele-sprawdzcie-gdzie-mozna-sie-wybrac\\\/#primaryimage\"},\"thumbnailUrl\":\"https:\\\/\\\/www.24gliwice.pl\\\/wiadomosci\\\/wp-content\\\/uploads\\\/2018\\\/03\\\/forum3-e1520601653698.jpg\",\"datePublished\":\"2018-03-10T00:47:15+00:00\",\"dateModified\":\"2018-03-14T19:20:14+00:00\",\"breadcrumb\":{\"@id\":\"https:\\\/\\\/www.24gliwice.pl\\\/wiadomosci\\\/nie-wszystkie-galerie-i-sklepy-beda-zamkniete-w-niedziele-sprawdzcie-gdzie-mozna-sie-wybrac\\\/#breadcrumb\"},\"inLanguage\":\"pl-PL\",\"potentialAction\":[{\"@type\":\"ReadAction\",\"target\":[\"https:\\\/\\\/www.24gliwice.pl\\\/wiadomosci\\\/nie-wszystkie-galerie-i-sklepy-beda-zamkniete-w-niedziele-sprawdzcie-gdzie-mozna-sie-wybrac\\\/\"]}]},{\"@type\":\"ImageObject\",\"inLanguage\":\"pl-PL\",\"@id\":\"https:\\\/\\\/www.24gliwice.pl\\\/wiadomosci\\\/nie-wszystkie-galerie-i-sklepy-beda-zamkniete-w-niedziele-sprawdzcie-gdzie-mozna-sie-wybrac\\\/#primaryimage\",\"url\":\"https:\\\/\\\/www.24gliwice.pl\\\/wiadomosci\\\/wp-content\\\/uploads\\\/2018\\\/03\\\/forum3-e1520601653698.jpg\",\"contentUrl\":\"https:\\\/\\\/www.24gliwice.pl\\\/wiadomosci\\\/wp-content\\\/uploads\\\/2018\\\/03\\\/forum3-e1520601653698.jpg\",\"width\":810,\"height\":456},{\"@type\":\"BreadcrumbList\",\"@id\":\"https:\\\/\\\/www.24gliwice.pl\\\/wiadomosci\\\/nie-wszystkie-galerie-i-sklepy-beda-zamkniete-w-niedziele-sprawdzcie-gdzie-mozna-sie-wybrac\\\/#breadcrumb\",\"itemListElement\":[{\"@type\":\"ListItem\",\"position\":1,\"name\":\"Strona g\u0142\u00f3wna\",\"item\":\"https:\\\/\\\/www.24gliwice.pl\\\/wiadomosci\\\/\"},{\"@type\":\"ListItem\",\"position\":2,\"name\":\"Nie wszystkie galerie i sklepy b\u0119d\u0105 zamkni\u0119te w niedziel\u0119. Sprawd\u017acie, gdzie mo\u017cna si\u0119 wybra\u0107\"}]},{\"@type\":\"WebSite\",\"@id\":\"https:\\\/\\\/www.24gliwice.pl\\\/wiadomosci\\\/#website\",\"url\":\"https:\\\/\\\/www.24gliwice.pl\\\/wiadomosci\\\/\",\"name\":\"24GLIWICE - Portal Gliwice | codziennie nowe wiadomo\u015bci\",\"description\":\"Portal Miejski Gliwice\",\"publisher\":{\"@id\":\"https:\\\/\\\/www.24gliwice.pl\\\/wiadomosci\\\/#organization\"},\"potentialAction\":[{\"@type\":\"SearchAction\",\"target\":{\"@type\":\"EntryPoint\",\"urlTemplate\":\"https:\\\/\\\/www.24gliwice.pl\\\/wiadomosci\\\/?s={search_term_string}\"},\"query-input\":{\"@type\":\"PropertyValueSpecification\",\"valueRequired\":true,\"valueName\":\"search_term_string\"}}],\"inLanguage\":\"pl-PL\"},{\"@type\":\"Organization\",\"@id\":\"https:\\\/\\\/www.24gliwice.pl\\\/wiadomosci\\\/#organization\",\"name\":\"24gliwice\",\"url\":\"https:\\\/\\\/www.24gliwice.pl\\\/wiadomosci\\\/\",\"logo\":{\"@type\":\"ImageObject\",\"inLanguage\":\"pl-PL\",\"@id\":\"https:\\\/\\\/www.24gliwice.pl\\\/wiadomosci\\\/#\\\/schema\\\/logo\\\/image\\\/\",\"url\":\"https:\\\/\\\/www.24gliwice.pl\\\/wiadomosci\\\/wp-content\\\/uploads\\\/2024\\\/10\\\/24gliwice-logo-696.jpg\",\"contentUrl\":\"https:\\\/\\\/www.24gliwice.pl\\\/wiadomosci\\\/wp-content\\\/uploads\\\/2024\\\/10\\\/24gliwice-logo-696.jpg\",\"width\":696,\"height\":696,\"caption\":\"24gliwice\"},\"image\":{\"@id\":\"https:\\\/\\\/www.24gliwice.pl\\\/wiadomosci\\\/#\\\/schema\\\/logo\\\/image\\\/\"},\"sameAs\":[\"https:\\\/\\\/www.facebook.com\\\/24gliwice\",\"https:\\\/\\\/x.com\\\/24gliwice\",\"https:\\\/\\\/www.youtube.com\\\/@24gliwice\"]},{\"@type\":\"Person\",\"@id\":\"https:\\\/\\\/www.24gliwice.pl\\\/wiadomosci\\\/#\\\/schema\\\/person\\\/e42c650edd7f2fa332be3811fb166b6e\",\"name\":\"\u017baneta Mrozek-Siewierska\",\"image\":{\"@type\":\"ImageObject\",\"inLanguage\":\"pl-PL\",\"@id\":\"https:\\\/\\\/secure.gravatar.com\\\/avatar\\\/1881429e9c64597c77ad7aef2d0a19be69a3253e57534d16aa15bf3a4d34a0a3?s=96&d=mm&r=g\",\"url\":\"https:\\\/\\\/secure.gravatar.com\\\/avatar\\\/1881429e9c64597c77ad7aef2d0a19be69a3253e57534d16aa15bf3a4d34a0a3?s=96&d=mm&r=g\",\"contentUrl\":\"https:\\\/\\\/secure.gravatar.com\\\/avatar\\\/1881429e9c64597c77ad7aef2d0a19be69a3253e57534d16aa15bf3a4d34a0a3?s=96&d=mm&r=g\",\"caption\":\"\u017baneta Mrozek-Siewierska\"},\"url\":\"https:\\\/\\\/www.24gliwice.pl\\\/wiadomosci\\\/author\\\/zms\\\/\"}]}<\/script>\n<!-- \/ Yoast SEO plugin. -->","yoast_head_json":{"title":"Nie wszystkie galerie i sklepy b\u0119d\u0105 zamkni\u0119te w niedziel\u0119. Sprawd\u017acie, gdzie mo\u017cna si\u0119 wybra\u0107 - 24GLIWICE - Portal Gliwice | codziennie nowe informacje","robots":{"index":"index","follow":"follow","max-snippet":"max-snippet:-1","max-image-preview":"max-image-preview:large","max-video-preview":"max-video-preview:-1"},"canonical":"https:\/\/www.24gliwice.pl\/wiadomosci\/nie-wszystkie-galerie-i-sklepy-beda-zamkniete-w-niedziele-sprawdzcie-gdzie-mozna-sie-wybrac\/","og_locale":"pl_PL","og_type":"article","og_title":"Nie wszystkie galerie i sklepy b\u0119d\u0105 zamkni\u0119te w niedziel\u0119. Sprawd\u017acie, gdzie mo\u017cna si\u0119 wybra\u0107 - 24GLIWICE - Portal Gliwice | codziennie nowe informacje","og_description":"Przed nami pierwsza niedziela z zakazem handlu. 11 marca wi\u0119kszo\u015b\u0107 sklep\u00f3w b\u0119dzie zamkni\u0119ta, zakaz nie dotyczy m.in. tych punkt\u00f3w gdzie za lad\u0105 stanie w\u0142a\u015bciciel. W przypadku wi\u0119kszych sklep\u00f3w sieciowych jest to oczywi\u015bcie niemo\u017cliwe. Handel b\u0119dzie dopuszczalny na stacjach benzynowych oraz dworcach kolejowych. R\u00f3wnie\u017c w internecie b\u0119dzie mo\u017cna w niedziel\u0119 zrobi\u0107 zakupy. Z zakazu wy\u0142\u0105czono tak\u017ce [&hellip;]","og_url":"https:\/\/www.24gliwice.pl\/wiadomosci\/nie-wszystkie-galerie-i-sklepy-beda-zamkniete-w-niedziele-sprawdzcie-gdzie-mozna-sie-wybrac\/","og_site_name":"24GLIWICE - Portal Gliwice | codziennie nowe informacje","article_publisher":"https:\/\/www.facebook.com\/24gliwice","article_published_time":"2018-03-10T00:47:15+00:00","article_modified_time":"2018-03-14T19:20:14+00:00","og_image":[{"width":810,"height":456,"url":"https:\/\/www.24gliwice.pl\/wiadomosci\/wp-content\/uploads\/2018\/03\/forum3-e1520601653698.jpg","type":"image\/jpeg"}],"author":"\u017baneta Mrozek-Siewierska","twitter_card":"summary_large_image","twitter_creator":"@24gliwice","twitter_site":"@24gliwice","twitter_misc":{"Napisane przez":"\u017baneta Mrozek-Siewierska","Szacowany czas czytania":"1 minuta"},"schema":{"@context":"https:\/\/schema.org","@graph":[{"@type":"Article","@id":"https:\/\/www.24gliwice.pl\/wiadomosci\/nie-wszystkie-galerie-i-sklepy-beda-zamkniete-w-niedziele-sprawdzcie-gdzie-mozna-sie-wybrac\/#article","isPartOf":{"@id":"https:\/\/www.24gliwice.pl\/wiadomosci\/nie-wszystkie-galerie-i-sklepy-beda-zamkniete-w-niedziele-sprawdzcie-gdzie-mozna-sie-wybrac\/"},"author":{"name":"\u017baneta Mrozek-Siewierska","@id":"https:\/\/www.24gliwice.pl\/wiadomosci\/#\/schema\/person\/e42c650edd7f2fa332be3811fb166b6e"},"headline":"Nie wszystkie galerie i sklepy b\u0119d\u0105 zamkni\u0119te w niedziel\u0119. Sprawd\u017acie, gdzie mo\u017cna si\u0119 wybra\u0107","datePublished":"2018-03-10T00:47:15+00:00","dateModified":"2018-03-14T19:20:14+00:00","mainEntityOfPage":{"@id":"https:\/\/www.24gliwice.pl\/wiadomosci\/nie-wszystkie-galerie-i-sklepy-beda-zamkniete-w-niedziele-sprawdzcie-gdzie-mozna-sie-wybrac\/"},"wordCount":313,"commentCount":0,"publisher":{"@id":"https:\/\/www.24gliwice.pl\/wiadomosci\/#organization"},"image":{"@id":"https:\/\/www.24gliwice.pl\/wiadomosci\/nie-wszystkie-galerie-i-sklepy-beda-zamkniete-w-niedziele-sprawdzcie-gdzie-mozna-sie-wybrac\/#primaryimage"},"thumbnailUrl":"https:\/\/www.24gliwice.pl\/wiadomosci\/wp-content\/uploads\/2018\/03\/forum3-e1520601653698.jpg","keywords":["CENTRUM HANDLOWE","galeria","galeria handlowa","handlowe niedziele","markety","sklepy","zakaz handlu","zakaz handlu w niedziel\u0119"],"articleSection":["Gliwice","Najnowsze wiadomo\u015bci"],"inLanguage":"pl-PL","potentialAction":[{"@type":"CommentAction","name":"Comment","target":["https:\/\/www.24gliwice.pl\/wiadomosci\/nie-wszystkie-galerie-i-sklepy-beda-zamkniete-w-niedziele-sprawdzcie-gdzie-mozna-sie-wybrac\/#respond"]}]},{"@type":"WebPage","@id":"https:\/\/www.24gliwice.pl\/wiadomosci\/nie-wszystkie-galerie-i-sklepy-beda-zamkniete-w-niedziele-sprawdzcie-gdzie-mozna-sie-wybrac\/","url":"https:\/\/www.24gliwice.pl\/wiadomosci\/nie-wszystkie-galerie-i-sklepy-beda-zamkniete-w-niedziele-sprawdzcie-gdzie-mozna-sie-wybrac\/","name":"Nie wszystkie galerie i sklepy b\u0119d\u0105 zamkni\u0119te w niedziel\u0119. Sprawd\u017acie, gdzie mo\u017cna si\u0119 wybra\u0107 - 24GLIWICE - Portal Gliwice | codziennie nowe informacje","isPartOf":{"@id":"https:\/\/www.24gliwice.pl\/wiadomosci\/#website"},"primaryImageOfPage":{"@id":"https:\/\/www.24gliwice.pl\/wiadomosci\/nie-wszystkie-galerie-i-sklepy-beda-zamkniete-w-niedziele-sprawdzcie-gdzie-mozna-sie-wybrac\/#primaryimage"},"image":{"@id":"https:\/\/www.24gliwice.pl\/wiadomosci\/nie-wszystkie-galerie-i-sklepy-beda-zamkniete-w-niedziele-sprawdzcie-gdzie-mozna-sie-wybrac\/#primaryimage"},"thumbnailUrl":"https:\/\/www.24gliwice.pl\/wiadomosci\/wp-content\/uploads\/2018\/03\/forum3-e1520601653698.jpg","datePublished":"2018-03-10T00:47:15+00:00","dateModified":"2018-03-14T19:20:14+00:00","breadcrumb":{"@id":"https:\/\/www.24gliwice.pl\/wiadomosci\/nie-wszystkie-galerie-i-sklepy-beda-zamkniete-w-niedziele-sprawdzcie-gdzie-mozna-sie-wybrac\/#breadcrumb"},"inLanguage":"pl-PL","potentialAction":[{"@type":"ReadAction","target":["https:\/\/www.24gliwice.pl\/wiadomosci\/nie-wszystkie-galerie-i-sklepy-beda-zamkniete-w-niedziele-sprawdzcie-gdzie-mozna-sie-wybrac\/"]}]},{"@type":"ImageObject","inLanguage":"pl-PL","@id":"https:\/\/www.24gliwice.pl\/wiadomosci\/nie-wszystkie-galerie-i-sklepy-beda-zamkniete-w-niedziele-sprawdzcie-gdzie-mozna-sie-wybrac\/#primaryimage","url":"https:\/\/www.24gliwice.pl\/wiadomosci\/wp-content\/uploads\/2018\/03\/forum3-e1520601653698.jpg","contentUrl":"https:\/\/www.24gliwice.pl\/wiadomosci\/wp-content\/uploads\/2018\/03\/forum3-e1520601653698.jpg","width":810,"height":456},{"@type":"BreadcrumbList","@id":"https:\/\/www.24gliwice.pl\/wiadomosci\/nie-wszystkie-galerie-i-sklepy-beda-zamkniete-w-niedziele-sprawdzcie-gdzie-mozna-sie-wybrac\/#breadcrumb","itemListElement":[{"@type":"ListItem","position":1,"name":"Strona g\u0142\u00f3wna","item":"https:\/\/www.24gliwice.pl\/wiadomosci\/"},{"@type":"ListItem","position":2,"name":"Nie wszystkie galerie i sklepy b\u0119d\u0105 zamkni\u0119te w niedziel\u0119. Sprawd\u017acie, gdzie mo\u017cna si\u0119 wybra\u0107"}]},{"@type":"WebSite","@id":"https:\/\/www.24gliwice.pl\/wiadomosci\/#website","url":"https:\/\/www.24gliwice.pl\/wiadomosci\/","name":"24GLIWICE - Portal Gliwice | codziennie nowe wiadomo\u015bci","description":"Portal Miejski Gliwice","publisher":{"@id":"https:\/\/www.24gliwice.pl\/wiadomosci\/#organization"},"potentialAction":[{"@type":"SearchAction","target":{"@type":"EntryPoint","urlTemplate":"https:\/\/www.24gliwice.pl\/wiadomosci\/?s={search_term_string}"},"query-input":{"@type":"PropertyValueSpecification","valueRequired":true,"valueName":"search_term_string"}}],"inLanguage":"pl-PL"},{"@type":"Organization","@id":"https:\/\/www.24gliwice.pl\/wiadomosci\/#organization","name":"24gliwice","url":"https:\/\/www.24gliwice.pl\/wiadomosci\/","logo":{"@type":"ImageObject","inLanguage":"pl-PL","@id":"https:\/\/www.24gliwice.pl\/wiadomosci\/#\/schema\/logo\/image\/","url":"https:\/\/www.24gliwice.pl\/wiadomosci\/wp-content\/uploads\/2024\/10\/24gliwice-logo-696.jpg","contentUrl":"https:\/\/www.24gliwice.pl\/wiadomosci\/wp-content\/uploads\/2024\/10\/24gliwice-logo-696.jpg","width":696,"height":696,"caption":"24gliwice"},"image":{"@id":"https:\/\/www.24gliwice.pl\/wiadomosci\/#\/schema\/logo\/image\/"},"sameAs":["https:\/\/www.facebook.com\/24gliwice","https:\/\/x.com\/24gliwice","https:\/\/www.youtube.com\/@24gliwice"]},{"@type":"Person","@id":"https:\/\/www.24gliwice.pl\/wiadomosci\/#\/schema\/person\/e42c650edd7f2fa332be3811fb166b6e","name":"\u017baneta Mrozek-Siewierska","image":{"@type":"ImageObject","inLanguage":"pl-PL","@id":"https:\/\/secure.gravatar.com\/avatar\/1881429e9c64597c77ad7aef2d0a19be69a3253e57534d16aa15bf3a4d34a0a3?s=96&d=mm&r=g","url":"https:\/\/secure.gravatar.com\/avatar\/1881429e9c64597c77ad7aef2d0a19be69a3253e57534d16aa15bf3a4d34a0a3?s=96&d=mm&r=g","contentUrl":"https:\/\/secure.gravatar.com\/avatar\/1881429e9c64597c77ad7aef2d0a19be69a3253e57534d16aa15bf3a4d34a0a3?s=96&d=mm&r=g","caption":"\u017baneta Mrozek-Siewierska"},"url":"https:\/\/www.24gliwice.pl\/wiadomosci\/author\/zms\/"}]}},"_links":{"self":[{"href":"https:\/\/www.24gliwice.pl\/wiadomosci\/wp-json\/wp\/v2\/posts\/113721","targetHints":{"allow":["GET"]}}],"collection":[{"href":"https:\/\/www.24gliwice.pl\/wiadomosci\/wp-json\/wp\/v2\/posts"}],"about":[{"href":"https:\/\/www.24gliwice.pl\/wiadomosci\/wp-json\/wp\/v2\/types\/post"}],"author":[{"embeddable":true,"href":"https:\/\/www.24gliwice.pl\/wiadomosci\/wp-json\/wp\/v2\/users\/15"}],"replies":[{"embeddable":true,"href":"https:\/\/www.24gliwice.pl\/wiadomosci\/wp-json\/wp\/v2\/comments?post=113721"}],"version-history":[{"count":0,"href":"https:\/\/www.24gliwice.pl\/wiadomosci\/wp-json\/wp\/v2\/posts\/113721\/revisions"}],"wp:featuredmedia":[{"embeddable":true,"href":"https:\/\/www.24gliwice.pl\/wiadomosci\/wp-json\/wp\/v2\/media\/113732"}],"wp:attachment":[{"href":"https:\/\/www.24gliwice.pl\/wiadomosci\/wp-json\/wp\/v2\/media?parent=113721"}],"wp:term":[{"taxonomy":"category","embeddable":true,"href":"https:\/\/www.24gliwice.pl\/wiadomosci\/wp-json\/wp\/v2\/categories?post=113721"},{"taxonomy":"post_tag","embeddable":true,"href":"https:\/\/www.24gliwice.pl\/wiadomosci\/wp-json\/wp\/v2\/tags?post=113721"}],"curies":[{"name":"wp","href":"https:\/\/api.w.org\/{rel}","templated":true}]}}