{"id":114132,"date":"2018-03-16T00:40:59","date_gmt":"2018-03-15T23:40:59","guid":{"rendered":"https:\/\/www.24gliwice.pl\/wiadomosci\/?p=114132"},"modified":"2018-03-16T00:40:59","modified_gmt":"2018-03-15T23:40:59","slug":"policyjny-dron-latal-nad-hala-gliwice-i-w-jej-wnetrzu-ma-sluzyc-m-in-do-zabezpieczania-duzych-imprez","status":"publish","type":"post","link":"https:\/\/www.24gliwice.pl\/wiadomosci\/policyjny-dron-latal-nad-hala-gliwice-i-w-jej-wnetrzu-ma-sluzyc-m-in-do-zabezpieczania-duzych-imprez\/","title":{"rendered":"Policyjny dron lata\u0142 nad Hal\u0105 Gliwice i w jej wn\u0119trzu. Ma s\u0142u\u017cy\u0107 m.in. do zabezpieczania du\u017cych imprez"},"content":{"rendered":"<div class=\"gliwi-a6-nad-leadem-artykulow gliwi-entity-placement\" id=\"gliwi-1025688820\"><div class=\"gliwi-adlabel\"><span style=\"font-size: 9px\">REKLAMA<\/span><\/div><div id=\"gliwi-1283891705\" style=\"margin-bottom: 25px;margin-left: auto;margin-right: auto;text-align: center;\"><a data-no-instant=\"1\" href=\"https:\/\/dom100.eu\/\" rel=\"noopener\" class=\"a2t-link\" target=\"_blank\" aria-label=\"20260415 DOM100 D\"><img loading=\"lazy\" decoding=\"async\" src=\"https:\/\/www.24gliwice.pl\/wiadomosci\/wp-content\/uploads\/2026\/04\/20260415-DOM100-D.jpg\" alt=\"\"  srcset=\"https:\/\/www.24gliwice.pl\/wiadomosci\/wp-content\/uploads\/2026\/04\/20260415-DOM100-D.jpg 750w, https:\/\/www.24gliwice.pl\/wiadomosci\/wp-content\/uploads\/2026\/04\/20260415-DOM100-D-410x109.jpg 410w\" sizes=\"(max-width: 750px) 100vw, 750px\" class=\"no-lazyload\" width=\"750\" height=\"200\"  style=\"display: inline-block; max-width: 100%; height: auto;\" \/><\/a><\/div><\/div><h3>W czerwcu ubieg\u0142ego roku donosili\u015bmy o sprz\u0119cie, w jaki doposa\u017cona mia\u0142a zosta\u0107 gliwicka policja. Dzi\u0119ki dofinansowaniu miasta w kwocie 30 tysi\u0119cy z\u0142otych zakupiono dron dla tutejszej jednostki. Podobny wydatek ponios\u0142o miasto Katowice.<\/h3>\n<p>W Szkole Policji w Katowicach 12 i 13 marca odby\u0142o si\u0119 seminarium szkoleniowe zorganizowane przez kadr\u0119 dydaktyczn\u0105 Zak\u0142adu Wyszkolenia Specjalnego pt. Aspekty prawne i praktyczne wykorzystania bezza\u0142ogowych statk\u00f3w powietrznych w Policji.<\/p>\n<p>Brali w nim udzia\u0142 m.in. funkcjonariusze z Gliwic i Katowic, a tak\u017ce przedstawiciele Komendy G\u0142\u00f3wnej i Sto\u0142ecznej Policji, agenci CB\u015aP oraz pracownicy\u00a0Centrum Kszta\u0142cenia Kadr Lotnictwa Cywilnego Europy \u015arodkowo &#8211; Wschodniej Politechniki \u015al\u0105skiej i Mi\u0119dzynarodowego Portu Lotniczego\u00a0 w Katowicach.<\/p><div class=\"gliwi-a3-w-tresci-artykulow gliwi-entity-placement\" id=\"gliwi-4115402774\"><div class=\"gliwi-adlabel\"><span style=\"font-size: 9px\">REKLAMA<\/span><\/div><div id=\"gliwi-321222274\" style=\"margin-bottom: 30px;margin-left: auto;margin-right: auto;text-align: center;\"><a data-no-instant=\"1\" href=\"https:\/\/zlobek.halogen.org.pl\/\" rel=\"noopener\" class=\"a2t-link\" target=\"_blank\" aria-label=\"animator-zlobek_750x200\"><img loading=\"lazy\" decoding=\"async\" src=\"https:\/\/www.24gliwice.pl\/wiadomosci\/wp-content\/uploads\/2026\/02\/animator-zlobek_750x200.webp\" alt=\"\"  srcset=\"https:\/\/www.24gliwice.pl\/wiadomosci\/wp-content\/uploads\/2026\/02\/animator-zlobek_750x200.webp 750w, https:\/\/www.24gliwice.pl\/wiadomosci\/wp-content\/uploads\/2026\/02\/animator-zlobek_750x200-410x109.webp 410w\" sizes=\"(max-width: 750px) 100vw, 750px\" class=\"no-lazyload\" width=\"750\" height=\"200\"  style=\"display: inline-block; max-width: 100%; height: auto;\" \/><\/a><\/div><\/div>\n[perfectpullquote align=&#8221;full&#8221; bordertop=&#8221;false&#8221; cite=&#8221;&#8221; link=&#8221;&#8221; color=&#8221;&#8221; class=&#8221;&#8221; size=&#8221;&#8221;]W drugim dniu seminarium na terenie hali widowiskowo &#8211; sportowej \u201eGliwice\u201d w Gliwicach odby\u0142a si\u0119 cz\u0119\u015b\u0107 praktyczna. [\/perfectpullquote]\n<p>Uczestnicy zostali zapoznani z prac\u0105 operator\u00f3w oraz techniczno \u2013 nawigacyjnymi mo\u017cliwo\u015bciami wykorzystania dron\u00f3w.<\/p>\n<p><img loading=\"lazy\" decoding=\"async\" src=\"https:\/\/www.24gliwice.pl\/wiadomosci\/wp-content\/uploads\/2018\/03\/dron-policyjny-wewn\u0105trz-hali-e1521125606304.jpg\" alt=\"\" width=\"810\" height=\"455\" class=\"alignnone size-full wp-image-114147\" \/><\/p>\n<p>Przypomnijmy, zam\u00f3wione przez \u015bl\u0105sk\u0105 policj\u0119 drony b\u0119d\u0105 mia\u0142y: co najmniej sze\u015b\u0107 wirnik\u00f3w, akumulatory pozwalaj\u0105ce na co najmniej 90 minut nieprzerwanego lotu oraz system ich podgrzewania przy ujemnych temperaturach, kamery umo\u017cliwiaj\u0105ce zapisanie obrazu w rozdzielczo\u015bci 4k, siedmiocalowy wy\u015bwietlacz z podgl\u0105dem obrazu oraz mo\u017cliwo\u015b\u0107 zmiany oprogramowania, dzi\u0119ki kt\u00f3remu w sytuacjach awaryjnych b\u0119dzie mo\u017cna wykorzystywa\u0107 sprz\u0119t w zamkni\u0119tych strefach powietrznych.<\/p>\n[perfectpullquote align=&#8221;full&#8221; bordertop=&#8221;false&#8221; cite=&#8221;&#8221; link=&#8221;&#8221; color=&#8221;&#8221; class=&#8221;&#8221; size=&#8221;&#8221;]Urz\u0105dzenie b\u0119dzie mia\u0142o szerokie spektrum zastosowa\u0144 w codziennych dzia\u0142aniach policji. [\/perfectpullquote]\n<p>B\u0119dzie s\u0142u\u017cy\u0142o w akcjach drog\u00f3wki, m.in. do wychwytywania szczeg\u00f3lnie niebezpiecznych zachowa\u0144 kierowc\u00f3w przed przej\u015bciami dla pieszych, ale tak\u017ce do obserwacji z g\u00f3ry przemieszczaj\u0105cych si\u0119 grup szalikowc\u00f3w.<\/p>\n<p>(\u017cms)\/Szko\u0142a Policji w Katowicach<br \/>\nfot. Szko\u0142a Policji w Katowicach<\/p>\n<div class=\"gliwi-a5-na-koncu-artykulow gliwi-entity-placement\" id=\"gliwi-903539361\"><div class=\"gliwi-adlabel\"><span style=\"font-size: 9px\">REKLAMA<\/span><\/div><div id=\"gliwi-2460312720\" style=\"margin-left: auto;margin-right: auto;text-align: center;\"><a data-no-instant=\"1\" href=\"https:\/\/www.jasek.pl\/\" rel=\"noopener\" class=\"a2t-link\" target=\"_blank\" aria-label=\"20200401-jasek 600\"><img loading=\"lazy\" decoding=\"async\" src=\"https:\/\/www.24gliwice.pl\/wiadomosci\/wp-content\/uploads\/2020\/04\/20200401-jasek-600.jpg\" alt=\"\"  srcset=\"https:\/\/www.24gliwice.pl\/wiadomosci\/wp-content\/uploads\/2020\/04\/20200401-jasek-600.jpg 600w, https:\/\/www.24gliwice.pl\/wiadomosci\/wp-content\/uploads\/2020\/04\/20200401-jasek-600-410x109.jpg 410w\" sizes=\"(max-width: 600px) 100vw, 600px\" class=\"no-lazyload\" width=\"600\" height=\"160\"  style=\"display: inline-block; max-width: 100%; height: auto;\" \/><\/a><\/div><\/div>","protected":false},"excerpt":{"rendered":"<p>W czerwcu ubieg\u0142ego roku donosili\u015bmy o sprz\u0119cie, w jaki doposa\u017cona mia\u0142a zosta\u0107 gliwicka policja. Dzi\u0119ki dofinansowaniu miasta w kwocie 30 tysi\u0119cy z\u0142otych zakupiono dron dla tutejszej jednostki. Podobny wydatek ponios\u0142o miasto Katowice. W Szkole Policji w Katowicach 12 i 13 marca odby\u0142o si\u0119 seminarium szkoleniowe zorganizowane przez kadr\u0119 dydaktyczn\u0105 Zak\u0142adu Wyszkolenia Specjalnego pt. Aspekty prawne [&hellip;]<\/p>\n","protected":false},"author":15,"featured_media":0,"comment_status":"open","ping_status":"closed","sticky":false,"template":"","format":"standard","meta":{"_monsterinsights_skip_tracking":false,"_monsterinsights_sitenote_active":false,"_monsterinsights_sitenote_note":"","_monsterinsights_sitenote_category":0,"footnotes":"","_links_to":"","_links_to_target":""},"categories":[3,1],"tags":[9489,4739,2618,11750],"class_list":["post-114132","post","type-post","status-publish","format-standard","hentry","category-gliwice","category-wszystko","tag-dron","tag-hala-gliwice","tag-podium","tag-testy-drona"],"yoast_head":"<!-- This site is optimized with the Yoast SEO plugin v27.5 - https:\/\/yoast.com\/product\/yoast-seo-wordpress\/ -->\n<title>Policyjny dron lata\u0142 nad Hal\u0105 Gliwice i w jej wn\u0119trzu. Ma s\u0142u\u017cy\u0107 m.in. do zabezpieczania du\u017cych imprez - 24GLIWICE - Portal Gliwice | codziennie nowe informacje<\/title>\n<meta name=\"robots\" content=\"index, follow, max-snippet:-1, max-image-preview:large, max-video-preview:-1\" \/>\n<link rel=\"canonical\" href=\"https:\/\/www.24gliwice.pl\/wiadomosci\/policyjny-dron-latal-nad-hala-gliwice-i-w-jej-wnetrzu-ma-sluzyc-m-in-do-zabezpieczania-duzych-imprez\/\" \/>\n<meta property=\"og:locale\" content=\"pl_PL\" \/>\n<meta property=\"og:type\" content=\"article\" \/>\n<meta property=\"og:title\" content=\"Policyjny dron lata\u0142 nad Hal\u0105 Gliwice i w jej wn\u0119trzu. Ma s\u0142u\u017cy\u0107 m.in. do zabezpieczania du\u017cych imprez - 24GLIWICE - Portal Gliwice | codziennie nowe informacje\" \/>\n<meta property=\"og:description\" content=\"W czerwcu ubieg\u0142ego roku donosili\u015bmy o sprz\u0119cie, w jaki doposa\u017cona mia\u0142a zosta\u0107 gliwicka policja. Dzi\u0119ki dofinansowaniu miasta w kwocie 30 tysi\u0119cy z\u0142otych zakupiono dron dla tutejszej jednostki. Podobny wydatek ponios\u0142o miasto Katowice. W Szkole Policji w Katowicach 12 i 13 marca odby\u0142o si\u0119 seminarium szkoleniowe zorganizowane przez kadr\u0119 dydaktyczn\u0105 Zak\u0142adu Wyszkolenia Specjalnego pt. Aspekty prawne [&hellip;]\" \/>\n<meta property=\"og:url\" content=\"https:\/\/www.24gliwice.pl\/wiadomosci\/policyjny-dron-latal-nad-hala-gliwice-i-w-jej-wnetrzu-ma-sluzyc-m-in-do-zabezpieczania-duzych-imprez\/\" \/>\n<meta property=\"og:site_name\" content=\"24GLIWICE - Portal Gliwice | codziennie nowe informacje\" \/>\n<meta property=\"article:publisher\" content=\"https:\/\/www.facebook.com\/24gliwice\" \/>\n<meta property=\"article:published_time\" content=\"2018-03-15T23:40:59+00:00\" \/>\n<meta property=\"og:image\" content=\"https:\/\/www.24gliwice.pl\/wiadomosci\/wp-content\/uploads\/2018\/03\/dron-policyjny-wewn\u0105trz-hali-e1521125606304.jpg\" \/>\n<meta name=\"author\" content=\"\u017baneta Mrozek-Siewierska\" \/>\n<meta name=\"twitter:card\" content=\"summary_large_image\" \/>\n<meta name=\"twitter:creator\" content=\"@24gliwice\" \/>\n<meta name=\"twitter:site\" content=\"@24gliwice\" \/>\n<meta name=\"twitter:label1\" content=\"Napisane przez\" \/>\n\t<meta name=\"twitter:data1\" content=\"\u017baneta Mrozek-Siewierska\" \/>\n\t<meta name=\"twitter:label2\" content=\"Szacowany czas czytania\" \/>\n\t<meta name=\"twitter:data2\" content=\"2 minuty\" \/>\n<script type=\"application\/ld+json\" class=\"yoast-schema-graph\">{\"@context\":\"https:\\\/\\\/schema.org\",\"@graph\":[{\"@type\":\"Article\",\"@id\":\"https:\\\/\\\/www.24gliwice.pl\\\/wiadomosci\\\/policyjny-dron-latal-nad-hala-gliwice-i-w-jej-wnetrzu-ma-sluzyc-m-in-do-zabezpieczania-duzych-imprez\\\/#article\",\"isPartOf\":{\"@id\":\"https:\\\/\\\/www.24gliwice.pl\\\/wiadomosci\\\/policyjny-dron-latal-nad-hala-gliwice-i-w-jej-wnetrzu-ma-sluzyc-m-in-do-zabezpieczania-duzych-imprez\\\/\"},\"author\":{\"name\":\"\u017baneta Mrozek-Siewierska\",\"@id\":\"https:\\\/\\\/www.24gliwice.pl\\\/wiadomosci\\\/#\\\/schema\\\/person\\\/e42c650edd7f2fa332be3811fb166b6e\"},\"headline\":\"Policyjny dron lata\u0142 nad Hal\u0105 Gliwice i w jej wn\u0119trzu. Ma s\u0142u\u017cy\u0107 m.in. do zabezpieczania du\u017cych imprez\",\"datePublished\":\"2018-03-15T23:40:59+00:00\",\"mainEntityOfPage\":{\"@id\":\"https:\\\/\\\/www.24gliwice.pl\\\/wiadomosci\\\/policyjny-dron-latal-nad-hala-gliwice-i-w-jej-wnetrzu-ma-sluzyc-m-in-do-zabezpieczania-duzych-imprez\\\/\"},\"wordCount\":337,\"commentCount\":0,\"publisher\":{\"@id\":\"https:\\\/\\\/www.24gliwice.pl\\\/wiadomosci\\\/#organization\"},\"keywords\":[\"dron\",\"HALA GLIWICE\",\"PODIUM\",\"testy drona.\"],\"articleSection\":[\"Gliwice\",\"Najnowsze wiadomo\u015bci\"],\"inLanguage\":\"pl-PL\",\"potentialAction\":[{\"@type\":\"CommentAction\",\"name\":\"Comment\",\"target\":[\"https:\\\/\\\/www.24gliwice.pl\\\/wiadomosci\\\/policyjny-dron-latal-nad-hala-gliwice-i-w-jej-wnetrzu-ma-sluzyc-m-in-do-zabezpieczania-duzych-imprez\\\/#respond\"]}]},{\"@type\":\"WebPage\",\"@id\":\"https:\\\/\\\/www.24gliwice.pl\\\/wiadomosci\\\/policyjny-dron-latal-nad-hala-gliwice-i-w-jej-wnetrzu-ma-sluzyc-m-in-do-zabezpieczania-duzych-imprez\\\/\",\"url\":\"https:\\\/\\\/www.24gliwice.pl\\\/wiadomosci\\\/policyjny-dron-latal-nad-hala-gliwice-i-w-jej-wnetrzu-ma-sluzyc-m-in-do-zabezpieczania-duzych-imprez\\\/\",\"name\":\"Policyjny dron lata\u0142 nad Hal\u0105 Gliwice i w jej wn\u0119trzu. Ma s\u0142u\u017cy\u0107 m.in. do zabezpieczania du\u017cych imprez - 24GLIWICE - Portal Gliwice | codziennie nowe informacje\",\"isPartOf\":{\"@id\":\"https:\\\/\\\/www.24gliwice.pl\\\/wiadomosci\\\/#website\"},\"datePublished\":\"2018-03-15T23:40:59+00:00\",\"breadcrumb\":{\"@id\":\"https:\\\/\\\/www.24gliwice.pl\\\/wiadomosci\\\/policyjny-dron-latal-nad-hala-gliwice-i-w-jej-wnetrzu-ma-sluzyc-m-in-do-zabezpieczania-duzych-imprez\\\/#breadcrumb\"},\"inLanguage\":\"pl-PL\",\"potentialAction\":[{\"@type\":\"ReadAction\",\"target\":[\"https:\\\/\\\/www.24gliwice.pl\\\/wiadomosci\\\/policyjny-dron-latal-nad-hala-gliwice-i-w-jej-wnetrzu-ma-sluzyc-m-in-do-zabezpieczania-duzych-imprez\\\/\"]}]},{\"@type\":\"BreadcrumbList\",\"@id\":\"https:\\\/\\\/www.24gliwice.pl\\\/wiadomosci\\\/policyjny-dron-latal-nad-hala-gliwice-i-w-jej-wnetrzu-ma-sluzyc-m-in-do-zabezpieczania-duzych-imprez\\\/#breadcrumb\",\"itemListElement\":[{\"@type\":\"ListItem\",\"position\":1,\"name\":\"Strona g\u0142\u00f3wna\",\"item\":\"https:\\\/\\\/www.24gliwice.pl\\\/wiadomosci\\\/\"},{\"@type\":\"ListItem\",\"position\":2,\"name\":\"Policyjny dron lata\u0142 nad Hal\u0105 Gliwice i w jej wn\u0119trzu. Ma s\u0142u\u017cy\u0107 m.in. do zabezpieczania du\u017cych imprez\"}]},{\"@type\":\"WebSite\",\"@id\":\"https:\\\/\\\/www.24gliwice.pl\\\/wiadomosci\\\/#website\",\"url\":\"https:\\\/\\\/www.24gliwice.pl\\\/wiadomosci\\\/\",\"name\":\"24GLIWICE - Portal Gliwice | codziennie nowe wiadomo\u015bci\",\"description\":\"Portal Miejski Gliwice\",\"publisher\":{\"@id\":\"https:\\\/\\\/www.24gliwice.pl\\\/wiadomosci\\\/#organization\"},\"potentialAction\":[{\"@type\":\"SearchAction\",\"target\":{\"@type\":\"EntryPoint\",\"urlTemplate\":\"https:\\\/\\\/www.24gliwice.pl\\\/wiadomosci\\\/?s={search_term_string}\"},\"query-input\":{\"@type\":\"PropertyValueSpecification\",\"valueRequired\":true,\"valueName\":\"search_term_string\"}}],\"inLanguage\":\"pl-PL\"},{\"@type\":\"Organization\",\"@id\":\"https:\\\/\\\/www.24gliwice.pl\\\/wiadomosci\\\/#organization\",\"name\":\"24gliwice\",\"url\":\"https:\\\/\\\/www.24gliwice.pl\\\/wiadomosci\\\/\",\"logo\":{\"@type\":\"ImageObject\",\"inLanguage\":\"pl-PL\",\"@id\":\"https:\\\/\\\/www.24gliwice.pl\\\/wiadomosci\\\/#\\\/schema\\\/logo\\\/image\\\/\",\"url\":\"https:\\\/\\\/www.24gliwice.pl\\\/wiadomosci\\\/wp-content\\\/uploads\\\/2024\\\/10\\\/24gliwice-logo-696.jpg\",\"contentUrl\":\"https:\\\/\\\/www.24gliwice.pl\\\/wiadomosci\\\/wp-content\\\/uploads\\\/2024\\\/10\\\/24gliwice-logo-696.jpg\",\"width\":696,\"height\":696,\"caption\":\"24gliwice\"},\"image\":{\"@id\":\"https:\\\/\\\/www.24gliwice.pl\\\/wiadomosci\\\/#\\\/schema\\\/logo\\\/image\\\/\"},\"sameAs\":[\"https:\\\/\\\/www.facebook.com\\\/24gliwice\",\"https:\\\/\\\/x.com\\\/24gliwice\",\"https:\\\/\\\/www.youtube.com\\\/@24gliwice\"]},{\"@type\":\"Person\",\"@id\":\"https:\\\/\\\/www.24gliwice.pl\\\/wiadomosci\\\/#\\\/schema\\\/person\\\/e42c650edd7f2fa332be3811fb166b6e\",\"name\":\"\u017baneta Mrozek-Siewierska\",\"image\":{\"@type\":\"ImageObject\",\"inLanguage\":\"pl-PL\",\"@id\":\"https:\\\/\\\/secure.gravatar.com\\\/avatar\\\/1881429e9c64597c77ad7aef2d0a19be69a3253e57534d16aa15bf3a4d34a0a3?s=96&d=mm&r=g\",\"url\":\"https:\\\/\\\/secure.gravatar.com\\\/avatar\\\/1881429e9c64597c77ad7aef2d0a19be69a3253e57534d16aa15bf3a4d34a0a3?s=96&d=mm&r=g\",\"contentUrl\":\"https:\\\/\\\/secure.gravatar.com\\\/avatar\\\/1881429e9c64597c77ad7aef2d0a19be69a3253e57534d16aa15bf3a4d34a0a3?s=96&d=mm&r=g\",\"caption\":\"\u017baneta Mrozek-Siewierska\"},\"url\":\"https:\\\/\\\/www.24gliwice.pl\\\/wiadomosci\\\/author\\\/zms\\\/\"}]}<\/script>\n<!-- \/ Yoast SEO plugin. -->","yoast_head_json":{"title":"Policyjny dron lata\u0142 nad Hal\u0105 Gliwice i w jej wn\u0119trzu. Ma s\u0142u\u017cy\u0107 m.in. do zabezpieczania du\u017cych imprez - 24GLIWICE - Portal Gliwice | codziennie nowe informacje","robots":{"index":"index","follow":"follow","max-snippet":"max-snippet:-1","max-image-preview":"max-image-preview:large","max-video-preview":"max-video-preview:-1"},"canonical":"https:\/\/www.24gliwice.pl\/wiadomosci\/policyjny-dron-latal-nad-hala-gliwice-i-w-jej-wnetrzu-ma-sluzyc-m-in-do-zabezpieczania-duzych-imprez\/","og_locale":"pl_PL","og_type":"article","og_title":"Policyjny dron lata\u0142 nad Hal\u0105 Gliwice i w jej wn\u0119trzu. Ma s\u0142u\u017cy\u0107 m.in. do zabezpieczania du\u017cych imprez - 24GLIWICE - Portal Gliwice | codziennie nowe informacje","og_description":"W czerwcu ubieg\u0142ego roku donosili\u015bmy o sprz\u0119cie, w jaki doposa\u017cona mia\u0142a zosta\u0107 gliwicka policja. Dzi\u0119ki dofinansowaniu miasta w kwocie 30 tysi\u0119cy z\u0142otych zakupiono dron dla tutejszej jednostki. Podobny wydatek ponios\u0142o miasto Katowice. W Szkole Policji w Katowicach 12 i 13 marca odby\u0142o si\u0119 seminarium szkoleniowe zorganizowane przez kadr\u0119 dydaktyczn\u0105 Zak\u0142adu Wyszkolenia Specjalnego pt. Aspekty prawne [&hellip;]","og_url":"https:\/\/www.24gliwice.pl\/wiadomosci\/policyjny-dron-latal-nad-hala-gliwice-i-w-jej-wnetrzu-ma-sluzyc-m-in-do-zabezpieczania-duzych-imprez\/","og_site_name":"24GLIWICE - Portal Gliwice | codziennie nowe informacje","article_publisher":"https:\/\/www.facebook.com\/24gliwice","article_published_time":"2018-03-15T23:40:59+00:00","og_image":[{"url":"https:\/\/www.24gliwice.pl\/wiadomosci\/wp-content\/uploads\/2018\/03\/dron-policyjny-wewn\u0105trz-hali-e1521125606304.jpg","type":"","width":"","height":""}],"author":"\u017baneta Mrozek-Siewierska","twitter_card":"summary_large_image","twitter_creator":"@24gliwice","twitter_site":"@24gliwice","twitter_misc":{"Napisane przez":"\u017baneta Mrozek-Siewierska","Szacowany czas czytania":"2 minuty"},"schema":{"@context":"https:\/\/schema.org","@graph":[{"@type":"Article","@id":"https:\/\/www.24gliwice.pl\/wiadomosci\/policyjny-dron-latal-nad-hala-gliwice-i-w-jej-wnetrzu-ma-sluzyc-m-in-do-zabezpieczania-duzych-imprez\/#article","isPartOf":{"@id":"https:\/\/www.24gliwice.pl\/wiadomosci\/policyjny-dron-latal-nad-hala-gliwice-i-w-jej-wnetrzu-ma-sluzyc-m-in-do-zabezpieczania-duzych-imprez\/"},"author":{"name":"\u017baneta Mrozek-Siewierska","@id":"https:\/\/www.24gliwice.pl\/wiadomosci\/#\/schema\/person\/e42c650edd7f2fa332be3811fb166b6e"},"headline":"Policyjny dron lata\u0142 nad Hal\u0105 Gliwice i w jej wn\u0119trzu. Ma s\u0142u\u017cy\u0107 m.in. do zabezpieczania du\u017cych imprez","datePublished":"2018-03-15T23:40:59+00:00","mainEntityOfPage":{"@id":"https:\/\/www.24gliwice.pl\/wiadomosci\/policyjny-dron-latal-nad-hala-gliwice-i-w-jej-wnetrzu-ma-sluzyc-m-in-do-zabezpieczania-duzych-imprez\/"},"wordCount":337,"commentCount":0,"publisher":{"@id":"https:\/\/www.24gliwice.pl\/wiadomosci\/#organization"},"keywords":["dron","HALA GLIWICE","PODIUM","testy drona."],"articleSection":["Gliwice","Najnowsze wiadomo\u015bci"],"inLanguage":"pl-PL","potentialAction":[{"@type":"CommentAction","name":"Comment","target":["https:\/\/www.24gliwice.pl\/wiadomosci\/policyjny-dron-latal-nad-hala-gliwice-i-w-jej-wnetrzu-ma-sluzyc-m-in-do-zabezpieczania-duzych-imprez\/#respond"]}]},{"@type":"WebPage","@id":"https:\/\/www.24gliwice.pl\/wiadomosci\/policyjny-dron-latal-nad-hala-gliwice-i-w-jej-wnetrzu-ma-sluzyc-m-in-do-zabezpieczania-duzych-imprez\/","url":"https:\/\/www.24gliwice.pl\/wiadomosci\/policyjny-dron-latal-nad-hala-gliwice-i-w-jej-wnetrzu-ma-sluzyc-m-in-do-zabezpieczania-duzych-imprez\/","name":"Policyjny dron lata\u0142 nad Hal\u0105 Gliwice i w jej wn\u0119trzu. Ma s\u0142u\u017cy\u0107 m.in. do zabezpieczania du\u017cych imprez - 24GLIWICE - Portal Gliwice | codziennie nowe informacje","isPartOf":{"@id":"https:\/\/www.24gliwice.pl\/wiadomosci\/#website"},"datePublished":"2018-03-15T23:40:59+00:00","breadcrumb":{"@id":"https:\/\/www.24gliwice.pl\/wiadomosci\/policyjny-dron-latal-nad-hala-gliwice-i-w-jej-wnetrzu-ma-sluzyc-m-in-do-zabezpieczania-duzych-imprez\/#breadcrumb"},"inLanguage":"pl-PL","potentialAction":[{"@type":"ReadAction","target":["https:\/\/www.24gliwice.pl\/wiadomosci\/policyjny-dron-latal-nad-hala-gliwice-i-w-jej-wnetrzu-ma-sluzyc-m-in-do-zabezpieczania-duzych-imprez\/"]}]},{"@type":"BreadcrumbList","@id":"https:\/\/www.24gliwice.pl\/wiadomosci\/policyjny-dron-latal-nad-hala-gliwice-i-w-jej-wnetrzu-ma-sluzyc-m-in-do-zabezpieczania-duzych-imprez\/#breadcrumb","itemListElement":[{"@type":"ListItem","position":1,"name":"Strona g\u0142\u00f3wna","item":"https:\/\/www.24gliwice.pl\/wiadomosci\/"},{"@type":"ListItem","position":2,"name":"Policyjny dron lata\u0142 nad Hal\u0105 Gliwice i w jej wn\u0119trzu. Ma s\u0142u\u017cy\u0107 m.in. do zabezpieczania du\u017cych imprez"}]},{"@type":"WebSite","@id":"https:\/\/www.24gliwice.pl\/wiadomosci\/#website","url":"https:\/\/www.24gliwice.pl\/wiadomosci\/","name":"24GLIWICE - Portal Gliwice | codziennie nowe wiadomo\u015bci","description":"Portal Miejski Gliwice","publisher":{"@id":"https:\/\/www.24gliwice.pl\/wiadomosci\/#organization"},"potentialAction":[{"@type":"SearchAction","target":{"@type":"EntryPoint","urlTemplate":"https:\/\/www.24gliwice.pl\/wiadomosci\/?s={search_term_string}"},"query-input":{"@type":"PropertyValueSpecification","valueRequired":true,"valueName":"search_term_string"}}],"inLanguage":"pl-PL"},{"@type":"Organization","@id":"https:\/\/www.24gliwice.pl\/wiadomosci\/#organization","name":"24gliwice","url":"https:\/\/www.24gliwice.pl\/wiadomosci\/","logo":{"@type":"ImageObject","inLanguage":"pl-PL","@id":"https:\/\/www.24gliwice.pl\/wiadomosci\/#\/schema\/logo\/image\/","url":"https:\/\/www.24gliwice.pl\/wiadomosci\/wp-content\/uploads\/2024\/10\/24gliwice-logo-696.jpg","contentUrl":"https:\/\/www.24gliwice.pl\/wiadomosci\/wp-content\/uploads\/2024\/10\/24gliwice-logo-696.jpg","width":696,"height":696,"caption":"24gliwice"},"image":{"@id":"https:\/\/www.24gliwice.pl\/wiadomosci\/#\/schema\/logo\/image\/"},"sameAs":["https:\/\/www.facebook.com\/24gliwice","https:\/\/x.com\/24gliwice","https:\/\/www.youtube.com\/@24gliwice"]},{"@type":"Person","@id":"https:\/\/www.24gliwice.pl\/wiadomosci\/#\/schema\/person\/e42c650edd7f2fa332be3811fb166b6e","name":"\u017baneta Mrozek-Siewierska","image":{"@type":"ImageObject","inLanguage":"pl-PL","@id":"https:\/\/secure.gravatar.com\/avatar\/1881429e9c64597c77ad7aef2d0a19be69a3253e57534d16aa15bf3a4d34a0a3?s=96&d=mm&r=g","url":"https:\/\/secure.gravatar.com\/avatar\/1881429e9c64597c77ad7aef2d0a19be69a3253e57534d16aa15bf3a4d34a0a3?s=96&d=mm&r=g","contentUrl":"https:\/\/secure.gravatar.com\/avatar\/1881429e9c64597c77ad7aef2d0a19be69a3253e57534d16aa15bf3a4d34a0a3?s=96&d=mm&r=g","caption":"\u017baneta Mrozek-Siewierska"},"url":"https:\/\/www.24gliwice.pl\/wiadomosci\/author\/zms\/"}]}},"_links":{"self":[{"href":"https:\/\/www.24gliwice.pl\/wiadomosci\/wp-json\/wp\/v2\/posts\/114132","targetHints":{"allow":["GET"]}}],"collection":[{"href":"https:\/\/www.24gliwice.pl\/wiadomosci\/wp-json\/wp\/v2\/posts"}],"about":[{"href":"https:\/\/www.24gliwice.pl\/wiadomosci\/wp-json\/wp\/v2\/types\/post"}],"author":[{"embeddable":true,"href":"https:\/\/www.24gliwice.pl\/wiadomosci\/wp-json\/wp\/v2\/users\/15"}],"replies":[{"embeddable":true,"href":"https:\/\/www.24gliwice.pl\/wiadomosci\/wp-json\/wp\/v2\/comments?post=114132"}],"version-history":[{"count":0,"href":"https:\/\/www.24gliwice.pl\/wiadomosci\/wp-json\/wp\/v2\/posts\/114132\/revisions"}],"wp:attachment":[{"href":"https:\/\/www.24gliwice.pl\/wiadomosci\/wp-json\/wp\/v2\/media?parent=114132"}],"wp:term":[{"taxonomy":"category","embeddable":true,"href":"https:\/\/www.24gliwice.pl\/wiadomosci\/wp-json\/wp\/v2\/categories?post=114132"},{"taxonomy":"post_tag","embeddable":true,"href":"https:\/\/www.24gliwice.pl\/wiadomosci\/wp-json\/wp\/v2\/tags?post=114132"}],"curies":[{"name":"wp","href":"https:\/\/api.w.org\/{rel}","templated":true}]}}