{"id":114162,"date":"2018-03-19T11:52:51","date_gmt":"2018-03-19T10:52:51","guid":{"rendered":"https:\/\/www.24gliwice.pl\/wiadomosci\/?p=114162"},"modified":"2018-03-19T11:52:51","modified_gmt":"2018-03-19T10:52:51","slug":"mzuk-zmodernizuje-teren-wokol-zbiornika-wodnego-pojawia-sie-lawki-lampy-stojaki-na-rowery","status":"publish","type":"post","link":"https:\/\/www.24gliwice.pl\/wiadomosci\/mzuk-zmodernizuje-teren-wokol-zbiornika-wodnego-pojawia-sie-lawki-lampy-stojaki-na-rowery\/","title":{"rendered":"MZUK zmodernizuje teren wok\u00f3\u0142 zbiornika wodnego. Pojawi\u0105 si\u0119 \u0142awki, lampy, stojaki na rowery"},"content":{"rendered":"<div class=\"gliwi-a6-nad-leadem-artykulow gliwi-entity-placement\" id=\"gliwi-3906680645\"><div class=\"gliwi-adlabel\"><span style=\"font-size: 9px\">REKLAMA<\/span><\/div><div id=\"gliwi-1523482547\" style=\"margin-bottom: 30px;margin-left: auto;margin-right: auto;text-align: center;\"><a data-no-instant=\"1\" href=\"https:\/\/przedszkole.halogen.org.pl\/\" rel=\"noopener\" class=\"a2t-link\" target=\"_blank\" aria-label=\"20260402-ANIMATOR-przedszkole_grafika_750x200\"><img loading=\"lazy\" decoding=\"async\" src=\"https:\/\/www.24gliwice.pl\/wiadomosci\/wp-content\/uploads\/2026\/04\/20260402-ANIMATOR-przedszkole_grafika_750x200.webp\" alt=\"\"  srcset=\"https:\/\/www.24gliwice.pl\/wiadomosci\/wp-content\/uploads\/2026\/04\/20260402-ANIMATOR-przedszkole_grafika_750x200.webp 750w, https:\/\/www.24gliwice.pl\/wiadomosci\/wp-content\/uploads\/2026\/04\/20260402-ANIMATOR-przedszkole_grafika_750x200-410x109.webp 410w\" sizes=\"(max-width: 750px) 100vw, 750px\" class=\"no-lazyload\" width=\"750\" height=\"200\"  style=\"display: inline-block; max-width: 100%; height: auto;\" \/><\/a><\/div><\/div><h3>Ju\u017c niebawem w So\u015bnicy pojawi si\u0119 urokliwe miejsce wypoczynku. MZUK og\u0142osi\u0142 przetarg na I etap zagospodarowania terenu wok\u00f3\u0142 jednego ze zbiornik\u00f3w przy ul. Jesiennej.<\/h3>\n<p>Pojawi\u0105 si\u0119 tam ciekawe ro\u015bliny, przestrze\u0144 do zabawy oraz miejsce do grillowania lub na ognisko.<\/p>\n<p>Wok\u00f3\u0142 zbiornika zostan\u0105 nasadzone liliowce, irysy, kostrzewy, rajgrasy, rozplenice i wierzby. Postawione b\u0119d\u0105 te\u017c \u0142awki, lampy solarno-wiatrowe, stojak na rowery, kosze na \u015bmieci, a istniej\u0105ce trawniki zostan\u0105 odnowione.<\/p><div class=\"gliwi-a3-w-tresci-artykulow gliwi-entity-placement\" id=\"gliwi-151297383\"><div class=\"gliwi-adlabel\"><span style=\"font-size: 9px\">REKLAMA<\/span><\/div><div id=\"gliwi-5439411\" style=\"margin-bottom: 30px;margin-left: auto;margin-right: auto;text-align: center;\"><a data-no-instant=\"1\" href=\"https:\/\/ogrodyandersa.pl\/\" rel=\"noopener\" class=\"a2t-link\" target=\"_blank\" aria-label=\"20260415 Ogrody Andersa KUP TERAZ D\"><img loading=\"lazy\" decoding=\"async\" src=\"https:\/\/www.24gliwice.pl\/wiadomosci\/wp-content\/uploads\/2026\/04\/20260415-Ogrody-Andersa-KUP-TERAZ-D.jpg\" alt=\"\"  srcset=\"https:\/\/www.24gliwice.pl\/wiadomosci\/wp-content\/uploads\/2026\/04\/20260415-Ogrody-Andersa-KUP-TERAZ-D.jpg 750w, https:\/\/www.24gliwice.pl\/wiadomosci\/wp-content\/uploads\/2026\/04\/20260415-Ogrody-Andersa-KUP-TERAZ-D-410x109.jpg 410w\" sizes=\"(max-width: 750px) 100vw, 750px\" class=\"no-lazyload\" width=\"750\" height=\"200\"  style=\"display: inline-block; max-width: 100%; height: auto;\" \/><\/a><\/div><\/div>\n[perfectpullquote align=&#8221;full&#8221; bordertop=&#8221;false&#8221; cite=&#8221;&#8221; link=&#8221;&#8221; color=&#8221;&#8221; class=&#8221;&#8221; size=&#8221;&#8221;]Najm\u0142odszych z pewno\u015bci\u0105 ucieszy ma\u0142y plac zabaw \u2013 b\u0119dzie mo\u017cna poszale\u0107 na kiwakach \u2013 tubie i smoku \u2013 oraz na karuzeli. [\/perfectpullquote]\n<p>Czas nad wod\u0105 b\u0119dzie mo\u017cna sobie umili\u0107 rozpalaj\u0105c grilla lub ognisko \u2013 w tym celu z betonowej kostki zostanie u\u0142o\u017cony okr\u0105g. Je\u015bli og\u0142oszony przetarg zostanie rozstrzygni\u0119ty, zako\u0144czenie inwestycji powinno nast\u0105pi\u0107 we wrze\u015bniu 2018 roku. Drugi etap prac, o podobnym zakresie, ale wok\u00f3\u0142 drugiego zbiornika, przewidziano na lata 2019\u20132020.<\/p>\n<p>\u2013 Do wrze\u015bnia teren wok\u00f3\u0142 pierwszego zbiornika stanie si\u0119 atrakcyjn\u0105 przestrzeni\u0105 do sp\u0119dzania wolnego czasu. W 2020 roku powinna si\u0119 zako\u0144czy\u0107 modernizacja terenu wok\u00f3\u0142 drugiego zbiornika. Efekt powinien ucieszy\u0107 mieszka\u0144c\u00f3w lubi\u0105cych wypoczywa\u0107 na \u015bwie\u017cym powietrzu \u2013 m\u00f3wi <strong>Iwona Janik<\/strong>, rzecznik prasowy Miejskiego Zarz\u0105du Us\u0142ug Komunalnych w Gliwicach.<\/p>\n<p>Oferty w przetargu na realizacj\u0119 I etapu mo\u017cna sk\u0142ada\u0107 do 22 marca do godz. 11.30. <\/p>\n<p>(\u017cms)\/UM(mf)<br \/>\nfot. MZUK<\/p>\n<p><img loading=\"lazy\" decoding=\"async\" src=\"https:\/\/www.24gliwice.pl\/wiadomosci\/wp-content\/uploads\/2018\/03\/staw-przy-Jesiennej-1-e1521193166701.jpg\" alt=\"\" width=\"810\" height=\"455\" class=\"aligncenter size-full wp-image-114173\" \/><\/p>\n<div class=\"gliwi-a5-na-koncu-artykulow gliwi-entity-placement\" id=\"gliwi-4152869166\"><div class=\"gliwi-adlabel\"><span style=\"font-size: 9px\">REKLAMA<\/span><\/div><div id=\"gliwi-3883100049\" style=\"margin-left: auto;margin-right: auto;text-align: center;\"><a data-no-instant=\"1\" href=\"https:\/\/prezeroarenagliwice.pl\/\" rel=\"noopener\" class=\"a2t-link\" target=\"_blank\" aria-label=\"20260309-PREZERO-WIOSNA-D\"><img loading=\"lazy\" decoding=\"async\" src=\"https:\/\/www.24gliwice.pl\/wiadomosci\/wp-content\/uploads\/2026\/03\/20260309-PREZERO-WIOSNA-D.webp\" alt=\"\"  srcset=\"https:\/\/www.24gliwice.pl\/wiadomosci\/wp-content\/uploads\/2026\/03\/20260309-PREZERO-WIOSNA-D.webp 750w, https:\/\/www.24gliwice.pl\/wiadomosci\/wp-content\/uploads\/2026\/03\/20260309-PREZERO-WIOSNA-D-410x109.webp 410w\" sizes=\"(max-width: 750px) 100vw, 750px\" class=\"no-lazyload\" width=\"750\" height=\"200\"  style=\"display: inline-block; max-width: 100%; height: auto;\" \/><\/a><\/div><\/div>","protected":false},"excerpt":{"rendered":"<p>Ju\u017c niebawem w So\u015bnicy pojawi si\u0119 urokliwe miejsce wypoczynku. MZUK og\u0142osi\u0142 przetarg na I etap zagospodarowania terenu wok\u00f3\u0142 jednego ze zbiornik\u00f3w przy ul. Jesiennej. Pojawi\u0105 si\u0119 tam ciekawe ro\u015bliny, przestrze\u0144 do zabawy oraz miejsce do grillowania lub na ognisko. Wok\u00f3\u0142 zbiornika zostan\u0105 nasadzone liliowce, irysy, kostrzewy, rajgrasy, rozplenice i wierzby. Postawione b\u0119d\u0105 te\u017c \u0142awki, lampy [&hellip;]<\/p>\n","protected":false},"author":15,"featured_media":114170,"comment_status":"open","ping_status":"closed","sticky":false,"template":"","format":"standard","meta":{"_monsterinsights_skip_tracking":false,"_monsterinsights_sitenote_active":false,"_monsterinsights_sitenote_note":"","_monsterinsights_sitenote_category":0,"footnotes":"","_links_to":"","_links_to_target":""},"categories":[3,1],"tags":[10387,257,9097,8016,183,11852],"class_list":["post-114162","post","type-post","status-publish","format-standard","has-post-thumbnail","hentry","category-gliwice","category-wszystko","tag-modernizacja","tag-mzuk","tag-park","tag-skwer","tag-sosnica","tag-tereny-zielone"],"yoast_head":"<!-- This site is optimized with the Yoast SEO plugin v27.5 - https:\/\/yoast.com\/product\/yoast-seo-wordpress\/ -->\n<title>MZUK zmodernizuje teren wok\u00f3\u0142 zbiornika wodnego. Pojawi\u0105 si\u0119 \u0142awki, lampy, stojaki na rowery - 24GLIWICE - Portal Gliwice | codziennie nowe informacje<\/title>\n<meta name=\"robots\" content=\"index, follow, max-snippet:-1, max-image-preview:large, max-video-preview:-1\" \/>\n<link rel=\"canonical\" href=\"https:\/\/www.24gliwice.pl\/wiadomosci\/mzuk-zmodernizuje-teren-wokol-zbiornika-wodnego-pojawia-sie-lawki-lampy-stojaki-na-rowery\/\" \/>\n<meta property=\"og:locale\" content=\"pl_PL\" \/>\n<meta property=\"og:type\" content=\"article\" \/>\n<meta property=\"og:title\" content=\"MZUK zmodernizuje teren wok\u00f3\u0142 zbiornika wodnego. Pojawi\u0105 si\u0119 \u0142awki, lampy, stojaki na rowery - 24GLIWICE - Portal Gliwice | codziennie nowe informacje\" \/>\n<meta property=\"og:description\" content=\"Ju\u017c niebawem w So\u015bnicy pojawi si\u0119 urokliwe miejsce wypoczynku. MZUK og\u0142osi\u0142 przetarg na I etap zagospodarowania terenu wok\u00f3\u0142 jednego ze zbiornik\u00f3w przy ul. Jesiennej. Pojawi\u0105 si\u0119 tam ciekawe ro\u015bliny, przestrze\u0144 do zabawy oraz miejsce do grillowania lub na ognisko. Wok\u00f3\u0142 zbiornika zostan\u0105 nasadzone liliowce, irysy, kostrzewy, rajgrasy, rozplenice i wierzby. Postawione b\u0119d\u0105 te\u017c \u0142awki, lampy [&hellip;]\" \/>\n<meta property=\"og:url\" content=\"https:\/\/www.24gliwice.pl\/wiadomosci\/mzuk-zmodernizuje-teren-wokol-zbiornika-wodnego-pojawia-sie-lawki-lampy-stojaki-na-rowery\/\" \/>\n<meta property=\"og:site_name\" content=\"24GLIWICE - Portal Gliwice | codziennie nowe informacje\" \/>\n<meta property=\"article:publisher\" content=\"https:\/\/www.facebook.com\/24gliwice\" \/>\n<meta property=\"article:published_time\" content=\"2018-03-19T10:52:51+00:00\" \/>\n<meta property=\"og:image\" content=\"https:\/\/www.24gliwice.pl\/wiadomosci\/wp-content\/uploads\/2018\/03\/staw-przy-Jesiennej2-e1521193055507.jpg\" \/>\n\t<meta property=\"og:image:width\" content=\"810\" \/>\n\t<meta property=\"og:image:height\" content=\"455\" \/>\n\t<meta property=\"og:image:type\" content=\"image\/jpeg\" \/>\n<meta name=\"author\" content=\"\u017baneta Mrozek-Siewierska\" \/>\n<meta name=\"twitter:card\" content=\"summary_large_image\" \/>\n<meta name=\"twitter:creator\" content=\"@24gliwice\" \/>\n<meta name=\"twitter:site\" content=\"@24gliwice\" \/>\n<meta name=\"twitter:label1\" content=\"Napisane przez\" \/>\n\t<meta name=\"twitter:data1\" content=\"\u017baneta Mrozek-Siewierska\" \/>\n\t<meta name=\"twitter:label2\" content=\"Szacowany czas czytania\" \/>\n\t<meta name=\"twitter:data2\" content=\"1 minuta\" \/>\n<script type=\"application\/ld+json\" class=\"yoast-schema-graph\">{\"@context\":\"https:\\\/\\\/schema.org\",\"@graph\":[{\"@type\":\"Article\",\"@id\":\"https:\\\/\\\/www.24gliwice.pl\\\/wiadomosci\\\/mzuk-zmodernizuje-teren-wokol-zbiornika-wodnego-pojawia-sie-lawki-lampy-stojaki-na-rowery\\\/#article\",\"isPartOf\":{\"@id\":\"https:\\\/\\\/www.24gliwice.pl\\\/wiadomosci\\\/mzuk-zmodernizuje-teren-wokol-zbiornika-wodnego-pojawia-sie-lawki-lampy-stojaki-na-rowery\\\/\"},\"author\":{\"name\":\"\u017baneta Mrozek-Siewierska\",\"@id\":\"https:\\\/\\\/www.24gliwice.pl\\\/wiadomosci\\\/#\\\/schema\\\/person\\\/e42c650edd7f2fa332be3811fb166b6e\"},\"headline\":\"MZUK zmodernizuje teren wok\u00f3\u0142 zbiornika wodnego. Pojawi\u0105 si\u0119 \u0142awki, lampy, stojaki na rowery\",\"datePublished\":\"2018-03-19T10:52:51+00:00\",\"mainEntityOfPage\":{\"@id\":\"https:\\\/\\\/www.24gliwice.pl\\\/wiadomosci\\\/mzuk-zmodernizuje-teren-wokol-zbiornika-wodnego-pojawia-sie-lawki-lampy-stojaki-na-rowery\\\/\"},\"wordCount\":251,\"commentCount\":0,\"publisher\":{\"@id\":\"https:\\\/\\\/www.24gliwice.pl\\\/wiadomosci\\\/#organization\"},\"image\":{\"@id\":\"https:\\\/\\\/www.24gliwice.pl\\\/wiadomosci\\\/mzuk-zmodernizuje-teren-wokol-zbiornika-wodnego-pojawia-sie-lawki-lampy-stojaki-na-rowery\\\/#primaryimage\"},\"thumbnailUrl\":\"https:\\\/\\\/www.24gliwice.pl\\\/wiadomosci\\\/wp-content\\\/uploads\\\/2018\\\/03\\\/staw-przy-Jesiennej2-e1521193055507.jpg\",\"keywords\":[\"MODERNIZACJA\",\"MZUK\",\"park\",\"skwer\",\"SO\u015aNICA\",\"tereny zielone\"],\"articleSection\":[\"Gliwice\",\"Najnowsze wiadomo\u015bci\"],\"inLanguage\":\"pl-PL\",\"potentialAction\":[{\"@type\":\"CommentAction\",\"name\":\"Comment\",\"target\":[\"https:\\\/\\\/www.24gliwice.pl\\\/wiadomosci\\\/mzuk-zmodernizuje-teren-wokol-zbiornika-wodnego-pojawia-sie-lawki-lampy-stojaki-na-rowery\\\/#respond\"]}]},{\"@type\":\"WebPage\",\"@id\":\"https:\\\/\\\/www.24gliwice.pl\\\/wiadomosci\\\/mzuk-zmodernizuje-teren-wokol-zbiornika-wodnego-pojawia-sie-lawki-lampy-stojaki-na-rowery\\\/\",\"url\":\"https:\\\/\\\/www.24gliwice.pl\\\/wiadomosci\\\/mzuk-zmodernizuje-teren-wokol-zbiornika-wodnego-pojawia-sie-lawki-lampy-stojaki-na-rowery\\\/\",\"name\":\"MZUK zmodernizuje teren wok\u00f3\u0142 zbiornika wodnego. Pojawi\u0105 si\u0119 \u0142awki, lampy, stojaki na rowery - 24GLIWICE - Portal Gliwice | codziennie nowe informacje\",\"isPartOf\":{\"@id\":\"https:\\\/\\\/www.24gliwice.pl\\\/wiadomosci\\\/#website\"},\"primaryImageOfPage\":{\"@id\":\"https:\\\/\\\/www.24gliwice.pl\\\/wiadomosci\\\/mzuk-zmodernizuje-teren-wokol-zbiornika-wodnego-pojawia-sie-lawki-lampy-stojaki-na-rowery\\\/#primaryimage\"},\"image\":{\"@id\":\"https:\\\/\\\/www.24gliwice.pl\\\/wiadomosci\\\/mzuk-zmodernizuje-teren-wokol-zbiornika-wodnego-pojawia-sie-lawki-lampy-stojaki-na-rowery\\\/#primaryimage\"},\"thumbnailUrl\":\"https:\\\/\\\/www.24gliwice.pl\\\/wiadomosci\\\/wp-content\\\/uploads\\\/2018\\\/03\\\/staw-przy-Jesiennej2-e1521193055507.jpg\",\"datePublished\":\"2018-03-19T10:52:51+00:00\",\"breadcrumb\":{\"@id\":\"https:\\\/\\\/www.24gliwice.pl\\\/wiadomosci\\\/mzuk-zmodernizuje-teren-wokol-zbiornika-wodnego-pojawia-sie-lawki-lampy-stojaki-na-rowery\\\/#breadcrumb\"},\"inLanguage\":\"pl-PL\",\"potentialAction\":[{\"@type\":\"ReadAction\",\"target\":[\"https:\\\/\\\/www.24gliwice.pl\\\/wiadomosci\\\/mzuk-zmodernizuje-teren-wokol-zbiornika-wodnego-pojawia-sie-lawki-lampy-stojaki-na-rowery\\\/\"]}]},{\"@type\":\"ImageObject\",\"inLanguage\":\"pl-PL\",\"@id\":\"https:\\\/\\\/www.24gliwice.pl\\\/wiadomosci\\\/mzuk-zmodernizuje-teren-wokol-zbiornika-wodnego-pojawia-sie-lawki-lampy-stojaki-na-rowery\\\/#primaryimage\",\"url\":\"https:\\\/\\\/www.24gliwice.pl\\\/wiadomosci\\\/wp-content\\\/uploads\\\/2018\\\/03\\\/staw-przy-Jesiennej2-e1521193055507.jpg\",\"contentUrl\":\"https:\\\/\\\/www.24gliwice.pl\\\/wiadomosci\\\/wp-content\\\/uploads\\\/2018\\\/03\\\/staw-przy-Jesiennej2-e1521193055507.jpg\",\"width\":810,\"height\":455},{\"@type\":\"BreadcrumbList\",\"@id\":\"https:\\\/\\\/www.24gliwice.pl\\\/wiadomosci\\\/mzuk-zmodernizuje-teren-wokol-zbiornika-wodnego-pojawia-sie-lawki-lampy-stojaki-na-rowery\\\/#breadcrumb\",\"itemListElement\":[{\"@type\":\"ListItem\",\"position\":1,\"name\":\"Strona g\u0142\u00f3wna\",\"item\":\"https:\\\/\\\/www.24gliwice.pl\\\/wiadomosci\\\/\"},{\"@type\":\"ListItem\",\"position\":2,\"name\":\"MZUK zmodernizuje teren wok\u00f3\u0142 zbiornika wodnego. Pojawi\u0105 si\u0119 \u0142awki, lampy, stojaki na rowery\"}]},{\"@type\":\"WebSite\",\"@id\":\"https:\\\/\\\/www.24gliwice.pl\\\/wiadomosci\\\/#website\",\"url\":\"https:\\\/\\\/www.24gliwice.pl\\\/wiadomosci\\\/\",\"name\":\"24GLIWICE - Portal Gliwice | codziennie nowe wiadomo\u015bci\",\"description\":\"Portal Miejski Gliwice\",\"publisher\":{\"@id\":\"https:\\\/\\\/www.24gliwice.pl\\\/wiadomosci\\\/#organization\"},\"potentialAction\":[{\"@type\":\"SearchAction\",\"target\":{\"@type\":\"EntryPoint\",\"urlTemplate\":\"https:\\\/\\\/www.24gliwice.pl\\\/wiadomosci\\\/?s={search_term_string}\"},\"query-input\":{\"@type\":\"PropertyValueSpecification\",\"valueRequired\":true,\"valueName\":\"search_term_string\"}}],\"inLanguage\":\"pl-PL\"},{\"@type\":\"Organization\",\"@id\":\"https:\\\/\\\/www.24gliwice.pl\\\/wiadomosci\\\/#organization\",\"name\":\"24gliwice\",\"url\":\"https:\\\/\\\/www.24gliwice.pl\\\/wiadomosci\\\/\",\"logo\":{\"@type\":\"ImageObject\",\"inLanguage\":\"pl-PL\",\"@id\":\"https:\\\/\\\/www.24gliwice.pl\\\/wiadomosci\\\/#\\\/schema\\\/logo\\\/image\\\/\",\"url\":\"https:\\\/\\\/www.24gliwice.pl\\\/wiadomosci\\\/wp-content\\\/uploads\\\/2024\\\/10\\\/24gliwice-logo-696.jpg\",\"contentUrl\":\"https:\\\/\\\/www.24gliwice.pl\\\/wiadomosci\\\/wp-content\\\/uploads\\\/2024\\\/10\\\/24gliwice-logo-696.jpg\",\"width\":696,\"height\":696,\"caption\":\"24gliwice\"},\"image\":{\"@id\":\"https:\\\/\\\/www.24gliwice.pl\\\/wiadomosci\\\/#\\\/schema\\\/logo\\\/image\\\/\"},\"sameAs\":[\"https:\\\/\\\/www.facebook.com\\\/24gliwice\",\"https:\\\/\\\/x.com\\\/24gliwice\",\"https:\\\/\\\/www.youtube.com\\\/@24gliwice\"]},{\"@type\":\"Person\",\"@id\":\"https:\\\/\\\/www.24gliwice.pl\\\/wiadomosci\\\/#\\\/schema\\\/person\\\/e42c650edd7f2fa332be3811fb166b6e\",\"name\":\"\u017baneta Mrozek-Siewierska\",\"image\":{\"@type\":\"ImageObject\",\"inLanguage\":\"pl-PL\",\"@id\":\"https:\\\/\\\/secure.gravatar.com\\\/avatar\\\/1881429e9c64597c77ad7aef2d0a19be69a3253e57534d16aa15bf3a4d34a0a3?s=96&d=mm&r=g\",\"url\":\"https:\\\/\\\/secure.gravatar.com\\\/avatar\\\/1881429e9c64597c77ad7aef2d0a19be69a3253e57534d16aa15bf3a4d34a0a3?s=96&d=mm&r=g\",\"contentUrl\":\"https:\\\/\\\/secure.gravatar.com\\\/avatar\\\/1881429e9c64597c77ad7aef2d0a19be69a3253e57534d16aa15bf3a4d34a0a3?s=96&d=mm&r=g\",\"caption\":\"\u017baneta Mrozek-Siewierska\"},\"url\":\"https:\\\/\\\/www.24gliwice.pl\\\/wiadomosci\\\/author\\\/zms\\\/\"}]}<\/script>\n<!-- \/ Yoast SEO plugin. -->","yoast_head_json":{"title":"MZUK zmodernizuje teren wok\u00f3\u0142 zbiornika wodnego. Pojawi\u0105 si\u0119 \u0142awki, lampy, stojaki na rowery - 24GLIWICE - Portal Gliwice | codziennie nowe informacje","robots":{"index":"index","follow":"follow","max-snippet":"max-snippet:-1","max-image-preview":"max-image-preview:large","max-video-preview":"max-video-preview:-1"},"canonical":"https:\/\/www.24gliwice.pl\/wiadomosci\/mzuk-zmodernizuje-teren-wokol-zbiornika-wodnego-pojawia-sie-lawki-lampy-stojaki-na-rowery\/","og_locale":"pl_PL","og_type":"article","og_title":"MZUK zmodernizuje teren wok\u00f3\u0142 zbiornika wodnego. Pojawi\u0105 si\u0119 \u0142awki, lampy, stojaki na rowery - 24GLIWICE - Portal Gliwice | codziennie nowe informacje","og_description":"Ju\u017c niebawem w So\u015bnicy pojawi si\u0119 urokliwe miejsce wypoczynku. MZUK og\u0142osi\u0142 przetarg na I etap zagospodarowania terenu wok\u00f3\u0142 jednego ze zbiornik\u00f3w przy ul. Jesiennej. Pojawi\u0105 si\u0119 tam ciekawe ro\u015bliny, przestrze\u0144 do zabawy oraz miejsce do grillowania lub na ognisko. Wok\u00f3\u0142 zbiornika zostan\u0105 nasadzone liliowce, irysy, kostrzewy, rajgrasy, rozplenice i wierzby. Postawione b\u0119d\u0105 te\u017c \u0142awki, lampy [&hellip;]","og_url":"https:\/\/www.24gliwice.pl\/wiadomosci\/mzuk-zmodernizuje-teren-wokol-zbiornika-wodnego-pojawia-sie-lawki-lampy-stojaki-na-rowery\/","og_site_name":"24GLIWICE - Portal Gliwice | codziennie nowe informacje","article_publisher":"https:\/\/www.facebook.com\/24gliwice","article_published_time":"2018-03-19T10:52:51+00:00","og_image":[{"width":810,"height":455,"url":"https:\/\/www.24gliwice.pl\/wiadomosci\/wp-content\/uploads\/2018\/03\/staw-przy-Jesiennej2-e1521193055507.jpg","type":"image\/jpeg"}],"author":"\u017baneta Mrozek-Siewierska","twitter_card":"summary_large_image","twitter_creator":"@24gliwice","twitter_site":"@24gliwice","twitter_misc":{"Napisane przez":"\u017baneta Mrozek-Siewierska","Szacowany czas czytania":"1 minuta"},"schema":{"@context":"https:\/\/schema.org","@graph":[{"@type":"Article","@id":"https:\/\/www.24gliwice.pl\/wiadomosci\/mzuk-zmodernizuje-teren-wokol-zbiornika-wodnego-pojawia-sie-lawki-lampy-stojaki-na-rowery\/#article","isPartOf":{"@id":"https:\/\/www.24gliwice.pl\/wiadomosci\/mzuk-zmodernizuje-teren-wokol-zbiornika-wodnego-pojawia-sie-lawki-lampy-stojaki-na-rowery\/"},"author":{"name":"\u017baneta Mrozek-Siewierska","@id":"https:\/\/www.24gliwice.pl\/wiadomosci\/#\/schema\/person\/e42c650edd7f2fa332be3811fb166b6e"},"headline":"MZUK zmodernizuje teren wok\u00f3\u0142 zbiornika wodnego. Pojawi\u0105 si\u0119 \u0142awki, lampy, stojaki na rowery","datePublished":"2018-03-19T10:52:51+00:00","mainEntityOfPage":{"@id":"https:\/\/www.24gliwice.pl\/wiadomosci\/mzuk-zmodernizuje-teren-wokol-zbiornika-wodnego-pojawia-sie-lawki-lampy-stojaki-na-rowery\/"},"wordCount":251,"commentCount":0,"publisher":{"@id":"https:\/\/www.24gliwice.pl\/wiadomosci\/#organization"},"image":{"@id":"https:\/\/www.24gliwice.pl\/wiadomosci\/mzuk-zmodernizuje-teren-wokol-zbiornika-wodnego-pojawia-sie-lawki-lampy-stojaki-na-rowery\/#primaryimage"},"thumbnailUrl":"https:\/\/www.24gliwice.pl\/wiadomosci\/wp-content\/uploads\/2018\/03\/staw-przy-Jesiennej2-e1521193055507.jpg","keywords":["MODERNIZACJA","MZUK","park","skwer","SO\u015aNICA","tereny zielone"],"articleSection":["Gliwice","Najnowsze wiadomo\u015bci"],"inLanguage":"pl-PL","potentialAction":[{"@type":"CommentAction","name":"Comment","target":["https:\/\/www.24gliwice.pl\/wiadomosci\/mzuk-zmodernizuje-teren-wokol-zbiornika-wodnego-pojawia-sie-lawki-lampy-stojaki-na-rowery\/#respond"]}]},{"@type":"WebPage","@id":"https:\/\/www.24gliwice.pl\/wiadomosci\/mzuk-zmodernizuje-teren-wokol-zbiornika-wodnego-pojawia-sie-lawki-lampy-stojaki-na-rowery\/","url":"https:\/\/www.24gliwice.pl\/wiadomosci\/mzuk-zmodernizuje-teren-wokol-zbiornika-wodnego-pojawia-sie-lawki-lampy-stojaki-na-rowery\/","name":"MZUK zmodernizuje teren wok\u00f3\u0142 zbiornika wodnego. Pojawi\u0105 si\u0119 \u0142awki, lampy, stojaki na rowery - 24GLIWICE - Portal Gliwice | codziennie nowe informacje","isPartOf":{"@id":"https:\/\/www.24gliwice.pl\/wiadomosci\/#website"},"primaryImageOfPage":{"@id":"https:\/\/www.24gliwice.pl\/wiadomosci\/mzuk-zmodernizuje-teren-wokol-zbiornika-wodnego-pojawia-sie-lawki-lampy-stojaki-na-rowery\/#primaryimage"},"image":{"@id":"https:\/\/www.24gliwice.pl\/wiadomosci\/mzuk-zmodernizuje-teren-wokol-zbiornika-wodnego-pojawia-sie-lawki-lampy-stojaki-na-rowery\/#primaryimage"},"thumbnailUrl":"https:\/\/www.24gliwice.pl\/wiadomosci\/wp-content\/uploads\/2018\/03\/staw-przy-Jesiennej2-e1521193055507.jpg","datePublished":"2018-03-19T10:52:51+00:00","breadcrumb":{"@id":"https:\/\/www.24gliwice.pl\/wiadomosci\/mzuk-zmodernizuje-teren-wokol-zbiornika-wodnego-pojawia-sie-lawki-lampy-stojaki-na-rowery\/#breadcrumb"},"inLanguage":"pl-PL","potentialAction":[{"@type":"ReadAction","target":["https:\/\/www.24gliwice.pl\/wiadomosci\/mzuk-zmodernizuje-teren-wokol-zbiornika-wodnego-pojawia-sie-lawki-lampy-stojaki-na-rowery\/"]}]},{"@type":"ImageObject","inLanguage":"pl-PL","@id":"https:\/\/www.24gliwice.pl\/wiadomosci\/mzuk-zmodernizuje-teren-wokol-zbiornika-wodnego-pojawia-sie-lawki-lampy-stojaki-na-rowery\/#primaryimage","url":"https:\/\/www.24gliwice.pl\/wiadomosci\/wp-content\/uploads\/2018\/03\/staw-przy-Jesiennej2-e1521193055507.jpg","contentUrl":"https:\/\/www.24gliwice.pl\/wiadomosci\/wp-content\/uploads\/2018\/03\/staw-przy-Jesiennej2-e1521193055507.jpg","width":810,"height":455},{"@type":"BreadcrumbList","@id":"https:\/\/www.24gliwice.pl\/wiadomosci\/mzuk-zmodernizuje-teren-wokol-zbiornika-wodnego-pojawia-sie-lawki-lampy-stojaki-na-rowery\/#breadcrumb","itemListElement":[{"@type":"ListItem","position":1,"name":"Strona g\u0142\u00f3wna","item":"https:\/\/www.24gliwice.pl\/wiadomosci\/"},{"@type":"ListItem","position":2,"name":"MZUK zmodernizuje teren wok\u00f3\u0142 zbiornika wodnego. Pojawi\u0105 si\u0119 \u0142awki, lampy, stojaki na rowery"}]},{"@type":"WebSite","@id":"https:\/\/www.24gliwice.pl\/wiadomosci\/#website","url":"https:\/\/www.24gliwice.pl\/wiadomosci\/","name":"24GLIWICE - Portal Gliwice | codziennie nowe wiadomo\u015bci","description":"Portal Miejski Gliwice","publisher":{"@id":"https:\/\/www.24gliwice.pl\/wiadomosci\/#organization"},"potentialAction":[{"@type":"SearchAction","target":{"@type":"EntryPoint","urlTemplate":"https:\/\/www.24gliwice.pl\/wiadomosci\/?s={search_term_string}"},"query-input":{"@type":"PropertyValueSpecification","valueRequired":true,"valueName":"search_term_string"}}],"inLanguage":"pl-PL"},{"@type":"Organization","@id":"https:\/\/www.24gliwice.pl\/wiadomosci\/#organization","name":"24gliwice","url":"https:\/\/www.24gliwice.pl\/wiadomosci\/","logo":{"@type":"ImageObject","inLanguage":"pl-PL","@id":"https:\/\/www.24gliwice.pl\/wiadomosci\/#\/schema\/logo\/image\/","url":"https:\/\/www.24gliwice.pl\/wiadomosci\/wp-content\/uploads\/2024\/10\/24gliwice-logo-696.jpg","contentUrl":"https:\/\/www.24gliwice.pl\/wiadomosci\/wp-content\/uploads\/2024\/10\/24gliwice-logo-696.jpg","width":696,"height":696,"caption":"24gliwice"},"image":{"@id":"https:\/\/www.24gliwice.pl\/wiadomosci\/#\/schema\/logo\/image\/"},"sameAs":["https:\/\/www.facebook.com\/24gliwice","https:\/\/x.com\/24gliwice","https:\/\/www.youtube.com\/@24gliwice"]},{"@type":"Person","@id":"https:\/\/www.24gliwice.pl\/wiadomosci\/#\/schema\/person\/e42c650edd7f2fa332be3811fb166b6e","name":"\u017baneta Mrozek-Siewierska","image":{"@type":"ImageObject","inLanguage":"pl-PL","@id":"https:\/\/secure.gravatar.com\/avatar\/1881429e9c64597c77ad7aef2d0a19be69a3253e57534d16aa15bf3a4d34a0a3?s=96&d=mm&r=g","url":"https:\/\/secure.gravatar.com\/avatar\/1881429e9c64597c77ad7aef2d0a19be69a3253e57534d16aa15bf3a4d34a0a3?s=96&d=mm&r=g","contentUrl":"https:\/\/secure.gravatar.com\/avatar\/1881429e9c64597c77ad7aef2d0a19be69a3253e57534d16aa15bf3a4d34a0a3?s=96&d=mm&r=g","caption":"\u017baneta Mrozek-Siewierska"},"url":"https:\/\/www.24gliwice.pl\/wiadomosci\/author\/zms\/"}]}},"_links":{"self":[{"href":"https:\/\/www.24gliwice.pl\/wiadomosci\/wp-json\/wp\/v2\/posts\/114162","targetHints":{"allow":["GET"]}}],"collection":[{"href":"https:\/\/www.24gliwice.pl\/wiadomosci\/wp-json\/wp\/v2\/posts"}],"about":[{"href":"https:\/\/www.24gliwice.pl\/wiadomosci\/wp-json\/wp\/v2\/types\/post"}],"author":[{"embeddable":true,"href":"https:\/\/www.24gliwice.pl\/wiadomosci\/wp-json\/wp\/v2\/users\/15"}],"replies":[{"embeddable":true,"href":"https:\/\/www.24gliwice.pl\/wiadomosci\/wp-json\/wp\/v2\/comments?post=114162"}],"version-history":[{"count":0,"href":"https:\/\/www.24gliwice.pl\/wiadomosci\/wp-json\/wp\/v2\/posts\/114162\/revisions"}],"wp:featuredmedia":[{"embeddable":true,"href":"https:\/\/www.24gliwice.pl\/wiadomosci\/wp-json\/wp\/v2\/media\/114170"}],"wp:attachment":[{"href":"https:\/\/www.24gliwice.pl\/wiadomosci\/wp-json\/wp\/v2\/media?parent=114162"}],"wp:term":[{"taxonomy":"category","embeddable":true,"href":"https:\/\/www.24gliwice.pl\/wiadomosci\/wp-json\/wp\/v2\/categories?post=114162"},{"taxonomy":"post_tag","embeddable":true,"href":"https:\/\/www.24gliwice.pl\/wiadomosci\/wp-json\/wp\/v2\/tags?post=114162"}],"curies":[{"name":"wp","href":"https:\/\/api.w.org\/{rel}","templated":true}]}}