{"id":114279,"date":"2018-03-19T12:45:05","date_gmt":"2018-03-19T11:45:05","guid":{"rendered":"https:\/\/www.24gliwice.pl\/wiadomosci\/?p=114279"},"modified":"2018-03-19T12:52:12","modified_gmt":"2018-03-19T11:52:12","slug":"vito-med-bedzie-pracowal-o-trzy-miesiace-dluzej-pozniej-mozliwa-jest-zmiana-w-organizacji-szpitali","status":"publish","type":"post","link":"https:\/\/www.24gliwice.pl\/wiadomosci\/vito-med-bedzie-pracowal-o-trzy-miesiace-dluzej-pozniej-mozliwa-jest-zmiana-w-organizacji-szpitali\/","title":{"rendered":"Zagro\u017cony zamkni\u0119ciem szpital b\u0119dzie pracowa\u0142 o trzy miesi\u0105ce d\u0142u\u017cej. Podpisano aneks"},"content":{"rendered":"<div class=\"gliwi-a6-nad-leadem-artykulow gliwi-entity-placement\" id=\"gliwi-3452101715\"><div class=\"gliwi-adlabel\"><span style=\"font-size: 9px\">REKLAMA<\/span><\/div><div id=\"gliwi-813984494\" style=\"margin-bottom: 30px;margin-left: auto;margin-right: auto;text-align: center;\"><a data-no-instant=\"1\" href=\"https:\/\/przedszkole.halogen.org.pl\/\" rel=\"noopener\" class=\"a2t-link\" target=\"_blank\" aria-label=\"20260402-ANIMATOR-przedszkole_grafika_750x200\"><img loading=\"lazy\" decoding=\"async\" src=\"https:\/\/www.24gliwice.pl\/wiadomosci\/wp-content\/uploads\/2026\/04\/20260402-ANIMATOR-przedszkole_grafika_750x200.webp\" alt=\"\"  srcset=\"https:\/\/www.24gliwice.pl\/wiadomosci\/wp-content\/uploads\/2026\/04\/20260402-ANIMATOR-przedszkole_grafika_750x200.webp 750w, https:\/\/www.24gliwice.pl\/wiadomosci\/wp-content\/uploads\/2026\/04\/20260402-ANIMATOR-przedszkole_grafika_750x200-410x109.webp 410w\" sizes=\"(max-width: 750px) 100vw, 750px\" class=\"no-lazyload\" width=\"750\" height=\"200\"  style=\"display: inline-block; max-width: 100%; height: auto;\" \/><\/a><\/div><\/div><h3>NFZ zaaneksuje kontrakt ze Szpitalem Vito-Med przy ulicy Radiowej. Ma to nast\u0105pi\u0107 jeszcze w tym tygodniu.\u00a0Wyd\u0142u\u017cy to prac\u0119 oddzia\u0142u wewn\u0119trznego i izby przyj\u0119\u0107 do ko\u0144ca czerwca.<\/h3>\n<p>W poniedzia\u0142ek, 19 marca w siedzibie \u015al\u0105skiego Oddzia\u0142u Wojew\u00f3dzkiego NFZ w Katowicach, odby\u0142o si\u0119 spotkanie dyrektora \u015aOW NFZ <strong>Jerzego Szafranowicza<\/strong> oraz prezydenta Gliwic <strong>Zygmunta Frankiewicza<\/strong>.<\/p>\n<p>Temat spotkania dotyczy\u0142 ko\u0144cz\u0105cych si\u0119 31 marca um\u00f3w w ramach odzia\u0142u chor\u00f3b wewn\u0119trznych i izby przyj\u0119\u0107 w Szpitalu Vito-Med Sp. z o.o. w Gliwicach.<\/p><div class=\"gliwi-a3-w-tresci-artykulow gliwi-entity-placement\" id=\"gliwi-2946999549\"><div class=\"gliwi-adlabel\"><span style=\"font-size: 9px\">REKLAMA<\/span><\/div><div id=\"gliwi-1730750467\" style=\"margin-bottom: 30px;margin-left: auto;margin-right: auto;text-align: center;\"><a data-no-instant=\"1\" href=\"https:\/\/zlobek.halogen.org.pl\/\" rel=\"noopener\" class=\"a2t-link\" target=\"_blank\" aria-label=\"animator-zlobek_750x200\"><img loading=\"lazy\" decoding=\"async\" src=\"https:\/\/www.24gliwice.pl\/wiadomosci\/wp-content\/uploads\/2026\/02\/animator-zlobek_750x200.webp\" alt=\"\"  srcset=\"https:\/\/www.24gliwice.pl\/wiadomosci\/wp-content\/uploads\/2026\/02\/animator-zlobek_750x200.webp 750w, https:\/\/www.24gliwice.pl\/wiadomosci\/wp-content\/uploads\/2026\/02\/animator-zlobek_750x200-410x109.webp 410w\" sizes=\"(max-width: 750px) 100vw, 750px\" class=\"no-lazyload\" width=\"750\" height=\"200\"  style=\"display: inline-block; max-width: 100%; height: auto;\" \/><\/a><\/div><\/div>\n[perfectpullquote align=&#8221;full&#8221; bordertop=&#8221;false&#8221; cite=&#8221;&#8221; link=&#8221;&#8221; color=&#8221;&#8221; class=&#8221;&#8221; size=&#8221;&#8221;]Dyrektor \u015al\u0105skiego OW NFZ przedstawi\u0142 prezydentowi Gliwic propozycj\u0119 trzymiesi\u0119cznego przed\u0142u\u017cenia okresu obowi\u0105zywania um\u00f3w w ww. zakresach. [\/perfectpullquote]\n<p>Zgodnie z procedur\u0105, \u015al\u0105ski OW NFZ wystosuje stosowny wniosek o zgod\u0119 na aneksowanie kontraktu do Prezesa NFZ. Podpisanie aneksu planowane jest na 23 marca (z dat\u0105 obowi\u0105zywania do ko\u0144ca czerwca br.).<\/p>\n<p>Priorytetem dzia\u0142ania \u015al\u0105skiego OW NFZ jest zapewnienie optymalnego dost\u0119pu do \u015bwiadcze\u0144 opieki zdrowotnej dla pacjent\u00f3w z Gliwic i powiatu gliwickiego.<\/p>\n<p>Dodatkowym argumentem, sk\u0142aniaj\u0105cym do decyzji o aneksowaniu umowy, jest prawdopodobna zmiana w organizacji gliwickich szpitali.<br \/>\n(\u017cms)\/\u015aOW NFZ\/MSI<\/p>\n<div class=\"gliwi-a5-na-koncu-artykulow gliwi-entity-placement\" id=\"gliwi-743493110\"><div class=\"gliwi-adlabel\"><span style=\"font-size: 9px\">REKLAMA<\/span><\/div><div id=\"gliwi-1802769376\" style=\"margin-left: auto;margin-right: auto;text-align: center;\"><a data-no-instant=\"1\" href=\"https:\/\/prezeroarenagliwice.pl\/\" rel=\"noopener\" class=\"a2t-link\" target=\"_blank\" aria-label=\"20260309-PREZERO-WIOSNA-D\"><img loading=\"lazy\" decoding=\"async\" src=\"https:\/\/www.24gliwice.pl\/wiadomosci\/wp-content\/uploads\/2026\/03\/20260309-PREZERO-WIOSNA-D.webp\" alt=\"\"  srcset=\"https:\/\/www.24gliwice.pl\/wiadomosci\/wp-content\/uploads\/2026\/03\/20260309-PREZERO-WIOSNA-D.webp 750w, https:\/\/www.24gliwice.pl\/wiadomosci\/wp-content\/uploads\/2026\/03\/20260309-PREZERO-WIOSNA-D-410x109.webp 410w\" sizes=\"(max-width: 750px) 100vw, 750px\" class=\"no-lazyload\" width=\"750\" height=\"200\"  style=\"display: inline-block; max-width: 100%; height: auto;\" \/><\/a><\/div><\/div>","protected":false},"excerpt":{"rendered":"<p>NFZ zaaneksuje kontrakt ze Szpitalem Vito-Med przy ulicy Radiowej. Ma to nast\u0105pi\u0107 jeszcze w tym tygodniu.\u00a0Wyd\u0142u\u017cy to prac\u0119 oddzia\u0142u wewn\u0119trznego i izby przyj\u0119\u0107 do ko\u0144ca czerwca. W poniedzia\u0142ek, 19 marca w siedzibie \u015al\u0105skiego Oddzia\u0142u Wojew\u00f3dzkiego NFZ w Katowicach, odby\u0142o si\u0119 spotkanie dyrektora \u015aOW NFZ Jerzego Szafranowicza oraz prezydenta Gliwic Zygmunta Frankiewicza. Temat spotkania dotyczy\u0142 ko\u0144cz\u0105cych [&hellip;]<\/p>\n","protected":false},"author":15,"featured_media":114288,"comment_status":"open","ping_status":"closed","sticky":false,"template":"","format":"standard","meta":{"_monsterinsights_skip_tracking":false,"_monsterinsights_sitenote_active":false,"_monsterinsights_sitenote_note":"","_monsterinsights_sitenote_category":0,"footnotes":"","_links_to":"","_links_to_target":""},"categories":[3,1,9,8],"tags":[9475,11871,5587,5000,9063],"class_list":["post-114279","post","type-post","status-publish","format-standard","has-post-thumbnail","hentry","category-gliwice","category-wszystko","category-aktualnosci_lokalne","category-samorzad_polityka","tag-kontrakt","tag-kontrakt-z-nfz","tag-radiowa","tag-szpital","tag-vito-med"],"yoast_head":"<!-- This site is optimized with the Yoast SEO plugin v27.5 - https:\/\/yoast.com\/product\/yoast-seo-wordpress\/ -->\n<title>Zagro\u017cony zamkni\u0119ciem szpital b\u0119dzie pracowa\u0142 o trzy miesi\u0105ce d\u0142u\u017cej. Podpisano aneks - 24GLIWICE - Portal Gliwice | codziennie nowe informacje<\/title>\n<meta name=\"robots\" content=\"index, follow, max-snippet:-1, max-image-preview:large, max-video-preview:-1\" \/>\n<link rel=\"canonical\" href=\"https:\/\/www.24gliwice.pl\/wiadomosci\/vito-med-bedzie-pracowal-o-trzy-miesiace-dluzej-pozniej-mozliwa-jest-zmiana-w-organizacji-szpitali\/\" \/>\n<meta property=\"og:locale\" content=\"pl_PL\" \/>\n<meta property=\"og:type\" content=\"article\" \/>\n<meta property=\"og:title\" content=\"Zagro\u017cony zamkni\u0119ciem szpital b\u0119dzie pracowa\u0142 o trzy miesi\u0105ce d\u0142u\u017cej. Podpisano aneks - 24GLIWICE - Portal Gliwice | codziennie nowe informacje\" \/>\n<meta property=\"og:description\" content=\"NFZ zaaneksuje kontrakt ze Szpitalem Vito-Med przy ulicy Radiowej. Ma to nast\u0105pi\u0107 jeszcze w tym tygodniu.\u00a0Wyd\u0142u\u017cy to prac\u0119 oddzia\u0142u wewn\u0119trznego i izby przyj\u0119\u0107 do ko\u0144ca czerwca. W poniedzia\u0142ek, 19 marca w siedzibie \u015al\u0105skiego Oddzia\u0142u Wojew\u00f3dzkiego NFZ w Katowicach, odby\u0142o si\u0119 spotkanie dyrektora \u015aOW NFZ Jerzego Szafranowicza oraz prezydenta Gliwic Zygmunta Frankiewicza. Temat spotkania dotyczy\u0142 ko\u0144cz\u0105cych [&hellip;]\" \/>\n<meta property=\"og:url\" content=\"https:\/\/www.24gliwice.pl\/wiadomosci\/vito-med-bedzie-pracowal-o-trzy-miesiace-dluzej-pozniej-mozliwa-jest-zmiana-w-organizacji-szpitali\/\" \/>\n<meta property=\"og:site_name\" content=\"24GLIWICE - Portal Gliwice | codziennie nowe informacje\" \/>\n<meta property=\"article:publisher\" content=\"https:\/\/www.facebook.com\/24gliwice\" \/>\n<meta property=\"article:published_time\" content=\"2018-03-19T11:45:05+00:00\" \/>\n<meta property=\"article:modified_time\" content=\"2018-03-19T11:52:12+00:00\" \/>\n<meta property=\"og:image\" content=\"https:\/\/www.24gliwice.pl\/wiadomosci\/wp-content\/uploads\/2018\/03\/1-szpital-radiowa-2-1.jpg\" \/>\n\t<meta property=\"og:image:width\" content=\"810\" \/>\n\t<meta property=\"og:image:height\" content=\"456\" \/>\n\t<meta property=\"og:image:type\" content=\"image\/jpeg\" \/>\n<meta name=\"author\" content=\"\u017baneta Mrozek-Siewierska\" \/>\n<meta name=\"twitter:card\" content=\"summary_large_image\" \/>\n<meta name=\"twitter:creator\" content=\"@24gliwice\" \/>\n<meta name=\"twitter:site\" content=\"@24gliwice\" \/>\n<meta name=\"twitter:label1\" content=\"Napisane przez\" \/>\n\t<meta name=\"twitter:data1\" content=\"\u017baneta Mrozek-Siewierska\" \/>\n\t<meta name=\"twitter:label2\" content=\"Szacowany czas czytania\" \/>\n\t<meta name=\"twitter:data2\" content=\"1 minuta\" \/>\n<script type=\"application\/ld+json\" class=\"yoast-schema-graph\">{\"@context\":\"https:\\\/\\\/schema.org\",\"@graph\":[{\"@type\":\"Article\",\"@id\":\"https:\\\/\\\/www.24gliwice.pl\\\/wiadomosci\\\/vito-med-bedzie-pracowal-o-trzy-miesiace-dluzej-pozniej-mozliwa-jest-zmiana-w-organizacji-szpitali\\\/#article\",\"isPartOf\":{\"@id\":\"https:\\\/\\\/www.24gliwice.pl\\\/wiadomosci\\\/vito-med-bedzie-pracowal-o-trzy-miesiace-dluzej-pozniej-mozliwa-jest-zmiana-w-organizacji-szpitali\\\/\"},\"author\":{\"name\":\"\u017baneta Mrozek-Siewierska\",\"@id\":\"https:\\\/\\\/www.24gliwice.pl\\\/wiadomosci\\\/#\\\/schema\\\/person\\\/e42c650edd7f2fa332be3811fb166b6e\"},\"headline\":\"Zagro\u017cony zamkni\u0119ciem szpital b\u0119dzie pracowa\u0142 o trzy miesi\u0105ce d\u0142u\u017cej. Podpisano aneks\",\"datePublished\":\"2018-03-19T11:45:05+00:00\",\"dateModified\":\"2018-03-19T11:52:12+00:00\",\"mainEntityOfPage\":{\"@id\":\"https:\\\/\\\/www.24gliwice.pl\\\/wiadomosci\\\/vito-med-bedzie-pracowal-o-trzy-miesiace-dluzej-pozniej-mozliwa-jest-zmiana-w-organizacji-szpitali\\\/\"},\"wordCount\":220,\"commentCount\":0,\"publisher\":{\"@id\":\"https:\\\/\\\/www.24gliwice.pl\\\/wiadomosci\\\/#organization\"},\"image\":{\"@id\":\"https:\\\/\\\/www.24gliwice.pl\\\/wiadomosci\\\/vito-med-bedzie-pracowal-o-trzy-miesiace-dluzej-pozniej-mozliwa-jest-zmiana-w-organizacji-szpitali\\\/#primaryimage\"},\"thumbnailUrl\":\"https:\\\/\\\/www.24gliwice.pl\\\/wiadomosci\\\/wp-content\\\/uploads\\\/2018\\\/03\\\/1-szpital-radiowa-2-1.jpg\",\"keywords\":[\"kontrakt\",\"kontrakt z nfz\",\"radiowa\",\"SZPITAL\",\"vito-med\"],\"articleSection\":[\"Gliwice\",\"Najnowsze wiadomo\u015bci\",\"Portal Gliwice - Wiadomo\u015bci lokalne\",\"Samorz\u0105d, polityka\"],\"inLanguage\":\"pl-PL\",\"potentialAction\":[{\"@type\":\"CommentAction\",\"name\":\"Comment\",\"target\":[\"https:\\\/\\\/www.24gliwice.pl\\\/wiadomosci\\\/vito-med-bedzie-pracowal-o-trzy-miesiace-dluzej-pozniej-mozliwa-jest-zmiana-w-organizacji-szpitali\\\/#respond\"]}]},{\"@type\":\"WebPage\",\"@id\":\"https:\\\/\\\/www.24gliwice.pl\\\/wiadomosci\\\/vito-med-bedzie-pracowal-o-trzy-miesiace-dluzej-pozniej-mozliwa-jest-zmiana-w-organizacji-szpitali\\\/\",\"url\":\"https:\\\/\\\/www.24gliwice.pl\\\/wiadomosci\\\/vito-med-bedzie-pracowal-o-trzy-miesiace-dluzej-pozniej-mozliwa-jest-zmiana-w-organizacji-szpitali\\\/\",\"name\":\"Zagro\u017cony zamkni\u0119ciem szpital b\u0119dzie pracowa\u0142 o trzy miesi\u0105ce d\u0142u\u017cej. Podpisano aneks - 24GLIWICE - Portal Gliwice | codziennie nowe informacje\",\"isPartOf\":{\"@id\":\"https:\\\/\\\/www.24gliwice.pl\\\/wiadomosci\\\/#website\"},\"primaryImageOfPage\":{\"@id\":\"https:\\\/\\\/www.24gliwice.pl\\\/wiadomosci\\\/vito-med-bedzie-pracowal-o-trzy-miesiace-dluzej-pozniej-mozliwa-jest-zmiana-w-organizacji-szpitali\\\/#primaryimage\"},\"image\":{\"@id\":\"https:\\\/\\\/www.24gliwice.pl\\\/wiadomosci\\\/vito-med-bedzie-pracowal-o-trzy-miesiace-dluzej-pozniej-mozliwa-jest-zmiana-w-organizacji-szpitali\\\/#primaryimage\"},\"thumbnailUrl\":\"https:\\\/\\\/www.24gliwice.pl\\\/wiadomosci\\\/wp-content\\\/uploads\\\/2018\\\/03\\\/1-szpital-radiowa-2-1.jpg\",\"datePublished\":\"2018-03-19T11:45:05+00:00\",\"dateModified\":\"2018-03-19T11:52:12+00:00\",\"breadcrumb\":{\"@id\":\"https:\\\/\\\/www.24gliwice.pl\\\/wiadomosci\\\/vito-med-bedzie-pracowal-o-trzy-miesiace-dluzej-pozniej-mozliwa-jest-zmiana-w-organizacji-szpitali\\\/#breadcrumb\"},\"inLanguage\":\"pl-PL\",\"potentialAction\":[{\"@type\":\"ReadAction\",\"target\":[\"https:\\\/\\\/www.24gliwice.pl\\\/wiadomosci\\\/vito-med-bedzie-pracowal-o-trzy-miesiace-dluzej-pozniej-mozliwa-jest-zmiana-w-organizacji-szpitali\\\/\"]}]},{\"@type\":\"ImageObject\",\"inLanguage\":\"pl-PL\",\"@id\":\"https:\\\/\\\/www.24gliwice.pl\\\/wiadomosci\\\/vito-med-bedzie-pracowal-o-trzy-miesiace-dluzej-pozniej-mozliwa-jest-zmiana-w-organizacji-szpitali\\\/#primaryimage\",\"url\":\"https:\\\/\\\/www.24gliwice.pl\\\/wiadomosci\\\/wp-content\\\/uploads\\\/2018\\\/03\\\/1-szpital-radiowa-2-1.jpg\",\"contentUrl\":\"https:\\\/\\\/www.24gliwice.pl\\\/wiadomosci\\\/wp-content\\\/uploads\\\/2018\\\/03\\\/1-szpital-radiowa-2-1.jpg\",\"width\":810,\"height\":456},{\"@type\":\"BreadcrumbList\",\"@id\":\"https:\\\/\\\/www.24gliwice.pl\\\/wiadomosci\\\/vito-med-bedzie-pracowal-o-trzy-miesiace-dluzej-pozniej-mozliwa-jest-zmiana-w-organizacji-szpitali\\\/#breadcrumb\",\"itemListElement\":[{\"@type\":\"ListItem\",\"position\":1,\"name\":\"Strona g\u0142\u00f3wna\",\"item\":\"https:\\\/\\\/www.24gliwice.pl\\\/wiadomosci\\\/\"},{\"@type\":\"ListItem\",\"position\":2,\"name\":\"Zagro\u017cony zamkni\u0119ciem szpital b\u0119dzie pracowa\u0142 o trzy miesi\u0105ce d\u0142u\u017cej. Podpisano aneks\"}]},{\"@type\":\"WebSite\",\"@id\":\"https:\\\/\\\/www.24gliwice.pl\\\/wiadomosci\\\/#website\",\"url\":\"https:\\\/\\\/www.24gliwice.pl\\\/wiadomosci\\\/\",\"name\":\"24GLIWICE - Portal Gliwice | codziennie nowe wiadomo\u015bci\",\"description\":\"Portal Miejski Gliwice\",\"publisher\":{\"@id\":\"https:\\\/\\\/www.24gliwice.pl\\\/wiadomosci\\\/#organization\"},\"potentialAction\":[{\"@type\":\"SearchAction\",\"target\":{\"@type\":\"EntryPoint\",\"urlTemplate\":\"https:\\\/\\\/www.24gliwice.pl\\\/wiadomosci\\\/?s={search_term_string}\"},\"query-input\":{\"@type\":\"PropertyValueSpecification\",\"valueRequired\":true,\"valueName\":\"search_term_string\"}}],\"inLanguage\":\"pl-PL\"},{\"@type\":\"Organization\",\"@id\":\"https:\\\/\\\/www.24gliwice.pl\\\/wiadomosci\\\/#organization\",\"name\":\"24gliwice\",\"url\":\"https:\\\/\\\/www.24gliwice.pl\\\/wiadomosci\\\/\",\"logo\":{\"@type\":\"ImageObject\",\"inLanguage\":\"pl-PL\",\"@id\":\"https:\\\/\\\/www.24gliwice.pl\\\/wiadomosci\\\/#\\\/schema\\\/logo\\\/image\\\/\",\"url\":\"https:\\\/\\\/www.24gliwice.pl\\\/wiadomosci\\\/wp-content\\\/uploads\\\/2024\\\/10\\\/24gliwice-logo-696.jpg\",\"contentUrl\":\"https:\\\/\\\/www.24gliwice.pl\\\/wiadomosci\\\/wp-content\\\/uploads\\\/2024\\\/10\\\/24gliwice-logo-696.jpg\",\"width\":696,\"height\":696,\"caption\":\"24gliwice\"},\"image\":{\"@id\":\"https:\\\/\\\/www.24gliwice.pl\\\/wiadomosci\\\/#\\\/schema\\\/logo\\\/image\\\/\"},\"sameAs\":[\"https:\\\/\\\/www.facebook.com\\\/24gliwice\",\"https:\\\/\\\/x.com\\\/24gliwice\",\"https:\\\/\\\/www.youtube.com\\\/@24gliwice\"]},{\"@type\":\"Person\",\"@id\":\"https:\\\/\\\/www.24gliwice.pl\\\/wiadomosci\\\/#\\\/schema\\\/person\\\/e42c650edd7f2fa332be3811fb166b6e\",\"name\":\"\u017baneta Mrozek-Siewierska\",\"image\":{\"@type\":\"ImageObject\",\"inLanguage\":\"pl-PL\",\"@id\":\"https:\\\/\\\/secure.gravatar.com\\\/avatar\\\/1881429e9c64597c77ad7aef2d0a19be69a3253e57534d16aa15bf3a4d34a0a3?s=96&d=mm&r=g\",\"url\":\"https:\\\/\\\/secure.gravatar.com\\\/avatar\\\/1881429e9c64597c77ad7aef2d0a19be69a3253e57534d16aa15bf3a4d34a0a3?s=96&d=mm&r=g\",\"contentUrl\":\"https:\\\/\\\/secure.gravatar.com\\\/avatar\\\/1881429e9c64597c77ad7aef2d0a19be69a3253e57534d16aa15bf3a4d34a0a3?s=96&d=mm&r=g\",\"caption\":\"\u017baneta Mrozek-Siewierska\"},\"url\":\"https:\\\/\\\/www.24gliwice.pl\\\/wiadomosci\\\/author\\\/zms\\\/\"}]}<\/script>\n<!-- \/ Yoast SEO plugin. -->","yoast_head_json":{"title":"Zagro\u017cony zamkni\u0119ciem szpital b\u0119dzie pracowa\u0142 o trzy miesi\u0105ce d\u0142u\u017cej. Podpisano aneks - 24GLIWICE - Portal Gliwice | codziennie nowe informacje","robots":{"index":"index","follow":"follow","max-snippet":"max-snippet:-1","max-image-preview":"max-image-preview:large","max-video-preview":"max-video-preview:-1"},"canonical":"https:\/\/www.24gliwice.pl\/wiadomosci\/vito-med-bedzie-pracowal-o-trzy-miesiace-dluzej-pozniej-mozliwa-jest-zmiana-w-organizacji-szpitali\/","og_locale":"pl_PL","og_type":"article","og_title":"Zagro\u017cony zamkni\u0119ciem szpital b\u0119dzie pracowa\u0142 o trzy miesi\u0105ce d\u0142u\u017cej. Podpisano aneks - 24GLIWICE - Portal Gliwice | codziennie nowe informacje","og_description":"NFZ zaaneksuje kontrakt ze Szpitalem Vito-Med przy ulicy Radiowej. Ma to nast\u0105pi\u0107 jeszcze w tym tygodniu.\u00a0Wyd\u0142u\u017cy to prac\u0119 oddzia\u0142u wewn\u0119trznego i izby przyj\u0119\u0107 do ko\u0144ca czerwca. W poniedzia\u0142ek, 19 marca w siedzibie \u015al\u0105skiego Oddzia\u0142u Wojew\u00f3dzkiego NFZ w Katowicach, odby\u0142o si\u0119 spotkanie dyrektora \u015aOW NFZ Jerzego Szafranowicza oraz prezydenta Gliwic Zygmunta Frankiewicza. Temat spotkania dotyczy\u0142 ko\u0144cz\u0105cych [&hellip;]","og_url":"https:\/\/www.24gliwice.pl\/wiadomosci\/vito-med-bedzie-pracowal-o-trzy-miesiace-dluzej-pozniej-mozliwa-jest-zmiana-w-organizacji-szpitali\/","og_site_name":"24GLIWICE - Portal Gliwice | codziennie nowe informacje","article_publisher":"https:\/\/www.facebook.com\/24gliwice","article_published_time":"2018-03-19T11:45:05+00:00","article_modified_time":"2018-03-19T11:52:12+00:00","og_image":[{"width":810,"height":456,"url":"https:\/\/www.24gliwice.pl\/wiadomosci\/wp-content\/uploads\/2018\/03\/1-szpital-radiowa-2-1.jpg","type":"image\/jpeg"}],"author":"\u017baneta Mrozek-Siewierska","twitter_card":"summary_large_image","twitter_creator":"@24gliwice","twitter_site":"@24gliwice","twitter_misc":{"Napisane przez":"\u017baneta Mrozek-Siewierska","Szacowany czas czytania":"1 minuta"},"schema":{"@context":"https:\/\/schema.org","@graph":[{"@type":"Article","@id":"https:\/\/www.24gliwice.pl\/wiadomosci\/vito-med-bedzie-pracowal-o-trzy-miesiace-dluzej-pozniej-mozliwa-jest-zmiana-w-organizacji-szpitali\/#article","isPartOf":{"@id":"https:\/\/www.24gliwice.pl\/wiadomosci\/vito-med-bedzie-pracowal-o-trzy-miesiace-dluzej-pozniej-mozliwa-jest-zmiana-w-organizacji-szpitali\/"},"author":{"name":"\u017baneta Mrozek-Siewierska","@id":"https:\/\/www.24gliwice.pl\/wiadomosci\/#\/schema\/person\/e42c650edd7f2fa332be3811fb166b6e"},"headline":"Zagro\u017cony zamkni\u0119ciem szpital b\u0119dzie pracowa\u0142 o trzy miesi\u0105ce d\u0142u\u017cej. Podpisano aneks","datePublished":"2018-03-19T11:45:05+00:00","dateModified":"2018-03-19T11:52:12+00:00","mainEntityOfPage":{"@id":"https:\/\/www.24gliwice.pl\/wiadomosci\/vito-med-bedzie-pracowal-o-trzy-miesiace-dluzej-pozniej-mozliwa-jest-zmiana-w-organizacji-szpitali\/"},"wordCount":220,"commentCount":0,"publisher":{"@id":"https:\/\/www.24gliwice.pl\/wiadomosci\/#organization"},"image":{"@id":"https:\/\/www.24gliwice.pl\/wiadomosci\/vito-med-bedzie-pracowal-o-trzy-miesiace-dluzej-pozniej-mozliwa-jest-zmiana-w-organizacji-szpitali\/#primaryimage"},"thumbnailUrl":"https:\/\/www.24gliwice.pl\/wiadomosci\/wp-content\/uploads\/2018\/03\/1-szpital-radiowa-2-1.jpg","keywords":["kontrakt","kontrakt z nfz","radiowa","SZPITAL","vito-med"],"articleSection":["Gliwice","Najnowsze wiadomo\u015bci","Portal Gliwice - Wiadomo\u015bci lokalne","Samorz\u0105d, polityka"],"inLanguage":"pl-PL","potentialAction":[{"@type":"CommentAction","name":"Comment","target":["https:\/\/www.24gliwice.pl\/wiadomosci\/vito-med-bedzie-pracowal-o-trzy-miesiace-dluzej-pozniej-mozliwa-jest-zmiana-w-organizacji-szpitali\/#respond"]}]},{"@type":"WebPage","@id":"https:\/\/www.24gliwice.pl\/wiadomosci\/vito-med-bedzie-pracowal-o-trzy-miesiace-dluzej-pozniej-mozliwa-jest-zmiana-w-organizacji-szpitali\/","url":"https:\/\/www.24gliwice.pl\/wiadomosci\/vito-med-bedzie-pracowal-o-trzy-miesiace-dluzej-pozniej-mozliwa-jest-zmiana-w-organizacji-szpitali\/","name":"Zagro\u017cony zamkni\u0119ciem szpital b\u0119dzie pracowa\u0142 o trzy miesi\u0105ce d\u0142u\u017cej. Podpisano aneks - 24GLIWICE - Portal Gliwice | codziennie nowe informacje","isPartOf":{"@id":"https:\/\/www.24gliwice.pl\/wiadomosci\/#website"},"primaryImageOfPage":{"@id":"https:\/\/www.24gliwice.pl\/wiadomosci\/vito-med-bedzie-pracowal-o-trzy-miesiace-dluzej-pozniej-mozliwa-jest-zmiana-w-organizacji-szpitali\/#primaryimage"},"image":{"@id":"https:\/\/www.24gliwice.pl\/wiadomosci\/vito-med-bedzie-pracowal-o-trzy-miesiace-dluzej-pozniej-mozliwa-jest-zmiana-w-organizacji-szpitali\/#primaryimage"},"thumbnailUrl":"https:\/\/www.24gliwice.pl\/wiadomosci\/wp-content\/uploads\/2018\/03\/1-szpital-radiowa-2-1.jpg","datePublished":"2018-03-19T11:45:05+00:00","dateModified":"2018-03-19T11:52:12+00:00","breadcrumb":{"@id":"https:\/\/www.24gliwice.pl\/wiadomosci\/vito-med-bedzie-pracowal-o-trzy-miesiace-dluzej-pozniej-mozliwa-jest-zmiana-w-organizacji-szpitali\/#breadcrumb"},"inLanguage":"pl-PL","potentialAction":[{"@type":"ReadAction","target":["https:\/\/www.24gliwice.pl\/wiadomosci\/vito-med-bedzie-pracowal-o-trzy-miesiace-dluzej-pozniej-mozliwa-jest-zmiana-w-organizacji-szpitali\/"]}]},{"@type":"ImageObject","inLanguage":"pl-PL","@id":"https:\/\/www.24gliwice.pl\/wiadomosci\/vito-med-bedzie-pracowal-o-trzy-miesiace-dluzej-pozniej-mozliwa-jest-zmiana-w-organizacji-szpitali\/#primaryimage","url":"https:\/\/www.24gliwice.pl\/wiadomosci\/wp-content\/uploads\/2018\/03\/1-szpital-radiowa-2-1.jpg","contentUrl":"https:\/\/www.24gliwice.pl\/wiadomosci\/wp-content\/uploads\/2018\/03\/1-szpital-radiowa-2-1.jpg","width":810,"height":456},{"@type":"BreadcrumbList","@id":"https:\/\/www.24gliwice.pl\/wiadomosci\/vito-med-bedzie-pracowal-o-trzy-miesiace-dluzej-pozniej-mozliwa-jest-zmiana-w-organizacji-szpitali\/#breadcrumb","itemListElement":[{"@type":"ListItem","position":1,"name":"Strona g\u0142\u00f3wna","item":"https:\/\/www.24gliwice.pl\/wiadomosci\/"},{"@type":"ListItem","position":2,"name":"Zagro\u017cony zamkni\u0119ciem szpital b\u0119dzie pracowa\u0142 o trzy miesi\u0105ce d\u0142u\u017cej. Podpisano aneks"}]},{"@type":"WebSite","@id":"https:\/\/www.24gliwice.pl\/wiadomosci\/#website","url":"https:\/\/www.24gliwice.pl\/wiadomosci\/","name":"24GLIWICE - Portal Gliwice | codziennie nowe wiadomo\u015bci","description":"Portal Miejski Gliwice","publisher":{"@id":"https:\/\/www.24gliwice.pl\/wiadomosci\/#organization"},"potentialAction":[{"@type":"SearchAction","target":{"@type":"EntryPoint","urlTemplate":"https:\/\/www.24gliwice.pl\/wiadomosci\/?s={search_term_string}"},"query-input":{"@type":"PropertyValueSpecification","valueRequired":true,"valueName":"search_term_string"}}],"inLanguage":"pl-PL"},{"@type":"Organization","@id":"https:\/\/www.24gliwice.pl\/wiadomosci\/#organization","name":"24gliwice","url":"https:\/\/www.24gliwice.pl\/wiadomosci\/","logo":{"@type":"ImageObject","inLanguage":"pl-PL","@id":"https:\/\/www.24gliwice.pl\/wiadomosci\/#\/schema\/logo\/image\/","url":"https:\/\/www.24gliwice.pl\/wiadomosci\/wp-content\/uploads\/2024\/10\/24gliwice-logo-696.jpg","contentUrl":"https:\/\/www.24gliwice.pl\/wiadomosci\/wp-content\/uploads\/2024\/10\/24gliwice-logo-696.jpg","width":696,"height":696,"caption":"24gliwice"},"image":{"@id":"https:\/\/www.24gliwice.pl\/wiadomosci\/#\/schema\/logo\/image\/"},"sameAs":["https:\/\/www.facebook.com\/24gliwice","https:\/\/x.com\/24gliwice","https:\/\/www.youtube.com\/@24gliwice"]},{"@type":"Person","@id":"https:\/\/www.24gliwice.pl\/wiadomosci\/#\/schema\/person\/e42c650edd7f2fa332be3811fb166b6e","name":"\u017baneta Mrozek-Siewierska","image":{"@type":"ImageObject","inLanguage":"pl-PL","@id":"https:\/\/secure.gravatar.com\/avatar\/1881429e9c64597c77ad7aef2d0a19be69a3253e57534d16aa15bf3a4d34a0a3?s=96&d=mm&r=g","url":"https:\/\/secure.gravatar.com\/avatar\/1881429e9c64597c77ad7aef2d0a19be69a3253e57534d16aa15bf3a4d34a0a3?s=96&d=mm&r=g","contentUrl":"https:\/\/secure.gravatar.com\/avatar\/1881429e9c64597c77ad7aef2d0a19be69a3253e57534d16aa15bf3a4d34a0a3?s=96&d=mm&r=g","caption":"\u017baneta Mrozek-Siewierska"},"url":"https:\/\/www.24gliwice.pl\/wiadomosci\/author\/zms\/"}]}},"_links":{"self":[{"href":"https:\/\/www.24gliwice.pl\/wiadomosci\/wp-json\/wp\/v2\/posts\/114279","targetHints":{"allow":["GET"]}}],"collection":[{"href":"https:\/\/www.24gliwice.pl\/wiadomosci\/wp-json\/wp\/v2\/posts"}],"about":[{"href":"https:\/\/www.24gliwice.pl\/wiadomosci\/wp-json\/wp\/v2\/types\/post"}],"author":[{"embeddable":true,"href":"https:\/\/www.24gliwice.pl\/wiadomosci\/wp-json\/wp\/v2\/users\/15"}],"replies":[{"embeddable":true,"href":"https:\/\/www.24gliwice.pl\/wiadomosci\/wp-json\/wp\/v2\/comments?post=114279"}],"version-history":[{"count":0,"href":"https:\/\/www.24gliwice.pl\/wiadomosci\/wp-json\/wp\/v2\/posts\/114279\/revisions"}],"wp:featuredmedia":[{"embeddable":true,"href":"https:\/\/www.24gliwice.pl\/wiadomosci\/wp-json\/wp\/v2\/media\/114288"}],"wp:attachment":[{"href":"https:\/\/www.24gliwice.pl\/wiadomosci\/wp-json\/wp\/v2\/media?parent=114279"}],"wp:term":[{"taxonomy":"category","embeddable":true,"href":"https:\/\/www.24gliwice.pl\/wiadomosci\/wp-json\/wp\/v2\/categories?post=114279"},{"taxonomy":"post_tag","embeddable":true,"href":"https:\/\/www.24gliwice.pl\/wiadomosci\/wp-json\/wp\/v2\/tags?post=114279"}],"curies":[{"name":"wp","href":"https:\/\/api.w.org\/{rel}","templated":true}]}}