{"id":114308,"date":"2018-03-20T02:06:44","date_gmt":"2018-03-20T01:06:44","guid":{"rendered":"https:\/\/www.24gliwice.pl\/wiadomosci\/?p=114308"},"modified":"2018-03-20T07:59:57","modified_gmt":"2018-03-20T06:59:57","slug":"klony-znad-klodnicy-pojda-pod-pile-radni-maja-decydowac-o-zniesieniu-statusu-pomnika-przyrody","status":"publish","type":"post","link":"https:\/\/www.24gliwice.pl\/wiadomosci\/klony-znad-klodnicy-pojda-pod-pile-radni-maja-decydowac-o-zniesieniu-statusu-pomnika-przyrody\/","title":{"rendered":"Klony znad K\u0142odnicy p\u00f3jd\u0105 pod pi\u0142\u0119? Radni maj\u0105 decydowa\u0107 o zniesieniu statusu pomnika przyrody"},"content":{"rendered":"<div class=\"gliwi-a6-nad-leadem-artykulow gliwi-entity-placement\" id=\"gliwi-981447201\"><div class=\"gliwi-adlabel\"><span style=\"font-size: 9px\">REKLAMA<\/span><\/div><div id=\"gliwi-16096318\" style=\"margin-bottom: 25px;margin-left: auto;margin-right: auto;text-align: center;\"><a data-no-instant=\"1\" href=\"https:\/\/dom100.eu\/\" rel=\"noopener\" class=\"a2t-link\" target=\"_blank\" aria-label=\"20260415 DOM100 D\"><img loading=\"lazy\" decoding=\"async\" src=\"https:\/\/www.24gliwice.pl\/wiadomosci\/wp-content\/uploads\/2026\/04\/20260415-DOM100-D.jpg\" alt=\"\"  srcset=\"https:\/\/www.24gliwice.pl\/wiadomosci\/wp-content\/uploads\/2026\/04\/20260415-DOM100-D.jpg 750w, https:\/\/www.24gliwice.pl\/wiadomosci\/wp-content\/uploads\/2026\/04\/20260415-DOM100-D-410x109.jpg 410w\" sizes=\"(max-width: 750px) 100vw, 750px\" class=\"no-lazyload\" width=\"750\" height=\"200\"  style=\"display: inline-block; max-width: 100%; height: auto;\" \/><\/a><\/div><\/div><h3>Aleja klon\u00f3w przy ul. K\u0142odnickiej ju\u017c wkr\u00f3tce mo\u017ce utraci\u0107 status pomnika przyrody. W czwartek na ten temat debatowa\u0107 maj\u0105 gliwiccy radni. W internecie szybko pojawi\u0142y si\u0119 sugestie, \u017ce to przygotowanie do wycinki drzew.<\/h3>\n<p> Ich stan stwarza zagro\u017cenie &#8211; argumentuj\u0105 urz\u0119dnicy. Innego zdania s\u0105 obro\u0144cy drzew. &#8211; Uwa\u017camy to za skandal. O przyrod\u0119 trzeba dba\u0107, a nie traktowa\u0107 jako z\u0142o konieczne. Wszystko w r\u0119kach radnych, wi\u0119c patrzcie im na r\u0119ce &#8211; napisali w o\u015bwiadczeniu.<\/p>\n<h4>&#8220;ZAGRO\u017bENIA DLA OS\u00d3B I MIENIA&#8221;<\/H4><\/p><div class=\"gliwi-a3-w-tresci-artykulow gliwi-entity-placement\" id=\"gliwi-975915748\"><div class=\"gliwi-adlabel\"><span style=\"font-size: 9px\">REKLAMA<\/span><\/div><div id=\"gliwi-3760303746\" style=\"margin-bottom: 30px;margin-left: auto;margin-right: auto;text-align: center;\"><a data-no-instant=\"1\" href=\"https:\/\/zlobek.halogen.org.pl\/\" rel=\"noopener\" class=\"a2t-link\" target=\"_blank\" aria-label=\"animator-zlobek_750x200\"><img loading=\"lazy\" decoding=\"async\" src=\"https:\/\/www.24gliwice.pl\/wiadomosci\/wp-content\/uploads\/2026\/02\/animator-zlobek_750x200.webp\" alt=\"\"  srcset=\"https:\/\/www.24gliwice.pl\/wiadomosci\/wp-content\/uploads\/2026\/02\/animator-zlobek_750x200.webp 750w, https:\/\/www.24gliwice.pl\/wiadomosci\/wp-content\/uploads\/2026\/02\/animator-zlobek_750x200-410x109.webp 410w\" sizes=\"(max-width: 750px) 100vw, 750px\" class=\"no-lazyload\" width=\"750\" height=\"200\"  style=\"display: inline-block; max-width: 100%; height: auto;\" \/><\/a><\/div><\/div>\n<p>Klony znad K\u0142odnicy pomnikiem przyrody s\u0105 od 2005 roku. Zyska\u0142y ten status ze wzgl\u0119du na szczeg\u00f3lne walory przyrodnicze. Teraz, jak argumentuje Magistrat, drzewa nie tylko straci\u0142y na warto\u015bci, ale mog\u0105 te\u017c stanowi\u0107 zagro\u017cenie dla &#8220;bezpiecze\u0144stwa powszechnego&#8221;.<\/p>\n<p>&#8211; Ca\u0142kowita utrata warto\u015bci przyrodniczych nast\u0105pi\u0142a w przypadku czterech drzew z\u0142amanych w wyniku silnych wiatr\u00f3w (drzewa martwe). W przypadku pozosta\u0142ych drzew stwierdzono post\u0119puj\u0105ce pogorszenie stanu zdrowotnego oraz brak mo\u017cliwo\u015bci wykonywania efektywnych zabieg\u00f3w piel\u0119gnacyjnych, kt\u00f3re pozwoli\u0142yby na zahamowanie proces\u00f3w obumierania drzew &#8211; czytamy w uzasadnieniu uchwa\u0142y.<\/p>\n<div id=\"attachment_114312\" style=\"width: 1210px\" class=\"wp-caption alignnone\"><img loading=\"lazy\" decoding=\"async\" aria-describedby=\"caption-attachment-114312\" src=\"https:\/\/www.24gliwice.pl\/wiadomosci\/wp-content\/uploads\/2018\/03\/29432754_10156270282439675_6969922844058714112_o.jpg\" alt=\"\" width=\"1200\" height=\"675\" class=\"size-full wp-image-114312\" srcset=\"https:\/\/www.24gliwice.pl\/wiadomosci\/wp-content\/uploads\/2018\/03\/29432754_10156270282439675_6969922844058714112_o.jpg 1200w, https:\/\/www.24gliwice.pl\/wiadomosci\/wp-content\/uploads\/2018\/03\/29432754_10156270282439675_6969922844058714112_o-410x232.jpg 410w, https:\/\/www.24gliwice.pl\/wiadomosci\/wp-content\/uploads\/2018\/03\/29432754_10156270282439675_6969922844058714112_o-768x432.jpg 768w, https:\/\/www.24gliwice.pl\/wiadomosci\/wp-content\/uploads\/2018\/03\/29432754_10156270282439675_6969922844058714112_o-810x456.jpg 810w, https:\/\/www.24gliwice.pl\/wiadomosci\/wp-content\/uploads\/2018\/03\/29432754_10156270282439675_6969922844058714112_o-1140x641.jpg 1140w\" sizes=\"auto, (max-width: 1200px) 100vw, 1200px\" \/><p id=\"caption-attachment-114312\" class=\"wp-caption-text\">Stycze\u0144 2018 roku. Z\u0142amany konar po zimowej wichurze.<\/p><\/div>\n<p>Decyzja zosta\u0142a skonsultowana ju\u017c z Regionalna Dyrekcj\u0105 Ochrony \u015arodowiska. Ostateczny krok nale\u017cy jednak do radnych, bo od 2009 roku to w\u0142a\u015bnie Rady Gmin ustanawiaj\u0105 b\u0105d\u017a znosz\u0105 statusy pomnik\u00f3w przyrody. Rajcy \u0142atwego zadania jednak mie\u0107 nie b\u0119d\u0105, bo o ile nie s\u0105 specjalistami od dendrologii, pozostaje im wierzy\u0107 w zapewnienia o z\u0142ym stanie fitosanitarnym drzew. <\/p>\n<p>&#8211; My\u015bl\u0119, \u017ce nikt z radnych nie we\u017amie na siebie ryzyka, i\u017c jakie\u015b drzewo wyrz\u0105dzi krzywd\u0119 cz\u0142owiekowi. B\u0119d\u0119 jednak chcia\u0142, aby przedstawiono dokumentacj\u0119 potwierdzaj\u0105c\u0105 ich z\u0142y stan, bo jestem przeciwnikiem wycinki drzew, kt\u00f3ra w Gliwicach ma si\u0119 niestety ca\u0142kiem dobrze &#8211; komentuje radny <strong>Bart\u0142omiej Kowalski<\/strong> z Prawa i Sprawiedliwo\u015bci. <\/p>\n<p><img loading=\"lazy\" decoding=\"async\" src=\"https:\/\/www.24gliwice.pl\/wiadomosci\/wp-content\/uploads\/2018\/03\/29468006_10156270272714675_376223170736160768_o.jpg\" alt=\"\" width=\"1200\" height=\"675\" class=\"alignnone size-full wp-image-114313\" srcset=\"https:\/\/www.24gliwice.pl\/wiadomosci\/wp-content\/uploads\/2018\/03\/29468006_10156270272714675_376223170736160768_o.jpg 1200w, https:\/\/www.24gliwice.pl\/wiadomosci\/wp-content\/uploads\/2018\/03\/29468006_10156270272714675_376223170736160768_o-410x232.jpg 410w, https:\/\/www.24gliwice.pl\/wiadomosci\/wp-content\/uploads\/2018\/03\/29468006_10156270272714675_376223170736160768_o-768x432.jpg 768w, https:\/\/www.24gliwice.pl\/wiadomosci\/wp-content\/uploads\/2018\/03\/29468006_10156270272714675_376223170736160768_o-810x456.jpg 810w, https:\/\/www.24gliwice.pl\/wiadomosci\/wp-content\/uploads\/2018\/03\/29468006_10156270272714675_376223170736160768_o-1140x641.jpg 1140w\" sizes=\"auto, (max-width: 1200px) 100vw, 1200px\" \/><\/p>\n<p>Zdaniem obro\u0144c\u00f3w drzew, je\u017celi ze wzgl\u0119d\u00f3w bezpiecze\u0144stwa konieczna jest wycinka, nale\u017cy zadba\u0107 o to by w miejsce starych ro\u015blin, od razu pojawi\u0142y si\u0119 nowe.<\/p>\n<p> &#8211; My\u015bl\u0119 \u017ce potrzebna jest co najmniej konkretna gwarancja identycznych nasadze\u0144. Musimy mie\u0107 te\u017c pewno\u015b\u0107, potwierdzon\u0105 niezale\u017cnymi badaniami dendrologicznymi, \u017ce drzew (i to wszystkich) nie da si\u0119 uratowa\u0107. Poza tym pami\u0119tajmy, \u017ce wycinka to nie jedyne wyj\u015bcie: rozwa\u017cmy np. ogrodzenie drzew. Utrata kilku miejsc parkingowych aby ocali\u0107 pomnik przyrody to \u017cadne po\u015bwi\u0119cenie &#8211; komentuje <strong>Jakub S\u0142upski<\/strong> ze Stowarzyszenia Gliwickie Drzewa. <\/p>\n<h4>&#8220;PRZESTALI\u015aMY WIERZY\u0106 W DOBRE INTENCJE&#8221;<\/h4>\n<p>By\u0107 mo\u017ce los klon\u00f3w nie budzi\u0142by takich kontrowersji, gdyby nie instrumentalne decyzje urz\u0119dnik\u00f3w o dotychczasowych wycinkach. Tylko w tym roku pod pi\u0142\u0119 posz\u0142y drzewa przy ul. Konarskiego, Opolskiej, Witkiewicza, Jana Paw\u0142a II czy Alei Przyja\u017ani. Wszystkie w samym centrum miasta. <\/p>\n<p>&#8211; Od wielu miesi\u0119cy na spotkaniach w Urz\u0119dzie Miejskim jeste\u015bmy traktowani jak zb\u0119dny balast &#8211; komentuje <strong>Ma\u0142gorzata Konior<\/strong>, Przewodnicz\u0105ca Zarz\u0105du Osiedla \u015ar\u00f3dmie\u015bcie. &#8211; Gdy zg\u0142aszam zapytania o wycink\u0119 zieleni \u015brodmiejskiej, za ka\u017cdym razem uzyskuj\u0119 zapewnienia, \u017ce b\u0119dziemy informowani przez odpowiednie urz\u0119dy. A tu znowu o ewentualnych wycinkach dowiadujemy si\u0119 w ostatniej chwili. Prosz\u0119 o interwencj\u0119 radnych. Ludzie ju\u017c przestali wierzy\u0107 w dobre intencje dotycz\u0105ce zieleni &#8211; zaapelowa\u0142a na facebooku.<\/p>\n<p>Decyzj\u0119 w sprawie ewentualnego zniesienia statusu pomnika przyrody radni podejm\u0105 w czwartek, na najbli\u017cszej sesji Rady Miasta. <\/p>\n<p><strong>Micha\u0142 Szewczyk<\/strong><\/p>\n<div class=\"gliwi-a5-na-koncu-artykulow gliwi-entity-placement\" id=\"gliwi-4293452164\"><div class=\"gliwi-adlabel\"><span style=\"font-size: 9px\">REKLAMA<\/span><\/div><div id=\"gliwi-3268479457\" style=\"margin-left: auto;margin-right: auto;text-align: center;\"><a data-no-instant=\"1\" href=\"https:\/\/prezeroarenagliwice.pl\/\" rel=\"noopener\" class=\"a2t-link\" target=\"_blank\" aria-label=\"20260309-PREZERO-WIOSNA-D\"><img loading=\"lazy\" decoding=\"async\" src=\"https:\/\/www.24gliwice.pl\/wiadomosci\/wp-content\/uploads\/2026\/03\/20260309-PREZERO-WIOSNA-D.webp\" alt=\"\"  srcset=\"https:\/\/www.24gliwice.pl\/wiadomosci\/wp-content\/uploads\/2026\/03\/20260309-PREZERO-WIOSNA-D.webp 750w, https:\/\/www.24gliwice.pl\/wiadomosci\/wp-content\/uploads\/2026\/03\/20260309-PREZERO-WIOSNA-D-410x109.webp 410w\" sizes=\"(max-width: 750px) 100vw, 750px\" class=\"no-lazyload\" width=\"750\" height=\"200\"  style=\"display: inline-block; max-width: 100%; height: auto;\" \/><\/a><\/div><\/div>","protected":false},"excerpt":{"rendered":"<p>Aleja klon\u00f3w przy ul. K\u0142odnickiej ju\u017c wkr\u00f3tce mo\u017ce utraci\u0107 status pomnika przyrody. W czwartek na ten temat debatowa\u0107 maj\u0105 gliwiccy radni. W internecie szybko pojawi\u0142y si\u0119 sugestie, \u017ce to przygotowanie do wycinki drzew. Ich stan stwarza zagro\u017cenie &#8211; argumentuj\u0105 urz\u0119dnicy. Innego zdania s\u0105 obro\u0144cy drzew. &#8211; Uwa\u017camy to za skandal. O przyrod\u0119 trzeba dba\u0107, a [&hellip;]<\/p>\n","protected":false},"author":12,"featured_media":114311,"comment_status":"open","ping_status":"closed","sticky":false,"template":"","format":"standard","meta":{"_monsterinsights_skip_tracking":false,"_monsterinsights_sitenote_active":false,"_monsterinsights_sitenote_note":"","_monsterinsights_sitenote_category":0,"footnotes":"","_links_to":"","_links_to_target":""},"categories":[3,1,9],"tags":[8540,9289,6239],"class_list":["post-114308","post","type-post","status-publish","format-standard","has-post-thumbnail","hentry","category-gliwice","category-wszystko","category-aktualnosci_lokalne","tag-drzewa","tag-malgorzata-konior","tag-wycinka"],"yoast_head":"<!-- This site is optimized with the Yoast SEO plugin v27.5 - https:\/\/yoast.com\/product\/yoast-seo-wordpress\/ -->\n<title>Klony znad K\u0142odnicy p\u00f3jd\u0105 pod pi\u0142\u0119? Radni maj\u0105 decydowa\u0107 o zniesieniu statusu pomnika przyrody - 24GLIWICE - Portal Gliwice | codziennie nowe informacje<\/title>\n<meta name=\"robots\" content=\"index, follow, max-snippet:-1, max-image-preview:large, max-video-preview:-1\" \/>\n<link rel=\"canonical\" href=\"https:\/\/www.24gliwice.pl\/wiadomosci\/klony-znad-klodnicy-pojda-pod-pile-radni-maja-decydowac-o-zniesieniu-statusu-pomnika-przyrody\/\" \/>\n<meta property=\"og:locale\" content=\"pl_PL\" \/>\n<meta property=\"og:type\" content=\"article\" \/>\n<meta property=\"og:title\" content=\"Klony znad K\u0142odnicy p\u00f3jd\u0105 pod pi\u0142\u0119? Radni maj\u0105 decydowa\u0107 o zniesieniu statusu pomnika przyrody - 24GLIWICE - Portal Gliwice | codziennie nowe informacje\" \/>\n<meta property=\"og:description\" content=\"Aleja klon\u00f3w przy ul. K\u0142odnickiej ju\u017c wkr\u00f3tce mo\u017ce utraci\u0107 status pomnika przyrody. W czwartek na ten temat debatowa\u0107 maj\u0105 gliwiccy radni. W internecie szybko pojawi\u0142y si\u0119 sugestie, \u017ce to przygotowanie do wycinki drzew. Ich stan stwarza zagro\u017cenie &#8211; argumentuj\u0105 urz\u0119dnicy. Innego zdania s\u0105 obro\u0144cy drzew. &#8211; Uwa\u017camy to za skandal. O przyrod\u0119 trzeba dba\u0107, a [&hellip;]\" \/>\n<meta property=\"og:url\" content=\"https:\/\/www.24gliwice.pl\/wiadomosci\/klony-znad-klodnicy-pojda-pod-pile-radni-maja-decydowac-o-zniesieniu-statusu-pomnika-przyrody\/\" \/>\n<meta property=\"og:site_name\" content=\"24GLIWICE - Portal Gliwice | codziennie nowe informacje\" \/>\n<meta property=\"article:publisher\" content=\"https:\/\/www.facebook.com\/24gliwice\" \/>\n<meta property=\"article:published_time\" content=\"2018-03-20T01:06:44+00:00\" \/>\n<meta property=\"article:modified_time\" content=\"2018-03-20T06:59:57+00:00\" \/>\n<meta property=\"og:image\" content=\"https:\/\/www.24gliwice.pl\/wiadomosci\/wp-content\/uploads\/2018\/03\/29389464_10156270272034675_5819616712542126080_o.jpg\" \/>\n\t<meta property=\"og:image:width\" content=\"1200\" \/>\n\t<meta property=\"og:image:height\" content=\"675\" \/>\n\t<meta property=\"og:image:type\" content=\"image\/jpeg\" \/>\n<meta name=\"author\" content=\"Micha\u0142 Szewczyk\" \/>\n<meta name=\"twitter:card\" content=\"summary_large_image\" \/>\n<meta name=\"twitter:creator\" content=\"@24gliwice\" \/>\n<meta name=\"twitter:site\" content=\"@24gliwice\" \/>\n<meta name=\"twitter:label1\" content=\"Napisane przez\" \/>\n\t<meta name=\"twitter:data1\" content=\"Micha\u0142 Szewczyk\" \/>\n\t<meta name=\"twitter:label2\" content=\"Szacowany czas czytania\" \/>\n\t<meta name=\"twitter:data2\" content=\"3 minuty\" \/>\n<script type=\"application\/ld+json\" class=\"yoast-schema-graph\">{\"@context\":\"https:\\\/\\\/schema.org\",\"@graph\":[{\"@type\":\"Article\",\"@id\":\"https:\\\/\\\/www.24gliwice.pl\\\/wiadomosci\\\/klony-znad-klodnicy-pojda-pod-pile-radni-maja-decydowac-o-zniesieniu-statusu-pomnika-przyrody\\\/#article\",\"isPartOf\":{\"@id\":\"https:\\\/\\\/www.24gliwice.pl\\\/wiadomosci\\\/klony-znad-klodnicy-pojda-pod-pile-radni-maja-decydowac-o-zniesieniu-statusu-pomnika-przyrody\\\/\"},\"author\":{\"name\":\"Micha\u0142 Szewczyk\",\"@id\":\"https:\\\/\\\/www.24gliwice.pl\\\/wiadomosci\\\/#\\\/schema\\\/person\\\/940e8f8a097e322de4f463f061ef8d45\"},\"headline\":\"Klony znad K\u0142odnicy p\u00f3jd\u0105 pod pi\u0142\u0119? Radni maj\u0105 decydowa\u0107 o zniesieniu statusu pomnika przyrody\",\"datePublished\":\"2018-03-20T01:06:44+00:00\",\"dateModified\":\"2018-03-20T06:59:57+00:00\",\"mainEntityOfPage\":{\"@id\":\"https:\\\/\\\/www.24gliwice.pl\\\/wiadomosci\\\/klony-znad-klodnicy-pojda-pod-pile-radni-maja-decydowac-o-zniesieniu-statusu-pomnika-przyrody\\\/\"},\"wordCount\":610,\"commentCount\":0,\"publisher\":{\"@id\":\"https:\\\/\\\/www.24gliwice.pl\\\/wiadomosci\\\/#organization\"},\"image\":{\"@id\":\"https:\\\/\\\/www.24gliwice.pl\\\/wiadomosci\\\/klony-znad-klodnicy-pojda-pod-pile-radni-maja-decydowac-o-zniesieniu-statusu-pomnika-przyrody\\\/#primaryimage\"},\"thumbnailUrl\":\"https:\\\/\\\/www.24gliwice.pl\\\/wiadomosci\\\/wp-content\\\/uploads\\\/2018\\\/03\\\/29389464_10156270272034675_5819616712542126080_o.jpg\",\"keywords\":[\"DRZEWA\",\"ma\u0142gorzata konior\",\"WYCINKA\"],\"articleSection\":[\"Gliwice\",\"Najnowsze wiadomo\u015bci\",\"Portal Gliwice - Wiadomo\u015bci lokalne\"],\"inLanguage\":\"pl-PL\",\"potentialAction\":[{\"@type\":\"CommentAction\",\"name\":\"Comment\",\"target\":[\"https:\\\/\\\/www.24gliwice.pl\\\/wiadomosci\\\/klony-znad-klodnicy-pojda-pod-pile-radni-maja-decydowac-o-zniesieniu-statusu-pomnika-przyrody\\\/#respond\"]}]},{\"@type\":\"WebPage\",\"@id\":\"https:\\\/\\\/www.24gliwice.pl\\\/wiadomosci\\\/klony-znad-klodnicy-pojda-pod-pile-radni-maja-decydowac-o-zniesieniu-statusu-pomnika-przyrody\\\/\",\"url\":\"https:\\\/\\\/www.24gliwice.pl\\\/wiadomosci\\\/klony-znad-klodnicy-pojda-pod-pile-radni-maja-decydowac-o-zniesieniu-statusu-pomnika-przyrody\\\/\",\"name\":\"Klony znad K\u0142odnicy p\u00f3jd\u0105 pod pi\u0142\u0119? Radni maj\u0105 decydowa\u0107 o zniesieniu statusu pomnika przyrody - 24GLIWICE - Portal Gliwice | codziennie nowe informacje\",\"isPartOf\":{\"@id\":\"https:\\\/\\\/www.24gliwice.pl\\\/wiadomosci\\\/#website\"},\"primaryImageOfPage\":{\"@id\":\"https:\\\/\\\/www.24gliwice.pl\\\/wiadomosci\\\/klony-znad-klodnicy-pojda-pod-pile-radni-maja-decydowac-o-zniesieniu-statusu-pomnika-przyrody\\\/#primaryimage\"},\"image\":{\"@id\":\"https:\\\/\\\/www.24gliwice.pl\\\/wiadomosci\\\/klony-znad-klodnicy-pojda-pod-pile-radni-maja-decydowac-o-zniesieniu-statusu-pomnika-przyrody\\\/#primaryimage\"},\"thumbnailUrl\":\"https:\\\/\\\/www.24gliwice.pl\\\/wiadomosci\\\/wp-content\\\/uploads\\\/2018\\\/03\\\/29389464_10156270272034675_5819616712542126080_o.jpg\",\"datePublished\":\"2018-03-20T01:06:44+00:00\",\"dateModified\":\"2018-03-20T06:59:57+00:00\",\"breadcrumb\":{\"@id\":\"https:\\\/\\\/www.24gliwice.pl\\\/wiadomosci\\\/klony-znad-klodnicy-pojda-pod-pile-radni-maja-decydowac-o-zniesieniu-statusu-pomnika-przyrody\\\/#breadcrumb\"},\"inLanguage\":\"pl-PL\",\"potentialAction\":[{\"@type\":\"ReadAction\",\"target\":[\"https:\\\/\\\/www.24gliwice.pl\\\/wiadomosci\\\/klony-znad-klodnicy-pojda-pod-pile-radni-maja-decydowac-o-zniesieniu-statusu-pomnika-przyrody\\\/\"]}]},{\"@type\":\"ImageObject\",\"inLanguage\":\"pl-PL\",\"@id\":\"https:\\\/\\\/www.24gliwice.pl\\\/wiadomosci\\\/klony-znad-klodnicy-pojda-pod-pile-radni-maja-decydowac-o-zniesieniu-statusu-pomnika-przyrody\\\/#primaryimage\",\"url\":\"https:\\\/\\\/www.24gliwice.pl\\\/wiadomosci\\\/wp-content\\\/uploads\\\/2018\\\/03\\\/29389464_10156270272034675_5819616712542126080_o.jpg\",\"contentUrl\":\"https:\\\/\\\/www.24gliwice.pl\\\/wiadomosci\\\/wp-content\\\/uploads\\\/2018\\\/03\\\/29389464_10156270272034675_5819616712542126080_o.jpg\",\"width\":1200,\"height\":675},{\"@type\":\"BreadcrumbList\",\"@id\":\"https:\\\/\\\/www.24gliwice.pl\\\/wiadomosci\\\/klony-znad-klodnicy-pojda-pod-pile-radni-maja-decydowac-o-zniesieniu-statusu-pomnika-przyrody\\\/#breadcrumb\",\"itemListElement\":[{\"@type\":\"ListItem\",\"position\":1,\"name\":\"Strona g\u0142\u00f3wna\",\"item\":\"https:\\\/\\\/www.24gliwice.pl\\\/wiadomosci\\\/\"},{\"@type\":\"ListItem\",\"position\":2,\"name\":\"Klony znad K\u0142odnicy p\u00f3jd\u0105 pod pi\u0142\u0119? Radni maj\u0105 decydowa\u0107 o zniesieniu statusu pomnika przyrody\"}]},{\"@type\":\"WebSite\",\"@id\":\"https:\\\/\\\/www.24gliwice.pl\\\/wiadomosci\\\/#website\",\"url\":\"https:\\\/\\\/www.24gliwice.pl\\\/wiadomosci\\\/\",\"name\":\"24GLIWICE - Portal Gliwice | codziennie nowe wiadomo\u015bci\",\"description\":\"Portal Miejski Gliwice\",\"publisher\":{\"@id\":\"https:\\\/\\\/www.24gliwice.pl\\\/wiadomosci\\\/#organization\"},\"potentialAction\":[{\"@type\":\"SearchAction\",\"target\":{\"@type\":\"EntryPoint\",\"urlTemplate\":\"https:\\\/\\\/www.24gliwice.pl\\\/wiadomosci\\\/?s={search_term_string}\"},\"query-input\":{\"@type\":\"PropertyValueSpecification\",\"valueRequired\":true,\"valueName\":\"search_term_string\"}}],\"inLanguage\":\"pl-PL\"},{\"@type\":\"Organization\",\"@id\":\"https:\\\/\\\/www.24gliwice.pl\\\/wiadomosci\\\/#organization\",\"name\":\"24gliwice\",\"url\":\"https:\\\/\\\/www.24gliwice.pl\\\/wiadomosci\\\/\",\"logo\":{\"@type\":\"ImageObject\",\"inLanguage\":\"pl-PL\",\"@id\":\"https:\\\/\\\/www.24gliwice.pl\\\/wiadomosci\\\/#\\\/schema\\\/logo\\\/image\\\/\",\"url\":\"https:\\\/\\\/www.24gliwice.pl\\\/wiadomosci\\\/wp-content\\\/uploads\\\/2024\\\/10\\\/24gliwice-logo-696.jpg\",\"contentUrl\":\"https:\\\/\\\/www.24gliwice.pl\\\/wiadomosci\\\/wp-content\\\/uploads\\\/2024\\\/10\\\/24gliwice-logo-696.jpg\",\"width\":696,\"height\":696,\"caption\":\"24gliwice\"},\"image\":{\"@id\":\"https:\\\/\\\/www.24gliwice.pl\\\/wiadomosci\\\/#\\\/schema\\\/logo\\\/image\\\/\"},\"sameAs\":[\"https:\\\/\\\/www.facebook.com\\\/24gliwice\",\"https:\\\/\\\/x.com\\\/24gliwice\",\"https:\\\/\\\/www.youtube.com\\\/@24gliwice\"]},{\"@type\":\"Person\",\"@id\":\"https:\\\/\\\/www.24gliwice.pl\\\/wiadomosci\\\/#\\\/schema\\\/person\\\/940e8f8a097e322de4f463f061ef8d45\",\"name\":\"Micha\u0142 Szewczyk\",\"image\":{\"@type\":\"ImageObject\",\"inLanguage\":\"pl-PL\",\"@id\":\"https:\\\/\\\/secure.gravatar.com\\\/avatar\\\/771b8b6c74cd8d255e46392d605e01a86133900ef09b6ef3c8d451c9d92288cf?s=96&d=mm&r=g\",\"url\":\"https:\\\/\\\/secure.gravatar.com\\\/avatar\\\/771b8b6c74cd8d255e46392d605e01a86133900ef09b6ef3c8d451c9d92288cf?s=96&d=mm&r=g\",\"contentUrl\":\"https:\\\/\\\/secure.gravatar.com\\\/avatar\\\/771b8b6c74cd8d255e46392d605e01a86133900ef09b6ef3c8d451c9d92288cf?s=96&d=mm&r=g\",\"caption\":\"Micha\u0142 Szewczyk\"},\"sameAs\":[\"http:\\\/\\\/www.gazeta-miejska.pl\"],\"url\":\"https:\\\/\\\/www.24gliwice.pl\\\/wiadomosci\\\/author\\\/michal-szewczyk\\\/\"}]}<\/script>\n<!-- \/ Yoast SEO plugin. -->","yoast_head_json":{"title":"Klony znad K\u0142odnicy p\u00f3jd\u0105 pod pi\u0142\u0119? Radni maj\u0105 decydowa\u0107 o zniesieniu statusu pomnika przyrody - 24GLIWICE - Portal Gliwice | codziennie nowe informacje","robots":{"index":"index","follow":"follow","max-snippet":"max-snippet:-1","max-image-preview":"max-image-preview:large","max-video-preview":"max-video-preview:-1"},"canonical":"https:\/\/www.24gliwice.pl\/wiadomosci\/klony-znad-klodnicy-pojda-pod-pile-radni-maja-decydowac-o-zniesieniu-statusu-pomnika-przyrody\/","og_locale":"pl_PL","og_type":"article","og_title":"Klony znad K\u0142odnicy p\u00f3jd\u0105 pod pi\u0142\u0119? Radni maj\u0105 decydowa\u0107 o zniesieniu statusu pomnika przyrody - 24GLIWICE - Portal Gliwice | codziennie nowe informacje","og_description":"Aleja klon\u00f3w przy ul. K\u0142odnickiej ju\u017c wkr\u00f3tce mo\u017ce utraci\u0107 status pomnika przyrody. W czwartek na ten temat debatowa\u0107 maj\u0105 gliwiccy radni. W internecie szybko pojawi\u0142y si\u0119 sugestie, \u017ce to przygotowanie do wycinki drzew. Ich stan stwarza zagro\u017cenie &#8211; argumentuj\u0105 urz\u0119dnicy. Innego zdania s\u0105 obro\u0144cy drzew. &#8211; Uwa\u017camy to za skandal. O przyrod\u0119 trzeba dba\u0107, a [&hellip;]","og_url":"https:\/\/www.24gliwice.pl\/wiadomosci\/klony-znad-klodnicy-pojda-pod-pile-radni-maja-decydowac-o-zniesieniu-statusu-pomnika-przyrody\/","og_site_name":"24GLIWICE - Portal Gliwice | codziennie nowe informacje","article_publisher":"https:\/\/www.facebook.com\/24gliwice","article_published_time":"2018-03-20T01:06:44+00:00","article_modified_time":"2018-03-20T06:59:57+00:00","og_image":[{"width":1200,"height":675,"url":"https:\/\/www.24gliwice.pl\/wiadomosci\/wp-content\/uploads\/2018\/03\/29389464_10156270272034675_5819616712542126080_o.jpg","type":"image\/jpeg"}],"author":"Micha\u0142 Szewczyk","twitter_card":"summary_large_image","twitter_creator":"@24gliwice","twitter_site":"@24gliwice","twitter_misc":{"Napisane przez":"Micha\u0142 Szewczyk","Szacowany czas czytania":"3 minuty"},"schema":{"@context":"https:\/\/schema.org","@graph":[{"@type":"Article","@id":"https:\/\/www.24gliwice.pl\/wiadomosci\/klony-znad-klodnicy-pojda-pod-pile-radni-maja-decydowac-o-zniesieniu-statusu-pomnika-przyrody\/#article","isPartOf":{"@id":"https:\/\/www.24gliwice.pl\/wiadomosci\/klony-znad-klodnicy-pojda-pod-pile-radni-maja-decydowac-o-zniesieniu-statusu-pomnika-przyrody\/"},"author":{"name":"Micha\u0142 Szewczyk","@id":"https:\/\/www.24gliwice.pl\/wiadomosci\/#\/schema\/person\/940e8f8a097e322de4f463f061ef8d45"},"headline":"Klony znad K\u0142odnicy p\u00f3jd\u0105 pod pi\u0142\u0119? Radni maj\u0105 decydowa\u0107 o zniesieniu statusu pomnika przyrody","datePublished":"2018-03-20T01:06:44+00:00","dateModified":"2018-03-20T06:59:57+00:00","mainEntityOfPage":{"@id":"https:\/\/www.24gliwice.pl\/wiadomosci\/klony-znad-klodnicy-pojda-pod-pile-radni-maja-decydowac-o-zniesieniu-statusu-pomnika-przyrody\/"},"wordCount":610,"commentCount":0,"publisher":{"@id":"https:\/\/www.24gliwice.pl\/wiadomosci\/#organization"},"image":{"@id":"https:\/\/www.24gliwice.pl\/wiadomosci\/klony-znad-klodnicy-pojda-pod-pile-radni-maja-decydowac-o-zniesieniu-statusu-pomnika-przyrody\/#primaryimage"},"thumbnailUrl":"https:\/\/www.24gliwice.pl\/wiadomosci\/wp-content\/uploads\/2018\/03\/29389464_10156270272034675_5819616712542126080_o.jpg","keywords":["DRZEWA","ma\u0142gorzata konior","WYCINKA"],"articleSection":["Gliwice","Najnowsze wiadomo\u015bci","Portal Gliwice - Wiadomo\u015bci lokalne"],"inLanguage":"pl-PL","potentialAction":[{"@type":"CommentAction","name":"Comment","target":["https:\/\/www.24gliwice.pl\/wiadomosci\/klony-znad-klodnicy-pojda-pod-pile-radni-maja-decydowac-o-zniesieniu-statusu-pomnika-przyrody\/#respond"]}]},{"@type":"WebPage","@id":"https:\/\/www.24gliwice.pl\/wiadomosci\/klony-znad-klodnicy-pojda-pod-pile-radni-maja-decydowac-o-zniesieniu-statusu-pomnika-przyrody\/","url":"https:\/\/www.24gliwice.pl\/wiadomosci\/klony-znad-klodnicy-pojda-pod-pile-radni-maja-decydowac-o-zniesieniu-statusu-pomnika-przyrody\/","name":"Klony znad K\u0142odnicy p\u00f3jd\u0105 pod pi\u0142\u0119? Radni maj\u0105 decydowa\u0107 o zniesieniu statusu pomnika przyrody - 24GLIWICE - Portal Gliwice | codziennie nowe informacje","isPartOf":{"@id":"https:\/\/www.24gliwice.pl\/wiadomosci\/#website"},"primaryImageOfPage":{"@id":"https:\/\/www.24gliwice.pl\/wiadomosci\/klony-znad-klodnicy-pojda-pod-pile-radni-maja-decydowac-o-zniesieniu-statusu-pomnika-przyrody\/#primaryimage"},"image":{"@id":"https:\/\/www.24gliwice.pl\/wiadomosci\/klony-znad-klodnicy-pojda-pod-pile-radni-maja-decydowac-o-zniesieniu-statusu-pomnika-przyrody\/#primaryimage"},"thumbnailUrl":"https:\/\/www.24gliwice.pl\/wiadomosci\/wp-content\/uploads\/2018\/03\/29389464_10156270272034675_5819616712542126080_o.jpg","datePublished":"2018-03-20T01:06:44+00:00","dateModified":"2018-03-20T06:59:57+00:00","breadcrumb":{"@id":"https:\/\/www.24gliwice.pl\/wiadomosci\/klony-znad-klodnicy-pojda-pod-pile-radni-maja-decydowac-o-zniesieniu-statusu-pomnika-przyrody\/#breadcrumb"},"inLanguage":"pl-PL","potentialAction":[{"@type":"ReadAction","target":["https:\/\/www.24gliwice.pl\/wiadomosci\/klony-znad-klodnicy-pojda-pod-pile-radni-maja-decydowac-o-zniesieniu-statusu-pomnika-przyrody\/"]}]},{"@type":"ImageObject","inLanguage":"pl-PL","@id":"https:\/\/www.24gliwice.pl\/wiadomosci\/klony-znad-klodnicy-pojda-pod-pile-radni-maja-decydowac-o-zniesieniu-statusu-pomnika-przyrody\/#primaryimage","url":"https:\/\/www.24gliwice.pl\/wiadomosci\/wp-content\/uploads\/2018\/03\/29389464_10156270272034675_5819616712542126080_o.jpg","contentUrl":"https:\/\/www.24gliwice.pl\/wiadomosci\/wp-content\/uploads\/2018\/03\/29389464_10156270272034675_5819616712542126080_o.jpg","width":1200,"height":675},{"@type":"BreadcrumbList","@id":"https:\/\/www.24gliwice.pl\/wiadomosci\/klony-znad-klodnicy-pojda-pod-pile-radni-maja-decydowac-o-zniesieniu-statusu-pomnika-przyrody\/#breadcrumb","itemListElement":[{"@type":"ListItem","position":1,"name":"Strona g\u0142\u00f3wna","item":"https:\/\/www.24gliwice.pl\/wiadomosci\/"},{"@type":"ListItem","position":2,"name":"Klony znad K\u0142odnicy p\u00f3jd\u0105 pod pi\u0142\u0119? Radni maj\u0105 decydowa\u0107 o zniesieniu statusu pomnika przyrody"}]},{"@type":"WebSite","@id":"https:\/\/www.24gliwice.pl\/wiadomosci\/#website","url":"https:\/\/www.24gliwice.pl\/wiadomosci\/","name":"24GLIWICE - Portal Gliwice | codziennie nowe wiadomo\u015bci","description":"Portal Miejski Gliwice","publisher":{"@id":"https:\/\/www.24gliwice.pl\/wiadomosci\/#organization"},"potentialAction":[{"@type":"SearchAction","target":{"@type":"EntryPoint","urlTemplate":"https:\/\/www.24gliwice.pl\/wiadomosci\/?s={search_term_string}"},"query-input":{"@type":"PropertyValueSpecification","valueRequired":true,"valueName":"search_term_string"}}],"inLanguage":"pl-PL"},{"@type":"Organization","@id":"https:\/\/www.24gliwice.pl\/wiadomosci\/#organization","name":"24gliwice","url":"https:\/\/www.24gliwice.pl\/wiadomosci\/","logo":{"@type":"ImageObject","inLanguage":"pl-PL","@id":"https:\/\/www.24gliwice.pl\/wiadomosci\/#\/schema\/logo\/image\/","url":"https:\/\/www.24gliwice.pl\/wiadomosci\/wp-content\/uploads\/2024\/10\/24gliwice-logo-696.jpg","contentUrl":"https:\/\/www.24gliwice.pl\/wiadomosci\/wp-content\/uploads\/2024\/10\/24gliwice-logo-696.jpg","width":696,"height":696,"caption":"24gliwice"},"image":{"@id":"https:\/\/www.24gliwice.pl\/wiadomosci\/#\/schema\/logo\/image\/"},"sameAs":["https:\/\/www.facebook.com\/24gliwice","https:\/\/x.com\/24gliwice","https:\/\/www.youtube.com\/@24gliwice"]},{"@type":"Person","@id":"https:\/\/www.24gliwice.pl\/wiadomosci\/#\/schema\/person\/940e8f8a097e322de4f463f061ef8d45","name":"Micha\u0142 Szewczyk","image":{"@type":"ImageObject","inLanguage":"pl-PL","@id":"https:\/\/secure.gravatar.com\/avatar\/771b8b6c74cd8d255e46392d605e01a86133900ef09b6ef3c8d451c9d92288cf?s=96&d=mm&r=g","url":"https:\/\/secure.gravatar.com\/avatar\/771b8b6c74cd8d255e46392d605e01a86133900ef09b6ef3c8d451c9d92288cf?s=96&d=mm&r=g","contentUrl":"https:\/\/secure.gravatar.com\/avatar\/771b8b6c74cd8d255e46392d605e01a86133900ef09b6ef3c8d451c9d92288cf?s=96&d=mm&r=g","caption":"Micha\u0142 Szewczyk"},"sameAs":["http:\/\/www.gazeta-miejska.pl"],"url":"https:\/\/www.24gliwice.pl\/wiadomosci\/author\/michal-szewczyk\/"}]}},"_links":{"self":[{"href":"https:\/\/www.24gliwice.pl\/wiadomosci\/wp-json\/wp\/v2\/posts\/114308","targetHints":{"allow":["GET"]}}],"collection":[{"href":"https:\/\/www.24gliwice.pl\/wiadomosci\/wp-json\/wp\/v2\/posts"}],"about":[{"href":"https:\/\/www.24gliwice.pl\/wiadomosci\/wp-json\/wp\/v2\/types\/post"}],"author":[{"embeddable":true,"href":"https:\/\/www.24gliwice.pl\/wiadomosci\/wp-json\/wp\/v2\/users\/12"}],"replies":[{"embeddable":true,"href":"https:\/\/www.24gliwice.pl\/wiadomosci\/wp-json\/wp\/v2\/comments?post=114308"}],"version-history":[{"count":0,"href":"https:\/\/www.24gliwice.pl\/wiadomosci\/wp-json\/wp\/v2\/posts\/114308\/revisions"}],"wp:featuredmedia":[{"embeddable":true,"href":"https:\/\/www.24gliwice.pl\/wiadomosci\/wp-json\/wp\/v2\/media\/114311"}],"wp:attachment":[{"href":"https:\/\/www.24gliwice.pl\/wiadomosci\/wp-json\/wp\/v2\/media?parent=114308"}],"wp:term":[{"taxonomy":"category","embeddable":true,"href":"https:\/\/www.24gliwice.pl\/wiadomosci\/wp-json\/wp\/v2\/categories?post=114308"},{"taxonomy":"post_tag","embeddable":true,"href":"https:\/\/www.24gliwice.pl\/wiadomosci\/wp-json\/wp\/v2\/tags?post=114308"}],"curies":[{"name":"wp","href":"https:\/\/api.w.org\/{rel}","templated":true}]}}