{"id":114338,"date":"2018-03-20T11:25:59","date_gmt":"2018-03-20T10:25:59","guid":{"rendered":"https:\/\/www.24gliwice.pl\/wiadomosci\/?p=114338"},"modified":"2018-03-20T11:25:59","modified_gmt":"2018-03-20T10:25:59","slug":"pogoda-nie-sprzyjala-robotom-budowlanym-ulica-sieminskiego-bedzie-dluzej-zamknieta","status":"publish","type":"post","link":"https:\/\/www.24gliwice.pl\/wiadomosci\/pogoda-nie-sprzyjala-robotom-budowlanym-ulica-sieminskiego-bedzie-dluzej-zamknieta\/","title":{"rendered":"Pogoda nie sprzyja\u0142a robotom budowlanym. Ulica Siemi\u0144skiego b\u0119dzie d\u0142u\u017cej zamkni\u0119ta"},"content":{"rendered":"<div class=\"gliwi-a6-nad-leadem-artykulow gliwi-entity-placement\" id=\"gliwi-3254441465\"><div class=\"gliwi-adlabel\"><span style=\"font-size: 9px\">REKLAMA<\/span><\/div><div id=\"gliwi-1090287142\" style=\"margin-bottom: 30px;margin-left: auto;margin-right: auto;text-align: center;\"><a data-no-instant=\"1\" href=\"https:\/\/przedszkole.halogen.org.pl\/\" rel=\"noopener\" class=\"a2t-link\" target=\"_blank\" aria-label=\"20260402-ANIMATOR-przedszkole_grafika_750x200\"><img loading=\"lazy\" decoding=\"async\" src=\"https:\/\/www.24gliwice.pl\/wiadomosci\/wp-content\/uploads\/2026\/04\/20260402-ANIMATOR-przedszkole_grafika_750x200.webp\" alt=\"\"  srcset=\"https:\/\/www.24gliwice.pl\/wiadomosci\/wp-content\/uploads\/2026\/04\/20260402-ANIMATOR-przedszkole_grafika_750x200.webp 750w, https:\/\/www.24gliwice.pl\/wiadomosci\/wp-content\/uploads\/2026\/04\/20260402-ANIMATOR-przedszkole_grafika_750x200-410x109.webp 410w\" sizes=\"(max-width: 750px) 100vw, 750px\" class=\"no-lazyload\" width=\"750\" height=\"200\"  style=\"display: inline-block; max-width: 100%; height: auto;\" \/><\/a><\/div><\/div><h3>Zarz\u0105d Dr\u00f3g Miejskich informuje o wyd\u0142u\u017ceniu terminu zako\u0144czenia prac przy budowie strefy wyciszonego ruchu, tzw. woonerfu na ulicy Siemi\u0144skiego. B\u0119dzie ona zamkni\u0119ta najprawdopodobniej do 26 marca.<\/h3>\n<p>Op\u00f3\u017anienie jest spowodowane niekorzystnymi warunkami pogodowymi, kt\u00f3re odwlekaj\u0105 prace. Wraz z przesuni\u0119ciem terminu otwarcia wyd\u0142u\u017ca si\u0119 czas obowi\u0105zywania tymczasowej trasy autobusowej linii A4. <\/p>\n<p>W przypadku dalszych niekorzystnych warunk\u00f3w atmosferycznych termin otwarcia ulicy Siemi\u0144skiego mo\u017ce ulec zmianie. <\/p><div class=\"gliwi-a3-w-tresci-artykulow gliwi-entity-placement\" id=\"gliwi-151421951\"><div class=\"gliwi-adlabel\"><span style=\"font-size: 9px\">REKLAMA<\/span><\/div><div id=\"gliwi-466897768\" style=\"margin-bottom: 30px;margin-left: auto;margin-right: auto;text-align: center;\"><a data-no-instant=\"1\" href=\"https:\/\/ogrodyandersa.pl\/\" rel=\"noopener\" class=\"a2t-link\" target=\"_blank\" aria-label=\"20260415 Ogrody Andersa KUP TERAZ D\"><img loading=\"lazy\" decoding=\"async\" src=\"https:\/\/www.24gliwice.pl\/wiadomosci\/wp-content\/uploads\/2026\/04\/20260415-Ogrody-Andersa-KUP-TERAZ-D.jpg\" alt=\"\"  srcset=\"https:\/\/www.24gliwice.pl\/wiadomosci\/wp-content\/uploads\/2026\/04\/20260415-Ogrody-Andersa-KUP-TERAZ-D.jpg 750w, https:\/\/www.24gliwice.pl\/wiadomosci\/wp-content\/uploads\/2026\/04\/20260415-Ogrody-Andersa-KUP-TERAZ-D-410x109.jpg 410w\" sizes=\"(max-width: 750px) 100vw, 750px\" class=\"no-lazyload\" width=\"750\" height=\"200\"  style=\"display: inline-block; max-width: 100%; height: auto;\" \/><\/a><\/div><\/div>\n<p>(\u017cms)\/UM(mf)<br \/>\nfot. \u0141G\/24gliwice.pl<\/p>\n<div class=\"gliwi-a5-na-koncu-artykulow gliwi-entity-placement\" id=\"gliwi-2112368911\"><div class=\"gliwi-adlabel\"><span style=\"font-size: 9px\">REKLAMA<\/span><\/div><div id=\"gliwi-1971249433\" style=\"margin-left: auto;margin-right: auto;text-align: center;\"><a data-no-instant=\"1\" href=\"https:\/\/prezeroarenagliwice.pl\/\" rel=\"noopener\" class=\"a2t-link\" target=\"_blank\" aria-label=\"20260309-PREZERO-WIOSNA-D\"><img loading=\"lazy\" decoding=\"async\" src=\"https:\/\/www.24gliwice.pl\/wiadomosci\/wp-content\/uploads\/2026\/03\/20260309-PREZERO-WIOSNA-D.webp\" alt=\"\"  srcset=\"https:\/\/www.24gliwice.pl\/wiadomosci\/wp-content\/uploads\/2026\/03\/20260309-PREZERO-WIOSNA-D.webp 750w, https:\/\/www.24gliwice.pl\/wiadomosci\/wp-content\/uploads\/2026\/03\/20260309-PREZERO-WIOSNA-D-410x109.webp 410w\" sizes=\"(max-width: 750px) 100vw, 750px\" class=\"no-lazyload\" width=\"750\" height=\"200\"  style=\"display: inline-block; max-width: 100%; height: auto;\" \/><\/a><\/div><\/div>","protected":false},"excerpt":{"rendered":"<p>Zarz\u0105d Dr\u00f3g Miejskich informuje o wyd\u0142u\u017ceniu terminu zako\u0144czenia prac przy budowie strefy wyciszonego ruchu, tzw. woonerfu na ulicy Siemi\u0144skiego. B\u0119dzie ona zamkni\u0119ta najprawdopodobniej do 26 marca. Op\u00f3\u017anienie jest spowodowane niekorzystnymi warunkami pogodowymi, kt\u00f3re odwlekaj\u0105 prace. Wraz z przesuni\u0119ciem terminu otwarcia wyd\u0142u\u017ca si\u0119 czas obowi\u0105zywania tymczasowej trasy autobusowej linii A4. W przypadku dalszych niekorzystnych warunk\u00f3w atmosferycznych [&hellip;]<\/p>\n","protected":false},"author":15,"featured_media":114339,"comment_status":"open","ping_status":"closed","sticky":false,"template":"","format":"standard","meta":{"_monsterinsights_skip_tracking":false,"_monsterinsights_sitenote_active":false,"_monsterinsights_sitenote_note":"","_monsterinsights_sitenote_category":0,"footnotes":"","_links_to":"","_links_to_target":""},"categories":[3,1],"tags":[10387,369,9429,11590,4967,10693],"class_list":["post-114338","post","type-post","status-publish","format-standard","has-post-thumbnail","hentry","category-gliwice","category-wszystko","tag-modernizacja","tag-pruim","tag-przebudowa","tag-sieminskiego","tag-wieczorka","tag-woonerf"],"yoast_head":"<!-- This site is optimized with the Yoast SEO plugin v27.5 - https:\/\/yoast.com\/product\/yoast-seo-wordpress\/ -->\n<title>Pogoda nie sprzyja\u0142a robotom budowlanym. Ulica Siemi\u0144skiego b\u0119dzie d\u0142u\u017cej zamkni\u0119ta - 24GLIWICE - Portal Gliwice | codziennie nowe informacje<\/title>\n<meta name=\"robots\" content=\"index, follow, max-snippet:-1, max-image-preview:large, max-video-preview:-1\" \/>\n<link rel=\"canonical\" href=\"https:\/\/www.24gliwice.pl\/wiadomosci\/pogoda-nie-sprzyjala-robotom-budowlanym-ulica-sieminskiego-bedzie-dluzej-zamknieta\/\" \/>\n<meta property=\"og:locale\" content=\"pl_PL\" \/>\n<meta property=\"og:type\" content=\"article\" \/>\n<meta property=\"og:title\" content=\"Pogoda nie sprzyja\u0142a robotom budowlanym. Ulica Siemi\u0144skiego b\u0119dzie d\u0142u\u017cej zamkni\u0119ta - 24GLIWICE - Portal Gliwice | codziennie nowe informacje\" \/>\n<meta property=\"og:description\" content=\"Zarz\u0105d Dr\u00f3g Miejskich informuje o wyd\u0142u\u017ceniu terminu zako\u0144czenia prac przy budowie strefy wyciszonego ruchu, tzw. woonerfu na ulicy Siemi\u0144skiego. B\u0119dzie ona zamkni\u0119ta najprawdopodobniej do 26 marca. Op\u00f3\u017anienie jest spowodowane niekorzystnymi warunkami pogodowymi, kt\u00f3re odwlekaj\u0105 prace. Wraz z przesuni\u0119ciem terminu otwarcia wyd\u0142u\u017ca si\u0119 czas obowi\u0105zywania tymczasowej trasy autobusowej linii A4. W przypadku dalszych niekorzystnych warunk\u00f3w atmosferycznych [&hellip;]\" \/>\n<meta property=\"og:url\" content=\"https:\/\/www.24gliwice.pl\/wiadomosci\/pogoda-nie-sprzyjala-robotom-budowlanym-ulica-sieminskiego-bedzie-dluzej-zamknieta\/\" \/>\n<meta property=\"og:site_name\" content=\"24GLIWICE - Portal Gliwice | codziennie nowe informacje\" \/>\n<meta property=\"article:publisher\" content=\"https:\/\/www.facebook.com\/24gliwice\" \/>\n<meta property=\"article:published_time\" content=\"2018-03-20T10:25:59+00:00\" \/>\n<meta property=\"og:image\" content=\"https:\/\/www.24gliwice.pl\/wiadomosci\/wp-content\/uploads\/2018\/03\/woonerf-e1521540652959.jpg\" \/>\n\t<meta property=\"og:image:width\" content=\"810\" \/>\n\t<meta property=\"og:image:height\" content=\"456\" \/>\n\t<meta property=\"og:image:type\" content=\"image\/jpeg\" \/>\n<meta name=\"author\" content=\"\u017baneta Mrozek-Siewierska\" \/>\n<meta name=\"twitter:card\" content=\"summary_large_image\" \/>\n<meta name=\"twitter:creator\" content=\"@24gliwice\" \/>\n<meta name=\"twitter:site\" content=\"@24gliwice\" \/>\n<meta name=\"twitter:label1\" content=\"Napisane przez\" \/>\n\t<meta name=\"twitter:data1\" content=\"\u017baneta Mrozek-Siewierska\" \/>\n<script type=\"application\/ld+json\" class=\"yoast-schema-graph\">{\"@context\":\"https:\\\/\\\/schema.org\",\"@graph\":[{\"@type\":\"Article\",\"@id\":\"https:\\\/\\\/www.24gliwice.pl\\\/wiadomosci\\\/pogoda-nie-sprzyjala-robotom-budowlanym-ulica-sieminskiego-bedzie-dluzej-zamknieta\\\/#article\",\"isPartOf\":{\"@id\":\"https:\\\/\\\/www.24gliwice.pl\\\/wiadomosci\\\/pogoda-nie-sprzyjala-robotom-budowlanym-ulica-sieminskiego-bedzie-dluzej-zamknieta\\\/\"},\"author\":{\"name\":\"\u017baneta Mrozek-Siewierska\",\"@id\":\"https:\\\/\\\/www.24gliwice.pl\\\/wiadomosci\\\/#\\\/schema\\\/person\\\/e42c650edd7f2fa332be3811fb166b6e\"},\"headline\":\"Pogoda nie sprzyja\u0142a robotom budowlanym. Ulica Siemi\u0144skiego b\u0119dzie d\u0142u\u017cej zamkni\u0119ta\",\"datePublished\":\"2018-03-20T10:25:59+00:00\",\"mainEntityOfPage\":{\"@id\":\"https:\\\/\\\/www.24gliwice.pl\\\/wiadomosci\\\/pogoda-nie-sprzyjala-robotom-budowlanym-ulica-sieminskiego-bedzie-dluzej-zamknieta\\\/\"},\"wordCount\":101,\"commentCount\":0,\"publisher\":{\"@id\":\"https:\\\/\\\/www.24gliwice.pl\\\/wiadomosci\\\/#organization\"},\"image\":{\"@id\":\"https:\\\/\\\/www.24gliwice.pl\\\/wiadomosci\\\/pogoda-nie-sprzyjala-robotom-budowlanym-ulica-sieminskiego-bedzie-dluzej-zamknieta\\\/#primaryimage\"},\"thumbnailUrl\":\"https:\\\/\\\/www.24gliwice.pl\\\/wiadomosci\\\/wp-content\\\/uploads\\\/2018\\\/03\\\/woonerf-e1521540652959.jpg\",\"keywords\":[\"MODERNIZACJA\",\"PRUIM\",\"PRZEBUDOWA\",\"SIEMI\u0143SKIEGO\",\"WIECZORKA\",\"WOONERF\"],\"articleSection\":[\"Gliwice\",\"Najnowsze wiadomo\u015bci\"],\"inLanguage\":\"pl-PL\",\"potentialAction\":[{\"@type\":\"CommentAction\",\"name\":\"Comment\",\"target\":[\"https:\\\/\\\/www.24gliwice.pl\\\/wiadomosci\\\/pogoda-nie-sprzyjala-robotom-budowlanym-ulica-sieminskiego-bedzie-dluzej-zamknieta\\\/#respond\"]}]},{\"@type\":\"WebPage\",\"@id\":\"https:\\\/\\\/www.24gliwice.pl\\\/wiadomosci\\\/pogoda-nie-sprzyjala-robotom-budowlanym-ulica-sieminskiego-bedzie-dluzej-zamknieta\\\/\",\"url\":\"https:\\\/\\\/www.24gliwice.pl\\\/wiadomosci\\\/pogoda-nie-sprzyjala-robotom-budowlanym-ulica-sieminskiego-bedzie-dluzej-zamknieta\\\/\",\"name\":\"Pogoda nie sprzyja\u0142a robotom budowlanym. Ulica Siemi\u0144skiego b\u0119dzie d\u0142u\u017cej zamkni\u0119ta - 24GLIWICE - Portal Gliwice | codziennie nowe informacje\",\"isPartOf\":{\"@id\":\"https:\\\/\\\/www.24gliwice.pl\\\/wiadomosci\\\/#website\"},\"primaryImageOfPage\":{\"@id\":\"https:\\\/\\\/www.24gliwice.pl\\\/wiadomosci\\\/pogoda-nie-sprzyjala-robotom-budowlanym-ulica-sieminskiego-bedzie-dluzej-zamknieta\\\/#primaryimage\"},\"image\":{\"@id\":\"https:\\\/\\\/www.24gliwice.pl\\\/wiadomosci\\\/pogoda-nie-sprzyjala-robotom-budowlanym-ulica-sieminskiego-bedzie-dluzej-zamknieta\\\/#primaryimage\"},\"thumbnailUrl\":\"https:\\\/\\\/www.24gliwice.pl\\\/wiadomosci\\\/wp-content\\\/uploads\\\/2018\\\/03\\\/woonerf-e1521540652959.jpg\",\"datePublished\":\"2018-03-20T10:25:59+00:00\",\"breadcrumb\":{\"@id\":\"https:\\\/\\\/www.24gliwice.pl\\\/wiadomosci\\\/pogoda-nie-sprzyjala-robotom-budowlanym-ulica-sieminskiego-bedzie-dluzej-zamknieta\\\/#breadcrumb\"},\"inLanguage\":\"pl-PL\",\"potentialAction\":[{\"@type\":\"ReadAction\",\"target\":[\"https:\\\/\\\/www.24gliwice.pl\\\/wiadomosci\\\/pogoda-nie-sprzyjala-robotom-budowlanym-ulica-sieminskiego-bedzie-dluzej-zamknieta\\\/\"]}]},{\"@type\":\"ImageObject\",\"inLanguage\":\"pl-PL\",\"@id\":\"https:\\\/\\\/www.24gliwice.pl\\\/wiadomosci\\\/pogoda-nie-sprzyjala-robotom-budowlanym-ulica-sieminskiego-bedzie-dluzej-zamknieta\\\/#primaryimage\",\"url\":\"https:\\\/\\\/www.24gliwice.pl\\\/wiadomosci\\\/wp-content\\\/uploads\\\/2018\\\/03\\\/woonerf-e1521540652959.jpg\",\"contentUrl\":\"https:\\\/\\\/www.24gliwice.pl\\\/wiadomosci\\\/wp-content\\\/uploads\\\/2018\\\/03\\\/woonerf-e1521540652959.jpg\",\"width\":810,\"height\":456},{\"@type\":\"BreadcrumbList\",\"@id\":\"https:\\\/\\\/www.24gliwice.pl\\\/wiadomosci\\\/pogoda-nie-sprzyjala-robotom-budowlanym-ulica-sieminskiego-bedzie-dluzej-zamknieta\\\/#breadcrumb\",\"itemListElement\":[{\"@type\":\"ListItem\",\"position\":1,\"name\":\"Strona g\u0142\u00f3wna\",\"item\":\"https:\\\/\\\/www.24gliwice.pl\\\/wiadomosci\\\/\"},{\"@type\":\"ListItem\",\"position\":2,\"name\":\"Pogoda nie sprzyja\u0142a robotom budowlanym. Ulica Siemi\u0144skiego b\u0119dzie d\u0142u\u017cej zamkni\u0119ta\"}]},{\"@type\":\"WebSite\",\"@id\":\"https:\\\/\\\/www.24gliwice.pl\\\/wiadomosci\\\/#website\",\"url\":\"https:\\\/\\\/www.24gliwice.pl\\\/wiadomosci\\\/\",\"name\":\"24GLIWICE - Portal Gliwice | codziennie nowe wiadomo\u015bci\",\"description\":\"Portal Miejski Gliwice\",\"publisher\":{\"@id\":\"https:\\\/\\\/www.24gliwice.pl\\\/wiadomosci\\\/#organization\"},\"potentialAction\":[{\"@type\":\"SearchAction\",\"target\":{\"@type\":\"EntryPoint\",\"urlTemplate\":\"https:\\\/\\\/www.24gliwice.pl\\\/wiadomosci\\\/?s={search_term_string}\"},\"query-input\":{\"@type\":\"PropertyValueSpecification\",\"valueRequired\":true,\"valueName\":\"search_term_string\"}}],\"inLanguage\":\"pl-PL\"},{\"@type\":\"Organization\",\"@id\":\"https:\\\/\\\/www.24gliwice.pl\\\/wiadomosci\\\/#organization\",\"name\":\"24gliwice\",\"url\":\"https:\\\/\\\/www.24gliwice.pl\\\/wiadomosci\\\/\",\"logo\":{\"@type\":\"ImageObject\",\"inLanguage\":\"pl-PL\",\"@id\":\"https:\\\/\\\/www.24gliwice.pl\\\/wiadomosci\\\/#\\\/schema\\\/logo\\\/image\\\/\",\"url\":\"https:\\\/\\\/www.24gliwice.pl\\\/wiadomosci\\\/wp-content\\\/uploads\\\/2024\\\/10\\\/24gliwice-logo-696.jpg\",\"contentUrl\":\"https:\\\/\\\/www.24gliwice.pl\\\/wiadomosci\\\/wp-content\\\/uploads\\\/2024\\\/10\\\/24gliwice-logo-696.jpg\",\"width\":696,\"height\":696,\"caption\":\"24gliwice\"},\"image\":{\"@id\":\"https:\\\/\\\/www.24gliwice.pl\\\/wiadomosci\\\/#\\\/schema\\\/logo\\\/image\\\/\"},\"sameAs\":[\"https:\\\/\\\/www.facebook.com\\\/24gliwice\",\"https:\\\/\\\/x.com\\\/24gliwice\",\"https:\\\/\\\/www.youtube.com\\\/@24gliwice\"]},{\"@type\":\"Person\",\"@id\":\"https:\\\/\\\/www.24gliwice.pl\\\/wiadomosci\\\/#\\\/schema\\\/person\\\/e42c650edd7f2fa332be3811fb166b6e\",\"name\":\"\u017baneta Mrozek-Siewierska\",\"image\":{\"@type\":\"ImageObject\",\"inLanguage\":\"pl-PL\",\"@id\":\"https:\\\/\\\/secure.gravatar.com\\\/avatar\\\/1881429e9c64597c77ad7aef2d0a19be69a3253e57534d16aa15bf3a4d34a0a3?s=96&d=mm&r=g\",\"url\":\"https:\\\/\\\/secure.gravatar.com\\\/avatar\\\/1881429e9c64597c77ad7aef2d0a19be69a3253e57534d16aa15bf3a4d34a0a3?s=96&d=mm&r=g\",\"contentUrl\":\"https:\\\/\\\/secure.gravatar.com\\\/avatar\\\/1881429e9c64597c77ad7aef2d0a19be69a3253e57534d16aa15bf3a4d34a0a3?s=96&d=mm&r=g\",\"caption\":\"\u017baneta Mrozek-Siewierska\"},\"url\":\"https:\\\/\\\/www.24gliwice.pl\\\/wiadomosci\\\/author\\\/zms\\\/\"}]}<\/script>\n<!-- \/ Yoast SEO plugin. -->","yoast_head_json":{"title":"Pogoda nie sprzyja\u0142a robotom budowlanym. Ulica Siemi\u0144skiego b\u0119dzie d\u0142u\u017cej zamkni\u0119ta - 24GLIWICE - Portal Gliwice | codziennie nowe informacje","robots":{"index":"index","follow":"follow","max-snippet":"max-snippet:-1","max-image-preview":"max-image-preview:large","max-video-preview":"max-video-preview:-1"},"canonical":"https:\/\/www.24gliwice.pl\/wiadomosci\/pogoda-nie-sprzyjala-robotom-budowlanym-ulica-sieminskiego-bedzie-dluzej-zamknieta\/","og_locale":"pl_PL","og_type":"article","og_title":"Pogoda nie sprzyja\u0142a robotom budowlanym. Ulica Siemi\u0144skiego b\u0119dzie d\u0142u\u017cej zamkni\u0119ta - 24GLIWICE - Portal Gliwice | codziennie nowe informacje","og_description":"Zarz\u0105d Dr\u00f3g Miejskich informuje o wyd\u0142u\u017ceniu terminu zako\u0144czenia prac przy budowie strefy wyciszonego ruchu, tzw. woonerfu na ulicy Siemi\u0144skiego. B\u0119dzie ona zamkni\u0119ta najprawdopodobniej do 26 marca. Op\u00f3\u017anienie jest spowodowane niekorzystnymi warunkami pogodowymi, kt\u00f3re odwlekaj\u0105 prace. Wraz z przesuni\u0119ciem terminu otwarcia wyd\u0142u\u017ca si\u0119 czas obowi\u0105zywania tymczasowej trasy autobusowej linii A4. W przypadku dalszych niekorzystnych warunk\u00f3w atmosferycznych [&hellip;]","og_url":"https:\/\/www.24gliwice.pl\/wiadomosci\/pogoda-nie-sprzyjala-robotom-budowlanym-ulica-sieminskiego-bedzie-dluzej-zamknieta\/","og_site_name":"24GLIWICE - Portal Gliwice | codziennie nowe informacje","article_publisher":"https:\/\/www.facebook.com\/24gliwice","article_published_time":"2018-03-20T10:25:59+00:00","og_image":[{"width":810,"height":456,"url":"https:\/\/www.24gliwice.pl\/wiadomosci\/wp-content\/uploads\/2018\/03\/woonerf-e1521540652959.jpg","type":"image\/jpeg"}],"author":"\u017baneta Mrozek-Siewierska","twitter_card":"summary_large_image","twitter_creator":"@24gliwice","twitter_site":"@24gliwice","twitter_misc":{"Napisane przez":"\u017baneta Mrozek-Siewierska"},"schema":{"@context":"https:\/\/schema.org","@graph":[{"@type":"Article","@id":"https:\/\/www.24gliwice.pl\/wiadomosci\/pogoda-nie-sprzyjala-robotom-budowlanym-ulica-sieminskiego-bedzie-dluzej-zamknieta\/#article","isPartOf":{"@id":"https:\/\/www.24gliwice.pl\/wiadomosci\/pogoda-nie-sprzyjala-robotom-budowlanym-ulica-sieminskiego-bedzie-dluzej-zamknieta\/"},"author":{"name":"\u017baneta Mrozek-Siewierska","@id":"https:\/\/www.24gliwice.pl\/wiadomosci\/#\/schema\/person\/e42c650edd7f2fa332be3811fb166b6e"},"headline":"Pogoda nie sprzyja\u0142a robotom budowlanym. Ulica Siemi\u0144skiego b\u0119dzie d\u0142u\u017cej zamkni\u0119ta","datePublished":"2018-03-20T10:25:59+00:00","mainEntityOfPage":{"@id":"https:\/\/www.24gliwice.pl\/wiadomosci\/pogoda-nie-sprzyjala-robotom-budowlanym-ulica-sieminskiego-bedzie-dluzej-zamknieta\/"},"wordCount":101,"commentCount":0,"publisher":{"@id":"https:\/\/www.24gliwice.pl\/wiadomosci\/#organization"},"image":{"@id":"https:\/\/www.24gliwice.pl\/wiadomosci\/pogoda-nie-sprzyjala-robotom-budowlanym-ulica-sieminskiego-bedzie-dluzej-zamknieta\/#primaryimage"},"thumbnailUrl":"https:\/\/www.24gliwice.pl\/wiadomosci\/wp-content\/uploads\/2018\/03\/woonerf-e1521540652959.jpg","keywords":["MODERNIZACJA","PRUIM","PRZEBUDOWA","SIEMI\u0143SKIEGO","WIECZORKA","WOONERF"],"articleSection":["Gliwice","Najnowsze wiadomo\u015bci"],"inLanguage":"pl-PL","potentialAction":[{"@type":"CommentAction","name":"Comment","target":["https:\/\/www.24gliwice.pl\/wiadomosci\/pogoda-nie-sprzyjala-robotom-budowlanym-ulica-sieminskiego-bedzie-dluzej-zamknieta\/#respond"]}]},{"@type":"WebPage","@id":"https:\/\/www.24gliwice.pl\/wiadomosci\/pogoda-nie-sprzyjala-robotom-budowlanym-ulica-sieminskiego-bedzie-dluzej-zamknieta\/","url":"https:\/\/www.24gliwice.pl\/wiadomosci\/pogoda-nie-sprzyjala-robotom-budowlanym-ulica-sieminskiego-bedzie-dluzej-zamknieta\/","name":"Pogoda nie sprzyja\u0142a robotom budowlanym. Ulica Siemi\u0144skiego b\u0119dzie d\u0142u\u017cej zamkni\u0119ta - 24GLIWICE - Portal Gliwice | codziennie nowe informacje","isPartOf":{"@id":"https:\/\/www.24gliwice.pl\/wiadomosci\/#website"},"primaryImageOfPage":{"@id":"https:\/\/www.24gliwice.pl\/wiadomosci\/pogoda-nie-sprzyjala-robotom-budowlanym-ulica-sieminskiego-bedzie-dluzej-zamknieta\/#primaryimage"},"image":{"@id":"https:\/\/www.24gliwice.pl\/wiadomosci\/pogoda-nie-sprzyjala-robotom-budowlanym-ulica-sieminskiego-bedzie-dluzej-zamknieta\/#primaryimage"},"thumbnailUrl":"https:\/\/www.24gliwice.pl\/wiadomosci\/wp-content\/uploads\/2018\/03\/woonerf-e1521540652959.jpg","datePublished":"2018-03-20T10:25:59+00:00","breadcrumb":{"@id":"https:\/\/www.24gliwice.pl\/wiadomosci\/pogoda-nie-sprzyjala-robotom-budowlanym-ulica-sieminskiego-bedzie-dluzej-zamknieta\/#breadcrumb"},"inLanguage":"pl-PL","potentialAction":[{"@type":"ReadAction","target":["https:\/\/www.24gliwice.pl\/wiadomosci\/pogoda-nie-sprzyjala-robotom-budowlanym-ulica-sieminskiego-bedzie-dluzej-zamknieta\/"]}]},{"@type":"ImageObject","inLanguage":"pl-PL","@id":"https:\/\/www.24gliwice.pl\/wiadomosci\/pogoda-nie-sprzyjala-robotom-budowlanym-ulica-sieminskiego-bedzie-dluzej-zamknieta\/#primaryimage","url":"https:\/\/www.24gliwice.pl\/wiadomosci\/wp-content\/uploads\/2018\/03\/woonerf-e1521540652959.jpg","contentUrl":"https:\/\/www.24gliwice.pl\/wiadomosci\/wp-content\/uploads\/2018\/03\/woonerf-e1521540652959.jpg","width":810,"height":456},{"@type":"BreadcrumbList","@id":"https:\/\/www.24gliwice.pl\/wiadomosci\/pogoda-nie-sprzyjala-robotom-budowlanym-ulica-sieminskiego-bedzie-dluzej-zamknieta\/#breadcrumb","itemListElement":[{"@type":"ListItem","position":1,"name":"Strona g\u0142\u00f3wna","item":"https:\/\/www.24gliwice.pl\/wiadomosci\/"},{"@type":"ListItem","position":2,"name":"Pogoda nie sprzyja\u0142a robotom budowlanym. Ulica Siemi\u0144skiego b\u0119dzie d\u0142u\u017cej zamkni\u0119ta"}]},{"@type":"WebSite","@id":"https:\/\/www.24gliwice.pl\/wiadomosci\/#website","url":"https:\/\/www.24gliwice.pl\/wiadomosci\/","name":"24GLIWICE - Portal Gliwice | codziennie nowe wiadomo\u015bci","description":"Portal Miejski Gliwice","publisher":{"@id":"https:\/\/www.24gliwice.pl\/wiadomosci\/#organization"},"potentialAction":[{"@type":"SearchAction","target":{"@type":"EntryPoint","urlTemplate":"https:\/\/www.24gliwice.pl\/wiadomosci\/?s={search_term_string}"},"query-input":{"@type":"PropertyValueSpecification","valueRequired":true,"valueName":"search_term_string"}}],"inLanguage":"pl-PL"},{"@type":"Organization","@id":"https:\/\/www.24gliwice.pl\/wiadomosci\/#organization","name":"24gliwice","url":"https:\/\/www.24gliwice.pl\/wiadomosci\/","logo":{"@type":"ImageObject","inLanguage":"pl-PL","@id":"https:\/\/www.24gliwice.pl\/wiadomosci\/#\/schema\/logo\/image\/","url":"https:\/\/www.24gliwice.pl\/wiadomosci\/wp-content\/uploads\/2024\/10\/24gliwice-logo-696.jpg","contentUrl":"https:\/\/www.24gliwice.pl\/wiadomosci\/wp-content\/uploads\/2024\/10\/24gliwice-logo-696.jpg","width":696,"height":696,"caption":"24gliwice"},"image":{"@id":"https:\/\/www.24gliwice.pl\/wiadomosci\/#\/schema\/logo\/image\/"},"sameAs":["https:\/\/www.facebook.com\/24gliwice","https:\/\/x.com\/24gliwice","https:\/\/www.youtube.com\/@24gliwice"]},{"@type":"Person","@id":"https:\/\/www.24gliwice.pl\/wiadomosci\/#\/schema\/person\/e42c650edd7f2fa332be3811fb166b6e","name":"\u017baneta Mrozek-Siewierska","image":{"@type":"ImageObject","inLanguage":"pl-PL","@id":"https:\/\/secure.gravatar.com\/avatar\/1881429e9c64597c77ad7aef2d0a19be69a3253e57534d16aa15bf3a4d34a0a3?s=96&d=mm&r=g","url":"https:\/\/secure.gravatar.com\/avatar\/1881429e9c64597c77ad7aef2d0a19be69a3253e57534d16aa15bf3a4d34a0a3?s=96&d=mm&r=g","contentUrl":"https:\/\/secure.gravatar.com\/avatar\/1881429e9c64597c77ad7aef2d0a19be69a3253e57534d16aa15bf3a4d34a0a3?s=96&d=mm&r=g","caption":"\u017baneta Mrozek-Siewierska"},"url":"https:\/\/www.24gliwice.pl\/wiadomosci\/author\/zms\/"}]}},"_links":{"self":[{"href":"https:\/\/www.24gliwice.pl\/wiadomosci\/wp-json\/wp\/v2\/posts\/114338","targetHints":{"allow":["GET"]}}],"collection":[{"href":"https:\/\/www.24gliwice.pl\/wiadomosci\/wp-json\/wp\/v2\/posts"}],"about":[{"href":"https:\/\/www.24gliwice.pl\/wiadomosci\/wp-json\/wp\/v2\/types\/post"}],"author":[{"embeddable":true,"href":"https:\/\/www.24gliwice.pl\/wiadomosci\/wp-json\/wp\/v2\/users\/15"}],"replies":[{"embeddable":true,"href":"https:\/\/www.24gliwice.pl\/wiadomosci\/wp-json\/wp\/v2\/comments?post=114338"}],"version-history":[{"count":0,"href":"https:\/\/www.24gliwice.pl\/wiadomosci\/wp-json\/wp\/v2\/posts\/114338\/revisions"}],"wp:featuredmedia":[{"embeddable":true,"href":"https:\/\/www.24gliwice.pl\/wiadomosci\/wp-json\/wp\/v2\/media\/114339"}],"wp:attachment":[{"href":"https:\/\/www.24gliwice.pl\/wiadomosci\/wp-json\/wp\/v2\/media?parent=114338"}],"wp:term":[{"taxonomy":"category","embeddable":true,"href":"https:\/\/www.24gliwice.pl\/wiadomosci\/wp-json\/wp\/v2\/categories?post=114338"},{"taxonomy":"post_tag","embeddable":true,"href":"https:\/\/www.24gliwice.pl\/wiadomosci\/wp-json\/wp\/v2\/tags?post=114338"}],"curies":[{"name":"wp","href":"https:\/\/api.w.org\/{rel}","templated":true}]}}