{"id":114420,"date":"2018-04-05T10:57:16","date_gmt":"2018-04-05T08:57:16","guid":{"rendered":"https:\/\/www.24gliwice.pl\/wiadomosci\/?p=114420"},"modified":"2018-04-05T11:05:46","modified_gmt":"2018-04-05T09:05:46","slug":"w-gliwicach-pojawily-sie-samochody-na-minuty-na-ulice-slaska-i-zaglebia-trafilo-w-sumie-300-aut","status":"publish","type":"post","link":"https:\/\/www.24gliwice.pl\/wiadomosci\/w-gliwicach-pojawily-sie-samochody-na-minuty-na-ulice-slaska-i-zaglebia-trafilo-w-sumie-300-aut\/","title":{"rendered":"W Gliwicach pojawi\u0142y si\u0119 samochody &#8220;na minuty&#8221;. Na ulice \u015al\u0105ska i Zag\u0142\u0119bia trafi\u0142o w sumie 300 aut"},"content":{"rendered":"<div class=\"gliwi-a6-nad-leadem-artykulow gliwi-entity-placement\" id=\"gliwi-1553523479\"><div class=\"gliwi-adlabel\"><span style=\"font-size: 9px\">REKLAMA<\/span><\/div><div id=\"gliwi-3246186728\" style=\"margin-bottom: 30px;margin-left: auto;margin-right: auto;text-align: center;\"><a data-no-instant=\"1\" href=\"https:\/\/przedszkole.halogen.org.pl\/\" rel=\"noopener\" class=\"a2t-link\" target=\"_blank\" aria-label=\"20260402-ANIMATOR-przedszkole_grafika_750x200\"><img loading=\"lazy\" decoding=\"async\" src=\"https:\/\/www.24gliwice.pl\/wiadomosci\/wp-content\/uploads\/2026\/04\/20260402-ANIMATOR-przedszkole_grafika_750x200.webp\" alt=\"\"  srcset=\"https:\/\/www.24gliwice.pl\/wiadomosci\/wp-content\/uploads\/2026\/04\/20260402-ANIMATOR-przedszkole_grafika_750x200.webp 750w, https:\/\/www.24gliwice.pl\/wiadomosci\/wp-content\/uploads\/2026\/04\/20260402-ANIMATOR-przedszkole_grafika_750x200-410x109.webp 410w\" sizes=\"(max-width: 750px) 100vw, 750px\" class=\"no-lazyload\" width=\"750\" height=\"200\"  style=\"display: inline-block; max-width: 100%; height: auto;\" \/><\/a><\/div><\/div><h3>Od kilkunastu dni mieszka\u0144cy czternastu miast \u015al\u0105ska i Zag\u0142\u0119bia mog\u0105 korzysta\u0107 z samochod\u00f3w do wypo\u017cyczenia na minuty. Pojazdy pojawi\u0142y si\u0119 m.in. na ulicach Gliwic.<\/h3>\n<p>Flota Traficara na \u015al\u0105sku w Zag\u0142\u0119biu liczy 300 pojazd\u00f3w marki Renault Clio. Ceny za korzystanie z systemu s\u0105 takie same jak we wszystkich pozosta\u0142ych miastach, gdzie us\u0142uga ju\u017c dzia\u0142a. Ka\u017cdy przejechany kilometr kosztuje 0,80 z\u0142, minuta jazdy \u2013 0,50 z\u0142, a minuta postoju \u2013 0,10 z\u0142.<\/p>\n<p>Do skorzystania z systemu potrzebny jest smartfon z zainstalowan\u0105 aplikacj\u0105. Nale\u017cy te\u017c zarejestrowa\u0107 na swoim koncie wa\u017cn\u0105 kart\u0119 p\u0142atnicz\u0105. Op\u0142aty za przejazdy b\u0119d\u0105 automatycznie pobierane z karty po ka\u017cdym zako\u0144czonym wynajmie. <\/p><div class=\"gliwi-a3-w-tresci-artykulow gliwi-entity-placement\" id=\"gliwi-1307760730\"><div class=\"gliwi-adlabel\"><span style=\"font-size: 9px\">REKLAMA<\/span><\/div><div id=\"gliwi-1170708235\" style=\"margin-bottom: 30px;margin-left: auto;margin-right: auto;text-align: center;\"><a data-no-instant=\"1\" href=\"https:\/\/ogrodyandersa.pl\/\" rel=\"noopener\" class=\"a2t-link\" target=\"_blank\" aria-label=\"20260415 Ogrody Andersa KUP TERAZ D\"><img loading=\"lazy\" decoding=\"async\" src=\"https:\/\/www.24gliwice.pl\/wiadomosci\/wp-content\/uploads\/2026\/04\/20260415-Ogrody-Andersa-KUP-TERAZ-D.jpg\" alt=\"\"  srcset=\"https:\/\/www.24gliwice.pl\/wiadomosci\/wp-content\/uploads\/2026\/04\/20260415-Ogrody-Andersa-KUP-TERAZ-D.jpg 750w, https:\/\/www.24gliwice.pl\/wiadomosci\/wp-content\/uploads\/2026\/04\/20260415-Ogrody-Andersa-KUP-TERAZ-D-410x109.jpg 410w\" sizes=\"(max-width: 750px) 100vw, 750px\" class=\"no-lazyload\" width=\"750\" height=\"200\"  style=\"display: inline-block; max-width: 100%; height: auto;\" \/><\/a><\/div><\/div>\n[perfectpullquote align=&#8221;full&#8221; bordertop=&#8221;false&#8221; cite=&#8221;&#8221; link=&#8221;&#8221; color=&#8221;&#8221; class=&#8221;&#8221; size=&#8221;&#8221;]Podobnie jak w Krakowie Warszawie, Wroc\u0142awiu, Poznaniu i Tr\u00f3jmie\u015bcie, Traficar dzia\u0142a w oparciu o otwarty model parkowania (free-floating), co oznacza, \u017ce samoch\u00f3d mo\u017cna wypo\u017cyczy\u0107 i zwr\u00f3ci\u0107 w dowolnym miejscu w ramach strefy. [\/perfectpullquote]\n<p>W przypadku \u015al\u0105ska i Zag\u0142\u0119bia pojawia si\u0119 r\u00f3wnie\u017c mo\u017cliwo\u015b\u0107 przemieszczania si\u0119 mi\u0119dzy miastami w ramach standardowej taryfy, tj. bez ponoszenia dodatkowych op\u0142at. Dodatkow\u0105 przestrze\u0144 parkingow\u0105 stanowi\u0105 stacje paliwowe partnera us\u0142ugi \u2013 PKN ORLEN. Na \u015al\u0105sku i w Zag\u0142\u0119biu jest to 10 stacji.<\/p>\n<p><img loading=\"lazy\" decoding=\"async\" src=\"https:\/\/www.24gliwice.pl\/wiadomosci\/wp-content\/uploads\/2018\/03\/1-trafficar-2-808x455.jpg\" alt=\"\" width=\"808\" height=\"455\" class=\"aligncenter size-large wp-image-115223\" srcset=\"https:\/\/www.24gliwice.pl\/wiadomosci\/wp-content\/uploads\/2018\/03\/1-trafficar-2-808x455.jpg 808w, https:\/\/www.24gliwice.pl\/wiadomosci\/wp-content\/uploads\/2018\/03\/1-trafficar-2-410x232.jpg 410w, https:\/\/www.24gliwice.pl\/wiadomosci\/wp-content\/uploads\/2018\/03\/1-trafficar-2-768x432.jpg 768w, https:\/\/www.24gliwice.pl\/wiadomosci\/wp-content\/uploads\/2018\/03\/1-trafficar-2.jpg 810w\" sizes=\"auto, (max-width: 808px) 100vw, 808px\" \/><\/p>\n<p>Dost\u0119pno\u015b\u0107 i lokalizacj\u0119 samochod\u00f3w mo\u017cna sprawdzi\u0107 <a href=\"https:\/\/www.traficar.pl\/booking\" rel=\"noopener\" target=\"_blank\">na mapie.<\/a> <\/p>\n<p>Us\u0142uga Traficara jest dost\u0119pna w nast\u0119puj\u0105cych miastach \u015al\u0105ska i Zag\u0142\u0119bia: B\u0119dzin, Bytom, Chorz\u00f3w, D\u0105browa G\u00f3rnicza, Gliwice, Jaworzno, Katowice, Miko\u0142\u00f3w, Mys\u0142owice, Ruda \u015al\u0105ska, Siemianowice \u015al\u0105skie, Sosnowiec, Tychy i Zabrze oraz lotnisko w Pyrzowicach. Samochody na minuty mo\u017cna wypo\u017cyczy\u0107 r\u00f3wnie\u017c w Warszawie, Krakowie, Poznaniu, Wroc\u0142awiu oraz w Tr\u00f3jmie\u015bcie.<\/p>\n<p>(\u017cms)<\/p>\n<div class=\"gliwi-a5-na-koncu-artykulow gliwi-entity-placement\" id=\"gliwi-361176750\"><div class=\"gliwi-adlabel\"><span style=\"font-size: 9px\">REKLAMA<\/span><\/div><div id=\"gliwi-2404965663\" style=\"margin-left: auto;margin-right: auto;text-align: center;\"><a data-no-instant=\"1\" href=\"https:\/\/prezeroarenagliwice.pl\/\" rel=\"noopener\" class=\"a2t-link\" target=\"_blank\" aria-label=\"20260309-PREZERO-WIOSNA-D\"><img loading=\"lazy\" decoding=\"async\" src=\"https:\/\/www.24gliwice.pl\/wiadomosci\/wp-content\/uploads\/2026\/03\/20260309-PREZERO-WIOSNA-D.webp\" alt=\"\"  srcset=\"https:\/\/www.24gliwice.pl\/wiadomosci\/wp-content\/uploads\/2026\/03\/20260309-PREZERO-WIOSNA-D.webp 750w, https:\/\/www.24gliwice.pl\/wiadomosci\/wp-content\/uploads\/2026\/03\/20260309-PREZERO-WIOSNA-D-410x109.webp 410w\" sizes=\"(max-width: 750px) 100vw, 750px\" class=\"no-lazyload\" width=\"750\" height=\"200\"  style=\"display: inline-block; max-width: 100%; height: auto;\" \/><\/a><\/div><\/div>","protected":false},"excerpt":{"rendered":"<p>Od kilkunastu dni mieszka\u0144cy czternastu miast \u015al\u0105ska i Zag\u0142\u0119bia mog\u0105 korzysta\u0107 z samochod\u00f3w do wypo\u017cyczenia na minuty. Pojazdy pojawi\u0142y si\u0119 m.in. na ulicach Gliwic. Flota Traficara na \u015al\u0105sku w Zag\u0142\u0119biu liczy 300 pojazd\u00f3w marki Renault Clio. Ceny za korzystanie z systemu s\u0105 takie same jak we wszystkich pozosta\u0142ych miastach, gdzie us\u0142uga ju\u017c dzia\u0142a. Ka\u017cdy przejechany [&hellip;]<\/p>\n","protected":false},"author":15,"featured_media":115224,"comment_status":"open","ping_status":"closed","sticky":false,"template":"","format":"standard","meta":{"_monsterinsights_skip_tracking":false,"_monsterinsights_sitenote_active":false,"_monsterinsights_sitenote_note":"","_monsterinsights_sitenote_category":0,"footnotes":"","_links_to":"","_links_to_target":""},"categories":[3,1,9],"tags":[11900,11648,11901,11898],"class_list":["post-114420","post","type-post","status-publish","format-standard","has-post-thumbnail","hentry","category-gliwice","category-wszystko","category-aktualnosci_lokalne","tag-samochody-elektryczne","tag-stacje","tag-traficar","tag-wypozyczalnia-samochodow"],"yoast_head":"<!-- This site is optimized with the Yoast SEO plugin v27.5 - https:\/\/yoast.com\/product\/yoast-seo-wordpress\/ -->\n<title>W Gliwicach pojawi\u0142y si\u0119 samochody &quot;na minuty&quot;. Na ulice \u015al\u0105ska i Zag\u0142\u0119bia trafi\u0142o w sumie 300 aut - 24GLIWICE - Portal Gliwice | codziennie nowe informacje<\/title>\n<meta name=\"robots\" content=\"index, follow, max-snippet:-1, max-image-preview:large, max-video-preview:-1\" \/>\n<link rel=\"canonical\" href=\"https:\/\/www.24gliwice.pl\/wiadomosci\/w-gliwicach-pojawily-sie-samochody-na-minuty-na-ulice-slaska-i-zaglebia-trafilo-w-sumie-300-aut\/\" \/>\n<meta property=\"og:locale\" content=\"pl_PL\" \/>\n<meta property=\"og:type\" content=\"article\" \/>\n<meta property=\"og:title\" content=\"W Gliwicach pojawi\u0142y si\u0119 samochody &quot;na minuty&quot;. Na ulice \u015al\u0105ska i Zag\u0142\u0119bia trafi\u0142o w sumie 300 aut - 24GLIWICE - Portal Gliwice | codziennie nowe informacje\" \/>\n<meta property=\"og:description\" content=\"Od kilkunastu dni mieszka\u0144cy czternastu miast \u015al\u0105ska i Zag\u0142\u0119bia mog\u0105 korzysta\u0107 z samochod\u00f3w do wypo\u017cyczenia na minuty. Pojazdy pojawi\u0142y si\u0119 m.in. na ulicach Gliwic. Flota Traficara na \u015al\u0105sku w Zag\u0142\u0119biu liczy 300 pojazd\u00f3w marki Renault Clio. Ceny za korzystanie z systemu s\u0105 takie same jak we wszystkich pozosta\u0142ych miastach, gdzie us\u0142uga ju\u017c dzia\u0142a. Ka\u017cdy przejechany [&hellip;]\" \/>\n<meta property=\"og:url\" content=\"https:\/\/www.24gliwice.pl\/wiadomosci\/w-gliwicach-pojawily-sie-samochody-na-minuty-na-ulice-slaska-i-zaglebia-trafilo-w-sumie-300-aut\/\" \/>\n<meta property=\"og:site_name\" content=\"24GLIWICE - Portal Gliwice | codziennie nowe informacje\" \/>\n<meta property=\"article:publisher\" content=\"https:\/\/www.facebook.com\/24gliwice\" \/>\n<meta property=\"article:published_time\" content=\"2018-04-05T08:57:16+00:00\" \/>\n<meta property=\"article:modified_time\" content=\"2018-04-05T09:05:46+00:00\" \/>\n<meta property=\"og:image\" content=\"https:\/\/www.24gliwice.pl\/wiadomosci\/wp-content\/uploads\/2018\/03\/1-trafficar-3.jpg\" \/>\n\t<meta property=\"og:image:width\" content=\"810\" \/>\n\t<meta property=\"og:image:height\" content=\"456\" \/>\n\t<meta property=\"og:image:type\" content=\"image\/jpeg\" \/>\n<meta name=\"author\" content=\"\u017baneta Mrozek-Siewierska\" \/>\n<meta name=\"twitter:card\" content=\"summary_large_image\" \/>\n<meta name=\"twitter:creator\" content=\"@24gliwice\" \/>\n<meta name=\"twitter:site\" content=\"@24gliwice\" \/>\n<meta name=\"twitter:label1\" content=\"Napisane przez\" \/>\n\t<meta name=\"twitter:data1\" content=\"\u017baneta Mrozek-Siewierska\" \/>\n\t<meta name=\"twitter:label2\" content=\"Szacowany czas czytania\" \/>\n\t<meta name=\"twitter:data2\" content=\"1 minuta\" \/>\n<script type=\"application\/ld+json\" class=\"yoast-schema-graph\">{\"@context\":\"https:\\\/\\\/schema.org\",\"@graph\":[{\"@type\":\"Article\",\"@id\":\"https:\\\/\\\/www.24gliwice.pl\\\/wiadomosci\\\/w-gliwicach-pojawily-sie-samochody-na-minuty-na-ulice-slaska-i-zaglebia-trafilo-w-sumie-300-aut\\\/#article\",\"isPartOf\":{\"@id\":\"https:\\\/\\\/www.24gliwice.pl\\\/wiadomosci\\\/w-gliwicach-pojawily-sie-samochody-na-minuty-na-ulice-slaska-i-zaglebia-trafilo-w-sumie-300-aut\\\/\"},\"author\":{\"name\":\"\u017baneta Mrozek-Siewierska\",\"@id\":\"https:\\\/\\\/www.24gliwice.pl\\\/wiadomosci\\\/#\\\/schema\\\/person\\\/e42c650edd7f2fa332be3811fb166b6e\"},\"headline\":\"W Gliwicach pojawi\u0142y si\u0119 samochody &#8220;na minuty&#8221;. Na ulice \u015al\u0105ska i Zag\u0142\u0119bia trafi\u0142o w sumie 300 aut\",\"datePublished\":\"2018-04-05T08:57:16+00:00\",\"dateModified\":\"2018-04-05T09:05:46+00:00\",\"mainEntityOfPage\":{\"@id\":\"https:\\\/\\\/www.24gliwice.pl\\\/wiadomosci\\\/w-gliwicach-pojawily-sie-samochody-na-minuty-na-ulice-slaska-i-zaglebia-trafilo-w-sumie-300-aut\\\/\"},\"wordCount\":314,\"commentCount\":0,\"publisher\":{\"@id\":\"https:\\\/\\\/www.24gliwice.pl\\\/wiadomosci\\\/#organization\"},\"image\":{\"@id\":\"https:\\\/\\\/www.24gliwice.pl\\\/wiadomosci\\\/w-gliwicach-pojawily-sie-samochody-na-minuty-na-ulice-slaska-i-zaglebia-trafilo-w-sumie-300-aut\\\/#primaryimage\"},\"thumbnailUrl\":\"https:\\\/\\\/www.24gliwice.pl\\\/wiadomosci\\\/wp-content\\\/uploads\\\/2018\\\/03\\\/1-trafficar-3.jpg\",\"keywords\":[\"samochody elektryczne\",\"stacje\",\"traficar\",\"wypo\u017cyczalnia samochod\u00f3w\"],\"articleSection\":[\"Gliwice\",\"Najnowsze wiadomo\u015bci\",\"Portal Gliwice - Wiadomo\u015bci lokalne\"],\"inLanguage\":\"pl-PL\",\"potentialAction\":[{\"@type\":\"CommentAction\",\"name\":\"Comment\",\"target\":[\"https:\\\/\\\/www.24gliwice.pl\\\/wiadomosci\\\/w-gliwicach-pojawily-sie-samochody-na-minuty-na-ulice-slaska-i-zaglebia-trafilo-w-sumie-300-aut\\\/#respond\"]}]},{\"@type\":\"WebPage\",\"@id\":\"https:\\\/\\\/www.24gliwice.pl\\\/wiadomosci\\\/w-gliwicach-pojawily-sie-samochody-na-minuty-na-ulice-slaska-i-zaglebia-trafilo-w-sumie-300-aut\\\/\",\"url\":\"https:\\\/\\\/www.24gliwice.pl\\\/wiadomosci\\\/w-gliwicach-pojawily-sie-samochody-na-minuty-na-ulice-slaska-i-zaglebia-trafilo-w-sumie-300-aut\\\/\",\"name\":\"W Gliwicach pojawi\u0142y si\u0119 samochody \\\"na minuty\\\". Na ulice \u015al\u0105ska i Zag\u0142\u0119bia trafi\u0142o w sumie 300 aut - 24GLIWICE - Portal Gliwice | codziennie nowe informacje\",\"isPartOf\":{\"@id\":\"https:\\\/\\\/www.24gliwice.pl\\\/wiadomosci\\\/#website\"},\"primaryImageOfPage\":{\"@id\":\"https:\\\/\\\/www.24gliwice.pl\\\/wiadomosci\\\/w-gliwicach-pojawily-sie-samochody-na-minuty-na-ulice-slaska-i-zaglebia-trafilo-w-sumie-300-aut\\\/#primaryimage\"},\"image\":{\"@id\":\"https:\\\/\\\/www.24gliwice.pl\\\/wiadomosci\\\/w-gliwicach-pojawily-sie-samochody-na-minuty-na-ulice-slaska-i-zaglebia-trafilo-w-sumie-300-aut\\\/#primaryimage\"},\"thumbnailUrl\":\"https:\\\/\\\/www.24gliwice.pl\\\/wiadomosci\\\/wp-content\\\/uploads\\\/2018\\\/03\\\/1-trafficar-3.jpg\",\"datePublished\":\"2018-04-05T08:57:16+00:00\",\"dateModified\":\"2018-04-05T09:05:46+00:00\",\"breadcrumb\":{\"@id\":\"https:\\\/\\\/www.24gliwice.pl\\\/wiadomosci\\\/w-gliwicach-pojawily-sie-samochody-na-minuty-na-ulice-slaska-i-zaglebia-trafilo-w-sumie-300-aut\\\/#breadcrumb\"},\"inLanguage\":\"pl-PL\",\"potentialAction\":[{\"@type\":\"ReadAction\",\"target\":[\"https:\\\/\\\/www.24gliwice.pl\\\/wiadomosci\\\/w-gliwicach-pojawily-sie-samochody-na-minuty-na-ulice-slaska-i-zaglebia-trafilo-w-sumie-300-aut\\\/\"]}]},{\"@type\":\"ImageObject\",\"inLanguage\":\"pl-PL\",\"@id\":\"https:\\\/\\\/www.24gliwice.pl\\\/wiadomosci\\\/w-gliwicach-pojawily-sie-samochody-na-minuty-na-ulice-slaska-i-zaglebia-trafilo-w-sumie-300-aut\\\/#primaryimage\",\"url\":\"https:\\\/\\\/www.24gliwice.pl\\\/wiadomosci\\\/wp-content\\\/uploads\\\/2018\\\/03\\\/1-trafficar-3.jpg\",\"contentUrl\":\"https:\\\/\\\/www.24gliwice.pl\\\/wiadomosci\\\/wp-content\\\/uploads\\\/2018\\\/03\\\/1-trafficar-3.jpg\",\"width\":810,\"height\":456},{\"@type\":\"BreadcrumbList\",\"@id\":\"https:\\\/\\\/www.24gliwice.pl\\\/wiadomosci\\\/w-gliwicach-pojawily-sie-samochody-na-minuty-na-ulice-slaska-i-zaglebia-trafilo-w-sumie-300-aut\\\/#breadcrumb\",\"itemListElement\":[{\"@type\":\"ListItem\",\"position\":1,\"name\":\"Strona g\u0142\u00f3wna\",\"item\":\"https:\\\/\\\/www.24gliwice.pl\\\/wiadomosci\\\/\"},{\"@type\":\"ListItem\",\"position\":2,\"name\":\"W Gliwicach pojawi\u0142y si\u0119 samochody &#8222;na minuty&#8221;. Na ulice \u015al\u0105ska i Zag\u0142\u0119bia trafi\u0142o w sumie 300 aut\"}]},{\"@type\":\"WebSite\",\"@id\":\"https:\\\/\\\/www.24gliwice.pl\\\/wiadomosci\\\/#website\",\"url\":\"https:\\\/\\\/www.24gliwice.pl\\\/wiadomosci\\\/\",\"name\":\"24GLIWICE - Portal Gliwice | codziennie nowe wiadomo\u015bci\",\"description\":\"Portal Miejski Gliwice\",\"publisher\":{\"@id\":\"https:\\\/\\\/www.24gliwice.pl\\\/wiadomosci\\\/#organization\"},\"potentialAction\":[{\"@type\":\"SearchAction\",\"target\":{\"@type\":\"EntryPoint\",\"urlTemplate\":\"https:\\\/\\\/www.24gliwice.pl\\\/wiadomosci\\\/?s={search_term_string}\"},\"query-input\":{\"@type\":\"PropertyValueSpecification\",\"valueRequired\":true,\"valueName\":\"search_term_string\"}}],\"inLanguage\":\"pl-PL\"},{\"@type\":\"Organization\",\"@id\":\"https:\\\/\\\/www.24gliwice.pl\\\/wiadomosci\\\/#organization\",\"name\":\"24gliwice\",\"url\":\"https:\\\/\\\/www.24gliwice.pl\\\/wiadomosci\\\/\",\"logo\":{\"@type\":\"ImageObject\",\"inLanguage\":\"pl-PL\",\"@id\":\"https:\\\/\\\/www.24gliwice.pl\\\/wiadomosci\\\/#\\\/schema\\\/logo\\\/image\\\/\",\"url\":\"https:\\\/\\\/www.24gliwice.pl\\\/wiadomosci\\\/wp-content\\\/uploads\\\/2024\\\/10\\\/24gliwice-logo-696.jpg\",\"contentUrl\":\"https:\\\/\\\/www.24gliwice.pl\\\/wiadomosci\\\/wp-content\\\/uploads\\\/2024\\\/10\\\/24gliwice-logo-696.jpg\",\"width\":696,\"height\":696,\"caption\":\"24gliwice\"},\"image\":{\"@id\":\"https:\\\/\\\/www.24gliwice.pl\\\/wiadomosci\\\/#\\\/schema\\\/logo\\\/image\\\/\"},\"sameAs\":[\"https:\\\/\\\/www.facebook.com\\\/24gliwice\",\"https:\\\/\\\/x.com\\\/24gliwice\",\"https:\\\/\\\/www.youtube.com\\\/@24gliwice\"]},{\"@type\":\"Person\",\"@id\":\"https:\\\/\\\/www.24gliwice.pl\\\/wiadomosci\\\/#\\\/schema\\\/person\\\/e42c650edd7f2fa332be3811fb166b6e\",\"name\":\"\u017baneta Mrozek-Siewierska\",\"image\":{\"@type\":\"ImageObject\",\"inLanguage\":\"pl-PL\",\"@id\":\"https:\\\/\\\/secure.gravatar.com\\\/avatar\\\/1881429e9c64597c77ad7aef2d0a19be69a3253e57534d16aa15bf3a4d34a0a3?s=96&d=mm&r=g\",\"url\":\"https:\\\/\\\/secure.gravatar.com\\\/avatar\\\/1881429e9c64597c77ad7aef2d0a19be69a3253e57534d16aa15bf3a4d34a0a3?s=96&d=mm&r=g\",\"contentUrl\":\"https:\\\/\\\/secure.gravatar.com\\\/avatar\\\/1881429e9c64597c77ad7aef2d0a19be69a3253e57534d16aa15bf3a4d34a0a3?s=96&d=mm&r=g\",\"caption\":\"\u017baneta Mrozek-Siewierska\"},\"url\":\"https:\\\/\\\/www.24gliwice.pl\\\/wiadomosci\\\/author\\\/zms\\\/\"}]}<\/script>\n<!-- \/ Yoast SEO plugin. -->","yoast_head_json":{"title":"W Gliwicach pojawi\u0142y si\u0119 samochody \"na minuty\". Na ulice \u015al\u0105ska i Zag\u0142\u0119bia trafi\u0142o w sumie 300 aut - 24GLIWICE - Portal Gliwice | codziennie nowe informacje","robots":{"index":"index","follow":"follow","max-snippet":"max-snippet:-1","max-image-preview":"max-image-preview:large","max-video-preview":"max-video-preview:-1"},"canonical":"https:\/\/www.24gliwice.pl\/wiadomosci\/w-gliwicach-pojawily-sie-samochody-na-minuty-na-ulice-slaska-i-zaglebia-trafilo-w-sumie-300-aut\/","og_locale":"pl_PL","og_type":"article","og_title":"W Gliwicach pojawi\u0142y si\u0119 samochody \"na minuty\". Na ulice \u015al\u0105ska i Zag\u0142\u0119bia trafi\u0142o w sumie 300 aut - 24GLIWICE - Portal Gliwice | codziennie nowe informacje","og_description":"Od kilkunastu dni mieszka\u0144cy czternastu miast \u015al\u0105ska i Zag\u0142\u0119bia mog\u0105 korzysta\u0107 z samochod\u00f3w do wypo\u017cyczenia na minuty. Pojazdy pojawi\u0142y si\u0119 m.in. na ulicach Gliwic. Flota Traficara na \u015al\u0105sku w Zag\u0142\u0119biu liczy 300 pojazd\u00f3w marki Renault Clio. Ceny za korzystanie z systemu s\u0105 takie same jak we wszystkich pozosta\u0142ych miastach, gdzie us\u0142uga ju\u017c dzia\u0142a. Ka\u017cdy przejechany [&hellip;]","og_url":"https:\/\/www.24gliwice.pl\/wiadomosci\/w-gliwicach-pojawily-sie-samochody-na-minuty-na-ulice-slaska-i-zaglebia-trafilo-w-sumie-300-aut\/","og_site_name":"24GLIWICE - Portal Gliwice | codziennie nowe informacje","article_publisher":"https:\/\/www.facebook.com\/24gliwice","article_published_time":"2018-04-05T08:57:16+00:00","article_modified_time":"2018-04-05T09:05:46+00:00","og_image":[{"width":810,"height":456,"url":"https:\/\/www.24gliwice.pl\/wiadomosci\/wp-content\/uploads\/2018\/03\/1-trafficar-3.jpg","type":"image\/jpeg"}],"author":"\u017baneta Mrozek-Siewierska","twitter_card":"summary_large_image","twitter_creator":"@24gliwice","twitter_site":"@24gliwice","twitter_misc":{"Napisane przez":"\u017baneta Mrozek-Siewierska","Szacowany czas czytania":"1 minuta"},"schema":{"@context":"https:\/\/schema.org","@graph":[{"@type":"Article","@id":"https:\/\/www.24gliwice.pl\/wiadomosci\/w-gliwicach-pojawily-sie-samochody-na-minuty-na-ulice-slaska-i-zaglebia-trafilo-w-sumie-300-aut\/#article","isPartOf":{"@id":"https:\/\/www.24gliwice.pl\/wiadomosci\/w-gliwicach-pojawily-sie-samochody-na-minuty-na-ulice-slaska-i-zaglebia-trafilo-w-sumie-300-aut\/"},"author":{"name":"\u017baneta Mrozek-Siewierska","@id":"https:\/\/www.24gliwice.pl\/wiadomosci\/#\/schema\/person\/e42c650edd7f2fa332be3811fb166b6e"},"headline":"W Gliwicach pojawi\u0142y si\u0119 samochody &#8220;na minuty&#8221;. Na ulice \u015al\u0105ska i Zag\u0142\u0119bia trafi\u0142o w sumie 300 aut","datePublished":"2018-04-05T08:57:16+00:00","dateModified":"2018-04-05T09:05:46+00:00","mainEntityOfPage":{"@id":"https:\/\/www.24gliwice.pl\/wiadomosci\/w-gliwicach-pojawily-sie-samochody-na-minuty-na-ulice-slaska-i-zaglebia-trafilo-w-sumie-300-aut\/"},"wordCount":314,"commentCount":0,"publisher":{"@id":"https:\/\/www.24gliwice.pl\/wiadomosci\/#organization"},"image":{"@id":"https:\/\/www.24gliwice.pl\/wiadomosci\/w-gliwicach-pojawily-sie-samochody-na-minuty-na-ulice-slaska-i-zaglebia-trafilo-w-sumie-300-aut\/#primaryimage"},"thumbnailUrl":"https:\/\/www.24gliwice.pl\/wiadomosci\/wp-content\/uploads\/2018\/03\/1-trafficar-3.jpg","keywords":["samochody elektryczne","stacje","traficar","wypo\u017cyczalnia samochod\u00f3w"],"articleSection":["Gliwice","Najnowsze wiadomo\u015bci","Portal Gliwice - Wiadomo\u015bci lokalne"],"inLanguage":"pl-PL","potentialAction":[{"@type":"CommentAction","name":"Comment","target":["https:\/\/www.24gliwice.pl\/wiadomosci\/w-gliwicach-pojawily-sie-samochody-na-minuty-na-ulice-slaska-i-zaglebia-trafilo-w-sumie-300-aut\/#respond"]}]},{"@type":"WebPage","@id":"https:\/\/www.24gliwice.pl\/wiadomosci\/w-gliwicach-pojawily-sie-samochody-na-minuty-na-ulice-slaska-i-zaglebia-trafilo-w-sumie-300-aut\/","url":"https:\/\/www.24gliwice.pl\/wiadomosci\/w-gliwicach-pojawily-sie-samochody-na-minuty-na-ulice-slaska-i-zaglebia-trafilo-w-sumie-300-aut\/","name":"W Gliwicach pojawi\u0142y si\u0119 samochody \"na minuty\". Na ulice \u015al\u0105ska i Zag\u0142\u0119bia trafi\u0142o w sumie 300 aut - 24GLIWICE - Portal Gliwice | codziennie nowe informacje","isPartOf":{"@id":"https:\/\/www.24gliwice.pl\/wiadomosci\/#website"},"primaryImageOfPage":{"@id":"https:\/\/www.24gliwice.pl\/wiadomosci\/w-gliwicach-pojawily-sie-samochody-na-minuty-na-ulice-slaska-i-zaglebia-trafilo-w-sumie-300-aut\/#primaryimage"},"image":{"@id":"https:\/\/www.24gliwice.pl\/wiadomosci\/w-gliwicach-pojawily-sie-samochody-na-minuty-na-ulice-slaska-i-zaglebia-trafilo-w-sumie-300-aut\/#primaryimage"},"thumbnailUrl":"https:\/\/www.24gliwice.pl\/wiadomosci\/wp-content\/uploads\/2018\/03\/1-trafficar-3.jpg","datePublished":"2018-04-05T08:57:16+00:00","dateModified":"2018-04-05T09:05:46+00:00","breadcrumb":{"@id":"https:\/\/www.24gliwice.pl\/wiadomosci\/w-gliwicach-pojawily-sie-samochody-na-minuty-na-ulice-slaska-i-zaglebia-trafilo-w-sumie-300-aut\/#breadcrumb"},"inLanguage":"pl-PL","potentialAction":[{"@type":"ReadAction","target":["https:\/\/www.24gliwice.pl\/wiadomosci\/w-gliwicach-pojawily-sie-samochody-na-minuty-na-ulice-slaska-i-zaglebia-trafilo-w-sumie-300-aut\/"]}]},{"@type":"ImageObject","inLanguage":"pl-PL","@id":"https:\/\/www.24gliwice.pl\/wiadomosci\/w-gliwicach-pojawily-sie-samochody-na-minuty-na-ulice-slaska-i-zaglebia-trafilo-w-sumie-300-aut\/#primaryimage","url":"https:\/\/www.24gliwice.pl\/wiadomosci\/wp-content\/uploads\/2018\/03\/1-trafficar-3.jpg","contentUrl":"https:\/\/www.24gliwice.pl\/wiadomosci\/wp-content\/uploads\/2018\/03\/1-trafficar-3.jpg","width":810,"height":456},{"@type":"BreadcrumbList","@id":"https:\/\/www.24gliwice.pl\/wiadomosci\/w-gliwicach-pojawily-sie-samochody-na-minuty-na-ulice-slaska-i-zaglebia-trafilo-w-sumie-300-aut\/#breadcrumb","itemListElement":[{"@type":"ListItem","position":1,"name":"Strona g\u0142\u00f3wna","item":"https:\/\/www.24gliwice.pl\/wiadomosci\/"},{"@type":"ListItem","position":2,"name":"W Gliwicach pojawi\u0142y si\u0119 samochody &#8222;na minuty&#8221;. Na ulice \u015al\u0105ska i Zag\u0142\u0119bia trafi\u0142o w sumie 300 aut"}]},{"@type":"WebSite","@id":"https:\/\/www.24gliwice.pl\/wiadomosci\/#website","url":"https:\/\/www.24gliwice.pl\/wiadomosci\/","name":"24GLIWICE - Portal Gliwice | codziennie nowe wiadomo\u015bci","description":"Portal Miejski Gliwice","publisher":{"@id":"https:\/\/www.24gliwice.pl\/wiadomosci\/#organization"},"potentialAction":[{"@type":"SearchAction","target":{"@type":"EntryPoint","urlTemplate":"https:\/\/www.24gliwice.pl\/wiadomosci\/?s={search_term_string}"},"query-input":{"@type":"PropertyValueSpecification","valueRequired":true,"valueName":"search_term_string"}}],"inLanguage":"pl-PL"},{"@type":"Organization","@id":"https:\/\/www.24gliwice.pl\/wiadomosci\/#organization","name":"24gliwice","url":"https:\/\/www.24gliwice.pl\/wiadomosci\/","logo":{"@type":"ImageObject","inLanguage":"pl-PL","@id":"https:\/\/www.24gliwice.pl\/wiadomosci\/#\/schema\/logo\/image\/","url":"https:\/\/www.24gliwice.pl\/wiadomosci\/wp-content\/uploads\/2024\/10\/24gliwice-logo-696.jpg","contentUrl":"https:\/\/www.24gliwice.pl\/wiadomosci\/wp-content\/uploads\/2024\/10\/24gliwice-logo-696.jpg","width":696,"height":696,"caption":"24gliwice"},"image":{"@id":"https:\/\/www.24gliwice.pl\/wiadomosci\/#\/schema\/logo\/image\/"},"sameAs":["https:\/\/www.facebook.com\/24gliwice","https:\/\/x.com\/24gliwice","https:\/\/www.youtube.com\/@24gliwice"]},{"@type":"Person","@id":"https:\/\/www.24gliwice.pl\/wiadomosci\/#\/schema\/person\/e42c650edd7f2fa332be3811fb166b6e","name":"\u017baneta Mrozek-Siewierska","image":{"@type":"ImageObject","inLanguage":"pl-PL","@id":"https:\/\/secure.gravatar.com\/avatar\/1881429e9c64597c77ad7aef2d0a19be69a3253e57534d16aa15bf3a4d34a0a3?s=96&d=mm&r=g","url":"https:\/\/secure.gravatar.com\/avatar\/1881429e9c64597c77ad7aef2d0a19be69a3253e57534d16aa15bf3a4d34a0a3?s=96&d=mm&r=g","contentUrl":"https:\/\/secure.gravatar.com\/avatar\/1881429e9c64597c77ad7aef2d0a19be69a3253e57534d16aa15bf3a4d34a0a3?s=96&d=mm&r=g","caption":"\u017baneta Mrozek-Siewierska"},"url":"https:\/\/www.24gliwice.pl\/wiadomosci\/author\/zms\/"}]}},"_links":{"self":[{"href":"https:\/\/www.24gliwice.pl\/wiadomosci\/wp-json\/wp\/v2\/posts\/114420","targetHints":{"allow":["GET"]}}],"collection":[{"href":"https:\/\/www.24gliwice.pl\/wiadomosci\/wp-json\/wp\/v2\/posts"}],"about":[{"href":"https:\/\/www.24gliwice.pl\/wiadomosci\/wp-json\/wp\/v2\/types\/post"}],"author":[{"embeddable":true,"href":"https:\/\/www.24gliwice.pl\/wiadomosci\/wp-json\/wp\/v2\/users\/15"}],"replies":[{"embeddable":true,"href":"https:\/\/www.24gliwice.pl\/wiadomosci\/wp-json\/wp\/v2\/comments?post=114420"}],"version-history":[{"count":0,"href":"https:\/\/www.24gliwice.pl\/wiadomosci\/wp-json\/wp\/v2\/posts\/114420\/revisions"}],"wp:featuredmedia":[{"embeddable":true,"href":"https:\/\/www.24gliwice.pl\/wiadomosci\/wp-json\/wp\/v2\/media\/115224"}],"wp:attachment":[{"href":"https:\/\/www.24gliwice.pl\/wiadomosci\/wp-json\/wp\/v2\/media?parent=114420"}],"wp:term":[{"taxonomy":"category","embeddable":true,"href":"https:\/\/www.24gliwice.pl\/wiadomosci\/wp-json\/wp\/v2\/categories?post=114420"},{"taxonomy":"post_tag","embeddable":true,"href":"https:\/\/www.24gliwice.pl\/wiadomosci\/wp-json\/wp\/v2\/tags?post=114420"}],"curies":[{"name":"wp","href":"https:\/\/api.w.org\/{rel}","templated":true}]}}