{"id":114436,"date":"2018-03-22T01:34:02","date_gmt":"2018-03-22T00:34:02","guid":{"rendered":"https:\/\/www.24gliwice.pl\/wiadomosci\/?p=114436"},"modified":"2018-03-22T12:45:15","modified_gmt":"2018-03-22T11:45:15","slug":"degradacja-zakladu-zwiazkowcy-chca-sie-spotkac-z-premierem-w-sprawie-gliwickiej-fabryki-opla","status":"publish","type":"post","link":"https:\/\/www.24gliwice.pl\/wiadomosci\/degradacja-zakladu-zwiazkowcy-chca-sie-spotkac-z-premierem-w-sprawie-gliwickiej-fabryki-opla\/","title":{"rendered":"&#8220;Degradacja zak\u0142adu&#8221;. Zwi\u0105zkowcy chc\u0105 si\u0119 spotka\u0107 z premierem w sprawie gliwickiej fabryki Opla"},"content":{"rendered":"<div class=\"gliwi-a6-nad-leadem-artykulow gliwi-entity-placement\" id=\"gliwi-2557850785\"><div class=\"gliwi-adlabel\"><span style=\"font-size: 9px\">REKLAMA<\/span><\/div><div id=\"gliwi-4282113408\" style=\"margin-bottom: 30px;margin-left: auto;margin-right: auto;text-align: center;\"><a data-no-instant=\"1\" href=\"https:\/\/przedszkole.halogen.org.pl\/\" rel=\"noopener\" class=\"a2t-link\" target=\"_blank\" aria-label=\"20260402-ANIMATOR-przedszkole_grafika_750x200\"><img loading=\"lazy\" decoding=\"async\" src=\"https:\/\/www.24gliwice.pl\/wiadomosci\/wp-content\/uploads\/2026\/04\/20260402-ANIMATOR-przedszkole_grafika_750x200.webp\" alt=\"\"  srcset=\"https:\/\/www.24gliwice.pl\/wiadomosci\/wp-content\/uploads\/2026\/04\/20260402-ANIMATOR-przedszkole_grafika_750x200.webp 750w, https:\/\/www.24gliwice.pl\/wiadomosci\/wp-content\/uploads\/2026\/04\/20260402-ANIMATOR-przedszkole_grafika_750x200-410x109.webp 410w\" sizes=\"(max-width: 750px) 100vw, 750px\" class=\"no-lazyload\" width=\"750\" height=\"200\"  style=\"display: inline-block; max-width: 100%; height: auto;\" \/><\/a><\/div><\/div><h3>Gliwick\u0105 fabryk\u0119 znowu czeka zmniejszenie produkcji &#8211; alarmuje WZZ &#8220;Solidarno\u015b\u0107 80&#8221;. Oznacza to, \u017ce kolejne kilkaset os\u00f3b zostanie oddelegowanych do zak\u0142ad\u00f3w na terenie Niemiec. Do zwi\u0105zku docieraj\u0105 te\u017c sygna\u0142y o fatalnych warunkach zakwaterowania pracownik\u00f3w.<\/h3>\n<p>Komisja Krajowa Wolnego Zwi\u0105zku Zawodowego &#8220;Sierpie\u0144 80&#8221; ponawia swoje wezwanie &#8211; dok\u0142adnie sprzed dw\u00f3ch tygodni &#8211; <a href=\"https:\/\/www.24gliwice.pl\/wiadomosci\/fabryka-opla-mialaby-zostac-znacjonalizowana-zwiazkowcy-pisza-do-premiera-morawieckiego\/\" rel=\"noopener\" target=\"_blank\">do zaj\u0119cia si\u0119 przez Rz\u0105d problemem bardzo trudnej sytuacji zak\u0142ad\u00f3w Opla i Fiata w Polsce.<\/a><\/p>\n<p>&#8211; Nie mo\u017cna d\u0142u\u017cej udawa\u0107, \u017ce tematu nie ma. Zakrywanie oczu i uszu nie spowoduje, \u017ce wszelkie przeciwno\u015bci w cudowny spos\u00f3b znikn\u0105. Tak si\u0119 nie stanie &#8211; pisze <strong>Bogus\u0142aw Zi\u0119tek<\/strong>, przewodnicz\u0105cy WZZ &#8220;Sierpie\u0144 80&#8243;.<\/p><div class=\"gliwi-a3-w-tresci-artykulow gliwi-entity-placement\" id=\"gliwi-2090171060\"><div class=\"gliwi-adlabel\"><span style=\"font-size: 9px\">REKLAMA<\/span><\/div><div id=\"gliwi-2240864204\" style=\"margin-bottom: 30px;margin-left: auto;margin-right: auto;text-align: center;\"><a data-no-instant=\"1\" href=\"https:\/\/ogrodyandersa.pl\/\" rel=\"noopener\" class=\"a2t-link\" target=\"_blank\" aria-label=\"20260415 Ogrody Andersa KUP TERAZ D\"><img loading=\"lazy\" decoding=\"async\" src=\"https:\/\/www.24gliwice.pl\/wiadomosci\/wp-content\/uploads\/2026\/04\/20260415-Ogrody-Andersa-KUP-TERAZ-D.jpg\" alt=\"\"  srcset=\"https:\/\/www.24gliwice.pl\/wiadomosci\/wp-content\/uploads\/2026\/04\/20260415-Ogrody-Andersa-KUP-TERAZ-D.jpg 750w, https:\/\/www.24gliwice.pl\/wiadomosci\/wp-content\/uploads\/2026\/04\/20260415-Ogrody-Andersa-KUP-TERAZ-D-410x109.jpg 410w\" sizes=\"(max-width: 750px) 100vw, 750px\" class=\"no-lazyload\" width=\"750\" height=\"200\"  style=\"display: inline-block; max-width: 100%; height: auto;\" \/><\/a><\/div><\/div>\n[perfectpullquote align=&#8221;full&#8221; bordertop=&#8221;false&#8221; cite=&#8221;&#8221; link=&#8221;&#8221; color=&#8221;&#8221; class=&#8221;&#8221; size=&#8221;&#8221;]Jak twierdzi przewodnicz\u0105cy &#8220;Sierpnia 80&#8221;, w zak\u0142adach sprawdzaj\u0105 si\u0119 czarne scenariusze zwi\u0105zkowc\u00f3w. [\/perfectpullquote]\n<p>&#8211; Opel Manufacturing Poland w Gliwicach przekaza\u0142 w\u0142a\u015bnie pracownikom informacj\u0119 o tym, \u017ce planuje kolejn\u0105, znacz\u0105c\u0105 obni\u017ck\u0119 produkcji samochod\u00f3w w Polsce, a co za tym idzie, nast\u0119pna kilkusetosobowa grupa polskich pracownik\u00f3w Opla oddelegowana b\u0119dzie do pracy w niemieckich fabrykach koncernu. To oznacza degradacj\u0119 tego zak\u0142adu &#8211; podkre\u015bla Zi\u0119tek.<\/p>\n<p>Do zwi\u0105zkowc\u00f3w tymczasem docieraj\u0105 niepokoj\u0105ce informacje o fatalnych warunkach zakwaterowania obywateli Polski oddelegowanych do pracy w fabrykach Opla w Niemczech. Informacje o tym przekaza\u0142y niemieckie zwi\u0105zki zawodowe. <\/p>\n<blockquote><p>Opini\u0119 publiczn\u0105 dobieg\u0142y wie\u015bci o bardzo z\u0142ych warunkach bytowych Polak\u00f3w \u201ewypo\u017cyczonych\u201d do pracy w Niemczech<\/p><\/blockquote>\n<p>&#8211; sygnalizuje przewodnicz\u0105cy &#8220;Sierpnia 80&#8221;.<\/p>\n<p>Jak przekazuje Bogus\u0142aw Zi\u0119tek, r\u00f3wnie niekorzystnie przedstawia si\u0119 sytuacja zak\u0142ad\u00f3w Fiata w Polsce. &#8211; Co prawda, dyrektor generalny koncernu Fiat Chrysler Automobile, <strong>Sergio Marchionne<\/strong> zapowiedzia\u0142, \u017ce w czerwcu tego roku og\u0142osi decyzj\u0119 dla fabryki w Tychach, lecz nale\u017cy pami\u0119ta\u0107, \u017ce takowe obietnice sk\u0142adane wcze\u015bniej przez dyrektora Marchionne by\u0142y bez pokrycia. Co, je\u017celi w czerwcu oka\u017ce si\u0119, \u017ce plany koncernu nie s\u0105 korzystne dla zak\u0142ad\u00f3w w Polsce? &#8211; kieruje pytanie do rz\u0105du.<\/p>\n<p>W ostatnich zdaniach listu do premiera <strong>Mateusza Morawieciego<\/strong>, Komisja Krajowa WZZ \u201eSierpie\u0144 80\u201d ponawia sw\u00f3j wniosek o spotkanie, w trakcie kt\u00f3rego poruszona zostanie tematyka alternatywnych rozwi\u0105za\u0144 dla przemys\u0142u motoryzacyjnego w Polsce, ze szczeg\u00f3lnym uwzgl\u0119dnieniem zak\u0142ad\u00f3w Opla i Fiata. <\/p>\n<p>&#8211; Bardzo dobry Plan Elektromobilno\u015bci, autorstwa Pana Premiera, jest szans\u0105 na rozwi\u0105zanie problem\u00f3w tych dw\u00f3ch firm w naszym kraju. Chcemy o tym rozmawia\u0107 i podda\u0107 temat publicznej debacie &#8211; zauwa\u017ca Zi\u0119tek.<\/p>\n<p>(\u017cms)\/<a href=\"http:\/\/wzz.org.pl\/posty\/motoryzacja---ponownie-do-premiera-morawieckiego\" rel=\"noopener\" target=\"_blank\">wzz.org.pl<\/a><\/p>\n<div class=\"gliwi-a5-na-koncu-artykulow gliwi-entity-placement\" id=\"gliwi-587046992\"><div class=\"gliwi-adlabel\"><span style=\"font-size: 9px\">REKLAMA<\/span><\/div><div id=\"gliwi-2715681242\" style=\"margin-left: auto;margin-right: auto;text-align: center;\"><a data-no-instant=\"1\" href=\"https:\/\/www.jasek.pl\/\" rel=\"noopener\" class=\"a2t-link\" target=\"_blank\" aria-label=\"20200401-jasek 600\"><img loading=\"lazy\" decoding=\"async\" src=\"https:\/\/www.24gliwice.pl\/wiadomosci\/wp-content\/uploads\/2020\/04\/20200401-jasek-600.jpg\" alt=\"\"  srcset=\"https:\/\/www.24gliwice.pl\/wiadomosci\/wp-content\/uploads\/2020\/04\/20200401-jasek-600.jpg 600w, https:\/\/www.24gliwice.pl\/wiadomosci\/wp-content\/uploads\/2020\/04\/20200401-jasek-600-410x109.jpg 410w\" sizes=\"(max-width: 600px) 100vw, 600px\" class=\"no-lazyload\" width=\"600\" height=\"160\"  style=\"display: inline-block; max-width: 100%; height: auto;\" \/><\/a><\/div><\/div>","protected":false},"excerpt":{"rendered":"<p>Gliwick\u0105 fabryk\u0119 znowu czeka zmniejszenie produkcji &#8211; alarmuje WZZ &#8220;Solidarno\u015b\u0107 80&#8221;. Oznacza to, \u017ce kolejne kilkaset os\u00f3b zostanie oddelegowanych do zak\u0142ad\u00f3w na terenie Niemiec. Do zwi\u0105zku docieraj\u0105 te\u017c sygna\u0142y o fatalnych warunkach zakwaterowania pracownik\u00f3w. Komisja Krajowa Wolnego Zwi\u0105zku Zawodowego &#8220;Sierpie\u0144 80&#8221; ponawia swoje wezwanie &#8211; dok\u0142adnie sprzed dw\u00f3ch tygodni &#8211; do zaj\u0119cia si\u0119 przez Rz\u0105d [&hellip;]<\/p>\n","protected":false},"author":15,"featured_media":91916,"comment_status":"open","ping_status":"closed","sticky":false,"template":"","format":"standard","meta":{"_monsterinsights_skip_tracking":false,"_monsterinsights_sitenote_active":false,"_monsterinsights_sitenote_note":"","_monsterinsights_sitenote_category":0,"footnotes":"","_links_to":"","_links_to_target":""},"categories":[3,1,9],"tags":[11905,8425],"class_list":["post-114436","post","type-post","status-publish","format-standard","has-post-thumbnail","hentry","category-gliwice","category-wszystko","category-aktualnosci_lokalne","tag-apel-do-premiera","tag-opel"],"yoast_head":"<!-- This site is optimized with the Yoast SEO plugin v27.5 - https:\/\/yoast.com\/product\/yoast-seo-wordpress\/ -->\n<title>&quot;Degradacja zak\u0142adu&quot;. Zwi\u0105zkowcy chc\u0105 si\u0119 spotka\u0107 z premierem w sprawie gliwickiej fabryki Opla - 24GLIWICE - Portal Gliwice | codziennie nowe informacje<\/title>\n<meta name=\"robots\" content=\"index, follow, max-snippet:-1, max-image-preview:large, max-video-preview:-1\" \/>\n<link rel=\"canonical\" href=\"https:\/\/www.24gliwice.pl\/wiadomosci\/degradacja-zakladu-zwiazkowcy-chca-sie-spotkac-z-premierem-w-sprawie-gliwickiej-fabryki-opla\/\" \/>\n<meta property=\"og:locale\" content=\"pl_PL\" \/>\n<meta property=\"og:type\" content=\"article\" \/>\n<meta property=\"og:title\" content=\"&quot;Degradacja zak\u0142adu&quot;. Zwi\u0105zkowcy chc\u0105 si\u0119 spotka\u0107 z premierem w sprawie gliwickiej fabryki Opla - 24GLIWICE - Portal Gliwice | codziennie nowe informacje\" \/>\n<meta property=\"og:description\" content=\"Gliwick\u0105 fabryk\u0119 znowu czeka zmniejszenie produkcji &#8211; alarmuje WZZ &#8220;Solidarno\u015b\u0107 80&#8221;. Oznacza to, \u017ce kolejne kilkaset os\u00f3b zostanie oddelegowanych do zak\u0142ad\u00f3w na terenie Niemiec. Do zwi\u0105zku docieraj\u0105 te\u017c sygna\u0142y o fatalnych warunkach zakwaterowania pracownik\u00f3w. Komisja Krajowa Wolnego Zwi\u0105zku Zawodowego &#8220;Sierpie\u0144 80&#8221; ponawia swoje wezwanie &#8211; dok\u0142adnie sprzed dw\u00f3ch tygodni &#8211; do zaj\u0119cia si\u0119 przez Rz\u0105d [&hellip;]\" \/>\n<meta property=\"og:url\" content=\"https:\/\/www.24gliwice.pl\/wiadomosci\/degradacja-zakladu-zwiazkowcy-chca-sie-spotkac-z-premierem-w-sprawie-gliwickiej-fabryki-opla\/\" \/>\n<meta property=\"og:site_name\" content=\"24GLIWICE - Portal Gliwice | codziennie nowe informacje\" \/>\n<meta property=\"article:publisher\" content=\"https:\/\/www.facebook.com\/24gliwice\" \/>\n<meta property=\"article:published_time\" content=\"2018-03-22T00:34:02+00:00\" \/>\n<meta property=\"article:modified_time\" content=\"2018-03-22T11:45:15+00:00\" \/>\n<meta property=\"og:image\" content=\"https:\/\/www.24gliwice.pl\/wiadomosci\/wp-content\/uploads\/2016\/12\/Opel-Gliwice-304229-1.jpg\" \/>\n\t<meta property=\"og:image:width\" content=\"810\" \/>\n\t<meta property=\"og:image:height\" content=\"420\" \/>\n\t<meta property=\"og:image:type\" content=\"image\/jpeg\" \/>\n<meta name=\"author\" content=\"\u017baneta Mrozek-Siewierska\" \/>\n<meta name=\"twitter:card\" content=\"summary_large_image\" \/>\n<meta name=\"twitter:creator\" content=\"@24gliwice\" \/>\n<meta name=\"twitter:site\" content=\"@24gliwice\" \/>\n<meta name=\"twitter:label1\" content=\"Napisane przez\" \/>\n\t<meta name=\"twitter:data1\" content=\"\u017baneta Mrozek-Siewierska\" \/>\n\t<meta name=\"twitter:label2\" content=\"Szacowany czas czytania\" \/>\n\t<meta name=\"twitter:data2\" content=\"2 minuty\" \/>\n<script type=\"application\/ld+json\" class=\"yoast-schema-graph\">{\"@context\":\"https:\\\/\\\/schema.org\",\"@graph\":[{\"@type\":\"Article\",\"@id\":\"https:\\\/\\\/www.24gliwice.pl\\\/wiadomosci\\\/degradacja-zakladu-zwiazkowcy-chca-sie-spotkac-z-premierem-w-sprawie-gliwickiej-fabryki-opla\\\/#article\",\"isPartOf\":{\"@id\":\"https:\\\/\\\/www.24gliwice.pl\\\/wiadomosci\\\/degradacja-zakladu-zwiazkowcy-chca-sie-spotkac-z-premierem-w-sprawie-gliwickiej-fabryki-opla\\\/\"},\"author\":{\"name\":\"\u017baneta Mrozek-Siewierska\",\"@id\":\"https:\\\/\\\/www.24gliwice.pl\\\/wiadomosci\\\/#\\\/schema\\\/person\\\/e42c650edd7f2fa332be3811fb166b6e\"},\"headline\":\"&#8220;Degradacja zak\u0142adu&#8221;. Zwi\u0105zkowcy chc\u0105 si\u0119 spotka\u0107 z premierem w sprawie gliwickiej fabryki Opla\",\"datePublished\":\"2018-03-22T00:34:02+00:00\",\"dateModified\":\"2018-03-22T11:45:15+00:00\",\"mainEntityOfPage\":{\"@id\":\"https:\\\/\\\/www.24gliwice.pl\\\/wiadomosci\\\/degradacja-zakladu-zwiazkowcy-chca-sie-spotkac-z-premierem-w-sprawie-gliwickiej-fabryki-opla\\\/\"},\"wordCount\":447,\"commentCount\":0,\"publisher\":{\"@id\":\"https:\\\/\\\/www.24gliwice.pl\\\/wiadomosci\\\/#organization\"},\"image\":{\"@id\":\"https:\\\/\\\/www.24gliwice.pl\\\/wiadomosci\\\/degradacja-zakladu-zwiazkowcy-chca-sie-spotkac-z-premierem-w-sprawie-gliwickiej-fabryki-opla\\\/#primaryimage\"},\"thumbnailUrl\":\"https:\\\/\\\/www.24gliwice.pl\\\/wiadomosci\\\/wp-content\\\/uploads\\\/2016\\\/12\\\/Opel-Gliwice-304229-1.jpg\",\"keywords\":[\"apel do premiera\",\"OPEL\"],\"articleSection\":[\"Gliwice\",\"Najnowsze wiadomo\u015bci\",\"Portal Gliwice - Wiadomo\u015bci lokalne\"],\"inLanguage\":\"pl-PL\",\"potentialAction\":[{\"@type\":\"CommentAction\",\"name\":\"Comment\",\"target\":[\"https:\\\/\\\/www.24gliwice.pl\\\/wiadomosci\\\/degradacja-zakladu-zwiazkowcy-chca-sie-spotkac-z-premierem-w-sprawie-gliwickiej-fabryki-opla\\\/#respond\"]}]},{\"@type\":\"WebPage\",\"@id\":\"https:\\\/\\\/www.24gliwice.pl\\\/wiadomosci\\\/degradacja-zakladu-zwiazkowcy-chca-sie-spotkac-z-premierem-w-sprawie-gliwickiej-fabryki-opla\\\/\",\"url\":\"https:\\\/\\\/www.24gliwice.pl\\\/wiadomosci\\\/degradacja-zakladu-zwiazkowcy-chca-sie-spotkac-z-premierem-w-sprawie-gliwickiej-fabryki-opla\\\/\",\"name\":\"\\\"Degradacja zak\u0142adu\\\". Zwi\u0105zkowcy chc\u0105 si\u0119 spotka\u0107 z premierem w sprawie gliwickiej fabryki Opla - 24GLIWICE - Portal Gliwice | codziennie nowe informacje\",\"isPartOf\":{\"@id\":\"https:\\\/\\\/www.24gliwice.pl\\\/wiadomosci\\\/#website\"},\"primaryImageOfPage\":{\"@id\":\"https:\\\/\\\/www.24gliwice.pl\\\/wiadomosci\\\/degradacja-zakladu-zwiazkowcy-chca-sie-spotkac-z-premierem-w-sprawie-gliwickiej-fabryki-opla\\\/#primaryimage\"},\"image\":{\"@id\":\"https:\\\/\\\/www.24gliwice.pl\\\/wiadomosci\\\/degradacja-zakladu-zwiazkowcy-chca-sie-spotkac-z-premierem-w-sprawie-gliwickiej-fabryki-opla\\\/#primaryimage\"},\"thumbnailUrl\":\"https:\\\/\\\/www.24gliwice.pl\\\/wiadomosci\\\/wp-content\\\/uploads\\\/2016\\\/12\\\/Opel-Gliwice-304229-1.jpg\",\"datePublished\":\"2018-03-22T00:34:02+00:00\",\"dateModified\":\"2018-03-22T11:45:15+00:00\",\"breadcrumb\":{\"@id\":\"https:\\\/\\\/www.24gliwice.pl\\\/wiadomosci\\\/degradacja-zakladu-zwiazkowcy-chca-sie-spotkac-z-premierem-w-sprawie-gliwickiej-fabryki-opla\\\/#breadcrumb\"},\"inLanguage\":\"pl-PL\",\"potentialAction\":[{\"@type\":\"ReadAction\",\"target\":[\"https:\\\/\\\/www.24gliwice.pl\\\/wiadomosci\\\/degradacja-zakladu-zwiazkowcy-chca-sie-spotkac-z-premierem-w-sprawie-gliwickiej-fabryki-opla\\\/\"]}]},{\"@type\":\"ImageObject\",\"inLanguage\":\"pl-PL\",\"@id\":\"https:\\\/\\\/www.24gliwice.pl\\\/wiadomosci\\\/degradacja-zakladu-zwiazkowcy-chca-sie-spotkac-z-premierem-w-sprawie-gliwickiej-fabryki-opla\\\/#primaryimage\",\"url\":\"https:\\\/\\\/www.24gliwice.pl\\\/wiadomosci\\\/wp-content\\\/uploads\\\/2016\\\/12\\\/Opel-Gliwice-304229-1.jpg\",\"contentUrl\":\"https:\\\/\\\/www.24gliwice.pl\\\/wiadomosci\\\/wp-content\\\/uploads\\\/2016\\\/12\\\/Opel-Gliwice-304229-1.jpg\",\"width\":810,\"height\":420,\"caption\":\"fot. archiwum 24gliwice.pl\"},{\"@type\":\"BreadcrumbList\",\"@id\":\"https:\\\/\\\/www.24gliwice.pl\\\/wiadomosci\\\/degradacja-zakladu-zwiazkowcy-chca-sie-spotkac-z-premierem-w-sprawie-gliwickiej-fabryki-opla\\\/#breadcrumb\",\"itemListElement\":[{\"@type\":\"ListItem\",\"position\":1,\"name\":\"Strona g\u0142\u00f3wna\",\"item\":\"https:\\\/\\\/www.24gliwice.pl\\\/wiadomosci\\\/\"},{\"@type\":\"ListItem\",\"position\":2,\"name\":\"&#8222;Degradacja zak\u0142adu&#8221;. Zwi\u0105zkowcy chc\u0105 si\u0119 spotka\u0107 z premierem w sprawie gliwickiej fabryki Opla\"}]},{\"@type\":\"WebSite\",\"@id\":\"https:\\\/\\\/www.24gliwice.pl\\\/wiadomosci\\\/#website\",\"url\":\"https:\\\/\\\/www.24gliwice.pl\\\/wiadomosci\\\/\",\"name\":\"24GLIWICE - Portal Gliwice | codziennie nowe wiadomo\u015bci\",\"description\":\"Portal Miejski Gliwice\",\"publisher\":{\"@id\":\"https:\\\/\\\/www.24gliwice.pl\\\/wiadomosci\\\/#organization\"},\"potentialAction\":[{\"@type\":\"SearchAction\",\"target\":{\"@type\":\"EntryPoint\",\"urlTemplate\":\"https:\\\/\\\/www.24gliwice.pl\\\/wiadomosci\\\/?s={search_term_string}\"},\"query-input\":{\"@type\":\"PropertyValueSpecification\",\"valueRequired\":true,\"valueName\":\"search_term_string\"}}],\"inLanguage\":\"pl-PL\"},{\"@type\":\"Organization\",\"@id\":\"https:\\\/\\\/www.24gliwice.pl\\\/wiadomosci\\\/#organization\",\"name\":\"24gliwice\",\"url\":\"https:\\\/\\\/www.24gliwice.pl\\\/wiadomosci\\\/\",\"logo\":{\"@type\":\"ImageObject\",\"inLanguage\":\"pl-PL\",\"@id\":\"https:\\\/\\\/www.24gliwice.pl\\\/wiadomosci\\\/#\\\/schema\\\/logo\\\/image\\\/\",\"url\":\"https:\\\/\\\/www.24gliwice.pl\\\/wiadomosci\\\/wp-content\\\/uploads\\\/2024\\\/10\\\/24gliwice-logo-696.jpg\",\"contentUrl\":\"https:\\\/\\\/www.24gliwice.pl\\\/wiadomosci\\\/wp-content\\\/uploads\\\/2024\\\/10\\\/24gliwice-logo-696.jpg\",\"width\":696,\"height\":696,\"caption\":\"24gliwice\"},\"image\":{\"@id\":\"https:\\\/\\\/www.24gliwice.pl\\\/wiadomosci\\\/#\\\/schema\\\/logo\\\/image\\\/\"},\"sameAs\":[\"https:\\\/\\\/www.facebook.com\\\/24gliwice\",\"https:\\\/\\\/x.com\\\/24gliwice\",\"https:\\\/\\\/www.youtube.com\\\/@24gliwice\"]},{\"@type\":\"Person\",\"@id\":\"https:\\\/\\\/www.24gliwice.pl\\\/wiadomosci\\\/#\\\/schema\\\/person\\\/e42c650edd7f2fa332be3811fb166b6e\",\"name\":\"\u017baneta Mrozek-Siewierska\",\"image\":{\"@type\":\"ImageObject\",\"inLanguage\":\"pl-PL\",\"@id\":\"https:\\\/\\\/secure.gravatar.com\\\/avatar\\\/1881429e9c64597c77ad7aef2d0a19be69a3253e57534d16aa15bf3a4d34a0a3?s=96&d=mm&r=g\",\"url\":\"https:\\\/\\\/secure.gravatar.com\\\/avatar\\\/1881429e9c64597c77ad7aef2d0a19be69a3253e57534d16aa15bf3a4d34a0a3?s=96&d=mm&r=g\",\"contentUrl\":\"https:\\\/\\\/secure.gravatar.com\\\/avatar\\\/1881429e9c64597c77ad7aef2d0a19be69a3253e57534d16aa15bf3a4d34a0a3?s=96&d=mm&r=g\",\"caption\":\"\u017baneta Mrozek-Siewierska\"},\"url\":\"https:\\\/\\\/www.24gliwice.pl\\\/wiadomosci\\\/author\\\/zms\\\/\"}]}<\/script>\n<!-- \/ Yoast SEO plugin. -->","yoast_head_json":{"title":"\"Degradacja zak\u0142adu\". Zwi\u0105zkowcy chc\u0105 si\u0119 spotka\u0107 z premierem w sprawie gliwickiej fabryki Opla - 24GLIWICE - Portal Gliwice | codziennie nowe informacje","robots":{"index":"index","follow":"follow","max-snippet":"max-snippet:-1","max-image-preview":"max-image-preview:large","max-video-preview":"max-video-preview:-1"},"canonical":"https:\/\/www.24gliwice.pl\/wiadomosci\/degradacja-zakladu-zwiazkowcy-chca-sie-spotkac-z-premierem-w-sprawie-gliwickiej-fabryki-opla\/","og_locale":"pl_PL","og_type":"article","og_title":"\"Degradacja zak\u0142adu\". Zwi\u0105zkowcy chc\u0105 si\u0119 spotka\u0107 z premierem w sprawie gliwickiej fabryki Opla - 24GLIWICE - Portal Gliwice | codziennie nowe informacje","og_description":"Gliwick\u0105 fabryk\u0119 znowu czeka zmniejszenie produkcji &#8211; alarmuje WZZ &#8220;Solidarno\u015b\u0107 80&#8221;. Oznacza to, \u017ce kolejne kilkaset os\u00f3b zostanie oddelegowanych do zak\u0142ad\u00f3w na terenie Niemiec. Do zwi\u0105zku docieraj\u0105 te\u017c sygna\u0142y o fatalnych warunkach zakwaterowania pracownik\u00f3w. Komisja Krajowa Wolnego Zwi\u0105zku Zawodowego &#8220;Sierpie\u0144 80&#8221; ponawia swoje wezwanie &#8211; dok\u0142adnie sprzed dw\u00f3ch tygodni &#8211; do zaj\u0119cia si\u0119 przez Rz\u0105d [&hellip;]","og_url":"https:\/\/www.24gliwice.pl\/wiadomosci\/degradacja-zakladu-zwiazkowcy-chca-sie-spotkac-z-premierem-w-sprawie-gliwickiej-fabryki-opla\/","og_site_name":"24GLIWICE - Portal Gliwice | codziennie nowe informacje","article_publisher":"https:\/\/www.facebook.com\/24gliwice","article_published_time":"2018-03-22T00:34:02+00:00","article_modified_time":"2018-03-22T11:45:15+00:00","og_image":[{"width":810,"height":420,"url":"https:\/\/www.24gliwice.pl\/wiadomosci\/wp-content\/uploads\/2016\/12\/Opel-Gliwice-304229-1.jpg","type":"image\/jpeg"}],"author":"\u017baneta Mrozek-Siewierska","twitter_card":"summary_large_image","twitter_creator":"@24gliwice","twitter_site":"@24gliwice","twitter_misc":{"Napisane przez":"\u017baneta Mrozek-Siewierska","Szacowany czas czytania":"2 minuty"},"schema":{"@context":"https:\/\/schema.org","@graph":[{"@type":"Article","@id":"https:\/\/www.24gliwice.pl\/wiadomosci\/degradacja-zakladu-zwiazkowcy-chca-sie-spotkac-z-premierem-w-sprawie-gliwickiej-fabryki-opla\/#article","isPartOf":{"@id":"https:\/\/www.24gliwice.pl\/wiadomosci\/degradacja-zakladu-zwiazkowcy-chca-sie-spotkac-z-premierem-w-sprawie-gliwickiej-fabryki-opla\/"},"author":{"name":"\u017baneta Mrozek-Siewierska","@id":"https:\/\/www.24gliwice.pl\/wiadomosci\/#\/schema\/person\/e42c650edd7f2fa332be3811fb166b6e"},"headline":"&#8220;Degradacja zak\u0142adu&#8221;. Zwi\u0105zkowcy chc\u0105 si\u0119 spotka\u0107 z premierem w sprawie gliwickiej fabryki Opla","datePublished":"2018-03-22T00:34:02+00:00","dateModified":"2018-03-22T11:45:15+00:00","mainEntityOfPage":{"@id":"https:\/\/www.24gliwice.pl\/wiadomosci\/degradacja-zakladu-zwiazkowcy-chca-sie-spotkac-z-premierem-w-sprawie-gliwickiej-fabryki-opla\/"},"wordCount":447,"commentCount":0,"publisher":{"@id":"https:\/\/www.24gliwice.pl\/wiadomosci\/#organization"},"image":{"@id":"https:\/\/www.24gliwice.pl\/wiadomosci\/degradacja-zakladu-zwiazkowcy-chca-sie-spotkac-z-premierem-w-sprawie-gliwickiej-fabryki-opla\/#primaryimage"},"thumbnailUrl":"https:\/\/www.24gliwice.pl\/wiadomosci\/wp-content\/uploads\/2016\/12\/Opel-Gliwice-304229-1.jpg","keywords":["apel do premiera","OPEL"],"articleSection":["Gliwice","Najnowsze wiadomo\u015bci","Portal Gliwice - Wiadomo\u015bci lokalne"],"inLanguage":"pl-PL","potentialAction":[{"@type":"CommentAction","name":"Comment","target":["https:\/\/www.24gliwice.pl\/wiadomosci\/degradacja-zakladu-zwiazkowcy-chca-sie-spotkac-z-premierem-w-sprawie-gliwickiej-fabryki-opla\/#respond"]}]},{"@type":"WebPage","@id":"https:\/\/www.24gliwice.pl\/wiadomosci\/degradacja-zakladu-zwiazkowcy-chca-sie-spotkac-z-premierem-w-sprawie-gliwickiej-fabryki-opla\/","url":"https:\/\/www.24gliwice.pl\/wiadomosci\/degradacja-zakladu-zwiazkowcy-chca-sie-spotkac-z-premierem-w-sprawie-gliwickiej-fabryki-opla\/","name":"\"Degradacja zak\u0142adu\". Zwi\u0105zkowcy chc\u0105 si\u0119 spotka\u0107 z premierem w sprawie gliwickiej fabryki Opla - 24GLIWICE - Portal Gliwice | codziennie nowe informacje","isPartOf":{"@id":"https:\/\/www.24gliwice.pl\/wiadomosci\/#website"},"primaryImageOfPage":{"@id":"https:\/\/www.24gliwice.pl\/wiadomosci\/degradacja-zakladu-zwiazkowcy-chca-sie-spotkac-z-premierem-w-sprawie-gliwickiej-fabryki-opla\/#primaryimage"},"image":{"@id":"https:\/\/www.24gliwice.pl\/wiadomosci\/degradacja-zakladu-zwiazkowcy-chca-sie-spotkac-z-premierem-w-sprawie-gliwickiej-fabryki-opla\/#primaryimage"},"thumbnailUrl":"https:\/\/www.24gliwice.pl\/wiadomosci\/wp-content\/uploads\/2016\/12\/Opel-Gliwice-304229-1.jpg","datePublished":"2018-03-22T00:34:02+00:00","dateModified":"2018-03-22T11:45:15+00:00","breadcrumb":{"@id":"https:\/\/www.24gliwice.pl\/wiadomosci\/degradacja-zakladu-zwiazkowcy-chca-sie-spotkac-z-premierem-w-sprawie-gliwickiej-fabryki-opla\/#breadcrumb"},"inLanguage":"pl-PL","potentialAction":[{"@type":"ReadAction","target":["https:\/\/www.24gliwice.pl\/wiadomosci\/degradacja-zakladu-zwiazkowcy-chca-sie-spotkac-z-premierem-w-sprawie-gliwickiej-fabryki-opla\/"]}]},{"@type":"ImageObject","inLanguage":"pl-PL","@id":"https:\/\/www.24gliwice.pl\/wiadomosci\/degradacja-zakladu-zwiazkowcy-chca-sie-spotkac-z-premierem-w-sprawie-gliwickiej-fabryki-opla\/#primaryimage","url":"https:\/\/www.24gliwice.pl\/wiadomosci\/wp-content\/uploads\/2016\/12\/Opel-Gliwice-304229-1.jpg","contentUrl":"https:\/\/www.24gliwice.pl\/wiadomosci\/wp-content\/uploads\/2016\/12\/Opel-Gliwice-304229-1.jpg","width":810,"height":420,"caption":"fot. archiwum 24gliwice.pl"},{"@type":"BreadcrumbList","@id":"https:\/\/www.24gliwice.pl\/wiadomosci\/degradacja-zakladu-zwiazkowcy-chca-sie-spotkac-z-premierem-w-sprawie-gliwickiej-fabryki-opla\/#breadcrumb","itemListElement":[{"@type":"ListItem","position":1,"name":"Strona g\u0142\u00f3wna","item":"https:\/\/www.24gliwice.pl\/wiadomosci\/"},{"@type":"ListItem","position":2,"name":"&#8222;Degradacja zak\u0142adu&#8221;. Zwi\u0105zkowcy chc\u0105 si\u0119 spotka\u0107 z premierem w sprawie gliwickiej fabryki Opla"}]},{"@type":"WebSite","@id":"https:\/\/www.24gliwice.pl\/wiadomosci\/#website","url":"https:\/\/www.24gliwice.pl\/wiadomosci\/","name":"24GLIWICE - Portal Gliwice | codziennie nowe wiadomo\u015bci","description":"Portal Miejski Gliwice","publisher":{"@id":"https:\/\/www.24gliwice.pl\/wiadomosci\/#organization"},"potentialAction":[{"@type":"SearchAction","target":{"@type":"EntryPoint","urlTemplate":"https:\/\/www.24gliwice.pl\/wiadomosci\/?s={search_term_string}"},"query-input":{"@type":"PropertyValueSpecification","valueRequired":true,"valueName":"search_term_string"}}],"inLanguage":"pl-PL"},{"@type":"Organization","@id":"https:\/\/www.24gliwice.pl\/wiadomosci\/#organization","name":"24gliwice","url":"https:\/\/www.24gliwice.pl\/wiadomosci\/","logo":{"@type":"ImageObject","inLanguage":"pl-PL","@id":"https:\/\/www.24gliwice.pl\/wiadomosci\/#\/schema\/logo\/image\/","url":"https:\/\/www.24gliwice.pl\/wiadomosci\/wp-content\/uploads\/2024\/10\/24gliwice-logo-696.jpg","contentUrl":"https:\/\/www.24gliwice.pl\/wiadomosci\/wp-content\/uploads\/2024\/10\/24gliwice-logo-696.jpg","width":696,"height":696,"caption":"24gliwice"},"image":{"@id":"https:\/\/www.24gliwice.pl\/wiadomosci\/#\/schema\/logo\/image\/"},"sameAs":["https:\/\/www.facebook.com\/24gliwice","https:\/\/x.com\/24gliwice","https:\/\/www.youtube.com\/@24gliwice"]},{"@type":"Person","@id":"https:\/\/www.24gliwice.pl\/wiadomosci\/#\/schema\/person\/e42c650edd7f2fa332be3811fb166b6e","name":"\u017baneta Mrozek-Siewierska","image":{"@type":"ImageObject","inLanguage":"pl-PL","@id":"https:\/\/secure.gravatar.com\/avatar\/1881429e9c64597c77ad7aef2d0a19be69a3253e57534d16aa15bf3a4d34a0a3?s=96&d=mm&r=g","url":"https:\/\/secure.gravatar.com\/avatar\/1881429e9c64597c77ad7aef2d0a19be69a3253e57534d16aa15bf3a4d34a0a3?s=96&d=mm&r=g","contentUrl":"https:\/\/secure.gravatar.com\/avatar\/1881429e9c64597c77ad7aef2d0a19be69a3253e57534d16aa15bf3a4d34a0a3?s=96&d=mm&r=g","caption":"\u017baneta Mrozek-Siewierska"},"url":"https:\/\/www.24gliwice.pl\/wiadomosci\/author\/zms\/"}]}},"_links":{"self":[{"href":"https:\/\/www.24gliwice.pl\/wiadomosci\/wp-json\/wp\/v2\/posts\/114436","targetHints":{"allow":["GET"]}}],"collection":[{"href":"https:\/\/www.24gliwice.pl\/wiadomosci\/wp-json\/wp\/v2\/posts"}],"about":[{"href":"https:\/\/www.24gliwice.pl\/wiadomosci\/wp-json\/wp\/v2\/types\/post"}],"author":[{"embeddable":true,"href":"https:\/\/www.24gliwice.pl\/wiadomosci\/wp-json\/wp\/v2\/users\/15"}],"replies":[{"embeddable":true,"href":"https:\/\/www.24gliwice.pl\/wiadomosci\/wp-json\/wp\/v2\/comments?post=114436"}],"version-history":[{"count":0,"href":"https:\/\/www.24gliwice.pl\/wiadomosci\/wp-json\/wp\/v2\/posts\/114436\/revisions"}],"wp:featuredmedia":[{"embeddable":true,"href":"https:\/\/www.24gliwice.pl\/wiadomosci\/wp-json\/wp\/v2\/media\/91916"}],"wp:attachment":[{"href":"https:\/\/www.24gliwice.pl\/wiadomosci\/wp-json\/wp\/v2\/media?parent=114436"}],"wp:term":[{"taxonomy":"category","embeddable":true,"href":"https:\/\/www.24gliwice.pl\/wiadomosci\/wp-json\/wp\/v2\/categories?post=114436"},{"taxonomy":"post_tag","embeddable":true,"href":"https:\/\/www.24gliwice.pl\/wiadomosci\/wp-json\/wp\/v2\/tags?post=114436"}],"curies":[{"name":"wp","href":"https:\/\/api.w.org\/{rel}","templated":true}]}}