{"id":114464,"date":"2018-03-21T17:44:54","date_gmt":"2018-03-21T16:44:54","guid":{"rendered":"https:\/\/www.24gliwice.pl\/wiadomosci\/?p=114464"},"modified":"2018-03-22T00:10:52","modified_gmt":"2018-03-21T23:10:52","slug":"sa-juz-kolejne-elementy-strefy-wyciszonego-ruchu-woonerf-na-ul-sieminskiego-galeria","status":"publish","type":"post","link":"https:\/\/www.24gliwice.pl\/wiadomosci\/sa-juz-kolejne-elementy-strefy-wyciszonego-ruchu-woonerf-na-ul-sieminskiego-galeria\/","title":{"rendered":"S\u0105 ju\u017c kolejne elementy strefy wyciszonego ruchu. &#8220;Woonerf&#8221; na ul. Siemi\u0144skiego (GALERIA)"},"content":{"rendered":"<div class=\"gliwi-a6-nad-leadem-artykulow gliwi-entity-placement\" id=\"gliwi-3153789143\"><div class=\"gliwi-adlabel\"><span style=\"font-size: 9px\">REKLAMA<\/span><\/div><div id=\"gliwi-1247747861\" style=\"margin-bottom: 25px;margin-left: auto;margin-right: auto;text-align: center;\"><a data-no-instant=\"1\" href=\"https:\/\/dom100.eu\/\" rel=\"noopener\" class=\"a2t-link\" target=\"_blank\" aria-label=\"20260415 DOM100 D\"><img loading=\"lazy\" decoding=\"async\" src=\"https:\/\/www.24gliwice.pl\/wiadomosci\/wp-content\/uploads\/2026\/04\/20260415-DOM100-D.jpg\" alt=\"\"  srcset=\"https:\/\/www.24gliwice.pl\/wiadomosci\/wp-content\/uploads\/2026\/04\/20260415-DOM100-D.jpg 750w, https:\/\/www.24gliwice.pl\/wiadomosci\/wp-content\/uploads\/2026\/04\/20260415-DOM100-D-410x109.jpg 410w\" sizes=\"(max-width: 750px) 100vw, 750px\" class=\"no-lazyload\" width=\"750\" height=\"200\"  style=\"display: inline-block; max-width: 100%; height: auto;\" \/><\/a><\/div><\/div><h3>Jeszcze kilka dni potrwaj\u0105 prace przy tworzeniu pierwszego w regionie tzw. &#8220;woonerfu&#8221;, czyli strefy wyciszonego ruchu, lub jak kto woli &#8220;miejskiego podw\u00f3rca&#8221;.<\/h3>\n<p> Na ulicy Siemi\u0144skiego (dawniej Wieczorka) pojawi\u0142y si\u0119 donice, meble i platformy daj\u0105ce na razie og\u00f3lne wyobra\u017cenie jak b\u0119dzie si\u0119 prezentowa\u0107 wersja finalna.<br \/>\n<div id='gallery-1' class='vce-gallery gallery galleryid-114464 gallery-columns-3 gallery-size-vce-lay-b'><div class=\"vce-gallery-big\"><div class=\"big-gallery-item item-0\" >\n\t\t\t<div class='gallery-icon'>\n\t\t\t\t<a href='https:\/\/www.24gliwice.pl\/wiadomosci\/wp-content\/uploads\/2018\/03\/1-29432593_10156276668739675_4377776653468696576_o.jpg'><img loading=\"lazy\" decoding=\"async\" width=\"810\" height=\"456\" src=\"https:\/\/www.24gliwice.pl\/wiadomosci\/wp-content\/uploads\/2018\/03\/1-29432593_10156276668739675_4377776653468696576_o-810x456.jpg\" class=\"attachment-vce-lay-a size-vce-lay-a\" alt=\"\" srcset=\"https:\/\/www.24gliwice.pl\/wiadomosci\/wp-content\/uploads\/2018\/03\/1-29432593_10156276668739675_4377776653468696576_o-810x456.jpg 810w, https:\/\/www.24gliwice.pl\/wiadomosci\/wp-content\/uploads\/2018\/03\/1-29432593_10156276668739675_4377776653468696576_o-410x232.jpg 410w, https:\/\/www.24gliwice.pl\/wiadomosci\/wp-content\/uploads\/2018\/03\/1-29432593_10156276668739675_4377776653468696576_o-768x432.jpg 768w, https:\/\/www.24gliwice.pl\/wiadomosci\/wp-content\/uploads\/2018\/03\/1-29432593_10156276668739675_4377776653468696576_o-1140x641.jpg 1140w, https:\/\/www.24gliwice.pl\/wiadomosci\/wp-content\/uploads\/2018\/03\/1-29432593_10156276668739675_4377776653468696576_o.jpg 1200w\" sizes=\"auto, (max-width: 810px) 100vw, 810px\" \/><\/a>\n\t\t\t<\/div><\/div><div class=\"big-gallery-item item-1\" style=\"display:none;\">\n\t\t\t<div class='gallery-icon'>\n\t\t\t\t<a href='https:\/\/www.24gliwice.pl\/wiadomosci\/wp-content\/uploads\/2018\/03\/1-29468732_10156276668304675_6554085948705996800_o.jpg'><img loading=\"lazy\" decoding=\"async\" width=\"810\" height=\"456\" src=\"https:\/\/www.24gliwice.pl\/wiadomosci\/wp-content\/uploads\/2018\/03\/1-29468732_10156276668304675_6554085948705996800_o-810x456.jpg\" class=\"attachment-vce-lay-a size-vce-lay-a\" alt=\"\" srcset=\"https:\/\/www.24gliwice.pl\/wiadomosci\/wp-content\/uploads\/2018\/03\/1-29468732_10156276668304675_6554085948705996800_o-810x456.jpg 810w, https:\/\/www.24gliwice.pl\/wiadomosci\/wp-content\/uploads\/2018\/03\/1-29468732_10156276668304675_6554085948705996800_o-410x232.jpg 410w, https:\/\/www.24gliwice.pl\/wiadomosci\/wp-content\/uploads\/2018\/03\/1-29468732_10156276668304675_6554085948705996800_o-768x432.jpg 768w, https:\/\/www.24gliwice.pl\/wiadomosci\/wp-content\/uploads\/2018\/03\/1-29468732_10156276668304675_6554085948705996800_o-1140x641.jpg 1140w, https:\/\/www.24gliwice.pl\/wiadomosci\/wp-content\/uploads\/2018\/03\/1-29468732_10156276668304675_6554085948705996800_o.jpg 1200w\" sizes=\"auto, (max-width: 810px) 100vw, 810px\" \/><\/a>\n\t\t\t<\/div><\/div><div class=\"big-gallery-item item-2\" style=\"display:none;\">\n\t\t\t<div class='gallery-icon'>\n\t\t\t\t<a href='https:\/\/www.24gliwice.pl\/wiadomosci\/wp-content\/uploads\/2018\/03\/1-29472434_10156276670484675_869804561898930176_o.jpg'><img loading=\"lazy\" decoding=\"async\" width=\"810\" height=\"456\" src=\"https:\/\/www.24gliwice.pl\/wiadomosci\/wp-content\/uploads\/2018\/03\/1-29472434_10156276670484675_869804561898930176_o-810x456.jpg\" class=\"attachment-vce-lay-a size-vce-lay-a\" alt=\"\" srcset=\"https:\/\/www.24gliwice.pl\/wiadomosci\/wp-content\/uploads\/2018\/03\/1-29472434_10156276670484675_869804561898930176_o-810x456.jpg 810w, https:\/\/www.24gliwice.pl\/wiadomosci\/wp-content\/uploads\/2018\/03\/1-29472434_10156276670484675_869804561898930176_o-410x232.jpg 410w, https:\/\/www.24gliwice.pl\/wiadomosci\/wp-content\/uploads\/2018\/03\/1-29472434_10156276670484675_869804561898930176_o-768x432.jpg 768w, https:\/\/www.24gliwice.pl\/wiadomosci\/wp-content\/uploads\/2018\/03\/1-29472434_10156276670484675_869804561898930176_o-1140x641.jpg 1140w, https:\/\/www.24gliwice.pl\/wiadomosci\/wp-content\/uploads\/2018\/03\/1-29472434_10156276670484675_869804561898930176_o.jpg 1200w\" sizes=\"auto, (max-width: 810px) 100vw, 810px\" \/><\/a>\n\t\t\t<\/div><\/div><div class=\"big-gallery-item item-3\" style=\"display:none;\">\n\t\t\t<div class='gallery-icon'>\n\t\t\t\t<a href='https:\/\/www.24gliwice.pl\/wiadomosci\/wp-content\/uploads\/2018\/03\/1-29472808_10156276670164675_224671607564533760_o.jpg'><img loading=\"lazy\" decoding=\"async\" width=\"810\" height=\"456\" src=\"https:\/\/www.24gliwice.pl\/wiadomosci\/wp-content\/uploads\/2018\/03\/1-29472808_10156276670164675_224671607564533760_o-810x456.jpg\" class=\"attachment-vce-lay-a size-vce-lay-a\" alt=\"\" srcset=\"https:\/\/www.24gliwice.pl\/wiadomosci\/wp-content\/uploads\/2018\/03\/1-29472808_10156276670164675_224671607564533760_o-810x456.jpg 810w, https:\/\/www.24gliwice.pl\/wiadomosci\/wp-content\/uploads\/2018\/03\/1-29472808_10156276670164675_224671607564533760_o-410x232.jpg 410w, https:\/\/www.24gliwice.pl\/wiadomosci\/wp-content\/uploads\/2018\/03\/1-29472808_10156276670164675_224671607564533760_o-768x432.jpg 768w, https:\/\/www.24gliwice.pl\/wiadomosci\/wp-content\/uploads\/2018\/03\/1-29472808_10156276670164675_224671607564533760_o-1140x641.jpg 1140w, https:\/\/www.24gliwice.pl\/wiadomosci\/wp-content\/uploads\/2018\/03\/1-29472808_10156276670164675_224671607564533760_o.jpg 1200w\" sizes=\"auto, (max-width: 810px) 100vw, 810px\" \/><\/a>\n\t\t\t<\/div><\/div><div class=\"big-gallery-item item-4\" style=\"display:none;\">\n\t\t\t<div class='gallery-icon'>\n\t\t\t\t<a href='https:\/\/www.24gliwice.pl\/wiadomosci\/wp-content\/uploads\/2018\/03\/1-29473145_10156276670899675_6613497329368432640_o.jpg'><img loading=\"lazy\" decoding=\"async\" width=\"810\" height=\"456\" src=\"https:\/\/www.24gliwice.pl\/wiadomosci\/wp-content\/uploads\/2018\/03\/1-29473145_10156276670899675_6613497329368432640_o-810x456.jpg\" class=\"attachment-vce-lay-a size-vce-lay-a\" alt=\"\" srcset=\"https:\/\/www.24gliwice.pl\/wiadomosci\/wp-content\/uploads\/2018\/03\/1-29473145_10156276670899675_6613497329368432640_o-810x456.jpg 810w, https:\/\/www.24gliwice.pl\/wiadomosci\/wp-content\/uploads\/2018\/03\/1-29473145_10156276670899675_6613497329368432640_o-410x232.jpg 410w, https:\/\/www.24gliwice.pl\/wiadomosci\/wp-content\/uploads\/2018\/03\/1-29473145_10156276670899675_6613497329368432640_o-768x432.jpg 768w, https:\/\/www.24gliwice.pl\/wiadomosci\/wp-content\/uploads\/2018\/03\/1-29473145_10156276670899675_6613497329368432640_o-1140x641.jpg 1140w, https:\/\/www.24gliwice.pl\/wiadomosci\/wp-content\/uploads\/2018\/03\/1-29473145_10156276670899675_6613497329368432640_o.jpg 1200w\" sizes=\"auto, (max-width: 810px) 100vw, 810px\" \/><\/a>\n\t\t\t<\/div><\/div><div class=\"big-gallery-item item-5\" style=\"display:none;\">\n\t\t\t<div class='gallery-icon'>\n\t\t\t\t<a href='https:\/\/www.24gliwice.pl\/wiadomosci\/wp-content\/uploads\/2018\/03\/1-29495877_10156276670584675_3126558358367109120_o.jpg'><img loading=\"lazy\" decoding=\"async\" width=\"810\" height=\"456\" src=\"https:\/\/www.24gliwice.pl\/wiadomosci\/wp-content\/uploads\/2018\/03\/1-29495877_10156276670584675_3126558358367109120_o-810x456.jpg\" class=\"attachment-vce-lay-a size-vce-lay-a\" alt=\"\" srcset=\"https:\/\/www.24gliwice.pl\/wiadomosci\/wp-content\/uploads\/2018\/03\/1-29495877_10156276670584675_3126558358367109120_o-810x456.jpg 810w, https:\/\/www.24gliwice.pl\/wiadomosci\/wp-content\/uploads\/2018\/03\/1-29495877_10156276670584675_3126558358367109120_o-410x232.jpg 410w, https:\/\/www.24gliwice.pl\/wiadomosci\/wp-content\/uploads\/2018\/03\/1-29495877_10156276670584675_3126558358367109120_o-768x432.jpg 768w, https:\/\/www.24gliwice.pl\/wiadomosci\/wp-content\/uploads\/2018\/03\/1-29495877_10156276670584675_3126558358367109120_o-1140x641.jpg 1140w, https:\/\/www.24gliwice.pl\/wiadomosci\/wp-content\/uploads\/2018\/03\/1-29495877_10156276670584675_3126558358367109120_o.jpg 1200w\" sizes=\"auto, (max-width: 810px) 100vw, 810px\" \/><\/a>\n\t\t\t<\/div><\/div><div class=\"big-gallery-item item-6\" style=\"display:none;\">\n\t\t\t<div class='gallery-icon'>\n\t\t\t\t<a href='https:\/\/www.24gliwice.pl\/wiadomosci\/wp-content\/uploads\/2018\/03\/1-29496520_10156276672034675_5387548513007566848_o.jpg'><img loading=\"lazy\" decoding=\"async\" width=\"810\" height=\"456\" src=\"https:\/\/www.24gliwice.pl\/wiadomosci\/wp-content\/uploads\/2018\/03\/1-29496520_10156276672034675_5387548513007566848_o-810x456.jpg\" class=\"attachment-vce-lay-a size-vce-lay-a\" alt=\"\" srcset=\"https:\/\/www.24gliwice.pl\/wiadomosci\/wp-content\/uploads\/2018\/03\/1-29496520_10156276672034675_5387548513007566848_o-810x456.jpg 810w, https:\/\/www.24gliwice.pl\/wiadomosci\/wp-content\/uploads\/2018\/03\/1-29496520_10156276672034675_5387548513007566848_o-410x232.jpg 410w, https:\/\/www.24gliwice.pl\/wiadomosci\/wp-content\/uploads\/2018\/03\/1-29496520_10156276672034675_5387548513007566848_o-768x432.jpg 768w, https:\/\/www.24gliwice.pl\/wiadomosci\/wp-content\/uploads\/2018\/03\/1-29496520_10156276672034675_5387548513007566848_o-1140x641.jpg 1140w, https:\/\/www.24gliwice.pl\/wiadomosci\/wp-content\/uploads\/2018\/03\/1-29496520_10156276672034675_5387548513007566848_o.jpg 1200w\" sizes=\"auto, (max-width: 810px) 100vw, 810px\" \/><\/a>\n\t\t\t<\/div><\/div><div class=\"big-gallery-item item-7\" style=\"display:none;\">\n\t\t\t<div class='gallery-icon'>\n\t\t\t\t<a href='https:\/\/www.24gliwice.pl\/wiadomosci\/wp-content\/uploads\/2018\/03\/1-29498132_10156276671399675_6261858547139608576_o.jpg'><img loading=\"lazy\" decoding=\"async\" width=\"810\" height=\"456\" src=\"https:\/\/www.24gliwice.pl\/wiadomosci\/wp-content\/uploads\/2018\/03\/1-29498132_10156276671399675_6261858547139608576_o-810x456.jpg\" class=\"attachment-vce-lay-a size-vce-lay-a\" alt=\"\" srcset=\"https:\/\/www.24gliwice.pl\/wiadomosci\/wp-content\/uploads\/2018\/03\/1-29498132_10156276671399675_6261858547139608576_o-810x456.jpg 810w, https:\/\/www.24gliwice.pl\/wiadomosci\/wp-content\/uploads\/2018\/03\/1-29498132_10156276671399675_6261858547139608576_o-410x232.jpg 410w, https:\/\/www.24gliwice.pl\/wiadomosci\/wp-content\/uploads\/2018\/03\/1-29498132_10156276671399675_6261858547139608576_o-768x432.jpg 768w, https:\/\/www.24gliwice.pl\/wiadomosci\/wp-content\/uploads\/2018\/03\/1-29498132_10156276671399675_6261858547139608576_o-1140x641.jpg 1140w, https:\/\/www.24gliwice.pl\/wiadomosci\/wp-content\/uploads\/2018\/03\/1-29498132_10156276671399675_6261858547139608576_o.jpg 1200w\" sizes=\"auto, (max-width: 810px) 100vw, 810px\" \/><\/a>\n\t\t\t<\/div><\/div><div class=\"big-gallery-item item-8\" style=\"display:none;\">\n\t\t\t<div class='gallery-icon'>\n\t\t\t\t<a href='https:\/\/www.24gliwice.pl\/wiadomosci\/wp-content\/uploads\/2018\/03\/1-29542769_10156276669854675_3190193701926207488_o-1.jpg'><img loading=\"lazy\" decoding=\"async\" width=\"810\" height=\"456\" src=\"https:\/\/www.24gliwice.pl\/wiadomosci\/wp-content\/uploads\/2018\/03\/1-29542769_10156276669854675_3190193701926207488_o-1-810x456.jpg\" class=\"attachment-vce-lay-a size-vce-lay-a\" alt=\"\" srcset=\"https:\/\/www.24gliwice.pl\/wiadomosci\/wp-content\/uploads\/2018\/03\/1-29542769_10156276669854675_3190193701926207488_o-1-810x456.jpg 810w, https:\/\/www.24gliwice.pl\/wiadomosci\/wp-content\/uploads\/2018\/03\/1-29542769_10156276669854675_3190193701926207488_o-1-410x232.jpg 410w, https:\/\/www.24gliwice.pl\/wiadomosci\/wp-content\/uploads\/2018\/03\/1-29542769_10156276669854675_3190193701926207488_o-1-768x432.jpg 768w, https:\/\/www.24gliwice.pl\/wiadomosci\/wp-content\/uploads\/2018\/03\/1-29542769_10156276669854675_3190193701926207488_o-1-1140x641.jpg 1140w, https:\/\/www.24gliwice.pl\/wiadomosci\/wp-content\/uploads\/2018\/03\/1-29542769_10156276669854675_3190193701926207488_o-1.jpg 1200w\" sizes=\"auto, (max-width: 810px) 100vw, 810px\" \/><\/a>\n\t\t\t<\/div><\/div><\/div><div class=\"vce-gallery-slider\" data-columns=\"3\"><figure class='gallery-item' data-item='0'>\n\t\t\t<div class='gallery-icon landscape'>\n\t\t\t\t<a href='https:\/\/www.24gliwice.pl\/wiadomosci\/wp-content\/uploads\/2018\/03\/1-29432593_10156276668739675_4377776653468696576_o.jpg'><img loading=\"lazy\" decoding=\"async\" width=\"375\" height=\"195\" src=\"https:\/\/www.24gliwice.pl\/wiadomosci\/wp-content\/uploads\/2018\/03\/1-29432593_10156276668739675_4377776653468696576_o-375x195.jpg\" class=\"attachment-vce-lay-b size-vce-lay-b\" alt=\"\" \/><\/a>\n\t\t\t<\/div><\/figure><figure class='gallery-item' data-item='1'>\n\t\t\t<div class='gallery-icon landscape'>\n\t\t\t\t<a href='https:\/\/www.24gliwice.pl\/wiadomosci\/wp-content\/uploads\/2018\/03\/1-29468732_10156276668304675_6554085948705996800_o.jpg'><img loading=\"lazy\" decoding=\"async\" width=\"375\" height=\"195\" src=\"https:\/\/www.24gliwice.pl\/wiadomosci\/wp-content\/uploads\/2018\/03\/1-29468732_10156276668304675_6554085948705996800_o-375x195.jpg\" class=\"attachment-vce-lay-b size-vce-lay-b\" alt=\"\" \/><\/a>\n\t\t\t<\/div><\/figure><figure class='gallery-item' data-item='2'>\n\t\t\t<div class='gallery-icon landscape'>\n\t\t\t\t<a href='https:\/\/www.24gliwice.pl\/wiadomosci\/wp-content\/uploads\/2018\/03\/1-29472434_10156276670484675_869804561898930176_o.jpg'><img loading=\"lazy\" decoding=\"async\" width=\"375\" height=\"195\" src=\"https:\/\/www.24gliwice.pl\/wiadomosci\/wp-content\/uploads\/2018\/03\/1-29472434_10156276670484675_869804561898930176_o-375x195.jpg\" class=\"attachment-vce-lay-b size-vce-lay-b\" alt=\"\" \/><\/a>\n\t\t\t<\/div><\/figure><figure class='gallery-item' data-item='3'>\n\t\t\t<div class='gallery-icon landscape'>\n\t\t\t\t<a href='https:\/\/www.24gliwice.pl\/wiadomosci\/wp-content\/uploads\/2018\/03\/1-29472808_10156276670164675_224671607564533760_o.jpg'><img loading=\"lazy\" decoding=\"async\" width=\"375\" height=\"195\" src=\"https:\/\/www.24gliwice.pl\/wiadomosci\/wp-content\/uploads\/2018\/03\/1-29472808_10156276670164675_224671607564533760_o-375x195.jpg\" class=\"attachment-vce-lay-b size-vce-lay-b\" alt=\"\" \/><\/a>\n\t\t\t<\/div><\/figure><figure class='gallery-item' data-item='4'>\n\t\t\t<div class='gallery-icon landscape'>\n\t\t\t\t<a href='https:\/\/www.24gliwice.pl\/wiadomosci\/wp-content\/uploads\/2018\/03\/1-29473145_10156276670899675_6613497329368432640_o.jpg'><img loading=\"lazy\" decoding=\"async\" width=\"375\" height=\"195\" src=\"https:\/\/www.24gliwice.pl\/wiadomosci\/wp-content\/uploads\/2018\/03\/1-29473145_10156276670899675_6613497329368432640_o-375x195.jpg\" class=\"attachment-vce-lay-b size-vce-lay-b\" alt=\"\" \/><\/a>\n\t\t\t<\/div><\/figure><figure class='gallery-item' data-item='5'>\n\t\t\t<div class='gallery-icon landscape'>\n\t\t\t\t<a href='https:\/\/www.24gliwice.pl\/wiadomosci\/wp-content\/uploads\/2018\/03\/1-29495877_10156276670584675_3126558358367109120_o.jpg'><img loading=\"lazy\" decoding=\"async\" width=\"375\" height=\"195\" src=\"https:\/\/www.24gliwice.pl\/wiadomosci\/wp-content\/uploads\/2018\/03\/1-29495877_10156276670584675_3126558358367109120_o-375x195.jpg\" class=\"attachment-vce-lay-b size-vce-lay-b\" alt=\"\" \/><\/a>\n\t\t\t<\/div><\/figure><figure class='gallery-item' data-item='6'>\n\t\t\t<div class='gallery-icon landscape'>\n\t\t\t\t<a href='https:\/\/www.24gliwice.pl\/wiadomosci\/wp-content\/uploads\/2018\/03\/1-29496520_10156276672034675_5387548513007566848_o.jpg'><img loading=\"lazy\" decoding=\"async\" width=\"375\" height=\"195\" src=\"https:\/\/www.24gliwice.pl\/wiadomosci\/wp-content\/uploads\/2018\/03\/1-29496520_10156276672034675_5387548513007566848_o-375x195.jpg\" class=\"attachment-vce-lay-b size-vce-lay-b\" alt=\"\" \/><\/a>\n\t\t\t<\/div><\/figure><figure class='gallery-item' data-item='7'>\n\t\t\t<div class='gallery-icon landscape'>\n\t\t\t\t<a href='https:\/\/www.24gliwice.pl\/wiadomosci\/wp-content\/uploads\/2018\/03\/1-29498132_10156276671399675_6261858547139608576_o.jpg'><img loading=\"lazy\" decoding=\"async\" width=\"375\" height=\"195\" src=\"https:\/\/www.24gliwice.pl\/wiadomosci\/wp-content\/uploads\/2018\/03\/1-29498132_10156276671399675_6261858547139608576_o-375x195.jpg\" class=\"attachment-vce-lay-b size-vce-lay-b\" alt=\"\" \/><\/a>\n\t\t\t<\/div><\/figure><figure class='gallery-item' data-item='8'>\n\t\t\t<div class='gallery-icon landscape'>\n\t\t\t\t<a href='https:\/\/www.24gliwice.pl\/wiadomosci\/wp-content\/uploads\/2018\/03\/1-29542769_10156276669854675_3190193701926207488_o-1.jpg'><img loading=\"lazy\" decoding=\"async\" width=\"375\" height=\"195\" src=\"https:\/\/www.24gliwice.pl\/wiadomosci\/wp-content\/uploads\/2018\/03\/1-29542769_10156276669854675_3190193701926207488_o-1-375x195.jpg\" class=\"attachment-vce-lay-b size-vce-lay-b\" alt=\"\" \/><\/a>\n\t\t\t<\/div><\/figure><\/div><\/div>\n\n<p>Przypomnijmy, aran\u017cacja w zamierzeniu projektant\u00f3w wyciszy ruch uliczny i stanie si\u0119 przestrzeni\u0105 sprzyjaj\u0105c\u0105 wypoczynkowi. Samochody b\u0119d\u0105 mog\u0142y porusza\u0107 si\u0119 z pr\u0119dko\u015bci\u0105 ograniczon\u0105 do 20 km\/h, a pierwsze\u0144stwo zawsze b\u0119d\u0105 mieli piesi. Pocz\u0105tek i koniec 250 metrowego woonerfu b\u0119d\u0105 zaznacza\u0107 du\u017ce donice z zieleni\u0105. Na ca\u0142ej d\u0142ugo\u015bci ulicy pojawi\u0105 si\u0119 donice z drzewami (g\u0142\u00f3wnie klonami) oraz niska ziele\u0144.<\/p>\n<p><img loading=\"lazy\" decoding=\"async\" src=\"https:\/\/www.24gliwice.pl\/wiadomosci\/wp-content\/uploads\/2018\/03\/1-29473145_10156276670899675_6613497329368432640_o.jpg\" alt=\"\" width=\"1200\" height=\"675\" class=\"aligncenter size-full wp-image-114469\" srcset=\"https:\/\/www.24gliwice.pl\/wiadomosci\/wp-content\/uploads\/2018\/03\/1-29473145_10156276670899675_6613497329368432640_o.jpg 1200w, https:\/\/www.24gliwice.pl\/wiadomosci\/wp-content\/uploads\/2018\/03\/1-29473145_10156276670899675_6613497329368432640_o-410x232.jpg 410w, https:\/\/www.24gliwice.pl\/wiadomosci\/wp-content\/uploads\/2018\/03\/1-29473145_10156276670899675_6613497329368432640_o-768x432.jpg 768w, https:\/\/www.24gliwice.pl\/wiadomosci\/wp-content\/uploads\/2018\/03\/1-29473145_10156276670899675_6613497329368432640_o-810x456.jpg 810w, https:\/\/www.24gliwice.pl\/wiadomosci\/wp-content\/uploads\/2018\/03\/1-29473145_10156276670899675_6613497329368432640_o-1140x641.jpg 1140w\" sizes=\"auto, (max-width: 1200px) 100vw, 1200px\" \/><\/p><div class=\"gliwi-a3-w-tresci-artykulow gliwi-entity-placement\" id=\"gliwi-1468392061\"><div class=\"gliwi-adlabel\"><span style=\"font-size: 9px\">REKLAMA<\/span><\/div><div id=\"gliwi-878550183\" style=\"margin-bottom: 30px;margin-left: auto;margin-right: auto;text-align: center;\"><a data-no-instant=\"1\" href=\"https:\/\/zlobek.halogen.org.pl\/\" rel=\"noopener\" class=\"a2t-link\" target=\"_blank\" aria-label=\"animator-zlobek_750x200\"><img loading=\"lazy\" decoding=\"async\" src=\"https:\/\/www.24gliwice.pl\/wiadomosci\/wp-content\/uploads\/2026\/02\/animator-zlobek_750x200.webp\" alt=\"\"  srcset=\"https:\/\/www.24gliwice.pl\/wiadomosci\/wp-content\/uploads\/2026\/02\/animator-zlobek_750x200.webp 750w, https:\/\/www.24gliwice.pl\/wiadomosci\/wp-content\/uploads\/2026\/02\/animator-zlobek_750x200-410x109.webp 410w\" sizes=\"(max-width: 750px) 100vw, 750px\" class=\"no-lazyload\" width=\"750\" height=\"200\"  style=\"display: inline-block; max-width: 100%; height: auto;\" \/><\/a><\/div><\/div>\n<p>W kilku miejscach powstan\u0105 specjalne podesty z siedziskami, kt\u00f3re \u2013 usytuowane wyspowo \u2013 poszerz\u0105 stref\u0119 chodnik\u00f3w. Stworz\u0105 miejsce wypoczynku i relaksu.<\/p>\n<p>Na 10 parkletach (miejscowych poszerzeniach przestrzeni dla pieszych, przyp. red.) ustawionych na chodnikach i jezdni stan\u0105 \u0142awki, pojedyncze siedziska oraz donice z zieleni\u0105. Pojawi\u0105 si\u0119 te\u017c rowerowe stojaki oraz miejsca parkingowe, na kt\u00f3rych b\u0119dzie mo\u017cna czasowo si\u0119 zatrzyma\u0107.<\/p>\n<div class=\"gliwi-a5-na-koncu-artykulow gliwi-entity-placement\" id=\"gliwi-2300394801\"><div class=\"gliwi-adlabel\"><span style=\"font-size: 9px\">REKLAMA<\/span><\/div><div id=\"gliwi-3737906530\" style=\"margin-left: auto;margin-right: auto;text-align: center;\"><a data-no-instant=\"1\" href=\"https:\/\/www.jasek.pl\/\" rel=\"noopener\" class=\"a2t-link\" target=\"_blank\" aria-label=\"20200401-jasek 600\"><img loading=\"lazy\" decoding=\"async\" src=\"https:\/\/www.24gliwice.pl\/wiadomosci\/wp-content\/uploads\/2020\/04\/20200401-jasek-600.jpg\" alt=\"\"  srcset=\"https:\/\/www.24gliwice.pl\/wiadomosci\/wp-content\/uploads\/2020\/04\/20200401-jasek-600.jpg 600w, https:\/\/www.24gliwice.pl\/wiadomosci\/wp-content\/uploads\/2020\/04\/20200401-jasek-600-410x109.jpg 410w\" sizes=\"(max-width: 600px) 100vw, 600px\" class=\"no-lazyload\" width=\"600\" height=\"160\"  style=\"display: inline-block; max-width: 100%; height: auto;\" \/><\/a><\/div><\/div>","protected":false},"excerpt":{"rendered":"<p>Jeszcze kilka dni potrwaj\u0105 prace przy tworzeniu pierwszego w regionie tzw. &#8220;woonerfu&#8221;, czyli strefy wyciszonego ruchu, lub jak kto woli &#8220;miejskiego podw\u00f3rca&#8221;. Na ulicy Siemi\u0144skiego (dawniej Wieczorka) pojawi\u0142y si\u0119 donice, meble i platformy daj\u0105ce na razie og\u00f3lne wyobra\u017cenie jak b\u0119dzie si\u0119 prezentowa\u0107 wersja finalna. Przypomnijmy, aran\u017cacja w zamierzeniu projektant\u00f3w wyciszy ruch uliczny i stanie si\u0119 [&hellip;]<\/p>\n","protected":false},"author":4,"featured_media":114473,"comment_status":"open","ping_status":"closed","sticky":false,"template":"","format":"gallery","meta":{"_monsterinsights_skip_tracking":false,"_monsterinsights_sitenote_active":false,"_monsterinsights_sitenote_note":"","_monsterinsights_sitenote_category":0,"footnotes":"","_links_to":"","_links_to_target":""},"categories":[3,1,9],"tags":[11911,11590,4967,10693],"class_list":["post-114464","post","type-post","status-publish","format-gallery","has-post-thumbnail","hentry","category-gliwice","category-wszystko","category-aktualnosci_lokalne","tag-miejski-podworzec","tag-sieminskiego","tag-wieczorka","tag-woonerf","post_format-post-format-gallery"],"yoast_head":"<!-- This site is optimized with the Yoast SEO plugin v27.5 - https:\/\/yoast.com\/product\/yoast-seo-wordpress\/ -->\n<title>S\u0105 ju\u017c kolejne elementy strefy wyciszonego ruchu. &quot;Woonerf&quot; na ul. Siemi\u0144skiego (GALERIA) - 24GLIWICE - Portal Gliwice | codziennie nowe informacje<\/title>\n<meta name=\"robots\" content=\"index, follow, max-snippet:-1, max-image-preview:large, max-video-preview:-1\" \/>\n<link rel=\"canonical\" href=\"https:\/\/www.24gliwice.pl\/wiadomosci\/sa-juz-kolejne-elementy-strefy-wyciszonego-ruchu-woonerf-na-ul-sieminskiego-galeria\/\" \/>\n<meta property=\"og:locale\" content=\"pl_PL\" \/>\n<meta property=\"og:type\" content=\"article\" \/>\n<meta property=\"og:title\" content=\"S\u0105 ju\u017c kolejne elementy strefy wyciszonego ruchu. &quot;Woonerf&quot; na ul. Siemi\u0144skiego (GALERIA) - 24GLIWICE - Portal Gliwice | codziennie nowe informacje\" \/>\n<meta property=\"og:description\" content=\"Jeszcze kilka dni potrwaj\u0105 prace przy tworzeniu pierwszego w regionie tzw. &#8220;woonerfu&#8221;, czyli strefy wyciszonego ruchu, lub jak kto woli &#8220;miejskiego podw\u00f3rca&#8221;. Na ulicy Siemi\u0144skiego (dawniej Wieczorka) pojawi\u0142y si\u0119 donice, meble i platformy daj\u0105ce na razie og\u00f3lne wyobra\u017cenie jak b\u0119dzie si\u0119 prezentowa\u0107 wersja finalna. Przypomnijmy, aran\u017cacja w zamierzeniu projektant\u00f3w wyciszy ruch uliczny i stanie si\u0119 [&hellip;]\" \/>\n<meta property=\"og:url\" content=\"https:\/\/www.24gliwice.pl\/wiadomosci\/sa-juz-kolejne-elementy-strefy-wyciszonego-ruchu-woonerf-na-ul-sieminskiego-galeria\/\" \/>\n<meta property=\"og:site_name\" content=\"24GLIWICE - Portal Gliwice | codziennie nowe informacje\" \/>\n<meta property=\"article:publisher\" content=\"https:\/\/www.facebook.com\/24gliwice\" \/>\n<meta property=\"article:author\" content=\"https:\/\/www.facebook.com\/marcin.fabrykowski\" \/>\n<meta property=\"article:published_time\" content=\"2018-03-21T16:44:54+00:00\" \/>\n<meta property=\"article:modified_time\" content=\"2018-03-21T23:10:52+00:00\" \/>\n<meta property=\"og:image\" content=\"https:\/\/www.24gliwice.pl\/wiadomosci\/wp-content\/uploads\/2018\/03\/1-29542769_10156276669854675_3190193701926207488_o-1.jpg\" \/>\n\t<meta property=\"og:image:width\" content=\"1200\" \/>\n\t<meta property=\"og:image:height\" content=\"675\" \/>\n\t<meta property=\"og:image:type\" content=\"image\/jpeg\" \/>\n<meta name=\"author\" content=\"Marcin Fabrykowski\" \/>\n<meta name=\"twitter:card\" content=\"summary_large_image\" \/>\n<meta name=\"twitter:creator\" content=\"@24gliwice\" \/>\n<meta name=\"twitter:site\" content=\"@24gliwice\" \/>\n<meta name=\"twitter:label1\" content=\"Napisane przez\" \/>\n\t<meta name=\"twitter:data1\" content=\"Marcin Fabrykowski\" \/>\n\t<meta name=\"twitter:label2\" content=\"Szacowany czas czytania\" \/>\n\t<meta name=\"twitter:data2\" content=\"1 minuta\" \/>\n<script type=\"application\/ld+json\" class=\"yoast-schema-graph\">{\"@context\":\"https:\\\/\\\/schema.org\",\"@graph\":[{\"@type\":\"Article\",\"@id\":\"https:\\\/\\\/www.24gliwice.pl\\\/wiadomosci\\\/sa-juz-kolejne-elementy-strefy-wyciszonego-ruchu-woonerf-na-ul-sieminskiego-galeria\\\/#article\",\"isPartOf\":{\"@id\":\"https:\\\/\\\/www.24gliwice.pl\\\/wiadomosci\\\/sa-juz-kolejne-elementy-strefy-wyciszonego-ruchu-woonerf-na-ul-sieminskiego-galeria\\\/\"},\"author\":{\"name\":\"Marcin Fabrykowski\",\"@id\":\"https:\\\/\\\/www.24gliwice.pl\\\/wiadomosci\\\/#\\\/schema\\\/person\\\/cb5857e4a4d048c15984c1edcc8ef0c0\"},\"headline\":\"S\u0105 ju\u017c kolejne elementy strefy wyciszonego ruchu. &#8220;Woonerf&#8221; na ul. Siemi\u0144skiego (GALERIA)\",\"datePublished\":\"2018-03-21T16:44:54+00:00\",\"dateModified\":\"2018-03-21T23:10:52+00:00\",\"mainEntityOfPage\":{\"@id\":\"https:\\\/\\\/www.24gliwice.pl\\\/wiadomosci\\\/sa-juz-kolejne-elementy-strefy-wyciszonego-ruchu-woonerf-na-ul-sieminskiego-galeria\\\/\"},\"wordCount\":199,\"commentCount\":0,\"publisher\":{\"@id\":\"https:\\\/\\\/www.24gliwice.pl\\\/wiadomosci\\\/#organization\"},\"image\":{\"@id\":\"https:\\\/\\\/www.24gliwice.pl\\\/wiadomosci\\\/sa-juz-kolejne-elementy-strefy-wyciszonego-ruchu-woonerf-na-ul-sieminskiego-galeria\\\/#primaryimage\"},\"thumbnailUrl\":\"https:\\\/\\\/www.24gliwice.pl\\\/wiadomosci\\\/wp-content\\\/uploads\\\/2018\\\/03\\\/1-29542769_10156276669854675_3190193701926207488_o-1.jpg\",\"keywords\":[\"miejski podw\u00f3rzec\",\"SIEMI\u0143SKIEGO\",\"WIECZORKA\",\"WOONERF\"],\"articleSection\":[\"Gliwice\",\"Najnowsze wiadomo\u015bci\",\"Portal Gliwice - Wiadomo\u015bci lokalne\"],\"inLanguage\":\"pl-PL\",\"potentialAction\":[{\"@type\":\"CommentAction\",\"name\":\"Comment\",\"target\":[\"https:\\\/\\\/www.24gliwice.pl\\\/wiadomosci\\\/sa-juz-kolejne-elementy-strefy-wyciszonego-ruchu-woonerf-na-ul-sieminskiego-galeria\\\/#respond\"]}]},{\"@type\":\"WebPage\",\"@id\":\"https:\\\/\\\/www.24gliwice.pl\\\/wiadomosci\\\/sa-juz-kolejne-elementy-strefy-wyciszonego-ruchu-woonerf-na-ul-sieminskiego-galeria\\\/\",\"url\":\"https:\\\/\\\/www.24gliwice.pl\\\/wiadomosci\\\/sa-juz-kolejne-elementy-strefy-wyciszonego-ruchu-woonerf-na-ul-sieminskiego-galeria\\\/\",\"name\":\"S\u0105 ju\u017c kolejne elementy strefy wyciszonego ruchu. \\\"Woonerf\\\" na ul. Siemi\u0144skiego (GALERIA) - 24GLIWICE - Portal Gliwice | codziennie nowe informacje\",\"isPartOf\":{\"@id\":\"https:\\\/\\\/www.24gliwice.pl\\\/wiadomosci\\\/#website\"},\"primaryImageOfPage\":{\"@id\":\"https:\\\/\\\/www.24gliwice.pl\\\/wiadomosci\\\/sa-juz-kolejne-elementy-strefy-wyciszonego-ruchu-woonerf-na-ul-sieminskiego-galeria\\\/#primaryimage\"},\"image\":{\"@id\":\"https:\\\/\\\/www.24gliwice.pl\\\/wiadomosci\\\/sa-juz-kolejne-elementy-strefy-wyciszonego-ruchu-woonerf-na-ul-sieminskiego-galeria\\\/#primaryimage\"},\"thumbnailUrl\":\"https:\\\/\\\/www.24gliwice.pl\\\/wiadomosci\\\/wp-content\\\/uploads\\\/2018\\\/03\\\/1-29542769_10156276669854675_3190193701926207488_o-1.jpg\",\"datePublished\":\"2018-03-21T16:44:54+00:00\",\"dateModified\":\"2018-03-21T23:10:52+00:00\",\"breadcrumb\":{\"@id\":\"https:\\\/\\\/www.24gliwice.pl\\\/wiadomosci\\\/sa-juz-kolejne-elementy-strefy-wyciszonego-ruchu-woonerf-na-ul-sieminskiego-galeria\\\/#breadcrumb\"},\"inLanguage\":\"pl-PL\",\"potentialAction\":[{\"@type\":\"ReadAction\",\"target\":[\"https:\\\/\\\/www.24gliwice.pl\\\/wiadomosci\\\/sa-juz-kolejne-elementy-strefy-wyciszonego-ruchu-woonerf-na-ul-sieminskiego-galeria\\\/\"]}]},{\"@type\":\"ImageObject\",\"inLanguage\":\"pl-PL\",\"@id\":\"https:\\\/\\\/www.24gliwice.pl\\\/wiadomosci\\\/sa-juz-kolejne-elementy-strefy-wyciszonego-ruchu-woonerf-na-ul-sieminskiego-galeria\\\/#primaryimage\",\"url\":\"https:\\\/\\\/www.24gliwice.pl\\\/wiadomosci\\\/wp-content\\\/uploads\\\/2018\\\/03\\\/1-29542769_10156276669854675_3190193701926207488_o-1.jpg\",\"contentUrl\":\"https:\\\/\\\/www.24gliwice.pl\\\/wiadomosci\\\/wp-content\\\/uploads\\\/2018\\\/03\\\/1-29542769_10156276669854675_3190193701926207488_o-1.jpg\",\"width\":1200,\"height\":675},{\"@type\":\"BreadcrumbList\",\"@id\":\"https:\\\/\\\/www.24gliwice.pl\\\/wiadomosci\\\/sa-juz-kolejne-elementy-strefy-wyciszonego-ruchu-woonerf-na-ul-sieminskiego-galeria\\\/#breadcrumb\",\"itemListElement\":[{\"@type\":\"ListItem\",\"position\":1,\"name\":\"Strona g\u0142\u00f3wna\",\"item\":\"https:\\\/\\\/www.24gliwice.pl\\\/wiadomosci\\\/\"},{\"@type\":\"ListItem\",\"position\":2,\"name\":\"S\u0105 ju\u017c kolejne elementy strefy wyciszonego ruchu. &#8222;Woonerf&#8221; na ul. Siemi\u0144skiego (GALERIA)\"}]},{\"@type\":\"WebSite\",\"@id\":\"https:\\\/\\\/www.24gliwice.pl\\\/wiadomosci\\\/#website\",\"url\":\"https:\\\/\\\/www.24gliwice.pl\\\/wiadomosci\\\/\",\"name\":\"24GLIWICE - Portal Gliwice | codziennie nowe wiadomo\u015bci\",\"description\":\"Portal Miejski Gliwice\",\"publisher\":{\"@id\":\"https:\\\/\\\/www.24gliwice.pl\\\/wiadomosci\\\/#organization\"},\"potentialAction\":[{\"@type\":\"SearchAction\",\"target\":{\"@type\":\"EntryPoint\",\"urlTemplate\":\"https:\\\/\\\/www.24gliwice.pl\\\/wiadomosci\\\/?s={search_term_string}\"},\"query-input\":{\"@type\":\"PropertyValueSpecification\",\"valueRequired\":true,\"valueName\":\"search_term_string\"}}],\"inLanguage\":\"pl-PL\"},{\"@type\":\"Organization\",\"@id\":\"https:\\\/\\\/www.24gliwice.pl\\\/wiadomosci\\\/#organization\",\"name\":\"24gliwice\",\"url\":\"https:\\\/\\\/www.24gliwice.pl\\\/wiadomosci\\\/\",\"logo\":{\"@type\":\"ImageObject\",\"inLanguage\":\"pl-PL\",\"@id\":\"https:\\\/\\\/www.24gliwice.pl\\\/wiadomosci\\\/#\\\/schema\\\/logo\\\/image\\\/\",\"url\":\"https:\\\/\\\/www.24gliwice.pl\\\/wiadomosci\\\/wp-content\\\/uploads\\\/2024\\\/10\\\/24gliwice-logo-696.jpg\",\"contentUrl\":\"https:\\\/\\\/www.24gliwice.pl\\\/wiadomosci\\\/wp-content\\\/uploads\\\/2024\\\/10\\\/24gliwice-logo-696.jpg\",\"width\":696,\"height\":696,\"caption\":\"24gliwice\"},\"image\":{\"@id\":\"https:\\\/\\\/www.24gliwice.pl\\\/wiadomosci\\\/#\\\/schema\\\/logo\\\/image\\\/\"},\"sameAs\":[\"https:\\\/\\\/www.facebook.com\\\/24gliwice\",\"https:\\\/\\\/x.com\\\/24gliwice\",\"https:\\\/\\\/www.youtube.com\\\/@24gliwice\"]},{\"@type\":\"Person\",\"@id\":\"https:\\\/\\\/www.24gliwice.pl\\\/wiadomosci\\\/#\\\/schema\\\/person\\\/cb5857e4a4d048c15984c1edcc8ef0c0\",\"name\":\"Marcin Fabrykowski\",\"image\":{\"@type\":\"ImageObject\",\"inLanguage\":\"pl-PL\",\"@id\":\"https:\\\/\\\/www.24gliwice.pl\\\/wiadomosci\\\/wp-content\\\/uploads\\\/2025\\\/11\\\/zdjecie-moje-marcin-300-96x96.jpg\",\"url\":\"https:\\\/\\\/www.24gliwice.pl\\\/wiadomosci\\\/wp-content\\\/uploads\\\/2025\\\/11\\\/zdjecie-moje-marcin-300-96x96.jpg\",\"contentUrl\":\"https:\\\/\\\/www.24gliwice.pl\\\/wiadomosci\\\/wp-content\\\/uploads\\\/2025\\\/11\\\/zdjecie-moje-marcin-300-96x96.jpg\",\"caption\":\"Marcin Fabrykowski\"},\"sameAs\":[\"http:\\\/\\\/24gliwice.pl\",\"https:\\\/\\\/www.facebook.com\\\/marcin.fabrykowski\"],\"url\":\"https:\\\/\\\/www.24gliwice.pl\\\/wiadomosci\\\/author\\\/marcin-fabrykowski\\\/\"}]}<\/script>\n<!-- \/ Yoast SEO plugin. -->","yoast_head_json":{"title":"S\u0105 ju\u017c kolejne elementy strefy wyciszonego ruchu. \"Woonerf\" na ul. Siemi\u0144skiego (GALERIA) - 24GLIWICE - Portal Gliwice | codziennie nowe informacje","robots":{"index":"index","follow":"follow","max-snippet":"max-snippet:-1","max-image-preview":"max-image-preview:large","max-video-preview":"max-video-preview:-1"},"canonical":"https:\/\/www.24gliwice.pl\/wiadomosci\/sa-juz-kolejne-elementy-strefy-wyciszonego-ruchu-woonerf-na-ul-sieminskiego-galeria\/","og_locale":"pl_PL","og_type":"article","og_title":"S\u0105 ju\u017c kolejne elementy strefy wyciszonego ruchu. \"Woonerf\" na ul. Siemi\u0144skiego (GALERIA) - 24GLIWICE - Portal Gliwice | codziennie nowe informacje","og_description":"Jeszcze kilka dni potrwaj\u0105 prace przy tworzeniu pierwszego w regionie tzw. &#8220;woonerfu&#8221;, czyli strefy wyciszonego ruchu, lub jak kto woli &#8220;miejskiego podw\u00f3rca&#8221;. Na ulicy Siemi\u0144skiego (dawniej Wieczorka) pojawi\u0142y si\u0119 donice, meble i platformy daj\u0105ce na razie og\u00f3lne wyobra\u017cenie jak b\u0119dzie si\u0119 prezentowa\u0107 wersja finalna. Przypomnijmy, aran\u017cacja w zamierzeniu projektant\u00f3w wyciszy ruch uliczny i stanie si\u0119 [&hellip;]","og_url":"https:\/\/www.24gliwice.pl\/wiadomosci\/sa-juz-kolejne-elementy-strefy-wyciszonego-ruchu-woonerf-na-ul-sieminskiego-galeria\/","og_site_name":"24GLIWICE - Portal Gliwice | codziennie nowe informacje","article_publisher":"https:\/\/www.facebook.com\/24gliwice","article_author":"https:\/\/www.facebook.com\/marcin.fabrykowski","article_published_time":"2018-03-21T16:44:54+00:00","article_modified_time":"2018-03-21T23:10:52+00:00","og_image":[{"width":1200,"height":675,"url":"https:\/\/www.24gliwice.pl\/wiadomosci\/wp-content\/uploads\/2018\/03\/1-29542769_10156276669854675_3190193701926207488_o-1.jpg","type":"image\/jpeg"}],"author":"Marcin Fabrykowski","twitter_card":"summary_large_image","twitter_creator":"@24gliwice","twitter_site":"@24gliwice","twitter_misc":{"Napisane przez":"Marcin Fabrykowski","Szacowany czas czytania":"1 minuta"},"schema":{"@context":"https:\/\/schema.org","@graph":[{"@type":"Article","@id":"https:\/\/www.24gliwice.pl\/wiadomosci\/sa-juz-kolejne-elementy-strefy-wyciszonego-ruchu-woonerf-na-ul-sieminskiego-galeria\/#article","isPartOf":{"@id":"https:\/\/www.24gliwice.pl\/wiadomosci\/sa-juz-kolejne-elementy-strefy-wyciszonego-ruchu-woonerf-na-ul-sieminskiego-galeria\/"},"author":{"name":"Marcin Fabrykowski","@id":"https:\/\/www.24gliwice.pl\/wiadomosci\/#\/schema\/person\/cb5857e4a4d048c15984c1edcc8ef0c0"},"headline":"S\u0105 ju\u017c kolejne elementy strefy wyciszonego ruchu. &#8220;Woonerf&#8221; na ul. Siemi\u0144skiego (GALERIA)","datePublished":"2018-03-21T16:44:54+00:00","dateModified":"2018-03-21T23:10:52+00:00","mainEntityOfPage":{"@id":"https:\/\/www.24gliwice.pl\/wiadomosci\/sa-juz-kolejne-elementy-strefy-wyciszonego-ruchu-woonerf-na-ul-sieminskiego-galeria\/"},"wordCount":199,"commentCount":0,"publisher":{"@id":"https:\/\/www.24gliwice.pl\/wiadomosci\/#organization"},"image":{"@id":"https:\/\/www.24gliwice.pl\/wiadomosci\/sa-juz-kolejne-elementy-strefy-wyciszonego-ruchu-woonerf-na-ul-sieminskiego-galeria\/#primaryimage"},"thumbnailUrl":"https:\/\/www.24gliwice.pl\/wiadomosci\/wp-content\/uploads\/2018\/03\/1-29542769_10156276669854675_3190193701926207488_o-1.jpg","keywords":["miejski podw\u00f3rzec","SIEMI\u0143SKIEGO","WIECZORKA","WOONERF"],"articleSection":["Gliwice","Najnowsze wiadomo\u015bci","Portal Gliwice - Wiadomo\u015bci lokalne"],"inLanguage":"pl-PL","potentialAction":[{"@type":"CommentAction","name":"Comment","target":["https:\/\/www.24gliwice.pl\/wiadomosci\/sa-juz-kolejne-elementy-strefy-wyciszonego-ruchu-woonerf-na-ul-sieminskiego-galeria\/#respond"]}]},{"@type":"WebPage","@id":"https:\/\/www.24gliwice.pl\/wiadomosci\/sa-juz-kolejne-elementy-strefy-wyciszonego-ruchu-woonerf-na-ul-sieminskiego-galeria\/","url":"https:\/\/www.24gliwice.pl\/wiadomosci\/sa-juz-kolejne-elementy-strefy-wyciszonego-ruchu-woonerf-na-ul-sieminskiego-galeria\/","name":"S\u0105 ju\u017c kolejne elementy strefy wyciszonego ruchu. \"Woonerf\" na ul. Siemi\u0144skiego (GALERIA) - 24GLIWICE - Portal Gliwice | codziennie nowe informacje","isPartOf":{"@id":"https:\/\/www.24gliwice.pl\/wiadomosci\/#website"},"primaryImageOfPage":{"@id":"https:\/\/www.24gliwice.pl\/wiadomosci\/sa-juz-kolejne-elementy-strefy-wyciszonego-ruchu-woonerf-na-ul-sieminskiego-galeria\/#primaryimage"},"image":{"@id":"https:\/\/www.24gliwice.pl\/wiadomosci\/sa-juz-kolejne-elementy-strefy-wyciszonego-ruchu-woonerf-na-ul-sieminskiego-galeria\/#primaryimage"},"thumbnailUrl":"https:\/\/www.24gliwice.pl\/wiadomosci\/wp-content\/uploads\/2018\/03\/1-29542769_10156276669854675_3190193701926207488_o-1.jpg","datePublished":"2018-03-21T16:44:54+00:00","dateModified":"2018-03-21T23:10:52+00:00","breadcrumb":{"@id":"https:\/\/www.24gliwice.pl\/wiadomosci\/sa-juz-kolejne-elementy-strefy-wyciszonego-ruchu-woonerf-na-ul-sieminskiego-galeria\/#breadcrumb"},"inLanguage":"pl-PL","potentialAction":[{"@type":"ReadAction","target":["https:\/\/www.24gliwice.pl\/wiadomosci\/sa-juz-kolejne-elementy-strefy-wyciszonego-ruchu-woonerf-na-ul-sieminskiego-galeria\/"]}]},{"@type":"ImageObject","inLanguage":"pl-PL","@id":"https:\/\/www.24gliwice.pl\/wiadomosci\/sa-juz-kolejne-elementy-strefy-wyciszonego-ruchu-woonerf-na-ul-sieminskiego-galeria\/#primaryimage","url":"https:\/\/www.24gliwice.pl\/wiadomosci\/wp-content\/uploads\/2018\/03\/1-29542769_10156276669854675_3190193701926207488_o-1.jpg","contentUrl":"https:\/\/www.24gliwice.pl\/wiadomosci\/wp-content\/uploads\/2018\/03\/1-29542769_10156276669854675_3190193701926207488_o-1.jpg","width":1200,"height":675},{"@type":"BreadcrumbList","@id":"https:\/\/www.24gliwice.pl\/wiadomosci\/sa-juz-kolejne-elementy-strefy-wyciszonego-ruchu-woonerf-na-ul-sieminskiego-galeria\/#breadcrumb","itemListElement":[{"@type":"ListItem","position":1,"name":"Strona g\u0142\u00f3wna","item":"https:\/\/www.24gliwice.pl\/wiadomosci\/"},{"@type":"ListItem","position":2,"name":"S\u0105 ju\u017c kolejne elementy strefy wyciszonego ruchu. &#8222;Woonerf&#8221; na ul. Siemi\u0144skiego (GALERIA)"}]},{"@type":"WebSite","@id":"https:\/\/www.24gliwice.pl\/wiadomosci\/#website","url":"https:\/\/www.24gliwice.pl\/wiadomosci\/","name":"24GLIWICE - Portal Gliwice | codziennie nowe wiadomo\u015bci","description":"Portal Miejski Gliwice","publisher":{"@id":"https:\/\/www.24gliwice.pl\/wiadomosci\/#organization"},"potentialAction":[{"@type":"SearchAction","target":{"@type":"EntryPoint","urlTemplate":"https:\/\/www.24gliwice.pl\/wiadomosci\/?s={search_term_string}"},"query-input":{"@type":"PropertyValueSpecification","valueRequired":true,"valueName":"search_term_string"}}],"inLanguage":"pl-PL"},{"@type":"Organization","@id":"https:\/\/www.24gliwice.pl\/wiadomosci\/#organization","name":"24gliwice","url":"https:\/\/www.24gliwice.pl\/wiadomosci\/","logo":{"@type":"ImageObject","inLanguage":"pl-PL","@id":"https:\/\/www.24gliwice.pl\/wiadomosci\/#\/schema\/logo\/image\/","url":"https:\/\/www.24gliwice.pl\/wiadomosci\/wp-content\/uploads\/2024\/10\/24gliwice-logo-696.jpg","contentUrl":"https:\/\/www.24gliwice.pl\/wiadomosci\/wp-content\/uploads\/2024\/10\/24gliwice-logo-696.jpg","width":696,"height":696,"caption":"24gliwice"},"image":{"@id":"https:\/\/www.24gliwice.pl\/wiadomosci\/#\/schema\/logo\/image\/"},"sameAs":["https:\/\/www.facebook.com\/24gliwice","https:\/\/x.com\/24gliwice","https:\/\/www.youtube.com\/@24gliwice"]},{"@type":"Person","@id":"https:\/\/www.24gliwice.pl\/wiadomosci\/#\/schema\/person\/cb5857e4a4d048c15984c1edcc8ef0c0","name":"Marcin Fabrykowski","image":{"@type":"ImageObject","inLanguage":"pl-PL","@id":"https:\/\/www.24gliwice.pl\/wiadomosci\/wp-content\/uploads\/2025\/11\/zdjecie-moje-marcin-300-96x96.jpg","url":"https:\/\/www.24gliwice.pl\/wiadomosci\/wp-content\/uploads\/2025\/11\/zdjecie-moje-marcin-300-96x96.jpg","contentUrl":"https:\/\/www.24gliwice.pl\/wiadomosci\/wp-content\/uploads\/2025\/11\/zdjecie-moje-marcin-300-96x96.jpg","caption":"Marcin Fabrykowski"},"sameAs":["http:\/\/24gliwice.pl","https:\/\/www.facebook.com\/marcin.fabrykowski"],"url":"https:\/\/www.24gliwice.pl\/wiadomosci\/author\/marcin-fabrykowski\/"}]}},"_links":{"self":[{"href":"https:\/\/www.24gliwice.pl\/wiadomosci\/wp-json\/wp\/v2\/posts\/114464","targetHints":{"allow":["GET"]}}],"collection":[{"href":"https:\/\/www.24gliwice.pl\/wiadomosci\/wp-json\/wp\/v2\/posts"}],"about":[{"href":"https:\/\/www.24gliwice.pl\/wiadomosci\/wp-json\/wp\/v2\/types\/post"}],"author":[{"embeddable":true,"href":"https:\/\/www.24gliwice.pl\/wiadomosci\/wp-json\/wp\/v2\/users\/4"}],"replies":[{"embeddable":true,"href":"https:\/\/www.24gliwice.pl\/wiadomosci\/wp-json\/wp\/v2\/comments?post=114464"}],"version-history":[{"count":0,"href":"https:\/\/www.24gliwice.pl\/wiadomosci\/wp-json\/wp\/v2\/posts\/114464\/revisions"}],"wp:featuredmedia":[{"embeddable":true,"href":"https:\/\/www.24gliwice.pl\/wiadomosci\/wp-json\/wp\/v2\/media\/114473"}],"wp:attachment":[{"href":"https:\/\/www.24gliwice.pl\/wiadomosci\/wp-json\/wp\/v2\/media?parent=114464"}],"wp:term":[{"taxonomy":"category","embeddable":true,"href":"https:\/\/www.24gliwice.pl\/wiadomosci\/wp-json\/wp\/v2\/categories?post=114464"},{"taxonomy":"post_tag","embeddable":true,"href":"https:\/\/www.24gliwice.pl\/wiadomosci\/wp-json\/wp\/v2\/tags?post=114464"}],"curies":[{"name":"wp","href":"https:\/\/api.w.org\/{rel}","templated":true}]}}