{"id":114487,"date":"2018-03-23T02:28:02","date_gmt":"2018-03-23T01:28:02","guid":{"rendered":"https:\/\/www.24gliwice.pl\/wiadomosci\/?p=114487"},"modified":"2018-03-26T23:08:26","modified_gmt":"2018-03-26T21:08:26","slug":"z-sieminskiego-na-ziemowita-gliwicka-szkola-muzyczna-za-dwa-lata-zmieni-lokalizacje","status":"publish","type":"post","link":"https:\/\/www.24gliwice.pl\/wiadomosci\/z-sieminskiego-na-ziemowita-gliwicka-szkola-muzyczna-za-dwa-lata-zmieni-lokalizacje\/","title":{"rendered":"Z Siemi\u0144skiego na Ziemowita. Gliwicka Szko\u0142a Muzyczna za dwa lata zmieni lokalizacj\u0119"},"content":{"rendered":"<div class=\"gliwi-a6-nad-leadem-artykulow gliwi-entity-placement\" id=\"gliwi-1540662564\"><div class=\"gliwi-adlabel\"><span style=\"font-size: 9px\">REKLAMA<\/span><\/div><div id=\"gliwi-54579936\" style=\"margin-bottom: 25px;margin-left: auto;margin-right: auto;text-align: center;\"><a data-no-instant=\"1\" href=\"https:\/\/dom100.eu\/\" rel=\"noopener\" class=\"a2t-link\" target=\"_blank\" aria-label=\"20260415 DOM100 D\"><img loading=\"lazy\" decoding=\"async\" src=\"https:\/\/www.24gliwice.pl\/wiadomosci\/wp-content\/uploads\/2026\/04\/20260415-DOM100-D.jpg\" alt=\"\"  srcset=\"https:\/\/www.24gliwice.pl\/wiadomosci\/wp-content\/uploads\/2026\/04\/20260415-DOM100-D.jpg 750w, https:\/\/www.24gliwice.pl\/wiadomosci\/wp-content\/uploads\/2026\/04\/20260415-DOM100-D-410x109.jpg 410w\" sizes=\"(max-width: 750px) 100vw, 750px\" class=\"no-lazyload\" width=\"750\" height=\"200\"  style=\"display: inline-block; max-width: 100%; height: auto;\" \/><\/a><\/div><\/div><h3>Po wielu latach poszukiwa\u0144 uda\u0142o si\u0119 znale\u017a\u0107 now\u0105 lokalizacj\u0119 dla Pa\u0144stwowej Szko\u0142y Muzycznej w Gliwicach. Plac\u00f3wka przeniesie si\u0119 z XIX-wiecznej willi przy ul. Siemi\u0144skiego do budynku Gimnazjum nr 1 przy ul. Ziemowita.<\/h3>\n<p>&#8211; W najbli\u017cszych miesi\u0105cach zostanie przygotowany program funkcjonalno-u\u017cytkowy nowego budynku oraz projekt jego przebudowy &#8211; m\u00f3wi <strong>Bogus\u0142aw Pietrzak<\/strong>, dyrektor PSM i dodaje, \u017ce nowa lokalizacja w pe\u0142ni spe\u0142nia oczekiwania muzyk\u00f3w.<\/p>\n[perfectpullquote align=&#8221;full&#8221; bordertop=&#8221;false&#8221; cite=&#8221;&#8221; link=&#8221;&#8221; color=&#8221;&#8221; class=&#8221;&#8221; size=&#8221;&#8221;]O przeprowadzce gliwickiej PSM m\u00f3wi\u0142o si\u0119 od dawna. Budynek przy ul. Siemi\u0144skiego (d. Wieczorka) cho\u0107 okaza\u0142y, by\u0142 niewystarczaj\u0105cy na potrzeby szko\u0142y.[\/perfectpullquote]\n<p>Brakowa\u0142o nie tylko miejsca, ale te\u017c sali koncertowej z prawdziwego zdarzenia. Teraz ma si\u0119 to zmieni\u0107. Przy ul. Ziemowita wn\u0119trza obecnego gimnazjum (wygaszanego w zwi\u0105zku z reform\u0105 o\u015bwiaty) zostan\u0105 przebudowane i podzielone na mniejsze pomieszczenia, a pod wyst\u0119py muzyczne dostosowana zostanie aula i sala gimnastyczna, kt\u00f3ra docelowo ma pomie\u015bci\u0107 300-osobow\u0105 widowni\u0119.<\/p><div class=\"gliwi-a3-w-tresci-artykulow gliwi-entity-placement\" id=\"gliwi-2635637625\"><div class=\"gliwi-adlabel\"><span style=\"font-size: 9px\">REKLAMA<\/span><\/div><div id=\"gliwi-2349425747\" style=\"margin-bottom: 30px;margin-left: auto;margin-right: auto;text-align: center;\"><a data-no-instant=\"1\" href=\"https:\/\/ogrodyandersa.pl\/\" rel=\"noopener\" class=\"a2t-link\" target=\"_blank\" aria-label=\"20260415 Ogrody Andersa KUP TERAZ D\"><img loading=\"lazy\" decoding=\"async\" src=\"https:\/\/www.24gliwice.pl\/wiadomosci\/wp-content\/uploads\/2026\/04\/20260415-Ogrody-Andersa-KUP-TERAZ-D.jpg\" alt=\"\"  srcset=\"https:\/\/www.24gliwice.pl\/wiadomosci\/wp-content\/uploads\/2026\/04\/20260415-Ogrody-Andersa-KUP-TERAZ-D.jpg 750w, https:\/\/www.24gliwice.pl\/wiadomosci\/wp-content\/uploads\/2026\/04\/20260415-Ogrody-Andersa-KUP-TERAZ-D-410x109.jpg 410w\" sizes=\"(max-width: 750px) 100vw, 750px\" class=\"no-lazyload\" width=\"750\" height=\"200\"  style=\"display: inline-block; max-width: 100%; height: auto;\" \/><\/a><\/div><\/div>\n<p>&#8211; Wi\u0119ksza powierzchnia u\u017cytkowa budynku g\u0142\u00f3wnego pozwoli na rozszerzenie oferty edukacyjnej, a powierzchnia samej dzia\u0142ki poprawi warunki pracy w plac\u00f3wce i umo\u017cliwi zagospodarowanie terenu o przestrze\u0144 publiczn\u0105 o charakterze kulturotw\u00f3rczym &#8211; informuje <strong>Mariusz Kucharz<\/strong>, Naczelnik Wydzia\u0142u Edukacji Urz\u0119du Miejskiego w Gliwicach.<\/p>\n<p><img loading=\"lazy\" decoding=\"async\" class=\"alignnone size-full wp-image-114497\" src=\"https:\/\/www.24gliwice.pl\/wiadomosci\/wp-content\/uploads\/2018\/03\/psm1.jpg\" alt=\"\" width=\"1200\" height=\"675\" srcset=\"https:\/\/www.24gliwice.pl\/wiadomosci\/wp-content\/uploads\/2018\/03\/psm1.jpg 1200w, https:\/\/www.24gliwice.pl\/wiadomosci\/wp-content\/uploads\/2018\/03\/psm1-410x232.jpg 410w, https:\/\/www.24gliwice.pl\/wiadomosci\/wp-content\/uploads\/2018\/03\/psm1-768x432.jpg 768w, https:\/\/www.24gliwice.pl\/wiadomosci\/wp-content\/uploads\/2018\/03\/psm1-810x456.jpg 810w, https:\/\/www.24gliwice.pl\/wiadomosci\/wp-content\/uploads\/2018\/03\/psm1-1140x641.jpg 1140w\" sizes=\"auto, (max-width: 1200px) 100vw, 1200px\" \/><\/p>\n<p>Wyb\u00f3r budynku przy ul. Ziemowita ko\u0144czy d\u0142ugoletni proces poszukiwa\u0144 nowej lokalizacji dla PSM. Wcze\u015bniej rozwa\u017cano m.in. dzia\u0142k\u0119 przy dawnej Szkole Podstawowej nr 6 przy ul. \u015aliwki, na kt\u00f3rej mia\u0142 powsta\u0107 zupe\u0142nie nowy budynek. Inn\u0105 propozycj\u0105 Miasta by\u0142o przeniesienie PSM na teren Nowych Gliwic przy ul. Bojkowskiej. Ten wariant zosta\u0142 jednak odrzucony przez muzyk\u00f3w ze wzgl\u0119du na du\u017c\u0105 odleg\u0142o\u015b\u0107 od centrum miasta. Teraz szko\u0142a muzyczna cho\u0107 nieco na uboczu, pozostanie w jego ramach. Na przeprowadzk\u0119 b\u0119dziemy jednak musieli troch\u0119 poczeka\u0107.<\/p>\n<blockquote><p>&#8211; Przeniesienie PSM do budynku przy ul. Ziemowita 12 mo\u017cliwe b\u0119dzie po zako\u0144czeniu kszta\u0142cenia w gimnazjum oraz wykonaniu stosownych prac adaptacyjno-modernizacyjnych. Nast\u0105pi to nie wcze\u015bniej ni\u017c w 2020 roku<\/p><\/blockquote>\n<p>&#8211; m\u00f3wi Mariusz Kucharz.<\/p>\n<p>Ta perspektywa czasowa sprawia, \u017ce Miasto na razie nie ma plan\u00f3w dotycz\u0105cych przysz\u0142o\u015bci willi przy ul. Siemi\u0144skiego. Dwukondygnacyjna nieruchomo\u015b\u0107 nale\u017cy do maj\u0105tku gminy, wi\u0119c jest mo\u017cliwe, \u017ce po przeprowadzce trafi na sprzeda\u017c.<\/p>\n<p><strong>Budynek znajduj\u0105cy si\u0119 przy ul. Siemi\u0144skiego 6, s\u0105siaduj\u0105cy ze skwerem Bottrop, ma d\u0142ug\u0105 histori\u0119.<\/strong> Wzniesiony w stylu neoklasycznym, nale\u017ca\u0142 do 1924 roku do Jenny Schlesinger, a potem do gminy Gliwice. Do ko\u0144ca wojny znajdowa\u0142y si\u0119 tu niemieckie wydzia\u0142y urz\u0119du miasta, po wojnie, do czasu przekazania szkole, r\u00f3wnie\u017c urz\u0119dy Prezydium Miejskiej Rady Narodowej. Pa\u0144stwowa Szko\u0142a Muzyczna im. Ludomira R\u00f3\u017cyckiego funkcjonuje w budynku od 1954 roku. Od pocz\u0105tku istnienia szko\u0142y uko\u0144czy\u0142o j\u0105 oko\u0142o 1600 absolwent\u00f3w.<br \/>\nObecnie do gliwickiej PSM ucz\u0119szcza 450 s\u0142uchaczy. Zainteresowanie kszta\u0142ceniem muzycznym jest jednak znacznie wi\u0119ksze. Odpowiedzi\u0105 na rosn\u0105c\u0105 popularno\u015b\u0107 maj\u0105 by\u0107 w\u0142a\u015bnie mo\u017cliwo\u015bci lokalowe przy Ziemowita. <\/p>\n<p>Przeprowadzka PSM nie bez wp\u0142ywu zostanie tak\u017ce na przestrze\u0144 miasta wok\u00f3\u0142 Placu Mickiewicza. Dobywaj\u0105ce si\u0119 z okien d\u017awi\u0119ki muzyki czy m\u0142odzie\u017c przebiegaj\u0105ca z instrumentami przez ulic\u0119 to okruchy atmosfery, kt\u00f3re dodawa\u0142y w tym miejscu uroku. Teraz niestety znikn\u0105 bezpowrotnie. Tym bardziej warto przygl\u0105da\u0107 si\u0119 planom urz\u0119dnik\u00f3w na zagospodarowanie opuszczanej willi.<br \/>\nMicha\u0142 Szewczyk<\/p>\n<div class=\"gliwi-a5-na-koncu-artykulow gliwi-entity-placement\" id=\"gliwi-703554408\"><div class=\"gliwi-adlabel\"><span style=\"font-size: 9px\">REKLAMA<\/span><\/div><div id=\"gliwi-1539425931\" style=\"margin-left: auto;margin-right: auto;text-align: center;\"><a data-no-instant=\"1\" href=\"https:\/\/prezeroarenagliwice.pl\/\" rel=\"noopener\" class=\"a2t-link\" target=\"_blank\" aria-label=\"20260309-PREZERO-WIOSNA-D\"><img loading=\"lazy\" decoding=\"async\" src=\"https:\/\/www.24gliwice.pl\/wiadomosci\/wp-content\/uploads\/2026\/03\/20260309-PREZERO-WIOSNA-D.webp\" alt=\"\"  srcset=\"https:\/\/www.24gliwice.pl\/wiadomosci\/wp-content\/uploads\/2026\/03\/20260309-PREZERO-WIOSNA-D.webp 750w, https:\/\/www.24gliwice.pl\/wiadomosci\/wp-content\/uploads\/2026\/03\/20260309-PREZERO-WIOSNA-D-410x109.webp 410w\" sizes=\"(max-width: 750px) 100vw, 750px\" class=\"no-lazyload\" width=\"750\" height=\"200\"  style=\"display: inline-block; max-width: 100%; height: auto;\" \/><\/a><\/div><\/div>","protected":false},"excerpt":{"rendered":"<p>Po wielu latach poszukiwa\u0144 uda\u0142o si\u0119 znale\u017a\u0107 now\u0105 lokalizacj\u0119 dla Pa\u0144stwowej Szko\u0142y Muzycznej w Gliwicach. Plac\u00f3wka przeniesie si\u0119 z XIX-wiecznej willi przy ul. Siemi\u0144skiego do budynku Gimnazjum nr 1 przy ul. Ziemowita. &#8211; W najbli\u017cszych miesi\u0105cach zostanie przygotowany program funkcjonalno-u\u017cytkowy nowego budynku oraz projekt jego przebudowy &#8211; m\u00f3wi Bogus\u0142aw Pietrzak, dyrektor PSM i dodaje, \u017ce [&hellip;]<\/p>\n","protected":false},"author":12,"featured_media":114498,"comment_status":"open","ping_status":"closed","sticky":false,"template":"","format":"standard","meta":{"_monsterinsights_skip_tracking":false,"_monsterinsights_sitenote_active":false,"_monsterinsights_sitenote_note":"","_monsterinsights_sitenote_category":0,"footnotes":"","_links_to":"","_links_to_target":""},"categories":[3,1,9],"tags":[7155,7158,8423,7156],"class_list":["post-114487","post","type-post","status-publish","format-standard","has-post-thumbnail","hentry","category-gliwice","category-wszystko","category-aktualnosci_lokalne","tag-psm","tag-psm-gliwice","tag-szkola-muzyczna-gliwice","tag-szkola-muzyczna-przeprowadzka"],"yoast_head":"<!-- This site is optimized with the Yoast SEO plugin v27.5 - https:\/\/yoast.com\/product\/yoast-seo-wordpress\/ -->\n<title>Z Siemi\u0144skiego na Ziemowita. Gliwicka Szko\u0142a Muzyczna za dwa lata zmieni lokalizacj\u0119 - 24GLIWICE - Portal Gliwice | codziennie nowe informacje<\/title>\n<meta name=\"robots\" content=\"index, follow, max-snippet:-1, max-image-preview:large, max-video-preview:-1\" \/>\n<link rel=\"canonical\" href=\"https:\/\/www.24gliwice.pl\/wiadomosci\/z-sieminskiego-na-ziemowita-gliwicka-szkola-muzyczna-za-dwa-lata-zmieni-lokalizacje\/\" \/>\n<meta property=\"og:locale\" content=\"pl_PL\" \/>\n<meta property=\"og:type\" content=\"article\" \/>\n<meta property=\"og:title\" content=\"Z Siemi\u0144skiego na Ziemowita. Gliwicka Szko\u0142a Muzyczna za dwa lata zmieni lokalizacj\u0119 - 24GLIWICE - Portal Gliwice | codziennie nowe informacje\" \/>\n<meta property=\"og:description\" content=\"Po wielu latach poszukiwa\u0144 uda\u0142o si\u0119 znale\u017a\u0107 now\u0105 lokalizacj\u0119 dla Pa\u0144stwowej Szko\u0142y Muzycznej w Gliwicach. Plac\u00f3wka przeniesie si\u0119 z XIX-wiecznej willi przy ul. Siemi\u0144skiego do budynku Gimnazjum nr 1 przy ul. Ziemowita. &#8211; W najbli\u017cszych miesi\u0105cach zostanie przygotowany program funkcjonalno-u\u017cytkowy nowego budynku oraz projekt jego przebudowy &#8211; m\u00f3wi Bogus\u0142aw Pietrzak, dyrektor PSM i dodaje, \u017ce [&hellip;]\" \/>\n<meta property=\"og:url\" content=\"https:\/\/www.24gliwice.pl\/wiadomosci\/z-sieminskiego-na-ziemowita-gliwicka-szkola-muzyczna-za-dwa-lata-zmieni-lokalizacje\/\" \/>\n<meta property=\"og:site_name\" content=\"24GLIWICE - Portal Gliwice | codziennie nowe informacje\" \/>\n<meta property=\"article:publisher\" content=\"https:\/\/www.facebook.com\/24gliwice\" \/>\n<meta property=\"article:published_time\" content=\"2018-03-23T01:28:02+00:00\" \/>\n<meta property=\"article:modified_time\" content=\"2018-03-26T21:08:26+00:00\" \/>\n<meta property=\"og:image\" content=\"https:\/\/www.24gliwice.pl\/wiadomosci\/wp-content\/uploads\/2018\/03\/psm2.jpg\" \/>\n\t<meta property=\"og:image:width\" content=\"1200\" \/>\n\t<meta property=\"og:image:height\" content=\"675\" \/>\n\t<meta property=\"og:image:type\" content=\"image\/jpeg\" \/>\n<meta name=\"author\" content=\"Micha\u0142 Szewczyk\" \/>\n<meta name=\"twitter:card\" content=\"summary_large_image\" \/>\n<meta name=\"twitter:creator\" content=\"@24gliwice\" \/>\n<meta name=\"twitter:site\" content=\"@24gliwice\" \/>\n<meta name=\"twitter:label1\" content=\"Napisane przez\" \/>\n\t<meta name=\"twitter:data1\" content=\"Micha\u0142 Szewczyk\" \/>\n\t<meta name=\"twitter:label2\" content=\"Szacowany czas czytania\" \/>\n\t<meta name=\"twitter:data2\" content=\"3 minuty\" \/>\n<script type=\"application\/ld+json\" class=\"yoast-schema-graph\">{\"@context\":\"https:\\\/\\\/schema.org\",\"@graph\":[{\"@type\":\"Article\",\"@id\":\"https:\\\/\\\/www.24gliwice.pl\\\/wiadomosci\\\/z-sieminskiego-na-ziemowita-gliwicka-szkola-muzyczna-za-dwa-lata-zmieni-lokalizacje\\\/#article\",\"isPartOf\":{\"@id\":\"https:\\\/\\\/www.24gliwice.pl\\\/wiadomosci\\\/z-sieminskiego-na-ziemowita-gliwicka-szkola-muzyczna-za-dwa-lata-zmieni-lokalizacje\\\/\"},\"author\":{\"name\":\"Micha\u0142 Szewczyk\",\"@id\":\"https:\\\/\\\/www.24gliwice.pl\\\/wiadomosci\\\/#\\\/schema\\\/person\\\/940e8f8a097e322de4f463f061ef8d45\"},\"headline\":\"Z Siemi\u0144skiego na Ziemowita. Gliwicka Szko\u0142a Muzyczna za dwa lata zmieni lokalizacj\u0119\",\"datePublished\":\"2018-03-23T01:28:02+00:00\",\"dateModified\":\"2018-03-26T21:08:26+00:00\",\"mainEntityOfPage\":{\"@id\":\"https:\\\/\\\/www.24gliwice.pl\\\/wiadomosci\\\/z-sieminskiego-na-ziemowita-gliwicka-szkola-muzyczna-za-dwa-lata-zmieni-lokalizacje\\\/\"},\"wordCount\":593,\"commentCount\":0,\"publisher\":{\"@id\":\"https:\\\/\\\/www.24gliwice.pl\\\/wiadomosci\\\/#organization\"},\"image\":{\"@id\":\"https:\\\/\\\/www.24gliwice.pl\\\/wiadomosci\\\/z-sieminskiego-na-ziemowita-gliwicka-szkola-muzyczna-za-dwa-lata-zmieni-lokalizacje\\\/#primaryimage\"},\"thumbnailUrl\":\"https:\\\/\\\/www.24gliwice.pl\\\/wiadomosci\\\/wp-content\\\/uploads\\\/2018\\\/03\\\/psm2.jpg\",\"keywords\":[\"psm\",\"psm gliwice\",\"szko\u0142a muzyczna Gliwice\",\"szko\u0142a muzyczna przeprowadzka\"],\"articleSection\":[\"Gliwice\",\"Najnowsze wiadomo\u015bci\",\"Portal Gliwice - Wiadomo\u015bci lokalne\"],\"inLanguage\":\"pl-PL\",\"potentialAction\":[{\"@type\":\"CommentAction\",\"name\":\"Comment\",\"target\":[\"https:\\\/\\\/www.24gliwice.pl\\\/wiadomosci\\\/z-sieminskiego-na-ziemowita-gliwicka-szkola-muzyczna-za-dwa-lata-zmieni-lokalizacje\\\/#respond\"]}]},{\"@type\":\"WebPage\",\"@id\":\"https:\\\/\\\/www.24gliwice.pl\\\/wiadomosci\\\/z-sieminskiego-na-ziemowita-gliwicka-szkola-muzyczna-za-dwa-lata-zmieni-lokalizacje\\\/\",\"url\":\"https:\\\/\\\/www.24gliwice.pl\\\/wiadomosci\\\/z-sieminskiego-na-ziemowita-gliwicka-szkola-muzyczna-za-dwa-lata-zmieni-lokalizacje\\\/\",\"name\":\"Z Siemi\u0144skiego na Ziemowita. Gliwicka Szko\u0142a Muzyczna za dwa lata zmieni lokalizacj\u0119 - 24GLIWICE - Portal Gliwice | codziennie nowe informacje\",\"isPartOf\":{\"@id\":\"https:\\\/\\\/www.24gliwice.pl\\\/wiadomosci\\\/#website\"},\"primaryImageOfPage\":{\"@id\":\"https:\\\/\\\/www.24gliwice.pl\\\/wiadomosci\\\/z-sieminskiego-na-ziemowita-gliwicka-szkola-muzyczna-za-dwa-lata-zmieni-lokalizacje\\\/#primaryimage\"},\"image\":{\"@id\":\"https:\\\/\\\/www.24gliwice.pl\\\/wiadomosci\\\/z-sieminskiego-na-ziemowita-gliwicka-szkola-muzyczna-za-dwa-lata-zmieni-lokalizacje\\\/#primaryimage\"},\"thumbnailUrl\":\"https:\\\/\\\/www.24gliwice.pl\\\/wiadomosci\\\/wp-content\\\/uploads\\\/2018\\\/03\\\/psm2.jpg\",\"datePublished\":\"2018-03-23T01:28:02+00:00\",\"dateModified\":\"2018-03-26T21:08:26+00:00\",\"breadcrumb\":{\"@id\":\"https:\\\/\\\/www.24gliwice.pl\\\/wiadomosci\\\/z-sieminskiego-na-ziemowita-gliwicka-szkola-muzyczna-za-dwa-lata-zmieni-lokalizacje\\\/#breadcrumb\"},\"inLanguage\":\"pl-PL\",\"potentialAction\":[{\"@type\":\"ReadAction\",\"target\":[\"https:\\\/\\\/www.24gliwice.pl\\\/wiadomosci\\\/z-sieminskiego-na-ziemowita-gliwicka-szkola-muzyczna-za-dwa-lata-zmieni-lokalizacje\\\/\"]}]},{\"@type\":\"ImageObject\",\"inLanguage\":\"pl-PL\",\"@id\":\"https:\\\/\\\/www.24gliwice.pl\\\/wiadomosci\\\/z-sieminskiego-na-ziemowita-gliwicka-szkola-muzyczna-za-dwa-lata-zmieni-lokalizacje\\\/#primaryimage\",\"url\":\"https:\\\/\\\/www.24gliwice.pl\\\/wiadomosci\\\/wp-content\\\/uploads\\\/2018\\\/03\\\/psm2.jpg\",\"contentUrl\":\"https:\\\/\\\/www.24gliwice.pl\\\/wiadomosci\\\/wp-content\\\/uploads\\\/2018\\\/03\\\/psm2.jpg\",\"width\":1200,\"height\":675,\"caption\":\"Budynek przy ul. Ziemowita 12, gdzie wkr\u00f3tce wprowadzi si\u0119 PSM.\"},{\"@type\":\"BreadcrumbList\",\"@id\":\"https:\\\/\\\/www.24gliwice.pl\\\/wiadomosci\\\/z-sieminskiego-na-ziemowita-gliwicka-szkola-muzyczna-za-dwa-lata-zmieni-lokalizacje\\\/#breadcrumb\",\"itemListElement\":[{\"@type\":\"ListItem\",\"position\":1,\"name\":\"Strona g\u0142\u00f3wna\",\"item\":\"https:\\\/\\\/www.24gliwice.pl\\\/wiadomosci\\\/\"},{\"@type\":\"ListItem\",\"position\":2,\"name\":\"Z Siemi\u0144skiego na Ziemowita. Gliwicka Szko\u0142a Muzyczna za dwa lata zmieni lokalizacj\u0119\"}]},{\"@type\":\"WebSite\",\"@id\":\"https:\\\/\\\/www.24gliwice.pl\\\/wiadomosci\\\/#website\",\"url\":\"https:\\\/\\\/www.24gliwice.pl\\\/wiadomosci\\\/\",\"name\":\"24GLIWICE - Portal Gliwice | codziennie nowe wiadomo\u015bci\",\"description\":\"Portal Miejski Gliwice\",\"publisher\":{\"@id\":\"https:\\\/\\\/www.24gliwice.pl\\\/wiadomosci\\\/#organization\"},\"potentialAction\":[{\"@type\":\"SearchAction\",\"target\":{\"@type\":\"EntryPoint\",\"urlTemplate\":\"https:\\\/\\\/www.24gliwice.pl\\\/wiadomosci\\\/?s={search_term_string}\"},\"query-input\":{\"@type\":\"PropertyValueSpecification\",\"valueRequired\":true,\"valueName\":\"search_term_string\"}}],\"inLanguage\":\"pl-PL\"},{\"@type\":\"Organization\",\"@id\":\"https:\\\/\\\/www.24gliwice.pl\\\/wiadomosci\\\/#organization\",\"name\":\"24gliwice\",\"url\":\"https:\\\/\\\/www.24gliwice.pl\\\/wiadomosci\\\/\",\"logo\":{\"@type\":\"ImageObject\",\"inLanguage\":\"pl-PL\",\"@id\":\"https:\\\/\\\/www.24gliwice.pl\\\/wiadomosci\\\/#\\\/schema\\\/logo\\\/image\\\/\",\"url\":\"https:\\\/\\\/www.24gliwice.pl\\\/wiadomosci\\\/wp-content\\\/uploads\\\/2024\\\/10\\\/24gliwice-logo-696.jpg\",\"contentUrl\":\"https:\\\/\\\/www.24gliwice.pl\\\/wiadomosci\\\/wp-content\\\/uploads\\\/2024\\\/10\\\/24gliwice-logo-696.jpg\",\"width\":696,\"height\":696,\"caption\":\"24gliwice\"},\"image\":{\"@id\":\"https:\\\/\\\/www.24gliwice.pl\\\/wiadomosci\\\/#\\\/schema\\\/logo\\\/image\\\/\"},\"sameAs\":[\"https:\\\/\\\/www.facebook.com\\\/24gliwice\",\"https:\\\/\\\/x.com\\\/24gliwice\",\"https:\\\/\\\/www.youtube.com\\\/@24gliwice\"]},{\"@type\":\"Person\",\"@id\":\"https:\\\/\\\/www.24gliwice.pl\\\/wiadomosci\\\/#\\\/schema\\\/person\\\/940e8f8a097e322de4f463f061ef8d45\",\"name\":\"Micha\u0142 Szewczyk\",\"image\":{\"@type\":\"ImageObject\",\"inLanguage\":\"pl-PL\",\"@id\":\"https:\\\/\\\/secure.gravatar.com\\\/avatar\\\/771b8b6c74cd8d255e46392d605e01a86133900ef09b6ef3c8d451c9d92288cf?s=96&d=mm&r=g\",\"url\":\"https:\\\/\\\/secure.gravatar.com\\\/avatar\\\/771b8b6c74cd8d255e46392d605e01a86133900ef09b6ef3c8d451c9d92288cf?s=96&d=mm&r=g\",\"contentUrl\":\"https:\\\/\\\/secure.gravatar.com\\\/avatar\\\/771b8b6c74cd8d255e46392d605e01a86133900ef09b6ef3c8d451c9d92288cf?s=96&d=mm&r=g\",\"caption\":\"Micha\u0142 Szewczyk\"},\"sameAs\":[\"http:\\\/\\\/www.gazeta-miejska.pl\"],\"url\":\"https:\\\/\\\/www.24gliwice.pl\\\/wiadomosci\\\/author\\\/michal-szewczyk\\\/\"}]}<\/script>\n<!-- \/ Yoast SEO plugin. -->","yoast_head_json":{"title":"Z Siemi\u0144skiego na Ziemowita. Gliwicka Szko\u0142a Muzyczna za dwa lata zmieni lokalizacj\u0119 - 24GLIWICE - Portal Gliwice | codziennie nowe informacje","robots":{"index":"index","follow":"follow","max-snippet":"max-snippet:-1","max-image-preview":"max-image-preview:large","max-video-preview":"max-video-preview:-1"},"canonical":"https:\/\/www.24gliwice.pl\/wiadomosci\/z-sieminskiego-na-ziemowita-gliwicka-szkola-muzyczna-za-dwa-lata-zmieni-lokalizacje\/","og_locale":"pl_PL","og_type":"article","og_title":"Z Siemi\u0144skiego na Ziemowita. Gliwicka Szko\u0142a Muzyczna za dwa lata zmieni lokalizacj\u0119 - 24GLIWICE - Portal Gliwice | codziennie nowe informacje","og_description":"Po wielu latach poszukiwa\u0144 uda\u0142o si\u0119 znale\u017a\u0107 now\u0105 lokalizacj\u0119 dla Pa\u0144stwowej Szko\u0142y Muzycznej w Gliwicach. Plac\u00f3wka przeniesie si\u0119 z XIX-wiecznej willi przy ul. Siemi\u0144skiego do budynku Gimnazjum nr 1 przy ul. Ziemowita. &#8211; W najbli\u017cszych miesi\u0105cach zostanie przygotowany program funkcjonalno-u\u017cytkowy nowego budynku oraz projekt jego przebudowy &#8211; m\u00f3wi Bogus\u0142aw Pietrzak, dyrektor PSM i dodaje, \u017ce [&hellip;]","og_url":"https:\/\/www.24gliwice.pl\/wiadomosci\/z-sieminskiego-na-ziemowita-gliwicka-szkola-muzyczna-za-dwa-lata-zmieni-lokalizacje\/","og_site_name":"24GLIWICE - Portal Gliwice | codziennie nowe informacje","article_publisher":"https:\/\/www.facebook.com\/24gliwice","article_published_time":"2018-03-23T01:28:02+00:00","article_modified_time":"2018-03-26T21:08:26+00:00","og_image":[{"width":1200,"height":675,"url":"https:\/\/www.24gliwice.pl\/wiadomosci\/wp-content\/uploads\/2018\/03\/psm2.jpg","type":"image\/jpeg"}],"author":"Micha\u0142 Szewczyk","twitter_card":"summary_large_image","twitter_creator":"@24gliwice","twitter_site":"@24gliwice","twitter_misc":{"Napisane przez":"Micha\u0142 Szewczyk","Szacowany czas czytania":"3 minuty"},"schema":{"@context":"https:\/\/schema.org","@graph":[{"@type":"Article","@id":"https:\/\/www.24gliwice.pl\/wiadomosci\/z-sieminskiego-na-ziemowita-gliwicka-szkola-muzyczna-za-dwa-lata-zmieni-lokalizacje\/#article","isPartOf":{"@id":"https:\/\/www.24gliwice.pl\/wiadomosci\/z-sieminskiego-na-ziemowita-gliwicka-szkola-muzyczna-za-dwa-lata-zmieni-lokalizacje\/"},"author":{"name":"Micha\u0142 Szewczyk","@id":"https:\/\/www.24gliwice.pl\/wiadomosci\/#\/schema\/person\/940e8f8a097e322de4f463f061ef8d45"},"headline":"Z Siemi\u0144skiego na Ziemowita. Gliwicka Szko\u0142a Muzyczna za dwa lata zmieni lokalizacj\u0119","datePublished":"2018-03-23T01:28:02+00:00","dateModified":"2018-03-26T21:08:26+00:00","mainEntityOfPage":{"@id":"https:\/\/www.24gliwice.pl\/wiadomosci\/z-sieminskiego-na-ziemowita-gliwicka-szkola-muzyczna-za-dwa-lata-zmieni-lokalizacje\/"},"wordCount":593,"commentCount":0,"publisher":{"@id":"https:\/\/www.24gliwice.pl\/wiadomosci\/#organization"},"image":{"@id":"https:\/\/www.24gliwice.pl\/wiadomosci\/z-sieminskiego-na-ziemowita-gliwicka-szkola-muzyczna-za-dwa-lata-zmieni-lokalizacje\/#primaryimage"},"thumbnailUrl":"https:\/\/www.24gliwice.pl\/wiadomosci\/wp-content\/uploads\/2018\/03\/psm2.jpg","keywords":["psm","psm gliwice","szko\u0142a muzyczna Gliwice","szko\u0142a muzyczna przeprowadzka"],"articleSection":["Gliwice","Najnowsze wiadomo\u015bci","Portal Gliwice - Wiadomo\u015bci lokalne"],"inLanguage":"pl-PL","potentialAction":[{"@type":"CommentAction","name":"Comment","target":["https:\/\/www.24gliwice.pl\/wiadomosci\/z-sieminskiego-na-ziemowita-gliwicka-szkola-muzyczna-za-dwa-lata-zmieni-lokalizacje\/#respond"]}]},{"@type":"WebPage","@id":"https:\/\/www.24gliwice.pl\/wiadomosci\/z-sieminskiego-na-ziemowita-gliwicka-szkola-muzyczna-za-dwa-lata-zmieni-lokalizacje\/","url":"https:\/\/www.24gliwice.pl\/wiadomosci\/z-sieminskiego-na-ziemowita-gliwicka-szkola-muzyczna-za-dwa-lata-zmieni-lokalizacje\/","name":"Z Siemi\u0144skiego na Ziemowita. Gliwicka Szko\u0142a Muzyczna za dwa lata zmieni lokalizacj\u0119 - 24GLIWICE - Portal Gliwice | codziennie nowe informacje","isPartOf":{"@id":"https:\/\/www.24gliwice.pl\/wiadomosci\/#website"},"primaryImageOfPage":{"@id":"https:\/\/www.24gliwice.pl\/wiadomosci\/z-sieminskiego-na-ziemowita-gliwicka-szkola-muzyczna-za-dwa-lata-zmieni-lokalizacje\/#primaryimage"},"image":{"@id":"https:\/\/www.24gliwice.pl\/wiadomosci\/z-sieminskiego-na-ziemowita-gliwicka-szkola-muzyczna-za-dwa-lata-zmieni-lokalizacje\/#primaryimage"},"thumbnailUrl":"https:\/\/www.24gliwice.pl\/wiadomosci\/wp-content\/uploads\/2018\/03\/psm2.jpg","datePublished":"2018-03-23T01:28:02+00:00","dateModified":"2018-03-26T21:08:26+00:00","breadcrumb":{"@id":"https:\/\/www.24gliwice.pl\/wiadomosci\/z-sieminskiego-na-ziemowita-gliwicka-szkola-muzyczna-za-dwa-lata-zmieni-lokalizacje\/#breadcrumb"},"inLanguage":"pl-PL","potentialAction":[{"@type":"ReadAction","target":["https:\/\/www.24gliwice.pl\/wiadomosci\/z-sieminskiego-na-ziemowita-gliwicka-szkola-muzyczna-za-dwa-lata-zmieni-lokalizacje\/"]}]},{"@type":"ImageObject","inLanguage":"pl-PL","@id":"https:\/\/www.24gliwice.pl\/wiadomosci\/z-sieminskiego-na-ziemowita-gliwicka-szkola-muzyczna-za-dwa-lata-zmieni-lokalizacje\/#primaryimage","url":"https:\/\/www.24gliwice.pl\/wiadomosci\/wp-content\/uploads\/2018\/03\/psm2.jpg","contentUrl":"https:\/\/www.24gliwice.pl\/wiadomosci\/wp-content\/uploads\/2018\/03\/psm2.jpg","width":1200,"height":675,"caption":"Budynek przy ul. Ziemowita 12, gdzie wkr\u00f3tce wprowadzi si\u0119 PSM."},{"@type":"BreadcrumbList","@id":"https:\/\/www.24gliwice.pl\/wiadomosci\/z-sieminskiego-na-ziemowita-gliwicka-szkola-muzyczna-za-dwa-lata-zmieni-lokalizacje\/#breadcrumb","itemListElement":[{"@type":"ListItem","position":1,"name":"Strona g\u0142\u00f3wna","item":"https:\/\/www.24gliwice.pl\/wiadomosci\/"},{"@type":"ListItem","position":2,"name":"Z Siemi\u0144skiego na Ziemowita. Gliwicka Szko\u0142a Muzyczna za dwa lata zmieni lokalizacj\u0119"}]},{"@type":"WebSite","@id":"https:\/\/www.24gliwice.pl\/wiadomosci\/#website","url":"https:\/\/www.24gliwice.pl\/wiadomosci\/","name":"24GLIWICE - Portal Gliwice | codziennie nowe wiadomo\u015bci","description":"Portal Miejski Gliwice","publisher":{"@id":"https:\/\/www.24gliwice.pl\/wiadomosci\/#organization"},"potentialAction":[{"@type":"SearchAction","target":{"@type":"EntryPoint","urlTemplate":"https:\/\/www.24gliwice.pl\/wiadomosci\/?s={search_term_string}"},"query-input":{"@type":"PropertyValueSpecification","valueRequired":true,"valueName":"search_term_string"}}],"inLanguage":"pl-PL"},{"@type":"Organization","@id":"https:\/\/www.24gliwice.pl\/wiadomosci\/#organization","name":"24gliwice","url":"https:\/\/www.24gliwice.pl\/wiadomosci\/","logo":{"@type":"ImageObject","inLanguage":"pl-PL","@id":"https:\/\/www.24gliwice.pl\/wiadomosci\/#\/schema\/logo\/image\/","url":"https:\/\/www.24gliwice.pl\/wiadomosci\/wp-content\/uploads\/2024\/10\/24gliwice-logo-696.jpg","contentUrl":"https:\/\/www.24gliwice.pl\/wiadomosci\/wp-content\/uploads\/2024\/10\/24gliwice-logo-696.jpg","width":696,"height":696,"caption":"24gliwice"},"image":{"@id":"https:\/\/www.24gliwice.pl\/wiadomosci\/#\/schema\/logo\/image\/"},"sameAs":["https:\/\/www.facebook.com\/24gliwice","https:\/\/x.com\/24gliwice","https:\/\/www.youtube.com\/@24gliwice"]},{"@type":"Person","@id":"https:\/\/www.24gliwice.pl\/wiadomosci\/#\/schema\/person\/940e8f8a097e322de4f463f061ef8d45","name":"Micha\u0142 Szewczyk","image":{"@type":"ImageObject","inLanguage":"pl-PL","@id":"https:\/\/secure.gravatar.com\/avatar\/771b8b6c74cd8d255e46392d605e01a86133900ef09b6ef3c8d451c9d92288cf?s=96&d=mm&r=g","url":"https:\/\/secure.gravatar.com\/avatar\/771b8b6c74cd8d255e46392d605e01a86133900ef09b6ef3c8d451c9d92288cf?s=96&d=mm&r=g","contentUrl":"https:\/\/secure.gravatar.com\/avatar\/771b8b6c74cd8d255e46392d605e01a86133900ef09b6ef3c8d451c9d92288cf?s=96&d=mm&r=g","caption":"Micha\u0142 Szewczyk"},"sameAs":["http:\/\/www.gazeta-miejska.pl"],"url":"https:\/\/www.24gliwice.pl\/wiadomosci\/author\/michal-szewczyk\/"}]}},"_links":{"self":[{"href":"https:\/\/www.24gliwice.pl\/wiadomosci\/wp-json\/wp\/v2\/posts\/114487","targetHints":{"allow":["GET"]}}],"collection":[{"href":"https:\/\/www.24gliwice.pl\/wiadomosci\/wp-json\/wp\/v2\/posts"}],"about":[{"href":"https:\/\/www.24gliwice.pl\/wiadomosci\/wp-json\/wp\/v2\/types\/post"}],"author":[{"embeddable":true,"href":"https:\/\/www.24gliwice.pl\/wiadomosci\/wp-json\/wp\/v2\/users\/12"}],"replies":[{"embeddable":true,"href":"https:\/\/www.24gliwice.pl\/wiadomosci\/wp-json\/wp\/v2\/comments?post=114487"}],"version-history":[{"count":0,"href":"https:\/\/www.24gliwice.pl\/wiadomosci\/wp-json\/wp\/v2\/posts\/114487\/revisions"}],"wp:featuredmedia":[{"embeddable":true,"href":"https:\/\/www.24gliwice.pl\/wiadomosci\/wp-json\/wp\/v2\/media\/114498"}],"wp:attachment":[{"href":"https:\/\/www.24gliwice.pl\/wiadomosci\/wp-json\/wp\/v2\/media?parent=114487"}],"wp:term":[{"taxonomy":"category","embeddable":true,"href":"https:\/\/www.24gliwice.pl\/wiadomosci\/wp-json\/wp\/v2\/categories?post=114487"},{"taxonomy":"post_tag","embeddable":true,"href":"https:\/\/www.24gliwice.pl\/wiadomosci\/wp-json\/wp\/v2\/tags?post=114487"}],"curies":[{"name":"wp","href":"https:\/\/api.w.org\/{rel}","templated":true}]}}