{"id":114513,"date":"2018-03-22T14:11:44","date_gmt":"2018-03-22T13:11:44","guid":{"rendered":"https:\/\/www.24gliwice.pl\/wiadomosci\/?p=114513"},"modified":"2018-03-22T14:11:44","modified_gmt":"2018-03-22T13:11:44","slug":"czy-drzewo-moze-byc-wyzsze-od-gliwickiej-radiostacji-prawda-moze-was-zakoczyc","status":"publish","type":"post","link":"https:\/\/www.24gliwice.pl\/wiadomosci\/czy-drzewo-moze-byc-wyzsze-od-gliwickiej-radiostacji-prawda-moze-was-zakoczyc\/","title":{"rendered":"Czy drzewo mo\u017ce by\u0107 wy\u017csze od gliwickiej Radiostacji? Prawda mo\u017ce was zakoczy\u0107"},"content":{"rendered":"<div class=\"gliwi-a6-nad-leadem-artykulow gliwi-entity-placement\" id=\"gliwi-3878220176\"><div class=\"gliwi-adlabel\"><span style=\"font-size: 9px\">REKLAMA<\/span><\/div><div id=\"gliwi-1505577542\" style=\"margin-bottom: 30px;margin-left: auto;margin-right: auto;text-align: center;\"><a data-no-instant=\"1\" href=\"https:\/\/przedszkole.halogen.org.pl\/\" rel=\"noopener\" class=\"a2t-link\" target=\"_blank\" aria-label=\"20260402-ANIMATOR-przedszkole_grafika_750x200\"><img loading=\"lazy\" decoding=\"async\" src=\"https:\/\/www.24gliwice.pl\/wiadomosci\/wp-content\/uploads\/2026\/04\/20260402-ANIMATOR-przedszkole_grafika_750x200.webp\" alt=\"\"  srcset=\"https:\/\/www.24gliwice.pl\/wiadomosci\/wp-content\/uploads\/2026\/04\/20260402-ANIMATOR-przedszkole_grafika_750x200.webp 750w, https:\/\/www.24gliwice.pl\/wiadomosci\/wp-content\/uploads\/2026\/04\/20260402-ANIMATOR-przedszkole_grafika_750x200-410x109.webp 410w\" sizes=\"(max-width: 750px) 100vw, 750px\" class=\"no-lazyload\" width=\"750\" height=\"200\"  style=\"display: inline-block; max-width: 100%; height: auto;\" \/><\/a><\/div><\/div><h3>Ma na imi\u0119 Hyperion i mierzy sobie niemal\u017ce 116 metr\u00f3w. Mowa o sekwoi wieczniezielonej, b\u0119d\u0105cej obecnie najwy\u017cszym znanym \u017cyj\u0105cym drzewem na \u015bwiecie.<\/h3>\n<p><strong>Hyperiona<\/strong> odkryto zaledwie 12 lat temu. Uda\u0142o si\u0119 to dw\u00f3m przyrodnikom, Chrisowi Atkinsowi i Michaelowi Taylorowi, w odleg\u0142ej cz\u0119\u015bci Parku Narodowego Redwood w USA.<\/p>\n<p>Drzewo zosta\u0142o zmierzone przez Stephena Silletta. Ma <strong>115,55 metr\u00f3w<\/strong> (obecnie podaje si\u0119 tak\u017ce wysoko\u015b\u0107 <strong>115.92 m.<\/strong>), wi\u0119c <strong>jest wy\u017csze od Radiostacji w Gliwicach o ponad 4 metry<\/strong>.<br \/>\nOcenia si\u0119, \u017ce samo drzewo zawiera <strong>530 m3 drewna<\/strong>. Wg Silleta Hyperion ma oko\u0142o <strong>600 lat<\/strong>, jednak niekt\u00f3rzy przyrodnicy okre\u015blaj\u0105, \u017ce sekwoja mo\u017ce mie\u0107 nawet <strong>700-800 lat<\/strong>.<\/p><div class=\"gliwi-a3-w-tresci-artykulow gliwi-entity-placement\" id=\"gliwi-2049170134\"><div class=\"gliwi-adlabel\"><span style=\"font-size: 9px\">REKLAMA<\/span><\/div><div id=\"gliwi-3861008252\" style=\"margin-bottom: 30px;margin-left: auto;margin-right: auto;text-align: center;\"><a data-no-instant=\"1\" href=\"https:\/\/zlobek.halogen.org.pl\/\" rel=\"noopener\" class=\"a2t-link\" target=\"_blank\" aria-label=\"animator-zlobek_750x200\"><img loading=\"lazy\" decoding=\"async\" src=\"https:\/\/www.24gliwice.pl\/wiadomosci\/wp-content\/uploads\/2026\/02\/animator-zlobek_750x200.webp\" alt=\"\"  srcset=\"https:\/\/www.24gliwice.pl\/wiadomosci\/wp-content\/uploads\/2026\/02\/animator-zlobek_750x200.webp 750w, https:\/\/www.24gliwice.pl\/wiadomosci\/wp-content\/uploads\/2026\/02\/animator-zlobek_750x200-410x109.webp 410w\" sizes=\"(max-width: 750px) 100vw, 750px\" class=\"no-lazyload\" width=\"750\" height=\"200\"  style=\"display: inline-block; max-width: 100%; height: auto;\" \/><\/a><\/div><\/div>\n<p>Okazuje si\u0119, \u017ce drzewo mog\u0142o by\u0107 jeszcze wy\u017csze, gdyby nie uszkodzenia spowodowane przez&#8230; dzi\u0119cio\u0142y &#8211; uwa\u017caj\u0105 badacze.<\/p>\n<p><img loading=\"lazy\" decoding=\"async\" src=\"https:\/\/www.24gliwice.pl\/wiadomosci\/wp-content\/uploads\/2018\/03\/HyperionWEB-1.jpg\" alt=\"\" width=\"810\" height=\"954\" class=\"alignnone size-full wp-image-114527\" srcset=\"https:\/\/www.24gliwice.pl\/wiadomosci\/wp-content\/uploads\/2018\/03\/HyperionWEB-1.jpg 810w, https:\/\/www.24gliwice.pl\/wiadomosci\/wp-content\/uploads\/2018\/03\/HyperionWEB-1-197x232.jpg 197w, https:\/\/www.24gliwice.pl\/wiadomosci\/wp-content\/uploads\/2018\/03\/HyperionWEB-1-768x905.jpg 768w, https:\/\/www.24gliwice.pl\/wiadomosci\/wp-content\/uploads\/2018\/03\/HyperionWEB-1-386x455.jpg 386w\" sizes=\"auto, (max-width: 810px) 100vw, 810px\" \/><\/p>\n<p>Nasza gliwicka wie\u017ca ma dok\u0142adnie <strong>111,1 metr\u00f3w<\/strong>, u podstawy mierzy 20 na 20 m, a wielko\u015b\u0107 g\u00f3rnej platformy to 213 na 213 cm. Obiekt zbudowany jest z bali z nieimpregnowanego drewna modrzewiowego, \u0142\u0105czonego przy pomocy <strong>16100 mosi\u0119\u017cnych \u015brub<\/strong>.<\/p>\n<p><img decoding=\"async\" src=\"https:\/\/www.24gliwice.pl\/wiadomosci\/wp-content\/uploads\/2018\/03\/pagodafb-001.jpg\" alt=\"\" width=\"810\" class=\"alignnone size-full wp-image-114525\" srcset=\"https:\/\/www.24gliwice.pl\/wiadomosci\/wp-content\/uploads\/2018\/03\/pagodafb-001.jpg 660w, https:\/\/www.24gliwice.pl\/wiadomosci\/wp-content\/uploads\/2018\/03\/pagodafb-001-410x232.jpg 410w\" sizes=\"(max-width: 660px) 100vw, 660px\" \/><\/p>\n<p><strong>Radiostacja w Gliwicach nie jest te\u017c najwy\u017csz\u0105 budowl\u0105 z drewna na \u015bwiecie.<\/strong> Tytu\u0142 ten przej\u0119\u0142a w 2007 <strong>Pagoda w \u015awi\u0105tyni Tianning w Changzhou<\/strong> nieopodal Szanghaju. Nowa rekordzistka ma dok\u0142adnie <strong>153 metry i 79 centymet\u00f3w<\/strong> wysoko\u015bci.<\/p>\n<p><em>\u0141ukasz Gawin<\/em><\/p>\n<div class=\"gliwi-a5-na-koncu-artykulow gliwi-entity-placement\" id=\"gliwi-248642042\"><div class=\"gliwi-adlabel\"><span style=\"font-size: 9px\">REKLAMA<\/span><\/div><div id=\"gliwi-1101987590\" style=\"margin-left: auto;margin-right: auto;text-align: center;\"><a data-no-instant=\"1\" href=\"https:\/\/prezeroarenagliwice.pl\/\" rel=\"noopener\" class=\"a2t-link\" target=\"_blank\" aria-label=\"20260309-PREZERO-WIOSNA-D\"><img loading=\"lazy\" decoding=\"async\" src=\"https:\/\/www.24gliwice.pl\/wiadomosci\/wp-content\/uploads\/2026\/03\/20260309-PREZERO-WIOSNA-D.webp\" alt=\"\"  srcset=\"https:\/\/www.24gliwice.pl\/wiadomosci\/wp-content\/uploads\/2026\/03\/20260309-PREZERO-WIOSNA-D.webp 750w, https:\/\/www.24gliwice.pl\/wiadomosci\/wp-content\/uploads\/2026\/03\/20260309-PREZERO-WIOSNA-D-410x109.webp 410w\" sizes=\"(max-width: 750px) 100vw, 750px\" class=\"no-lazyload\" width=\"750\" height=\"200\"  style=\"display: inline-block; max-width: 100%; height: auto;\" \/><\/a><\/div><\/div>","protected":false},"excerpt":{"rendered":"<p>Ma na imi\u0119 Hyperion i mierzy sobie niemal\u017ce 116 metr\u00f3w. Mowa o sekwoi wieczniezielonej, b\u0119d\u0105cej obecnie najwy\u017cszym znanym \u017cyj\u0105cym drzewem na \u015bwiecie. Hyperiona odkryto zaledwie 12 lat temu. Uda\u0142o si\u0119 to dw\u00f3m przyrodnikom, Chrisowi Atkinsowi i Michaelowi Taylorowi, w odleg\u0142ej cz\u0119\u015bci Parku Narodowego Redwood w USA. Drzewo zosta\u0142o zmierzone przez Stephena Silletta. Ma 115,55 metr\u00f3w [&hellip;]<\/p>\n","protected":false},"author":11,"featured_media":114526,"comment_status":"open","ping_status":"closed","sticky":false,"template":"","format":"standard","meta":{"_monsterinsights_skip_tracking":false,"_monsterinsights_sitenote_active":false,"_monsterinsights_sitenote_note":"","_monsterinsights_sitenote_category":0,"footnotes":"","_links_to":"","_links_to_target":""},"categories":[3,1],"tags":[527,3710],"class_list":["post-114513","post","type-post","status-publish","format-standard","has-post-thumbnail","hentry","category-gliwice","category-wszystko","tag-radiostacja","tag-wieza-radiostacji"],"yoast_head":"<!-- This site is optimized with the Yoast SEO plugin v27.5 - https:\/\/yoast.com\/product\/yoast-seo-wordpress\/ -->\n<title>Czy drzewo mo\u017ce by\u0107 wy\u017csze od gliwickiej Radiostacji? Prawda mo\u017ce was zakoczy\u0107 - 24GLIWICE - Portal Gliwice | codziennie nowe informacje<\/title>\n<meta name=\"robots\" content=\"index, follow, max-snippet:-1, max-image-preview:large, max-video-preview:-1\" \/>\n<link rel=\"canonical\" href=\"https:\/\/www.24gliwice.pl\/wiadomosci\/czy-drzewo-moze-byc-wyzsze-od-gliwickiej-radiostacji-prawda-moze-was-zakoczyc\/\" \/>\n<meta property=\"og:locale\" content=\"pl_PL\" \/>\n<meta property=\"og:type\" content=\"article\" \/>\n<meta property=\"og:title\" content=\"Czy drzewo mo\u017ce by\u0107 wy\u017csze od gliwickiej Radiostacji? Prawda mo\u017ce was zakoczy\u0107 - 24GLIWICE - Portal Gliwice | codziennie nowe informacje\" \/>\n<meta property=\"og:description\" content=\"Ma na imi\u0119 Hyperion i mierzy sobie niemal\u017ce 116 metr\u00f3w. Mowa o sekwoi wieczniezielonej, b\u0119d\u0105cej obecnie najwy\u017cszym znanym \u017cyj\u0105cym drzewem na \u015bwiecie. Hyperiona odkryto zaledwie 12 lat temu. Uda\u0142o si\u0119 to dw\u00f3m przyrodnikom, Chrisowi Atkinsowi i Michaelowi Taylorowi, w odleg\u0142ej cz\u0119\u015bci Parku Narodowego Redwood w USA. Drzewo zosta\u0142o zmierzone przez Stephena Silletta. Ma 115,55 metr\u00f3w [&hellip;]\" \/>\n<meta property=\"og:url\" content=\"https:\/\/www.24gliwice.pl\/wiadomosci\/czy-drzewo-moze-byc-wyzsze-od-gliwickiej-radiostacji-prawda-moze-was-zakoczyc\/\" \/>\n<meta property=\"og:site_name\" content=\"24GLIWICE - Portal Gliwice | codziennie nowe informacje\" \/>\n<meta property=\"article:publisher\" content=\"https:\/\/www.facebook.com\/24gliwice\" \/>\n<meta property=\"article:published_time\" content=\"2018-03-22T13:11:44+00:00\" \/>\n<meta property=\"og:image\" content=\"https:\/\/www.24gliwice.pl\/wiadomosci\/wp-content\/uploads\/2018\/03\/radiostacja-i-hyperion.jpg\" \/>\n\t<meta property=\"og:image:width\" content=\"810\" \/>\n\t<meta property=\"og:image:height\" content=\"443\" \/>\n\t<meta property=\"og:image:type\" content=\"image\/jpeg\" \/>\n<meta name=\"author\" content=\"Lukasz Gawin\" \/>\n<meta name=\"twitter:card\" content=\"summary_large_image\" \/>\n<meta name=\"twitter:creator\" content=\"@24gliwice\" \/>\n<meta name=\"twitter:site\" content=\"@24gliwice\" \/>\n<meta name=\"twitter:label1\" content=\"Napisane przez\" \/>\n\t<meta name=\"twitter:data1\" content=\"Lukasz Gawin\" \/>\n\t<meta name=\"twitter:label2\" content=\"Szacowany czas czytania\" \/>\n\t<meta name=\"twitter:data2\" content=\"1 minuta\" \/>\n<script type=\"application\/ld+json\" class=\"yoast-schema-graph\">{\"@context\":\"https:\\\/\\\/schema.org\",\"@graph\":[{\"@type\":\"Article\",\"@id\":\"https:\\\/\\\/www.24gliwice.pl\\\/wiadomosci\\\/czy-drzewo-moze-byc-wyzsze-od-gliwickiej-radiostacji-prawda-moze-was-zakoczyc\\\/#article\",\"isPartOf\":{\"@id\":\"https:\\\/\\\/www.24gliwice.pl\\\/wiadomosci\\\/czy-drzewo-moze-byc-wyzsze-od-gliwickiej-radiostacji-prawda-moze-was-zakoczyc\\\/\"},\"author\":{\"name\":\"Lukasz Gawin\",\"@id\":\"https:\\\/\\\/www.24gliwice.pl\\\/wiadomosci\\\/#\\\/schema\\\/person\\\/03c3b0db6cac50b378593f935cac1533\"},\"headline\":\"Czy drzewo mo\u017ce by\u0107 wy\u017csze od gliwickiej Radiostacji? Prawda mo\u017ce was zakoczy\u0107\",\"datePublished\":\"2018-03-22T13:11:44+00:00\",\"mainEntityOfPage\":{\"@id\":\"https:\\\/\\\/www.24gliwice.pl\\\/wiadomosci\\\/czy-drzewo-moze-byc-wyzsze-od-gliwickiej-radiostacji-prawda-moze-was-zakoczyc\\\/\"},\"wordCount\":226,\"commentCount\":0,\"publisher\":{\"@id\":\"https:\\\/\\\/www.24gliwice.pl\\\/wiadomosci\\\/#organization\"},\"image\":{\"@id\":\"https:\\\/\\\/www.24gliwice.pl\\\/wiadomosci\\\/czy-drzewo-moze-byc-wyzsze-od-gliwickiej-radiostacji-prawda-moze-was-zakoczyc\\\/#primaryimage\"},\"thumbnailUrl\":\"https:\\\/\\\/www.24gliwice.pl\\\/wiadomosci\\\/wp-content\\\/uploads\\\/2018\\\/03\\\/radiostacja-i-hyperion.jpg\",\"keywords\":[\"RADIOSTACJA\",\"wie\u017ca radiostacji\"],\"articleSection\":[\"Gliwice\",\"Najnowsze wiadomo\u015bci\"],\"inLanguage\":\"pl-PL\",\"potentialAction\":[{\"@type\":\"CommentAction\",\"name\":\"Comment\",\"target\":[\"https:\\\/\\\/www.24gliwice.pl\\\/wiadomosci\\\/czy-drzewo-moze-byc-wyzsze-od-gliwickiej-radiostacji-prawda-moze-was-zakoczyc\\\/#respond\"]}]},{\"@type\":\"WebPage\",\"@id\":\"https:\\\/\\\/www.24gliwice.pl\\\/wiadomosci\\\/czy-drzewo-moze-byc-wyzsze-od-gliwickiej-radiostacji-prawda-moze-was-zakoczyc\\\/\",\"url\":\"https:\\\/\\\/www.24gliwice.pl\\\/wiadomosci\\\/czy-drzewo-moze-byc-wyzsze-od-gliwickiej-radiostacji-prawda-moze-was-zakoczyc\\\/\",\"name\":\"Czy drzewo mo\u017ce by\u0107 wy\u017csze od gliwickiej Radiostacji? Prawda mo\u017ce was zakoczy\u0107 - 24GLIWICE - Portal Gliwice | codziennie nowe informacje\",\"isPartOf\":{\"@id\":\"https:\\\/\\\/www.24gliwice.pl\\\/wiadomosci\\\/#website\"},\"primaryImageOfPage\":{\"@id\":\"https:\\\/\\\/www.24gliwice.pl\\\/wiadomosci\\\/czy-drzewo-moze-byc-wyzsze-od-gliwickiej-radiostacji-prawda-moze-was-zakoczyc\\\/#primaryimage\"},\"image\":{\"@id\":\"https:\\\/\\\/www.24gliwice.pl\\\/wiadomosci\\\/czy-drzewo-moze-byc-wyzsze-od-gliwickiej-radiostacji-prawda-moze-was-zakoczyc\\\/#primaryimage\"},\"thumbnailUrl\":\"https:\\\/\\\/www.24gliwice.pl\\\/wiadomosci\\\/wp-content\\\/uploads\\\/2018\\\/03\\\/radiostacja-i-hyperion.jpg\",\"datePublished\":\"2018-03-22T13:11:44+00:00\",\"breadcrumb\":{\"@id\":\"https:\\\/\\\/www.24gliwice.pl\\\/wiadomosci\\\/czy-drzewo-moze-byc-wyzsze-od-gliwickiej-radiostacji-prawda-moze-was-zakoczyc\\\/#breadcrumb\"},\"inLanguage\":\"pl-PL\",\"potentialAction\":[{\"@type\":\"ReadAction\",\"target\":[\"https:\\\/\\\/www.24gliwice.pl\\\/wiadomosci\\\/czy-drzewo-moze-byc-wyzsze-od-gliwickiej-radiostacji-prawda-moze-was-zakoczyc\\\/\"]}]},{\"@type\":\"ImageObject\",\"inLanguage\":\"pl-PL\",\"@id\":\"https:\\\/\\\/www.24gliwice.pl\\\/wiadomosci\\\/czy-drzewo-moze-byc-wyzsze-od-gliwickiej-radiostacji-prawda-moze-was-zakoczyc\\\/#primaryimage\",\"url\":\"https:\\\/\\\/www.24gliwice.pl\\\/wiadomosci\\\/wp-content\\\/uploads\\\/2018\\\/03\\\/radiostacja-i-hyperion.jpg\",\"contentUrl\":\"https:\\\/\\\/www.24gliwice.pl\\\/wiadomosci\\\/wp-content\\\/uploads\\\/2018\\\/03\\\/radiostacja-i-hyperion.jpg\",\"width\":810,\"height\":443},{\"@type\":\"BreadcrumbList\",\"@id\":\"https:\\\/\\\/www.24gliwice.pl\\\/wiadomosci\\\/czy-drzewo-moze-byc-wyzsze-od-gliwickiej-radiostacji-prawda-moze-was-zakoczyc\\\/#breadcrumb\",\"itemListElement\":[{\"@type\":\"ListItem\",\"position\":1,\"name\":\"Strona g\u0142\u00f3wna\",\"item\":\"https:\\\/\\\/www.24gliwice.pl\\\/wiadomosci\\\/\"},{\"@type\":\"ListItem\",\"position\":2,\"name\":\"Czy drzewo mo\u017ce by\u0107 wy\u017csze od gliwickiej Radiostacji? Prawda mo\u017ce was zakoczy\u0107\"}]},{\"@type\":\"WebSite\",\"@id\":\"https:\\\/\\\/www.24gliwice.pl\\\/wiadomosci\\\/#website\",\"url\":\"https:\\\/\\\/www.24gliwice.pl\\\/wiadomosci\\\/\",\"name\":\"24GLIWICE - Portal Gliwice | codziennie nowe wiadomo\u015bci\",\"description\":\"Portal Miejski Gliwice\",\"publisher\":{\"@id\":\"https:\\\/\\\/www.24gliwice.pl\\\/wiadomosci\\\/#organization\"},\"potentialAction\":[{\"@type\":\"SearchAction\",\"target\":{\"@type\":\"EntryPoint\",\"urlTemplate\":\"https:\\\/\\\/www.24gliwice.pl\\\/wiadomosci\\\/?s={search_term_string}\"},\"query-input\":{\"@type\":\"PropertyValueSpecification\",\"valueRequired\":true,\"valueName\":\"search_term_string\"}}],\"inLanguage\":\"pl-PL\"},{\"@type\":\"Organization\",\"@id\":\"https:\\\/\\\/www.24gliwice.pl\\\/wiadomosci\\\/#organization\",\"name\":\"24gliwice\",\"url\":\"https:\\\/\\\/www.24gliwice.pl\\\/wiadomosci\\\/\",\"logo\":{\"@type\":\"ImageObject\",\"inLanguage\":\"pl-PL\",\"@id\":\"https:\\\/\\\/www.24gliwice.pl\\\/wiadomosci\\\/#\\\/schema\\\/logo\\\/image\\\/\",\"url\":\"https:\\\/\\\/www.24gliwice.pl\\\/wiadomosci\\\/wp-content\\\/uploads\\\/2024\\\/10\\\/24gliwice-logo-696.jpg\",\"contentUrl\":\"https:\\\/\\\/www.24gliwice.pl\\\/wiadomosci\\\/wp-content\\\/uploads\\\/2024\\\/10\\\/24gliwice-logo-696.jpg\",\"width\":696,\"height\":696,\"caption\":\"24gliwice\"},\"image\":{\"@id\":\"https:\\\/\\\/www.24gliwice.pl\\\/wiadomosci\\\/#\\\/schema\\\/logo\\\/image\\\/\"},\"sameAs\":[\"https:\\\/\\\/www.facebook.com\\\/24gliwice\",\"https:\\\/\\\/x.com\\\/24gliwice\",\"https:\\\/\\\/www.youtube.com\\\/@24gliwice\"]},{\"@type\":\"Person\",\"@id\":\"https:\\\/\\\/www.24gliwice.pl\\\/wiadomosci\\\/#\\\/schema\\\/person\\\/03c3b0db6cac50b378593f935cac1533\",\"name\":\"Lukasz Gawin\",\"image\":{\"@type\":\"ImageObject\",\"inLanguage\":\"pl-PL\",\"@id\":\"https:\\\/\\\/www.24gliwice.pl\\\/wiadomosci\\\/wp-content\\\/uploads\\\/2016\\\/11\\\/gawin.gif\",\"url\":\"https:\\\/\\\/www.24gliwice.pl\\\/wiadomosci\\\/wp-content\\\/uploads\\\/2016\\\/11\\\/gawin.gif\",\"contentUrl\":\"https:\\\/\\\/www.24gliwice.pl\\\/wiadomosci\\\/wp-content\\\/uploads\\\/2016\\\/11\\\/gawin.gif\",\"caption\":\"Lukasz Gawin\"},\"url\":\"https:\\\/\\\/www.24gliwice.pl\\\/wiadomosci\\\/author\\\/lukasz-gawin\\\/\"}]}<\/script>\n<!-- \/ Yoast SEO plugin. -->","yoast_head_json":{"title":"Czy drzewo mo\u017ce by\u0107 wy\u017csze od gliwickiej Radiostacji? Prawda mo\u017ce was zakoczy\u0107 - 24GLIWICE - Portal Gliwice | codziennie nowe informacje","robots":{"index":"index","follow":"follow","max-snippet":"max-snippet:-1","max-image-preview":"max-image-preview:large","max-video-preview":"max-video-preview:-1"},"canonical":"https:\/\/www.24gliwice.pl\/wiadomosci\/czy-drzewo-moze-byc-wyzsze-od-gliwickiej-radiostacji-prawda-moze-was-zakoczyc\/","og_locale":"pl_PL","og_type":"article","og_title":"Czy drzewo mo\u017ce by\u0107 wy\u017csze od gliwickiej Radiostacji? Prawda mo\u017ce was zakoczy\u0107 - 24GLIWICE - Portal Gliwice | codziennie nowe informacje","og_description":"Ma na imi\u0119 Hyperion i mierzy sobie niemal\u017ce 116 metr\u00f3w. Mowa o sekwoi wieczniezielonej, b\u0119d\u0105cej obecnie najwy\u017cszym znanym \u017cyj\u0105cym drzewem na \u015bwiecie. Hyperiona odkryto zaledwie 12 lat temu. Uda\u0142o si\u0119 to dw\u00f3m przyrodnikom, Chrisowi Atkinsowi i Michaelowi Taylorowi, w odleg\u0142ej cz\u0119\u015bci Parku Narodowego Redwood w USA. Drzewo zosta\u0142o zmierzone przez Stephena Silletta. Ma 115,55 metr\u00f3w [&hellip;]","og_url":"https:\/\/www.24gliwice.pl\/wiadomosci\/czy-drzewo-moze-byc-wyzsze-od-gliwickiej-radiostacji-prawda-moze-was-zakoczyc\/","og_site_name":"24GLIWICE - Portal Gliwice | codziennie nowe informacje","article_publisher":"https:\/\/www.facebook.com\/24gliwice","article_published_time":"2018-03-22T13:11:44+00:00","og_image":[{"width":810,"height":443,"url":"https:\/\/www.24gliwice.pl\/wiadomosci\/wp-content\/uploads\/2018\/03\/radiostacja-i-hyperion.jpg","type":"image\/jpeg"}],"author":"Lukasz Gawin","twitter_card":"summary_large_image","twitter_creator":"@24gliwice","twitter_site":"@24gliwice","twitter_misc":{"Napisane przez":"Lukasz Gawin","Szacowany czas czytania":"1 minuta"},"schema":{"@context":"https:\/\/schema.org","@graph":[{"@type":"Article","@id":"https:\/\/www.24gliwice.pl\/wiadomosci\/czy-drzewo-moze-byc-wyzsze-od-gliwickiej-radiostacji-prawda-moze-was-zakoczyc\/#article","isPartOf":{"@id":"https:\/\/www.24gliwice.pl\/wiadomosci\/czy-drzewo-moze-byc-wyzsze-od-gliwickiej-radiostacji-prawda-moze-was-zakoczyc\/"},"author":{"name":"Lukasz Gawin","@id":"https:\/\/www.24gliwice.pl\/wiadomosci\/#\/schema\/person\/03c3b0db6cac50b378593f935cac1533"},"headline":"Czy drzewo mo\u017ce by\u0107 wy\u017csze od gliwickiej Radiostacji? Prawda mo\u017ce was zakoczy\u0107","datePublished":"2018-03-22T13:11:44+00:00","mainEntityOfPage":{"@id":"https:\/\/www.24gliwice.pl\/wiadomosci\/czy-drzewo-moze-byc-wyzsze-od-gliwickiej-radiostacji-prawda-moze-was-zakoczyc\/"},"wordCount":226,"commentCount":0,"publisher":{"@id":"https:\/\/www.24gliwice.pl\/wiadomosci\/#organization"},"image":{"@id":"https:\/\/www.24gliwice.pl\/wiadomosci\/czy-drzewo-moze-byc-wyzsze-od-gliwickiej-radiostacji-prawda-moze-was-zakoczyc\/#primaryimage"},"thumbnailUrl":"https:\/\/www.24gliwice.pl\/wiadomosci\/wp-content\/uploads\/2018\/03\/radiostacja-i-hyperion.jpg","keywords":["RADIOSTACJA","wie\u017ca radiostacji"],"articleSection":["Gliwice","Najnowsze wiadomo\u015bci"],"inLanguage":"pl-PL","potentialAction":[{"@type":"CommentAction","name":"Comment","target":["https:\/\/www.24gliwice.pl\/wiadomosci\/czy-drzewo-moze-byc-wyzsze-od-gliwickiej-radiostacji-prawda-moze-was-zakoczyc\/#respond"]}]},{"@type":"WebPage","@id":"https:\/\/www.24gliwice.pl\/wiadomosci\/czy-drzewo-moze-byc-wyzsze-od-gliwickiej-radiostacji-prawda-moze-was-zakoczyc\/","url":"https:\/\/www.24gliwice.pl\/wiadomosci\/czy-drzewo-moze-byc-wyzsze-od-gliwickiej-radiostacji-prawda-moze-was-zakoczyc\/","name":"Czy drzewo mo\u017ce by\u0107 wy\u017csze od gliwickiej Radiostacji? Prawda mo\u017ce was zakoczy\u0107 - 24GLIWICE - Portal Gliwice | codziennie nowe informacje","isPartOf":{"@id":"https:\/\/www.24gliwice.pl\/wiadomosci\/#website"},"primaryImageOfPage":{"@id":"https:\/\/www.24gliwice.pl\/wiadomosci\/czy-drzewo-moze-byc-wyzsze-od-gliwickiej-radiostacji-prawda-moze-was-zakoczyc\/#primaryimage"},"image":{"@id":"https:\/\/www.24gliwice.pl\/wiadomosci\/czy-drzewo-moze-byc-wyzsze-od-gliwickiej-radiostacji-prawda-moze-was-zakoczyc\/#primaryimage"},"thumbnailUrl":"https:\/\/www.24gliwice.pl\/wiadomosci\/wp-content\/uploads\/2018\/03\/radiostacja-i-hyperion.jpg","datePublished":"2018-03-22T13:11:44+00:00","breadcrumb":{"@id":"https:\/\/www.24gliwice.pl\/wiadomosci\/czy-drzewo-moze-byc-wyzsze-od-gliwickiej-radiostacji-prawda-moze-was-zakoczyc\/#breadcrumb"},"inLanguage":"pl-PL","potentialAction":[{"@type":"ReadAction","target":["https:\/\/www.24gliwice.pl\/wiadomosci\/czy-drzewo-moze-byc-wyzsze-od-gliwickiej-radiostacji-prawda-moze-was-zakoczyc\/"]}]},{"@type":"ImageObject","inLanguage":"pl-PL","@id":"https:\/\/www.24gliwice.pl\/wiadomosci\/czy-drzewo-moze-byc-wyzsze-od-gliwickiej-radiostacji-prawda-moze-was-zakoczyc\/#primaryimage","url":"https:\/\/www.24gliwice.pl\/wiadomosci\/wp-content\/uploads\/2018\/03\/radiostacja-i-hyperion.jpg","contentUrl":"https:\/\/www.24gliwice.pl\/wiadomosci\/wp-content\/uploads\/2018\/03\/radiostacja-i-hyperion.jpg","width":810,"height":443},{"@type":"BreadcrumbList","@id":"https:\/\/www.24gliwice.pl\/wiadomosci\/czy-drzewo-moze-byc-wyzsze-od-gliwickiej-radiostacji-prawda-moze-was-zakoczyc\/#breadcrumb","itemListElement":[{"@type":"ListItem","position":1,"name":"Strona g\u0142\u00f3wna","item":"https:\/\/www.24gliwice.pl\/wiadomosci\/"},{"@type":"ListItem","position":2,"name":"Czy drzewo mo\u017ce by\u0107 wy\u017csze od gliwickiej Radiostacji? Prawda mo\u017ce was zakoczy\u0107"}]},{"@type":"WebSite","@id":"https:\/\/www.24gliwice.pl\/wiadomosci\/#website","url":"https:\/\/www.24gliwice.pl\/wiadomosci\/","name":"24GLIWICE - Portal Gliwice | codziennie nowe wiadomo\u015bci","description":"Portal Miejski Gliwice","publisher":{"@id":"https:\/\/www.24gliwice.pl\/wiadomosci\/#organization"},"potentialAction":[{"@type":"SearchAction","target":{"@type":"EntryPoint","urlTemplate":"https:\/\/www.24gliwice.pl\/wiadomosci\/?s={search_term_string}"},"query-input":{"@type":"PropertyValueSpecification","valueRequired":true,"valueName":"search_term_string"}}],"inLanguage":"pl-PL"},{"@type":"Organization","@id":"https:\/\/www.24gliwice.pl\/wiadomosci\/#organization","name":"24gliwice","url":"https:\/\/www.24gliwice.pl\/wiadomosci\/","logo":{"@type":"ImageObject","inLanguage":"pl-PL","@id":"https:\/\/www.24gliwice.pl\/wiadomosci\/#\/schema\/logo\/image\/","url":"https:\/\/www.24gliwice.pl\/wiadomosci\/wp-content\/uploads\/2024\/10\/24gliwice-logo-696.jpg","contentUrl":"https:\/\/www.24gliwice.pl\/wiadomosci\/wp-content\/uploads\/2024\/10\/24gliwice-logo-696.jpg","width":696,"height":696,"caption":"24gliwice"},"image":{"@id":"https:\/\/www.24gliwice.pl\/wiadomosci\/#\/schema\/logo\/image\/"},"sameAs":["https:\/\/www.facebook.com\/24gliwice","https:\/\/x.com\/24gliwice","https:\/\/www.youtube.com\/@24gliwice"]},{"@type":"Person","@id":"https:\/\/www.24gliwice.pl\/wiadomosci\/#\/schema\/person\/03c3b0db6cac50b378593f935cac1533","name":"Lukasz Gawin","image":{"@type":"ImageObject","inLanguage":"pl-PL","@id":"https:\/\/www.24gliwice.pl\/wiadomosci\/wp-content\/uploads\/2016\/11\/gawin.gif","url":"https:\/\/www.24gliwice.pl\/wiadomosci\/wp-content\/uploads\/2016\/11\/gawin.gif","contentUrl":"https:\/\/www.24gliwice.pl\/wiadomosci\/wp-content\/uploads\/2016\/11\/gawin.gif","caption":"Lukasz Gawin"},"url":"https:\/\/www.24gliwice.pl\/wiadomosci\/author\/lukasz-gawin\/"}]}},"_links":{"self":[{"href":"https:\/\/www.24gliwice.pl\/wiadomosci\/wp-json\/wp\/v2\/posts\/114513","targetHints":{"allow":["GET"]}}],"collection":[{"href":"https:\/\/www.24gliwice.pl\/wiadomosci\/wp-json\/wp\/v2\/posts"}],"about":[{"href":"https:\/\/www.24gliwice.pl\/wiadomosci\/wp-json\/wp\/v2\/types\/post"}],"author":[{"embeddable":true,"href":"https:\/\/www.24gliwice.pl\/wiadomosci\/wp-json\/wp\/v2\/users\/11"}],"replies":[{"embeddable":true,"href":"https:\/\/www.24gliwice.pl\/wiadomosci\/wp-json\/wp\/v2\/comments?post=114513"}],"version-history":[{"count":0,"href":"https:\/\/www.24gliwice.pl\/wiadomosci\/wp-json\/wp\/v2\/posts\/114513\/revisions"}],"wp:featuredmedia":[{"embeddable":true,"href":"https:\/\/www.24gliwice.pl\/wiadomosci\/wp-json\/wp\/v2\/media\/114526"}],"wp:attachment":[{"href":"https:\/\/www.24gliwice.pl\/wiadomosci\/wp-json\/wp\/v2\/media?parent=114513"}],"wp:term":[{"taxonomy":"category","embeddable":true,"href":"https:\/\/www.24gliwice.pl\/wiadomosci\/wp-json\/wp\/v2\/categories?post=114513"},{"taxonomy":"post_tag","embeddable":true,"href":"https:\/\/www.24gliwice.pl\/wiadomosci\/wp-json\/wp\/v2\/tags?post=114513"}],"curies":[{"name":"wp","href":"https:\/\/api.w.org\/{rel}","templated":true}]}}