{"id":114545,"date":"2018-03-22T17:40:22","date_gmt":"2018-03-22T16:40:22","guid":{"rendered":"https:\/\/www.24gliwice.pl\/wiadomosci\/?p=114545"},"modified":"2018-03-22T22:08:38","modified_gmt":"2018-03-22T21:08:38","slug":"aleja-klonow-przy-ul-klodnickiej-na-razie-pozostanie-pomnikiem-przyrody-radni-odlozyli-decyzje","status":"publish","type":"post","link":"https:\/\/www.24gliwice.pl\/wiadomosci\/aleja-klonow-przy-ul-klodnickiej-na-razie-pozostanie-pomnikiem-przyrody-radni-odlozyli-decyzje\/","title":{"rendered":"Aleja klon\u00f3w przy ul. K\u0142odnickiej na razie pozostanie pomnikiem przyrody. Radni od\u0142o\u017cyli decyzj\u0119"},"content":{"rendered":"<div class=\"gliwi-a6-nad-leadem-artykulow gliwi-entity-placement\" id=\"gliwi-4118767190\"><div class=\"gliwi-adlabel\"><span style=\"font-size: 9px\">REKLAMA<\/span><\/div><div id=\"gliwi-1864312872\" style=\"margin-bottom: 30px;margin-left: auto;margin-right: auto;text-align: center;\"><a data-no-instant=\"1\" href=\"https:\/\/przedszkole.halogen.org.pl\/\" rel=\"noopener\" class=\"a2t-link\" target=\"_blank\" aria-label=\"20260402-ANIMATOR-przedszkole_grafika_750x200\"><img loading=\"lazy\" decoding=\"async\" src=\"https:\/\/www.24gliwice.pl\/wiadomosci\/wp-content\/uploads\/2026\/04\/20260402-ANIMATOR-przedszkole_grafika_750x200.webp\" alt=\"\"  srcset=\"https:\/\/www.24gliwice.pl\/wiadomosci\/wp-content\/uploads\/2026\/04\/20260402-ANIMATOR-przedszkole_grafika_750x200.webp 750w, https:\/\/www.24gliwice.pl\/wiadomosci\/wp-content\/uploads\/2026\/04\/20260402-ANIMATOR-przedszkole_grafika_750x200-410x109.webp 410w\" sizes=\"(max-width: 750px) 100vw, 750px\" class=\"no-lazyload\" width=\"750\" height=\"200\"  style=\"display: inline-block; max-width: 100%; height: auto;\" \/><\/a><\/div><\/div><h3>Aleja Klon\u00f3w srebrzystych nad K\u0142odnic\u0105 nie straci\u0142a dzisiaj statusu pomnika przyrody. Przygotowany w tej sprawie projekt zosta\u0142 zdj\u0119ty z porz\u0105dku sesji Rady Miasta.<\/h3>\n<p>Za tak\u0105 decyzj\u0105 g\u0142osowa\u0142o 12 radnych. Podj\u0119to j\u0105 po wniosku <strong>Dominika Dragona<\/strong> (PO), kt\u00f3ry argumentowa\u0142, \u017ce konieczne s\u0105 jeszcze dodatkowe kroki, m.in. niezale\u017cne ekspertyzy dendrologiczne okre\u015blaj\u0105ce stan drzew. Radny zaproponowa\u0142 przes\u0142anie projektu do Komisji Bezpiecze\u0144stwa i Ochrony \u015arodowiska celem uzupe\u0142nienia druku.<\/p>\n<p>Przypomnijmy, klony znad K\u0142odnicy pomnikiem przyrody s\u0105 od 2005 roku. Zyska\u0142y ten status ze wzgl\u0119du na szczeg\u00f3lne walory przyrodnicze. <\/p><div class=\"gliwi-a3-w-tresci-artykulow gliwi-entity-placement\" id=\"gliwi-2202424836\"><div class=\"gliwi-adlabel\"><span style=\"font-size: 9px\">REKLAMA<\/span><\/div><div id=\"gliwi-3011820724\" style=\"margin-bottom: 30px;margin-left: auto;margin-right: auto;text-align: center;\"><a data-no-instant=\"1\" href=\"https:\/\/zlobek.halogen.org.pl\/\" rel=\"noopener\" class=\"a2t-link\" target=\"_blank\" aria-label=\"animator-zlobek_750x200\"><img loading=\"lazy\" decoding=\"async\" src=\"https:\/\/www.24gliwice.pl\/wiadomosci\/wp-content\/uploads\/2026\/02\/animator-zlobek_750x200.webp\" alt=\"\"  srcset=\"https:\/\/www.24gliwice.pl\/wiadomosci\/wp-content\/uploads\/2026\/02\/animator-zlobek_750x200.webp 750w, https:\/\/www.24gliwice.pl\/wiadomosci\/wp-content\/uploads\/2026\/02\/animator-zlobek_750x200-410x109.webp 410w\" sizes=\"(max-width: 750px) 100vw, 750px\" class=\"no-lazyload\" width=\"750\" height=\"200\"  style=\"display: inline-block; max-width: 100%; height: auto;\" \/><\/a><\/div><\/div>\n<p>Teraz, jak argumentuje Magistrat, drzewa nie tylko straci\u0142y na warto\u015bci, ale mog\u0105 te\u017c stanowi\u0107 zagro\u017cenie dla \u201cbezpiecze\u0144stwa powszechnego\u201d.<\/p>\n<div id=\"attachment_114548\" style=\"width: 718px\" class=\"wp-caption aligncenter\"><img loading=\"lazy\" decoding=\"async\" aria-describedby=\"caption-attachment-114548\" src=\"https:\/\/www.24gliwice.pl\/wiadomosci\/wp-content\/uploads\/2018\/03\/uchwala-klony.jpg\" alt=\"\" width=\"708\" height=\"391\" class=\"size-full wp-image-114548\" srcset=\"https:\/\/www.24gliwice.pl\/wiadomosci\/wp-content\/uploads\/2018\/03\/uchwala-klony.jpg 708w, https:\/\/www.24gliwice.pl\/wiadomosci\/wp-content\/uploads\/2018\/03\/uchwala-klony-410x226.jpg 410w\" sizes=\"auto, (max-width: 708px) 100vw, 708px\" \/><p id=\"caption-attachment-114548\" class=\"wp-caption-text\">Fragment zdj\u0119tej z porz\u0105dku obrad uchwa\u0142y<\/p><\/div>\n<p> &#8220;Ca\u0142kowita utrata warto\u015bci przyrodniczych nast\u0105pi\u0142a w przypadku czterech drzew z\u0142amanych w wyniku silnych wiatr\u00f3w (drzewa martwe). W przypadku pozosta\u0142ych drzew stwierdzono post\u0119puj\u0105ce pogorszenie stanu zdrowotnego oraz brak mo\u017cliwo\u015bci wykonywania efektywnych zabieg\u00f3w piel\u0119gnacyjnych, kt\u00f3re pozwoli\u0142yby na zahamowanie proces\u00f3w obumierania drzew&#8221; \u2013 czytamy w uzasadnieniu uchwa\u0142y.<\/p>\n<p>Z t\u0105 argumentacj\u0105 nie zgadzali si\u0119 obro\u0144cy drzew. &#8211; My\u015bl\u0119 \u017ce potrzebna jest co najmniej konkretna gwarancja identycznych nasadze\u0144. Musimy mie\u0107 te\u017c pewno\u015b\u0107, potwierdzon\u0105 niezale\u017cnymi badaniami dendrologicznymi, \u017ce drzew (i to wszystkich) nie da si\u0119 uratowa\u0107. Poza tym pami\u0119tajmy, \u017ce wycinka to nie jedyne wyj\u015bcie: rozwa\u017cmy np. ogrodzenie drzew. Utrata kilku miejsc parkingowych aby ocali\u0107 pomnik przyrody to \u017cadne po\u015bwi\u0119cenie \u2013 komentowa\u0142 <strong>Jakub S\u0142upski<\/strong> ze Stowarzyszenia Gliwickie Drzewa.<\/p>\n<p><img loading=\"lazy\" decoding=\"async\" src=\"https:\/\/www.24gliwice.pl\/wiadomosci\/wp-content\/uploads\/2018\/03\/29389464_10156270272034675_5819616712542126080_o.jpg\" alt=\"\" width=\"1200\" height=\"675\" class=\"aligncenter size-full wp-image-114311\" srcset=\"https:\/\/www.24gliwice.pl\/wiadomosci\/wp-content\/uploads\/2018\/03\/29389464_10156270272034675_5819616712542126080_o.jpg 1200w, https:\/\/www.24gliwice.pl\/wiadomosci\/wp-content\/uploads\/2018\/03\/29389464_10156270272034675_5819616712542126080_o-410x232.jpg 410w, https:\/\/www.24gliwice.pl\/wiadomosci\/wp-content\/uploads\/2018\/03\/29389464_10156270272034675_5819616712542126080_o-768x432.jpg 768w, https:\/\/www.24gliwice.pl\/wiadomosci\/wp-content\/uploads\/2018\/03\/29389464_10156270272034675_5819616712542126080_o-810x456.jpg 810w, https:\/\/www.24gliwice.pl\/wiadomosci\/wp-content\/uploads\/2018\/03\/29389464_10156270272034675_5819616712542126080_o-1140x641.jpg 1140w\" sizes=\"auto, (max-width: 1200px) 100vw, 1200px\" \/><\/p>\n<p>Przeciwni zdj\u0119ciu z porz\u0105dku obrad projektu znosz\u0105cego status pomnika przyrody byli prawie wszyscy radni Koalicji dla Gliwic Zygmunta Frankiewicza: <strong>Micha\u0142 Ja\u015bniok, Krzysztof Kleczka, Stanis\u0142aw Kubit, Tadeusz Olejnik, Marek Pszonak, Krystyna Sowa, Gra\u017cyna Walter-\u0141ukowicz, Pawe\u0142 Wr\u00f3blewski. <\/strong><\/p>\n<p>Za zdj\u0119ciem projektu i ponownym skierowaniem druku do Komisji g\u0142osowali: <strong>Ryszard Buczek, Dominik Dragon, Barnard Fic, Kajetan Gornig, Patryk Hodura, Bart\u0142omiej Kowalski, Adam Majgier, Ewa Potocka, Janusz Szymanowski, Tomasz Tylutko, Urszula Wi\u0119ckowska, Zbigniew Wygoda.<\/strong> Wstrzymali si\u0119: <strong>Marek Kopa\u0142a, Jan Paj\u0105k i Krzysztof Procel.<\/strong><\/p>\n<div class=\"gliwi-a5-na-koncu-artykulow gliwi-entity-placement\" id=\"gliwi-2485406016\"><div class=\"gliwi-adlabel\"><span style=\"font-size: 9px\">REKLAMA<\/span><\/div><div id=\"gliwi-546275641\" style=\"margin-left: auto;margin-right: auto;text-align: center;\"><a data-no-instant=\"1\" href=\"https:\/\/prezeroarenagliwice.pl\/\" rel=\"noopener\" class=\"a2t-link\" target=\"_blank\" aria-label=\"20260309-PREZERO-WIOSNA-D\"><img loading=\"lazy\" decoding=\"async\" src=\"https:\/\/www.24gliwice.pl\/wiadomosci\/wp-content\/uploads\/2026\/03\/20260309-PREZERO-WIOSNA-D.webp\" alt=\"\"  srcset=\"https:\/\/www.24gliwice.pl\/wiadomosci\/wp-content\/uploads\/2026\/03\/20260309-PREZERO-WIOSNA-D.webp 750w, https:\/\/www.24gliwice.pl\/wiadomosci\/wp-content\/uploads\/2026\/03\/20260309-PREZERO-WIOSNA-D-410x109.webp 410w\" sizes=\"(max-width: 750px) 100vw, 750px\" class=\"no-lazyload\" width=\"750\" height=\"200\"  style=\"display: inline-block; max-width: 100%; height: auto;\" \/><\/a><\/div><\/div>","protected":false},"excerpt":{"rendered":"<p>Aleja Klon\u00f3w srebrzystych nad K\u0142odnic\u0105 nie straci\u0142a dzisiaj statusu pomnika przyrody. Przygotowany w tej sprawie projekt zosta\u0142 zdj\u0119ty z porz\u0105dku sesji Rady Miasta. Za tak\u0105 decyzj\u0105 g\u0142osowa\u0142o 12 radnych. Podj\u0119to j\u0105 po wniosku Dominika Dragona (PO), kt\u00f3ry argumentowa\u0142, \u017ce konieczne s\u0105 jeszcze dodatkowe kroki, m.in. niezale\u017cne ekspertyzy dendrologiczne okre\u015blaj\u0105ce stan drzew. Radny zaproponowa\u0142 przes\u0142anie projektu [&hellip;]<\/p>\n","protected":false},"author":4,"featured_media":114547,"comment_status":"open","ping_status":"closed","sticky":false,"template":"","format":"standard","meta":{"_monsterinsights_skip_tracking":false,"_monsterinsights_sitenote_active":false,"_monsterinsights_sitenote_note":"","_monsterinsights_sitenote_category":0,"footnotes":"","_links_to":"","_links_to_target":""},"categories":[3,1,9,8],"tags":[38,25,6957],"class_list":["post-114545","post","type-post","status-publish","format-standard","has-post-thumbnail","hentry","category-gliwice","category-wszystko","category-aktualnosci_lokalne","category-samorzad_polityka","tag-rada-miasta","tag-radni","tag-sesja-rady-miasta"],"yoast_head":"<!-- This site is optimized with the Yoast SEO plugin v27.5 - https:\/\/yoast.com\/product\/yoast-seo-wordpress\/ -->\n<title>Aleja klon\u00f3w przy ul. K\u0142odnickiej na razie pozostanie pomnikiem przyrody. Radni od\u0142o\u017cyli decyzj\u0119 - 24GLIWICE - Portal Gliwice | codziennie nowe informacje<\/title>\n<meta name=\"robots\" content=\"index, follow, max-snippet:-1, max-image-preview:large, max-video-preview:-1\" \/>\n<link rel=\"canonical\" href=\"https:\/\/www.24gliwice.pl\/wiadomosci\/aleja-klonow-przy-ul-klodnickiej-na-razie-pozostanie-pomnikiem-przyrody-radni-odlozyli-decyzje\/\" \/>\n<meta property=\"og:locale\" content=\"pl_PL\" \/>\n<meta property=\"og:type\" content=\"article\" \/>\n<meta property=\"og:title\" content=\"Aleja klon\u00f3w przy ul. K\u0142odnickiej na razie pozostanie pomnikiem przyrody. Radni od\u0142o\u017cyli decyzj\u0119 - 24GLIWICE - Portal Gliwice | codziennie nowe informacje\" \/>\n<meta property=\"og:description\" content=\"Aleja Klon\u00f3w srebrzystych nad K\u0142odnic\u0105 nie straci\u0142a dzisiaj statusu pomnika przyrody. Przygotowany w tej sprawie projekt zosta\u0142 zdj\u0119ty z porz\u0105dku sesji Rady Miasta. Za tak\u0105 decyzj\u0105 g\u0142osowa\u0142o 12 radnych. Podj\u0119to j\u0105 po wniosku Dominika Dragona (PO), kt\u00f3ry argumentowa\u0142, \u017ce konieczne s\u0105 jeszcze dodatkowe kroki, m.in. niezale\u017cne ekspertyzy dendrologiczne okre\u015blaj\u0105ce stan drzew. Radny zaproponowa\u0142 przes\u0142anie projektu [&hellip;]\" \/>\n<meta property=\"og:url\" content=\"https:\/\/www.24gliwice.pl\/wiadomosci\/aleja-klonow-przy-ul-klodnickiej-na-razie-pozostanie-pomnikiem-przyrody-radni-odlozyli-decyzje\/\" \/>\n<meta property=\"og:site_name\" content=\"24GLIWICE - Portal Gliwice | codziennie nowe informacje\" \/>\n<meta property=\"article:publisher\" content=\"https:\/\/www.facebook.com\/24gliwice\" \/>\n<meta property=\"article:author\" content=\"https:\/\/www.facebook.com\/marcin.fabrykowski\" \/>\n<meta property=\"article:published_time\" content=\"2018-03-22T16:40:22+00:00\" \/>\n<meta property=\"article:modified_time\" content=\"2018-03-22T21:08:38+00:00\" \/>\n<meta property=\"og:image\" content=\"https:\/\/www.24gliwice.pl\/wiadomosci\/wp-content\/uploads\/2018\/03\/1-rada-miasta-sesja.jpg\" \/>\n\t<meta property=\"og:image:width\" content=\"810\" \/>\n\t<meta property=\"og:image:height\" content=\"441\" \/>\n\t<meta property=\"og:image:type\" content=\"image\/jpeg\" \/>\n<meta name=\"author\" content=\"Marcin Fabrykowski\" \/>\n<meta name=\"twitter:card\" content=\"summary_large_image\" \/>\n<meta name=\"twitter:creator\" content=\"@24gliwice\" \/>\n<meta name=\"twitter:site\" content=\"@24gliwice\" \/>\n<meta name=\"twitter:label1\" content=\"Napisane przez\" \/>\n\t<meta name=\"twitter:data1\" content=\"Marcin Fabrykowski\" \/>\n\t<meta name=\"twitter:label2\" content=\"Szacowany czas czytania\" \/>\n\t<meta name=\"twitter:data2\" content=\"2 minuty\" \/>\n<script type=\"application\/ld+json\" class=\"yoast-schema-graph\">{\"@context\":\"https:\\\/\\\/schema.org\",\"@graph\":[{\"@type\":\"Article\",\"@id\":\"https:\\\/\\\/www.24gliwice.pl\\\/wiadomosci\\\/aleja-klonow-przy-ul-klodnickiej-na-razie-pozostanie-pomnikiem-przyrody-radni-odlozyli-decyzje\\\/#article\",\"isPartOf\":{\"@id\":\"https:\\\/\\\/www.24gliwice.pl\\\/wiadomosci\\\/aleja-klonow-przy-ul-klodnickiej-na-razie-pozostanie-pomnikiem-przyrody-radni-odlozyli-decyzje\\\/\"},\"author\":{\"name\":\"Marcin Fabrykowski\",\"@id\":\"https:\\\/\\\/www.24gliwice.pl\\\/wiadomosci\\\/#\\\/schema\\\/person\\\/cb5857e4a4d048c15984c1edcc8ef0c0\"},\"headline\":\"Aleja klon\u00f3w przy ul. K\u0142odnickiej na razie pozostanie pomnikiem przyrody. Radni od\u0142o\u017cyli decyzj\u0119\",\"datePublished\":\"2018-03-22T16:40:22+00:00\",\"dateModified\":\"2018-03-22T21:08:38+00:00\",\"mainEntityOfPage\":{\"@id\":\"https:\\\/\\\/www.24gliwice.pl\\\/wiadomosci\\\/aleja-klonow-przy-ul-klodnickiej-na-razie-pozostanie-pomnikiem-przyrody-radni-odlozyli-decyzje\\\/\"},\"wordCount\":384,\"commentCount\":0,\"publisher\":{\"@id\":\"https:\\\/\\\/www.24gliwice.pl\\\/wiadomosci\\\/#organization\"},\"image\":{\"@id\":\"https:\\\/\\\/www.24gliwice.pl\\\/wiadomosci\\\/aleja-klonow-przy-ul-klodnickiej-na-razie-pozostanie-pomnikiem-przyrody-radni-odlozyli-decyzje\\\/#primaryimage\"},\"thumbnailUrl\":\"https:\\\/\\\/www.24gliwice.pl\\\/wiadomosci\\\/wp-content\\\/uploads\\\/2018\\\/03\\\/1-rada-miasta-sesja.jpg\",\"keywords\":[\"RADA MIASTA\",\"RADNI\",\"SESJA RADY MIASTA\"],\"articleSection\":[\"Gliwice\",\"Najnowsze wiadomo\u015bci\",\"Portal Gliwice - Wiadomo\u015bci lokalne\",\"Samorz\u0105d, polityka\"],\"inLanguage\":\"pl-PL\",\"potentialAction\":[{\"@type\":\"CommentAction\",\"name\":\"Comment\",\"target\":[\"https:\\\/\\\/www.24gliwice.pl\\\/wiadomosci\\\/aleja-klonow-przy-ul-klodnickiej-na-razie-pozostanie-pomnikiem-przyrody-radni-odlozyli-decyzje\\\/#respond\"]}]},{\"@type\":\"WebPage\",\"@id\":\"https:\\\/\\\/www.24gliwice.pl\\\/wiadomosci\\\/aleja-klonow-przy-ul-klodnickiej-na-razie-pozostanie-pomnikiem-przyrody-radni-odlozyli-decyzje\\\/\",\"url\":\"https:\\\/\\\/www.24gliwice.pl\\\/wiadomosci\\\/aleja-klonow-przy-ul-klodnickiej-na-razie-pozostanie-pomnikiem-przyrody-radni-odlozyli-decyzje\\\/\",\"name\":\"Aleja klon\u00f3w przy ul. K\u0142odnickiej na razie pozostanie pomnikiem przyrody. Radni od\u0142o\u017cyli decyzj\u0119 - 24GLIWICE - Portal Gliwice | codziennie nowe informacje\",\"isPartOf\":{\"@id\":\"https:\\\/\\\/www.24gliwice.pl\\\/wiadomosci\\\/#website\"},\"primaryImageOfPage\":{\"@id\":\"https:\\\/\\\/www.24gliwice.pl\\\/wiadomosci\\\/aleja-klonow-przy-ul-klodnickiej-na-razie-pozostanie-pomnikiem-przyrody-radni-odlozyli-decyzje\\\/#primaryimage\"},\"image\":{\"@id\":\"https:\\\/\\\/www.24gliwice.pl\\\/wiadomosci\\\/aleja-klonow-przy-ul-klodnickiej-na-razie-pozostanie-pomnikiem-przyrody-radni-odlozyli-decyzje\\\/#primaryimage\"},\"thumbnailUrl\":\"https:\\\/\\\/www.24gliwice.pl\\\/wiadomosci\\\/wp-content\\\/uploads\\\/2018\\\/03\\\/1-rada-miasta-sesja.jpg\",\"datePublished\":\"2018-03-22T16:40:22+00:00\",\"dateModified\":\"2018-03-22T21:08:38+00:00\",\"breadcrumb\":{\"@id\":\"https:\\\/\\\/www.24gliwice.pl\\\/wiadomosci\\\/aleja-klonow-przy-ul-klodnickiej-na-razie-pozostanie-pomnikiem-przyrody-radni-odlozyli-decyzje\\\/#breadcrumb\"},\"inLanguage\":\"pl-PL\",\"potentialAction\":[{\"@type\":\"ReadAction\",\"target\":[\"https:\\\/\\\/www.24gliwice.pl\\\/wiadomosci\\\/aleja-klonow-przy-ul-klodnickiej-na-razie-pozostanie-pomnikiem-przyrody-radni-odlozyli-decyzje\\\/\"]}]},{\"@type\":\"ImageObject\",\"inLanguage\":\"pl-PL\",\"@id\":\"https:\\\/\\\/www.24gliwice.pl\\\/wiadomosci\\\/aleja-klonow-przy-ul-klodnickiej-na-razie-pozostanie-pomnikiem-przyrody-radni-odlozyli-decyzje\\\/#primaryimage\",\"url\":\"https:\\\/\\\/www.24gliwice.pl\\\/wiadomosci\\\/wp-content\\\/uploads\\\/2018\\\/03\\\/1-rada-miasta-sesja.jpg\",\"contentUrl\":\"https:\\\/\\\/www.24gliwice.pl\\\/wiadomosci\\\/wp-content\\\/uploads\\\/2018\\\/03\\\/1-rada-miasta-sesja.jpg\",\"width\":810,\"height\":441},{\"@type\":\"BreadcrumbList\",\"@id\":\"https:\\\/\\\/www.24gliwice.pl\\\/wiadomosci\\\/aleja-klonow-przy-ul-klodnickiej-na-razie-pozostanie-pomnikiem-przyrody-radni-odlozyli-decyzje\\\/#breadcrumb\",\"itemListElement\":[{\"@type\":\"ListItem\",\"position\":1,\"name\":\"Strona g\u0142\u00f3wna\",\"item\":\"https:\\\/\\\/www.24gliwice.pl\\\/wiadomosci\\\/\"},{\"@type\":\"ListItem\",\"position\":2,\"name\":\"Aleja klon\u00f3w przy ul. K\u0142odnickiej na razie pozostanie pomnikiem przyrody. Radni od\u0142o\u017cyli decyzj\u0119\"}]},{\"@type\":\"WebSite\",\"@id\":\"https:\\\/\\\/www.24gliwice.pl\\\/wiadomosci\\\/#website\",\"url\":\"https:\\\/\\\/www.24gliwice.pl\\\/wiadomosci\\\/\",\"name\":\"24GLIWICE - Portal Gliwice | codziennie nowe wiadomo\u015bci\",\"description\":\"Portal Miejski Gliwice\",\"publisher\":{\"@id\":\"https:\\\/\\\/www.24gliwice.pl\\\/wiadomosci\\\/#organization\"},\"potentialAction\":[{\"@type\":\"SearchAction\",\"target\":{\"@type\":\"EntryPoint\",\"urlTemplate\":\"https:\\\/\\\/www.24gliwice.pl\\\/wiadomosci\\\/?s={search_term_string}\"},\"query-input\":{\"@type\":\"PropertyValueSpecification\",\"valueRequired\":true,\"valueName\":\"search_term_string\"}}],\"inLanguage\":\"pl-PL\"},{\"@type\":\"Organization\",\"@id\":\"https:\\\/\\\/www.24gliwice.pl\\\/wiadomosci\\\/#organization\",\"name\":\"24gliwice\",\"url\":\"https:\\\/\\\/www.24gliwice.pl\\\/wiadomosci\\\/\",\"logo\":{\"@type\":\"ImageObject\",\"inLanguage\":\"pl-PL\",\"@id\":\"https:\\\/\\\/www.24gliwice.pl\\\/wiadomosci\\\/#\\\/schema\\\/logo\\\/image\\\/\",\"url\":\"https:\\\/\\\/www.24gliwice.pl\\\/wiadomosci\\\/wp-content\\\/uploads\\\/2024\\\/10\\\/24gliwice-logo-696.jpg\",\"contentUrl\":\"https:\\\/\\\/www.24gliwice.pl\\\/wiadomosci\\\/wp-content\\\/uploads\\\/2024\\\/10\\\/24gliwice-logo-696.jpg\",\"width\":696,\"height\":696,\"caption\":\"24gliwice\"},\"image\":{\"@id\":\"https:\\\/\\\/www.24gliwice.pl\\\/wiadomosci\\\/#\\\/schema\\\/logo\\\/image\\\/\"},\"sameAs\":[\"https:\\\/\\\/www.facebook.com\\\/24gliwice\",\"https:\\\/\\\/x.com\\\/24gliwice\",\"https:\\\/\\\/www.youtube.com\\\/@24gliwice\"]},{\"@type\":\"Person\",\"@id\":\"https:\\\/\\\/www.24gliwice.pl\\\/wiadomosci\\\/#\\\/schema\\\/person\\\/cb5857e4a4d048c15984c1edcc8ef0c0\",\"name\":\"Marcin Fabrykowski\",\"image\":{\"@type\":\"ImageObject\",\"inLanguage\":\"pl-PL\",\"@id\":\"https:\\\/\\\/www.24gliwice.pl\\\/wiadomosci\\\/wp-content\\\/uploads\\\/2025\\\/11\\\/zdjecie-moje-marcin-300-96x96.jpg\",\"url\":\"https:\\\/\\\/www.24gliwice.pl\\\/wiadomosci\\\/wp-content\\\/uploads\\\/2025\\\/11\\\/zdjecie-moje-marcin-300-96x96.jpg\",\"contentUrl\":\"https:\\\/\\\/www.24gliwice.pl\\\/wiadomosci\\\/wp-content\\\/uploads\\\/2025\\\/11\\\/zdjecie-moje-marcin-300-96x96.jpg\",\"caption\":\"Marcin Fabrykowski\"},\"sameAs\":[\"http:\\\/\\\/24gliwice.pl\",\"https:\\\/\\\/www.facebook.com\\\/marcin.fabrykowski\"],\"url\":\"https:\\\/\\\/www.24gliwice.pl\\\/wiadomosci\\\/author\\\/marcin-fabrykowski\\\/\"}]}<\/script>\n<!-- \/ Yoast SEO plugin. -->","yoast_head_json":{"title":"Aleja klon\u00f3w przy ul. K\u0142odnickiej na razie pozostanie pomnikiem przyrody. Radni od\u0142o\u017cyli decyzj\u0119 - 24GLIWICE - Portal Gliwice | codziennie nowe informacje","robots":{"index":"index","follow":"follow","max-snippet":"max-snippet:-1","max-image-preview":"max-image-preview:large","max-video-preview":"max-video-preview:-1"},"canonical":"https:\/\/www.24gliwice.pl\/wiadomosci\/aleja-klonow-przy-ul-klodnickiej-na-razie-pozostanie-pomnikiem-przyrody-radni-odlozyli-decyzje\/","og_locale":"pl_PL","og_type":"article","og_title":"Aleja klon\u00f3w przy ul. K\u0142odnickiej na razie pozostanie pomnikiem przyrody. Radni od\u0142o\u017cyli decyzj\u0119 - 24GLIWICE - Portal Gliwice | codziennie nowe informacje","og_description":"Aleja Klon\u00f3w srebrzystych nad K\u0142odnic\u0105 nie straci\u0142a dzisiaj statusu pomnika przyrody. Przygotowany w tej sprawie projekt zosta\u0142 zdj\u0119ty z porz\u0105dku sesji Rady Miasta. Za tak\u0105 decyzj\u0105 g\u0142osowa\u0142o 12 radnych. Podj\u0119to j\u0105 po wniosku Dominika Dragona (PO), kt\u00f3ry argumentowa\u0142, \u017ce konieczne s\u0105 jeszcze dodatkowe kroki, m.in. niezale\u017cne ekspertyzy dendrologiczne okre\u015blaj\u0105ce stan drzew. Radny zaproponowa\u0142 przes\u0142anie projektu [&hellip;]","og_url":"https:\/\/www.24gliwice.pl\/wiadomosci\/aleja-klonow-przy-ul-klodnickiej-na-razie-pozostanie-pomnikiem-przyrody-radni-odlozyli-decyzje\/","og_site_name":"24GLIWICE - Portal Gliwice | codziennie nowe informacje","article_publisher":"https:\/\/www.facebook.com\/24gliwice","article_author":"https:\/\/www.facebook.com\/marcin.fabrykowski","article_published_time":"2018-03-22T16:40:22+00:00","article_modified_time":"2018-03-22T21:08:38+00:00","og_image":[{"width":810,"height":441,"url":"https:\/\/www.24gliwice.pl\/wiadomosci\/wp-content\/uploads\/2018\/03\/1-rada-miasta-sesja.jpg","type":"image\/jpeg"}],"author":"Marcin Fabrykowski","twitter_card":"summary_large_image","twitter_creator":"@24gliwice","twitter_site":"@24gliwice","twitter_misc":{"Napisane przez":"Marcin Fabrykowski","Szacowany czas czytania":"2 minuty"},"schema":{"@context":"https:\/\/schema.org","@graph":[{"@type":"Article","@id":"https:\/\/www.24gliwice.pl\/wiadomosci\/aleja-klonow-przy-ul-klodnickiej-na-razie-pozostanie-pomnikiem-przyrody-radni-odlozyli-decyzje\/#article","isPartOf":{"@id":"https:\/\/www.24gliwice.pl\/wiadomosci\/aleja-klonow-przy-ul-klodnickiej-na-razie-pozostanie-pomnikiem-przyrody-radni-odlozyli-decyzje\/"},"author":{"name":"Marcin Fabrykowski","@id":"https:\/\/www.24gliwice.pl\/wiadomosci\/#\/schema\/person\/cb5857e4a4d048c15984c1edcc8ef0c0"},"headline":"Aleja klon\u00f3w przy ul. K\u0142odnickiej na razie pozostanie pomnikiem przyrody. Radni od\u0142o\u017cyli decyzj\u0119","datePublished":"2018-03-22T16:40:22+00:00","dateModified":"2018-03-22T21:08:38+00:00","mainEntityOfPage":{"@id":"https:\/\/www.24gliwice.pl\/wiadomosci\/aleja-klonow-przy-ul-klodnickiej-na-razie-pozostanie-pomnikiem-przyrody-radni-odlozyli-decyzje\/"},"wordCount":384,"commentCount":0,"publisher":{"@id":"https:\/\/www.24gliwice.pl\/wiadomosci\/#organization"},"image":{"@id":"https:\/\/www.24gliwice.pl\/wiadomosci\/aleja-klonow-przy-ul-klodnickiej-na-razie-pozostanie-pomnikiem-przyrody-radni-odlozyli-decyzje\/#primaryimage"},"thumbnailUrl":"https:\/\/www.24gliwice.pl\/wiadomosci\/wp-content\/uploads\/2018\/03\/1-rada-miasta-sesja.jpg","keywords":["RADA MIASTA","RADNI","SESJA RADY MIASTA"],"articleSection":["Gliwice","Najnowsze wiadomo\u015bci","Portal Gliwice - Wiadomo\u015bci lokalne","Samorz\u0105d, polityka"],"inLanguage":"pl-PL","potentialAction":[{"@type":"CommentAction","name":"Comment","target":["https:\/\/www.24gliwice.pl\/wiadomosci\/aleja-klonow-przy-ul-klodnickiej-na-razie-pozostanie-pomnikiem-przyrody-radni-odlozyli-decyzje\/#respond"]}]},{"@type":"WebPage","@id":"https:\/\/www.24gliwice.pl\/wiadomosci\/aleja-klonow-przy-ul-klodnickiej-na-razie-pozostanie-pomnikiem-przyrody-radni-odlozyli-decyzje\/","url":"https:\/\/www.24gliwice.pl\/wiadomosci\/aleja-klonow-przy-ul-klodnickiej-na-razie-pozostanie-pomnikiem-przyrody-radni-odlozyli-decyzje\/","name":"Aleja klon\u00f3w przy ul. K\u0142odnickiej na razie pozostanie pomnikiem przyrody. Radni od\u0142o\u017cyli decyzj\u0119 - 24GLIWICE - Portal Gliwice | codziennie nowe informacje","isPartOf":{"@id":"https:\/\/www.24gliwice.pl\/wiadomosci\/#website"},"primaryImageOfPage":{"@id":"https:\/\/www.24gliwice.pl\/wiadomosci\/aleja-klonow-przy-ul-klodnickiej-na-razie-pozostanie-pomnikiem-przyrody-radni-odlozyli-decyzje\/#primaryimage"},"image":{"@id":"https:\/\/www.24gliwice.pl\/wiadomosci\/aleja-klonow-przy-ul-klodnickiej-na-razie-pozostanie-pomnikiem-przyrody-radni-odlozyli-decyzje\/#primaryimage"},"thumbnailUrl":"https:\/\/www.24gliwice.pl\/wiadomosci\/wp-content\/uploads\/2018\/03\/1-rada-miasta-sesja.jpg","datePublished":"2018-03-22T16:40:22+00:00","dateModified":"2018-03-22T21:08:38+00:00","breadcrumb":{"@id":"https:\/\/www.24gliwice.pl\/wiadomosci\/aleja-klonow-przy-ul-klodnickiej-na-razie-pozostanie-pomnikiem-przyrody-radni-odlozyli-decyzje\/#breadcrumb"},"inLanguage":"pl-PL","potentialAction":[{"@type":"ReadAction","target":["https:\/\/www.24gliwice.pl\/wiadomosci\/aleja-klonow-przy-ul-klodnickiej-na-razie-pozostanie-pomnikiem-przyrody-radni-odlozyli-decyzje\/"]}]},{"@type":"ImageObject","inLanguage":"pl-PL","@id":"https:\/\/www.24gliwice.pl\/wiadomosci\/aleja-klonow-przy-ul-klodnickiej-na-razie-pozostanie-pomnikiem-przyrody-radni-odlozyli-decyzje\/#primaryimage","url":"https:\/\/www.24gliwice.pl\/wiadomosci\/wp-content\/uploads\/2018\/03\/1-rada-miasta-sesja.jpg","contentUrl":"https:\/\/www.24gliwice.pl\/wiadomosci\/wp-content\/uploads\/2018\/03\/1-rada-miasta-sesja.jpg","width":810,"height":441},{"@type":"BreadcrumbList","@id":"https:\/\/www.24gliwice.pl\/wiadomosci\/aleja-klonow-przy-ul-klodnickiej-na-razie-pozostanie-pomnikiem-przyrody-radni-odlozyli-decyzje\/#breadcrumb","itemListElement":[{"@type":"ListItem","position":1,"name":"Strona g\u0142\u00f3wna","item":"https:\/\/www.24gliwice.pl\/wiadomosci\/"},{"@type":"ListItem","position":2,"name":"Aleja klon\u00f3w przy ul. K\u0142odnickiej na razie pozostanie pomnikiem przyrody. Radni od\u0142o\u017cyli decyzj\u0119"}]},{"@type":"WebSite","@id":"https:\/\/www.24gliwice.pl\/wiadomosci\/#website","url":"https:\/\/www.24gliwice.pl\/wiadomosci\/","name":"24GLIWICE - Portal Gliwice | codziennie nowe wiadomo\u015bci","description":"Portal Miejski Gliwice","publisher":{"@id":"https:\/\/www.24gliwice.pl\/wiadomosci\/#organization"},"potentialAction":[{"@type":"SearchAction","target":{"@type":"EntryPoint","urlTemplate":"https:\/\/www.24gliwice.pl\/wiadomosci\/?s={search_term_string}"},"query-input":{"@type":"PropertyValueSpecification","valueRequired":true,"valueName":"search_term_string"}}],"inLanguage":"pl-PL"},{"@type":"Organization","@id":"https:\/\/www.24gliwice.pl\/wiadomosci\/#organization","name":"24gliwice","url":"https:\/\/www.24gliwice.pl\/wiadomosci\/","logo":{"@type":"ImageObject","inLanguage":"pl-PL","@id":"https:\/\/www.24gliwice.pl\/wiadomosci\/#\/schema\/logo\/image\/","url":"https:\/\/www.24gliwice.pl\/wiadomosci\/wp-content\/uploads\/2024\/10\/24gliwice-logo-696.jpg","contentUrl":"https:\/\/www.24gliwice.pl\/wiadomosci\/wp-content\/uploads\/2024\/10\/24gliwice-logo-696.jpg","width":696,"height":696,"caption":"24gliwice"},"image":{"@id":"https:\/\/www.24gliwice.pl\/wiadomosci\/#\/schema\/logo\/image\/"},"sameAs":["https:\/\/www.facebook.com\/24gliwice","https:\/\/x.com\/24gliwice","https:\/\/www.youtube.com\/@24gliwice"]},{"@type":"Person","@id":"https:\/\/www.24gliwice.pl\/wiadomosci\/#\/schema\/person\/cb5857e4a4d048c15984c1edcc8ef0c0","name":"Marcin Fabrykowski","image":{"@type":"ImageObject","inLanguage":"pl-PL","@id":"https:\/\/www.24gliwice.pl\/wiadomosci\/wp-content\/uploads\/2025\/11\/zdjecie-moje-marcin-300-96x96.jpg","url":"https:\/\/www.24gliwice.pl\/wiadomosci\/wp-content\/uploads\/2025\/11\/zdjecie-moje-marcin-300-96x96.jpg","contentUrl":"https:\/\/www.24gliwice.pl\/wiadomosci\/wp-content\/uploads\/2025\/11\/zdjecie-moje-marcin-300-96x96.jpg","caption":"Marcin Fabrykowski"},"sameAs":["http:\/\/24gliwice.pl","https:\/\/www.facebook.com\/marcin.fabrykowski"],"url":"https:\/\/www.24gliwice.pl\/wiadomosci\/author\/marcin-fabrykowski\/"}]}},"_links":{"self":[{"href":"https:\/\/www.24gliwice.pl\/wiadomosci\/wp-json\/wp\/v2\/posts\/114545","targetHints":{"allow":["GET"]}}],"collection":[{"href":"https:\/\/www.24gliwice.pl\/wiadomosci\/wp-json\/wp\/v2\/posts"}],"about":[{"href":"https:\/\/www.24gliwice.pl\/wiadomosci\/wp-json\/wp\/v2\/types\/post"}],"author":[{"embeddable":true,"href":"https:\/\/www.24gliwice.pl\/wiadomosci\/wp-json\/wp\/v2\/users\/4"}],"replies":[{"embeddable":true,"href":"https:\/\/www.24gliwice.pl\/wiadomosci\/wp-json\/wp\/v2\/comments?post=114545"}],"version-history":[{"count":0,"href":"https:\/\/www.24gliwice.pl\/wiadomosci\/wp-json\/wp\/v2\/posts\/114545\/revisions"}],"wp:featuredmedia":[{"embeddable":true,"href":"https:\/\/www.24gliwice.pl\/wiadomosci\/wp-json\/wp\/v2\/media\/114547"}],"wp:attachment":[{"href":"https:\/\/www.24gliwice.pl\/wiadomosci\/wp-json\/wp\/v2\/media?parent=114545"}],"wp:term":[{"taxonomy":"category","embeddable":true,"href":"https:\/\/www.24gliwice.pl\/wiadomosci\/wp-json\/wp\/v2\/categories?post=114545"},{"taxonomy":"post_tag","embeddable":true,"href":"https:\/\/www.24gliwice.pl\/wiadomosci\/wp-json\/wp\/v2\/tags?post=114545"}],"curies":[{"name":"wp","href":"https:\/\/api.w.org\/{rel}","templated":true}]}}