{"id":114583,"date":"2018-03-24T01:31:54","date_gmt":"2018-03-24T00:31:54","guid":{"rendered":"https:\/\/www.24gliwice.pl\/wiadomosci\/?p=114583"},"modified":"2018-03-24T01:33:29","modified_gmt":"2018-03-24T00:33:29","slug":"teatr-w-gliwickim-areszcie","status":"publish","type":"post","link":"https:\/\/www.24gliwice.pl\/wiadomosci\/teatr-w-gliwickim-areszcie\/","title":{"rendered":"Teatr w gliwickim areszcie. W ci\u0105gu 10 lat zaprezentowano prawie 100 przedstawie\u0144"},"content":{"rendered":"<div class=\"gliwi-a6-nad-leadem-artykulow gliwi-entity-placement\" id=\"gliwi-3900249270\"><div class=\"gliwi-adlabel\"><span style=\"font-size: 9px\">REKLAMA<\/span><\/div><div id=\"gliwi-333800661\" style=\"margin-bottom: 30px;margin-left: auto;margin-right: auto;text-align: center;\"><a data-no-instant=\"1\" href=\"https:\/\/przedszkole.halogen.org.pl\/\" rel=\"noopener\" class=\"a2t-link\" target=\"_blank\" aria-label=\"20260402-ANIMATOR-przedszkole_grafika_750x200\"><img loading=\"lazy\" decoding=\"async\" src=\"https:\/\/www.24gliwice.pl\/wiadomosci\/wp-content\/uploads\/2026\/04\/20260402-ANIMATOR-przedszkole_grafika_750x200.webp\" alt=\"\"  srcset=\"https:\/\/www.24gliwice.pl\/wiadomosci\/wp-content\/uploads\/2026\/04\/20260402-ANIMATOR-przedszkole_grafika_750x200.webp 750w, https:\/\/www.24gliwice.pl\/wiadomosci\/wp-content\/uploads\/2026\/04\/20260402-ANIMATOR-przedszkole_grafika_750x200-410x109.webp 410w\" sizes=\"(max-width: 750px) 100vw, 750px\" class=\"no-lazyload\" width=\"750\" height=\"200\"  style=\"display: inline-block; max-width: 100%; height: auto;\" \/><\/a><\/div><\/div><h3>Gliwicki areszt na jeden dzie\u0144 zmieni\u0142 si\u0119 prawdziw\u0105 scen\u0119 teatraln\u0105. Wszystko za spraw\u0105 uroczystej premiery sztuki \u201ePasja. Fragmenty wybrane\u201d zaprezentowanej przez grup\u0119 teatraln\u0105 \u201eTeatr Bez Nazwy\u201d. <\/h3>\n<p>Scenariusz spektaklu inspirowany by\u0142 Pismem \u015awi\u0119tym i Drog\u0105 krzy\u017cow\u0105, jednak bohaterzy osadzeni zostali  w realnej rzeczywisto\u015bci wsp\u00f3\u0142czesnej. W rol\u0119 aktor\u00f3w wcielili si\u0119 gliwiccy wi\u0119\u017aniowie.<\/p>\n<p>Od pocz\u0105tku swojej przesz\u0142o 10-letniej dzia\u0142alno\u015bci, gliwicki teatr wi\u0119zienny zaprezentowa\u0142 ju\u017c prawie 100 przedstawie\u0144 z udzia\u0142em skazanych wcielaj\u0105cych si\u0119 w rol\u0119 aktor\u00f3w teatralnych.  Kilkukrotnie wyst\u0119powa\u0142 poza swoja siedzib\u0105 w \u015bl\u0105skich jednostkach penitencjarnych takich jak ZK Cieszyn, ZK Lubliniec, A\u015a Zabrze czy ZK Wojkowice. <\/p><div class=\"gliwi-a3-w-tresci-artykulow gliwi-entity-placement\" id=\"gliwi-1175089383\"><div class=\"gliwi-adlabel\"><span style=\"font-size: 9px\">REKLAMA<\/span><\/div><div id=\"gliwi-2933495321\" style=\"margin-bottom: 30px;margin-left: auto;margin-right: auto;text-align: center;\"><a data-no-instant=\"1\" href=\"https:\/\/zlobek.halogen.org.pl\/\" rel=\"noopener\" class=\"a2t-link\" target=\"_blank\" aria-label=\"animator-zlobek_750x200\"><img loading=\"lazy\" decoding=\"async\" src=\"https:\/\/www.24gliwice.pl\/wiadomosci\/wp-content\/uploads\/2026\/02\/animator-zlobek_750x200.webp\" alt=\"\"  srcset=\"https:\/\/www.24gliwice.pl\/wiadomosci\/wp-content\/uploads\/2026\/02\/animator-zlobek_750x200.webp 750w, https:\/\/www.24gliwice.pl\/wiadomosci\/wp-content\/uploads\/2026\/02\/animator-zlobek_750x200-410x109.webp 410w\" sizes=\"(max-width: 750px) 100vw, 750px\" class=\"no-lazyload\" width=\"750\" height=\"200\"  style=\"display: inline-block; max-width: 100%; height: auto;\" \/><\/a><\/div><\/div>\n<p>W roku 2008r., za sztuk\u0119 \u201ePeron IV\u201d, otrzyma\u0142 I Nagrod\u0119 w kategorii Adaptacja Teatralna w I Og\u00f3lnopolskim Przegl\u0105dzie Ma\u0142ych Form Teatralnych Teatr w Kratk\u0119. Ze spektaklem \u201eZakonnicy i wariaci\u201d, Teatr Bez Nazwy wyst\u0119powa\u0142 r\u00f3wnie\u017c sze\u015bciokrotnie podczas XXV Gliwickich Spotka\u0144 Teatralnych.<\/p>\n<p><img loading=\"lazy\" decoding=\"async\" src=\"https:\/\/www.24gliwice.pl\/wiadomosci\/wp-content\/uploads\/2018\/03\/1-A\u015a-Gliwice-teatr-1.jpg\" alt=\"\" width=\"810\" height=\"456\" class=\"aligncenter size-full wp-image-114586\" srcset=\"https:\/\/www.24gliwice.pl\/wiadomosci\/wp-content\/uploads\/2018\/03\/1-A\u015a-Gliwice-teatr-1.jpg 810w, https:\/\/www.24gliwice.pl\/wiadomosci\/wp-content\/uploads\/2018\/03\/1-A\u015a-Gliwice-teatr-1-410x232.jpg 410w, https:\/\/www.24gliwice.pl\/wiadomosci\/wp-content\/uploads\/2018\/03\/1-A\u015a-Gliwice-teatr-1-768x432.jpg 768w, https:\/\/www.24gliwice.pl\/wiadomosci\/wp-content\/uploads\/2018\/03\/1-A\u015a-Gliwice-teatr-1-808x455.jpg 808w\" sizes=\"auto, (max-width: 810px) 100vw, 810px\" \/><\/p>\n<p>W uroczystej premierze sztuki \u201ePasja. Fragmenty wybrane\u201d, kt\u00f3ra mia\u0142a miejsce w czwartek, udzia\u0142 wzi\u0119li komendanci oraz kierownictwo gliwickich s\u0142u\u017cb mundurowych, przedstawiciele samorz\u0105du, duchowie\u0144stwa oraz \u015bl\u0105scy wi\u0119ziennicy. To jednak dopiero pocz\u0105tek \u2013 z okazji obchod\u00f3w stulecia wi\u0119ziennictwa w niepodleg\u0142ej Polsce zaplanowano w tym szczeg\u00f3lnym, jubileuszowym roku wyj\u015bcie z wi\u0119ziennym teatrem do szerszej grupy odbiorc\u00f3w.<\/p>\n<p>&#8211; Wsp\u00f3\u0142czesne wi\u0119zienia nie maj\u0105 ju\u017c jedynie na celu zabezpieczenia podstawowych potrzeb skazanego na czas jego wyroku. W dzisiejszych czasach, osadzonych anga\u017cuje si\u0119 w szereg oddzia\u0142ywa\u0144 resocjalizacyjnych, tak aby jeszcze skuteczniej przygotowa\u0107 ich do w\u0142a\u015bciwego powrotu do spo\u0142ecze\u0144stwa po odbyciu kary pozbawienia wolno\u015bci. Teatr wi\u0119zienny to w naszej jednostce inicjatywa, kt\u00f3r\u0105 od ponad 10 lat z sukcesem praktykujemy w pracy wychowawczej ze skazanymi. \u2013 m\u00f3wi\u0142 podczas premiery Dyrektor Aresztu \u015aledczego w Gliwicach pp\u0142k <strong>Dariusz Wajszczyk<\/strong>. (inf. pras.\/fot. Areszt \u015aledczy w Gliwicach)      <\/p>\n<div class=\"gliwi-a5-na-koncu-artykulow gliwi-entity-placement\" id=\"gliwi-3418212388\"><div class=\"gliwi-adlabel\"><span style=\"font-size: 9px\">REKLAMA<\/span><\/div><div id=\"gliwi-1048699168\" style=\"margin-left: auto;margin-right: auto;text-align: center;\"><a data-no-instant=\"1\" href=\"https:\/\/www.jasek.pl\/\" rel=\"noopener\" class=\"a2t-link\" target=\"_blank\" aria-label=\"20200401-jasek 600\"><img loading=\"lazy\" decoding=\"async\" src=\"https:\/\/www.24gliwice.pl\/wiadomosci\/wp-content\/uploads\/2020\/04\/20200401-jasek-600.jpg\" alt=\"\"  srcset=\"https:\/\/www.24gliwice.pl\/wiadomosci\/wp-content\/uploads\/2020\/04\/20200401-jasek-600.jpg 600w, https:\/\/www.24gliwice.pl\/wiadomosci\/wp-content\/uploads\/2020\/04\/20200401-jasek-600-410x109.jpg 410w\" sizes=\"(max-width: 600px) 100vw, 600px\" class=\"no-lazyload\" width=\"600\" height=\"160\"  style=\"display: inline-block; max-width: 100%; height: auto;\" \/><\/a><\/div><\/div>","protected":false},"excerpt":{"rendered":"<p>Gliwicki areszt na jeden dzie\u0144 zmieni\u0142 si\u0119 prawdziw\u0105 scen\u0119 teatraln\u0105. Wszystko za spraw\u0105 uroczystej premiery sztuki \u201ePasja. Fragmenty wybrane\u201d zaprezentowanej przez grup\u0119 teatraln\u0105 \u201eTeatr Bez Nazwy\u201d. Scenariusz spektaklu inspirowany by\u0142 Pismem \u015awi\u0119tym i Drog\u0105 krzy\u017cow\u0105, jednak bohaterzy osadzeni zostali w realnej rzeczywisto\u015bci wsp\u00f3\u0142czesnej. W rol\u0119 aktor\u00f3w wcielili si\u0119 gliwiccy wi\u0119\u017aniowie. Od pocz\u0105tku swojej przesz\u0142o 10-letniej [&hellip;]<\/p>\n","protected":false},"author":4,"featured_media":114587,"comment_status":"open","ping_status":"closed","sticky":false,"template":"","format":"standard","meta":{"_monsterinsights_skip_tracking":false,"_monsterinsights_sitenote_active":false,"_monsterinsights_sitenote_note":"","_monsterinsights_sitenote_category":0,"footnotes":"","_links_to":"","_links_to_target":""},"categories":[3,1],"tags":[8929,3394],"class_list":["post-114583","post","type-post","status-publish","format-standard","has-post-thumbnail","hentry","category-gliwice","category-wszystko","tag-areszt-sledczy","tag-teatr"],"yoast_head":"<!-- This site is optimized with the Yoast SEO plugin v27.5 - https:\/\/yoast.com\/product\/yoast-seo-wordpress\/ -->\n<title>Teatr w gliwickim areszcie. W ci\u0105gu 10 lat zaprezentowano prawie 100 przedstawie\u0144 - 24GLIWICE - Portal Gliwice | codziennie nowe informacje<\/title>\n<meta name=\"robots\" content=\"index, follow, max-snippet:-1, max-image-preview:large, max-video-preview:-1\" \/>\n<link rel=\"canonical\" href=\"https:\/\/www.24gliwice.pl\/wiadomosci\/teatr-w-gliwickim-areszcie\/\" \/>\n<meta property=\"og:locale\" content=\"pl_PL\" \/>\n<meta property=\"og:type\" content=\"article\" \/>\n<meta property=\"og:title\" content=\"Teatr w gliwickim areszcie. W ci\u0105gu 10 lat zaprezentowano prawie 100 przedstawie\u0144 - 24GLIWICE - Portal Gliwice | codziennie nowe informacje\" \/>\n<meta property=\"og:description\" content=\"Gliwicki areszt na jeden dzie\u0144 zmieni\u0142 si\u0119 prawdziw\u0105 scen\u0119 teatraln\u0105. Wszystko za spraw\u0105 uroczystej premiery sztuki \u201ePasja. Fragmenty wybrane\u201d zaprezentowanej przez grup\u0119 teatraln\u0105 \u201eTeatr Bez Nazwy\u201d. Scenariusz spektaklu inspirowany by\u0142 Pismem \u015awi\u0119tym i Drog\u0105 krzy\u017cow\u0105, jednak bohaterzy osadzeni zostali w realnej rzeczywisto\u015bci wsp\u00f3\u0142czesnej. W rol\u0119 aktor\u00f3w wcielili si\u0119 gliwiccy wi\u0119\u017aniowie. Od pocz\u0105tku swojej przesz\u0142o 10-letniej [&hellip;]\" \/>\n<meta property=\"og:url\" content=\"https:\/\/www.24gliwice.pl\/wiadomosci\/teatr-w-gliwickim-areszcie\/\" \/>\n<meta property=\"og:site_name\" content=\"24GLIWICE - Portal Gliwice | codziennie nowe informacje\" \/>\n<meta property=\"article:publisher\" content=\"https:\/\/www.facebook.com\/24gliwice\" \/>\n<meta property=\"article:author\" content=\"https:\/\/www.facebook.com\/marcin.fabrykowski\" \/>\n<meta property=\"article:published_time\" content=\"2018-03-24T00:31:54+00:00\" \/>\n<meta property=\"article:modified_time\" content=\"2018-03-24T00:33:29+00:00\" \/>\n<meta property=\"og:image\" content=\"https:\/\/www.24gliwice.pl\/wiadomosci\/wp-content\/uploads\/2018\/03\/1-A\u015a-Gliwice-teatr-2.jpg\" \/>\n\t<meta property=\"og:image:width\" content=\"810\" \/>\n\t<meta property=\"og:image:height\" content=\"456\" \/>\n\t<meta property=\"og:image:type\" content=\"image\/jpeg\" \/>\n<meta name=\"author\" content=\"Marcin Fabrykowski\" \/>\n<meta name=\"twitter:card\" content=\"summary_large_image\" \/>\n<meta name=\"twitter:creator\" content=\"@24gliwice\" \/>\n<meta name=\"twitter:site\" content=\"@24gliwice\" \/>\n<meta name=\"twitter:label1\" content=\"Napisane przez\" \/>\n\t<meta name=\"twitter:data1\" content=\"Marcin Fabrykowski\" \/>\n\t<meta name=\"twitter:label2\" content=\"Szacowany czas czytania\" \/>\n\t<meta name=\"twitter:data2\" content=\"2 minuty\" \/>\n<script type=\"application\/ld+json\" class=\"yoast-schema-graph\">{\"@context\":\"https:\\\/\\\/schema.org\",\"@graph\":[{\"@type\":\"Article\",\"@id\":\"https:\\\/\\\/www.24gliwice.pl\\\/wiadomosci\\\/teatr-w-gliwickim-areszcie\\\/#article\",\"isPartOf\":{\"@id\":\"https:\\\/\\\/www.24gliwice.pl\\\/wiadomosci\\\/teatr-w-gliwickim-areszcie\\\/\"},\"author\":{\"name\":\"Marcin Fabrykowski\",\"@id\":\"https:\\\/\\\/www.24gliwice.pl\\\/wiadomosci\\\/#\\\/schema\\\/person\\\/cb5857e4a4d048c15984c1edcc8ef0c0\"},\"headline\":\"Teatr w gliwickim areszcie. W ci\u0105gu 10 lat zaprezentowano prawie 100 przedstawie\u0144\",\"datePublished\":\"2018-03-24T00:31:54+00:00\",\"dateModified\":\"2018-03-24T00:33:29+00:00\",\"mainEntityOfPage\":{\"@id\":\"https:\\\/\\\/www.24gliwice.pl\\\/wiadomosci\\\/teatr-w-gliwickim-areszcie\\\/\"},\"wordCount\":327,\"commentCount\":0,\"publisher\":{\"@id\":\"https:\\\/\\\/www.24gliwice.pl\\\/wiadomosci\\\/#organization\"},\"image\":{\"@id\":\"https:\\\/\\\/www.24gliwice.pl\\\/wiadomosci\\\/teatr-w-gliwickim-areszcie\\\/#primaryimage\"},\"thumbnailUrl\":\"https:\\\/\\\/www.24gliwice.pl\\\/wiadomosci\\\/wp-content\\\/uploads\\\/2018\\\/03\\\/1-A\u015a-Gliwice-teatr-2.jpg\",\"keywords\":[\"ARESZT \u015aLEDCZY\",\"TEATR\"],\"articleSection\":[\"Gliwice\",\"Najnowsze wiadomo\u015bci\"],\"inLanguage\":\"pl-PL\",\"potentialAction\":[{\"@type\":\"CommentAction\",\"name\":\"Comment\",\"target\":[\"https:\\\/\\\/www.24gliwice.pl\\\/wiadomosci\\\/teatr-w-gliwickim-areszcie\\\/#respond\"]}]},{\"@type\":\"WebPage\",\"@id\":\"https:\\\/\\\/www.24gliwice.pl\\\/wiadomosci\\\/teatr-w-gliwickim-areszcie\\\/\",\"url\":\"https:\\\/\\\/www.24gliwice.pl\\\/wiadomosci\\\/teatr-w-gliwickim-areszcie\\\/\",\"name\":\"Teatr w gliwickim areszcie. W ci\u0105gu 10 lat zaprezentowano prawie 100 przedstawie\u0144 - 24GLIWICE - Portal Gliwice | codziennie nowe informacje\",\"isPartOf\":{\"@id\":\"https:\\\/\\\/www.24gliwice.pl\\\/wiadomosci\\\/#website\"},\"primaryImageOfPage\":{\"@id\":\"https:\\\/\\\/www.24gliwice.pl\\\/wiadomosci\\\/teatr-w-gliwickim-areszcie\\\/#primaryimage\"},\"image\":{\"@id\":\"https:\\\/\\\/www.24gliwice.pl\\\/wiadomosci\\\/teatr-w-gliwickim-areszcie\\\/#primaryimage\"},\"thumbnailUrl\":\"https:\\\/\\\/www.24gliwice.pl\\\/wiadomosci\\\/wp-content\\\/uploads\\\/2018\\\/03\\\/1-A\u015a-Gliwice-teatr-2.jpg\",\"datePublished\":\"2018-03-24T00:31:54+00:00\",\"dateModified\":\"2018-03-24T00:33:29+00:00\",\"breadcrumb\":{\"@id\":\"https:\\\/\\\/www.24gliwice.pl\\\/wiadomosci\\\/teatr-w-gliwickim-areszcie\\\/#breadcrumb\"},\"inLanguage\":\"pl-PL\",\"potentialAction\":[{\"@type\":\"ReadAction\",\"target\":[\"https:\\\/\\\/www.24gliwice.pl\\\/wiadomosci\\\/teatr-w-gliwickim-areszcie\\\/\"]}]},{\"@type\":\"ImageObject\",\"inLanguage\":\"pl-PL\",\"@id\":\"https:\\\/\\\/www.24gliwice.pl\\\/wiadomosci\\\/teatr-w-gliwickim-areszcie\\\/#primaryimage\",\"url\":\"https:\\\/\\\/www.24gliwice.pl\\\/wiadomosci\\\/wp-content\\\/uploads\\\/2018\\\/03\\\/1-A\u015a-Gliwice-teatr-2.jpg\",\"contentUrl\":\"https:\\\/\\\/www.24gliwice.pl\\\/wiadomosci\\\/wp-content\\\/uploads\\\/2018\\\/03\\\/1-A\u015a-Gliwice-teatr-2.jpg\",\"width\":810,\"height\":456},{\"@type\":\"BreadcrumbList\",\"@id\":\"https:\\\/\\\/www.24gliwice.pl\\\/wiadomosci\\\/teatr-w-gliwickim-areszcie\\\/#breadcrumb\",\"itemListElement\":[{\"@type\":\"ListItem\",\"position\":1,\"name\":\"Strona g\u0142\u00f3wna\",\"item\":\"https:\\\/\\\/www.24gliwice.pl\\\/wiadomosci\\\/\"},{\"@type\":\"ListItem\",\"position\":2,\"name\":\"Teatr w gliwickim areszcie. W ci\u0105gu 10 lat zaprezentowano prawie 100 przedstawie\u0144\"}]},{\"@type\":\"WebSite\",\"@id\":\"https:\\\/\\\/www.24gliwice.pl\\\/wiadomosci\\\/#website\",\"url\":\"https:\\\/\\\/www.24gliwice.pl\\\/wiadomosci\\\/\",\"name\":\"24GLIWICE - Portal Gliwice | codziennie nowe wiadomo\u015bci\",\"description\":\"Portal Miejski Gliwice\",\"publisher\":{\"@id\":\"https:\\\/\\\/www.24gliwice.pl\\\/wiadomosci\\\/#organization\"},\"potentialAction\":[{\"@type\":\"SearchAction\",\"target\":{\"@type\":\"EntryPoint\",\"urlTemplate\":\"https:\\\/\\\/www.24gliwice.pl\\\/wiadomosci\\\/?s={search_term_string}\"},\"query-input\":{\"@type\":\"PropertyValueSpecification\",\"valueRequired\":true,\"valueName\":\"search_term_string\"}}],\"inLanguage\":\"pl-PL\"},{\"@type\":\"Organization\",\"@id\":\"https:\\\/\\\/www.24gliwice.pl\\\/wiadomosci\\\/#organization\",\"name\":\"24gliwice\",\"url\":\"https:\\\/\\\/www.24gliwice.pl\\\/wiadomosci\\\/\",\"logo\":{\"@type\":\"ImageObject\",\"inLanguage\":\"pl-PL\",\"@id\":\"https:\\\/\\\/www.24gliwice.pl\\\/wiadomosci\\\/#\\\/schema\\\/logo\\\/image\\\/\",\"url\":\"https:\\\/\\\/www.24gliwice.pl\\\/wiadomosci\\\/wp-content\\\/uploads\\\/2024\\\/10\\\/24gliwice-logo-696.jpg\",\"contentUrl\":\"https:\\\/\\\/www.24gliwice.pl\\\/wiadomosci\\\/wp-content\\\/uploads\\\/2024\\\/10\\\/24gliwice-logo-696.jpg\",\"width\":696,\"height\":696,\"caption\":\"24gliwice\"},\"image\":{\"@id\":\"https:\\\/\\\/www.24gliwice.pl\\\/wiadomosci\\\/#\\\/schema\\\/logo\\\/image\\\/\"},\"sameAs\":[\"https:\\\/\\\/www.facebook.com\\\/24gliwice\",\"https:\\\/\\\/x.com\\\/24gliwice\",\"https:\\\/\\\/www.youtube.com\\\/@24gliwice\"]},{\"@type\":\"Person\",\"@id\":\"https:\\\/\\\/www.24gliwice.pl\\\/wiadomosci\\\/#\\\/schema\\\/person\\\/cb5857e4a4d048c15984c1edcc8ef0c0\",\"name\":\"Marcin Fabrykowski\",\"image\":{\"@type\":\"ImageObject\",\"inLanguage\":\"pl-PL\",\"@id\":\"https:\\\/\\\/www.24gliwice.pl\\\/wiadomosci\\\/wp-content\\\/uploads\\\/2025\\\/11\\\/zdjecie-moje-marcin-300-96x96.jpg\",\"url\":\"https:\\\/\\\/www.24gliwice.pl\\\/wiadomosci\\\/wp-content\\\/uploads\\\/2025\\\/11\\\/zdjecie-moje-marcin-300-96x96.jpg\",\"contentUrl\":\"https:\\\/\\\/www.24gliwice.pl\\\/wiadomosci\\\/wp-content\\\/uploads\\\/2025\\\/11\\\/zdjecie-moje-marcin-300-96x96.jpg\",\"caption\":\"Marcin Fabrykowski\"},\"sameAs\":[\"http:\\\/\\\/24gliwice.pl\",\"https:\\\/\\\/www.facebook.com\\\/marcin.fabrykowski\"],\"url\":\"https:\\\/\\\/www.24gliwice.pl\\\/wiadomosci\\\/author\\\/marcin-fabrykowski\\\/\"}]}<\/script>\n<!-- \/ Yoast SEO plugin. -->","yoast_head_json":{"title":"Teatr w gliwickim areszcie. W ci\u0105gu 10 lat zaprezentowano prawie 100 przedstawie\u0144 - 24GLIWICE - Portal Gliwice | codziennie nowe informacje","robots":{"index":"index","follow":"follow","max-snippet":"max-snippet:-1","max-image-preview":"max-image-preview:large","max-video-preview":"max-video-preview:-1"},"canonical":"https:\/\/www.24gliwice.pl\/wiadomosci\/teatr-w-gliwickim-areszcie\/","og_locale":"pl_PL","og_type":"article","og_title":"Teatr w gliwickim areszcie. W ci\u0105gu 10 lat zaprezentowano prawie 100 przedstawie\u0144 - 24GLIWICE - Portal Gliwice | codziennie nowe informacje","og_description":"Gliwicki areszt na jeden dzie\u0144 zmieni\u0142 si\u0119 prawdziw\u0105 scen\u0119 teatraln\u0105. Wszystko za spraw\u0105 uroczystej premiery sztuki \u201ePasja. Fragmenty wybrane\u201d zaprezentowanej przez grup\u0119 teatraln\u0105 \u201eTeatr Bez Nazwy\u201d. Scenariusz spektaklu inspirowany by\u0142 Pismem \u015awi\u0119tym i Drog\u0105 krzy\u017cow\u0105, jednak bohaterzy osadzeni zostali w realnej rzeczywisto\u015bci wsp\u00f3\u0142czesnej. W rol\u0119 aktor\u00f3w wcielili si\u0119 gliwiccy wi\u0119\u017aniowie. Od pocz\u0105tku swojej przesz\u0142o 10-letniej [&hellip;]","og_url":"https:\/\/www.24gliwice.pl\/wiadomosci\/teatr-w-gliwickim-areszcie\/","og_site_name":"24GLIWICE - Portal Gliwice | codziennie nowe informacje","article_publisher":"https:\/\/www.facebook.com\/24gliwice","article_author":"https:\/\/www.facebook.com\/marcin.fabrykowski","article_published_time":"2018-03-24T00:31:54+00:00","article_modified_time":"2018-03-24T00:33:29+00:00","og_image":[{"width":810,"height":456,"url":"https:\/\/www.24gliwice.pl\/wiadomosci\/wp-content\/uploads\/2018\/03\/1-A\u015a-Gliwice-teatr-2.jpg","type":"image\/jpeg"}],"author":"Marcin Fabrykowski","twitter_card":"summary_large_image","twitter_creator":"@24gliwice","twitter_site":"@24gliwice","twitter_misc":{"Napisane przez":"Marcin Fabrykowski","Szacowany czas czytania":"2 minuty"},"schema":{"@context":"https:\/\/schema.org","@graph":[{"@type":"Article","@id":"https:\/\/www.24gliwice.pl\/wiadomosci\/teatr-w-gliwickim-areszcie\/#article","isPartOf":{"@id":"https:\/\/www.24gliwice.pl\/wiadomosci\/teatr-w-gliwickim-areszcie\/"},"author":{"name":"Marcin Fabrykowski","@id":"https:\/\/www.24gliwice.pl\/wiadomosci\/#\/schema\/person\/cb5857e4a4d048c15984c1edcc8ef0c0"},"headline":"Teatr w gliwickim areszcie. W ci\u0105gu 10 lat zaprezentowano prawie 100 przedstawie\u0144","datePublished":"2018-03-24T00:31:54+00:00","dateModified":"2018-03-24T00:33:29+00:00","mainEntityOfPage":{"@id":"https:\/\/www.24gliwice.pl\/wiadomosci\/teatr-w-gliwickim-areszcie\/"},"wordCount":327,"commentCount":0,"publisher":{"@id":"https:\/\/www.24gliwice.pl\/wiadomosci\/#organization"},"image":{"@id":"https:\/\/www.24gliwice.pl\/wiadomosci\/teatr-w-gliwickim-areszcie\/#primaryimage"},"thumbnailUrl":"https:\/\/www.24gliwice.pl\/wiadomosci\/wp-content\/uploads\/2018\/03\/1-A\u015a-Gliwice-teatr-2.jpg","keywords":["ARESZT \u015aLEDCZY","TEATR"],"articleSection":["Gliwice","Najnowsze wiadomo\u015bci"],"inLanguage":"pl-PL","potentialAction":[{"@type":"CommentAction","name":"Comment","target":["https:\/\/www.24gliwice.pl\/wiadomosci\/teatr-w-gliwickim-areszcie\/#respond"]}]},{"@type":"WebPage","@id":"https:\/\/www.24gliwice.pl\/wiadomosci\/teatr-w-gliwickim-areszcie\/","url":"https:\/\/www.24gliwice.pl\/wiadomosci\/teatr-w-gliwickim-areszcie\/","name":"Teatr w gliwickim areszcie. W ci\u0105gu 10 lat zaprezentowano prawie 100 przedstawie\u0144 - 24GLIWICE - Portal Gliwice | codziennie nowe informacje","isPartOf":{"@id":"https:\/\/www.24gliwice.pl\/wiadomosci\/#website"},"primaryImageOfPage":{"@id":"https:\/\/www.24gliwice.pl\/wiadomosci\/teatr-w-gliwickim-areszcie\/#primaryimage"},"image":{"@id":"https:\/\/www.24gliwice.pl\/wiadomosci\/teatr-w-gliwickim-areszcie\/#primaryimage"},"thumbnailUrl":"https:\/\/www.24gliwice.pl\/wiadomosci\/wp-content\/uploads\/2018\/03\/1-A\u015a-Gliwice-teatr-2.jpg","datePublished":"2018-03-24T00:31:54+00:00","dateModified":"2018-03-24T00:33:29+00:00","breadcrumb":{"@id":"https:\/\/www.24gliwice.pl\/wiadomosci\/teatr-w-gliwickim-areszcie\/#breadcrumb"},"inLanguage":"pl-PL","potentialAction":[{"@type":"ReadAction","target":["https:\/\/www.24gliwice.pl\/wiadomosci\/teatr-w-gliwickim-areszcie\/"]}]},{"@type":"ImageObject","inLanguage":"pl-PL","@id":"https:\/\/www.24gliwice.pl\/wiadomosci\/teatr-w-gliwickim-areszcie\/#primaryimage","url":"https:\/\/www.24gliwice.pl\/wiadomosci\/wp-content\/uploads\/2018\/03\/1-A\u015a-Gliwice-teatr-2.jpg","contentUrl":"https:\/\/www.24gliwice.pl\/wiadomosci\/wp-content\/uploads\/2018\/03\/1-A\u015a-Gliwice-teatr-2.jpg","width":810,"height":456},{"@type":"BreadcrumbList","@id":"https:\/\/www.24gliwice.pl\/wiadomosci\/teatr-w-gliwickim-areszcie\/#breadcrumb","itemListElement":[{"@type":"ListItem","position":1,"name":"Strona g\u0142\u00f3wna","item":"https:\/\/www.24gliwice.pl\/wiadomosci\/"},{"@type":"ListItem","position":2,"name":"Teatr w gliwickim areszcie. W ci\u0105gu 10 lat zaprezentowano prawie 100 przedstawie\u0144"}]},{"@type":"WebSite","@id":"https:\/\/www.24gliwice.pl\/wiadomosci\/#website","url":"https:\/\/www.24gliwice.pl\/wiadomosci\/","name":"24GLIWICE - Portal Gliwice | codziennie nowe wiadomo\u015bci","description":"Portal Miejski Gliwice","publisher":{"@id":"https:\/\/www.24gliwice.pl\/wiadomosci\/#organization"},"potentialAction":[{"@type":"SearchAction","target":{"@type":"EntryPoint","urlTemplate":"https:\/\/www.24gliwice.pl\/wiadomosci\/?s={search_term_string}"},"query-input":{"@type":"PropertyValueSpecification","valueRequired":true,"valueName":"search_term_string"}}],"inLanguage":"pl-PL"},{"@type":"Organization","@id":"https:\/\/www.24gliwice.pl\/wiadomosci\/#organization","name":"24gliwice","url":"https:\/\/www.24gliwice.pl\/wiadomosci\/","logo":{"@type":"ImageObject","inLanguage":"pl-PL","@id":"https:\/\/www.24gliwice.pl\/wiadomosci\/#\/schema\/logo\/image\/","url":"https:\/\/www.24gliwice.pl\/wiadomosci\/wp-content\/uploads\/2024\/10\/24gliwice-logo-696.jpg","contentUrl":"https:\/\/www.24gliwice.pl\/wiadomosci\/wp-content\/uploads\/2024\/10\/24gliwice-logo-696.jpg","width":696,"height":696,"caption":"24gliwice"},"image":{"@id":"https:\/\/www.24gliwice.pl\/wiadomosci\/#\/schema\/logo\/image\/"},"sameAs":["https:\/\/www.facebook.com\/24gliwice","https:\/\/x.com\/24gliwice","https:\/\/www.youtube.com\/@24gliwice"]},{"@type":"Person","@id":"https:\/\/www.24gliwice.pl\/wiadomosci\/#\/schema\/person\/cb5857e4a4d048c15984c1edcc8ef0c0","name":"Marcin Fabrykowski","image":{"@type":"ImageObject","inLanguage":"pl-PL","@id":"https:\/\/www.24gliwice.pl\/wiadomosci\/wp-content\/uploads\/2025\/11\/zdjecie-moje-marcin-300-96x96.jpg","url":"https:\/\/www.24gliwice.pl\/wiadomosci\/wp-content\/uploads\/2025\/11\/zdjecie-moje-marcin-300-96x96.jpg","contentUrl":"https:\/\/www.24gliwice.pl\/wiadomosci\/wp-content\/uploads\/2025\/11\/zdjecie-moje-marcin-300-96x96.jpg","caption":"Marcin Fabrykowski"},"sameAs":["http:\/\/24gliwice.pl","https:\/\/www.facebook.com\/marcin.fabrykowski"],"url":"https:\/\/www.24gliwice.pl\/wiadomosci\/author\/marcin-fabrykowski\/"}]}},"_links":{"self":[{"href":"https:\/\/www.24gliwice.pl\/wiadomosci\/wp-json\/wp\/v2\/posts\/114583","targetHints":{"allow":["GET"]}}],"collection":[{"href":"https:\/\/www.24gliwice.pl\/wiadomosci\/wp-json\/wp\/v2\/posts"}],"about":[{"href":"https:\/\/www.24gliwice.pl\/wiadomosci\/wp-json\/wp\/v2\/types\/post"}],"author":[{"embeddable":true,"href":"https:\/\/www.24gliwice.pl\/wiadomosci\/wp-json\/wp\/v2\/users\/4"}],"replies":[{"embeddable":true,"href":"https:\/\/www.24gliwice.pl\/wiadomosci\/wp-json\/wp\/v2\/comments?post=114583"}],"version-history":[{"count":0,"href":"https:\/\/www.24gliwice.pl\/wiadomosci\/wp-json\/wp\/v2\/posts\/114583\/revisions"}],"wp:featuredmedia":[{"embeddable":true,"href":"https:\/\/www.24gliwice.pl\/wiadomosci\/wp-json\/wp\/v2\/media\/114587"}],"wp:attachment":[{"href":"https:\/\/www.24gliwice.pl\/wiadomosci\/wp-json\/wp\/v2\/media?parent=114583"}],"wp:term":[{"taxonomy":"category","embeddable":true,"href":"https:\/\/www.24gliwice.pl\/wiadomosci\/wp-json\/wp\/v2\/categories?post=114583"},{"taxonomy":"post_tag","embeddable":true,"href":"https:\/\/www.24gliwice.pl\/wiadomosci\/wp-json\/wp\/v2\/tags?post=114583"}],"curies":[{"name":"wp","href":"https:\/\/api.w.org\/{rel}","templated":true}]}}