{"id":114632,"date":"2018-03-26T13:07:54","date_gmt":"2018-03-26T11:07:54","guid":{"rendered":"https:\/\/www.24gliwice.pl\/wiadomosci\/?p=114632"},"modified":"2018-03-26T14:38:43","modified_gmt":"2018-03-26T12:38:43","slug":"gliwiccy-radni-wystosowali-apel-do-premiera-prosza-o-objecie-miasta-programem-przeciwsmogowym","status":"publish","type":"post","link":"https:\/\/www.24gliwice.pl\/wiadomosci\/gliwiccy-radni-wystosowali-apel-do-premiera-prosza-o-objecie-miasta-programem-przeciwsmogowym\/","title":{"rendered":"Gliwiccy radni wystosowali apel do premiera. Prosz\u0105 o obj\u0119cie miasta programem przeciwsmogowym"},"content":{"rendered":"<div class=\"gliwi-a6-nad-leadem-artykulow gliwi-entity-placement\" id=\"gliwi-4203575342\"><div class=\"gliwi-adlabel\"><span style=\"font-size: 9px\">REKLAMA<\/span><\/div><div id=\"gliwi-3327554601\" style=\"margin-bottom: 25px;margin-left: auto;margin-right: auto;text-align: center;\"><a data-no-instant=\"1\" href=\"https:\/\/dom100.eu\/\" rel=\"noopener\" class=\"a2t-link\" target=\"_blank\" aria-label=\"20260415 DOM100 D\"><img loading=\"lazy\" decoding=\"async\" src=\"https:\/\/www.24gliwice.pl\/wiadomosci\/wp-content\/uploads\/2026\/04\/20260415-DOM100-D.jpg\" alt=\"\"  srcset=\"https:\/\/www.24gliwice.pl\/wiadomosci\/wp-content\/uploads\/2026\/04\/20260415-DOM100-D.jpg 750w, https:\/\/www.24gliwice.pl\/wiadomosci\/wp-content\/uploads\/2026\/04\/20260415-DOM100-D-410x109.jpg 410w\" sizes=\"(max-width: 750px) 100vw, 750px\" class=\"no-lazyload\" width=\"750\" height=\"200\"  style=\"display: inline-block; max-width: 100%; height: auto;\" \/><\/a><\/div><\/div><h3><a href=\"https:\/\/www.24gliwice.pl\/wiadomosci\/zla-i-krzywdzaca-decyzja-dla-calej-metropolii-gliwice-poza-rzadowym-programem-termomodernizacji\/\" rel=\"noopener\" target=\"_blank\">Gliwice nie zosta\u0142y obj\u0119te rz\u0105dowym programem zwalczania smogu<\/a>, do kt\u00f3rego kwalifikuj\u0105 si\u0119 miejscowo\u015bci poni\u017cej 100 tysi\u0119cy mieszka\u0144c\u00f3w. Paradoksalnie &#8211; gdy\u017c nasze miasto znalaz\u0142o si\u0119 w\u015br\u00f3d 50. najbardziej zanieczyszczonych w Europie.<\/h3>\n<p>&#8220;Smog nie zna granic, nie wybiera i dla wszystkich jest tak samo szkodliwy, uci\u0105\u017cliwy i utrudniaj\u0105cy normalne \u017cycie&#8221; &#8211; pisz\u0105 radni w apelu do premiera <strong>Mateusza Morawieckiego<\/strong>. Podczas czwartkowej sesji Rady Miasta przyj\u0119to uchwa\u0142\u0119 sprawie obj\u0119cia wszystkich najbardziej zanieczyszczonych polskich miast rz\u0105dowym programem termomodernizacji.<\/p>\n<p>List do premiera zosta\u0142 wystosowany z inicjatywy prezydenta. Jak zaznaczono w uzasadnieniu, powodem podj\u0119cia tego apelu jest brak przej\u015bcia od obietnic rz\u0105du do faktycznych program\u00f3w wsparcia, kt\u00f3re pomog\u0142yby zmieni\u0107 smogowy obraz \u015al\u0105ska.<\/p><div class=\"gliwi-a3-w-tresci-artykulow gliwi-entity-placement\" id=\"gliwi-2377787037\"><div class=\"gliwi-adlabel\"><span style=\"font-size: 9px\">REKLAMA<\/span><\/div><div id=\"gliwi-1239839070\" style=\"margin-bottom: 30px;margin-left: auto;margin-right: auto;text-align: center;\"><a data-no-instant=\"1\" href=\"https:\/\/zlobek.halogen.org.pl\/\" rel=\"noopener\" class=\"a2t-link\" target=\"_blank\" aria-label=\"animator-zlobek_750x200\"><img loading=\"lazy\" decoding=\"async\" src=\"https:\/\/www.24gliwice.pl\/wiadomosci\/wp-content\/uploads\/2026\/02\/animator-zlobek_750x200.webp\" alt=\"\"  srcset=\"https:\/\/www.24gliwice.pl\/wiadomosci\/wp-content\/uploads\/2026\/02\/animator-zlobek_750x200.webp 750w, https:\/\/www.24gliwice.pl\/wiadomosci\/wp-content\/uploads\/2026\/02\/animator-zlobek_750x200-410x109.webp 410w\" sizes=\"(max-width: 750px) 100vw, 750px\" class=\"no-lazyload\" width=\"750\" height=\"200\"  style=\"display: inline-block; max-width: 100%; height: auto;\" \/><\/a><\/div><\/div>\n<p><a href=\"https:\/\/bip.gliwice.eu\/pub\/uchwaly\/p12635.pdf\" rel=\"noopener\" target=\"_blank\">Pe\u0142na tre\u015b\u0107 uchwa\u0142y (pdf, kliknij)<\/a><\/p>\n<p>&#8211; Od ponad roku s\u0142yszymy obietnice o rz\u0105dowym programie Czyste Powietrze, zawieraj\u0105cym 14 punkt\u00f3w. W programie, poza zakazem wprowadzania na rynek najgorszych kot\u0142\u00f3w na paliwa sta\u0142e oraz now\u0105 dyskusyjn\u0105 taryf\u0105 na energi\u0119 elektryczn\u0105, nie wida\u0107 realnych efekt\u00f3w dalszych dzia\u0142a\u0144 &#8211; czytamy w uzasadnieniu.<\/p>\n[perfectpullquote align=&#8221;full&#8221; bordertop=&#8221;false&#8221; cite=&#8221;&#8221; link=&#8221;&#8221; color=&#8221;&#8221; class=&#8221;&#8221; size=&#8221;&#8221;]Radni podkre\u015blaj\u0105, \u017ce tylko kompleksowe dzia\u0142ania daj\u0105 szans\u0119 na popraw\u0119 jako\u015bci powietrza, a tym samym na ograniczenie zagro\u017ce\u0144 zdrowotnych dla polskiego spo\u0142ecze\u0144stwa. [\/perfectpullquote]\n<p>Uchwa\u0142a zosta\u0142a przyj\u0119ta wi\u0119kszo\u015bci\u0105 g\u0142os\u00f3w, jednak nie wszyscy uczestnicy g\u0142osowania byli &#8220;za&#8221;. Od g\u0142osu wstrzymali si\u0119 cz\u0142onkowie Prawa i Sprawiedliwo\u015bci.<\/p>\n<p>(\u017cms)<\/p>\n<div class=\"gliwi-a5-na-koncu-artykulow gliwi-entity-placement\" id=\"gliwi-727764725\"><div class=\"gliwi-adlabel\"><span style=\"font-size: 9px\">REKLAMA<\/span><\/div><div id=\"gliwi-1991755404\" style=\"margin-left: auto;margin-right: auto;text-align: center;\"><a data-no-instant=\"1\" href=\"https:\/\/prezeroarenagliwice.pl\/\" rel=\"noopener\" class=\"a2t-link\" target=\"_blank\" aria-label=\"20260309-PREZERO-WIOSNA-D\"><img loading=\"lazy\" decoding=\"async\" src=\"https:\/\/www.24gliwice.pl\/wiadomosci\/wp-content\/uploads\/2026\/03\/20260309-PREZERO-WIOSNA-D.webp\" alt=\"\"  srcset=\"https:\/\/www.24gliwice.pl\/wiadomosci\/wp-content\/uploads\/2026\/03\/20260309-PREZERO-WIOSNA-D.webp 750w, https:\/\/www.24gliwice.pl\/wiadomosci\/wp-content\/uploads\/2026\/03\/20260309-PREZERO-WIOSNA-D-410x109.webp 410w\" sizes=\"(max-width: 750px) 100vw, 750px\" class=\"no-lazyload\" width=\"750\" height=\"200\"  style=\"display: inline-block; max-width: 100%; height: auto;\" \/><\/a><\/div><\/div>","protected":false},"excerpt":{"rendered":"<p>Gliwice nie zosta\u0142y obj\u0119te rz\u0105dowym programem zwalczania smogu, do kt\u00f3rego kwalifikuj\u0105 si\u0119 miejscowo\u015bci poni\u017cej 100 tysi\u0119cy mieszka\u0144c\u00f3w. Paradoksalnie &#8211; gdy\u017c nasze miasto znalaz\u0142o si\u0119 w\u015br\u00f3d 50. najbardziej zanieczyszczonych w Europie. &#8220;Smog nie zna granic, nie wybiera i dla wszystkich jest tak samo szkodliwy, uci\u0105\u017cliwy i utrudniaj\u0105cy normalne \u017cycie&#8221; &#8211; pisz\u0105 radni w apelu do premiera [&hellip;]<\/p>\n","protected":false},"author":15,"featured_media":108253,"comment_status":"open","ping_status":"closed","sticky":false,"template":"","format":"standard","meta":{"_monsterinsights_skip_tracking":false,"_monsterinsights_sitenote_active":false,"_monsterinsights_sitenote_note":"","_monsterinsights_sitenote_category":0,"footnotes":"","_links_to":"","_links_to_target":""},"categories":[3,1,9,8],"tags":[11905,11645,8204,11667,11208,8318],"class_list":["post-114632","post","type-post","status-publish","format-standard","has-post-thumbnail","hentry","category-gliwice","category-wszystko","category-aktualnosci_lokalne","category-samorzad_polityka","tag-apel-do-premiera","tag-program-termomodernizacji","tag-smog","tag-termomodernizacja","tag-uchwala-antysmogowa","tag-zanieczyszczenie-powietrza"],"yoast_head":"<!-- This site is optimized with the Yoast SEO plugin v27.5 - https:\/\/yoast.com\/product\/yoast-seo-wordpress\/ -->\n<title>Gliwiccy radni wystosowali apel do premiera. Prosz\u0105 o obj\u0119cie miasta programem przeciwsmogowym - 24GLIWICE - Portal Gliwice | codziennie nowe informacje<\/title>\n<meta name=\"robots\" content=\"index, follow, max-snippet:-1, max-image-preview:large, max-video-preview:-1\" \/>\n<link rel=\"canonical\" href=\"https:\/\/www.24gliwice.pl\/wiadomosci\/gliwiccy-radni-wystosowali-apel-do-premiera-prosza-o-objecie-miasta-programem-przeciwsmogowym\/\" \/>\n<meta property=\"og:locale\" content=\"pl_PL\" \/>\n<meta property=\"og:type\" content=\"article\" \/>\n<meta property=\"og:title\" content=\"Gliwiccy radni wystosowali apel do premiera. Prosz\u0105 o obj\u0119cie miasta programem przeciwsmogowym - 24GLIWICE - Portal Gliwice | codziennie nowe informacje\" \/>\n<meta property=\"og:description\" content=\"Gliwice nie zosta\u0142y obj\u0119te rz\u0105dowym programem zwalczania smogu, do kt\u00f3rego kwalifikuj\u0105 si\u0119 miejscowo\u015bci poni\u017cej 100 tysi\u0119cy mieszka\u0144c\u00f3w. Paradoksalnie &#8211; gdy\u017c nasze miasto znalaz\u0142o si\u0119 w\u015br\u00f3d 50. najbardziej zanieczyszczonych w Europie. &#8220;Smog nie zna granic, nie wybiera i dla wszystkich jest tak samo szkodliwy, uci\u0105\u017cliwy i utrudniaj\u0105cy normalne \u017cycie&#8221; &#8211; pisz\u0105 radni w apelu do premiera [&hellip;]\" \/>\n<meta property=\"og:url\" content=\"https:\/\/www.24gliwice.pl\/wiadomosci\/gliwiccy-radni-wystosowali-apel-do-premiera-prosza-o-objecie-miasta-programem-przeciwsmogowym\/\" \/>\n<meta property=\"og:site_name\" content=\"24GLIWICE - Portal Gliwice | codziennie nowe informacje\" \/>\n<meta property=\"article:publisher\" content=\"https:\/\/www.facebook.com\/24gliwice\" \/>\n<meta property=\"article:published_time\" content=\"2018-03-26T11:07:54+00:00\" \/>\n<meta property=\"article:modified_time\" content=\"2018-03-26T12:38:43+00:00\" \/>\n<meta property=\"og:image\" content=\"https:\/\/www.24gliwice.pl\/wiadomosci\/wp-content\/uploads\/2017\/11\/dym-smog-komin.jpg\" \/>\n\t<meta property=\"og:image:width\" content=\"784\" \/>\n\t<meta property=\"og:image:height\" content=\"426\" \/>\n\t<meta property=\"og:image:type\" content=\"image\/jpeg\" \/>\n<meta name=\"author\" content=\"\u017baneta Mrozek-Siewierska\" \/>\n<meta name=\"twitter:card\" content=\"summary_large_image\" \/>\n<meta name=\"twitter:creator\" content=\"@24gliwice\" \/>\n<meta name=\"twitter:site\" content=\"@24gliwice\" \/>\n<meta name=\"twitter:label1\" content=\"Napisane przez\" \/>\n\t<meta name=\"twitter:data1\" content=\"\u017baneta Mrozek-Siewierska\" \/>\n\t<meta name=\"twitter:label2\" content=\"Szacowany czas czytania\" \/>\n\t<meta name=\"twitter:data2\" content=\"1 minuta\" \/>\n<script type=\"application\/ld+json\" class=\"yoast-schema-graph\">{\"@context\":\"https:\\\/\\\/schema.org\",\"@graph\":[{\"@type\":\"Article\",\"@id\":\"https:\\\/\\\/www.24gliwice.pl\\\/wiadomosci\\\/gliwiccy-radni-wystosowali-apel-do-premiera-prosza-o-objecie-miasta-programem-przeciwsmogowym\\\/#article\",\"isPartOf\":{\"@id\":\"https:\\\/\\\/www.24gliwice.pl\\\/wiadomosci\\\/gliwiccy-radni-wystosowali-apel-do-premiera-prosza-o-objecie-miasta-programem-przeciwsmogowym\\\/\"},\"author\":{\"name\":\"\u017baneta Mrozek-Siewierska\",\"@id\":\"https:\\\/\\\/www.24gliwice.pl\\\/wiadomosci\\\/#\\\/schema\\\/person\\\/e42c650edd7f2fa332be3811fb166b6e\"},\"headline\":\"Gliwiccy radni wystosowali apel do premiera. Prosz\u0105 o obj\u0119cie miasta programem przeciwsmogowym\",\"datePublished\":\"2018-03-26T11:07:54+00:00\",\"dateModified\":\"2018-03-26T12:38:43+00:00\",\"mainEntityOfPage\":{\"@id\":\"https:\\\/\\\/www.24gliwice.pl\\\/wiadomosci\\\/gliwiccy-radni-wystosowali-apel-do-premiera-prosza-o-objecie-miasta-programem-przeciwsmogowym\\\/\"},\"wordCount\":269,\"commentCount\":0,\"publisher\":{\"@id\":\"https:\\\/\\\/www.24gliwice.pl\\\/wiadomosci\\\/#organization\"},\"image\":{\"@id\":\"https:\\\/\\\/www.24gliwice.pl\\\/wiadomosci\\\/gliwiccy-radni-wystosowali-apel-do-premiera-prosza-o-objecie-miasta-programem-przeciwsmogowym\\\/#primaryimage\"},\"thumbnailUrl\":\"https:\\\/\\\/www.24gliwice.pl\\\/wiadomosci\\\/wp-content\\\/uploads\\\/2017\\\/11\\\/dym-smog-komin.jpg\",\"keywords\":[\"apel do premiera\",\"program termomodernizacji\",\"SMOG\",\"termomodernizacja\",\"uchwa\u0142a antysmogowa\",\"zanieczyszczenie powietrza\"],\"articleSection\":[\"Gliwice\",\"Najnowsze wiadomo\u015bci\",\"Portal Gliwice - Wiadomo\u015bci lokalne\",\"Samorz\u0105d, polityka\"],\"inLanguage\":\"pl-PL\",\"potentialAction\":[{\"@type\":\"CommentAction\",\"name\":\"Comment\",\"target\":[\"https:\\\/\\\/www.24gliwice.pl\\\/wiadomosci\\\/gliwiccy-radni-wystosowali-apel-do-premiera-prosza-o-objecie-miasta-programem-przeciwsmogowym\\\/#respond\"]}]},{\"@type\":\"WebPage\",\"@id\":\"https:\\\/\\\/www.24gliwice.pl\\\/wiadomosci\\\/gliwiccy-radni-wystosowali-apel-do-premiera-prosza-o-objecie-miasta-programem-przeciwsmogowym\\\/\",\"url\":\"https:\\\/\\\/www.24gliwice.pl\\\/wiadomosci\\\/gliwiccy-radni-wystosowali-apel-do-premiera-prosza-o-objecie-miasta-programem-przeciwsmogowym\\\/\",\"name\":\"Gliwiccy radni wystosowali apel do premiera. Prosz\u0105 o obj\u0119cie miasta programem przeciwsmogowym - 24GLIWICE - Portal Gliwice | codziennie nowe informacje\",\"isPartOf\":{\"@id\":\"https:\\\/\\\/www.24gliwice.pl\\\/wiadomosci\\\/#website\"},\"primaryImageOfPage\":{\"@id\":\"https:\\\/\\\/www.24gliwice.pl\\\/wiadomosci\\\/gliwiccy-radni-wystosowali-apel-do-premiera-prosza-o-objecie-miasta-programem-przeciwsmogowym\\\/#primaryimage\"},\"image\":{\"@id\":\"https:\\\/\\\/www.24gliwice.pl\\\/wiadomosci\\\/gliwiccy-radni-wystosowali-apel-do-premiera-prosza-o-objecie-miasta-programem-przeciwsmogowym\\\/#primaryimage\"},\"thumbnailUrl\":\"https:\\\/\\\/www.24gliwice.pl\\\/wiadomosci\\\/wp-content\\\/uploads\\\/2017\\\/11\\\/dym-smog-komin.jpg\",\"datePublished\":\"2018-03-26T11:07:54+00:00\",\"dateModified\":\"2018-03-26T12:38:43+00:00\",\"breadcrumb\":{\"@id\":\"https:\\\/\\\/www.24gliwice.pl\\\/wiadomosci\\\/gliwiccy-radni-wystosowali-apel-do-premiera-prosza-o-objecie-miasta-programem-przeciwsmogowym\\\/#breadcrumb\"},\"inLanguage\":\"pl-PL\",\"potentialAction\":[{\"@type\":\"ReadAction\",\"target\":[\"https:\\\/\\\/www.24gliwice.pl\\\/wiadomosci\\\/gliwiccy-radni-wystosowali-apel-do-premiera-prosza-o-objecie-miasta-programem-przeciwsmogowym\\\/\"]}]},{\"@type\":\"ImageObject\",\"inLanguage\":\"pl-PL\",\"@id\":\"https:\\\/\\\/www.24gliwice.pl\\\/wiadomosci\\\/gliwiccy-radni-wystosowali-apel-do-premiera-prosza-o-objecie-miasta-programem-przeciwsmogowym\\\/#primaryimage\",\"url\":\"https:\\\/\\\/www.24gliwice.pl\\\/wiadomosci\\\/wp-content\\\/uploads\\\/2017\\\/11\\\/dym-smog-komin.jpg\",\"contentUrl\":\"https:\\\/\\\/www.24gliwice.pl\\\/wiadomosci\\\/wp-content\\\/uploads\\\/2017\\\/11\\\/dym-smog-komin.jpg\",\"width\":784,\"height\":426},{\"@type\":\"BreadcrumbList\",\"@id\":\"https:\\\/\\\/www.24gliwice.pl\\\/wiadomosci\\\/gliwiccy-radni-wystosowali-apel-do-premiera-prosza-o-objecie-miasta-programem-przeciwsmogowym\\\/#breadcrumb\",\"itemListElement\":[{\"@type\":\"ListItem\",\"position\":1,\"name\":\"Strona g\u0142\u00f3wna\",\"item\":\"https:\\\/\\\/www.24gliwice.pl\\\/wiadomosci\\\/\"},{\"@type\":\"ListItem\",\"position\":2,\"name\":\"Gliwiccy radni wystosowali apel do premiera. Prosz\u0105 o obj\u0119cie miasta programem przeciwsmogowym\"}]},{\"@type\":\"WebSite\",\"@id\":\"https:\\\/\\\/www.24gliwice.pl\\\/wiadomosci\\\/#website\",\"url\":\"https:\\\/\\\/www.24gliwice.pl\\\/wiadomosci\\\/\",\"name\":\"24GLIWICE - Portal Gliwice | codziennie nowe wiadomo\u015bci\",\"description\":\"Portal Miejski Gliwice\",\"publisher\":{\"@id\":\"https:\\\/\\\/www.24gliwice.pl\\\/wiadomosci\\\/#organization\"},\"potentialAction\":[{\"@type\":\"SearchAction\",\"target\":{\"@type\":\"EntryPoint\",\"urlTemplate\":\"https:\\\/\\\/www.24gliwice.pl\\\/wiadomosci\\\/?s={search_term_string}\"},\"query-input\":{\"@type\":\"PropertyValueSpecification\",\"valueRequired\":true,\"valueName\":\"search_term_string\"}}],\"inLanguage\":\"pl-PL\"},{\"@type\":\"Organization\",\"@id\":\"https:\\\/\\\/www.24gliwice.pl\\\/wiadomosci\\\/#organization\",\"name\":\"24gliwice\",\"url\":\"https:\\\/\\\/www.24gliwice.pl\\\/wiadomosci\\\/\",\"logo\":{\"@type\":\"ImageObject\",\"inLanguage\":\"pl-PL\",\"@id\":\"https:\\\/\\\/www.24gliwice.pl\\\/wiadomosci\\\/#\\\/schema\\\/logo\\\/image\\\/\",\"url\":\"https:\\\/\\\/www.24gliwice.pl\\\/wiadomosci\\\/wp-content\\\/uploads\\\/2024\\\/10\\\/24gliwice-logo-696.jpg\",\"contentUrl\":\"https:\\\/\\\/www.24gliwice.pl\\\/wiadomosci\\\/wp-content\\\/uploads\\\/2024\\\/10\\\/24gliwice-logo-696.jpg\",\"width\":696,\"height\":696,\"caption\":\"24gliwice\"},\"image\":{\"@id\":\"https:\\\/\\\/www.24gliwice.pl\\\/wiadomosci\\\/#\\\/schema\\\/logo\\\/image\\\/\"},\"sameAs\":[\"https:\\\/\\\/www.facebook.com\\\/24gliwice\",\"https:\\\/\\\/x.com\\\/24gliwice\",\"https:\\\/\\\/www.youtube.com\\\/@24gliwice\"]},{\"@type\":\"Person\",\"@id\":\"https:\\\/\\\/www.24gliwice.pl\\\/wiadomosci\\\/#\\\/schema\\\/person\\\/e42c650edd7f2fa332be3811fb166b6e\",\"name\":\"\u017baneta Mrozek-Siewierska\",\"image\":{\"@type\":\"ImageObject\",\"inLanguage\":\"pl-PL\",\"@id\":\"https:\\\/\\\/secure.gravatar.com\\\/avatar\\\/1881429e9c64597c77ad7aef2d0a19be69a3253e57534d16aa15bf3a4d34a0a3?s=96&d=mm&r=g\",\"url\":\"https:\\\/\\\/secure.gravatar.com\\\/avatar\\\/1881429e9c64597c77ad7aef2d0a19be69a3253e57534d16aa15bf3a4d34a0a3?s=96&d=mm&r=g\",\"contentUrl\":\"https:\\\/\\\/secure.gravatar.com\\\/avatar\\\/1881429e9c64597c77ad7aef2d0a19be69a3253e57534d16aa15bf3a4d34a0a3?s=96&d=mm&r=g\",\"caption\":\"\u017baneta Mrozek-Siewierska\"},\"url\":\"https:\\\/\\\/www.24gliwice.pl\\\/wiadomosci\\\/author\\\/zms\\\/\"}]}<\/script>\n<!-- \/ Yoast SEO plugin. -->","yoast_head_json":{"title":"Gliwiccy radni wystosowali apel do premiera. Prosz\u0105 o obj\u0119cie miasta programem przeciwsmogowym - 24GLIWICE - Portal Gliwice | codziennie nowe informacje","robots":{"index":"index","follow":"follow","max-snippet":"max-snippet:-1","max-image-preview":"max-image-preview:large","max-video-preview":"max-video-preview:-1"},"canonical":"https:\/\/www.24gliwice.pl\/wiadomosci\/gliwiccy-radni-wystosowali-apel-do-premiera-prosza-o-objecie-miasta-programem-przeciwsmogowym\/","og_locale":"pl_PL","og_type":"article","og_title":"Gliwiccy radni wystosowali apel do premiera. Prosz\u0105 o obj\u0119cie miasta programem przeciwsmogowym - 24GLIWICE - Portal Gliwice | codziennie nowe informacje","og_description":"Gliwice nie zosta\u0142y obj\u0119te rz\u0105dowym programem zwalczania smogu, do kt\u00f3rego kwalifikuj\u0105 si\u0119 miejscowo\u015bci poni\u017cej 100 tysi\u0119cy mieszka\u0144c\u00f3w. Paradoksalnie &#8211; gdy\u017c nasze miasto znalaz\u0142o si\u0119 w\u015br\u00f3d 50. najbardziej zanieczyszczonych w Europie. &#8220;Smog nie zna granic, nie wybiera i dla wszystkich jest tak samo szkodliwy, uci\u0105\u017cliwy i utrudniaj\u0105cy normalne \u017cycie&#8221; &#8211; pisz\u0105 radni w apelu do premiera [&hellip;]","og_url":"https:\/\/www.24gliwice.pl\/wiadomosci\/gliwiccy-radni-wystosowali-apel-do-premiera-prosza-o-objecie-miasta-programem-przeciwsmogowym\/","og_site_name":"24GLIWICE - Portal Gliwice | codziennie nowe informacje","article_publisher":"https:\/\/www.facebook.com\/24gliwice","article_published_time":"2018-03-26T11:07:54+00:00","article_modified_time":"2018-03-26T12:38:43+00:00","og_image":[{"width":784,"height":426,"url":"https:\/\/www.24gliwice.pl\/wiadomosci\/wp-content\/uploads\/2017\/11\/dym-smog-komin.jpg","type":"image\/jpeg"}],"author":"\u017baneta Mrozek-Siewierska","twitter_card":"summary_large_image","twitter_creator":"@24gliwice","twitter_site":"@24gliwice","twitter_misc":{"Napisane przez":"\u017baneta Mrozek-Siewierska","Szacowany czas czytania":"1 minuta"},"schema":{"@context":"https:\/\/schema.org","@graph":[{"@type":"Article","@id":"https:\/\/www.24gliwice.pl\/wiadomosci\/gliwiccy-radni-wystosowali-apel-do-premiera-prosza-o-objecie-miasta-programem-przeciwsmogowym\/#article","isPartOf":{"@id":"https:\/\/www.24gliwice.pl\/wiadomosci\/gliwiccy-radni-wystosowali-apel-do-premiera-prosza-o-objecie-miasta-programem-przeciwsmogowym\/"},"author":{"name":"\u017baneta Mrozek-Siewierska","@id":"https:\/\/www.24gliwice.pl\/wiadomosci\/#\/schema\/person\/e42c650edd7f2fa332be3811fb166b6e"},"headline":"Gliwiccy radni wystosowali apel do premiera. Prosz\u0105 o obj\u0119cie miasta programem przeciwsmogowym","datePublished":"2018-03-26T11:07:54+00:00","dateModified":"2018-03-26T12:38:43+00:00","mainEntityOfPage":{"@id":"https:\/\/www.24gliwice.pl\/wiadomosci\/gliwiccy-radni-wystosowali-apel-do-premiera-prosza-o-objecie-miasta-programem-przeciwsmogowym\/"},"wordCount":269,"commentCount":0,"publisher":{"@id":"https:\/\/www.24gliwice.pl\/wiadomosci\/#organization"},"image":{"@id":"https:\/\/www.24gliwice.pl\/wiadomosci\/gliwiccy-radni-wystosowali-apel-do-premiera-prosza-o-objecie-miasta-programem-przeciwsmogowym\/#primaryimage"},"thumbnailUrl":"https:\/\/www.24gliwice.pl\/wiadomosci\/wp-content\/uploads\/2017\/11\/dym-smog-komin.jpg","keywords":["apel do premiera","program termomodernizacji","SMOG","termomodernizacja","uchwa\u0142a antysmogowa","zanieczyszczenie powietrza"],"articleSection":["Gliwice","Najnowsze wiadomo\u015bci","Portal Gliwice - Wiadomo\u015bci lokalne","Samorz\u0105d, polityka"],"inLanguage":"pl-PL","potentialAction":[{"@type":"CommentAction","name":"Comment","target":["https:\/\/www.24gliwice.pl\/wiadomosci\/gliwiccy-radni-wystosowali-apel-do-premiera-prosza-o-objecie-miasta-programem-przeciwsmogowym\/#respond"]}]},{"@type":"WebPage","@id":"https:\/\/www.24gliwice.pl\/wiadomosci\/gliwiccy-radni-wystosowali-apel-do-premiera-prosza-o-objecie-miasta-programem-przeciwsmogowym\/","url":"https:\/\/www.24gliwice.pl\/wiadomosci\/gliwiccy-radni-wystosowali-apel-do-premiera-prosza-o-objecie-miasta-programem-przeciwsmogowym\/","name":"Gliwiccy radni wystosowali apel do premiera. Prosz\u0105 o obj\u0119cie miasta programem przeciwsmogowym - 24GLIWICE - Portal Gliwice | codziennie nowe informacje","isPartOf":{"@id":"https:\/\/www.24gliwice.pl\/wiadomosci\/#website"},"primaryImageOfPage":{"@id":"https:\/\/www.24gliwice.pl\/wiadomosci\/gliwiccy-radni-wystosowali-apel-do-premiera-prosza-o-objecie-miasta-programem-przeciwsmogowym\/#primaryimage"},"image":{"@id":"https:\/\/www.24gliwice.pl\/wiadomosci\/gliwiccy-radni-wystosowali-apel-do-premiera-prosza-o-objecie-miasta-programem-przeciwsmogowym\/#primaryimage"},"thumbnailUrl":"https:\/\/www.24gliwice.pl\/wiadomosci\/wp-content\/uploads\/2017\/11\/dym-smog-komin.jpg","datePublished":"2018-03-26T11:07:54+00:00","dateModified":"2018-03-26T12:38:43+00:00","breadcrumb":{"@id":"https:\/\/www.24gliwice.pl\/wiadomosci\/gliwiccy-radni-wystosowali-apel-do-premiera-prosza-o-objecie-miasta-programem-przeciwsmogowym\/#breadcrumb"},"inLanguage":"pl-PL","potentialAction":[{"@type":"ReadAction","target":["https:\/\/www.24gliwice.pl\/wiadomosci\/gliwiccy-radni-wystosowali-apel-do-premiera-prosza-o-objecie-miasta-programem-przeciwsmogowym\/"]}]},{"@type":"ImageObject","inLanguage":"pl-PL","@id":"https:\/\/www.24gliwice.pl\/wiadomosci\/gliwiccy-radni-wystosowali-apel-do-premiera-prosza-o-objecie-miasta-programem-przeciwsmogowym\/#primaryimage","url":"https:\/\/www.24gliwice.pl\/wiadomosci\/wp-content\/uploads\/2017\/11\/dym-smog-komin.jpg","contentUrl":"https:\/\/www.24gliwice.pl\/wiadomosci\/wp-content\/uploads\/2017\/11\/dym-smog-komin.jpg","width":784,"height":426},{"@type":"BreadcrumbList","@id":"https:\/\/www.24gliwice.pl\/wiadomosci\/gliwiccy-radni-wystosowali-apel-do-premiera-prosza-o-objecie-miasta-programem-przeciwsmogowym\/#breadcrumb","itemListElement":[{"@type":"ListItem","position":1,"name":"Strona g\u0142\u00f3wna","item":"https:\/\/www.24gliwice.pl\/wiadomosci\/"},{"@type":"ListItem","position":2,"name":"Gliwiccy radni wystosowali apel do premiera. Prosz\u0105 o obj\u0119cie miasta programem przeciwsmogowym"}]},{"@type":"WebSite","@id":"https:\/\/www.24gliwice.pl\/wiadomosci\/#website","url":"https:\/\/www.24gliwice.pl\/wiadomosci\/","name":"24GLIWICE - Portal Gliwice | codziennie nowe wiadomo\u015bci","description":"Portal Miejski Gliwice","publisher":{"@id":"https:\/\/www.24gliwice.pl\/wiadomosci\/#organization"},"potentialAction":[{"@type":"SearchAction","target":{"@type":"EntryPoint","urlTemplate":"https:\/\/www.24gliwice.pl\/wiadomosci\/?s={search_term_string}"},"query-input":{"@type":"PropertyValueSpecification","valueRequired":true,"valueName":"search_term_string"}}],"inLanguage":"pl-PL"},{"@type":"Organization","@id":"https:\/\/www.24gliwice.pl\/wiadomosci\/#organization","name":"24gliwice","url":"https:\/\/www.24gliwice.pl\/wiadomosci\/","logo":{"@type":"ImageObject","inLanguage":"pl-PL","@id":"https:\/\/www.24gliwice.pl\/wiadomosci\/#\/schema\/logo\/image\/","url":"https:\/\/www.24gliwice.pl\/wiadomosci\/wp-content\/uploads\/2024\/10\/24gliwice-logo-696.jpg","contentUrl":"https:\/\/www.24gliwice.pl\/wiadomosci\/wp-content\/uploads\/2024\/10\/24gliwice-logo-696.jpg","width":696,"height":696,"caption":"24gliwice"},"image":{"@id":"https:\/\/www.24gliwice.pl\/wiadomosci\/#\/schema\/logo\/image\/"},"sameAs":["https:\/\/www.facebook.com\/24gliwice","https:\/\/x.com\/24gliwice","https:\/\/www.youtube.com\/@24gliwice"]},{"@type":"Person","@id":"https:\/\/www.24gliwice.pl\/wiadomosci\/#\/schema\/person\/e42c650edd7f2fa332be3811fb166b6e","name":"\u017baneta Mrozek-Siewierska","image":{"@type":"ImageObject","inLanguage":"pl-PL","@id":"https:\/\/secure.gravatar.com\/avatar\/1881429e9c64597c77ad7aef2d0a19be69a3253e57534d16aa15bf3a4d34a0a3?s=96&d=mm&r=g","url":"https:\/\/secure.gravatar.com\/avatar\/1881429e9c64597c77ad7aef2d0a19be69a3253e57534d16aa15bf3a4d34a0a3?s=96&d=mm&r=g","contentUrl":"https:\/\/secure.gravatar.com\/avatar\/1881429e9c64597c77ad7aef2d0a19be69a3253e57534d16aa15bf3a4d34a0a3?s=96&d=mm&r=g","caption":"\u017baneta Mrozek-Siewierska"},"url":"https:\/\/www.24gliwice.pl\/wiadomosci\/author\/zms\/"}]}},"_links":{"self":[{"href":"https:\/\/www.24gliwice.pl\/wiadomosci\/wp-json\/wp\/v2\/posts\/114632","targetHints":{"allow":["GET"]}}],"collection":[{"href":"https:\/\/www.24gliwice.pl\/wiadomosci\/wp-json\/wp\/v2\/posts"}],"about":[{"href":"https:\/\/www.24gliwice.pl\/wiadomosci\/wp-json\/wp\/v2\/types\/post"}],"author":[{"embeddable":true,"href":"https:\/\/www.24gliwice.pl\/wiadomosci\/wp-json\/wp\/v2\/users\/15"}],"replies":[{"embeddable":true,"href":"https:\/\/www.24gliwice.pl\/wiadomosci\/wp-json\/wp\/v2\/comments?post=114632"}],"version-history":[{"count":0,"href":"https:\/\/www.24gliwice.pl\/wiadomosci\/wp-json\/wp\/v2\/posts\/114632\/revisions"}],"wp:featuredmedia":[{"embeddable":true,"href":"https:\/\/www.24gliwice.pl\/wiadomosci\/wp-json\/wp\/v2\/media\/108253"}],"wp:attachment":[{"href":"https:\/\/www.24gliwice.pl\/wiadomosci\/wp-json\/wp\/v2\/media?parent=114632"}],"wp:term":[{"taxonomy":"category","embeddable":true,"href":"https:\/\/www.24gliwice.pl\/wiadomosci\/wp-json\/wp\/v2\/categories?post=114632"},{"taxonomy":"post_tag","embeddable":true,"href":"https:\/\/www.24gliwice.pl\/wiadomosci\/wp-json\/wp\/v2\/tags?post=114632"}],"curies":[{"name":"wp","href":"https:\/\/api.w.org\/{rel}","templated":true}]}}